{"id":29456,"date":"2020-12-29T08:19:12","date_gmt":"2020-12-29T07:19:12","guid":{"rendered":"http:\/\/dorogimedence.hu\/?p=29456"},"modified":"2020-12-29T08:19:31","modified_gmt":"2020-12-29T07:19:31","slug":"ket-vadiratot-is-benyujtottak-a-gyermeket-veszelyezteto-apaval-szemben","status":"publish","type":"post","link":"https:\/\/dorogimedence.hu\/index.php\/2020\/12\/29\/ket-vadiratot-is-benyujtottak-a-gyermeket-veszelyezteto-apaval-szemben\/","title":{"rendered":"K\u00e9t v\u00e1diratot is beny\u00fajtottak a gyermek\u00e9t vesz\u00e9lyeztet\u0151 ap\u00e1val szemben"},"content":{"rendered":"<p><strong>Az Esztergomi J\u00e1r\u00e1si \u00dcgy\u00e9szs\u00e9g el\u0151bb tizenk\u00e9t rendbeli vagyon elleni b\u0171ncselekm\u00e9ny, lop\u00e1s \u00e9s sikkaszt\u00e1s miatt, majd mintegy h\u00e1rom h\u00e9t m\u00falva kiskor\u00fa vesz\u00e9lyeztet\u00e9s\u00e9nek b\u0171ntette miatt is v\u00e1diratot ny\u00fajtott be azzal az ap\u00e1val szemben, aki egyr\u00e9szt s\u00falyosan elhanyagolta sz\u00fcl\u0151i k\u00f6telezetts\u00e9geit, m\u00e1sr\u00e9szt a lop\u00e1sok helysz\u00edneire gyermek\u00e9t is mag\u00e1val vitte.<\/strong><\/p>\n<p>Az egyik v\u00e1dirat szerint a f\u00e9rfi tizenegy rendbeli lop\u00e1st k\u00f6vetett el 2018. augusztus, szeptember, okt\u00f3ber h\u00f3napokban Dorog, T\u00e1t, Tokod-\u00dcveggy\u00e1r, Nyerges\u00fajfalu ter\u00fclet\u00e9n. A f\u00e9rfi hat esetben g\u00e1zolajat lopott \u00fagy, hogy a munkag\u00e9pek, teherg\u00e9pkocsik \u00fczemanyag tart\u00e1ly\u00e1b\u00f3l azt lesz\u00edvta, ev\u00e9gett h\u00e1rom telephelyre \u00e9s egy \u00e9p\u00edt\u00e9si ter\u00fcletre hatolt be. A legs\u00falyosabb esetben a f\u00e9rfi 2018. okt\u00f3ber\u00e9ben egy t\u00e1ti csal\u00e1di h\u00e1zb\u00f3l h\u00e1ztart\u00e1si eszk\u00f6z\u00f6ket tulajdon\u00edtott el 301.450,- Ft \u00e9rt\u00e9kben. A sikkaszt\u00e1st a f\u00e9rfi azzal k\u00f6vette el, hogy a munkahely\u00e9n sz\u00e1ll\u00edt\u00e1s v\u00e9gett r\u00e1b\u00edzott \u00f6mlesztett cukorb\u00f3l 24 darab, egyenk\u00e9nt 25 kg-os zs\u00e1kot eltulajdon\u00edtott.<\/p>\n<p>A m\u00e1sik v\u00e1dirat szerint a f\u00e9rfi 2017. \u00e9vt\u0151l elhanyagolta a kiskor\u00fa gyermek\u00e9t, nem seg\u00edtett neki tanulm\u00e1nyaiban, az iskol\u00e1val kapcsolatot nem tartott, kifejezett k\u00e9r\u00e9s ellen\u00e9re nem ment sem sz\u00fcl\u0151i \u00e9rtekezletre, sem fogad\u00f3\u00f3r\u00e1kra. A f\u00e9rfi a gyermeke tov\u00e1bbtanul\u00e1s\u00e1val kapcsolatos iratait nem \u00edrta al\u00e1, ezzel a gyermek tov\u00e1bbtanul\u00e1s\u00e1t vesz\u00e9lyeztette. A v\u00e1dlott a gyermek\u00e9t t\u00f6bbsz\u00f6r felpofozta, vele agressz\u00edv volt, nem biztos\u00edtott olyan csal\u00e1di l\u00e9gk\u00f6rt, amely a gyermek eg\u00e9szs\u00e9ges \u00e9rzelmi \u00e9s erk\u00f6lcsi fejl\u0151d\u00e9s\u00e9hez sz\u00fcks\u00e9ges.<\/p>\n<p>A f\u00e9rfi a lop\u00e1sok helysz\u00edneire az akkor 14. \u00e9let\u00e9v\u00e9t alig bet\u00f6lt\u00f6tt, az apj\u00e1t\u00f3l val\u00f3 f\u00e9lelm\u00e9ben \u00f6n\u00e1ll\u00f3 akarat tan\u00fas\u00edt\u00e1s\u00e1ra k\u00e9ptelen gyermek\u00e9t is mag\u00e1val vitte.<\/p>\n<p><strong>Az \u00fcgy\u00e9szs\u00e9g ind\u00edtv\u00e1nyozta, hogy az Esztergomi J\u00e1r\u00e1sb\u00edr\u00f3s\u00e1g a k\u00e9t \u00fcgyet egyes\u00edtse, a f\u00e9rfit b\u00f6rt\u00f6nb\u00fcntet\u00e9sre \u00e9s k\u00f6z\u00fcgyekt\u0151l eltilt\u00e1sra \u00edt\u00e9lje.<\/strong><\/p>\n<p><em>Forr\u00e1s: Kom\u00e1rom-Esztergom Megyei F\u0151\u00fcgy\u00e9szs\u00e9g Sajt\u00f3<\/em><\/p>\n","protected":false},"excerpt":{"rendered":"<p>Az Esztergomi J\u00e1r\u00e1si \u00dcgy\u00e9szs\u00e9g el\u0151bb tizenk\u00e9t rendbeli vagyon elleni b\u0171ncselekm\u00e9ny, lop\u00e1s \u00e9s sikkaszt\u00e1s miatt, majd mintegy h\u00e1rom h\u00e9t m\u00falva kiskor\u00fa vesz\u00e9lyeztet\u00e9s\u00e9nek b\u0171ntette miatt is v\u00e1diratot ny\u00fajtott be azzal az ap\u00e1val szemben, aki egyr\u00e9szt s\u00falyosan elhanyagolta sz\u00fcl\u0151i k\u00f6telezetts\u00e9geit, m\u00e1sr\u00e9szt a lop\u00e1sok helysz\u00edneire gyermek\u00e9t is mag\u00e1val vitte. Az egyik v\u00e1dirat szerint a f\u00e9rfi tizenegy rendbeli lop\u00e1st k\u00f6vetett<\/p>\n","protected":false},"author":1,"featured_media":0,"comment_status":"closed","ping_status":"closed","sticky":false,"template":"","format":"standard","meta":{"ngg_post_thumbnail":0,"footnotes":""},"categories":[2,38,3,39,1390,110,6],"tags":[1042,63,447,326],"class_list":{"0":"post-29456","1":"post","2":"type-post","3":"status-publish","4":"format-standard","6":"category-dorog","7":"category-esztergom","8":"category-hirek","9":"category-kek-hirek","10":"category-nyergesujfalu","11":"category-tat","12":"category-tokod","13":"tag-birosag","14":"tag-buncselekmeny","15":"tag-lopas","16":"tag-ugyeszseg"},"yoast_head":"<!-- This site is optimized with the Yoast SEO plugin v27.5 - https:\/\/yoast.com\/product\/yoast-seo-wordpress\/ -->\n<title>K\u00e9t v\u00e1diratot is beny\u00fajtottak a gyermek\u00e9t vesz\u00e9lyeztet\u0151 ap\u00e1val szemben<\/title>\n<meta name=\"robots\" content=\"index, follow, max-snippet:-1, max-image-preview:large, max-video-preview:-1\" \/>\n<link rel=\"canonical\" href=\"https:\/\/dorogimedence.hu\/index.php\/2020\/12\/29\/ket-vadiratot-is-benyujtottak-a-gyermeket-veszelyezteto-apaval-szemben\/\" class=\"yoast-seo-meta-tag\" \/>\n<meta property=\"og:locale\" content=\"hu_HU\" class=\"yoast-seo-meta-tag\" \/>\n<meta property=\"og:type\" content=\"article\" class=\"yoast-seo-meta-tag\" \/>\n<meta property=\"og:title\" content=\"K\u00e9t v\u00e1diratot is beny\u00fajtottak a gyermek\u00e9t vesz\u00e9lyeztet\u0151 ap\u00e1val szemben\" class=\"yoast-seo-meta-tag\" \/>\n<meta property=\"og:description\" content=\"Az Esztergomi J\u00e1r\u00e1si \u00dcgy\u00e9szs\u00e9g el\u0151bb tizenk\u00e9t rendbeli vagyon elleni b\u0171ncselekm\u00e9ny, lop\u00e1s \u00e9s sikkaszt\u00e1s miatt, majd mintegy h\u00e1rom h\u00e9t m\u00falva kiskor\u00fa vesz\u00e9lyeztet\u00e9s\u00e9nek b\u0171ntette miatt is v\u00e1diratot ny\u00fajtott be azzal az ap\u00e1val szemben, aki egyr\u00e9szt s\u00falyosan elhanyagolta sz\u00fcl\u0151i k\u00f6telezetts\u00e9geit, m\u00e1sr\u00e9szt a lop\u00e1sok helysz\u00edneire gyermek\u00e9t is mag\u00e1val vitte. Az egyik v\u00e1dirat szerint a f\u00e9rfi tizenegy rendbeli lop\u00e1st k\u00f6vetett\" class=\"yoast-seo-meta-tag\" \/>\n<meta property=\"og:url\" content=\"https:\/\/dorogimedence.hu\/index.php\/2020\/12\/29\/ket-vadiratot-is-benyujtottak-a-gyermeket-veszelyezteto-apaval-szemben\/\" class=\"yoast-seo-meta-tag\" \/>\n<meta property=\"og:site_name\" content=\"Dorogi-medence Region\u00e1lis H\u00edrport\u00e1l\" class=\"yoast-seo-meta-tag\" \/>\n<meta property=\"article:publisher\" content=\"https:\/\/www.facebook.com\/dorogimedence\/\" class=\"yoast-seo-meta-tag\" \/>\n<meta property=\"article:published_time\" content=\"2020-12-29T07:19:12+00:00\" class=\"yoast-seo-meta-tag\" \/>\n<meta property=\"article:modified_time\" content=\"2020-12-29T07:19:31+00:00\" class=\"yoast-seo-meta-tag\" \/>\n<meta property=\"og:image\" content=\"https:\/\/i0.wp.com\/dorogimedence.hu\/wp-content\/uploads\/2020\/08\/biro.jpg?fit=830%2C450&ssl=1\" class=\"yoast-seo-meta-tag\" \/>\n\t<meta property=\"og:image:width\" content=\"830\" class=\"yoast-seo-meta-tag\" \/>\n\t<meta property=\"og:image:height\" content=\"450\" class=\"yoast-seo-meta-tag\" \/>\n\t<meta property=\"og:image:type\" content=\"image\/jpeg\" class=\"yoast-seo-meta-tag\" \/>\n<meta name=\"author\" content=\"dorogimedence.hu\" class=\"yoast-seo-meta-tag\" \/>\n<meta name=\"twitter:card\" content=\"summary_large_image\" class=\"yoast-seo-meta-tag\" \/>\n<meta name=\"twitter:label1\" content=\"Szerz\u0151:\" class=\"yoast-seo-meta-tag\" \/>\n\t<meta name=\"twitter:data1\" content=\"dorogimedence.hu\" class=\"yoast-seo-meta-tag\" \/>\n\t<meta name=\"twitter:label2\" content=\"Becs\u00fclt olvas\u00e1si id\u0151\" class=\"yoast-seo-meta-tag\" \/>\n\t<meta name=\"twitter:data2\" content=\"2 perc\" class=\"yoast-seo-meta-tag\" \/>\n<script type=\"application\/ld+json\" class=\"yoast-schema-graph\">{\"@context\":\"https:\\\/\\\/schema.org\",\"@graph\":[{\"@type\":\"Article\",\"@id\":\"https:\\\/\\\/dorogimedence.hu\\\/index.php\\\/2020\\\/12\\\/29\\\/ket-vadiratot-is-benyujtottak-a-gyermeket-veszelyezteto-apaval-szemben\\\/#article\",\"isPartOf\":{\"@id\":\"https:\\\/\\\/dorogimedence.hu\\\/index.php\\\/2020\\\/12\\\/29\\\/ket-vadiratot-is-benyujtottak-a-gyermeket-veszelyezteto-apaval-szemben\\\/\"},\"author\":{\"name\":\"dorogimedence.hu\",\"@id\":\"https:\\\/\\\/dorogimedence.hu\\\/#\\\/schema\\\/person\\\/ce6091eeb7e95ecdc87890d6aa8e0fd4\"},\"headline\":\"K\u00e9t v\u00e1diratot is beny\u00fajtottak a gyermek\u00e9t vesz\u00e9lyeztet\u0151 ap\u00e1val szemben\",\"datePublished\":\"2020-12-29T07:19:12+00:00\",\"dateModified\":\"2020-12-29T07:19:31+00:00\",\"mainEntityOfPage\":{\"@id\":\"https:\\\/\\\/dorogimedence.hu\\\/index.php\\\/2020\\\/12\\\/29\\\/ket-vadiratot-is-benyujtottak-a-gyermeket-veszelyezteto-apaval-szemben\\\/\"},\"wordCount\":424,\"publisher\":{\"@id\":\"https:\\\/\\\/dorogimedence.hu\\\/#organization\"},\"keywords\":[\"b\u00edr\u00f3s\u00e1g\",\"b\u0171ncselekm\u00e9ny\",\"lop\u00e1s\",\"\u00fcgy\u00e9szs\u00e9g\"],\"articleSection\":[\"Dorog\",\"Esztergom\",\"H\u00edrek\",\"K\u00e9k h\u00edrek\",\"Nyerges\u00fajfalu\",\"T\u00e1t\",\"Tokod\"],\"inLanguage\":\"hu\"},{\"@type\":\"WebPage\",\"@id\":\"https:\\\/\\\/dorogimedence.hu\\\/index.php\\\/2020\\\/12\\\/29\\\/ket-vadiratot-is-benyujtottak-a-gyermeket-veszelyezteto-apaval-szemben\\\/\",\"url\":\"https:\\\/\\\/dorogimedence.hu\\\/index.php\\\/2020\\\/12\\\/29\\\/ket-vadiratot-is-benyujtottak-a-gyermeket-veszelyezteto-apaval-szemben\\\/\",\"name\":\"K\u00e9t v\u00e1diratot is beny\u00fajtottak a gyermek\u00e9t vesz\u00e9lyeztet\u0151 ap\u00e1val szemben\",\"isPartOf\":{\"@id\":\"https:\\\/\\\/dorogimedence.hu\\\/#website\"},\"datePublished\":\"2020-12-29T07:19:12+00:00\",\"dateModified\":\"2020-12-29T07:19:31+00:00\",\"breadcrumb\":{\"@id\":\"https:\\\/\\\/dorogimedence.hu\\\/index.php\\\/2020\\\/12\\\/29\\\/ket-vadiratot-is-benyujtottak-a-gyermeket-veszelyezteto-apaval-szemben\\\/#breadcrumb\"},\"inLanguage\":\"hu\",\"potentialAction\":[{\"@type\":\"ReadAction\",\"target\":[\"https:\\\/\\\/dorogimedence.hu\\\/index.php\\\/2020\\\/12\\\/29\\\/ket-vadiratot-is-benyujtottak-a-gyermeket-veszelyezteto-apaval-szemben\\\/\"]}]},{\"@type\":\"BreadcrumbList\",\"@id\":\"https:\\\/\\\/dorogimedence.hu\\\/index.php\\\/2020\\\/12\\\/29\\\/ket-vadiratot-is-benyujtottak-a-gyermeket-veszelyezteto-apaval-szemben\\\/#breadcrumb\",\"itemListElement\":[{\"@type\":\"ListItem\",\"position\":1,\"name\":\"Kezd\u0151lap\",\"item\":\"https:\\\/\\\/dorogimedence.hu\\\/\"},{\"@type\":\"ListItem\",\"position\":2,\"name\":\"K\u00e9t v\u00e1diratot is beny\u00fajtottak a gyermek\u00e9t vesz\u00e9lyeztet\u0151 ap\u00e1val szemben\"}]},{\"@type\":\"WebSite\",\"@id\":\"https:\\\/\\\/dorogimedence.hu\\\/#website\",\"url\":\"https:\\\/\\\/dorogimedence.hu\\\/\",\"name\":\"Dorogi-medence Region\u00e1lis H\u00edrport\u00e1l\",\"description\":\"Dorog, Keszt\u00f6lc, Le\u00e1nyv\u00e1r, Piliscs\u00e9v, Tokod, Tokodalt\u00e1r\u00f3, Csolnok, Esztergom-kertv\u00e1ros: h\u00edrek, programok\",\"publisher\":{\"@id\":\"https:\\\/\\\/dorogimedence.hu\\\/#organization\"},\"potentialAction\":[{\"@type\":\"SearchAction\",\"target\":{\"@type\":\"EntryPoint\",\"urlTemplate\":\"https:\\\/\\\/dorogimedence.hu\\\/?s={search_term_string}\"},\"query-input\":{\"@type\":\"PropertyValueSpecification\",\"valueRequired\":true,\"valueName\":\"search_term_string\"}}],\"inLanguage\":\"hu\"},{\"@type\":\"Organization\",\"@id\":\"https:\\\/\\\/dorogimedence.hu\\\/#organization\",\"name\":\"Dorogi-medence Region\u00e1lis H\u00edrport\u00e1l\",\"url\":\"https:\\\/\\\/dorogimedence.hu\\\/\",\"logo\":{\"@type\":\"ImageObject\",\"inLanguage\":\"hu\",\"@id\":\"https:\\\/\\\/dorogimedence.hu\\\/#\\\/schema\\\/logo\\\/image\\\/\",\"url\":\"https:\\\/\\\/dorogimedence.hu\\\/wp-content\\\/uploads\\\/2021\\\/04\\\/logo-feher-600.png\",\"contentUrl\":\"https:\\\/\\\/dorogimedence.hu\\\/wp-content\\\/uploads\\\/2021\\\/04\\\/logo-feher-600.png\",\"width\":600,\"height\":100,\"caption\":\"Dorogi-medence Region\u00e1lis H\u00edrport\u00e1l\"},\"image\":{\"@id\":\"https:\\\/\\\/dorogimedence.hu\\\/#\\\/schema\\\/logo\\\/image\\\/\"},\"sameAs\":[\"https:\\\/\\\/www.facebook.com\\\/dorogimedence\\\/\"]},{\"@type\":\"Person\",\"@id\":\"https:\\\/\\\/dorogimedence.hu\\\/#\\\/schema\\\/person\\\/ce6091eeb7e95ecdc87890d6aa8e0fd4\",\"name\":\"dorogimedence.hu\",\"image\":{\"@type\":\"ImageObject\",\"inLanguage\":\"hu\",\"@id\":\"\\\/\\\/www.gravatar.com\\\/avatar\\\/d8d45f8901aadff40a4af72c0b826f1d?s=96&#038;r=g&#038;d=mm\",\"url\":\"\\\/\\\/www.gravatar.com\\\/avatar\\\/d8d45f8901aadff40a4af72c0b826f1d?s=96&#038;r=g&#038;d=mm\",\"contentUrl\":\"\\\/\\\/www.gravatar.com\\\/avatar\\\/d8d45f8901aadff40a4af72c0b826f1d?s=96&#038;r=g&#038;d=mm\",\"caption\":\"dorogimedence.hu\"}}]}<\/script>\n<!-- \/ Yoast SEO plugin. -->","yoast_head_json":{"title":"K\u00e9t v\u00e1diratot is beny\u00fajtottak a gyermek\u00e9t vesz\u00e9lyeztet\u0151 ap\u00e1val szemben","robots":{"index":"index","follow":"follow","max-snippet":"max-snippet:-1","max-image-preview":"max-image-preview:large","max-video-preview":"max-video-preview:-1"},"canonical":"https:\/\/dorogimedence.hu\/index.php\/2020\/12\/29\/ket-vadiratot-is-benyujtottak-a-gyermeket-veszelyezteto-apaval-szemben\/","og_locale":"hu_HU","og_type":"article","og_title":"K\u00e9t v\u00e1diratot is beny\u00fajtottak a gyermek\u00e9t vesz\u00e9lyeztet\u0151 ap\u00e1val szemben","og_description":"Az Esztergomi J\u00e1r\u00e1si \u00dcgy\u00e9szs\u00e9g el\u0151bb tizenk\u00e9t rendbeli vagyon elleni b\u0171ncselekm\u00e9ny, lop\u00e1s \u00e9s sikkaszt\u00e1s miatt, majd mintegy h\u00e1rom h\u00e9t m\u00falva kiskor\u00fa vesz\u00e9lyeztet\u00e9s\u00e9nek b\u0171ntette miatt is v\u00e1diratot ny\u00fajtott be azzal az ap\u00e1val szemben, aki egyr\u00e9szt s\u00falyosan elhanyagolta sz\u00fcl\u0151i k\u00f6telezetts\u00e9geit, m\u00e1sr\u00e9szt a lop\u00e1sok helysz\u00edneire gyermek\u00e9t is mag\u00e1val vitte. Az egyik v\u00e1dirat szerint a f\u00e9rfi tizenegy rendbeli lop\u00e1st k\u00f6vetett","og_url":"https:\/\/dorogimedence.hu\/index.php\/2020\/12\/29\/ket-vadiratot-is-benyujtottak-a-gyermeket-veszelyezteto-apaval-szemben\/","og_site_name":"Dorogi-medence Region\u00e1lis H\u00edrport\u00e1l","article_publisher":"https:\/\/www.facebook.com\/dorogimedence\/","article_published_time":"2020-12-29T07:19:12+00:00","article_modified_time":"2020-12-29T07:19:31+00:00","og_image":[{"width":830,"height":450,"url":"https:\/\/i0.wp.com\/dorogimedence.hu\/wp-content\/uploads\/2020\/08\/biro.jpg?fit=830%2C450&ssl=1","type":"image\/jpeg"}],"author":"dorogimedence.hu","twitter_card":"summary_large_image","twitter_misc":{"Szerz\u0151:":"dorogimedence.hu","Becs\u00fclt olvas\u00e1si id\u0151":"2 perc"},"schema":{"@context":"https:\/\/schema.org","@graph":[{"@type":"Article","@id":"https:\/\/dorogimedence.hu\/index.php\/2020\/12\/29\/ket-vadiratot-is-benyujtottak-a-gyermeket-veszelyezteto-apaval-szemben\/#article","isPartOf":{"@id":"https:\/\/dorogimedence.hu\/index.php\/2020\/12\/29\/ket-vadiratot-is-benyujtottak-a-gyermeket-veszelyezteto-apaval-szemben\/"},"author":{"name":"dorogimedence.hu","@id":"https:\/\/dorogimedence.hu\/#\/schema\/person\/ce6091eeb7e95ecdc87890d6aa8e0fd4"},"headline":"K\u00e9t v\u00e1diratot is beny\u00fajtottak a gyermek\u00e9t vesz\u00e9lyeztet\u0151 ap\u00e1val szemben","datePublished":"2020-12-29T07:19:12+00:00","dateModified":"2020-12-29T07:19:31+00:00","mainEntityOfPage":{"@id":"https:\/\/dorogimedence.hu\/index.php\/2020\/12\/29\/ket-vadiratot-is-benyujtottak-a-gyermeket-veszelyezteto-apaval-szemben\/"},"wordCount":424,"publisher":{"@id":"https:\/\/dorogimedence.hu\/#organization"},"keywords":["b\u00edr\u00f3s\u00e1g","b\u0171ncselekm\u00e9ny","lop\u00e1s","\u00fcgy\u00e9szs\u00e9g"],"articleSection":["Dorog","Esztergom","H\u00edrek","K\u00e9k h\u00edrek","Nyerges\u00fajfalu","T\u00e1t","Tokod"],"inLanguage":"hu"},{"@type":"WebPage","@id":"https:\/\/dorogimedence.hu\/index.php\/2020\/12\/29\/ket-vadiratot-is-benyujtottak-a-gyermeket-veszelyezteto-apaval-szemben\/","url":"https:\/\/dorogimedence.hu\/index.php\/2020\/12\/29\/ket-vadiratot-is-benyujtottak-a-gyermeket-veszelyezteto-apaval-szemben\/","name":"K\u00e9t v\u00e1diratot is beny\u00fajtottak a gyermek\u00e9t vesz\u00e9lyeztet\u0151 ap\u00e1val szemben","isPartOf":{"@id":"https:\/\/dorogimedence.hu\/#website"},"datePublished":"2020-12-29T07:19:12+00:00","dateModified":"2020-12-29T07:19:31+00:00","breadcrumb":{"@id":"https:\/\/dorogimedence.hu\/index.php\/2020\/12\/29\/ket-vadiratot-is-benyujtottak-a-gyermeket-veszelyezteto-apaval-szemben\/#breadcrumb"},"inLanguage":"hu","potentialAction":[{"@type":"ReadAction","target":["https:\/\/dorogimedence.hu\/index.php\/2020\/12\/29\/ket-vadiratot-is-benyujtottak-a-gyermeket-veszelyezteto-apaval-szemben\/"]}]},{"@type":"BreadcrumbList","@id":"https:\/\/dorogimedence.hu\/index.php\/2020\/12\/29\/ket-vadiratot-is-benyujtottak-a-gyermeket-veszelyezteto-apaval-szemben\/#breadcrumb","itemListElement":[{"@type":"ListItem","position":1,"name":"Kezd\u0151lap","item":"https:\/\/dorogimedence.hu\/"},{"@type":"ListItem","position":2,"name":"K\u00e9t v\u00e1diratot is beny\u00fajtottak a gyermek\u00e9t vesz\u00e9lyeztet\u0151 ap\u00e1val szemben"}]},{"@type":"WebSite","@id":"https:\/\/dorogimedence.hu\/#website","url":"https:\/\/dorogimedence.hu\/","name":"Dorogi-medence Region\u00e1lis H\u00edrport\u00e1l","description":"Dorog, Keszt\u00f6lc, Le\u00e1nyv\u00e1r, Piliscs\u00e9v, Tokod, Tokodalt\u00e1r\u00f3, Csolnok, Esztergom-kertv\u00e1ros: h\u00edrek, programok","publisher":{"@id":"https:\/\/dorogimedence.hu\/#organization"},"potentialAction":[{"@type":"SearchAction","target":{"@type":"EntryPoint","urlTemplate":"https:\/\/dorogimedence.hu\/?s={search_term_string}"},"query-input":{"@type":"PropertyValueSpecification","valueRequired":true,"valueName":"search_term_string"}}],"inLanguage":"hu"},{"@type":"Organization","@id":"https:\/\/dorogimedence.hu\/#organization","name":"Dorogi-medence Region\u00e1lis H\u00edrport\u00e1l","url":"https:\/\/dorogimedence.hu\/","logo":{"@type":"ImageObject","inLanguage":"hu","@id":"https:\/\/dorogimedence.hu\/#\/schema\/logo\/image\/","url":"https:\/\/dorogimedence.hu\/wp-content\/uploads\/2021\/04\/logo-feher-600.png","contentUrl":"https:\/\/dorogimedence.hu\/wp-content\/uploads\/2021\/04\/logo-feher-600.png","width":600,"height":100,"caption":"Dorogi-medence Region\u00e1lis H\u00edrport\u00e1l"},"image":{"@id":"https:\/\/dorogimedence.hu\/#\/schema\/logo\/image\/"},"sameAs":["https:\/\/www.facebook.com\/dorogimedence\/"]},{"@type":"Person","@id":"https:\/\/dorogimedence.hu\/#\/schema\/person\/ce6091eeb7e95ecdc87890d6aa8e0fd4","name":"dorogimedence.hu","image":{"@type":"ImageObject","inLanguage":"hu","@id":"\/\/www.gravatar.com\/avatar\/d8d45f8901aadff40a4af72c0b826f1d?s=96&#038;r=g&#038;d=mm","url":"\/\/www.gravatar.com\/avatar\/d8d45f8901aadff40a4af72c0b826f1d?s=96&#038;r=g&#038;d=mm","contentUrl":"\/\/www.gravatar.com\/avatar\/d8d45f8901aadff40a4af72c0b826f1d?s=96&#038;r=g&#038;d=mm","caption":"dorogimedence.hu"}}]}},"_links":{"self":[{"href":"https:\/\/dorogimedence.hu\/index.php\/wp-json\/wp\/v2\/posts\/29456","targetHints":{"allow":["GET"]}}],"collection":[{"href":"https:\/\/dorogimedence.hu\/index.php\/wp-json\/wp\/v2\/posts"}],"about":[{"href":"https:\/\/dorogimedence.hu\/index.php\/wp-json\/wp\/v2\/types\/post"}],"author":[{"embeddable":true,"href":"https:\/\/dorogimedence.hu\/index.php\/wp-json\/wp\/v2\/users\/1"}],"replies":[{"embeddable":true,"href":"https:\/\/dorogimedence.hu\/index.php\/wp-json\/wp\/v2\/comments?post=29456"}],"version-history":[{"count":0,"href":"https:\/\/dorogimedence.hu\/index.php\/wp-json\/wp\/v2\/posts\/29456\/revisions"}],"wp:attachment":[{"href":"https:\/\/dorogimedence.hu\/index.php\/wp-json\/wp\/v2\/media?parent=29456"}],"wp:term":[{"taxonomy":"category","embeddable":true,"href":"https:\/\/dorogimedence.hu\/index.php\/wp-json\/wp\/v2\/categories?post=29456"},{"taxonomy":"post_tag","embeddable":true,"href":"https:\/\/dorogimedence.hu\/index.php\/wp-json\/wp\/v2\/tags?post=29456"}],"curies":[{"name":"wp","href":"https:\/\/api.w.org\/{rel}","templated":true}]}}