{"id":29443,"date":"2020-12-28T12:37:35","date_gmt":"2020-12-28T11:37:35","guid":{"rendered":"http:\/\/dorogimedence.hu\/?p=29443"},"modified":"2020-12-28T12:38:18","modified_gmt":"2020-12-28T11:38:18","slug":"hamis-olasz-jogositvannyal-verte-at-az-esztergomi-okmanyirodat","status":"publish","type":"post","link":"https:\/\/dorogimedence.hu\/index.php\/2020\/12\/28\/hamis-olasz-jogositvannyal-verte-at-az-esztergomi-okmanyirodat\/","title":{"rendered":"Hamis olasz jogos\u00edtv\u00e1nnyal verte \u00e1t az esztergomi okm\u00e1nyirod\u00e1t"},"content":{"rendered":"<p><strong>Felf\u00fcggesztett b\u00f6rt\u00f6nb\u00fcntet\u00e9ssel meg\u00faszta tett\u00e9t az a f\u00e9rfi, aki mintegy h\u00e1rom \u00e9vvel ezel\u0151tt egy hamis olasz jogos\u00edtv\u00e1nyt cser\u00e9lt be magyarorsz\u00e1gi vezet\u0151i enged\u00e9lyre az esztergomi okm\u00e1nyirod\u00e1ban.<\/strong><em><br \/>\n<\/em><\/p>\n<p>A v\u00e1dirat szerint a f\u00e9rfi nem rendelkezik \u00e9rv\u00e9nyes g\u00e9pj\u00e1rm\u0171vezet\u0151i enged\u00e9llyel \u00e9s Magyarorsz\u00e1gon orvosi alkalmass\u00e1gi vizsg\u00e1laton sem vett r\u00e9szt. A v\u00e1dlott 2017. augusztus 08. napj\u00e1n megjelent az esztergomi okm\u00e1nyirod\u00e1ban, \u00e9s k\u00e9relmezte a nev\u00e9re sz\u00f3l\u00f3 olasz vezet\u0151i enged\u00e9ly magyar vezet\u0151i enged\u00e9lyre val\u00f3 cser\u00e9j\u00e9t. A kett\u0151s \u00e1llampolg\u00e1rs\u00e1g\u00fa f\u00e9rfi az \u00fcgyint\u00e9z\u0151nek \u00e1tadott egy hamis olasz vezet\u0151i enged\u00e9lyt, bemutatta a k\u00fclf\u00f6ldi szem\u00e9lyazonos\u00edt\u00f3 igazolv\u00e1ny\u00e1t \u00e9s a magyar lakc\u00edmk\u00e1rty\u00e1j\u00e1t, valamint \u00e1tadott egy eg\u00e9szs\u00e9gi alkalmass\u00e1got igazol\u00f3 hamis orvosi v\u00e9lem\u00e9nyt.<\/p>\n<p>A v\u00e1dlott \u00e1ltal beny\u00fajtott hamis iratok alapj\u00e1n ki\u00e1ll\u00edt\u00e1sra ker\u00fclt egy magyar vezet\u0151i enged\u00e9ly, amely azonban val\u00f3tlan tartalm\u00fa, mivel a v\u00e1dlott nem szerzett soha vezet\u0151i enged\u00e9ly ki\u00e1ll\u00edt\u00e1s\u00e1hoz jogosults\u00e1got.<\/p>\n<p>Az elk\u00f6vet\u0151vel szemben az Esztergomi J\u00e1r\u00e1sb\u00edr\u00f3s\u00e1g joger\u0151sen 1 \u00e9v 6 h\u00f3nap &#8211; v\u00e9grehajt\u00e1sban 2 \u00e9vre felf\u00fcggesztett &#8211; b\u00f6rt\u00f6nb\u00fcntet\u00e9st szabott ki.<\/p>\n<p><em>Forr\u00e1s: Kom\u00e1rom-Esztergom Megyei F\u0151\u00fcgy\u00e9szs\u00e9g Sajt\u00f3<\/em><\/p>\n","protected":false},"excerpt":{"rendered":"<p>Felf\u00fcggesztett b\u00f6rt\u00f6nb\u00fcntet\u00e9ssel meg\u00faszta tett\u00e9t az a f\u00e9rfi, aki mintegy h\u00e1rom \u00e9vvel ezel\u0151tt egy hamis olasz jogos\u00edtv\u00e1nyt cser\u00e9lt be magyarorsz\u00e1gi vezet\u0151i enged\u00e9lyre az esztergomi okm\u00e1nyirod\u00e1ban. A v\u00e1dirat szerint a f\u00e9rfi nem rendelkezik \u00e9rv\u00e9nyes g\u00e9pj\u00e1rm\u0171vezet\u0151i enged\u00e9llyel \u00e9s Magyarorsz\u00e1gon orvosi alkalmass\u00e1gi vizsg\u00e1laton sem vett r\u00e9szt. A v\u00e1dlott 2017. augusztus 08. napj\u00e1n megjelent az esztergomi okm\u00e1nyirod\u00e1ban, \u00e9s k\u00e9relmezte a<\/p>\n","protected":false},"author":1,"featured_media":16017,"comment_status":"closed","ping_status":"closed","sticky":false,"template":"","format":"standard","meta":{"ngg_post_thumbnail":0,"footnotes":""},"categories":[38,3,39],"tags":[1042,146,42,61,326],"class_list":{"0":"post-29443","1":"post","2":"type-post","3":"status-publish","4":"format-standard","5":"has-post-thumbnail","7":"category-esztergom","8":"category-hirek","9":"category-kek-hirek","10":"tag-birosag","11":"tag-csalas","12":"tag-esztergom","13":"tag-rendorsegi-hirek","14":"tag-ugyeszseg"},"yoast_head":"<!-- This site is optimized with the Yoast SEO plugin v27.5 - https:\/\/yoast.com\/product\/yoast-seo-wordpress\/ -->\n<title>Hamis olasz jogos\u00edtv\u00e1nnyal verte \u00e1t az esztergomi okm\u00e1nyirod\u00e1t<\/title>\n<meta name=\"robots\" content=\"index, follow, max-snippet:-1, max-image-preview:large, max-video-preview:-1\" \/>\n<link rel=\"canonical\" href=\"https:\/\/dorogimedence.hu\/index.php\/2020\/12\/28\/hamis-olasz-jogositvannyal-verte-at-az-esztergomi-okmanyirodat\/\" class=\"yoast-seo-meta-tag\" \/>\n<meta property=\"og:locale\" content=\"hu_HU\" class=\"yoast-seo-meta-tag\" \/>\n<meta property=\"og:type\" content=\"article\" class=\"yoast-seo-meta-tag\" \/>\n<meta property=\"og:title\" content=\"Hamis olasz jogos\u00edtv\u00e1nnyal verte \u00e1t az esztergomi okm\u00e1nyirod\u00e1t\" class=\"yoast-seo-meta-tag\" \/>\n<meta property=\"og:description\" content=\"Felf\u00fcggesztett b\u00f6rt\u00f6nb\u00fcntet\u00e9ssel meg\u00faszta tett\u00e9t az a f\u00e9rfi, aki mintegy h\u00e1rom \u00e9vvel ezel\u0151tt egy hamis olasz jogos\u00edtv\u00e1nyt cser\u00e9lt be magyarorsz\u00e1gi vezet\u0151i enged\u00e9lyre az esztergomi okm\u00e1nyirod\u00e1ban. A v\u00e1dirat szerint a f\u00e9rfi nem rendelkezik \u00e9rv\u00e9nyes g\u00e9pj\u00e1rm\u0171vezet\u0151i enged\u00e9llyel \u00e9s Magyarorsz\u00e1gon orvosi alkalmass\u00e1gi vizsg\u00e1laton sem vett r\u00e9szt. A v\u00e1dlott 2017. augusztus 08. napj\u00e1n megjelent az esztergomi okm\u00e1nyirod\u00e1ban, \u00e9s k\u00e9relmezte a\" class=\"yoast-seo-meta-tag\" \/>\n<meta property=\"og:url\" content=\"https:\/\/dorogimedence.hu\/index.php\/2020\/12\/28\/hamis-olasz-jogositvannyal-verte-at-az-esztergomi-okmanyirodat\/\" class=\"yoast-seo-meta-tag\" \/>\n<meta property=\"og:site_name\" content=\"Dorogi-medence Region\u00e1lis H\u00edrport\u00e1l\" class=\"yoast-seo-meta-tag\" \/>\n<meta property=\"article:publisher\" content=\"https:\/\/www.facebook.com\/dorogimedence\/\" class=\"yoast-seo-meta-tag\" \/>\n<meta property=\"article:published_time\" content=\"2020-12-28T11:37:35+00:00\" class=\"yoast-seo-meta-tag\" \/>\n<meta property=\"article:modified_time\" content=\"2020-12-28T11:38:18+00:00\" class=\"yoast-seo-meta-tag\" \/>\n<meta property=\"og:image\" content=\"https:\/\/i0.wp.com\/dorogimedence.hu\/wp-content\/uploads\/2019\/04\/jogsi.jpg?fit=670%2C365&ssl=1\" class=\"yoast-seo-meta-tag\" \/>\n\t<meta property=\"og:image:width\" content=\"670\" class=\"yoast-seo-meta-tag\" \/>\n\t<meta property=\"og:image:height\" content=\"365\" class=\"yoast-seo-meta-tag\" \/>\n\t<meta property=\"og:image:type\" content=\"image\/jpeg\" class=\"yoast-seo-meta-tag\" \/>\n<meta name=\"author\" content=\"dorogimedence.hu\" class=\"yoast-seo-meta-tag\" \/>\n<meta name=\"twitter:card\" content=\"summary_large_image\" class=\"yoast-seo-meta-tag\" \/>\n<meta name=\"twitter:label1\" content=\"Szerz\u0151:\" class=\"yoast-seo-meta-tag\" \/>\n\t<meta name=\"twitter:data1\" content=\"dorogimedence.hu\" class=\"yoast-seo-meta-tag\" \/>\n\t<meta name=\"twitter:label2\" content=\"Becs\u00fclt olvas\u00e1si id\u0151\" class=\"yoast-seo-meta-tag\" \/>\n\t<meta name=\"twitter:data2\" content=\"1 perc\" class=\"yoast-seo-meta-tag\" \/>\n<script type=\"application\/ld+json\" class=\"yoast-schema-graph\">{\"@context\":\"https:\\\/\\\/schema.org\",\"@graph\":[{\"@type\":\"Article\",\"@id\":\"https:\\\/\\\/dorogimedence.hu\\\/index.php\\\/2020\\\/12\\\/28\\\/hamis-olasz-jogositvannyal-verte-at-az-esztergomi-okmanyirodat\\\/#article\",\"isPartOf\":{\"@id\":\"https:\\\/\\\/dorogimedence.hu\\\/index.php\\\/2020\\\/12\\\/28\\\/hamis-olasz-jogositvannyal-verte-at-az-esztergomi-okmanyirodat\\\/\"},\"author\":{\"name\":\"dorogimedence.hu\",\"@id\":\"https:\\\/\\\/dorogimedence.hu\\\/#\\\/schema\\\/person\\\/ce6091eeb7e95ecdc87890d6aa8e0fd4\"},\"headline\":\"Hamis olasz jogos\u00edtv\u00e1nnyal verte \u00e1t az esztergomi okm\u00e1nyirod\u00e1t\",\"datePublished\":\"2020-12-28T11:37:35+00:00\",\"dateModified\":\"2020-12-28T11:38:18+00:00\",\"mainEntityOfPage\":{\"@id\":\"https:\\\/\\\/dorogimedence.hu\\\/index.php\\\/2020\\\/12\\\/28\\\/hamis-olasz-jogositvannyal-verte-at-az-esztergomi-okmanyirodat\\\/\"},\"wordCount\":259,\"publisher\":{\"@id\":\"https:\\\/\\\/dorogimedence.hu\\\/#organization\"},\"image\":{\"@id\":\"https:\\\/\\\/dorogimedence.hu\\\/index.php\\\/2020\\\/12\\\/28\\\/hamis-olasz-jogositvannyal-verte-at-az-esztergomi-okmanyirodat\\\/#primaryimage\"},\"thumbnailUrl\":\"https:\\\/\\\/dorogimedence.hu\\\/wp-content\\\/uploads\\\/2019\\\/04\\\/jogsi.jpg\",\"keywords\":[\"b\u00edr\u00f3s\u00e1g\",\"csal\u00e1s\",\"esztergom\",\"rend\u0151rs\u00e9gi h\u00edrek\",\"\u00fcgy\u00e9szs\u00e9g\"],\"articleSection\":[\"Esztergom\",\"H\u00edrek\",\"K\u00e9k h\u00edrek\"],\"inLanguage\":\"hu\"},{\"@type\":\"WebPage\",\"@id\":\"https:\\\/\\\/dorogimedence.hu\\\/index.php\\\/2020\\\/12\\\/28\\\/hamis-olasz-jogositvannyal-verte-at-az-esztergomi-okmanyirodat\\\/\",\"url\":\"https:\\\/\\\/dorogimedence.hu\\\/index.php\\\/2020\\\/12\\\/28\\\/hamis-olasz-jogositvannyal-verte-at-az-esztergomi-okmanyirodat\\\/\",\"name\":\"Hamis olasz jogos\u00edtv\u00e1nnyal verte \u00e1t az esztergomi okm\u00e1nyirod\u00e1t\",\"isPartOf\":{\"@id\":\"https:\\\/\\\/dorogimedence.hu\\\/#website\"},\"primaryImageOfPage\":{\"@id\":\"https:\\\/\\\/dorogimedence.hu\\\/index.php\\\/2020\\\/12\\\/28\\\/hamis-olasz-jogositvannyal-verte-at-az-esztergomi-okmanyirodat\\\/#primaryimage\"},\"image\":{\"@id\":\"https:\\\/\\\/dorogimedence.hu\\\/index.php\\\/2020\\\/12\\\/28\\\/hamis-olasz-jogositvannyal-verte-at-az-esztergomi-okmanyirodat\\\/#primaryimage\"},\"thumbnailUrl\":\"https:\\\/\\\/dorogimedence.hu\\\/wp-content\\\/uploads\\\/2019\\\/04\\\/jogsi.jpg\",\"datePublished\":\"2020-12-28T11:37:35+00:00\",\"dateModified\":\"2020-12-28T11:38:18+00:00\",\"breadcrumb\":{\"@id\":\"https:\\\/\\\/dorogimedence.hu\\\/index.php\\\/2020\\\/12\\\/28\\\/hamis-olasz-jogositvannyal-verte-at-az-esztergomi-okmanyirodat\\\/#breadcrumb\"},\"inLanguage\":\"hu\",\"potentialAction\":[{\"@type\":\"ReadAction\",\"target\":[\"https:\\\/\\\/dorogimedence.hu\\\/index.php\\\/2020\\\/12\\\/28\\\/hamis-olasz-jogositvannyal-verte-at-az-esztergomi-okmanyirodat\\\/\"]}]},{\"@type\":\"ImageObject\",\"inLanguage\":\"hu\",\"@id\":\"https:\\\/\\\/dorogimedence.hu\\\/index.php\\\/2020\\\/12\\\/28\\\/hamis-olasz-jogositvannyal-verte-at-az-esztergomi-okmanyirodat\\\/#primaryimage\",\"url\":\"https:\\\/\\\/dorogimedence.hu\\\/wp-content\\\/uploads\\\/2019\\\/04\\\/jogsi.jpg\",\"contentUrl\":\"https:\\\/\\\/dorogimedence.hu\\\/wp-content\\\/uploads\\\/2019\\\/04\\\/jogsi.jpg\",\"width\":670,\"height\":365},{\"@type\":\"BreadcrumbList\",\"@id\":\"https:\\\/\\\/dorogimedence.hu\\\/index.php\\\/2020\\\/12\\\/28\\\/hamis-olasz-jogositvannyal-verte-at-az-esztergomi-okmanyirodat\\\/#breadcrumb\",\"itemListElement\":[{\"@type\":\"ListItem\",\"position\":1,\"name\":\"Kezd\u0151lap\",\"item\":\"https:\\\/\\\/dorogimedence.hu\\\/\"},{\"@type\":\"ListItem\",\"position\":2,\"name\":\"Hamis olasz jogos\u00edtv\u00e1nnyal verte \u00e1t az esztergomi okm\u00e1nyirod\u00e1t\"}]},{\"@type\":\"WebSite\",\"@id\":\"https:\\\/\\\/dorogimedence.hu\\\/#website\",\"url\":\"https:\\\/\\\/dorogimedence.hu\\\/\",\"name\":\"Dorogi-medence Region\u00e1lis H\u00edrport\u00e1l\",\"description\":\"Dorog, Keszt\u00f6lc, Le\u00e1nyv\u00e1r, Piliscs\u00e9v, Tokod, Tokodalt\u00e1r\u00f3, Csolnok, Esztergom-kertv\u00e1ros: h\u00edrek, programok\",\"publisher\":{\"@id\":\"https:\\\/\\\/dorogimedence.hu\\\/#organization\"},\"potentialAction\":[{\"@type\":\"SearchAction\",\"target\":{\"@type\":\"EntryPoint\",\"urlTemplate\":\"https:\\\/\\\/dorogimedence.hu\\\/?s={search_term_string}\"},\"query-input\":{\"@type\":\"PropertyValueSpecification\",\"valueRequired\":true,\"valueName\":\"search_term_string\"}}],\"inLanguage\":\"hu\"},{\"@type\":\"Organization\",\"@id\":\"https:\\\/\\\/dorogimedence.hu\\\/#organization\",\"name\":\"Dorogi-medence Region\u00e1lis H\u00edrport\u00e1l\",\"url\":\"https:\\\/\\\/dorogimedence.hu\\\/\",\"logo\":{\"@type\":\"ImageObject\",\"inLanguage\":\"hu\",\"@id\":\"https:\\\/\\\/dorogimedence.hu\\\/#\\\/schema\\\/logo\\\/image\\\/\",\"url\":\"https:\\\/\\\/dorogimedence.hu\\\/wp-content\\\/uploads\\\/2021\\\/04\\\/logo-feher-600.png\",\"contentUrl\":\"https:\\\/\\\/dorogimedence.hu\\\/wp-content\\\/uploads\\\/2021\\\/04\\\/logo-feher-600.png\",\"width\":600,\"height\":100,\"caption\":\"Dorogi-medence Region\u00e1lis H\u00edrport\u00e1l\"},\"image\":{\"@id\":\"https:\\\/\\\/dorogimedence.hu\\\/#\\\/schema\\\/logo\\\/image\\\/\"},\"sameAs\":[\"https:\\\/\\\/www.facebook.com\\\/dorogimedence\\\/\"]},{\"@type\":\"Person\",\"@id\":\"https:\\\/\\\/dorogimedence.hu\\\/#\\\/schema\\\/person\\\/ce6091eeb7e95ecdc87890d6aa8e0fd4\",\"name\":\"dorogimedence.hu\",\"image\":{\"@type\":\"ImageObject\",\"inLanguage\":\"hu\",\"@id\":\"\\\/\\\/www.gravatar.com\\\/avatar\\\/d8d45f8901aadff40a4af72c0b826f1d?s=96&#038;r=g&#038;d=mm\",\"url\":\"\\\/\\\/www.gravatar.com\\\/avatar\\\/d8d45f8901aadff40a4af72c0b826f1d?s=96&#038;r=g&#038;d=mm\",\"contentUrl\":\"\\\/\\\/www.gravatar.com\\\/avatar\\\/d8d45f8901aadff40a4af72c0b826f1d?s=96&#038;r=g&#038;d=mm\",\"caption\":\"dorogimedence.hu\"}}]}<\/script>\n<!-- \/ Yoast SEO plugin. -->","yoast_head_json":{"title":"Hamis olasz jogos\u00edtv\u00e1nnyal verte \u00e1t az esztergomi okm\u00e1nyirod\u00e1t","robots":{"index":"index","follow":"follow","max-snippet":"max-snippet:-1","max-image-preview":"max-image-preview:large","max-video-preview":"max-video-preview:-1"},"canonical":"https:\/\/dorogimedence.hu\/index.php\/2020\/12\/28\/hamis-olasz-jogositvannyal-verte-at-az-esztergomi-okmanyirodat\/","og_locale":"hu_HU","og_type":"article","og_title":"Hamis olasz jogos\u00edtv\u00e1nnyal verte \u00e1t az esztergomi okm\u00e1nyirod\u00e1t","og_description":"Felf\u00fcggesztett b\u00f6rt\u00f6nb\u00fcntet\u00e9ssel meg\u00faszta tett\u00e9t az a f\u00e9rfi, aki mintegy h\u00e1rom \u00e9vvel ezel\u0151tt egy hamis olasz jogos\u00edtv\u00e1nyt cser\u00e9lt be magyarorsz\u00e1gi vezet\u0151i enged\u00e9lyre az esztergomi okm\u00e1nyirod\u00e1ban. A v\u00e1dirat szerint a f\u00e9rfi nem rendelkezik \u00e9rv\u00e9nyes g\u00e9pj\u00e1rm\u0171vezet\u0151i enged\u00e9llyel \u00e9s Magyarorsz\u00e1gon orvosi alkalmass\u00e1gi vizsg\u00e1laton sem vett r\u00e9szt. A v\u00e1dlott 2017. augusztus 08. napj\u00e1n megjelent az esztergomi okm\u00e1nyirod\u00e1ban, \u00e9s k\u00e9relmezte a","og_url":"https:\/\/dorogimedence.hu\/index.php\/2020\/12\/28\/hamis-olasz-jogositvannyal-verte-at-az-esztergomi-okmanyirodat\/","og_site_name":"Dorogi-medence Region\u00e1lis H\u00edrport\u00e1l","article_publisher":"https:\/\/www.facebook.com\/dorogimedence\/","article_published_time":"2020-12-28T11:37:35+00:00","article_modified_time":"2020-12-28T11:38:18+00:00","og_image":[{"width":670,"height":365,"url":"https:\/\/i0.wp.com\/dorogimedence.hu\/wp-content\/uploads\/2019\/04\/jogsi.jpg?fit=670%2C365&ssl=1","type":"image\/jpeg"}],"author":"dorogimedence.hu","twitter_card":"summary_large_image","twitter_misc":{"Szerz\u0151:":"dorogimedence.hu","Becs\u00fclt olvas\u00e1si id\u0151":"1 perc"},"schema":{"@context":"https:\/\/schema.org","@graph":[{"@type":"Article","@id":"https:\/\/dorogimedence.hu\/index.php\/2020\/12\/28\/hamis-olasz-jogositvannyal-verte-at-az-esztergomi-okmanyirodat\/#article","isPartOf":{"@id":"https:\/\/dorogimedence.hu\/index.php\/2020\/12\/28\/hamis-olasz-jogositvannyal-verte-at-az-esztergomi-okmanyirodat\/"},"author":{"name":"dorogimedence.hu","@id":"https:\/\/dorogimedence.hu\/#\/schema\/person\/ce6091eeb7e95ecdc87890d6aa8e0fd4"},"headline":"Hamis olasz jogos\u00edtv\u00e1nnyal verte \u00e1t az esztergomi okm\u00e1nyirod\u00e1t","datePublished":"2020-12-28T11:37:35+00:00","dateModified":"2020-12-28T11:38:18+00:00","mainEntityOfPage":{"@id":"https:\/\/dorogimedence.hu\/index.php\/2020\/12\/28\/hamis-olasz-jogositvannyal-verte-at-az-esztergomi-okmanyirodat\/"},"wordCount":259,"publisher":{"@id":"https:\/\/dorogimedence.hu\/#organization"},"image":{"@id":"https:\/\/dorogimedence.hu\/index.php\/2020\/12\/28\/hamis-olasz-jogositvannyal-verte-at-az-esztergomi-okmanyirodat\/#primaryimage"},"thumbnailUrl":"https:\/\/dorogimedence.hu\/wp-content\/uploads\/2019\/04\/jogsi.jpg","keywords":["b\u00edr\u00f3s\u00e1g","csal\u00e1s","esztergom","rend\u0151rs\u00e9gi h\u00edrek","\u00fcgy\u00e9szs\u00e9g"],"articleSection":["Esztergom","H\u00edrek","K\u00e9k h\u00edrek"],"inLanguage":"hu"},{"@type":"WebPage","@id":"https:\/\/dorogimedence.hu\/index.php\/2020\/12\/28\/hamis-olasz-jogositvannyal-verte-at-az-esztergomi-okmanyirodat\/","url":"https:\/\/dorogimedence.hu\/index.php\/2020\/12\/28\/hamis-olasz-jogositvannyal-verte-at-az-esztergomi-okmanyirodat\/","name":"Hamis olasz jogos\u00edtv\u00e1nnyal verte \u00e1t az esztergomi okm\u00e1nyirod\u00e1t","isPartOf":{"@id":"https:\/\/dorogimedence.hu\/#website"},"primaryImageOfPage":{"@id":"https:\/\/dorogimedence.hu\/index.php\/2020\/12\/28\/hamis-olasz-jogositvannyal-verte-at-az-esztergomi-okmanyirodat\/#primaryimage"},"image":{"@id":"https:\/\/dorogimedence.hu\/index.php\/2020\/12\/28\/hamis-olasz-jogositvannyal-verte-at-az-esztergomi-okmanyirodat\/#primaryimage"},"thumbnailUrl":"https:\/\/dorogimedence.hu\/wp-content\/uploads\/2019\/04\/jogsi.jpg","datePublished":"2020-12-28T11:37:35+00:00","dateModified":"2020-12-28T11:38:18+00:00","breadcrumb":{"@id":"https:\/\/dorogimedence.hu\/index.php\/2020\/12\/28\/hamis-olasz-jogositvannyal-verte-at-az-esztergomi-okmanyirodat\/#breadcrumb"},"inLanguage":"hu","potentialAction":[{"@type":"ReadAction","target":["https:\/\/dorogimedence.hu\/index.php\/2020\/12\/28\/hamis-olasz-jogositvannyal-verte-at-az-esztergomi-okmanyirodat\/"]}]},{"@type":"ImageObject","inLanguage":"hu","@id":"https:\/\/dorogimedence.hu\/index.php\/2020\/12\/28\/hamis-olasz-jogositvannyal-verte-at-az-esztergomi-okmanyirodat\/#primaryimage","url":"https:\/\/dorogimedence.hu\/wp-content\/uploads\/2019\/04\/jogsi.jpg","contentUrl":"https:\/\/dorogimedence.hu\/wp-content\/uploads\/2019\/04\/jogsi.jpg","width":670,"height":365},{"@type":"BreadcrumbList","@id":"https:\/\/dorogimedence.hu\/index.php\/2020\/12\/28\/hamis-olasz-jogositvannyal-verte-at-az-esztergomi-okmanyirodat\/#breadcrumb","itemListElement":[{"@type":"ListItem","position":1,"name":"Kezd\u0151lap","item":"https:\/\/dorogimedence.hu\/"},{"@type":"ListItem","position":2,"name":"Hamis olasz jogos\u00edtv\u00e1nnyal verte \u00e1t az esztergomi okm\u00e1nyirod\u00e1t"}]},{"@type":"WebSite","@id":"https:\/\/dorogimedence.hu\/#website","url":"https:\/\/dorogimedence.hu\/","name":"Dorogi-medence Region\u00e1lis H\u00edrport\u00e1l","description":"Dorog, Keszt\u00f6lc, Le\u00e1nyv\u00e1r, Piliscs\u00e9v, Tokod, Tokodalt\u00e1r\u00f3, Csolnok, Esztergom-kertv\u00e1ros: h\u00edrek, programok","publisher":{"@id":"https:\/\/dorogimedence.hu\/#organization"},"potentialAction":[{"@type":"SearchAction","target":{"@type":"EntryPoint","urlTemplate":"https:\/\/dorogimedence.hu\/?s={search_term_string}"},"query-input":{"@type":"PropertyValueSpecification","valueRequired":true,"valueName":"search_term_string"}}],"inLanguage":"hu"},{"@type":"Organization","@id":"https:\/\/dorogimedence.hu\/#organization","name":"Dorogi-medence Region\u00e1lis H\u00edrport\u00e1l","url":"https:\/\/dorogimedence.hu\/","logo":{"@type":"ImageObject","inLanguage":"hu","@id":"https:\/\/dorogimedence.hu\/#\/schema\/logo\/image\/","url":"https:\/\/dorogimedence.hu\/wp-content\/uploads\/2021\/04\/logo-feher-600.png","contentUrl":"https:\/\/dorogimedence.hu\/wp-content\/uploads\/2021\/04\/logo-feher-600.png","width":600,"height":100,"caption":"Dorogi-medence Region\u00e1lis H\u00edrport\u00e1l"},"image":{"@id":"https:\/\/dorogimedence.hu\/#\/schema\/logo\/image\/"},"sameAs":["https:\/\/www.facebook.com\/dorogimedence\/"]},{"@type":"Person","@id":"https:\/\/dorogimedence.hu\/#\/schema\/person\/ce6091eeb7e95ecdc87890d6aa8e0fd4","name":"dorogimedence.hu","image":{"@type":"ImageObject","inLanguage":"hu","@id":"\/\/www.gravatar.com\/avatar\/d8d45f8901aadff40a4af72c0b826f1d?s=96&#038;r=g&#038;d=mm","url":"\/\/www.gravatar.com\/avatar\/d8d45f8901aadff40a4af72c0b826f1d?s=96&#038;r=g&#038;d=mm","contentUrl":"\/\/www.gravatar.com\/avatar\/d8d45f8901aadff40a4af72c0b826f1d?s=96&#038;r=g&#038;d=mm","caption":"dorogimedence.hu"}}]}},"_links":{"self":[{"href":"https:\/\/dorogimedence.hu\/index.php\/wp-json\/wp\/v2\/posts\/29443","targetHints":{"allow":["GET"]}}],"collection":[{"href":"https:\/\/dorogimedence.hu\/index.php\/wp-json\/wp\/v2\/posts"}],"about":[{"href":"https:\/\/dorogimedence.hu\/index.php\/wp-json\/wp\/v2\/types\/post"}],"author":[{"embeddable":true,"href":"https:\/\/dorogimedence.hu\/index.php\/wp-json\/wp\/v2\/users\/1"}],"replies":[{"embeddable":true,"href":"https:\/\/dorogimedence.hu\/index.php\/wp-json\/wp\/v2\/comments?post=29443"}],"version-history":[{"count":0,"href":"https:\/\/dorogimedence.hu\/index.php\/wp-json\/wp\/v2\/posts\/29443\/revisions"}],"wp:featuredmedia":[{"embeddable":true,"href":"https:\/\/dorogimedence.hu\/index.php\/wp-json\/wp\/v2\/media\/16017"}],"wp:attachment":[{"href":"https:\/\/dorogimedence.hu\/index.php\/wp-json\/wp\/v2\/media?parent=29443"}],"wp:term":[{"taxonomy":"category","embeddable":true,"href":"https:\/\/dorogimedence.hu\/index.php\/wp-json\/wp\/v2\/categories?post=29443"},{"taxonomy":"post_tag","embeddable":true,"href":"https:\/\/dorogimedence.hu\/index.php\/wp-json\/wp\/v2\/tags?post=29443"}],"curies":[{"name":"wp","href":"https:\/\/api.w.org\/{rel}","templated":true}]}}