{"id":29415,"date":"2020-12-25T12:42:52","date_gmt":"2020-12-25T11:42:52","guid":{"rendered":"http:\/\/dorogimedence.hu\/?p=29415"},"modified":"2020-12-25T12:43:05","modified_gmt":"2020-12-25T11:43:05","slug":"erdo-peter-karacsonyi-homiliaja","status":"publish","type":"post","link":"https:\/\/dorogimedence.hu\/index.php\/2020\/12\/25\/erdo-peter-karacsonyi-homiliaja\/","title":{"rendered":"Erd\u0151 P\u00e9ter kar\u00e1csonyi hom\u00edli\u00e1ja"},"content":{"rendered":"<p><strong>Legyen az idei kar\u00e1csony az isteni irgalmass\u00e1g \u00fcnnepe \u2013 mondta Erd\u0151 P\u00e9ter b\u00edboros, esztergom-budapesti \u00e9rsek az Esztergomi Bazilik\u00e1ban megtartott kar\u00e1csonyi hom\u00edli\u00e1j\u00e1ban december 25-\u00e9n.<\/strong><\/p>\n<p>\u201eHab\u00e1r a kar\u00e1csony egyh\u00e1zi \u00e9v\u00fcnk egyik legnagyobb \u00fcnnepe, most m\u00e9gis r\u00f6viden fogok sz\u00f3lni, hiszen maga Isten az, aki a saj\u00e1t v\u00e9gtelen gazdags\u00e1g\u00e1t Krisztus sz\u00fclet\u00e9se \u00e1ltal a lehet\u0151 legr\u00f6videbben foglalta \u00f6ssze\u201d \u2013 \u00edgy vezette fel Erd\u0151 P\u00e9ter a kar\u00e1csonyi hom\u00edli\u00e1j\u00e1t.<\/p>\n<p>A b\u00edboros elmondta, hogy J\u00e9zus a t\u00f6rt\u00e9nelem egy pillanat\u00e1ban sz\u00fcletett meg. Az egynapos csecsem\u0151 egyben az \u00f6r\u00f6kk\u00e9val\u00f3s\u00e1g atyja, a hajl\u00e9ktalan gyerek, a b\u00e9ke fejedelme. \u00c9s a gyermek J\u00e9zus nem csup\u00e1n csak az \u00fczenete, pr\u00f3f\u00e9t\u00e1ja \u00e9s fogadott fia Istennek, hanem az Isten eg\u00e9sz teljess\u00e9ge. J\u00e9zusban teh\u00e1t elj\u00f6tt k\u00f6z\u00e9nk maga az Isten. Isten pedig, aki mindenhat\u00f3 \u00e9s meghaladja minden elk\u00e9pzel\u00e9s\u00fcnket, akinek a hatalm\u00e1r\u00f3l \u00e9s a fens\u00e9g\u00e9r\u0151l az eg\u00e9sz vil\u00e1gmindens\u00e9get csod\u00e1lva, a teremtett vil\u00e1g titkaiba belegondolva \u00e9s beleborzadva is alig alkothatunk fogalmat magunknak \u2013 \u0151 v\u00e1llalja a gyenges\u00e9get \u00e9s a szer\u00e9nys\u00e9get, l\u00e9ny\u00e9nek teljess\u00e9g\u00e9t egy ma sz\u00fcletett csecsem\u0151ben foglalja \u00f6ssze.<\/p>\n<p>Erd\u0151 P\u00e9ter kiemelte, hogy elj\u00f6tt h\u00e1t k\u00f6z\u00e9nk az Isten, de most nem \u00edt\u00e9lni j\u00f6tt, hanem megszabad\u00edtani az emberis\u00e9get \u00e9s a teremtett vil\u00e1got. Isten sokszor \u00e9s sokf\u00e9lek\u00e9ppen jelezte l\u00e9t\u00e9t \u00e9s f\u00f6ns\u00e9g\u00e9t az emberis\u00e9gnek. De most emberk\u00e9nt j\u00f6tt el hozz\u00e1nk! Mi\u00e9rt tette ezt? \u2013 k\u00e9rdezi az Egyh\u00e1z hossz\u00fa \u00e9vsz\u00e1zadok \u00f3ta. A v\u00e1lasz pedig ott rejlik Szent P\u00e1l szavaiban: \u201eGonoszs\u00e1gunk, irigys\u00e9g\u00fcnk miatt ut\u00e1latra m\u00e9lt\u00f3k voltunk, \u00e9s gy\u0171l\u00f6lt\u00fck egym\u00e1st. Amikor azonban \u00fcdv\u00f6z\u00edt\u0151 Isten\u00fcnk kinyilv\u00e1n\u00edtotta j\u00f3s\u00e1g\u00e1t \u00e9s emberszeretet\u00e9t, megmentett minket\u201d (Tit 3,3-4). Teh\u00e1t az Isten irgalmass\u00e1ga jelenik meg kar\u00e1csonykor. Az \u0151 szabad\u00edt\u00f3 szeretete n\u00e9lk\u00fcl nem v\u00e1lhatn\u00e1nk igazz\u00e1, nem \u00e9lhetne sz\u00edv\u00fcnkben a rem\u00e9ny, \u00e9s nem tal\u00e1ln\u00e1nk meg az utat a f\u00f6ldi \u00e9let \u00fatveszt\u0151in \u00e1t az \u00f6r\u00f6k boldogs\u00e1g fel\u00e9.<\/p>\n<p>Az \u00e9rsek megjegyezte azt is, hogy senki sem maradhat ki a szeretetnek ebb\u0151l az \u00fcnnep\u00e9b\u0151l! Legyen b\u00e1r id\u0151s vagy mag\u00e1nyos, beteg vagy kitasz\u00edtott, elfoglalt ember, akit \u00e9let\u00e9nek feladatai vagy ak\u00e1r az \u00fagynevezett sikerek akad\u00e1lyoznak abban, hogy \u00f6nmaga legyen \u00e9s \u00e9szrevegyen m\u00e1sokat is. De nem maradhatnak ki azok a gyerekek sem, akiknek egy\u00e9bk\u00e9nt kev\u00e9s t\u00f6r\u0151d\u00e9s, j\u00f3 sz\u00f3 \u00e9s odafigyel\u00e9s jut, mert k\u00f6nnyebb a sz\u00e1m\u00edt\u00f3g\u00e9p el\u00e9 \u00fcltetni valakit, mint val\u00f3ban r\u00e1 figyelni. K\u00f6nnyebb t\u00e1rgyakkal, aj\u00e1nd\u00e9kokkal kedveskedni neki, mint megadni, amire igaz\u00e1n sz\u00fcks\u00e9ge van: a szem\u00e9lyes foglalkoz\u00e1st, az \u00e9rtelmes, boldog \u00e9let megb\u00edzhat\u00f3 szab\u00e1lyait.<\/p>\n<p>V\u00e9g\u00fcl de nem utols\u00f3 sorban Erd\u0151 P\u00e9ter felid\u00e9zte az elm\u00falt esztend\u0151t, ami k\u00fcl\u00f6n\u00f6sen neh\u00e9z volt. A j\u00e1rv\u00e1ny miatt keveset tal\u00e1lkozhatunk egym\u00e1ssal szem\u00e9lyesen. M\u00e9g most a kar\u00e1csonyi id\u0151szakban sem lehet\u00fcnk mindig egy\u00fctt felh\u0151tlen\u00fcl. De meg\u00e9rezt\u00fck, hogy sz\u00fcks\u00e9g van minden tud\u00e1sunkra, igyekezet\u00fcnkre, hogy r\u00e1 kell figyeln\u00fcnk egym\u00e1sra, \u00e9s tudni kell \u00e1ldozatot is v\u00e1llalni. Szerezz\u00fcnk \u00f6r\u00f6met most, kar\u00e1csony t\u00e1j\u00e1n is. Ha kell egy telefonh\u00edv\u00e1ssal, egy \u00fczenettel, egy j\u00f3kor \u00e9rkez\u0151 k\u00fcldem\u00e9nnyel vagy n\u00e9h\u00e1ny j\u00f3 sz\u00f3val. Legyen h\u00e1t az idei kar\u00e1csony az isteni irgalmass\u00e1g \u00fcnnepe! Sz\u00fcless\u00fcnk \u00fajj\u00e1 az egym\u00e1s ir\u00e1nti szeretetben \u00e9s felel\u0151ss\u00e9gben. K\u00e9rj\u00fck a Betlehemi Gyermek kegyelm\u00e9t \u00e9s seg\u00edts\u00e9g\u00e9t, hogy lelk\u00fcnk meg\u00fajul\u00f3 ereje \u00e9s szeretete meggy\u00f3gy\u00edtsa k\u00f6r\u00fcl\u00f6tt\u00fcnk a vil\u00e1got. \u00c1men.<\/p>\n","protected":false},"excerpt":{"rendered":"<p>Legyen az idei kar\u00e1csony az isteni irgalmass\u00e1g \u00fcnnepe \u2013 mondta Erd\u0151 P\u00e9ter b\u00edboros, esztergom-budapesti \u00e9rsek az Esztergomi Bazilik\u00e1ban megtartott kar\u00e1csonyi hom\u00edli\u00e1j\u00e1ban december 25-\u00e9n. \u201eHab\u00e1r a kar\u00e1csony egyh\u00e1zi \u00e9v\u00fcnk egyik legnagyobb \u00fcnnepe, most m\u00e9gis r\u00f6viden fogok sz\u00f3lni, hiszen maga Isten az, aki a saj\u00e1t v\u00e9gtelen gazdags\u00e1g\u00e1t Krisztus sz\u00fclet\u00e9se \u00e1ltal a lehet\u0151 legr\u00f6videbben foglalta \u00f6ssze\u201d \u2013 \u00edgy<\/p>\n","protected":false},"author":1,"featured_media":29416,"comment_status":"closed","ping_status":"closed","sticky":false,"template":"","format":"standard","meta":{"ngg_post_thumbnail":0,"footnotes":""},"categories":[38,3],"tags":[764,5325,1787],"class_list":{"0":"post-29415","1":"post","2":"type-post","3":"status-publish","4":"format-standard","5":"has-post-thumbnail","7":"category-esztergom","8":"category-hirek","9":"tag-erdo-peter","10":"tag-homilia","11":"tag-karacsony"},"yoast_head":"<!-- This site is optimized with the Yoast SEO plugin v27.4 - https:\/\/yoast.com\/product\/yoast-seo-wordpress\/ -->\n<title>Erd\u0151 P\u00e9ter kar\u00e1csonyi hom\u00edli\u00e1ja<\/title>\n<meta name=\"robots\" content=\"index, follow, max-snippet:-1, max-image-preview:large, max-video-preview:-1\" \/>\n<link rel=\"canonical\" href=\"https:\/\/dorogimedence.hu\/index.php\/2020\/12\/25\/erdo-peter-karacsonyi-homiliaja\/\" class=\"yoast-seo-meta-tag\" \/>\n<meta property=\"og:locale\" content=\"hu_HU\" class=\"yoast-seo-meta-tag\" \/>\n<meta property=\"og:type\" content=\"article\" class=\"yoast-seo-meta-tag\" \/>\n<meta property=\"og:title\" content=\"Erd\u0151 P\u00e9ter kar\u00e1csonyi hom\u00edli\u00e1ja\" class=\"yoast-seo-meta-tag\" \/>\n<meta property=\"og:description\" content=\"Legyen az idei kar\u00e1csony az isteni irgalmass\u00e1g \u00fcnnepe \u2013 mondta Erd\u0151 P\u00e9ter b\u00edboros, esztergom-budapesti \u00e9rsek az Esztergomi Bazilik\u00e1ban megtartott kar\u00e1csonyi hom\u00edli\u00e1j\u00e1ban december 25-\u00e9n. \u201eHab\u00e1r a kar\u00e1csony egyh\u00e1zi \u00e9v\u00fcnk egyik legnagyobb \u00fcnnepe, most m\u00e9gis r\u00f6viden fogok sz\u00f3lni, hiszen maga Isten az, aki a saj\u00e1t v\u00e9gtelen gazdags\u00e1g\u00e1t Krisztus sz\u00fclet\u00e9se \u00e1ltal a lehet\u0151 legr\u00f6videbben foglalta \u00f6ssze\u201d \u2013 \u00edgy\" class=\"yoast-seo-meta-tag\" \/>\n<meta property=\"og:url\" content=\"https:\/\/dorogimedence.hu\/index.php\/2020\/12\/25\/erdo-peter-karacsonyi-homiliaja\/\" class=\"yoast-seo-meta-tag\" \/>\n<meta property=\"og:site_name\" content=\"Dorogi-medence Region\u00e1lis H\u00edrport\u00e1l\" class=\"yoast-seo-meta-tag\" \/>\n<meta property=\"article:publisher\" content=\"https:\/\/www.facebook.com\/dorogimedence\/\" class=\"yoast-seo-meta-tag\" \/>\n<meta property=\"article:published_time\" content=\"2020-12-25T11:42:52+00:00\" class=\"yoast-seo-meta-tag\" \/>\n<meta property=\"article:modified_time\" content=\"2020-12-25T11:43:05+00:00\" class=\"yoast-seo-meta-tag\" \/>\n<meta property=\"og:image\" content=\"https:\/\/i0.wp.com\/dorogimedence.hu\/wp-content\/uploads\/2020\/12\/erdopeter-01.jpg?fit=830%2C450&ssl=1\" class=\"yoast-seo-meta-tag\" \/>\n\t<meta property=\"og:image:width\" content=\"830\" class=\"yoast-seo-meta-tag\" \/>\n\t<meta property=\"og:image:height\" content=\"450\" class=\"yoast-seo-meta-tag\" \/>\n\t<meta property=\"og:image:type\" content=\"image\/jpeg\" class=\"yoast-seo-meta-tag\" \/>\n<meta name=\"author\" content=\"dorogimedence.hu\" class=\"yoast-seo-meta-tag\" \/>\n<meta name=\"twitter:card\" content=\"summary_large_image\" class=\"yoast-seo-meta-tag\" \/>\n<meta name=\"twitter:label1\" content=\"Szerz\u0151:\" class=\"yoast-seo-meta-tag\" \/>\n\t<meta name=\"twitter:data1\" content=\"dorogimedence.hu\" class=\"yoast-seo-meta-tag\" \/>\n\t<meta name=\"twitter:label2\" content=\"Becs\u00fclt olvas\u00e1si id\u0151\" class=\"yoast-seo-meta-tag\" \/>\n\t<meta name=\"twitter:data2\" content=\"4 perc\" class=\"yoast-seo-meta-tag\" \/>\n<script type=\"application\/ld+json\" class=\"yoast-schema-graph\">{\"@context\":\"https:\\\/\\\/schema.org\",\"@graph\":[{\"@type\":\"Article\",\"@id\":\"https:\\\/\\\/dorogimedence.hu\\\/index.php\\\/2020\\\/12\\\/25\\\/erdo-peter-karacsonyi-homiliaja\\\/#article\",\"isPartOf\":{\"@id\":\"https:\\\/\\\/dorogimedence.hu\\\/index.php\\\/2020\\\/12\\\/25\\\/erdo-peter-karacsonyi-homiliaja\\\/\"},\"author\":{\"name\":\"dorogimedence.hu\",\"@id\":\"https:\\\/\\\/dorogimedence.hu\\\/#\\\/schema\\\/person\\\/ce6091eeb7e95ecdc87890d6aa8e0fd4\"},\"headline\":\"Erd\u0151 P\u00e9ter kar\u00e1csonyi hom\u00edli\u00e1ja\",\"datePublished\":\"2020-12-25T11:42:52+00:00\",\"dateModified\":\"2020-12-25T11:43:05+00:00\",\"mainEntityOfPage\":{\"@id\":\"https:\\\/\\\/dorogimedence.hu\\\/index.php\\\/2020\\\/12\\\/25\\\/erdo-peter-karacsonyi-homiliaja\\\/\"},\"wordCount\":710,\"publisher\":{\"@id\":\"https:\\\/\\\/dorogimedence.hu\\\/#organization\"},\"image\":{\"@id\":\"https:\\\/\\\/dorogimedence.hu\\\/index.php\\\/2020\\\/12\\\/25\\\/erdo-peter-karacsonyi-homiliaja\\\/#primaryimage\"},\"thumbnailUrl\":\"https:\\\/\\\/dorogimedence.hu\\\/wp-content\\\/uploads\\\/2020\\\/12\\\/erdopeter-01.jpg\",\"keywords\":[\"Erd\u0151 P\u00e9ter\",\"hom\u00edlia\",\"kar\u00e1csony\"],\"articleSection\":[\"Esztergom\",\"H\u00edrek\"],\"inLanguage\":\"hu\"},{\"@type\":\"WebPage\",\"@id\":\"https:\\\/\\\/dorogimedence.hu\\\/index.php\\\/2020\\\/12\\\/25\\\/erdo-peter-karacsonyi-homiliaja\\\/\",\"url\":\"https:\\\/\\\/dorogimedence.hu\\\/index.php\\\/2020\\\/12\\\/25\\\/erdo-peter-karacsonyi-homiliaja\\\/\",\"name\":\"Erd\u0151 P\u00e9ter kar\u00e1csonyi hom\u00edli\u00e1ja\",\"isPartOf\":{\"@id\":\"https:\\\/\\\/dorogimedence.hu\\\/#website\"},\"primaryImageOfPage\":{\"@id\":\"https:\\\/\\\/dorogimedence.hu\\\/index.php\\\/2020\\\/12\\\/25\\\/erdo-peter-karacsonyi-homiliaja\\\/#primaryimage\"},\"image\":{\"@id\":\"https:\\\/\\\/dorogimedence.hu\\\/index.php\\\/2020\\\/12\\\/25\\\/erdo-peter-karacsonyi-homiliaja\\\/#primaryimage\"},\"thumbnailUrl\":\"https:\\\/\\\/dorogimedence.hu\\\/wp-content\\\/uploads\\\/2020\\\/12\\\/erdopeter-01.jpg\",\"datePublished\":\"2020-12-25T11:42:52+00:00\",\"dateModified\":\"2020-12-25T11:43:05+00:00\",\"breadcrumb\":{\"@id\":\"https:\\\/\\\/dorogimedence.hu\\\/index.php\\\/2020\\\/12\\\/25\\\/erdo-peter-karacsonyi-homiliaja\\\/#breadcrumb\"},\"inLanguage\":\"hu\",\"potentialAction\":[{\"@type\":\"ReadAction\",\"target\":[\"https:\\\/\\\/dorogimedence.hu\\\/index.php\\\/2020\\\/12\\\/25\\\/erdo-peter-karacsonyi-homiliaja\\\/\"]}]},{\"@type\":\"ImageObject\",\"inLanguage\":\"hu\",\"@id\":\"https:\\\/\\\/dorogimedence.hu\\\/index.php\\\/2020\\\/12\\\/25\\\/erdo-peter-karacsonyi-homiliaja\\\/#primaryimage\",\"url\":\"https:\\\/\\\/dorogimedence.hu\\\/wp-content\\\/uploads\\\/2020\\\/12\\\/erdopeter-01.jpg\",\"contentUrl\":\"https:\\\/\\\/dorogimedence.hu\\\/wp-content\\\/uploads\\\/2020\\\/12\\\/erdopeter-01.jpg\",\"width\":830,\"height\":450},{\"@type\":\"BreadcrumbList\",\"@id\":\"https:\\\/\\\/dorogimedence.hu\\\/index.php\\\/2020\\\/12\\\/25\\\/erdo-peter-karacsonyi-homiliaja\\\/#breadcrumb\",\"itemListElement\":[{\"@type\":\"ListItem\",\"position\":1,\"name\":\"Kezd\u0151lap\",\"item\":\"https:\\\/\\\/dorogimedence.hu\\\/\"},{\"@type\":\"ListItem\",\"position\":2,\"name\":\"Erd\u0151 P\u00e9ter kar\u00e1csonyi hom\u00edli\u00e1ja\"}]},{\"@type\":\"WebSite\",\"@id\":\"https:\\\/\\\/dorogimedence.hu\\\/#website\",\"url\":\"https:\\\/\\\/dorogimedence.hu\\\/\",\"name\":\"Dorogi-medence Region\u00e1lis H\u00edrport\u00e1l\",\"description\":\"Dorog, Keszt\u00f6lc, Le\u00e1nyv\u00e1r, Piliscs\u00e9v, Tokod, Tokodalt\u00e1r\u00f3, Csolnok, Esztergom-kertv\u00e1ros: h\u00edrek, programok\",\"publisher\":{\"@id\":\"https:\\\/\\\/dorogimedence.hu\\\/#organization\"},\"potentialAction\":[{\"@type\":\"SearchAction\",\"target\":{\"@type\":\"EntryPoint\",\"urlTemplate\":\"https:\\\/\\\/dorogimedence.hu\\\/?s={search_term_string}\"},\"query-input\":{\"@type\":\"PropertyValueSpecification\",\"valueRequired\":true,\"valueName\":\"search_term_string\"}}],\"inLanguage\":\"hu\"},{\"@type\":\"Organization\",\"@id\":\"https:\\\/\\\/dorogimedence.hu\\\/#organization\",\"name\":\"Dorogi-medence Region\u00e1lis H\u00edrport\u00e1l\",\"url\":\"https:\\\/\\\/dorogimedence.hu\\\/\",\"logo\":{\"@type\":\"ImageObject\",\"inLanguage\":\"hu\",\"@id\":\"https:\\\/\\\/dorogimedence.hu\\\/#\\\/schema\\\/logo\\\/image\\\/\",\"url\":\"https:\\\/\\\/dorogimedence.hu\\\/wp-content\\\/uploads\\\/2021\\\/04\\\/logo-feher-600.png\",\"contentUrl\":\"https:\\\/\\\/dorogimedence.hu\\\/wp-content\\\/uploads\\\/2021\\\/04\\\/logo-feher-600.png\",\"width\":600,\"height\":100,\"caption\":\"Dorogi-medence Region\u00e1lis H\u00edrport\u00e1l\"},\"image\":{\"@id\":\"https:\\\/\\\/dorogimedence.hu\\\/#\\\/schema\\\/logo\\\/image\\\/\"},\"sameAs\":[\"https:\\\/\\\/www.facebook.com\\\/dorogimedence\\\/\"]},{\"@type\":\"Person\",\"@id\":\"https:\\\/\\\/dorogimedence.hu\\\/#\\\/schema\\\/person\\\/ce6091eeb7e95ecdc87890d6aa8e0fd4\",\"name\":\"dorogimedence.hu\",\"image\":{\"@type\":\"ImageObject\",\"inLanguage\":\"hu\",\"@id\":\"\\\/\\\/www.gravatar.com\\\/avatar\\\/d8d45f8901aadff40a4af72c0b826f1d?s=96&#038;r=g&#038;d=mm\",\"url\":\"\\\/\\\/www.gravatar.com\\\/avatar\\\/d8d45f8901aadff40a4af72c0b826f1d?s=96&#038;r=g&#038;d=mm\",\"contentUrl\":\"\\\/\\\/www.gravatar.com\\\/avatar\\\/d8d45f8901aadff40a4af72c0b826f1d?s=96&#038;r=g&#038;d=mm\",\"caption\":\"dorogimedence.hu\"}}]}<\/script>\n<!-- \/ Yoast SEO plugin. -->","yoast_head_json":{"title":"Erd\u0151 P\u00e9ter kar\u00e1csonyi hom\u00edli\u00e1ja","robots":{"index":"index","follow":"follow","max-snippet":"max-snippet:-1","max-image-preview":"max-image-preview:large","max-video-preview":"max-video-preview:-1"},"canonical":"https:\/\/dorogimedence.hu\/index.php\/2020\/12\/25\/erdo-peter-karacsonyi-homiliaja\/","og_locale":"hu_HU","og_type":"article","og_title":"Erd\u0151 P\u00e9ter kar\u00e1csonyi hom\u00edli\u00e1ja","og_description":"Legyen az idei kar\u00e1csony az isteni irgalmass\u00e1g \u00fcnnepe \u2013 mondta Erd\u0151 P\u00e9ter b\u00edboros, esztergom-budapesti \u00e9rsek az Esztergomi Bazilik\u00e1ban megtartott kar\u00e1csonyi hom\u00edli\u00e1j\u00e1ban december 25-\u00e9n. \u201eHab\u00e1r a kar\u00e1csony egyh\u00e1zi \u00e9v\u00fcnk egyik legnagyobb \u00fcnnepe, most m\u00e9gis r\u00f6viden fogok sz\u00f3lni, hiszen maga Isten az, aki a saj\u00e1t v\u00e9gtelen gazdags\u00e1g\u00e1t Krisztus sz\u00fclet\u00e9se \u00e1ltal a lehet\u0151 legr\u00f6videbben foglalta \u00f6ssze\u201d \u2013 \u00edgy","og_url":"https:\/\/dorogimedence.hu\/index.php\/2020\/12\/25\/erdo-peter-karacsonyi-homiliaja\/","og_site_name":"Dorogi-medence Region\u00e1lis H\u00edrport\u00e1l","article_publisher":"https:\/\/www.facebook.com\/dorogimedence\/","article_published_time":"2020-12-25T11:42:52+00:00","article_modified_time":"2020-12-25T11:43:05+00:00","og_image":[{"width":830,"height":450,"url":"https:\/\/i0.wp.com\/dorogimedence.hu\/wp-content\/uploads\/2020\/12\/erdopeter-01.jpg?fit=830%2C450&ssl=1","type":"image\/jpeg"}],"author":"dorogimedence.hu","twitter_card":"summary_large_image","twitter_misc":{"Szerz\u0151:":"dorogimedence.hu","Becs\u00fclt olvas\u00e1si id\u0151":"4 perc"},"schema":{"@context":"https:\/\/schema.org","@graph":[{"@type":"Article","@id":"https:\/\/dorogimedence.hu\/index.php\/2020\/12\/25\/erdo-peter-karacsonyi-homiliaja\/#article","isPartOf":{"@id":"https:\/\/dorogimedence.hu\/index.php\/2020\/12\/25\/erdo-peter-karacsonyi-homiliaja\/"},"author":{"name":"dorogimedence.hu","@id":"https:\/\/dorogimedence.hu\/#\/schema\/person\/ce6091eeb7e95ecdc87890d6aa8e0fd4"},"headline":"Erd\u0151 P\u00e9ter kar\u00e1csonyi hom\u00edli\u00e1ja","datePublished":"2020-12-25T11:42:52+00:00","dateModified":"2020-12-25T11:43:05+00:00","mainEntityOfPage":{"@id":"https:\/\/dorogimedence.hu\/index.php\/2020\/12\/25\/erdo-peter-karacsonyi-homiliaja\/"},"wordCount":710,"publisher":{"@id":"https:\/\/dorogimedence.hu\/#organization"},"image":{"@id":"https:\/\/dorogimedence.hu\/index.php\/2020\/12\/25\/erdo-peter-karacsonyi-homiliaja\/#primaryimage"},"thumbnailUrl":"https:\/\/dorogimedence.hu\/wp-content\/uploads\/2020\/12\/erdopeter-01.jpg","keywords":["Erd\u0151 P\u00e9ter","hom\u00edlia","kar\u00e1csony"],"articleSection":["Esztergom","H\u00edrek"],"inLanguage":"hu"},{"@type":"WebPage","@id":"https:\/\/dorogimedence.hu\/index.php\/2020\/12\/25\/erdo-peter-karacsonyi-homiliaja\/","url":"https:\/\/dorogimedence.hu\/index.php\/2020\/12\/25\/erdo-peter-karacsonyi-homiliaja\/","name":"Erd\u0151 P\u00e9ter kar\u00e1csonyi hom\u00edli\u00e1ja","isPartOf":{"@id":"https:\/\/dorogimedence.hu\/#website"},"primaryImageOfPage":{"@id":"https:\/\/dorogimedence.hu\/index.php\/2020\/12\/25\/erdo-peter-karacsonyi-homiliaja\/#primaryimage"},"image":{"@id":"https:\/\/dorogimedence.hu\/index.php\/2020\/12\/25\/erdo-peter-karacsonyi-homiliaja\/#primaryimage"},"thumbnailUrl":"https:\/\/dorogimedence.hu\/wp-content\/uploads\/2020\/12\/erdopeter-01.jpg","datePublished":"2020-12-25T11:42:52+00:00","dateModified":"2020-12-25T11:43:05+00:00","breadcrumb":{"@id":"https:\/\/dorogimedence.hu\/index.php\/2020\/12\/25\/erdo-peter-karacsonyi-homiliaja\/#breadcrumb"},"inLanguage":"hu","potentialAction":[{"@type":"ReadAction","target":["https:\/\/dorogimedence.hu\/index.php\/2020\/12\/25\/erdo-peter-karacsonyi-homiliaja\/"]}]},{"@type":"ImageObject","inLanguage":"hu","@id":"https:\/\/dorogimedence.hu\/index.php\/2020\/12\/25\/erdo-peter-karacsonyi-homiliaja\/#primaryimage","url":"https:\/\/dorogimedence.hu\/wp-content\/uploads\/2020\/12\/erdopeter-01.jpg","contentUrl":"https:\/\/dorogimedence.hu\/wp-content\/uploads\/2020\/12\/erdopeter-01.jpg","width":830,"height":450},{"@type":"BreadcrumbList","@id":"https:\/\/dorogimedence.hu\/index.php\/2020\/12\/25\/erdo-peter-karacsonyi-homiliaja\/#breadcrumb","itemListElement":[{"@type":"ListItem","position":1,"name":"Kezd\u0151lap","item":"https:\/\/dorogimedence.hu\/"},{"@type":"ListItem","position":2,"name":"Erd\u0151 P\u00e9ter kar\u00e1csonyi hom\u00edli\u00e1ja"}]},{"@type":"WebSite","@id":"https:\/\/dorogimedence.hu\/#website","url":"https:\/\/dorogimedence.hu\/","name":"Dorogi-medence Region\u00e1lis H\u00edrport\u00e1l","description":"Dorog, Keszt\u00f6lc, Le\u00e1nyv\u00e1r, Piliscs\u00e9v, Tokod, Tokodalt\u00e1r\u00f3, Csolnok, Esztergom-kertv\u00e1ros: h\u00edrek, programok","publisher":{"@id":"https:\/\/dorogimedence.hu\/#organization"},"potentialAction":[{"@type":"SearchAction","target":{"@type":"EntryPoint","urlTemplate":"https:\/\/dorogimedence.hu\/?s={search_term_string}"},"query-input":{"@type":"PropertyValueSpecification","valueRequired":true,"valueName":"search_term_string"}}],"inLanguage":"hu"},{"@type":"Organization","@id":"https:\/\/dorogimedence.hu\/#organization","name":"Dorogi-medence Region\u00e1lis H\u00edrport\u00e1l","url":"https:\/\/dorogimedence.hu\/","logo":{"@type":"ImageObject","inLanguage":"hu","@id":"https:\/\/dorogimedence.hu\/#\/schema\/logo\/image\/","url":"https:\/\/dorogimedence.hu\/wp-content\/uploads\/2021\/04\/logo-feher-600.png","contentUrl":"https:\/\/dorogimedence.hu\/wp-content\/uploads\/2021\/04\/logo-feher-600.png","width":600,"height":100,"caption":"Dorogi-medence Region\u00e1lis H\u00edrport\u00e1l"},"image":{"@id":"https:\/\/dorogimedence.hu\/#\/schema\/logo\/image\/"},"sameAs":["https:\/\/www.facebook.com\/dorogimedence\/"]},{"@type":"Person","@id":"https:\/\/dorogimedence.hu\/#\/schema\/person\/ce6091eeb7e95ecdc87890d6aa8e0fd4","name":"dorogimedence.hu","image":{"@type":"ImageObject","inLanguage":"hu","@id":"\/\/www.gravatar.com\/avatar\/d8d45f8901aadff40a4af72c0b826f1d?s=96&#038;r=g&#038;d=mm","url":"\/\/www.gravatar.com\/avatar\/d8d45f8901aadff40a4af72c0b826f1d?s=96&#038;r=g&#038;d=mm","contentUrl":"\/\/www.gravatar.com\/avatar\/d8d45f8901aadff40a4af72c0b826f1d?s=96&#038;r=g&#038;d=mm","caption":"dorogimedence.hu"}}]}},"_links":{"self":[{"href":"https:\/\/dorogimedence.hu\/index.php\/wp-json\/wp\/v2\/posts\/29415","targetHints":{"allow":["GET"]}}],"collection":[{"href":"https:\/\/dorogimedence.hu\/index.php\/wp-json\/wp\/v2\/posts"}],"about":[{"href":"https:\/\/dorogimedence.hu\/index.php\/wp-json\/wp\/v2\/types\/post"}],"author":[{"embeddable":true,"href":"https:\/\/dorogimedence.hu\/index.php\/wp-json\/wp\/v2\/users\/1"}],"replies":[{"embeddable":true,"href":"https:\/\/dorogimedence.hu\/index.php\/wp-json\/wp\/v2\/comments?post=29415"}],"version-history":[{"count":0,"href":"https:\/\/dorogimedence.hu\/index.php\/wp-json\/wp\/v2\/posts\/29415\/revisions"}],"wp:featuredmedia":[{"embeddable":true,"href":"https:\/\/dorogimedence.hu\/index.php\/wp-json\/wp\/v2\/media\/29416"}],"wp:attachment":[{"href":"https:\/\/dorogimedence.hu\/index.php\/wp-json\/wp\/v2\/media?parent=29415"}],"wp:term":[{"taxonomy":"category","embeddable":true,"href":"https:\/\/dorogimedence.hu\/index.php\/wp-json\/wp\/v2\/categories?post=29415"},{"taxonomy":"post_tag","embeddable":true,"href":"https:\/\/dorogimedence.hu\/index.php\/wp-json\/wp\/v2\/tags?post=29415"}],"curies":[{"name":"wp","href":"https:\/\/api.w.org\/{rel}","templated":true}]}}