{"id":29196,"date":"2020-12-15T14:33:50","date_gmt":"2020-12-15T13:33:50","guid":{"rendered":"http:\/\/dorogimedence.hu\/?p=29196"},"modified":"2020-12-15T14:35:29","modified_gmt":"2020-12-15T13:35:29","slug":"holttestet-talaltak-a-leegett-pilismaroti-hazban","status":"publish","type":"post","link":"https:\/\/dorogimedence.hu\/index.php\/2020\/12\/15\/holttestet-talaltak-a-leegett-pilismaroti-hazban\/","title":{"rendered":"Holttestet tal\u00e1ltak a le\u00e9gett pilismar\u00f3ti h\u00e1zban"},"content":{"rendered":"<p><strong><a href=\"https:\/\/dorogimedence.hu\/index.php\/2020\/12\/15\/teljes-terjedelmeben-egett-egy-epulet-pilismaroton\/\" target=\"_blank\" rel=\"noopener\"><span style=\"text-decoration: underline; color: #0000ff;\">Kor\u00e1bban \u00edrtuk<\/span><\/a>, hogy teljes terjedelm\u00e9ben \u00e9gett egy k\u00f6r\u00fclbel\u00fcl \u00f6tven n\u00e9gyzetm\u00e9ter alapter\u00fclet\u0171 \u00e9p\u00fclet december 14-\u00e9n, h\u00e9tf\u0151 \u00e9jjel Pilismar\u00f3ton, a M\u00e1lyva utc\u00e1ban. Kedden d\u00e9lut\u00e1n a katasztr\u00f3fav\u00e9delem m\u0171veleti szolg\u00e1lat\u00e1nak munkat\u00e1rsai egy el\u00e9gett testet tal\u00e1ltak az \u00e9p\u00fcletben.<\/strong><\/p>\n<p>Varga Mih\u00e1ly Sebesty\u00e9n t\u0171zolt\u00f3 f\u0151hadnagy elmondta, hogy a t\u0171zolt\u00f3k hajnali 2 \u00f3rakor v\u00e9geztek az ut\u00f3munk\u00e1latokkal, viszont szem\u00e9lyt nem tal\u00e1ltak a h\u00e1zban, ez\u00e9rt a m\u0171veleti szolg\u00e1lat munkat\u00e1rsai folytatt\u00e1k a keres\u00e9st.<\/p>\n<p>G\u00e1nyai Bal\u00e1zs rend\u0151r f\u0151hadnagyt\u00f3l megtudtuk, hogy kedden d\u00e9lut\u00e1n tal\u00e1ltak egy el\u00e9gett szem\u00e9lyt az \u00e9p\u00fcletben, akit egyel\u0151re nem tudt\u00e1k azonos\u00edtani, ez\u00e9rt a rend\u0151rs\u00e9g a tov\u00e1bbiakban k\u00f6zigazgat\u00e1si hat\u00f3s\u00e1gi elj\u00e1r\u00e1s keret\u00e9n bel\u00fcl vizsg\u00e1lja az \u00fcgyet.<\/p>\n<p>Az esettel kapcsolatban t\u0171zvizsg\u00e1lati elj\u00e1r\u00e1st is ind\u00edtanak, amely sor\u00e1n megvizsg\u00e1lj\u00e1k a t\u0171z keletkez\u00e9s\u00e9nek hely\u00e9t, ok\u00e1t \u00e9s idej\u00e9t.<\/p>\n","protected":false},"excerpt":{"rendered":"<p>Kor\u00e1bban \u00edrtuk, hogy teljes terjedelm\u00e9ben \u00e9gett egy k\u00f6r\u00fclbel\u00fcl \u00f6tven n\u00e9gyzetm\u00e9ter alapter\u00fclet\u0171 \u00e9p\u00fclet december 14-\u00e9n, h\u00e9tf\u0151 \u00e9jjel Pilismar\u00f3ton, a M\u00e1lyva utc\u00e1ban. Kedden d\u00e9lut\u00e1n a katasztr\u00f3fav\u00e9delem m\u0171veleti szolg\u00e1lat\u00e1nak munkat\u00e1rsai egy el\u00e9gett testet tal\u00e1ltak az \u00e9p\u00fcletben. Varga Mih\u00e1ly Sebesty\u00e9n t\u0171zolt\u00f3 f\u0151hadnagy elmondta, hogy a t\u0171zolt\u00f3k hajnali 2 \u00f3rakor v\u00e9geztek az ut\u00f3munk\u00e1latokkal, viszont szem\u00e9lyt nem tal\u00e1ltak a h\u00e1zban, ez\u00e9rt<\/p>\n","protected":false},"author":1,"featured_media":6614,"comment_status":"closed","ping_status":"closed","sticky":false,"template":"","format":"standard","meta":{"ngg_post_thumbnail":0,"footnotes":""},"categories":[3,39],"tags":[41,175,480,61,365,65],"class_list":{"0":"post-29196","1":"post","2":"type-post","3":"status-publish","4":"format-standard","5":"has-post-thumbnail","7":"category-hirek","8":"category-kek-hirek","9":"tag-haztuz","10":"tag-katasztrofavedelem","11":"tag-pilismarot","12":"tag-rendorsegi-hirek","13":"tag-tuzeset","14":"tag-tuzoltosag"},"yoast_head":"<!-- This site is optimized with the Yoast SEO plugin v27.4 - https:\/\/yoast.com\/product\/yoast-seo-wordpress\/ -->\n<title>Holttestet tal\u00e1ltak a le\u00e9gett pilismar\u00f3ti h\u00e1zban<\/title>\n<meta name=\"robots\" content=\"index, follow, max-snippet:-1, max-image-preview:large, max-video-preview:-1\" \/>\n<link rel=\"canonical\" href=\"https:\/\/dorogimedence.hu\/index.php\/2020\/12\/15\/holttestet-talaltak-a-leegett-pilismaroti-hazban\/\" class=\"yoast-seo-meta-tag\" \/>\n<meta property=\"og:locale\" content=\"hu_HU\" class=\"yoast-seo-meta-tag\" \/>\n<meta property=\"og:type\" content=\"article\" class=\"yoast-seo-meta-tag\" \/>\n<meta property=\"og:title\" content=\"Holttestet tal\u00e1ltak a le\u00e9gett pilismar\u00f3ti h\u00e1zban\" class=\"yoast-seo-meta-tag\" \/>\n<meta property=\"og:description\" content=\"Kor\u00e1bban \u00edrtuk, hogy teljes terjedelm\u00e9ben \u00e9gett egy k\u00f6r\u00fclbel\u00fcl \u00f6tven n\u00e9gyzetm\u00e9ter alapter\u00fclet\u0171 \u00e9p\u00fclet december 14-\u00e9n, h\u00e9tf\u0151 \u00e9jjel Pilismar\u00f3ton, a M\u00e1lyva utc\u00e1ban. Kedden d\u00e9lut\u00e1n a katasztr\u00f3fav\u00e9delem m\u0171veleti szolg\u00e1lat\u00e1nak munkat\u00e1rsai egy el\u00e9gett testet tal\u00e1ltak az \u00e9p\u00fcletben. Varga Mih\u00e1ly Sebesty\u00e9n t\u0171zolt\u00f3 f\u0151hadnagy elmondta, hogy a t\u0171zolt\u00f3k hajnali 2 \u00f3rakor v\u00e9geztek az ut\u00f3munk\u00e1latokkal, viszont szem\u00e9lyt nem tal\u00e1ltak a h\u00e1zban, ez\u00e9rt\" class=\"yoast-seo-meta-tag\" \/>\n<meta property=\"og:url\" content=\"https:\/\/dorogimedence.hu\/index.php\/2020\/12\/15\/holttestet-talaltak-a-leegett-pilismaroti-hazban\/\" class=\"yoast-seo-meta-tag\" \/>\n<meta property=\"og:site_name\" content=\"Dorogi-medence Region\u00e1lis H\u00edrport\u00e1l\" class=\"yoast-seo-meta-tag\" \/>\n<meta property=\"article:publisher\" content=\"https:\/\/www.facebook.com\/dorogimedence\/\" class=\"yoast-seo-meta-tag\" \/>\n<meta property=\"article:published_time\" content=\"2020-12-15T13:33:50+00:00\" class=\"yoast-seo-meta-tag\" \/>\n<meta property=\"article:modified_time\" content=\"2020-12-15T13:35:29+00:00\" class=\"yoast-seo-meta-tag\" \/>\n<meta property=\"og:image\" content=\"https:\/\/i0.wp.com\/dorogimedence.hu\/wp-content\/uploads\/2017\/11\/haztuz-01.jpg?fit=670%2C365&ssl=1\" class=\"yoast-seo-meta-tag\" \/>\n\t<meta property=\"og:image:width\" content=\"670\" class=\"yoast-seo-meta-tag\" \/>\n\t<meta property=\"og:image:height\" content=\"365\" class=\"yoast-seo-meta-tag\" \/>\n\t<meta property=\"og:image:type\" content=\"image\/jpeg\" class=\"yoast-seo-meta-tag\" \/>\n<meta name=\"author\" content=\"dorogimedence.hu\" class=\"yoast-seo-meta-tag\" \/>\n<meta name=\"twitter:card\" content=\"summary_large_image\" class=\"yoast-seo-meta-tag\" \/>\n<meta name=\"twitter:label1\" content=\"Szerz\u0151:\" class=\"yoast-seo-meta-tag\" \/>\n\t<meta name=\"twitter:data1\" content=\"dorogimedence.hu\" class=\"yoast-seo-meta-tag\" \/>\n\t<meta name=\"twitter:label2\" content=\"Becs\u00fclt olvas\u00e1si id\u0151\" class=\"yoast-seo-meta-tag\" \/>\n\t<meta name=\"twitter:data2\" content=\"1 perc\" class=\"yoast-seo-meta-tag\" \/>\n<script type=\"application\/ld+json\" class=\"yoast-schema-graph\">{\"@context\":\"https:\\\/\\\/schema.org\",\"@graph\":[{\"@type\":\"Article\",\"@id\":\"https:\\\/\\\/dorogimedence.hu\\\/index.php\\\/2020\\\/12\\\/15\\\/holttestet-talaltak-a-leegett-pilismaroti-hazban\\\/#article\",\"isPartOf\":{\"@id\":\"https:\\\/\\\/dorogimedence.hu\\\/index.php\\\/2020\\\/12\\\/15\\\/holttestet-talaltak-a-leegett-pilismaroti-hazban\\\/\"},\"author\":{\"name\":\"dorogimedence.hu\",\"@id\":\"https:\\\/\\\/dorogimedence.hu\\\/#\\\/schema\\\/person\\\/ce6091eeb7e95ecdc87890d6aa8e0fd4\"},\"headline\":\"Holttestet tal\u00e1ltak a le\u00e9gett pilismar\u00f3ti h\u00e1zban\",\"datePublished\":\"2020-12-15T13:33:50+00:00\",\"dateModified\":\"2020-12-15T13:35:29+00:00\",\"mainEntityOfPage\":{\"@id\":\"https:\\\/\\\/dorogimedence.hu\\\/index.php\\\/2020\\\/12\\\/15\\\/holttestet-talaltak-a-leegett-pilismaroti-hazban\\\/\"},\"wordCount\":204,\"publisher\":{\"@id\":\"https:\\\/\\\/dorogimedence.hu\\\/#organization\"},\"image\":{\"@id\":\"https:\\\/\\\/dorogimedence.hu\\\/index.php\\\/2020\\\/12\\\/15\\\/holttestet-talaltak-a-leegett-pilismaroti-hazban\\\/#primaryimage\"},\"thumbnailUrl\":\"https:\\\/\\\/dorogimedence.hu\\\/wp-content\\\/uploads\\\/2017\\\/11\\\/haztuz-01.jpg\",\"keywords\":[\"h\u00e1zt\u0171z\",\"katasztr\u00f3fav\u00e9delem\",\"Pilismar\u00f3t\",\"rend\u0151rs\u00e9gi h\u00edrek\",\"t\u0171zeset\",\"t\u0171zolt\u00f3s\u00e1g\"],\"articleSection\":[\"H\u00edrek\",\"K\u00e9k h\u00edrek\"],\"inLanguage\":\"hu\"},{\"@type\":\"WebPage\",\"@id\":\"https:\\\/\\\/dorogimedence.hu\\\/index.php\\\/2020\\\/12\\\/15\\\/holttestet-talaltak-a-leegett-pilismaroti-hazban\\\/\",\"url\":\"https:\\\/\\\/dorogimedence.hu\\\/index.php\\\/2020\\\/12\\\/15\\\/holttestet-talaltak-a-leegett-pilismaroti-hazban\\\/\",\"name\":\"Holttestet tal\u00e1ltak a le\u00e9gett pilismar\u00f3ti h\u00e1zban\",\"isPartOf\":{\"@id\":\"https:\\\/\\\/dorogimedence.hu\\\/#website\"},\"primaryImageOfPage\":{\"@id\":\"https:\\\/\\\/dorogimedence.hu\\\/index.php\\\/2020\\\/12\\\/15\\\/holttestet-talaltak-a-leegett-pilismaroti-hazban\\\/#primaryimage\"},\"image\":{\"@id\":\"https:\\\/\\\/dorogimedence.hu\\\/index.php\\\/2020\\\/12\\\/15\\\/holttestet-talaltak-a-leegett-pilismaroti-hazban\\\/#primaryimage\"},\"thumbnailUrl\":\"https:\\\/\\\/dorogimedence.hu\\\/wp-content\\\/uploads\\\/2017\\\/11\\\/haztuz-01.jpg\",\"datePublished\":\"2020-12-15T13:33:50+00:00\",\"dateModified\":\"2020-12-15T13:35:29+00:00\",\"breadcrumb\":{\"@id\":\"https:\\\/\\\/dorogimedence.hu\\\/index.php\\\/2020\\\/12\\\/15\\\/holttestet-talaltak-a-leegett-pilismaroti-hazban\\\/#breadcrumb\"},\"inLanguage\":\"hu\",\"potentialAction\":[{\"@type\":\"ReadAction\",\"target\":[\"https:\\\/\\\/dorogimedence.hu\\\/index.php\\\/2020\\\/12\\\/15\\\/holttestet-talaltak-a-leegett-pilismaroti-hazban\\\/\"]}]},{\"@type\":\"ImageObject\",\"inLanguage\":\"hu\",\"@id\":\"https:\\\/\\\/dorogimedence.hu\\\/index.php\\\/2020\\\/12\\\/15\\\/holttestet-talaltak-a-leegett-pilismaroti-hazban\\\/#primaryimage\",\"url\":\"https:\\\/\\\/dorogimedence.hu\\\/wp-content\\\/uploads\\\/2017\\\/11\\\/haztuz-01.jpg\",\"contentUrl\":\"https:\\\/\\\/dorogimedence.hu\\\/wp-content\\\/uploads\\\/2017\\\/11\\\/haztuz-01.jpg\",\"width\":670,\"height\":365},{\"@type\":\"BreadcrumbList\",\"@id\":\"https:\\\/\\\/dorogimedence.hu\\\/index.php\\\/2020\\\/12\\\/15\\\/holttestet-talaltak-a-leegett-pilismaroti-hazban\\\/#breadcrumb\",\"itemListElement\":[{\"@type\":\"ListItem\",\"position\":1,\"name\":\"Kezd\u0151lap\",\"item\":\"https:\\\/\\\/dorogimedence.hu\\\/\"},{\"@type\":\"ListItem\",\"position\":2,\"name\":\"Holttestet tal\u00e1ltak a le\u00e9gett pilismar\u00f3ti h\u00e1zban\"}]},{\"@type\":\"WebSite\",\"@id\":\"https:\\\/\\\/dorogimedence.hu\\\/#website\",\"url\":\"https:\\\/\\\/dorogimedence.hu\\\/\",\"name\":\"Dorogi-medence Region\u00e1lis H\u00edrport\u00e1l\",\"description\":\"Dorog, Keszt\u00f6lc, Le\u00e1nyv\u00e1r, Piliscs\u00e9v, Tokod, Tokodalt\u00e1r\u00f3, Csolnok, Esztergom-kertv\u00e1ros: h\u00edrek, programok\",\"publisher\":{\"@id\":\"https:\\\/\\\/dorogimedence.hu\\\/#organization\"},\"potentialAction\":[{\"@type\":\"SearchAction\",\"target\":{\"@type\":\"EntryPoint\",\"urlTemplate\":\"https:\\\/\\\/dorogimedence.hu\\\/?s={search_term_string}\"},\"query-input\":{\"@type\":\"PropertyValueSpecification\",\"valueRequired\":true,\"valueName\":\"search_term_string\"}}],\"inLanguage\":\"hu\"},{\"@type\":\"Organization\",\"@id\":\"https:\\\/\\\/dorogimedence.hu\\\/#organization\",\"name\":\"Dorogi-medence Region\u00e1lis H\u00edrport\u00e1l\",\"url\":\"https:\\\/\\\/dorogimedence.hu\\\/\",\"logo\":{\"@type\":\"ImageObject\",\"inLanguage\":\"hu\",\"@id\":\"https:\\\/\\\/dorogimedence.hu\\\/#\\\/schema\\\/logo\\\/image\\\/\",\"url\":\"https:\\\/\\\/dorogimedence.hu\\\/wp-content\\\/uploads\\\/2021\\\/04\\\/logo-feher-600.png\",\"contentUrl\":\"https:\\\/\\\/dorogimedence.hu\\\/wp-content\\\/uploads\\\/2021\\\/04\\\/logo-feher-600.png\",\"width\":600,\"height\":100,\"caption\":\"Dorogi-medence Region\u00e1lis H\u00edrport\u00e1l\"},\"image\":{\"@id\":\"https:\\\/\\\/dorogimedence.hu\\\/#\\\/schema\\\/logo\\\/image\\\/\"},\"sameAs\":[\"https:\\\/\\\/www.facebook.com\\\/dorogimedence\\\/\"]},{\"@type\":\"Person\",\"@id\":\"https:\\\/\\\/dorogimedence.hu\\\/#\\\/schema\\\/person\\\/ce6091eeb7e95ecdc87890d6aa8e0fd4\",\"name\":\"dorogimedence.hu\",\"image\":{\"@type\":\"ImageObject\",\"inLanguage\":\"hu\",\"@id\":\"\\\/\\\/www.gravatar.com\\\/avatar\\\/d8d45f8901aadff40a4af72c0b826f1d?s=96&#038;r=g&#038;d=mm\",\"url\":\"\\\/\\\/www.gravatar.com\\\/avatar\\\/d8d45f8901aadff40a4af72c0b826f1d?s=96&#038;r=g&#038;d=mm\",\"contentUrl\":\"\\\/\\\/www.gravatar.com\\\/avatar\\\/d8d45f8901aadff40a4af72c0b826f1d?s=96&#038;r=g&#038;d=mm\",\"caption\":\"dorogimedence.hu\"}}]}<\/script>\n<!-- \/ Yoast SEO plugin. -->","yoast_head_json":{"title":"Holttestet tal\u00e1ltak a le\u00e9gett pilismar\u00f3ti h\u00e1zban","robots":{"index":"index","follow":"follow","max-snippet":"max-snippet:-1","max-image-preview":"max-image-preview:large","max-video-preview":"max-video-preview:-1"},"canonical":"https:\/\/dorogimedence.hu\/index.php\/2020\/12\/15\/holttestet-talaltak-a-leegett-pilismaroti-hazban\/","og_locale":"hu_HU","og_type":"article","og_title":"Holttestet tal\u00e1ltak a le\u00e9gett pilismar\u00f3ti h\u00e1zban","og_description":"Kor\u00e1bban \u00edrtuk, hogy teljes terjedelm\u00e9ben \u00e9gett egy k\u00f6r\u00fclbel\u00fcl \u00f6tven n\u00e9gyzetm\u00e9ter alapter\u00fclet\u0171 \u00e9p\u00fclet december 14-\u00e9n, h\u00e9tf\u0151 \u00e9jjel Pilismar\u00f3ton, a M\u00e1lyva utc\u00e1ban. Kedden d\u00e9lut\u00e1n a katasztr\u00f3fav\u00e9delem m\u0171veleti szolg\u00e1lat\u00e1nak munkat\u00e1rsai egy el\u00e9gett testet tal\u00e1ltak az \u00e9p\u00fcletben. Varga Mih\u00e1ly Sebesty\u00e9n t\u0171zolt\u00f3 f\u0151hadnagy elmondta, hogy a t\u0171zolt\u00f3k hajnali 2 \u00f3rakor v\u00e9geztek az ut\u00f3munk\u00e1latokkal, viszont szem\u00e9lyt nem tal\u00e1ltak a h\u00e1zban, ez\u00e9rt","og_url":"https:\/\/dorogimedence.hu\/index.php\/2020\/12\/15\/holttestet-talaltak-a-leegett-pilismaroti-hazban\/","og_site_name":"Dorogi-medence Region\u00e1lis H\u00edrport\u00e1l","article_publisher":"https:\/\/www.facebook.com\/dorogimedence\/","article_published_time":"2020-12-15T13:33:50+00:00","article_modified_time":"2020-12-15T13:35:29+00:00","og_image":[{"width":670,"height":365,"url":"https:\/\/i0.wp.com\/dorogimedence.hu\/wp-content\/uploads\/2017\/11\/haztuz-01.jpg?fit=670%2C365&ssl=1","type":"image\/jpeg"}],"author":"dorogimedence.hu","twitter_card":"summary_large_image","twitter_misc":{"Szerz\u0151:":"dorogimedence.hu","Becs\u00fclt olvas\u00e1si id\u0151":"1 perc"},"schema":{"@context":"https:\/\/schema.org","@graph":[{"@type":"Article","@id":"https:\/\/dorogimedence.hu\/index.php\/2020\/12\/15\/holttestet-talaltak-a-leegett-pilismaroti-hazban\/#article","isPartOf":{"@id":"https:\/\/dorogimedence.hu\/index.php\/2020\/12\/15\/holttestet-talaltak-a-leegett-pilismaroti-hazban\/"},"author":{"name":"dorogimedence.hu","@id":"https:\/\/dorogimedence.hu\/#\/schema\/person\/ce6091eeb7e95ecdc87890d6aa8e0fd4"},"headline":"Holttestet tal\u00e1ltak a le\u00e9gett pilismar\u00f3ti h\u00e1zban","datePublished":"2020-12-15T13:33:50+00:00","dateModified":"2020-12-15T13:35:29+00:00","mainEntityOfPage":{"@id":"https:\/\/dorogimedence.hu\/index.php\/2020\/12\/15\/holttestet-talaltak-a-leegett-pilismaroti-hazban\/"},"wordCount":204,"publisher":{"@id":"https:\/\/dorogimedence.hu\/#organization"},"image":{"@id":"https:\/\/dorogimedence.hu\/index.php\/2020\/12\/15\/holttestet-talaltak-a-leegett-pilismaroti-hazban\/#primaryimage"},"thumbnailUrl":"https:\/\/dorogimedence.hu\/wp-content\/uploads\/2017\/11\/haztuz-01.jpg","keywords":["h\u00e1zt\u0171z","katasztr\u00f3fav\u00e9delem","Pilismar\u00f3t","rend\u0151rs\u00e9gi h\u00edrek","t\u0171zeset","t\u0171zolt\u00f3s\u00e1g"],"articleSection":["H\u00edrek","K\u00e9k h\u00edrek"],"inLanguage":"hu"},{"@type":"WebPage","@id":"https:\/\/dorogimedence.hu\/index.php\/2020\/12\/15\/holttestet-talaltak-a-leegett-pilismaroti-hazban\/","url":"https:\/\/dorogimedence.hu\/index.php\/2020\/12\/15\/holttestet-talaltak-a-leegett-pilismaroti-hazban\/","name":"Holttestet tal\u00e1ltak a le\u00e9gett pilismar\u00f3ti h\u00e1zban","isPartOf":{"@id":"https:\/\/dorogimedence.hu\/#website"},"primaryImageOfPage":{"@id":"https:\/\/dorogimedence.hu\/index.php\/2020\/12\/15\/holttestet-talaltak-a-leegett-pilismaroti-hazban\/#primaryimage"},"image":{"@id":"https:\/\/dorogimedence.hu\/index.php\/2020\/12\/15\/holttestet-talaltak-a-leegett-pilismaroti-hazban\/#primaryimage"},"thumbnailUrl":"https:\/\/dorogimedence.hu\/wp-content\/uploads\/2017\/11\/haztuz-01.jpg","datePublished":"2020-12-15T13:33:50+00:00","dateModified":"2020-12-15T13:35:29+00:00","breadcrumb":{"@id":"https:\/\/dorogimedence.hu\/index.php\/2020\/12\/15\/holttestet-talaltak-a-leegett-pilismaroti-hazban\/#breadcrumb"},"inLanguage":"hu","potentialAction":[{"@type":"ReadAction","target":["https:\/\/dorogimedence.hu\/index.php\/2020\/12\/15\/holttestet-talaltak-a-leegett-pilismaroti-hazban\/"]}]},{"@type":"ImageObject","inLanguage":"hu","@id":"https:\/\/dorogimedence.hu\/index.php\/2020\/12\/15\/holttestet-talaltak-a-leegett-pilismaroti-hazban\/#primaryimage","url":"https:\/\/dorogimedence.hu\/wp-content\/uploads\/2017\/11\/haztuz-01.jpg","contentUrl":"https:\/\/dorogimedence.hu\/wp-content\/uploads\/2017\/11\/haztuz-01.jpg","width":670,"height":365},{"@type":"BreadcrumbList","@id":"https:\/\/dorogimedence.hu\/index.php\/2020\/12\/15\/holttestet-talaltak-a-leegett-pilismaroti-hazban\/#breadcrumb","itemListElement":[{"@type":"ListItem","position":1,"name":"Kezd\u0151lap","item":"https:\/\/dorogimedence.hu\/"},{"@type":"ListItem","position":2,"name":"Holttestet tal\u00e1ltak a le\u00e9gett pilismar\u00f3ti h\u00e1zban"}]},{"@type":"WebSite","@id":"https:\/\/dorogimedence.hu\/#website","url":"https:\/\/dorogimedence.hu\/","name":"Dorogi-medence Region\u00e1lis H\u00edrport\u00e1l","description":"Dorog, Keszt\u00f6lc, Le\u00e1nyv\u00e1r, Piliscs\u00e9v, Tokod, Tokodalt\u00e1r\u00f3, Csolnok, Esztergom-kertv\u00e1ros: h\u00edrek, programok","publisher":{"@id":"https:\/\/dorogimedence.hu\/#organization"},"potentialAction":[{"@type":"SearchAction","target":{"@type":"EntryPoint","urlTemplate":"https:\/\/dorogimedence.hu\/?s={search_term_string}"},"query-input":{"@type":"PropertyValueSpecification","valueRequired":true,"valueName":"search_term_string"}}],"inLanguage":"hu"},{"@type":"Organization","@id":"https:\/\/dorogimedence.hu\/#organization","name":"Dorogi-medence Region\u00e1lis H\u00edrport\u00e1l","url":"https:\/\/dorogimedence.hu\/","logo":{"@type":"ImageObject","inLanguage":"hu","@id":"https:\/\/dorogimedence.hu\/#\/schema\/logo\/image\/","url":"https:\/\/dorogimedence.hu\/wp-content\/uploads\/2021\/04\/logo-feher-600.png","contentUrl":"https:\/\/dorogimedence.hu\/wp-content\/uploads\/2021\/04\/logo-feher-600.png","width":600,"height":100,"caption":"Dorogi-medence Region\u00e1lis H\u00edrport\u00e1l"},"image":{"@id":"https:\/\/dorogimedence.hu\/#\/schema\/logo\/image\/"},"sameAs":["https:\/\/www.facebook.com\/dorogimedence\/"]},{"@type":"Person","@id":"https:\/\/dorogimedence.hu\/#\/schema\/person\/ce6091eeb7e95ecdc87890d6aa8e0fd4","name":"dorogimedence.hu","image":{"@type":"ImageObject","inLanguage":"hu","@id":"\/\/www.gravatar.com\/avatar\/d8d45f8901aadff40a4af72c0b826f1d?s=96&#038;r=g&#038;d=mm","url":"\/\/www.gravatar.com\/avatar\/d8d45f8901aadff40a4af72c0b826f1d?s=96&#038;r=g&#038;d=mm","contentUrl":"\/\/www.gravatar.com\/avatar\/d8d45f8901aadff40a4af72c0b826f1d?s=96&#038;r=g&#038;d=mm","caption":"dorogimedence.hu"}}]}},"_links":{"self":[{"href":"https:\/\/dorogimedence.hu\/index.php\/wp-json\/wp\/v2\/posts\/29196","targetHints":{"allow":["GET"]}}],"collection":[{"href":"https:\/\/dorogimedence.hu\/index.php\/wp-json\/wp\/v2\/posts"}],"about":[{"href":"https:\/\/dorogimedence.hu\/index.php\/wp-json\/wp\/v2\/types\/post"}],"author":[{"embeddable":true,"href":"https:\/\/dorogimedence.hu\/index.php\/wp-json\/wp\/v2\/users\/1"}],"replies":[{"embeddable":true,"href":"https:\/\/dorogimedence.hu\/index.php\/wp-json\/wp\/v2\/comments?post=29196"}],"version-history":[{"count":0,"href":"https:\/\/dorogimedence.hu\/index.php\/wp-json\/wp\/v2\/posts\/29196\/revisions"}],"wp:featuredmedia":[{"embeddable":true,"href":"https:\/\/dorogimedence.hu\/index.php\/wp-json\/wp\/v2\/media\/6614"}],"wp:attachment":[{"href":"https:\/\/dorogimedence.hu\/index.php\/wp-json\/wp\/v2\/media?parent=29196"}],"wp:term":[{"taxonomy":"category","embeddable":true,"href":"https:\/\/dorogimedence.hu\/index.php\/wp-json\/wp\/v2\/categories?post=29196"},{"taxonomy":"post_tag","embeddable":true,"href":"https:\/\/dorogimedence.hu\/index.php\/wp-json\/wp\/v2\/tags?post=29196"}],"curies":[{"name":"wp","href":"https:\/\/api.w.org\/{rel}","templated":true}]}}