{"id":29170,"date":"2020-12-15T10:54:10","date_gmt":"2020-12-15T09:54:10","guid":{"rendered":"http:\/\/dorogimedence.hu\/?p=29170"},"modified":"2020-12-15T10:56:23","modified_gmt":"2020-12-15T09:56:23","slug":"versenyben-az-angolna-a-furge-cselle-es-a-jaszkeszeg-2","status":"publish","type":"post","link":"https:\/\/dorogimedence.hu\/index.php\/2020\/12\/15\/versenyben-az-angolna-a-furge-cselle-es-a-jaszkeszeg-2\/","title":{"rendered":"Versenyben az angolna, a f\u00fcrge cselle \u00e9s a j\u00e1szkeszeg"},"content":{"rendered":"<p><strong>H\u00e1rom, vizeinkben el\u0151fordul\u00f3 hal, az angolna, a f\u00fcrge cselle \u00e9s a j\u00e1szkeszeg versenyez \u201eAz \u00e9v hala 2021\u201d c\u00edm\u00e9rt. A szavaz\u00e1st a Magyar Haltani T\u00e1rsas\u00e1g \u00edrta ki, annak \u00e9rdek\u00e9ben, hogy min\u00e9l t\u00f6bben megismerj\u00e9k haz\u00e1nk v\u00e1ltozatos \u00e9l\u0151vil\u00e1g\u00e1t. A jel\u00f6l\u00e9si elveknek megfelel\u0151en mindh\u00e1rom faj \u0151shonos vizeinkben, tov\u00e1bb\u00e1 van k\u00f6z\u00f6tt\u00fck v\u00e9dett \u00e9s foghat\u00f3 faj is. A jel\u00f6ltekre december 31-ig b\u00e1rki szavazhat a t\u00e1rsas\u00e1g honlapj\u00e1n.<\/strong><\/p>\n<p>Az <strong>angolna<\/strong> \u0151si von\u00e1sokkal rendelkez\u0151 k\u00edgy\u00f3szer\u0171 hal. Testhossza el\u00e9rheti az egy m\u00e9tert, t\u00f6mege a 4 kilogrammot is meghaladhatja. R\u00e9gebben rendszeresen feljutott a Fekete-tengerb\u0151l a Dun\u00e1n kereszt\u00fcl a nagyobb foly\u00f3inkba is, \u00edgy term\u00e9szetes \u00faton bev\u00e1ndorl\u00f3 \u0151shonos halunknak tekinthet\u0151. A felmeleged\u00e9s k\u00f6vetkezt\u00e9ben egyre kevesebb angolna \u00e9rkezik Eur\u00f3pa partvid\u00e9k\u00e9re, a fajt vil\u00e1gviszonylatban a kritikusan vesz\u00e9lyeztetett kateg\u00f3ri\u00e1ba sorolt\u00e1k. A hazai horg\u00e1szrekord 4,75 kilogramm (1997).<\/p>\n<p><img fetchpriority=\"high\" decoding=\"async\" class=\"alignnone size-full wp-image-29171\" src=\"https:\/\/dorogimedence.hu\/wp-content\/uploads\/2020\/12\/angolna.jpg\" alt=\"\" width=\"570\" height=\"334\" srcset=\"https:\/\/dorogimedence.hu\/wp-content\/uploads\/2020\/12\/angolna.jpg 570w, https:\/\/dorogimedence.hu\/wp-content\/uploads\/2020\/12\/angolna-300x176.jpg 300w\" sizes=\"(max-width: 570px) 100vw, 570px\" \/><\/p>\n<p>A <strong>j\u00e1szkeszeg<\/strong> k\u00f6zepes termet\u0171, szab\u00e1lyos halform\u00e1j\u00fa, ez\u00fcst\u00f6s sz\u00edn\u0171 pontyf\u00e9l\u00e9nk, melynek barn\u00e1sv\u00f6r\u00f6s als\u00f3 \u00fasz\u00f3i az \u00e9vek sor\u00e1n egyre \u00e9l\u00e9nkebb\u00e9 v\u00e1lhatnak. A nagyobb v\u00edzfoly\u00e1sok lak\u00f3ja, azonban tal\u00e1lkozhatunk vele az \u00e1raml\u00f3 viz\u0171 csatorn\u00e1kban \u00e9s a gyakran \u00e1tkevered\u0151, felfriss\u00fcl\u0151 tavakban is, mint amilyen a Tisza-t\u00f3, a Balatonban azonban ritkas\u00e1g. H\u00fasa sz\u00e1lk\u00e1s, de \u00edzletes. A hazai horg\u00e1szrekord 3,86 kilogramm (1995).<\/p>\n<p><img decoding=\"async\" class=\"alignnone size-full wp-image-29172\" src=\"https:\/\/dorogimedence.hu\/wp-content\/uploads\/2020\/12\/Jaszkeszeg.jpg\" alt=\"\" width=\"945\" height=\"432\" srcset=\"https:\/\/dorogimedence.hu\/wp-content\/uploads\/2020\/12\/Jaszkeszeg.jpg 945w, https:\/\/dorogimedence.hu\/wp-content\/uploads\/2020\/12\/Jaszkeszeg-300x137.jpg 300w, https:\/\/dorogimedence.hu\/wp-content\/uploads\/2020\/12\/Jaszkeszeg-768x351.jpg 768w\" sizes=\"(max-width: 945px) 100vw, 945px\" \/><\/p>\n<p>A <strong>f\u00fcrge cselle<\/strong> \u00e1ramvonalas, apr\u00f3 termet\u0171 hal. Kicsiny sz\u00e1ja f\u00e9lig als\u00f3 \u00e1ll\u00e1s\u00fa, azaz fels\u0151 \u00e1llkapcsa valamelyest t\u00fal\u00e9r az als\u00f3 \u00e1llkapcson. A hegy \u00e9s dombvid\u00e9ki patakokban Eur\u00f3pa-szerte el\u0151fordul\u00f3 halfaj, de a hegyi tavakban is jelent\u0151s \u00e1llom\u00e1nyai alakulhatnak ki. \u00d3vatos halfaj, mely t\u00e1pl\u00e1l\u00e9k\u00e1t csapatokba ver\u0151dve keresi. Magyarorsz\u00e1gon fogyatkoz\u00f3ban van, ez\u00e9rt term\u00e9szetv\u00e9delmi oltalom alatt \u00e1ll, sem csalihalk\u00e9nt, sem akv\u00e1riumi halk\u00e9nt nem haszn\u00e1lhat\u00f3.<\/p>\n<p><img decoding=\"async\" class=\"alignnone size-full wp-image-29173\" src=\"https:\/\/dorogimedence.hu\/wp-content\/uploads\/2020\/12\/furgecselle.jpg\" alt=\"\" width=\"786\" height=\"461\" srcset=\"https:\/\/dorogimedence.hu\/wp-content\/uploads\/2020\/12\/furgecselle.jpg 786w, https:\/\/dorogimedence.hu\/wp-content\/uploads\/2020\/12\/furgecselle-300x176.jpg 300w, https:\/\/dorogimedence.hu\/wp-content\/uploads\/2020\/12\/furgecselle-768x450.jpg 768w\" sizes=\"(max-width: 786px) 100vw, 786px\" \/><\/p>\n<p>A tisztul\u00f3 \u00e9l\u0151vizeknek \u00e9s az elm\u00falt \u00e9vek t\u00f6rv\u00e9nyi szab\u00e1lyoz\u00e1s\u00e1nak k\u00f6sz\u00f6nhet\u0151en haz\u00e1nkban n\u00f6vekszik az \u0151shonos halak \u00e1llom\u00e1nya. Telep\u00edteni is p\u00e9ld\u00e1ul m\u00e1r csak \u0151shonos halakat lehet \u00e9s kifoghat\u00f3 fajaikra is szigor\u00fabb m\u00e9retkorl\u00e1toz\u00e1sok \u00e9rv\u00e9nyesek, mint m\u00e1s fajokra. A h\u00e1rom halra Magyar Haltani T\u00e1rsas\u00e1g honlapj\u00e1n (<a href=\"http:\/\/haltanitarsasag.hu\/azevhala_hu.php\" target=\"_blank\" rel=\"noopener\"><span style=\"text-decoration: underline; color: #0000ff;\">http:\/\/haltanitarsasag.hu\/azevhala_hu.php<\/span><\/a>) lehet szavazni, a linkre kattintva december 31-ig, d\u00e9li 12 \u00f3r\u00e1ig.<\/p>\n<p><em>Forr\u00e1s: Kom\u00e1rom-Esztergom Megyei Horg\u00e1szegyes\u00fcletek Sz\u00f6vets\u00e9ge<\/em><\/p>\n","protected":false},"excerpt":{"rendered":"<p>H\u00e1rom, vizeinkben el\u0151fordul\u00f3 hal, az angolna, a f\u00fcrge cselle \u00e9s a j\u00e1szkeszeg versenyez \u201eAz \u00e9v hala 2021\u201d c\u00edm\u00e9rt. A szavaz\u00e1st a Magyar Haltani T\u00e1rsas\u00e1g \u00edrta ki, annak \u00e9rdek\u00e9ben, hogy min\u00e9l t\u00f6bben megismerj\u00e9k haz\u00e1nk v\u00e1ltozatos \u00e9l\u0151vil\u00e1g\u00e1t. A jel\u00f6l\u00e9si elveknek megfelel\u0151en mindh\u00e1rom faj \u0151shonos vizeinkben, tov\u00e1bb\u00e1 van k\u00f6z\u00f6tt\u00fck v\u00e9dett \u00e9s foghat\u00f3 faj is. A jel\u00f6ltekre december 31-ig<\/p>\n","protected":false},"author":1,"featured_media":29174,"comment_status":"closed","ping_status":"closed","sticky":false,"template":"","format":"standard","meta":{"ngg_post_thumbnail":0,"footnotes":""},"categories":[3],"tags":[5297,598,4398],"class_list":{"0":"post-29170","1":"post","2":"type-post","3":"status-publish","4":"format-standard","5":"has-post-thumbnail","7":"category-hirek","8":"tag-ev-hala","9":"tag-horgaszat","10":"tag-kemhesz"},"yoast_head":"<!-- This site is optimized with the Yoast SEO plugin v27.4 - https:\/\/yoast.com\/product\/yoast-seo-wordpress\/ -->\n<title>Versenyben az angolna, a f\u00fcrge cselle \u00e9s a j\u00e1szkeszeg<\/title>\n<meta name=\"robots\" content=\"index, follow, max-snippet:-1, max-image-preview:large, max-video-preview:-1\" \/>\n<link rel=\"canonical\" href=\"https:\/\/dorogimedence.hu\/index.php\/2020\/12\/15\/versenyben-az-angolna-a-furge-cselle-es-a-jaszkeszeg-2\/\" class=\"yoast-seo-meta-tag\" \/>\n<meta property=\"og:locale\" content=\"hu_HU\" class=\"yoast-seo-meta-tag\" \/>\n<meta property=\"og:type\" content=\"article\" class=\"yoast-seo-meta-tag\" \/>\n<meta property=\"og:title\" content=\"Versenyben az angolna, a f\u00fcrge cselle \u00e9s a j\u00e1szkeszeg\" class=\"yoast-seo-meta-tag\" \/>\n<meta property=\"og:description\" content=\"H\u00e1rom, vizeinkben el\u0151fordul\u00f3 hal, az angolna, a f\u00fcrge cselle \u00e9s a j\u00e1szkeszeg versenyez \u201eAz \u00e9v hala 2021\u201d c\u00edm\u00e9rt. A szavaz\u00e1st a Magyar Haltani T\u00e1rsas\u00e1g \u00edrta ki, annak \u00e9rdek\u00e9ben, hogy min\u00e9l t\u00f6bben megismerj\u00e9k haz\u00e1nk v\u00e1ltozatos \u00e9l\u0151vil\u00e1g\u00e1t. A jel\u00f6l\u00e9si elveknek megfelel\u0151en mindh\u00e1rom faj \u0151shonos vizeinkben, tov\u00e1bb\u00e1 van k\u00f6z\u00f6tt\u00fck v\u00e9dett \u00e9s foghat\u00f3 faj is. A jel\u00f6ltekre december 31-ig\" class=\"yoast-seo-meta-tag\" \/>\n<meta property=\"og:url\" content=\"https:\/\/dorogimedence.hu\/index.php\/2020\/12\/15\/versenyben-az-angolna-a-furge-cselle-es-a-jaszkeszeg-2\/\" class=\"yoast-seo-meta-tag\" \/>\n<meta property=\"og:site_name\" content=\"Dorogi-medence Region\u00e1lis H\u00edrport\u00e1l\" class=\"yoast-seo-meta-tag\" \/>\n<meta property=\"article:publisher\" content=\"https:\/\/www.facebook.com\/dorogimedence\/\" class=\"yoast-seo-meta-tag\" \/>\n<meta property=\"article:published_time\" content=\"2020-12-15T09:54:10+00:00\" class=\"yoast-seo-meta-tag\" \/>\n<meta property=\"article:modified_time\" content=\"2020-12-15T09:56:23+00:00\" class=\"yoast-seo-meta-tag\" \/>\n<meta property=\"og:image\" content=\"https:\/\/i0.wp.com\/dorogimedence.hu\/wp-content\/uploads\/2020\/12\/evhala.jpg?fit=830%2C450&ssl=1\" class=\"yoast-seo-meta-tag\" \/>\n\t<meta property=\"og:image:width\" content=\"830\" class=\"yoast-seo-meta-tag\" \/>\n\t<meta property=\"og:image:height\" content=\"450\" class=\"yoast-seo-meta-tag\" \/>\n\t<meta property=\"og:image:type\" content=\"image\/jpeg\" class=\"yoast-seo-meta-tag\" \/>\n<meta name=\"author\" content=\"dorogimedence.hu\" class=\"yoast-seo-meta-tag\" \/>\n<meta name=\"twitter:card\" content=\"summary_large_image\" class=\"yoast-seo-meta-tag\" \/>\n<meta name=\"twitter:label1\" content=\"Szerz\u0151:\" class=\"yoast-seo-meta-tag\" \/>\n\t<meta name=\"twitter:data1\" content=\"dorogimedence.hu\" class=\"yoast-seo-meta-tag\" \/>\n\t<meta name=\"twitter:label2\" content=\"Becs\u00fclt olvas\u00e1si id\u0151\" class=\"yoast-seo-meta-tag\" \/>\n\t<meta name=\"twitter:data2\" content=\"2 perc\" class=\"yoast-seo-meta-tag\" \/>\n<script type=\"application\/ld+json\" class=\"yoast-schema-graph\">{\"@context\":\"https:\\\/\\\/schema.org\",\"@graph\":[{\"@type\":\"Article\",\"@id\":\"https:\\\/\\\/dorogimedence.hu\\\/index.php\\\/2020\\\/12\\\/15\\\/versenyben-az-angolna-a-furge-cselle-es-a-jaszkeszeg-2\\\/#article\",\"isPartOf\":{\"@id\":\"https:\\\/\\\/dorogimedence.hu\\\/index.php\\\/2020\\\/12\\\/15\\\/versenyben-az-angolna-a-furge-cselle-es-a-jaszkeszeg-2\\\/\"},\"author\":{\"name\":\"dorogimedence.hu\",\"@id\":\"https:\\\/\\\/dorogimedence.hu\\\/#\\\/schema\\\/person\\\/ce6091eeb7e95ecdc87890d6aa8e0fd4\"},\"headline\":\"Versenyben az angolna, a f\u00fcrge cselle \u00e9s a j\u00e1szkeszeg\",\"datePublished\":\"2020-12-15T09:54:10+00:00\",\"dateModified\":\"2020-12-15T09:56:23+00:00\",\"mainEntityOfPage\":{\"@id\":\"https:\\\/\\\/dorogimedence.hu\\\/index.php\\\/2020\\\/12\\\/15\\\/versenyben-az-angolna-a-furge-cselle-es-a-jaszkeszeg-2\\\/\"},\"wordCount\":444,\"publisher\":{\"@id\":\"https:\\\/\\\/dorogimedence.hu\\\/#organization\"},\"image\":{\"@id\":\"https:\\\/\\\/dorogimedence.hu\\\/index.php\\\/2020\\\/12\\\/15\\\/versenyben-az-angolna-a-furge-cselle-es-a-jaszkeszeg-2\\\/#primaryimage\"},\"thumbnailUrl\":\"https:\\\/\\\/dorogimedence.hu\\\/wp-content\\\/uploads\\\/2020\\\/12\\\/evhala.jpg\",\"keywords\":[\"\u00e9v hala\",\"horg\u00e1szat\",\"KEMHESZ\"],\"articleSection\":[\"H\u00edrek\"],\"inLanguage\":\"hu\"},{\"@type\":\"WebPage\",\"@id\":\"https:\\\/\\\/dorogimedence.hu\\\/index.php\\\/2020\\\/12\\\/15\\\/versenyben-az-angolna-a-furge-cselle-es-a-jaszkeszeg-2\\\/\",\"url\":\"https:\\\/\\\/dorogimedence.hu\\\/index.php\\\/2020\\\/12\\\/15\\\/versenyben-az-angolna-a-furge-cselle-es-a-jaszkeszeg-2\\\/\",\"name\":\"Versenyben az angolna, a f\u00fcrge cselle \u00e9s a j\u00e1szkeszeg\",\"isPartOf\":{\"@id\":\"https:\\\/\\\/dorogimedence.hu\\\/#website\"},\"primaryImageOfPage\":{\"@id\":\"https:\\\/\\\/dorogimedence.hu\\\/index.php\\\/2020\\\/12\\\/15\\\/versenyben-az-angolna-a-furge-cselle-es-a-jaszkeszeg-2\\\/#primaryimage\"},\"image\":{\"@id\":\"https:\\\/\\\/dorogimedence.hu\\\/index.php\\\/2020\\\/12\\\/15\\\/versenyben-az-angolna-a-furge-cselle-es-a-jaszkeszeg-2\\\/#primaryimage\"},\"thumbnailUrl\":\"https:\\\/\\\/dorogimedence.hu\\\/wp-content\\\/uploads\\\/2020\\\/12\\\/evhala.jpg\",\"datePublished\":\"2020-12-15T09:54:10+00:00\",\"dateModified\":\"2020-12-15T09:56:23+00:00\",\"breadcrumb\":{\"@id\":\"https:\\\/\\\/dorogimedence.hu\\\/index.php\\\/2020\\\/12\\\/15\\\/versenyben-az-angolna-a-furge-cselle-es-a-jaszkeszeg-2\\\/#breadcrumb\"},\"inLanguage\":\"hu\",\"potentialAction\":[{\"@type\":\"ReadAction\",\"target\":[\"https:\\\/\\\/dorogimedence.hu\\\/index.php\\\/2020\\\/12\\\/15\\\/versenyben-az-angolna-a-furge-cselle-es-a-jaszkeszeg-2\\\/\"]}]},{\"@type\":\"ImageObject\",\"inLanguage\":\"hu\",\"@id\":\"https:\\\/\\\/dorogimedence.hu\\\/index.php\\\/2020\\\/12\\\/15\\\/versenyben-az-angolna-a-furge-cselle-es-a-jaszkeszeg-2\\\/#primaryimage\",\"url\":\"https:\\\/\\\/dorogimedence.hu\\\/wp-content\\\/uploads\\\/2020\\\/12\\\/evhala.jpg\",\"contentUrl\":\"https:\\\/\\\/dorogimedence.hu\\\/wp-content\\\/uploads\\\/2020\\\/12\\\/evhala.jpg\",\"width\":830,\"height\":450},{\"@type\":\"BreadcrumbList\",\"@id\":\"https:\\\/\\\/dorogimedence.hu\\\/index.php\\\/2020\\\/12\\\/15\\\/versenyben-az-angolna-a-furge-cselle-es-a-jaszkeszeg-2\\\/#breadcrumb\",\"itemListElement\":[{\"@type\":\"ListItem\",\"position\":1,\"name\":\"Kezd\u0151lap\",\"item\":\"https:\\\/\\\/dorogimedence.hu\\\/\"},{\"@type\":\"ListItem\",\"position\":2,\"name\":\"Versenyben az angolna, a f\u00fcrge cselle \u00e9s a j\u00e1szkeszeg\"}]},{\"@type\":\"WebSite\",\"@id\":\"https:\\\/\\\/dorogimedence.hu\\\/#website\",\"url\":\"https:\\\/\\\/dorogimedence.hu\\\/\",\"name\":\"Dorogi-medence Region\u00e1lis H\u00edrport\u00e1l\",\"description\":\"Dorog, Keszt\u00f6lc, Le\u00e1nyv\u00e1r, Piliscs\u00e9v, Tokod, Tokodalt\u00e1r\u00f3, Csolnok, Esztergom-kertv\u00e1ros: h\u00edrek, programok\",\"publisher\":{\"@id\":\"https:\\\/\\\/dorogimedence.hu\\\/#organization\"},\"potentialAction\":[{\"@type\":\"SearchAction\",\"target\":{\"@type\":\"EntryPoint\",\"urlTemplate\":\"https:\\\/\\\/dorogimedence.hu\\\/?s={search_term_string}\"},\"query-input\":{\"@type\":\"PropertyValueSpecification\",\"valueRequired\":true,\"valueName\":\"search_term_string\"}}],\"inLanguage\":\"hu\"},{\"@type\":\"Organization\",\"@id\":\"https:\\\/\\\/dorogimedence.hu\\\/#organization\",\"name\":\"Dorogi-medence Region\u00e1lis H\u00edrport\u00e1l\",\"url\":\"https:\\\/\\\/dorogimedence.hu\\\/\",\"logo\":{\"@type\":\"ImageObject\",\"inLanguage\":\"hu\",\"@id\":\"https:\\\/\\\/dorogimedence.hu\\\/#\\\/schema\\\/logo\\\/image\\\/\",\"url\":\"https:\\\/\\\/dorogimedence.hu\\\/wp-content\\\/uploads\\\/2021\\\/04\\\/logo-feher-600.png\",\"contentUrl\":\"https:\\\/\\\/dorogimedence.hu\\\/wp-content\\\/uploads\\\/2021\\\/04\\\/logo-feher-600.png\",\"width\":600,\"height\":100,\"caption\":\"Dorogi-medence Region\u00e1lis H\u00edrport\u00e1l\"},\"image\":{\"@id\":\"https:\\\/\\\/dorogimedence.hu\\\/#\\\/schema\\\/logo\\\/image\\\/\"},\"sameAs\":[\"https:\\\/\\\/www.facebook.com\\\/dorogimedence\\\/\"]},{\"@type\":\"Person\",\"@id\":\"https:\\\/\\\/dorogimedence.hu\\\/#\\\/schema\\\/person\\\/ce6091eeb7e95ecdc87890d6aa8e0fd4\",\"name\":\"dorogimedence.hu\",\"image\":{\"@type\":\"ImageObject\",\"inLanguage\":\"hu\",\"@id\":\"\\\/\\\/www.gravatar.com\\\/avatar\\\/d8d45f8901aadff40a4af72c0b826f1d?s=96&#038;r=g&#038;d=mm\",\"url\":\"\\\/\\\/www.gravatar.com\\\/avatar\\\/d8d45f8901aadff40a4af72c0b826f1d?s=96&#038;r=g&#038;d=mm\",\"contentUrl\":\"\\\/\\\/www.gravatar.com\\\/avatar\\\/d8d45f8901aadff40a4af72c0b826f1d?s=96&#038;r=g&#038;d=mm\",\"caption\":\"dorogimedence.hu\"}}]}<\/script>\n<!-- \/ Yoast SEO plugin. -->","yoast_head_json":{"title":"Versenyben az angolna, a f\u00fcrge cselle \u00e9s a j\u00e1szkeszeg","robots":{"index":"index","follow":"follow","max-snippet":"max-snippet:-1","max-image-preview":"max-image-preview:large","max-video-preview":"max-video-preview:-1"},"canonical":"https:\/\/dorogimedence.hu\/index.php\/2020\/12\/15\/versenyben-az-angolna-a-furge-cselle-es-a-jaszkeszeg-2\/","og_locale":"hu_HU","og_type":"article","og_title":"Versenyben az angolna, a f\u00fcrge cselle \u00e9s a j\u00e1szkeszeg","og_description":"H\u00e1rom, vizeinkben el\u0151fordul\u00f3 hal, az angolna, a f\u00fcrge cselle \u00e9s a j\u00e1szkeszeg versenyez \u201eAz \u00e9v hala 2021\u201d c\u00edm\u00e9rt. A szavaz\u00e1st a Magyar Haltani T\u00e1rsas\u00e1g \u00edrta ki, annak \u00e9rdek\u00e9ben, hogy min\u00e9l t\u00f6bben megismerj\u00e9k haz\u00e1nk v\u00e1ltozatos \u00e9l\u0151vil\u00e1g\u00e1t. A jel\u00f6l\u00e9si elveknek megfelel\u0151en mindh\u00e1rom faj \u0151shonos vizeinkben, tov\u00e1bb\u00e1 van k\u00f6z\u00f6tt\u00fck v\u00e9dett \u00e9s foghat\u00f3 faj is. A jel\u00f6ltekre december 31-ig","og_url":"https:\/\/dorogimedence.hu\/index.php\/2020\/12\/15\/versenyben-az-angolna-a-furge-cselle-es-a-jaszkeszeg-2\/","og_site_name":"Dorogi-medence Region\u00e1lis H\u00edrport\u00e1l","article_publisher":"https:\/\/www.facebook.com\/dorogimedence\/","article_published_time":"2020-12-15T09:54:10+00:00","article_modified_time":"2020-12-15T09:56:23+00:00","og_image":[{"width":830,"height":450,"url":"https:\/\/i0.wp.com\/dorogimedence.hu\/wp-content\/uploads\/2020\/12\/evhala.jpg?fit=830%2C450&ssl=1","type":"image\/jpeg"}],"author":"dorogimedence.hu","twitter_card":"summary_large_image","twitter_misc":{"Szerz\u0151:":"dorogimedence.hu","Becs\u00fclt olvas\u00e1si id\u0151":"2 perc"},"schema":{"@context":"https:\/\/schema.org","@graph":[{"@type":"Article","@id":"https:\/\/dorogimedence.hu\/index.php\/2020\/12\/15\/versenyben-az-angolna-a-furge-cselle-es-a-jaszkeszeg-2\/#article","isPartOf":{"@id":"https:\/\/dorogimedence.hu\/index.php\/2020\/12\/15\/versenyben-az-angolna-a-furge-cselle-es-a-jaszkeszeg-2\/"},"author":{"name":"dorogimedence.hu","@id":"https:\/\/dorogimedence.hu\/#\/schema\/person\/ce6091eeb7e95ecdc87890d6aa8e0fd4"},"headline":"Versenyben az angolna, a f\u00fcrge cselle \u00e9s a j\u00e1szkeszeg","datePublished":"2020-12-15T09:54:10+00:00","dateModified":"2020-12-15T09:56:23+00:00","mainEntityOfPage":{"@id":"https:\/\/dorogimedence.hu\/index.php\/2020\/12\/15\/versenyben-az-angolna-a-furge-cselle-es-a-jaszkeszeg-2\/"},"wordCount":444,"publisher":{"@id":"https:\/\/dorogimedence.hu\/#organization"},"image":{"@id":"https:\/\/dorogimedence.hu\/index.php\/2020\/12\/15\/versenyben-az-angolna-a-furge-cselle-es-a-jaszkeszeg-2\/#primaryimage"},"thumbnailUrl":"https:\/\/dorogimedence.hu\/wp-content\/uploads\/2020\/12\/evhala.jpg","keywords":["\u00e9v hala","horg\u00e1szat","KEMHESZ"],"articleSection":["H\u00edrek"],"inLanguage":"hu"},{"@type":"WebPage","@id":"https:\/\/dorogimedence.hu\/index.php\/2020\/12\/15\/versenyben-az-angolna-a-furge-cselle-es-a-jaszkeszeg-2\/","url":"https:\/\/dorogimedence.hu\/index.php\/2020\/12\/15\/versenyben-az-angolna-a-furge-cselle-es-a-jaszkeszeg-2\/","name":"Versenyben az angolna, a f\u00fcrge cselle \u00e9s a j\u00e1szkeszeg","isPartOf":{"@id":"https:\/\/dorogimedence.hu\/#website"},"primaryImageOfPage":{"@id":"https:\/\/dorogimedence.hu\/index.php\/2020\/12\/15\/versenyben-az-angolna-a-furge-cselle-es-a-jaszkeszeg-2\/#primaryimage"},"image":{"@id":"https:\/\/dorogimedence.hu\/index.php\/2020\/12\/15\/versenyben-az-angolna-a-furge-cselle-es-a-jaszkeszeg-2\/#primaryimage"},"thumbnailUrl":"https:\/\/dorogimedence.hu\/wp-content\/uploads\/2020\/12\/evhala.jpg","datePublished":"2020-12-15T09:54:10+00:00","dateModified":"2020-12-15T09:56:23+00:00","breadcrumb":{"@id":"https:\/\/dorogimedence.hu\/index.php\/2020\/12\/15\/versenyben-az-angolna-a-furge-cselle-es-a-jaszkeszeg-2\/#breadcrumb"},"inLanguage":"hu","potentialAction":[{"@type":"ReadAction","target":["https:\/\/dorogimedence.hu\/index.php\/2020\/12\/15\/versenyben-az-angolna-a-furge-cselle-es-a-jaszkeszeg-2\/"]}]},{"@type":"ImageObject","inLanguage":"hu","@id":"https:\/\/dorogimedence.hu\/index.php\/2020\/12\/15\/versenyben-az-angolna-a-furge-cselle-es-a-jaszkeszeg-2\/#primaryimage","url":"https:\/\/dorogimedence.hu\/wp-content\/uploads\/2020\/12\/evhala.jpg","contentUrl":"https:\/\/dorogimedence.hu\/wp-content\/uploads\/2020\/12\/evhala.jpg","width":830,"height":450},{"@type":"BreadcrumbList","@id":"https:\/\/dorogimedence.hu\/index.php\/2020\/12\/15\/versenyben-az-angolna-a-furge-cselle-es-a-jaszkeszeg-2\/#breadcrumb","itemListElement":[{"@type":"ListItem","position":1,"name":"Kezd\u0151lap","item":"https:\/\/dorogimedence.hu\/"},{"@type":"ListItem","position":2,"name":"Versenyben az angolna, a f\u00fcrge cselle \u00e9s a j\u00e1szkeszeg"}]},{"@type":"WebSite","@id":"https:\/\/dorogimedence.hu\/#website","url":"https:\/\/dorogimedence.hu\/","name":"Dorogi-medence Region\u00e1lis H\u00edrport\u00e1l","description":"Dorog, Keszt\u00f6lc, Le\u00e1nyv\u00e1r, Piliscs\u00e9v, Tokod, Tokodalt\u00e1r\u00f3, Csolnok, Esztergom-kertv\u00e1ros: h\u00edrek, programok","publisher":{"@id":"https:\/\/dorogimedence.hu\/#organization"},"potentialAction":[{"@type":"SearchAction","target":{"@type":"EntryPoint","urlTemplate":"https:\/\/dorogimedence.hu\/?s={search_term_string}"},"query-input":{"@type":"PropertyValueSpecification","valueRequired":true,"valueName":"search_term_string"}}],"inLanguage":"hu"},{"@type":"Organization","@id":"https:\/\/dorogimedence.hu\/#organization","name":"Dorogi-medence Region\u00e1lis H\u00edrport\u00e1l","url":"https:\/\/dorogimedence.hu\/","logo":{"@type":"ImageObject","inLanguage":"hu","@id":"https:\/\/dorogimedence.hu\/#\/schema\/logo\/image\/","url":"https:\/\/dorogimedence.hu\/wp-content\/uploads\/2021\/04\/logo-feher-600.png","contentUrl":"https:\/\/dorogimedence.hu\/wp-content\/uploads\/2021\/04\/logo-feher-600.png","width":600,"height":100,"caption":"Dorogi-medence Region\u00e1lis H\u00edrport\u00e1l"},"image":{"@id":"https:\/\/dorogimedence.hu\/#\/schema\/logo\/image\/"},"sameAs":["https:\/\/www.facebook.com\/dorogimedence\/"]},{"@type":"Person","@id":"https:\/\/dorogimedence.hu\/#\/schema\/person\/ce6091eeb7e95ecdc87890d6aa8e0fd4","name":"dorogimedence.hu","image":{"@type":"ImageObject","inLanguage":"hu","@id":"\/\/www.gravatar.com\/avatar\/d8d45f8901aadff40a4af72c0b826f1d?s=96&#038;r=g&#038;d=mm","url":"\/\/www.gravatar.com\/avatar\/d8d45f8901aadff40a4af72c0b826f1d?s=96&#038;r=g&#038;d=mm","contentUrl":"\/\/www.gravatar.com\/avatar\/d8d45f8901aadff40a4af72c0b826f1d?s=96&#038;r=g&#038;d=mm","caption":"dorogimedence.hu"}}]}},"_links":{"self":[{"href":"https:\/\/dorogimedence.hu\/index.php\/wp-json\/wp\/v2\/posts\/29170","targetHints":{"allow":["GET"]}}],"collection":[{"href":"https:\/\/dorogimedence.hu\/index.php\/wp-json\/wp\/v2\/posts"}],"about":[{"href":"https:\/\/dorogimedence.hu\/index.php\/wp-json\/wp\/v2\/types\/post"}],"author":[{"embeddable":true,"href":"https:\/\/dorogimedence.hu\/index.php\/wp-json\/wp\/v2\/users\/1"}],"replies":[{"embeddable":true,"href":"https:\/\/dorogimedence.hu\/index.php\/wp-json\/wp\/v2\/comments?post=29170"}],"version-history":[{"count":0,"href":"https:\/\/dorogimedence.hu\/index.php\/wp-json\/wp\/v2\/posts\/29170\/revisions"}],"wp:featuredmedia":[{"embeddable":true,"href":"https:\/\/dorogimedence.hu\/index.php\/wp-json\/wp\/v2\/media\/29174"}],"wp:attachment":[{"href":"https:\/\/dorogimedence.hu\/index.php\/wp-json\/wp\/v2\/media?parent=29170"}],"wp:term":[{"taxonomy":"category","embeddable":true,"href":"https:\/\/dorogimedence.hu\/index.php\/wp-json\/wp\/v2\/categories?post=29170"},{"taxonomy":"post_tag","embeddable":true,"href":"https:\/\/dorogimedence.hu\/index.php\/wp-json\/wp\/v2\/tags?post=29170"}],"curies":[{"name":"wp","href":"https:\/\/api.w.org\/{rel}","templated":true}]}}