{"id":2916,"date":"2017-05-07T14:17:44","date_gmt":"2017-05-07T12:17:44","guid":{"rendered":"http:\/\/dorogimedence.hu\/?p=2916"},"modified":"2017-05-07T14:17:44","modified_gmt":"2017-05-07T12:17:44","slug":"aligatorteknost-talaltak-piliscsaban","status":"publish","type":"post","link":"https:\/\/dorogimedence.hu\/index.php\/2017\/05\/07\/aligatorteknost-talaltak-piliscsaban\/","title":{"rendered":"Alig\u00e1tortekn\u0151st tal\u00e1ltak Piliscsab\u00e1n"},"content":{"rendered":"<p><strong>Egy k\u00f6zter\u00fcleten k\u00f3borl\u00f3 alig\u00e1tortekn\u0151st fogtak be Piliscsab\u00e1n szombaton este, az \u00e1llat a befog\u00e1s el\u0151tt meg is harapta egyik megtal\u00e1l\u00f3j\u00e1t<\/strong> <em>&#8211; t\u00e1j\u00e9koztatta Szil\u00e1gyi Istv\u00e1n, a Feh\u00e9rkereszt \u00c1llatv\u00e9d\u0151 Liga eln\u00f6ke vas\u00e1rnap az MTI-t.<\/em><\/p>\n<p>A vesz\u00e9lyes \u00e1llat miatt a rend\u0151rs\u00e9g h\u00edvta Both Zolt\u00e1n vad\u00e1llatbefog\u00f3t, aki Szil\u00e1gyi Istv\u00e1nnal egy\u00fctt a helysz\u00ednre ment, \u00e9s az egyik h\u00e1z udvar\u00e1n befogt\u00e1k a tekn\u0151st. Az \u00e1llatot egy lak\u00f3park ter\u00fclet\u00e9n vett\u00e9k \u00e9szre az ott \u00e9l\u0151k, \u00e9s \u00e9rtes\u00edtett\u00e9k a rend\u0151rs\u00e9get. Az alig\u00e1tortekn\u0151s az egyik lak\u00f3 ujj\u00e1t megharapta, \u0151 a szakemberek tan\u00e1cs\u00e1ra k\u00f3rh\u00e1zba ment, ilyen esetekben ugyanis tartani lehet a seb elfert\u0151z\u0151d\u00e9s\u00e9t\u0151l.<\/p>\n<p>Szil\u00e1gyi Istv\u00e1n elmondta: az \u00e1llat a veresegyh\u00e1zi medveotthon alig\u00e1tortekn\u0151s-kol\u00f3ni\u00e1j\u00e1nak kilencedik tagja lesz, a medveotthonban m\u00e1r nyolc, kor\u00e1bban befogott alig\u00e1tortekn\u0151s \u00e9l. A szombaton megtal\u00e1lt tekn\u0151s k\u00fcl\u00f6n\u00f6sen nagy, teljes hossza mintegy <strong>50 centim\u00e9ter<\/strong>, a szakember becsl\u00e9se szerint <strong>20-22 \u00e9ves<\/strong> lehet. Azt nem tudj\u00e1k, hogyan ker\u00fclt k\u00f6zter\u00fcletre az \u00e1llat.<\/p>\n<p>Szil\u00e1gyi Istv\u00e1n felh\u00edvta a figyelmet: a vesz\u00e9lyes \u00e1llatok befog\u00e1sa fokozott \u00f3vatoss\u00e1got \u00e9s szakembert ig\u00e9nyel, a rend\u0151rs\u00e9get kell h\u00edvni, ha valaki olyan \u00e1llatot tal\u00e1l, amelyr\u0151l felt\u00e9telezhet\u0151, hogy vesz\u00e9lyes.<\/p>\n<p><img fetchpriority=\"high\" decoding=\"async\" class=\"alignnone size-full wp-image-2917\" src=\"https:\/\/dorogimedence.hu\/wp-content\/uploads\/2017\/05\/aligatorteknos-02.jpg\" alt=\"\" width=\"670\" height=\"565\" srcset=\"https:\/\/dorogimedence.hu\/wp-content\/uploads\/2017\/05\/aligatorteknos-02.jpg 670w, https:\/\/dorogimedence.hu\/wp-content\/uploads\/2017\/05\/aligatorteknos-02-300x253.jpg 300w\" sizes=\"(max-width: 670px) 100vw, 670px\" \/><\/p>\n<p><em>Forr\u00e1s: MTI<\/em><br \/>\n<em>Els\u0151 fot\u00f3: illusztr\u00e1ci\u00f3<br \/>\nM\u00e1sodik fot\u00f3: Bot Zolt\u00e1n<\/em><\/p>\n","protected":false},"excerpt":{"rendered":"<p>Egy k\u00f6zter\u00fcleten k\u00f3borl\u00f3 alig\u00e1tortekn\u0151st fogtak be Piliscsab\u00e1n szombaton este, az \u00e1llat a befog\u00e1s el\u0151tt meg is harapta egyik megtal\u00e1l\u00f3j\u00e1t &#8211; t\u00e1j\u00e9koztatta Szil\u00e1gyi Istv\u00e1n, a Feh\u00e9rkereszt \u00c1llatv\u00e9d\u0151 Liga eln\u00f6ke vas\u00e1rnap az MTI-t. A vesz\u00e9lyes \u00e1llat miatt a rend\u0151rs\u00e9g h\u00edvta Both Zolt\u00e1n vad\u00e1llatbefog\u00f3t, aki Szil\u00e1gyi Istv\u00e1nnal egy\u00fctt a helysz\u00ednre ment, \u00e9s az egyik h\u00e1z udvar\u00e1n befogt\u00e1k a<\/p>\n","protected":false},"author":1,"featured_media":2918,"comment_status":"closed","ping_status":"closed","sticky":false,"template":"","format":"standard","meta":{"ngg_post_thumbnail":0,"footnotes":""},"categories":[3],"tags":[939,165],"class_list":{"0":"post-2916","1":"post","2":"type-post","3":"status-publish","4":"format-standard","5":"has-post-thumbnail","7":"category-hirek","8":"tag-aligatorteknos","9":"tag-piliscsaba"},"yoast_head":"<!-- This site is optimized with the Yoast SEO plugin v27.5 - https:\/\/yoast.com\/product\/yoast-seo-wordpress\/ -->\n<title>Alig\u00e1tortekn\u0151st tal\u00e1ltak Piliscsab\u00e1n<\/title>\n<meta name=\"robots\" content=\"index, follow, max-snippet:-1, max-image-preview:large, max-video-preview:-1\" \/>\n<link rel=\"canonical\" href=\"https:\/\/dorogimedence.hu\/index.php\/2017\/05\/07\/aligatorteknost-talaltak-piliscsaban\/\" class=\"yoast-seo-meta-tag\" \/>\n<meta property=\"og:locale\" content=\"hu_HU\" class=\"yoast-seo-meta-tag\" \/>\n<meta property=\"og:type\" content=\"article\" class=\"yoast-seo-meta-tag\" \/>\n<meta property=\"og:title\" content=\"Alig\u00e1tortekn\u0151st tal\u00e1ltak Piliscsab\u00e1n\" class=\"yoast-seo-meta-tag\" \/>\n<meta property=\"og:description\" content=\"Egy k\u00f6zter\u00fcleten k\u00f3borl\u00f3 alig\u00e1tortekn\u0151st fogtak be Piliscsab\u00e1n szombaton este, az \u00e1llat a befog\u00e1s el\u0151tt meg is harapta egyik megtal\u00e1l\u00f3j\u00e1t &#8211; t\u00e1j\u00e9koztatta Szil\u00e1gyi Istv\u00e1n, a Feh\u00e9rkereszt \u00c1llatv\u00e9d\u0151 Liga eln\u00f6ke vas\u00e1rnap az MTI-t. A vesz\u00e9lyes \u00e1llat miatt a rend\u0151rs\u00e9g h\u00edvta Both Zolt\u00e1n vad\u00e1llatbefog\u00f3t, aki Szil\u00e1gyi Istv\u00e1nnal egy\u00fctt a helysz\u00ednre ment, \u00e9s az egyik h\u00e1z udvar\u00e1n befogt\u00e1k a\" class=\"yoast-seo-meta-tag\" \/>\n<meta property=\"og:url\" content=\"https:\/\/dorogimedence.hu\/index.php\/2017\/05\/07\/aligatorteknost-talaltak-piliscsaban\/\" class=\"yoast-seo-meta-tag\" \/>\n<meta property=\"og:site_name\" content=\"Dorogi-medence Region\u00e1lis H\u00edrport\u00e1l\" class=\"yoast-seo-meta-tag\" \/>\n<meta property=\"article:publisher\" content=\"https:\/\/www.facebook.com\/dorogimedence\/\" class=\"yoast-seo-meta-tag\" \/>\n<meta property=\"article:published_time\" content=\"2017-05-07T12:17:44+00:00\" class=\"yoast-seo-meta-tag\" \/>\n<meta property=\"og:image\" content=\"https:\/\/i0.wp.com\/dorogimedence.hu\/wp-content\/uploads\/2017\/05\/aligatorteknos-01.jpg?fit=670%2C365&ssl=1\" class=\"yoast-seo-meta-tag\" \/>\n\t<meta property=\"og:image:width\" content=\"670\" class=\"yoast-seo-meta-tag\" \/>\n\t<meta property=\"og:image:height\" content=\"365\" class=\"yoast-seo-meta-tag\" \/>\n\t<meta property=\"og:image:type\" content=\"image\/jpeg\" class=\"yoast-seo-meta-tag\" \/>\n<meta name=\"author\" content=\"dorogimedence.hu\" class=\"yoast-seo-meta-tag\" \/>\n<meta name=\"twitter:card\" content=\"summary_large_image\" class=\"yoast-seo-meta-tag\" \/>\n<meta name=\"twitter:label1\" content=\"Szerz\u0151:\" class=\"yoast-seo-meta-tag\" \/>\n\t<meta name=\"twitter:data1\" content=\"dorogimedence.hu\" class=\"yoast-seo-meta-tag\" \/>\n\t<meta name=\"twitter:label2\" content=\"Becs\u00fclt olvas\u00e1si id\u0151\" class=\"yoast-seo-meta-tag\" \/>\n\t<meta name=\"twitter:data2\" content=\"1 perc\" class=\"yoast-seo-meta-tag\" \/>\n<script type=\"application\/ld+json\" class=\"yoast-schema-graph\">{\"@context\":\"https:\\\/\\\/schema.org\",\"@graph\":[{\"@type\":\"Article\",\"@id\":\"https:\\\/\\\/dorogimedence.hu\\\/index.php\\\/2017\\\/05\\\/07\\\/aligatorteknost-talaltak-piliscsaban\\\/#article\",\"isPartOf\":{\"@id\":\"https:\\\/\\\/dorogimedence.hu\\\/index.php\\\/2017\\\/05\\\/07\\\/aligatorteknost-talaltak-piliscsaban\\\/\"},\"author\":{\"name\":\"dorogimedence.hu\",\"@id\":\"https:\\\/\\\/dorogimedence.hu\\\/#\\\/schema\\\/person\\\/ce6091eeb7e95ecdc87890d6aa8e0fd4\"},\"headline\":\"Alig\u00e1tortekn\u0151st tal\u00e1ltak Piliscsab\u00e1n\",\"datePublished\":\"2017-05-07T12:17:44+00:00\",\"mainEntityOfPage\":{\"@id\":\"https:\\\/\\\/dorogimedence.hu\\\/index.php\\\/2017\\\/05\\\/07\\\/aligatorteknost-talaltak-piliscsaban\\\/\"},\"wordCount\":274,\"publisher\":{\"@id\":\"https:\\\/\\\/dorogimedence.hu\\\/#organization\"},\"image\":{\"@id\":\"https:\\\/\\\/dorogimedence.hu\\\/index.php\\\/2017\\\/05\\\/07\\\/aligatorteknost-talaltak-piliscsaban\\\/#primaryimage\"},\"thumbnailUrl\":\"https:\\\/\\\/dorogimedence.hu\\\/wp-content\\\/uploads\\\/2017\\\/05\\\/aligatorteknos-01.jpg\",\"keywords\":[\"alig\u00e1tortekn\u0151s\",\"Piliscsaba\"],\"articleSection\":[\"H\u00edrek\"],\"inLanguage\":\"hu\"},{\"@type\":\"WebPage\",\"@id\":\"https:\\\/\\\/dorogimedence.hu\\\/index.php\\\/2017\\\/05\\\/07\\\/aligatorteknost-talaltak-piliscsaban\\\/\",\"url\":\"https:\\\/\\\/dorogimedence.hu\\\/index.php\\\/2017\\\/05\\\/07\\\/aligatorteknost-talaltak-piliscsaban\\\/\",\"name\":\"Alig\u00e1tortekn\u0151st tal\u00e1ltak Piliscsab\u00e1n\",\"isPartOf\":{\"@id\":\"https:\\\/\\\/dorogimedence.hu\\\/#website\"},\"primaryImageOfPage\":{\"@id\":\"https:\\\/\\\/dorogimedence.hu\\\/index.php\\\/2017\\\/05\\\/07\\\/aligatorteknost-talaltak-piliscsaban\\\/#primaryimage\"},\"image\":{\"@id\":\"https:\\\/\\\/dorogimedence.hu\\\/index.php\\\/2017\\\/05\\\/07\\\/aligatorteknost-talaltak-piliscsaban\\\/#primaryimage\"},\"thumbnailUrl\":\"https:\\\/\\\/dorogimedence.hu\\\/wp-content\\\/uploads\\\/2017\\\/05\\\/aligatorteknos-01.jpg\",\"datePublished\":\"2017-05-07T12:17:44+00:00\",\"breadcrumb\":{\"@id\":\"https:\\\/\\\/dorogimedence.hu\\\/index.php\\\/2017\\\/05\\\/07\\\/aligatorteknost-talaltak-piliscsaban\\\/#breadcrumb\"},\"inLanguage\":\"hu\",\"potentialAction\":[{\"@type\":\"ReadAction\",\"target\":[\"https:\\\/\\\/dorogimedence.hu\\\/index.php\\\/2017\\\/05\\\/07\\\/aligatorteknost-talaltak-piliscsaban\\\/\"]}]},{\"@type\":\"ImageObject\",\"inLanguage\":\"hu\",\"@id\":\"https:\\\/\\\/dorogimedence.hu\\\/index.php\\\/2017\\\/05\\\/07\\\/aligatorteknost-talaltak-piliscsaban\\\/#primaryimage\",\"url\":\"https:\\\/\\\/dorogimedence.hu\\\/wp-content\\\/uploads\\\/2017\\\/05\\\/aligatorteknos-01.jpg\",\"contentUrl\":\"https:\\\/\\\/dorogimedence.hu\\\/wp-content\\\/uploads\\\/2017\\\/05\\\/aligatorteknos-01.jpg\",\"width\":670,\"height\":365},{\"@type\":\"BreadcrumbList\",\"@id\":\"https:\\\/\\\/dorogimedence.hu\\\/index.php\\\/2017\\\/05\\\/07\\\/aligatorteknost-talaltak-piliscsaban\\\/#breadcrumb\",\"itemListElement\":[{\"@type\":\"ListItem\",\"position\":1,\"name\":\"Kezd\u0151lap\",\"item\":\"https:\\\/\\\/dorogimedence.hu\\\/\"},{\"@type\":\"ListItem\",\"position\":2,\"name\":\"Alig\u00e1tortekn\u0151st tal\u00e1ltak Piliscsab\u00e1n\"}]},{\"@type\":\"WebSite\",\"@id\":\"https:\\\/\\\/dorogimedence.hu\\\/#website\",\"url\":\"https:\\\/\\\/dorogimedence.hu\\\/\",\"name\":\"Dorogi-medence Region\u00e1lis H\u00edrport\u00e1l\",\"description\":\"Dorog, Keszt\u00f6lc, Le\u00e1nyv\u00e1r, Piliscs\u00e9v, Tokod, Tokodalt\u00e1r\u00f3, Csolnok, Esztergom-kertv\u00e1ros: h\u00edrek, programok\",\"publisher\":{\"@id\":\"https:\\\/\\\/dorogimedence.hu\\\/#organization\"},\"potentialAction\":[{\"@type\":\"SearchAction\",\"target\":{\"@type\":\"EntryPoint\",\"urlTemplate\":\"https:\\\/\\\/dorogimedence.hu\\\/?s={search_term_string}\"},\"query-input\":{\"@type\":\"PropertyValueSpecification\",\"valueRequired\":true,\"valueName\":\"search_term_string\"}}],\"inLanguage\":\"hu\"},{\"@type\":\"Organization\",\"@id\":\"https:\\\/\\\/dorogimedence.hu\\\/#organization\",\"name\":\"Dorogi-medence Region\u00e1lis H\u00edrport\u00e1l\",\"url\":\"https:\\\/\\\/dorogimedence.hu\\\/\",\"logo\":{\"@type\":\"ImageObject\",\"inLanguage\":\"hu\",\"@id\":\"https:\\\/\\\/dorogimedence.hu\\\/#\\\/schema\\\/logo\\\/image\\\/\",\"url\":\"https:\\\/\\\/dorogimedence.hu\\\/wp-content\\\/uploads\\\/2021\\\/04\\\/logo-feher-600.png\",\"contentUrl\":\"https:\\\/\\\/dorogimedence.hu\\\/wp-content\\\/uploads\\\/2021\\\/04\\\/logo-feher-600.png\",\"width\":600,\"height\":100,\"caption\":\"Dorogi-medence Region\u00e1lis H\u00edrport\u00e1l\"},\"image\":{\"@id\":\"https:\\\/\\\/dorogimedence.hu\\\/#\\\/schema\\\/logo\\\/image\\\/\"},\"sameAs\":[\"https:\\\/\\\/www.facebook.com\\\/dorogimedence\\\/\"]},{\"@type\":\"Person\",\"@id\":\"https:\\\/\\\/dorogimedence.hu\\\/#\\\/schema\\\/person\\\/ce6091eeb7e95ecdc87890d6aa8e0fd4\",\"name\":\"dorogimedence.hu\",\"image\":{\"@type\":\"ImageObject\",\"inLanguage\":\"hu\",\"@id\":\"\\\/\\\/www.gravatar.com\\\/avatar\\\/d8d45f8901aadff40a4af72c0b826f1d?s=96&#038;r=g&#038;d=mm\",\"url\":\"\\\/\\\/www.gravatar.com\\\/avatar\\\/d8d45f8901aadff40a4af72c0b826f1d?s=96&#038;r=g&#038;d=mm\",\"contentUrl\":\"\\\/\\\/www.gravatar.com\\\/avatar\\\/d8d45f8901aadff40a4af72c0b826f1d?s=96&#038;r=g&#038;d=mm\",\"caption\":\"dorogimedence.hu\"}}]}<\/script>\n<!-- \/ Yoast SEO plugin. -->","yoast_head_json":{"title":"Alig\u00e1tortekn\u0151st tal\u00e1ltak Piliscsab\u00e1n","robots":{"index":"index","follow":"follow","max-snippet":"max-snippet:-1","max-image-preview":"max-image-preview:large","max-video-preview":"max-video-preview:-1"},"canonical":"https:\/\/dorogimedence.hu\/index.php\/2017\/05\/07\/aligatorteknost-talaltak-piliscsaban\/","og_locale":"hu_HU","og_type":"article","og_title":"Alig\u00e1tortekn\u0151st tal\u00e1ltak Piliscsab\u00e1n","og_description":"Egy k\u00f6zter\u00fcleten k\u00f3borl\u00f3 alig\u00e1tortekn\u0151st fogtak be Piliscsab\u00e1n szombaton este, az \u00e1llat a befog\u00e1s el\u0151tt meg is harapta egyik megtal\u00e1l\u00f3j\u00e1t &#8211; t\u00e1j\u00e9koztatta Szil\u00e1gyi Istv\u00e1n, a Feh\u00e9rkereszt \u00c1llatv\u00e9d\u0151 Liga eln\u00f6ke vas\u00e1rnap az MTI-t. A vesz\u00e9lyes \u00e1llat miatt a rend\u0151rs\u00e9g h\u00edvta Both Zolt\u00e1n vad\u00e1llatbefog\u00f3t, aki Szil\u00e1gyi Istv\u00e1nnal egy\u00fctt a helysz\u00ednre ment, \u00e9s az egyik h\u00e1z udvar\u00e1n befogt\u00e1k a","og_url":"https:\/\/dorogimedence.hu\/index.php\/2017\/05\/07\/aligatorteknost-talaltak-piliscsaban\/","og_site_name":"Dorogi-medence Region\u00e1lis H\u00edrport\u00e1l","article_publisher":"https:\/\/www.facebook.com\/dorogimedence\/","article_published_time":"2017-05-07T12:17:44+00:00","og_image":[{"width":670,"height":365,"url":"https:\/\/i0.wp.com\/dorogimedence.hu\/wp-content\/uploads\/2017\/05\/aligatorteknos-01.jpg?fit=670%2C365&ssl=1","type":"image\/jpeg"}],"author":"dorogimedence.hu","twitter_card":"summary_large_image","twitter_misc":{"Szerz\u0151:":"dorogimedence.hu","Becs\u00fclt olvas\u00e1si id\u0151":"1 perc"},"schema":{"@context":"https:\/\/schema.org","@graph":[{"@type":"Article","@id":"https:\/\/dorogimedence.hu\/index.php\/2017\/05\/07\/aligatorteknost-talaltak-piliscsaban\/#article","isPartOf":{"@id":"https:\/\/dorogimedence.hu\/index.php\/2017\/05\/07\/aligatorteknost-talaltak-piliscsaban\/"},"author":{"name":"dorogimedence.hu","@id":"https:\/\/dorogimedence.hu\/#\/schema\/person\/ce6091eeb7e95ecdc87890d6aa8e0fd4"},"headline":"Alig\u00e1tortekn\u0151st tal\u00e1ltak Piliscsab\u00e1n","datePublished":"2017-05-07T12:17:44+00:00","mainEntityOfPage":{"@id":"https:\/\/dorogimedence.hu\/index.php\/2017\/05\/07\/aligatorteknost-talaltak-piliscsaban\/"},"wordCount":274,"publisher":{"@id":"https:\/\/dorogimedence.hu\/#organization"},"image":{"@id":"https:\/\/dorogimedence.hu\/index.php\/2017\/05\/07\/aligatorteknost-talaltak-piliscsaban\/#primaryimage"},"thumbnailUrl":"https:\/\/dorogimedence.hu\/wp-content\/uploads\/2017\/05\/aligatorteknos-01.jpg","keywords":["alig\u00e1tortekn\u0151s","Piliscsaba"],"articleSection":["H\u00edrek"],"inLanguage":"hu"},{"@type":"WebPage","@id":"https:\/\/dorogimedence.hu\/index.php\/2017\/05\/07\/aligatorteknost-talaltak-piliscsaban\/","url":"https:\/\/dorogimedence.hu\/index.php\/2017\/05\/07\/aligatorteknost-talaltak-piliscsaban\/","name":"Alig\u00e1tortekn\u0151st tal\u00e1ltak Piliscsab\u00e1n","isPartOf":{"@id":"https:\/\/dorogimedence.hu\/#website"},"primaryImageOfPage":{"@id":"https:\/\/dorogimedence.hu\/index.php\/2017\/05\/07\/aligatorteknost-talaltak-piliscsaban\/#primaryimage"},"image":{"@id":"https:\/\/dorogimedence.hu\/index.php\/2017\/05\/07\/aligatorteknost-talaltak-piliscsaban\/#primaryimage"},"thumbnailUrl":"https:\/\/dorogimedence.hu\/wp-content\/uploads\/2017\/05\/aligatorteknos-01.jpg","datePublished":"2017-05-07T12:17:44+00:00","breadcrumb":{"@id":"https:\/\/dorogimedence.hu\/index.php\/2017\/05\/07\/aligatorteknost-talaltak-piliscsaban\/#breadcrumb"},"inLanguage":"hu","potentialAction":[{"@type":"ReadAction","target":["https:\/\/dorogimedence.hu\/index.php\/2017\/05\/07\/aligatorteknost-talaltak-piliscsaban\/"]}]},{"@type":"ImageObject","inLanguage":"hu","@id":"https:\/\/dorogimedence.hu\/index.php\/2017\/05\/07\/aligatorteknost-talaltak-piliscsaban\/#primaryimage","url":"https:\/\/dorogimedence.hu\/wp-content\/uploads\/2017\/05\/aligatorteknos-01.jpg","contentUrl":"https:\/\/dorogimedence.hu\/wp-content\/uploads\/2017\/05\/aligatorteknos-01.jpg","width":670,"height":365},{"@type":"BreadcrumbList","@id":"https:\/\/dorogimedence.hu\/index.php\/2017\/05\/07\/aligatorteknost-talaltak-piliscsaban\/#breadcrumb","itemListElement":[{"@type":"ListItem","position":1,"name":"Kezd\u0151lap","item":"https:\/\/dorogimedence.hu\/"},{"@type":"ListItem","position":2,"name":"Alig\u00e1tortekn\u0151st tal\u00e1ltak Piliscsab\u00e1n"}]},{"@type":"WebSite","@id":"https:\/\/dorogimedence.hu\/#website","url":"https:\/\/dorogimedence.hu\/","name":"Dorogi-medence Region\u00e1lis H\u00edrport\u00e1l","description":"Dorog, Keszt\u00f6lc, Le\u00e1nyv\u00e1r, Piliscs\u00e9v, Tokod, Tokodalt\u00e1r\u00f3, Csolnok, Esztergom-kertv\u00e1ros: h\u00edrek, programok","publisher":{"@id":"https:\/\/dorogimedence.hu\/#organization"},"potentialAction":[{"@type":"SearchAction","target":{"@type":"EntryPoint","urlTemplate":"https:\/\/dorogimedence.hu\/?s={search_term_string}"},"query-input":{"@type":"PropertyValueSpecification","valueRequired":true,"valueName":"search_term_string"}}],"inLanguage":"hu"},{"@type":"Organization","@id":"https:\/\/dorogimedence.hu\/#organization","name":"Dorogi-medence Region\u00e1lis H\u00edrport\u00e1l","url":"https:\/\/dorogimedence.hu\/","logo":{"@type":"ImageObject","inLanguage":"hu","@id":"https:\/\/dorogimedence.hu\/#\/schema\/logo\/image\/","url":"https:\/\/dorogimedence.hu\/wp-content\/uploads\/2021\/04\/logo-feher-600.png","contentUrl":"https:\/\/dorogimedence.hu\/wp-content\/uploads\/2021\/04\/logo-feher-600.png","width":600,"height":100,"caption":"Dorogi-medence Region\u00e1lis H\u00edrport\u00e1l"},"image":{"@id":"https:\/\/dorogimedence.hu\/#\/schema\/logo\/image\/"},"sameAs":["https:\/\/www.facebook.com\/dorogimedence\/"]},{"@type":"Person","@id":"https:\/\/dorogimedence.hu\/#\/schema\/person\/ce6091eeb7e95ecdc87890d6aa8e0fd4","name":"dorogimedence.hu","image":{"@type":"ImageObject","inLanguage":"hu","@id":"\/\/www.gravatar.com\/avatar\/d8d45f8901aadff40a4af72c0b826f1d?s=96&#038;r=g&#038;d=mm","url":"\/\/www.gravatar.com\/avatar\/d8d45f8901aadff40a4af72c0b826f1d?s=96&#038;r=g&#038;d=mm","contentUrl":"\/\/www.gravatar.com\/avatar\/d8d45f8901aadff40a4af72c0b826f1d?s=96&#038;r=g&#038;d=mm","caption":"dorogimedence.hu"}}]}},"_links":{"self":[{"href":"https:\/\/dorogimedence.hu\/index.php\/wp-json\/wp\/v2\/posts\/2916","targetHints":{"allow":["GET"]}}],"collection":[{"href":"https:\/\/dorogimedence.hu\/index.php\/wp-json\/wp\/v2\/posts"}],"about":[{"href":"https:\/\/dorogimedence.hu\/index.php\/wp-json\/wp\/v2\/types\/post"}],"author":[{"embeddable":true,"href":"https:\/\/dorogimedence.hu\/index.php\/wp-json\/wp\/v2\/users\/1"}],"replies":[{"embeddable":true,"href":"https:\/\/dorogimedence.hu\/index.php\/wp-json\/wp\/v2\/comments?post=2916"}],"version-history":[{"count":0,"href":"https:\/\/dorogimedence.hu\/index.php\/wp-json\/wp\/v2\/posts\/2916\/revisions"}],"wp:featuredmedia":[{"embeddable":true,"href":"https:\/\/dorogimedence.hu\/index.php\/wp-json\/wp\/v2\/media\/2918"}],"wp:attachment":[{"href":"https:\/\/dorogimedence.hu\/index.php\/wp-json\/wp\/v2\/media?parent=2916"}],"wp:term":[{"taxonomy":"category","embeddable":true,"href":"https:\/\/dorogimedence.hu\/index.php\/wp-json\/wp\/v2\/categories?post=2916"},{"taxonomy":"post_tag","embeddable":true,"href":"https:\/\/dorogimedence.hu\/index.php\/wp-json\/wp\/v2\/tags?post=2916"}],"curies":[{"name":"wp","href":"https:\/\/api.w.org\/{rel}","templated":true}]}}