{"id":29101,"date":"2020-12-11T07:24:49","date_gmt":"2020-12-11T06:24:49","guid":{"rendered":"http:\/\/dorogimedence.hu\/?p=29101"},"modified":"2020-12-11T07:31:13","modified_gmt":"2020-12-11T06:31:13","slug":"negy-dorogi-ertekkel-bovult-a-megyei-kincsestar","status":"publish","type":"post","link":"https:\/\/dorogimedence.hu\/index.php\/2020\/12\/11\/negy-dorogi-ertekkel-bovult-a-megyei-kincsestar\/","title":{"rendered":"N\u00e9gy dorogi \u00e9rt\u00e9kkel b\u0151v\u00fclt a megyei \u201ekincsest\u00e1r\u201d"},"content":{"rendered":"<p><strong>A Megyei \u00c9rt\u00e9kt\u00e1r bizotts\u00e1g december tizedik\u00e9n tartotta soron k\u00f6vetkez\u0151 \u00fcl\u00e9s\u00e9t, melyen ez\u00fattal 15 \u00e9rt\u00e9k ker\u00fclt lajstromba. Ezzel m\u00e1r 168-ra emelkedett a megyei \u00e9rt\u00e9kek sz\u00e1ma.<\/strong><\/p>\n<p>A pand\u00e9mia miatt online tartott \u00fcl\u00e9sen Popovics Gy\u00f6rgy, a bizotts\u00e1g eln\u00f6ke \u00f6r\u00f6m\u00e9t fejezte ki, hogy v\u00e1ltozatos tartalm\u00fa, a tudom\u00e1nyt, kult\u00far\u00e1t \u00e9s \u00e9p\u00edtett \u00f6r\u00f6ks\u00e9g\u00fcnket is reprezent\u00e1l\u00f3 javaslatokr\u00f3l d\u00f6nthet a gr\u00e9mium. A felterjeszt\u00e9sek a megye egym\u00e1st\u00f3l t\u00e1vol es\u0151 szegleteib\u0151l \u00e9rkeztek, m\u00e9gis valamennyien b\u00fcszk\u00e9k lehet\u00fcnk r\u00e1juk, hiszen egy\u00fcv\u00e9 tartoz\u00e1sunkat is kifejezik. \u00c9vente \u00e1tlagosan k\u00e9t tucat \u00e9rt\u00e9ket siker\u00fcl felvenni a Megyei \u00c9rt\u00e9kt\u00e1rba, de ez a sz\u00e1m tov\u00e1bb n\u00f6vekedhet, hiszen a j\u00f6v\u0151ben is v\u00e1rj\u00e1k a helyi \u00e9rt\u00e9kt\u00e1rak, mag\u00e1nszem\u00e9lyek javaslatait.<\/p>\n<p>\u201eKincsest\u00e1runkat\u201d mostant\u00f3l Dorogr\u00f3l n\u00e9gy gy\u00f6ngyszem is \u00e9kes\u00edti: a v\u00e1rosr\u00f3l k\u00e9sz\u00edtett panor\u00e1mak\u00e9pek, Hantken Miksa megyei munk\u00e1ss\u00e1ga \u00e9s az \u00e1ltala felfedezett, sz\u00e9nfelbukkan\u00e1st jelz\u0151 tornyos csiga, a Zsigmondy csal\u00e1d tudom\u00e1nyos munk\u00e1ss\u00e1ga, valamint az eucharisztia jegy\u00e9ben k\u00e9sz\u00fclt k\u00f3rusm\u0171vek.<\/p>\n<p>Tat\u00e1r\u00f3l Dr. Benda K\u00e1lm\u00e1n tudom\u00e1nyszervez\u0151-ismeretterjeszt\u0151 tev\u00e9kenys\u00e9ge, a Magyary Zolt\u00e1n N\u00e9pf\u0151iskolai T\u00e1rsas\u00e1g m\u0171k\u00f6d\u00e9se, valamint a tatai piarist\u00e1k, nevel\u00e9si-oktat\u00e1si tev\u00e9kenys\u00e9ge \u00e9s kultur\u00e1lis hat\u00e1sa nyert felv\u00e9telt. Orsz\u00e1ggy\u0171l\u00e9si k\u00e9pvisel\u0151k\u00e9nt Tat\u00e1hoz is k\u00f6thet\u0151 a csillag\u00e1sz-polihisztor Konkoly Thege Mikl\u00f3s, aki t\u00f6bbek a K\u00f6rnye melletti Nagytagyoson, \u00e9s a ma a hat\u00e1r t\u00faloldal\u00e1ra es\u0151 \u00d3gyall\u00e1n is \u00e9lt, tev\u00e9kenykedett. Megyei \u00e9rt\u00e9kk\u00e9 v\u00e1lt m\u00e9g a nagy m\u00falt\u00fa s\u00fctt\u0151i m\u00e9szk\u0151, a B\u00e1bolnai \u00c9letfa, a Kisb\u00e9r l\u00f3szobor, az oroszl\u00e1nyi v\u00edztorony, a sportol\u00f3szobrok az alm\u00e1sf\u00fczit\u0151i Sporth\u00e1z f\u0151kapuj\u00e1n\u00e1l, a Gyermelyhez tartoz\u00f3 gyarmatpusztai S\u00e1ndor-Metternich Temetkez\u00e9si K\u00e1polna \u00e9s egy nemzetk\u00f6zileg is elismert sportesem\u00e9ny, az \u00e1cstesz\u00e9ri T\u00e1ncsics-t\u00fara.<\/p>\n<p>A bizotts\u00e1g d\u00f6nt\u00f6tt tov\u00e1bb\u00e1 a magyar \u00e1llamis\u00e1g sz\u00fclet\u00e9s\u00e9nek helysz\u00ednt ad\u00f3 esztergomi V\u00e1rhegy Magyar \u00c9rt\u00e9kt\u00e1rba t\u00f6rt\u00e9n\u0151 felterjeszt\u00e9s\u00e9r\u0151l.<\/p>\n<p>A novemberig lajstromozott \u00e9rt\u00e9kekr\u0151l a megyei \u00f6nkorm\u00e1nyzat napt\u00e1rt \u00e9s k\u00f6nyvet is megjelentetett, melyeket az \u00e9rt\u00e9kt\u00e1ri mozgalom n\u00e9pszer\u0171s\u00edt\u00e9s\u00e9re valamennyi megyei telep\u00fcl\u00e9s \u00f6nkorm\u00e1nyzat\u00e1hoz eljuttattak.<\/p>\n<p><img fetchpriority=\"high\" decoding=\"async\" class=\"alignnone size-large wp-image-29102\" src=\"https:\/\/dorogimedence.hu\/wp-content\/uploads\/2020\/12\/ertek-montazs-764x1024.jpg\" alt=\"\" width=\"665\" height=\"891\" srcset=\"https:\/\/dorogimedence.hu\/wp-content\/uploads\/2020\/12\/ertek-montazs-764x1024.jpg 764w, https:\/\/dorogimedence.hu\/wp-content\/uploads\/2020\/12\/ertek-montazs-224x300.jpg 224w, https:\/\/dorogimedence.hu\/wp-content\/uploads\/2020\/12\/ertek-montazs-768x1030.jpg 768w, https:\/\/dorogimedence.hu\/wp-content\/uploads\/2020\/12\/ertek-montazs.jpg 830w\" sizes=\"(max-width: 665px) 100vw, 665px\" \/><\/p>\n<p><em>Kom\u00e1rom-Esztergom Megyei \u00d6nkorm\u00e1nyzati Hivatal<\/em><\/p>\n","protected":false},"excerpt":{"rendered":"<p>A Megyei \u00c9rt\u00e9kt\u00e1r bizotts\u00e1g december tizedik\u00e9n tartotta soron k\u00f6vetkez\u0151 \u00fcl\u00e9s\u00e9t, melyen ez\u00fattal 15 \u00e9rt\u00e9k ker\u00fclt lajstromba. Ezzel m\u00e1r 168-ra emelkedett a megyei \u00e9rt\u00e9kek sz\u00e1ma. A pand\u00e9mia miatt online tartott \u00fcl\u00e9sen Popovics Gy\u00f6rgy, a bizotts\u00e1g eln\u00f6ke \u00f6r\u00f6m\u00e9t fejezte ki, hogy v\u00e1ltozatos tartalm\u00fa, a tudom\u00e1nyt, kult\u00far\u00e1t \u00e9s \u00e9p\u00edtett \u00f6r\u00f6ks\u00e9g\u00fcnket is reprezent\u00e1l\u00f3 javaslatokr\u00f3l d\u00f6nthet a gr\u00e9mium. A felterjeszt\u00e9sek<\/p>\n","protected":false},"author":1,"featured_media":29103,"comment_status":"closed","ping_status":"closed","sticky":false,"template":"","format":"standard","meta":{"ngg_post_thumbnail":0,"footnotes":""},"categories":[2,3,56],"tags":[15,3799,1764,1924,5290],"class_list":{"0":"post-29101","1":"post","2":"type-post","3":"status-publish","4":"format-standard","5":"has-post-thumbnail","7":"category-dorog","8":"category-hirek","9":"category-komarom-esztergom","10":"tag-dorog","11":"tag-komarom-esztergom-megye","12":"tag-komarom-esztergom-megyei-onkormanyzat","13":"tag-megyei-ertektar","14":"tag-megyei-kincsestar"},"yoast_head":"<!-- This site is optimized with the Yoast SEO plugin v27.5 - https:\/\/yoast.com\/product\/yoast-seo-wordpress\/ -->\n<title>N\u00e9gy dorogi \u00e9rt\u00e9kkel b\u0151v\u00fclt a megyei \u201ekincsest\u00e1r\u201d<\/title>\n<meta name=\"robots\" content=\"index, follow, max-snippet:-1, max-image-preview:large, max-video-preview:-1\" \/>\n<link rel=\"canonical\" href=\"https:\/\/dorogimedence.hu\/index.php\/2020\/12\/11\/negy-dorogi-ertekkel-bovult-a-megyei-kincsestar\/\" class=\"yoast-seo-meta-tag\" \/>\n<meta property=\"og:locale\" content=\"hu_HU\" class=\"yoast-seo-meta-tag\" \/>\n<meta property=\"og:type\" content=\"article\" class=\"yoast-seo-meta-tag\" \/>\n<meta property=\"og:title\" content=\"N\u00e9gy dorogi \u00e9rt\u00e9kkel b\u0151v\u00fclt a megyei \u201ekincsest\u00e1r\u201d\" class=\"yoast-seo-meta-tag\" \/>\n<meta property=\"og:description\" content=\"A Megyei \u00c9rt\u00e9kt\u00e1r bizotts\u00e1g december tizedik\u00e9n tartotta soron k\u00f6vetkez\u0151 \u00fcl\u00e9s\u00e9t, melyen ez\u00fattal 15 \u00e9rt\u00e9k ker\u00fclt lajstromba. Ezzel m\u00e1r 168-ra emelkedett a megyei \u00e9rt\u00e9kek sz\u00e1ma. A pand\u00e9mia miatt online tartott \u00fcl\u00e9sen Popovics Gy\u00f6rgy, a bizotts\u00e1g eln\u00f6ke \u00f6r\u00f6m\u00e9t fejezte ki, hogy v\u00e1ltozatos tartalm\u00fa, a tudom\u00e1nyt, kult\u00far\u00e1t \u00e9s \u00e9p\u00edtett \u00f6r\u00f6ks\u00e9g\u00fcnket is reprezent\u00e1l\u00f3 javaslatokr\u00f3l d\u00f6nthet a gr\u00e9mium. A felterjeszt\u00e9sek\" class=\"yoast-seo-meta-tag\" \/>\n<meta property=\"og:url\" content=\"https:\/\/dorogimedence.hu\/index.php\/2020\/12\/11\/negy-dorogi-ertekkel-bovult-a-megyei-kincsestar\/\" class=\"yoast-seo-meta-tag\" \/>\n<meta property=\"og:site_name\" content=\"Dorogi-medence Region\u00e1lis H\u00edrport\u00e1l\" class=\"yoast-seo-meta-tag\" \/>\n<meta property=\"article:publisher\" content=\"https:\/\/www.facebook.com\/dorogimedence\/\" class=\"yoast-seo-meta-tag\" \/>\n<meta property=\"article:published_time\" content=\"2020-12-11T06:24:49+00:00\" class=\"yoast-seo-meta-tag\" \/>\n<meta property=\"article:modified_time\" content=\"2020-12-11T06:31:13+00:00\" class=\"yoast-seo-meta-tag\" \/>\n<meta property=\"og:image\" content=\"https:\/\/i0.wp.com\/dorogimedence.hu\/wp-content\/uploads\/2020\/12\/dorog-latkep.jpg?fit=830%2C450&ssl=1\" class=\"yoast-seo-meta-tag\" \/>\n\t<meta property=\"og:image:width\" content=\"830\" class=\"yoast-seo-meta-tag\" \/>\n\t<meta property=\"og:image:height\" content=\"450\" class=\"yoast-seo-meta-tag\" \/>\n\t<meta property=\"og:image:type\" content=\"image\/jpeg\" class=\"yoast-seo-meta-tag\" \/>\n<meta name=\"author\" content=\"dorogimedence.hu\" class=\"yoast-seo-meta-tag\" \/>\n<meta name=\"twitter:card\" content=\"summary_large_image\" class=\"yoast-seo-meta-tag\" \/>\n<meta name=\"twitter:label1\" content=\"Szerz\u0151:\" class=\"yoast-seo-meta-tag\" \/>\n\t<meta name=\"twitter:data1\" content=\"dorogimedence.hu\" class=\"yoast-seo-meta-tag\" \/>\n\t<meta name=\"twitter:label2\" content=\"Becs\u00fclt olvas\u00e1si id\u0151\" class=\"yoast-seo-meta-tag\" \/>\n\t<meta name=\"twitter:data2\" content=\"2 perc\" class=\"yoast-seo-meta-tag\" \/>\n<script type=\"application\/ld+json\" class=\"yoast-schema-graph\">{\"@context\":\"https:\\\/\\\/schema.org\",\"@graph\":[{\"@type\":\"Article\",\"@id\":\"https:\\\/\\\/dorogimedence.hu\\\/index.php\\\/2020\\\/12\\\/11\\\/negy-dorogi-ertekkel-bovult-a-megyei-kincsestar\\\/#article\",\"isPartOf\":{\"@id\":\"https:\\\/\\\/dorogimedence.hu\\\/index.php\\\/2020\\\/12\\\/11\\\/negy-dorogi-ertekkel-bovult-a-megyei-kincsestar\\\/\"},\"author\":{\"name\":\"dorogimedence.hu\",\"@id\":\"https:\\\/\\\/dorogimedence.hu\\\/#\\\/schema\\\/person\\\/ce6091eeb7e95ecdc87890d6aa8e0fd4\"},\"headline\":\"N\u00e9gy dorogi \u00e9rt\u00e9kkel b\u0151v\u00fclt a megyei \u201ekincsest\u00e1r\u201d\",\"datePublished\":\"2020-12-11T06:24:49+00:00\",\"dateModified\":\"2020-12-11T06:31:13+00:00\",\"mainEntityOfPage\":{\"@id\":\"https:\\\/\\\/dorogimedence.hu\\\/index.php\\\/2020\\\/12\\\/11\\\/negy-dorogi-ertekkel-bovult-a-megyei-kincsestar\\\/\"},\"wordCount\":464,\"publisher\":{\"@id\":\"https:\\\/\\\/dorogimedence.hu\\\/#organization\"},\"image\":{\"@id\":\"https:\\\/\\\/dorogimedence.hu\\\/index.php\\\/2020\\\/12\\\/11\\\/negy-dorogi-ertekkel-bovult-a-megyei-kincsestar\\\/#primaryimage\"},\"thumbnailUrl\":\"https:\\\/\\\/dorogimedence.hu\\\/wp-content\\\/uploads\\\/2020\\\/12\\\/dorog-latkep.jpg\",\"keywords\":[\"Dorog\",\"Kom\u00e1rom-Esztergom megye\",\"Kom\u00e1rom-Esztergom Megyei \u00d6nkorm\u00e1nyzat\",\"megyei \u00e9rt\u00e9kt\u00e1r\",\"megyei kincsest\u00e1r\"],\"articleSection\":[\"Dorog\",\"H\u00edrek\",\"Kom\u00e1rom-Esztergom\"],\"inLanguage\":\"hu\"},{\"@type\":\"WebPage\",\"@id\":\"https:\\\/\\\/dorogimedence.hu\\\/index.php\\\/2020\\\/12\\\/11\\\/negy-dorogi-ertekkel-bovult-a-megyei-kincsestar\\\/\",\"url\":\"https:\\\/\\\/dorogimedence.hu\\\/index.php\\\/2020\\\/12\\\/11\\\/negy-dorogi-ertekkel-bovult-a-megyei-kincsestar\\\/\",\"name\":\"N\u00e9gy dorogi \u00e9rt\u00e9kkel b\u0151v\u00fclt a megyei \u201ekincsest\u00e1r\u201d\",\"isPartOf\":{\"@id\":\"https:\\\/\\\/dorogimedence.hu\\\/#website\"},\"primaryImageOfPage\":{\"@id\":\"https:\\\/\\\/dorogimedence.hu\\\/index.php\\\/2020\\\/12\\\/11\\\/negy-dorogi-ertekkel-bovult-a-megyei-kincsestar\\\/#primaryimage\"},\"image\":{\"@id\":\"https:\\\/\\\/dorogimedence.hu\\\/index.php\\\/2020\\\/12\\\/11\\\/negy-dorogi-ertekkel-bovult-a-megyei-kincsestar\\\/#primaryimage\"},\"thumbnailUrl\":\"https:\\\/\\\/dorogimedence.hu\\\/wp-content\\\/uploads\\\/2020\\\/12\\\/dorog-latkep.jpg\",\"datePublished\":\"2020-12-11T06:24:49+00:00\",\"dateModified\":\"2020-12-11T06:31:13+00:00\",\"breadcrumb\":{\"@id\":\"https:\\\/\\\/dorogimedence.hu\\\/index.php\\\/2020\\\/12\\\/11\\\/negy-dorogi-ertekkel-bovult-a-megyei-kincsestar\\\/#breadcrumb\"},\"inLanguage\":\"hu\",\"potentialAction\":[{\"@type\":\"ReadAction\",\"target\":[\"https:\\\/\\\/dorogimedence.hu\\\/index.php\\\/2020\\\/12\\\/11\\\/negy-dorogi-ertekkel-bovult-a-megyei-kincsestar\\\/\"]}]},{\"@type\":\"ImageObject\",\"inLanguage\":\"hu\",\"@id\":\"https:\\\/\\\/dorogimedence.hu\\\/index.php\\\/2020\\\/12\\\/11\\\/negy-dorogi-ertekkel-bovult-a-megyei-kincsestar\\\/#primaryimage\",\"url\":\"https:\\\/\\\/dorogimedence.hu\\\/wp-content\\\/uploads\\\/2020\\\/12\\\/dorog-latkep.jpg\",\"contentUrl\":\"https:\\\/\\\/dorogimedence.hu\\\/wp-content\\\/uploads\\\/2020\\\/12\\\/dorog-latkep.jpg\",\"width\":830,\"height\":450},{\"@type\":\"BreadcrumbList\",\"@id\":\"https:\\\/\\\/dorogimedence.hu\\\/index.php\\\/2020\\\/12\\\/11\\\/negy-dorogi-ertekkel-bovult-a-megyei-kincsestar\\\/#breadcrumb\",\"itemListElement\":[{\"@type\":\"ListItem\",\"position\":1,\"name\":\"Kezd\u0151lap\",\"item\":\"https:\\\/\\\/dorogimedence.hu\\\/\"},{\"@type\":\"ListItem\",\"position\":2,\"name\":\"N\u00e9gy dorogi \u00e9rt\u00e9kkel b\u0151v\u00fclt a megyei \u201ekincsest\u00e1r\u201d\"}]},{\"@type\":\"WebSite\",\"@id\":\"https:\\\/\\\/dorogimedence.hu\\\/#website\",\"url\":\"https:\\\/\\\/dorogimedence.hu\\\/\",\"name\":\"Dorogi-medence Region\u00e1lis H\u00edrport\u00e1l\",\"description\":\"Dorog, Keszt\u00f6lc, Le\u00e1nyv\u00e1r, Piliscs\u00e9v, Tokod, Tokodalt\u00e1r\u00f3, Csolnok, Esztergom-kertv\u00e1ros: h\u00edrek, programok\",\"publisher\":{\"@id\":\"https:\\\/\\\/dorogimedence.hu\\\/#organization\"},\"potentialAction\":[{\"@type\":\"SearchAction\",\"target\":{\"@type\":\"EntryPoint\",\"urlTemplate\":\"https:\\\/\\\/dorogimedence.hu\\\/?s={search_term_string}\"},\"query-input\":{\"@type\":\"PropertyValueSpecification\",\"valueRequired\":true,\"valueName\":\"search_term_string\"}}],\"inLanguage\":\"hu\"},{\"@type\":\"Organization\",\"@id\":\"https:\\\/\\\/dorogimedence.hu\\\/#organization\",\"name\":\"Dorogi-medence Region\u00e1lis H\u00edrport\u00e1l\",\"url\":\"https:\\\/\\\/dorogimedence.hu\\\/\",\"logo\":{\"@type\":\"ImageObject\",\"inLanguage\":\"hu\",\"@id\":\"https:\\\/\\\/dorogimedence.hu\\\/#\\\/schema\\\/logo\\\/image\\\/\",\"url\":\"https:\\\/\\\/dorogimedence.hu\\\/wp-content\\\/uploads\\\/2021\\\/04\\\/logo-feher-600.png\",\"contentUrl\":\"https:\\\/\\\/dorogimedence.hu\\\/wp-content\\\/uploads\\\/2021\\\/04\\\/logo-feher-600.png\",\"width\":600,\"height\":100,\"caption\":\"Dorogi-medence Region\u00e1lis H\u00edrport\u00e1l\"},\"image\":{\"@id\":\"https:\\\/\\\/dorogimedence.hu\\\/#\\\/schema\\\/logo\\\/image\\\/\"},\"sameAs\":[\"https:\\\/\\\/www.facebook.com\\\/dorogimedence\\\/\"]},{\"@type\":\"Person\",\"@id\":\"https:\\\/\\\/dorogimedence.hu\\\/#\\\/schema\\\/person\\\/ce6091eeb7e95ecdc87890d6aa8e0fd4\",\"name\":\"dorogimedence.hu\",\"image\":{\"@type\":\"ImageObject\",\"inLanguage\":\"hu\",\"@id\":\"\\\/\\\/www.gravatar.com\\\/avatar\\\/d8d45f8901aadff40a4af72c0b826f1d?s=96&#038;r=g&#038;d=mm\",\"url\":\"\\\/\\\/www.gravatar.com\\\/avatar\\\/d8d45f8901aadff40a4af72c0b826f1d?s=96&#038;r=g&#038;d=mm\",\"contentUrl\":\"\\\/\\\/www.gravatar.com\\\/avatar\\\/d8d45f8901aadff40a4af72c0b826f1d?s=96&#038;r=g&#038;d=mm\",\"caption\":\"dorogimedence.hu\"}}]}<\/script>\n<!-- \/ Yoast SEO plugin. -->","yoast_head_json":{"title":"N\u00e9gy dorogi \u00e9rt\u00e9kkel b\u0151v\u00fclt a megyei \u201ekincsest\u00e1r\u201d","robots":{"index":"index","follow":"follow","max-snippet":"max-snippet:-1","max-image-preview":"max-image-preview:large","max-video-preview":"max-video-preview:-1"},"canonical":"https:\/\/dorogimedence.hu\/index.php\/2020\/12\/11\/negy-dorogi-ertekkel-bovult-a-megyei-kincsestar\/","og_locale":"hu_HU","og_type":"article","og_title":"N\u00e9gy dorogi \u00e9rt\u00e9kkel b\u0151v\u00fclt a megyei \u201ekincsest\u00e1r\u201d","og_description":"A Megyei \u00c9rt\u00e9kt\u00e1r bizotts\u00e1g december tizedik\u00e9n tartotta soron k\u00f6vetkez\u0151 \u00fcl\u00e9s\u00e9t, melyen ez\u00fattal 15 \u00e9rt\u00e9k ker\u00fclt lajstromba. Ezzel m\u00e1r 168-ra emelkedett a megyei \u00e9rt\u00e9kek sz\u00e1ma. A pand\u00e9mia miatt online tartott \u00fcl\u00e9sen Popovics Gy\u00f6rgy, a bizotts\u00e1g eln\u00f6ke \u00f6r\u00f6m\u00e9t fejezte ki, hogy v\u00e1ltozatos tartalm\u00fa, a tudom\u00e1nyt, kult\u00far\u00e1t \u00e9s \u00e9p\u00edtett \u00f6r\u00f6ks\u00e9g\u00fcnket is reprezent\u00e1l\u00f3 javaslatokr\u00f3l d\u00f6nthet a gr\u00e9mium. A felterjeszt\u00e9sek","og_url":"https:\/\/dorogimedence.hu\/index.php\/2020\/12\/11\/negy-dorogi-ertekkel-bovult-a-megyei-kincsestar\/","og_site_name":"Dorogi-medence Region\u00e1lis H\u00edrport\u00e1l","article_publisher":"https:\/\/www.facebook.com\/dorogimedence\/","article_published_time":"2020-12-11T06:24:49+00:00","article_modified_time":"2020-12-11T06:31:13+00:00","og_image":[{"width":830,"height":450,"url":"https:\/\/i0.wp.com\/dorogimedence.hu\/wp-content\/uploads\/2020\/12\/dorog-latkep.jpg?fit=830%2C450&ssl=1","type":"image\/jpeg"}],"author":"dorogimedence.hu","twitter_card":"summary_large_image","twitter_misc":{"Szerz\u0151:":"dorogimedence.hu","Becs\u00fclt olvas\u00e1si id\u0151":"2 perc"},"schema":{"@context":"https:\/\/schema.org","@graph":[{"@type":"Article","@id":"https:\/\/dorogimedence.hu\/index.php\/2020\/12\/11\/negy-dorogi-ertekkel-bovult-a-megyei-kincsestar\/#article","isPartOf":{"@id":"https:\/\/dorogimedence.hu\/index.php\/2020\/12\/11\/negy-dorogi-ertekkel-bovult-a-megyei-kincsestar\/"},"author":{"name":"dorogimedence.hu","@id":"https:\/\/dorogimedence.hu\/#\/schema\/person\/ce6091eeb7e95ecdc87890d6aa8e0fd4"},"headline":"N\u00e9gy dorogi \u00e9rt\u00e9kkel b\u0151v\u00fclt a megyei \u201ekincsest\u00e1r\u201d","datePublished":"2020-12-11T06:24:49+00:00","dateModified":"2020-12-11T06:31:13+00:00","mainEntityOfPage":{"@id":"https:\/\/dorogimedence.hu\/index.php\/2020\/12\/11\/negy-dorogi-ertekkel-bovult-a-megyei-kincsestar\/"},"wordCount":464,"publisher":{"@id":"https:\/\/dorogimedence.hu\/#organization"},"image":{"@id":"https:\/\/dorogimedence.hu\/index.php\/2020\/12\/11\/negy-dorogi-ertekkel-bovult-a-megyei-kincsestar\/#primaryimage"},"thumbnailUrl":"https:\/\/dorogimedence.hu\/wp-content\/uploads\/2020\/12\/dorog-latkep.jpg","keywords":["Dorog","Kom\u00e1rom-Esztergom megye","Kom\u00e1rom-Esztergom Megyei \u00d6nkorm\u00e1nyzat","megyei \u00e9rt\u00e9kt\u00e1r","megyei kincsest\u00e1r"],"articleSection":["Dorog","H\u00edrek","Kom\u00e1rom-Esztergom"],"inLanguage":"hu"},{"@type":"WebPage","@id":"https:\/\/dorogimedence.hu\/index.php\/2020\/12\/11\/negy-dorogi-ertekkel-bovult-a-megyei-kincsestar\/","url":"https:\/\/dorogimedence.hu\/index.php\/2020\/12\/11\/negy-dorogi-ertekkel-bovult-a-megyei-kincsestar\/","name":"N\u00e9gy dorogi \u00e9rt\u00e9kkel b\u0151v\u00fclt a megyei \u201ekincsest\u00e1r\u201d","isPartOf":{"@id":"https:\/\/dorogimedence.hu\/#website"},"primaryImageOfPage":{"@id":"https:\/\/dorogimedence.hu\/index.php\/2020\/12\/11\/negy-dorogi-ertekkel-bovult-a-megyei-kincsestar\/#primaryimage"},"image":{"@id":"https:\/\/dorogimedence.hu\/index.php\/2020\/12\/11\/negy-dorogi-ertekkel-bovult-a-megyei-kincsestar\/#primaryimage"},"thumbnailUrl":"https:\/\/dorogimedence.hu\/wp-content\/uploads\/2020\/12\/dorog-latkep.jpg","datePublished":"2020-12-11T06:24:49+00:00","dateModified":"2020-12-11T06:31:13+00:00","breadcrumb":{"@id":"https:\/\/dorogimedence.hu\/index.php\/2020\/12\/11\/negy-dorogi-ertekkel-bovult-a-megyei-kincsestar\/#breadcrumb"},"inLanguage":"hu","potentialAction":[{"@type":"ReadAction","target":["https:\/\/dorogimedence.hu\/index.php\/2020\/12\/11\/negy-dorogi-ertekkel-bovult-a-megyei-kincsestar\/"]}]},{"@type":"ImageObject","inLanguage":"hu","@id":"https:\/\/dorogimedence.hu\/index.php\/2020\/12\/11\/negy-dorogi-ertekkel-bovult-a-megyei-kincsestar\/#primaryimage","url":"https:\/\/dorogimedence.hu\/wp-content\/uploads\/2020\/12\/dorog-latkep.jpg","contentUrl":"https:\/\/dorogimedence.hu\/wp-content\/uploads\/2020\/12\/dorog-latkep.jpg","width":830,"height":450},{"@type":"BreadcrumbList","@id":"https:\/\/dorogimedence.hu\/index.php\/2020\/12\/11\/negy-dorogi-ertekkel-bovult-a-megyei-kincsestar\/#breadcrumb","itemListElement":[{"@type":"ListItem","position":1,"name":"Kezd\u0151lap","item":"https:\/\/dorogimedence.hu\/"},{"@type":"ListItem","position":2,"name":"N\u00e9gy dorogi \u00e9rt\u00e9kkel b\u0151v\u00fclt a megyei \u201ekincsest\u00e1r\u201d"}]},{"@type":"WebSite","@id":"https:\/\/dorogimedence.hu\/#website","url":"https:\/\/dorogimedence.hu\/","name":"Dorogi-medence Region\u00e1lis H\u00edrport\u00e1l","description":"Dorog, Keszt\u00f6lc, Le\u00e1nyv\u00e1r, Piliscs\u00e9v, Tokod, Tokodalt\u00e1r\u00f3, Csolnok, Esztergom-kertv\u00e1ros: h\u00edrek, programok","publisher":{"@id":"https:\/\/dorogimedence.hu\/#organization"},"potentialAction":[{"@type":"SearchAction","target":{"@type":"EntryPoint","urlTemplate":"https:\/\/dorogimedence.hu\/?s={search_term_string}"},"query-input":{"@type":"PropertyValueSpecification","valueRequired":true,"valueName":"search_term_string"}}],"inLanguage":"hu"},{"@type":"Organization","@id":"https:\/\/dorogimedence.hu\/#organization","name":"Dorogi-medence Region\u00e1lis H\u00edrport\u00e1l","url":"https:\/\/dorogimedence.hu\/","logo":{"@type":"ImageObject","inLanguage":"hu","@id":"https:\/\/dorogimedence.hu\/#\/schema\/logo\/image\/","url":"https:\/\/dorogimedence.hu\/wp-content\/uploads\/2021\/04\/logo-feher-600.png","contentUrl":"https:\/\/dorogimedence.hu\/wp-content\/uploads\/2021\/04\/logo-feher-600.png","width":600,"height":100,"caption":"Dorogi-medence Region\u00e1lis H\u00edrport\u00e1l"},"image":{"@id":"https:\/\/dorogimedence.hu\/#\/schema\/logo\/image\/"},"sameAs":["https:\/\/www.facebook.com\/dorogimedence\/"]},{"@type":"Person","@id":"https:\/\/dorogimedence.hu\/#\/schema\/person\/ce6091eeb7e95ecdc87890d6aa8e0fd4","name":"dorogimedence.hu","image":{"@type":"ImageObject","inLanguage":"hu","@id":"\/\/www.gravatar.com\/avatar\/d8d45f8901aadff40a4af72c0b826f1d?s=96&#038;r=g&#038;d=mm","url":"\/\/www.gravatar.com\/avatar\/d8d45f8901aadff40a4af72c0b826f1d?s=96&#038;r=g&#038;d=mm","contentUrl":"\/\/www.gravatar.com\/avatar\/d8d45f8901aadff40a4af72c0b826f1d?s=96&#038;r=g&#038;d=mm","caption":"dorogimedence.hu"}}]}},"_links":{"self":[{"href":"https:\/\/dorogimedence.hu\/index.php\/wp-json\/wp\/v2\/posts\/29101","targetHints":{"allow":["GET"]}}],"collection":[{"href":"https:\/\/dorogimedence.hu\/index.php\/wp-json\/wp\/v2\/posts"}],"about":[{"href":"https:\/\/dorogimedence.hu\/index.php\/wp-json\/wp\/v2\/types\/post"}],"author":[{"embeddable":true,"href":"https:\/\/dorogimedence.hu\/index.php\/wp-json\/wp\/v2\/users\/1"}],"replies":[{"embeddable":true,"href":"https:\/\/dorogimedence.hu\/index.php\/wp-json\/wp\/v2\/comments?post=29101"}],"version-history":[{"count":0,"href":"https:\/\/dorogimedence.hu\/index.php\/wp-json\/wp\/v2\/posts\/29101\/revisions"}],"wp:featuredmedia":[{"embeddable":true,"href":"https:\/\/dorogimedence.hu\/index.php\/wp-json\/wp\/v2\/media\/29103"}],"wp:attachment":[{"href":"https:\/\/dorogimedence.hu\/index.php\/wp-json\/wp\/v2\/media?parent=29101"}],"wp:term":[{"taxonomy":"category","embeddable":true,"href":"https:\/\/dorogimedence.hu\/index.php\/wp-json\/wp\/v2\/categories?post=29101"},{"taxonomy":"post_tag","embeddable":true,"href":"https:\/\/dorogimedence.hu\/index.php\/wp-json\/wp\/v2\/tags?post=29101"}],"curies":[{"name":"wp","href":"https:\/\/api.w.org\/{rel}","templated":true}]}}