{"id":29078,"date":"2020-12-09T12:09:51","date_gmt":"2020-12-09T11:09:51","guid":{"rendered":"http:\/\/dorogimedence.hu\/?p=29078"},"modified":"2020-12-09T12:10:04","modified_gmt":"2020-12-09T11:10:04","slug":"az-eloleget-atvette-de-a-munkat-nem-vegezte-el","status":"publish","type":"post","link":"https:\/\/dorogimedence.hu\/index.php\/2020\/12\/09\/az-eloleget-atvette-de-a-munkat-nem-vegezte-el\/","title":{"rendered":"Az el\u0151leget \u00e1tvette, de a munk\u00e1t nem v\u00e9gezte el"},"content":{"rendered":"<div class=\"lead-text\">\n<p><strong>A dorogi nyomoz\u00f3k gyan\u00fas\u00edtottk\u00e9nt hallgatt\u00e1k ki azt a f\u00e9rfit, aki t\u00f6bb mint 1 milli\u00f3 forintot vett \u00e1t ny\u00edl\u00e1sz\u00e1r\u00f3 cser\u00e9re a s\u00e9rtett\u0151l. A munk\u00e1latokat nem kezdte meg \u00e9s a p\u00e9nzt sem adta vissza.<\/strong><\/p>\n<div class=\"body-text\">\n<p>A gyan\u00fa szerint a 36 \u00e9ves tettes 2020. j\u00fanius 10-\u00e9n ny\u00edl\u00e1sz\u00e1r\u00f3 csere munk\u00e1t v\u00e1llalt egy tokodi lakosn\u00e1l. Megegyeztek, hogy a munk\u00e1latokat egy h\u00f3nap alatt elv\u00e9gzi a szakember. A budapesti lakos j\u00fanius 12-\u00e9n, 14-\u00e9n \u00e9s j\u00falius 11-\u00e9n, t\u00f6bb sz\u00e1zezer forint el\u0151leget vett \u00e1t a megb\u00edz\u00f3t\u00f3l. F. Tam\u00e1s a munk\u00e1t nem kezdte meg, \u00e9s a s\u00e9rtett \u00e9rdekl\u0151d\u00e9s\u00e9re mindig kit\u00e9r\u0151 v\u00e1laszokat adott. A p\u00e9nzzel sem sz\u00e1molt el, \u00edgy t\u00f6bb mint 1 milli\u00f3 forint k\u00e1rt okozott.<\/p>\n<p>A s\u00e9rtett feljelent\u00e9st tett a rend\u0151rs\u00e9gen, a dorogi nyomoz\u00f3k december 8-\u00e1n kihallgatt\u00e1k a 36 \u00e9ves gyan\u00fas\u00edtottat, aki ellen csal\u00e1s miatt indult b\u00fcntet\u0151elj\u00e1r\u00e1s. F. Tam\u00e1s a b\u0171ncselekm\u00e9ny elk\u00f6vet\u00e9s\u00e9t beismerte.<\/p>\n<p><em>Forr\u00e1s: police.hu<\/em><\/p>\n<\/div>\n<\/div>\n","protected":false},"excerpt":{"rendered":"<p>A dorogi nyomoz\u00f3k gyan\u00fas\u00edtottk\u00e9nt hallgatt\u00e1k ki azt a f\u00e9rfit, aki t\u00f6bb mint 1 milli\u00f3 forintot vett \u00e1t ny\u00edl\u00e1sz\u00e1r\u00f3 cser\u00e9re a s\u00e9rtett\u0151l. A munk\u00e1latokat nem kezdte meg \u00e9s a p\u00e9nzt sem adta vissza. A gyan\u00fa szerint a 36 \u00e9ves tettes 2020. j\u00fanius 10-\u00e9n ny\u00edl\u00e1sz\u00e1r\u00f3 csere munk\u00e1t v\u00e1llalt egy tokodi lakosn\u00e1l. Megegyeztek, hogy a munk\u00e1latokat egy h\u00f3nap<\/p>\n","protected":false},"author":1,"featured_media":10300,"comment_status":"closed","ping_status":"closed","sticky":false,"template":"","format":"standard","meta":{"ngg_post_thumbnail":0,"footnotes":""},"categories":[3,39,6],"tags":[63,146,359,61,12],"class_list":{"0":"post-29078","1":"post","2":"type-post","3":"status-publish","4":"format-standard","5":"has-post-thumbnail","7":"category-hirek","8":"category-kek-hirek","9":"category-tokod","10":"tag-buncselekmeny","11":"tag-csalas","12":"tag-dorogi-rendorok","13":"tag-rendorsegi-hirek","14":"tag-tokod"},"yoast_head":"<!-- This site is optimized with the Yoast SEO plugin v27.5 - https:\/\/yoast.com\/product\/yoast-seo-wordpress\/ -->\n<title>Az el\u0151leget \u00e1tvette, de a munk\u00e1t nem v\u00e9gezte el<\/title>\n<meta name=\"robots\" content=\"index, follow, max-snippet:-1, max-image-preview:large, max-video-preview:-1\" \/>\n<link rel=\"canonical\" href=\"https:\/\/dorogimedence.hu\/index.php\/2020\/12\/09\/az-eloleget-atvette-de-a-munkat-nem-vegezte-el\/\" class=\"yoast-seo-meta-tag\" \/>\n<meta property=\"og:locale\" content=\"hu_HU\" class=\"yoast-seo-meta-tag\" \/>\n<meta property=\"og:type\" content=\"article\" class=\"yoast-seo-meta-tag\" \/>\n<meta property=\"og:title\" content=\"Az el\u0151leget \u00e1tvette, de a munk\u00e1t nem v\u00e9gezte el\" class=\"yoast-seo-meta-tag\" \/>\n<meta property=\"og:description\" content=\"A dorogi nyomoz\u00f3k gyan\u00fas\u00edtottk\u00e9nt hallgatt\u00e1k ki azt a f\u00e9rfit, aki t\u00f6bb mint 1 milli\u00f3 forintot vett \u00e1t ny\u00edl\u00e1sz\u00e1r\u00f3 cser\u00e9re a s\u00e9rtett\u0151l. A munk\u00e1latokat nem kezdte meg \u00e9s a p\u00e9nzt sem adta vissza. A gyan\u00fa szerint a 36 \u00e9ves tettes 2020. j\u00fanius 10-\u00e9n ny\u00edl\u00e1sz\u00e1r\u00f3 csere munk\u00e1t v\u00e1llalt egy tokodi lakosn\u00e1l. Megegyeztek, hogy a munk\u00e1latokat egy h\u00f3nap\" class=\"yoast-seo-meta-tag\" \/>\n<meta property=\"og:url\" content=\"https:\/\/dorogimedence.hu\/index.php\/2020\/12\/09\/az-eloleget-atvette-de-a-munkat-nem-vegezte-el\/\" class=\"yoast-seo-meta-tag\" \/>\n<meta property=\"og:site_name\" content=\"Dorogi-medence Region\u00e1lis H\u00edrport\u00e1l\" class=\"yoast-seo-meta-tag\" \/>\n<meta property=\"article:publisher\" content=\"https:\/\/www.facebook.com\/dorogimedence\/\" class=\"yoast-seo-meta-tag\" \/>\n<meta property=\"article:published_time\" content=\"2020-12-09T11:09:51+00:00\" class=\"yoast-seo-meta-tag\" \/>\n<meta property=\"article:modified_time\" content=\"2020-12-09T11:10:04+00:00\" class=\"yoast-seo-meta-tag\" \/>\n<meta property=\"og:image\" content=\"https:\/\/i0.wp.com\/dorogimedence.hu\/wp-content\/uploads\/2018\/05\/rendorauto-05.jpg?fit=670%2C365&ssl=1\" class=\"yoast-seo-meta-tag\" \/>\n\t<meta property=\"og:image:width\" content=\"670\" class=\"yoast-seo-meta-tag\" \/>\n\t<meta property=\"og:image:height\" content=\"365\" class=\"yoast-seo-meta-tag\" \/>\n\t<meta property=\"og:image:type\" content=\"image\/jpeg\" class=\"yoast-seo-meta-tag\" \/>\n<meta name=\"author\" content=\"dorogimedence.hu\" class=\"yoast-seo-meta-tag\" \/>\n<meta name=\"twitter:card\" content=\"summary_large_image\" class=\"yoast-seo-meta-tag\" \/>\n<meta name=\"twitter:label1\" content=\"Szerz\u0151:\" class=\"yoast-seo-meta-tag\" \/>\n\t<meta name=\"twitter:data1\" content=\"dorogimedence.hu\" class=\"yoast-seo-meta-tag\" \/>\n\t<meta name=\"twitter:label2\" content=\"Becs\u00fclt olvas\u00e1si id\u0151\" class=\"yoast-seo-meta-tag\" \/>\n\t<meta name=\"twitter:data2\" content=\"1 perc\" class=\"yoast-seo-meta-tag\" \/>\n<script type=\"application\/ld+json\" class=\"yoast-schema-graph\">{\"@context\":\"https:\\\/\\\/schema.org\",\"@graph\":[{\"@type\":\"Article\",\"@id\":\"https:\\\/\\\/dorogimedence.hu\\\/index.php\\\/2020\\\/12\\\/09\\\/az-eloleget-atvette-de-a-munkat-nem-vegezte-el\\\/#article\",\"isPartOf\":{\"@id\":\"https:\\\/\\\/dorogimedence.hu\\\/index.php\\\/2020\\\/12\\\/09\\\/az-eloleget-atvette-de-a-munkat-nem-vegezte-el\\\/\"},\"author\":{\"name\":\"dorogimedence.hu\",\"@id\":\"https:\\\/\\\/dorogimedence.hu\\\/#\\\/schema\\\/person\\\/ce6091eeb7e95ecdc87890d6aa8e0fd4\"},\"headline\":\"Az el\u0151leget \u00e1tvette, de a munk\u00e1t nem v\u00e9gezte el\",\"datePublished\":\"2020-12-09T11:09:51+00:00\",\"dateModified\":\"2020-12-09T11:10:04+00:00\",\"mainEntityOfPage\":{\"@id\":\"https:\\\/\\\/dorogimedence.hu\\\/index.php\\\/2020\\\/12\\\/09\\\/az-eloleget-atvette-de-a-munkat-nem-vegezte-el\\\/\"},\"wordCount\":212,\"publisher\":{\"@id\":\"https:\\\/\\\/dorogimedence.hu\\\/#organization\"},\"image\":{\"@id\":\"https:\\\/\\\/dorogimedence.hu\\\/index.php\\\/2020\\\/12\\\/09\\\/az-eloleget-atvette-de-a-munkat-nem-vegezte-el\\\/#primaryimage\"},\"thumbnailUrl\":\"https:\\\/\\\/dorogimedence.hu\\\/wp-content\\\/uploads\\\/2018\\\/05\\\/rendorauto-05.jpg\",\"keywords\":[\"b\u0171ncselekm\u00e9ny\",\"csal\u00e1s\",\"dorogi rend\u0151r\u00f6k\",\"rend\u0151rs\u00e9gi h\u00edrek\",\"Tokod\"],\"articleSection\":[\"H\u00edrek\",\"K\u00e9k h\u00edrek\",\"Tokod\"],\"inLanguage\":\"hu\"},{\"@type\":\"WebPage\",\"@id\":\"https:\\\/\\\/dorogimedence.hu\\\/index.php\\\/2020\\\/12\\\/09\\\/az-eloleget-atvette-de-a-munkat-nem-vegezte-el\\\/\",\"url\":\"https:\\\/\\\/dorogimedence.hu\\\/index.php\\\/2020\\\/12\\\/09\\\/az-eloleget-atvette-de-a-munkat-nem-vegezte-el\\\/\",\"name\":\"Az el\u0151leget \u00e1tvette, de a munk\u00e1t nem v\u00e9gezte el\",\"isPartOf\":{\"@id\":\"https:\\\/\\\/dorogimedence.hu\\\/#website\"},\"primaryImageOfPage\":{\"@id\":\"https:\\\/\\\/dorogimedence.hu\\\/index.php\\\/2020\\\/12\\\/09\\\/az-eloleget-atvette-de-a-munkat-nem-vegezte-el\\\/#primaryimage\"},\"image\":{\"@id\":\"https:\\\/\\\/dorogimedence.hu\\\/index.php\\\/2020\\\/12\\\/09\\\/az-eloleget-atvette-de-a-munkat-nem-vegezte-el\\\/#primaryimage\"},\"thumbnailUrl\":\"https:\\\/\\\/dorogimedence.hu\\\/wp-content\\\/uploads\\\/2018\\\/05\\\/rendorauto-05.jpg\",\"datePublished\":\"2020-12-09T11:09:51+00:00\",\"dateModified\":\"2020-12-09T11:10:04+00:00\",\"breadcrumb\":{\"@id\":\"https:\\\/\\\/dorogimedence.hu\\\/index.php\\\/2020\\\/12\\\/09\\\/az-eloleget-atvette-de-a-munkat-nem-vegezte-el\\\/#breadcrumb\"},\"inLanguage\":\"hu\",\"potentialAction\":[{\"@type\":\"ReadAction\",\"target\":[\"https:\\\/\\\/dorogimedence.hu\\\/index.php\\\/2020\\\/12\\\/09\\\/az-eloleget-atvette-de-a-munkat-nem-vegezte-el\\\/\"]}]},{\"@type\":\"ImageObject\",\"inLanguage\":\"hu\",\"@id\":\"https:\\\/\\\/dorogimedence.hu\\\/index.php\\\/2020\\\/12\\\/09\\\/az-eloleget-atvette-de-a-munkat-nem-vegezte-el\\\/#primaryimage\",\"url\":\"https:\\\/\\\/dorogimedence.hu\\\/wp-content\\\/uploads\\\/2018\\\/05\\\/rendorauto-05.jpg\",\"contentUrl\":\"https:\\\/\\\/dorogimedence.hu\\\/wp-content\\\/uploads\\\/2018\\\/05\\\/rendorauto-05.jpg\",\"width\":670,\"height\":365},{\"@type\":\"BreadcrumbList\",\"@id\":\"https:\\\/\\\/dorogimedence.hu\\\/index.php\\\/2020\\\/12\\\/09\\\/az-eloleget-atvette-de-a-munkat-nem-vegezte-el\\\/#breadcrumb\",\"itemListElement\":[{\"@type\":\"ListItem\",\"position\":1,\"name\":\"Kezd\u0151lap\",\"item\":\"https:\\\/\\\/dorogimedence.hu\\\/\"},{\"@type\":\"ListItem\",\"position\":2,\"name\":\"Az el\u0151leget \u00e1tvette, de a munk\u00e1t nem v\u00e9gezte el\"}]},{\"@type\":\"WebSite\",\"@id\":\"https:\\\/\\\/dorogimedence.hu\\\/#website\",\"url\":\"https:\\\/\\\/dorogimedence.hu\\\/\",\"name\":\"Dorogi-medence Region\u00e1lis H\u00edrport\u00e1l\",\"description\":\"Dorog, Keszt\u00f6lc, Le\u00e1nyv\u00e1r, Piliscs\u00e9v, Tokod, Tokodalt\u00e1r\u00f3, Csolnok, Esztergom-kertv\u00e1ros: h\u00edrek, programok\",\"publisher\":{\"@id\":\"https:\\\/\\\/dorogimedence.hu\\\/#organization\"},\"potentialAction\":[{\"@type\":\"SearchAction\",\"target\":{\"@type\":\"EntryPoint\",\"urlTemplate\":\"https:\\\/\\\/dorogimedence.hu\\\/?s={search_term_string}\"},\"query-input\":{\"@type\":\"PropertyValueSpecification\",\"valueRequired\":true,\"valueName\":\"search_term_string\"}}],\"inLanguage\":\"hu\"},{\"@type\":\"Organization\",\"@id\":\"https:\\\/\\\/dorogimedence.hu\\\/#organization\",\"name\":\"Dorogi-medence Region\u00e1lis H\u00edrport\u00e1l\",\"url\":\"https:\\\/\\\/dorogimedence.hu\\\/\",\"logo\":{\"@type\":\"ImageObject\",\"inLanguage\":\"hu\",\"@id\":\"https:\\\/\\\/dorogimedence.hu\\\/#\\\/schema\\\/logo\\\/image\\\/\",\"url\":\"https:\\\/\\\/dorogimedence.hu\\\/wp-content\\\/uploads\\\/2021\\\/04\\\/logo-feher-600.png\",\"contentUrl\":\"https:\\\/\\\/dorogimedence.hu\\\/wp-content\\\/uploads\\\/2021\\\/04\\\/logo-feher-600.png\",\"width\":600,\"height\":100,\"caption\":\"Dorogi-medence Region\u00e1lis H\u00edrport\u00e1l\"},\"image\":{\"@id\":\"https:\\\/\\\/dorogimedence.hu\\\/#\\\/schema\\\/logo\\\/image\\\/\"},\"sameAs\":[\"https:\\\/\\\/www.facebook.com\\\/dorogimedence\\\/\"]},{\"@type\":\"Person\",\"@id\":\"https:\\\/\\\/dorogimedence.hu\\\/#\\\/schema\\\/person\\\/ce6091eeb7e95ecdc87890d6aa8e0fd4\",\"name\":\"dorogimedence.hu\",\"image\":{\"@type\":\"ImageObject\",\"inLanguage\":\"hu\",\"@id\":\"\\\/\\\/www.gravatar.com\\\/avatar\\\/d8d45f8901aadff40a4af72c0b826f1d?s=96&#038;r=g&#038;d=mm\",\"url\":\"\\\/\\\/www.gravatar.com\\\/avatar\\\/d8d45f8901aadff40a4af72c0b826f1d?s=96&#038;r=g&#038;d=mm\",\"contentUrl\":\"\\\/\\\/www.gravatar.com\\\/avatar\\\/d8d45f8901aadff40a4af72c0b826f1d?s=96&#038;r=g&#038;d=mm\",\"caption\":\"dorogimedence.hu\"}}]}<\/script>\n<!-- \/ Yoast SEO plugin. -->","yoast_head_json":{"title":"Az el\u0151leget \u00e1tvette, de a munk\u00e1t nem v\u00e9gezte el","robots":{"index":"index","follow":"follow","max-snippet":"max-snippet:-1","max-image-preview":"max-image-preview:large","max-video-preview":"max-video-preview:-1"},"canonical":"https:\/\/dorogimedence.hu\/index.php\/2020\/12\/09\/az-eloleget-atvette-de-a-munkat-nem-vegezte-el\/","og_locale":"hu_HU","og_type":"article","og_title":"Az el\u0151leget \u00e1tvette, de a munk\u00e1t nem v\u00e9gezte el","og_description":"A dorogi nyomoz\u00f3k gyan\u00fas\u00edtottk\u00e9nt hallgatt\u00e1k ki azt a f\u00e9rfit, aki t\u00f6bb mint 1 milli\u00f3 forintot vett \u00e1t ny\u00edl\u00e1sz\u00e1r\u00f3 cser\u00e9re a s\u00e9rtett\u0151l. A munk\u00e1latokat nem kezdte meg \u00e9s a p\u00e9nzt sem adta vissza. A gyan\u00fa szerint a 36 \u00e9ves tettes 2020. j\u00fanius 10-\u00e9n ny\u00edl\u00e1sz\u00e1r\u00f3 csere munk\u00e1t v\u00e1llalt egy tokodi lakosn\u00e1l. Megegyeztek, hogy a munk\u00e1latokat egy h\u00f3nap","og_url":"https:\/\/dorogimedence.hu\/index.php\/2020\/12\/09\/az-eloleget-atvette-de-a-munkat-nem-vegezte-el\/","og_site_name":"Dorogi-medence Region\u00e1lis H\u00edrport\u00e1l","article_publisher":"https:\/\/www.facebook.com\/dorogimedence\/","article_published_time":"2020-12-09T11:09:51+00:00","article_modified_time":"2020-12-09T11:10:04+00:00","og_image":[{"width":670,"height":365,"url":"https:\/\/i0.wp.com\/dorogimedence.hu\/wp-content\/uploads\/2018\/05\/rendorauto-05.jpg?fit=670%2C365&ssl=1","type":"image\/jpeg"}],"author":"dorogimedence.hu","twitter_card":"summary_large_image","twitter_misc":{"Szerz\u0151:":"dorogimedence.hu","Becs\u00fclt olvas\u00e1si id\u0151":"1 perc"},"schema":{"@context":"https:\/\/schema.org","@graph":[{"@type":"Article","@id":"https:\/\/dorogimedence.hu\/index.php\/2020\/12\/09\/az-eloleget-atvette-de-a-munkat-nem-vegezte-el\/#article","isPartOf":{"@id":"https:\/\/dorogimedence.hu\/index.php\/2020\/12\/09\/az-eloleget-atvette-de-a-munkat-nem-vegezte-el\/"},"author":{"name":"dorogimedence.hu","@id":"https:\/\/dorogimedence.hu\/#\/schema\/person\/ce6091eeb7e95ecdc87890d6aa8e0fd4"},"headline":"Az el\u0151leget \u00e1tvette, de a munk\u00e1t nem v\u00e9gezte el","datePublished":"2020-12-09T11:09:51+00:00","dateModified":"2020-12-09T11:10:04+00:00","mainEntityOfPage":{"@id":"https:\/\/dorogimedence.hu\/index.php\/2020\/12\/09\/az-eloleget-atvette-de-a-munkat-nem-vegezte-el\/"},"wordCount":212,"publisher":{"@id":"https:\/\/dorogimedence.hu\/#organization"},"image":{"@id":"https:\/\/dorogimedence.hu\/index.php\/2020\/12\/09\/az-eloleget-atvette-de-a-munkat-nem-vegezte-el\/#primaryimage"},"thumbnailUrl":"https:\/\/dorogimedence.hu\/wp-content\/uploads\/2018\/05\/rendorauto-05.jpg","keywords":["b\u0171ncselekm\u00e9ny","csal\u00e1s","dorogi rend\u0151r\u00f6k","rend\u0151rs\u00e9gi h\u00edrek","Tokod"],"articleSection":["H\u00edrek","K\u00e9k h\u00edrek","Tokod"],"inLanguage":"hu"},{"@type":"WebPage","@id":"https:\/\/dorogimedence.hu\/index.php\/2020\/12\/09\/az-eloleget-atvette-de-a-munkat-nem-vegezte-el\/","url":"https:\/\/dorogimedence.hu\/index.php\/2020\/12\/09\/az-eloleget-atvette-de-a-munkat-nem-vegezte-el\/","name":"Az el\u0151leget \u00e1tvette, de a munk\u00e1t nem v\u00e9gezte el","isPartOf":{"@id":"https:\/\/dorogimedence.hu\/#website"},"primaryImageOfPage":{"@id":"https:\/\/dorogimedence.hu\/index.php\/2020\/12\/09\/az-eloleget-atvette-de-a-munkat-nem-vegezte-el\/#primaryimage"},"image":{"@id":"https:\/\/dorogimedence.hu\/index.php\/2020\/12\/09\/az-eloleget-atvette-de-a-munkat-nem-vegezte-el\/#primaryimage"},"thumbnailUrl":"https:\/\/dorogimedence.hu\/wp-content\/uploads\/2018\/05\/rendorauto-05.jpg","datePublished":"2020-12-09T11:09:51+00:00","dateModified":"2020-12-09T11:10:04+00:00","breadcrumb":{"@id":"https:\/\/dorogimedence.hu\/index.php\/2020\/12\/09\/az-eloleget-atvette-de-a-munkat-nem-vegezte-el\/#breadcrumb"},"inLanguage":"hu","potentialAction":[{"@type":"ReadAction","target":["https:\/\/dorogimedence.hu\/index.php\/2020\/12\/09\/az-eloleget-atvette-de-a-munkat-nem-vegezte-el\/"]}]},{"@type":"ImageObject","inLanguage":"hu","@id":"https:\/\/dorogimedence.hu\/index.php\/2020\/12\/09\/az-eloleget-atvette-de-a-munkat-nem-vegezte-el\/#primaryimage","url":"https:\/\/dorogimedence.hu\/wp-content\/uploads\/2018\/05\/rendorauto-05.jpg","contentUrl":"https:\/\/dorogimedence.hu\/wp-content\/uploads\/2018\/05\/rendorauto-05.jpg","width":670,"height":365},{"@type":"BreadcrumbList","@id":"https:\/\/dorogimedence.hu\/index.php\/2020\/12\/09\/az-eloleget-atvette-de-a-munkat-nem-vegezte-el\/#breadcrumb","itemListElement":[{"@type":"ListItem","position":1,"name":"Kezd\u0151lap","item":"https:\/\/dorogimedence.hu\/"},{"@type":"ListItem","position":2,"name":"Az el\u0151leget \u00e1tvette, de a munk\u00e1t nem v\u00e9gezte el"}]},{"@type":"WebSite","@id":"https:\/\/dorogimedence.hu\/#website","url":"https:\/\/dorogimedence.hu\/","name":"Dorogi-medence Region\u00e1lis H\u00edrport\u00e1l","description":"Dorog, Keszt\u00f6lc, Le\u00e1nyv\u00e1r, Piliscs\u00e9v, Tokod, Tokodalt\u00e1r\u00f3, Csolnok, Esztergom-kertv\u00e1ros: h\u00edrek, programok","publisher":{"@id":"https:\/\/dorogimedence.hu\/#organization"},"potentialAction":[{"@type":"SearchAction","target":{"@type":"EntryPoint","urlTemplate":"https:\/\/dorogimedence.hu\/?s={search_term_string}"},"query-input":{"@type":"PropertyValueSpecification","valueRequired":true,"valueName":"search_term_string"}}],"inLanguage":"hu"},{"@type":"Organization","@id":"https:\/\/dorogimedence.hu\/#organization","name":"Dorogi-medence Region\u00e1lis H\u00edrport\u00e1l","url":"https:\/\/dorogimedence.hu\/","logo":{"@type":"ImageObject","inLanguage":"hu","@id":"https:\/\/dorogimedence.hu\/#\/schema\/logo\/image\/","url":"https:\/\/dorogimedence.hu\/wp-content\/uploads\/2021\/04\/logo-feher-600.png","contentUrl":"https:\/\/dorogimedence.hu\/wp-content\/uploads\/2021\/04\/logo-feher-600.png","width":600,"height":100,"caption":"Dorogi-medence Region\u00e1lis H\u00edrport\u00e1l"},"image":{"@id":"https:\/\/dorogimedence.hu\/#\/schema\/logo\/image\/"},"sameAs":["https:\/\/www.facebook.com\/dorogimedence\/"]},{"@type":"Person","@id":"https:\/\/dorogimedence.hu\/#\/schema\/person\/ce6091eeb7e95ecdc87890d6aa8e0fd4","name":"dorogimedence.hu","image":{"@type":"ImageObject","inLanguage":"hu","@id":"\/\/www.gravatar.com\/avatar\/d8d45f8901aadff40a4af72c0b826f1d?s=96&#038;r=g&#038;d=mm","url":"\/\/www.gravatar.com\/avatar\/d8d45f8901aadff40a4af72c0b826f1d?s=96&#038;r=g&#038;d=mm","contentUrl":"\/\/www.gravatar.com\/avatar\/d8d45f8901aadff40a4af72c0b826f1d?s=96&#038;r=g&#038;d=mm","caption":"dorogimedence.hu"}}]}},"_links":{"self":[{"href":"https:\/\/dorogimedence.hu\/index.php\/wp-json\/wp\/v2\/posts\/29078","targetHints":{"allow":["GET"]}}],"collection":[{"href":"https:\/\/dorogimedence.hu\/index.php\/wp-json\/wp\/v2\/posts"}],"about":[{"href":"https:\/\/dorogimedence.hu\/index.php\/wp-json\/wp\/v2\/types\/post"}],"author":[{"embeddable":true,"href":"https:\/\/dorogimedence.hu\/index.php\/wp-json\/wp\/v2\/users\/1"}],"replies":[{"embeddable":true,"href":"https:\/\/dorogimedence.hu\/index.php\/wp-json\/wp\/v2\/comments?post=29078"}],"version-history":[{"count":0,"href":"https:\/\/dorogimedence.hu\/index.php\/wp-json\/wp\/v2\/posts\/29078\/revisions"}],"wp:featuredmedia":[{"embeddable":true,"href":"https:\/\/dorogimedence.hu\/index.php\/wp-json\/wp\/v2\/media\/10300"}],"wp:attachment":[{"href":"https:\/\/dorogimedence.hu\/index.php\/wp-json\/wp\/v2\/media?parent=29078"}],"wp:term":[{"taxonomy":"category","embeddable":true,"href":"https:\/\/dorogimedence.hu\/index.php\/wp-json\/wp\/v2\/categories?post=29078"},{"taxonomy":"post_tag","embeddable":true,"href":"https:\/\/dorogimedence.hu\/index.php\/wp-json\/wp\/v2\/tags?post=29078"}],"curies":[{"name":"wp","href":"https:\/\/api.w.org\/{rel}","templated":true}]}}