{"id":29063,"date":"2020-12-08T06:54:27","date_gmt":"2020-12-08T05:54:27","guid":{"rendered":"http:\/\/dorogimedence.hu\/?p=29063"},"modified":"2020-12-08T06:55:51","modified_gmt":"2020-12-08T05:55:51","slug":"tobb-mint-felmillio-tartasdijat-halmozott-fel-egy-anyuka","status":"publish","type":"post","link":"https:\/\/dorogimedence.hu\/index.php\/2020\/12\/08\/tobb-mint-felmillio-tartasdijat-halmozott-fel-egy-anyuka\/","title":{"rendered":"T\u00f6bb mint f\u00e9lmilli\u00f3 tart\u00e1sd\u00edjat halmozott fel egy anyuka"},"content":{"rendered":"<p><strong>Az Esztergomi J\u00e1r\u00e1si \u00dcgy\u00e9szs\u00e9g tart\u00e1si k\u00f6telezetts\u00e9g elmulaszt\u00e1sa v\u00e9ts\u00e9ge ny\u00fajtott be v\u00e1diratot azzal az any\u00e1val szemben, aki k\u00e9t gyermeke ut\u00e1n t\u00f6bb, mint f\u00e9lmilli\u00f3 forint tart\u00e1sd\u00edjat nem fizetett meg, ez\u00e9rt az \u00fcgy\u00e9szs\u00e9g k\u00f6z\u00e9rdek\u0171 munka b\u00fcntet\u00e9sre tett ind\u00edtv\u00e1nyt.<\/strong><\/p>\n<p>A l\u00e1batlani tart\u00f3zkod\u00e1si hely\u0171 v\u00e1dlott n\u0151t a b\u00edr\u00f3s\u00e1g arra k\u00f6telezte, hogy k\u00e9t gyermeke tart\u00e1s\u00e1ra fizessen meg a gyermekek s\u00fctt\u0151i gondvisel\u0151j\u00e9nek minden h\u00f3nap 15. napj\u00e1ig gyermekenk\u00e9nt 15.000 Ft \u00f6sszeg\u0171 gyermektart\u00e1sd\u00edjat. Ezen tart\u00e1sd\u00edj-fizet\u00e9si k\u00f6telezetts\u00e9g\u00e9nek a n\u0151 2019. j\u00falius 16-t\u00f3l a v\u00e1demel\u00e9sig eltelt 17 h\u00f3nap alatt \u00f6nhib\u00e1j\u00e1b\u00f3l 510.000 Ft tart\u00e1sd\u00edjat halmozott fel.<\/p>\n<p>Az \u00fcgy\u00e9szs\u00e9g a v\u00e1diratban arra tett ind\u00edtv\u00e1nyt, hogy a b\u00edr\u00f3s\u00e1g a v\u00e1dlottat t\u00e1rgyal\u00e1s mell\u0151z\u00e9s\u00e9vel, b\u00fcntet\u0151v\u00e9gz\u00e9sben k\u00f6z\u00e9rdek\u0171 munka b\u00fcntet\u00e9sre \u00edt\u00e9lje.<\/p>\n<p><em>Kom\u00e1rom-Esztergom Megyei F\u0151\u00fcgy\u00e9szs\u00e9g Sajt\u00f3<\/em><\/p>\n","protected":false},"excerpt":{"rendered":"<p>Az Esztergomi J\u00e1r\u00e1si \u00dcgy\u00e9szs\u00e9g tart\u00e1si k\u00f6telezetts\u00e9g elmulaszt\u00e1sa v\u00e9ts\u00e9ge ny\u00fajtott be v\u00e1diratot azzal az any\u00e1val szemben, aki k\u00e9t gyermeke ut\u00e1n t\u00f6bb, mint f\u00e9lmilli\u00f3 forint tart\u00e1sd\u00edjat nem fizetett meg, ez\u00e9rt az \u00fcgy\u00e9szs\u00e9g k\u00f6z\u00e9rdek\u0171 munka b\u00fcntet\u00e9sre tett ind\u00edtv\u00e1nyt. A l\u00e1batlani tart\u00f3zkod\u00e1si hely\u0171 v\u00e1dlott n\u0151t a b\u00edr\u00f3s\u00e1g arra k\u00f6telezte, hogy k\u00e9t gyermeke tart\u00e1s\u00e1ra fizessen meg a gyermekek s\u00fctt\u0151i gondvisel\u0151j\u00e9nek<\/p>\n","protected":false},"author":1,"featured_media":0,"comment_status":"closed","ping_status":"closed","sticky":false,"template":"","format":"standard","meta":{"ngg_post_thumbnail":0,"footnotes":""},"categories":[3,39],"tags":[1042,489,61,376,3865,326],"class_list":{"0":"post-29063","1":"post","2":"type-post","3":"status-publish","4":"format-standard","6":"category-hirek","7":"category-kek-hirek","8":"tag-birosag","9":"tag-labatlan","10":"tag-rendorsegi-hirek","11":"tag-sutto","12":"tag-tartasdij","13":"tag-ugyeszseg"},"yoast_head":"<!-- This site is optimized with the Yoast SEO plugin v27.4 - https:\/\/yoast.com\/product\/yoast-seo-wordpress\/ -->\n<title>T\u00f6bb mint f\u00e9lmilli\u00f3 tart\u00e1sd\u00edjat halmozott fel egy anyuka<\/title>\n<meta name=\"robots\" content=\"index, follow, max-snippet:-1, max-image-preview:large, max-video-preview:-1\" \/>\n<link rel=\"canonical\" href=\"https:\/\/dorogimedence.hu\/index.php\/2020\/12\/08\/tobb-mint-felmillio-tartasdijat-halmozott-fel-egy-anyuka\/\" class=\"yoast-seo-meta-tag\" \/>\n<meta property=\"og:locale\" content=\"hu_HU\" class=\"yoast-seo-meta-tag\" \/>\n<meta property=\"og:type\" content=\"article\" class=\"yoast-seo-meta-tag\" \/>\n<meta property=\"og:title\" content=\"T\u00f6bb mint f\u00e9lmilli\u00f3 tart\u00e1sd\u00edjat halmozott fel egy anyuka\" class=\"yoast-seo-meta-tag\" \/>\n<meta property=\"og:description\" content=\"Az Esztergomi J\u00e1r\u00e1si \u00dcgy\u00e9szs\u00e9g tart\u00e1si k\u00f6telezetts\u00e9g elmulaszt\u00e1sa v\u00e9ts\u00e9ge ny\u00fajtott be v\u00e1diratot azzal az any\u00e1val szemben, aki k\u00e9t gyermeke ut\u00e1n t\u00f6bb, mint f\u00e9lmilli\u00f3 forint tart\u00e1sd\u00edjat nem fizetett meg, ez\u00e9rt az \u00fcgy\u00e9szs\u00e9g k\u00f6z\u00e9rdek\u0171 munka b\u00fcntet\u00e9sre tett ind\u00edtv\u00e1nyt. A l\u00e1batlani tart\u00f3zkod\u00e1si hely\u0171 v\u00e1dlott n\u0151t a b\u00edr\u00f3s\u00e1g arra k\u00f6telezte, hogy k\u00e9t gyermeke tart\u00e1s\u00e1ra fizessen meg a gyermekek s\u00fctt\u0151i gondvisel\u0151j\u00e9nek\" class=\"yoast-seo-meta-tag\" \/>\n<meta property=\"og:url\" content=\"https:\/\/dorogimedence.hu\/index.php\/2020\/12\/08\/tobb-mint-felmillio-tartasdijat-halmozott-fel-egy-anyuka\/\" class=\"yoast-seo-meta-tag\" \/>\n<meta property=\"og:site_name\" content=\"Dorogi-medence Region\u00e1lis H\u00edrport\u00e1l\" class=\"yoast-seo-meta-tag\" \/>\n<meta property=\"article:publisher\" content=\"https:\/\/www.facebook.com\/dorogimedence\/\" class=\"yoast-seo-meta-tag\" \/>\n<meta property=\"article:published_time\" content=\"2020-12-08T05:54:27+00:00\" class=\"yoast-seo-meta-tag\" \/>\n<meta property=\"article:modified_time\" content=\"2020-12-08T05:55:51+00:00\" class=\"yoast-seo-meta-tag\" \/>\n<meta property=\"og:image\" content=\"https:\/\/i0.wp.com\/dorogimedence.hu\/wp-content\/uploads\/2017\/07\/birosag-01.jpg?fit=670%2C365&ssl=1\" class=\"yoast-seo-meta-tag\" \/>\n\t<meta property=\"og:image:width\" content=\"670\" class=\"yoast-seo-meta-tag\" \/>\n\t<meta property=\"og:image:height\" content=\"365\" class=\"yoast-seo-meta-tag\" \/>\n\t<meta property=\"og:image:type\" content=\"image\/jpeg\" class=\"yoast-seo-meta-tag\" \/>\n<meta name=\"author\" content=\"dorogimedence.hu\" class=\"yoast-seo-meta-tag\" \/>\n<meta name=\"twitter:card\" content=\"summary_large_image\" class=\"yoast-seo-meta-tag\" \/>\n<meta name=\"twitter:label1\" content=\"Szerz\u0151:\" class=\"yoast-seo-meta-tag\" \/>\n\t<meta name=\"twitter:data1\" content=\"dorogimedence.hu\" class=\"yoast-seo-meta-tag\" \/>\n\t<meta name=\"twitter:label2\" content=\"Becs\u00fclt olvas\u00e1si id\u0151\" class=\"yoast-seo-meta-tag\" \/>\n\t<meta name=\"twitter:data2\" content=\"1 perc\" class=\"yoast-seo-meta-tag\" \/>\n<script type=\"application\/ld+json\" class=\"yoast-schema-graph\">{\"@context\":\"https:\\\/\\\/schema.org\",\"@graph\":[{\"@type\":\"Article\",\"@id\":\"https:\\\/\\\/dorogimedence.hu\\\/index.php\\\/2020\\\/12\\\/08\\\/tobb-mint-felmillio-tartasdijat-halmozott-fel-egy-anyuka\\\/#article\",\"isPartOf\":{\"@id\":\"https:\\\/\\\/dorogimedence.hu\\\/index.php\\\/2020\\\/12\\\/08\\\/tobb-mint-felmillio-tartasdijat-halmozott-fel-egy-anyuka\\\/\"},\"author\":{\"name\":\"dorogimedence.hu\",\"@id\":\"https:\\\/\\\/dorogimedence.hu\\\/#\\\/schema\\\/person\\\/ce6091eeb7e95ecdc87890d6aa8e0fd4\"},\"headline\":\"T\u00f6bb mint f\u00e9lmilli\u00f3 tart\u00e1sd\u00edjat halmozott fel egy anyuka\",\"datePublished\":\"2020-12-08T05:54:27+00:00\",\"dateModified\":\"2020-12-08T05:55:51+00:00\",\"mainEntityOfPage\":{\"@id\":\"https:\\\/\\\/dorogimedence.hu\\\/index.php\\\/2020\\\/12\\\/08\\\/tobb-mint-felmillio-tartasdijat-halmozott-fel-egy-anyuka\\\/\"},\"wordCount\":206,\"publisher\":{\"@id\":\"https:\\\/\\\/dorogimedence.hu\\\/#organization\"},\"keywords\":[\"b\u00edr\u00f3s\u00e1g\",\"L\u00e1batlan\",\"rend\u0151rs\u00e9gi h\u00edrek\",\"S\u00fctt\u0151\",\"tart\u00e1sd\u00edj\",\"\u00fcgy\u00e9szs\u00e9g\"],\"articleSection\":[\"H\u00edrek\",\"K\u00e9k h\u00edrek\"],\"inLanguage\":\"hu\"},{\"@type\":\"WebPage\",\"@id\":\"https:\\\/\\\/dorogimedence.hu\\\/index.php\\\/2020\\\/12\\\/08\\\/tobb-mint-felmillio-tartasdijat-halmozott-fel-egy-anyuka\\\/\",\"url\":\"https:\\\/\\\/dorogimedence.hu\\\/index.php\\\/2020\\\/12\\\/08\\\/tobb-mint-felmillio-tartasdijat-halmozott-fel-egy-anyuka\\\/\",\"name\":\"T\u00f6bb mint f\u00e9lmilli\u00f3 tart\u00e1sd\u00edjat halmozott fel egy anyuka\",\"isPartOf\":{\"@id\":\"https:\\\/\\\/dorogimedence.hu\\\/#website\"},\"datePublished\":\"2020-12-08T05:54:27+00:00\",\"dateModified\":\"2020-12-08T05:55:51+00:00\",\"breadcrumb\":{\"@id\":\"https:\\\/\\\/dorogimedence.hu\\\/index.php\\\/2020\\\/12\\\/08\\\/tobb-mint-felmillio-tartasdijat-halmozott-fel-egy-anyuka\\\/#breadcrumb\"},\"inLanguage\":\"hu\",\"potentialAction\":[{\"@type\":\"ReadAction\",\"target\":[\"https:\\\/\\\/dorogimedence.hu\\\/index.php\\\/2020\\\/12\\\/08\\\/tobb-mint-felmillio-tartasdijat-halmozott-fel-egy-anyuka\\\/\"]}]},{\"@type\":\"BreadcrumbList\",\"@id\":\"https:\\\/\\\/dorogimedence.hu\\\/index.php\\\/2020\\\/12\\\/08\\\/tobb-mint-felmillio-tartasdijat-halmozott-fel-egy-anyuka\\\/#breadcrumb\",\"itemListElement\":[{\"@type\":\"ListItem\",\"position\":1,\"name\":\"Kezd\u0151lap\",\"item\":\"https:\\\/\\\/dorogimedence.hu\\\/\"},{\"@type\":\"ListItem\",\"position\":2,\"name\":\"T\u00f6bb mint f\u00e9lmilli\u00f3 tart\u00e1sd\u00edjat halmozott fel egy anyuka\"}]},{\"@type\":\"WebSite\",\"@id\":\"https:\\\/\\\/dorogimedence.hu\\\/#website\",\"url\":\"https:\\\/\\\/dorogimedence.hu\\\/\",\"name\":\"Dorogi-medence Region\u00e1lis H\u00edrport\u00e1l\",\"description\":\"Dorog, Keszt\u00f6lc, Le\u00e1nyv\u00e1r, Piliscs\u00e9v, Tokod, Tokodalt\u00e1r\u00f3, Csolnok, Esztergom-kertv\u00e1ros: h\u00edrek, programok\",\"publisher\":{\"@id\":\"https:\\\/\\\/dorogimedence.hu\\\/#organization\"},\"potentialAction\":[{\"@type\":\"SearchAction\",\"target\":{\"@type\":\"EntryPoint\",\"urlTemplate\":\"https:\\\/\\\/dorogimedence.hu\\\/?s={search_term_string}\"},\"query-input\":{\"@type\":\"PropertyValueSpecification\",\"valueRequired\":true,\"valueName\":\"search_term_string\"}}],\"inLanguage\":\"hu\"},{\"@type\":\"Organization\",\"@id\":\"https:\\\/\\\/dorogimedence.hu\\\/#organization\",\"name\":\"Dorogi-medence Region\u00e1lis H\u00edrport\u00e1l\",\"url\":\"https:\\\/\\\/dorogimedence.hu\\\/\",\"logo\":{\"@type\":\"ImageObject\",\"inLanguage\":\"hu\",\"@id\":\"https:\\\/\\\/dorogimedence.hu\\\/#\\\/schema\\\/logo\\\/image\\\/\",\"url\":\"https:\\\/\\\/dorogimedence.hu\\\/wp-content\\\/uploads\\\/2021\\\/04\\\/logo-feher-600.png\",\"contentUrl\":\"https:\\\/\\\/dorogimedence.hu\\\/wp-content\\\/uploads\\\/2021\\\/04\\\/logo-feher-600.png\",\"width\":600,\"height\":100,\"caption\":\"Dorogi-medence Region\u00e1lis H\u00edrport\u00e1l\"},\"image\":{\"@id\":\"https:\\\/\\\/dorogimedence.hu\\\/#\\\/schema\\\/logo\\\/image\\\/\"},\"sameAs\":[\"https:\\\/\\\/www.facebook.com\\\/dorogimedence\\\/\"]},{\"@type\":\"Person\",\"@id\":\"https:\\\/\\\/dorogimedence.hu\\\/#\\\/schema\\\/person\\\/ce6091eeb7e95ecdc87890d6aa8e0fd4\",\"name\":\"dorogimedence.hu\",\"image\":{\"@type\":\"ImageObject\",\"inLanguage\":\"hu\",\"@id\":\"\\\/\\\/www.gravatar.com\\\/avatar\\\/d8d45f8901aadff40a4af72c0b826f1d?s=96&#038;r=g&#038;d=mm\",\"url\":\"\\\/\\\/www.gravatar.com\\\/avatar\\\/d8d45f8901aadff40a4af72c0b826f1d?s=96&#038;r=g&#038;d=mm\",\"contentUrl\":\"\\\/\\\/www.gravatar.com\\\/avatar\\\/d8d45f8901aadff40a4af72c0b826f1d?s=96&#038;r=g&#038;d=mm\",\"caption\":\"dorogimedence.hu\"}}]}<\/script>\n<!-- \/ Yoast SEO plugin. -->","yoast_head_json":{"title":"T\u00f6bb mint f\u00e9lmilli\u00f3 tart\u00e1sd\u00edjat halmozott fel egy anyuka","robots":{"index":"index","follow":"follow","max-snippet":"max-snippet:-1","max-image-preview":"max-image-preview:large","max-video-preview":"max-video-preview:-1"},"canonical":"https:\/\/dorogimedence.hu\/index.php\/2020\/12\/08\/tobb-mint-felmillio-tartasdijat-halmozott-fel-egy-anyuka\/","og_locale":"hu_HU","og_type":"article","og_title":"T\u00f6bb mint f\u00e9lmilli\u00f3 tart\u00e1sd\u00edjat halmozott fel egy anyuka","og_description":"Az Esztergomi J\u00e1r\u00e1si \u00dcgy\u00e9szs\u00e9g tart\u00e1si k\u00f6telezetts\u00e9g elmulaszt\u00e1sa v\u00e9ts\u00e9ge ny\u00fajtott be v\u00e1diratot azzal az any\u00e1val szemben, aki k\u00e9t gyermeke ut\u00e1n t\u00f6bb, mint f\u00e9lmilli\u00f3 forint tart\u00e1sd\u00edjat nem fizetett meg, ez\u00e9rt az \u00fcgy\u00e9szs\u00e9g k\u00f6z\u00e9rdek\u0171 munka b\u00fcntet\u00e9sre tett ind\u00edtv\u00e1nyt. A l\u00e1batlani tart\u00f3zkod\u00e1si hely\u0171 v\u00e1dlott n\u0151t a b\u00edr\u00f3s\u00e1g arra k\u00f6telezte, hogy k\u00e9t gyermeke tart\u00e1s\u00e1ra fizessen meg a gyermekek s\u00fctt\u0151i gondvisel\u0151j\u00e9nek","og_url":"https:\/\/dorogimedence.hu\/index.php\/2020\/12\/08\/tobb-mint-felmillio-tartasdijat-halmozott-fel-egy-anyuka\/","og_site_name":"Dorogi-medence Region\u00e1lis H\u00edrport\u00e1l","article_publisher":"https:\/\/www.facebook.com\/dorogimedence\/","article_published_time":"2020-12-08T05:54:27+00:00","article_modified_time":"2020-12-08T05:55:51+00:00","og_image":[{"width":670,"height":365,"url":"https:\/\/i0.wp.com\/dorogimedence.hu\/wp-content\/uploads\/2017\/07\/birosag-01.jpg?fit=670%2C365&ssl=1","type":"image\/jpeg"}],"author":"dorogimedence.hu","twitter_card":"summary_large_image","twitter_misc":{"Szerz\u0151:":"dorogimedence.hu","Becs\u00fclt olvas\u00e1si id\u0151":"1 perc"},"schema":{"@context":"https:\/\/schema.org","@graph":[{"@type":"Article","@id":"https:\/\/dorogimedence.hu\/index.php\/2020\/12\/08\/tobb-mint-felmillio-tartasdijat-halmozott-fel-egy-anyuka\/#article","isPartOf":{"@id":"https:\/\/dorogimedence.hu\/index.php\/2020\/12\/08\/tobb-mint-felmillio-tartasdijat-halmozott-fel-egy-anyuka\/"},"author":{"name":"dorogimedence.hu","@id":"https:\/\/dorogimedence.hu\/#\/schema\/person\/ce6091eeb7e95ecdc87890d6aa8e0fd4"},"headline":"T\u00f6bb mint f\u00e9lmilli\u00f3 tart\u00e1sd\u00edjat halmozott fel egy anyuka","datePublished":"2020-12-08T05:54:27+00:00","dateModified":"2020-12-08T05:55:51+00:00","mainEntityOfPage":{"@id":"https:\/\/dorogimedence.hu\/index.php\/2020\/12\/08\/tobb-mint-felmillio-tartasdijat-halmozott-fel-egy-anyuka\/"},"wordCount":206,"publisher":{"@id":"https:\/\/dorogimedence.hu\/#organization"},"keywords":["b\u00edr\u00f3s\u00e1g","L\u00e1batlan","rend\u0151rs\u00e9gi h\u00edrek","S\u00fctt\u0151","tart\u00e1sd\u00edj","\u00fcgy\u00e9szs\u00e9g"],"articleSection":["H\u00edrek","K\u00e9k h\u00edrek"],"inLanguage":"hu"},{"@type":"WebPage","@id":"https:\/\/dorogimedence.hu\/index.php\/2020\/12\/08\/tobb-mint-felmillio-tartasdijat-halmozott-fel-egy-anyuka\/","url":"https:\/\/dorogimedence.hu\/index.php\/2020\/12\/08\/tobb-mint-felmillio-tartasdijat-halmozott-fel-egy-anyuka\/","name":"T\u00f6bb mint f\u00e9lmilli\u00f3 tart\u00e1sd\u00edjat halmozott fel egy anyuka","isPartOf":{"@id":"https:\/\/dorogimedence.hu\/#website"},"datePublished":"2020-12-08T05:54:27+00:00","dateModified":"2020-12-08T05:55:51+00:00","breadcrumb":{"@id":"https:\/\/dorogimedence.hu\/index.php\/2020\/12\/08\/tobb-mint-felmillio-tartasdijat-halmozott-fel-egy-anyuka\/#breadcrumb"},"inLanguage":"hu","potentialAction":[{"@type":"ReadAction","target":["https:\/\/dorogimedence.hu\/index.php\/2020\/12\/08\/tobb-mint-felmillio-tartasdijat-halmozott-fel-egy-anyuka\/"]}]},{"@type":"BreadcrumbList","@id":"https:\/\/dorogimedence.hu\/index.php\/2020\/12\/08\/tobb-mint-felmillio-tartasdijat-halmozott-fel-egy-anyuka\/#breadcrumb","itemListElement":[{"@type":"ListItem","position":1,"name":"Kezd\u0151lap","item":"https:\/\/dorogimedence.hu\/"},{"@type":"ListItem","position":2,"name":"T\u00f6bb mint f\u00e9lmilli\u00f3 tart\u00e1sd\u00edjat halmozott fel egy anyuka"}]},{"@type":"WebSite","@id":"https:\/\/dorogimedence.hu\/#website","url":"https:\/\/dorogimedence.hu\/","name":"Dorogi-medence Region\u00e1lis H\u00edrport\u00e1l","description":"Dorog, Keszt\u00f6lc, Le\u00e1nyv\u00e1r, Piliscs\u00e9v, Tokod, Tokodalt\u00e1r\u00f3, Csolnok, Esztergom-kertv\u00e1ros: h\u00edrek, programok","publisher":{"@id":"https:\/\/dorogimedence.hu\/#organization"},"potentialAction":[{"@type":"SearchAction","target":{"@type":"EntryPoint","urlTemplate":"https:\/\/dorogimedence.hu\/?s={search_term_string}"},"query-input":{"@type":"PropertyValueSpecification","valueRequired":true,"valueName":"search_term_string"}}],"inLanguage":"hu"},{"@type":"Organization","@id":"https:\/\/dorogimedence.hu\/#organization","name":"Dorogi-medence Region\u00e1lis H\u00edrport\u00e1l","url":"https:\/\/dorogimedence.hu\/","logo":{"@type":"ImageObject","inLanguage":"hu","@id":"https:\/\/dorogimedence.hu\/#\/schema\/logo\/image\/","url":"https:\/\/dorogimedence.hu\/wp-content\/uploads\/2021\/04\/logo-feher-600.png","contentUrl":"https:\/\/dorogimedence.hu\/wp-content\/uploads\/2021\/04\/logo-feher-600.png","width":600,"height":100,"caption":"Dorogi-medence Region\u00e1lis H\u00edrport\u00e1l"},"image":{"@id":"https:\/\/dorogimedence.hu\/#\/schema\/logo\/image\/"},"sameAs":["https:\/\/www.facebook.com\/dorogimedence\/"]},{"@type":"Person","@id":"https:\/\/dorogimedence.hu\/#\/schema\/person\/ce6091eeb7e95ecdc87890d6aa8e0fd4","name":"dorogimedence.hu","image":{"@type":"ImageObject","inLanguage":"hu","@id":"\/\/www.gravatar.com\/avatar\/d8d45f8901aadff40a4af72c0b826f1d?s=96&#038;r=g&#038;d=mm","url":"\/\/www.gravatar.com\/avatar\/d8d45f8901aadff40a4af72c0b826f1d?s=96&#038;r=g&#038;d=mm","contentUrl":"\/\/www.gravatar.com\/avatar\/d8d45f8901aadff40a4af72c0b826f1d?s=96&#038;r=g&#038;d=mm","caption":"dorogimedence.hu"}}]}},"_links":{"self":[{"href":"https:\/\/dorogimedence.hu\/index.php\/wp-json\/wp\/v2\/posts\/29063","targetHints":{"allow":["GET"]}}],"collection":[{"href":"https:\/\/dorogimedence.hu\/index.php\/wp-json\/wp\/v2\/posts"}],"about":[{"href":"https:\/\/dorogimedence.hu\/index.php\/wp-json\/wp\/v2\/types\/post"}],"author":[{"embeddable":true,"href":"https:\/\/dorogimedence.hu\/index.php\/wp-json\/wp\/v2\/users\/1"}],"replies":[{"embeddable":true,"href":"https:\/\/dorogimedence.hu\/index.php\/wp-json\/wp\/v2\/comments?post=29063"}],"version-history":[{"count":0,"href":"https:\/\/dorogimedence.hu\/index.php\/wp-json\/wp\/v2\/posts\/29063\/revisions"}],"wp:attachment":[{"href":"https:\/\/dorogimedence.hu\/index.php\/wp-json\/wp\/v2\/media?parent=29063"}],"wp:term":[{"taxonomy":"category","embeddable":true,"href":"https:\/\/dorogimedence.hu\/index.php\/wp-json\/wp\/v2\/categories?post=29063"},{"taxonomy":"post_tag","embeddable":true,"href":"https:\/\/dorogimedence.hu\/index.php\/wp-json\/wp\/v2\/tags?post=29063"}],"curies":[{"name":"wp","href":"https:\/\/api.w.org\/{rel}","templated":true}]}}