{"id":29014,"date":"2020-12-05T08:13:28","date_gmt":"2020-12-05T07:13:28","guid":{"rendered":"http:\/\/dorogimedence.hu\/?p=29014"},"modified":"2020-12-05T08:13:44","modified_gmt":"2020-12-05T07:13:44","slug":"tavaszrol-elorehozott-merkozessel-folytatodik-a-bajnoksag-2","status":"publish","type":"post","link":"https:\/\/dorogimedence.hu\/index.php\/2020\/12\/05\/tavaszrol-elorehozott-merkozessel-folytatodik-a-bajnoksag-2\/","title":{"rendered":"Tavaszr\u00f3l el\u0151rehozott m\u00e9rk\u0151z\u00e9ssel folytat\u00f3dik a bajnoks\u00e1g"},"content":{"rendered":"<p><strong>Ugyan a m\u00falt vas\u00e1rnap lej\u00e1tszott 19. fordul\u00f3val v\u00e9get \u00e9rt a 2020-21-es NB II-es bajnoki \u00e9vad \u0151szi szezonja, azonban az el\u0151z\u0151 \u00e9vek bev\u00e1lt gyakorlat\u00e1nak megfelel\u0151en, a tavaszi szezonb\u00f3l el\u0151rehozott tov\u00e1bbi k\u00e9t fordul\u00f3 v\u00e1r m\u00e9g a csapatokra a t\u00e9li sz\u00fcnet el\u0151tt. A dorogiak hazai gy\u0151zelemmel z\u00e1rva, \u00e9ppen csak bennmarad\u00f3 helyen v\u00e9geztek a szezonz\u00e1r\u00e1st k\u00f6vet\u0151en. Vas\u00e1rnap \u00fajfent hazai k\u00f6rnyezetben a bajnoks\u00e1g meglepet\u00e9scsapat\u00e1t, a 3. helyen v\u00e9gzett P\u00e9csi MFC fogadj\u00e1k, akik ellen katasztr\u00f3f\u00e1lisan sikeredett a b\u0151 n\u00e9gy h\u00f3nappal ezel\u0151tti bajnoki nyit\u00e1ny<\/strong> <em>&#8211; Szab\u00f3 Gyula cikke.<\/em><\/p>\n<p>Nagyon rossz \u00e9s eredm\u00e9nytelen sz\u00e9ri\u00e1t k\u00f6vet\u0151en, egyben kies\u0151 helyen \u00e1llva ker\u00fclt sor a szezon utols\u00f3 m\u00e9rk\u0151z\u00e9s\u00e9re a dorogiakn\u00e1l 4 ponttal t\u00f6bbet gy\u0171jt\u0151 Kaposv\u00e1r ellen a Buz\u00e1nszky stadionban. Noha a vend\u00e9gek poz\u00edci\u00f3ja j\u00f3val kedvez\u0151bb volt, benn\u00fcket viszont a covid-j\u00e1rv\u00e1ny tizedelte, \u00edgy meglehet\u0151sen tartal\u00e9kosan tudtak csak ki\u00e1llni. Ennek ellen\u00e9re is j\u00f3l tartott\u00e1k magukat az els\u0151 j\u00e1t\u00e9kr\u00e9szben, b\u00e1r mindv\u00e9gig jobb\u00e1ra a mieink akarata \u00e9rv\u00e9nyes\u00fclt, akik meggy\u0151z\u0151 mez\u0151nyf\u00f6l\u00e9nyben j\u00e1tszottak. El\u0151nyt viszont nem siker\u00fclt kicsikarni, pedig ez\u00fattal akadtak sz\u00e9psz\u00e1mmal helyzetek, k\u00f6zte k\u00e9t kapufa is. A f\u00e9lid\u0151 legszebb mozzanata egy remek\u00fcl el\u0151k\u00e9sz\u00edtett t\u00e1mad\u00e1s lez\u00e1r\u00e1s\u00e1t k\u00f6vet\u0151 Vigh \u00c1d\u00e1m oll\u00f3z\u00f3 kapural\u00f6v\u00e9se, amely a fels\u0151 l\u00e9cen csattant. \u00d6r\u00f6mteli volt tov\u00e1bb\u00e1, hogy a h\u00e9tk\u00f6zi fordul\u00f3ban megs\u00e9r\u00fclt L\u00e9n\u00e1rth Tom\u00e1s kezd\u0151k\u00e9nt l\u00e9phetett p\u00e1ly\u00e1ra. A folytat\u00e1s v\u00e9gre meghozta a vezet\u00e9st, miut\u00e1n b\u0151 egy f\u00e9lid\u0151nyi j\u00e1t\u00e9kot k\u00f6vet\u0151en egy gyors t\u00e1mad\u00e1s sor\u00e1n Beliczky Gerg\u0151 pontos bead\u00e1s\u00e1t T\u00f3th Barnab\u00e1s fejelte a vend\u00e9gek kapuj\u00e1ba. A megnyugtat\u00f3 el\u0151nyr\u0151l k\u00e9s\u0151bb Csillag D\u00e1rius gondoskodott, aki b\u00e1r b\u00fcntet\u0151t rontott Ajk\u00e1n, ez\u00fattal viszont vagy harmincr\u00f3l kegyetlen\u00fcl beverte a bal fels\u0151be. N\u00e9h\u00e1ny percre r\u00e1 pedig szint\u00e9n egy lend\u00fcletes akci\u00f3t z\u00e1rt g\u00f3llal Vigh \u00c1d\u00e1m. A hajr\u00e1 perceiben tov\u00e1bbi komoly g\u00f3lszerz\u00e9si lehet\u0151s\u00e9gek is ad\u00f3dtak a kaposv\u00e1riak kapuja el\u0151tt, de el\u0151bb sem a cserek\u00e9nt be\u00e1llt ifj\u00fa V\u00e1li Bal\u00e1zs l\u00f6v\u00e9se nem tal\u00e1lt utat a g\u00f3lvonalon t\u00falra, sem Vigh dupl\u00e1z\u00e1sa nem j\u00f6tt \u00f6ssze. Ezzel egy\u00fctt is \u00f6r\u00f6mteli, hogy v\u00e9gre k\u00e9t teljes h\u00f3napot k\u00f6vet\u0151en gy\u0151zni tudott csapatunk \u00e9s ez\u00fattal g\u00f3lt sem kapott. Messzemen\u0151 k\u00f6vetkeztet\u00e9seket nem szabad levonni a tal\u00e1lkoz\u00f3b\u00f3l, de mer\u00edteni felt\u00e9tlen kell bel\u0151le.<\/p>\n<p style=\"text-align: center;\"><img fetchpriority=\"high\" decoding=\"async\" class=\"alignnone size-large wp-image-29029\" src=\"https:\/\/dorogimedence.hu\/wp-content\/uploads\/2020\/12\/dorog-kaposvar.jpg\" alt=\"\" width=\"665\" height=\"413\" srcset=\"https:\/\/dorogimedence.hu\/wp-content\/uploads\/2020\/12\/dorog-kaposvar.jpg 830w, https:\/\/dorogimedence.hu\/wp-content\/uploads\/2020\/12\/dorog-kaposvar-300x186.jpg 300w, https:\/\/dorogimedence.hu\/wp-content\/uploads\/2020\/12\/dorog-kaposvar-768x477.jpg 768w\" sizes=\"(max-width: 665px) 100vw, 665px\" \/><em>\u00d6r\u00f6m \u00e9s \u00f6sszetart\u00e1s pillanata Dorogon: 2 h\u00f3nap ut\u00e1n v\u00e9gre gy\u0151zelem, egyben a szezonv\u00e9g\u00e9n bennmarad\u00f3 helyen v\u00e9gzett a csapat.<\/em><\/p>\n<p>Sz\u00e1munkra a legfontosabb meccsek vegyesen alakultak a fordul\u00f3 p\u00e1ros\u00edt\u00e1sainak tekintet\u00e9ben. A Szentl\u0151rinc otthon gy\u0171rte le 1:0-ra a Si\u00f3fokot, \u00edgy nem siker\u00fclt megel\u0151zn\u00fcnk a baranyai \u00fajoncot. A hazai p\u00e1ly\u00e1n vert helyzetbe ker\u00fclt Cs\u00e1kv\u00e1r v\u00e9g\u00fcl k\u00e9tg\u00f3los h\u00e1tr\u00e1nyb\u00f3l egyenl\u00edteni tudott a Szolnok ellen, de ezzel egy\u00fctt is legal\u00e1bb 2 ponttal n\u0151tt a vel\u00fck szembeni el\u0151ny\u00fcnk. A seregahajt\u00f3 DEAC csak nehezen kapitul\u00e1lt hazai k\u00f6rnyezetben a Buda\u00f6rssel szemben. B\u00fcntet\u0151b\u0151l m\u00e9g vezettek is, a vend\u00e9gek viszont el\u0151bb kihagytak egy 11-est, majd m\u00e9gis sikeresen ford\u00edtani tudtak. A debreceniek egyenl\u00edtettek, \u00e1m az utols\u00f3 percben a Pest megyei alakulat \u00fajabb tal\u00e1lat\u00e1val eld\u00f6nt\u00f6tte a m\u00e9rk\u0151z\u00e9st 3:2 ar\u00e1nyban. Szint\u00e9n a v\u00e9gj\u00e1t\u00e9kban vesztett otthon a B\u00e9k\u00e9scsaba a Gyirm\u00f3t ellen. Tal\u00e1n m\u00e1r mindenki elk\u00f6nyvelte a g\u00f3ln\u00e9lk\u00fcli d\u00f6ntetlent, azonban a vend\u00e9gek a legv\u00e9g\u00e9n sz\u00f6glet ut\u00e1ni fejesg\u00f3llal megnyert\u00e9k a meccset. Nem b\u00edrt a listavezet\u0151 a Halad\u00e1s otthon\u00e1ban a hazaiak ellen \u00e9s v\u00e9g\u00fcl b\u00e9k\u00e9s g\u00f3ln\u00e9lk\u00fcli d\u00f6ntetlen sz\u00fcletett. K\u00e9t j\u00f3 form\u00e1ban l\u00e9v\u0151 csapat \u00fctk\u00f6z\u00f6tt meg Gy\u0151rben, ahol a Vasas 1:0-ra verte a h\u00e1zigazda ETO g\u00e1rd\u00e1j\u00e1t. A m\u00falt fordul\u00f3ban benn\u00fcnket legy\u0151z\u0151 Ajka lend\u00fcletet kapva ez\u00fattal Ny\u00edregyh\u00e1z\u00e1n nyert 2-1-re. Dorogi szemsz\u00f6gb\u0151l a legszerencs\u00e9sebben alakult eredm\u00e9ny a Szeged Kazincbarcik\u00e1n aratott 1:0-\u00e1s gy\u0151zelme. Ennek k\u00f6sz\u00f6nhet\u0151en csapatunk \u00e9ppen a m\u00e9g bennmarad\u00f3nak sz\u00e1m\u00edt\u00f3, 17. helyen z\u00e1rta a szezont, egyetlen ponttal megel\u0151zve a borsodi leg\u00e9nys\u00e9get.<\/p>\n<p>A poz\u00edci\u00f3nk azonban igen labilis \u00e9s nagyon v\u00e9kony j\u00e9gen t\u00e1ncolunk. A benn\u00fcnket k\u00f6zvetlen\u00fcl megel\u0151z\u0151 Szentl\u0151rinccel pontazonoss\u00e1gban vagyunk \u00e9s \u00fagy jobb a g\u00f3lar\u00e1nyunk vel\u00fck szemben, hogy mind a szerzett, mind a kapott g\u00f3lok ter\u00e9n is jobb a mutat\u00f3nk, \u00e1m hi\u00e1ba kapott ki 11 alkalommal az \u00fajonc, azonban eggyel t\u00f6bbsz\u00f6r nyert n\u00e1lunk \u00e9s a bajnoki ki\u00edr\u00e1s \u00e9rtelm\u00e9ben egyez\u0151 pontsz\u00e1m eset\u00e9n ez a d\u00f6nt\u0151. A Kaposv\u00e1r m\u00e9g mindig egy ponttal megy el\u0151tt\u00fcnk a 15. helyen, viszont onnant\u00f3l m\u00e1r komolyabb pontel\u0151nyben vannak a vet\u00e9lyt\u00e1rsak, akik 3, illetve 4 pontnyira vannak a Dorogt\u00f3l. Az abszol\u00fat k\u00f6z\u00e9pmez\u0151ny 6 pontnyira ker\u00fclt t\u0151l\u00fcnk. M\u00f6g\u00f6tt\u00fcnk a h\u00e1rom kies\u0151helyen v\u00e9gzett csapat k\u00f6z\u00fcl a Kazincbarcik\u00e1t\u00f3l egyetlen pont v\u00e1laszt el, a Cs\u00e1kv\u00e1rt\u00f3l 5 pont, m\u00edg a sereghajt\u00f3 DEAC egy\u00fcttes\u00e9vel szemben 11 pont az el\u0151ny\u00fcnk. A szezon v\u00e9gezt\u00e9vel a Debreceni VSC lett az \u0151szi bajnok, m\u00edg a m\u00e1sodik, egyben szint\u00e9n feljut\u00f3 helyen a Buda\u00f6rs v\u00e9gzett. Par\u00e1d\u00e9s \u0151szt tudhat maga m\u00f6g\u00f6tt a P\u00e9cs, amely a 3. helyen z\u00e1rt. A Mecsekalj\u00e1n joggal nagy az \u00f6r\u00f6m \u00e9s b\u00fcszkes\u00e9g, hiszen 10 gy\u0151zelm\u00fck mellett csak 3 veres\u00e9g\u00fck van \u00fagy, hogy a 10. fordul\u00f3ban kaptak ki utolj\u00e1ra, akkor is az \u00e9llovas Debrecen otthon\u00e1ban. B\u00e1mulatosan kev\u00e9s g\u00f3lt kaptak. Sok\u00e1ig mind\u00f6ssze 8 kapott g\u00f3lt szenvedtek \u00e9s csak az utols\u00f3 k\u00e9t fordul\u00f3ban beszedett 3 g\u00f3llal mentek \u00e9ppen csak t\u00edz f\u00f6l\u00e9. Azonban a teljes szezont d\u00f6nt\u0151en befoly\u00e1solta a covid-j\u00e1rv\u00e1ny okozta m\u00e1sodik hull\u00e1m. Sz\u00e1mos bajnoki pont sorsa le sem j\u00e1tszott m\u00e9rk\u0151z\u00e9seket k\u00f6vet\u0151en ker\u00fclt egyik, vagy m\u00e1sik csapatnak \u00edt\u00e9lve \u00e9s a mez\u0151ny valamennyi r\u00e9sztvev\u0151j\u00e9t hol kev\u00e9sb\u00e9, hol s\u00falyosabban \u00e9rintette.&nbsp;<\/p>\n<p style=\"text-align: center;\"><img decoding=\"async\" class=\"alignnone size-full wp-image-29030\" src=\"https:\/\/dorogimedence.hu\/wp-content\/uploads\/2020\/12\/dorog-pecs-02.jpg\" alt=\"\" width=\"830\" height=\"469\" srcset=\"https:\/\/dorogimedence.hu\/wp-content\/uploads\/2020\/12\/dorog-pecs-02.jpg 830w, https:\/\/dorogimedence.hu\/wp-content\/uploads\/2020\/12\/dorog-pecs-02-300x170.jpg 300w, https:\/\/dorogimedence.hu\/wp-content\/uploads\/2020\/12\/dorog-pecs-02-768x434.jpg 768w\" sizes=\"(max-width: 830px) 100vw, 830px\" \/><em>Egykori csapatt\u00e1rsak, M\u00e9sz\u00e1ros \u00c1ron \u00e9s Grabant Bence ez\u00fattal egym\u00e1s ellen k\u00fczd\u00f6tt a P\u00e9cs-Dorog bajnoki nyit\u00e1nyon.<\/em><\/p>\n<p>Imm\u00e1r \u00f6t\u00f6dik \u00e9vad, amikor az MLSZ el\u0151\u00edr\u00e1s\u00e1nak megfelel\u0151en az \u0151szi szezonz\u00e1r\u00e1st k\u00f6vet\u0151en tavaszr\u00f3l \u00e1thozott m\u00e9rk\u0151z\u00e9sekkel t\u00fal\u00f3r\u00e1ztatj\u00e1k a csapatokat. Ennek szellem\u00e9ben id\u00e9n \u00e9s m\u00e1r decemberbe ny\u00fal\u00f3an m\u00e9g k\u00e9t fordul\u00f3t rendeznek. \u00cdgy ker\u00fcl sor vas\u00e1rnap imm\u00e1r a bajnoks\u00e1g 20. fordul\u00f3j\u00e1ra, egyben az els\u0151 tavaszi fordul\u00f3ra. A dorogiak a fentebb m\u00e1r m\u00e9ltatott p\u00e9csieket fogadj\u00e1k, akik az elm\u00falt fordul\u00f3ban is igazolt\u00e1k j\u00f3 h\u00edrnev\u00fcket \u00e9s a kiegyens\u00falyozott, igen j\u00f3 er\u0151kb\u0151l \u00e1ll\u00f3 Soroks\u00e1r otthon\u00e1b\u00f3l t\u00e9rhettek haza 2-2-es d\u00f6ntetlennel. Ak\u00e1r nagyobb siker is lehetett volna a vend\u00e9geknek, hiszen 2-0-ra vezettek is m\u00e9gpedig \u00fagy, hogy a m\u00e9rk\u0151z\u00e9s 20. perc\u00e9t\u0151l emberh\u00e1tr\u00e1nyban j\u00e1tszottak. R\u00e1ad\u00e1sul \u00e9ppen egyik legmeghat\u00e1roz\u00f3bb j\u00e1t\u00e9kosukat, R\u00e1cz L\u00e1szl\u00f3t \u00e1ll\u00edtott\u00e1k ki. A Soroks\u00e1r az utols\u00f3 20 perc husz\u00e1ros hajr\u00e1j\u00e1val tudott v\u00e9g\u00fcl pontot menteni. A p\u00e9csiek otthon \u00e9s idegenben egyar\u00e1nt veszedelmesek, sokszor megoldhatatlan feladat el\u00e9 \u00e1ll\u00edtva ellenfel\u00fcket. A baranyai piros-feket\u00e9k f\u0151 ereje \u00f6sszetett. Minden poszton er\u0151sek, valamennyi j\u00e1t\u00e9kosuk j\u00f3l k\u00e9pzett labdar\u00fag\u00f3, r\u00e1ad\u00e1sul sikerre ki\u00e9hezett. Mindehhez kiv\u00e1l\u00f3 fizikai \u00e1ll\u00f3k\u00e9pess\u00e9g is t\u00e1rsul, valamint hihetetlen csapatszellem \u00e9s taktikai fegyelem. Ha \u00e9ppen a t\u00e1mad\u00f3knak kev\u00e9sb\u00e9 ment a g\u00f3lszerz\u00e9s, mindig akadt a h\u00e1ts\u00f3 alakzatb\u00f3l olyan v\u00e9d\u0151, aki kiseg\u00edtve a csapatot, g\u00f3lt tudott l\u0151ni, vagy \u00e9ppen fejelni. A p\u00e9csiek tot\u00e1lis futballt j\u00e1tszanak, amely a legt\u00f6bb csapatnak nem fekszik. Eg\u00e9szp\u00e1ly\u00e1s let\u00e1mad\u00e1s, hallatlan k\u00fczd\u0151szellem, az ellenf\u00e9l \u0171z\u00e9se-hajt\u00e1sa a lef\u00faj\u00e1sig. K\u00e9ts\u00e9gtelen, hogy a mez\u0151ny \u00fcde sz\u00ednfoltjai \u00e9s biztosra vehet\u0151, hogy a folytat\u00e1sban is ez lesz tapasztalhat\u00f3 vel\u00fck kapcsolatban. A p\u00e9csiek is kielemezik az aktu\u00e1lis ellenfeleket, \u00e1m taktik\u00e1juk f\u0151 csap\u00e1sir\u00e1nya, hogy egyszer\u0171en r\u00e1er\u0151ltetik saj\u00e1t st\u00edlusukat az ellenf\u00e9lre. Hihetetlen \u00f6nbizalommal \u00e9s er\u0151s kerettel \u00e9rkeznek Dorogra is, ez\u00e9rt nagyon neh\u00e9z 90 perc el\u00e9 n\u00e9znek a mieink. R\u00e1ad\u00e1sul r\u00e9m\u00e1lomk\u00e9nt k\u00eds\u00e9rt az egym\u00e1s elleni legut\u00f3bbi m\u00e9rk\u0151z\u00e9s is, amikor a nyit\u00f3fordul\u00f3ban leg\u00e1zoltak benn\u00fcnket \u00e9s m\u00e9g \u00f6r\u00fclhett\u00fcnk, hogy a v\u00e9g\u00e9n megusztuk 4:0-\u00e1s veres\u00e9ggel. Mindezt tet\u00e9zi a k\u00e9t csapat \u00f6r\u00f6k m\u00e9rlege is, amely szint\u00e9n tekint\u00e9lyparancsol\u00f3 p\u00e9csi dominanci\u00e1t mutat. Az eddig lej\u00e1tszott 38 m\u00e9rk\u0151z\u00e9sen 9 dorogi gy\u0151zelem, 11 d\u00f6ntetlen, 18 veres\u00e9g, 44:59-es g\u00f3lar\u00e1ny sz\u00fcletett.<\/p>\n<p>Hazai m\u00e9rleg\u00fcnk: 18 meccsb\u0151l 6 gy\u0151zelem, 6 d\u00f6ntetlen, 6 veres\u00e9g, 25:20-as g\u00f3lar\u00e1ny. A k\u00e9t csapat egym\u00e1s elleni m\u00e9rk\u0151z\u00e9seinek t\u00f6rt\u00e9net\u00e9r\u0151l r\u00e9szletesen <a href=\"https:\/\/dorogimedence.hu\/index.php\/2020\/07\/31\/orok-merlegen-pecs-dorog\/\" target=\"_blank\" rel=\"noopener noreferrer\"><span style=\"text-decoration: underline; color: #0000ff;\">itt olvashat\u00f3<\/span><\/a>.<\/p>\n<p>Dorogon legut\u00f3bb k\u00f6zel 20 \u00e9ve tal\u00e1lkoztak utolj\u00e1ra. 2001. \u00e1prilis\u00e1ban g\u00f3ln\u00e9lk\u00fcli d\u00f6ntetlenre v\u00e9geztek. Az adott helyzet\u00fcnkben azonban csak azzal szabad foglalkozni, hogy a lehet\u0151 legjobbat \u00e9s legt\u00f6bbet tudjuk kihozni magunkb\u00f3l. Hatalmas er\u0151pr\u00f3b\u00e1nak \u00edg\u00e9rkezik a tal\u00e1lkoz\u00f3, amely december 6-\u00e1n, 13 \u00f3rai kezdettel ker\u00fcl megrendez\u00e9sre a Buz\u00e1nszky stadionban. Ez lesz az \u00e9v legutols\u00f3 hazai m\u00e9rk\u0151z\u00e9se, amely Advent m\u00e1sodik vas\u00e1rnapja, Bronzvas\u00e1rnap, egyben Mikul\u00e1s napja. A v\u00e1rakoz\u00e1s rem\u00e9nyteljes id\u0151szaka kihathatna a futballp\u00e1ly\u00e1ra is, valamint b\u00edzhatunk abban, hogy juthat kellemes meglepet\u00e9s a Mikul\u00e1s puttony\u00e1b\u00f3l a sz\u00e1munkra is.<\/p>\n<p><em>Szab\u00f3 Gyula<\/em><\/p>\n","protected":false},"excerpt":{"rendered":"<p>Ugyan a m\u00falt vas\u00e1rnap lej\u00e1tszott 19. fordul\u00f3val v\u00e9get \u00e9rt a 2020-21-es NB II-es bajnoki \u00e9vad \u0151szi szezonja, azonban az el\u0151z\u0151 \u00e9vek bev\u00e1lt gyakorlat\u00e1nak megfelel\u0151en, a tavaszi szezonb\u00f3l el\u0151rehozott tov\u00e1bbi k\u00e9t fordul\u00f3 v\u00e1r m\u00e9g a csapatokra a t\u00e9li sz\u00fcnet el\u0151tt. A dorogiak hazai gy\u0151zelemmel z\u00e1rva, \u00e9ppen csak bennmarad\u00f3 helyen v\u00e9geztek a szezonz\u00e1r\u00e1st k\u00f6vet\u0151en. Vas\u00e1rnap \u00fajfent hazai<\/p>\n","protected":false},"author":1,"featured_media":29028,"comment_status":"closed","ping_status":"closed","sticky":false,"template":"","format":"standard","meta":{"ngg_post_thumbnail":0,"footnotes":""},"categories":[2,3,5],"tags":[15,37,70,69,72,263,2602,5043,16],"class_list":{"0":"post-29014","1":"post","2":"type-post","3":"status-publish","4":"format-standard","5":"has-post-thumbnail","7":"category-dorog","8":"category-hirek","9":"category-sport","10":"tag-dorog","11":"tag-dorogi-fc","12":"tag-foci","13":"tag-futball","14":"tag-labdarugas","15":"tag-nb-ii","16":"tag-pecs","17":"tag-pecsi-mfc","18":"tag-sport"},"yoast_head":"<!-- This site is optimized with the Yoast SEO plugin v27.4 - https:\/\/yoast.com\/product\/yoast-seo-wordpress\/ -->\n<title>Tavaszr\u00f3l el\u0151rehozott m\u00e9rk\u0151z\u00e9ssel folytat\u00f3dik a bajnoks\u00e1g<\/title>\n<meta name=\"robots\" content=\"index, follow, max-snippet:-1, max-image-preview:large, max-video-preview:-1\" \/>\n<link rel=\"canonical\" href=\"https:\/\/dorogimedence.hu\/index.php\/2020\/12\/05\/tavaszrol-elorehozott-merkozessel-folytatodik-a-bajnoksag-2\/\" class=\"yoast-seo-meta-tag\" \/>\n<meta property=\"og:locale\" content=\"hu_HU\" class=\"yoast-seo-meta-tag\" \/>\n<meta property=\"og:type\" content=\"article\" class=\"yoast-seo-meta-tag\" \/>\n<meta property=\"og:title\" content=\"Tavaszr\u00f3l el\u0151rehozott m\u00e9rk\u0151z\u00e9ssel folytat\u00f3dik a bajnoks\u00e1g\" class=\"yoast-seo-meta-tag\" \/>\n<meta property=\"og:description\" content=\"Ugyan a m\u00falt vas\u00e1rnap lej\u00e1tszott 19. fordul\u00f3val v\u00e9get \u00e9rt a 2020-21-es NB II-es bajnoki \u00e9vad \u0151szi szezonja, azonban az el\u0151z\u0151 \u00e9vek bev\u00e1lt gyakorlat\u00e1nak megfelel\u0151en, a tavaszi szezonb\u00f3l el\u0151rehozott tov\u00e1bbi k\u00e9t fordul\u00f3 v\u00e1r m\u00e9g a csapatokra a t\u00e9li sz\u00fcnet el\u0151tt. A dorogiak hazai gy\u0151zelemmel z\u00e1rva, \u00e9ppen csak bennmarad\u00f3 helyen v\u00e9geztek a szezonz\u00e1r\u00e1st k\u00f6vet\u0151en. Vas\u00e1rnap \u00fajfent hazai\" class=\"yoast-seo-meta-tag\" \/>\n<meta property=\"og:url\" content=\"https:\/\/dorogimedence.hu\/index.php\/2020\/12\/05\/tavaszrol-elorehozott-merkozessel-folytatodik-a-bajnoksag-2\/\" class=\"yoast-seo-meta-tag\" \/>\n<meta property=\"og:site_name\" content=\"Dorogi-medence Region\u00e1lis H\u00edrport\u00e1l\" class=\"yoast-seo-meta-tag\" \/>\n<meta property=\"article:publisher\" content=\"https:\/\/www.facebook.com\/dorogimedence\/\" class=\"yoast-seo-meta-tag\" \/>\n<meta property=\"article:published_time\" content=\"2020-12-05T07:13:28+00:00\" class=\"yoast-seo-meta-tag\" \/>\n<meta property=\"article:modified_time\" content=\"2020-12-05T07:13:44+00:00\" class=\"yoast-seo-meta-tag\" \/>\n<meta property=\"og:image\" content=\"https:\/\/i0.wp.com\/dorogimedence.hu\/wp-content\/uploads\/2020\/12\/dorog-pecs-01.jpg?fit=830%2C450&ssl=1\" class=\"yoast-seo-meta-tag\" \/>\n\t<meta property=\"og:image:width\" content=\"830\" class=\"yoast-seo-meta-tag\" \/>\n\t<meta property=\"og:image:height\" content=\"450\" class=\"yoast-seo-meta-tag\" \/>\n\t<meta property=\"og:image:type\" content=\"image\/jpeg\" class=\"yoast-seo-meta-tag\" \/>\n<meta name=\"author\" content=\"dorogimedence.hu\" class=\"yoast-seo-meta-tag\" \/>\n<meta name=\"twitter:card\" content=\"summary_large_image\" class=\"yoast-seo-meta-tag\" \/>\n<meta name=\"twitter:label1\" content=\"Szerz\u0151:\" class=\"yoast-seo-meta-tag\" \/>\n\t<meta name=\"twitter:data1\" content=\"dorogimedence.hu\" class=\"yoast-seo-meta-tag\" \/>\n\t<meta name=\"twitter:label2\" content=\"Becs\u00fclt olvas\u00e1si id\u0151\" class=\"yoast-seo-meta-tag\" \/>\n\t<meta name=\"twitter:data2\" content=\"9 perc\" class=\"yoast-seo-meta-tag\" \/>\n<script type=\"application\/ld+json\" class=\"yoast-schema-graph\">{\"@context\":\"https:\\\/\\\/schema.org\",\"@graph\":[{\"@type\":\"Article\",\"@id\":\"https:\\\/\\\/dorogimedence.hu\\\/index.php\\\/2020\\\/12\\\/05\\\/tavaszrol-elorehozott-merkozessel-folytatodik-a-bajnoksag-2\\\/#article\",\"isPartOf\":{\"@id\":\"https:\\\/\\\/dorogimedence.hu\\\/index.php\\\/2020\\\/12\\\/05\\\/tavaszrol-elorehozott-merkozessel-folytatodik-a-bajnoksag-2\\\/\"},\"author\":{\"name\":\"dorogimedence.hu\",\"@id\":\"https:\\\/\\\/dorogimedence.hu\\\/#\\\/schema\\\/person\\\/ce6091eeb7e95ecdc87890d6aa8e0fd4\"},\"headline\":\"Tavaszr\u00f3l el\u0151rehozott m\u00e9rk\u0151z\u00e9ssel folytat\u00f3dik a bajnoks\u00e1g\",\"datePublished\":\"2020-12-05T07:13:28+00:00\",\"dateModified\":\"2020-12-05T07:13:44+00:00\",\"mainEntityOfPage\":{\"@id\":\"https:\\\/\\\/dorogimedence.hu\\\/index.php\\\/2020\\\/12\\\/05\\\/tavaszrol-elorehozott-merkozessel-folytatodik-a-bajnoksag-2\\\/\"},\"wordCount\":1890,\"publisher\":{\"@id\":\"https:\\\/\\\/dorogimedence.hu\\\/#organization\"},\"image\":{\"@id\":\"https:\\\/\\\/dorogimedence.hu\\\/index.php\\\/2020\\\/12\\\/05\\\/tavaszrol-elorehozott-merkozessel-folytatodik-a-bajnoksag-2\\\/#primaryimage\"},\"thumbnailUrl\":\"https:\\\/\\\/dorogimedence.hu\\\/wp-content\\\/uploads\\\/2020\\\/12\\\/dorog-pecs-01.jpg\",\"keywords\":[\"Dorog\",\"Dorogi FC\",\"foci\",\"futball\",\"labdar\u00fag\u00e1s\",\"NB II\",\"P\u00e9cs\",\"P\u00e9csi MFC\",\"sport\"],\"articleSection\":[\"Dorog\",\"H\u00edrek\",\"Sport\"],\"inLanguage\":\"hu\"},{\"@type\":\"WebPage\",\"@id\":\"https:\\\/\\\/dorogimedence.hu\\\/index.php\\\/2020\\\/12\\\/05\\\/tavaszrol-elorehozott-merkozessel-folytatodik-a-bajnoksag-2\\\/\",\"url\":\"https:\\\/\\\/dorogimedence.hu\\\/index.php\\\/2020\\\/12\\\/05\\\/tavaszrol-elorehozott-merkozessel-folytatodik-a-bajnoksag-2\\\/\",\"name\":\"Tavaszr\u00f3l el\u0151rehozott m\u00e9rk\u0151z\u00e9ssel folytat\u00f3dik a bajnoks\u00e1g\",\"isPartOf\":{\"@id\":\"https:\\\/\\\/dorogimedence.hu\\\/#website\"},\"primaryImageOfPage\":{\"@id\":\"https:\\\/\\\/dorogimedence.hu\\\/index.php\\\/2020\\\/12\\\/05\\\/tavaszrol-elorehozott-merkozessel-folytatodik-a-bajnoksag-2\\\/#primaryimage\"},\"image\":{\"@id\":\"https:\\\/\\\/dorogimedence.hu\\\/index.php\\\/2020\\\/12\\\/05\\\/tavaszrol-elorehozott-merkozessel-folytatodik-a-bajnoksag-2\\\/#primaryimage\"},\"thumbnailUrl\":\"https:\\\/\\\/dorogimedence.hu\\\/wp-content\\\/uploads\\\/2020\\\/12\\\/dorog-pecs-01.jpg\",\"datePublished\":\"2020-12-05T07:13:28+00:00\",\"dateModified\":\"2020-12-05T07:13:44+00:00\",\"breadcrumb\":{\"@id\":\"https:\\\/\\\/dorogimedence.hu\\\/index.php\\\/2020\\\/12\\\/05\\\/tavaszrol-elorehozott-merkozessel-folytatodik-a-bajnoksag-2\\\/#breadcrumb\"},\"inLanguage\":\"hu\",\"potentialAction\":[{\"@type\":\"ReadAction\",\"target\":[\"https:\\\/\\\/dorogimedence.hu\\\/index.php\\\/2020\\\/12\\\/05\\\/tavaszrol-elorehozott-merkozessel-folytatodik-a-bajnoksag-2\\\/\"]}]},{\"@type\":\"ImageObject\",\"inLanguage\":\"hu\",\"@id\":\"https:\\\/\\\/dorogimedence.hu\\\/index.php\\\/2020\\\/12\\\/05\\\/tavaszrol-elorehozott-merkozessel-folytatodik-a-bajnoksag-2\\\/#primaryimage\",\"url\":\"https:\\\/\\\/dorogimedence.hu\\\/wp-content\\\/uploads\\\/2020\\\/12\\\/dorog-pecs-01.jpg\",\"contentUrl\":\"https:\\\/\\\/dorogimedence.hu\\\/wp-content\\\/uploads\\\/2020\\\/12\\\/dorog-pecs-01.jpg\",\"width\":830,\"height\":450},{\"@type\":\"BreadcrumbList\",\"@id\":\"https:\\\/\\\/dorogimedence.hu\\\/index.php\\\/2020\\\/12\\\/05\\\/tavaszrol-elorehozott-merkozessel-folytatodik-a-bajnoksag-2\\\/#breadcrumb\",\"itemListElement\":[{\"@type\":\"ListItem\",\"position\":1,\"name\":\"Kezd\u0151lap\",\"item\":\"https:\\\/\\\/dorogimedence.hu\\\/\"},{\"@type\":\"ListItem\",\"position\":2,\"name\":\"Tavaszr\u00f3l el\u0151rehozott m\u00e9rk\u0151z\u00e9ssel folytat\u00f3dik a bajnoks\u00e1g\"}]},{\"@type\":\"WebSite\",\"@id\":\"https:\\\/\\\/dorogimedence.hu\\\/#website\",\"url\":\"https:\\\/\\\/dorogimedence.hu\\\/\",\"name\":\"Dorogi-medence Region\u00e1lis H\u00edrport\u00e1l\",\"description\":\"Dorog, Keszt\u00f6lc, Le\u00e1nyv\u00e1r, Piliscs\u00e9v, Tokod, Tokodalt\u00e1r\u00f3, Csolnok, Esztergom-kertv\u00e1ros: h\u00edrek, programok\",\"publisher\":{\"@id\":\"https:\\\/\\\/dorogimedence.hu\\\/#organization\"},\"potentialAction\":[{\"@type\":\"SearchAction\",\"target\":{\"@type\":\"EntryPoint\",\"urlTemplate\":\"https:\\\/\\\/dorogimedence.hu\\\/?s={search_term_string}\"},\"query-input\":{\"@type\":\"PropertyValueSpecification\",\"valueRequired\":true,\"valueName\":\"search_term_string\"}}],\"inLanguage\":\"hu\"},{\"@type\":\"Organization\",\"@id\":\"https:\\\/\\\/dorogimedence.hu\\\/#organization\",\"name\":\"Dorogi-medence Region\u00e1lis H\u00edrport\u00e1l\",\"url\":\"https:\\\/\\\/dorogimedence.hu\\\/\",\"logo\":{\"@type\":\"ImageObject\",\"inLanguage\":\"hu\",\"@id\":\"https:\\\/\\\/dorogimedence.hu\\\/#\\\/schema\\\/logo\\\/image\\\/\",\"url\":\"https:\\\/\\\/dorogimedence.hu\\\/wp-content\\\/uploads\\\/2021\\\/04\\\/logo-feher-600.png\",\"contentUrl\":\"https:\\\/\\\/dorogimedence.hu\\\/wp-content\\\/uploads\\\/2021\\\/04\\\/logo-feher-600.png\",\"width\":600,\"height\":100,\"caption\":\"Dorogi-medence Region\u00e1lis H\u00edrport\u00e1l\"},\"image\":{\"@id\":\"https:\\\/\\\/dorogimedence.hu\\\/#\\\/schema\\\/logo\\\/image\\\/\"},\"sameAs\":[\"https:\\\/\\\/www.facebook.com\\\/dorogimedence\\\/\"]},{\"@type\":\"Person\",\"@id\":\"https:\\\/\\\/dorogimedence.hu\\\/#\\\/schema\\\/person\\\/ce6091eeb7e95ecdc87890d6aa8e0fd4\",\"name\":\"dorogimedence.hu\",\"image\":{\"@type\":\"ImageObject\",\"inLanguage\":\"hu\",\"@id\":\"\\\/\\\/www.gravatar.com\\\/avatar\\\/d8d45f8901aadff40a4af72c0b826f1d?s=96&#038;r=g&#038;d=mm\",\"url\":\"\\\/\\\/www.gravatar.com\\\/avatar\\\/d8d45f8901aadff40a4af72c0b826f1d?s=96&#038;r=g&#038;d=mm\",\"contentUrl\":\"\\\/\\\/www.gravatar.com\\\/avatar\\\/d8d45f8901aadff40a4af72c0b826f1d?s=96&#038;r=g&#038;d=mm\",\"caption\":\"dorogimedence.hu\"}}]}<\/script>\n<!-- \/ Yoast SEO plugin. -->","yoast_head_json":{"title":"Tavaszr\u00f3l el\u0151rehozott m\u00e9rk\u0151z\u00e9ssel folytat\u00f3dik a bajnoks\u00e1g","robots":{"index":"index","follow":"follow","max-snippet":"max-snippet:-1","max-image-preview":"max-image-preview:large","max-video-preview":"max-video-preview:-1"},"canonical":"https:\/\/dorogimedence.hu\/index.php\/2020\/12\/05\/tavaszrol-elorehozott-merkozessel-folytatodik-a-bajnoksag-2\/","og_locale":"hu_HU","og_type":"article","og_title":"Tavaszr\u00f3l el\u0151rehozott m\u00e9rk\u0151z\u00e9ssel folytat\u00f3dik a bajnoks\u00e1g","og_description":"Ugyan a m\u00falt vas\u00e1rnap lej\u00e1tszott 19. fordul\u00f3val v\u00e9get \u00e9rt a 2020-21-es NB II-es bajnoki \u00e9vad \u0151szi szezonja, azonban az el\u0151z\u0151 \u00e9vek bev\u00e1lt gyakorlat\u00e1nak megfelel\u0151en, a tavaszi szezonb\u00f3l el\u0151rehozott tov\u00e1bbi k\u00e9t fordul\u00f3 v\u00e1r m\u00e9g a csapatokra a t\u00e9li sz\u00fcnet el\u0151tt. A dorogiak hazai gy\u0151zelemmel z\u00e1rva, \u00e9ppen csak bennmarad\u00f3 helyen v\u00e9geztek a szezonz\u00e1r\u00e1st k\u00f6vet\u0151en. Vas\u00e1rnap \u00fajfent hazai","og_url":"https:\/\/dorogimedence.hu\/index.php\/2020\/12\/05\/tavaszrol-elorehozott-merkozessel-folytatodik-a-bajnoksag-2\/","og_site_name":"Dorogi-medence Region\u00e1lis H\u00edrport\u00e1l","article_publisher":"https:\/\/www.facebook.com\/dorogimedence\/","article_published_time":"2020-12-05T07:13:28+00:00","article_modified_time":"2020-12-05T07:13:44+00:00","og_image":[{"width":830,"height":450,"url":"https:\/\/i0.wp.com\/dorogimedence.hu\/wp-content\/uploads\/2020\/12\/dorog-pecs-01.jpg?fit=830%2C450&ssl=1","type":"image\/jpeg"}],"author":"dorogimedence.hu","twitter_card":"summary_large_image","twitter_misc":{"Szerz\u0151:":"dorogimedence.hu","Becs\u00fclt olvas\u00e1si id\u0151":"9 perc"},"schema":{"@context":"https:\/\/schema.org","@graph":[{"@type":"Article","@id":"https:\/\/dorogimedence.hu\/index.php\/2020\/12\/05\/tavaszrol-elorehozott-merkozessel-folytatodik-a-bajnoksag-2\/#article","isPartOf":{"@id":"https:\/\/dorogimedence.hu\/index.php\/2020\/12\/05\/tavaszrol-elorehozott-merkozessel-folytatodik-a-bajnoksag-2\/"},"author":{"name":"dorogimedence.hu","@id":"https:\/\/dorogimedence.hu\/#\/schema\/person\/ce6091eeb7e95ecdc87890d6aa8e0fd4"},"headline":"Tavaszr\u00f3l el\u0151rehozott m\u00e9rk\u0151z\u00e9ssel folytat\u00f3dik a bajnoks\u00e1g","datePublished":"2020-12-05T07:13:28+00:00","dateModified":"2020-12-05T07:13:44+00:00","mainEntityOfPage":{"@id":"https:\/\/dorogimedence.hu\/index.php\/2020\/12\/05\/tavaszrol-elorehozott-merkozessel-folytatodik-a-bajnoksag-2\/"},"wordCount":1890,"publisher":{"@id":"https:\/\/dorogimedence.hu\/#organization"},"image":{"@id":"https:\/\/dorogimedence.hu\/index.php\/2020\/12\/05\/tavaszrol-elorehozott-merkozessel-folytatodik-a-bajnoksag-2\/#primaryimage"},"thumbnailUrl":"https:\/\/dorogimedence.hu\/wp-content\/uploads\/2020\/12\/dorog-pecs-01.jpg","keywords":["Dorog","Dorogi FC","foci","futball","labdar\u00fag\u00e1s","NB II","P\u00e9cs","P\u00e9csi MFC","sport"],"articleSection":["Dorog","H\u00edrek","Sport"],"inLanguage":"hu"},{"@type":"WebPage","@id":"https:\/\/dorogimedence.hu\/index.php\/2020\/12\/05\/tavaszrol-elorehozott-merkozessel-folytatodik-a-bajnoksag-2\/","url":"https:\/\/dorogimedence.hu\/index.php\/2020\/12\/05\/tavaszrol-elorehozott-merkozessel-folytatodik-a-bajnoksag-2\/","name":"Tavaszr\u00f3l el\u0151rehozott m\u00e9rk\u0151z\u00e9ssel folytat\u00f3dik a bajnoks\u00e1g","isPartOf":{"@id":"https:\/\/dorogimedence.hu\/#website"},"primaryImageOfPage":{"@id":"https:\/\/dorogimedence.hu\/index.php\/2020\/12\/05\/tavaszrol-elorehozott-merkozessel-folytatodik-a-bajnoksag-2\/#primaryimage"},"image":{"@id":"https:\/\/dorogimedence.hu\/index.php\/2020\/12\/05\/tavaszrol-elorehozott-merkozessel-folytatodik-a-bajnoksag-2\/#primaryimage"},"thumbnailUrl":"https:\/\/dorogimedence.hu\/wp-content\/uploads\/2020\/12\/dorog-pecs-01.jpg","datePublished":"2020-12-05T07:13:28+00:00","dateModified":"2020-12-05T07:13:44+00:00","breadcrumb":{"@id":"https:\/\/dorogimedence.hu\/index.php\/2020\/12\/05\/tavaszrol-elorehozott-merkozessel-folytatodik-a-bajnoksag-2\/#breadcrumb"},"inLanguage":"hu","potentialAction":[{"@type":"ReadAction","target":["https:\/\/dorogimedence.hu\/index.php\/2020\/12\/05\/tavaszrol-elorehozott-merkozessel-folytatodik-a-bajnoksag-2\/"]}]},{"@type":"ImageObject","inLanguage":"hu","@id":"https:\/\/dorogimedence.hu\/index.php\/2020\/12\/05\/tavaszrol-elorehozott-merkozessel-folytatodik-a-bajnoksag-2\/#primaryimage","url":"https:\/\/dorogimedence.hu\/wp-content\/uploads\/2020\/12\/dorog-pecs-01.jpg","contentUrl":"https:\/\/dorogimedence.hu\/wp-content\/uploads\/2020\/12\/dorog-pecs-01.jpg","width":830,"height":450},{"@type":"BreadcrumbList","@id":"https:\/\/dorogimedence.hu\/index.php\/2020\/12\/05\/tavaszrol-elorehozott-merkozessel-folytatodik-a-bajnoksag-2\/#breadcrumb","itemListElement":[{"@type":"ListItem","position":1,"name":"Kezd\u0151lap","item":"https:\/\/dorogimedence.hu\/"},{"@type":"ListItem","position":2,"name":"Tavaszr\u00f3l el\u0151rehozott m\u00e9rk\u0151z\u00e9ssel folytat\u00f3dik a bajnoks\u00e1g"}]},{"@type":"WebSite","@id":"https:\/\/dorogimedence.hu\/#website","url":"https:\/\/dorogimedence.hu\/","name":"Dorogi-medence Region\u00e1lis H\u00edrport\u00e1l","description":"Dorog, Keszt\u00f6lc, Le\u00e1nyv\u00e1r, Piliscs\u00e9v, Tokod, Tokodalt\u00e1r\u00f3, Csolnok, Esztergom-kertv\u00e1ros: h\u00edrek, programok","publisher":{"@id":"https:\/\/dorogimedence.hu\/#organization"},"potentialAction":[{"@type":"SearchAction","target":{"@type":"EntryPoint","urlTemplate":"https:\/\/dorogimedence.hu\/?s={search_term_string}"},"query-input":{"@type":"PropertyValueSpecification","valueRequired":true,"valueName":"search_term_string"}}],"inLanguage":"hu"},{"@type":"Organization","@id":"https:\/\/dorogimedence.hu\/#organization","name":"Dorogi-medence Region\u00e1lis H\u00edrport\u00e1l","url":"https:\/\/dorogimedence.hu\/","logo":{"@type":"ImageObject","inLanguage":"hu","@id":"https:\/\/dorogimedence.hu\/#\/schema\/logo\/image\/","url":"https:\/\/dorogimedence.hu\/wp-content\/uploads\/2021\/04\/logo-feher-600.png","contentUrl":"https:\/\/dorogimedence.hu\/wp-content\/uploads\/2021\/04\/logo-feher-600.png","width":600,"height":100,"caption":"Dorogi-medence Region\u00e1lis H\u00edrport\u00e1l"},"image":{"@id":"https:\/\/dorogimedence.hu\/#\/schema\/logo\/image\/"},"sameAs":["https:\/\/www.facebook.com\/dorogimedence\/"]},{"@type":"Person","@id":"https:\/\/dorogimedence.hu\/#\/schema\/person\/ce6091eeb7e95ecdc87890d6aa8e0fd4","name":"dorogimedence.hu","image":{"@type":"ImageObject","inLanguage":"hu","@id":"\/\/www.gravatar.com\/avatar\/d8d45f8901aadff40a4af72c0b826f1d?s=96&#038;r=g&#038;d=mm","url":"\/\/www.gravatar.com\/avatar\/d8d45f8901aadff40a4af72c0b826f1d?s=96&#038;r=g&#038;d=mm","contentUrl":"\/\/www.gravatar.com\/avatar\/d8d45f8901aadff40a4af72c0b826f1d?s=96&#038;r=g&#038;d=mm","caption":"dorogimedence.hu"}}]}},"_links":{"self":[{"href":"https:\/\/dorogimedence.hu\/index.php\/wp-json\/wp\/v2\/posts\/29014","targetHints":{"allow":["GET"]}}],"collection":[{"href":"https:\/\/dorogimedence.hu\/index.php\/wp-json\/wp\/v2\/posts"}],"about":[{"href":"https:\/\/dorogimedence.hu\/index.php\/wp-json\/wp\/v2\/types\/post"}],"author":[{"embeddable":true,"href":"https:\/\/dorogimedence.hu\/index.php\/wp-json\/wp\/v2\/users\/1"}],"replies":[{"embeddable":true,"href":"https:\/\/dorogimedence.hu\/index.php\/wp-json\/wp\/v2\/comments?post=29014"}],"version-history":[{"count":0,"href":"https:\/\/dorogimedence.hu\/index.php\/wp-json\/wp\/v2\/posts\/29014\/revisions"}],"wp:featuredmedia":[{"embeddable":true,"href":"https:\/\/dorogimedence.hu\/index.php\/wp-json\/wp\/v2\/media\/29028"}],"wp:attachment":[{"href":"https:\/\/dorogimedence.hu\/index.php\/wp-json\/wp\/v2\/media?parent=29014"}],"wp:term":[{"taxonomy":"category","embeddable":true,"href":"https:\/\/dorogimedence.hu\/index.php\/wp-json\/wp\/v2\/categories?post=29014"},{"taxonomy":"post_tag","embeddable":true,"href":"https:\/\/dorogimedence.hu\/index.php\/wp-json\/wp\/v2\/tags?post=29014"}],"curies":[{"name":"wp","href":"https:\/\/api.w.org\/{rel}","templated":true}]}}