{"id":29001,"date":"2020-12-04T09:16:40","date_gmt":"2020-12-04T08:16:40","guid":{"rendered":"http:\/\/dorogimedence.hu\/?p=29001"},"modified":"2020-12-04T09:16:53","modified_gmt":"2020-12-04T08:16:53","slug":"menetrendi-valtozasok-december-13-atol","status":"publish","type":"post","link":"https:\/\/dorogimedence.hu\/index.php\/2020\/12\/04\/menetrendi-valtozasok-december-13-atol\/","title":{"rendered":"Menetrendi v\u00e1ltoz\u00e1sok december 13-\u00e1t\u00f3l"},"content":{"rendered":"<p><strong><a href=\"https:\/\/dorogimedence.hu\/index.php\/2020\/11\/27\/december-kozepetol-helyezik-uzembe-a-dorogi-intermodalis-csomopontot\/\" target=\"_blank\" rel=\"noopener noreferrer\"><span style=\"text-decoration: underline; color: #0000ff;\">Kor\u00e1bban \u00edrtuk<\/span><\/a>, hogy a dorogi intermod\u00e1lis csom\u00f3pont (DIMCS) 2020. december 13-\u00e1t\u00f3l t\u00f6rt\u00e9n\u0151 \u00fczembe helyez\u00e9se miatt egyes aut\u00f3buszvonalak j\u00e1ratai kism\u00e9rt\u00e9kben m\u00f3dosulnak. Kigy\u0171jt\u00f6tt\u00fck a menetrendeket.<br \/>\n<\/strong><\/p>\n<p>Az al\u00e1bbiakban felsorolt j\u00e1ratok 2020. december 13-\u00e1t\u00f3l a dorogi vas\u00fat\u00e1llom\u00e1s \u00e9rint\u00e9s\u00e9vel k\u00f6zlekednek, \u00edgy kedvez\u0151bben csatlakoznak majd a vas\u00fati j\u00e1ratokhoz:<\/p>\n<ul>\n<li><span style=\"text-decoration: underline;\"><span style=\"color: #0000ff; text-decoration: underline;\"><a style=\"color: #0000ff; text-decoration: underline;\" href=\"https:\/\/www.volanbusz.hu\/hu\/menetrendek\/vonal-lista\/vonal?menetrend=2855&amp;menetrend_id=567&amp;dir=to\" target=\"_blank\" rel=\"noopener noreferrer\">800 Budapest \u2013 Pilisv\u00f6r\u00f6sv\u00e1r \u2013 Piliscsaba \u2013 Dorog \u2013 Esztergom<\/a><\/span><\/span><\/li>\n<li><span style=\"text-decoration: underline;\"><span style=\"color: #0000ff; text-decoration: underline;\"><a style=\"color: #0000ff; text-decoration: underline;\" href=\"https:\/\/www.volanbusz.hu\/hu\/menetrendek\/fuzet-keszito\/print?menetrend=8401&amp;mode=pdf&amp;dir=to&amp;menetrend_id=567\" target=\"_blank\" rel=\"noopener noreferrer\">8401 Tatab\u00e1nya \u2013 Tata \u2013 Dunaalm\u00e1s \u2013 Esztergom<\/a><\/span><\/span><\/li>\n<li><span style=\"text-decoration: underline;\"><span style=\"color: #0000ff; text-decoration: underline;\"><a style=\"color: #0000ff; text-decoration: underline;\" href=\"https:\/\/www.volanbusz.hu\/hu\/menetrendek\/fuzet-keszito\/print?menetrend=8419&amp;mode=pdf&amp;dir=to&amp;menetrend_id=567\" target=\"_blank\" rel=\"noopener noreferrer\">8419 Oroszl\u00e1ny \u2013 Tatab\u00e1nya \u2013 Bajna \u2013 Esztergom<\/a> <\/span><\/span><\/li>\n<li><span style=\"text-decoration: underline;\"><span style=\"color: #0000ff; text-decoration: underline;\"><a style=\"color: #0000ff; text-decoration: underline;\" href=\"https:\/\/www.volanbusz.hu\/hu\/menetrendek\/fuzet-keszito\/print?menetrend=8421&amp;mode=pdf&amp;dir=to&amp;menetrend_id=567\" target=\"_blank\" rel=\"noopener noreferrer\">8421 Tatab\u00e1nya \u2013 Bajna \u2013 Dorog \u2013 Esztergom<\/a> <\/span><\/span><\/li>\n<li><span style=\"text-decoration: underline;\"><span style=\"color: #0000ff; text-decoration: underline;\"><a style=\"color: #0000ff; text-decoration: underline;\" href=\"https:\/\/www.volanbusz.hu\/hu\/menetrendek\/fuzet-keszito\/print?menetrend=8422&amp;mode=pdf&amp;dir=to&amp;menetrend_id=567\" target=\"_blank\" rel=\"noopener noreferrer\">8422 Tatab\u00e1nya \u2013 Tarj\u00e1n \u2013 Szomor \u2013 Bajna \u2013 Ep\u00f6l \u2013 Esztergom<\/a> <\/span><\/span><\/li>\n<li><span style=\"text-decoration: underline;\"><span style=\"color: #0000ff; text-decoration: underline;\"><a style=\"color: #0000ff; text-decoration: underline;\" href=\"https:\/\/www.volanbusz.hu\/hu\/menetrendek\/fuzet-keszito\/print?menetrend=8504&amp;mode=pdf&amp;dir=to&amp;menetrend_id=567\" target=\"_blank\" rel=\"noopener noreferrer\">8504 Esztergom \u2013 Keszt\u00f6lc \u2013 Le\u00e1nyv\u00e1r<\/a> <\/span><\/span><\/li>\n<li><span style=\"text-decoration: underline;\"><span style=\"color: #0000ff; text-decoration: underline;\"><a style=\"color: #0000ff; text-decoration: underline;\" href=\"https:\/\/www.volanbusz.hu\/hu\/menetrendek\/fuzet-keszito\/print?menetrend=8510&amp;mode=pdf&amp;dir=to&amp;menetrend_id=567\" target=\"_blank\" rel=\"noopener noreferrer\">8510 Esztergom \u2013 Dorog \u2013 Keszt\u00f6lc \u2013 Piliscs\u00e9v \u2013 Piliscsaba<\/a> <\/span><\/span><\/li>\n<li><span style=\"text-decoration: underline;\"><span style=\"color: #0000ff; text-decoration: underline;\"><a style=\"color: #0000ff; text-decoration: underline;\" href=\"https:\/\/www.volanbusz.hu\/hu\/menetrendek\/fuzet-keszito\/print?menetrend=8512&amp;mode=pdf&amp;dir=to&amp;menetrend_id=567\" target=\"_blank\" rel=\"noopener noreferrer\">8512 Esztergom\/Dorog \u2013 Keszt\u00f6lc \u2013 Dorog \u2013 Esztergom<\/a> <\/span><\/span><\/li>\n<li><span style=\"text-decoration: underline;\"><span style=\"color: #0000ff; text-decoration: underline;\"><a style=\"color: #0000ff; text-decoration: underline;\" href=\"https:\/\/www.volanbusz.hu\/hu\/menetrendek\/fuzet-keszito\/print?menetrend=8515&amp;mode=pdf&amp;dir=to&amp;menetrend_id=567\" target=\"_blank\" rel=\"noopener noreferrer\">8515 Esztergom \u2013 Dorog \u2013 Csolnok \u2013 Dorog \u2013 Esztergom<\/a> <\/span><\/span><\/li>\n<li><span style=\"text-decoration: underline;\"><span style=\"color: #0000ff; text-decoration: underline;\"><a style=\"color: #0000ff; text-decoration: underline;\" href=\"https:\/\/www.volanbusz.hu\/hu\/menetrendek\/fuzet-keszito\/print?menetrend=8516&amp;mode=pdf&amp;dir=to&amp;menetrend_id=567\" target=\"_blank\" rel=\"noopener noreferrer\">8516 Esztergom \u2013 Csolnok \u2013 D\u00e1g \u2013 Piliscsaba<\/a> <\/span><\/span><\/li>\n<li><span style=\"text-decoration: underline;\"><span style=\"color: #0000ff; text-decoration: underline;\"><a style=\"color: #0000ff; text-decoration: underline;\" href=\"https:\/\/www.volanbusz.hu\/hu\/menetrendek\/fuzet-keszito\/print?menetrend=8517&amp;mode=pdf&amp;dir=to&amp;menetrend_id=567\" target=\"_blank\" rel=\"noopener noreferrer\">8517 Esztergom \u2013 Tokod \u2013 S\u00e1ris\u00e1p \u2013 Csolnok \u2013 Dorog \u2013 Esztergom<\/a> <\/span><\/span><\/li>\n<li><span style=\"text-decoration: underline;\"><span style=\"color: #0000ff; text-decoration: underline;\"><a style=\"color: #0000ff; text-decoration: underline;\" href=\"https:\/\/www.volanbusz.hu\/hu\/menetrendek\/fuzet-keszito\/print?menetrend=8518&amp;mode=pdf&amp;dir=to&amp;menetrend_id=567\" target=\"_blank\" rel=\"noopener noreferrer\">8518 Esztergom \u2013 Tokod \u2013 S\u00e1ris\u00e1p \u2013 Dorog \u2013 Esztergom<\/a> <\/span><\/span><\/li>\n<li><span style=\"text-decoration: underline;\"><span style=\"color: #0000ff; text-decoration: underline;\"><a style=\"color: #0000ff; text-decoration: underline;\" href=\"https:\/\/www.volanbusz.hu\/hu\/menetrendek\/fuzet-keszito\/print?menetrend=8519&amp;mode=pdf&amp;dir=to&amp;menetrend_id=567\" target=\"_blank\" rel=\"noopener noreferrer\">8519 Esztergom \u2013 Dorog \u2013 Esztergom<\/a> <\/span><\/span><\/li>\n<li><span style=\"text-decoration: underline;\"><span style=\"color: #0000ff; text-decoration: underline;\"><a style=\"color: #0000ff; text-decoration: underline;\" href=\"https:\/\/www.volanbusz.hu\/hu\/menetrendek\/fuzet-keszito\/print?menetrend=8520&amp;mode=pdf&amp;dir=to&amp;menetrend_id=567\" target=\"_blank\" rel=\"noopener noreferrer\">8520 Esztergom \u2013 Tokod \u2013 S\u00e1ris\u00e1p \u2013 Piliscsaba<\/a> <\/span><\/span><\/li>\n<li><span style=\"text-decoration: underline;\"><span style=\"color: #0000ff; text-decoration: underline;\"><a style=\"color: #0000ff; text-decoration: underline;\" href=\"https:\/\/www.volanbusz.hu\/hu\/menetrendek\/fuzet-keszito\/print?menetrend=8525&amp;mode=pdf&amp;dir=to&amp;menetrend_id=567\" target=\"_blank\" rel=\"noopener noreferrer\">8525 Esztergom \u2013 Tokod \u2013 Bajna \u2013 Ep\u00f6l<\/a> <\/span><\/span><\/li>\n<li><span style=\"text-decoration: underline;\"><span style=\"color: #0000ff; text-decoration: underline;\"><a style=\"color: #0000ff; text-decoration: underline;\" href=\"https:\/\/www.volanbusz.hu\/hu\/menetrendek\/fuzet-keszito\/print?menetrend=8535&amp;mode=pdf&amp;dir=to&amp;menetrend_id=567\" target=\"_blank\" rel=\"noopener noreferrer\">8535 Esztergom \u2013 T\u00e1t \u2013 Mogyor\u00f3sb\u00e1nya<\/a> <\/span><\/span><\/li>\n<li><span style=\"text-decoration: underline;\"><span style=\"color: #0000ff; text-decoration: underline;\"><a style=\"color: #0000ff; text-decoration: underline;\" href=\"https:\/\/www.volanbusz.hu\/hu\/menetrendek\/fuzet-keszito\/print?menetrend=8539&amp;mode=pdf&amp;dir=to&amp;menetrend_id=567\" target=\"_blank\" rel=\"noopener noreferrer\">8539 Esztergom \u2013 Tokodalt\u00e1r\u00f3 \u2013 Nyerges\u00fajfalu \u2013 L\u00e1batlan \u2013 S\u00fctt\u0151<\/a> <\/span><\/span><\/li>\n<li><span style=\"text-decoration: underline;\"><span style=\"color: #0000ff; text-decoration: underline;\"><a style=\"color: #0000ff; text-decoration: underline;\" href=\"https:\/\/www.volanbusz.hu\/hu\/menetrendek\/fuzet-keszito\/print?menetrend=8540&amp;mode=pdf&amp;dir=to&amp;menetrend_id=567\" target=\"_blank\" rel=\"noopener noreferrer\">8540 Esztergom \u2013 Tokodalt\u00e1r\u00f3 \u2013 Nyerges\u00fajfalu \u2013 Dunaalm\u00e1s<\/a> <\/span><\/span><\/li>\n<li><span style=\"text-decoration: underline;\"><span style=\"color: #0000ff; text-decoration: underline;\"><a style=\"color: #0000ff; text-decoration: underline;\" href=\"https:\/\/www.volanbusz.hu\/hu\/menetrendek\/fuzet-keszito\/print?menetrend=8541&amp;mode=pdf&amp;dir=to&amp;menetrend_id=567\" target=\"_blank\" rel=\"noopener noreferrer\">8541 Esztergom \u2013 Tokod \u2013 Szomor<\/a> <\/span><\/span><\/li>\n<li><span style=\"text-decoration: underline;\"><span style=\"color: #0000ff; text-decoration: underline;\"><a style=\"color: #0000ff; text-decoration: underline;\" href=\"https:\/\/www.volanbusz.hu\/hu\/menetrendek\/fuzet-keszito\/print?menetrend=8542&amp;mode=pdf&amp;dir=to&amp;menetrend_id=567\" target=\"_blank\" rel=\"noopener noreferrer\">8542 Esztergom \u2013 Tokod \u2013 S\u00e1ris\u00e1p<\/a> <\/span><\/span><\/li>\n<li><span style=\"text-decoration: underline;\"><span style=\"color: #0000ff; text-decoration: underline;\"><a style=\"color: #0000ff; text-decoration: underline;\" href=\"https:\/\/www.volanbusz.hu\/hu\/menetrendek\/fuzet-keszito\/print?menetrend=8543&amp;mode=pdf&amp;dir=to&amp;menetrend_id=567\" target=\"_blank\" rel=\"noopener noreferrer\">8543 Esztergom \u2013 T\u00e1t \u2013 Dunaalm\u00e1s \u2013 Kom\u00e1rom <\/a><\/span><\/span><\/li>\n<\/ul>\n<p><strong>1784 Ajka \u2013 Veszpr\u00e9m \u2013 Tatab\u00e1nya \u2013 Esztergom:<\/strong> az 5:05-kor Ajk\u00e1r\u00f3l Esztergomba k\u00f6zleked\u0151 j\u00e1rat Dorog, V\u00e1rosh\u00e1z\u00e1t\u00f3l m\u00f3dos\u00edtott menetrend szerint k\u00f6zlekedik. A j\u00e1rat nem \u00e9rinti Esztergom, Arany J\u00e1nos utca meg\u00e1ll\u00f3helyet, de meg\u00e1ll Dorog, Vas\u00fat\u00e1llom\u00e1s \u00e9s Esztergom, Kassai utca meg\u00e1ll\u00f3helyeken. A 15:10-kor Esztergom, Vas\u00fat\u00e1llom\u00e1st\u00f3l Ajk\u00e1ra k\u00f6zleked\u0151 j\u00e1rat meg\u00e1ll 15:16-kor az Esztergom, Kassai utca, \u00e9s 15:20-kor a Dorog, Vas\u00fat\u00e1llom\u00e1s meg\u00e1ll\u00f3helyekn\u00e9l.<\/p>\n<p>Tov\u00e1bb\u00e1 az Esztergomi Intermod\u00e1lis Csom\u00f3pont megk\u00f6zel\u00edt\u00e9s\u00e9ben t\u00f6rt\u00e9nt \u00fatvonalm\u00f3dos\u00edt\u00e1s miatt sz\u00e1mos aut\u00f3buszvonal j\u00e1ratai a v\u00e1ros ter\u00fclet\u00e9n m\u00f3dos\u00edtott r\u00e9szmenetid\u0151kkel k\u00f6zlekednek, valamint jellemz\u0151en kor\u00e1bban indulnak a <span style=\"text-decoration: underline; color: #0000ff;\"><a style=\"color: #0000ff; text-decoration: underline;\" href=\"https:\/\/www.volanbusz.hu\/hu\/menetrendek\/vonal-lista\/vonal?menetrend=2855&amp;menetrend_id=567&amp;dir=to\" target=\"_blank\" rel=\"noopener noreferrer\"><strong>800<\/strong><\/a><\/span>-as \u00e9s <span style=\"text-decoration: underline;\"><span style=\"color: #0000ff; text-decoration: underline;\"><a style=\"color: #0000ff; text-decoration: underline;\" href=\"https:\/\/www.volanbusz.hu\/hu\/menetrendek\/vonal-lista\/vonal?menetrend=2920&amp;menetrend_id=567&amp;dir=from\" target=\"_blank\" rel=\"noopener noreferrer\"><strong>880<\/strong><\/a><\/span><\/span>-as vonal j\u00e1ratai Esztergom, vas\u00fat\u00e1llom\u00e1sr\u00f3l Budapest fel\u00e9.<\/p>\n<p>Mindemellett a <strong><a href=\"https:\/\/www.volanbusz.hu\/hu\/menetrendek\/fuzet-keszito\/print?menetrend=8546&amp;mode=pdf&amp;dir=to&amp;menetrend_id=567\" target=\"_blank\" rel=\"noopener noreferrer\"><span style=\"text-decoration: underline; color: #0000ff;\">8546<\/span><\/a><\/strong>-os sz\u00e1m\u00fa Nyerges\u00fajfalu \u2013 Nagys\u00e1p \u2013 Ep\u00f6l,<span style=\"text-decoration: underline; color: #0000ff;\"><strong><a style=\"color: #0000ff; text-decoration: underline;\" href=\"https:\/\/www.volanbusz.hu\/hu\/menetrendek\/fuzet-keszito\/print?menetrend=8544&amp;mode=pdf&amp;dir=to&amp;menetrend_id=567\" target=\"_blank\" rel=\"noopener noreferrer\"> 8544 <\/a><\/strong><\/span>Esztergom \u2013 T\u00e1t (r\u00f6vid \u00fat) \u2013 Mogyor\u00f3sb\u00e1nya \u2013 Nyerges\u00fajfalu \u2013 S\u00fctt\u0151, <span style=\"text-decoration: underline; color: #0000ff;\"><strong><a style=\"color: #0000ff; text-decoration: underline;\" href=\"https:\/\/www.volanbusz.hu\/hu\/menetrendek\/fuzet-keszito\/print?menetrend=8411&amp;mode=pdf&amp;dir=to&amp;menetrend_id=567\" target=\"_blank\" rel=\"noopener noreferrer\">8411&nbsp;<\/a><\/strong><\/span>Tatab\u00e1nya \u2013 T\u00e1t (r\u00f6vid \u00fat) \u2013 Esztergom vonalakon kismert\u00e9kben m\u00f3dosul a menetrend.<\/p>\n<p>A Vol\u00e1nbusz meg\u00e1ll\u00f3hely nevet is m\u00f3dos\u00edt a t\u00e9rs\u00e9g\u00fcnkben. Az Esztergom, Somogyi B\u00e9la utca meg\u00e1ll\u00f3helyet Esztergom, Sug\u00e1r \u00fatra kereszteli \u00e1t.<\/p>\n<p><em>Forr\u00e1s: volanbusz.hu<\/em><\/p>\n","protected":false},"excerpt":{"rendered":"<p>Kor\u00e1bban \u00edrtuk, hogy a dorogi intermod\u00e1lis csom\u00f3pont (DIMCS) 2020. december 13-\u00e1t\u00f3l t\u00f6rt\u00e9n\u0151 \u00fczembe helyez\u00e9se miatt egyes aut\u00f3buszvonalak j\u00e1ratai kism\u00e9rt\u00e9kben m\u00f3dosulnak. Kigy\u0171jt\u00f6tt\u00fck a menetrendeket. Az al\u00e1bbiakban felsorolt j\u00e1ratok 2020. december 13-\u00e1t\u00f3l a dorogi vas\u00fat\u00e1llom\u00e1s \u00e9rint\u00e9s\u00e9vel k\u00f6zlekednek, \u00edgy kedvez\u0151bben csatlakoznak majd a vas\u00fati j\u00e1ratokhoz: 800 Budapest \u2013 Pilisv\u00f6r\u00f6sv\u00e1r \u2013 Piliscsaba \u2013 Dorog \u2013 Esztergom 8401 Tatab\u00e1nya \u2013<\/p>\n","protected":false},"author":1,"featured_media":23716,"comment_status":"closed","ping_status":"closed","sticky":false,"template":"","format":"standard","meta":{"ngg_post_thumbnail":0,"footnotes":""},"categories":[2,3],"tags":[1043,5269,292,293,381,1015,291],"class_list":{"0":"post-29001","1":"post","2":"type-post","3":"status-publish","4":"format-standard","5":"has-post-thumbnail","7":"category-dorog","8":"category-hirek","9":"tag-busz","10":"tag-dorogi-intermodalis-csomopont","11":"tag-mav","12":"tag-menetrend","13":"tag-vasut","14":"tag-volanbusz","15":"tag-vonat"},"yoast_head":"<!-- This site is optimized with the Yoast SEO plugin v27.4 - https:\/\/yoast.com\/product\/yoast-seo-wordpress\/ -->\n<title>Menetrendi v\u00e1ltoz\u00e1sok december 13-\u00e1t\u00f3l<\/title>\n<meta name=\"robots\" content=\"index, follow, max-snippet:-1, max-image-preview:large, max-video-preview:-1\" \/>\n<link rel=\"canonical\" href=\"https:\/\/dorogimedence.hu\/index.php\/2020\/12\/04\/menetrendi-valtozasok-december-13-atol\/\" class=\"yoast-seo-meta-tag\" \/>\n<meta property=\"og:locale\" content=\"hu_HU\" class=\"yoast-seo-meta-tag\" \/>\n<meta property=\"og:type\" content=\"article\" class=\"yoast-seo-meta-tag\" \/>\n<meta property=\"og:title\" content=\"Menetrendi v\u00e1ltoz\u00e1sok december 13-\u00e1t\u00f3l\" class=\"yoast-seo-meta-tag\" \/>\n<meta property=\"og:description\" content=\"Kor\u00e1bban \u00edrtuk, hogy a dorogi intermod\u00e1lis csom\u00f3pont (DIMCS) 2020. december 13-\u00e1t\u00f3l t\u00f6rt\u00e9n\u0151 \u00fczembe helyez\u00e9se miatt egyes aut\u00f3buszvonalak j\u00e1ratai kism\u00e9rt\u00e9kben m\u00f3dosulnak. Kigy\u0171jt\u00f6tt\u00fck a menetrendeket. Az al\u00e1bbiakban felsorolt j\u00e1ratok 2020. december 13-\u00e1t\u00f3l a dorogi vas\u00fat\u00e1llom\u00e1s \u00e9rint\u00e9s\u00e9vel k\u00f6zlekednek, \u00edgy kedvez\u0151bben csatlakoznak majd a vas\u00fati j\u00e1ratokhoz: 800 Budapest \u2013 Pilisv\u00f6r\u00f6sv\u00e1r \u2013 Piliscsaba \u2013 Dorog \u2013 Esztergom 8401 Tatab\u00e1nya \u2013\" class=\"yoast-seo-meta-tag\" \/>\n<meta property=\"og:url\" content=\"https:\/\/dorogimedence.hu\/index.php\/2020\/12\/04\/menetrendi-valtozasok-december-13-atol\/\" class=\"yoast-seo-meta-tag\" \/>\n<meta property=\"og:site_name\" content=\"Dorogi-medence Region\u00e1lis H\u00edrport\u00e1l\" class=\"yoast-seo-meta-tag\" \/>\n<meta property=\"article:publisher\" content=\"https:\/\/www.facebook.com\/dorogimedence\/\" class=\"yoast-seo-meta-tag\" \/>\n<meta property=\"article:published_time\" content=\"2020-12-04T08:16:40+00:00\" class=\"yoast-seo-meta-tag\" \/>\n<meta property=\"article:modified_time\" content=\"2020-12-04T08:16:53+00:00\" class=\"yoast-seo-meta-tag\" \/>\n<meta property=\"og:image\" content=\"https:\/\/i0.wp.com\/dorogimedence.hu\/wp-content\/uploads\/2020\/03\/volanbusz-01.jpg?fit=670%2C365&ssl=1\" class=\"yoast-seo-meta-tag\" \/>\n\t<meta property=\"og:image:width\" content=\"670\" class=\"yoast-seo-meta-tag\" \/>\n\t<meta property=\"og:image:height\" content=\"365\" class=\"yoast-seo-meta-tag\" \/>\n\t<meta property=\"og:image:type\" content=\"image\/jpeg\" class=\"yoast-seo-meta-tag\" \/>\n<meta name=\"author\" content=\"dorogimedence.hu\" class=\"yoast-seo-meta-tag\" \/>\n<meta name=\"twitter:card\" content=\"summary_large_image\" class=\"yoast-seo-meta-tag\" \/>\n<meta name=\"twitter:label1\" content=\"Szerz\u0151:\" class=\"yoast-seo-meta-tag\" \/>\n\t<meta name=\"twitter:data1\" content=\"dorogimedence.hu\" class=\"yoast-seo-meta-tag\" \/>\n\t<meta name=\"twitter:label2\" content=\"Becs\u00fclt olvas\u00e1si id\u0151\" class=\"yoast-seo-meta-tag\" \/>\n\t<meta name=\"twitter:data2\" content=\"2 perc\" class=\"yoast-seo-meta-tag\" \/>\n<script type=\"application\/ld+json\" class=\"yoast-schema-graph\">{\"@context\":\"https:\\\/\\\/schema.org\",\"@graph\":[{\"@type\":\"Article\",\"@id\":\"https:\\\/\\\/dorogimedence.hu\\\/index.php\\\/2020\\\/12\\\/04\\\/menetrendi-valtozasok-december-13-atol\\\/#article\",\"isPartOf\":{\"@id\":\"https:\\\/\\\/dorogimedence.hu\\\/index.php\\\/2020\\\/12\\\/04\\\/menetrendi-valtozasok-december-13-atol\\\/\"},\"author\":{\"name\":\"dorogimedence.hu\",\"@id\":\"https:\\\/\\\/dorogimedence.hu\\\/#\\\/schema\\\/person\\\/ce6091eeb7e95ecdc87890d6aa8e0fd4\"},\"headline\":\"Menetrendi v\u00e1ltoz\u00e1sok december 13-\u00e1t\u00f3l\",\"datePublished\":\"2020-12-04T08:16:40+00:00\",\"dateModified\":\"2020-12-04T08:16:53+00:00\",\"mainEntityOfPage\":{\"@id\":\"https:\\\/\\\/dorogimedence.hu\\\/index.php\\\/2020\\\/12\\\/04\\\/menetrendi-valtozasok-december-13-atol\\\/\"},\"wordCount\":433,\"publisher\":{\"@id\":\"https:\\\/\\\/dorogimedence.hu\\\/#organization\"},\"image\":{\"@id\":\"https:\\\/\\\/dorogimedence.hu\\\/index.php\\\/2020\\\/12\\\/04\\\/menetrendi-valtozasok-december-13-atol\\\/#primaryimage\"},\"thumbnailUrl\":\"https:\\\/\\\/dorogimedence.hu\\\/wp-content\\\/uploads\\\/2020\\\/03\\\/volanbusz-01.jpg\",\"keywords\":[\"busz\",\"dorogi intermod\u00e1lis csom\u00f3pont\",\"m\u00e1v\",\"menetrend\",\"vas\u00fat\",\"vol\u00e1nbusz\",\"vonat\"],\"articleSection\":[\"Dorog\",\"H\u00edrek\"],\"inLanguage\":\"hu\"},{\"@type\":\"WebPage\",\"@id\":\"https:\\\/\\\/dorogimedence.hu\\\/index.php\\\/2020\\\/12\\\/04\\\/menetrendi-valtozasok-december-13-atol\\\/\",\"url\":\"https:\\\/\\\/dorogimedence.hu\\\/index.php\\\/2020\\\/12\\\/04\\\/menetrendi-valtozasok-december-13-atol\\\/\",\"name\":\"Menetrendi v\u00e1ltoz\u00e1sok december 13-\u00e1t\u00f3l\",\"isPartOf\":{\"@id\":\"https:\\\/\\\/dorogimedence.hu\\\/#website\"},\"primaryImageOfPage\":{\"@id\":\"https:\\\/\\\/dorogimedence.hu\\\/index.php\\\/2020\\\/12\\\/04\\\/menetrendi-valtozasok-december-13-atol\\\/#primaryimage\"},\"image\":{\"@id\":\"https:\\\/\\\/dorogimedence.hu\\\/index.php\\\/2020\\\/12\\\/04\\\/menetrendi-valtozasok-december-13-atol\\\/#primaryimage\"},\"thumbnailUrl\":\"https:\\\/\\\/dorogimedence.hu\\\/wp-content\\\/uploads\\\/2020\\\/03\\\/volanbusz-01.jpg\",\"datePublished\":\"2020-12-04T08:16:40+00:00\",\"dateModified\":\"2020-12-04T08:16:53+00:00\",\"breadcrumb\":{\"@id\":\"https:\\\/\\\/dorogimedence.hu\\\/index.php\\\/2020\\\/12\\\/04\\\/menetrendi-valtozasok-december-13-atol\\\/#breadcrumb\"},\"inLanguage\":\"hu\",\"potentialAction\":[{\"@type\":\"ReadAction\",\"target\":[\"https:\\\/\\\/dorogimedence.hu\\\/index.php\\\/2020\\\/12\\\/04\\\/menetrendi-valtozasok-december-13-atol\\\/\"]}]},{\"@type\":\"ImageObject\",\"inLanguage\":\"hu\",\"@id\":\"https:\\\/\\\/dorogimedence.hu\\\/index.php\\\/2020\\\/12\\\/04\\\/menetrendi-valtozasok-december-13-atol\\\/#primaryimage\",\"url\":\"https:\\\/\\\/dorogimedence.hu\\\/wp-content\\\/uploads\\\/2020\\\/03\\\/volanbusz-01.jpg\",\"contentUrl\":\"https:\\\/\\\/dorogimedence.hu\\\/wp-content\\\/uploads\\\/2020\\\/03\\\/volanbusz-01.jpg\",\"width\":670,\"height\":365},{\"@type\":\"BreadcrumbList\",\"@id\":\"https:\\\/\\\/dorogimedence.hu\\\/index.php\\\/2020\\\/12\\\/04\\\/menetrendi-valtozasok-december-13-atol\\\/#breadcrumb\",\"itemListElement\":[{\"@type\":\"ListItem\",\"position\":1,\"name\":\"Kezd\u0151lap\",\"item\":\"https:\\\/\\\/dorogimedence.hu\\\/\"},{\"@type\":\"ListItem\",\"position\":2,\"name\":\"Menetrendi v\u00e1ltoz\u00e1sok december 13-\u00e1t\u00f3l\"}]},{\"@type\":\"WebSite\",\"@id\":\"https:\\\/\\\/dorogimedence.hu\\\/#website\",\"url\":\"https:\\\/\\\/dorogimedence.hu\\\/\",\"name\":\"Dorogi-medence Region\u00e1lis H\u00edrport\u00e1l\",\"description\":\"Dorog, Keszt\u00f6lc, Le\u00e1nyv\u00e1r, Piliscs\u00e9v, Tokod, Tokodalt\u00e1r\u00f3, Csolnok, Esztergom-kertv\u00e1ros: h\u00edrek, programok\",\"publisher\":{\"@id\":\"https:\\\/\\\/dorogimedence.hu\\\/#organization\"},\"potentialAction\":[{\"@type\":\"SearchAction\",\"target\":{\"@type\":\"EntryPoint\",\"urlTemplate\":\"https:\\\/\\\/dorogimedence.hu\\\/?s={search_term_string}\"},\"query-input\":{\"@type\":\"PropertyValueSpecification\",\"valueRequired\":true,\"valueName\":\"search_term_string\"}}],\"inLanguage\":\"hu\"},{\"@type\":\"Organization\",\"@id\":\"https:\\\/\\\/dorogimedence.hu\\\/#organization\",\"name\":\"Dorogi-medence Region\u00e1lis H\u00edrport\u00e1l\",\"url\":\"https:\\\/\\\/dorogimedence.hu\\\/\",\"logo\":{\"@type\":\"ImageObject\",\"inLanguage\":\"hu\",\"@id\":\"https:\\\/\\\/dorogimedence.hu\\\/#\\\/schema\\\/logo\\\/image\\\/\",\"url\":\"https:\\\/\\\/dorogimedence.hu\\\/wp-content\\\/uploads\\\/2021\\\/04\\\/logo-feher-600.png\",\"contentUrl\":\"https:\\\/\\\/dorogimedence.hu\\\/wp-content\\\/uploads\\\/2021\\\/04\\\/logo-feher-600.png\",\"width\":600,\"height\":100,\"caption\":\"Dorogi-medence Region\u00e1lis H\u00edrport\u00e1l\"},\"image\":{\"@id\":\"https:\\\/\\\/dorogimedence.hu\\\/#\\\/schema\\\/logo\\\/image\\\/\"},\"sameAs\":[\"https:\\\/\\\/www.facebook.com\\\/dorogimedence\\\/\"]},{\"@type\":\"Person\",\"@id\":\"https:\\\/\\\/dorogimedence.hu\\\/#\\\/schema\\\/person\\\/ce6091eeb7e95ecdc87890d6aa8e0fd4\",\"name\":\"dorogimedence.hu\",\"image\":{\"@type\":\"ImageObject\",\"inLanguage\":\"hu\",\"@id\":\"\\\/\\\/www.gravatar.com\\\/avatar\\\/d8d45f8901aadff40a4af72c0b826f1d?s=96&#038;r=g&#038;d=mm\",\"url\":\"\\\/\\\/www.gravatar.com\\\/avatar\\\/d8d45f8901aadff40a4af72c0b826f1d?s=96&#038;r=g&#038;d=mm\",\"contentUrl\":\"\\\/\\\/www.gravatar.com\\\/avatar\\\/d8d45f8901aadff40a4af72c0b826f1d?s=96&#038;r=g&#038;d=mm\",\"caption\":\"dorogimedence.hu\"}}]}<\/script>\n<!-- \/ Yoast SEO plugin. -->","yoast_head_json":{"title":"Menetrendi v\u00e1ltoz\u00e1sok december 13-\u00e1t\u00f3l","robots":{"index":"index","follow":"follow","max-snippet":"max-snippet:-1","max-image-preview":"max-image-preview:large","max-video-preview":"max-video-preview:-1"},"canonical":"https:\/\/dorogimedence.hu\/index.php\/2020\/12\/04\/menetrendi-valtozasok-december-13-atol\/","og_locale":"hu_HU","og_type":"article","og_title":"Menetrendi v\u00e1ltoz\u00e1sok december 13-\u00e1t\u00f3l","og_description":"Kor\u00e1bban \u00edrtuk, hogy a dorogi intermod\u00e1lis csom\u00f3pont (DIMCS) 2020. december 13-\u00e1t\u00f3l t\u00f6rt\u00e9n\u0151 \u00fczembe helyez\u00e9se miatt egyes aut\u00f3buszvonalak j\u00e1ratai kism\u00e9rt\u00e9kben m\u00f3dosulnak. Kigy\u0171jt\u00f6tt\u00fck a menetrendeket. Az al\u00e1bbiakban felsorolt j\u00e1ratok 2020. december 13-\u00e1t\u00f3l a dorogi vas\u00fat\u00e1llom\u00e1s \u00e9rint\u00e9s\u00e9vel k\u00f6zlekednek, \u00edgy kedvez\u0151bben csatlakoznak majd a vas\u00fati j\u00e1ratokhoz: 800 Budapest \u2013 Pilisv\u00f6r\u00f6sv\u00e1r \u2013 Piliscsaba \u2013 Dorog \u2013 Esztergom 8401 Tatab\u00e1nya \u2013","og_url":"https:\/\/dorogimedence.hu\/index.php\/2020\/12\/04\/menetrendi-valtozasok-december-13-atol\/","og_site_name":"Dorogi-medence Region\u00e1lis H\u00edrport\u00e1l","article_publisher":"https:\/\/www.facebook.com\/dorogimedence\/","article_published_time":"2020-12-04T08:16:40+00:00","article_modified_time":"2020-12-04T08:16:53+00:00","og_image":[{"width":670,"height":365,"url":"https:\/\/i0.wp.com\/dorogimedence.hu\/wp-content\/uploads\/2020\/03\/volanbusz-01.jpg?fit=670%2C365&ssl=1","type":"image\/jpeg"}],"author":"dorogimedence.hu","twitter_card":"summary_large_image","twitter_misc":{"Szerz\u0151:":"dorogimedence.hu","Becs\u00fclt olvas\u00e1si id\u0151":"2 perc"},"schema":{"@context":"https:\/\/schema.org","@graph":[{"@type":"Article","@id":"https:\/\/dorogimedence.hu\/index.php\/2020\/12\/04\/menetrendi-valtozasok-december-13-atol\/#article","isPartOf":{"@id":"https:\/\/dorogimedence.hu\/index.php\/2020\/12\/04\/menetrendi-valtozasok-december-13-atol\/"},"author":{"name":"dorogimedence.hu","@id":"https:\/\/dorogimedence.hu\/#\/schema\/person\/ce6091eeb7e95ecdc87890d6aa8e0fd4"},"headline":"Menetrendi v\u00e1ltoz\u00e1sok december 13-\u00e1t\u00f3l","datePublished":"2020-12-04T08:16:40+00:00","dateModified":"2020-12-04T08:16:53+00:00","mainEntityOfPage":{"@id":"https:\/\/dorogimedence.hu\/index.php\/2020\/12\/04\/menetrendi-valtozasok-december-13-atol\/"},"wordCount":433,"publisher":{"@id":"https:\/\/dorogimedence.hu\/#organization"},"image":{"@id":"https:\/\/dorogimedence.hu\/index.php\/2020\/12\/04\/menetrendi-valtozasok-december-13-atol\/#primaryimage"},"thumbnailUrl":"https:\/\/dorogimedence.hu\/wp-content\/uploads\/2020\/03\/volanbusz-01.jpg","keywords":["busz","dorogi intermod\u00e1lis csom\u00f3pont","m\u00e1v","menetrend","vas\u00fat","vol\u00e1nbusz","vonat"],"articleSection":["Dorog","H\u00edrek"],"inLanguage":"hu"},{"@type":"WebPage","@id":"https:\/\/dorogimedence.hu\/index.php\/2020\/12\/04\/menetrendi-valtozasok-december-13-atol\/","url":"https:\/\/dorogimedence.hu\/index.php\/2020\/12\/04\/menetrendi-valtozasok-december-13-atol\/","name":"Menetrendi v\u00e1ltoz\u00e1sok december 13-\u00e1t\u00f3l","isPartOf":{"@id":"https:\/\/dorogimedence.hu\/#website"},"primaryImageOfPage":{"@id":"https:\/\/dorogimedence.hu\/index.php\/2020\/12\/04\/menetrendi-valtozasok-december-13-atol\/#primaryimage"},"image":{"@id":"https:\/\/dorogimedence.hu\/index.php\/2020\/12\/04\/menetrendi-valtozasok-december-13-atol\/#primaryimage"},"thumbnailUrl":"https:\/\/dorogimedence.hu\/wp-content\/uploads\/2020\/03\/volanbusz-01.jpg","datePublished":"2020-12-04T08:16:40+00:00","dateModified":"2020-12-04T08:16:53+00:00","breadcrumb":{"@id":"https:\/\/dorogimedence.hu\/index.php\/2020\/12\/04\/menetrendi-valtozasok-december-13-atol\/#breadcrumb"},"inLanguage":"hu","potentialAction":[{"@type":"ReadAction","target":["https:\/\/dorogimedence.hu\/index.php\/2020\/12\/04\/menetrendi-valtozasok-december-13-atol\/"]}]},{"@type":"ImageObject","inLanguage":"hu","@id":"https:\/\/dorogimedence.hu\/index.php\/2020\/12\/04\/menetrendi-valtozasok-december-13-atol\/#primaryimage","url":"https:\/\/dorogimedence.hu\/wp-content\/uploads\/2020\/03\/volanbusz-01.jpg","contentUrl":"https:\/\/dorogimedence.hu\/wp-content\/uploads\/2020\/03\/volanbusz-01.jpg","width":670,"height":365},{"@type":"BreadcrumbList","@id":"https:\/\/dorogimedence.hu\/index.php\/2020\/12\/04\/menetrendi-valtozasok-december-13-atol\/#breadcrumb","itemListElement":[{"@type":"ListItem","position":1,"name":"Kezd\u0151lap","item":"https:\/\/dorogimedence.hu\/"},{"@type":"ListItem","position":2,"name":"Menetrendi v\u00e1ltoz\u00e1sok december 13-\u00e1t\u00f3l"}]},{"@type":"WebSite","@id":"https:\/\/dorogimedence.hu\/#website","url":"https:\/\/dorogimedence.hu\/","name":"Dorogi-medence Region\u00e1lis H\u00edrport\u00e1l","description":"Dorog, Keszt\u00f6lc, Le\u00e1nyv\u00e1r, Piliscs\u00e9v, Tokod, Tokodalt\u00e1r\u00f3, Csolnok, Esztergom-kertv\u00e1ros: h\u00edrek, programok","publisher":{"@id":"https:\/\/dorogimedence.hu\/#organization"},"potentialAction":[{"@type":"SearchAction","target":{"@type":"EntryPoint","urlTemplate":"https:\/\/dorogimedence.hu\/?s={search_term_string}"},"query-input":{"@type":"PropertyValueSpecification","valueRequired":true,"valueName":"search_term_string"}}],"inLanguage":"hu"},{"@type":"Organization","@id":"https:\/\/dorogimedence.hu\/#organization","name":"Dorogi-medence Region\u00e1lis H\u00edrport\u00e1l","url":"https:\/\/dorogimedence.hu\/","logo":{"@type":"ImageObject","inLanguage":"hu","@id":"https:\/\/dorogimedence.hu\/#\/schema\/logo\/image\/","url":"https:\/\/dorogimedence.hu\/wp-content\/uploads\/2021\/04\/logo-feher-600.png","contentUrl":"https:\/\/dorogimedence.hu\/wp-content\/uploads\/2021\/04\/logo-feher-600.png","width":600,"height":100,"caption":"Dorogi-medence Region\u00e1lis H\u00edrport\u00e1l"},"image":{"@id":"https:\/\/dorogimedence.hu\/#\/schema\/logo\/image\/"},"sameAs":["https:\/\/www.facebook.com\/dorogimedence\/"]},{"@type":"Person","@id":"https:\/\/dorogimedence.hu\/#\/schema\/person\/ce6091eeb7e95ecdc87890d6aa8e0fd4","name":"dorogimedence.hu","image":{"@type":"ImageObject","inLanguage":"hu","@id":"\/\/www.gravatar.com\/avatar\/d8d45f8901aadff40a4af72c0b826f1d?s=96&#038;r=g&#038;d=mm","url":"\/\/www.gravatar.com\/avatar\/d8d45f8901aadff40a4af72c0b826f1d?s=96&#038;r=g&#038;d=mm","contentUrl":"\/\/www.gravatar.com\/avatar\/d8d45f8901aadff40a4af72c0b826f1d?s=96&#038;r=g&#038;d=mm","caption":"dorogimedence.hu"}}]}},"_links":{"self":[{"href":"https:\/\/dorogimedence.hu\/index.php\/wp-json\/wp\/v2\/posts\/29001","targetHints":{"allow":["GET"]}}],"collection":[{"href":"https:\/\/dorogimedence.hu\/index.php\/wp-json\/wp\/v2\/posts"}],"about":[{"href":"https:\/\/dorogimedence.hu\/index.php\/wp-json\/wp\/v2\/types\/post"}],"author":[{"embeddable":true,"href":"https:\/\/dorogimedence.hu\/index.php\/wp-json\/wp\/v2\/users\/1"}],"replies":[{"embeddable":true,"href":"https:\/\/dorogimedence.hu\/index.php\/wp-json\/wp\/v2\/comments?post=29001"}],"version-history":[{"count":0,"href":"https:\/\/dorogimedence.hu\/index.php\/wp-json\/wp\/v2\/posts\/29001\/revisions"}],"wp:featuredmedia":[{"embeddable":true,"href":"https:\/\/dorogimedence.hu\/index.php\/wp-json\/wp\/v2\/media\/23716"}],"wp:attachment":[{"href":"https:\/\/dorogimedence.hu\/index.php\/wp-json\/wp\/v2\/media?parent=29001"}],"wp:term":[{"taxonomy":"category","embeddable":true,"href":"https:\/\/dorogimedence.hu\/index.php\/wp-json\/wp\/v2\/categories?post=29001"},{"taxonomy":"post_tag","embeddable":true,"href":"https:\/\/dorogimedence.hu\/index.php\/wp-json\/wp\/v2\/tags?post=29001"}],"curies":[{"name":"wp","href":"https:\/\/api.w.org\/{rel}","templated":true}]}}