{"id":28821,"date":"2020-11-24T07:26:28","date_gmt":"2020-11-24T06:26:28","guid":{"rendered":"http:\/\/dorogimedence.hu\/?p=28821"},"modified":"2020-11-24T07:29:01","modified_gmt":"2020-11-24T06:29:01","slug":"folytatas-immar-kiesohelyrol-a-hetkozi-18-forduloban","status":"publish","type":"post","link":"https:\/\/dorogimedence.hu\/index.php\/2020\/11\/24\/folytatas-immar-kiesohelyrol-a-hetkozi-18-forduloban\/","title":{"rendered":"Folytat\u00e1s imm\u00e1r kies\u0151helyr\u0151l a h\u00e9tk\u00f6zi 18. fordul\u00f3ban"},"content":{"rendered":"<p><strong>V\u00e1ltozatlanul tart csapatunk vessz\u0151fut\u00e1sa, s miut\u00e1n vas\u00e1rnap hazai p\u00e1ly\u00e1n a Vasas ellen is vesz\u00edtettek a dorogiak, \u00edgy a szerdai bajnokira m\u00e1r potenci\u00e1lis kies\u0151k\u00e9nt l\u00e9pnek p\u00e1ly\u00e1ra az otthon\u00e1ban igen vesz\u00e9lyes Ajka vend\u00e9gek\u00e9nt<\/strong>&nbsp;<em>&#8211; Szab\u00f3 Gyula cikke.<\/em><\/p>\n<p>Az elm\u00falt fordul\u00f3ban a Vasas elleni 2-0-\u00e1s veres\u00e9ggel tov\u00e1bb fokoz\u00f3dott a Dorog bajnoki gy\u00f6trelme. Az elm\u00falt 8 m\u00e9rk\u0151z\u00e9s sor\u00e1n a mind\u00f6ssze 2 pontot szerz\u0151 mieink igen vesz\u00e9lyes helyzetbe ker\u00fcltek \u00e9s most m\u00e1r kies\u0151helyen \u00e1llnak. Sajnos semmilyen form\u00e1ban sem siker\u00fclt javulni, hiszen m\u00e9g becs\u00fcletg\u00f3lra sem tellett, s az angyalf\u00f6ldiek meglehet\u0151sen sim\u00e1n vihett\u00e9k el mindh\u00e1rom pontot Dorogr\u00f3l \u00fagy, hogy k\u00fcl\u00f6n\u00f6sebben meg sem tudtuk szorongatni ellenfel\u00fcnket.<\/p>\n<p style=\"text-align: center;\"><img fetchpriority=\"high\" decoding=\"async\" class=\"alignnone size-full wp-image-28822\" src=\"https:\/\/dorogimedence.hu\/wp-content\/uploads\/2020\/11\/Dorog_Vasas_foto_Domotor_Csaba_2_960px.jpg\" alt=\"\" width=\"960\" height=\"720\" srcset=\"https:\/\/dorogimedence.hu\/wp-content\/uploads\/2020\/11\/Dorog_Vasas_foto_Domotor_Csaba_2_960px.jpg 960w, https:\/\/dorogimedence.hu\/wp-content\/uploads\/2020\/11\/Dorog_Vasas_foto_Domotor_Csaba_2_960px-300x225.jpg 300w, https:\/\/dorogimedence.hu\/wp-content\/uploads\/2020\/11\/Dorog_Vasas_foto_Domotor_Csaba_2_960px-768x576.jpg 768w\" sizes=\"(max-width: 960px) 100vw, 960px\" \/><em>Sajnos jellemz\u0151 \u00e9s egyre megszokottabb l\u00e1tv\u00e1ny: A labda a mi kapunkban &#8211; ez\u00fattal a Vasas ellen (forr\u00e1s: D\u00f6m\u00f6t\u00f6r Csaba \/ Nemzeti Sport)<\/em><\/p>\n<p>A 17. fordul\u00f3 ez\u00fattal fekete h\u00e9tv\u00e9g\u00e9t hozott a dobog\u00f3s csapatok sz\u00e1m\u00e1ra \u00e9s nem sokon m\u00falott, hogy mindh\u00e1rom alakulat veres\u00e9ggel z\u00e1rja a m\u00e9rk\u0151z\u00e9seit. A 2. helyen \u00e1ll\u00f3 Buda\u00f6rs a kies\u00e9s r\u00e9m\u00e9t\u0151l fenyegetett \u00fajonc Szentl\u0151rinc vend\u00e9gek\u00e9nt kapott ki 1-0-ra, m\u00edg a 3. helyen \u00e1ll\u00f3 Gyirm\u00f3t a v\u00e1rosi rangad\u00f3t bukta cs\u00fafosan az ETO ellen, 4:1 ar\u00e1nyban. A Debrecen sem brill\u00edrozott Cs\u00e1kv\u00e1ron, s amennyiben a hazaiak g\u00f3lfelel\u0151se, Daru Bence kicsit higgattabb, esetleg szerencs\u00e9sebb, \u00fagy a Lokinak reszeltek volna, ugyanis Daru vezet\u0151 g\u00f3lj\u00e1t k\u00f6vet\u0151en a 65. percben 11-esb\u0151l dupl\u00e1zhatott volna, \u00e1m a b\u00fcntet\u0151 kimaradt, m\u00edg a hajd\u00fas\u00e1giaknak siker\u00fclt egyenl\u00edteni, ezzel egy pontot mentve az egyre magabiztosabb s\u00e1rga-k\u00e9kek ellen. Dorogi szempontb\u00f3l a lehet\u0151 legrosszabb eredm\u00e9nyek sz\u00fclettek ezen tal\u00e1lkoz\u00f3kon, hiszen mindh\u00e1rom csapat k\u00f6zvetlen riv\u00e1lis a vesz\u00e9lyz\u00f3n\u00e1ban \u00e9s valamennyien ponttal, s\u0151t pontokkal gyarapodtak. A teljess\u00e9g kedv\u00e9\u00e9rt a Szeged sim\u00e1n nyert 2-0-ra Ny\u00edregyh\u00e1z\u00e1n, a Si\u00f3fok pedig 1-0-ra B\u00e9k\u00e9scsab\u00e1n. Ezzel a mieink nem csak kies\u0151 poz\u00edci\u00f3ba, de jelent\u0151s l\u00e9p\u00e9sh\u00e1tr\u00e1nyba is ker\u00fcltek a teljes als\u00f3h\u00e1zzal szemben. 1-1-re v\u00e9gz\u0151d\u00f6tt a Kazincbarcika-Szolnok m\u00e9rk\u0151z\u00e9s, m\u00edg a Halad\u00e1s 1-0-ra nyert a DEAC vend\u00e9gek\u00e9nt. A menetel\u0151 p\u00e9csiek ez\u00fattal \u00fariasan, j\u00e1t\u00e9k n\u00e9lk\u00fcl gy\u0171jt\u00f6tt\u00e9k be a gy\u0151zelmet 3-0-\u00e1s g\u00f3lar\u00e1nnyal, az ellen\u00fck ki sem \u00e1ll\u00f3 Kaposv\u00e1rral szemben.<\/p>\n<p>Szerdai ellenfel\u00fcnk egy v\u00e1ltozatos \u00e9s helyenk\u00e9nt sz\u00ednvonalas m\u00e9rk\u0151zen 2-2-es d\u00f6ntetlenre v\u00e9gzett a Soroks\u00e1r otthon\u00e1ban. A bakonyi alakulat sok\u00e1ig az elithez tartozott \u00e9s nem csak szorgalmasan s\u00f6p\u00f6rte be a pontokat, de ontotta a g\u00f3lokat is. A Szentl\u0151rincek n\u00e9gyet, a Cs\u00e1kv\u00e1rnak \u00f6t\u00f6t v\u00e1gtak, s b\u00e1r kikaptak a listavezet\u0151t\u0151l, de az\u00e9rt r\u00fagtak ellen\u00fck h\u00e1rmat Debrecenben. Id\u0151vel az ajkaiak csillaga is lefel\u00e9 kezdett \u00e1ldozni, s t\u00f6bbek k\u00f6z\u00f6tt odahaza futottak bele egy durva 5-1-es zak\u00f3ba a Buda\u00f6rs ellen, azonban m\u00e9g ennek ellen\u00e9re is tekint\u00e9lyt parancsol\u00f3, ha otthon l\u00e9pnek p\u00e1ly\u00e1ra. A jelenlegi helyzetben igazi 6 pontos meccsk\u00e9nt harangozhatn\u00e1nk be a k\u00e9t f\u00e9l m\u00e9rk\u0151z\u00e9s\u00e9t, \u00e1m csak elviekben az. A dorogiak egy sz\u00e9tes\u0151, hitehagyott g\u00e1rda k\u00e9p\u00e9ben tetszelegnek \u00e9s sajnos vend\u00e9gl\u00e1t\u00f3inknak nem kell t\u00fals\u00e1gosan izgulniuk. Kiv\u00e1l\u00f3 \u00e9s hat\u00e9kony csat\u00e1rsorukkal szemben n\u00e1lunk a kev\u00e9s sz\u00e1m\u00fa t\u00e1mad\u00f3 is m\u00e9lyen maga alatt van \u00e9s rem\u00e9nytelen g\u00f3l\u00edns\u00e9gben szenvednek. V\u00e9dekez\u00e9sben is igen szell\u0151ss\u00e9 v\u00e1ltunk, s kapusaink &#8211; \u00e9l\u00e9n Mursits Rolanddal -, k\u00e9ptelenek brav\u00farjaikkal ellens\u00falyozni a v\u00e9delem s\u00falyos \u00e9s v\u00e9gzetes meging\u00e1sait. Csak t\u0171n\u0151dni lehet azon, vajon hova t\u0171nt az a csapat, amely alig k\u00e9t h\u00f3napja brav\u00fasos gy\u0151zelmet aratott a Halad\u00e1s otthon\u00e1ban, vagy amely tan\u00edtani val\u00f3 m\u00f3don j\u00e1tszott Ny\u00edregyh\u00e1z\u00e1n \u00e9s otthon a Gy\u0151ri ETO ellen? Ennyire kil\u00e1t\u00e1stalan helyzet m\u00e9g nem ad\u00f3dott az elm\u00falt \u00f6t NB II-es \u00e9vad sor\u00e1n, mi t\u00f6bb, \u00f6sszehasonl\u00edthatatlanul m\u00e1s lett minden. K\u00e1r is volna \u00f3cska sz\u00f3fordulatokkal \u00e9s megkopott szlogenekkel \u00e9lve &#8222;a rem\u00e9ny hal meg utolj\u00e1ra&#8221; \u00e9s &#8222;a labda g\u00f6mb\u00f6ly\u0171&#8221; elemekkel \u00e1m\u00edtani \u00f6nmagunkat. Azt mindenkinek nem csak \u00e9reznie, de pontosan tudnia is kell, hogy \u00fajabb veres\u00e9ggel hossz\u00fat\u00e1von kib\u00e9relj\u00fck a kies\u0151helyet \u00e9s a magunk s\u00edrj\u00e1t \u00e1ssuk.&nbsp;<\/p>\n<p>M\u00e9g a k\u00e9t csapat egym\u00e1s elleni m\u00e9rleg\u00e9ben sem igaz\u00e1n kapaszkodhatunk most, amely alapj\u00e1n az eddig 11 m\u00e9rk\u0151z\u00e9sen 5 dorogi gy\u0151zelem, 4 d\u00f6ntetlen \u00e9s 2 veres\u00e9g; 15:9-es g\u00f3lar\u00e1nnyal sz\u00fcletett. Idegenbeli m\u00e9rleg\u00fcnk ellen\u00fck: 6 meccsb\u0151l 2 gy\u0151zelem, 3 d\u00f6ntetlen \u00e9s 1 veres\u00e9g; 10:6-os g\u00f3lar\u00e1ny. Legut\u00f3bb tavaly november 10-\u00e9n, szint\u00e9n Ajk\u00e1n tal\u00e1lkoztak egym\u00e1ssal, ahol \u00edt\u00e9letid\u0151ben \u00e9s irre\u00e1lis p\u00e1lyaviszonyok k\u00f6zepette is egy \u00e9l\u00e9nk, kifejezetten j\u00f3iram\u00fa m\u00e9rk\u0151z\u00e9st v\u00edvtak, ahol a g\u00f3ln\u00e9lk\u00fcli d\u00f6ntetlen mellett a mieink k\u00f6zelebb \u00e1lltak a gy\u0151zelemhez. Az ajkaiak adtak n\u00e9mi \u00edzel\u00edt\u0151t nek\u00fcnk magukb\u00f3l m\u00e1r id\u00e9n is, hiszen a k\u00e9t csapat a bajnoks\u00e1g f\u0151pr\u00f3b\u00e1j\u00e1n a ny\u00e1ron Dorogon m\u00e9rte \u00f6ssze erej\u00e9t \u00e9s felk\u00e9sz\u00fclts\u00e9g\u00e9t, s b\u00e1r siker\u00fclt 1-1-re hozni az eredm\u00e9nyt, a vend\u00e9gek sokkal meggy\u0151z\u0151bbek, vesz\u00e9lyesebbek \u00e9s er\u0151teljesebbek voltak.<\/p>\n<p style=\"text-align: center;\"><img decoding=\"async\" class=\"alignnone size-full wp-image-28823\" src=\"https:\/\/dorogimedence.hu\/wp-content\/uploads\/2020\/11\/ajka-dorog-02.jpg\" alt=\"\" width=\"777\" height=\"518\" srcset=\"https:\/\/dorogimedence.hu\/wp-content\/uploads\/2020\/11\/ajka-dorog-02.jpg 777w, https:\/\/dorogimedence.hu\/wp-content\/uploads\/2020\/11\/ajka-dorog-02-300x200.jpg 300w, https:\/\/dorogimedence.hu\/wp-content\/uploads\/2020\/11\/ajka-dorog-02-768x512.jpg 768w, https:\/\/dorogimedence.hu\/wp-content\/uploads\/2020\/11\/ajka-dorog-02-589x392.jpg 589w, https:\/\/dorogimedence.hu\/wp-content\/uploads\/2020\/11\/ajka-dorog-02-272x182.jpg 272w\" sizes=\"(max-width: 777px) 100vw, 777px\" \/><em>A legut\u00f3bbi Ajk\u00e1n v\u00edvott m\u00e9rk\u0151z\u00e9s\u00fcnk, amely sokkal ink\u00e1bb v\u00edzilabda jelleget \u00f6lt\u00f6tt a hatalmas es\u0151z\u00e9sek miatt (forr\u00e1s: VEOL.hu)<\/em><\/p>\n<p>A m\u00e9rk\u0151z\u00e9st v\u00e1ltozatlanul z\u00e1rtkapuk m\u00f6g\u00f6tt rendezik, november 25-\u00e9n, szerd\u00e1n 18:00 \u00f3rai kezdettel. Az id\u0151pont ugyan a jelenleg \u00e9rv\u00e9nyben l\u00e9v\u0151 esti kij\u00e1r\u00e1si tilalomnak ellentmond, de ezid\u00e1ig nem t\u00f6rt\u00e9nt v\u00e1ltoztat\u00e1s.<\/p>\n<p><em>Szab\u00f3 Gyula<\/em><\/p>\n","protected":false},"excerpt":{"rendered":"<p>V\u00e1ltozatlanul tart csapatunk vessz\u0151fut\u00e1sa, s miut\u00e1n vas\u00e1rnap hazai p\u00e1ly\u00e1n a Vasas ellen is vesz\u00edtettek a dorogiak, \u00edgy a szerdai bajnokira m\u00e1r potenci\u00e1lis kies\u0151k\u00e9nt l\u00e9pnek p\u00e1ly\u00e1ra az otthon\u00e1ban igen vesz\u00e9lyes Ajka vend\u00e9gek\u00e9nt&nbsp;&#8211; Szab\u00f3 Gyula cikke. Az elm\u00falt fordul\u00f3ban a Vasas elleni 2-0-\u00e1s veres\u00e9ggel tov\u00e1bb fokoz\u00f3dott a Dorog bajnoki gy\u00f6trelme. Az elm\u00falt 8 m\u00e9rk\u0151z\u00e9s sor\u00e1n a mind\u00f6ssze<\/p>\n","protected":false},"author":1,"featured_media":20798,"comment_status":"closed","ping_status":"closed","sticky":false,"template":"","format":"standard","meta":{"ngg_post_thumbnail":0,"footnotes":""},"categories":[2,3,5],"tags":[4429,15,37,70,69,72,263,16],"class_list":{"0":"post-28821","1":"post","2":"type-post","3":"status-publish","4":"format-standard","5":"has-post-thumbnail","7":"category-dorog","8":"category-hirek","9":"category-sport","10":"tag-ajka","11":"tag-dorog","12":"tag-dorogi-fc","13":"tag-foci","14":"tag-futball","15":"tag-labdarugas","16":"tag-nb-ii","17":"tag-sport"},"yoast_head":"<!-- This site is optimized with the Yoast SEO plugin v27.5 - https:\/\/yoast.com\/product\/yoast-seo-wordpress\/ -->\n<title>Folytat\u00e1s imm\u00e1r kies\u0151helyr\u0151l a h\u00e9tk\u00f6zi 18. fordul\u00f3ban<\/title>\n<meta name=\"robots\" content=\"index, follow, max-snippet:-1, max-image-preview:large, max-video-preview:-1\" \/>\n<link rel=\"canonical\" href=\"https:\/\/dorogimedence.hu\/index.php\/2020\/11\/24\/folytatas-immar-kiesohelyrol-a-hetkozi-18-forduloban\/\" class=\"yoast-seo-meta-tag\" \/>\n<meta property=\"og:locale\" content=\"hu_HU\" class=\"yoast-seo-meta-tag\" \/>\n<meta property=\"og:type\" content=\"article\" class=\"yoast-seo-meta-tag\" \/>\n<meta property=\"og:title\" content=\"Folytat\u00e1s imm\u00e1r kies\u0151helyr\u0151l a h\u00e9tk\u00f6zi 18. fordul\u00f3ban\" class=\"yoast-seo-meta-tag\" \/>\n<meta property=\"og:description\" content=\"V\u00e1ltozatlanul tart csapatunk vessz\u0151fut\u00e1sa, s miut\u00e1n vas\u00e1rnap hazai p\u00e1ly\u00e1n a Vasas ellen is vesz\u00edtettek a dorogiak, \u00edgy a szerdai bajnokira m\u00e1r potenci\u00e1lis kies\u0151k\u00e9nt l\u00e9pnek p\u00e1ly\u00e1ra az otthon\u00e1ban igen vesz\u00e9lyes Ajka vend\u00e9gek\u00e9nt&nbsp;&#8211; Szab\u00f3 Gyula cikke. Az elm\u00falt fordul\u00f3ban a Vasas elleni 2-0-\u00e1s veres\u00e9ggel tov\u00e1bb fokoz\u00f3dott a Dorog bajnoki gy\u00f6trelme. Az elm\u00falt 8 m\u00e9rk\u0151z\u00e9s sor\u00e1n a mind\u00f6ssze\" class=\"yoast-seo-meta-tag\" \/>\n<meta property=\"og:url\" content=\"https:\/\/dorogimedence.hu\/index.php\/2020\/11\/24\/folytatas-immar-kiesohelyrol-a-hetkozi-18-forduloban\/\" class=\"yoast-seo-meta-tag\" \/>\n<meta property=\"og:site_name\" content=\"Dorogi-medence Region\u00e1lis H\u00edrport\u00e1l\" class=\"yoast-seo-meta-tag\" \/>\n<meta property=\"article:publisher\" content=\"https:\/\/www.facebook.com\/dorogimedence\/\" class=\"yoast-seo-meta-tag\" \/>\n<meta property=\"article:published_time\" content=\"2020-11-24T06:26:28+00:00\" class=\"yoast-seo-meta-tag\" \/>\n<meta property=\"article:modified_time\" content=\"2020-11-24T06:29:01+00:00\" class=\"yoast-seo-meta-tag\" \/>\n<meta property=\"og:image\" content=\"https:\/\/i0.wp.com\/dorogimedence.hu\/wp-content\/uploads\/2019\/11\/ajka-dorog-01.jpg?fit=670%2C365&ssl=1\" class=\"yoast-seo-meta-tag\" \/>\n\t<meta property=\"og:image:width\" content=\"670\" class=\"yoast-seo-meta-tag\" \/>\n\t<meta property=\"og:image:height\" content=\"365\" class=\"yoast-seo-meta-tag\" \/>\n\t<meta property=\"og:image:type\" content=\"image\/jpeg\" class=\"yoast-seo-meta-tag\" \/>\n<meta name=\"author\" content=\"dorogimedence.hu\" class=\"yoast-seo-meta-tag\" \/>\n<meta name=\"twitter:card\" content=\"summary_large_image\" class=\"yoast-seo-meta-tag\" \/>\n<meta name=\"twitter:label1\" content=\"Szerz\u0151:\" class=\"yoast-seo-meta-tag\" \/>\n\t<meta name=\"twitter:data1\" content=\"dorogimedence.hu\" class=\"yoast-seo-meta-tag\" \/>\n\t<meta name=\"twitter:label2\" content=\"Becs\u00fclt olvas\u00e1si id\u0151\" class=\"yoast-seo-meta-tag\" \/>\n\t<meta name=\"twitter:data2\" content=\"6 perc\" class=\"yoast-seo-meta-tag\" \/>\n<script type=\"application\/ld+json\" class=\"yoast-schema-graph\">{\"@context\":\"https:\\\/\\\/schema.org\",\"@graph\":[{\"@type\":\"Article\",\"@id\":\"https:\\\/\\\/dorogimedence.hu\\\/index.php\\\/2020\\\/11\\\/24\\\/folytatas-immar-kiesohelyrol-a-hetkozi-18-forduloban\\\/#article\",\"isPartOf\":{\"@id\":\"https:\\\/\\\/dorogimedence.hu\\\/index.php\\\/2020\\\/11\\\/24\\\/folytatas-immar-kiesohelyrol-a-hetkozi-18-forduloban\\\/\"},\"author\":{\"name\":\"dorogimedence.hu\",\"@id\":\"https:\\\/\\\/dorogimedence.hu\\\/#\\\/schema\\\/person\\\/ce6091eeb7e95ecdc87890d6aa8e0fd4\"},\"headline\":\"Folytat\u00e1s imm\u00e1r kies\u0151helyr\u0151l a h\u00e9tk\u00f6zi 18. fordul\u00f3ban\",\"datePublished\":\"2020-11-24T06:26:28+00:00\",\"dateModified\":\"2020-11-24T06:29:01+00:00\",\"mainEntityOfPage\":{\"@id\":\"https:\\\/\\\/dorogimedence.hu\\\/index.php\\\/2020\\\/11\\\/24\\\/folytatas-immar-kiesohelyrol-a-hetkozi-18-forduloban\\\/\"},\"wordCount\":1119,\"publisher\":{\"@id\":\"https:\\\/\\\/dorogimedence.hu\\\/#organization\"},\"image\":{\"@id\":\"https:\\\/\\\/dorogimedence.hu\\\/index.php\\\/2020\\\/11\\\/24\\\/folytatas-immar-kiesohelyrol-a-hetkozi-18-forduloban\\\/#primaryimage\"},\"thumbnailUrl\":\"https:\\\/\\\/dorogimedence.hu\\\/wp-content\\\/uploads\\\/2019\\\/11\\\/ajka-dorog-01.jpg\",\"keywords\":[\"Ajka\",\"Dorog\",\"Dorogi FC\",\"foci\",\"futball\",\"labdar\u00fag\u00e1s\",\"NB II\",\"sport\"],\"articleSection\":[\"Dorog\",\"H\u00edrek\",\"Sport\"],\"inLanguage\":\"hu\"},{\"@type\":\"WebPage\",\"@id\":\"https:\\\/\\\/dorogimedence.hu\\\/index.php\\\/2020\\\/11\\\/24\\\/folytatas-immar-kiesohelyrol-a-hetkozi-18-forduloban\\\/\",\"url\":\"https:\\\/\\\/dorogimedence.hu\\\/index.php\\\/2020\\\/11\\\/24\\\/folytatas-immar-kiesohelyrol-a-hetkozi-18-forduloban\\\/\",\"name\":\"Folytat\u00e1s imm\u00e1r kies\u0151helyr\u0151l a h\u00e9tk\u00f6zi 18. fordul\u00f3ban\",\"isPartOf\":{\"@id\":\"https:\\\/\\\/dorogimedence.hu\\\/#website\"},\"primaryImageOfPage\":{\"@id\":\"https:\\\/\\\/dorogimedence.hu\\\/index.php\\\/2020\\\/11\\\/24\\\/folytatas-immar-kiesohelyrol-a-hetkozi-18-forduloban\\\/#primaryimage\"},\"image\":{\"@id\":\"https:\\\/\\\/dorogimedence.hu\\\/index.php\\\/2020\\\/11\\\/24\\\/folytatas-immar-kiesohelyrol-a-hetkozi-18-forduloban\\\/#primaryimage\"},\"thumbnailUrl\":\"https:\\\/\\\/dorogimedence.hu\\\/wp-content\\\/uploads\\\/2019\\\/11\\\/ajka-dorog-01.jpg\",\"datePublished\":\"2020-11-24T06:26:28+00:00\",\"dateModified\":\"2020-11-24T06:29:01+00:00\",\"breadcrumb\":{\"@id\":\"https:\\\/\\\/dorogimedence.hu\\\/index.php\\\/2020\\\/11\\\/24\\\/folytatas-immar-kiesohelyrol-a-hetkozi-18-forduloban\\\/#breadcrumb\"},\"inLanguage\":\"hu\",\"potentialAction\":[{\"@type\":\"ReadAction\",\"target\":[\"https:\\\/\\\/dorogimedence.hu\\\/index.php\\\/2020\\\/11\\\/24\\\/folytatas-immar-kiesohelyrol-a-hetkozi-18-forduloban\\\/\"]}]},{\"@type\":\"ImageObject\",\"inLanguage\":\"hu\",\"@id\":\"https:\\\/\\\/dorogimedence.hu\\\/index.php\\\/2020\\\/11\\\/24\\\/folytatas-immar-kiesohelyrol-a-hetkozi-18-forduloban\\\/#primaryimage\",\"url\":\"https:\\\/\\\/dorogimedence.hu\\\/wp-content\\\/uploads\\\/2019\\\/11\\\/ajka-dorog-01.jpg\",\"contentUrl\":\"https:\\\/\\\/dorogimedence.hu\\\/wp-content\\\/uploads\\\/2019\\\/11\\\/ajka-dorog-01.jpg\",\"width\":670,\"height\":365},{\"@type\":\"BreadcrumbList\",\"@id\":\"https:\\\/\\\/dorogimedence.hu\\\/index.php\\\/2020\\\/11\\\/24\\\/folytatas-immar-kiesohelyrol-a-hetkozi-18-forduloban\\\/#breadcrumb\",\"itemListElement\":[{\"@type\":\"ListItem\",\"position\":1,\"name\":\"Kezd\u0151lap\",\"item\":\"https:\\\/\\\/dorogimedence.hu\\\/\"},{\"@type\":\"ListItem\",\"position\":2,\"name\":\"Folytat\u00e1s imm\u00e1r kies\u0151helyr\u0151l a h\u00e9tk\u00f6zi 18. fordul\u00f3ban\"}]},{\"@type\":\"WebSite\",\"@id\":\"https:\\\/\\\/dorogimedence.hu\\\/#website\",\"url\":\"https:\\\/\\\/dorogimedence.hu\\\/\",\"name\":\"Dorogi-medence Region\u00e1lis H\u00edrport\u00e1l\",\"description\":\"Dorog, Keszt\u00f6lc, Le\u00e1nyv\u00e1r, Piliscs\u00e9v, Tokod, Tokodalt\u00e1r\u00f3, Csolnok, Esztergom-kertv\u00e1ros: h\u00edrek, programok\",\"publisher\":{\"@id\":\"https:\\\/\\\/dorogimedence.hu\\\/#organization\"},\"potentialAction\":[{\"@type\":\"SearchAction\",\"target\":{\"@type\":\"EntryPoint\",\"urlTemplate\":\"https:\\\/\\\/dorogimedence.hu\\\/?s={search_term_string}\"},\"query-input\":{\"@type\":\"PropertyValueSpecification\",\"valueRequired\":true,\"valueName\":\"search_term_string\"}}],\"inLanguage\":\"hu\"},{\"@type\":\"Organization\",\"@id\":\"https:\\\/\\\/dorogimedence.hu\\\/#organization\",\"name\":\"Dorogi-medence Region\u00e1lis H\u00edrport\u00e1l\",\"url\":\"https:\\\/\\\/dorogimedence.hu\\\/\",\"logo\":{\"@type\":\"ImageObject\",\"inLanguage\":\"hu\",\"@id\":\"https:\\\/\\\/dorogimedence.hu\\\/#\\\/schema\\\/logo\\\/image\\\/\",\"url\":\"https:\\\/\\\/dorogimedence.hu\\\/wp-content\\\/uploads\\\/2021\\\/04\\\/logo-feher-600.png\",\"contentUrl\":\"https:\\\/\\\/dorogimedence.hu\\\/wp-content\\\/uploads\\\/2021\\\/04\\\/logo-feher-600.png\",\"width\":600,\"height\":100,\"caption\":\"Dorogi-medence Region\u00e1lis H\u00edrport\u00e1l\"},\"image\":{\"@id\":\"https:\\\/\\\/dorogimedence.hu\\\/#\\\/schema\\\/logo\\\/image\\\/\"},\"sameAs\":[\"https:\\\/\\\/www.facebook.com\\\/dorogimedence\\\/\"]},{\"@type\":\"Person\",\"@id\":\"https:\\\/\\\/dorogimedence.hu\\\/#\\\/schema\\\/person\\\/ce6091eeb7e95ecdc87890d6aa8e0fd4\",\"name\":\"dorogimedence.hu\",\"image\":{\"@type\":\"ImageObject\",\"inLanguage\":\"hu\",\"@id\":\"\\\/\\\/www.gravatar.com\\\/avatar\\\/d8d45f8901aadff40a4af72c0b826f1d?s=96&#038;r=g&#038;d=mm\",\"url\":\"\\\/\\\/www.gravatar.com\\\/avatar\\\/d8d45f8901aadff40a4af72c0b826f1d?s=96&#038;r=g&#038;d=mm\",\"contentUrl\":\"\\\/\\\/www.gravatar.com\\\/avatar\\\/d8d45f8901aadff40a4af72c0b826f1d?s=96&#038;r=g&#038;d=mm\",\"caption\":\"dorogimedence.hu\"}}]}<\/script>\n<!-- \/ Yoast SEO plugin. -->","yoast_head_json":{"title":"Folytat\u00e1s imm\u00e1r kies\u0151helyr\u0151l a h\u00e9tk\u00f6zi 18. fordul\u00f3ban","robots":{"index":"index","follow":"follow","max-snippet":"max-snippet:-1","max-image-preview":"max-image-preview:large","max-video-preview":"max-video-preview:-1"},"canonical":"https:\/\/dorogimedence.hu\/index.php\/2020\/11\/24\/folytatas-immar-kiesohelyrol-a-hetkozi-18-forduloban\/","og_locale":"hu_HU","og_type":"article","og_title":"Folytat\u00e1s imm\u00e1r kies\u0151helyr\u0151l a h\u00e9tk\u00f6zi 18. fordul\u00f3ban","og_description":"V\u00e1ltozatlanul tart csapatunk vessz\u0151fut\u00e1sa, s miut\u00e1n vas\u00e1rnap hazai p\u00e1ly\u00e1n a Vasas ellen is vesz\u00edtettek a dorogiak, \u00edgy a szerdai bajnokira m\u00e1r potenci\u00e1lis kies\u0151k\u00e9nt l\u00e9pnek p\u00e1ly\u00e1ra az otthon\u00e1ban igen vesz\u00e9lyes Ajka vend\u00e9gek\u00e9nt&nbsp;&#8211; Szab\u00f3 Gyula cikke. Az elm\u00falt fordul\u00f3ban a Vasas elleni 2-0-\u00e1s veres\u00e9ggel tov\u00e1bb fokoz\u00f3dott a Dorog bajnoki gy\u00f6trelme. Az elm\u00falt 8 m\u00e9rk\u0151z\u00e9s sor\u00e1n a mind\u00f6ssze","og_url":"https:\/\/dorogimedence.hu\/index.php\/2020\/11\/24\/folytatas-immar-kiesohelyrol-a-hetkozi-18-forduloban\/","og_site_name":"Dorogi-medence Region\u00e1lis H\u00edrport\u00e1l","article_publisher":"https:\/\/www.facebook.com\/dorogimedence\/","article_published_time":"2020-11-24T06:26:28+00:00","article_modified_time":"2020-11-24T06:29:01+00:00","og_image":[{"width":670,"height":365,"url":"https:\/\/i0.wp.com\/dorogimedence.hu\/wp-content\/uploads\/2019\/11\/ajka-dorog-01.jpg?fit=670%2C365&ssl=1","type":"image\/jpeg"}],"author":"dorogimedence.hu","twitter_card":"summary_large_image","twitter_misc":{"Szerz\u0151:":"dorogimedence.hu","Becs\u00fclt olvas\u00e1si id\u0151":"6 perc"},"schema":{"@context":"https:\/\/schema.org","@graph":[{"@type":"Article","@id":"https:\/\/dorogimedence.hu\/index.php\/2020\/11\/24\/folytatas-immar-kiesohelyrol-a-hetkozi-18-forduloban\/#article","isPartOf":{"@id":"https:\/\/dorogimedence.hu\/index.php\/2020\/11\/24\/folytatas-immar-kiesohelyrol-a-hetkozi-18-forduloban\/"},"author":{"name":"dorogimedence.hu","@id":"https:\/\/dorogimedence.hu\/#\/schema\/person\/ce6091eeb7e95ecdc87890d6aa8e0fd4"},"headline":"Folytat\u00e1s imm\u00e1r kies\u0151helyr\u0151l a h\u00e9tk\u00f6zi 18. fordul\u00f3ban","datePublished":"2020-11-24T06:26:28+00:00","dateModified":"2020-11-24T06:29:01+00:00","mainEntityOfPage":{"@id":"https:\/\/dorogimedence.hu\/index.php\/2020\/11\/24\/folytatas-immar-kiesohelyrol-a-hetkozi-18-forduloban\/"},"wordCount":1119,"publisher":{"@id":"https:\/\/dorogimedence.hu\/#organization"},"image":{"@id":"https:\/\/dorogimedence.hu\/index.php\/2020\/11\/24\/folytatas-immar-kiesohelyrol-a-hetkozi-18-forduloban\/#primaryimage"},"thumbnailUrl":"https:\/\/dorogimedence.hu\/wp-content\/uploads\/2019\/11\/ajka-dorog-01.jpg","keywords":["Ajka","Dorog","Dorogi FC","foci","futball","labdar\u00fag\u00e1s","NB II","sport"],"articleSection":["Dorog","H\u00edrek","Sport"],"inLanguage":"hu"},{"@type":"WebPage","@id":"https:\/\/dorogimedence.hu\/index.php\/2020\/11\/24\/folytatas-immar-kiesohelyrol-a-hetkozi-18-forduloban\/","url":"https:\/\/dorogimedence.hu\/index.php\/2020\/11\/24\/folytatas-immar-kiesohelyrol-a-hetkozi-18-forduloban\/","name":"Folytat\u00e1s imm\u00e1r kies\u0151helyr\u0151l a h\u00e9tk\u00f6zi 18. fordul\u00f3ban","isPartOf":{"@id":"https:\/\/dorogimedence.hu\/#website"},"primaryImageOfPage":{"@id":"https:\/\/dorogimedence.hu\/index.php\/2020\/11\/24\/folytatas-immar-kiesohelyrol-a-hetkozi-18-forduloban\/#primaryimage"},"image":{"@id":"https:\/\/dorogimedence.hu\/index.php\/2020\/11\/24\/folytatas-immar-kiesohelyrol-a-hetkozi-18-forduloban\/#primaryimage"},"thumbnailUrl":"https:\/\/dorogimedence.hu\/wp-content\/uploads\/2019\/11\/ajka-dorog-01.jpg","datePublished":"2020-11-24T06:26:28+00:00","dateModified":"2020-11-24T06:29:01+00:00","breadcrumb":{"@id":"https:\/\/dorogimedence.hu\/index.php\/2020\/11\/24\/folytatas-immar-kiesohelyrol-a-hetkozi-18-forduloban\/#breadcrumb"},"inLanguage":"hu","potentialAction":[{"@type":"ReadAction","target":["https:\/\/dorogimedence.hu\/index.php\/2020\/11\/24\/folytatas-immar-kiesohelyrol-a-hetkozi-18-forduloban\/"]}]},{"@type":"ImageObject","inLanguage":"hu","@id":"https:\/\/dorogimedence.hu\/index.php\/2020\/11\/24\/folytatas-immar-kiesohelyrol-a-hetkozi-18-forduloban\/#primaryimage","url":"https:\/\/dorogimedence.hu\/wp-content\/uploads\/2019\/11\/ajka-dorog-01.jpg","contentUrl":"https:\/\/dorogimedence.hu\/wp-content\/uploads\/2019\/11\/ajka-dorog-01.jpg","width":670,"height":365},{"@type":"BreadcrumbList","@id":"https:\/\/dorogimedence.hu\/index.php\/2020\/11\/24\/folytatas-immar-kiesohelyrol-a-hetkozi-18-forduloban\/#breadcrumb","itemListElement":[{"@type":"ListItem","position":1,"name":"Kezd\u0151lap","item":"https:\/\/dorogimedence.hu\/"},{"@type":"ListItem","position":2,"name":"Folytat\u00e1s imm\u00e1r kies\u0151helyr\u0151l a h\u00e9tk\u00f6zi 18. fordul\u00f3ban"}]},{"@type":"WebSite","@id":"https:\/\/dorogimedence.hu\/#website","url":"https:\/\/dorogimedence.hu\/","name":"Dorogi-medence Region\u00e1lis H\u00edrport\u00e1l","description":"Dorog, Keszt\u00f6lc, Le\u00e1nyv\u00e1r, Piliscs\u00e9v, Tokod, Tokodalt\u00e1r\u00f3, Csolnok, Esztergom-kertv\u00e1ros: h\u00edrek, programok","publisher":{"@id":"https:\/\/dorogimedence.hu\/#organization"},"potentialAction":[{"@type":"SearchAction","target":{"@type":"EntryPoint","urlTemplate":"https:\/\/dorogimedence.hu\/?s={search_term_string}"},"query-input":{"@type":"PropertyValueSpecification","valueRequired":true,"valueName":"search_term_string"}}],"inLanguage":"hu"},{"@type":"Organization","@id":"https:\/\/dorogimedence.hu\/#organization","name":"Dorogi-medence Region\u00e1lis H\u00edrport\u00e1l","url":"https:\/\/dorogimedence.hu\/","logo":{"@type":"ImageObject","inLanguage":"hu","@id":"https:\/\/dorogimedence.hu\/#\/schema\/logo\/image\/","url":"https:\/\/dorogimedence.hu\/wp-content\/uploads\/2021\/04\/logo-feher-600.png","contentUrl":"https:\/\/dorogimedence.hu\/wp-content\/uploads\/2021\/04\/logo-feher-600.png","width":600,"height":100,"caption":"Dorogi-medence Region\u00e1lis H\u00edrport\u00e1l"},"image":{"@id":"https:\/\/dorogimedence.hu\/#\/schema\/logo\/image\/"},"sameAs":["https:\/\/www.facebook.com\/dorogimedence\/"]},{"@type":"Person","@id":"https:\/\/dorogimedence.hu\/#\/schema\/person\/ce6091eeb7e95ecdc87890d6aa8e0fd4","name":"dorogimedence.hu","image":{"@type":"ImageObject","inLanguage":"hu","@id":"\/\/www.gravatar.com\/avatar\/d8d45f8901aadff40a4af72c0b826f1d?s=96&#038;r=g&#038;d=mm","url":"\/\/www.gravatar.com\/avatar\/d8d45f8901aadff40a4af72c0b826f1d?s=96&#038;r=g&#038;d=mm","contentUrl":"\/\/www.gravatar.com\/avatar\/d8d45f8901aadff40a4af72c0b826f1d?s=96&#038;r=g&#038;d=mm","caption":"dorogimedence.hu"}}]}},"_links":{"self":[{"href":"https:\/\/dorogimedence.hu\/index.php\/wp-json\/wp\/v2\/posts\/28821","targetHints":{"allow":["GET"]}}],"collection":[{"href":"https:\/\/dorogimedence.hu\/index.php\/wp-json\/wp\/v2\/posts"}],"about":[{"href":"https:\/\/dorogimedence.hu\/index.php\/wp-json\/wp\/v2\/types\/post"}],"author":[{"embeddable":true,"href":"https:\/\/dorogimedence.hu\/index.php\/wp-json\/wp\/v2\/users\/1"}],"replies":[{"embeddable":true,"href":"https:\/\/dorogimedence.hu\/index.php\/wp-json\/wp\/v2\/comments?post=28821"}],"version-history":[{"count":0,"href":"https:\/\/dorogimedence.hu\/index.php\/wp-json\/wp\/v2\/posts\/28821\/revisions"}],"wp:featuredmedia":[{"embeddable":true,"href":"https:\/\/dorogimedence.hu\/index.php\/wp-json\/wp\/v2\/media\/20798"}],"wp:attachment":[{"href":"https:\/\/dorogimedence.hu\/index.php\/wp-json\/wp\/v2\/media?parent=28821"}],"wp:term":[{"taxonomy":"category","embeddable":true,"href":"https:\/\/dorogimedence.hu\/index.php\/wp-json\/wp\/v2\/categories?post=28821"},{"taxonomy":"post_tag","embeddable":true,"href":"https:\/\/dorogimedence.hu\/index.php\/wp-json\/wp\/v2\/tags?post=28821"}],"curies":[{"name":"wp","href":"https:\/\/api.w.org\/{rel}","templated":true}]}}