{"id":28689,"date":"2020-11-18T07:34:32","date_gmt":"2020-11-18T06:34:32","guid":{"rendered":"http:\/\/dorogimedence.hu\/?p=28689"},"modified":"2020-11-18T07:50:05","modified_gmt":"2020-11-18T06:50:05","slug":"langolo-autohoz-es-trafotuzhoz-siettek-a-tuzoltok","status":"publish","type":"post","link":"https:\/\/dorogimedence.hu\/index.php\/2020\/11\/18\/langolo-autohoz-es-trafotuzhoz-siettek-a-tuzoltok\/","title":{"rendered":"L\u00e1ngol\u00f3 aut\u00f3hoz \u00e9s traf\u00f3t\u0171zh\u00f6z siettek a t\u0171zolt\u00f3k"},"content":{"rendered":"<p><strong>Kor\u00e1bban <a href=\"https:\/\/dorogimedence.hu\/index.php\/2020\/11\/16\/kigyulladt-egy-szemelyauto-esztergomban\/\" target=\"_blank\" rel=\"noopener noreferrer\"><span style=\"text-decoration: underline; color: #0000ff;\">\u00edrtuk<\/span><\/a>, hogy november 16-\u00e1n, h\u00e9tf\u0151 d\u00e9lel\u0151tt egy aut\u00f3 gyulladt ki Esztergomban. Mint kider\u00fclt az esztergomi t\u0171zolt\u00f3knak ugyanezen a napon egy traf\u00f3t\u00fczet is el kellett oltaniuk Pilismar\u00f3ton.<\/strong><\/p>\n<p>H\u00e9tf\u0151 d\u00e9lel\u0151tt 10 \u00f3ra ut\u00e1n kigyulladt egy szem\u00e9lyaut\u00f3 Esztergomban, a Kossuth Lajos utc\u00e1ban, az Arany J\u00e1nos utcai keresztez\u0151d\u00e9s k\u00f6zel\u00e9ben. Az esethez az esztergomi hivat\u00e1sos t\u0171zolt\u00f3k vonultak ki, akik egy gyorsbeavatkoz\u00f3 v\u00edzsug\u00e1r seg\u00edts\u00e9g\u00e9vel eloltott\u00e1k a l\u00e1ngokat \u00e9s \u00e1ramtalan\u00edtott\u00e1k a j\u00e1rm\u0171vet, majd megkezdt\u00e9k az ut\u00f3munk\u00e1latokat. Szem\u00e9lyi s\u00e9r\u00fcl\u00e9s nem t\u00f6rt\u00e9nt.<\/p>\n<p><img fetchpriority=\"high\" decoding=\"async\" class=\"alignnone size-full wp-image-28690\" src=\"https:\/\/dorogimedence.hu\/wp-content\/uploads\/2020\/11\/889654.jpg\" alt=\"\" width=\"1024\" height=\"767\" srcset=\"https:\/\/dorogimedence.hu\/wp-content\/uploads\/2020\/11\/889654.jpg 1024w, https:\/\/dorogimedence.hu\/wp-content\/uploads\/2020\/11\/889654-300x225.jpg 300w, https:\/\/dorogimedence.hu\/wp-content\/uploads\/2020\/11\/889654-768x575.jpg 768w\" sizes=\"(max-width: 1024px) 100vw, 1024px\" \/><\/p>\n<p>Az esztergomi hivat\u00e1sos t\u0171zolt\u00f3k h\u00e9tf\u0151 este Pilismar\u00f3tra is vonultak, ahol egy fa oszlopra szerelt traf\u00f3 \u00e9gett, szikr\u00e1zott. Az egys\u00e9g <span class=\"tojvnm2t a6sixzi8 abs2jz4q a8s20v7p t1p8iaqh k5wvi7nf q3lfd5jv pk4s997a bipmatt0 cebpdrjk qowsmv63 owwhemhu dp1hu0rb dhp61c6y iyyx5f41\">2 db 6 kg-os \u00e9s egy 12 kg-os<\/span> porral olt\u00f3 k\u00e9sz\u00fcl\u00e9kel a t\u00fczet elfojtotta.<\/p>\n<p><span class=\"tojvnm2t a6sixzi8 abs2jz4q a8s20v7p t1p8iaqh k5wvi7nf q3lfd5jv pk4s997a bipmatt0 cebpdrjk qowsmv63 owwhemhu dp1hu0rb dhp61c6y iyyx5f41\">A ki\u00e9rkez\u00e9s \u00e9s felder\u00edt\u00e9s ideje alatt \u00e9rtes\u00edtett\u00e9k az \u00e1ramszolg\u00e1ltat\u00f3t, akik az adott helyen lekapcsolat\u00e1k az \u00e1ramot. Az eset ut\u00e1n az utc\u00e1ban egy darabig nem volt \u00e1ram.<br \/>\n<\/span><\/p>\n<p><img decoding=\"async\" class=\"alignnone size-full wp-image-28692\" src=\"https:\/\/dorogimedence.hu\/wp-content\/uploads\/2020\/11\/889664-rotated.jpg\" alt=\"\" width=\"767\" height=\"1024\" srcset=\"https:\/\/dorogimedence.hu\/wp-content\/uploads\/2020\/11\/889664-rotated.jpg 767w, https:\/\/dorogimedence.hu\/wp-content\/uploads\/2020\/11\/889664-225x300.jpg 225w\" sizes=\"(max-width: 767px) 100vw, 767px\" \/><\/p>\n<p><em>Fot\u00f3k: Horv\u00e1th-G\u00e1l Imre t\u0171. szds. \u2013 Esztergom HTP<br \/>\nForr\u00e1s: komarom.katasztrofavedelem.hu \/ Varga Mih\u00e1ly Sebesty\u00e9n t\u0171zolt\u00f3 f\u0151hadnagy<\/em><\/p>\n","protected":false},"excerpt":{"rendered":"<p>Kor\u00e1bban \u00edrtuk, hogy november 16-\u00e1n, h\u00e9tf\u0151 d\u00e9lel\u0151tt egy aut\u00f3 gyulladt ki Esztergomban. Mint kider\u00fclt az esztergomi t\u0171zolt\u00f3knak ugyanezen a napon egy traf\u00f3t\u00fczet is el kellett oltaniuk Pilismar\u00f3ton. H\u00e9tf\u0151 d\u00e9lel\u0151tt 10 \u00f3ra ut\u00e1n kigyulladt egy szem\u00e9lyaut\u00f3 Esztergomban, a Kossuth Lajos utc\u00e1ban, az Arany J\u00e1nos utcai keresztez\u0151d\u00e9s k\u00f6zel\u00e9ben. Az esethez az esztergomi hivat\u00e1sos t\u0171zolt\u00f3k vonultak ki, akik<\/p>\n","protected":false},"author":1,"featured_media":28693,"comment_status":"closed","ping_status":"closed","sticky":false,"template":"","format":"standard","meta":{"ngg_post_thumbnail":0,"footnotes":""},"categories":[38,3],"tags":[1471,42,175,480,5248,40,365,65],"class_list":{"0":"post-28689","1":"post","2":"type-post","3":"status-publish","4":"format-standard","5":"has-post-thumbnail","7":"category-esztergom","8":"category-hirek","9":"tag-autotuz","10":"tag-esztergom","11":"tag-katasztrofavedelem","12":"tag-pilismarot","13":"tag-trafotuz","14":"tag-tuz","15":"tag-tuzeset","16":"tag-tuzoltosag"},"yoast_head":"<!-- This site is optimized with the Yoast SEO plugin v27.5 - https:\/\/yoast.com\/product\/yoast-seo-wordpress\/ -->\n<title>L\u00e1ngol\u00f3 aut\u00f3hoz \u00e9s traf\u00f3t\u0171zh\u00f6z siettek a t\u0171zolt\u00f3k<\/title>\n<meta name=\"robots\" content=\"index, follow, max-snippet:-1, max-image-preview:large, max-video-preview:-1\" \/>\n<link rel=\"canonical\" href=\"https:\/\/dorogimedence.hu\/index.php\/2020\/11\/18\/langolo-autohoz-es-trafotuzhoz-siettek-a-tuzoltok\/\" class=\"yoast-seo-meta-tag\" \/>\n<meta property=\"og:locale\" content=\"hu_HU\" class=\"yoast-seo-meta-tag\" \/>\n<meta property=\"og:type\" content=\"article\" class=\"yoast-seo-meta-tag\" \/>\n<meta property=\"og:title\" content=\"L\u00e1ngol\u00f3 aut\u00f3hoz \u00e9s traf\u00f3t\u0171zh\u00f6z siettek a t\u0171zolt\u00f3k\" class=\"yoast-seo-meta-tag\" \/>\n<meta property=\"og:description\" content=\"Kor\u00e1bban \u00edrtuk, hogy november 16-\u00e1n, h\u00e9tf\u0151 d\u00e9lel\u0151tt egy aut\u00f3 gyulladt ki Esztergomban. Mint kider\u00fclt az esztergomi t\u0171zolt\u00f3knak ugyanezen a napon egy traf\u00f3t\u00fczet is el kellett oltaniuk Pilismar\u00f3ton. H\u00e9tf\u0151 d\u00e9lel\u0151tt 10 \u00f3ra ut\u00e1n kigyulladt egy szem\u00e9lyaut\u00f3 Esztergomban, a Kossuth Lajos utc\u00e1ban, az Arany J\u00e1nos utcai keresztez\u0151d\u00e9s k\u00f6zel\u00e9ben. Az esethez az esztergomi hivat\u00e1sos t\u0171zolt\u00f3k vonultak ki, akik\" class=\"yoast-seo-meta-tag\" \/>\n<meta property=\"og:url\" content=\"https:\/\/dorogimedence.hu\/index.php\/2020\/11\/18\/langolo-autohoz-es-trafotuzhoz-siettek-a-tuzoltok\/\" class=\"yoast-seo-meta-tag\" \/>\n<meta property=\"og:site_name\" content=\"Dorogi-medence Region\u00e1lis H\u00edrport\u00e1l\" class=\"yoast-seo-meta-tag\" \/>\n<meta property=\"article:publisher\" content=\"https:\/\/www.facebook.com\/dorogimedence\/\" class=\"yoast-seo-meta-tag\" \/>\n<meta property=\"article:published_time\" content=\"2020-11-18T06:34:32+00:00\" class=\"yoast-seo-meta-tag\" \/>\n<meta property=\"article:modified_time\" content=\"2020-11-18T06:50:05+00:00\" class=\"yoast-seo-meta-tag\" \/>\n<meta property=\"og:image\" content=\"https:\/\/i0.wp.com\/dorogimedence.hu\/wp-content\/uploads\/2020\/11\/trafotuz-01.jpg?fit=830%2C450&ssl=1\" class=\"yoast-seo-meta-tag\" \/>\n\t<meta property=\"og:image:width\" content=\"830\" class=\"yoast-seo-meta-tag\" \/>\n\t<meta property=\"og:image:height\" content=\"450\" class=\"yoast-seo-meta-tag\" \/>\n\t<meta property=\"og:image:type\" content=\"image\/jpeg\" class=\"yoast-seo-meta-tag\" \/>\n<meta name=\"author\" content=\"dorogimedence.hu\" class=\"yoast-seo-meta-tag\" \/>\n<meta name=\"twitter:card\" content=\"summary_large_image\" class=\"yoast-seo-meta-tag\" \/>\n<meta name=\"twitter:label1\" content=\"Szerz\u0151:\" class=\"yoast-seo-meta-tag\" \/>\n\t<meta name=\"twitter:data1\" content=\"dorogimedence.hu\" class=\"yoast-seo-meta-tag\" \/>\n\t<meta name=\"twitter:label2\" content=\"Becs\u00fclt olvas\u00e1si id\u0151\" class=\"yoast-seo-meta-tag\" \/>\n\t<meta name=\"twitter:data2\" content=\"1 perc\" class=\"yoast-seo-meta-tag\" \/>\n<script type=\"application\/ld+json\" class=\"yoast-schema-graph\">{\"@context\":\"https:\\\/\\\/schema.org\",\"@graph\":[{\"@type\":\"Article\",\"@id\":\"https:\\\/\\\/dorogimedence.hu\\\/index.php\\\/2020\\\/11\\\/18\\\/langolo-autohoz-es-trafotuzhoz-siettek-a-tuzoltok\\\/#article\",\"isPartOf\":{\"@id\":\"https:\\\/\\\/dorogimedence.hu\\\/index.php\\\/2020\\\/11\\\/18\\\/langolo-autohoz-es-trafotuzhoz-siettek-a-tuzoltok\\\/\"},\"author\":{\"name\":\"dorogimedence.hu\",\"@id\":\"https:\\\/\\\/dorogimedence.hu\\\/#\\\/schema\\\/person\\\/ce6091eeb7e95ecdc87890d6aa8e0fd4\"},\"headline\":\"L\u00e1ngol\u00f3 aut\u00f3hoz \u00e9s traf\u00f3t\u0171zh\u00f6z siettek a t\u0171zolt\u00f3k\",\"datePublished\":\"2020-11-18T06:34:32+00:00\",\"dateModified\":\"2020-11-18T06:50:05+00:00\",\"mainEntityOfPage\":{\"@id\":\"https:\\\/\\\/dorogimedence.hu\\\/index.php\\\/2020\\\/11\\\/18\\\/langolo-autohoz-es-trafotuzhoz-siettek-a-tuzoltok\\\/\"},\"wordCount\":234,\"publisher\":{\"@id\":\"https:\\\/\\\/dorogimedence.hu\\\/#organization\"},\"image\":{\"@id\":\"https:\\\/\\\/dorogimedence.hu\\\/index.php\\\/2020\\\/11\\\/18\\\/langolo-autohoz-es-trafotuzhoz-siettek-a-tuzoltok\\\/#primaryimage\"},\"thumbnailUrl\":\"https:\\\/\\\/dorogimedence.hu\\\/wp-content\\\/uploads\\\/2020\\\/11\\\/trafotuz-01.jpg\",\"keywords\":[\"aut\u00f3t\u0171z\",\"esztergom\",\"katasztr\u00f3fav\u00e9delem\",\"Pilismar\u00f3t\",\"traf\u00f3t\u0171z\",\"t\u0171z\",\"t\u0171zeset\",\"t\u0171zolt\u00f3s\u00e1g\"],\"articleSection\":[\"Esztergom\",\"H\u00edrek\"],\"inLanguage\":\"hu\"},{\"@type\":\"WebPage\",\"@id\":\"https:\\\/\\\/dorogimedence.hu\\\/index.php\\\/2020\\\/11\\\/18\\\/langolo-autohoz-es-trafotuzhoz-siettek-a-tuzoltok\\\/\",\"url\":\"https:\\\/\\\/dorogimedence.hu\\\/index.php\\\/2020\\\/11\\\/18\\\/langolo-autohoz-es-trafotuzhoz-siettek-a-tuzoltok\\\/\",\"name\":\"L\u00e1ngol\u00f3 aut\u00f3hoz \u00e9s traf\u00f3t\u0171zh\u00f6z siettek a t\u0171zolt\u00f3k\",\"isPartOf\":{\"@id\":\"https:\\\/\\\/dorogimedence.hu\\\/#website\"},\"primaryImageOfPage\":{\"@id\":\"https:\\\/\\\/dorogimedence.hu\\\/index.php\\\/2020\\\/11\\\/18\\\/langolo-autohoz-es-trafotuzhoz-siettek-a-tuzoltok\\\/#primaryimage\"},\"image\":{\"@id\":\"https:\\\/\\\/dorogimedence.hu\\\/index.php\\\/2020\\\/11\\\/18\\\/langolo-autohoz-es-trafotuzhoz-siettek-a-tuzoltok\\\/#primaryimage\"},\"thumbnailUrl\":\"https:\\\/\\\/dorogimedence.hu\\\/wp-content\\\/uploads\\\/2020\\\/11\\\/trafotuz-01.jpg\",\"datePublished\":\"2020-11-18T06:34:32+00:00\",\"dateModified\":\"2020-11-18T06:50:05+00:00\",\"breadcrumb\":{\"@id\":\"https:\\\/\\\/dorogimedence.hu\\\/index.php\\\/2020\\\/11\\\/18\\\/langolo-autohoz-es-trafotuzhoz-siettek-a-tuzoltok\\\/#breadcrumb\"},\"inLanguage\":\"hu\",\"potentialAction\":[{\"@type\":\"ReadAction\",\"target\":[\"https:\\\/\\\/dorogimedence.hu\\\/index.php\\\/2020\\\/11\\\/18\\\/langolo-autohoz-es-trafotuzhoz-siettek-a-tuzoltok\\\/\"]}]},{\"@type\":\"ImageObject\",\"inLanguage\":\"hu\",\"@id\":\"https:\\\/\\\/dorogimedence.hu\\\/index.php\\\/2020\\\/11\\\/18\\\/langolo-autohoz-es-trafotuzhoz-siettek-a-tuzoltok\\\/#primaryimage\",\"url\":\"https:\\\/\\\/dorogimedence.hu\\\/wp-content\\\/uploads\\\/2020\\\/11\\\/trafotuz-01.jpg\",\"contentUrl\":\"https:\\\/\\\/dorogimedence.hu\\\/wp-content\\\/uploads\\\/2020\\\/11\\\/trafotuz-01.jpg\",\"width\":830,\"height\":450},{\"@type\":\"BreadcrumbList\",\"@id\":\"https:\\\/\\\/dorogimedence.hu\\\/index.php\\\/2020\\\/11\\\/18\\\/langolo-autohoz-es-trafotuzhoz-siettek-a-tuzoltok\\\/#breadcrumb\",\"itemListElement\":[{\"@type\":\"ListItem\",\"position\":1,\"name\":\"Kezd\u0151lap\",\"item\":\"https:\\\/\\\/dorogimedence.hu\\\/\"},{\"@type\":\"ListItem\",\"position\":2,\"name\":\"L\u00e1ngol\u00f3 aut\u00f3hoz \u00e9s traf\u00f3t\u0171zh\u00f6z siettek a t\u0171zolt\u00f3k\"}]},{\"@type\":\"WebSite\",\"@id\":\"https:\\\/\\\/dorogimedence.hu\\\/#website\",\"url\":\"https:\\\/\\\/dorogimedence.hu\\\/\",\"name\":\"Dorogi-medence Region\u00e1lis H\u00edrport\u00e1l\",\"description\":\"Dorog, Keszt\u00f6lc, Le\u00e1nyv\u00e1r, Piliscs\u00e9v, Tokod, Tokodalt\u00e1r\u00f3, Csolnok, Esztergom-kertv\u00e1ros: h\u00edrek, programok\",\"publisher\":{\"@id\":\"https:\\\/\\\/dorogimedence.hu\\\/#organization\"},\"potentialAction\":[{\"@type\":\"SearchAction\",\"target\":{\"@type\":\"EntryPoint\",\"urlTemplate\":\"https:\\\/\\\/dorogimedence.hu\\\/?s={search_term_string}\"},\"query-input\":{\"@type\":\"PropertyValueSpecification\",\"valueRequired\":true,\"valueName\":\"search_term_string\"}}],\"inLanguage\":\"hu\"},{\"@type\":\"Organization\",\"@id\":\"https:\\\/\\\/dorogimedence.hu\\\/#organization\",\"name\":\"Dorogi-medence Region\u00e1lis H\u00edrport\u00e1l\",\"url\":\"https:\\\/\\\/dorogimedence.hu\\\/\",\"logo\":{\"@type\":\"ImageObject\",\"inLanguage\":\"hu\",\"@id\":\"https:\\\/\\\/dorogimedence.hu\\\/#\\\/schema\\\/logo\\\/image\\\/\",\"url\":\"https:\\\/\\\/dorogimedence.hu\\\/wp-content\\\/uploads\\\/2021\\\/04\\\/logo-feher-600.png\",\"contentUrl\":\"https:\\\/\\\/dorogimedence.hu\\\/wp-content\\\/uploads\\\/2021\\\/04\\\/logo-feher-600.png\",\"width\":600,\"height\":100,\"caption\":\"Dorogi-medence Region\u00e1lis H\u00edrport\u00e1l\"},\"image\":{\"@id\":\"https:\\\/\\\/dorogimedence.hu\\\/#\\\/schema\\\/logo\\\/image\\\/\"},\"sameAs\":[\"https:\\\/\\\/www.facebook.com\\\/dorogimedence\\\/\"]},{\"@type\":\"Person\",\"@id\":\"https:\\\/\\\/dorogimedence.hu\\\/#\\\/schema\\\/person\\\/ce6091eeb7e95ecdc87890d6aa8e0fd4\",\"name\":\"dorogimedence.hu\",\"image\":{\"@type\":\"ImageObject\",\"inLanguage\":\"hu\",\"@id\":\"\\\/\\\/www.gravatar.com\\\/avatar\\\/d8d45f8901aadff40a4af72c0b826f1d?s=96&#038;r=g&#038;d=mm\",\"url\":\"\\\/\\\/www.gravatar.com\\\/avatar\\\/d8d45f8901aadff40a4af72c0b826f1d?s=96&#038;r=g&#038;d=mm\",\"contentUrl\":\"\\\/\\\/www.gravatar.com\\\/avatar\\\/d8d45f8901aadff40a4af72c0b826f1d?s=96&#038;r=g&#038;d=mm\",\"caption\":\"dorogimedence.hu\"}}]}<\/script>\n<!-- \/ Yoast SEO plugin. -->","yoast_head_json":{"title":"L\u00e1ngol\u00f3 aut\u00f3hoz \u00e9s traf\u00f3t\u0171zh\u00f6z siettek a t\u0171zolt\u00f3k","robots":{"index":"index","follow":"follow","max-snippet":"max-snippet:-1","max-image-preview":"max-image-preview:large","max-video-preview":"max-video-preview:-1"},"canonical":"https:\/\/dorogimedence.hu\/index.php\/2020\/11\/18\/langolo-autohoz-es-trafotuzhoz-siettek-a-tuzoltok\/","og_locale":"hu_HU","og_type":"article","og_title":"L\u00e1ngol\u00f3 aut\u00f3hoz \u00e9s traf\u00f3t\u0171zh\u00f6z siettek a t\u0171zolt\u00f3k","og_description":"Kor\u00e1bban \u00edrtuk, hogy november 16-\u00e1n, h\u00e9tf\u0151 d\u00e9lel\u0151tt egy aut\u00f3 gyulladt ki Esztergomban. Mint kider\u00fclt az esztergomi t\u0171zolt\u00f3knak ugyanezen a napon egy traf\u00f3t\u00fczet is el kellett oltaniuk Pilismar\u00f3ton. H\u00e9tf\u0151 d\u00e9lel\u0151tt 10 \u00f3ra ut\u00e1n kigyulladt egy szem\u00e9lyaut\u00f3 Esztergomban, a Kossuth Lajos utc\u00e1ban, az Arany J\u00e1nos utcai keresztez\u0151d\u00e9s k\u00f6zel\u00e9ben. Az esethez az esztergomi hivat\u00e1sos t\u0171zolt\u00f3k vonultak ki, akik","og_url":"https:\/\/dorogimedence.hu\/index.php\/2020\/11\/18\/langolo-autohoz-es-trafotuzhoz-siettek-a-tuzoltok\/","og_site_name":"Dorogi-medence Region\u00e1lis H\u00edrport\u00e1l","article_publisher":"https:\/\/www.facebook.com\/dorogimedence\/","article_published_time":"2020-11-18T06:34:32+00:00","article_modified_time":"2020-11-18T06:50:05+00:00","og_image":[{"width":830,"height":450,"url":"https:\/\/i0.wp.com\/dorogimedence.hu\/wp-content\/uploads\/2020\/11\/trafotuz-01.jpg?fit=830%2C450&ssl=1","type":"image\/jpeg"}],"author":"dorogimedence.hu","twitter_card":"summary_large_image","twitter_misc":{"Szerz\u0151:":"dorogimedence.hu","Becs\u00fclt olvas\u00e1si id\u0151":"1 perc"},"schema":{"@context":"https:\/\/schema.org","@graph":[{"@type":"Article","@id":"https:\/\/dorogimedence.hu\/index.php\/2020\/11\/18\/langolo-autohoz-es-trafotuzhoz-siettek-a-tuzoltok\/#article","isPartOf":{"@id":"https:\/\/dorogimedence.hu\/index.php\/2020\/11\/18\/langolo-autohoz-es-trafotuzhoz-siettek-a-tuzoltok\/"},"author":{"name":"dorogimedence.hu","@id":"https:\/\/dorogimedence.hu\/#\/schema\/person\/ce6091eeb7e95ecdc87890d6aa8e0fd4"},"headline":"L\u00e1ngol\u00f3 aut\u00f3hoz \u00e9s traf\u00f3t\u0171zh\u00f6z siettek a t\u0171zolt\u00f3k","datePublished":"2020-11-18T06:34:32+00:00","dateModified":"2020-11-18T06:50:05+00:00","mainEntityOfPage":{"@id":"https:\/\/dorogimedence.hu\/index.php\/2020\/11\/18\/langolo-autohoz-es-trafotuzhoz-siettek-a-tuzoltok\/"},"wordCount":234,"publisher":{"@id":"https:\/\/dorogimedence.hu\/#organization"},"image":{"@id":"https:\/\/dorogimedence.hu\/index.php\/2020\/11\/18\/langolo-autohoz-es-trafotuzhoz-siettek-a-tuzoltok\/#primaryimage"},"thumbnailUrl":"https:\/\/dorogimedence.hu\/wp-content\/uploads\/2020\/11\/trafotuz-01.jpg","keywords":["aut\u00f3t\u0171z","esztergom","katasztr\u00f3fav\u00e9delem","Pilismar\u00f3t","traf\u00f3t\u0171z","t\u0171z","t\u0171zeset","t\u0171zolt\u00f3s\u00e1g"],"articleSection":["Esztergom","H\u00edrek"],"inLanguage":"hu"},{"@type":"WebPage","@id":"https:\/\/dorogimedence.hu\/index.php\/2020\/11\/18\/langolo-autohoz-es-trafotuzhoz-siettek-a-tuzoltok\/","url":"https:\/\/dorogimedence.hu\/index.php\/2020\/11\/18\/langolo-autohoz-es-trafotuzhoz-siettek-a-tuzoltok\/","name":"L\u00e1ngol\u00f3 aut\u00f3hoz \u00e9s traf\u00f3t\u0171zh\u00f6z siettek a t\u0171zolt\u00f3k","isPartOf":{"@id":"https:\/\/dorogimedence.hu\/#website"},"primaryImageOfPage":{"@id":"https:\/\/dorogimedence.hu\/index.php\/2020\/11\/18\/langolo-autohoz-es-trafotuzhoz-siettek-a-tuzoltok\/#primaryimage"},"image":{"@id":"https:\/\/dorogimedence.hu\/index.php\/2020\/11\/18\/langolo-autohoz-es-trafotuzhoz-siettek-a-tuzoltok\/#primaryimage"},"thumbnailUrl":"https:\/\/dorogimedence.hu\/wp-content\/uploads\/2020\/11\/trafotuz-01.jpg","datePublished":"2020-11-18T06:34:32+00:00","dateModified":"2020-11-18T06:50:05+00:00","breadcrumb":{"@id":"https:\/\/dorogimedence.hu\/index.php\/2020\/11\/18\/langolo-autohoz-es-trafotuzhoz-siettek-a-tuzoltok\/#breadcrumb"},"inLanguage":"hu","potentialAction":[{"@type":"ReadAction","target":["https:\/\/dorogimedence.hu\/index.php\/2020\/11\/18\/langolo-autohoz-es-trafotuzhoz-siettek-a-tuzoltok\/"]}]},{"@type":"ImageObject","inLanguage":"hu","@id":"https:\/\/dorogimedence.hu\/index.php\/2020\/11\/18\/langolo-autohoz-es-trafotuzhoz-siettek-a-tuzoltok\/#primaryimage","url":"https:\/\/dorogimedence.hu\/wp-content\/uploads\/2020\/11\/trafotuz-01.jpg","contentUrl":"https:\/\/dorogimedence.hu\/wp-content\/uploads\/2020\/11\/trafotuz-01.jpg","width":830,"height":450},{"@type":"BreadcrumbList","@id":"https:\/\/dorogimedence.hu\/index.php\/2020\/11\/18\/langolo-autohoz-es-trafotuzhoz-siettek-a-tuzoltok\/#breadcrumb","itemListElement":[{"@type":"ListItem","position":1,"name":"Kezd\u0151lap","item":"https:\/\/dorogimedence.hu\/"},{"@type":"ListItem","position":2,"name":"L\u00e1ngol\u00f3 aut\u00f3hoz \u00e9s traf\u00f3t\u0171zh\u00f6z siettek a t\u0171zolt\u00f3k"}]},{"@type":"WebSite","@id":"https:\/\/dorogimedence.hu\/#website","url":"https:\/\/dorogimedence.hu\/","name":"Dorogi-medence Region\u00e1lis H\u00edrport\u00e1l","description":"Dorog, Keszt\u00f6lc, Le\u00e1nyv\u00e1r, Piliscs\u00e9v, Tokod, Tokodalt\u00e1r\u00f3, Csolnok, Esztergom-kertv\u00e1ros: h\u00edrek, programok","publisher":{"@id":"https:\/\/dorogimedence.hu\/#organization"},"potentialAction":[{"@type":"SearchAction","target":{"@type":"EntryPoint","urlTemplate":"https:\/\/dorogimedence.hu\/?s={search_term_string}"},"query-input":{"@type":"PropertyValueSpecification","valueRequired":true,"valueName":"search_term_string"}}],"inLanguage":"hu"},{"@type":"Organization","@id":"https:\/\/dorogimedence.hu\/#organization","name":"Dorogi-medence Region\u00e1lis H\u00edrport\u00e1l","url":"https:\/\/dorogimedence.hu\/","logo":{"@type":"ImageObject","inLanguage":"hu","@id":"https:\/\/dorogimedence.hu\/#\/schema\/logo\/image\/","url":"https:\/\/dorogimedence.hu\/wp-content\/uploads\/2021\/04\/logo-feher-600.png","contentUrl":"https:\/\/dorogimedence.hu\/wp-content\/uploads\/2021\/04\/logo-feher-600.png","width":600,"height":100,"caption":"Dorogi-medence Region\u00e1lis H\u00edrport\u00e1l"},"image":{"@id":"https:\/\/dorogimedence.hu\/#\/schema\/logo\/image\/"},"sameAs":["https:\/\/www.facebook.com\/dorogimedence\/"]},{"@type":"Person","@id":"https:\/\/dorogimedence.hu\/#\/schema\/person\/ce6091eeb7e95ecdc87890d6aa8e0fd4","name":"dorogimedence.hu","image":{"@type":"ImageObject","inLanguage":"hu","@id":"\/\/www.gravatar.com\/avatar\/d8d45f8901aadff40a4af72c0b826f1d?s=96&#038;r=g&#038;d=mm","url":"\/\/www.gravatar.com\/avatar\/d8d45f8901aadff40a4af72c0b826f1d?s=96&#038;r=g&#038;d=mm","contentUrl":"\/\/www.gravatar.com\/avatar\/d8d45f8901aadff40a4af72c0b826f1d?s=96&#038;r=g&#038;d=mm","caption":"dorogimedence.hu"}}]}},"_links":{"self":[{"href":"https:\/\/dorogimedence.hu\/index.php\/wp-json\/wp\/v2\/posts\/28689","targetHints":{"allow":["GET"]}}],"collection":[{"href":"https:\/\/dorogimedence.hu\/index.php\/wp-json\/wp\/v2\/posts"}],"about":[{"href":"https:\/\/dorogimedence.hu\/index.php\/wp-json\/wp\/v2\/types\/post"}],"author":[{"embeddable":true,"href":"https:\/\/dorogimedence.hu\/index.php\/wp-json\/wp\/v2\/users\/1"}],"replies":[{"embeddable":true,"href":"https:\/\/dorogimedence.hu\/index.php\/wp-json\/wp\/v2\/comments?post=28689"}],"version-history":[{"count":0,"href":"https:\/\/dorogimedence.hu\/index.php\/wp-json\/wp\/v2\/posts\/28689\/revisions"}],"wp:featuredmedia":[{"embeddable":true,"href":"https:\/\/dorogimedence.hu\/index.php\/wp-json\/wp\/v2\/media\/28693"}],"wp:attachment":[{"href":"https:\/\/dorogimedence.hu\/index.php\/wp-json\/wp\/v2\/media?parent=28689"}],"wp:term":[{"taxonomy":"category","embeddable":true,"href":"https:\/\/dorogimedence.hu\/index.php\/wp-json\/wp\/v2\/categories?post=28689"},{"taxonomy":"post_tag","embeddable":true,"href":"https:\/\/dorogimedence.hu\/index.php\/wp-json\/wp\/v2\/tags?post=28689"}],"curies":[{"name":"wp","href":"https:\/\/api.w.org\/{rel}","templated":true}]}}