{"id":28684,"date":"2020-11-17T17:18:12","date_gmt":"2020-11-17T16:18:12","guid":{"rendered":"http:\/\/dorogimedence.hu\/?p=28684"},"modified":"2020-11-17T17:18:19","modified_gmt":"2020-11-17T16:18:19","slug":"ugyessegi-es-akadalypalyaval-gazdagodott-a-mogyorosbanyai-iskola","status":"publish","type":"post","link":"https:\/\/dorogimedence.hu\/index.php\/2020\/11\/17\/ugyessegi-es-akadalypalyaval-gazdagodott-a-mogyorosbanyai-iskola\/","title":{"rendered":"\u00dcgyess\u00e9gi- \u00e9s akad\u00e1lyp\u00e1ly\u00e1val gazdagodott a mogyor\u00f3sb\u00e1nyai iskola"},"content":{"rendered":"<p><strong>2020. november 17-\u00e9n vehett\u00e9k birtokba a mogyor\u00f3sb\u00e1nyai tanul\u00f3k azt a sz\u00ednes \u00fcgyess\u00e9gi p\u00e1ly\u00e1t, mely az iskola udvar\u00e1n a megl\u00e9v\u0151 t\u00e9rk\u0151burkolat\u00fa fel\u00fcletre ker\u00fclt felfest\u00e9sre. A mozg\u00e1sfejleszt\u0151 fel\u00fclet kialak\u00edt\u00e1s\u00e1nak \u00f6tlet\u00e9t Sz\u00e9kely Keresztes Marianna tagint\u00e9zm\u00e9ny-vezet\u0151 asszony m\u00e9g a tan\u00e9v elej\u00e9n vetette fel Havrancsik Tibor mogyor\u00f3sb\u00e1nyai polg\u00e1rmesternek.<\/strong><\/p>\n<p>\u201eIgyekszem keresni az \u00faj dolgokat, ez\u00e9rt is v\u00e9geztem el az elm\u00falt \u00e9vben egy gyermekj\u00f3ga oktat\u00f3i k\u00e9pz\u00e9st, mely meger\u0151s\u00edtette bennem, hogy a mozg\u00e1s a gyermekek testi fejl\u0151d\u00e9se mellett a szem\u00e9lyis\u00e9g\u00fck fejleszt\u00e9s\u00e9re is alkalmas. Kor\u00e1bban l\u00e1ttam egy mozg\u00e1sfejleszt\u0151 p\u00e1ly\u00e1t, mely nagyon megtetszett, ez\u00e9rt elhat\u00e1roztam, hogy hasonl\u00f3 megval\u00f3s\u00edt\u00e1s\u00e1ra t\u00f6rekszem a mi iskol\u00e1nk udvar\u00e1n is.\u201d \u2013 mondta a tagint\u00e9zm\u00e9ny vezet\u0151je.<\/p>\n<p><img fetchpriority=\"high\" decoding=\"async\" class=\"alignnone size-full wp-image-28686\" src=\"https:\/\/dorogimedence.hu\/wp-content\/uploads\/2020\/11\/mogyoros-02.jpg\" alt=\"\" width=\"830\" height=\"623\" srcset=\"https:\/\/dorogimedence.hu\/wp-content\/uploads\/2020\/11\/mogyoros-02.jpg 830w, https:\/\/dorogimedence.hu\/wp-content\/uploads\/2020\/11\/mogyoros-02-300x225.jpg 300w, https:\/\/dorogimedence.hu\/wp-content\/uploads\/2020\/11\/mogyoros-02-768x576.jpg 768w\" sizes=\"(max-width: 830px) 100vw, 830px\" \/><\/p>\n<p>A k\u00f6zs\u00e9g polg\u00e1rmestere megkereste a dorogi Varga &amp; Varga Forgalomtechnik\u00e1t, akikkel k\u00f6z\u00f6sen megtekintett\u00e9k a helysz\u00ednt, \u00e9s egyeztett\u00e9k elk\u00e9pzel\u00e9seiket. Miut\u00e1n elk\u00e9sz\u00fclt a v\u00e9gleges tervezet, Havrancsik Tibor \u00fagy d\u00f6nt\u00f6tt, hogy t\u00e1mogatva az iskola m\u0171k\u00f6d\u00e9s\u00e9t, a kivitelez\u00e9st saj\u00e1t k\u00f6lts\u00e9g\u00e9n v\u00e9gezteti el.<\/p>\n<p>\u201eFontosnak tartom az oktat\u00e1si-nevel\u00e9si felt\u00e9telek folyamatos fejleszt\u00e9s\u00e9t, a gyermekek mozg\u00e1sra val\u00f3 \u00f6szt\u00f6nz\u00e9s\u00e9t ilyen kreat\u00edv m\u00f3dszerekkel. Mivel az iskol\u00e1nak nagyon sokat k\u00f6sz\u00f6nhetek, hiszen t\u00f6bb mint 20 \u00e9vvel ezel\u0151tt \u00e9n is itt saj\u00e1t\u00edthattam el az alapfok\u00fa tud\u00e1st, di\u00e1kk\u00e9nt sz\u00e1mtalan \u00e9letre sz\u00f3l\u00f3 \u00e9lm\u00e9nnyel gazdagodtam, \u00edgy nem volt k\u00e9rd\u00e9s sz\u00e1momra, hogy egy ilyen kezdem\u00e9nyez\u00e9s mell\u00e9 \u00e1lljak \u00e9s mag\u00e1nemberk\u00e9nt t\u00e1mogassam annak megval\u00f3s\u00edt\u00e1s\u00e1t.\u201d \u2013 mondta Havrancsik Tibor.<\/p>\n<p><img decoding=\"async\" class=\"alignnone size-full wp-image-28687\" src=\"https:\/\/dorogimedence.hu\/wp-content\/uploads\/2020\/11\/mogyoros-03.jpg\" alt=\"\" width=\"830\" height=\"475\" srcset=\"https:\/\/dorogimedence.hu\/wp-content\/uploads\/2020\/11\/mogyoros-03.jpg 830w, https:\/\/dorogimedence.hu\/wp-content\/uploads\/2020\/11\/mogyoros-03-300x172.jpg 300w, https:\/\/dorogimedence.hu\/wp-content\/uploads\/2020\/11\/mogyoros-03-768x440.jpg 768w\" sizes=\"(max-width: 830px) 100vw, 830px\" \/><\/p>\n<p>Az elk\u00e9sz\u00fclt sz\u00ednes p\u00e1lya nemcsak tetszet\u0151s \u00e9s mozg\u00e1sra cs\u00e1b\u00edt\u00f3, hanem a k\u00fcl\u00f6nb\u00f6z\u0151 mozg\u00e1sform\u00e1k gyakorl\u00e1s\u00e1ra, s ez\u00e1ltal szem\u00e9lyis\u00e9gfejl\u0151d\u00e9sre is lehet\u0151s\u00e9get ad. A gyakorlatok v\u00e1ltoztat\u00e1s\u00e1val, mind a gyermeki, mind a tan\u00edt\u00f3i kreativit\u00e1s is kibontakozhat. Az iskola vezet\u0151je arra sz\u00e1m\u00edt, hogy azok a tanul\u00f3k is sz\u00edvesen haszn\u00e1lj\u00e1k majd, akik eddig egy mozg\u00e1sform\u00e1ban sem tal\u00e1lt\u00e1k meg az \u00f6r\u00f6m\u00fcket.<\/p>\n<p>A telep\u00fcl\u00e9s els\u0151 embere szerint a helyi iskola minden tan\u00edt\u00f3ja sz\u00e1m\u00e1ra fontos a tanul\u00f3k mozg\u00e1sfejl\u0151d\u00e9se, ez\u00e9rt b\u00edzik abban, hogy a most elk\u00e9sz\u00fclt kis fejleszt\u00e9s seg\u00edts\u00e9g\u00e9re lesz a pedag\u00f3gusoknak munk\u00e1juk sor\u00e1n \u00e9s rem\u00e9li, hogy ez\u00e1ltal a csaknem 50 kisiskol\u00e1s nap, mint nap \u00f6nfeledten j\u00e1tszva fejl\u0151dhet \u00e9s \u00e9lm\u00e9nyekkel gyarapodhat.<\/p>\n","protected":false},"excerpt":{"rendered":"<p>2020. november 17-\u00e9n vehett\u00e9k birtokba a mogyor\u00f3sb\u00e1nyai tanul\u00f3k azt a sz\u00ednes \u00fcgyess\u00e9gi p\u00e1ly\u00e1t, mely az iskola udvar\u00e1n a megl\u00e9v\u0151 t\u00e9rk\u0151burkolat\u00fa fel\u00fcletre ker\u00fclt felfest\u00e9sre. A mozg\u00e1sfejleszt\u0151 fel\u00fclet kialak\u00edt\u00e1s\u00e1nak \u00f6tlet\u00e9t Sz\u00e9kely Keresztes Marianna tagint\u00e9zm\u00e9ny-vezet\u0151 asszony m\u00e9g a tan\u00e9v elej\u00e9n vetette fel Havrancsik Tibor mogyor\u00f3sb\u00e1nyai polg\u00e1rmesternek. \u201eIgyekszem keresni az \u00faj dolgokat, ez\u00e9rt is v\u00e9geztem el az elm\u00falt \u00e9vben<\/p>\n","protected":false},"author":1,"featured_media":28685,"comment_status":"closed","ping_status":"closed","sticky":false,"template":"","format":"standard","meta":{"ngg_post_thumbnail":0,"footnotes":""},"categories":[3],"tags":[5246,5247,268,597,450,142],"class_list":{"0":"post-28684","1":"post","2":"type-post","3":"status-publish","4":"format-standard","5":"has-post-thumbnail","7":"category-hirek","8":"tag-akadalypalya","9":"tag-havrancsik-tibor","10":"tag-iskola","11":"tag-jatszoter","12":"tag-mogyorosbanya","13":"tag-oktatas"},"yoast_head":"<!-- This site is optimized with the Yoast SEO plugin v27.4 - https:\/\/yoast.com\/product\/yoast-seo-wordpress\/ -->\n<title>\u00dcgyess\u00e9gi- \u00e9s akad\u00e1lyp\u00e1ly\u00e1val gazdagodott a mogyor\u00f3sb\u00e1nyai iskola<\/title>\n<meta name=\"robots\" content=\"index, follow, max-snippet:-1, max-image-preview:large, max-video-preview:-1\" \/>\n<link rel=\"canonical\" href=\"https:\/\/dorogimedence.hu\/index.php\/2020\/11\/17\/ugyessegi-es-akadalypalyaval-gazdagodott-a-mogyorosbanyai-iskola\/\" class=\"yoast-seo-meta-tag\" \/>\n<meta property=\"og:locale\" content=\"hu_HU\" class=\"yoast-seo-meta-tag\" \/>\n<meta property=\"og:type\" content=\"article\" class=\"yoast-seo-meta-tag\" \/>\n<meta property=\"og:title\" content=\"\u00dcgyess\u00e9gi- \u00e9s akad\u00e1lyp\u00e1ly\u00e1val gazdagodott a mogyor\u00f3sb\u00e1nyai iskola\" class=\"yoast-seo-meta-tag\" \/>\n<meta property=\"og:description\" content=\"2020. november 17-\u00e9n vehett\u00e9k birtokba a mogyor\u00f3sb\u00e1nyai tanul\u00f3k azt a sz\u00ednes \u00fcgyess\u00e9gi p\u00e1ly\u00e1t, mely az iskola udvar\u00e1n a megl\u00e9v\u0151 t\u00e9rk\u0151burkolat\u00fa fel\u00fcletre ker\u00fclt felfest\u00e9sre. A mozg\u00e1sfejleszt\u0151 fel\u00fclet kialak\u00edt\u00e1s\u00e1nak \u00f6tlet\u00e9t Sz\u00e9kely Keresztes Marianna tagint\u00e9zm\u00e9ny-vezet\u0151 asszony m\u00e9g a tan\u00e9v elej\u00e9n vetette fel Havrancsik Tibor mogyor\u00f3sb\u00e1nyai polg\u00e1rmesternek. \u201eIgyekszem keresni az \u00faj dolgokat, ez\u00e9rt is v\u00e9geztem el az elm\u00falt \u00e9vben\" class=\"yoast-seo-meta-tag\" \/>\n<meta property=\"og:url\" content=\"https:\/\/dorogimedence.hu\/index.php\/2020\/11\/17\/ugyessegi-es-akadalypalyaval-gazdagodott-a-mogyorosbanyai-iskola\/\" class=\"yoast-seo-meta-tag\" \/>\n<meta property=\"og:site_name\" content=\"Dorogi-medence Region\u00e1lis H\u00edrport\u00e1l\" class=\"yoast-seo-meta-tag\" \/>\n<meta property=\"article:publisher\" content=\"https:\/\/www.facebook.com\/dorogimedence\/\" class=\"yoast-seo-meta-tag\" \/>\n<meta property=\"article:published_time\" content=\"2020-11-17T16:18:12+00:00\" class=\"yoast-seo-meta-tag\" \/>\n<meta property=\"article:modified_time\" content=\"2020-11-17T16:18:19+00:00\" class=\"yoast-seo-meta-tag\" \/>\n<meta property=\"og:image\" content=\"https:\/\/i0.wp.com\/dorogimedence.hu\/wp-content\/uploads\/2020\/11\/mogyoros-01.jpg?fit=830%2C450&ssl=1\" class=\"yoast-seo-meta-tag\" \/>\n\t<meta property=\"og:image:width\" content=\"830\" class=\"yoast-seo-meta-tag\" \/>\n\t<meta property=\"og:image:height\" content=\"450\" class=\"yoast-seo-meta-tag\" \/>\n\t<meta property=\"og:image:type\" content=\"image\/jpeg\" class=\"yoast-seo-meta-tag\" \/>\n<meta name=\"author\" content=\"dorogimedence.hu\" class=\"yoast-seo-meta-tag\" \/>\n<meta name=\"twitter:card\" content=\"summary_large_image\" class=\"yoast-seo-meta-tag\" \/>\n<meta name=\"twitter:label1\" content=\"Szerz\u0151:\" class=\"yoast-seo-meta-tag\" \/>\n\t<meta name=\"twitter:data1\" content=\"dorogimedence.hu\" class=\"yoast-seo-meta-tag\" \/>\n\t<meta name=\"twitter:label2\" content=\"Becs\u00fclt olvas\u00e1si id\u0151\" class=\"yoast-seo-meta-tag\" \/>\n\t<meta name=\"twitter:data2\" content=\"2 perc\" class=\"yoast-seo-meta-tag\" \/>\n<script type=\"application\/ld+json\" class=\"yoast-schema-graph\">{\"@context\":\"https:\\\/\\\/schema.org\",\"@graph\":[{\"@type\":\"Article\",\"@id\":\"https:\\\/\\\/dorogimedence.hu\\\/index.php\\\/2020\\\/11\\\/17\\\/ugyessegi-es-akadalypalyaval-gazdagodott-a-mogyorosbanyai-iskola\\\/#article\",\"isPartOf\":{\"@id\":\"https:\\\/\\\/dorogimedence.hu\\\/index.php\\\/2020\\\/11\\\/17\\\/ugyessegi-es-akadalypalyaval-gazdagodott-a-mogyorosbanyai-iskola\\\/\"},\"author\":{\"name\":\"dorogimedence.hu\",\"@id\":\"https:\\\/\\\/dorogimedence.hu\\\/#\\\/schema\\\/person\\\/ce6091eeb7e95ecdc87890d6aa8e0fd4\"},\"headline\":\"\u00dcgyess\u00e9gi- \u00e9s akad\u00e1lyp\u00e1ly\u00e1val gazdagodott a mogyor\u00f3sb\u00e1nyai iskola\",\"datePublished\":\"2020-11-17T16:18:12+00:00\",\"dateModified\":\"2020-11-17T16:18:19+00:00\",\"mainEntityOfPage\":{\"@id\":\"https:\\\/\\\/dorogimedence.hu\\\/index.php\\\/2020\\\/11\\\/17\\\/ugyessegi-es-akadalypalyaval-gazdagodott-a-mogyorosbanyai-iskola\\\/\"},\"wordCount\":504,\"publisher\":{\"@id\":\"https:\\\/\\\/dorogimedence.hu\\\/#organization\"},\"image\":{\"@id\":\"https:\\\/\\\/dorogimedence.hu\\\/index.php\\\/2020\\\/11\\\/17\\\/ugyessegi-es-akadalypalyaval-gazdagodott-a-mogyorosbanyai-iskola\\\/#primaryimage\"},\"thumbnailUrl\":\"https:\\\/\\\/dorogimedence.hu\\\/wp-content\\\/uploads\\\/2020\\\/11\\\/mogyoros-01.jpg\",\"keywords\":[\"akad\u00e1lyp\u00e1lya\",\"Havrancsik Tibor\",\"iskola\",\"j\u00e1tsz\u00f3t\u00e9r\",\"Mogyor\u00f3sb\u00e1nya\",\"oktat\u00e1s\"],\"articleSection\":[\"H\u00edrek\"],\"inLanguage\":\"hu\"},{\"@type\":\"WebPage\",\"@id\":\"https:\\\/\\\/dorogimedence.hu\\\/index.php\\\/2020\\\/11\\\/17\\\/ugyessegi-es-akadalypalyaval-gazdagodott-a-mogyorosbanyai-iskola\\\/\",\"url\":\"https:\\\/\\\/dorogimedence.hu\\\/index.php\\\/2020\\\/11\\\/17\\\/ugyessegi-es-akadalypalyaval-gazdagodott-a-mogyorosbanyai-iskola\\\/\",\"name\":\"\u00dcgyess\u00e9gi- \u00e9s akad\u00e1lyp\u00e1ly\u00e1val gazdagodott a mogyor\u00f3sb\u00e1nyai iskola\",\"isPartOf\":{\"@id\":\"https:\\\/\\\/dorogimedence.hu\\\/#website\"},\"primaryImageOfPage\":{\"@id\":\"https:\\\/\\\/dorogimedence.hu\\\/index.php\\\/2020\\\/11\\\/17\\\/ugyessegi-es-akadalypalyaval-gazdagodott-a-mogyorosbanyai-iskola\\\/#primaryimage\"},\"image\":{\"@id\":\"https:\\\/\\\/dorogimedence.hu\\\/index.php\\\/2020\\\/11\\\/17\\\/ugyessegi-es-akadalypalyaval-gazdagodott-a-mogyorosbanyai-iskola\\\/#primaryimage\"},\"thumbnailUrl\":\"https:\\\/\\\/dorogimedence.hu\\\/wp-content\\\/uploads\\\/2020\\\/11\\\/mogyoros-01.jpg\",\"datePublished\":\"2020-11-17T16:18:12+00:00\",\"dateModified\":\"2020-11-17T16:18:19+00:00\",\"breadcrumb\":{\"@id\":\"https:\\\/\\\/dorogimedence.hu\\\/index.php\\\/2020\\\/11\\\/17\\\/ugyessegi-es-akadalypalyaval-gazdagodott-a-mogyorosbanyai-iskola\\\/#breadcrumb\"},\"inLanguage\":\"hu\",\"potentialAction\":[{\"@type\":\"ReadAction\",\"target\":[\"https:\\\/\\\/dorogimedence.hu\\\/index.php\\\/2020\\\/11\\\/17\\\/ugyessegi-es-akadalypalyaval-gazdagodott-a-mogyorosbanyai-iskola\\\/\"]}]},{\"@type\":\"ImageObject\",\"inLanguage\":\"hu\",\"@id\":\"https:\\\/\\\/dorogimedence.hu\\\/index.php\\\/2020\\\/11\\\/17\\\/ugyessegi-es-akadalypalyaval-gazdagodott-a-mogyorosbanyai-iskola\\\/#primaryimage\",\"url\":\"https:\\\/\\\/dorogimedence.hu\\\/wp-content\\\/uploads\\\/2020\\\/11\\\/mogyoros-01.jpg\",\"contentUrl\":\"https:\\\/\\\/dorogimedence.hu\\\/wp-content\\\/uploads\\\/2020\\\/11\\\/mogyoros-01.jpg\",\"width\":830,\"height\":450},{\"@type\":\"BreadcrumbList\",\"@id\":\"https:\\\/\\\/dorogimedence.hu\\\/index.php\\\/2020\\\/11\\\/17\\\/ugyessegi-es-akadalypalyaval-gazdagodott-a-mogyorosbanyai-iskola\\\/#breadcrumb\",\"itemListElement\":[{\"@type\":\"ListItem\",\"position\":1,\"name\":\"Kezd\u0151lap\",\"item\":\"https:\\\/\\\/dorogimedence.hu\\\/\"},{\"@type\":\"ListItem\",\"position\":2,\"name\":\"\u00dcgyess\u00e9gi- \u00e9s akad\u00e1lyp\u00e1ly\u00e1val gazdagodott a mogyor\u00f3sb\u00e1nyai iskola\"}]},{\"@type\":\"WebSite\",\"@id\":\"https:\\\/\\\/dorogimedence.hu\\\/#website\",\"url\":\"https:\\\/\\\/dorogimedence.hu\\\/\",\"name\":\"Dorogi-medence Region\u00e1lis H\u00edrport\u00e1l\",\"description\":\"Dorog, Keszt\u00f6lc, Le\u00e1nyv\u00e1r, Piliscs\u00e9v, Tokod, Tokodalt\u00e1r\u00f3, Csolnok, Esztergom-kertv\u00e1ros: h\u00edrek, programok\",\"publisher\":{\"@id\":\"https:\\\/\\\/dorogimedence.hu\\\/#organization\"},\"potentialAction\":[{\"@type\":\"SearchAction\",\"target\":{\"@type\":\"EntryPoint\",\"urlTemplate\":\"https:\\\/\\\/dorogimedence.hu\\\/?s={search_term_string}\"},\"query-input\":{\"@type\":\"PropertyValueSpecification\",\"valueRequired\":true,\"valueName\":\"search_term_string\"}}],\"inLanguage\":\"hu\"},{\"@type\":\"Organization\",\"@id\":\"https:\\\/\\\/dorogimedence.hu\\\/#organization\",\"name\":\"Dorogi-medence Region\u00e1lis H\u00edrport\u00e1l\",\"url\":\"https:\\\/\\\/dorogimedence.hu\\\/\",\"logo\":{\"@type\":\"ImageObject\",\"inLanguage\":\"hu\",\"@id\":\"https:\\\/\\\/dorogimedence.hu\\\/#\\\/schema\\\/logo\\\/image\\\/\",\"url\":\"https:\\\/\\\/dorogimedence.hu\\\/wp-content\\\/uploads\\\/2021\\\/04\\\/logo-feher-600.png\",\"contentUrl\":\"https:\\\/\\\/dorogimedence.hu\\\/wp-content\\\/uploads\\\/2021\\\/04\\\/logo-feher-600.png\",\"width\":600,\"height\":100,\"caption\":\"Dorogi-medence Region\u00e1lis H\u00edrport\u00e1l\"},\"image\":{\"@id\":\"https:\\\/\\\/dorogimedence.hu\\\/#\\\/schema\\\/logo\\\/image\\\/\"},\"sameAs\":[\"https:\\\/\\\/www.facebook.com\\\/dorogimedence\\\/\"]},{\"@type\":\"Person\",\"@id\":\"https:\\\/\\\/dorogimedence.hu\\\/#\\\/schema\\\/person\\\/ce6091eeb7e95ecdc87890d6aa8e0fd4\",\"name\":\"dorogimedence.hu\",\"image\":{\"@type\":\"ImageObject\",\"inLanguage\":\"hu\",\"@id\":\"\\\/\\\/www.gravatar.com\\\/avatar\\\/d8d45f8901aadff40a4af72c0b826f1d?s=96&#038;r=g&#038;d=mm\",\"url\":\"\\\/\\\/www.gravatar.com\\\/avatar\\\/d8d45f8901aadff40a4af72c0b826f1d?s=96&#038;r=g&#038;d=mm\",\"contentUrl\":\"\\\/\\\/www.gravatar.com\\\/avatar\\\/d8d45f8901aadff40a4af72c0b826f1d?s=96&#038;r=g&#038;d=mm\",\"caption\":\"dorogimedence.hu\"}}]}<\/script>\n<!-- \/ Yoast SEO plugin. -->","yoast_head_json":{"title":"\u00dcgyess\u00e9gi- \u00e9s akad\u00e1lyp\u00e1ly\u00e1val gazdagodott a mogyor\u00f3sb\u00e1nyai iskola","robots":{"index":"index","follow":"follow","max-snippet":"max-snippet:-1","max-image-preview":"max-image-preview:large","max-video-preview":"max-video-preview:-1"},"canonical":"https:\/\/dorogimedence.hu\/index.php\/2020\/11\/17\/ugyessegi-es-akadalypalyaval-gazdagodott-a-mogyorosbanyai-iskola\/","og_locale":"hu_HU","og_type":"article","og_title":"\u00dcgyess\u00e9gi- \u00e9s akad\u00e1lyp\u00e1ly\u00e1val gazdagodott a mogyor\u00f3sb\u00e1nyai iskola","og_description":"2020. november 17-\u00e9n vehett\u00e9k birtokba a mogyor\u00f3sb\u00e1nyai tanul\u00f3k azt a sz\u00ednes \u00fcgyess\u00e9gi p\u00e1ly\u00e1t, mely az iskola udvar\u00e1n a megl\u00e9v\u0151 t\u00e9rk\u0151burkolat\u00fa fel\u00fcletre ker\u00fclt felfest\u00e9sre. A mozg\u00e1sfejleszt\u0151 fel\u00fclet kialak\u00edt\u00e1s\u00e1nak \u00f6tlet\u00e9t Sz\u00e9kely Keresztes Marianna tagint\u00e9zm\u00e9ny-vezet\u0151 asszony m\u00e9g a tan\u00e9v elej\u00e9n vetette fel Havrancsik Tibor mogyor\u00f3sb\u00e1nyai polg\u00e1rmesternek. \u201eIgyekszem keresni az \u00faj dolgokat, ez\u00e9rt is v\u00e9geztem el az elm\u00falt \u00e9vben","og_url":"https:\/\/dorogimedence.hu\/index.php\/2020\/11\/17\/ugyessegi-es-akadalypalyaval-gazdagodott-a-mogyorosbanyai-iskola\/","og_site_name":"Dorogi-medence Region\u00e1lis H\u00edrport\u00e1l","article_publisher":"https:\/\/www.facebook.com\/dorogimedence\/","article_published_time":"2020-11-17T16:18:12+00:00","article_modified_time":"2020-11-17T16:18:19+00:00","og_image":[{"width":830,"height":450,"url":"https:\/\/i0.wp.com\/dorogimedence.hu\/wp-content\/uploads\/2020\/11\/mogyoros-01.jpg?fit=830%2C450&ssl=1","type":"image\/jpeg"}],"author":"dorogimedence.hu","twitter_card":"summary_large_image","twitter_misc":{"Szerz\u0151:":"dorogimedence.hu","Becs\u00fclt olvas\u00e1si id\u0151":"2 perc"},"schema":{"@context":"https:\/\/schema.org","@graph":[{"@type":"Article","@id":"https:\/\/dorogimedence.hu\/index.php\/2020\/11\/17\/ugyessegi-es-akadalypalyaval-gazdagodott-a-mogyorosbanyai-iskola\/#article","isPartOf":{"@id":"https:\/\/dorogimedence.hu\/index.php\/2020\/11\/17\/ugyessegi-es-akadalypalyaval-gazdagodott-a-mogyorosbanyai-iskola\/"},"author":{"name":"dorogimedence.hu","@id":"https:\/\/dorogimedence.hu\/#\/schema\/person\/ce6091eeb7e95ecdc87890d6aa8e0fd4"},"headline":"\u00dcgyess\u00e9gi- \u00e9s akad\u00e1lyp\u00e1ly\u00e1val gazdagodott a mogyor\u00f3sb\u00e1nyai iskola","datePublished":"2020-11-17T16:18:12+00:00","dateModified":"2020-11-17T16:18:19+00:00","mainEntityOfPage":{"@id":"https:\/\/dorogimedence.hu\/index.php\/2020\/11\/17\/ugyessegi-es-akadalypalyaval-gazdagodott-a-mogyorosbanyai-iskola\/"},"wordCount":504,"publisher":{"@id":"https:\/\/dorogimedence.hu\/#organization"},"image":{"@id":"https:\/\/dorogimedence.hu\/index.php\/2020\/11\/17\/ugyessegi-es-akadalypalyaval-gazdagodott-a-mogyorosbanyai-iskola\/#primaryimage"},"thumbnailUrl":"https:\/\/dorogimedence.hu\/wp-content\/uploads\/2020\/11\/mogyoros-01.jpg","keywords":["akad\u00e1lyp\u00e1lya","Havrancsik Tibor","iskola","j\u00e1tsz\u00f3t\u00e9r","Mogyor\u00f3sb\u00e1nya","oktat\u00e1s"],"articleSection":["H\u00edrek"],"inLanguage":"hu"},{"@type":"WebPage","@id":"https:\/\/dorogimedence.hu\/index.php\/2020\/11\/17\/ugyessegi-es-akadalypalyaval-gazdagodott-a-mogyorosbanyai-iskola\/","url":"https:\/\/dorogimedence.hu\/index.php\/2020\/11\/17\/ugyessegi-es-akadalypalyaval-gazdagodott-a-mogyorosbanyai-iskola\/","name":"\u00dcgyess\u00e9gi- \u00e9s akad\u00e1lyp\u00e1ly\u00e1val gazdagodott a mogyor\u00f3sb\u00e1nyai iskola","isPartOf":{"@id":"https:\/\/dorogimedence.hu\/#website"},"primaryImageOfPage":{"@id":"https:\/\/dorogimedence.hu\/index.php\/2020\/11\/17\/ugyessegi-es-akadalypalyaval-gazdagodott-a-mogyorosbanyai-iskola\/#primaryimage"},"image":{"@id":"https:\/\/dorogimedence.hu\/index.php\/2020\/11\/17\/ugyessegi-es-akadalypalyaval-gazdagodott-a-mogyorosbanyai-iskola\/#primaryimage"},"thumbnailUrl":"https:\/\/dorogimedence.hu\/wp-content\/uploads\/2020\/11\/mogyoros-01.jpg","datePublished":"2020-11-17T16:18:12+00:00","dateModified":"2020-11-17T16:18:19+00:00","breadcrumb":{"@id":"https:\/\/dorogimedence.hu\/index.php\/2020\/11\/17\/ugyessegi-es-akadalypalyaval-gazdagodott-a-mogyorosbanyai-iskola\/#breadcrumb"},"inLanguage":"hu","potentialAction":[{"@type":"ReadAction","target":["https:\/\/dorogimedence.hu\/index.php\/2020\/11\/17\/ugyessegi-es-akadalypalyaval-gazdagodott-a-mogyorosbanyai-iskola\/"]}]},{"@type":"ImageObject","inLanguage":"hu","@id":"https:\/\/dorogimedence.hu\/index.php\/2020\/11\/17\/ugyessegi-es-akadalypalyaval-gazdagodott-a-mogyorosbanyai-iskola\/#primaryimage","url":"https:\/\/dorogimedence.hu\/wp-content\/uploads\/2020\/11\/mogyoros-01.jpg","contentUrl":"https:\/\/dorogimedence.hu\/wp-content\/uploads\/2020\/11\/mogyoros-01.jpg","width":830,"height":450},{"@type":"BreadcrumbList","@id":"https:\/\/dorogimedence.hu\/index.php\/2020\/11\/17\/ugyessegi-es-akadalypalyaval-gazdagodott-a-mogyorosbanyai-iskola\/#breadcrumb","itemListElement":[{"@type":"ListItem","position":1,"name":"Kezd\u0151lap","item":"https:\/\/dorogimedence.hu\/"},{"@type":"ListItem","position":2,"name":"\u00dcgyess\u00e9gi- \u00e9s akad\u00e1lyp\u00e1ly\u00e1val gazdagodott a mogyor\u00f3sb\u00e1nyai iskola"}]},{"@type":"WebSite","@id":"https:\/\/dorogimedence.hu\/#website","url":"https:\/\/dorogimedence.hu\/","name":"Dorogi-medence Region\u00e1lis H\u00edrport\u00e1l","description":"Dorog, Keszt\u00f6lc, Le\u00e1nyv\u00e1r, Piliscs\u00e9v, Tokod, Tokodalt\u00e1r\u00f3, Csolnok, Esztergom-kertv\u00e1ros: h\u00edrek, programok","publisher":{"@id":"https:\/\/dorogimedence.hu\/#organization"},"potentialAction":[{"@type":"SearchAction","target":{"@type":"EntryPoint","urlTemplate":"https:\/\/dorogimedence.hu\/?s={search_term_string}"},"query-input":{"@type":"PropertyValueSpecification","valueRequired":true,"valueName":"search_term_string"}}],"inLanguage":"hu"},{"@type":"Organization","@id":"https:\/\/dorogimedence.hu\/#organization","name":"Dorogi-medence Region\u00e1lis H\u00edrport\u00e1l","url":"https:\/\/dorogimedence.hu\/","logo":{"@type":"ImageObject","inLanguage":"hu","@id":"https:\/\/dorogimedence.hu\/#\/schema\/logo\/image\/","url":"https:\/\/dorogimedence.hu\/wp-content\/uploads\/2021\/04\/logo-feher-600.png","contentUrl":"https:\/\/dorogimedence.hu\/wp-content\/uploads\/2021\/04\/logo-feher-600.png","width":600,"height":100,"caption":"Dorogi-medence Region\u00e1lis H\u00edrport\u00e1l"},"image":{"@id":"https:\/\/dorogimedence.hu\/#\/schema\/logo\/image\/"},"sameAs":["https:\/\/www.facebook.com\/dorogimedence\/"]},{"@type":"Person","@id":"https:\/\/dorogimedence.hu\/#\/schema\/person\/ce6091eeb7e95ecdc87890d6aa8e0fd4","name":"dorogimedence.hu","image":{"@type":"ImageObject","inLanguage":"hu","@id":"\/\/www.gravatar.com\/avatar\/d8d45f8901aadff40a4af72c0b826f1d?s=96&#038;r=g&#038;d=mm","url":"\/\/www.gravatar.com\/avatar\/d8d45f8901aadff40a4af72c0b826f1d?s=96&#038;r=g&#038;d=mm","contentUrl":"\/\/www.gravatar.com\/avatar\/d8d45f8901aadff40a4af72c0b826f1d?s=96&#038;r=g&#038;d=mm","caption":"dorogimedence.hu"}}]}},"_links":{"self":[{"href":"https:\/\/dorogimedence.hu\/index.php\/wp-json\/wp\/v2\/posts\/28684","targetHints":{"allow":["GET"]}}],"collection":[{"href":"https:\/\/dorogimedence.hu\/index.php\/wp-json\/wp\/v2\/posts"}],"about":[{"href":"https:\/\/dorogimedence.hu\/index.php\/wp-json\/wp\/v2\/types\/post"}],"author":[{"embeddable":true,"href":"https:\/\/dorogimedence.hu\/index.php\/wp-json\/wp\/v2\/users\/1"}],"replies":[{"embeddable":true,"href":"https:\/\/dorogimedence.hu\/index.php\/wp-json\/wp\/v2\/comments?post=28684"}],"version-history":[{"count":0,"href":"https:\/\/dorogimedence.hu\/index.php\/wp-json\/wp\/v2\/posts\/28684\/revisions"}],"wp:featuredmedia":[{"embeddable":true,"href":"https:\/\/dorogimedence.hu\/index.php\/wp-json\/wp\/v2\/media\/28685"}],"wp:attachment":[{"href":"https:\/\/dorogimedence.hu\/index.php\/wp-json\/wp\/v2\/media?parent=28684"}],"wp:term":[{"taxonomy":"category","embeddable":true,"href":"https:\/\/dorogimedence.hu\/index.php\/wp-json\/wp\/v2\/categories?post=28684"},{"taxonomy":"post_tag","embeddable":true,"href":"https:\/\/dorogimedence.hu\/index.php\/wp-json\/wp\/v2\/tags?post=28684"}],"curies":[{"name":"wp","href":"https:\/\/api.w.org\/{rel}","templated":true}]}}