{"id":28618,"date":"2020-11-14T07:25:39","date_gmt":"2020-11-14T06:25:39","guid":{"rendered":"http:\/\/dorogimedence.hu\/?p=28618"},"modified":"2020-11-14T07:25:59","modified_gmt":"2020-11-14T06:25:59","slug":"elhunyt-id-sinko-gyula-a-szakmunkaskepzo-egykori-igazgatoja","status":"publish","type":"post","link":"https:\/\/dorogimedence.hu\/index.php\/2020\/11\/14\/elhunyt-id-sinko-gyula-a-szakmunkaskepzo-egykori-igazgatoja\/","title":{"rendered":"Elhunyt id. Sink\u00f3 Gyula, a szakmunk\u00e1sk\u00e9pz\u0151 egykori igazgat\u00f3ja"},"content":{"rendered":"<p><strong>2020. november 11-\u00e9n, a budapesti J\u00e1nos k\u00f3rh\u00e1zban 83 \u00e9ves kor\u00e1ban elhunyt id. Sink\u00f3 Gyula, aki az utols\u00f3 m\u0171t\u00e9t\u00e9b\u0151l m\u00e1r nem tudott fel\u00e9p\u00fclni. Sink\u00f3 Gyula mintegy 17 \u00e9ven kereszt\u00fcl az esztergomi szakmunk\u00e1sk\u00e9pz\u0151 igazgat\u00f3ja volt.<br \/>\n<\/strong><\/p>\n<p>Sink\u00f3 Gyula 1937. j\u00falius 3-\u00e1n sz\u00fcletett Piszk\u00e9n. A Nyerges\u00fajfalui \u00c1llami Irinyi J\u00e1nos Gimn\u00e1ziumban \u00e9retts\u00e9gizett 1955-ben, majd Gy\u0151rben a 401-es Szakmunk\u00e1sk\u00e9pz\u0151ben szerzett villanyszerel\u0151 szakmunk\u00e1s bizony\u00edtv\u00e1nyt 1957-ben. Ezt k\u00f6vet\u0151en a L\u00e1batlani Cementgy\u00e1rban helyezkedett el. 1960-ban ker\u00fclt a 317-es Iparitanul\u00f3 Int\u00e9zetbe, ahol szakoktat\u00f3k\u00e9nt dolgozott. Elv\u00e9gezte levelez\u0151 szakon a Tatab\u00e1ny\u00e1n a Villamosenergiaipari Technikumot, kinevezt\u00e9k szaktan\u00e1rnak, majd a M\u0171szaki Egyetem Villamosm\u00e9rn\u00f6ki kar\u00e1nak Technikus-tan\u00e1ri tanfolyam\u00e1t v\u00e9gezte el 1968-ban.<\/p>\n<p>A szakmunk\u00e1sk\u00e9pz\u0151ben el\u0151sz\u00f6r gyakorlati oktat\u00e1s vezet\u0151, majd igazgat\u00f3-helyettes lett. Igazgat\u00f3-helyettesk\u00e9nt elv\u00e9gezte az ELTE Term\u00e9szettudom\u00e1nyi Kar\u00e1n a Nevel\u00e9s-Szociol\u00f3gia szakot (1979-1982).&nbsp;<\/p>\n<p>1983-t\u00f3l 17 \u00e9vig, nyugd\u00edjba vonul\u00e1s\u00e1ig t\u00f6lt\u00f6tte be a 317. sz. Ipari Szakmunk\u00e1sk\u00e9pz\u0151 Int\u00e9zet (2000-t\u0151l G\u00e9za Fejedelem Ipari Szakk\u00e9pz\u0151 Iskola) igazgat\u00f3i posztj\u00e1t. Ez az id\u0151szak a szakmunk\u00e1sk\u00e9pz\u00e9s egyik legszebb id\u0151szaka volt, az 1984-85-\u00f6s tan\u00e9vben \u00fcnnepelte az iskola a 100 \u00e9ves \u00e9vfordul\u00f3j\u00e1t, 1414 tanul\u00f3val. A tanul\u00f3l\u00e9tsz\u00e1m 1.990-re el\u00e9rte az 1.812-es sz\u00e1mot, 52 oszt\u00e1ly indult ekkor az iskol\u00e1ban.&nbsp;<\/p>\n<p>\u00c1polta a testv\u00e9rv\u00e1rosi kapcsolatokat is, sok\u00e1ig eln\u00f6ke volt az Esztergom-Maintal Bar\u00e1ti T\u00e1rsas\u00e1gnak. Iskol\u00e1j\u00e1val hossz\u00fa \u00e9veken \u00e1t j\u00f3 kapcsolatban voltak a p\u00e1rk\u00e1nyi \u00e9s az olasz AC Romano (Romano- Decelino?) telep\u00fcl\u00e9s hasonl\u00f3 iskol\u00e1ival.&nbsp;&nbsp;<\/p>\n<p>T\u00f6bb \u00e9ven kereszt\u00fcl tagja volt Esztergom V\u00e1ros K\u00e9pvisel\u0151test\u00fclete Oktat\u00e1si Bizotts\u00e1g\u00e1nak, az \u00d6nkorm\u00e1nyzati&nbsp; V\u00e1laszt\u00e1si Bizotts\u00e1goknak.<\/p>\n","protected":false},"excerpt":{"rendered":"<p>2020. november 11-\u00e9n, a budapesti J\u00e1nos k\u00f3rh\u00e1zban 83 \u00e9ves kor\u00e1ban elhunyt id. Sink\u00f3 Gyula, aki az utols\u00f3 m\u0171t\u00e9t\u00e9b\u0151l m\u00e1r nem tudott fel\u00e9p\u00fclni. Sink\u00f3 Gyula mintegy 17 \u00e9ven kereszt\u00fcl az esztergomi szakmunk\u00e1sk\u00e9pz\u0151 igazgat\u00f3ja volt. Sink\u00f3 Gyula 1937. j\u00falius 3-\u00e1n sz\u00fcletett Piszk\u00e9n. A Nyerges\u00fajfalui \u00c1llami Irinyi J\u00e1nos Gimn\u00e1ziumban \u00e9retts\u00e9gizett 1955-ben, majd Gy\u0151rben a 401-es Szakmunk\u00e1sk\u00e9pz\u0151ben szerzett villanyszerel\u0151<\/p>\n","protected":false},"author":1,"featured_media":28622,"comment_status":"closed","ping_status":"closed","sticky":false,"template":"","format":"standard","meta":{"ngg_post_thumbnail":0,"footnotes":""},"categories":[38,3],"tags":[1691,5239],"class_list":{"0":"post-28618","1":"post","2":"type-post","3":"status-publish","4":"format-standard","5":"has-post-thumbnail","7":"category-esztergom","8":"category-hirek","9":"tag-gyaszhir","10":"tag-sinko-gyula"},"yoast_head":"<!-- This site is optimized with the Yoast SEO plugin v27.4 - https:\/\/yoast.com\/product\/yoast-seo-wordpress\/ -->\n<title>Elhunyt id. Sink\u00f3 Gyula, a szakmunk\u00e1sk\u00e9pz\u0151 egykori igazgat\u00f3ja<\/title>\n<meta name=\"robots\" content=\"index, follow, max-snippet:-1, max-image-preview:large, max-video-preview:-1\" \/>\n<link rel=\"canonical\" href=\"https:\/\/dorogimedence.hu\/index.php\/2020\/11\/14\/elhunyt-id-sinko-gyula-a-szakmunkaskepzo-egykori-igazgatoja\/\" class=\"yoast-seo-meta-tag\" \/>\n<meta property=\"og:locale\" content=\"hu_HU\" class=\"yoast-seo-meta-tag\" \/>\n<meta property=\"og:type\" content=\"article\" class=\"yoast-seo-meta-tag\" \/>\n<meta property=\"og:title\" content=\"Elhunyt id. Sink\u00f3 Gyula, a szakmunk\u00e1sk\u00e9pz\u0151 egykori igazgat\u00f3ja\" class=\"yoast-seo-meta-tag\" \/>\n<meta property=\"og:description\" content=\"2020. november 11-\u00e9n, a budapesti J\u00e1nos k\u00f3rh\u00e1zban 83 \u00e9ves kor\u00e1ban elhunyt id. Sink\u00f3 Gyula, aki az utols\u00f3 m\u0171t\u00e9t\u00e9b\u0151l m\u00e1r nem tudott fel\u00e9p\u00fclni. Sink\u00f3 Gyula mintegy 17 \u00e9ven kereszt\u00fcl az esztergomi szakmunk\u00e1sk\u00e9pz\u0151 igazgat\u00f3ja volt. Sink\u00f3 Gyula 1937. j\u00falius 3-\u00e1n sz\u00fcletett Piszk\u00e9n. A Nyerges\u00fajfalui \u00c1llami Irinyi J\u00e1nos Gimn\u00e1ziumban \u00e9retts\u00e9gizett 1955-ben, majd Gy\u0151rben a 401-es Szakmunk\u00e1sk\u00e9pz\u0151ben szerzett villanyszerel\u0151\" class=\"yoast-seo-meta-tag\" \/>\n<meta property=\"og:url\" content=\"https:\/\/dorogimedence.hu\/index.php\/2020\/11\/14\/elhunyt-id-sinko-gyula-a-szakmunkaskepzo-egykori-igazgatoja\/\" class=\"yoast-seo-meta-tag\" \/>\n<meta property=\"og:site_name\" content=\"Dorogi-medence Region\u00e1lis H\u00edrport\u00e1l\" class=\"yoast-seo-meta-tag\" \/>\n<meta property=\"article:publisher\" content=\"https:\/\/www.facebook.com\/dorogimedence\/\" class=\"yoast-seo-meta-tag\" \/>\n<meta property=\"article:published_time\" content=\"2020-11-14T06:25:39+00:00\" class=\"yoast-seo-meta-tag\" \/>\n<meta property=\"article:modified_time\" content=\"2020-11-14T06:25:59+00:00\" class=\"yoast-seo-meta-tag\" \/>\n<meta property=\"og:image\" content=\"https:\/\/i0.wp.com\/dorogimedence.hu\/wp-content\/uploads\/2020\/11\/sinko-gyula-2.jpg?fit=830%2C450&ssl=1\" class=\"yoast-seo-meta-tag\" \/>\n\t<meta property=\"og:image:width\" content=\"830\" class=\"yoast-seo-meta-tag\" \/>\n\t<meta property=\"og:image:height\" content=\"450\" class=\"yoast-seo-meta-tag\" \/>\n\t<meta property=\"og:image:type\" content=\"image\/jpeg\" class=\"yoast-seo-meta-tag\" \/>\n<meta name=\"author\" content=\"dorogimedence.hu\" class=\"yoast-seo-meta-tag\" \/>\n<meta name=\"twitter:card\" content=\"summary_large_image\" class=\"yoast-seo-meta-tag\" \/>\n<meta name=\"twitter:label1\" content=\"Szerz\u0151:\" class=\"yoast-seo-meta-tag\" \/>\n\t<meta name=\"twitter:data1\" content=\"dorogimedence.hu\" class=\"yoast-seo-meta-tag\" \/>\n\t<meta name=\"twitter:label2\" content=\"Becs\u00fclt olvas\u00e1si id\u0151\" class=\"yoast-seo-meta-tag\" \/>\n\t<meta name=\"twitter:data2\" content=\"2 perc\" class=\"yoast-seo-meta-tag\" \/>\n<script type=\"application\/ld+json\" class=\"yoast-schema-graph\">{\"@context\":\"https:\\\/\\\/schema.org\",\"@graph\":[{\"@type\":\"Article\",\"@id\":\"https:\\\/\\\/dorogimedence.hu\\\/index.php\\\/2020\\\/11\\\/14\\\/elhunyt-id-sinko-gyula-a-szakmunkaskepzo-egykori-igazgatoja\\\/#article\",\"isPartOf\":{\"@id\":\"https:\\\/\\\/dorogimedence.hu\\\/index.php\\\/2020\\\/11\\\/14\\\/elhunyt-id-sinko-gyula-a-szakmunkaskepzo-egykori-igazgatoja\\\/\"},\"author\":{\"name\":\"dorogimedence.hu\",\"@id\":\"https:\\\/\\\/dorogimedence.hu\\\/#\\\/schema\\\/person\\\/ce6091eeb7e95ecdc87890d6aa8e0fd4\"},\"headline\":\"Elhunyt id. Sink\u00f3 Gyula, a szakmunk\u00e1sk\u00e9pz\u0151 egykori igazgat\u00f3ja\",\"datePublished\":\"2020-11-14T06:25:39+00:00\",\"dateModified\":\"2020-11-14T06:25:59+00:00\",\"mainEntityOfPage\":{\"@id\":\"https:\\\/\\\/dorogimedence.hu\\\/index.php\\\/2020\\\/11\\\/14\\\/elhunyt-id-sinko-gyula-a-szakmunkaskepzo-egykori-igazgatoja\\\/\"},\"wordCount\":346,\"publisher\":{\"@id\":\"https:\\\/\\\/dorogimedence.hu\\\/#organization\"},\"image\":{\"@id\":\"https:\\\/\\\/dorogimedence.hu\\\/index.php\\\/2020\\\/11\\\/14\\\/elhunyt-id-sinko-gyula-a-szakmunkaskepzo-egykori-igazgatoja\\\/#primaryimage\"},\"thumbnailUrl\":\"https:\\\/\\\/dorogimedence.hu\\\/wp-content\\\/uploads\\\/2020\\\/11\\\/sinko-gyula-2.jpg\",\"keywords\":[\"gy\u00e1szh\u00edr\",\"Sink\u00f3 Gyula\"],\"articleSection\":[\"Esztergom\",\"H\u00edrek\"],\"inLanguage\":\"hu\"},{\"@type\":\"WebPage\",\"@id\":\"https:\\\/\\\/dorogimedence.hu\\\/index.php\\\/2020\\\/11\\\/14\\\/elhunyt-id-sinko-gyula-a-szakmunkaskepzo-egykori-igazgatoja\\\/\",\"url\":\"https:\\\/\\\/dorogimedence.hu\\\/index.php\\\/2020\\\/11\\\/14\\\/elhunyt-id-sinko-gyula-a-szakmunkaskepzo-egykori-igazgatoja\\\/\",\"name\":\"Elhunyt id. Sink\u00f3 Gyula, a szakmunk\u00e1sk\u00e9pz\u0151 egykori igazgat\u00f3ja\",\"isPartOf\":{\"@id\":\"https:\\\/\\\/dorogimedence.hu\\\/#website\"},\"primaryImageOfPage\":{\"@id\":\"https:\\\/\\\/dorogimedence.hu\\\/index.php\\\/2020\\\/11\\\/14\\\/elhunyt-id-sinko-gyula-a-szakmunkaskepzo-egykori-igazgatoja\\\/#primaryimage\"},\"image\":{\"@id\":\"https:\\\/\\\/dorogimedence.hu\\\/index.php\\\/2020\\\/11\\\/14\\\/elhunyt-id-sinko-gyula-a-szakmunkaskepzo-egykori-igazgatoja\\\/#primaryimage\"},\"thumbnailUrl\":\"https:\\\/\\\/dorogimedence.hu\\\/wp-content\\\/uploads\\\/2020\\\/11\\\/sinko-gyula-2.jpg\",\"datePublished\":\"2020-11-14T06:25:39+00:00\",\"dateModified\":\"2020-11-14T06:25:59+00:00\",\"breadcrumb\":{\"@id\":\"https:\\\/\\\/dorogimedence.hu\\\/index.php\\\/2020\\\/11\\\/14\\\/elhunyt-id-sinko-gyula-a-szakmunkaskepzo-egykori-igazgatoja\\\/#breadcrumb\"},\"inLanguage\":\"hu\",\"potentialAction\":[{\"@type\":\"ReadAction\",\"target\":[\"https:\\\/\\\/dorogimedence.hu\\\/index.php\\\/2020\\\/11\\\/14\\\/elhunyt-id-sinko-gyula-a-szakmunkaskepzo-egykori-igazgatoja\\\/\"]}]},{\"@type\":\"ImageObject\",\"inLanguage\":\"hu\",\"@id\":\"https:\\\/\\\/dorogimedence.hu\\\/index.php\\\/2020\\\/11\\\/14\\\/elhunyt-id-sinko-gyula-a-szakmunkaskepzo-egykori-igazgatoja\\\/#primaryimage\",\"url\":\"https:\\\/\\\/dorogimedence.hu\\\/wp-content\\\/uploads\\\/2020\\\/11\\\/sinko-gyula-2.jpg\",\"contentUrl\":\"https:\\\/\\\/dorogimedence.hu\\\/wp-content\\\/uploads\\\/2020\\\/11\\\/sinko-gyula-2.jpg\",\"width\":830,\"height\":450},{\"@type\":\"BreadcrumbList\",\"@id\":\"https:\\\/\\\/dorogimedence.hu\\\/index.php\\\/2020\\\/11\\\/14\\\/elhunyt-id-sinko-gyula-a-szakmunkaskepzo-egykori-igazgatoja\\\/#breadcrumb\",\"itemListElement\":[{\"@type\":\"ListItem\",\"position\":1,\"name\":\"Kezd\u0151lap\",\"item\":\"https:\\\/\\\/dorogimedence.hu\\\/\"},{\"@type\":\"ListItem\",\"position\":2,\"name\":\"Elhunyt id. Sink\u00f3 Gyula, a szakmunk\u00e1sk\u00e9pz\u0151 egykori igazgat\u00f3ja\"}]},{\"@type\":\"WebSite\",\"@id\":\"https:\\\/\\\/dorogimedence.hu\\\/#website\",\"url\":\"https:\\\/\\\/dorogimedence.hu\\\/\",\"name\":\"Dorogi-medence Region\u00e1lis H\u00edrport\u00e1l\",\"description\":\"Dorog, Keszt\u00f6lc, Le\u00e1nyv\u00e1r, Piliscs\u00e9v, Tokod, Tokodalt\u00e1r\u00f3, Csolnok, Esztergom-kertv\u00e1ros: h\u00edrek, programok\",\"publisher\":{\"@id\":\"https:\\\/\\\/dorogimedence.hu\\\/#organization\"},\"potentialAction\":[{\"@type\":\"SearchAction\",\"target\":{\"@type\":\"EntryPoint\",\"urlTemplate\":\"https:\\\/\\\/dorogimedence.hu\\\/?s={search_term_string}\"},\"query-input\":{\"@type\":\"PropertyValueSpecification\",\"valueRequired\":true,\"valueName\":\"search_term_string\"}}],\"inLanguage\":\"hu\"},{\"@type\":\"Organization\",\"@id\":\"https:\\\/\\\/dorogimedence.hu\\\/#organization\",\"name\":\"Dorogi-medence Region\u00e1lis H\u00edrport\u00e1l\",\"url\":\"https:\\\/\\\/dorogimedence.hu\\\/\",\"logo\":{\"@type\":\"ImageObject\",\"inLanguage\":\"hu\",\"@id\":\"https:\\\/\\\/dorogimedence.hu\\\/#\\\/schema\\\/logo\\\/image\\\/\",\"url\":\"https:\\\/\\\/dorogimedence.hu\\\/wp-content\\\/uploads\\\/2021\\\/04\\\/logo-feher-600.png\",\"contentUrl\":\"https:\\\/\\\/dorogimedence.hu\\\/wp-content\\\/uploads\\\/2021\\\/04\\\/logo-feher-600.png\",\"width\":600,\"height\":100,\"caption\":\"Dorogi-medence Region\u00e1lis H\u00edrport\u00e1l\"},\"image\":{\"@id\":\"https:\\\/\\\/dorogimedence.hu\\\/#\\\/schema\\\/logo\\\/image\\\/\"},\"sameAs\":[\"https:\\\/\\\/www.facebook.com\\\/dorogimedence\\\/\"]},{\"@type\":\"Person\",\"@id\":\"https:\\\/\\\/dorogimedence.hu\\\/#\\\/schema\\\/person\\\/ce6091eeb7e95ecdc87890d6aa8e0fd4\",\"name\":\"dorogimedence.hu\",\"image\":{\"@type\":\"ImageObject\",\"inLanguage\":\"hu\",\"@id\":\"\\\/\\\/www.gravatar.com\\\/avatar\\\/d8d45f8901aadff40a4af72c0b826f1d?s=96&#038;r=g&#038;d=mm\",\"url\":\"\\\/\\\/www.gravatar.com\\\/avatar\\\/d8d45f8901aadff40a4af72c0b826f1d?s=96&#038;r=g&#038;d=mm\",\"contentUrl\":\"\\\/\\\/www.gravatar.com\\\/avatar\\\/d8d45f8901aadff40a4af72c0b826f1d?s=96&#038;r=g&#038;d=mm\",\"caption\":\"dorogimedence.hu\"}}]}<\/script>\n<!-- \/ Yoast SEO plugin. -->","yoast_head_json":{"title":"Elhunyt id. Sink\u00f3 Gyula, a szakmunk\u00e1sk\u00e9pz\u0151 egykori igazgat\u00f3ja","robots":{"index":"index","follow":"follow","max-snippet":"max-snippet:-1","max-image-preview":"max-image-preview:large","max-video-preview":"max-video-preview:-1"},"canonical":"https:\/\/dorogimedence.hu\/index.php\/2020\/11\/14\/elhunyt-id-sinko-gyula-a-szakmunkaskepzo-egykori-igazgatoja\/","og_locale":"hu_HU","og_type":"article","og_title":"Elhunyt id. Sink\u00f3 Gyula, a szakmunk\u00e1sk\u00e9pz\u0151 egykori igazgat\u00f3ja","og_description":"2020. november 11-\u00e9n, a budapesti J\u00e1nos k\u00f3rh\u00e1zban 83 \u00e9ves kor\u00e1ban elhunyt id. Sink\u00f3 Gyula, aki az utols\u00f3 m\u0171t\u00e9t\u00e9b\u0151l m\u00e1r nem tudott fel\u00e9p\u00fclni. Sink\u00f3 Gyula mintegy 17 \u00e9ven kereszt\u00fcl az esztergomi szakmunk\u00e1sk\u00e9pz\u0151 igazgat\u00f3ja volt. Sink\u00f3 Gyula 1937. j\u00falius 3-\u00e1n sz\u00fcletett Piszk\u00e9n. A Nyerges\u00fajfalui \u00c1llami Irinyi J\u00e1nos Gimn\u00e1ziumban \u00e9retts\u00e9gizett 1955-ben, majd Gy\u0151rben a 401-es Szakmunk\u00e1sk\u00e9pz\u0151ben szerzett villanyszerel\u0151","og_url":"https:\/\/dorogimedence.hu\/index.php\/2020\/11\/14\/elhunyt-id-sinko-gyula-a-szakmunkaskepzo-egykori-igazgatoja\/","og_site_name":"Dorogi-medence Region\u00e1lis H\u00edrport\u00e1l","article_publisher":"https:\/\/www.facebook.com\/dorogimedence\/","article_published_time":"2020-11-14T06:25:39+00:00","article_modified_time":"2020-11-14T06:25:59+00:00","og_image":[{"width":830,"height":450,"url":"https:\/\/i0.wp.com\/dorogimedence.hu\/wp-content\/uploads\/2020\/11\/sinko-gyula-2.jpg?fit=830%2C450&ssl=1","type":"image\/jpeg"}],"author":"dorogimedence.hu","twitter_card":"summary_large_image","twitter_misc":{"Szerz\u0151:":"dorogimedence.hu","Becs\u00fclt olvas\u00e1si id\u0151":"2 perc"},"schema":{"@context":"https:\/\/schema.org","@graph":[{"@type":"Article","@id":"https:\/\/dorogimedence.hu\/index.php\/2020\/11\/14\/elhunyt-id-sinko-gyula-a-szakmunkaskepzo-egykori-igazgatoja\/#article","isPartOf":{"@id":"https:\/\/dorogimedence.hu\/index.php\/2020\/11\/14\/elhunyt-id-sinko-gyula-a-szakmunkaskepzo-egykori-igazgatoja\/"},"author":{"name":"dorogimedence.hu","@id":"https:\/\/dorogimedence.hu\/#\/schema\/person\/ce6091eeb7e95ecdc87890d6aa8e0fd4"},"headline":"Elhunyt id. Sink\u00f3 Gyula, a szakmunk\u00e1sk\u00e9pz\u0151 egykori igazgat\u00f3ja","datePublished":"2020-11-14T06:25:39+00:00","dateModified":"2020-11-14T06:25:59+00:00","mainEntityOfPage":{"@id":"https:\/\/dorogimedence.hu\/index.php\/2020\/11\/14\/elhunyt-id-sinko-gyula-a-szakmunkaskepzo-egykori-igazgatoja\/"},"wordCount":346,"publisher":{"@id":"https:\/\/dorogimedence.hu\/#organization"},"image":{"@id":"https:\/\/dorogimedence.hu\/index.php\/2020\/11\/14\/elhunyt-id-sinko-gyula-a-szakmunkaskepzo-egykori-igazgatoja\/#primaryimage"},"thumbnailUrl":"https:\/\/dorogimedence.hu\/wp-content\/uploads\/2020\/11\/sinko-gyula-2.jpg","keywords":["gy\u00e1szh\u00edr","Sink\u00f3 Gyula"],"articleSection":["Esztergom","H\u00edrek"],"inLanguage":"hu"},{"@type":"WebPage","@id":"https:\/\/dorogimedence.hu\/index.php\/2020\/11\/14\/elhunyt-id-sinko-gyula-a-szakmunkaskepzo-egykori-igazgatoja\/","url":"https:\/\/dorogimedence.hu\/index.php\/2020\/11\/14\/elhunyt-id-sinko-gyula-a-szakmunkaskepzo-egykori-igazgatoja\/","name":"Elhunyt id. Sink\u00f3 Gyula, a szakmunk\u00e1sk\u00e9pz\u0151 egykori igazgat\u00f3ja","isPartOf":{"@id":"https:\/\/dorogimedence.hu\/#website"},"primaryImageOfPage":{"@id":"https:\/\/dorogimedence.hu\/index.php\/2020\/11\/14\/elhunyt-id-sinko-gyula-a-szakmunkaskepzo-egykori-igazgatoja\/#primaryimage"},"image":{"@id":"https:\/\/dorogimedence.hu\/index.php\/2020\/11\/14\/elhunyt-id-sinko-gyula-a-szakmunkaskepzo-egykori-igazgatoja\/#primaryimage"},"thumbnailUrl":"https:\/\/dorogimedence.hu\/wp-content\/uploads\/2020\/11\/sinko-gyula-2.jpg","datePublished":"2020-11-14T06:25:39+00:00","dateModified":"2020-11-14T06:25:59+00:00","breadcrumb":{"@id":"https:\/\/dorogimedence.hu\/index.php\/2020\/11\/14\/elhunyt-id-sinko-gyula-a-szakmunkaskepzo-egykori-igazgatoja\/#breadcrumb"},"inLanguage":"hu","potentialAction":[{"@type":"ReadAction","target":["https:\/\/dorogimedence.hu\/index.php\/2020\/11\/14\/elhunyt-id-sinko-gyula-a-szakmunkaskepzo-egykori-igazgatoja\/"]}]},{"@type":"ImageObject","inLanguage":"hu","@id":"https:\/\/dorogimedence.hu\/index.php\/2020\/11\/14\/elhunyt-id-sinko-gyula-a-szakmunkaskepzo-egykori-igazgatoja\/#primaryimage","url":"https:\/\/dorogimedence.hu\/wp-content\/uploads\/2020\/11\/sinko-gyula-2.jpg","contentUrl":"https:\/\/dorogimedence.hu\/wp-content\/uploads\/2020\/11\/sinko-gyula-2.jpg","width":830,"height":450},{"@type":"BreadcrumbList","@id":"https:\/\/dorogimedence.hu\/index.php\/2020\/11\/14\/elhunyt-id-sinko-gyula-a-szakmunkaskepzo-egykori-igazgatoja\/#breadcrumb","itemListElement":[{"@type":"ListItem","position":1,"name":"Kezd\u0151lap","item":"https:\/\/dorogimedence.hu\/"},{"@type":"ListItem","position":2,"name":"Elhunyt id. Sink\u00f3 Gyula, a szakmunk\u00e1sk\u00e9pz\u0151 egykori igazgat\u00f3ja"}]},{"@type":"WebSite","@id":"https:\/\/dorogimedence.hu\/#website","url":"https:\/\/dorogimedence.hu\/","name":"Dorogi-medence Region\u00e1lis H\u00edrport\u00e1l","description":"Dorog, Keszt\u00f6lc, Le\u00e1nyv\u00e1r, Piliscs\u00e9v, Tokod, Tokodalt\u00e1r\u00f3, Csolnok, Esztergom-kertv\u00e1ros: h\u00edrek, programok","publisher":{"@id":"https:\/\/dorogimedence.hu\/#organization"},"potentialAction":[{"@type":"SearchAction","target":{"@type":"EntryPoint","urlTemplate":"https:\/\/dorogimedence.hu\/?s={search_term_string}"},"query-input":{"@type":"PropertyValueSpecification","valueRequired":true,"valueName":"search_term_string"}}],"inLanguage":"hu"},{"@type":"Organization","@id":"https:\/\/dorogimedence.hu\/#organization","name":"Dorogi-medence Region\u00e1lis H\u00edrport\u00e1l","url":"https:\/\/dorogimedence.hu\/","logo":{"@type":"ImageObject","inLanguage":"hu","@id":"https:\/\/dorogimedence.hu\/#\/schema\/logo\/image\/","url":"https:\/\/dorogimedence.hu\/wp-content\/uploads\/2021\/04\/logo-feher-600.png","contentUrl":"https:\/\/dorogimedence.hu\/wp-content\/uploads\/2021\/04\/logo-feher-600.png","width":600,"height":100,"caption":"Dorogi-medence Region\u00e1lis H\u00edrport\u00e1l"},"image":{"@id":"https:\/\/dorogimedence.hu\/#\/schema\/logo\/image\/"},"sameAs":["https:\/\/www.facebook.com\/dorogimedence\/"]},{"@type":"Person","@id":"https:\/\/dorogimedence.hu\/#\/schema\/person\/ce6091eeb7e95ecdc87890d6aa8e0fd4","name":"dorogimedence.hu","image":{"@type":"ImageObject","inLanguage":"hu","@id":"\/\/www.gravatar.com\/avatar\/d8d45f8901aadff40a4af72c0b826f1d?s=96&#038;r=g&#038;d=mm","url":"\/\/www.gravatar.com\/avatar\/d8d45f8901aadff40a4af72c0b826f1d?s=96&#038;r=g&#038;d=mm","contentUrl":"\/\/www.gravatar.com\/avatar\/d8d45f8901aadff40a4af72c0b826f1d?s=96&#038;r=g&#038;d=mm","caption":"dorogimedence.hu"}}]}},"_links":{"self":[{"href":"https:\/\/dorogimedence.hu\/index.php\/wp-json\/wp\/v2\/posts\/28618","targetHints":{"allow":["GET"]}}],"collection":[{"href":"https:\/\/dorogimedence.hu\/index.php\/wp-json\/wp\/v2\/posts"}],"about":[{"href":"https:\/\/dorogimedence.hu\/index.php\/wp-json\/wp\/v2\/types\/post"}],"author":[{"embeddable":true,"href":"https:\/\/dorogimedence.hu\/index.php\/wp-json\/wp\/v2\/users\/1"}],"replies":[{"embeddable":true,"href":"https:\/\/dorogimedence.hu\/index.php\/wp-json\/wp\/v2\/comments?post=28618"}],"version-history":[{"count":0,"href":"https:\/\/dorogimedence.hu\/index.php\/wp-json\/wp\/v2\/posts\/28618\/revisions"}],"wp:featuredmedia":[{"embeddable":true,"href":"https:\/\/dorogimedence.hu\/index.php\/wp-json\/wp\/v2\/media\/28622"}],"wp:attachment":[{"href":"https:\/\/dorogimedence.hu\/index.php\/wp-json\/wp\/v2\/media?parent=28618"}],"wp:term":[{"taxonomy":"category","embeddable":true,"href":"https:\/\/dorogimedence.hu\/index.php\/wp-json\/wp\/v2\/categories?post=28618"},{"taxonomy":"post_tag","embeddable":true,"href":"https:\/\/dorogimedence.hu\/index.php\/wp-json\/wp\/v2\/tags?post=28618"}],"curies":[{"name":"wp","href":"https:\/\/api.w.org\/{rel}","templated":true}]}}