{"id":28525,"date":"2020-11-11T08:20:37","date_gmt":"2020-11-11T07:20:37","guid":{"rendered":"http:\/\/dorogimedence.hu\/?p=28525"},"modified":"2020-11-11T08:29:09","modified_gmt":"2020-11-11T07:29:09","slug":"a-magyar-kozlonyben-is-megjelentek-a-vedelmi-intezkedesek","status":"publish","type":"post","link":"https:\/\/dorogimedence.hu\/index.php\/2020\/11\/11\/a-magyar-kozlonyben-is-megjelentek-a-vedelmi-intezkedesek\/","title":{"rendered":"A Magyar K\u00f6zl\u00f6nyben is megjelentek a v\u00e9delmi int\u00e9zked\u00e9sek"},"content":{"rendered":"<p><strong>Kedden \u00e9jszaka meg is jelent a Magyar K\u00f6zl\u00f6ny, amiben 18 oldalon kereszt\u00fcl r\u00e9szletezik a koronav\u00edrus miatt elrendelt \u00faj korl\u00e1toz\u00e1sokat. Hab\u00e1r kor\u00e1bban csak az \u00e9ttermek bez\u00e1r\u00e1s\u00e1r\u00f3l volt sz\u00f3, a vend\u00e9gl\u00e1t\u00f3\u00fczletek l\u00e1togat\u00e1s\u00e1t is szigor\u00edtott\u00e1k.<\/strong><\/p>\n<p>T\u00f6bb \u00fajdons\u00e1g is beker\u00fclt a Magyar K\u00f6zl\u00f6nybe, amelyek a h\u00e9tf\u0151i bejelent\u00e9sben nem szerepeltek. \u00d6sszegy\u0171jt\u00f6tt\u00fcnk n\u00e9h\u00e1ny fontosabb int\u00e9zked\u00e9st.<\/p>\n<p>A 484\/2020. (XI. 10.) korm\u00e1nyrendelet szerint november 11-\u00e9t\u0151l este 7 \u00e9s reggel 5 \u00f3ra k\u00f6z\u00f6tt csak a benzinkutak \u00e9s a gy\u00f3gyszert\u00e1rak lehetnek nyitva.<\/p>\n<p>A telep\u00fcl\u00e9si \u00f6nkorm\u00e1nyzat \u00e1ltal kijel\u00f6lt k\u00f6zter\u00fcleten k\u00f6telez\u0151 a maszk visel\u00e9se. Ez a 10 ezer f\u0151n\u00e9l nagyobb lak\u00f3n\u00e9pess\u00e9g\u0171 telep\u00fcl\u00e9sek k\u00f6zter\u00fclet\u00e9t \u00e9rinti, teh\u00e1t t\u00e9rs\u00e9g\u00fcnkben Esztergomot \u00e9s Dorogot.<\/p>\n<p>Este 8 \u00e9s reggel 5 \u00f3ra k\u00f6z\u00f6tt csak munkav\u00e9gz\u00e9s \u00e9s versenyszer\u0171 sportol\u00e1s miatt hagyhatjuk el otthonunkat. De a lak\u00f3hely\u00fcnk, vagy tart\u00f3zkod\u00e1si hely\u00fcnk 500 m\u00e9teres k\u00f6rzet\u00e9ben a kutya s\u00e9t\u00e1ltat\u00e1sa megengedett.<\/p>\n<p>A hat\u00e1rozat 4. pontj\u00e1nak 8. paragrafusa szerint a vend\u00e9gl\u00e1t\u00f3 \u00fczletekben az ott foglalkoztatottak kiv\u00e9tel\u00e9vel tart\u00f3zkodni tilos. De a vend\u00e9gl\u00e1t\u00f3 \u00fczletben val\u00f3 tart\u00f3zkod\u00e1s \u2013 az elvitelre alkalmas \u00e9telek kiad\u00e1sa \u00e9s sz\u00e1ll\u00edt\u00e1sa \u00e9rdek\u00e9ben \u2013 az ehhez sz\u00fcks\u00e9ges id\u0151tartamig megengedett. A korl\u00e1toz\u00e1s az int\u00e9zm\u00e9nyi, munkahelyi \u00e9s sz\u00e1ll\u00e1shelyi menz\u00e1kra, b\u00fcf\u00e9kre nem \u00e9rv\u00e9nyes.<\/p>\n<p>A korm\u00e1nyrendeletben meghat\u00e1rozott szab\u00e1lyok betart\u00e1s\u00e1t a rend\u0151rs\u00e9g a Magyar Honv\u00e9ds\u00e9g k\u00f6zrem\u0171k\u00f6d\u00e9s\u00e9vel ellen\u0151rzi. A szab\u00e1lyok be nem tart\u00e1sa miatt 100 000 forintt\u00f3l 1 000 000 forintig terjed\u0151 b\u00edrs\u00e1got szabhatnak ki.<\/p>\n<p>A Magyar K\u00f6zl\u00f6ny 2020. \u00e9vi 242. sz\u00e1ma <a href=\"https:\/\/magyarkozlony.hu\/dokumentumok\/e35363d964683da1d1a8b57aa9220fe36dfb5f7f\/megtekintes\" target=\"_blank\" rel=\"noopener noreferrer\"><span style=\"text-decoration: underline; color: #0000ff;\">ide kattintva<\/span><\/a> tekinthet\u0151 meg.<\/p>\n","protected":false},"excerpt":{"rendered":"<p>Kedden \u00e9jszaka meg is jelent a Magyar K\u00f6zl\u00f6ny, amiben 18 oldalon kereszt\u00fcl r\u00e9szletezik a koronav\u00edrus miatt elrendelt \u00faj korl\u00e1toz\u00e1sokat. Hab\u00e1r kor\u00e1bban csak az \u00e9ttermek bez\u00e1r\u00e1s\u00e1r\u00f3l volt sz\u00f3, a vend\u00e9gl\u00e1t\u00f3\u00fczletek l\u00e1togat\u00e1s\u00e1t is szigor\u00edtott\u00e1k. T\u00f6bb \u00fajdons\u00e1g is beker\u00fclt a Magyar K\u00f6zl\u00f6nybe, amelyek a h\u00e9tf\u0151i bejelent\u00e9sben nem szerepeltek. \u00d6sszegy\u0171jt\u00f6tt\u00fcnk n\u00e9h\u00e1ny fontosabb int\u00e9zked\u00e9st. A 484\/2020. (XI. 10.) korm\u00e1nyrendelet szerint<\/p>\n","protected":false},"author":1,"featured_media":28526,"comment_status":"closed","ping_status":"closed","sticky":false,"template":"","format":"standard","meta":{"ngg_post_thumbnail":0,"footnotes":""},"categories":[3],"tags":[4738],"class_list":{"0":"post-28525","1":"post","2":"type-post","3":"status-publish","4":"format-standard","5":"has-post-thumbnail","7":"category-hirek","8":"tag-koronavirus"},"yoast_head":"<!-- This site is optimized with the Yoast SEO plugin v27.4 - https:\/\/yoast.com\/product\/yoast-seo-wordpress\/ -->\n<title>A Magyar K\u00f6zl\u00f6nyben is megjelentek a v\u00e9delmi int\u00e9zked\u00e9sek<\/title>\n<meta name=\"robots\" content=\"index, follow, max-snippet:-1, max-image-preview:large, max-video-preview:-1\" \/>\n<link rel=\"canonical\" href=\"https:\/\/dorogimedence.hu\/index.php\/2020\/11\/11\/a-magyar-kozlonyben-is-megjelentek-a-vedelmi-intezkedesek\/\" class=\"yoast-seo-meta-tag\" \/>\n<meta property=\"og:locale\" content=\"hu_HU\" class=\"yoast-seo-meta-tag\" \/>\n<meta property=\"og:type\" content=\"article\" class=\"yoast-seo-meta-tag\" \/>\n<meta property=\"og:title\" content=\"A Magyar K\u00f6zl\u00f6nyben is megjelentek a v\u00e9delmi int\u00e9zked\u00e9sek\" class=\"yoast-seo-meta-tag\" \/>\n<meta property=\"og:description\" content=\"Kedden \u00e9jszaka meg is jelent a Magyar K\u00f6zl\u00f6ny, amiben 18 oldalon kereszt\u00fcl r\u00e9szletezik a koronav\u00edrus miatt elrendelt \u00faj korl\u00e1toz\u00e1sokat. Hab\u00e1r kor\u00e1bban csak az \u00e9ttermek bez\u00e1r\u00e1s\u00e1r\u00f3l volt sz\u00f3, a vend\u00e9gl\u00e1t\u00f3\u00fczletek l\u00e1togat\u00e1s\u00e1t is szigor\u00edtott\u00e1k. T\u00f6bb \u00fajdons\u00e1g is beker\u00fclt a Magyar K\u00f6zl\u00f6nybe, amelyek a h\u00e9tf\u0151i bejelent\u00e9sben nem szerepeltek. \u00d6sszegy\u0171jt\u00f6tt\u00fcnk n\u00e9h\u00e1ny fontosabb int\u00e9zked\u00e9st. A 484\/2020. (XI. 10.) korm\u00e1nyrendelet szerint\" class=\"yoast-seo-meta-tag\" \/>\n<meta property=\"og:url\" content=\"https:\/\/dorogimedence.hu\/index.php\/2020\/11\/11\/a-magyar-kozlonyben-is-megjelentek-a-vedelmi-intezkedesek\/\" class=\"yoast-seo-meta-tag\" \/>\n<meta property=\"og:site_name\" content=\"Dorogi-medence Region\u00e1lis H\u00edrport\u00e1l\" class=\"yoast-seo-meta-tag\" \/>\n<meta property=\"article:publisher\" content=\"https:\/\/www.facebook.com\/dorogimedence\/\" class=\"yoast-seo-meta-tag\" \/>\n<meta property=\"article:published_time\" content=\"2020-11-11T07:20:37+00:00\" class=\"yoast-seo-meta-tag\" \/>\n<meta property=\"article:modified_time\" content=\"2020-11-11T07:29:09+00:00\" class=\"yoast-seo-meta-tag\" \/>\n<meta property=\"og:image\" content=\"https:\/\/i0.wp.com\/dorogimedence.hu\/wp-content\/uploads\/2020\/11\/corona.jpg?fit=830%2C450&ssl=1\" class=\"yoast-seo-meta-tag\" \/>\n\t<meta property=\"og:image:width\" content=\"830\" class=\"yoast-seo-meta-tag\" \/>\n\t<meta property=\"og:image:height\" content=\"450\" class=\"yoast-seo-meta-tag\" \/>\n\t<meta property=\"og:image:type\" content=\"image\/jpeg\" class=\"yoast-seo-meta-tag\" \/>\n<meta name=\"author\" content=\"dorogimedence.hu\" class=\"yoast-seo-meta-tag\" \/>\n<meta name=\"twitter:card\" content=\"summary_large_image\" class=\"yoast-seo-meta-tag\" \/>\n<meta name=\"twitter:label1\" content=\"Szerz\u0151:\" class=\"yoast-seo-meta-tag\" \/>\n\t<meta name=\"twitter:data1\" content=\"dorogimedence.hu\" class=\"yoast-seo-meta-tag\" \/>\n\t<meta name=\"twitter:label2\" content=\"Becs\u00fclt olvas\u00e1si id\u0151\" class=\"yoast-seo-meta-tag\" \/>\n\t<meta name=\"twitter:data2\" content=\"2 perc\" class=\"yoast-seo-meta-tag\" \/>\n<script type=\"application\/ld+json\" class=\"yoast-schema-graph\">{\"@context\":\"https:\\\/\\\/schema.org\",\"@graph\":[{\"@type\":\"Article\",\"@id\":\"https:\\\/\\\/dorogimedence.hu\\\/index.php\\\/2020\\\/11\\\/11\\\/a-magyar-kozlonyben-is-megjelentek-a-vedelmi-intezkedesek\\\/#article\",\"isPartOf\":{\"@id\":\"https:\\\/\\\/dorogimedence.hu\\\/index.php\\\/2020\\\/11\\\/11\\\/a-magyar-kozlonyben-is-megjelentek-a-vedelmi-intezkedesek\\\/\"},\"author\":{\"name\":\"dorogimedence.hu\",\"@id\":\"https:\\\/\\\/dorogimedence.hu\\\/#\\\/schema\\\/person\\\/ce6091eeb7e95ecdc87890d6aa8e0fd4\"},\"headline\":\"A Magyar K\u00f6zl\u00f6nyben is megjelentek a v\u00e9delmi int\u00e9zked\u00e9sek\",\"datePublished\":\"2020-11-11T07:20:37+00:00\",\"dateModified\":\"2020-11-11T07:29:09+00:00\",\"mainEntityOfPage\":{\"@id\":\"https:\\\/\\\/dorogimedence.hu\\\/index.php\\\/2020\\\/11\\\/11\\\/a-magyar-kozlonyben-is-megjelentek-a-vedelmi-intezkedesek\\\/\"},\"wordCount\":340,\"publisher\":{\"@id\":\"https:\\\/\\\/dorogimedence.hu\\\/#organization\"},\"image\":{\"@id\":\"https:\\\/\\\/dorogimedence.hu\\\/index.php\\\/2020\\\/11\\\/11\\\/a-magyar-kozlonyben-is-megjelentek-a-vedelmi-intezkedesek\\\/#primaryimage\"},\"thumbnailUrl\":\"https:\\\/\\\/dorogimedence.hu\\\/wp-content\\\/uploads\\\/2020\\\/11\\\/corona.jpg\",\"keywords\":[\"koronav\u00edrus\"],\"articleSection\":[\"H\u00edrek\"],\"inLanguage\":\"hu\"},{\"@type\":\"WebPage\",\"@id\":\"https:\\\/\\\/dorogimedence.hu\\\/index.php\\\/2020\\\/11\\\/11\\\/a-magyar-kozlonyben-is-megjelentek-a-vedelmi-intezkedesek\\\/\",\"url\":\"https:\\\/\\\/dorogimedence.hu\\\/index.php\\\/2020\\\/11\\\/11\\\/a-magyar-kozlonyben-is-megjelentek-a-vedelmi-intezkedesek\\\/\",\"name\":\"A Magyar K\u00f6zl\u00f6nyben is megjelentek a v\u00e9delmi int\u00e9zked\u00e9sek\",\"isPartOf\":{\"@id\":\"https:\\\/\\\/dorogimedence.hu\\\/#website\"},\"primaryImageOfPage\":{\"@id\":\"https:\\\/\\\/dorogimedence.hu\\\/index.php\\\/2020\\\/11\\\/11\\\/a-magyar-kozlonyben-is-megjelentek-a-vedelmi-intezkedesek\\\/#primaryimage\"},\"image\":{\"@id\":\"https:\\\/\\\/dorogimedence.hu\\\/index.php\\\/2020\\\/11\\\/11\\\/a-magyar-kozlonyben-is-megjelentek-a-vedelmi-intezkedesek\\\/#primaryimage\"},\"thumbnailUrl\":\"https:\\\/\\\/dorogimedence.hu\\\/wp-content\\\/uploads\\\/2020\\\/11\\\/corona.jpg\",\"datePublished\":\"2020-11-11T07:20:37+00:00\",\"dateModified\":\"2020-11-11T07:29:09+00:00\",\"breadcrumb\":{\"@id\":\"https:\\\/\\\/dorogimedence.hu\\\/index.php\\\/2020\\\/11\\\/11\\\/a-magyar-kozlonyben-is-megjelentek-a-vedelmi-intezkedesek\\\/#breadcrumb\"},\"inLanguage\":\"hu\",\"potentialAction\":[{\"@type\":\"ReadAction\",\"target\":[\"https:\\\/\\\/dorogimedence.hu\\\/index.php\\\/2020\\\/11\\\/11\\\/a-magyar-kozlonyben-is-megjelentek-a-vedelmi-intezkedesek\\\/\"]}]},{\"@type\":\"ImageObject\",\"inLanguage\":\"hu\",\"@id\":\"https:\\\/\\\/dorogimedence.hu\\\/index.php\\\/2020\\\/11\\\/11\\\/a-magyar-kozlonyben-is-megjelentek-a-vedelmi-intezkedesek\\\/#primaryimage\",\"url\":\"https:\\\/\\\/dorogimedence.hu\\\/wp-content\\\/uploads\\\/2020\\\/11\\\/corona.jpg\",\"contentUrl\":\"https:\\\/\\\/dorogimedence.hu\\\/wp-content\\\/uploads\\\/2020\\\/11\\\/corona.jpg\",\"width\":830,\"height\":450},{\"@type\":\"BreadcrumbList\",\"@id\":\"https:\\\/\\\/dorogimedence.hu\\\/index.php\\\/2020\\\/11\\\/11\\\/a-magyar-kozlonyben-is-megjelentek-a-vedelmi-intezkedesek\\\/#breadcrumb\",\"itemListElement\":[{\"@type\":\"ListItem\",\"position\":1,\"name\":\"Kezd\u0151lap\",\"item\":\"https:\\\/\\\/dorogimedence.hu\\\/\"},{\"@type\":\"ListItem\",\"position\":2,\"name\":\"A Magyar K\u00f6zl\u00f6nyben is megjelentek a v\u00e9delmi int\u00e9zked\u00e9sek\"}]},{\"@type\":\"WebSite\",\"@id\":\"https:\\\/\\\/dorogimedence.hu\\\/#website\",\"url\":\"https:\\\/\\\/dorogimedence.hu\\\/\",\"name\":\"Dorogi-medence Region\u00e1lis H\u00edrport\u00e1l\",\"description\":\"Dorog, Keszt\u00f6lc, Le\u00e1nyv\u00e1r, Piliscs\u00e9v, Tokod, Tokodalt\u00e1r\u00f3, Csolnok, Esztergom-kertv\u00e1ros: h\u00edrek, programok\",\"publisher\":{\"@id\":\"https:\\\/\\\/dorogimedence.hu\\\/#organization\"},\"potentialAction\":[{\"@type\":\"SearchAction\",\"target\":{\"@type\":\"EntryPoint\",\"urlTemplate\":\"https:\\\/\\\/dorogimedence.hu\\\/?s={search_term_string}\"},\"query-input\":{\"@type\":\"PropertyValueSpecification\",\"valueRequired\":true,\"valueName\":\"search_term_string\"}}],\"inLanguage\":\"hu\"},{\"@type\":\"Organization\",\"@id\":\"https:\\\/\\\/dorogimedence.hu\\\/#organization\",\"name\":\"Dorogi-medence Region\u00e1lis H\u00edrport\u00e1l\",\"url\":\"https:\\\/\\\/dorogimedence.hu\\\/\",\"logo\":{\"@type\":\"ImageObject\",\"inLanguage\":\"hu\",\"@id\":\"https:\\\/\\\/dorogimedence.hu\\\/#\\\/schema\\\/logo\\\/image\\\/\",\"url\":\"https:\\\/\\\/dorogimedence.hu\\\/wp-content\\\/uploads\\\/2021\\\/04\\\/logo-feher-600.png\",\"contentUrl\":\"https:\\\/\\\/dorogimedence.hu\\\/wp-content\\\/uploads\\\/2021\\\/04\\\/logo-feher-600.png\",\"width\":600,\"height\":100,\"caption\":\"Dorogi-medence Region\u00e1lis H\u00edrport\u00e1l\"},\"image\":{\"@id\":\"https:\\\/\\\/dorogimedence.hu\\\/#\\\/schema\\\/logo\\\/image\\\/\"},\"sameAs\":[\"https:\\\/\\\/www.facebook.com\\\/dorogimedence\\\/\"]},{\"@type\":\"Person\",\"@id\":\"https:\\\/\\\/dorogimedence.hu\\\/#\\\/schema\\\/person\\\/ce6091eeb7e95ecdc87890d6aa8e0fd4\",\"name\":\"dorogimedence.hu\",\"image\":{\"@type\":\"ImageObject\",\"inLanguage\":\"hu\",\"@id\":\"\\\/\\\/www.gravatar.com\\\/avatar\\\/d8d45f8901aadff40a4af72c0b826f1d?s=96&#038;r=g&#038;d=mm\",\"url\":\"\\\/\\\/www.gravatar.com\\\/avatar\\\/d8d45f8901aadff40a4af72c0b826f1d?s=96&#038;r=g&#038;d=mm\",\"contentUrl\":\"\\\/\\\/www.gravatar.com\\\/avatar\\\/d8d45f8901aadff40a4af72c0b826f1d?s=96&#038;r=g&#038;d=mm\",\"caption\":\"dorogimedence.hu\"}}]}<\/script>\n<!-- \/ Yoast SEO plugin. -->","yoast_head_json":{"title":"A Magyar K\u00f6zl\u00f6nyben is megjelentek a v\u00e9delmi int\u00e9zked\u00e9sek","robots":{"index":"index","follow":"follow","max-snippet":"max-snippet:-1","max-image-preview":"max-image-preview:large","max-video-preview":"max-video-preview:-1"},"canonical":"https:\/\/dorogimedence.hu\/index.php\/2020\/11\/11\/a-magyar-kozlonyben-is-megjelentek-a-vedelmi-intezkedesek\/","og_locale":"hu_HU","og_type":"article","og_title":"A Magyar K\u00f6zl\u00f6nyben is megjelentek a v\u00e9delmi int\u00e9zked\u00e9sek","og_description":"Kedden \u00e9jszaka meg is jelent a Magyar K\u00f6zl\u00f6ny, amiben 18 oldalon kereszt\u00fcl r\u00e9szletezik a koronav\u00edrus miatt elrendelt \u00faj korl\u00e1toz\u00e1sokat. Hab\u00e1r kor\u00e1bban csak az \u00e9ttermek bez\u00e1r\u00e1s\u00e1r\u00f3l volt sz\u00f3, a vend\u00e9gl\u00e1t\u00f3\u00fczletek l\u00e1togat\u00e1s\u00e1t is szigor\u00edtott\u00e1k. T\u00f6bb \u00fajdons\u00e1g is beker\u00fclt a Magyar K\u00f6zl\u00f6nybe, amelyek a h\u00e9tf\u0151i bejelent\u00e9sben nem szerepeltek. \u00d6sszegy\u0171jt\u00f6tt\u00fcnk n\u00e9h\u00e1ny fontosabb int\u00e9zked\u00e9st. A 484\/2020. (XI. 10.) korm\u00e1nyrendelet szerint","og_url":"https:\/\/dorogimedence.hu\/index.php\/2020\/11\/11\/a-magyar-kozlonyben-is-megjelentek-a-vedelmi-intezkedesek\/","og_site_name":"Dorogi-medence Region\u00e1lis H\u00edrport\u00e1l","article_publisher":"https:\/\/www.facebook.com\/dorogimedence\/","article_published_time":"2020-11-11T07:20:37+00:00","article_modified_time":"2020-11-11T07:29:09+00:00","og_image":[{"width":830,"height":450,"url":"https:\/\/i0.wp.com\/dorogimedence.hu\/wp-content\/uploads\/2020\/11\/corona.jpg?fit=830%2C450&ssl=1","type":"image\/jpeg"}],"author":"dorogimedence.hu","twitter_card":"summary_large_image","twitter_misc":{"Szerz\u0151:":"dorogimedence.hu","Becs\u00fclt olvas\u00e1si id\u0151":"2 perc"},"schema":{"@context":"https:\/\/schema.org","@graph":[{"@type":"Article","@id":"https:\/\/dorogimedence.hu\/index.php\/2020\/11\/11\/a-magyar-kozlonyben-is-megjelentek-a-vedelmi-intezkedesek\/#article","isPartOf":{"@id":"https:\/\/dorogimedence.hu\/index.php\/2020\/11\/11\/a-magyar-kozlonyben-is-megjelentek-a-vedelmi-intezkedesek\/"},"author":{"name":"dorogimedence.hu","@id":"https:\/\/dorogimedence.hu\/#\/schema\/person\/ce6091eeb7e95ecdc87890d6aa8e0fd4"},"headline":"A Magyar K\u00f6zl\u00f6nyben is megjelentek a v\u00e9delmi int\u00e9zked\u00e9sek","datePublished":"2020-11-11T07:20:37+00:00","dateModified":"2020-11-11T07:29:09+00:00","mainEntityOfPage":{"@id":"https:\/\/dorogimedence.hu\/index.php\/2020\/11\/11\/a-magyar-kozlonyben-is-megjelentek-a-vedelmi-intezkedesek\/"},"wordCount":340,"publisher":{"@id":"https:\/\/dorogimedence.hu\/#organization"},"image":{"@id":"https:\/\/dorogimedence.hu\/index.php\/2020\/11\/11\/a-magyar-kozlonyben-is-megjelentek-a-vedelmi-intezkedesek\/#primaryimage"},"thumbnailUrl":"https:\/\/dorogimedence.hu\/wp-content\/uploads\/2020\/11\/corona.jpg","keywords":["koronav\u00edrus"],"articleSection":["H\u00edrek"],"inLanguage":"hu"},{"@type":"WebPage","@id":"https:\/\/dorogimedence.hu\/index.php\/2020\/11\/11\/a-magyar-kozlonyben-is-megjelentek-a-vedelmi-intezkedesek\/","url":"https:\/\/dorogimedence.hu\/index.php\/2020\/11\/11\/a-magyar-kozlonyben-is-megjelentek-a-vedelmi-intezkedesek\/","name":"A Magyar K\u00f6zl\u00f6nyben is megjelentek a v\u00e9delmi int\u00e9zked\u00e9sek","isPartOf":{"@id":"https:\/\/dorogimedence.hu\/#website"},"primaryImageOfPage":{"@id":"https:\/\/dorogimedence.hu\/index.php\/2020\/11\/11\/a-magyar-kozlonyben-is-megjelentek-a-vedelmi-intezkedesek\/#primaryimage"},"image":{"@id":"https:\/\/dorogimedence.hu\/index.php\/2020\/11\/11\/a-magyar-kozlonyben-is-megjelentek-a-vedelmi-intezkedesek\/#primaryimage"},"thumbnailUrl":"https:\/\/dorogimedence.hu\/wp-content\/uploads\/2020\/11\/corona.jpg","datePublished":"2020-11-11T07:20:37+00:00","dateModified":"2020-11-11T07:29:09+00:00","breadcrumb":{"@id":"https:\/\/dorogimedence.hu\/index.php\/2020\/11\/11\/a-magyar-kozlonyben-is-megjelentek-a-vedelmi-intezkedesek\/#breadcrumb"},"inLanguage":"hu","potentialAction":[{"@type":"ReadAction","target":["https:\/\/dorogimedence.hu\/index.php\/2020\/11\/11\/a-magyar-kozlonyben-is-megjelentek-a-vedelmi-intezkedesek\/"]}]},{"@type":"ImageObject","inLanguage":"hu","@id":"https:\/\/dorogimedence.hu\/index.php\/2020\/11\/11\/a-magyar-kozlonyben-is-megjelentek-a-vedelmi-intezkedesek\/#primaryimage","url":"https:\/\/dorogimedence.hu\/wp-content\/uploads\/2020\/11\/corona.jpg","contentUrl":"https:\/\/dorogimedence.hu\/wp-content\/uploads\/2020\/11\/corona.jpg","width":830,"height":450},{"@type":"BreadcrumbList","@id":"https:\/\/dorogimedence.hu\/index.php\/2020\/11\/11\/a-magyar-kozlonyben-is-megjelentek-a-vedelmi-intezkedesek\/#breadcrumb","itemListElement":[{"@type":"ListItem","position":1,"name":"Kezd\u0151lap","item":"https:\/\/dorogimedence.hu\/"},{"@type":"ListItem","position":2,"name":"A Magyar K\u00f6zl\u00f6nyben is megjelentek a v\u00e9delmi int\u00e9zked\u00e9sek"}]},{"@type":"WebSite","@id":"https:\/\/dorogimedence.hu\/#website","url":"https:\/\/dorogimedence.hu\/","name":"Dorogi-medence Region\u00e1lis H\u00edrport\u00e1l","description":"Dorog, Keszt\u00f6lc, Le\u00e1nyv\u00e1r, Piliscs\u00e9v, Tokod, Tokodalt\u00e1r\u00f3, Csolnok, Esztergom-kertv\u00e1ros: h\u00edrek, programok","publisher":{"@id":"https:\/\/dorogimedence.hu\/#organization"},"potentialAction":[{"@type":"SearchAction","target":{"@type":"EntryPoint","urlTemplate":"https:\/\/dorogimedence.hu\/?s={search_term_string}"},"query-input":{"@type":"PropertyValueSpecification","valueRequired":true,"valueName":"search_term_string"}}],"inLanguage":"hu"},{"@type":"Organization","@id":"https:\/\/dorogimedence.hu\/#organization","name":"Dorogi-medence Region\u00e1lis H\u00edrport\u00e1l","url":"https:\/\/dorogimedence.hu\/","logo":{"@type":"ImageObject","inLanguage":"hu","@id":"https:\/\/dorogimedence.hu\/#\/schema\/logo\/image\/","url":"https:\/\/dorogimedence.hu\/wp-content\/uploads\/2021\/04\/logo-feher-600.png","contentUrl":"https:\/\/dorogimedence.hu\/wp-content\/uploads\/2021\/04\/logo-feher-600.png","width":600,"height":100,"caption":"Dorogi-medence Region\u00e1lis H\u00edrport\u00e1l"},"image":{"@id":"https:\/\/dorogimedence.hu\/#\/schema\/logo\/image\/"},"sameAs":["https:\/\/www.facebook.com\/dorogimedence\/"]},{"@type":"Person","@id":"https:\/\/dorogimedence.hu\/#\/schema\/person\/ce6091eeb7e95ecdc87890d6aa8e0fd4","name":"dorogimedence.hu","image":{"@type":"ImageObject","inLanguage":"hu","@id":"\/\/www.gravatar.com\/avatar\/d8d45f8901aadff40a4af72c0b826f1d?s=96&#038;r=g&#038;d=mm","url":"\/\/www.gravatar.com\/avatar\/d8d45f8901aadff40a4af72c0b826f1d?s=96&#038;r=g&#038;d=mm","contentUrl":"\/\/www.gravatar.com\/avatar\/d8d45f8901aadff40a4af72c0b826f1d?s=96&#038;r=g&#038;d=mm","caption":"dorogimedence.hu"}}]}},"_links":{"self":[{"href":"https:\/\/dorogimedence.hu\/index.php\/wp-json\/wp\/v2\/posts\/28525","targetHints":{"allow":["GET"]}}],"collection":[{"href":"https:\/\/dorogimedence.hu\/index.php\/wp-json\/wp\/v2\/posts"}],"about":[{"href":"https:\/\/dorogimedence.hu\/index.php\/wp-json\/wp\/v2\/types\/post"}],"author":[{"embeddable":true,"href":"https:\/\/dorogimedence.hu\/index.php\/wp-json\/wp\/v2\/users\/1"}],"replies":[{"embeddable":true,"href":"https:\/\/dorogimedence.hu\/index.php\/wp-json\/wp\/v2\/comments?post=28525"}],"version-history":[{"count":0,"href":"https:\/\/dorogimedence.hu\/index.php\/wp-json\/wp\/v2\/posts\/28525\/revisions"}],"wp:featuredmedia":[{"embeddable":true,"href":"https:\/\/dorogimedence.hu\/index.php\/wp-json\/wp\/v2\/media\/28526"}],"wp:attachment":[{"href":"https:\/\/dorogimedence.hu\/index.php\/wp-json\/wp\/v2\/media?parent=28525"}],"wp:term":[{"taxonomy":"category","embeddable":true,"href":"https:\/\/dorogimedence.hu\/index.php\/wp-json\/wp\/v2\/categories?post=28525"},{"taxonomy":"post_tag","embeddable":true,"href":"https:\/\/dorogimedence.hu\/index.php\/wp-json\/wp\/v2\/tags?post=28525"}],"curies":[{"name":"wp","href":"https:\/\/api.w.org\/{rel}","templated":true}]}}