{"id":28511,"date":"2020-11-10T12:25:11","date_gmt":"2020-11-10T11:25:11","guid":{"rendered":"http:\/\/dorogimedence.hu\/?p=28511"},"modified":"2020-11-10T12:25:23","modified_gmt":"2020-11-10T11:25:23","slug":"orszagos-szinten-naponta-fertotlenitik-a-vonatokat","status":"publish","type":"post","link":"https:\/\/dorogimedence.hu\/index.php\/2020\/11\/10\/orszagos-szinten-naponta-fertotlenitik-a-vonatokat\/","title":{"rendered":"Orsz\u00e1gos szinten naponta fert\u0151tlen\u00edtik a vonatokat"},"content":{"rendered":"<div class=\"field-lead\">\n<p><strong>A k\u00f6z\u00f6ss\u00e9gi k\u00f6zleked\u00e9s fenntart\u00e1sa kiemelten fontos a mindennapi \u00e9let, a gazdas\u00e1g m\u0171k\u00f6dtet\u00e9se \u00e9rdek\u00e9ben. A M\u00c1V-csoport tov\u00e1bbra is biztos\u00edtja a folyamatos \u00e9s biztons\u00e1gos szem\u00e9ly- \u00e9s \u00e1rusz\u00e1ll\u00edt\u00e1st. A fokoz\u00f3d\u00f3 j\u00e1rv\u00e1ny\u00fcgyi helyzetre val\u00f3 tekintettel, november 10-t\u0151l \u00fajra napi szinten fert\u0151tlen\u00edtik a vas\u00fatt\u00e1rsas\u00e1g j\u00e1rm\u0171parkj\u00e1t. Szeptember \u00f3ta az el\u0151v\u00e1rosban \u00e9s a nemzetk\u00f6zi vonatokon m\u00e1r napi emeltszint\u0171 fert\u0151tlen\u00edt\u00e9s volt \u00e9rv\u00e9nyben, keddt\u0151l orsz\u00e1gosan is vissza\u00e1ll a napi gyakoris\u00e1g\u00fa fert\u0151tlen\u00edt\u00e9s a M\u00c1V-START j\u00e1ratain. A M\u00c1V-H\u00c9V \u00e9s a Vol\u00e1nbusz tov\u00e1bbra is fenntartja a tavasz \u00f3ta bevezetett napi szint\u0171 j\u00e1rm\u0171fert\u0151tlen\u00edt\u00e9st.&nbsp;<\/strong><\/p>\n<\/div>\n<div class=\"field-body\">\n<p>A M\u00c1V-START a jelenleg forgalomban l\u00e9v\u0151 t\u00f6bb mint 1200 j\u00e1rm\u0171v\u00e9n \u2013 a szem\u00e9ly- \u00e9s motorkocsikon, valamint a motorvonatokon is \u2013 m\u00e1t\u00f3l nem csak a budapesti el\u0151v\u00e1rosban, hanem orsz\u00e1gosan v\u00e9geznek naponta fert\u0151tlen\u00edt\u0151 padl\u00f3felmos\u00e1st \u00e9s fel\u00fcletpermetez\u00e9st. Az emeltszint\u0171 fert\u0151tlen\u00edt\u00e9s bakt\u00e9rium-, v\u00edrus- \u00e9s gombaellenes fert\u0151tlen\u00edt\u00e9st jelent, amely ut\u00e1n minden k\u00f3rokoz\u00f3 elpusztul a j\u00e1rm\u0171veken. &nbsp;A Vol\u00e1nbusz is napi szinten fokozottan takar\u00edtja az aut\u00f3busz-\u00e1llom\u00e1sokat \u00e9s a buszokat, v\u00edrus\u00f6l\u0151 szerrel mossa le a kapaszkod\u00f3kat, fert\u0151tlen\u00edt\u0151szerrel a padl\u00f3t. A buszt\u00e1rsas\u00e1gn\u00e1l orsz\u00e1gszerte 58 \u00f3zongener\u00e1tor is gondoskodik a mintegy 6500 darabos j\u00e1rm\u0171\u00e1llom\u00e1ny fert\u0151tlen\u00edt\u00e9s\u00e9r\u0151l.<\/p>\n<p><a class=\"colorbox init-colorbox-processed cboxElement\" tabindex=\"0\" title=\"FLIRT fert\u0151tlen\u00edt\u00e9s\" href=\"https:\/\/www.mavcsoport.hu\/sites\/default\/files\/styles\/width_1260\/public\/upload\/flirt_fertotlenites_2_20201110.jpg?itok=DjAng7B9\" data-colorbox-gallery=\"\" data-cbox-img-attrs=\"{&quot;title&quot;: &quot;FLIRT fert\u0151tlen\u00edt\u00e9s&quot;, &quot;alt&quot;: &quot;FLIRT fert\u0151tlen\u00edt\u00e9s&quot;}\"><img fetchpriority=\"high\" decoding=\"async\" class=\"media-element file-width-680-colorbox\" title=\"FLIRT fert\u0151tlen\u00edt\u00e9s\" src=\"https:\/\/www.mavcsoport.hu\/sites\/default\/files\/styles\/width_680\/public\/upload\/flirt_fertotlenites_2_20201110.jpg?itok=X6c6RMGb\" alt=\"FLIRT fert\u0151tlen\u00edt\u00e9s\" data-delta=\"1\" width=\"680\" height=\"453\"><\/a><\/p>\n<p>A vas\u00fatt\u00e1rsas\u00e1g heti szinten v\u00e9gez fert\u0151tlen\u00edt\u0151 takar\u00edt\u00e1st az orsz\u00e1g valamennyi utasforgalmi- \u00e9s k\u00f6z\u00f6s \u00fczemi helyis\u00e9g\u00e9ben: mintegy 1.500 \u00e9p\u00fclet 42.000 helyis\u00e9g\u00e9ben, azok v\u00edzszintes \u00e9s f\u00fcgg\u0151leges burkolatain, felszerel\u00e9si-, berendez\u00e9si t\u00e1rgyain. A M\u00c1V-H\u00c9V naponta takar\u00edtja az utasforgalmi helyeket \u00e9s a telephelyeket.<\/p>\n<p><a class=\"colorbox init-colorbox-processed cboxElement\" tabindex=\"0\" title=\"FLIRT fert\u0151tlen\u00edt\u00e9s\" href=\"https:\/\/www.mavcsoport.hu\/sites\/default\/files\/styles\/width_1260\/public\/upload\/flirt_fertotlenites_3_20201110.jpg?itok=cTreud9M\" data-colorbox-gallery=\"\" data-cbox-img-attrs=\"{&quot;title&quot;: &quot;FLIRT fert\u0151tlen\u00edt\u00e9s&quot;, &quot;alt&quot;: &quot;FLIRT fert\u0151tlen\u00edt\u00e9s&quot;}\"><img decoding=\"async\" class=\"media-element file-width-680-colorbox\" title=\"FLIRT fert\u0151tlen\u00edt\u00e9s\" src=\"https:\/\/www.mavcsoport.hu\/sites\/default\/files\/styles\/width_680\/public\/upload\/flirt_fertotlenites_3_20201110.jpg?itok=CFqe5COT\" alt=\"FLIRT fert\u0151tlen\u00edt\u00e9s\" data-delta=\"2\" width=\"680\" height=\"453\"><\/a><\/p>\n<p>Szeptember k\u00f6zepe \u00f3ta a maszk haszn\u00e1lata m\u00e1r nemcsak a k\u00f6z\u00f6ss\u00e9gi k\u00f6zleked\u00e9si eszk\u00f6z\u00f6k\u00f6n, hanem azon \u00e1llom\u00e1si \u00e9s meg\u00e1ll\u00f3helyi helyis\u00e9gekben is k\u00f6telez\u0151, ahol az utas a felsz\u00e1ll\u00e1s el\u0151tt vagy ut\u00e1n tart\u00f3zkodik. A vas\u00fatt\u00e1rsas\u00e1g \u00e9s a Vol\u00e1nbusz az \u00e9rintett munkav\u00e1llal\u00f3i sz\u00e1m\u00e1ra folyamatosan biztos\u00edtja a sz\u00fcks\u00e9ges v\u00e9d\u0151felszerel\u00e9st.<\/p>\n<p>Tov\u00e1bbra is arra k\u00e9rj\u00fck utasainkat, hogy tarts\u00e1k be a k\u00f6zeg\u00e9szs\u00e9g\u00fcgyi el\u0151\u00edr\u00e1sokat, a sorban \u00e1ll\u00e1s \u00e9s szem\u00e9lyes \u00e9rintkez\u00e9sek cs\u00f6kkent\u00e9se \u00e9rdek\u00e9ben jegy- \u00e9s b\u00e9rletv\u00e1s\u00e1rl\u00e1skor r\u00e9szes\u00edts\u00e9k el\u0151nyben az elektronikus jegyv\u00e1s\u00e1rl\u00e1si lehet\u0151s\u00e9geket.<\/p>\n<p><a class=\"colorbox init-colorbox-processed cboxElement\" tabindex=\"0\" title=\"Vol\u00e1nbusz fert\u0151tlen\u00edt\u00e9s\" href=\"https:\/\/www.mavcsoport.hu\/sites\/default\/files\/styles\/width_1260\/public\/upload\/dsc_1588_ok.jpg?itok=ZCPrZWyn\" data-colorbox-gallery=\"\" data-cbox-img-attrs=\"{&quot;title&quot;: &quot;Vol\u00e1nbusz fert\u0151tlen\u00edt\u00e9s&quot;, &quot;alt&quot;: &quot;Vol\u00e1nbusz fert\u0151tlen\u00edt\u00e9s&quot;}\"><img decoding=\"async\" class=\"media-element file-width-680-colorbox\" title=\"Vol\u00e1nbusz fert\u0151tlen\u00edt\u00e9s\" src=\"https:\/\/www.mavcsoport.hu\/sites\/default\/files\/styles\/width_680\/public\/upload\/dsc_1588_ok.jpg?itok=QokA0ykG\" alt=\"Vol\u00e1nbusz fert\u0151tlen\u00edt\u00e9s\" data-delta=\"4\" width=\"680\" height=\"453\"><\/a><\/p>\n<p>A november 3-\u00e1n kiadott korm\u00e1nyrendeletben foglalt el\u0151\u00edr\u00e1s szerint november 9-t\u0151l a Vol\u00e1nbusz 16 megyei jog\u00fa v\u00e1rosban s\u0171r\u00edtette helyi j\u00e1ratait munkanapokon, a reggeli \u00e9s d\u00e9lut\u00e1ni cs\u00facsid\u0151szakban. A M\u00c1V-H\u00c9V is a lehet\u0151 legs\u0171r\u0171bb k\u00f6zleked\u00e9st biztos\u00edtja a reggeli id\u0151szakban.<\/p>\n<p><a class=\"colorbox init-colorbox-processed cboxElement\" tabindex=\"0\" title=\"Vol\u00e1nbusz fert\u0151tlen\u00edt\u00e9s\" href=\"https:\/\/www.mavcsoport.hu\/sites\/default\/files\/styles\/width_1260\/public\/upload\/dsc_2104_ok.jpg?itok=-SFW79su\" data-colorbox-gallery=\"\" data-cbox-img-attrs=\"{&quot;title&quot;: &quot;Vol\u00e1nbusz fert\u0151tlen\u00edt\u00e9s&quot;, &quot;alt&quot;: &quot;Vol\u00e1nbusz&quot;}\"><img loading=\"lazy\" decoding=\"async\" class=\"media-element file-width-680-colorbox\" title=\"Vol\u00e1nbusz fert\u0151tlen\u00edt\u00e9s\" src=\"https:\/\/www.mavcsoport.hu\/sites\/default\/files\/styles\/width_680\/public\/upload\/dsc_2104_ok.jpg?itok=wScCteY6\" alt=\"Vol\u00e1nbusz\" data-delta=\"3\" width=\"680\" height=\"453\"><\/a><\/p>\n<p><em>Fot\u00f3k, forr\u00e1s: M\u00c1V Zrt.<\/em><\/p>\n<\/div>\n","protected":false},"excerpt":{"rendered":"<p>A k\u00f6z\u00f6ss\u00e9gi k\u00f6zleked\u00e9s fenntart\u00e1sa kiemelten fontos a mindennapi \u00e9let, a gazdas\u00e1g m\u0171k\u00f6dtet\u00e9se \u00e9rdek\u00e9ben. A M\u00c1V-csoport tov\u00e1bbra is biztos\u00edtja a folyamatos \u00e9s biztons\u00e1gos szem\u00e9ly- \u00e9s \u00e1rusz\u00e1ll\u00edt\u00e1st. A fokoz\u00f3d\u00f3 j\u00e1rv\u00e1ny\u00fcgyi helyzetre val\u00f3 tekintettel, november 10-t\u0151l \u00fajra napi szinten fert\u0151tlen\u00edtik a vas\u00fatt\u00e1rsas\u00e1g j\u00e1rm\u0171parkj\u00e1t. Szeptember \u00f3ta az el\u0151v\u00e1rosban \u00e9s a nemzetk\u00f6zi vonatokon m\u00e1r napi emeltszint\u0171 fert\u0151tlen\u00edt\u00e9s volt \u00e9rv\u00e9nyben, keddt\u0151l<\/p>\n","protected":false},"author":1,"featured_media":28512,"comment_status":"closed","ping_status":"closed","sticky":false,"template":"","format":"standard","meta":{"ngg_post_thumbnail":0,"footnotes":""},"categories":[3],"tags":[4773,4738,292,381,291],"class_list":{"0":"post-28511","1":"post","2":"type-post","3":"status-publish","4":"format-standard","5":"has-post-thumbnail","7":"category-hirek","8":"tag-fertotlenites","9":"tag-koronavirus","10":"tag-mav","11":"tag-vasut","12":"tag-vonat"},"yoast_head":"<!-- This site is optimized with the Yoast SEO plugin v27.5 - https:\/\/yoast.com\/product\/yoast-seo-wordpress\/ -->\n<title>Orsz\u00e1gos szinten naponta fert\u0151tlen\u00edtik a vonatokat<\/title>\n<meta name=\"robots\" content=\"index, follow, max-snippet:-1, max-image-preview:large, max-video-preview:-1\" \/>\n<link rel=\"canonical\" href=\"https:\/\/dorogimedence.hu\/index.php\/2020\/11\/10\/orszagos-szinten-naponta-fertotlenitik-a-vonatokat\/\" class=\"yoast-seo-meta-tag\" \/>\n<meta property=\"og:locale\" content=\"hu_HU\" class=\"yoast-seo-meta-tag\" \/>\n<meta property=\"og:type\" content=\"article\" class=\"yoast-seo-meta-tag\" \/>\n<meta property=\"og:title\" content=\"Orsz\u00e1gos szinten naponta fert\u0151tlen\u00edtik a vonatokat\" class=\"yoast-seo-meta-tag\" \/>\n<meta property=\"og:description\" content=\"A k\u00f6z\u00f6ss\u00e9gi k\u00f6zleked\u00e9s fenntart\u00e1sa kiemelten fontos a mindennapi \u00e9let, a gazdas\u00e1g m\u0171k\u00f6dtet\u00e9se \u00e9rdek\u00e9ben. A M\u00c1V-csoport tov\u00e1bbra is biztos\u00edtja a folyamatos \u00e9s biztons\u00e1gos szem\u00e9ly- \u00e9s \u00e1rusz\u00e1ll\u00edt\u00e1st. A fokoz\u00f3d\u00f3 j\u00e1rv\u00e1ny\u00fcgyi helyzetre val\u00f3 tekintettel, november 10-t\u0151l \u00fajra napi szinten fert\u0151tlen\u00edtik a vas\u00fatt\u00e1rsas\u00e1g j\u00e1rm\u0171parkj\u00e1t. Szeptember \u00f3ta az el\u0151v\u00e1rosban \u00e9s a nemzetk\u00f6zi vonatokon m\u00e1r napi emeltszint\u0171 fert\u0151tlen\u00edt\u00e9s volt \u00e9rv\u00e9nyben, keddt\u0151l\" class=\"yoast-seo-meta-tag\" \/>\n<meta property=\"og:url\" content=\"https:\/\/dorogimedence.hu\/index.php\/2020\/11\/10\/orszagos-szinten-naponta-fertotlenitik-a-vonatokat\/\" class=\"yoast-seo-meta-tag\" \/>\n<meta property=\"og:site_name\" content=\"Dorogi-medence Region\u00e1lis H\u00edrport\u00e1l\" class=\"yoast-seo-meta-tag\" \/>\n<meta property=\"article:publisher\" content=\"https:\/\/www.facebook.com\/dorogimedence\/\" class=\"yoast-seo-meta-tag\" \/>\n<meta property=\"article:published_time\" content=\"2020-11-10T11:25:11+00:00\" class=\"yoast-seo-meta-tag\" \/>\n<meta property=\"article:modified_time\" content=\"2020-11-10T11:25:23+00:00\" class=\"yoast-seo-meta-tag\" \/>\n<meta property=\"og:image\" content=\"https:\/\/i0.wp.com\/dorogimedence.hu\/wp-content\/uploads\/2020\/11\/vonat-takaritas.jpg?fit=830%2C450&ssl=1\" class=\"yoast-seo-meta-tag\" \/>\n\t<meta property=\"og:image:width\" content=\"830\" class=\"yoast-seo-meta-tag\" \/>\n\t<meta property=\"og:image:height\" content=\"450\" class=\"yoast-seo-meta-tag\" \/>\n\t<meta property=\"og:image:type\" content=\"image\/jpeg\" class=\"yoast-seo-meta-tag\" \/>\n<meta name=\"author\" content=\"dorogimedence.hu\" class=\"yoast-seo-meta-tag\" \/>\n<meta name=\"twitter:card\" content=\"summary_large_image\" class=\"yoast-seo-meta-tag\" \/>\n<meta name=\"twitter:label1\" content=\"Szerz\u0151:\" class=\"yoast-seo-meta-tag\" \/>\n\t<meta name=\"twitter:data1\" content=\"dorogimedence.hu\" class=\"yoast-seo-meta-tag\" \/>\n\t<meta name=\"twitter:label2\" content=\"Becs\u00fclt olvas\u00e1si id\u0151\" class=\"yoast-seo-meta-tag\" \/>\n\t<meta name=\"twitter:data2\" content=\"3 perc\" class=\"yoast-seo-meta-tag\" \/>\n<script type=\"application\/ld+json\" class=\"yoast-schema-graph\">{\"@context\":\"https:\\\/\\\/schema.org\",\"@graph\":[{\"@type\":\"Article\",\"@id\":\"https:\\\/\\\/dorogimedence.hu\\\/index.php\\\/2020\\\/11\\\/10\\\/orszagos-szinten-naponta-fertotlenitik-a-vonatokat\\\/#article\",\"isPartOf\":{\"@id\":\"https:\\\/\\\/dorogimedence.hu\\\/index.php\\\/2020\\\/11\\\/10\\\/orszagos-szinten-naponta-fertotlenitik-a-vonatokat\\\/\"},\"author\":{\"name\":\"dorogimedence.hu\",\"@id\":\"https:\\\/\\\/dorogimedence.hu\\\/#\\\/schema\\\/person\\\/ce6091eeb7e95ecdc87890d6aa8e0fd4\"},\"headline\":\"Orsz\u00e1gos szinten naponta fert\u0151tlen\u00edtik a vonatokat\",\"datePublished\":\"2020-11-10T11:25:11+00:00\",\"dateModified\":\"2020-11-10T11:25:23+00:00\",\"mainEntityOfPage\":{\"@id\":\"https:\\\/\\\/dorogimedence.hu\\\/index.php\\\/2020\\\/11\\\/10\\\/orszagos-szinten-naponta-fertotlenitik-a-vonatokat\\\/\"},\"wordCount\":544,\"publisher\":{\"@id\":\"https:\\\/\\\/dorogimedence.hu\\\/#organization\"},\"image\":{\"@id\":\"https:\\\/\\\/dorogimedence.hu\\\/index.php\\\/2020\\\/11\\\/10\\\/orszagos-szinten-naponta-fertotlenitik-a-vonatokat\\\/#primaryimage\"},\"thumbnailUrl\":\"https:\\\/\\\/dorogimedence.hu\\\/wp-content\\\/uploads\\\/2020\\\/11\\\/vonat-takaritas.jpg\",\"keywords\":[\"fert\u0151tlen\u00edt\u00e9s\",\"koronav\u00edrus\",\"m\u00e1v\",\"vas\u00fat\",\"vonat\"],\"articleSection\":[\"H\u00edrek\"],\"inLanguage\":\"hu\"},{\"@type\":\"WebPage\",\"@id\":\"https:\\\/\\\/dorogimedence.hu\\\/index.php\\\/2020\\\/11\\\/10\\\/orszagos-szinten-naponta-fertotlenitik-a-vonatokat\\\/\",\"url\":\"https:\\\/\\\/dorogimedence.hu\\\/index.php\\\/2020\\\/11\\\/10\\\/orszagos-szinten-naponta-fertotlenitik-a-vonatokat\\\/\",\"name\":\"Orsz\u00e1gos szinten naponta fert\u0151tlen\u00edtik a vonatokat\",\"isPartOf\":{\"@id\":\"https:\\\/\\\/dorogimedence.hu\\\/#website\"},\"primaryImageOfPage\":{\"@id\":\"https:\\\/\\\/dorogimedence.hu\\\/index.php\\\/2020\\\/11\\\/10\\\/orszagos-szinten-naponta-fertotlenitik-a-vonatokat\\\/#primaryimage\"},\"image\":{\"@id\":\"https:\\\/\\\/dorogimedence.hu\\\/index.php\\\/2020\\\/11\\\/10\\\/orszagos-szinten-naponta-fertotlenitik-a-vonatokat\\\/#primaryimage\"},\"thumbnailUrl\":\"https:\\\/\\\/dorogimedence.hu\\\/wp-content\\\/uploads\\\/2020\\\/11\\\/vonat-takaritas.jpg\",\"datePublished\":\"2020-11-10T11:25:11+00:00\",\"dateModified\":\"2020-11-10T11:25:23+00:00\",\"breadcrumb\":{\"@id\":\"https:\\\/\\\/dorogimedence.hu\\\/index.php\\\/2020\\\/11\\\/10\\\/orszagos-szinten-naponta-fertotlenitik-a-vonatokat\\\/#breadcrumb\"},\"inLanguage\":\"hu\",\"potentialAction\":[{\"@type\":\"ReadAction\",\"target\":[\"https:\\\/\\\/dorogimedence.hu\\\/index.php\\\/2020\\\/11\\\/10\\\/orszagos-szinten-naponta-fertotlenitik-a-vonatokat\\\/\"]}]},{\"@type\":\"ImageObject\",\"inLanguage\":\"hu\",\"@id\":\"https:\\\/\\\/dorogimedence.hu\\\/index.php\\\/2020\\\/11\\\/10\\\/orszagos-szinten-naponta-fertotlenitik-a-vonatokat\\\/#primaryimage\",\"url\":\"https:\\\/\\\/dorogimedence.hu\\\/wp-content\\\/uploads\\\/2020\\\/11\\\/vonat-takaritas.jpg\",\"contentUrl\":\"https:\\\/\\\/dorogimedence.hu\\\/wp-content\\\/uploads\\\/2020\\\/11\\\/vonat-takaritas.jpg\",\"width\":830,\"height\":450},{\"@type\":\"BreadcrumbList\",\"@id\":\"https:\\\/\\\/dorogimedence.hu\\\/index.php\\\/2020\\\/11\\\/10\\\/orszagos-szinten-naponta-fertotlenitik-a-vonatokat\\\/#breadcrumb\",\"itemListElement\":[{\"@type\":\"ListItem\",\"position\":1,\"name\":\"Kezd\u0151lap\",\"item\":\"https:\\\/\\\/dorogimedence.hu\\\/\"},{\"@type\":\"ListItem\",\"position\":2,\"name\":\"Orsz\u00e1gos szinten naponta fert\u0151tlen\u00edtik a vonatokat\"}]},{\"@type\":\"WebSite\",\"@id\":\"https:\\\/\\\/dorogimedence.hu\\\/#website\",\"url\":\"https:\\\/\\\/dorogimedence.hu\\\/\",\"name\":\"Dorogi-medence Region\u00e1lis H\u00edrport\u00e1l\",\"description\":\"Dorog, Keszt\u00f6lc, Le\u00e1nyv\u00e1r, Piliscs\u00e9v, Tokod, Tokodalt\u00e1r\u00f3, Csolnok, Esztergom-kertv\u00e1ros: h\u00edrek, programok\",\"publisher\":{\"@id\":\"https:\\\/\\\/dorogimedence.hu\\\/#organization\"},\"potentialAction\":[{\"@type\":\"SearchAction\",\"target\":{\"@type\":\"EntryPoint\",\"urlTemplate\":\"https:\\\/\\\/dorogimedence.hu\\\/?s={search_term_string}\"},\"query-input\":{\"@type\":\"PropertyValueSpecification\",\"valueRequired\":true,\"valueName\":\"search_term_string\"}}],\"inLanguage\":\"hu\"},{\"@type\":\"Organization\",\"@id\":\"https:\\\/\\\/dorogimedence.hu\\\/#organization\",\"name\":\"Dorogi-medence Region\u00e1lis H\u00edrport\u00e1l\",\"url\":\"https:\\\/\\\/dorogimedence.hu\\\/\",\"logo\":{\"@type\":\"ImageObject\",\"inLanguage\":\"hu\",\"@id\":\"https:\\\/\\\/dorogimedence.hu\\\/#\\\/schema\\\/logo\\\/image\\\/\",\"url\":\"https:\\\/\\\/dorogimedence.hu\\\/wp-content\\\/uploads\\\/2021\\\/04\\\/logo-feher-600.png\",\"contentUrl\":\"https:\\\/\\\/dorogimedence.hu\\\/wp-content\\\/uploads\\\/2021\\\/04\\\/logo-feher-600.png\",\"width\":600,\"height\":100,\"caption\":\"Dorogi-medence Region\u00e1lis H\u00edrport\u00e1l\"},\"image\":{\"@id\":\"https:\\\/\\\/dorogimedence.hu\\\/#\\\/schema\\\/logo\\\/image\\\/\"},\"sameAs\":[\"https:\\\/\\\/www.facebook.com\\\/dorogimedence\\\/\"]},{\"@type\":\"Person\",\"@id\":\"https:\\\/\\\/dorogimedence.hu\\\/#\\\/schema\\\/person\\\/ce6091eeb7e95ecdc87890d6aa8e0fd4\",\"name\":\"dorogimedence.hu\",\"image\":{\"@type\":\"ImageObject\",\"inLanguage\":\"hu\",\"@id\":\"\\\/\\\/www.gravatar.com\\\/avatar\\\/d8d45f8901aadff40a4af72c0b826f1d?s=96&#038;r=g&#038;d=mm\",\"url\":\"\\\/\\\/www.gravatar.com\\\/avatar\\\/d8d45f8901aadff40a4af72c0b826f1d?s=96&#038;r=g&#038;d=mm\",\"contentUrl\":\"\\\/\\\/www.gravatar.com\\\/avatar\\\/d8d45f8901aadff40a4af72c0b826f1d?s=96&#038;r=g&#038;d=mm\",\"caption\":\"dorogimedence.hu\"}}]}<\/script>\n<!-- \/ Yoast SEO plugin. -->","yoast_head_json":{"title":"Orsz\u00e1gos szinten naponta fert\u0151tlen\u00edtik a vonatokat","robots":{"index":"index","follow":"follow","max-snippet":"max-snippet:-1","max-image-preview":"max-image-preview:large","max-video-preview":"max-video-preview:-1"},"canonical":"https:\/\/dorogimedence.hu\/index.php\/2020\/11\/10\/orszagos-szinten-naponta-fertotlenitik-a-vonatokat\/","og_locale":"hu_HU","og_type":"article","og_title":"Orsz\u00e1gos szinten naponta fert\u0151tlen\u00edtik a vonatokat","og_description":"A k\u00f6z\u00f6ss\u00e9gi k\u00f6zleked\u00e9s fenntart\u00e1sa kiemelten fontos a mindennapi \u00e9let, a gazdas\u00e1g m\u0171k\u00f6dtet\u00e9se \u00e9rdek\u00e9ben. A M\u00c1V-csoport tov\u00e1bbra is biztos\u00edtja a folyamatos \u00e9s biztons\u00e1gos szem\u00e9ly- \u00e9s \u00e1rusz\u00e1ll\u00edt\u00e1st. A fokoz\u00f3d\u00f3 j\u00e1rv\u00e1ny\u00fcgyi helyzetre val\u00f3 tekintettel, november 10-t\u0151l \u00fajra napi szinten fert\u0151tlen\u00edtik a vas\u00fatt\u00e1rsas\u00e1g j\u00e1rm\u0171parkj\u00e1t. Szeptember \u00f3ta az el\u0151v\u00e1rosban \u00e9s a nemzetk\u00f6zi vonatokon m\u00e1r napi emeltszint\u0171 fert\u0151tlen\u00edt\u00e9s volt \u00e9rv\u00e9nyben, keddt\u0151l","og_url":"https:\/\/dorogimedence.hu\/index.php\/2020\/11\/10\/orszagos-szinten-naponta-fertotlenitik-a-vonatokat\/","og_site_name":"Dorogi-medence Region\u00e1lis H\u00edrport\u00e1l","article_publisher":"https:\/\/www.facebook.com\/dorogimedence\/","article_published_time":"2020-11-10T11:25:11+00:00","article_modified_time":"2020-11-10T11:25:23+00:00","og_image":[{"width":830,"height":450,"url":"https:\/\/i0.wp.com\/dorogimedence.hu\/wp-content\/uploads\/2020\/11\/vonat-takaritas.jpg?fit=830%2C450&ssl=1","type":"image\/jpeg"}],"author":"dorogimedence.hu","twitter_card":"summary_large_image","twitter_misc":{"Szerz\u0151:":"dorogimedence.hu","Becs\u00fclt olvas\u00e1si id\u0151":"3 perc"},"schema":{"@context":"https:\/\/schema.org","@graph":[{"@type":"Article","@id":"https:\/\/dorogimedence.hu\/index.php\/2020\/11\/10\/orszagos-szinten-naponta-fertotlenitik-a-vonatokat\/#article","isPartOf":{"@id":"https:\/\/dorogimedence.hu\/index.php\/2020\/11\/10\/orszagos-szinten-naponta-fertotlenitik-a-vonatokat\/"},"author":{"name":"dorogimedence.hu","@id":"https:\/\/dorogimedence.hu\/#\/schema\/person\/ce6091eeb7e95ecdc87890d6aa8e0fd4"},"headline":"Orsz\u00e1gos szinten naponta fert\u0151tlen\u00edtik a vonatokat","datePublished":"2020-11-10T11:25:11+00:00","dateModified":"2020-11-10T11:25:23+00:00","mainEntityOfPage":{"@id":"https:\/\/dorogimedence.hu\/index.php\/2020\/11\/10\/orszagos-szinten-naponta-fertotlenitik-a-vonatokat\/"},"wordCount":544,"publisher":{"@id":"https:\/\/dorogimedence.hu\/#organization"},"image":{"@id":"https:\/\/dorogimedence.hu\/index.php\/2020\/11\/10\/orszagos-szinten-naponta-fertotlenitik-a-vonatokat\/#primaryimage"},"thumbnailUrl":"https:\/\/dorogimedence.hu\/wp-content\/uploads\/2020\/11\/vonat-takaritas.jpg","keywords":["fert\u0151tlen\u00edt\u00e9s","koronav\u00edrus","m\u00e1v","vas\u00fat","vonat"],"articleSection":["H\u00edrek"],"inLanguage":"hu"},{"@type":"WebPage","@id":"https:\/\/dorogimedence.hu\/index.php\/2020\/11\/10\/orszagos-szinten-naponta-fertotlenitik-a-vonatokat\/","url":"https:\/\/dorogimedence.hu\/index.php\/2020\/11\/10\/orszagos-szinten-naponta-fertotlenitik-a-vonatokat\/","name":"Orsz\u00e1gos szinten naponta fert\u0151tlen\u00edtik a vonatokat","isPartOf":{"@id":"https:\/\/dorogimedence.hu\/#website"},"primaryImageOfPage":{"@id":"https:\/\/dorogimedence.hu\/index.php\/2020\/11\/10\/orszagos-szinten-naponta-fertotlenitik-a-vonatokat\/#primaryimage"},"image":{"@id":"https:\/\/dorogimedence.hu\/index.php\/2020\/11\/10\/orszagos-szinten-naponta-fertotlenitik-a-vonatokat\/#primaryimage"},"thumbnailUrl":"https:\/\/dorogimedence.hu\/wp-content\/uploads\/2020\/11\/vonat-takaritas.jpg","datePublished":"2020-11-10T11:25:11+00:00","dateModified":"2020-11-10T11:25:23+00:00","breadcrumb":{"@id":"https:\/\/dorogimedence.hu\/index.php\/2020\/11\/10\/orszagos-szinten-naponta-fertotlenitik-a-vonatokat\/#breadcrumb"},"inLanguage":"hu","potentialAction":[{"@type":"ReadAction","target":["https:\/\/dorogimedence.hu\/index.php\/2020\/11\/10\/orszagos-szinten-naponta-fertotlenitik-a-vonatokat\/"]}]},{"@type":"ImageObject","inLanguage":"hu","@id":"https:\/\/dorogimedence.hu\/index.php\/2020\/11\/10\/orszagos-szinten-naponta-fertotlenitik-a-vonatokat\/#primaryimage","url":"https:\/\/dorogimedence.hu\/wp-content\/uploads\/2020\/11\/vonat-takaritas.jpg","contentUrl":"https:\/\/dorogimedence.hu\/wp-content\/uploads\/2020\/11\/vonat-takaritas.jpg","width":830,"height":450},{"@type":"BreadcrumbList","@id":"https:\/\/dorogimedence.hu\/index.php\/2020\/11\/10\/orszagos-szinten-naponta-fertotlenitik-a-vonatokat\/#breadcrumb","itemListElement":[{"@type":"ListItem","position":1,"name":"Kezd\u0151lap","item":"https:\/\/dorogimedence.hu\/"},{"@type":"ListItem","position":2,"name":"Orsz\u00e1gos szinten naponta fert\u0151tlen\u00edtik a vonatokat"}]},{"@type":"WebSite","@id":"https:\/\/dorogimedence.hu\/#website","url":"https:\/\/dorogimedence.hu\/","name":"Dorogi-medence Region\u00e1lis H\u00edrport\u00e1l","description":"Dorog, Keszt\u00f6lc, Le\u00e1nyv\u00e1r, Piliscs\u00e9v, Tokod, Tokodalt\u00e1r\u00f3, Csolnok, Esztergom-kertv\u00e1ros: h\u00edrek, programok","publisher":{"@id":"https:\/\/dorogimedence.hu\/#organization"},"potentialAction":[{"@type":"SearchAction","target":{"@type":"EntryPoint","urlTemplate":"https:\/\/dorogimedence.hu\/?s={search_term_string}"},"query-input":{"@type":"PropertyValueSpecification","valueRequired":true,"valueName":"search_term_string"}}],"inLanguage":"hu"},{"@type":"Organization","@id":"https:\/\/dorogimedence.hu\/#organization","name":"Dorogi-medence Region\u00e1lis H\u00edrport\u00e1l","url":"https:\/\/dorogimedence.hu\/","logo":{"@type":"ImageObject","inLanguage":"hu","@id":"https:\/\/dorogimedence.hu\/#\/schema\/logo\/image\/","url":"https:\/\/dorogimedence.hu\/wp-content\/uploads\/2021\/04\/logo-feher-600.png","contentUrl":"https:\/\/dorogimedence.hu\/wp-content\/uploads\/2021\/04\/logo-feher-600.png","width":600,"height":100,"caption":"Dorogi-medence Region\u00e1lis H\u00edrport\u00e1l"},"image":{"@id":"https:\/\/dorogimedence.hu\/#\/schema\/logo\/image\/"},"sameAs":["https:\/\/www.facebook.com\/dorogimedence\/"]},{"@type":"Person","@id":"https:\/\/dorogimedence.hu\/#\/schema\/person\/ce6091eeb7e95ecdc87890d6aa8e0fd4","name":"dorogimedence.hu","image":{"@type":"ImageObject","inLanguage":"hu","@id":"\/\/www.gravatar.com\/avatar\/d8d45f8901aadff40a4af72c0b826f1d?s=96&#038;r=g&#038;d=mm","url":"\/\/www.gravatar.com\/avatar\/d8d45f8901aadff40a4af72c0b826f1d?s=96&#038;r=g&#038;d=mm","contentUrl":"\/\/www.gravatar.com\/avatar\/d8d45f8901aadff40a4af72c0b826f1d?s=96&#038;r=g&#038;d=mm","caption":"dorogimedence.hu"}}]}},"_links":{"self":[{"href":"https:\/\/dorogimedence.hu\/index.php\/wp-json\/wp\/v2\/posts\/28511","targetHints":{"allow":["GET"]}}],"collection":[{"href":"https:\/\/dorogimedence.hu\/index.php\/wp-json\/wp\/v2\/posts"}],"about":[{"href":"https:\/\/dorogimedence.hu\/index.php\/wp-json\/wp\/v2\/types\/post"}],"author":[{"embeddable":true,"href":"https:\/\/dorogimedence.hu\/index.php\/wp-json\/wp\/v2\/users\/1"}],"replies":[{"embeddable":true,"href":"https:\/\/dorogimedence.hu\/index.php\/wp-json\/wp\/v2\/comments?post=28511"}],"version-history":[{"count":0,"href":"https:\/\/dorogimedence.hu\/index.php\/wp-json\/wp\/v2\/posts\/28511\/revisions"}],"wp:featuredmedia":[{"embeddable":true,"href":"https:\/\/dorogimedence.hu\/index.php\/wp-json\/wp\/v2\/media\/28512"}],"wp:attachment":[{"href":"https:\/\/dorogimedence.hu\/index.php\/wp-json\/wp\/v2\/media?parent=28511"}],"wp:term":[{"taxonomy":"category","embeddable":true,"href":"https:\/\/dorogimedence.hu\/index.php\/wp-json\/wp\/v2\/categories?post=28511"},{"taxonomy":"post_tag","embeddable":true,"href":"https:\/\/dorogimedence.hu\/index.php\/wp-json\/wp\/v2\/tags?post=28511"}],"curies":[{"name":"wp","href":"https:\/\/api.w.org\/{rel}","templated":true}]}}