{"id":28501,"date":"2020-11-10T10:19:45","date_gmt":"2020-11-10T09:19:45","guid":{"rendered":"http:\/\/dorogimedence.hu\/?p=28501"},"modified":"2020-11-10T10:22:29","modified_gmt":"2020-11-10T09:22:29","slug":"tarsashazak-tuzbiztonsaga-napok","status":"publish","type":"post","link":"https:\/\/dorogimedence.hu\/index.php\/2020\/11\/10\/tarsashazak-tuzbiztonsaga-napok\/","title":{"rendered":"T\u00e1rsash\u00e1zak T\u0171zbiztons\u00e1ga Napok"},"content":{"rendered":"<div class=\"article-descript\">\n<p><strong>A t\u00e1rsash\u00e1zak t\u0171zbiztons\u00e1ga \u00e9rdek\u00e9ben a katasztr\u00f3fav\u00e9delmi kirendelts\u00e9gek a t\u00e1rsash\u00e1zak \u00fczemeltet\u0151i sz\u00e1m\u00e1ra a T\u00e1rsash\u00e1zak T\u0171zbiztons\u00e1ga Napok t\u00e1j\u00e9koztat\u00f3 keret\u00e9ben az idei \u00e9v november\u00e9ben is biztos\u00edtanak \u201eszem\u00e9lyre szabott\u201d egyeztet\u00e9si lehet\u0151s\u00e9get, azonban a pand\u00e9mi\u00e1s helyzetre tekintettel fokozott \u00f3vint\u00e9zked\u00e9sek betart\u00e1s\u00e1val.<\/strong><\/p>\n<\/div>\n<div class=\"text\">\n<p>A konzult\u00e1ci\u00f3 c\u00e9lja a t\u00e1rsash\u00e1zak k\u00f6z\u00f6s k\u00e9pvisel\u0151inek, kezel\u0151inek, \u00fczemeltet\u0151inek egyedi t\u00e1j\u00e9koztat\u00e1sa az \u00e1ltaluk k\u00e9pviselt, \u00fczemeltetett \u00e9p\u00fcletre vonatkoz\u00f3 t\u0171zv\u00e9delmi el\u0151\u00edr\u00e1sokr\u00f3l, a hat\u00f3s\u00e1gi ellen\u0151rz\u00e9s sor\u00e1n ott tapasztalt esetleges hi\u00e1nyoss\u00e1gokr\u00f3l, azok megsz\u00fcntet\u00e9s\u00e9nek lehet\u0151s\u00e9geir\u0151l.<\/p>\n<p>Az \u00e9rdekl\u0151d\u0151knek a kirendelts\u00e9gek biztos\u00edtj\u00e1k a lehet\u0151s\u00e9get, hogy a regisztr\u00e1ci\u00f3t k\u00f6vet\u0151en el\u0151zetesen is k\u00e9rd\u00e9seket tegyenek fel, majd a t\u00e1j\u00e9koztat\u00e1sokat a konkr\u00e9t \u00e9p\u00fcletekre vonatkoz\u00f3an adj\u00e1k meg. A hat\u00f3s\u00e1gi tapasztalatok alapj\u00e1n, a helyi saj\u00e1toss\u00e1gokra jellemz\u0151 t\u00e9majavaslatok els\u0151sorban: szem\u00e9tledob\u00f3k \u00e1t\u00e9p\u00edt\u00e9se, sz\u00e1razfelsz\u00e1ll\u00f3-vezet\u00e9k \u00e1t\u00e9p\u00edt\u00e9se, ut\u00f3lagos homlokzati h\u0151szigetel\u00e9ssel kapcsolatos t\u0171zv\u00e9delmi k\u00f6vetelm\u00e9nyek, ny\u00edlt l\u00e1ng biztons\u00e1gos haszn\u00e1lata a h\u00e1ztart\u00e1sban, k\u00f6z\u00f6s ter\u00fcletek haszn\u00e1lati szab\u00e1lyai, vesz\u00e9lyes anyagok t\u00e1rol\u00e1si szab\u00e1lyai.<\/p>\n<p><span style=\"color: #ff0000;\">Az egyeztet\u00e9st elektronikus m\u00f3don vagy telefonon lehet lebonyol\u00edtani.<\/span><\/p>\n<p><strong>A helyi katasztr\u00f3fav\u00e9delmi kirendelts\u00e9g el\u00e9rhet\u0151s\u00e9gei:<\/strong><\/p>\n<p>Esztergomi Katasztr\u00f3fav\u00e9delmi Kirendelts\u00e9g (Esztergom, Nyerges\u00fajfalu \u00e9s t\u00e9rs\u00e9ge): +36-34-309-045, esztergom.kk@katved.gov.hu<\/p>\n<p><strong>Id\u0151pontok:<\/strong> november 23. h\u00e9tf\u0151 08.00-12.00 \u00e9s november 25. szerda 08.00-12.00<\/p>\n<p><em>Forr\u00e1s: komarom.katasztrofavedelem.hu<\/em><\/p>\n<\/div>\n","protected":false},"excerpt":{"rendered":"<p>A t\u00e1rsash\u00e1zak t\u0171zbiztons\u00e1ga \u00e9rdek\u00e9ben a katasztr\u00f3fav\u00e9delmi kirendelts\u00e9gek a t\u00e1rsash\u00e1zak \u00fczemeltet\u0151i sz\u00e1m\u00e1ra a T\u00e1rsash\u00e1zak T\u0171zbiztons\u00e1ga Napok t\u00e1j\u00e9koztat\u00f3 keret\u00e9ben az idei \u00e9v november\u00e9ben is biztos\u00edtanak \u201eszem\u00e9lyre szabott\u201d egyeztet\u00e9si lehet\u0151s\u00e9get, azonban a pand\u00e9mi\u00e1s helyzetre tekintettel fokozott \u00f3vint\u00e9zked\u00e9sek betart\u00e1s\u00e1val. A konzult\u00e1ci\u00f3 c\u00e9lja a t\u00e1rsash\u00e1zak k\u00f6z\u00f6s k\u00e9pvisel\u0151inek, kezel\u0151inek, \u00fczemeltet\u0151inek egyedi t\u00e1j\u00e9koztat\u00e1sa az \u00e1ltaluk k\u00e9pviselt, \u00fczemeltetett \u00e9p\u00fcletre vonatkoz\u00f3 t\u0171zv\u00e9delmi el\u0151\u00edr\u00e1sokr\u00f3l, a<\/p>\n","protected":false},"author":1,"featured_media":28502,"comment_status":"closed","ping_status":"closed","sticky":false,"template":"","format":"standard","meta":{"ngg_post_thumbnail":0,"footnotes":""},"categories":[38,3],"tags":[42,175,65],"class_list":{"0":"post-28501","1":"post","2":"type-post","3":"status-publish","4":"format-standard","5":"has-post-thumbnail","7":"category-esztergom","8":"category-hirek","9":"tag-esztergom","10":"tag-katasztrofavedelem","11":"tag-tuzoltosag"},"yoast_head":"<!-- This site is optimized with the Yoast SEO plugin v27.5 - https:\/\/yoast.com\/product\/yoast-seo-wordpress\/ -->\n<title>T\u00e1rsash\u00e1zak T\u0171zbiztons\u00e1ga Napok<\/title>\n<meta name=\"robots\" content=\"index, follow, max-snippet:-1, max-image-preview:large, max-video-preview:-1\" \/>\n<link rel=\"canonical\" href=\"https:\/\/dorogimedence.hu\/index.php\/2020\/11\/10\/tarsashazak-tuzbiztonsaga-napok\/\" class=\"yoast-seo-meta-tag\" \/>\n<meta property=\"og:locale\" content=\"hu_HU\" class=\"yoast-seo-meta-tag\" \/>\n<meta property=\"og:type\" content=\"article\" class=\"yoast-seo-meta-tag\" \/>\n<meta property=\"og:title\" content=\"T\u00e1rsash\u00e1zak T\u0171zbiztons\u00e1ga Napok\" class=\"yoast-seo-meta-tag\" \/>\n<meta property=\"og:description\" content=\"A t\u00e1rsash\u00e1zak t\u0171zbiztons\u00e1ga \u00e9rdek\u00e9ben a katasztr\u00f3fav\u00e9delmi kirendelts\u00e9gek a t\u00e1rsash\u00e1zak \u00fczemeltet\u0151i sz\u00e1m\u00e1ra a T\u00e1rsash\u00e1zak T\u0171zbiztons\u00e1ga Napok t\u00e1j\u00e9koztat\u00f3 keret\u00e9ben az idei \u00e9v november\u00e9ben is biztos\u00edtanak \u201eszem\u00e9lyre szabott\u201d egyeztet\u00e9si lehet\u0151s\u00e9get, azonban a pand\u00e9mi\u00e1s helyzetre tekintettel fokozott \u00f3vint\u00e9zked\u00e9sek betart\u00e1s\u00e1val. A konzult\u00e1ci\u00f3 c\u00e9lja a t\u00e1rsash\u00e1zak k\u00f6z\u00f6s k\u00e9pvisel\u0151inek, kezel\u0151inek, \u00fczemeltet\u0151inek egyedi t\u00e1j\u00e9koztat\u00e1sa az \u00e1ltaluk k\u00e9pviselt, \u00fczemeltetett \u00e9p\u00fcletre vonatkoz\u00f3 t\u0171zv\u00e9delmi el\u0151\u00edr\u00e1sokr\u00f3l, a\" class=\"yoast-seo-meta-tag\" \/>\n<meta property=\"og:url\" content=\"https:\/\/dorogimedence.hu\/index.php\/2020\/11\/10\/tarsashazak-tuzbiztonsaga-napok\/\" class=\"yoast-seo-meta-tag\" \/>\n<meta property=\"og:site_name\" content=\"Dorogi-medence Region\u00e1lis H\u00edrport\u00e1l\" class=\"yoast-seo-meta-tag\" \/>\n<meta property=\"article:publisher\" content=\"https:\/\/www.facebook.com\/dorogimedence\/\" class=\"yoast-seo-meta-tag\" \/>\n<meta property=\"article:published_time\" content=\"2020-11-10T09:19:45+00:00\" class=\"yoast-seo-meta-tag\" \/>\n<meta property=\"article:modified_time\" content=\"2020-11-10T09:22:29+00:00\" class=\"yoast-seo-meta-tag\" \/>\n<meta property=\"og:image\" content=\"https:\/\/i0.wp.com\/dorogimedence.hu\/wp-content\/uploads\/2020\/11\/porolto.jpg?fit=830%2C450&ssl=1\" class=\"yoast-seo-meta-tag\" \/>\n\t<meta property=\"og:image:width\" content=\"830\" class=\"yoast-seo-meta-tag\" \/>\n\t<meta property=\"og:image:height\" content=\"450\" class=\"yoast-seo-meta-tag\" \/>\n\t<meta property=\"og:image:type\" content=\"image\/jpeg\" class=\"yoast-seo-meta-tag\" \/>\n<meta name=\"author\" content=\"dorogimedence.hu\" class=\"yoast-seo-meta-tag\" \/>\n<meta name=\"twitter:card\" content=\"summary_large_image\" class=\"yoast-seo-meta-tag\" \/>\n<meta name=\"twitter:label1\" content=\"Szerz\u0151:\" class=\"yoast-seo-meta-tag\" \/>\n\t<meta name=\"twitter:data1\" content=\"dorogimedence.hu\" class=\"yoast-seo-meta-tag\" \/>\n\t<meta name=\"twitter:label2\" content=\"Becs\u00fclt olvas\u00e1si id\u0151\" class=\"yoast-seo-meta-tag\" \/>\n\t<meta name=\"twitter:data2\" content=\"2 perc\" class=\"yoast-seo-meta-tag\" \/>\n<script type=\"application\/ld+json\" class=\"yoast-schema-graph\">{\"@context\":\"https:\\\/\\\/schema.org\",\"@graph\":[{\"@type\":\"Article\",\"@id\":\"https:\\\/\\\/dorogimedence.hu\\\/index.php\\\/2020\\\/11\\\/10\\\/tarsashazak-tuzbiztonsaga-napok\\\/#article\",\"isPartOf\":{\"@id\":\"https:\\\/\\\/dorogimedence.hu\\\/index.php\\\/2020\\\/11\\\/10\\\/tarsashazak-tuzbiztonsaga-napok\\\/\"},\"author\":{\"name\":\"dorogimedence.hu\",\"@id\":\"https:\\\/\\\/dorogimedence.hu\\\/#\\\/schema\\\/person\\\/ce6091eeb7e95ecdc87890d6aa8e0fd4\"},\"headline\":\"T\u00e1rsash\u00e1zak T\u0171zbiztons\u00e1ga Napok\",\"datePublished\":\"2020-11-10T09:19:45+00:00\",\"dateModified\":\"2020-11-10T09:22:29+00:00\",\"mainEntityOfPage\":{\"@id\":\"https:\\\/\\\/dorogimedence.hu\\\/index.php\\\/2020\\\/11\\\/10\\\/tarsashazak-tuzbiztonsaga-napok\\\/\"},\"wordCount\":317,\"publisher\":{\"@id\":\"https:\\\/\\\/dorogimedence.hu\\\/#organization\"},\"image\":{\"@id\":\"https:\\\/\\\/dorogimedence.hu\\\/index.php\\\/2020\\\/11\\\/10\\\/tarsashazak-tuzbiztonsaga-napok\\\/#primaryimage\"},\"thumbnailUrl\":\"https:\\\/\\\/dorogimedence.hu\\\/wp-content\\\/uploads\\\/2020\\\/11\\\/porolto.jpg\",\"keywords\":[\"esztergom\",\"katasztr\u00f3fav\u00e9delem\",\"t\u0171zolt\u00f3s\u00e1g\"],\"articleSection\":[\"Esztergom\",\"H\u00edrek\"],\"inLanguage\":\"hu\"},{\"@type\":\"WebPage\",\"@id\":\"https:\\\/\\\/dorogimedence.hu\\\/index.php\\\/2020\\\/11\\\/10\\\/tarsashazak-tuzbiztonsaga-napok\\\/\",\"url\":\"https:\\\/\\\/dorogimedence.hu\\\/index.php\\\/2020\\\/11\\\/10\\\/tarsashazak-tuzbiztonsaga-napok\\\/\",\"name\":\"T\u00e1rsash\u00e1zak T\u0171zbiztons\u00e1ga Napok\",\"isPartOf\":{\"@id\":\"https:\\\/\\\/dorogimedence.hu\\\/#website\"},\"primaryImageOfPage\":{\"@id\":\"https:\\\/\\\/dorogimedence.hu\\\/index.php\\\/2020\\\/11\\\/10\\\/tarsashazak-tuzbiztonsaga-napok\\\/#primaryimage\"},\"image\":{\"@id\":\"https:\\\/\\\/dorogimedence.hu\\\/index.php\\\/2020\\\/11\\\/10\\\/tarsashazak-tuzbiztonsaga-napok\\\/#primaryimage\"},\"thumbnailUrl\":\"https:\\\/\\\/dorogimedence.hu\\\/wp-content\\\/uploads\\\/2020\\\/11\\\/porolto.jpg\",\"datePublished\":\"2020-11-10T09:19:45+00:00\",\"dateModified\":\"2020-11-10T09:22:29+00:00\",\"breadcrumb\":{\"@id\":\"https:\\\/\\\/dorogimedence.hu\\\/index.php\\\/2020\\\/11\\\/10\\\/tarsashazak-tuzbiztonsaga-napok\\\/#breadcrumb\"},\"inLanguage\":\"hu\",\"potentialAction\":[{\"@type\":\"ReadAction\",\"target\":[\"https:\\\/\\\/dorogimedence.hu\\\/index.php\\\/2020\\\/11\\\/10\\\/tarsashazak-tuzbiztonsaga-napok\\\/\"]}]},{\"@type\":\"ImageObject\",\"inLanguage\":\"hu\",\"@id\":\"https:\\\/\\\/dorogimedence.hu\\\/index.php\\\/2020\\\/11\\\/10\\\/tarsashazak-tuzbiztonsaga-napok\\\/#primaryimage\",\"url\":\"https:\\\/\\\/dorogimedence.hu\\\/wp-content\\\/uploads\\\/2020\\\/11\\\/porolto.jpg\",\"contentUrl\":\"https:\\\/\\\/dorogimedence.hu\\\/wp-content\\\/uploads\\\/2020\\\/11\\\/porolto.jpg\",\"width\":830,\"height\":450},{\"@type\":\"BreadcrumbList\",\"@id\":\"https:\\\/\\\/dorogimedence.hu\\\/index.php\\\/2020\\\/11\\\/10\\\/tarsashazak-tuzbiztonsaga-napok\\\/#breadcrumb\",\"itemListElement\":[{\"@type\":\"ListItem\",\"position\":1,\"name\":\"Kezd\u0151lap\",\"item\":\"https:\\\/\\\/dorogimedence.hu\\\/\"},{\"@type\":\"ListItem\",\"position\":2,\"name\":\"T\u00e1rsash\u00e1zak T\u0171zbiztons\u00e1ga Napok\"}]},{\"@type\":\"WebSite\",\"@id\":\"https:\\\/\\\/dorogimedence.hu\\\/#website\",\"url\":\"https:\\\/\\\/dorogimedence.hu\\\/\",\"name\":\"Dorogi-medence Region\u00e1lis H\u00edrport\u00e1l\",\"description\":\"Dorog, Keszt\u00f6lc, Le\u00e1nyv\u00e1r, Piliscs\u00e9v, Tokod, Tokodalt\u00e1r\u00f3, Csolnok, Esztergom-kertv\u00e1ros: h\u00edrek, programok\",\"publisher\":{\"@id\":\"https:\\\/\\\/dorogimedence.hu\\\/#organization\"},\"potentialAction\":[{\"@type\":\"SearchAction\",\"target\":{\"@type\":\"EntryPoint\",\"urlTemplate\":\"https:\\\/\\\/dorogimedence.hu\\\/?s={search_term_string}\"},\"query-input\":{\"@type\":\"PropertyValueSpecification\",\"valueRequired\":true,\"valueName\":\"search_term_string\"}}],\"inLanguage\":\"hu\"},{\"@type\":\"Organization\",\"@id\":\"https:\\\/\\\/dorogimedence.hu\\\/#organization\",\"name\":\"Dorogi-medence Region\u00e1lis H\u00edrport\u00e1l\",\"url\":\"https:\\\/\\\/dorogimedence.hu\\\/\",\"logo\":{\"@type\":\"ImageObject\",\"inLanguage\":\"hu\",\"@id\":\"https:\\\/\\\/dorogimedence.hu\\\/#\\\/schema\\\/logo\\\/image\\\/\",\"url\":\"https:\\\/\\\/dorogimedence.hu\\\/wp-content\\\/uploads\\\/2021\\\/04\\\/logo-feher-600.png\",\"contentUrl\":\"https:\\\/\\\/dorogimedence.hu\\\/wp-content\\\/uploads\\\/2021\\\/04\\\/logo-feher-600.png\",\"width\":600,\"height\":100,\"caption\":\"Dorogi-medence Region\u00e1lis H\u00edrport\u00e1l\"},\"image\":{\"@id\":\"https:\\\/\\\/dorogimedence.hu\\\/#\\\/schema\\\/logo\\\/image\\\/\"},\"sameAs\":[\"https:\\\/\\\/www.facebook.com\\\/dorogimedence\\\/\"]},{\"@type\":\"Person\",\"@id\":\"https:\\\/\\\/dorogimedence.hu\\\/#\\\/schema\\\/person\\\/ce6091eeb7e95ecdc87890d6aa8e0fd4\",\"name\":\"dorogimedence.hu\",\"image\":{\"@type\":\"ImageObject\",\"inLanguage\":\"hu\",\"@id\":\"\\\/\\\/www.gravatar.com\\\/avatar\\\/d8d45f8901aadff40a4af72c0b826f1d?s=96&#038;r=g&#038;d=mm\",\"url\":\"\\\/\\\/www.gravatar.com\\\/avatar\\\/d8d45f8901aadff40a4af72c0b826f1d?s=96&#038;r=g&#038;d=mm\",\"contentUrl\":\"\\\/\\\/www.gravatar.com\\\/avatar\\\/d8d45f8901aadff40a4af72c0b826f1d?s=96&#038;r=g&#038;d=mm\",\"caption\":\"dorogimedence.hu\"}}]}<\/script>\n<!-- \/ Yoast SEO plugin. -->","yoast_head_json":{"title":"T\u00e1rsash\u00e1zak T\u0171zbiztons\u00e1ga Napok","robots":{"index":"index","follow":"follow","max-snippet":"max-snippet:-1","max-image-preview":"max-image-preview:large","max-video-preview":"max-video-preview:-1"},"canonical":"https:\/\/dorogimedence.hu\/index.php\/2020\/11\/10\/tarsashazak-tuzbiztonsaga-napok\/","og_locale":"hu_HU","og_type":"article","og_title":"T\u00e1rsash\u00e1zak T\u0171zbiztons\u00e1ga Napok","og_description":"A t\u00e1rsash\u00e1zak t\u0171zbiztons\u00e1ga \u00e9rdek\u00e9ben a katasztr\u00f3fav\u00e9delmi kirendelts\u00e9gek a t\u00e1rsash\u00e1zak \u00fczemeltet\u0151i sz\u00e1m\u00e1ra a T\u00e1rsash\u00e1zak T\u0171zbiztons\u00e1ga Napok t\u00e1j\u00e9koztat\u00f3 keret\u00e9ben az idei \u00e9v november\u00e9ben is biztos\u00edtanak \u201eszem\u00e9lyre szabott\u201d egyeztet\u00e9si lehet\u0151s\u00e9get, azonban a pand\u00e9mi\u00e1s helyzetre tekintettel fokozott \u00f3vint\u00e9zked\u00e9sek betart\u00e1s\u00e1val. A konzult\u00e1ci\u00f3 c\u00e9lja a t\u00e1rsash\u00e1zak k\u00f6z\u00f6s k\u00e9pvisel\u0151inek, kezel\u0151inek, \u00fczemeltet\u0151inek egyedi t\u00e1j\u00e9koztat\u00e1sa az \u00e1ltaluk k\u00e9pviselt, \u00fczemeltetett \u00e9p\u00fcletre vonatkoz\u00f3 t\u0171zv\u00e9delmi el\u0151\u00edr\u00e1sokr\u00f3l, a","og_url":"https:\/\/dorogimedence.hu\/index.php\/2020\/11\/10\/tarsashazak-tuzbiztonsaga-napok\/","og_site_name":"Dorogi-medence Region\u00e1lis H\u00edrport\u00e1l","article_publisher":"https:\/\/www.facebook.com\/dorogimedence\/","article_published_time":"2020-11-10T09:19:45+00:00","article_modified_time":"2020-11-10T09:22:29+00:00","og_image":[{"width":830,"height":450,"url":"https:\/\/i0.wp.com\/dorogimedence.hu\/wp-content\/uploads\/2020\/11\/porolto.jpg?fit=830%2C450&ssl=1","type":"image\/jpeg"}],"author":"dorogimedence.hu","twitter_card":"summary_large_image","twitter_misc":{"Szerz\u0151:":"dorogimedence.hu","Becs\u00fclt olvas\u00e1si id\u0151":"2 perc"},"schema":{"@context":"https:\/\/schema.org","@graph":[{"@type":"Article","@id":"https:\/\/dorogimedence.hu\/index.php\/2020\/11\/10\/tarsashazak-tuzbiztonsaga-napok\/#article","isPartOf":{"@id":"https:\/\/dorogimedence.hu\/index.php\/2020\/11\/10\/tarsashazak-tuzbiztonsaga-napok\/"},"author":{"name":"dorogimedence.hu","@id":"https:\/\/dorogimedence.hu\/#\/schema\/person\/ce6091eeb7e95ecdc87890d6aa8e0fd4"},"headline":"T\u00e1rsash\u00e1zak T\u0171zbiztons\u00e1ga Napok","datePublished":"2020-11-10T09:19:45+00:00","dateModified":"2020-11-10T09:22:29+00:00","mainEntityOfPage":{"@id":"https:\/\/dorogimedence.hu\/index.php\/2020\/11\/10\/tarsashazak-tuzbiztonsaga-napok\/"},"wordCount":317,"publisher":{"@id":"https:\/\/dorogimedence.hu\/#organization"},"image":{"@id":"https:\/\/dorogimedence.hu\/index.php\/2020\/11\/10\/tarsashazak-tuzbiztonsaga-napok\/#primaryimage"},"thumbnailUrl":"https:\/\/dorogimedence.hu\/wp-content\/uploads\/2020\/11\/porolto.jpg","keywords":["esztergom","katasztr\u00f3fav\u00e9delem","t\u0171zolt\u00f3s\u00e1g"],"articleSection":["Esztergom","H\u00edrek"],"inLanguage":"hu"},{"@type":"WebPage","@id":"https:\/\/dorogimedence.hu\/index.php\/2020\/11\/10\/tarsashazak-tuzbiztonsaga-napok\/","url":"https:\/\/dorogimedence.hu\/index.php\/2020\/11\/10\/tarsashazak-tuzbiztonsaga-napok\/","name":"T\u00e1rsash\u00e1zak T\u0171zbiztons\u00e1ga Napok","isPartOf":{"@id":"https:\/\/dorogimedence.hu\/#website"},"primaryImageOfPage":{"@id":"https:\/\/dorogimedence.hu\/index.php\/2020\/11\/10\/tarsashazak-tuzbiztonsaga-napok\/#primaryimage"},"image":{"@id":"https:\/\/dorogimedence.hu\/index.php\/2020\/11\/10\/tarsashazak-tuzbiztonsaga-napok\/#primaryimage"},"thumbnailUrl":"https:\/\/dorogimedence.hu\/wp-content\/uploads\/2020\/11\/porolto.jpg","datePublished":"2020-11-10T09:19:45+00:00","dateModified":"2020-11-10T09:22:29+00:00","breadcrumb":{"@id":"https:\/\/dorogimedence.hu\/index.php\/2020\/11\/10\/tarsashazak-tuzbiztonsaga-napok\/#breadcrumb"},"inLanguage":"hu","potentialAction":[{"@type":"ReadAction","target":["https:\/\/dorogimedence.hu\/index.php\/2020\/11\/10\/tarsashazak-tuzbiztonsaga-napok\/"]}]},{"@type":"ImageObject","inLanguage":"hu","@id":"https:\/\/dorogimedence.hu\/index.php\/2020\/11\/10\/tarsashazak-tuzbiztonsaga-napok\/#primaryimage","url":"https:\/\/dorogimedence.hu\/wp-content\/uploads\/2020\/11\/porolto.jpg","contentUrl":"https:\/\/dorogimedence.hu\/wp-content\/uploads\/2020\/11\/porolto.jpg","width":830,"height":450},{"@type":"BreadcrumbList","@id":"https:\/\/dorogimedence.hu\/index.php\/2020\/11\/10\/tarsashazak-tuzbiztonsaga-napok\/#breadcrumb","itemListElement":[{"@type":"ListItem","position":1,"name":"Kezd\u0151lap","item":"https:\/\/dorogimedence.hu\/"},{"@type":"ListItem","position":2,"name":"T\u00e1rsash\u00e1zak T\u0171zbiztons\u00e1ga Napok"}]},{"@type":"WebSite","@id":"https:\/\/dorogimedence.hu\/#website","url":"https:\/\/dorogimedence.hu\/","name":"Dorogi-medence Region\u00e1lis H\u00edrport\u00e1l","description":"Dorog, Keszt\u00f6lc, Le\u00e1nyv\u00e1r, Piliscs\u00e9v, Tokod, Tokodalt\u00e1r\u00f3, Csolnok, Esztergom-kertv\u00e1ros: h\u00edrek, programok","publisher":{"@id":"https:\/\/dorogimedence.hu\/#organization"},"potentialAction":[{"@type":"SearchAction","target":{"@type":"EntryPoint","urlTemplate":"https:\/\/dorogimedence.hu\/?s={search_term_string}"},"query-input":{"@type":"PropertyValueSpecification","valueRequired":true,"valueName":"search_term_string"}}],"inLanguage":"hu"},{"@type":"Organization","@id":"https:\/\/dorogimedence.hu\/#organization","name":"Dorogi-medence Region\u00e1lis H\u00edrport\u00e1l","url":"https:\/\/dorogimedence.hu\/","logo":{"@type":"ImageObject","inLanguage":"hu","@id":"https:\/\/dorogimedence.hu\/#\/schema\/logo\/image\/","url":"https:\/\/dorogimedence.hu\/wp-content\/uploads\/2021\/04\/logo-feher-600.png","contentUrl":"https:\/\/dorogimedence.hu\/wp-content\/uploads\/2021\/04\/logo-feher-600.png","width":600,"height":100,"caption":"Dorogi-medence Region\u00e1lis H\u00edrport\u00e1l"},"image":{"@id":"https:\/\/dorogimedence.hu\/#\/schema\/logo\/image\/"},"sameAs":["https:\/\/www.facebook.com\/dorogimedence\/"]},{"@type":"Person","@id":"https:\/\/dorogimedence.hu\/#\/schema\/person\/ce6091eeb7e95ecdc87890d6aa8e0fd4","name":"dorogimedence.hu","image":{"@type":"ImageObject","inLanguage":"hu","@id":"\/\/www.gravatar.com\/avatar\/d8d45f8901aadff40a4af72c0b826f1d?s=96&#038;r=g&#038;d=mm","url":"\/\/www.gravatar.com\/avatar\/d8d45f8901aadff40a4af72c0b826f1d?s=96&#038;r=g&#038;d=mm","contentUrl":"\/\/www.gravatar.com\/avatar\/d8d45f8901aadff40a4af72c0b826f1d?s=96&#038;r=g&#038;d=mm","caption":"dorogimedence.hu"}}]}},"_links":{"self":[{"href":"https:\/\/dorogimedence.hu\/index.php\/wp-json\/wp\/v2\/posts\/28501","targetHints":{"allow":["GET"]}}],"collection":[{"href":"https:\/\/dorogimedence.hu\/index.php\/wp-json\/wp\/v2\/posts"}],"about":[{"href":"https:\/\/dorogimedence.hu\/index.php\/wp-json\/wp\/v2\/types\/post"}],"author":[{"embeddable":true,"href":"https:\/\/dorogimedence.hu\/index.php\/wp-json\/wp\/v2\/users\/1"}],"replies":[{"embeddable":true,"href":"https:\/\/dorogimedence.hu\/index.php\/wp-json\/wp\/v2\/comments?post=28501"}],"version-history":[{"count":0,"href":"https:\/\/dorogimedence.hu\/index.php\/wp-json\/wp\/v2\/posts\/28501\/revisions"}],"wp:featuredmedia":[{"embeddable":true,"href":"https:\/\/dorogimedence.hu\/index.php\/wp-json\/wp\/v2\/media\/28502"}],"wp:attachment":[{"href":"https:\/\/dorogimedence.hu\/index.php\/wp-json\/wp\/v2\/media?parent=28501"}],"wp:term":[{"taxonomy":"category","embeddable":true,"href":"https:\/\/dorogimedence.hu\/index.php\/wp-json\/wp\/v2\/categories?post=28501"},{"taxonomy":"post_tag","embeddable":true,"href":"https:\/\/dorogimedence.hu\/index.php\/wp-json\/wp\/v2\/tags?post=28501"}],"curies":[{"name":"wp","href":"https:\/\/api.w.org\/{rel}","templated":true}]}}