{"id":28499,"date":"2020-11-10T06:45:40","date_gmt":"2020-11-10T05:45:40","guid":{"rendered":"http:\/\/dorogimedence.hu\/?p=28499"},"modified":"2020-11-10T06:45:59","modified_gmt":"2020-11-10T05:45:59","slug":"a-motorhibat-buncselekmennyel-orvosolta","status":"publish","type":"post","link":"https:\/\/dorogimedence.hu\/index.php\/2020\/11\/10\/a-motorhibat-buncselekmennyel-orvosolta\/","title":{"rendered":"A motorhib\u00e1t b\u0171ncselekm\u00e9nnyel &#8222;orvosolta&#8221;"},"content":{"rendered":"<p><strong>Felf\u00fcggesztett b\u00f6rt\u00f6nb\u00fcntet\u00e9sre \u00edt\u00e9lhetik azt a f\u00e9rfit, aki ellen egyedi azonos\u00edt\u00f3 jel meghamis\u00edt\u00e1sa miatt ny\u00fajtottak be v\u00e1diratot.<\/strong><\/p>\n<p>A v\u00e1dirat szerint a v\u00e1dlott aut\u00f3szerel\u0151 v\u00e1llalkoz\u00f3k\u00e9nt dolgozik az Esztergomhoz k\u00f6zeli telep\u00fcl\u00e9sen. A f\u00e9rfi 2020. janu\u00e1rj\u00e1ban megv\u00e1s\u00e1rolt egy szem\u00e9lyg\u00e9pkocsit, amely motorhib\u00e1s volt. Az aut\u00f3szerel\u0151 f\u00e9rfi 2020. janu\u00e1r 28. \u00e9s 2020. j\u00falius 23. k\u00f6z\u00f6tti id\u0151ben Pilisj\u00e1szfalun megv\u00e1s\u00e1rolt egy ismeretlen azonos\u00edt\u00f3 sz\u00e1m\u00fa motorblokkot, amelynek egyedi azonos\u00edt\u00f3 jel\u00e9t a m\u0171hely\u00e9ben lecsiszolta, majd a szem\u00e9lyg\u00e9pkocsihoz tartoz\u00f3 azonos\u00edt\u00f3 sz\u00e1mot pontoz\u00f3val be\u00fct\u00f6tte a motorblokkba.<\/p>\n<p>A v\u00e1dlott ezt k\u00f6vet\u0151en a hamis\u00edtott azonos\u00edt\u00f3 jel\u0171 motort beszerelte a g\u00e9pkocsiba, majd a g\u00e9pkocsit \u00e9rt\u00e9kes\u00edtette egy vev\u0151nek, aki azt 2020. j\u00falius 24. napj\u00e1n eredetis\u00e9gvizsg\u00e1latra vitte, ahol meg\u00e1llap\u00edtott\u00e1k a motorsz\u00e1m karaktereibe t\u00f6rt\u00e9nt sz\u00e1nd\u00e9kos beavatkoz\u00e1st.<\/p>\n<p>Az \u00fcgy\u00e9szs\u00e9g a v\u00e1diratban arra tett ind\u00edtv\u00e1nyt, hogy az Esztergomi J\u00e1r\u00e1sb\u00edr\u00f3s\u00e1g a f\u00e9rfit t\u00e1rgyal\u00e1s mell\u0151z\u00e9s\u00e9vel, b\u00fcntet\u0151v\u00e9gz\u00e9sben v\u00e9grehajt\u00e1s\u00e1ban felf\u00fcggesztett b\u00f6rt\u00f6nb\u00fcntet\u00e9sre \u00edt\u00e9lje.<\/p>\n<p><em>Forr\u00e1s: Kom\u00e1rom-Esztergom Megyei F\u0151\u00fcgy\u00e9szs\u00e9g Sajt\u00f3<\/em><\/p>\n","protected":false},"excerpt":{"rendered":"<p>Felf\u00fcggesztett b\u00f6rt\u00f6nb\u00fcntet\u00e9sre \u00edt\u00e9lhetik azt a f\u00e9rfit, aki ellen egyedi azonos\u00edt\u00f3 jel meghamis\u00edt\u00e1sa miatt ny\u00fajtottak be v\u00e1diratot. A v\u00e1dirat szerint a v\u00e1dlott aut\u00f3szerel\u0151 v\u00e1llalkoz\u00f3k\u00e9nt dolgozik az Esztergomhoz k\u00f6zeli telep\u00fcl\u00e9sen. A f\u00e9rfi 2020. janu\u00e1rj\u00e1ban megv\u00e1s\u00e1rolt egy szem\u00e9lyg\u00e9pkocsit, amely motorhib\u00e1s volt. Az aut\u00f3szerel\u0151 f\u00e9rfi 2020. janu\u00e1r 28. \u00e9s 2020. j\u00falius 23. k\u00f6z\u00f6tti id\u0151ben Pilisj\u00e1szfalun megv\u00e1s\u00e1rolt egy ismeretlen azonos\u00edt\u00f3<\/p>\n","protected":false},"author":1,"featured_media":23762,"comment_status":"closed","ping_status":"closed","sticky":false,"template":"","format":"standard","meta":{"ngg_post_thumbnail":0,"footnotes":""},"categories":[38,3,39],"tags":[4782,1042,146,42,61,326],"class_list":{"0":"post-28499","1":"post","2":"type-post","3":"status-publish","4":"format-standard","5":"has-post-thumbnail","7":"category-esztergom","8":"category-hirek","9":"category-kek-hirek","10":"tag-autoszerelo","11":"tag-birosag","12":"tag-csalas","13":"tag-esztergom","14":"tag-rendorsegi-hirek","15":"tag-ugyeszseg"},"yoast_head":"<!-- This site is optimized with the Yoast SEO plugin v27.5 - https:\/\/yoast.com\/product\/yoast-seo-wordpress\/ -->\n<title>A motorhib\u00e1t b\u0171ncselekm\u00e9nnyel &quot;orvosolta&quot;<\/title>\n<meta name=\"robots\" content=\"index, follow, max-snippet:-1, max-image-preview:large, max-video-preview:-1\" \/>\n<link rel=\"canonical\" href=\"https:\/\/dorogimedence.hu\/index.php\/2020\/11\/10\/a-motorhibat-buncselekmennyel-orvosolta\/\" class=\"yoast-seo-meta-tag\" \/>\n<meta property=\"og:locale\" content=\"hu_HU\" class=\"yoast-seo-meta-tag\" \/>\n<meta property=\"og:type\" content=\"article\" class=\"yoast-seo-meta-tag\" \/>\n<meta property=\"og:title\" content=\"A motorhib\u00e1t b\u0171ncselekm\u00e9nnyel &quot;orvosolta&quot;\" class=\"yoast-seo-meta-tag\" \/>\n<meta property=\"og:description\" content=\"Felf\u00fcggesztett b\u00f6rt\u00f6nb\u00fcntet\u00e9sre \u00edt\u00e9lhetik azt a f\u00e9rfit, aki ellen egyedi azonos\u00edt\u00f3 jel meghamis\u00edt\u00e1sa miatt ny\u00fajtottak be v\u00e1diratot. A v\u00e1dirat szerint a v\u00e1dlott aut\u00f3szerel\u0151 v\u00e1llalkoz\u00f3k\u00e9nt dolgozik az Esztergomhoz k\u00f6zeli telep\u00fcl\u00e9sen. A f\u00e9rfi 2020. janu\u00e1rj\u00e1ban megv\u00e1s\u00e1rolt egy szem\u00e9lyg\u00e9pkocsit, amely motorhib\u00e1s volt. Az aut\u00f3szerel\u0151 f\u00e9rfi 2020. janu\u00e1r 28. \u00e9s 2020. j\u00falius 23. k\u00f6z\u00f6tti id\u0151ben Pilisj\u00e1szfalun megv\u00e1s\u00e1rolt egy ismeretlen azonos\u00edt\u00f3\" class=\"yoast-seo-meta-tag\" \/>\n<meta property=\"og:url\" content=\"https:\/\/dorogimedence.hu\/index.php\/2020\/11\/10\/a-motorhibat-buncselekmennyel-orvosolta\/\" class=\"yoast-seo-meta-tag\" \/>\n<meta property=\"og:site_name\" content=\"Dorogi-medence Region\u00e1lis H\u00edrport\u00e1l\" class=\"yoast-seo-meta-tag\" \/>\n<meta property=\"article:publisher\" content=\"https:\/\/www.facebook.com\/dorogimedence\/\" class=\"yoast-seo-meta-tag\" \/>\n<meta property=\"article:published_time\" content=\"2020-11-10T05:45:40+00:00\" class=\"yoast-seo-meta-tag\" \/>\n<meta property=\"article:modified_time\" content=\"2020-11-10T05:45:59+00:00\" class=\"yoast-seo-meta-tag\" \/>\n<meta property=\"og:image\" content=\"https:\/\/i0.wp.com\/dorogimedence.hu\/wp-content\/uploads\/2020\/03\/autoszerelo-02.jpg?fit=670%2C365&ssl=1\" class=\"yoast-seo-meta-tag\" \/>\n\t<meta property=\"og:image:width\" content=\"670\" class=\"yoast-seo-meta-tag\" \/>\n\t<meta property=\"og:image:height\" content=\"365\" class=\"yoast-seo-meta-tag\" \/>\n\t<meta property=\"og:image:type\" content=\"image\/jpeg\" class=\"yoast-seo-meta-tag\" \/>\n<meta name=\"author\" content=\"dorogimedence.hu\" class=\"yoast-seo-meta-tag\" \/>\n<meta name=\"twitter:card\" content=\"summary_large_image\" class=\"yoast-seo-meta-tag\" \/>\n<meta name=\"twitter:label1\" content=\"Szerz\u0151:\" class=\"yoast-seo-meta-tag\" \/>\n\t<meta name=\"twitter:data1\" content=\"dorogimedence.hu\" class=\"yoast-seo-meta-tag\" \/>\n\t<meta name=\"twitter:label2\" content=\"Becs\u00fclt olvas\u00e1si id\u0151\" class=\"yoast-seo-meta-tag\" \/>\n\t<meta name=\"twitter:data2\" content=\"1 perc\" class=\"yoast-seo-meta-tag\" \/>\n<script type=\"application\/ld+json\" class=\"yoast-schema-graph\">{\"@context\":\"https:\\\/\\\/schema.org\",\"@graph\":[{\"@type\":\"Article\",\"@id\":\"https:\\\/\\\/dorogimedence.hu\\\/index.php\\\/2020\\\/11\\\/10\\\/a-motorhibat-buncselekmennyel-orvosolta\\\/#article\",\"isPartOf\":{\"@id\":\"https:\\\/\\\/dorogimedence.hu\\\/index.php\\\/2020\\\/11\\\/10\\\/a-motorhibat-buncselekmennyel-orvosolta\\\/\"},\"author\":{\"name\":\"dorogimedence.hu\",\"@id\":\"https:\\\/\\\/dorogimedence.hu\\\/#\\\/schema\\\/person\\\/ce6091eeb7e95ecdc87890d6aa8e0fd4\"},\"headline\":\"A motorhib\u00e1t b\u0171ncselekm\u00e9nnyel &#8222;orvosolta&#8221;\",\"datePublished\":\"2020-11-10T05:45:40+00:00\",\"dateModified\":\"2020-11-10T05:45:59+00:00\",\"mainEntityOfPage\":{\"@id\":\"https:\\\/\\\/dorogimedence.hu\\\/index.php\\\/2020\\\/11\\\/10\\\/a-motorhibat-buncselekmennyel-orvosolta\\\/\"},\"wordCount\":242,\"publisher\":{\"@id\":\"https:\\\/\\\/dorogimedence.hu\\\/#organization\"},\"image\":{\"@id\":\"https:\\\/\\\/dorogimedence.hu\\\/index.php\\\/2020\\\/11\\\/10\\\/a-motorhibat-buncselekmennyel-orvosolta\\\/#primaryimage\"},\"thumbnailUrl\":\"https:\\\/\\\/dorogimedence.hu\\\/wp-content\\\/uploads\\\/2020\\\/03\\\/autoszerelo-02.jpg\",\"keywords\":[\"aut\u00f3szerel\u0151\",\"b\u00edr\u00f3s\u00e1g\",\"csal\u00e1s\",\"esztergom\",\"rend\u0151rs\u00e9gi h\u00edrek\",\"\u00fcgy\u00e9szs\u00e9g\"],\"articleSection\":[\"Esztergom\",\"H\u00edrek\",\"K\u00e9k h\u00edrek\"],\"inLanguage\":\"hu\"},{\"@type\":\"WebPage\",\"@id\":\"https:\\\/\\\/dorogimedence.hu\\\/index.php\\\/2020\\\/11\\\/10\\\/a-motorhibat-buncselekmennyel-orvosolta\\\/\",\"url\":\"https:\\\/\\\/dorogimedence.hu\\\/index.php\\\/2020\\\/11\\\/10\\\/a-motorhibat-buncselekmennyel-orvosolta\\\/\",\"name\":\"A motorhib\u00e1t b\u0171ncselekm\u00e9nnyel \\\"orvosolta\\\"\",\"isPartOf\":{\"@id\":\"https:\\\/\\\/dorogimedence.hu\\\/#website\"},\"primaryImageOfPage\":{\"@id\":\"https:\\\/\\\/dorogimedence.hu\\\/index.php\\\/2020\\\/11\\\/10\\\/a-motorhibat-buncselekmennyel-orvosolta\\\/#primaryimage\"},\"image\":{\"@id\":\"https:\\\/\\\/dorogimedence.hu\\\/index.php\\\/2020\\\/11\\\/10\\\/a-motorhibat-buncselekmennyel-orvosolta\\\/#primaryimage\"},\"thumbnailUrl\":\"https:\\\/\\\/dorogimedence.hu\\\/wp-content\\\/uploads\\\/2020\\\/03\\\/autoszerelo-02.jpg\",\"datePublished\":\"2020-11-10T05:45:40+00:00\",\"dateModified\":\"2020-11-10T05:45:59+00:00\",\"breadcrumb\":{\"@id\":\"https:\\\/\\\/dorogimedence.hu\\\/index.php\\\/2020\\\/11\\\/10\\\/a-motorhibat-buncselekmennyel-orvosolta\\\/#breadcrumb\"},\"inLanguage\":\"hu\",\"potentialAction\":[{\"@type\":\"ReadAction\",\"target\":[\"https:\\\/\\\/dorogimedence.hu\\\/index.php\\\/2020\\\/11\\\/10\\\/a-motorhibat-buncselekmennyel-orvosolta\\\/\"]}]},{\"@type\":\"ImageObject\",\"inLanguage\":\"hu\",\"@id\":\"https:\\\/\\\/dorogimedence.hu\\\/index.php\\\/2020\\\/11\\\/10\\\/a-motorhibat-buncselekmennyel-orvosolta\\\/#primaryimage\",\"url\":\"https:\\\/\\\/dorogimedence.hu\\\/wp-content\\\/uploads\\\/2020\\\/03\\\/autoszerelo-02.jpg\",\"contentUrl\":\"https:\\\/\\\/dorogimedence.hu\\\/wp-content\\\/uploads\\\/2020\\\/03\\\/autoszerelo-02.jpg\",\"width\":670,\"height\":365},{\"@type\":\"BreadcrumbList\",\"@id\":\"https:\\\/\\\/dorogimedence.hu\\\/index.php\\\/2020\\\/11\\\/10\\\/a-motorhibat-buncselekmennyel-orvosolta\\\/#breadcrumb\",\"itemListElement\":[{\"@type\":\"ListItem\",\"position\":1,\"name\":\"Kezd\u0151lap\",\"item\":\"https:\\\/\\\/dorogimedence.hu\\\/\"},{\"@type\":\"ListItem\",\"position\":2,\"name\":\"A motorhib\u00e1t b\u0171ncselekm\u00e9nnyel &#8220;orvosolta&#8221;\"}]},{\"@type\":\"WebSite\",\"@id\":\"https:\\\/\\\/dorogimedence.hu\\\/#website\",\"url\":\"https:\\\/\\\/dorogimedence.hu\\\/\",\"name\":\"Dorogi-medence Region\u00e1lis H\u00edrport\u00e1l\",\"description\":\"Dorog, Keszt\u00f6lc, Le\u00e1nyv\u00e1r, Piliscs\u00e9v, Tokod, Tokodalt\u00e1r\u00f3, Csolnok, Esztergom-kertv\u00e1ros: h\u00edrek, programok\",\"publisher\":{\"@id\":\"https:\\\/\\\/dorogimedence.hu\\\/#organization\"},\"potentialAction\":[{\"@type\":\"SearchAction\",\"target\":{\"@type\":\"EntryPoint\",\"urlTemplate\":\"https:\\\/\\\/dorogimedence.hu\\\/?s={search_term_string}\"},\"query-input\":{\"@type\":\"PropertyValueSpecification\",\"valueRequired\":true,\"valueName\":\"search_term_string\"}}],\"inLanguage\":\"hu\"},{\"@type\":\"Organization\",\"@id\":\"https:\\\/\\\/dorogimedence.hu\\\/#organization\",\"name\":\"Dorogi-medence Region\u00e1lis H\u00edrport\u00e1l\",\"url\":\"https:\\\/\\\/dorogimedence.hu\\\/\",\"logo\":{\"@type\":\"ImageObject\",\"inLanguage\":\"hu\",\"@id\":\"https:\\\/\\\/dorogimedence.hu\\\/#\\\/schema\\\/logo\\\/image\\\/\",\"url\":\"https:\\\/\\\/dorogimedence.hu\\\/wp-content\\\/uploads\\\/2021\\\/04\\\/logo-feher-600.png\",\"contentUrl\":\"https:\\\/\\\/dorogimedence.hu\\\/wp-content\\\/uploads\\\/2021\\\/04\\\/logo-feher-600.png\",\"width\":600,\"height\":100,\"caption\":\"Dorogi-medence Region\u00e1lis H\u00edrport\u00e1l\"},\"image\":{\"@id\":\"https:\\\/\\\/dorogimedence.hu\\\/#\\\/schema\\\/logo\\\/image\\\/\"},\"sameAs\":[\"https:\\\/\\\/www.facebook.com\\\/dorogimedence\\\/\"]},{\"@type\":\"Person\",\"@id\":\"https:\\\/\\\/dorogimedence.hu\\\/#\\\/schema\\\/person\\\/ce6091eeb7e95ecdc87890d6aa8e0fd4\",\"name\":\"dorogimedence.hu\",\"image\":{\"@type\":\"ImageObject\",\"inLanguage\":\"hu\",\"@id\":\"\\\/\\\/www.gravatar.com\\\/avatar\\\/d8d45f8901aadff40a4af72c0b826f1d?s=96&#038;r=g&#038;d=mm\",\"url\":\"\\\/\\\/www.gravatar.com\\\/avatar\\\/d8d45f8901aadff40a4af72c0b826f1d?s=96&#038;r=g&#038;d=mm\",\"contentUrl\":\"\\\/\\\/www.gravatar.com\\\/avatar\\\/d8d45f8901aadff40a4af72c0b826f1d?s=96&#038;r=g&#038;d=mm\",\"caption\":\"dorogimedence.hu\"}}]}<\/script>\n<!-- \/ Yoast SEO plugin. -->","yoast_head_json":{"title":"A motorhib\u00e1t b\u0171ncselekm\u00e9nnyel \"orvosolta\"","robots":{"index":"index","follow":"follow","max-snippet":"max-snippet:-1","max-image-preview":"max-image-preview:large","max-video-preview":"max-video-preview:-1"},"canonical":"https:\/\/dorogimedence.hu\/index.php\/2020\/11\/10\/a-motorhibat-buncselekmennyel-orvosolta\/","og_locale":"hu_HU","og_type":"article","og_title":"A motorhib\u00e1t b\u0171ncselekm\u00e9nnyel \"orvosolta\"","og_description":"Felf\u00fcggesztett b\u00f6rt\u00f6nb\u00fcntet\u00e9sre \u00edt\u00e9lhetik azt a f\u00e9rfit, aki ellen egyedi azonos\u00edt\u00f3 jel meghamis\u00edt\u00e1sa miatt ny\u00fajtottak be v\u00e1diratot. A v\u00e1dirat szerint a v\u00e1dlott aut\u00f3szerel\u0151 v\u00e1llalkoz\u00f3k\u00e9nt dolgozik az Esztergomhoz k\u00f6zeli telep\u00fcl\u00e9sen. A f\u00e9rfi 2020. janu\u00e1rj\u00e1ban megv\u00e1s\u00e1rolt egy szem\u00e9lyg\u00e9pkocsit, amely motorhib\u00e1s volt. Az aut\u00f3szerel\u0151 f\u00e9rfi 2020. janu\u00e1r 28. \u00e9s 2020. j\u00falius 23. k\u00f6z\u00f6tti id\u0151ben Pilisj\u00e1szfalun megv\u00e1s\u00e1rolt egy ismeretlen azonos\u00edt\u00f3","og_url":"https:\/\/dorogimedence.hu\/index.php\/2020\/11\/10\/a-motorhibat-buncselekmennyel-orvosolta\/","og_site_name":"Dorogi-medence Region\u00e1lis H\u00edrport\u00e1l","article_publisher":"https:\/\/www.facebook.com\/dorogimedence\/","article_published_time":"2020-11-10T05:45:40+00:00","article_modified_time":"2020-11-10T05:45:59+00:00","og_image":[{"width":670,"height":365,"url":"https:\/\/i0.wp.com\/dorogimedence.hu\/wp-content\/uploads\/2020\/03\/autoszerelo-02.jpg?fit=670%2C365&ssl=1","type":"image\/jpeg"}],"author":"dorogimedence.hu","twitter_card":"summary_large_image","twitter_misc":{"Szerz\u0151:":"dorogimedence.hu","Becs\u00fclt olvas\u00e1si id\u0151":"1 perc"},"schema":{"@context":"https:\/\/schema.org","@graph":[{"@type":"Article","@id":"https:\/\/dorogimedence.hu\/index.php\/2020\/11\/10\/a-motorhibat-buncselekmennyel-orvosolta\/#article","isPartOf":{"@id":"https:\/\/dorogimedence.hu\/index.php\/2020\/11\/10\/a-motorhibat-buncselekmennyel-orvosolta\/"},"author":{"name":"dorogimedence.hu","@id":"https:\/\/dorogimedence.hu\/#\/schema\/person\/ce6091eeb7e95ecdc87890d6aa8e0fd4"},"headline":"A motorhib\u00e1t b\u0171ncselekm\u00e9nnyel &#8222;orvosolta&#8221;","datePublished":"2020-11-10T05:45:40+00:00","dateModified":"2020-11-10T05:45:59+00:00","mainEntityOfPage":{"@id":"https:\/\/dorogimedence.hu\/index.php\/2020\/11\/10\/a-motorhibat-buncselekmennyel-orvosolta\/"},"wordCount":242,"publisher":{"@id":"https:\/\/dorogimedence.hu\/#organization"},"image":{"@id":"https:\/\/dorogimedence.hu\/index.php\/2020\/11\/10\/a-motorhibat-buncselekmennyel-orvosolta\/#primaryimage"},"thumbnailUrl":"https:\/\/dorogimedence.hu\/wp-content\/uploads\/2020\/03\/autoszerelo-02.jpg","keywords":["aut\u00f3szerel\u0151","b\u00edr\u00f3s\u00e1g","csal\u00e1s","esztergom","rend\u0151rs\u00e9gi h\u00edrek","\u00fcgy\u00e9szs\u00e9g"],"articleSection":["Esztergom","H\u00edrek","K\u00e9k h\u00edrek"],"inLanguage":"hu"},{"@type":"WebPage","@id":"https:\/\/dorogimedence.hu\/index.php\/2020\/11\/10\/a-motorhibat-buncselekmennyel-orvosolta\/","url":"https:\/\/dorogimedence.hu\/index.php\/2020\/11\/10\/a-motorhibat-buncselekmennyel-orvosolta\/","name":"A motorhib\u00e1t b\u0171ncselekm\u00e9nnyel \"orvosolta\"","isPartOf":{"@id":"https:\/\/dorogimedence.hu\/#website"},"primaryImageOfPage":{"@id":"https:\/\/dorogimedence.hu\/index.php\/2020\/11\/10\/a-motorhibat-buncselekmennyel-orvosolta\/#primaryimage"},"image":{"@id":"https:\/\/dorogimedence.hu\/index.php\/2020\/11\/10\/a-motorhibat-buncselekmennyel-orvosolta\/#primaryimage"},"thumbnailUrl":"https:\/\/dorogimedence.hu\/wp-content\/uploads\/2020\/03\/autoszerelo-02.jpg","datePublished":"2020-11-10T05:45:40+00:00","dateModified":"2020-11-10T05:45:59+00:00","breadcrumb":{"@id":"https:\/\/dorogimedence.hu\/index.php\/2020\/11\/10\/a-motorhibat-buncselekmennyel-orvosolta\/#breadcrumb"},"inLanguage":"hu","potentialAction":[{"@type":"ReadAction","target":["https:\/\/dorogimedence.hu\/index.php\/2020\/11\/10\/a-motorhibat-buncselekmennyel-orvosolta\/"]}]},{"@type":"ImageObject","inLanguage":"hu","@id":"https:\/\/dorogimedence.hu\/index.php\/2020\/11\/10\/a-motorhibat-buncselekmennyel-orvosolta\/#primaryimage","url":"https:\/\/dorogimedence.hu\/wp-content\/uploads\/2020\/03\/autoszerelo-02.jpg","contentUrl":"https:\/\/dorogimedence.hu\/wp-content\/uploads\/2020\/03\/autoszerelo-02.jpg","width":670,"height":365},{"@type":"BreadcrumbList","@id":"https:\/\/dorogimedence.hu\/index.php\/2020\/11\/10\/a-motorhibat-buncselekmennyel-orvosolta\/#breadcrumb","itemListElement":[{"@type":"ListItem","position":1,"name":"Kezd\u0151lap","item":"https:\/\/dorogimedence.hu\/"},{"@type":"ListItem","position":2,"name":"A motorhib\u00e1t b\u0171ncselekm\u00e9nnyel &#8220;orvosolta&#8221;"}]},{"@type":"WebSite","@id":"https:\/\/dorogimedence.hu\/#website","url":"https:\/\/dorogimedence.hu\/","name":"Dorogi-medence Region\u00e1lis H\u00edrport\u00e1l","description":"Dorog, Keszt\u00f6lc, Le\u00e1nyv\u00e1r, Piliscs\u00e9v, Tokod, Tokodalt\u00e1r\u00f3, Csolnok, Esztergom-kertv\u00e1ros: h\u00edrek, programok","publisher":{"@id":"https:\/\/dorogimedence.hu\/#organization"},"potentialAction":[{"@type":"SearchAction","target":{"@type":"EntryPoint","urlTemplate":"https:\/\/dorogimedence.hu\/?s={search_term_string}"},"query-input":{"@type":"PropertyValueSpecification","valueRequired":true,"valueName":"search_term_string"}}],"inLanguage":"hu"},{"@type":"Organization","@id":"https:\/\/dorogimedence.hu\/#organization","name":"Dorogi-medence Region\u00e1lis H\u00edrport\u00e1l","url":"https:\/\/dorogimedence.hu\/","logo":{"@type":"ImageObject","inLanguage":"hu","@id":"https:\/\/dorogimedence.hu\/#\/schema\/logo\/image\/","url":"https:\/\/dorogimedence.hu\/wp-content\/uploads\/2021\/04\/logo-feher-600.png","contentUrl":"https:\/\/dorogimedence.hu\/wp-content\/uploads\/2021\/04\/logo-feher-600.png","width":600,"height":100,"caption":"Dorogi-medence Region\u00e1lis H\u00edrport\u00e1l"},"image":{"@id":"https:\/\/dorogimedence.hu\/#\/schema\/logo\/image\/"},"sameAs":["https:\/\/www.facebook.com\/dorogimedence\/"]},{"@type":"Person","@id":"https:\/\/dorogimedence.hu\/#\/schema\/person\/ce6091eeb7e95ecdc87890d6aa8e0fd4","name":"dorogimedence.hu","image":{"@type":"ImageObject","inLanguage":"hu","@id":"\/\/www.gravatar.com\/avatar\/d8d45f8901aadff40a4af72c0b826f1d?s=96&#038;r=g&#038;d=mm","url":"\/\/www.gravatar.com\/avatar\/d8d45f8901aadff40a4af72c0b826f1d?s=96&#038;r=g&#038;d=mm","contentUrl":"\/\/www.gravatar.com\/avatar\/d8d45f8901aadff40a4af72c0b826f1d?s=96&#038;r=g&#038;d=mm","caption":"dorogimedence.hu"}}]}},"_links":{"self":[{"href":"https:\/\/dorogimedence.hu\/index.php\/wp-json\/wp\/v2\/posts\/28499","targetHints":{"allow":["GET"]}}],"collection":[{"href":"https:\/\/dorogimedence.hu\/index.php\/wp-json\/wp\/v2\/posts"}],"about":[{"href":"https:\/\/dorogimedence.hu\/index.php\/wp-json\/wp\/v2\/types\/post"}],"author":[{"embeddable":true,"href":"https:\/\/dorogimedence.hu\/index.php\/wp-json\/wp\/v2\/users\/1"}],"replies":[{"embeddable":true,"href":"https:\/\/dorogimedence.hu\/index.php\/wp-json\/wp\/v2\/comments?post=28499"}],"version-history":[{"count":0,"href":"https:\/\/dorogimedence.hu\/index.php\/wp-json\/wp\/v2\/posts\/28499\/revisions"}],"wp:featuredmedia":[{"embeddable":true,"href":"https:\/\/dorogimedence.hu\/index.php\/wp-json\/wp\/v2\/media\/23762"}],"wp:attachment":[{"href":"https:\/\/dorogimedence.hu\/index.php\/wp-json\/wp\/v2\/media?parent=28499"}],"wp:term":[{"taxonomy":"category","embeddable":true,"href":"https:\/\/dorogimedence.hu\/index.php\/wp-json\/wp\/v2\/categories?post=28499"},{"taxonomy":"post_tag","embeddable":true,"href":"https:\/\/dorogimedence.hu\/index.php\/wp-json\/wp\/v2\/tags?post=28499"}],"curies":[{"name":"wp","href":"https:\/\/api.w.org\/{rel}","templated":true}]}}