{"id":28451,"date":"2020-11-07T15:00:03","date_gmt":"2020-11-07T14:00:03","guid":{"rendered":"http:\/\/dorogimedence.hu\/?p=28451"},"modified":"2020-11-07T15:00:37","modified_gmt":"2020-11-07T14:00:37","slug":"igy-valtoztak-az-ingatlanarak-tersegunkben","status":"publish","type":"post","link":"https:\/\/dorogimedence.hu\/index.php\/2020\/11\/07\/igy-valtoztak-az-ingatlanarak-tersegunkben\/","title":{"rendered":"\u00cdgy v\u00e1ltoztak az ingatlan\u00e1rak t\u00e9rs\u00e9g\u00fcnkben"},"content":{"rendered":"<p><strong>Az idei \u00e9v is sok izgalmat jelentett az ingatlanpiac tekintet\u00e9ben \u00e9s a k\u00f6vetkez\u0151 is tartogathat meglepet\u00e9seket.<\/strong><\/p>\n<p>K\u00edv\u00e1ncsiak voltunk, l\u00e1that\u00f3 v\u00e1ltoz\u00e1st hozott-e a v\u00edrus a helyi ingatlan\u00e1rakban a tavalyi \u00e9vhez k\u00e9pest, emellett azt is kisz\u00e1moltuk, hogy a k\u00f6rny\u00e9ken mennyi\u00e9rt tudunk jelenleg csal\u00e1di h\u00e1zat v\u00e1s\u00e1rolni. Hogy egy kicsit a j\u00f6v\u0151 \u00e9v ingatlanpiac\u00e1val is foglalkozzunk, a cikk\u00fcnk v\u00e9g\u00e9n ismertetj\u00fck a nemr\u00e9g bejelentett terveket az ingatlanv\u00e1s\u00e1rl\u00e1si kedvezm\u00e9nyekkel kapcsolatban.<\/p>\n<p><strong>2019 vs. 2020 lak\u00e1spiaca Esztergomban<\/strong><\/p>\n<p><img fetchpriority=\"high\" decoding=\"async\" class=\"alignnone size-full wp-image-28453\" src=\"https:\/\/dorogimedence.hu\/wp-content\/uploads\/2020\/11\/Esztergom-2019-2020.png\" alt=\"\" width=\"607\" height=\"376\" srcset=\"https:\/\/dorogimedence.hu\/wp-content\/uploads\/2020\/11\/Esztergom-2019-2020.png 607w, https:\/\/dorogimedence.hu\/wp-content\/uploads\/2020\/11\/Esztergom-2019-2020-300x186.png 300w\" sizes=\"(max-width: 607px) 100vw, 607px\" \/><\/p>\n<p>K\u00e9sz\u00edtett\u00fcnk egy grafikont az esztergomi lak\u00e1s\u00e1rak alakul\u00e1s\u00e1r\u00f3l az <span style=\"text-decoration: underline; color: #0000ff;\"><a style=\"color: #0000ff; text-decoration: underline;\" href=\"https:\/\/www.ingatlannet.hu\/\" target=\"_blank\" rel=\"noopener noreferrer\">Ingatlannet.hu<\/a><\/span> statisztik\u00e1i alapj\u00e1n, hogy l\u00e1ssuk milyen elt\u00e9r\u00e9seket mutatott az idei v\u00e1ratlan fordulatokkal teli \u00e9v az el\u0151z\u0151 \u00e9vi ingatlan\u00e1rakhoz k\u00e9pest.<\/p>\n<p>2019-ben hatalmas k\u00fcl\u00f6nbs\u00e9gek tapasztalhat\u00f3ak az \u00e9v eleji \u00e9s \u00e9v v\u00e9gi \u00e1rak k\u00f6z\u00f6tt. Janu\u00e1rban m\u00e9g csak 363 ezer forintos n\u00e9gyzetm\u00e9ter \u00e1rak voltak, az \u00e9vet azonban 516 ezer forintos n\u00e9gyzetm\u00e9ter \u00e1rakkal z\u00e1rta Esztergom lak\u00e1spiaca. A legolcs\u00f3bban tavaly azonban nem janu\u00e1rban, hanem febru\u00e1rban voltak jelen 352 ezer forintos n\u00e9gyzetm\u00e9ter \u00e1rakkal, a legdr\u00e1g\u00e1bban pedig novemberben lehetett lak\u00e1shoz jutni 521 ezer Ft\/nm \u00e1r\u00e9rt. Ez mind\u00f6sszesen 169 ezer Ft\/nm-es k\u00fcl\u00f6nbs\u00e9get jelent, vagyis 48%-os ingadoz\u00e1st, ami igen sz\u00e1mottev\u0151.<\/p>\n<p>A 2020-as \u00e9vben ellenkez\u0151 volt a fel\u00e1ll\u00e1s a tavalyi \u00e9vhez viszony\u00edtva, ugyanis \u00e9v elej\u00e9n voltak tapasztalhat\u00f3k a magas lak\u00e1s\u00e1rak, ami mostanra al\u00e1bbhagyott. A legdr\u00e1g\u00e1bb idei lak\u00e1s\u00e1r is \u00e9v elej\u00e9re, pontosabban janu\u00e1rra tehet\u0151, amikor is 495 ezer Ft\/nm k\u00f6r\u00fcl voltak a t\u00e9glalak\u00e1sok \u00e1tlagos \u00e1rai Esztergomban. J\u00fanius-j\u00faliusra azonban ez eg\u00e9szen 413 ezer forintos n\u00e9gyzetm\u00e9ter \u00e1rakra reduk\u00e1l\u00f3dott, ami a legalacsonyabb \u00e1tlag\u00e1rnak sz\u00e1m\u00edtott id\u00e9n. A k\u00e9t sz\u00e9ls\u0151\u00e9rt\u00e9k k\u00f6z\u00f6tt 17%-os cs\u00f6kken\u00e9s volt tapasztalhat\u00f3, ami 82 ezer Ft\/nm-nek felel meg.<\/p>\n<p>\u00d6sszess\u00e9g\u00e9ben elmondhat\u00f3, hogy a v\u00edrus <span style=\"text-decoration: underline; color: #0000ff;\"><a style=\"color: #0000ff; text-decoration: underline;\" href=\"https:\/\/www.ingatlannet.hu\/elad%C3%B3\/lak%C3%A1s\/Esztergom\" target=\"_blank\" rel=\"noopener noreferrer\">a helyi lak\u00e1spiacot<\/a><\/span> eddig nem viselte meg k\u00fcl\u00f6n\u00f6sebben, ugyanis tavaly sokkal nagyobb \u00e1ringadoz\u00e1s volt tapasztalhat\u00f3, mint id\u00e9n.<\/p>\n<p><strong>Mennyi\u00e9rt vehet\u00fcnk egy 100 m\u00b2-es h\u00e1zat t\u00e9rs\u00e9g\u00fcnkben?<\/strong><\/p>\n<p><img decoding=\"async\" class=\"alignnone size-full wp-image-28452\" src=\"https:\/\/dorogimedence.hu\/wp-content\/uploads\/2020\/11\/csaladi-hazak.png\" alt=\"\" width=\"607\" height=\"376\" srcset=\"https:\/\/dorogimedence.hu\/wp-content\/uploads\/2020\/11\/csaladi-hazak.png 607w, https:\/\/dorogimedence.hu\/wp-content\/uploads\/2020\/11\/csaladi-hazak-300x186.png 300w\" sizes=\"(max-width: 607px) 100vw, 607px\" \/><\/p>\n<p>Az <span style=\"text-decoration: underline; color: #0000ff;\"><a style=\"color: #0000ff;\" href=\"https:\/\/dorogimedence.hu\/index.php\/2020\/09\/04\/tersegunk-ingatlanpiaca-a-virus-masodik-hullamanak-kezdeten\/\" target=\"_blank\" rel=\"noopener noreferrer\">el\u0151z\u0151 ingatlanpiaci <\/a><a style=\"color: #0000ff;\" href=\"https:\/\/dorogimedence.hu\/index.php\/2020\/09\/04\/tersegunk-ingatlanpiaca-a-virus-masodik-hullamanak-kezdeten\/\">elemz\u00e9s\u00fcnkh\u00f6z<\/a><\/span> hasonl\u00f3an, most is elhoztuk t\u00e9rs\u00e9g\u00fcnk kiemelt v\u00e1rosainak legfrissebb n\u00e9gyzetm\u00e9ter \u00e1rait \u00e9s kisz\u00e1moltuk, hogy az adott telep\u00fcl\u00e9sen mennyi\u00e9rt vehet\u00fcnk egy 100 m\u00b2-es ingatlant.<\/p>\n<p>Tokodalt\u00e1r\u00f3ban lehet a k\u00f6rny\u00e9k legolcs\u00f3bb ingatlanjait kifogni, ugyanis itt m\u00e1r 16 milli\u00f3 k\u00f6rny\u00e9k\u00e9n tudunk csal\u00e1di h\u00e1zat v\u00e1s\u00e1rolni, 162 ezer forintos n\u00e9gyzetm\u00e9ter \u00e1ron. 16-17 milli\u00f3 k\u00f6r\u00fcli \u00e1rak vannak egy 100 m\u00b2-es h\u00e1zra Keszt\u00f6lc\u00f6n is. Azonban T\u00e1ton \u00e9s Tokodon m\u00e1r 200 ezer Ft\/nm \u00e1r felettiek a h\u00e1z \u00e1rak, itt m\u00e1r 20 \u00e9s 23 milli\u00f3 k\u00f6z\u00f6tt tudunk keresg\u00e9lni. A csal\u00e1di h\u00e1zak Esztergomban, Dorogon \u00e9s Piliscs\u00e9ven a legdr\u00e1g\u00e1bbak a k\u00f6rny\u00e9k telep\u00fcl\u00e9sei k\u00f6z\u00fcl, ahol 31 \u00e9s 32 milli\u00f3 k\u00f6z\u00f6tti \u00e1rakkal kell megbar\u00e1tkozni h\u00e1z v\u00e1s\u00e1rl\u00e1s alkalm\u00e1val.<\/p>\n<p><strong>Nyer\u0151 p\u00e1ros: 5%-os lak\u00e1s\u00e1fa \u00e9s CSOK<\/strong><\/p>\n<p>\u00dajabb kedvezm\u00e9ny fog megjelenni az ingatlanpiacon az \u00faj 5%-os lak\u00e1s\u00e1fa n\u00e9ven, mely a CSOK programmal m\u00e1r igen kedvez\u0151 felt\u00e9teleket biztos\u00edt azoknak, akik lak\u00e1s- vagy h\u00e1z\u00e9p\u00edt\u00e9st kezdenek meg 2021 janu\u00e1rj\u00e1t\u00f3l 2022 december\u00e9ig. A r\u00e9szletekben kider\u00fcl, hogy azoknak a gyerekes csal\u00e1doknak, akik ig\u00e9nybe veszik a&nbsp; CSOK-ot <span style=\"text-decoration: underline; color: #0000ff;\"><a style=\"color: #0000ff; text-decoration: underline;\" href=\"https:\/\/www.portfolio.hu\/ingatlan\/20201029\/kedvezmenyes-lakasafa-es-illetekmentesseg-megjelentek-a-reszletek-455016\">illet\u00e9kmentess\u00e9get biztos\u00edtanak majd \u00faj vagy haszn\u00e1lt lak\u00e1s v\u00e1s\u00e1rl\u00e1sa eset\u00e9n<\/a><\/span>. Ezek ut\u00e1n \u00e9rdemes lesz odafigyelni a k\u00f6vetkez\u0151 ingatlanpiaci l\u00e9p\u00e9sekre is.<\/p>\n","protected":false},"excerpt":{"rendered":"<p>Az idei \u00e9v is sok izgalmat jelentett az ingatlanpiac tekintet\u00e9ben \u00e9s a k\u00f6vetkez\u0151 is tartogathat meglepet\u00e9seket. K\u00edv\u00e1ncsiak voltunk, l\u00e1that\u00f3 v\u00e1ltoz\u00e1st hozott-e a v\u00edrus a helyi ingatlan\u00e1rakban a tavalyi \u00e9vhez k\u00e9pest, emellett azt is kisz\u00e1moltuk, hogy a k\u00f6rny\u00e9ken mennyi\u00e9rt tudunk jelenleg csal\u00e1di h\u00e1zat v\u00e1s\u00e1rolni. Hogy egy kicsit a j\u00f6v\u0151 \u00e9v ingatlanpiac\u00e1val is foglalkozzunk, a cikk\u00fcnk v\u00e9g\u00e9n<\/p>\n","protected":false},"author":1,"featured_media":6834,"comment_status":"closed","ping_status":"closed","sticky":false,"template":"","format":"standard","meta":{"ngg_post_thumbnail":0,"footnotes":""},"categories":[2,38,3,8,11,110,6,10],"tags":[203,5015],"class_list":{"0":"post-28451","1":"post","2":"type-post","3":"status-publish","4":"format-standard","5":"has-post-thumbnail","7":"category-dorog","8":"category-esztergom","9":"category-hirek","10":"category-kesztolc","11":"category-piliscsev","12":"category-tat","13":"category-tokod","14":"category-tokodaltaro","15":"tag-ingatlan","16":"tag-ingatlanarak"},"yoast_head":"<!-- This site is optimized with the Yoast SEO plugin v27.4 - https:\/\/yoast.com\/product\/yoast-seo-wordpress\/ -->\n<title>\u00cdgy v\u00e1ltoztak az ingatlan\u00e1rak t\u00e9rs\u00e9g\u00fcnkben<\/title>\n<meta name=\"robots\" content=\"index, follow, max-snippet:-1, max-image-preview:large, max-video-preview:-1\" \/>\n<link rel=\"canonical\" href=\"https:\/\/dorogimedence.hu\/index.php\/2020\/11\/07\/igy-valtoztak-az-ingatlanarak-tersegunkben\/\" class=\"yoast-seo-meta-tag\" \/>\n<meta property=\"og:locale\" content=\"hu_HU\" class=\"yoast-seo-meta-tag\" \/>\n<meta property=\"og:type\" content=\"article\" class=\"yoast-seo-meta-tag\" \/>\n<meta property=\"og:title\" content=\"\u00cdgy v\u00e1ltoztak az ingatlan\u00e1rak t\u00e9rs\u00e9g\u00fcnkben\" class=\"yoast-seo-meta-tag\" \/>\n<meta property=\"og:description\" content=\"Az idei \u00e9v is sok izgalmat jelentett az ingatlanpiac tekintet\u00e9ben \u00e9s a k\u00f6vetkez\u0151 is tartogathat meglepet\u00e9seket. K\u00edv\u00e1ncsiak voltunk, l\u00e1that\u00f3 v\u00e1ltoz\u00e1st hozott-e a v\u00edrus a helyi ingatlan\u00e1rakban a tavalyi \u00e9vhez k\u00e9pest, emellett azt is kisz\u00e1moltuk, hogy a k\u00f6rny\u00e9ken mennyi\u00e9rt tudunk jelenleg csal\u00e1di h\u00e1zat v\u00e1s\u00e1rolni. Hogy egy kicsit a j\u00f6v\u0151 \u00e9v ingatlanpiac\u00e1val is foglalkozzunk, a cikk\u00fcnk v\u00e9g\u00e9n\" class=\"yoast-seo-meta-tag\" \/>\n<meta property=\"og:url\" content=\"https:\/\/dorogimedence.hu\/index.php\/2020\/11\/07\/igy-valtoztak-az-ingatlanarak-tersegunkben\/\" class=\"yoast-seo-meta-tag\" \/>\n<meta property=\"og:site_name\" content=\"Dorogi-medence Region\u00e1lis H\u00edrport\u00e1l\" class=\"yoast-seo-meta-tag\" \/>\n<meta property=\"article:publisher\" content=\"https:\/\/www.facebook.com\/dorogimedence\/\" class=\"yoast-seo-meta-tag\" \/>\n<meta property=\"article:published_time\" content=\"2020-11-07T14:00:03+00:00\" class=\"yoast-seo-meta-tag\" \/>\n<meta property=\"article:modified_time\" content=\"2020-11-07T14:00:37+00:00\" class=\"yoast-seo-meta-tag\" \/>\n<meta property=\"og:image\" content=\"https:\/\/i0.wp.com\/dorogimedence.hu\/wp-content\/uploads\/2017\/11\/ingatlan-01.jpg?fit=670%2C365&ssl=1\" class=\"yoast-seo-meta-tag\" \/>\n\t<meta property=\"og:image:width\" content=\"670\" class=\"yoast-seo-meta-tag\" \/>\n\t<meta property=\"og:image:height\" content=\"365\" class=\"yoast-seo-meta-tag\" \/>\n\t<meta property=\"og:image:type\" content=\"image\/jpeg\" class=\"yoast-seo-meta-tag\" \/>\n<meta name=\"author\" content=\"dorogimedence.hu\" class=\"yoast-seo-meta-tag\" \/>\n<meta name=\"twitter:card\" content=\"summary_large_image\" class=\"yoast-seo-meta-tag\" \/>\n<meta name=\"twitter:label1\" content=\"Szerz\u0151:\" class=\"yoast-seo-meta-tag\" \/>\n\t<meta name=\"twitter:data1\" content=\"dorogimedence.hu\" class=\"yoast-seo-meta-tag\" \/>\n\t<meta name=\"twitter:label2\" content=\"Becs\u00fclt olvas\u00e1si id\u0151\" class=\"yoast-seo-meta-tag\" \/>\n\t<meta name=\"twitter:data2\" content=\"3 perc\" class=\"yoast-seo-meta-tag\" \/>\n<script type=\"application\/ld+json\" class=\"yoast-schema-graph\">{\"@context\":\"https:\\\/\\\/schema.org\",\"@graph\":[{\"@type\":\"Article\",\"@id\":\"https:\\\/\\\/dorogimedence.hu\\\/index.php\\\/2020\\\/11\\\/07\\\/igy-valtoztak-az-ingatlanarak-tersegunkben\\\/#article\",\"isPartOf\":{\"@id\":\"https:\\\/\\\/dorogimedence.hu\\\/index.php\\\/2020\\\/11\\\/07\\\/igy-valtoztak-az-ingatlanarak-tersegunkben\\\/\"},\"author\":{\"name\":\"dorogimedence.hu\",\"@id\":\"https:\\\/\\\/dorogimedence.hu\\\/#\\\/schema\\\/person\\\/ce6091eeb7e95ecdc87890d6aa8e0fd4\"},\"headline\":\"\u00cdgy v\u00e1ltoztak az ingatlan\u00e1rak t\u00e9rs\u00e9g\u00fcnkben\",\"datePublished\":\"2020-11-07T14:00:03+00:00\",\"dateModified\":\"2020-11-07T14:00:37+00:00\",\"mainEntityOfPage\":{\"@id\":\"https:\\\/\\\/dorogimedence.hu\\\/index.php\\\/2020\\\/11\\\/07\\\/igy-valtoztak-az-ingatlanarak-tersegunkben\\\/\"},\"wordCount\":671,\"publisher\":{\"@id\":\"https:\\\/\\\/dorogimedence.hu\\\/#organization\"},\"image\":{\"@id\":\"https:\\\/\\\/dorogimedence.hu\\\/index.php\\\/2020\\\/11\\\/07\\\/igy-valtoztak-az-ingatlanarak-tersegunkben\\\/#primaryimage\"},\"thumbnailUrl\":\"https:\\\/\\\/dorogimedence.hu\\\/wp-content\\\/uploads\\\/2017\\\/11\\\/ingatlan-01.jpg\",\"keywords\":[\"ingatlan\",\"ingatlan\u00e1rak\"],\"articleSection\":[\"Dorog\",\"Esztergom\",\"H\u00edrek\",\"Keszt\u00f6lc\",\"Piliscs\u00e9v\",\"T\u00e1t\",\"Tokod\",\"Tokodalt\u00e1r\u00f3\"],\"inLanguage\":\"hu\"},{\"@type\":\"WebPage\",\"@id\":\"https:\\\/\\\/dorogimedence.hu\\\/index.php\\\/2020\\\/11\\\/07\\\/igy-valtoztak-az-ingatlanarak-tersegunkben\\\/\",\"url\":\"https:\\\/\\\/dorogimedence.hu\\\/index.php\\\/2020\\\/11\\\/07\\\/igy-valtoztak-az-ingatlanarak-tersegunkben\\\/\",\"name\":\"\u00cdgy v\u00e1ltoztak az ingatlan\u00e1rak t\u00e9rs\u00e9g\u00fcnkben\",\"isPartOf\":{\"@id\":\"https:\\\/\\\/dorogimedence.hu\\\/#website\"},\"primaryImageOfPage\":{\"@id\":\"https:\\\/\\\/dorogimedence.hu\\\/index.php\\\/2020\\\/11\\\/07\\\/igy-valtoztak-az-ingatlanarak-tersegunkben\\\/#primaryimage\"},\"image\":{\"@id\":\"https:\\\/\\\/dorogimedence.hu\\\/index.php\\\/2020\\\/11\\\/07\\\/igy-valtoztak-az-ingatlanarak-tersegunkben\\\/#primaryimage\"},\"thumbnailUrl\":\"https:\\\/\\\/dorogimedence.hu\\\/wp-content\\\/uploads\\\/2017\\\/11\\\/ingatlan-01.jpg\",\"datePublished\":\"2020-11-07T14:00:03+00:00\",\"dateModified\":\"2020-11-07T14:00:37+00:00\",\"breadcrumb\":{\"@id\":\"https:\\\/\\\/dorogimedence.hu\\\/index.php\\\/2020\\\/11\\\/07\\\/igy-valtoztak-az-ingatlanarak-tersegunkben\\\/#breadcrumb\"},\"inLanguage\":\"hu\",\"potentialAction\":[{\"@type\":\"ReadAction\",\"target\":[\"https:\\\/\\\/dorogimedence.hu\\\/index.php\\\/2020\\\/11\\\/07\\\/igy-valtoztak-az-ingatlanarak-tersegunkben\\\/\"]}]},{\"@type\":\"ImageObject\",\"inLanguage\":\"hu\",\"@id\":\"https:\\\/\\\/dorogimedence.hu\\\/index.php\\\/2020\\\/11\\\/07\\\/igy-valtoztak-az-ingatlanarak-tersegunkben\\\/#primaryimage\",\"url\":\"https:\\\/\\\/dorogimedence.hu\\\/wp-content\\\/uploads\\\/2017\\\/11\\\/ingatlan-01.jpg\",\"contentUrl\":\"https:\\\/\\\/dorogimedence.hu\\\/wp-content\\\/uploads\\\/2017\\\/11\\\/ingatlan-01.jpg\",\"width\":670,\"height\":365},{\"@type\":\"BreadcrumbList\",\"@id\":\"https:\\\/\\\/dorogimedence.hu\\\/index.php\\\/2020\\\/11\\\/07\\\/igy-valtoztak-az-ingatlanarak-tersegunkben\\\/#breadcrumb\",\"itemListElement\":[{\"@type\":\"ListItem\",\"position\":1,\"name\":\"Kezd\u0151lap\",\"item\":\"https:\\\/\\\/dorogimedence.hu\\\/\"},{\"@type\":\"ListItem\",\"position\":2,\"name\":\"\u00cdgy v\u00e1ltoztak az ingatlan\u00e1rak t\u00e9rs\u00e9g\u00fcnkben\"}]},{\"@type\":\"WebSite\",\"@id\":\"https:\\\/\\\/dorogimedence.hu\\\/#website\",\"url\":\"https:\\\/\\\/dorogimedence.hu\\\/\",\"name\":\"Dorogi-medence Region\u00e1lis H\u00edrport\u00e1l\",\"description\":\"Dorog, Keszt\u00f6lc, Le\u00e1nyv\u00e1r, Piliscs\u00e9v, Tokod, Tokodalt\u00e1r\u00f3, Csolnok, Esztergom-kertv\u00e1ros: h\u00edrek, programok\",\"publisher\":{\"@id\":\"https:\\\/\\\/dorogimedence.hu\\\/#organization\"},\"potentialAction\":[{\"@type\":\"SearchAction\",\"target\":{\"@type\":\"EntryPoint\",\"urlTemplate\":\"https:\\\/\\\/dorogimedence.hu\\\/?s={search_term_string}\"},\"query-input\":{\"@type\":\"PropertyValueSpecification\",\"valueRequired\":true,\"valueName\":\"search_term_string\"}}],\"inLanguage\":\"hu\"},{\"@type\":\"Organization\",\"@id\":\"https:\\\/\\\/dorogimedence.hu\\\/#organization\",\"name\":\"Dorogi-medence Region\u00e1lis H\u00edrport\u00e1l\",\"url\":\"https:\\\/\\\/dorogimedence.hu\\\/\",\"logo\":{\"@type\":\"ImageObject\",\"inLanguage\":\"hu\",\"@id\":\"https:\\\/\\\/dorogimedence.hu\\\/#\\\/schema\\\/logo\\\/image\\\/\",\"url\":\"https:\\\/\\\/dorogimedence.hu\\\/wp-content\\\/uploads\\\/2021\\\/04\\\/logo-feher-600.png\",\"contentUrl\":\"https:\\\/\\\/dorogimedence.hu\\\/wp-content\\\/uploads\\\/2021\\\/04\\\/logo-feher-600.png\",\"width\":600,\"height\":100,\"caption\":\"Dorogi-medence Region\u00e1lis H\u00edrport\u00e1l\"},\"image\":{\"@id\":\"https:\\\/\\\/dorogimedence.hu\\\/#\\\/schema\\\/logo\\\/image\\\/\"},\"sameAs\":[\"https:\\\/\\\/www.facebook.com\\\/dorogimedence\\\/\"]},{\"@type\":\"Person\",\"@id\":\"https:\\\/\\\/dorogimedence.hu\\\/#\\\/schema\\\/person\\\/ce6091eeb7e95ecdc87890d6aa8e0fd4\",\"name\":\"dorogimedence.hu\",\"image\":{\"@type\":\"ImageObject\",\"inLanguage\":\"hu\",\"@id\":\"\\\/\\\/www.gravatar.com\\\/avatar\\\/d8d45f8901aadff40a4af72c0b826f1d?s=96&#038;r=g&#038;d=mm\",\"url\":\"\\\/\\\/www.gravatar.com\\\/avatar\\\/d8d45f8901aadff40a4af72c0b826f1d?s=96&#038;r=g&#038;d=mm\",\"contentUrl\":\"\\\/\\\/www.gravatar.com\\\/avatar\\\/d8d45f8901aadff40a4af72c0b826f1d?s=96&#038;r=g&#038;d=mm\",\"caption\":\"dorogimedence.hu\"}}]}<\/script>\n<!-- \/ Yoast SEO plugin. -->","yoast_head_json":{"title":"\u00cdgy v\u00e1ltoztak az ingatlan\u00e1rak t\u00e9rs\u00e9g\u00fcnkben","robots":{"index":"index","follow":"follow","max-snippet":"max-snippet:-1","max-image-preview":"max-image-preview:large","max-video-preview":"max-video-preview:-1"},"canonical":"https:\/\/dorogimedence.hu\/index.php\/2020\/11\/07\/igy-valtoztak-az-ingatlanarak-tersegunkben\/","og_locale":"hu_HU","og_type":"article","og_title":"\u00cdgy v\u00e1ltoztak az ingatlan\u00e1rak t\u00e9rs\u00e9g\u00fcnkben","og_description":"Az idei \u00e9v is sok izgalmat jelentett az ingatlanpiac tekintet\u00e9ben \u00e9s a k\u00f6vetkez\u0151 is tartogathat meglepet\u00e9seket. K\u00edv\u00e1ncsiak voltunk, l\u00e1that\u00f3 v\u00e1ltoz\u00e1st hozott-e a v\u00edrus a helyi ingatlan\u00e1rakban a tavalyi \u00e9vhez k\u00e9pest, emellett azt is kisz\u00e1moltuk, hogy a k\u00f6rny\u00e9ken mennyi\u00e9rt tudunk jelenleg csal\u00e1di h\u00e1zat v\u00e1s\u00e1rolni. Hogy egy kicsit a j\u00f6v\u0151 \u00e9v ingatlanpiac\u00e1val is foglalkozzunk, a cikk\u00fcnk v\u00e9g\u00e9n","og_url":"https:\/\/dorogimedence.hu\/index.php\/2020\/11\/07\/igy-valtoztak-az-ingatlanarak-tersegunkben\/","og_site_name":"Dorogi-medence Region\u00e1lis H\u00edrport\u00e1l","article_publisher":"https:\/\/www.facebook.com\/dorogimedence\/","article_published_time":"2020-11-07T14:00:03+00:00","article_modified_time":"2020-11-07T14:00:37+00:00","og_image":[{"width":670,"height":365,"url":"https:\/\/i0.wp.com\/dorogimedence.hu\/wp-content\/uploads\/2017\/11\/ingatlan-01.jpg?fit=670%2C365&ssl=1","type":"image\/jpeg"}],"author":"dorogimedence.hu","twitter_card":"summary_large_image","twitter_misc":{"Szerz\u0151:":"dorogimedence.hu","Becs\u00fclt olvas\u00e1si id\u0151":"3 perc"},"schema":{"@context":"https:\/\/schema.org","@graph":[{"@type":"Article","@id":"https:\/\/dorogimedence.hu\/index.php\/2020\/11\/07\/igy-valtoztak-az-ingatlanarak-tersegunkben\/#article","isPartOf":{"@id":"https:\/\/dorogimedence.hu\/index.php\/2020\/11\/07\/igy-valtoztak-az-ingatlanarak-tersegunkben\/"},"author":{"name":"dorogimedence.hu","@id":"https:\/\/dorogimedence.hu\/#\/schema\/person\/ce6091eeb7e95ecdc87890d6aa8e0fd4"},"headline":"\u00cdgy v\u00e1ltoztak az ingatlan\u00e1rak t\u00e9rs\u00e9g\u00fcnkben","datePublished":"2020-11-07T14:00:03+00:00","dateModified":"2020-11-07T14:00:37+00:00","mainEntityOfPage":{"@id":"https:\/\/dorogimedence.hu\/index.php\/2020\/11\/07\/igy-valtoztak-az-ingatlanarak-tersegunkben\/"},"wordCount":671,"publisher":{"@id":"https:\/\/dorogimedence.hu\/#organization"},"image":{"@id":"https:\/\/dorogimedence.hu\/index.php\/2020\/11\/07\/igy-valtoztak-az-ingatlanarak-tersegunkben\/#primaryimage"},"thumbnailUrl":"https:\/\/dorogimedence.hu\/wp-content\/uploads\/2017\/11\/ingatlan-01.jpg","keywords":["ingatlan","ingatlan\u00e1rak"],"articleSection":["Dorog","Esztergom","H\u00edrek","Keszt\u00f6lc","Piliscs\u00e9v","T\u00e1t","Tokod","Tokodalt\u00e1r\u00f3"],"inLanguage":"hu"},{"@type":"WebPage","@id":"https:\/\/dorogimedence.hu\/index.php\/2020\/11\/07\/igy-valtoztak-az-ingatlanarak-tersegunkben\/","url":"https:\/\/dorogimedence.hu\/index.php\/2020\/11\/07\/igy-valtoztak-az-ingatlanarak-tersegunkben\/","name":"\u00cdgy v\u00e1ltoztak az ingatlan\u00e1rak t\u00e9rs\u00e9g\u00fcnkben","isPartOf":{"@id":"https:\/\/dorogimedence.hu\/#website"},"primaryImageOfPage":{"@id":"https:\/\/dorogimedence.hu\/index.php\/2020\/11\/07\/igy-valtoztak-az-ingatlanarak-tersegunkben\/#primaryimage"},"image":{"@id":"https:\/\/dorogimedence.hu\/index.php\/2020\/11\/07\/igy-valtoztak-az-ingatlanarak-tersegunkben\/#primaryimage"},"thumbnailUrl":"https:\/\/dorogimedence.hu\/wp-content\/uploads\/2017\/11\/ingatlan-01.jpg","datePublished":"2020-11-07T14:00:03+00:00","dateModified":"2020-11-07T14:00:37+00:00","breadcrumb":{"@id":"https:\/\/dorogimedence.hu\/index.php\/2020\/11\/07\/igy-valtoztak-az-ingatlanarak-tersegunkben\/#breadcrumb"},"inLanguage":"hu","potentialAction":[{"@type":"ReadAction","target":["https:\/\/dorogimedence.hu\/index.php\/2020\/11\/07\/igy-valtoztak-az-ingatlanarak-tersegunkben\/"]}]},{"@type":"ImageObject","inLanguage":"hu","@id":"https:\/\/dorogimedence.hu\/index.php\/2020\/11\/07\/igy-valtoztak-az-ingatlanarak-tersegunkben\/#primaryimage","url":"https:\/\/dorogimedence.hu\/wp-content\/uploads\/2017\/11\/ingatlan-01.jpg","contentUrl":"https:\/\/dorogimedence.hu\/wp-content\/uploads\/2017\/11\/ingatlan-01.jpg","width":670,"height":365},{"@type":"BreadcrumbList","@id":"https:\/\/dorogimedence.hu\/index.php\/2020\/11\/07\/igy-valtoztak-az-ingatlanarak-tersegunkben\/#breadcrumb","itemListElement":[{"@type":"ListItem","position":1,"name":"Kezd\u0151lap","item":"https:\/\/dorogimedence.hu\/"},{"@type":"ListItem","position":2,"name":"\u00cdgy v\u00e1ltoztak az ingatlan\u00e1rak t\u00e9rs\u00e9g\u00fcnkben"}]},{"@type":"WebSite","@id":"https:\/\/dorogimedence.hu\/#website","url":"https:\/\/dorogimedence.hu\/","name":"Dorogi-medence Region\u00e1lis H\u00edrport\u00e1l","description":"Dorog, Keszt\u00f6lc, Le\u00e1nyv\u00e1r, Piliscs\u00e9v, Tokod, Tokodalt\u00e1r\u00f3, Csolnok, Esztergom-kertv\u00e1ros: h\u00edrek, programok","publisher":{"@id":"https:\/\/dorogimedence.hu\/#organization"},"potentialAction":[{"@type":"SearchAction","target":{"@type":"EntryPoint","urlTemplate":"https:\/\/dorogimedence.hu\/?s={search_term_string}"},"query-input":{"@type":"PropertyValueSpecification","valueRequired":true,"valueName":"search_term_string"}}],"inLanguage":"hu"},{"@type":"Organization","@id":"https:\/\/dorogimedence.hu\/#organization","name":"Dorogi-medence Region\u00e1lis H\u00edrport\u00e1l","url":"https:\/\/dorogimedence.hu\/","logo":{"@type":"ImageObject","inLanguage":"hu","@id":"https:\/\/dorogimedence.hu\/#\/schema\/logo\/image\/","url":"https:\/\/dorogimedence.hu\/wp-content\/uploads\/2021\/04\/logo-feher-600.png","contentUrl":"https:\/\/dorogimedence.hu\/wp-content\/uploads\/2021\/04\/logo-feher-600.png","width":600,"height":100,"caption":"Dorogi-medence Region\u00e1lis H\u00edrport\u00e1l"},"image":{"@id":"https:\/\/dorogimedence.hu\/#\/schema\/logo\/image\/"},"sameAs":["https:\/\/www.facebook.com\/dorogimedence\/"]},{"@type":"Person","@id":"https:\/\/dorogimedence.hu\/#\/schema\/person\/ce6091eeb7e95ecdc87890d6aa8e0fd4","name":"dorogimedence.hu","image":{"@type":"ImageObject","inLanguage":"hu","@id":"\/\/www.gravatar.com\/avatar\/d8d45f8901aadff40a4af72c0b826f1d?s=96&#038;r=g&#038;d=mm","url":"\/\/www.gravatar.com\/avatar\/d8d45f8901aadff40a4af72c0b826f1d?s=96&#038;r=g&#038;d=mm","contentUrl":"\/\/www.gravatar.com\/avatar\/d8d45f8901aadff40a4af72c0b826f1d?s=96&#038;r=g&#038;d=mm","caption":"dorogimedence.hu"}}]}},"_links":{"self":[{"href":"https:\/\/dorogimedence.hu\/index.php\/wp-json\/wp\/v2\/posts\/28451","targetHints":{"allow":["GET"]}}],"collection":[{"href":"https:\/\/dorogimedence.hu\/index.php\/wp-json\/wp\/v2\/posts"}],"about":[{"href":"https:\/\/dorogimedence.hu\/index.php\/wp-json\/wp\/v2\/types\/post"}],"author":[{"embeddable":true,"href":"https:\/\/dorogimedence.hu\/index.php\/wp-json\/wp\/v2\/users\/1"}],"replies":[{"embeddable":true,"href":"https:\/\/dorogimedence.hu\/index.php\/wp-json\/wp\/v2\/comments?post=28451"}],"version-history":[{"count":0,"href":"https:\/\/dorogimedence.hu\/index.php\/wp-json\/wp\/v2\/posts\/28451\/revisions"}],"wp:featuredmedia":[{"embeddable":true,"href":"https:\/\/dorogimedence.hu\/index.php\/wp-json\/wp\/v2\/media\/6834"}],"wp:attachment":[{"href":"https:\/\/dorogimedence.hu\/index.php\/wp-json\/wp\/v2\/media?parent=28451"}],"wp:term":[{"taxonomy":"category","embeddable":true,"href":"https:\/\/dorogimedence.hu\/index.php\/wp-json\/wp\/v2\/categories?post=28451"},{"taxonomy":"post_tag","embeddable":true,"href":"https:\/\/dorogimedence.hu\/index.php\/wp-json\/wp\/v2\/tags?post=28451"}],"curies":[{"name":"wp","href":"https:\/\/api.w.org\/{rel}","templated":true}]}}