{"id":28365,"date":"2020-11-04T06:51:59","date_gmt":"2020-11-04T05:51:59","guid":{"rendered":"http:\/\/dorogimedence.hu\/?p=28365"},"modified":"2020-11-04T06:52:05","modified_gmt":"2020-11-04T05:52:05","slug":"elzarast-kaphat-a-visszaeso-ittas-vezeto","status":"publish","type":"post","link":"https:\/\/dorogimedence.hu\/index.php\/2020\/11\/04\/elzarast-kaphat-a-visszaeso-ittas-vezeto\/","title":{"rendered":"Elz\u00e1r\u00e1st kaphat a visszaes\u0151 ittas vezet\u0151"},"content":{"rendered":"<p><strong>Elz\u00e1r\u00e1sra \u00e9s vezet\u00e9st\u0151l eltilt\u00e1sra \u00edt\u00e9lhetik azt a visszaes\u0151 f\u00e9rfit, aki j\u00faniusban a 11-es \u00faton s\u00falyos fok\u00fa ittas \u00e1llapotban vezetett egy szem\u00e9lyg\u00e9pkocsit.<\/strong><\/p>\n<p>A v\u00e1dirat szerint a f\u00e9rfi 2020. j\u00fanius 24. napj\u00e1n 21 \u00f3ra k\u00f6r\u00fcli id\u0151ben Dunabogd\u00e1nyb\u00f3l a 11-es sz\u00e1m\u00fa f\u0151\u00faton Esztergomig haladva s\u00falyos fok\u00fa ittas \u00e1llapotban vezetett egy szem\u00e9lyg\u00e9pkocsit. A v\u00e1dlott a j\u00e1rm\u0171 vezet\u00e9se k\u00f6zben Pilismar\u00f3ton meg\u00e1llt, hogy a mag\u00e1val vitt szeszes italb\u00f3l fogyasszon, majd tov\u00e1bb folytatta \u00fatj\u00e1t Esztergom ir\u00e1ny\u00e1ba, ahol 21 \u00f3ra 36 perckor k\u00f6z\u00fati ellen\u0151rz\u00e9s al\u00e1 vont\u00e1k.&nbsp;<\/p>\n<p>A f\u00e9rfit a b\u00edr\u00f3s\u00e1g 2019-ben ittas j\u00e1rm\u0171vezet\u00e9s v\u00e9ts\u00e9ge miatt 280 \u00f3ra k\u00f6z\u00e9rdek\u0171 munka b\u00fcntet\u00e9sre \u00e9s 1 \u00e9v j\u00e1rm\u0171vezet\u00e9st\u0151l eltilt\u00e1sra \u00edt\u00e9lte.<\/p>\n<p>Az \u00fcgy\u00e9szs\u00e9g a v\u00e1diratban ind\u00edtv\u00e1nyozta, hogy az Esztergomi J\u00e1r\u00e1sb\u00edr\u00f3s\u00e1g a f\u00e9rfit elz\u00e1r\u00e1s b\u00fcntet\u00e9sre \u00e9s j\u00e1rm\u0171vezet\u00e9st\u0151l eltilt\u00e1sra \u00edt\u00e9lje.<\/p>\n<p><em>Forr\u00e1s: Kom\u00e1rom-Esztergom Megyei F\u0151\u00fcgy\u00e9szs\u00e9g Sajt\u00f3<\/em><\/p>\n","protected":false},"excerpt":{"rendered":"<p>Elz\u00e1r\u00e1sra \u00e9s vezet\u00e9st\u0151l eltilt\u00e1sra \u00edt\u00e9lhetik azt a visszaes\u0151 f\u00e9rfit, aki j\u00faniusban a 11-es \u00faton s\u00falyos fok\u00fa ittas \u00e1llapotban vezetett egy szem\u00e9lyg\u00e9pkocsit. A v\u00e1dirat szerint a f\u00e9rfi 2020. j\u00fanius 24. napj\u00e1n 21 \u00f3ra k\u00f6r\u00fcli id\u0151ben Dunabogd\u00e1nyb\u00f3l a 11-es sz\u00e1m\u00fa f\u0151\u00faton Esztergomig haladva s\u00falyos fok\u00fa ittas \u00e1llapotban vezetett egy szem\u00e9lyg\u00e9pkocsit. A v\u00e1dlott a j\u00e1rm\u0171 vezet\u00e9se k\u00f6zben Pilismar\u00f3ton<\/p>\n","protected":false},"author":1,"featured_media":0,"comment_status":"closed","ping_status":"closed","sticky":false,"template":"","format":"standard","meta":{"ngg_post_thumbnail":0,"footnotes":""},"categories":[38,3,39],"tags":[1042,63,1287,42,164,326],"class_list":{"0":"post-28365","1":"post","2":"type-post","3":"status-publish","4":"format-standard","6":"category-esztergom","7":"category-hirek","8":"category-kek-hirek","9":"tag-birosag","10":"tag-buncselekmeny","11":"tag-dunabogdany","12":"tag-esztergom","13":"tag-ittas-vezetes","14":"tag-ugyeszseg"},"yoast_head":"<!-- This site is optimized with the Yoast SEO plugin v27.4 - https:\/\/yoast.com\/product\/yoast-seo-wordpress\/ -->\n<title>Elz\u00e1r\u00e1st kaphat a visszaes\u0151 ittas vezet\u0151<\/title>\n<meta name=\"robots\" content=\"index, follow, max-snippet:-1, max-image-preview:large, max-video-preview:-1\" \/>\n<link rel=\"canonical\" href=\"https:\/\/dorogimedence.hu\/index.php\/2020\/11\/04\/elzarast-kaphat-a-visszaeso-ittas-vezeto\/\" class=\"yoast-seo-meta-tag\" \/>\n<meta property=\"og:locale\" content=\"hu_HU\" class=\"yoast-seo-meta-tag\" \/>\n<meta property=\"og:type\" content=\"article\" class=\"yoast-seo-meta-tag\" \/>\n<meta property=\"og:title\" content=\"Elz\u00e1r\u00e1st kaphat a visszaes\u0151 ittas vezet\u0151\" class=\"yoast-seo-meta-tag\" \/>\n<meta property=\"og:description\" content=\"Elz\u00e1r\u00e1sra \u00e9s vezet\u00e9st\u0151l eltilt\u00e1sra \u00edt\u00e9lhetik azt a visszaes\u0151 f\u00e9rfit, aki j\u00faniusban a 11-es \u00faton s\u00falyos fok\u00fa ittas \u00e1llapotban vezetett egy szem\u00e9lyg\u00e9pkocsit. A v\u00e1dirat szerint a f\u00e9rfi 2020. j\u00fanius 24. napj\u00e1n 21 \u00f3ra k\u00f6r\u00fcli id\u0151ben Dunabogd\u00e1nyb\u00f3l a 11-es sz\u00e1m\u00fa f\u0151\u00faton Esztergomig haladva s\u00falyos fok\u00fa ittas \u00e1llapotban vezetett egy szem\u00e9lyg\u00e9pkocsit. A v\u00e1dlott a j\u00e1rm\u0171 vezet\u00e9se k\u00f6zben Pilismar\u00f3ton\" class=\"yoast-seo-meta-tag\" \/>\n<meta property=\"og:url\" content=\"https:\/\/dorogimedence.hu\/index.php\/2020\/11\/04\/elzarast-kaphat-a-visszaeso-ittas-vezeto\/\" class=\"yoast-seo-meta-tag\" \/>\n<meta property=\"og:site_name\" content=\"Dorogi-medence Region\u00e1lis H\u00edrport\u00e1l\" class=\"yoast-seo-meta-tag\" \/>\n<meta property=\"article:publisher\" content=\"https:\/\/www.facebook.com\/dorogimedence\/\" class=\"yoast-seo-meta-tag\" \/>\n<meta property=\"article:published_time\" content=\"2020-11-04T05:51:59+00:00\" class=\"yoast-seo-meta-tag\" \/>\n<meta property=\"article:modified_time\" content=\"2020-11-04T05:52:05+00:00\" class=\"yoast-seo-meta-tag\" \/>\n<meta property=\"og:image\" content=\"https:\/\/i0.wp.com\/dorogimedence.hu\/wp-content\/uploads\/2020\/08\/biro.jpg?fit=830%2C450&ssl=1\" class=\"yoast-seo-meta-tag\" \/>\n\t<meta property=\"og:image:width\" content=\"830\" class=\"yoast-seo-meta-tag\" \/>\n\t<meta property=\"og:image:height\" content=\"450\" class=\"yoast-seo-meta-tag\" \/>\n\t<meta property=\"og:image:type\" content=\"image\/jpeg\" class=\"yoast-seo-meta-tag\" \/>\n<meta name=\"author\" content=\"dorogimedence.hu\" class=\"yoast-seo-meta-tag\" \/>\n<meta name=\"twitter:card\" content=\"summary_large_image\" class=\"yoast-seo-meta-tag\" \/>\n<meta name=\"twitter:label1\" content=\"Szerz\u0151:\" class=\"yoast-seo-meta-tag\" \/>\n\t<meta name=\"twitter:data1\" content=\"dorogimedence.hu\" class=\"yoast-seo-meta-tag\" \/>\n\t<meta name=\"twitter:label2\" content=\"Becs\u00fclt olvas\u00e1si id\u0151\" class=\"yoast-seo-meta-tag\" \/>\n\t<meta name=\"twitter:data2\" content=\"1 perc\" class=\"yoast-seo-meta-tag\" \/>\n<script type=\"application\/ld+json\" class=\"yoast-schema-graph\">{\"@context\":\"https:\\\/\\\/schema.org\",\"@graph\":[{\"@type\":\"Article\",\"@id\":\"https:\\\/\\\/dorogimedence.hu\\\/index.php\\\/2020\\\/11\\\/04\\\/elzarast-kaphat-a-visszaeso-ittas-vezeto\\\/#article\",\"isPartOf\":{\"@id\":\"https:\\\/\\\/dorogimedence.hu\\\/index.php\\\/2020\\\/11\\\/04\\\/elzarast-kaphat-a-visszaeso-ittas-vezeto\\\/\"},\"author\":{\"name\":\"dorogimedence.hu\",\"@id\":\"https:\\\/\\\/dorogimedence.hu\\\/#\\\/schema\\\/person\\\/ce6091eeb7e95ecdc87890d6aa8e0fd4\"},\"headline\":\"Elz\u00e1r\u00e1st kaphat a visszaes\u0151 ittas vezet\u0151\",\"datePublished\":\"2020-11-04T05:51:59+00:00\",\"dateModified\":\"2020-11-04T05:52:05+00:00\",\"mainEntityOfPage\":{\"@id\":\"https:\\\/\\\/dorogimedence.hu\\\/index.php\\\/2020\\\/11\\\/04\\\/elzarast-kaphat-a-visszaeso-ittas-vezeto\\\/\"},\"wordCount\":209,\"publisher\":{\"@id\":\"https:\\\/\\\/dorogimedence.hu\\\/#organization\"},\"keywords\":[\"b\u00edr\u00f3s\u00e1g\",\"b\u0171ncselekm\u00e9ny\",\"Dunabogd\u00e1ny\",\"esztergom\",\"ittas vezet\u00e9s\",\"\u00fcgy\u00e9szs\u00e9g\"],\"articleSection\":[\"Esztergom\",\"H\u00edrek\",\"K\u00e9k h\u00edrek\"],\"inLanguage\":\"hu\"},{\"@type\":\"WebPage\",\"@id\":\"https:\\\/\\\/dorogimedence.hu\\\/index.php\\\/2020\\\/11\\\/04\\\/elzarast-kaphat-a-visszaeso-ittas-vezeto\\\/\",\"url\":\"https:\\\/\\\/dorogimedence.hu\\\/index.php\\\/2020\\\/11\\\/04\\\/elzarast-kaphat-a-visszaeso-ittas-vezeto\\\/\",\"name\":\"Elz\u00e1r\u00e1st kaphat a visszaes\u0151 ittas vezet\u0151\",\"isPartOf\":{\"@id\":\"https:\\\/\\\/dorogimedence.hu\\\/#website\"},\"datePublished\":\"2020-11-04T05:51:59+00:00\",\"dateModified\":\"2020-11-04T05:52:05+00:00\",\"breadcrumb\":{\"@id\":\"https:\\\/\\\/dorogimedence.hu\\\/index.php\\\/2020\\\/11\\\/04\\\/elzarast-kaphat-a-visszaeso-ittas-vezeto\\\/#breadcrumb\"},\"inLanguage\":\"hu\",\"potentialAction\":[{\"@type\":\"ReadAction\",\"target\":[\"https:\\\/\\\/dorogimedence.hu\\\/index.php\\\/2020\\\/11\\\/04\\\/elzarast-kaphat-a-visszaeso-ittas-vezeto\\\/\"]}]},{\"@type\":\"BreadcrumbList\",\"@id\":\"https:\\\/\\\/dorogimedence.hu\\\/index.php\\\/2020\\\/11\\\/04\\\/elzarast-kaphat-a-visszaeso-ittas-vezeto\\\/#breadcrumb\",\"itemListElement\":[{\"@type\":\"ListItem\",\"position\":1,\"name\":\"Kezd\u0151lap\",\"item\":\"https:\\\/\\\/dorogimedence.hu\\\/\"},{\"@type\":\"ListItem\",\"position\":2,\"name\":\"Elz\u00e1r\u00e1st kaphat a visszaes\u0151 ittas vezet\u0151\"}]},{\"@type\":\"WebSite\",\"@id\":\"https:\\\/\\\/dorogimedence.hu\\\/#website\",\"url\":\"https:\\\/\\\/dorogimedence.hu\\\/\",\"name\":\"Dorogi-medence Region\u00e1lis H\u00edrport\u00e1l\",\"description\":\"Dorog, Keszt\u00f6lc, Le\u00e1nyv\u00e1r, Piliscs\u00e9v, Tokod, Tokodalt\u00e1r\u00f3, Csolnok, Esztergom-kertv\u00e1ros: h\u00edrek, programok\",\"publisher\":{\"@id\":\"https:\\\/\\\/dorogimedence.hu\\\/#organization\"},\"potentialAction\":[{\"@type\":\"SearchAction\",\"target\":{\"@type\":\"EntryPoint\",\"urlTemplate\":\"https:\\\/\\\/dorogimedence.hu\\\/?s={search_term_string}\"},\"query-input\":{\"@type\":\"PropertyValueSpecification\",\"valueRequired\":true,\"valueName\":\"search_term_string\"}}],\"inLanguage\":\"hu\"},{\"@type\":\"Organization\",\"@id\":\"https:\\\/\\\/dorogimedence.hu\\\/#organization\",\"name\":\"Dorogi-medence Region\u00e1lis H\u00edrport\u00e1l\",\"url\":\"https:\\\/\\\/dorogimedence.hu\\\/\",\"logo\":{\"@type\":\"ImageObject\",\"inLanguage\":\"hu\",\"@id\":\"https:\\\/\\\/dorogimedence.hu\\\/#\\\/schema\\\/logo\\\/image\\\/\",\"url\":\"https:\\\/\\\/dorogimedence.hu\\\/wp-content\\\/uploads\\\/2021\\\/04\\\/logo-feher-600.png\",\"contentUrl\":\"https:\\\/\\\/dorogimedence.hu\\\/wp-content\\\/uploads\\\/2021\\\/04\\\/logo-feher-600.png\",\"width\":600,\"height\":100,\"caption\":\"Dorogi-medence Region\u00e1lis H\u00edrport\u00e1l\"},\"image\":{\"@id\":\"https:\\\/\\\/dorogimedence.hu\\\/#\\\/schema\\\/logo\\\/image\\\/\"},\"sameAs\":[\"https:\\\/\\\/www.facebook.com\\\/dorogimedence\\\/\"]},{\"@type\":\"Person\",\"@id\":\"https:\\\/\\\/dorogimedence.hu\\\/#\\\/schema\\\/person\\\/ce6091eeb7e95ecdc87890d6aa8e0fd4\",\"name\":\"dorogimedence.hu\",\"image\":{\"@type\":\"ImageObject\",\"inLanguage\":\"hu\",\"@id\":\"\\\/\\\/www.gravatar.com\\\/avatar\\\/d8d45f8901aadff40a4af72c0b826f1d?s=96&#038;r=g&#038;d=mm\",\"url\":\"\\\/\\\/www.gravatar.com\\\/avatar\\\/d8d45f8901aadff40a4af72c0b826f1d?s=96&#038;r=g&#038;d=mm\",\"contentUrl\":\"\\\/\\\/www.gravatar.com\\\/avatar\\\/d8d45f8901aadff40a4af72c0b826f1d?s=96&#038;r=g&#038;d=mm\",\"caption\":\"dorogimedence.hu\"}}]}<\/script>\n<!-- \/ Yoast SEO plugin. -->","yoast_head_json":{"title":"Elz\u00e1r\u00e1st kaphat a visszaes\u0151 ittas vezet\u0151","robots":{"index":"index","follow":"follow","max-snippet":"max-snippet:-1","max-image-preview":"max-image-preview:large","max-video-preview":"max-video-preview:-1"},"canonical":"https:\/\/dorogimedence.hu\/index.php\/2020\/11\/04\/elzarast-kaphat-a-visszaeso-ittas-vezeto\/","og_locale":"hu_HU","og_type":"article","og_title":"Elz\u00e1r\u00e1st kaphat a visszaes\u0151 ittas vezet\u0151","og_description":"Elz\u00e1r\u00e1sra \u00e9s vezet\u00e9st\u0151l eltilt\u00e1sra \u00edt\u00e9lhetik azt a visszaes\u0151 f\u00e9rfit, aki j\u00faniusban a 11-es \u00faton s\u00falyos fok\u00fa ittas \u00e1llapotban vezetett egy szem\u00e9lyg\u00e9pkocsit. A v\u00e1dirat szerint a f\u00e9rfi 2020. j\u00fanius 24. napj\u00e1n 21 \u00f3ra k\u00f6r\u00fcli id\u0151ben Dunabogd\u00e1nyb\u00f3l a 11-es sz\u00e1m\u00fa f\u0151\u00faton Esztergomig haladva s\u00falyos fok\u00fa ittas \u00e1llapotban vezetett egy szem\u00e9lyg\u00e9pkocsit. A v\u00e1dlott a j\u00e1rm\u0171 vezet\u00e9se k\u00f6zben Pilismar\u00f3ton","og_url":"https:\/\/dorogimedence.hu\/index.php\/2020\/11\/04\/elzarast-kaphat-a-visszaeso-ittas-vezeto\/","og_site_name":"Dorogi-medence Region\u00e1lis H\u00edrport\u00e1l","article_publisher":"https:\/\/www.facebook.com\/dorogimedence\/","article_published_time":"2020-11-04T05:51:59+00:00","article_modified_time":"2020-11-04T05:52:05+00:00","og_image":[{"width":830,"height":450,"url":"https:\/\/i0.wp.com\/dorogimedence.hu\/wp-content\/uploads\/2020\/08\/biro.jpg?fit=830%2C450&ssl=1","type":"image\/jpeg"}],"author":"dorogimedence.hu","twitter_card":"summary_large_image","twitter_misc":{"Szerz\u0151:":"dorogimedence.hu","Becs\u00fclt olvas\u00e1si id\u0151":"1 perc"},"schema":{"@context":"https:\/\/schema.org","@graph":[{"@type":"Article","@id":"https:\/\/dorogimedence.hu\/index.php\/2020\/11\/04\/elzarast-kaphat-a-visszaeso-ittas-vezeto\/#article","isPartOf":{"@id":"https:\/\/dorogimedence.hu\/index.php\/2020\/11\/04\/elzarast-kaphat-a-visszaeso-ittas-vezeto\/"},"author":{"name":"dorogimedence.hu","@id":"https:\/\/dorogimedence.hu\/#\/schema\/person\/ce6091eeb7e95ecdc87890d6aa8e0fd4"},"headline":"Elz\u00e1r\u00e1st kaphat a visszaes\u0151 ittas vezet\u0151","datePublished":"2020-11-04T05:51:59+00:00","dateModified":"2020-11-04T05:52:05+00:00","mainEntityOfPage":{"@id":"https:\/\/dorogimedence.hu\/index.php\/2020\/11\/04\/elzarast-kaphat-a-visszaeso-ittas-vezeto\/"},"wordCount":209,"publisher":{"@id":"https:\/\/dorogimedence.hu\/#organization"},"keywords":["b\u00edr\u00f3s\u00e1g","b\u0171ncselekm\u00e9ny","Dunabogd\u00e1ny","esztergom","ittas vezet\u00e9s","\u00fcgy\u00e9szs\u00e9g"],"articleSection":["Esztergom","H\u00edrek","K\u00e9k h\u00edrek"],"inLanguage":"hu"},{"@type":"WebPage","@id":"https:\/\/dorogimedence.hu\/index.php\/2020\/11\/04\/elzarast-kaphat-a-visszaeso-ittas-vezeto\/","url":"https:\/\/dorogimedence.hu\/index.php\/2020\/11\/04\/elzarast-kaphat-a-visszaeso-ittas-vezeto\/","name":"Elz\u00e1r\u00e1st kaphat a visszaes\u0151 ittas vezet\u0151","isPartOf":{"@id":"https:\/\/dorogimedence.hu\/#website"},"datePublished":"2020-11-04T05:51:59+00:00","dateModified":"2020-11-04T05:52:05+00:00","breadcrumb":{"@id":"https:\/\/dorogimedence.hu\/index.php\/2020\/11\/04\/elzarast-kaphat-a-visszaeso-ittas-vezeto\/#breadcrumb"},"inLanguage":"hu","potentialAction":[{"@type":"ReadAction","target":["https:\/\/dorogimedence.hu\/index.php\/2020\/11\/04\/elzarast-kaphat-a-visszaeso-ittas-vezeto\/"]}]},{"@type":"BreadcrumbList","@id":"https:\/\/dorogimedence.hu\/index.php\/2020\/11\/04\/elzarast-kaphat-a-visszaeso-ittas-vezeto\/#breadcrumb","itemListElement":[{"@type":"ListItem","position":1,"name":"Kezd\u0151lap","item":"https:\/\/dorogimedence.hu\/"},{"@type":"ListItem","position":2,"name":"Elz\u00e1r\u00e1st kaphat a visszaes\u0151 ittas vezet\u0151"}]},{"@type":"WebSite","@id":"https:\/\/dorogimedence.hu\/#website","url":"https:\/\/dorogimedence.hu\/","name":"Dorogi-medence Region\u00e1lis H\u00edrport\u00e1l","description":"Dorog, Keszt\u00f6lc, Le\u00e1nyv\u00e1r, Piliscs\u00e9v, Tokod, Tokodalt\u00e1r\u00f3, Csolnok, Esztergom-kertv\u00e1ros: h\u00edrek, programok","publisher":{"@id":"https:\/\/dorogimedence.hu\/#organization"},"potentialAction":[{"@type":"SearchAction","target":{"@type":"EntryPoint","urlTemplate":"https:\/\/dorogimedence.hu\/?s={search_term_string}"},"query-input":{"@type":"PropertyValueSpecification","valueRequired":true,"valueName":"search_term_string"}}],"inLanguage":"hu"},{"@type":"Organization","@id":"https:\/\/dorogimedence.hu\/#organization","name":"Dorogi-medence Region\u00e1lis H\u00edrport\u00e1l","url":"https:\/\/dorogimedence.hu\/","logo":{"@type":"ImageObject","inLanguage":"hu","@id":"https:\/\/dorogimedence.hu\/#\/schema\/logo\/image\/","url":"https:\/\/dorogimedence.hu\/wp-content\/uploads\/2021\/04\/logo-feher-600.png","contentUrl":"https:\/\/dorogimedence.hu\/wp-content\/uploads\/2021\/04\/logo-feher-600.png","width":600,"height":100,"caption":"Dorogi-medence Region\u00e1lis H\u00edrport\u00e1l"},"image":{"@id":"https:\/\/dorogimedence.hu\/#\/schema\/logo\/image\/"},"sameAs":["https:\/\/www.facebook.com\/dorogimedence\/"]},{"@type":"Person","@id":"https:\/\/dorogimedence.hu\/#\/schema\/person\/ce6091eeb7e95ecdc87890d6aa8e0fd4","name":"dorogimedence.hu","image":{"@type":"ImageObject","inLanguage":"hu","@id":"\/\/www.gravatar.com\/avatar\/d8d45f8901aadff40a4af72c0b826f1d?s=96&#038;r=g&#038;d=mm","url":"\/\/www.gravatar.com\/avatar\/d8d45f8901aadff40a4af72c0b826f1d?s=96&#038;r=g&#038;d=mm","contentUrl":"\/\/www.gravatar.com\/avatar\/d8d45f8901aadff40a4af72c0b826f1d?s=96&#038;r=g&#038;d=mm","caption":"dorogimedence.hu"}}]}},"_links":{"self":[{"href":"https:\/\/dorogimedence.hu\/index.php\/wp-json\/wp\/v2\/posts\/28365","targetHints":{"allow":["GET"]}}],"collection":[{"href":"https:\/\/dorogimedence.hu\/index.php\/wp-json\/wp\/v2\/posts"}],"about":[{"href":"https:\/\/dorogimedence.hu\/index.php\/wp-json\/wp\/v2\/types\/post"}],"author":[{"embeddable":true,"href":"https:\/\/dorogimedence.hu\/index.php\/wp-json\/wp\/v2\/users\/1"}],"replies":[{"embeddable":true,"href":"https:\/\/dorogimedence.hu\/index.php\/wp-json\/wp\/v2\/comments?post=28365"}],"version-history":[{"count":0,"href":"https:\/\/dorogimedence.hu\/index.php\/wp-json\/wp\/v2\/posts\/28365\/revisions"}],"wp:attachment":[{"href":"https:\/\/dorogimedence.hu\/index.php\/wp-json\/wp\/v2\/media?parent=28365"}],"wp:term":[{"taxonomy":"category","embeddable":true,"href":"https:\/\/dorogimedence.hu\/index.php\/wp-json\/wp\/v2\/categories?post=28365"},{"taxonomy":"post_tag","embeddable":true,"href":"https:\/\/dorogimedence.hu\/index.php\/wp-json\/wp\/v2\/tags?post=28365"}],"curies":[{"name":"wp","href":"https:\/\/api.w.org\/{rel}","templated":true}]}}