{"id":28347,"date":"2020-11-03T10:52:39","date_gmt":"2020-11-03T09:52:39","guid":{"rendered":"http:\/\/dorogimedence.hu\/?p=28347"},"modified":"2020-11-03T10:53:03","modified_gmt":"2020-11-03T09:53:03","slug":"minden-tavaszi-intezkedes-lehetoseget-merlegeli-a-kormany","status":"publish","type":"post","link":"https:\/\/dorogimedence.hu\/index.php\/2020\/11\/03\/minden-tavaszi-intezkedes-lehetoseget-merlegeli-a-kormany\/","title":{"rendered":"Minden tavaszi int\u00e9zked\u00e9s lehet\u0151s\u00e9g\u00e9t m\u00e9rlegeli a korm\u00e1ny"},"content":{"rendered":"<div class=\"item_introtext\">\n<p><strong>A korm\u00e1ny minden olyan int\u00e9zked\u00e9s ism\u00e9telt bevezet\u00e9s\u00e9nek a lehet\u0151s\u00e9g\u00e9t m\u00e9rlegeli a koronav\u00edrus-j\u00e1rv\u00e1ny elleni v\u00e9dekez\u00e9sben, amellyel tavasszal m\u00e1r \u00e9lt &#8211; k\u00f6z\u00f6lte a csal\u00e1dok\u00e9rt felel\u0151s t\u00e1rca n\u00e9lk\u00fcli miniszter h\u00e9tf\u0151n Budapesten, az Id\u0151sek Tan\u00e1cs\u00e1nak \u00fcl\u00e9s\u00e9n.<\/strong><\/p>\n<\/div>\n<div class=\"item_fulltext\">\n<p>Nov\u00e1k Katalin azt mondta, hogy a helyzet nem k\u00f6nnyebb, mint egy h\u00f3napja, \u00e9s v\u00e1rhat\u00f3an m\u00e9g sokkal nehezebb lesz. Kedden \u00e9s szerd\u00e1n d\u00f6nt\u00e9seket hoz a korm\u00e1ny, ezekhez akarja kik\u00e9rni az id\u0151sek v\u00e9lem\u00e9ny\u00e9t, hogy j\u00f3l hat\u00e1rozzon &#8211; hangoztatta a miniszter.<\/p>\n<p>A c\u00e9l, hogy min\u00e9l sikeresebb legyen a v\u00e9dekez\u00e9s, min\u00e9l t\u00f6bb \u00e9letet tudjanak megmenteni. A j\u00e1rv\u00e1ny komoly kih\u00edv\u00e1sok el\u00e9 \u00e1ll\u00edtja az eg\u00e9szs\u00e9g\u00fcgyi ell\u00e1t\u00f3rendszert &#8211; emelte ki Nov\u00e1k Katalin, hozz\u00e1t\u00e9ve, hogy ez\u00e9rt szigor\u00edtott a korm\u00e1ny az el\u0151\u00edr\u00e1sokon. A v\u00e9dekez\u00e9s els\u0151 hull\u00e1ma nemzetk\u00f6zi \u00f6sszehasonl\u00edt\u00e1sban is sikeresnek volt nevezhet\u0151; azt akarj\u00e1k, hogy a m\u00e1sodik is \u00edgy alakuljon &#8211; mondta.<\/p>\n<p>A miniszter k\u00f6z\u00f6lte: ahogy tavasszal, most is folyamatosan figyelik Ausztri\u00e1t. A hasonl\u00f3 adotts\u00e1gok miatt arra sz\u00e1m\u00edtanak, hogy hasonl\u00f3an alakul a j\u00e1rv\u00e1ny\u00fcgyi helyzet a k\u00e9t orsz\u00e1gban. N<strong>\u00e9h\u00e1ny nap, h\u00e9t m\u00falva v\u00e1rhat\u00f3an &#8222;dr\u00e1maibb lesz a helyzet&#8221; Magyarorsz\u00e1gon<\/strong> &#8211; jelentette ki.<\/p>\n<p>M\u00fcller Cec\u00edlia orsz\u00e1gos tisztif\u0151orvos \u00fagy fogalmazott, hogy &#8222;g\u0151zer\u0151vel&#8221; fejlesztik a magyar v\u00e9d\u0151olt\u00e1st, \u00e9s j\u00f3l \u00e1llnak. Kiemelte, hogy a lakoss\u00e1g egy\u00f6t\u00f6de 65 \u00e9v feletti. Arra t\u00f6rekednek, hogy m\u00e9g ink\u00e1bb egy\u00fcttm\u0171k\u00f6d\u0151v\u00e9 tegy\u00e9k a t\u00e1rsadalmat &#8211; f\u0171zte hozz\u00e1.<\/p>\n<p>Sajnos azt tapasztalj\u00e1k, hogy szinte minden m\u00e9r\u00e9si ponton emelkedik a v\u00edrus \u00f6r\u00f6k\u00edt\u0151anyag\u00e1nak mennyis\u00e9ge a szennyv\u00edzben, ami azt jelzi el\u0151re, hogy m\u00e9g kor\u00e1ntsem \u00e9rte el a cs\u00facspontj\u00e1t a j\u00e1rv\u00e1ny &#8211; mondta M\u00fcller Cec\u00edlia. Biztat\u00e1sk\u00e9ppen az orsz\u00e1gos tisztif\u0151orvos arr\u00f3l besz\u00e9lt, hogy tavasz \u00f3ta ugyanakkor jelent\u0151s ismeretanyag halmoz\u00f3dott fel a koronav\u00edrusr\u00f3l, a fert\u0151z\u00e9s kezel\u00e9s\u00e9r\u0151l.<\/p>\n<p><em>Forr\u00e1s: MTI<br \/>\nFot\u00f3: <span id=\"ctl05_lbLead4\">MTI\/Kosztics\u00e1k Szil\u00e1rd<\/span><\/em><\/p>\n<\/div>\n","protected":false},"excerpt":{"rendered":"<p>A korm\u00e1ny minden olyan int\u00e9zked\u00e9s ism\u00e9telt bevezet\u00e9s\u00e9nek a lehet\u0151s\u00e9g\u00e9t m\u00e9rlegeli a koronav\u00edrus-j\u00e1rv\u00e1ny elleni v\u00e9dekez\u00e9sben, amellyel tavasszal m\u00e1r \u00e9lt &#8211; k\u00f6z\u00f6lte a csal\u00e1dok\u00e9rt felel\u0151s t\u00e1rca n\u00e9lk\u00fcli miniszter h\u00e9tf\u0151n Budapesten, az Id\u0151sek Tan\u00e1cs\u00e1nak \u00fcl\u00e9s\u00e9n. Nov\u00e1k Katalin azt mondta, hogy a helyzet nem k\u00f6nnyebb, mint egy h\u00f3napja, \u00e9s v\u00e1rhat\u00f3an m\u00e9g sokkal nehezebb lesz. Kedden \u00e9s szerd\u00e1n d\u00f6nt\u00e9seket hoz<\/p>\n","protected":false},"author":1,"featured_media":28348,"comment_status":"closed","ping_status":"closed","sticky":false,"template":"","format":"standard","meta":{"ngg_post_thumbnail":0,"footnotes":""},"categories":[3],"tags":[4738],"class_list":{"0":"post-28347","1":"post","2":"type-post","3":"status-publish","4":"format-standard","5":"has-post-thumbnail","7":"category-hirek","8":"tag-koronavirus"},"yoast_head":"<!-- This site is optimized with the Yoast SEO plugin v27.4 - https:\/\/yoast.com\/product\/yoast-seo-wordpress\/ -->\n<title>Minden tavaszi int\u00e9zked\u00e9s lehet\u0151s\u00e9g\u00e9t m\u00e9rlegeli a korm\u00e1ny<\/title>\n<meta name=\"robots\" content=\"index, follow, max-snippet:-1, max-image-preview:large, max-video-preview:-1\" \/>\n<link rel=\"canonical\" href=\"https:\/\/dorogimedence.hu\/index.php\/2020\/11\/03\/minden-tavaszi-intezkedes-lehetoseget-merlegeli-a-kormany\/\" class=\"yoast-seo-meta-tag\" \/>\n<meta property=\"og:locale\" content=\"hu_HU\" class=\"yoast-seo-meta-tag\" \/>\n<meta property=\"og:type\" content=\"article\" class=\"yoast-seo-meta-tag\" \/>\n<meta property=\"og:title\" content=\"Minden tavaszi int\u00e9zked\u00e9s lehet\u0151s\u00e9g\u00e9t m\u00e9rlegeli a korm\u00e1ny\" class=\"yoast-seo-meta-tag\" \/>\n<meta property=\"og:description\" content=\"A korm\u00e1ny minden olyan int\u00e9zked\u00e9s ism\u00e9telt bevezet\u00e9s\u00e9nek a lehet\u0151s\u00e9g\u00e9t m\u00e9rlegeli a koronav\u00edrus-j\u00e1rv\u00e1ny elleni v\u00e9dekez\u00e9sben, amellyel tavasszal m\u00e1r \u00e9lt &#8211; k\u00f6z\u00f6lte a csal\u00e1dok\u00e9rt felel\u0151s t\u00e1rca n\u00e9lk\u00fcli miniszter h\u00e9tf\u0151n Budapesten, az Id\u0151sek Tan\u00e1cs\u00e1nak \u00fcl\u00e9s\u00e9n. Nov\u00e1k Katalin azt mondta, hogy a helyzet nem k\u00f6nnyebb, mint egy h\u00f3napja, \u00e9s v\u00e1rhat\u00f3an m\u00e9g sokkal nehezebb lesz. Kedden \u00e9s szerd\u00e1n d\u00f6nt\u00e9seket hoz\" class=\"yoast-seo-meta-tag\" \/>\n<meta property=\"og:url\" content=\"https:\/\/dorogimedence.hu\/index.php\/2020\/11\/03\/minden-tavaszi-intezkedes-lehetoseget-merlegeli-a-kormany\/\" class=\"yoast-seo-meta-tag\" \/>\n<meta property=\"og:site_name\" content=\"Dorogi-medence Region\u00e1lis H\u00edrport\u00e1l\" class=\"yoast-seo-meta-tag\" \/>\n<meta property=\"article:publisher\" content=\"https:\/\/www.facebook.com\/dorogimedence\/\" class=\"yoast-seo-meta-tag\" \/>\n<meta property=\"article:published_time\" content=\"2020-11-03T09:52:39+00:00\" class=\"yoast-seo-meta-tag\" \/>\n<meta property=\"article:modified_time\" content=\"2020-11-03T09:53:03+00:00\" class=\"yoast-seo-meta-tag\" \/>\n<meta property=\"og:image\" content=\"https:\/\/i0.wp.com\/dorogimedence.hu\/wp-content\/uploads\/2020\/11\/cecilia.jpg?fit=830%2C450&ssl=1\" class=\"yoast-seo-meta-tag\" \/>\n\t<meta property=\"og:image:width\" content=\"830\" class=\"yoast-seo-meta-tag\" \/>\n\t<meta property=\"og:image:height\" content=\"450\" class=\"yoast-seo-meta-tag\" \/>\n\t<meta property=\"og:image:type\" content=\"image\/jpeg\" class=\"yoast-seo-meta-tag\" \/>\n<meta name=\"author\" content=\"dorogimedence.hu\" class=\"yoast-seo-meta-tag\" \/>\n<meta name=\"twitter:card\" content=\"summary_large_image\" class=\"yoast-seo-meta-tag\" \/>\n<meta name=\"twitter:label1\" content=\"Szerz\u0151:\" class=\"yoast-seo-meta-tag\" \/>\n\t<meta name=\"twitter:data1\" content=\"dorogimedence.hu\" class=\"yoast-seo-meta-tag\" \/>\n\t<meta name=\"twitter:label2\" content=\"Becs\u00fclt olvas\u00e1si id\u0151\" class=\"yoast-seo-meta-tag\" \/>\n\t<meta name=\"twitter:data2\" content=\"2 perc\" class=\"yoast-seo-meta-tag\" \/>\n<script type=\"application\/ld+json\" class=\"yoast-schema-graph\">{\"@context\":\"https:\\\/\\\/schema.org\",\"@graph\":[{\"@type\":\"Article\",\"@id\":\"https:\\\/\\\/dorogimedence.hu\\\/index.php\\\/2020\\\/11\\\/03\\\/minden-tavaszi-intezkedes-lehetoseget-merlegeli-a-kormany\\\/#article\",\"isPartOf\":{\"@id\":\"https:\\\/\\\/dorogimedence.hu\\\/index.php\\\/2020\\\/11\\\/03\\\/minden-tavaszi-intezkedes-lehetoseget-merlegeli-a-kormany\\\/\"},\"author\":{\"name\":\"dorogimedence.hu\",\"@id\":\"https:\\\/\\\/dorogimedence.hu\\\/#\\\/schema\\\/person\\\/ce6091eeb7e95ecdc87890d6aa8e0fd4\"},\"headline\":\"Minden tavaszi int\u00e9zked\u00e9s lehet\u0151s\u00e9g\u00e9t m\u00e9rlegeli a korm\u00e1ny\",\"datePublished\":\"2020-11-03T09:52:39+00:00\",\"dateModified\":\"2020-11-03T09:53:03+00:00\",\"mainEntityOfPage\":{\"@id\":\"https:\\\/\\\/dorogimedence.hu\\\/index.php\\\/2020\\\/11\\\/03\\\/minden-tavaszi-intezkedes-lehetoseget-merlegeli-a-kormany\\\/\"},\"wordCount\":428,\"publisher\":{\"@id\":\"https:\\\/\\\/dorogimedence.hu\\\/#organization\"},\"image\":{\"@id\":\"https:\\\/\\\/dorogimedence.hu\\\/index.php\\\/2020\\\/11\\\/03\\\/minden-tavaszi-intezkedes-lehetoseget-merlegeli-a-kormany\\\/#primaryimage\"},\"thumbnailUrl\":\"https:\\\/\\\/dorogimedence.hu\\\/wp-content\\\/uploads\\\/2020\\\/11\\\/cecilia.jpg\",\"keywords\":[\"koronav\u00edrus\"],\"articleSection\":[\"H\u00edrek\"],\"inLanguage\":\"hu\"},{\"@type\":\"WebPage\",\"@id\":\"https:\\\/\\\/dorogimedence.hu\\\/index.php\\\/2020\\\/11\\\/03\\\/minden-tavaszi-intezkedes-lehetoseget-merlegeli-a-kormany\\\/\",\"url\":\"https:\\\/\\\/dorogimedence.hu\\\/index.php\\\/2020\\\/11\\\/03\\\/minden-tavaszi-intezkedes-lehetoseget-merlegeli-a-kormany\\\/\",\"name\":\"Minden tavaszi int\u00e9zked\u00e9s lehet\u0151s\u00e9g\u00e9t m\u00e9rlegeli a korm\u00e1ny\",\"isPartOf\":{\"@id\":\"https:\\\/\\\/dorogimedence.hu\\\/#website\"},\"primaryImageOfPage\":{\"@id\":\"https:\\\/\\\/dorogimedence.hu\\\/index.php\\\/2020\\\/11\\\/03\\\/minden-tavaszi-intezkedes-lehetoseget-merlegeli-a-kormany\\\/#primaryimage\"},\"image\":{\"@id\":\"https:\\\/\\\/dorogimedence.hu\\\/index.php\\\/2020\\\/11\\\/03\\\/minden-tavaszi-intezkedes-lehetoseget-merlegeli-a-kormany\\\/#primaryimage\"},\"thumbnailUrl\":\"https:\\\/\\\/dorogimedence.hu\\\/wp-content\\\/uploads\\\/2020\\\/11\\\/cecilia.jpg\",\"datePublished\":\"2020-11-03T09:52:39+00:00\",\"dateModified\":\"2020-11-03T09:53:03+00:00\",\"breadcrumb\":{\"@id\":\"https:\\\/\\\/dorogimedence.hu\\\/index.php\\\/2020\\\/11\\\/03\\\/minden-tavaszi-intezkedes-lehetoseget-merlegeli-a-kormany\\\/#breadcrumb\"},\"inLanguage\":\"hu\",\"potentialAction\":[{\"@type\":\"ReadAction\",\"target\":[\"https:\\\/\\\/dorogimedence.hu\\\/index.php\\\/2020\\\/11\\\/03\\\/minden-tavaszi-intezkedes-lehetoseget-merlegeli-a-kormany\\\/\"]}]},{\"@type\":\"ImageObject\",\"inLanguage\":\"hu\",\"@id\":\"https:\\\/\\\/dorogimedence.hu\\\/index.php\\\/2020\\\/11\\\/03\\\/minden-tavaszi-intezkedes-lehetoseget-merlegeli-a-kormany\\\/#primaryimage\",\"url\":\"https:\\\/\\\/dorogimedence.hu\\\/wp-content\\\/uploads\\\/2020\\\/11\\\/cecilia.jpg\",\"contentUrl\":\"https:\\\/\\\/dorogimedence.hu\\\/wp-content\\\/uploads\\\/2020\\\/11\\\/cecilia.jpg\",\"width\":830,\"height\":450},{\"@type\":\"BreadcrumbList\",\"@id\":\"https:\\\/\\\/dorogimedence.hu\\\/index.php\\\/2020\\\/11\\\/03\\\/minden-tavaszi-intezkedes-lehetoseget-merlegeli-a-kormany\\\/#breadcrumb\",\"itemListElement\":[{\"@type\":\"ListItem\",\"position\":1,\"name\":\"Kezd\u0151lap\",\"item\":\"https:\\\/\\\/dorogimedence.hu\\\/\"},{\"@type\":\"ListItem\",\"position\":2,\"name\":\"Minden tavaszi int\u00e9zked\u00e9s lehet\u0151s\u00e9g\u00e9t m\u00e9rlegeli a korm\u00e1ny\"}]},{\"@type\":\"WebSite\",\"@id\":\"https:\\\/\\\/dorogimedence.hu\\\/#website\",\"url\":\"https:\\\/\\\/dorogimedence.hu\\\/\",\"name\":\"Dorogi-medence Region\u00e1lis H\u00edrport\u00e1l\",\"description\":\"Dorog, Keszt\u00f6lc, Le\u00e1nyv\u00e1r, Piliscs\u00e9v, Tokod, Tokodalt\u00e1r\u00f3, Csolnok, Esztergom-kertv\u00e1ros: h\u00edrek, programok\",\"publisher\":{\"@id\":\"https:\\\/\\\/dorogimedence.hu\\\/#organization\"},\"potentialAction\":[{\"@type\":\"SearchAction\",\"target\":{\"@type\":\"EntryPoint\",\"urlTemplate\":\"https:\\\/\\\/dorogimedence.hu\\\/?s={search_term_string}\"},\"query-input\":{\"@type\":\"PropertyValueSpecification\",\"valueRequired\":true,\"valueName\":\"search_term_string\"}}],\"inLanguage\":\"hu\"},{\"@type\":\"Organization\",\"@id\":\"https:\\\/\\\/dorogimedence.hu\\\/#organization\",\"name\":\"Dorogi-medence Region\u00e1lis H\u00edrport\u00e1l\",\"url\":\"https:\\\/\\\/dorogimedence.hu\\\/\",\"logo\":{\"@type\":\"ImageObject\",\"inLanguage\":\"hu\",\"@id\":\"https:\\\/\\\/dorogimedence.hu\\\/#\\\/schema\\\/logo\\\/image\\\/\",\"url\":\"https:\\\/\\\/dorogimedence.hu\\\/wp-content\\\/uploads\\\/2021\\\/04\\\/logo-feher-600.png\",\"contentUrl\":\"https:\\\/\\\/dorogimedence.hu\\\/wp-content\\\/uploads\\\/2021\\\/04\\\/logo-feher-600.png\",\"width\":600,\"height\":100,\"caption\":\"Dorogi-medence Region\u00e1lis H\u00edrport\u00e1l\"},\"image\":{\"@id\":\"https:\\\/\\\/dorogimedence.hu\\\/#\\\/schema\\\/logo\\\/image\\\/\"},\"sameAs\":[\"https:\\\/\\\/www.facebook.com\\\/dorogimedence\\\/\"]},{\"@type\":\"Person\",\"@id\":\"https:\\\/\\\/dorogimedence.hu\\\/#\\\/schema\\\/person\\\/ce6091eeb7e95ecdc87890d6aa8e0fd4\",\"name\":\"dorogimedence.hu\",\"image\":{\"@type\":\"ImageObject\",\"inLanguage\":\"hu\",\"@id\":\"\\\/\\\/www.gravatar.com\\\/avatar\\\/d8d45f8901aadff40a4af72c0b826f1d?s=96&#038;r=g&#038;d=mm\",\"url\":\"\\\/\\\/www.gravatar.com\\\/avatar\\\/d8d45f8901aadff40a4af72c0b826f1d?s=96&#038;r=g&#038;d=mm\",\"contentUrl\":\"\\\/\\\/www.gravatar.com\\\/avatar\\\/d8d45f8901aadff40a4af72c0b826f1d?s=96&#038;r=g&#038;d=mm\",\"caption\":\"dorogimedence.hu\"}}]}<\/script>\n<!-- \/ Yoast SEO plugin. -->","yoast_head_json":{"title":"Minden tavaszi int\u00e9zked\u00e9s lehet\u0151s\u00e9g\u00e9t m\u00e9rlegeli a korm\u00e1ny","robots":{"index":"index","follow":"follow","max-snippet":"max-snippet:-1","max-image-preview":"max-image-preview:large","max-video-preview":"max-video-preview:-1"},"canonical":"https:\/\/dorogimedence.hu\/index.php\/2020\/11\/03\/minden-tavaszi-intezkedes-lehetoseget-merlegeli-a-kormany\/","og_locale":"hu_HU","og_type":"article","og_title":"Minden tavaszi int\u00e9zked\u00e9s lehet\u0151s\u00e9g\u00e9t m\u00e9rlegeli a korm\u00e1ny","og_description":"A korm\u00e1ny minden olyan int\u00e9zked\u00e9s ism\u00e9telt bevezet\u00e9s\u00e9nek a lehet\u0151s\u00e9g\u00e9t m\u00e9rlegeli a koronav\u00edrus-j\u00e1rv\u00e1ny elleni v\u00e9dekez\u00e9sben, amellyel tavasszal m\u00e1r \u00e9lt &#8211; k\u00f6z\u00f6lte a csal\u00e1dok\u00e9rt felel\u0151s t\u00e1rca n\u00e9lk\u00fcli miniszter h\u00e9tf\u0151n Budapesten, az Id\u0151sek Tan\u00e1cs\u00e1nak \u00fcl\u00e9s\u00e9n. Nov\u00e1k Katalin azt mondta, hogy a helyzet nem k\u00f6nnyebb, mint egy h\u00f3napja, \u00e9s v\u00e1rhat\u00f3an m\u00e9g sokkal nehezebb lesz. Kedden \u00e9s szerd\u00e1n d\u00f6nt\u00e9seket hoz","og_url":"https:\/\/dorogimedence.hu\/index.php\/2020\/11\/03\/minden-tavaszi-intezkedes-lehetoseget-merlegeli-a-kormany\/","og_site_name":"Dorogi-medence Region\u00e1lis H\u00edrport\u00e1l","article_publisher":"https:\/\/www.facebook.com\/dorogimedence\/","article_published_time":"2020-11-03T09:52:39+00:00","article_modified_time":"2020-11-03T09:53:03+00:00","og_image":[{"width":830,"height":450,"url":"https:\/\/i0.wp.com\/dorogimedence.hu\/wp-content\/uploads\/2020\/11\/cecilia.jpg?fit=830%2C450&ssl=1","type":"image\/jpeg"}],"author":"dorogimedence.hu","twitter_card":"summary_large_image","twitter_misc":{"Szerz\u0151:":"dorogimedence.hu","Becs\u00fclt olvas\u00e1si id\u0151":"2 perc"},"schema":{"@context":"https:\/\/schema.org","@graph":[{"@type":"Article","@id":"https:\/\/dorogimedence.hu\/index.php\/2020\/11\/03\/minden-tavaszi-intezkedes-lehetoseget-merlegeli-a-kormany\/#article","isPartOf":{"@id":"https:\/\/dorogimedence.hu\/index.php\/2020\/11\/03\/minden-tavaszi-intezkedes-lehetoseget-merlegeli-a-kormany\/"},"author":{"name":"dorogimedence.hu","@id":"https:\/\/dorogimedence.hu\/#\/schema\/person\/ce6091eeb7e95ecdc87890d6aa8e0fd4"},"headline":"Minden tavaszi int\u00e9zked\u00e9s lehet\u0151s\u00e9g\u00e9t m\u00e9rlegeli a korm\u00e1ny","datePublished":"2020-11-03T09:52:39+00:00","dateModified":"2020-11-03T09:53:03+00:00","mainEntityOfPage":{"@id":"https:\/\/dorogimedence.hu\/index.php\/2020\/11\/03\/minden-tavaszi-intezkedes-lehetoseget-merlegeli-a-kormany\/"},"wordCount":428,"publisher":{"@id":"https:\/\/dorogimedence.hu\/#organization"},"image":{"@id":"https:\/\/dorogimedence.hu\/index.php\/2020\/11\/03\/minden-tavaszi-intezkedes-lehetoseget-merlegeli-a-kormany\/#primaryimage"},"thumbnailUrl":"https:\/\/dorogimedence.hu\/wp-content\/uploads\/2020\/11\/cecilia.jpg","keywords":["koronav\u00edrus"],"articleSection":["H\u00edrek"],"inLanguage":"hu"},{"@type":"WebPage","@id":"https:\/\/dorogimedence.hu\/index.php\/2020\/11\/03\/minden-tavaszi-intezkedes-lehetoseget-merlegeli-a-kormany\/","url":"https:\/\/dorogimedence.hu\/index.php\/2020\/11\/03\/minden-tavaszi-intezkedes-lehetoseget-merlegeli-a-kormany\/","name":"Minden tavaszi int\u00e9zked\u00e9s lehet\u0151s\u00e9g\u00e9t m\u00e9rlegeli a korm\u00e1ny","isPartOf":{"@id":"https:\/\/dorogimedence.hu\/#website"},"primaryImageOfPage":{"@id":"https:\/\/dorogimedence.hu\/index.php\/2020\/11\/03\/minden-tavaszi-intezkedes-lehetoseget-merlegeli-a-kormany\/#primaryimage"},"image":{"@id":"https:\/\/dorogimedence.hu\/index.php\/2020\/11\/03\/minden-tavaszi-intezkedes-lehetoseget-merlegeli-a-kormany\/#primaryimage"},"thumbnailUrl":"https:\/\/dorogimedence.hu\/wp-content\/uploads\/2020\/11\/cecilia.jpg","datePublished":"2020-11-03T09:52:39+00:00","dateModified":"2020-11-03T09:53:03+00:00","breadcrumb":{"@id":"https:\/\/dorogimedence.hu\/index.php\/2020\/11\/03\/minden-tavaszi-intezkedes-lehetoseget-merlegeli-a-kormany\/#breadcrumb"},"inLanguage":"hu","potentialAction":[{"@type":"ReadAction","target":["https:\/\/dorogimedence.hu\/index.php\/2020\/11\/03\/minden-tavaszi-intezkedes-lehetoseget-merlegeli-a-kormany\/"]}]},{"@type":"ImageObject","inLanguage":"hu","@id":"https:\/\/dorogimedence.hu\/index.php\/2020\/11\/03\/minden-tavaszi-intezkedes-lehetoseget-merlegeli-a-kormany\/#primaryimage","url":"https:\/\/dorogimedence.hu\/wp-content\/uploads\/2020\/11\/cecilia.jpg","contentUrl":"https:\/\/dorogimedence.hu\/wp-content\/uploads\/2020\/11\/cecilia.jpg","width":830,"height":450},{"@type":"BreadcrumbList","@id":"https:\/\/dorogimedence.hu\/index.php\/2020\/11\/03\/minden-tavaszi-intezkedes-lehetoseget-merlegeli-a-kormany\/#breadcrumb","itemListElement":[{"@type":"ListItem","position":1,"name":"Kezd\u0151lap","item":"https:\/\/dorogimedence.hu\/"},{"@type":"ListItem","position":2,"name":"Minden tavaszi int\u00e9zked\u00e9s lehet\u0151s\u00e9g\u00e9t m\u00e9rlegeli a korm\u00e1ny"}]},{"@type":"WebSite","@id":"https:\/\/dorogimedence.hu\/#website","url":"https:\/\/dorogimedence.hu\/","name":"Dorogi-medence Region\u00e1lis H\u00edrport\u00e1l","description":"Dorog, Keszt\u00f6lc, Le\u00e1nyv\u00e1r, Piliscs\u00e9v, Tokod, Tokodalt\u00e1r\u00f3, Csolnok, Esztergom-kertv\u00e1ros: h\u00edrek, programok","publisher":{"@id":"https:\/\/dorogimedence.hu\/#organization"},"potentialAction":[{"@type":"SearchAction","target":{"@type":"EntryPoint","urlTemplate":"https:\/\/dorogimedence.hu\/?s={search_term_string}"},"query-input":{"@type":"PropertyValueSpecification","valueRequired":true,"valueName":"search_term_string"}}],"inLanguage":"hu"},{"@type":"Organization","@id":"https:\/\/dorogimedence.hu\/#organization","name":"Dorogi-medence Region\u00e1lis H\u00edrport\u00e1l","url":"https:\/\/dorogimedence.hu\/","logo":{"@type":"ImageObject","inLanguage":"hu","@id":"https:\/\/dorogimedence.hu\/#\/schema\/logo\/image\/","url":"https:\/\/dorogimedence.hu\/wp-content\/uploads\/2021\/04\/logo-feher-600.png","contentUrl":"https:\/\/dorogimedence.hu\/wp-content\/uploads\/2021\/04\/logo-feher-600.png","width":600,"height":100,"caption":"Dorogi-medence Region\u00e1lis H\u00edrport\u00e1l"},"image":{"@id":"https:\/\/dorogimedence.hu\/#\/schema\/logo\/image\/"},"sameAs":["https:\/\/www.facebook.com\/dorogimedence\/"]},{"@type":"Person","@id":"https:\/\/dorogimedence.hu\/#\/schema\/person\/ce6091eeb7e95ecdc87890d6aa8e0fd4","name":"dorogimedence.hu","image":{"@type":"ImageObject","inLanguage":"hu","@id":"\/\/www.gravatar.com\/avatar\/d8d45f8901aadff40a4af72c0b826f1d?s=96&#038;r=g&#038;d=mm","url":"\/\/www.gravatar.com\/avatar\/d8d45f8901aadff40a4af72c0b826f1d?s=96&#038;r=g&#038;d=mm","contentUrl":"\/\/www.gravatar.com\/avatar\/d8d45f8901aadff40a4af72c0b826f1d?s=96&#038;r=g&#038;d=mm","caption":"dorogimedence.hu"}}]}},"_links":{"self":[{"href":"https:\/\/dorogimedence.hu\/index.php\/wp-json\/wp\/v2\/posts\/28347","targetHints":{"allow":["GET"]}}],"collection":[{"href":"https:\/\/dorogimedence.hu\/index.php\/wp-json\/wp\/v2\/posts"}],"about":[{"href":"https:\/\/dorogimedence.hu\/index.php\/wp-json\/wp\/v2\/types\/post"}],"author":[{"embeddable":true,"href":"https:\/\/dorogimedence.hu\/index.php\/wp-json\/wp\/v2\/users\/1"}],"replies":[{"embeddable":true,"href":"https:\/\/dorogimedence.hu\/index.php\/wp-json\/wp\/v2\/comments?post=28347"}],"version-history":[{"count":0,"href":"https:\/\/dorogimedence.hu\/index.php\/wp-json\/wp\/v2\/posts\/28347\/revisions"}],"wp:featuredmedia":[{"embeddable":true,"href":"https:\/\/dorogimedence.hu\/index.php\/wp-json\/wp\/v2\/media\/28348"}],"wp:attachment":[{"href":"https:\/\/dorogimedence.hu\/index.php\/wp-json\/wp\/v2\/media?parent=28347"}],"wp:term":[{"taxonomy":"category","embeddable":true,"href":"https:\/\/dorogimedence.hu\/index.php\/wp-json\/wp\/v2\/categories?post=28347"},{"taxonomy":"post_tag","embeddable":true,"href":"https:\/\/dorogimedence.hu\/index.php\/wp-json\/wp\/v2\/tags?post=28347"}],"curies":[{"name":"wp","href":"https:\/\/api.w.org\/{rel}","templated":true}]}}