{"id":28071,"date":"2020-10-21T10:33:18","date_gmt":"2020-10-21T08:33:18","guid":{"rendered":"http:\/\/dorogimedence.hu\/?p=28071"},"modified":"2020-10-21T14:16:41","modified_gmt":"2020-10-21T12:16:41","slug":"vilagito-utburkolat-epul-a-duna-menti-kerekparuton","status":"publish","type":"post","link":"https:\/\/dorogimedence.hu\/index.php\/2020\/10\/21\/vilagito-utburkolat-epul-a-duna-menti-kerekparuton\/","title":{"rendered":"Vil\u00e1g\u00edt\u00f3 \u00fatburkolat \u00e9p\u00fclt a Duna-menti ker\u00e9kp\u00e1r\u00faton"},"content":{"rendered":"<p><strong>Vil\u00e1g\u00edt\u00f3 \u00fatburkolat \u00e9p\u00fcl a Duna-menti ker\u00e9kp\u00e1r\u00faton, el\u0151sz\u00f6r Esztergomn\u00e1l sz\u00f3rt\u00e1k le a f\u00e9nyvisszaver\u0151 anyagot kedden.<br \/>\n<\/strong><\/p>\n<p><span id=\"ctl05_lbBody\">Mos\u00f3czi L\u00e1szl\u00f3, az Innov\u00e1ci\u00f3s \u00e9s Technol\u00f3giai Miniszt\u00e9rium (ITM) k\u00f6zleked\u00e9spolitik\u00e1\u00e9rt felel\u0151s \u00e1llamtitk\u00e1ra szerd\u00e1n az M1 aktu\u00e1lis csatorn\u00e1n k\u00f6z\u00f6lte, hogy ez egy \u00fajdons\u00e1g lesz a magyar k\u00f6zutakon, ugyanis els\u0151k\u00e9nt az Eurovelo6 nemzetk\u00f6zi ker\u00e9kp\u00e1r\u00fat hazai Kom\u00e1rom-Esztergom megyei k\u00e9t kilom\u00e9teres szakasz\u00e1n \u00e9p\u00fcl teszt\u00fat.<\/span><\/p>\n<p><span id=\"ctl05_lbBody\">Hat k\u00fcl\u00f6nb\u00f6z\u0151 helysz\u00edn telep\u00edtik azt az anyagot, amely nappal k\u00e9pes mag\u00e1ba sz\u00edvni \u00e9s t\u00e1rolni a napf\u00e9ny \u00e1ltal gerjesztett f\u00e9nyenergi\u00e1t, majd azt \u00e9jszaka visszasug\u00e1rozni. Az \u00fatr\u00e9teg negyedik, azaz kop\u00f3r\u00e9teg\u00e9be keverik a gyant\u00e1ba \u00e1gyazott szilik\u00e1tszemcs\u00e9ket, \u00e9s k\u00fcl\u00f6nb\u00f6z\u0151 s\u0171r\u0171s\u00e9ggel ter\u00edtik sz\u00e9t, hengerelik az \u00fatfel\u00fcletbe annak \u00e9rdek\u00e9ben, hogy tesztelni lehessen, mekkora az a f\u00e9nyer\u0151, amely kellemes, nem b\u00e1ntja a szemet.<\/span><\/p>\n<p><img fetchpriority=\"high\" decoding=\"async\" class=\"alignnone size-full wp-image-28073\" src=\"https:\/\/dorogimedence.hu\/wp-content\/uploads\/2020\/10\/vilagito-ut-02.jpg\" alt=\"\" width=\"830\" height=\"450\" srcset=\"https:\/\/dorogimedence.hu\/wp-content\/uploads\/2020\/10\/vilagito-ut-02.jpg 830w, https:\/\/dorogimedence.hu\/wp-content\/uploads\/2020\/10\/vilagito-ut-02-300x163.jpg 300w, https:\/\/dorogimedence.hu\/wp-content\/uploads\/2020\/10\/vilagito-ut-02-768x416.jpg 768w\" sizes=\"(max-width: 830px) 100vw, 830px\" \/><\/p>\n<p><span id=\"ctl05_lbBody\">Ez a k\u00f6rnyezetk\u00edm\u00e9l\u0151 megold\u00e1s hozz\u00e1j\u00e1rul a ker\u00e9kp\u00e1roz\u00f3k balesetmentes \u00e9jszakai k\u00f6zleked\u00e9s\u00e9hez &#8211; tette hozz\u00e1.<\/span><\/p>\n<p><span id=\"ctl05_lbBody\">Kit\u00e9rt arra is, hogy az \u00faj technol\u00f3gia telep\u00edt\u00e9se csak minim\u00e1lisan, 4-5 sz\u00e1zal\u00e9kkal emeli a ker\u00e9kp\u00e1r\u00fat l\u00e9tes\u00edt\u00e9s\u00e9nek k\u00f6lts\u00e9geit.<\/span><\/p>\n<p><em>Fot\u00f3k, forr\u00e1s: <span id=\"ctl05_lbLead4\">MTI\/Magyar K\u00f6z\u00fat Nonprofit Zrt<\/span><\/em><\/p>\n","protected":false},"excerpt":{"rendered":"<p>Vil\u00e1g\u00edt\u00f3 \u00fatburkolat \u00e9p\u00fcl a Duna-menti ker\u00e9kp\u00e1r\u00faton, el\u0151sz\u00f6r Esztergomn\u00e1l sz\u00f3rt\u00e1k le a f\u00e9nyvisszaver\u0151 anyagot kedden. Mos\u00f3czi L\u00e1szl\u00f3, az Innov\u00e1ci\u00f3s \u00e9s Technol\u00f3giai Miniszt\u00e9rium (ITM) k\u00f6zleked\u00e9spolitik\u00e1\u00e9rt felel\u0151s \u00e1llamtitk\u00e1ra szerd\u00e1n az M1 aktu\u00e1lis csatorn\u00e1n k\u00f6z\u00f6lte, hogy ez egy \u00fajdons\u00e1g lesz a magyar k\u00f6zutakon, ugyanis els\u0151k\u00e9nt az Eurovelo6 nemzetk\u00f6zi ker\u00e9kp\u00e1r\u00fat hazai Kom\u00e1rom-Esztergom megyei k\u00e9t kilom\u00e9teres szakasz\u00e1n \u00e9p\u00fcl teszt\u00fat. Hat k\u00fcl\u00f6nb\u00f6z\u0151<\/p>\n","protected":false},"author":1,"featured_media":28072,"comment_status":"closed","ping_status":"closed","sticky":false,"template":"","format":"standard","meta":{"ngg_post_thumbnail":0,"footnotes":""},"categories":[38,3],"tags":[42,156],"class_list":{"0":"post-28071","1":"post","2":"type-post","3":"status-publish","4":"format-standard","5":"has-post-thumbnail","7":"category-esztergom","8":"category-hirek","9":"tag-esztergom","10":"tag-kerekparut"},"yoast_head":"<!-- This site is optimized with the Yoast SEO plugin v27.4 - https:\/\/yoast.com\/product\/yoast-seo-wordpress\/ -->\n<title>Vil\u00e1g\u00edt\u00f3 \u00fatburkolat \u00e9p\u00fclt a Duna-menti ker\u00e9kp\u00e1r\u00faton<\/title>\n<meta name=\"robots\" content=\"index, follow, max-snippet:-1, max-image-preview:large, max-video-preview:-1\" \/>\n<link rel=\"canonical\" href=\"https:\/\/dorogimedence.hu\/index.php\/2020\/10\/21\/vilagito-utburkolat-epul-a-duna-menti-kerekparuton\/\" class=\"yoast-seo-meta-tag\" \/>\n<meta property=\"og:locale\" content=\"hu_HU\" class=\"yoast-seo-meta-tag\" \/>\n<meta property=\"og:type\" content=\"article\" class=\"yoast-seo-meta-tag\" \/>\n<meta property=\"og:title\" content=\"Vil\u00e1g\u00edt\u00f3 \u00fatburkolat \u00e9p\u00fclt a Duna-menti ker\u00e9kp\u00e1r\u00faton\" class=\"yoast-seo-meta-tag\" \/>\n<meta property=\"og:description\" content=\"Vil\u00e1g\u00edt\u00f3 \u00fatburkolat \u00e9p\u00fcl a Duna-menti ker\u00e9kp\u00e1r\u00faton, el\u0151sz\u00f6r Esztergomn\u00e1l sz\u00f3rt\u00e1k le a f\u00e9nyvisszaver\u0151 anyagot kedden. Mos\u00f3czi L\u00e1szl\u00f3, az Innov\u00e1ci\u00f3s \u00e9s Technol\u00f3giai Miniszt\u00e9rium (ITM) k\u00f6zleked\u00e9spolitik\u00e1\u00e9rt felel\u0151s \u00e1llamtitk\u00e1ra szerd\u00e1n az M1 aktu\u00e1lis csatorn\u00e1n k\u00f6z\u00f6lte, hogy ez egy \u00fajdons\u00e1g lesz a magyar k\u00f6zutakon, ugyanis els\u0151k\u00e9nt az Eurovelo6 nemzetk\u00f6zi ker\u00e9kp\u00e1r\u00fat hazai Kom\u00e1rom-Esztergom megyei k\u00e9t kilom\u00e9teres szakasz\u00e1n \u00e9p\u00fcl teszt\u00fat. Hat k\u00fcl\u00f6nb\u00f6z\u0151\" class=\"yoast-seo-meta-tag\" \/>\n<meta property=\"og:url\" content=\"https:\/\/dorogimedence.hu\/index.php\/2020\/10\/21\/vilagito-utburkolat-epul-a-duna-menti-kerekparuton\/\" class=\"yoast-seo-meta-tag\" \/>\n<meta property=\"og:site_name\" content=\"Dorogi-medence Region\u00e1lis H\u00edrport\u00e1l\" class=\"yoast-seo-meta-tag\" \/>\n<meta property=\"article:publisher\" content=\"https:\/\/www.facebook.com\/dorogimedence\/\" class=\"yoast-seo-meta-tag\" \/>\n<meta property=\"article:published_time\" content=\"2020-10-21T08:33:18+00:00\" class=\"yoast-seo-meta-tag\" \/>\n<meta property=\"article:modified_time\" content=\"2020-10-21T12:16:41+00:00\" class=\"yoast-seo-meta-tag\" \/>\n<meta property=\"og:image\" content=\"https:\/\/i0.wp.com\/dorogimedence.hu\/wp-content\/uploads\/2020\/10\/vilagito-ut.jpg?fit=830%2C450&ssl=1\" class=\"yoast-seo-meta-tag\" \/>\n\t<meta property=\"og:image:width\" content=\"830\" class=\"yoast-seo-meta-tag\" \/>\n\t<meta property=\"og:image:height\" content=\"450\" class=\"yoast-seo-meta-tag\" \/>\n\t<meta property=\"og:image:type\" content=\"image\/jpeg\" class=\"yoast-seo-meta-tag\" \/>\n<meta name=\"author\" content=\"dorogimedence.hu\" class=\"yoast-seo-meta-tag\" \/>\n<meta name=\"twitter:card\" content=\"summary_large_image\" class=\"yoast-seo-meta-tag\" \/>\n<meta name=\"twitter:label1\" content=\"Szerz\u0151:\" class=\"yoast-seo-meta-tag\" \/>\n\t<meta name=\"twitter:data1\" content=\"dorogimedence.hu\" class=\"yoast-seo-meta-tag\" \/>\n\t<meta name=\"twitter:label2\" content=\"Becs\u00fclt olvas\u00e1si id\u0151\" class=\"yoast-seo-meta-tag\" \/>\n\t<meta name=\"twitter:data2\" content=\"1 perc\" class=\"yoast-seo-meta-tag\" \/>\n<script type=\"application\/ld+json\" class=\"yoast-schema-graph\">{\"@context\":\"https:\\\/\\\/schema.org\",\"@graph\":[{\"@type\":\"Article\",\"@id\":\"https:\\\/\\\/dorogimedence.hu\\\/index.php\\\/2020\\\/10\\\/21\\\/vilagito-utburkolat-epul-a-duna-menti-kerekparuton\\\/#article\",\"isPartOf\":{\"@id\":\"https:\\\/\\\/dorogimedence.hu\\\/index.php\\\/2020\\\/10\\\/21\\\/vilagito-utburkolat-epul-a-duna-menti-kerekparuton\\\/\"},\"author\":{\"name\":\"dorogimedence.hu\",\"@id\":\"https:\\\/\\\/dorogimedence.hu\\\/#\\\/schema\\\/person\\\/ce6091eeb7e95ecdc87890d6aa8e0fd4\"},\"headline\":\"Vil\u00e1g\u00edt\u00f3 \u00fatburkolat \u00e9p\u00fclt a Duna-menti ker\u00e9kp\u00e1r\u00faton\",\"datePublished\":\"2020-10-21T08:33:18+00:00\",\"dateModified\":\"2020-10-21T12:16:41+00:00\",\"mainEntityOfPage\":{\"@id\":\"https:\\\/\\\/dorogimedence.hu\\\/index.php\\\/2020\\\/10\\\/21\\\/vilagito-utburkolat-epul-a-duna-menti-kerekparuton\\\/\"},\"wordCount\":264,\"publisher\":{\"@id\":\"https:\\\/\\\/dorogimedence.hu\\\/#organization\"},\"image\":{\"@id\":\"https:\\\/\\\/dorogimedence.hu\\\/index.php\\\/2020\\\/10\\\/21\\\/vilagito-utburkolat-epul-a-duna-menti-kerekparuton\\\/#primaryimage\"},\"thumbnailUrl\":\"https:\\\/\\\/dorogimedence.hu\\\/wp-content\\\/uploads\\\/2020\\\/10\\\/vilagito-ut.jpg\",\"keywords\":[\"esztergom\",\"ker\u00e9kp\u00e1r\u00fat\"],\"articleSection\":[\"Esztergom\",\"H\u00edrek\"],\"inLanguage\":\"hu\"},{\"@type\":\"WebPage\",\"@id\":\"https:\\\/\\\/dorogimedence.hu\\\/index.php\\\/2020\\\/10\\\/21\\\/vilagito-utburkolat-epul-a-duna-menti-kerekparuton\\\/\",\"url\":\"https:\\\/\\\/dorogimedence.hu\\\/index.php\\\/2020\\\/10\\\/21\\\/vilagito-utburkolat-epul-a-duna-menti-kerekparuton\\\/\",\"name\":\"Vil\u00e1g\u00edt\u00f3 \u00fatburkolat \u00e9p\u00fclt a Duna-menti ker\u00e9kp\u00e1r\u00faton\",\"isPartOf\":{\"@id\":\"https:\\\/\\\/dorogimedence.hu\\\/#website\"},\"primaryImageOfPage\":{\"@id\":\"https:\\\/\\\/dorogimedence.hu\\\/index.php\\\/2020\\\/10\\\/21\\\/vilagito-utburkolat-epul-a-duna-menti-kerekparuton\\\/#primaryimage\"},\"image\":{\"@id\":\"https:\\\/\\\/dorogimedence.hu\\\/index.php\\\/2020\\\/10\\\/21\\\/vilagito-utburkolat-epul-a-duna-menti-kerekparuton\\\/#primaryimage\"},\"thumbnailUrl\":\"https:\\\/\\\/dorogimedence.hu\\\/wp-content\\\/uploads\\\/2020\\\/10\\\/vilagito-ut.jpg\",\"datePublished\":\"2020-10-21T08:33:18+00:00\",\"dateModified\":\"2020-10-21T12:16:41+00:00\",\"breadcrumb\":{\"@id\":\"https:\\\/\\\/dorogimedence.hu\\\/index.php\\\/2020\\\/10\\\/21\\\/vilagito-utburkolat-epul-a-duna-menti-kerekparuton\\\/#breadcrumb\"},\"inLanguage\":\"hu\",\"potentialAction\":[{\"@type\":\"ReadAction\",\"target\":[\"https:\\\/\\\/dorogimedence.hu\\\/index.php\\\/2020\\\/10\\\/21\\\/vilagito-utburkolat-epul-a-duna-menti-kerekparuton\\\/\"]}]},{\"@type\":\"ImageObject\",\"inLanguage\":\"hu\",\"@id\":\"https:\\\/\\\/dorogimedence.hu\\\/index.php\\\/2020\\\/10\\\/21\\\/vilagito-utburkolat-epul-a-duna-menti-kerekparuton\\\/#primaryimage\",\"url\":\"https:\\\/\\\/dorogimedence.hu\\\/wp-content\\\/uploads\\\/2020\\\/10\\\/vilagito-ut.jpg\",\"contentUrl\":\"https:\\\/\\\/dorogimedence.hu\\\/wp-content\\\/uploads\\\/2020\\\/10\\\/vilagito-ut.jpg\",\"width\":830,\"height\":450},{\"@type\":\"BreadcrumbList\",\"@id\":\"https:\\\/\\\/dorogimedence.hu\\\/index.php\\\/2020\\\/10\\\/21\\\/vilagito-utburkolat-epul-a-duna-menti-kerekparuton\\\/#breadcrumb\",\"itemListElement\":[{\"@type\":\"ListItem\",\"position\":1,\"name\":\"Kezd\u0151lap\",\"item\":\"https:\\\/\\\/dorogimedence.hu\\\/\"},{\"@type\":\"ListItem\",\"position\":2,\"name\":\"Vil\u00e1g\u00edt\u00f3 \u00fatburkolat \u00e9p\u00fclt a Duna-menti ker\u00e9kp\u00e1r\u00faton\"}]},{\"@type\":\"WebSite\",\"@id\":\"https:\\\/\\\/dorogimedence.hu\\\/#website\",\"url\":\"https:\\\/\\\/dorogimedence.hu\\\/\",\"name\":\"Dorogi-medence Region\u00e1lis H\u00edrport\u00e1l\",\"description\":\"Dorog, Keszt\u00f6lc, Le\u00e1nyv\u00e1r, Piliscs\u00e9v, Tokod, Tokodalt\u00e1r\u00f3, Csolnok, Esztergom-kertv\u00e1ros: h\u00edrek, programok\",\"publisher\":{\"@id\":\"https:\\\/\\\/dorogimedence.hu\\\/#organization\"},\"potentialAction\":[{\"@type\":\"SearchAction\",\"target\":{\"@type\":\"EntryPoint\",\"urlTemplate\":\"https:\\\/\\\/dorogimedence.hu\\\/?s={search_term_string}\"},\"query-input\":{\"@type\":\"PropertyValueSpecification\",\"valueRequired\":true,\"valueName\":\"search_term_string\"}}],\"inLanguage\":\"hu\"},{\"@type\":\"Organization\",\"@id\":\"https:\\\/\\\/dorogimedence.hu\\\/#organization\",\"name\":\"Dorogi-medence Region\u00e1lis H\u00edrport\u00e1l\",\"url\":\"https:\\\/\\\/dorogimedence.hu\\\/\",\"logo\":{\"@type\":\"ImageObject\",\"inLanguage\":\"hu\",\"@id\":\"https:\\\/\\\/dorogimedence.hu\\\/#\\\/schema\\\/logo\\\/image\\\/\",\"url\":\"https:\\\/\\\/dorogimedence.hu\\\/wp-content\\\/uploads\\\/2021\\\/04\\\/logo-feher-600.png\",\"contentUrl\":\"https:\\\/\\\/dorogimedence.hu\\\/wp-content\\\/uploads\\\/2021\\\/04\\\/logo-feher-600.png\",\"width\":600,\"height\":100,\"caption\":\"Dorogi-medence Region\u00e1lis H\u00edrport\u00e1l\"},\"image\":{\"@id\":\"https:\\\/\\\/dorogimedence.hu\\\/#\\\/schema\\\/logo\\\/image\\\/\"},\"sameAs\":[\"https:\\\/\\\/www.facebook.com\\\/dorogimedence\\\/\"]},{\"@type\":\"Person\",\"@id\":\"https:\\\/\\\/dorogimedence.hu\\\/#\\\/schema\\\/person\\\/ce6091eeb7e95ecdc87890d6aa8e0fd4\",\"name\":\"dorogimedence.hu\",\"image\":{\"@type\":\"ImageObject\",\"inLanguage\":\"hu\",\"@id\":\"\\\/\\\/www.gravatar.com\\\/avatar\\\/d8d45f8901aadff40a4af72c0b826f1d?s=96&#038;r=g&#038;d=mm\",\"url\":\"\\\/\\\/www.gravatar.com\\\/avatar\\\/d8d45f8901aadff40a4af72c0b826f1d?s=96&#038;r=g&#038;d=mm\",\"contentUrl\":\"\\\/\\\/www.gravatar.com\\\/avatar\\\/d8d45f8901aadff40a4af72c0b826f1d?s=96&#038;r=g&#038;d=mm\",\"caption\":\"dorogimedence.hu\"}}]}<\/script>\n<!-- \/ Yoast SEO plugin. -->","yoast_head_json":{"title":"Vil\u00e1g\u00edt\u00f3 \u00fatburkolat \u00e9p\u00fclt a Duna-menti ker\u00e9kp\u00e1r\u00faton","robots":{"index":"index","follow":"follow","max-snippet":"max-snippet:-1","max-image-preview":"max-image-preview:large","max-video-preview":"max-video-preview:-1"},"canonical":"https:\/\/dorogimedence.hu\/index.php\/2020\/10\/21\/vilagito-utburkolat-epul-a-duna-menti-kerekparuton\/","og_locale":"hu_HU","og_type":"article","og_title":"Vil\u00e1g\u00edt\u00f3 \u00fatburkolat \u00e9p\u00fclt a Duna-menti ker\u00e9kp\u00e1r\u00faton","og_description":"Vil\u00e1g\u00edt\u00f3 \u00fatburkolat \u00e9p\u00fcl a Duna-menti ker\u00e9kp\u00e1r\u00faton, el\u0151sz\u00f6r Esztergomn\u00e1l sz\u00f3rt\u00e1k le a f\u00e9nyvisszaver\u0151 anyagot kedden. Mos\u00f3czi L\u00e1szl\u00f3, az Innov\u00e1ci\u00f3s \u00e9s Technol\u00f3giai Miniszt\u00e9rium (ITM) k\u00f6zleked\u00e9spolitik\u00e1\u00e9rt felel\u0151s \u00e1llamtitk\u00e1ra szerd\u00e1n az M1 aktu\u00e1lis csatorn\u00e1n k\u00f6z\u00f6lte, hogy ez egy \u00fajdons\u00e1g lesz a magyar k\u00f6zutakon, ugyanis els\u0151k\u00e9nt az Eurovelo6 nemzetk\u00f6zi ker\u00e9kp\u00e1r\u00fat hazai Kom\u00e1rom-Esztergom megyei k\u00e9t kilom\u00e9teres szakasz\u00e1n \u00e9p\u00fcl teszt\u00fat. Hat k\u00fcl\u00f6nb\u00f6z\u0151","og_url":"https:\/\/dorogimedence.hu\/index.php\/2020\/10\/21\/vilagito-utburkolat-epul-a-duna-menti-kerekparuton\/","og_site_name":"Dorogi-medence Region\u00e1lis H\u00edrport\u00e1l","article_publisher":"https:\/\/www.facebook.com\/dorogimedence\/","article_published_time":"2020-10-21T08:33:18+00:00","article_modified_time":"2020-10-21T12:16:41+00:00","og_image":[{"width":830,"height":450,"url":"https:\/\/i0.wp.com\/dorogimedence.hu\/wp-content\/uploads\/2020\/10\/vilagito-ut.jpg?fit=830%2C450&ssl=1","type":"image\/jpeg"}],"author":"dorogimedence.hu","twitter_card":"summary_large_image","twitter_misc":{"Szerz\u0151:":"dorogimedence.hu","Becs\u00fclt olvas\u00e1si id\u0151":"1 perc"},"schema":{"@context":"https:\/\/schema.org","@graph":[{"@type":"Article","@id":"https:\/\/dorogimedence.hu\/index.php\/2020\/10\/21\/vilagito-utburkolat-epul-a-duna-menti-kerekparuton\/#article","isPartOf":{"@id":"https:\/\/dorogimedence.hu\/index.php\/2020\/10\/21\/vilagito-utburkolat-epul-a-duna-menti-kerekparuton\/"},"author":{"name":"dorogimedence.hu","@id":"https:\/\/dorogimedence.hu\/#\/schema\/person\/ce6091eeb7e95ecdc87890d6aa8e0fd4"},"headline":"Vil\u00e1g\u00edt\u00f3 \u00fatburkolat \u00e9p\u00fclt a Duna-menti ker\u00e9kp\u00e1r\u00faton","datePublished":"2020-10-21T08:33:18+00:00","dateModified":"2020-10-21T12:16:41+00:00","mainEntityOfPage":{"@id":"https:\/\/dorogimedence.hu\/index.php\/2020\/10\/21\/vilagito-utburkolat-epul-a-duna-menti-kerekparuton\/"},"wordCount":264,"publisher":{"@id":"https:\/\/dorogimedence.hu\/#organization"},"image":{"@id":"https:\/\/dorogimedence.hu\/index.php\/2020\/10\/21\/vilagito-utburkolat-epul-a-duna-menti-kerekparuton\/#primaryimage"},"thumbnailUrl":"https:\/\/dorogimedence.hu\/wp-content\/uploads\/2020\/10\/vilagito-ut.jpg","keywords":["esztergom","ker\u00e9kp\u00e1r\u00fat"],"articleSection":["Esztergom","H\u00edrek"],"inLanguage":"hu"},{"@type":"WebPage","@id":"https:\/\/dorogimedence.hu\/index.php\/2020\/10\/21\/vilagito-utburkolat-epul-a-duna-menti-kerekparuton\/","url":"https:\/\/dorogimedence.hu\/index.php\/2020\/10\/21\/vilagito-utburkolat-epul-a-duna-menti-kerekparuton\/","name":"Vil\u00e1g\u00edt\u00f3 \u00fatburkolat \u00e9p\u00fclt a Duna-menti ker\u00e9kp\u00e1r\u00faton","isPartOf":{"@id":"https:\/\/dorogimedence.hu\/#website"},"primaryImageOfPage":{"@id":"https:\/\/dorogimedence.hu\/index.php\/2020\/10\/21\/vilagito-utburkolat-epul-a-duna-menti-kerekparuton\/#primaryimage"},"image":{"@id":"https:\/\/dorogimedence.hu\/index.php\/2020\/10\/21\/vilagito-utburkolat-epul-a-duna-menti-kerekparuton\/#primaryimage"},"thumbnailUrl":"https:\/\/dorogimedence.hu\/wp-content\/uploads\/2020\/10\/vilagito-ut.jpg","datePublished":"2020-10-21T08:33:18+00:00","dateModified":"2020-10-21T12:16:41+00:00","breadcrumb":{"@id":"https:\/\/dorogimedence.hu\/index.php\/2020\/10\/21\/vilagito-utburkolat-epul-a-duna-menti-kerekparuton\/#breadcrumb"},"inLanguage":"hu","potentialAction":[{"@type":"ReadAction","target":["https:\/\/dorogimedence.hu\/index.php\/2020\/10\/21\/vilagito-utburkolat-epul-a-duna-menti-kerekparuton\/"]}]},{"@type":"ImageObject","inLanguage":"hu","@id":"https:\/\/dorogimedence.hu\/index.php\/2020\/10\/21\/vilagito-utburkolat-epul-a-duna-menti-kerekparuton\/#primaryimage","url":"https:\/\/dorogimedence.hu\/wp-content\/uploads\/2020\/10\/vilagito-ut.jpg","contentUrl":"https:\/\/dorogimedence.hu\/wp-content\/uploads\/2020\/10\/vilagito-ut.jpg","width":830,"height":450},{"@type":"BreadcrumbList","@id":"https:\/\/dorogimedence.hu\/index.php\/2020\/10\/21\/vilagito-utburkolat-epul-a-duna-menti-kerekparuton\/#breadcrumb","itemListElement":[{"@type":"ListItem","position":1,"name":"Kezd\u0151lap","item":"https:\/\/dorogimedence.hu\/"},{"@type":"ListItem","position":2,"name":"Vil\u00e1g\u00edt\u00f3 \u00fatburkolat \u00e9p\u00fclt a Duna-menti ker\u00e9kp\u00e1r\u00faton"}]},{"@type":"WebSite","@id":"https:\/\/dorogimedence.hu\/#website","url":"https:\/\/dorogimedence.hu\/","name":"Dorogi-medence Region\u00e1lis H\u00edrport\u00e1l","description":"Dorog, Keszt\u00f6lc, Le\u00e1nyv\u00e1r, Piliscs\u00e9v, Tokod, Tokodalt\u00e1r\u00f3, Csolnok, Esztergom-kertv\u00e1ros: h\u00edrek, programok","publisher":{"@id":"https:\/\/dorogimedence.hu\/#organization"},"potentialAction":[{"@type":"SearchAction","target":{"@type":"EntryPoint","urlTemplate":"https:\/\/dorogimedence.hu\/?s={search_term_string}"},"query-input":{"@type":"PropertyValueSpecification","valueRequired":true,"valueName":"search_term_string"}}],"inLanguage":"hu"},{"@type":"Organization","@id":"https:\/\/dorogimedence.hu\/#organization","name":"Dorogi-medence Region\u00e1lis H\u00edrport\u00e1l","url":"https:\/\/dorogimedence.hu\/","logo":{"@type":"ImageObject","inLanguage":"hu","@id":"https:\/\/dorogimedence.hu\/#\/schema\/logo\/image\/","url":"https:\/\/dorogimedence.hu\/wp-content\/uploads\/2021\/04\/logo-feher-600.png","contentUrl":"https:\/\/dorogimedence.hu\/wp-content\/uploads\/2021\/04\/logo-feher-600.png","width":600,"height":100,"caption":"Dorogi-medence Region\u00e1lis H\u00edrport\u00e1l"},"image":{"@id":"https:\/\/dorogimedence.hu\/#\/schema\/logo\/image\/"},"sameAs":["https:\/\/www.facebook.com\/dorogimedence\/"]},{"@type":"Person","@id":"https:\/\/dorogimedence.hu\/#\/schema\/person\/ce6091eeb7e95ecdc87890d6aa8e0fd4","name":"dorogimedence.hu","image":{"@type":"ImageObject","inLanguage":"hu","@id":"\/\/www.gravatar.com\/avatar\/d8d45f8901aadff40a4af72c0b826f1d?s=96&#038;r=g&#038;d=mm","url":"\/\/www.gravatar.com\/avatar\/d8d45f8901aadff40a4af72c0b826f1d?s=96&#038;r=g&#038;d=mm","contentUrl":"\/\/www.gravatar.com\/avatar\/d8d45f8901aadff40a4af72c0b826f1d?s=96&#038;r=g&#038;d=mm","caption":"dorogimedence.hu"}}]}},"_links":{"self":[{"href":"https:\/\/dorogimedence.hu\/index.php\/wp-json\/wp\/v2\/posts\/28071","targetHints":{"allow":["GET"]}}],"collection":[{"href":"https:\/\/dorogimedence.hu\/index.php\/wp-json\/wp\/v2\/posts"}],"about":[{"href":"https:\/\/dorogimedence.hu\/index.php\/wp-json\/wp\/v2\/types\/post"}],"author":[{"embeddable":true,"href":"https:\/\/dorogimedence.hu\/index.php\/wp-json\/wp\/v2\/users\/1"}],"replies":[{"embeddable":true,"href":"https:\/\/dorogimedence.hu\/index.php\/wp-json\/wp\/v2\/comments?post=28071"}],"version-history":[{"count":0,"href":"https:\/\/dorogimedence.hu\/index.php\/wp-json\/wp\/v2\/posts\/28071\/revisions"}],"wp:featuredmedia":[{"embeddable":true,"href":"https:\/\/dorogimedence.hu\/index.php\/wp-json\/wp\/v2\/media\/28072"}],"wp:attachment":[{"href":"https:\/\/dorogimedence.hu\/index.php\/wp-json\/wp\/v2\/media?parent=28071"}],"wp:term":[{"taxonomy":"category","embeddable":true,"href":"https:\/\/dorogimedence.hu\/index.php\/wp-json\/wp\/v2\/categories?post=28071"},{"taxonomy":"post_tag","embeddable":true,"href":"https:\/\/dorogimedence.hu\/index.php\/wp-json\/wp\/v2\/tags?post=28071"}],"curies":[{"name":"wp","href":"https:\/\/api.w.org\/{rel}","templated":true}]}}