{"id":27968,"date":"2020-10-15T16:36:21","date_gmt":"2020-10-15T14:36:21","guid":{"rendered":"http:\/\/dorogimedence.hu\/?p=27968"},"modified":"2020-10-15T16:51:22","modified_gmt":"2020-10-15T14:51:22","slug":"tobb-szaz-kilogrammnyi-ujrahasznosithato-szemet-gyult-ossze","status":"publish","type":"post","link":"https:\/\/dorogimedence.hu\/index.php\/2020\/10\/15\/tobb-szaz-kilogrammnyi-ujrahasznosithato-szemet-gyult-ossze\/","title":{"rendered":"T\u00f6bb sz\u00e1z kilogrammnyi \u00fajrahasznos\u00edthat\u00f3 szem\u00e9t gy\u0171lt \u00f6ssze"},"content":{"rendered":"<p><strong>A Szem\u00e9tirt\u00f3k csoportj\u00e1nak tagjai \u00e9s a K\u00f6z\u00f6sen Dorog\u00e9rt Egyes\u00fclet a h\u00e1ztart\u00e1sokban keletkez\u0151, \u00fajrahasznos\u00edthat\u00f3 m\u0171anyagokat gy\u0171jt\u00f6tt\u00e9k \u00f6ssze okt\u00f3ber 11-\u00e9n Dorogon, a m\u0171vel\u0151d\u00e9si h\u00e1z s\u00f6rkertj\u00e9ben. A sikeres akci\u00f3r\u00f3l G\u00e1bor \u00c9v\u00e1val, a program egyik szervez\u0151j\u00e9vel besz\u00e9lgett\u00fcnk.<\/strong><\/p>\n<p><strong>\u2013 Honnan \u00e9s h\u00e1nyan \u00e9rkeztek a gy\u0171jt\u0151pontra?<\/strong><\/p>\n<p>\u2013 Dorogr\u00f3l, Le\u00e1nyv\u00e1rr\u00f3l, D\u00e1gr\u00f3l \u00e9s Esztergomb\u00f3l is \u00e9rkeztek \u00f6sszet\u00f6rt m\u0171anyag kerti b\u00fatorok, sz\u00e9kek, m\u0171anyag italos, vegyszeres palackok. A d\u00e1gi iskol\u00e1ban p\u00e9ld\u00e1ul el\u0151zetesen gy\u0171jt\u00f6tt\u00e9k m\u00e1r h\u00f3napok \u00f3ta a m\u0171anyag hullad\u00e9kokat. A program sikeresnek mondhat\u00f3, hiszen mintegy 100 ember hozta el a feleslegess\u00e9 v\u00e1lt eszk\u00f6zeit.<\/p>\n<p><strong>\u2013 Milyen \u00e9s mennyi hullad\u00e9kot siker\u00fclt begy\u0171jteni?<\/strong><\/p>\n<p>\u2013 PET palackokb\u00f3l k\u00f6r\u00fclbel\u00fcl 5 k\u00f6bm\u00e9ternyi j\u00f6tt \u00f6ssze, az egy\u00e9b (PE, PP) fajt\u00e1kb\u00f3l pedig mintegy 10 k\u00f6bm\u00e9ter. Az ut\u00f3bbit m\u00e1r lem\u00e9rt\u00e9k, amelynek a s\u00falya 430 kg lett. Polietil\u00e9n, illetve polipropil\u00e9n alapanyag\u00fa hullad\u00e9kok k\u00f6z\u00f6tt az al\u00e1bbiak voltak sz\u00e1mottev\u0151ek: kupakok, mos\u00f3szeres flakonok, mos\u00f3kapszul\u00e1s dobozok, tejf\u00f6l\u00f6s \u00e9s joghurtos poharak, vitaminos dobozok, margarinos ed\u00e9nyek. De a k\u00f3rh\u00e1zb\u00f3l is kaptunk rengeteg vesz\u00e9lyes hullad\u00e9knak sz\u00e1m\u00edt\u00f3 palackot \u00e9s csomagol\u00f3anyagot. Mindemellett sokan meg\u00f6r\u00fcltek, hogy megfelel\u0151 helyre leadhatj\u00e1k a kopott, elsz\u00ednez\u0151d\u00f6tt, t\u00f6r\u00f6tt kerti b\u00fatorokat, haszn\u00e1laton k\u00edv\u00fcli hord\u00f3kat, l\u00e1d\u00e1kat, t\u00f6r\u00f6tt v\u00f6dr\u00f6ket.<\/p>\n<p><iframe style=\"border: none; overflow: hidden;\" src=\"https:\/\/www.facebook.com\/plugins\/video.php?height=322&amp;href=https%3A%2F%2Fwww.facebook.com%2F103720838061199%2Fvideos%2F169215984845017%2F&amp;show_text=false&amp;width=560\" scrolling=\"no\" allowfullscreen=\"allowfullscreen\" width=\"560\" height=\"322\" frameborder=\"0\"><\/iframe><\/p>\n<p><strong>\u2013 Bef\u0151ttes \u00fcvegb\u0151l mennyi \u00e9rkezett?<\/strong><\/p>\n<p>\u2013 Mintegy 30 db nagy 3-5 literes \u00fcveget hoztak, aminek \u00faj gazd\u00e1t kerest\u00fcnk, mert olyan fajta \u00fcvegek voltak, amiket a konzervgy\u00e1rakban m\u00e1r nem haszn\u00e1lnak, \u00edgy t\u0151l\u00fcnk nem vesznek \u00e1t. De szerencs\u00e9re hamar meglett az \u00faj gazd\u00e1ja! Mindemellett begy\u0171jt\u00f6tt\u00fcnk&nbsp;k\u00e9t doboznyi szabv\u00e1nyos bef\u0151ttes\u00fcveget is. Ez j\u00f3val kevesebb, mint a ny\u00e1ri \u00fcveggy\u0171jt\u0151 napunkon, de most els\u0151sorban a m\u0171anyagra koncentr\u00e1ltunk.<\/p>\n<p><strong>\u2013 Volt-e olyan, amit leadtak \u00e9s m\u00e1sok elvittek?<\/strong><\/p>\n<p>\u2013 Igen. Az el\u0151bb eml\u00edtett \u00fcvegeken k\u00edv\u00fcl volt, aki hozott 3 zs\u00e1knyi kupakot, amit valami okb\u00f3l nem tudtak leadni a tervezett c\u00e9lra. Mivel tudtuk, hogy a d\u00e1gi \u00e1ltal\u00e1nos iskol\u00e1ban a kupakokat is gy\u0171jtik egy beteg kisfi\u00fa jav\u00e1ra, ez\u00e9rt a sok egy\u00e9b hullad\u00e9k\u00e9rt cser\u00e9be odaadtuk nekik a kupakokat \u00e9s nagyon \u00f6r\u00fcltek neki. Volt, aki hozott p\u00e1r darab r\u00e9gi bev\u00e1s\u00e1rl\u00f3kosarat, azt pedig felaj\u00e1nlottuk egy ismer\u0151snek, aki gy\u0171jti a retr\u00f3 t\u00e1rgyakat. Mindemellett kaptunk k\u00e9t szatyornyi k\u00fcl\u00f6nf\u00e9le m\u00e9ret\u0171 tiszta m\u0171anyag vir\u00e1gcserepet is, amit meghirdett\u00fcnk, h\u00e1tha valaki haszn\u00e1t venn\u00e9, de sajnos a nap v\u00e9g\u00e9ig nem jelentkezett \u00e9rte senki, \u00edgy neh\u00e9z sz\u00edvvel ugyan, de elk\u00fcldt\u00fck \u00fajra hasznos\u00edt\u00e1sra. S\u0151t voltak \u00e9p kann\u00e1k, v\u00f6dr\u00f6k, h\u00e1ztart\u00e1si eszk\u00f6z\u00f6k, amiket sajn\u00e1ltunk, mert valakinek biztosan hasznos lehetett volna, de sajnos nincsen t\u00e1rol\u00f3kapacit\u00e1sunk, illetve nem is ezt v\u00e1llaltuk&nbsp;ugye, hogy \u00faj gazd\u00e1t keres\u00fcnk a t\u00e1rgyaknak, \u00edgy leadtuk azokat is.<\/p>\n<p><img fetchpriority=\"high\" decoding=\"async\" class=\"alignnone size-large wp-image-27971\" src=\"https:\/\/dorogimedence.hu\/wp-content\/uploads\/2020\/10\/121449162_169216128178336_74989904289458532_o-1024x768.jpg\" alt=\"\" width=\"665\" height=\"499\" srcset=\"https:\/\/dorogimedence.hu\/wp-content\/uploads\/2020\/10\/121449162_169216128178336_74989904289458532_o-1024x768.jpg 1024w, https:\/\/dorogimedence.hu\/wp-content\/uploads\/2020\/10\/121449162_169216128178336_74989904289458532_o-300x225.jpg 300w, https:\/\/dorogimedence.hu\/wp-content\/uploads\/2020\/10\/121449162_169216128178336_74989904289458532_o-768x576.jpg 768w, https:\/\/dorogimedence.hu\/wp-content\/uploads\/2020\/10\/121449162_169216128178336_74989904289458532_o-1536x1152.jpg 1536w, https:\/\/dorogimedence.hu\/wp-content\/uploads\/2020\/10\/121449162_169216128178336_74989904289458532_o.jpg 2016w\" sizes=\"(max-width: 665px) 100vw, 665px\" \/><\/p>\n<p><strong>\u2013 Melyik c\u00e9gek veszik \u00e1t a m\u0171anyagot?<\/strong><\/p>\n<p>\u2013 A PE\/PP hullad\u00e9kot az annav\u00f6lgyi Holofon Zrt., a PET palackokat pedig a Tokod Recycling Kft.<\/p>\n<p><strong>\u2013 A k\u00f6zelj\u00f6v\u0151ben milyen esem\u00e9nyeket terveztek?<\/strong><\/p>\n<p>\u2013 Nagyon&nbsp;pozit\u00edv visszajelz\u00e9seket kaptunk, ez\u00e9rt tavaszra tervez\u00fcnk egy hasonl\u00f3 gy\u0171jt\u0151napot, aminek a d\u00e1tum\u00e1t miel\u0151bb kijel\u00f6lj\u00fck, hogy mindenki tudjon vele tervezni. A l\u00e1togat\u00f3kkal t\u00f6rt\u00e9nt besz\u00e9lget\u00e9sekb\u0151l kider\u00fclt, hogy sokan bizalmatlanok a szelekt\u00edv hullad\u00e9kgy\u0171jt\u00e9ssel szemben. \u00c9l\u00e9nken \u00e9l a k\u00f6ztudatban, hogy a hullad\u00e9kot \u201e\u00fagyis \u00f6ssze\u00f6ntik\u201d, ez\u00e9rt fontosnak tartjuk, hogy ismerje meg a lakoss\u00e1g a hullad\u00e9kkezel\u0151 \u00e9s \u00fajrahasznos\u00edt\u00f3 \u00fczemek tev\u00e9kenys\u00e9g\u00e9t.<\/p>\n<p><iframe style=\"border: none; overflow: hidden;\" src=\"https:\/\/www.facebook.com\/plugins\/video.php?height=314&amp;href=https%3A%2F%2Fwww.facebook.com%2F103720838061199%2Fvideos%2F2721843904750701%2F&amp;show_text=false&amp;width=560\" scrolling=\"no\" allowfullscreen=\"allowfullscreen\" width=\"560\" height=\"314\" frameborder=\"0\"><\/iframe><br \/>\n<strong><br \/>\n\u2013 Mire ford\u00edtj\u00e1k a leadott hullad\u00e9kokb\u00f3l sz\u00e1rmaz\u00f3 bev\u00e9telt?<\/strong><\/p>\n<p>\u2013 Az akci\u00f3 bev\u00e9tel\u00e9b\u0151l olyan projektet szeretn\u00e9nk ind\u00edtani, ami a cselekv\u0151 term\u00e9szetv\u00e9delem fontoss\u00e1g\u00e1ra h\u00edvja fel a figyelmet. Ennek keret\u00e9ben k\u00f6z\u00f6ss\u00e9gi finansz\u00edroz\u00e1st \u00e9s egyben az egy\u00e9ni felel\u0151ss\u00e9gv\u00e1llal\u00e1st is bevonva folytatn\u00e1nk a f\u00e1s\u00edt\u00e1si programunkat Dorogon, illetve nyitotts\u00e1g eset\u00e9n egy\u00e9b telep\u00fcl\u00e9seken is. Ezen k\u00edv\u00fcl egyr\u00e9szt egy k\u00e9zzel foghat\u00f3, szemmel l\u00e1that\u00f3 mintal\u00e9tes\u00edtm\u00e9nyt szeretn\u00e9nk l\u00e9trehozni, komposzt\u00e1l\u00f3val, rovarhotellel, mad\u00e1rod\u00fakkal. M\u00e1sr\u00e9szt pedig egy kamp\u00e1nyt kezdem\u00e9nyezn\u00e9nk annak \u00e9rdek\u00e9ben, hogy a telep\u00fcl\u00e9sek beruh\u00e1z\u00e1sai \u00e9s infrastruktur\u00e1lis fejleszt\u00e9sei sor\u00e1n nagyobb hangs\u00fallyal vegy\u00e9k figyelembe a z\u00f6ldfel\u00fcleteket, biztos\u00edtsanak megfelel\u0151 helyet a f\u00e1knak, \u00e9s gondoskodjanak ak\u00e1r a lakoss\u00e1g bevon\u00e1s\u00e1val a csemet\u00e9k \u00e9s a parkok szakszer\u0171 gondoz\u00e1s\u00e1r\u00f3l, locsol\u00e1sr\u00f3l, mert sajnos sokszor azt l\u00e1tjuk, hogy el\u00fcltetik dr\u00e1ga p\u00e9nz\u00e9rt a f\u00e1kat, azt\u00e1n ut\u00e1na kisz\u00e1radnak, vagy f\u0171kasz\u00e1val megv\u00e1gj\u00e1k a t\u00f6rzs\u00fcket \u00e9s elpusztulnak.<\/p>\n<p><strong>\u2013 Milyen egy\u00e9b projektjeitek vannak?<\/strong><\/p>\n<p>\u2013 A Szem\u00e9tirt\u00f3k-irka projekt\u00fcnk is folyamatban van, ami egy hullad\u00e9kmentes mindennapokra buzd\u00edt\u00f3 oktat\u00e1si c\u00e9l\u00fa saj\u00e1t kiad\u00e1s\u00fa f\u00fczet (egy simalap\u00fa \u00fcres A\/5 m\u00e9ret\u0171 iskolai f\u00fczet, aminek 8 oldal\u00e1n tal\u00e1lhat\u00f3 az \u00e1ltalunk meg\u00edrt \u00e9s tervezett tartalom). Ezt szeretn\u00e9nk p\u00e1ly\u00e1zati forr\u00e1sb\u00f3l a t\u00e9rs\u00e9g minden gyerek\u00e9hez eljuttatni. Mindemellett zajlik a dorogi csikkszed\u0151s projekt is. Kiemeln\u00e9nk m\u00e9g, hogy a vas\u00e1rnapi akci\u00f3nkban nagyon nagy r\u00e9szt v\u00e1llaltak a K\u00d6Z\u00d6D Egyes\u00fclet tagjai, \u00edgy a j\u00f6v\u0151ben is vel\u00fck egy\u00fcttm\u0171k\u00f6dve rendezn\u00e9nk meg a hullad\u00e9k-\u00fajrahasznos\u00edt\u00f3 napokat.<\/p>\n<p><img decoding=\"async\" class=\"alignnone size-full wp-image-27970\" src=\"https:\/\/dorogimedence.hu\/wp-content\/uploads\/2020\/10\/121228889_168812381552044_8511340117610653807_n.jpg\" alt=\"\" width=\"960\" height=\"720\" srcset=\"https:\/\/dorogimedence.hu\/wp-content\/uploads\/2020\/10\/121228889_168812381552044_8511340117610653807_n.jpg 960w, https:\/\/dorogimedence.hu\/wp-content\/uploads\/2020\/10\/121228889_168812381552044_8511340117610653807_n-300x225.jpg 300w, https:\/\/dorogimedence.hu\/wp-content\/uploads\/2020\/10\/121228889_168812381552044_8511340117610653807_n-768x576.jpg 768w\" sizes=\"(max-width: 960px) 100vw, 960px\" \/><\/p>\n","protected":false},"excerpt":{"rendered":"<p>A Szem\u00e9tirt\u00f3k csoportj\u00e1nak tagjai \u00e9s a K\u00f6z\u00f6sen Dorog\u00e9rt Egyes\u00fclet a h\u00e1ztart\u00e1sokban keletkez\u0151, \u00fajrahasznos\u00edthat\u00f3 m\u0171anyagokat gy\u0171jt\u00f6tt\u00e9k \u00f6ssze okt\u00f3ber 11-\u00e9n Dorogon, a m\u0171vel\u0151d\u00e9si h\u00e1z s\u00f6rkertj\u00e9ben. A sikeres akci\u00f3r\u00f3l G\u00e1bor \u00c9v\u00e1val, a program egyik szervez\u0151j\u00e9vel besz\u00e9lgett\u00fcnk. \u2013 Honnan \u00e9s h\u00e1nyan \u00e9rkeztek a gy\u0171jt\u0151pontra? \u2013 Dorogr\u00f3l, Le\u00e1nyv\u00e1rr\u00f3l, D\u00e1gr\u00f3l \u00e9s Esztergomb\u00f3l is \u00e9rkeztek \u00f6sszet\u00f6rt m\u0171anyag kerti b\u00fatorok, sz\u00e9kek, m\u0171anyag italos,<\/p>\n","protected":false},"author":1,"featured_media":27969,"comment_status":"closed","ping_status":"closed","sticky":false,"template":"","format":"standard","meta":{"ngg_post_thumbnail":0,"footnotes":""},"categories":[2,3],"tags":[15,80,5175,4040,628],"class_list":{"0":"post-27968","1":"post","2":"type-post","3":"status-publish","4":"format-standard","5":"has-post-thumbnail","7":"category-dorog","8":"category-hirek","9":"tag-dorog","10":"tag-hulladekgyujtes","11":"tag-irto-nagy-szemetes-nap","12":"tag-muanyag","13":"tag-szelektiv-hulladekgyujtes"},"yoast_head":"<!-- This site is optimized with the Yoast SEO plugin v27.4 - https:\/\/yoast.com\/product\/yoast-seo-wordpress\/ -->\n<title>T\u00f6bb sz\u00e1z kilogrammnyi \u00fajrahasznos\u00edthat\u00f3 szem\u00e9t gy\u0171lt \u00f6ssze<\/title>\n<meta name=\"robots\" content=\"index, follow, max-snippet:-1, max-image-preview:large, max-video-preview:-1\" \/>\n<link rel=\"canonical\" href=\"https:\/\/dorogimedence.hu\/index.php\/2020\/10\/15\/tobb-szaz-kilogrammnyi-ujrahasznosithato-szemet-gyult-ossze\/\" class=\"yoast-seo-meta-tag\" \/>\n<meta property=\"og:locale\" content=\"hu_HU\" class=\"yoast-seo-meta-tag\" \/>\n<meta property=\"og:type\" content=\"article\" class=\"yoast-seo-meta-tag\" \/>\n<meta property=\"og:title\" content=\"T\u00f6bb sz\u00e1z kilogrammnyi \u00fajrahasznos\u00edthat\u00f3 szem\u00e9t gy\u0171lt \u00f6ssze\" class=\"yoast-seo-meta-tag\" \/>\n<meta property=\"og:description\" content=\"A Szem\u00e9tirt\u00f3k csoportj\u00e1nak tagjai \u00e9s a K\u00f6z\u00f6sen Dorog\u00e9rt Egyes\u00fclet a h\u00e1ztart\u00e1sokban keletkez\u0151, \u00fajrahasznos\u00edthat\u00f3 m\u0171anyagokat gy\u0171jt\u00f6tt\u00e9k \u00f6ssze okt\u00f3ber 11-\u00e9n Dorogon, a m\u0171vel\u0151d\u00e9si h\u00e1z s\u00f6rkertj\u00e9ben. A sikeres akci\u00f3r\u00f3l G\u00e1bor \u00c9v\u00e1val, a program egyik szervez\u0151j\u00e9vel besz\u00e9lgett\u00fcnk. \u2013 Honnan \u00e9s h\u00e1nyan \u00e9rkeztek a gy\u0171jt\u0151pontra? \u2013 Dorogr\u00f3l, Le\u00e1nyv\u00e1rr\u00f3l, D\u00e1gr\u00f3l \u00e9s Esztergomb\u00f3l is \u00e9rkeztek \u00f6sszet\u00f6rt m\u0171anyag kerti b\u00fatorok, sz\u00e9kek, m\u0171anyag italos,\" class=\"yoast-seo-meta-tag\" \/>\n<meta property=\"og:url\" content=\"https:\/\/dorogimedence.hu\/index.php\/2020\/10\/15\/tobb-szaz-kilogrammnyi-ujrahasznosithato-szemet-gyult-ossze\/\" class=\"yoast-seo-meta-tag\" \/>\n<meta property=\"og:site_name\" content=\"Dorogi-medence Region\u00e1lis H\u00edrport\u00e1l\" class=\"yoast-seo-meta-tag\" \/>\n<meta property=\"article:publisher\" content=\"https:\/\/www.facebook.com\/dorogimedence\/\" class=\"yoast-seo-meta-tag\" \/>\n<meta property=\"article:published_time\" content=\"2020-10-15T14:36:21+00:00\" class=\"yoast-seo-meta-tag\" \/>\n<meta property=\"article:modified_time\" content=\"2020-10-15T14:51:22+00:00\" class=\"yoast-seo-meta-tag\" \/>\n<meta property=\"og:image\" content=\"https:\/\/i0.wp.com\/dorogimedence.hu\/wp-content\/uploads\/2020\/10\/irto-nagy-szemetes.jpg?fit=830%2C450&ssl=1\" class=\"yoast-seo-meta-tag\" \/>\n\t<meta property=\"og:image:width\" content=\"830\" class=\"yoast-seo-meta-tag\" \/>\n\t<meta property=\"og:image:height\" content=\"450\" class=\"yoast-seo-meta-tag\" \/>\n\t<meta property=\"og:image:type\" content=\"image\/jpeg\" class=\"yoast-seo-meta-tag\" \/>\n<meta name=\"author\" content=\"dorogimedence.hu\" class=\"yoast-seo-meta-tag\" \/>\n<meta name=\"twitter:card\" content=\"summary_large_image\" class=\"yoast-seo-meta-tag\" \/>\n<meta name=\"twitter:label1\" content=\"Szerz\u0151:\" class=\"yoast-seo-meta-tag\" \/>\n\t<meta name=\"twitter:data1\" content=\"dorogimedence.hu\" class=\"yoast-seo-meta-tag\" \/>\n\t<meta name=\"twitter:label2\" content=\"Becs\u00fclt olvas\u00e1si id\u0151\" class=\"yoast-seo-meta-tag\" \/>\n\t<meta name=\"twitter:data2\" content=\"5 perc\" class=\"yoast-seo-meta-tag\" \/>\n<script type=\"application\/ld+json\" class=\"yoast-schema-graph\">{\"@context\":\"https:\\\/\\\/schema.org\",\"@graph\":[{\"@type\":\"Article\",\"@id\":\"https:\\\/\\\/dorogimedence.hu\\\/index.php\\\/2020\\\/10\\\/15\\\/tobb-szaz-kilogrammnyi-ujrahasznosithato-szemet-gyult-ossze\\\/#article\",\"isPartOf\":{\"@id\":\"https:\\\/\\\/dorogimedence.hu\\\/index.php\\\/2020\\\/10\\\/15\\\/tobb-szaz-kilogrammnyi-ujrahasznosithato-szemet-gyult-ossze\\\/\"},\"author\":{\"name\":\"dorogimedence.hu\",\"@id\":\"https:\\\/\\\/dorogimedence.hu\\\/#\\\/schema\\\/person\\\/ce6091eeb7e95ecdc87890d6aa8e0fd4\"},\"headline\":\"T\u00f6bb sz\u00e1z kilogrammnyi \u00fajrahasznos\u00edthat\u00f3 szem\u00e9t gy\u0171lt \u00f6ssze\",\"datePublished\":\"2020-10-15T14:36:21+00:00\",\"dateModified\":\"2020-10-15T14:51:22+00:00\",\"mainEntityOfPage\":{\"@id\":\"https:\\\/\\\/dorogimedence.hu\\\/index.php\\\/2020\\\/10\\\/15\\\/tobb-szaz-kilogrammnyi-ujrahasznosithato-szemet-gyult-ossze\\\/\"},\"wordCount\":1043,\"publisher\":{\"@id\":\"https:\\\/\\\/dorogimedence.hu\\\/#organization\"},\"image\":{\"@id\":\"https:\\\/\\\/dorogimedence.hu\\\/index.php\\\/2020\\\/10\\\/15\\\/tobb-szaz-kilogrammnyi-ujrahasznosithato-szemet-gyult-ossze\\\/#primaryimage\"},\"thumbnailUrl\":\"https:\\\/\\\/dorogimedence.hu\\\/wp-content\\\/uploads\\\/2020\\\/10\\\/irto-nagy-szemetes.jpg\",\"keywords\":[\"Dorog\",\"hullad\u00e9kgy\u0171jt\u00e9s\",\"irt\u00f3 nagy szemetes nap\",\"m\u0171anyag\",\"szelekt\u00edv hullad\u00e9kgy\u0171jt\u00e9s\"],\"articleSection\":[\"Dorog\",\"H\u00edrek\"],\"inLanguage\":\"hu\"},{\"@type\":\"WebPage\",\"@id\":\"https:\\\/\\\/dorogimedence.hu\\\/index.php\\\/2020\\\/10\\\/15\\\/tobb-szaz-kilogrammnyi-ujrahasznosithato-szemet-gyult-ossze\\\/\",\"url\":\"https:\\\/\\\/dorogimedence.hu\\\/index.php\\\/2020\\\/10\\\/15\\\/tobb-szaz-kilogrammnyi-ujrahasznosithato-szemet-gyult-ossze\\\/\",\"name\":\"T\u00f6bb sz\u00e1z kilogrammnyi \u00fajrahasznos\u00edthat\u00f3 szem\u00e9t gy\u0171lt \u00f6ssze\",\"isPartOf\":{\"@id\":\"https:\\\/\\\/dorogimedence.hu\\\/#website\"},\"primaryImageOfPage\":{\"@id\":\"https:\\\/\\\/dorogimedence.hu\\\/index.php\\\/2020\\\/10\\\/15\\\/tobb-szaz-kilogrammnyi-ujrahasznosithato-szemet-gyult-ossze\\\/#primaryimage\"},\"image\":{\"@id\":\"https:\\\/\\\/dorogimedence.hu\\\/index.php\\\/2020\\\/10\\\/15\\\/tobb-szaz-kilogrammnyi-ujrahasznosithato-szemet-gyult-ossze\\\/#primaryimage\"},\"thumbnailUrl\":\"https:\\\/\\\/dorogimedence.hu\\\/wp-content\\\/uploads\\\/2020\\\/10\\\/irto-nagy-szemetes.jpg\",\"datePublished\":\"2020-10-15T14:36:21+00:00\",\"dateModified\":\"2020-10-15T14:51:22+00:00\",\"breadcrumb\":{\"@id\":\"https:\\\/\\\/dorogimedence.hu\\\/index.php\\\/2020\\\/10\\\/15\\\/tobb-szaz-kilogrammnyi-ujrahasznosithato-szemet-gyult-ossze\\\/#breadcrumb\"},\"inLanguage\":\"hu\",\"potentialAction\":[{\"@type\":\"ReadAction\",\"target\":[\"https:\\\/\\\/dorogimedence.hu\\\/index.php\\\/2020\\\/10\\\/15\\\/tobb-szaz-kilogrammnyi-ujrahasznosithato-szemet-gyult-ossze\\\/\"]}]},{\"@type\":\"ImageObject\",\"inLanguage\":\"hu\",\"@id\":\"https:\\\/\\\/dorogimedence.hu\\\/index.php\\\/2020\\\/10\\\/15\\\/tobb-szaz-kilogrammnyi-ujrahasznosithato-szemet-gyult-ossze\\\/#primaryimage\",\"url\":\"https:\\\/\\\/dorogimedence.hu\\\/wp-content\\\/uploads\\\/2020\\\/10\\\/irto-nagy-szemetes.jpg\",\"contentUrl\":\"https:\\\/\\\/dorogimedence.hu\\\/wp-content\\\/uploads\\\/2020\\\/10\\\/irto-nagy-szemetes.jpg\",\"width\":830,\"height\":450},{\"@type\":\"BreadcrumbList\",\"@id\":\"https:\\\/\\\/dorogimedence.hu\\\/index.php\\\/2020\\\/10\\\/15\\\/tobb-szaz-kilogrammnyi-ujrahasznosithato-szemet-gyult-ossze\\\/#breadcrumb\",\"itemListElement\":[{\"@type\":\"ListItem\",\"position\":1,\"name\":\"Kezd\u0151lap\",\"item\":\"https:\\\/\\\/dorogimedence.hu\\\/\"},{\"@type\":\"ListItem\",\"position\":2,\"name\":\"T\u00f6bb sz\u00e1z kilogrammnyi \u00fajrahasznos\u00edthat\u00f3 szem\u00e9t gy\u0171lt \u00f6ssze\"}]},{\"@type\":\"WebSite\",\"@id\":\"https:\\\/\\\/dorogimedence.hu\\\/#website\",\"url\":\"https:\\\/\\\/dorogimedence.hu\\\/\",\"name\":\"Dorogi-medence Region\u00e1lis H\u00edrport\u00e1l\",\"description\":\"Dorog, Keszt\u00f6lc, Le\u00e1nyv\u00e1r, Piliscs\u00e9v, Tokod, Tokodalt\u00e1r\u00f3, Csolnok, Esztergom-kertv\u00e1ros: h\u00edrek, programok\",\"publisher\":{\"@id\":\"https:\\\/\\\/dorogimedence.hu\\\/#organization\"},\"potentialAction\":[{\"@type\":\"SearchAction\",\"target\":{\"@type\":\"EntryPoint\",\"urlTemplate\":\"https:\\\/\\\/dorogimedence.hu\\\/?s={search_term_string}\"},\"query-input\":{\"@type\":\"PropertyValueSpecification\",\"valueRequired\":true,\"valueName\":\"search_term_string\"}}],\"inLanguage\":\"hu\"},{\"@type\":\"Organization\",\"@id\":\"https:\\\/\\\/dorogimedence.hu\\\/#organization\",\"name\":\"Dorogi-medence Region\u00e1lis H\u00edrport\u00e1l\",\"url\":\"https:\\\/\\\/dorogimedence.hu\\\/\",\"logo\":{\"@type\":\"ImageObject\",\"inLanguage\":\"hu\",\"@id\":\"https:\\\/\\\/dorogimedence.hu\\\/#\\\/schema\\\/logo\\\/image\\\/\",\"url\":\"https:\\\/\\\/dorogimedence.hu\\\/wp-content\\\/uploads\\\/2021\\\/04\\\/logo-feher-600.png\",\"contentUrl\":\"https:\\\/\\\/dorogimedence.hu\\\/wp-content\\\/uploads\\\/2021\\\/04\\\/logo-feher-600.png\",\"width\":600,\"height\":100,\"caption\":\"Dorogi-medence Region\u00e1lis H\u00edrport\u00e1l\"},\"image\":{\"@id\":\"https:\\\/\\\/dorogimedence.hu\\\/#\\\/schema\\\/logo\\\/image\\\/\"},\"sameAs\":[\"https:\\\/\\\/www.facebook.com\\\/dorogimedence\\\/\"]},{\"@type\":\"Person\",\"@id\":\"https:\\\/\\\/dorogimedence.hu\\\/#\\\/schema\\\/person\\\/ce6091eeb7e95ecdc87890d6aa8e0fd4\",\"name\":\"dorogimedence.hu\",\"image\":{\"@type\":\"ImageObject\",\"inLanguage\":\"hu\",\"@id\":\"\\\/\\\/www.gravatar.com\\\/avatar\\\/d8d45f8901aadff40a4af72c0b826f1d?s=96&#038;r=g&#038;d=mm\",\"url\":\"\\\/\\\/www.gravatar.com\\\/avatar\\\/d8d45f8901aadff40a4af72c0b826f1d?s=96&#038;r=g&#038;d=mm\",\"contentUrl\":\"\\\/\\\/www.gravatar.com\\\/avatar\\\/d8d45f8901aadff40a4af72c0b826f1d?s=96&#038;r=g&#038;d=mm\",\"caption\":\"dorogimedence.hu\"}}]}<\/script>\n<!-- \/ Yoast SEO plugin. -->","yoast_head_json":{"title":"T\u00f6bb sz\u00e1z kilogrammnyi \u00fajrahasznos\u00edthat\u00f3 szem\u00e9t gy\u0171lt \u00f6ssze","robots":{"index":"index","follow":"follow","max-snippet":"max-snippet:-1","max-image-preview":"max-image-preview:large","max-video-preview":"max-video-preview:-1"},"canonical":"https:\/\/dorogimedence.hu\/index.php\/2020\/10\/15\/tobb-szaz-kilogrammnyi-ujrahasznosithato-szemet-gyult-ossze\/","og_locale":"hu_HU","og_type":"article","og_title":"T\u00f6bb sz\u00e1z kilogrammnyi \u00fajrahasznos\u00edthat\u00f3 szem\u00e9t gy\u0171lt \u00f6ssze","og_description":"A Szem\u00e9tirt\u00f3k csoportj\u00e1nak tagjai \u00e9s a K\u00f6z\u00f6sen Dorog\u00e9rt Egyes\u00fclet a h\u00e1ztart\u00e1sokban keletkez\u0151, \u00fajrahasznos\u00edthat\u00f3 m\u0171anyagokat gy\u0171jt\u00f6tt\u00e9k \u00f6ssze okt\u00f3ber 11-\u00e9n Dorogon, a m\u0171vel\u0151d\u00e9si h\u00e1z s\u00f6rkertj\u00e9ben. A sikeres akci\u00f3r\u00f3l G\u00e1bor \u00c9v\u00e1val, a program egyik szervez\u0151j\u00e9vel besz\u00e9lgett\u00fcnk. \u2013 Honnan \u00e9s h\u00e1nyan \u00e9rkeztek a gy\u0171jt\u0151pontra? \u2013 Dorogr\u00f3l, Le\u00e1nyv\u00e1rr\u00f3l, D\u00e1gr\u00f3l \u00e9s Esztergomb\u00f3l is \u00e9rkeztek \u00f6sszet\u00f6rt m\u0171anyag kerti b\u00fatorok, sz\u00e9kek, m\u0171anyag italos,","og_url":"https:\/\/dorogimedence.hu\/index.php\/2020\/10\/15\/tobb-szaz-kilogrammnyi-ujrahasznosithato-szemet-gyult-ossze\/","og_site_name":"Dorogi-medence Region\u00e1lis H\u00edrport\u00e1l","article_publisher":"https:\/\/www.facebook.com\/dorogimedence\/","article_published_time":"2020-10-15T14:36:21+00:00","article_modified_time":"2020-10-15T14:51:22+00:00","og_image":[{"width":830,"height":450,"url":"https:\/\/i0.wp.com\/dorogimedence.hu\/wp-content\/uploads\/2020\/10\/irto-nagy-szemetes.jpg?fit=830%2C450&ssl=1","type":"image\/jpeg"}],"author":"dorogimedence.hu","twitter_card":"summary_large_image","twitter_misc":{"Szerz\u0151:":"dorogimedence.hu","Becs\u00fclt olvas\u00e1si id\u0151":"5 perc"},"schema":{"@context":"https:\/\/schema.org","@graph":[{"@type":"Article","@id":"https:\/\/dorogimedence.hu\/index.php\/2020\/10\/15\/tobb-szaz-kilogrammnyi-ujrahasznosithato-szemet-gyult-ossze\/#article","isPartOf":{"@id":"https:\/\/dorogimedence.hu\/index.php\/2020\/10\/15\/tobb-szaz-kilogrammnyi-ujrahasznosithato-szemet-gyult-ossze\/"},"author":{"name":"dorogimedence.hu","@id":"https:\/\/dorogimedence.hu\/#\/schema\/person\/ce6091eeb7e95ecdc87890d6aa8e0fd4"},"headline":"T\u00f6bb sz\u00e1z kilogrammnyi \u00fajrahasznos\u00edthat\u00f3 szem\u00e9t gy\u0171lt \u00f6ssze","datePublished":"2020-10-15T14:36:21+00:00","dateModified":"2020-10-15T14:51:22+00:00","mainEntityOfPage":{"@id":"https:\/\/dorogimedence.hu\/index.php\/2020\/10\/15\/tobb-szaz-kilogrammnyi-ujrahasznosithato-szemet-gyult-ossze\/"},"wordCount":1043,"publisher":{"@id":"https:\/\/dorogimedence.hu\/#organization"},"image":{"@id":"https:\/\/dorogimedence.hu\/index.php\/2020\/10\/15\/tobb-szaz-kilogrammnyi-ujrahasznosithato-szemet-gyult-ossze\/#primaryimage"},"thumbnailUrl":"https:\/\/dorogimedence.hu\/wp-content\/uploads\/2020\/10\/irto-nagy-szemetes.jpg","keywords":["Dorog","hullad\u00e9kgy\u0171jt\u00e9s","irt\u00f3 nagy szemetes nap","m\u0171anyag","szelekt\u00edv hullad\u00e9kgy\u0171jt\u00e9s"],"articleSection":["Dorog","H\u00edrek"],"inLanguage":"hu"},{"@type":"WebPage","@id":"https:\/\/dorogimedence.hu\/index.php\/2020\/10\/15\/tobb-szaz-kilogrammnyi-ujrahasznosithato-szemet-gyult-ossze\/","url":"https:\/\/dorogimedence.hu\/index.php\/2020\/10\/15\/tobb-szaz-kilogrammnyi-ujrahasznosithato-szemet-gyult-ossze\/","name":"T\u00f6bb sz\u00e1z kilogrammnyi \u00fajrahasznos\u00edthat\u00f3 szem\u00e9t gy\u0171lt \u00f6ssze","isPartOf":{"@id":"https:\/\/dorogimedence.hu\/#website"},"primaryImageOfPage":{"@id":"https:\/\/dorogimedence.hu\/index.php\/2020\/10\/15\/tobb-szaz-kilogrammnyi-ujrahasznosithato-szemet-gyult-ossze\/#primaryimage"},"image":{"@id":"https:\/\/dorogimedence.hu\/index.php\/2020\/10\/15\/tobb-szaz-kilogrammnyi-ujrahasznosithato-szemet-gyult-ossze\/#primaryimage"},"thumbnailUrl":"https:\/\/dorogimedence.hu\/wp-content\/uploads\/2020\/10\/irto-nagy-szemetes.jpg","datePublished":"2020-10-15T14:36:21+00:00","dateModified":"2020-10-15T14:51:22+00:00","breadcrumb":{"@id":"https:\/\/dorogimedence.hu\/index.php\/2020\/10\/15\/tobb-szaz-kilogrammnyi-ujrahasznosithato-szemet-gyult-ossze\/#breadcrumb"},"inLanguage":"hu","potentialAction":[{"@type":"ReadAction","target":["https:\/\/dorogimedence.hu\/index.php\/2020\/10\/15\/tobb-szaz-kilogrammnyi-ujrahasznosithato-szemet-gyult-ossze\/"]}]},{"@type":"ImageObject","inLanguage":"hu","@id":"https:\/\/dorogimedence.hu\/index.php\/2020\/10\/15\/tobb-szaz-kilogrammnyi-ujrahasznosithato-szemet-gyult-ossze\/#primaryimage","url":"https:\/\/dorogimedence.hu\/wp-content\/uploads\/2020\/10\/irto-nagy-szemetes.jpg","contentUrl":"https:\/\/dorogimedence.hu\/wp-content\/uploads\/2020\/10\/irto-nagy-szemetes.jpg","width":830,"height":450},{"@type":"BreadcrumbList","@id":"https:\/\/dorogimedence.hu\/index.php\/2020\/10\/15\/tobb-szaz-kilogrammnyi-ujrahasznosithato-szemet-gyult-ossze\/#breadcrumb","itemListElement":[{"@type":"ListItem","position":1,"name":"Kezd\u0151lap","item":"https:\/\/dorogimedence.hu\/"},{"@type":"ListItem","position":2,"name":"T\u00f6bb sz\u00e1z kilogrammnyi \u00fajrahasznos\u00edthat\u00f3 szem\u00e9t gy\u0171lt \u00f6ssze"}]},{"@type":"WebSite","@id":"https:\/\/dorogimedence.hu\/#website","url":"https:\/\/dorogimedence.hu\/","name":"Dorogi-medence Region\u00e1lis H\u00edrport\u00e1l","description":"Dorog, Keszt\u00f6lc, Le\u00e1nyv\u00e1r, Piliscs\u00e9v, Tokod, Tokodalt\u00e1r\u00f3, Csolnok, Esztergom-kertv\u00e1ros: h\u00edrek, programok","publisher":{"@id":"https:\/\/dorogimedence.hu\/#organization"},"potentialAction":[{"@type":"SearchAction","target":{"@type":"EntryPoint","urlTemplate":"https:\/\/dorogimedence.hu\/?s={search_term_string}"},"query-input":{"@type":"PropertyValueSpecification","valueRequired":true,"valueName":"search_term_string"}}],"inLanguage":"hu"},{"@type":"Organization","@id":"https:\/\/dorogimedence.hu\/#organization","name":"Dorogi-medence Region\u00e1lis H\u00edrport\u00e1l","url":"https:\/\/dorogimedence.hu\/","logo":{"@type":"ImageObject","inLanguage":"hu","@id":"https:\/\/dorogimedence.hu\/#\/schema\/logo\/image\/","url":"https:\/\/dorogimedence.hu\/wp-content\/uploads\/2021\/04\/logo-feher-600.png","contentUrl":"https:\/\/dorogimedence.hu\/wp-content\/uploads\/2021\/04\/logo-feher-600.png","width":600,"height":100,"caption":"Dorogi-medence Region\u00e1lis H\u00edrport\u00e1l"},"image":{"@id":"https:\/\/dorogimedence.hu\/#\/schema\/logo\/image\/"},"sameAs":["https:\/\/www.facebook.com\/dorogimedence\/"]},{"@type":"Person","@id":"https:\/\/dorogimedence.hu\/#\/schema\/person\/ce6091eeb7e95ecdc87890d6aa8e0fd4","name":"dorogimedence.hu","image":{"@type":"ImageObject","inLanguage":"hu","@id":"\/\/www.gravatar.com\/avatar\/d8d45f8901aadff40a4af72c0b826f1d?s=96&#038;r=g&#038;d=mm","url":"\/\/www.gravatar.com\/avatar\/d8d45f8901aadff40a4af72c0b826f1d?s=96&#038;r=g&#038;d=mm","contentUrl":"\/\/www.gravatar.com\/avatar\/d8d45f8901aadff40a4af72c0b826f1d?s=96&#038;r=g&#038;d=mm","caption":"dorogimedence.hu"}}]}},"_links":{"self":[{"href":"https:\/\/dorogimedence.hu\/index.php\/wp-json\/wp\/v2\/posts\/27968","targetHints":{"allow":["GET"]}}],"collection":[{"href":"https:\/\/dorogimedence.hu\/index.php\/wp-json\/wp\/v2\/posts"}],"about":[{"href":"https:\/\/dorogimedence.hu\/index.php\/wp-json\/wp\/v2\/types\/post"}],"author":[{"embeddable":true,"href":"https:\/\/dorogimedence.hu\/index.php\/wp-json\/wp\/v2\/users\/1"}],"replies":[{"embeddable":true,"href":"https:\/\/dorogimedence.hu\/index.php\/wp-json\/wp\/v2\/comments?post=27968"}],"version-history":[{"count":0,"href":"https:\/\/dorogimedence.hu\/index.php\/wp-json\/wp\/v2\/posts\/27968\/revisions"}],"wp:featuredmedia":[{"embeddable":true,"href":"https:\/\/dorogimedence.hu\/index.php\/wp-json\/wp\/v2\/media\/27969"}],"wp:attachment":[{"href":"https:\/\/dorogimedence.hu\/index.php\/wp-json\/wp\/v2\/media?parent=27968"}],"wp:term":[{"taxonomy":"category","embeddable":true,"href":"https:\/\/dorogimedence.hu\/index.php\/wp-json\/wp\/v2\/categories?post=27968"},{"taxonomy":"post_tag","embeddable":true,"href":"https:\/\/dorogimedence.hu\/index.php\/wp-json\/wp\/v2\/tags?post=27968"}],"curies":[{"name":"wp","href":"https:\/\/api.w.org\/{rel}","templated":true}]}}