{"id":27946,"date":"2020-10-15T10:02:59","date_gmt":"2020-10-15T08:02:59","guid":{"rendered":"http:\/\/dorogimedence.hu\/?p=27946"},"modified":"2020-10-15T10:04:43","modified_gmt":"2020-10-15T08:04:43","slug":"elakadt-autobuszt-mentettek-a-nyergesujfalui-tuzoltok","status":"publish","type":"post","link":"https:\/\/dorogimedence.hu\/index.php\/2020\/10\/15\/elakadt-autobuszt-mentettek-a-nyergesujfalui-tuzoltok\/","title":{"rendered":"Elakadt aut\u00f3buszt mentettek a nyerges\u00fajfalui t\u0171zolt\u00f3k"},"content":{"rendered":"<p><strong>A nyerges\u00fajfalui hivat\u00e1sos t\u0171zolt\u00f3kat kid\u0151lt f\u00e1hoz \u00e9s egy elakadt aut\u00f3buszhoz riasztott\u00e1k okt\u00f3ber 13-\u00e1n, kedden este.<\/strong><\/p>\n<p>A Baj\u00f3t \u00e9s P\u00e9lif\u00f6ldszentkereszt k\u00f6zti \u00fatszakaszon ak\u00e1cfa d\u0151lt ki teljes \u00fatz\u00e1rat k\u00e9pezve. A t\u0171zolt\u00f3k a f\u00e1t feldarabolt\u00e1k, a forgalmi akad\u00e1lyt megsz\u0171ntett\u00e9k.<\/p>\n<p><img fetchpriority=\"high\" decoding=\"async\" class=\"alignnone size-full wp-image-27948\" src=\"https:\/\/dorogimedence.hu\/wp-content\/uploads\/2020\/10\/883973.jpg\" alt=\"\" width=\"1024\" height=\"768\" srcset=\"https:\/\/dorogimedence.hu\/wp-content\/uploads\/2020\/10\/883973.jpg 1024w, https:\/\/dorogimedence.hu\/wp-content\/uploads\/2020\/10\/883973-300x225.jpg 300w, https:\/\/dorogimedence.hu\/wp-content\/uploads\/2020\/10\/883973-768x576.jpg 768w\" sizes=\"(max-width: 1024px) 100vw, 1024px\" \/><\/p>\n<p>A nyergesi t\u0171zolt\u00f3k k\u00e9s\u0151esti \u00f3r\u00e1kban m\u00e9g egy riaszt\u00e1st kaptak az Als\u00f3vad\u00e1cs \u00e9s Tardos k\u00f6z\u00f6tti \u00fatszakaszra, ahol egy 30 m\u00e9ter magas fa \u00fatra d\u0151lt, teljes \u00fatz\u00e1rat k\u00e9pezve. A forgalmi akad\u00e1ly miatt egy arra j\u00e1r\u00f3 (utasokat nem sz\u00e1ll\u00edt\u00f3) aut\u00f3busz tolatva pr\u00f3b\u00e1lt megfordulni, amely man\u0151ver k\u00f6zben az \u00fatr\u00f3l lecs\u00faszott, fennakadt. Az egys\u00e9g a f\u00e1t motoros l\u00e1ncf\u0171r\u00e9szek seg\u00edts\u00e9g\u00e9vel elt\u00e1vol\u00edtotta, a forgalmi akad\u00e1lyt megsz\u00fcntette. Az aut\u00f3buszt siker\u00fclt k\u00e1rokoz\u00e1s n\u00e9lk\u00fcl kih\u00fazni, az \u00fatj\u00e1t folytatni tudta.<\/p>\n<p><em>Forr\u00e1s: komarom.katasztrofavedelem.hu<\/em><br \/>\n<em>Fot\u00f3: Nyerges\u00fajfalu HTP<\/em><\/p>\n","protected":false},"excerpt":{"rendered":"<p>A nyerges\u00fajfalui hivat\u00e1sos t\u0171zolt\u00f3kat kid\u0151lt f\u00e1hoz \u00e9s egy elakadt aut\u00f3buszhoz riasztott\u00e1k okt\u00f3ber 13-\u00e1n, kedden este. A Baj\u00f3t \u00e9s P\u00e9lif\u00f6ldszentkereszt k\u00f6zti \u00fatszakaszon ak\u00e1cfa d\u0151lt ki teljes \u00fatz\u00e1rat k\u00e9pezve. A t\u0171zolt\u00f3k a f\u00e1t feldarabolt\u00e1k, a forgalmi akad\u00e1lyt megsz\u0171ntett\u00e9k. A nyergesi t\u0171zolt\u00f3k k\u00e9s\u0151esti \u00f3r\u00e1kban m\u00e9g egy riaszt\u00e1st kaptak az Als\u00f3vad\u00e1cs \u00e9s Tardos k\u00f6z\u00f6tti \u00fatszakaszra, ahol egy 30 m\u00e9ter<\/p>\n","protected":false},"author":1,"featured_media":27947,"comment_status":"closed","ping_status":"closed","sticky":false,"template":"","format":"standard","meta":{"ngg_post_thumbnail":0,"footnotes":""},"categories":[3,39,1390],"tags":[5173,175,2714,140,65],"class_list":{"0":"post-27946","1":"post","2":"type-post","3":"status-publish","4":"format-standard","5":"has-post-thumbnail","7":"category-hirek","8":"category-kek-hirek","9":"category-nyergesujfalu","10":"tag-elakadt-autobusz","11":"tag-katasztrofavedelem","12":"tag-kidolt-fa","13":"tag-nyergesujfalu","14":"tag-tuzoltosag"},"yoast_head":"<!-- This site is optimized with the Yoast SEO plugin v27.4 - https:\/\/yoast.com\/product\/yoast-seo-wordpress\/ -->\n<title>Elakadt aut\u00f3buszt mentettek a nyerges\u00fajfalui t\u0171zolt\u00f3k<\/title>\n<meta name=\"robots\" content=\"index, follow, max-snippet:-1, max-image-preview:large, max-video-preview:-1\" \/>\n<link rel=\"canonical\" href=\"https:\/\/dorogimedence.hu\/index.php\/2020\/10\/15\/elakadt-autobuszt-mentettek-a-nyergesujfalui-tuzoltok\/\" class=\"yoast-seo-meta-tag\" \/>\n<meta property=\"og:locale\" content=\"hu_HU\" class=\"yoast-seo-meta-tag\" \/>\n<meta property=\"og:type\" content=\"article\" class=\"yoast-seo-meta-tag\" \/>\n<meta property=\"og:title\" content=\"Elakadt aut\u00f3buszt mentettek a nyerges\u00fajfalui t\u0171zolt\u00f3k\" class=\"yoast-seo-meta-tag\" \/>\n<meta property=\"og:description\" content=\"A nyerges\u00fajfalui hivat\u00e1sos t\u0171zolt\u00f3kat kid\u0151lt f\u00e1hoz \u00e9s egy elakadt aut\u00f3buszhoz riasztott\u00e1k okt\u00f3ber 13-\u00e1n, kedden este. A Baj\u00f3t \u00e9s P\u00e9lif\u00f6ldszentkereszt k\u00f6zti \u00fatszakaszon ak\u00e1cfa d\u0151lt ki teljes \u00fatz\u00e1rat k\u00e9pezve. A t\u0171zolt\u00f3k a f\u00e1t feldarabolt\u00e1k, a forgalmi akad\u00e1lyt megsz\u0171ntett\u00e9k. A nyergesi t\u0171zolt\u00f3k k\u00e9s\u0151esti \u00f3r\u00e1kban m\u00e9g egy riaszt\u00e1st kaptak az Als\u00f3vad\u00e1cs \u00e9s Tardos k\u00f6z\u00f6tti \u00fatszakaszra, ahol egy 30 m\u00e9ter\" class=\"yoast-seo-meta-tag\" \/>\n<meta property=\"og:url\" content=\"https:\/\/dorogimedence.hu\/index.php\/2020\/10\/15\/elakadt-autobuszt-mentettek-a-nyergesujfalui-tuzoltok\/\" class=\"yoast-seo-meta-tag\" \/>\n<meta property=\"og:site_name\" content=\"Dorogi-medence Region\u00e1lis H\u00edrport\u00e1l\" class=\"yoast-seo-meta-tag\" \/>\n<meta property=\"article:publisher\" content=\"https:\/\/www.facebook.com\/dorogimedence\/\" class=\"yoast-seo-meta-tag\" \/>\n<meta property=\"article:published_time\" content=\"2020-10-15T08:02:59+00:00\" class=\"yoast-seo-meta-tag\" \/>\n<meta property=\"article:modified_time\" content=\"2020-10-15T08:04:43+00:00\" class=\"yoast-seo-meta-tag\" \/>\n<meta property=\"og:image\" content=\"https:\/\/i0.wp.com\/dorogimedence.hu\/wp-content\/uploads\/2020\/10\/busz-01.jpg?fit=830%2C450&ssl=1\" class=\"yoast-seo-meta-tag\" \/>\n\t<meta property=\"og:image:width\" content=\"830\" class=\"yoast-seo-meta-tag\" \/>\n\t<meta property=\"og:image:height\" content=\"450\" class=\"yoast-seo-meta-tag\" \/>\n\t<meta property=\"og:image:type\" content=\"image\/jpeg\" class=\"yoast-seo-meta-tag\" \/>\n<meta name=\"author\" content=\"dorogimedence.hu\" class=\"yoast-seo-meta-tag\" \/>\n<meta name=\"twitter:card\" content=\"summary_large_image\" class=\"yoast-seo-meta-tag\" \/>\n<meta name=\"twitter:label1\" content=\"Szerz\u0151:\" class=\"yoast-seo-meta-tag\" \/>\n\t<meta name=\"twitter:data1\" content=\"dorogimedence.hu\" class=\"yoast-seo-meta-tag\" \/>\n\t<meta name=\"twitter:label2\" content=\"Becs\u00fclt olvas\u00e1si id\u0151\" class=\"yoast-seo-meta-tag\" \/>\n\t<meta name=\"twitter:data2\" content=\"1 perc\" class=\"yoast-seo-meta-tag\" \/>\n<script type=\"application\/ld+json\" class=\"yoast-schema-graph\">{\"@context\":\"https:\\\/\\\/schema.org\",\"@graph\":[{\"@type\":\"Article\",\"@id\":\"https:\\\/\\\/dorogimedence.hu\\\/index.php\\\/2020\\\/10\\\/15\\\/elakadt-autobuszt-mentettek-a-nyergesujfalui-tuzoltok\\\/#article\",\"isPartOf\":{\"@id\":\"https:\\\/\\\/dorogimedence.hu\\\/index.php\\\/2020\\\/10\\\/15\\\/elakadt-autobuszt-mentettek-a-nyergesujfalui-tuzoltok\\\/\"},\"author\":{\"name\":\"dorogimedence.hu\",\"@id\":\"https:\\\/\\\/dorogimedence.hu\\\/#\\\/schema\\\/person\\\/ce6091eeb7e95ecdc87890d6aa8e0fd4\"},\"headline\":\"Elakadt aut\u00f3buszt mentettek a nyerges\u00fajfalui t\u0171zolt\u00f3k\",\"datePublished\":\"2020-10-15T08:02:59+00:00\",\"dateModified\":\"2020-10-15T08:04:43+00:00\",\"mainEntityOfPage\":{\"@id\":\"https:\\\/\\\/dorogimedence.hu\\\/index.php\\\/2020\\\/10\\\/15\\\/elakadt-autobuszt-mentettek-a-nyergesujfalui-tuzoltok\\\/\"},\"wordCount\":194,\"publisher\":{\"@id\":\"https:\\\/\\\/dorogimedence.hu\\\/#organization\"},\"image\":{\"@id\":\"https:\\\/\\\/dorogimedence.hu\\\/index.php\\\/2020\\\/10\\\/15\\\/elakadt-autobuszt-mentettek-a-nyergesujfalui-tuzoltok\\\/#primaryimage\"},\"thumbnailUrl\":\"https:\\\/\\\/dorogimedence.hu\\\/wp-content\\\/uploads\\\/2020\\\/10\\\/busz-01.jpg\",\"keywords\":[\"elakadt aut\u00f3busz\",\"katasztr\u00f3fav\u00e9delem\",\"kid\u0151lt fa\",\"Nyerges\u00fajfalu\",\"t\u0171zolt\u00f3s\u00e1g\"],\"articleSection\":[\"H\u00edrek\",\"K\u00e9k h\u00edrek\",\"Nyerges\u00fajfalu\"],\"inLanguage\":\"hu\"},{\"@type\":\"WebPage\",\"@id\":\"https:\\\/\\\/dorogimedence.hu\\\/index.php\\\/2020\\\/10\\\/15\\\/elakadt-autobuszt-mentettek-a-nyergesujfalui-tuzoltok\\\/\",\"url\":\"https:\\\/\\\/dorogimedence.hu\\\/index.php\\\/2020\\\/10\\\/15\\\/elakadt-autobuszt-mentettek-a-nyergesujfalui-tuzoltok\\\/\",\"name\":\"Elakadt aut\u00f3buszt mentettek a nyerges\u00fajfalui t\u0171zolt\u00f3k\",\"isPartOf\":{\"@id\":\"https:\\\/\\\/dorogimedence.hu\\\/#website\"},\"primaryImageOfPage\":{\"@id\":\"https:\\\/\\\/dorogimedence.hu\\\/index.php\\\/2020\\\/10\\\/15\\\/elakadt-autobuszt-mentettek-a-nyergesujfalui-tuzoltok\\\/#primaryimage\"},\"image\":{\"@id\":\"https:\\\/\\\/dorogimedence.hu\\\/index.php\\\/2020\\\/10\\\/15\\\/elakadt-autobuszt-mentettek-a-nyergesujfalui-tuzoltok\\\/#primaryimage\"},\"thumbnailUrl\":\"https:\\\/\\\/dorogimedence.hu\\\/wp-content\\\/uploads\\\/2020\\\/10\\\/busz-01.jpg\",\"datePublished\":\"2020-10-15T08:02:59+00:00\",\"dateModified\":\"2020-10-15T08:04:43+00:00\",\"breadcrumb\":{\"@id\":\"https:\\\/\\\/dorogimedence.hu\\\/index.php\\\/2020\\\/10\\\/15\\\/elakadt-autobuszt-mentettek-a-nyergesujfalui-tuzoltok\\\/#breadcrumb\"},\"inLanguage\":\"hu\",\"potentialAction\":[{\"@type\":\"ReadAction\",\"target\":[\"https:\\\/\\\/dorogimedence.hu\\\/index.php\\\/2020\\\/10\\\/15\\\/elakadt-autobuszt-mentettek-a-nyergesujfalui-tuzoltok\\\/\"]}]},{\"@type\":\"ImageObject\",\"inLanguage\":\"hu\",\"@id\":\"https:\\\/\\\/dorogimedence.hu\\\/index.php\\\/2020\\\/10\\\/15\\\/elakadt-autobuszt-mentettek-a-nyergesujfalui-tuzoltok\\\/#primaryimage\",\"url\":\"https:\\\/\\\/dorogimedence.hu\\\/wp-content\\\/uploads\\\/2020\\\/10\\\/busz-01.jpg\",\"contentUrl\":\"https:\\\/\\\/dorogimedence.hu\\\/wp-content\\\/uploads\\\/2020\\\/10\\\/busz-01.jpg\",\"width\":830,\"height\":450},{\"@type\":\"BreadcrumbList\",\"@id\":\"https:\\\/\\\/dorogimedence.hu\\\/index.php\\\/2020\\\/10\\\/15\\\/elakadt-autobuszt-mentettek-a-nyergesujfalui-tuzoltok\\\/#breadcrumb\",\"itemListElement\":[{\"@type\":\"ListItem\",\"position\":1,\"name\":\"Kezd\u0151lap\",\"item\":\"https:\\\/\\\/dorogimedence.hu\\\/\"},{\"@type\":\"ListItem\",\"position\":2,\"name\":\"Elakadt aut\u00f3buszt mentettek a nyerges\u00fajfalui t\u0171zolt\u00f3k\"}]},{\"@type\":\"WebSite\",\"@id\":\"https:\\\/\\\/dorogimedence.hu\\\/#website\",\"url\":\"https:\\\/\\\/dorogimedence.hu\\\/\",\"name\":\"Dorogi-medence Region\u00e1lis H\u00edrport\u00e1l\",\"description\":\"Dorog, Keszt\u00f6lc, Le\u00e1nyv\u00e1r, Piliscs\u00e9v, Tokod, Tokodalt\u00e1r\u00f3, Csolnok, Esztergom-kertv\u00e1ros: h\u00edrek, programok\",\"publisher\":{\"@id\":\"https:\\\/\\\/dorogimedence.hu\\\/#organization\"},\"potentialAction\":[{\"@type\":\"SearchAction\",\"target\":{\"@type\":\"EntryPoint\",\"urlTemplate\":\"https:\\\/\\\/dorogimedence.hu\\\/?s={search_term_string}\"},\"query-input\":{\"@type\":\"PropertyValueSpecification\",\"valueRequired\":true,\"valueName\":\"search_term_string\"}}],\"inLanguage\":\"hu\"},{\"@type\":\"Organization\",\"@id\":\"https:\\\/\\\/dorogimedence.hu\\\/#organization\",\"name\":\"Dorogi-medence Region\u00e1lis H\u00edrport\u00e1l\",\"url\":\"https:\\\/\\\/dorogimedence.hu\\\/\",\"logo\":{\"@type\":\"ImageObject\",\"inLanguage\":\"hu\",\"@id\":\"https:\\\/\\\/dorogimedence.hu\\\/#\\\/schema\\\/logo\\\/image\\\/\",\"url\":\"https:\\\/\\\/dorogimedence.hu\\\/wp-content\\\/uploads\\\/2021\\\/04\\\/logo-feher-600.png\",\"contentUrl\":\"https:\\\/\\\/dorogimedence.hu\\\/wp-content\\\/uploads\\\/2021\\\/04\\\/logo-feher-600.png\",\"width\":600,\"height\":100,\"caption\":\"Dorogi-medence Region\u00e1lis H\u00edrport\u00e1l\"},\"image\":{\"@id\":\"https:\\\/\\\/dorogimedence.hu\\\/#\\\/schema\\\/logo\\\/image\\\/\"},\"sameAs\":[\"https:\\\/\\\/www.facebook.com\\\/dorogimedence\\\/\"]},{\"@type\":\"Person\",\"@id\":\"https:\\\/\\\/dorogimedence.hu\\\/#\\\/schema\\\/person\\\/ce6091eeb7e95ecdc87890d6aa8e0fd4\",\"name\":\"dorogimedence.hu\",\"image\":{\"@type\":\"ImageObject\",\"inLanguage\":\"hu\",\"@id\":\"\\\/\\\/www.gravatar.com\\\/avatar\\\/d8d45f8901aadff40a4af72c0b826f1d?s=96&#038;r=g&#038;d=mm\",\"url\":\"\\\/\\\/www.gravatar.com\\\/avatar\\\/d8d45f8901aadff40a4af72c0b826f1d?s=96&#038;r=g&#038;d=mm\",\"contentUrl\":\"\\\/\\\/www.gravatar.com\\\/avatar\\\/d8d45f8901aadff40a4af72c0b826f1d?s=96&#038;r=g&#038;d=mm\",\"caption\":\"dorogimedence.hu\"}}]}<\/script>\n<!-- \/ Yoast SEO plugin. -->","yoast_head_json":{"title":"Elakadt aut\u00f3buszt mentettek a nyerges\u00fajfalui t\u0171zolt\u00f3k","robots":{"index":"index","follow":"follow","max-snippet":"max-snippet:-1","max-image-preview":"max-image-preview:large","max-video-preview":"max-video-preview:-1"},"canonical":"https:\/\/dorogimedence.hu\/index.php\/2020\/10\/15\/elakadt-autobuszt-mentettek-a-nyergesujfalui-tuzoltok\/","og_locale":"hu_HU","og_type":"article","og_title":"Elakadt aut\u00f3buszt mentettek a nyerges\u00fajfalui t\u0171zolt\u00f3k","og_description":"A nyerges\u00fajfalui hivat\u00e1sos t\u0171zolt\u00f3kat kid\u0151lt f\u00e1hoz \u00e9s egy elakadt aut\u00f3buszhoz riasztott\u00e1k okt\u00f3ber 13-\u00e1n, kedden este. A Baj\u00f3t \u00e9s P\u00e9lif\u00f6ldszentkereszt k\u00f6zti \u00fatszakaszon ak\u00e1cfa d\u0151lt ki teljes \u00fatz\u00e1rat k\u00e9pezve. A t\u0171zolt\u00f3k a f\u00e1t feldarabolt\u00e1k, a forgalmi akad\u00e1lyt megsz\u0171ntett\u00e9k. A nyergesi t\u0171zolt\u00f3k k\u00e9s\u0151esti \u00f3r\u00e1kban m\u00e9g egy riaszt\u00e1st kaptak az Als\u00f3vad\u00e1cs \u00e9s Tardos k\u00f6z\u00f6tti \u00fatszakaszra, ahol egy 30 m\u00e9ter","og_url":"https:\/\/dorogimedence.hu\/index.php\/2020\/10\/15\/elakadt-autobuszt-mentettek-a-nyergesujfalui-tuzoltok\/","og_site_name":"Dorogi-medence Region\u00e1lis H\u00edrport\u00e1l","article_publisher":"https:\/\/www.facebook.com\/dorogimedence\/","article_published_time":"2020-10-15T08:02:59+00:00","article_modified_time":"2020-10-15T08:04:43+00:00","og_image":[{"width":830,"height":450,"url":"https:\/\/i0.wp.com\/dorogimedence.hu\/wp-content\/uploads\/2020\/10\/busz-01.jpg?fit=830%2C450&ssl=1","type":"image\/jpeg"}],"author":"dorogimedence.hu","twitter_card":"summary_large_image","twitter_misc":{"Szerz\u0151:":"dorogimedence.hu","Becs\u00fclt olvas\u00e1si id\u0151":"1 perc"},"schema":{"@context":"https:\/\/schema.org","@graph":[{"@type":"Article","@id":"https:\/\/dorogimedence.hu\/index.php\/2020\/10\/15\/elakadt-autobuszt-mentettek-a-nyergesujfalui-tuzoltok\/#article","isPartOf":{"@id":"https:\/\/dorogimedence.hu\/index.php\/2020\/10\/15\/elakadt-autobuszt-mentettek-a-nyergesujfalui-tuzoltok\/"},"author":{"name":"dorogimedence.hu","@id":"https:\/\/dorogimedence.hu\/#\/schema\/person\/ce6091eeb7e95ecdc87890d6aa8e0fd4"},"headline":"Elakadt aut\u00f3buszt mentettek a nyerges\u00fajfalui t\u0171zolt\u00f3k","datePublished":"2020-10-15T08:02:59+00:00","dateModified":"2020-10-15T08:04:43+00:00","mainEntityOfPage":{"@id":"https:\/\/dorogimedence.hu\/index.php\/2020\/10\/15\/elakadt-autobuszt-mentettek-a-nyergesujfalui-tuzoltok\/"},"wordCount":194,"publisher":{"@id":"https:\/\/dorogimedence.hu\/#organization"},"image":{"@id":"https:\/\/dorogimedence.hu\/index.php\/2020\/10\/15\/elakadt-autobuszt-mentettek-a-nyergesujfalui-tuzoltok\/#primaryimage"},"thumbnailUrl":"https:\/\/dorogimedence.hu\/wp-content\/uploads\/2020\/10\/busz-01.jpg","keywords":["elakadt aut\u00f3busz","katasztr\u00f3fav\u00e9delem","kid\u0151lt fa","Nyerges\u00fajfalu","t\u0171zolt\u00f3s\u00e1g"],"articleSection":["H\u00edrek","K\u00e9k h\u00edrek","Nyerges\u00fajfalu"],"inLanguage":"hu"},{"@type":"WebPage","@id":"https:\/\/dorogimedence.hu\/index.php\/2020\/10\/15\/elakadt-autobuszt-mentettek-a-nyergesujfalui-tuzoltok\/","url":"https:\/\/dorogimedence.hu\/index.php\/2020\/10\/15\/elakadt-autobuszt-mentettek-a-nyergesujfalui-tuzoltok\/","name":"Elakadt aut\u00f3buszt mentettek a nyerges\u00fajfalui t\u0171zolt\u00f3k","isPartOf":{"@id":"https:\/\/dorogimedence.hu\/#website"},"primaryImageOfPage":{"@id":"https:\/\/dorogimedence.hu\/index.php\/2020\/10\/15\/elakadt-autobuszt-mentettek-a-nyergesujfalui-tuzoltok\/#primaryimage"},"image":{"@id":"https:\/\/dorogimedence.hu\/index.php\/2020\/10\/15\/elakadt-autobuszt-mentettek-a-nyergesujfalui-tuzoltok\/#primaryimage"},"thumbnailUrl":"https:\/\/dorogimedence.hu\/wp-content\/uploads\/2020\/10\/busz-01.jpg","datePublished":"2020-10-15T08:02:59+00:00","dateModified":"2020-10-15T08:04:43+00:00","breadcrumb":{"@id":"https:\/\/dorogimedence.hu\/index.php\/2020\/10\/15\/elakadt-autobuszt-mentettek-a-nyergesujfalui-tuzoltok\/#breadcrumb"},"inLanguage":"hu","potentialAction":[{"@type":"ReadAction","target":["https:\/\/dorogimedence.hu\/index.php\/2020\/10\/15\/elakadt-autobuszt-mentettek-a-nyergesujfalui-tuzoltok\/"]}]},{"@type":"ImageObject","inLanguage":"hu","@id":"https:\/\/dorogimedence.hu\/index.php\/2020\/10\/15\/elakadt-autobuszt-mentettek-a-nyergesujfalui-tuzoltok\/#primaryimage","url":"https:\/\/dorogimedence.hu\/wp-content\/uploads\/2020\/10\/busz-01.jpg","contentUrl":"https:\/\/dorogimedence.hu\/wp-content\/uploads\/2020\/10\/busz-01.jpg","width":830,"height":450},{"@type":"BreadcrumbList","@id":"https:\/\/dorogimedence.hu\/index.php\/2020\/10\/15\/elakadt-autobuszt-mentettek-a-nyergesujfalui-tuzoltok\/#breadcrumb","itemListElement":[{"@type":"ListItem","position":1,"name":"Kezd\u0151lap","item":"https:\/\/dorogimedence.hu\/"},{"@type":"ListItem","position":2,"name":"Elakadt aut\u00f3buszt mentettek a nyerges\u00fajfalui t\u0171zolt\u00f3k"}]},{"@type":"WebSite","@id":"https:\/\/dorogimedence.hu\/#website","url":"https:\/\/dorogimedence.hu\/","name":"Dorogi-medence Region\u00e1lis H\u00edrport\u00e1l","description":"Dorog, Keszt\u00f6lc, Le\u00e1nyv\u00e1r, Piliscs\u00e9v, Tokod, Tokodalt\u00e1r\u00f3, Csolnok, Esztergom-kertv\u00e1ros: h\u00edrek, programok","publisher":{"@id":"https:\/\/dorogimedence.hu\/#organization"},"potentialAction":[{"@type":"SearchAction","target":{"@type":"EntryPoint","urlTemplate":"https:\/\/dorogimedence.hu\/?s={search_term_string}"},"query-input":{"@type":"PropertyValueSpecification","valueRequired":true,"valueName":"search_term_string"}}],"inLanguage":"hu"},{"@type":"Organization","@id":"https:\/\/dorogimedence.hu\/#organization","name":"Dorogi-medence Region\u00e1lis H\u00edrport\u00e1l","url":"https:\/\/dorogimedence.hu\/","logo":{"@type":"ImageObject","inLanguage":"hu","@id":"https:\/\/dorogimedence.hu\/#\/schema\/logo\/image\/","url":"https:\/\/dorogimedence.hu\/wp-content\/uploads\/2021\/04\/logo-feher-600.png","contentUrl":"https:\/\/dorogimedence.hu\/wp-content\/uploads\/2021\/04\/logo-feher-600.png","width":600,"height":100,"caption":"Dorogi-medence Region\u00e1lis H\u00edrport\u00e1l"},"image":{"@id":"https:\/\/dorogimedence.hu\/#\/schema\/logo\/image\/"},"sameAs":["https:\/\/www.facebook.com\/dorogimedence\/"]},{"@type":"Person","@id":"https:\/\/dorogimedence.hu\/#\/schema\/person\/ce6091eeb7e95ecdc87890d6aa8e0fd4","name":"dorogimedence.hu","image":{"@type":"ImageObject","inLanguage":"hu","@id":"\/\/www.gravatar.com\/avatar\/d8d45f8901aadff40a4af72c0b826f1d?s=96&#038;r=g&#038;d=mm","url":"\/\/www.gravatar.com\/avatar\/d8d45f8901aadff40a4af72c0b826f1d?s=96&#038;r=g&#038;d=mm","contentUrl":"\/\/www.gravatar.com\/avatar\/d8d45f8901aadff40a4af72c0b826f1d?s=96&#038;r=g&#038;d=mm","caption":"dorogimedence.hu"}}]}},"_links":{"self":[{"href":"https:\/\/dorogimedence.hu\/index.php\/wp-json\/wp\/v2\/posts\/27946","targetHints":{"allow":["GET"]}}],"collection":[{"href":"https:\/\/dorogimedence.hu\/index.php\/wp-json\/wp\/v2\/posts"}],"about":[{"href":"https:\/\/dorogimedence.hu\/index.php\/wp-json\/wp\/v2\/types\/post"}],"author":[{"embeddable":true,"href":"https:\/\/dorogimedence.hu\/index.php\/wp-json\/wp\/v2\/users\/1"}],"replies":[{"embeddable":true,"href":"https:\/\/dorogimedence.hu\/index.php\/wp-json\/wp\/v2\/comments?post=27946"}],"version-history":[{"count":0,"href":"https:\/\/dorogimedence.hu\/index.php\/wp-json\/wp\/v2\/posts\/27946\/revisions"}],"wp:featuredmedia":[{"embeddable":true,"href":"https:\/\/dorogimedence.hu\/index.php\/wp-json\/wp\/v2\/media\/27947"}],"wp:attachment":[{"href":"https:\/\/dorogimedence.hu\/index.php\/wp-json\/wp\/v2\/media?parent=27946"}],"wp:term":[{"taxonomy":"category","embeddable":true,"href":"https:\/\/dorogimedence.hu\/index.php\/wp-json\/wp\/v2\/categories?post=27946"},{"taxonomy":"post_tag","embeddable":true,"href":"https:\/\/dorogimedence.hu\/index.php\/wp-json\/wp\/v2\/tags?post=27946"}],"curies":[{"name":"wp","href":"https:\/\/api.w.org\/{rel}","templated":true}]}}