{"id":27855,"date":"2020-10-10T13:35:11","date_gmt":"2020-10-10T11:35:11","guid":{"rendered":"http:\/\/dorogimedence.hu\/?p=27855"},"modified":"2020-10-10T13:38:02","modified_gmt":"2020-10-10T11:38:02","slug":"mufuves-kispalyat-es-sportudvart-avattak-taton","status":"publish","type":"post","link":"https:\/\/dorogimedence.hu\/index.php\/2020\/10\/10\/mufuves-kispalyat-es-sportudvart-avattak-taton\/","title":{"rendered":"M\u0171f\u00fcves kisp\u00e1ly\u00e1t \u00e9s sportudvart avattak T\u00e1ton"},"content":{"rendered":"<p><strong>Okt\u00f3ber 9-\u00e9n, p\u00e9nteken adt\u00e1k \u00e1t a t\u00e1ti futballp\u00e1lya mellett l\u00e9tes\u00edtett m\u0171f\u00fcves kisp\u00e1ly\u00e1t, illetve a t\u00e1t-kertv\u00e1rosi iskola meg\u00fajult sportudvar\u00e1t.<\/strong><\/p>\n<p>A 20&#215;40 m\u00e9teres m\u0171f\u00fcves kisp\u00e1ly\u00e1t mintegy 34 milli\u00f3 forintb\u00f3l k\u00e9sz\u00edtette el az MLSZ, melyhez 3,4 milli\u00f3 forint \u00f6nk\u00f6lts\u00e9ggel j\u00e1rult hozz\u00e1 az \u00f6nkorm\u00e1nyzat. Az iskolai sportudvart mintegy 30 milli\u00f3 forintb\u00f3l \u00faj\u00edtott\u00e1k fel, melyb\u0151l 10 milli\u00f3 forintot az \u00f6nkorm\u00e1nyzat biztos\u00edtott, 20 milli\u00f3 forintot pedig elnyert t\u00e1mogat\u00e1sb\u00f3l biztos\u00edtottak. Ebb\u0151l az \u00f6sszegb\u0151l a t\u00e1t-kertv\u00e1rosi \u00e1ltal\u00e1nos iskola sportudvar\u00e1ban ki\u00e9p\u00edtett\u00e9k az udvar v\u00edzelvezet\u00e9s\u00e9t, az udvar \u00faj aszfaltot kapott, kialak\u00edtottak egy 25&#215;15 m\u00e9teres \u00fct\u00e9scsillap\u00edt\u00f3 gumilappal ell\u00e1tott sportp\u00e1ly\u00e1t, 6 padot telep\u00edtettek, illetve beszereztek 1 db teqball \u00e9s 2 db asztalitenisz asztalt.<\/p>\n<p><img fetchpriority=\"high\" decoding=\"async\" class=\"alignnone size-full wp-image-27857\" src=\"https:\/\/dorogimedence.hu\/wp-content\/uploads\/2020\/10\/tat-02.jpg\" alt=\"\" width=\"830\" height=\"553\" srcset=\"https:\/\/dorogimedence.hu\/wp-content\/uploads\/2020\/10\/tat-02.jpg 830w, https:\/\/dorogimedence.hu\/wp-content\/uploads\/2020\/10\/tat-02-300x200.jpg 300w, https:\/\/dorogimedence.hu\/wp-content\/uploads\/2020\/10\/tat-02-768x512.jpg 768w, https:\/\/dorogimedence.hu\/wp-content\/uploads\/2020\/10\/tat-02-589x392.jpg 589w, https:\/\/dorogimedence.hu\/wp-content\/uploads\/2020\/10\/tat-02-272x182.jpg 272w\" sizes=\"(max-width: 830px) 100vw, 830px\" \/><\/p>\n<p>Az \u00e1tad\u00f3 \u00fcnneps\u00e9gen Turi Lajos polg\u00e1rmester k\u00f6sz\u00f6nt\u00f6tte Dr. V\u00f6lner P\u00e1l orsz\u00e1ggy\u0171l\u00e9si k\u00e9pvisel\u0151t, Dr. Kancz Csab\u00e1t, a Kom\u00e1rom-Esztergom Megyei Korm\u00e1nyhivatal korm\u00e1nymegb\u00edzottj\u00e1t, Steindl Bal\u00e1zst, a Kom\u00e1rom-Esztergom Megyei \u00d6nkorm\u00e1nyzat aleln\u00f6k\u00e9t, Debreczeni Istv\u00e1nt, az Esztergomi rend\u0151rkapit\u00e1nys\u00e1g vezet\u0151j\u00e9t, Horv\u00e1th Szeder G\u00e1bort, az Esztergomi J\u00e1r\u00e1si Hivatal vezet\u0151j\u00e9t, Kh\u00e9ner L\u00e1szl\u00f3t, a Magyar Labdar\u00fag\u00f3 Sz\u00f6vets\u00e9g megyei igazgat\u00f3j\u00e1t, Kardos Mih\u00e1ly nyugalmazott pl\u00e9b\u00e1nosaty\u00e1t, tiszteletbeli kanonokot, illetve valamennyi d\u00edszpolg\u00e1rukat \u00e9s a megjelent vend\u00e9geket.<\/p>\n<p><img decoding=\"async\" class=\"alignnone size-full wp-image-27858\" src=\"https:\/\/dorogimedence.hu\/wp-content\/uploads\/2020\/10\/tat-03.jpg\" alt=\"\" width=\"830\" height=\"553\" srcset=\"https:\/\/dorogimedence.hu\/wp-content\/uploads\/2020\/10\/tat-03.jpg 830w, https:\/\/dorogimedence.hu\/wp-content\/uploads\/2020\/10\/tat-03-300x200.jpg 300w, https:\/\/dorogimedence.hu\/wp-content\/uploads\/2020\/10\/tat-03-768x512.jpg 768w, https:\/\/dorogimedence.hu\/wp-content\/uploads\/2020\/10\/tat-03-589x392.jpg 589w, https:\/\/dorogimedence.hu\/wp-content\/uploads\/2020\/10\/tat-03-272x182.jpg 272w\" sizes=\"(max-width: 830px) 100vw, 830px\" \/><\/p>\n<p><strong>Turi Lajos<\/strong> a k\u00f6sz\u00f6nt\u0151je ut\u00e1n elmondta, hogy minden beruh\u00e1z\u00e1snak \u00e9s fejleszt\u00e9snek \u00f6r\u00fclni kell, k\u00fcl\u00f6n\u00f6sen akkor, hogyha ez a j\u00f6v\u0151 nemzed\u00e9k\u00e9t szolg\u00e1lja. A gyerekeink, fiataljaink \u2013 ide tartoznak az \u00f6reg fi\u00fa focist\u00e1k is \u2013 testi, lelki nevel\u00e9s\u00e9ben, eg\u00e9szs\u00e9g\u00e9nek meg\u0151rz\u00e9s\u00e9ben \u00e9s a k\u00f6z\u00f6ss\u00e9g tudat\u00e1ban teljesedik ez ki. A k\u00f6z\u00f6ss\u00e9gi tudat\u00e9p\u00edt\u00e9s a csapatj\u00e1t\u00e9kban elevenedik meg, azonban a foci nem csak j\u00e1t\u00e9k, hanem enn\u00e9l sokkal t\u00f6bb. Ami\u00f3ta vil\u00e1g a vil\u00e1g, sikereink \u00e9s kudarcaink cs\u00facsosodnak ki benne.<\/p>\n<p><img decoding=\"async\" class=\"alignnone size-full wp-image-27859\" src=\"https:\/\/dorogimedence.hu\/wp-content\/uploads\/2020\/10\/tat-04.jpg\" alt=\"\" width=\"830\" height=\"532\" srcset=\"https:\/\/dorogimedence.hu\/wp-content\/uploads\/2020\/10\/tat-04.jpg 830w, https:\/\/dorogimedence.hu\/wp-content\/uploads\/2020\/10\/tat-04-300x192.jpg 300w, https:\/\/dorogimedence.hu\/wp-content\/uploads\/2020\/10\/tat-04-768x492.jpg 768w\" sizes=\"(max-width: 830px) 100vw, 830px\" \/><\/p>\n<p><strong>Dr. V\u00f6lner P\u00e1l<\/strong> megk\u00f6sz\u00f6nte az MLSZ-nek, hogy idefigyelt T\u00e1tra. Besz\u00e9d\u00e9ben elmondta, hogy k\u00fcl\u00f6n \u00f6r\u00f6m, hogy a j\u00e1rv\u00e1nyhelyzet alatt is a c\u00e9lkit\u0171z\u00e9s\u00fcnk az, hogy m\u0171k\u00f6dj\u00f6n az orsz\u00e1g. Egy-egy ilyen beruh\u00e1z\u00e1sn\u00e1l pedig igazol\u00e1st nyer, hogy a sport nem \u00e1llhat le, az iskol\u00e1k m\u0171k\u00f6dnek, a pedag\u00f3gusok teszik a dolgukat, ak\u00e1rcsak az eg\u00e9szs\u00e9g\u00fcgyben dolgoz\u00f3k a frontvonalon. De bizony\u00edtani tudjuk, hogy a legnehezebb k\u00f6r\u00fclm\u00e9nyek k\u00f6z\u00f6tt is, betartva a szab\u00e1lyokat tudunk m\u0171k\u00f6dni, tudunk dolgozni \u00e9s tudjuk ezt az orsz\u00e1got, ezeket a telep\u00fcl\u00e9seket m\u0171k\u00f6dtetni.<\/p>\n<p><img loading=\"lazy\" decoding=\"async\" class=\"alignnone size-full wp-image-27860\" src=\"https:\/\/dorogimedence.hu\/wp-content\/uploads\/2020\/10\/tat-05.jpg\" alt=\"\" width=\"830\" height=\"553\" srcset=\"https:\/\/dorogimedence.hu\/wp-content\/uploads\/2020\/10\/tat-05.jpg 830w, https:\/\/dorogimedence.hu\/wp-content\/uploads\/2020\/10\/tat-05-300x200.jpg 300w, https:\/\/dorogimedence.hu\/wp-content\/uploads\/2020\/10\/tat-05-768x512.jpg 768w, https:\/\/dorogimedence.hu\/wp-content\/uploads\/2020\/10\/tat-05-589x392.jpg 589w, https:\/\/dorogimedence.hu\/wp-content\/uploads\/2020\/10\/tat-05-272x182.jpg 272w\" sizes=\"(max-width: 830px) 100vw, 830px\" \/><\/p>\n<p><strong>Dr. Kancz Csaba<\/strong> elmondta, hogy nagyon nagy dolog, hogy a legkisebb megy\u00e9ben, \u00e1m de gazdas\u00e1gilag az egyik legfejlettebb megy\u00e9ben a 44 p\u00e1ly\u00e1t adj\u00e1k \u00e1t, az orsz\u00e1gos rangsorban pedig Kom\u00e1rom-Esztergom megye ott van a dobog\u00f3n. Kiemelte, hogy lehet\u0151leg minden telep\u00fcl\u00e9sen \u00e9p\u00fclj\u00f6n p\u00e1lya. K\u00f6zben pedig \u00f6r\u00f6m\u00e9t fejezte ki, hogy a mai napon nem egy p\u00e1ly\u00e1t adnak \u00e1t, hanem kett\u0151, hiszen egy m\u00e1sik sportp\u00e1lya az iskolaudvaron szint\u00e9n meg tudott \u00fajulni. De nagyon fontos az is, hogy a mindennapos testnevel\u00e9s keret\u00e9ben min\u00e9l t\u00f6bb sport\u00e1gat kipr\u00f3b\u00e1ljanak a fiatalok.<\/p>\n<p><img loading=\"lazy\" decoding=\"async\" class=\"alignnone size-full wp-image-27861\" src=\"https:\/\/dorogimedence.hu\/wp-content\/uploads\/2020\/10\/tat-06.jpg\" alt=\"\" width=\"830\" height=\"541\" srcset=\"https:\/\/dorogimedence.hu\/wp-content\/uploads\/2020\/10\/tat-06.jpg 830w, https:\/\/dorogimedence.hu\/wp-content\/uploads\/2020\/10\/tat-06-300x196.jpg 300w, https:\/\/dorogimedence.hu\/wp-content\/uploads\/2020\/10\/tat-06-768x501.jpg 768w\" sizes=\"(max-width: 830px) 100vw, 830px\" \/><\/p>\n<p><strong>Steindl Bal\u00e1zs<\/strong> elmondta, hogy mindig nagy \u00f6r\u00f6m, ha olyan fejleszt\u00e9seket \u00e9s beruh\u00e1z\u00e1sokat tudnak \u00e1tadni, ami a sporthoz \u00e9s a labdar\u00fag\u00e1shoz k\u00f6thet\u0151. Kiemelte, hogy a t\u00e1tiak b\u00fcszk\u00e9k lehetnek \u2013 nem csak erre a fejleszt\u00e9sre, hanem \u00fagy \u00e1ltal\u00e1ban \u2013, hiszen elmondhat\u00f3, hogy az elm\u00falt \u00e9vekben nagyon sok fejleszt\u00e9s val\u00f3sult meg T\u00e1ton. Ha csak a Ter\u00fcletfejleszt\u00e9si Operat\u00edv Programra gondolunk, meg\u00fajult az \u00f3voda, a b\u00f6lcs\u0151de, a polg\u00e1rmesteri hivatal \u00e9p\u00fclete, ker\u00e9kp\u00e1r\u00fatfejleszt\u00e9s val\u00f3sult meg, de ide sorolhat\u00f3 a T\u00e1tika t\u00e9rnek a fel\u00faj\u00edt\u00e1sa is. Ezeket mind k\u00f6z\u00f6s \u00f6sszefog\u00e1ssal tudtuk el\u00e9rni.<\/p>\n<p>A besz\u00e9dek ut\u00e1n Kardos Mih\u00e1ly, nyugalmazott pl\u00e9b\u00e1nosatya meg\u00e1ldotta a m\u0171f\u00fcves kisp\u00e1ly\u00e1t, majd \u00e1tv\u00e1gt\u00e1k a nemzeti sz\u00edn\u0171 szalagot.<\/p>\n<p><img loading=\"lazy\" decoding=\"async\" class=\"alignnone size-full wp-image-27862\" src=\"https:\/\/dorogimedence.hu\/wp-content\/uploads\/2020\/10\/tat-07.jpg\" alt=\"\" width=\"830\" height=\"553\" srcset=\"https:\/\/dorogimedence.hu\/wp-content\/uploads\/2020\/10\/tat-07.jpg 830w, https:\/\/dorogimedence.hu\/wp-content\/uploads\/2020\/10\/tat-07-300x200.jpg 300w, https:\/\/dorogimedence.hu\/wp-content\/uploads\/2020\/10\/tat-07-768x512.jpg 768w, https:\/\/dorogimedence.hu\/wp-content\/uploads\/2020\/10\/tat-07-589x392.jpg 589w, https:\/\/dorogimedence.hu\/wp-content\/uploads\/2020\/10\/tat-07-272x182.jpg 272w\" sizes=\"(max-width: 830px) 100vw, 830px\" \/><\/p>\n","protected":false},"excerpt":{"rendered":"<p>Okt\u00f3ber 9-\u00e9n, p\u00e9nteken adt\u00e1k \u00e1t a t\u00e1ti futballp\u00e1lya mellett l\u00e9tes\u00edtett m\u0171f\u00fcves kisp\u00e1ly\u00e1t, illetve a t\u00e1t-kertv\u00e1rosi iskola meg\u00fajult sportudvar\u00e1t. A 20&#215;40 m\u00e9teres m\u0171f\u00fcves kisp\u00e1ly\u00e1t mintegy 34 milli\u00f3 forintb\u00f3l k\u00e9sz\u00edtette el az MLSZ, melyhez 3,4 milli\u00f3 forint \u00f6nk\u00f6lts\u00e9ggel j\u00e1rult hozz\u00e1 az \u00f6nkorm\u00e1nyzat. Az iskolai sportudvart mintegy 30 milli\u00f3 forintb\u00f3l \u00faj\u00edtott\u00e1k fel, melyb\u0151l 10 milli\u00f3 forintot az \u00f6nkorm\u00e1nyzat<\/p>\n","protected":false},"author":1,"featured_media":27856,"comment_status":"closed","ping_status":"closed","sticky":false,"template":"","format":"standard","meta":{"ngg_post_thumbnail":0,"footnotes":""},"categories":[3,110],"tags":[2814,5165,1040,5166,111],"class_list":{"0":"post-27855","1":"post","2":"type-post","3":"status-publish","4":"format-standard","5":"has-post-thumbnail","7":"category-hirek","8":"category-tat","9":"tag-atado","10":"tag-focipalya","11":"tag-mufuves-palya","12":"tag-sportudvar","13":"tag-tat"},"yoast_head":"<!-- This site is optimized with the Yoast SEO plugin v27.5 - https:\/\/yoast.com\/product\/yoast-seo-wordpress\/ -->\n<title>M\u0171f\u00fcves kisp\u00e1ly\u00e1t \u00e9s sportudvart avattak T\u00e1ton<\/title>\n<meta name=\"robots\" content=\"index, follow, max-snippet:-1, max-image-preview:large, max-video-preview:-1\" \/>\n<link rel=\"canonical\" href=\"https:\/\/dorogimedence.hu\/index.php\/2020\/10\/10\/mufuves-kispalyat-es-sportudvart-avattak-taton\/\" class=\"yoast-seo-meta-tag\" \/>\n<meta property=\"og:locale\" content=\"hu_HU\" class=\"yoast-seo-meta-tag\" \/>\n<meta property=\"og:type\" content=\"article\" class=\"yoast-seo-meta-tag\" \/>\n<meta property=\"og:title\" content=\"M\u0171f\u00fcves kisp\u00e1ly\u00e1t \u00e9s sportudvart avattak T\u00e1ton\" class=\"yoast-seo-meta-tag\" \/>\n<meta property=\"og:description\" content=\"Okt\u00f3ber 9-\u00e9n, p\u00e9nteken adt\u00e1k \u00e1t a t\u00e1ti futballp\u00e1lya mellett l\u00e9tes\u00edtett m\u0171f\u00fcves kisp\u00e1ly\u00e1t, illetve a t\u00e1t-kertv\u00e1rosi iskola meg\u00fajult sportudvar\u00e1t. A 20&#215;40 m\u00e9teres m\u0171f\u00fcves kisp\u00e1ly\u00e1t mintegy 34 milli\u00f3 forintb\u00f3l k\u00e9sz\u00edtette el az MLSZ, melyhez 3,4 milli\u00f3 forint \u00f6nk\u00f6lts\u00e9ggel j\u00e1rult hozz\u00e1 az \u00f6nkorm\u00e1nyzat. Az iskolai sportudvart mintegy 30 milli\u00f3 forintb\u00f3l \u00faj\u00edtott\u00e1k fel, melyb\u0151l 10 milli\u00f3 forintot az \u00f6nkorm\u00e1nyzat\" class=\"yoast-seo-meta-tag\" \/>\n<meta property=\"og:url\" content=\"https:\/\/dorogimedence.hu\/index.php\/2020\/10\/10\/mufuves-kispalyat-es-sportudvart-avattak-taton\/\" class=\"yoast-seo-meta-tag\" \/>\n<meta property=\"og:site_name\" content=\"Dorogi-medence Region\u00e1lis H\u00edrport\u00e1l\" class=\"yoast-seo-meta-tag\" \/>\n<meta property=\"article:publisher\" content=\"https:\/\/www.facebook.com\/dorogimedence\/\" class=\"yoast-seo-meta-tag\" \/>\n<meta property=\"article:published_time\" content=\"2020-10-10T11:35:11+00:00\" class=\"yoast-seo-meta-tag\" \/>\n<meta property=\"article:modified_time\" content=\"2020-10-10T11:38:02+00:00\" class=\"yoast-seo-meta-tag\" \/>\n<meta property=\"og:image\" content=\"https:\/\/i0.wp.com\/dorogimedence.hu\/wp-content\/uploads\/2020\/10\/tat-01.jpg?fit=830%2C450&ssl=1\" class=\"yoast-seo-meta-tag\" \/>\n\t<meta property=\"og:image:width\" content=\"830\" class=\"yoast-seo-meta-tag\" \/>\n\t<meta property=\"og:image:height\" content=\"450\" class=\"yoast-seo-meta-tag\" \/>\n\t<meta property=\"og:image:type\" content=\"image\/jpeg\" class=\"yoast-seo-meta-tag\" \/>\n<meta name=\"author\" content=\"dorogimedence.hu\" class=\"yoast-seo-meta-tag\" \/>\n<meta name=\"twitter:card\" content=\"summary_large_image\" class=\"yoast-seo-meta-tag\" \/>\n<meta name=\"twitter:label1\" content=\"Szerz\u0151:\" class=\"yoast-seo-meta-tag\" \/>\n\t<meta name=\"twitter:data1\" content=\"dorogimedence.hu\" class=\"yoast-seo-meta-tag\" \/>\n\t<meta name=\"twitter:label2\" content=\"Becs\u00fclt olvas\u00e1si id\u0151\" class=\"yoast-seo-meta-tag\" \/>\n\t<meta name=\"twitter:data2\" content=\"4 perc\" class=\"yoast-seo-meta-tag\" \/>\n<script type=\"application\/ld+json\" class=\"yoast-schema-graph\">{\"@context\":\"https:\\\/\\\/schema.org\",\"@graph\":[{\"@type\":\"Article\",\"@id\":\"https:\\\/\\\/dorogimedence.hu\\\/index.php\\\/2020\\\/10\\\/10\\\/mufuves-kispalyat-es-sportudvart-avattak-taton\\\/#article\",\"isPartOf\":{\"@id\":\"https:\\\/\\\/dorogimedence.hu\\\/index.php\\\/2020\\\/10\\\/10\\\/mufuves-kispalyat-es-sportudvart-avattak-taton\\\/\"},\"author\":{\"name\":\"dorogimedence.hu\",\"@id\":\"https:\\\/\\\/dorogimedence.hu\\\/#\\\/schema\\\/person\\\/ce6091eeb7e95ecdc87890d6aa8e0fd4\"},\"headline\":\"M\u0171f\u00fcves kisp\u00e1ly\u00e1t \u00e9s sportudvart avattak T\u00e1ton\",\"datePublished\":\"2020-10-10T11:35:11+00:00\",\"dateModified\":\"2020-10-10T11:38:02+00:00\",\"mainEntityOfPage\":{\"@id\":\"https:\\\/\\\/dorogimedence.hu\\\/index.php\\\/2020\\\/10\\\/10\\\/mufuves-kispalyat-es-sportudvart-avattak-taton\\\/\"},\"wordCount\":774,\"publisher\":{\"@id\":\"https:\\\/\\\/dorogimedence.hu\\\/#organization\"},\"image\":{\"@id\":\"https:\\\/\\\/dorogimedence.hu\\\/index.php\\\/2020\\\/10\\\/10\\\/mufuves-kispalyat-es-sportudvart-avattak-taton\\\/#primaryimage\"},\"thumbnailUrl\":\"https:\\\/\\\/dorogimedence.hu\\\/wp-content\\\/uploads\\\/2020\\\/10\\\/tat-01.jpg\",\"keywords\":[\"\u00e1tad\u00f3\",\"focip\u00e1lya\",\"m\u0171f\u00fcves p\u00e1lya\",\"sportudvar\",\"T\u00e1t\"],\"articleSection\":[\"H\u00edrek\",\"T\u00e1t\"],\"inLanguage\":\"hu\"},{\"@type\":\"WebPage\",\"@id\":\"https:\\\/\\\/dorogimedence.hu\\\/index.php\\\/2020\\\/10\\\/10\\\/mufuves-kispalyat-es-sportudvart-avattak-taton\\\/\",\"url\":\"https:\\\/\\\/dorogimedence.hu\\\/index.php\\\/2020\\\/10\\\/10\\\/mufuves-kispalyat-es-sportudvart-avattak-taton\\\/\",\"name\":\"M\u0171f\u00fcves kisp\u00e1ly\u00e1t \u00e9s sportudvart avattak T\u00e1ton\",\"isPartOf\":{\"@id\":\"https:\\\/\\\/dorogimedence.hu\\\/#website\"},\"primaryImageOfPage\":{\"@id\":\"https:\\\/\\\/dorogimedence.hu\\\/index.php\\\/2020\\\/10\\\/10\\\/mufuves-kispalyat-es-sportudvart-avattak-taton\\\/#primaryimage\"},\"image\":{\"@id\":\"https:\\\/\\\/dorogimedence.hu\\\/index.php\\\/2020\\\/10\\\/10\\\/mufuves-kispalyat-es-sportudvart-avattak-taton\\\/#primaryimage\"},\"thumbnailUrl\":\"https:\\\/\\\/dorogimedence.hu\\\/wp-content\\\/uploads\\\/2020\\\/10\\\/tat-01.jpg\",\"datePublished\":\"2020-10-10T11:35:11+00:00\",\"dateModified\":\"2020-10-10T11:38:02+00:00\",\"breadcrumb\":{\"@id\":\"https:\\\/\\\/dorogimedence.hu\\\/index.php\\\/2020\\\/10\\\/10\\\/mufuves-kispalyat-es-sportudvart-avattak-taton\\\/#breadcrumb\"},\"inLanguage\":\"hu\",\"potentialAction\":[{\"@type\":\"ReadAction\",\"target\":[\"https:\\\/\\\/dorogimedence.hu\\\/index.php\\\/2020\\\/10\\\/10\\\/mufuves-kispalyat-es-sportudvart-avattak-taton\\\/\"]}]},{\"@type\":\"ImageObject\",\"inLanguage\":\"hu\",\"@id\":\"https:\\\/\\\/dorogimedence.hu\\\/index.php\\\/2020\\\/10\\\/10\\\/mufuves-kispalyat-es-sportudvart-avattak-taton\\\/#primaryimage\",\"url\":\"https:\\\/\\\/dorogimedence.hu\\\/wp-content\\\/uploads\\\/2020\\\/10\\\/tat-01.jpg\",\"contentUrl\":\"https:\\\/\\\/dorogimedence.hu\\\/wp-content\\\/uploads\\\/2020\\\/10\\\/tat-01.jpg\",\"width\":830,\"height\":450},{\"@type\":\"BreadcrumbList\",\"@id\":\"https:\\\/\\\/dorogimedence.hu\\\/index.php\\\/2020\\\/10\\\/10\\\/mufuves-kispalyat-es-sportudvart-avattak-taton\\\/#breadcrumb\",\"itemListElement\":[{\"@type\":\"ListItem\",\"position\":1,\"name\":\"Kezd\u0151lap\",\"item\":\"https:\\\/\\\/dorogimedence.hu\\\/\"},{\"@type\":\"ListItem\",\"position\":2,\"name\":\"M\u0171f\u00fcves kisp\u00e1ly\u00e1t \u00e9s sportudvart avattak T\u00e1ton\"}]},{\"@type\":\"WebSite\",\"@id\":\"https:\\\/\\\/dorogimedence.hu\\\/#website\",\"url\":\"https:\\\/\\\/dorogimedence.hu\\\/\",\"name\":\"Dorogi-medence Region\u00e1lis H\u00edrport\u00e1l\",\"description\":\"Dorog, Keszt\u00f6lc, Le\u00e1nyv\u00e1r, Piliscs\u00e9v, Tokod, Tokodalt\u00e1r\u00f3, Csolnok, Esztergom-kertv\u00e1ros: h\u00edrek, programok\",\"publisher\":{\"@id\":\"https:\\\/\\\/dorogimedence.hu\\\/#organization\"},\"potentialAction\":[{\"@type\":\"SearchAction\",\"target\":{\"@type\":\"EntryPoint\",\"urlTemplate\":\"https:\\\/\\\/dorogimedence.hu\\\/?s={search_term_string}\"},\"query-input\":{\"@type\":\"PropertyValueSpecification\",\"valueRequired\":true,\"valueName\":\"search_term_string\"}}],\"inLanguage\":\"hu\"},{\"@type\":\"Organization\",\"@id\":\"https:\\\/\\\/dorogimedence.hu\\\/#organization\",\"name\":\"Dorogi-medence Region\u00e1lis H\u00edrport\u00e1l\",\"url\":\"https:\\\/\\\/dorogimedence.hu\\\/\",\"logo\":{\"@type\":\"ImageObject\",\"inLanguage\":\"hu\",\"@id\":\"https:\\\/\\\/dorogimedence.hu\\\/#\\\/schema\\\/logo\\\/image\\\/\",\"url\":\"https:\\\/\\\/dorogimedence.hu\\\/wp-content\\\/uploads\\\/2021\\\/04\\\/logo-feher-600.png\",\"contentUrl\":\"https:\\\/\\\/dorogimedence.hu\\\/wp-content\\\/uploads\\\/2021\\\/04\\\/logo-feher-600.png\",\"width\":600,\"height\":100,\"caption\":\"Dorogi-medence Region\u00e1lis H\u00edrport\u00e1l\"},\"image\":{\"@id\":\"https:\\\/\\\/dorogimedence.hu\\\/#\\\/schema\\\/logo\\\/image\\\/\"},\"sameAs\":[\"https:\\\/\\\/www.facebook.com\\\/dorogimedence\\\/\"]},{\"@type\":\"Person\",\"@id\":\"https:\\\/\\\/dorogimedence.hu\\\/#\\\/schema\\\/person\\\/ce6091eeb7e95ecdc87890d6aa8e0fd4\",\"name\":\"dorogimedence.hu\",\"image\":{\"@type\":\"ImageObject\",\"inLanguage\":\"hu\",\"@id\":\"\\\/\\\/www.gravatar.com\\\/avatar\\\/d8d45f8901aadff40a4af72c0b826f1d?s=96&#038;r=g&#038;d=mm\",\"url\":\"\\\/\\\/www.gravatar.com\\\/avatar\\\/d8d45f8901aadff40a4af72c0b826f1d?s=96&#038;r=g&#038;d=mm\",\"contentUrl\":\"\\\/\\\/www.gravatar.com\\\/avatar\\\/d8d45f8901aadff40a4af72c0b826f1d?s=96&#038;r=g&#038;d=mm\",\"caption\":\"dorogimedence.hu\"}}]}<\/script>\n<!-- \/ Yoast SEO plugin. -->","yoast_head_json":{"title":"M\u0171f\u00fcves kisp\u00e1ly\u00e1t \u00e9s sportudvart avattak T\u00e1ton","robots":{"index":"index","follow":"follow","max-snippet":"max-snippet:-1","max-image-preview":"max-image-preview:large","max-video-preview":"max-video-preview:-1"},"canonical":"https:\/\/dorogimedence.hu\/index.php\/2020\/10\/10\/mufuves-kispalyat-es-sportudvart-avattak-taton\/","og_locale":"hu_HU","og_type":"article","og_title":"M\u0171f\u00fcves kisp\u00e1ly\u00e1t \u00e9s sportudvart avattak T\u00e1ton","og_description":"Okt\u00f3ber 9-\u00e9n, p\u00e9nteken adt\u00e1k \u00e1t a t\u00e1ti futballp\u00e1lya mellett l\u00e9tes\u00edtett m\u0171f\u00fcves kisp\u00e1ly\u00e1t, illetve a t\u00e1t-kertv\u00e1rosi iskola meg\u00fajult sportudvar\u00e1t. A 20&#215;40 m\u00e9teres m\u0171f\u00fcves kisp\u00e1ly\u00e1t mintegy 34 milli\u00f3 forintb\u00f3l k\u00e9sz\u00edtette el az MLSZ, melyhez 3,4 milli\u00f3 forint \u00f6nk\u00f6lts\u00e9ggel j\u00e1rult hozz\u00e1 az \u00f6nkorm\u00e1nyzat. Az iskolai sportudvart mintegy 30 milli\u00f3 forintb\u00f3l \u00faj\u00edtott\u00e1k fel, melyb\u0151l 10 milli\u00f3 forintot az \u00f6nkorm\u00e1nyzat","og_url":"https:\/\/dorogimedence.hu\/index.php\/2020\/10\/10\/mufuves-kispalyat-es-sportudvart-avattak-taton\/","og_site_name":"Dorogi-medence Region\u00e1lis H\u00edrport\u00e1l","article_publisher":"https:\/\/www.facebook.com\/dorogimedence\/","article_published_time":"2020-10-10T11:35:11+00:00","article_modified_time":"2020-10-10T11:38:02+00:00","og_image":[{"width":830,"height":450,"url":"https:\/\/i0.wp.com\/dorogimedence.hu\/wp-content\/uploads\/2020\/10\/tat-01.jpg?fit=830%2C450&ssl=1","type":"image\/jpeg"}],"author":"dorogimedence.hu","twitter_card":"summary_large_image","twitter_misc":{"Szerz\u0151:":"dorogimedence.hu","Becs\u00fclt olvas\u00e1si id\u0151":"4 perc"},"schema":{"@context":"https:\/\/schema.org","@graph":[{"@type":"Article","@id":"https:\/\/dorogimedence.hu\/index.php\/2020\/10\/10\/mufuves-kispalyat-es-sportudvart-avattak-taton\/#article","isPartOf":{"@id":"https:\/\/dorogimedence.hu\/index.php\/2020\/10\/10\/mufuves-kispalyat-es-sportudvart-avattak-taton\/"},"author":{"name":"dorogimedence.hu","@id":"https:\/\/dorogimedence.hu\/#\/schema\/person\/ce6091eeb7e95ecdc87890d6aa8e0fd4"},"headline":"M\u0171f\u00fcves kisp\u00e1ly\u00e1t \u00e9s sportudvart avattak T\u00e1ton","datePublished":"2020-10-10T11:35:11+00:00","dateModified":"2020-10-10T11:38:02+00:00","mainEntityOfPage":{"@id":"https:\/\/dorogimedence.hu\/index.php\/2020\/10\/10\/mufuves-kispalyat-es-sportudvart-avattak-taton\/"},"wordCount":774,"publisher":{"@id":"https:\/\/dorogimedence.hu\/#organization"},"image":{"@id":"https:\/\/dorogimedence.hu\/index.php\/2020\/10\/10\/mufuves-kispalyat-es-sportudvart-avattak-taton\/#primaryimage"},"thumbnailUrl":"https:\/\/dorogimedence.hu\/wp-content\/uploads\/2020\/10\/tat-01.jpg","keywords":["\u00e1tad\u00f3","focip\u00e1lya","m\u0171f\u00fcves p\u00e1lya","sportudvar","T\u00e1t"],"articleSection":["H\u00edrek","T\u00e1t"],"inLanguage":"hu"},{"@type":"WebPage","@id":"https:\/\/dorogimedence.hu\/index.php\/2020\/10\/10\/mufuves-kispalyat-es-sportudvart-avattak-taton\/","url":"https:\/\/dorogimedence.hu\/index.php\/2020\/10\/10\/mufuves-kispalyat-es-sportudvart-avattak-taton\/","name":"M\u0171f\u00fcves kisp\u00e1ly\u00e1t \u00e9s sportudvart avattak T\u00e1ton","isPartOf":{"@id":"https:\/\/dorogimedence.hu\/#website"},"primaryImageOfPage":{"@id":"https:\/\/dorogimedence.hu\/index.php\/2020\/10\/10\/mufuves-kispalyat-es-sportudvart-avattak-taton\/#primaryimage"},"image":{"@id":"https:\/\/dorogimedence.hu\/index.php\/2020\/10\/10\/mufuves-kispalyat-es-sportudvart-avattak-taton\/#primaryimage"},"thumbnailUrl":"https:\/\/dorogimedence.hu\/wp-content\/uploads\/2020\/10\/tat-01.jpg","datePublished":"2020-10-10T11:35:11+00:00","dateModified":"2020-10-10T11:38:02+00:00","breadcrumb":{"@id":"https:\/\/dorogimedence.hu\/index.php\/2020\/10\/10\/mufuves-kispalyat-es-sportudvart-avattak-taton\/#breadcrumb"},"inLanguage":"hu","potentialAction":[{"@type":"ReadAction","target":["https:\/\/dorogimedence.hu\/index.php\/2020\/10\/10\/mufuves-kispalyat-es-sportudvart-avattak-taton\/"]}]},{"@type":"ImageObject","inLanguage":"hu","@id":"https:\/\/dorogimedence.hu\/index.php\/2020\/10\/10\/mufuves-kispalyat-es-sportudvart-avattak-taton\/#primaryimage","url":"https:\/\/dorogimedence.hu\/wp-content\/uploads\/2020\/10\/tat-01.jpg","contentUrl":"https:\/\/dorogimedence.hu\/wp-content\/uploads\/2020\/10\/tat-01.jpg","width":830,"height":450},{"@type":"BreadcrumbList","@id":"https:\/\/dorogimedence.hu\/index.php\/2020\/10\/10\/mufuves-kispalyat-es-sportudvart-avattak-taton\/#breadcrumb","itemListElement":[{"@type":"ListItem","position":1,"name":"Kezd\u0151lap","item":"https:\/\/dorogimedence.hu\/"},{"@type":"ListItem","position":2,"name":"M\u0171f\u00fcves kisp\u00e1ly\u00e1t \u00e9s sportudvart avattak T\u00e1ton"}]},{"@type":"WebSite","@id":"https:\/\/dorogimedence.hu\/#website","url":"https:\/\/dorogimedence.hu\/","name":"Dorogi-medence Region\u00e1lis H\u00edrport\u00e1l","description":"Dorog, Keszt\u00f6lc, Le\u00e1nyv\u00e1r, Piliscs\u00e9v, Tokod, Tokodalt\u00e1r\u00f3, Csolnok, Esztergom-kertv\u00e1ros: h\u00edrek, programok","publisher":{"@id":"https:\/\/dorogimedence.hu\/#organization"},"potentialAction":[{"@type":"SearchAction","target":{"@type":"EntryPoint","urlTemplate":"https:\/\/dorogimedence.hu\/?s={search_term_string}"},"query-input":{"@type":"PropertyValueSpecification","valueRequired":true,"valueName":"search_term_string"}}],"inLanguage":"hu"},{"@type":"Organization","@id":"https:\/\/dorogimedence.hu\/#organization","name":"Dorogi-medence Region\u00e1lis H\u00edrport\u00e1l","url":"https:\/\/dorogimedence.hu\/","logo":{"@type":"ImageObject","inLanguage":"hu","@id":"https:\/\/dorogimedence.hu\/#\/schema\/logo\/image\/","url":"https:\/\/dorogimedence.hu\/wp-content\/uploads\/2021\/04\/logo-feher-600.png","contentUrl":"https:\/\/dorogimedence.hu\/wp-content\/uploads\/2021\/04\/logo-feher-600.png","width":600,"height":100,"caption":"Dorogi-medence Region\u00e1lis H\u00edrport\u00e1l"},"image":{"@id":"https:\/\/dorogimedence.hu\/#\/schema\/logo\/image\/"},"sameAs":["https:\/\/www.facebook.com\/dorogimedence\/"]},{"@type":"Person","@id":"https:\/\/dorogimedence.hu\/#\/schema\/person\/ce6091eeb7e95ecdc87890d6aa8e0fd4","name":"dorogimedence.hu","image":{"@type":"ImageObject","inLanguage":"hu","@id":"\/\/www.gravatar.com\/avatar\/d8d45f8901aadff40a4af72c0b826f1d?s=96&#038;r=g&#038;d=mm","url":"\/\/www.gravatar.com\/avatar\/d8d45f8901aadff40a4af72c0b826f1d?s=96&#038;r=g&#038;d=mm","contentUrl":"\/\/www.gravatar.com\/avatar\/d8d45f8901aadff40a4af72c0b826f1d?s=96&#038;r=g&#038;d=mm","caption":"dorogimedence.hu"}}]}},"_links":{"self":[{"href":"https:\/\/dorogimedence.hu\/index.php\/wp-json\/wp\/v2\/posts\/27855","targetHints":{"allow":["GET"]}}],"collection":[{"href":"https:\/\/dorogimedence.hu\/index.php\/wp-json\/wp\/v2\/posts"}],"about":[{"href":"https:\/\/dorogimedence.hu\/index.php\/wp-json\/wp\/v2\/types\/post"}],"author":[{"embeddable":true,"href":"https:\/\/dorogimedence.hu\/index.php\/wp-json\/wp\/v2\/users\/1"}],"replies":[{"embeddable":true,"href":"https:\/\/dorogimedence.hu\/index.php\/wp-json\/wp\/v2\/comments?post=27855"}],"version-history":[{"count":0,"href":"https:\/\/dorogimedence.hu\/index.php\/wp-json\/wp\/v2\/posts\/27855\/revisions"}],"wp:featuredmedia":[{"embeddable":true,"href":"https:\/\/dorogimedence.hu\/index.php\/wp-json\/wp\/v2\/media\/27856"}],"wp:attachment":[{"href":"https:\/\/dorogimedence.hu\/index.php\/wp-json\/wp\/v2\/media?parent=27855"}],"wp:term":[{"taxonomy":"category","embeddable":true,"href":"https:\/\/dorogimedence.hu\/index.php\/wp-json\/wp\/v2\/categories?post=27855"},{"taxonomy":"post_tag","embeddable":true,"href":"https:\/\/dorogimedence.hu\/index.php\/wp-json\/wp\/v2\/tags?post=27855"}],"curies":[{"name":"wp","href":"https:\/\/api.w.org\/{rel}","templated":true}]}}