{"id":27815,"date":"2020-10-08T16:27:36","date_gmt":"2020-10-08T14:27:36","guid":{"rendered":"http:\/\/dorogimedence.hu\/?p=27815"},"modified":"2020-10-08T16:28:22","modified_gmt":"2020-10-08T14:28:22","slug":"felujitottak-a-dorogi-szent-borbala-templom-orgonajat","status":"publish","type":"post","link":"https:\/\/dorogimedence.hu\/index.php\/2020\/10\/08\/felujitottak-a-dorogi-szent-borbala-templom-orgonajat\/","title":{"rendered":"Fel\u00faj\u00edtott\u00e1k a dorogi Szent Borb\u00e1la templom orgon\u00e1j\u00e1t"},"content":{"rendered":"<p><strong><span class=\"d2edcug0 hpfvmrgz qv66sw1b c1et5uql rrkovp55 a8c37x1j keod5gw0 nxhoafnm aigsh9s9 d3f4x2em fe6kdd0r mau55g9w c8b282yb iv3no6db jq4qci2q a3bd9o3v knj5qynh oo9gr5id hzawbc8m\" dir=\"auto\">Az esztergomi bazilika \u00e9s a ferences templom mellett, t\u00e9rs\u00e9g\u00fcnkben a harmadik legnagyobb, t\u00f6bb mint 1000 s\u00edppal megsz\u00f3lal\u00f3 dorogi B\u00e1ny\u00e1sztemplom orgon\u00e1j\u00e1t Dorog V\u00e1ros \u00d6nkorm\u00e1nyzat\u00e1nak t\u00e1mogat\u00e1s\u00e1val \u00faj\u00edtott\u00e1k fel <\/span><\/strong><em><span class=\"d2edcug0 hpfvmrgz qv66sw1b c1et5uql rrkovp55 a8c37x1j keod5gw0 nxhoafnm aigsh9s9 d3f4x2em fe6kdd0r mau55g9w c8b282yb iv3no6db jq4qci2q a3bd9o3v knj5qynh oo9gr5id hzawbc8m\" dir=\"auto\">&#8211; \u00edrja a <\/span><span class=\"d2edcug0 hpfvmrgz qv66sw1b c1et5uql rrkovp55 a8c37x1j keod5gw0 nxhoafnm aigsh9s9 d3f4x2em fe6kdd0r mau55g9w c8b282yb iv3no6db jq4qci2q a3bd9o3v knj5qynh oo9gr5id hzawbc8m\" dir=\"auto\"><a href=\"http:\/\/dorog.hu\/index.php?oldal=65&amp;hir=3351\" target=\"_blank\" rel=\"noopener noreferrer\"><span style=\"text-decoration: underline; color: #0000ff;\">dorog.hu<\/span><\/a><\/span><\/em><strong><span class=\"d2edcug0 hpfvmrgz qv66sw1b c1et5uql rrkovp55 a8c37x1j keod5gw0 nxhoafnm aigsh9s9 d3f4x2em fe6kdd0r mau55g9w c8b282yb iv3no6db jq4qci2q a3bd9o3v knj5qynh oo9gr5id hzawbc8m\" dir=\"auto\"><br \/>\n<\/span><\/strong><\/p>\n<p><span class=\"d2edcug0 hpfvmrgz qv66sw1b c1et5uql rrkovp55 a8c37x1j keod5gw0 nxhoafnm aigsh9s9 d3f4x2em fe6kdd0r mau55g9w c8b282yb iv3no6db jq4qci2q a3bd9o3v knj5qynh oo9gr5id hzawbc8m\" dir=\"auto\">Az \u00f6nkorm\u00e1nyzat t\u00e1j\u00e9koztat\u00e1sa szerint a fel\u00faj\u00edt\u00e1si munk\u00e1latok mintegy f\u00e9l \u00e9ven kereszt\u00fcl zajlottak a Szent Borb\u00e1la templomban, ahol minden egyes s\u00edpot k\u00fcl\u00f6n megtiszt\u00edtottak \u00e9s fel\u00faj\u00edtottak. \u00dagy tudjuk, hogy a jav\u00edt\u00e1st <\/span><span class=\"d2edcug0 hpfvmrgz qv66sw1b c1et5uql rrkovp55 a8c37x1j keod5gw0 nxhoafnm aigsh9s9 d3f4x2em fe6kdd0r mau55g9w c8b282yb iv3no6db jq4qci2q a3bd9o3v knj5qynh oo9gr5id hzawbc8m\" dir=\"auto\">Meggyesi \u00c1d\u00e1m orgona\u00e9p\u00edt\u0151- \u00e9s jav\u00edt\u00f3 v\u00e9gezte el.<\/span><\/p>\n<p>Az orgon\u00e1t a p\u00e9csi Angster J\u00f3zsef \u00e9s Fia m\u0171hely\u00e9ben dr. Schmidt S\u00e1ndor b\u00e1nyaigazgat\u00f3 \u00e9s a b\u00e1nyat\u00e1rsas\u00e1g k\u00fcl\u00f6n k\u00e9r\u00e9s\u00e9re k\u00e9sz\u00edtettek 1936-ban. A templomban tal\u00e1lhat\u00f3 130. sz\u00e1m\u00fa Angster orgona az\u00e9rt is k\u00fcl\u00f6nleges, mert \u2013 hab\u00e1r er\u0151sen leromlott \u00e1llapot\u00fa volt \u2013 eredeti form\u00e1ban volt megtal\u00e1lhat\u00f3. A magyarorsz\u00e1gi orgon\u00e1k hangk\u00e9peit az \u00e9vtizedek sor\u00e1n a k\u00fcl\u00f6nb\u00f6z\u0151 koroknak megfelel\u0151en alak\u00edtott\u00e1k \u00e1t, ami szerencs\u00e9re a dorogira nem igaz, ez\u00e9rt a fel\u00faj\u00edt\u00e1st k\u00f6vet\u0151en a 84 \u00e9ves orgona m\u00e9lt\u00f3 eml\u00e9ket \u00e1ll\u00edt majd az 1938-as Eucharisztikus Vil\u00e1gkongresszus dorogi esem\u00e9nyeinek.<\/p>\n<p><strong>Szerencs\u00e9s Zsolt pl\u00e9b\u00e1nos t\u00e1j\u00e9koztat\u00e1sa szerint a k\u00fcl\u00f6nleges hangszer felavat\u00e1sa 2020. okt\u00f3ber 18-\u00e1n, vas\u00e1rnap 18 \u00f3rakor lesz.<\/strong><\/p>\n<p><em>Fot\u00f3, forr\u00e1s: dorog.hu \/ Dorog V\u00e1ros \u00d6nkorm\u00e1nyzata Facebook oldal<\/em><\/p>\n","protected":false},"excerpt":{"rendered":"<p>Az esztergomi bazilika \u00e9s a ferences templom mellett, t\u00e9rs\u00e9g\u00fcnkben a harmadik legnagyobb, t\u00f6bb mint 1000 s\u00edppal megsz\u00f3lal\u00f3 dorogi B\u00e1ny\u00e1sztemplom orgon\u00e1j\u00e1t Dorog V\u00e1ros \u00d6nkorm\u00e1nyzat\u00e1nak t\u00e1mogat\u00e1s\u00e1val \u00faj\u00edtott\u00e1k fel &#8211; \u00edrja a dorog.hu Az \u00f6nkorm\u00e1nyzat t\u00e1j\u00e9koztat\u00e1sa szerint a fel\u00faj\u00edt\u00e1si munk\u00e1latok mintegy f\u00e9l \u00e9ven kereszt\u00fcl zajlottak a Szent Borb\u00e1la templomban, ahol minden egyes s\u00edpot k\u00fcl\u00f6n megtiszt\u00edtottak \u00e9s fel\u00faj\u00edtottak. \u00dagy<\/p>\n","protected":false},"author":1,"featured_media":27816,"comment_status":"closed","ping_status":"closed","sticky":false,"template":"","format":"standard","meta":{"ngg_post_thumbnail":0,"footnotes":""},"categories":[2,3],"tags":[794,15,464,4696,5156,793],"class_list":{"0":"post-27815","1":"post","2":"type-post","3":"status-publish","4":"format-standard","5":"has-post-thumbnail","7":"category-dorog","8":"category-hirek","9":"tag-banyasztemplom","10":"tag-dorog","11":"tag-felujitas","12":"tag-orgona","13":"tag-orgonafelujitas","14":"tag-szent-borbala-plebaniatemplom"},"yoast_head":"<!-- This site is optimized with the Yoast SEO plugin v27.5 - https:\/\/yoast.com\/product\/yoast-seo-wordpress\/ -->\n<title>Fel\u00faj\u00edtott\u00e1k a dorogi Szent Borb\u00e1la templom orgon\u00e1j\u00e1t<\/title>\n<meta name=\"robots\" content=\"index, follow, max-snippet:-1, max-image-preview:large, max-video-preview:-1\" \/>\n<link rel=\"canonical\" href=\"https:\/\/dorogimedence.hu\/index.php\/2020\/10\/08\/felujitottak-a-dorogi-szent-borbala-templom-orgonajat\/\" class=\"yoast-seo-meta-tag\" \/>\n<meta property=\"og:locale\" content=\"hu_HU\" class=\"yoast-seo-meta-tag\" \/>\n<meta property=\"og:type\" content=\"article\" class=\"yoast-seo-meta-tag\" \/>\n<meta property=\"og:title\" content=\"Fel\u00faj\u00edtott\u00e1k a dorogi Szent Borb\u00e1la templom orgon\u00e1j\u00e1t\" class=\"yoast-seo-meta-tag\" \/>\n<meta property=\"og:description\" content=\"Az esztergomi bazilika \u00e9s a ferences templom mellett, t\u00e9rs\u00e9g\u00fcnkben a harmadik legnagyobb, t\u00f6bb mint 1000 s\u00edppal megsz\u00f3lal\u00f3 dorogi B\u00e1ny\u00e1sztemplom orgon\u00e1j\u00e1t Dorog V\u00e1ros \u00d6nkorm\u00e1nyzat\u00e1nak t\u00e1mogat\u00e1s\u00e1val \u00faj\u00edtott\u00e1k fel &#8211; \u00edrja a dorog.hu Az \u00f6nkorm\u00e1nyzat t\u00e1j\u00e9koztat\u00e1sa szerint a fel\u00faj\u00edt\u00e1si munk\u00e1latok mintegy f\u00e9l \u00e9ven kereszt\u00fcl zajlottak a Szent Borb\u00e1la templomban, ahol minden egyes s\u00edpot k\u00fcl\u00f6n megtiszt\u00edtottak \u00e9s fel\u00faj\u00edtottak. \u00dagy\" class=\"yoast-seo-meta-tag\" \/>\n<meta property=\"og:url\" content=\"https:\/\/dorogimedence.hu\/index.php\/2020\/10\/08\/felujitottak-a-dorogi-szent-borbala-templom-orgonajat\/\" class=\"yoast-seo-meta-tag\" \/>\n<meta property=\"og:site_name\" content=\"Dorogi-medence Region\u00e1lis H\u00edrport\u00e1l\" class=\"yoast-seo-meta-tag\" \/>\n<meta property=\"article:publisher\" content=\"https:\/\/www.facebook.com\/dorogimedence\/\" class=\"yoast-seo-meta-tag\" \/>\n<meta property=\"article:published_time\" content=\"2020-10-08T14:27:36+00:00\" class=\"yoast-seo-meta-tag\" \/>\n<meta property=\"article:modified_time\" content=\"2020-10-08T14:28:22+00:00\" class=\"yoast-seo-meta-tag\" \/>\n<meta property=\"og:image\" content=\"https:\/\/i0.wp.com\/dorogimedence.hu\/wp-content\/uploads\/2020\/10\/dorog-orgona.jpg?fit=830%2C450&ssl=1\" class=\"yoast-seo-meta-tag\" \/>\n\t<meta property=\"og:image:width\" content=\"830\" class=\"yoast-seo-meta-tag\" \/>\n\t<meta property=\"og:image:height\" content=\"450\" class=\"yoast-seo-meta-tag\" \/>\n\t<meta property=\"og:image:type\" content=\"image\/jpeg\" class=\"yoast-seo-meta-tag\" \/>\n<meta name=\"author\" content=\"dorogimedence.hu\" class=\"yoast-seo-meta-tag\" \/>\n<meta name=\"twitter:card\" content=\"summary_large_image\" class=\"yoast-seo-meta-tag\" \/>\n<meta name=\"twitter:label1\" content=\"Szerz\u0151:\" class=\"yoast-seo-meta-tag\" \/>\n\t<meta name=\"twitter:data1\" content=\"dorogimedence.hu\" class=\"yoast-seo-meta-tag\" \/>\n\t<meta name=\"twitter:label2\" content=\"Becs\u00fclt olvas\u00e1si id\u0151\" class=\"yoast-seo-meta-tag\" \/>\n\t<meta name=\"twitter:data2\" content=\"1 perc\" class=\"yoast-seo-meta-tag\" \/>\n<script type=\"application\/ld+json\" class=\"yoast-schema-graph\">{\"@context\":\"https:\\\/\\\/schema.org\",\"@graph\":[{\"@type\":\"Article\",\"@id\":\"https:\\\/\\\/dorogimedence.hu\\\/index.php\\\/2020\\\/10\\\/08\\\/felujitottak-a-dorogi-szent-borbala-templom-orgonajat\\\/#article\",\"isPartOf\":{\"@id\":\"https:\\\/\\\/dorogimedence.hu\\\/index.php\\\/2020\\\/10\\\/08\\\/felujitottak-a-dorogi-szent-borbala-templom-orgonajat\\\/\"},\"author\":{\"name\":\"dorogimedence.hu\",\"@id\":\"https:\\\/\\\/dorogimedence.hu\\\/#\\\/schema\\\/person\\\/ce6091eeb7e95ecdc87890d6aa8e0fd4\"},\"headline\":\"Fel\u00faj\u00edtott\u00e1k a dorogi Szent Borb\u00e1la templom orgon\u00e1j\u00e1t\",\"datePublished\":\"2020-10-08T14:27:36+00:00\",\"dateModified\":\"2020-10-08T14:28:22+00:00\",\"mainEntityOfPage\":{\"@id\":\"https:\\\/\\\/dorogimedence.hu\\\/index.php\\\/2020\\\/10\\\/08\\\/felujitottak-a-dorogi-szent-borbala-templom-orgonajat\\\/\"},\"wordCount\":283,\"publisher\":{\"@id\":\"https:\\\/\\\/dorogimedence.hu\\\/#organization\"},\"image\":{\"@id\":\"https:\\\/\\\/dorogimedence.hu\\\/index.php\\\/2020\\\/10\\\/08\\\/felujitottak-a-dorogi-szent-borbala-templom-orgonajat\\\/#primaryimage\"},\"thumbnailUrl\":\"https:\\\/\\\/dorogimedence.hu\\\/wp-content\\\/uploads\\\/2020\\\/10\\\/dorog-orgona.jpg\",\"keywords\":[\"b\u00e1ny\u00e1sztemplom\",\"Dorog\",\"fel\u00faj\u00edt\u00e1s\",\"orgona\",\"orgonafel\u00faj\u00edt\u00e1s\",\"Szent Borb\u00e1la-pl\u00e9b\u00e1niatemplom\"],\"articleSection\":[\"Dorog\",\"H\u00edrek\"],\"inLanguage\":\"hu\"},{\"@type\":\"WebPage\",\"@id\":\"https:\\\/\\\/dorogimedence.hu\\\/index.php\\\/2020\\\/10\\\/08\\\/felujitottak-a-dorogi-szent-borbala-templom-orgonajat\\\/\",\"url\":\"https:\\\/\\\/dorogimedence.hu\\\/index.php\\\/2020\\\/10\\\/08\\\/felujitottak-a-dorogi-szent-borbala-templom-orgonajat\\\/\",\"name\":\"Fel\u00faj\u00edtott\u00e1k a dorogi Szent Borb\u00e1la templom orgon\u00e1j\u00e1t\",\"isPartOf\":{\"@id\":\"https:\\\/\\\/dorogimedence.hu\\\/#website\"},\"primaryImageOfPage\":{\"@id\":\"https:\\\/\\\/dorogimedence.hu\\\/index.php\\\/2020\\\/10\\\/08\\\/felujitottak-a-dorogi-szent-borbala-templom-orgonajat\\\/#primaryimage\"},\"image\":{\"@id\":\"https:\\\/\\\/dorogimedence.hu\\\/index.php\\\/2020\\\/10\\\/08\\\/felujitottak-a-dorogi-szent-borbala-templom-orgonajat\\\/#primaryimage\"},\"thumbnailUrl\":\"https:\\\/\\\/dorogimedence.hu\\\/wp-content\\\/uploads\\\/2020\\\/10\\\/dorog-orgona.jpg\",\"datePublished\":\"2020-10-08T14:27:36+00:00\",\"dateModified\":\"2020-10-08T14:28:22+00:00\",\"breadcrumb\":{\"@id\":\"https:\\\/\\\/dorogimedence.hu\\\/index.php\\\/2020\\\/10\\\/08\\\/felujitottak-a-dorogi-szent-borbala-templom-orgonajat\\\/#breadcrumb\"},\"inLanguage\":\"hu\",\"potentialAction\":[{\"@type\":\"ReadAction\",\"target\":[\"https:\\\/\\\/dorogimedence.hu\\\/index.php\\\/2020\\\/10\\\/08\\\/felujitottak-a-dorogi-szent-borbala-templom-orgonajat\\\/\"]}]},{\"@type\":\"ImageObject\",\"inLanguage\":\"hu\",\"@id\":\"https:\\\/\\\/dorogimedence.hu\\\/index.php\\\/2020\\\/10\\\/08\\\/felujitottak-a-dorogi-szent-borbala-templom-orgonajat\\\/#primaryimage\",\"url\":\"https:\\\/\\\/dorogimedence.hu\\\/wp-content\\\/uploads\\\/2020\\\/10\\\/dorog-orgona.jpg\",\"contentUrl\":\"https:\\\/\\\/dorogimedence.hu\\\/wp-content\\\/uploads\\\/2020\\\/10\\\/dorog-orgona.jpg\",\"width\":830,\"height\":450},{\"@type\":\"BreadcrumbList\",\"@id\":\"https:\\\/\\\/dorogimedence.hu\\\/index.php\\\/2020\\\/10\\\/08\\\/felujitottak-a-dorogi-szent-borbala-templom-orgonajat\\\/#breadcrumb\",\"itemListElement\":[{\"@type\":\"ListItem\",\"position\":1,\"name\":\"Kezd\u0151lap\",\"item\":\"https:\\\/\\\/dorogimedence.hu\\\/\"},{\"@type\":\"ListItem\",\"position\":2,\"name\":\"Fel\u00faj\u00edtott\u00e1k a dorogi Szent Borb\u00e1la templom orgon\u00e1j\u00e1t\"}]},{\"@type\":\"WebSite\",\"@id\":\"https:\\\/\\\/dorogimedence.hu\\\/#website\",\"url\":\"https:\\\/\\\/dorogimedence.hu\\\/\",\"name\":\"Dorogi-medence Region\u00e1lis H\u00edrport\u00e1l\",\"description\":\"Dorog, Keszt\u00f6lc, Le\u00e1nyv\u00e1r, Piliscs\u00e9v, Tokod, Tokodalt\u00e1r\u00f3, Csolnok, Esztergom-kertv\u00e1ros: h\u00edrek, programok\",\"publisher\":{\"@id\":\"https:\\\/\\\/dorogimedence.hu\\\/#organization\"},\"potentialAction\":[{\"@type\":\"SearchAction\",\"target\":{\"@type\":\"EntryPoint\",\"urlTemplate\":\"https:\\\/\\\/dorogimedence.hu\\\/?s={search_term_string}\"},\"query-input\":{\"@type\":\"PropertyValueSpecification\",\"valueRequired\":true,\"valueName\":\"search_term_string\"}}],\"inLanguage\":\"hu\"},{\"@type\":\"Organization\",\"@id\":\"https:\\\/\\\/dorogimedence.hu\\\/#organization\",\"name\":\"Dorogi-medence Region\u00e1lis H\u00edrport\u00e1l\",\"url\":\"https:\\\/\\\/dorogimedence.hu\\\/\",\"logo\":{\"@type\":\"ImageObject\",\"inLanguage\":\"hu\",\"@id\":\"https:\\\/\\\/dorogimedence.hu\\\/#\\\/schema\\\/logo\\\/image\\\/\",\"url\":\"https:\\\/\\\/dorogimedence.hu\\\/wp-content\\\/uploads\\\/2021\\\/04\\\/logo-feher-600.png\",\"contentUrl\":\"https:\\\/\\\/dorogimedence.hu\\\/wp-content\\\/uploads\\\/2021\\\/04\\\/logo-feher-600.png\",\"width\":600,\"height\":100,\"caption\":\"Dorogi-medence Region\u00e1lis H\u00edrport\u00e1l\"},\"image\":{\"@id\":\"https:\\\/\\\/dorogimedence.hu\\\/#\\\/schema\\\/logo\\\/image\\\/\"},\"sameAs\":[\"https:\\\/\\\/www.facebook.com\\\/dorogimedence\\\/\"]},{\"@type\":\"Person\",\"@id\":\"https:\\\/\\\/dorogimedence.hu\\\/#\\\/schema\\\/person\\\/ce6091eeb7e95ecdc87890d6aa8e0fd4\",\"name\":\"dorogimedence.hu\",\"image\":{\"@type\":\"ImageObject\",\"inLanguage\":\"hu\",\"@id\":\"\\\/\\\/www.gravatar.com\\\/avatar\\\/d8d45f8901aadff40a4af72c0b826f1d?s=96&#038;r=g&#038;d=mm\",\"url\":\"\\\/\\\/www.gravatar.com\\\/avatar\\\/d8d45f8901aadff40a4af72c0b826f1d?s=96&#038;r=g&#038;d=mm\",\"contentUrl\":\"\\\/\\\/www.gravatar.com\\\/avatar\\\/d8d45f8901aadff40a4af72c0b826f1d?s=96&#038;r=g&#038;d=mm\",\"caption\":\"dorogimedence.hu\"}}]}<\/script>\n<!-- \/ Yoast SEO plugin. -->","yoast_head_json":{"title":"Fel\u00faj\u00edtott\u00e1k a dorogi Szent Borb\u00e1la templom orgon\u00e1j\u00e1t","robots":{"index":"index","follow":"follow","max-snippet":"max-snippet:-1","max-image-preview":"max-image-preview:large","max-video-preview":"max-video-preview:-1"},"canonical":"https:\/\/dorogimedence.hu\/index.php\/2020\/10\/08\/felujitottak-a-dorogi-szent-borbala-templom-orgonajat\/","og_locale":"hu_HU","og_type":"article","og_title":"Fel\u00faj\u00edtott\u00e1k a dorogi Szent Borb\u00e1la templom orgon\u00e1j\u00e1t","og_description":"Az esztergomi bazilika \u00e9s a ferences templom mellett, t\u00e9rs\u00e9g\u00fcnkben a harmadik legnagyobb, t\u00f6bb mint 1000 s\u00edppal megsz\u00f3lal\u00f3 dorogi B\u00e1ny\u00e1sztemplom orgon\u00e1j\u00e1t Dorog V\u00e1ros \u00d6nkorm\u00e1nyzat\u00e1nak t\u00e1mogat\u00e1s\u00e1val \u00faj\u00edtott\u00e1k fel &#8211; \u00edrja a dorog.hu Az \u00f6nkorm\u00e1nyzat t\u00e1j\u00e9koztat\u00e1sa szerint a fel\u00faj\u00edt\u00e1si munk\u00e1latok mintegy f\u00e9l \u00e9ven kereszt\u00fcl zajlottak a Szent Borb\u00e1la templomban, ahol minden egyes s\u00edpot k\u00fcl\u00f6n megtiszt\u00edtottak \u00e9s fel\u00faj\u00edtottak. \u00dagy","og_url":"https:\/\/dorogimedence.hu\/index.php\/2020\/10\/08\/felujitottak-a-dorogi-szent-borbala-templom-orgonajat\/","og_site_name":"Dorogi-medence Region\u00e1lis H\u00edrport\u00e1l","article_publisher":"https:\/\/www.facebook.com\/dorogimedence\/","article_published_time":"2020-10-08T14:27:36+00:00","article_modified_time":"2020-10-08T14:28:22+00:00","og_image":[{"width":830,"height":450,"url":"https:\/\/i0.wp.com\/dorogimedence.hu\/wp-content\/uploads\/2020\/10\/dorog-orgona.jpg?fit=830%2C450&ssl=1","type":"image\/jpeg"}],"author":"dorogimedence.hu","twitter_card":"summary_large_image","twitter_misc":{"Szerz\u0151:":"dorogimedence.hu","Becs\u00fclt olvas\u00e1si id\u0151":"1 perc"},"schema":{"@context":"https:\/\/schema.org","@graph":[{"@type":"Article","@id":"https:\/\/dorogimedence.hu\/index.php\/2020\/10\/08\/felujitottak-a-dorogi-szent-borbala-templom-orgonajat\/#article","isPartOf":{"@id":"https:\/\/dorogimedence.hu\/index.php\/2020\/10\/08\/felujitottak-a-dorogi-szent-borbala-templom-orgonajat\/"},"author":{"name":"dorogimedence.hu","@id":"https:\/\/dorogimedence.hu\/#\/schema\/person\/ce6091eeb7e95ecdc87890d6aa8e0fd4"},"headline":"Fel\u00faj\u00edtott\u00e1k a dorogi Szent Borb\u00e1la templom orgon\u00e1j\u00e1t","datePublished":"2020-10-08T14:27:36+00:00","dateModified":"2020-10-08T14:28:22+00:00","mainEntityOfPage":{"@id":"https:\/\/dorogimedence.hu\/index.php\/2020\/10\/08\/felujitottak-a-dorogi-szent-borbala-templom-orgonajat\/"},"wordCount":283,"publisher":{"@id":"https:\/\/dorogimedence.hu\/#organization"},"image":{"@id":"https:\/\/dorogimedence.hu\/index.php\/2020\/10\/08\/felujitottak-a-dorogi-szent-borbala-templom-orgonajat\/#primaryimage"},"thumbnailUrl":"https:\/\/dorogimedence.hu\/wp-content\/uploads\/2020\/10\/dorog-orgona.jpg","keywords":["b\u00e1ny\u00e1sztemplom","Dorog","fel\u00faj\u00edt\u00e1s","orgona","orgonafel\u00faj\u00edt\u00e1s","Szent Borb\u00e1la-pl\u00e9b\u00e1niatemplom"],"articleSection":["Dorog","H\u00edrek"],"inLanguage":"hu"},{"@type":"WebPage","@id":"https:\/\/dorogimedence.hu\/index.php\/2020\/10\/08\/felujitottak-a-dorogi-szent-borbala-templom-orgonajat\/","url":"https:\/\/dorogimedence.hu\/index.php\/2020\/10\/08\/felujitottak-a-dorogi-szent-borbala-templom-orgonajat\/","name":"Fel\u00faj\u00edtott\u00e1k a dorogi Szent Borb\u00e1la templom orgon\u00e1j\u00e1t","isPartOf":{"@id":"https:\/\/dorogimedence.hu\/#website"},"primaryImageOfPage":{"@id":"https:\/\/dorogimedence.hu\/index.php\/2020\/10\/08\/felujitottak-a-dorogi-szent-borbala-templom-orgonajat\/#primaryimage"},"image":{"@id":"https:\/\/dorogimedence.hu\/index.php\/2020\/10\/08\/felujitottak-a-dorogi-szent-borbala-templom-orgonajat\/#primaryimage"},"thumbnailUrl":"https:\/\/dorogimedence.hu\/wp-content\/uploads\/2020\/10\/dorog-orgona.jpg","datePublished":"2020-10-08T14:27:36+00:00","dateModified":"2020-10-08T14:28:22+00:00","breadcrumb":{"@id":"https:\/\/dorogimedence.hu\/index.php\/2020\/10\/08\/felujitottak-a-dorogi-szent-borbala-templom-orgonajat\/#breadcrumb"},"inLanguage":"hu","potentialAction":[{"@type":"ReadAction","target":["https:\/\/dorogimedence.hu\/index.php\/2020\/10\/08\/felujitottak-a-dorogi-szent-borbala-templom-orgonajat\/"]}]},{"@type":"ImageObject","inLanguage":"hu","@id":"https:\/\/dorogimedence.hu\/index.php\/2020\/10\/08\/felujitottak-a-dorogi-szent-borbala-templom-orgonajat\/#primaryimage","url":"https:\/\/dorogimedence.hu\/wp-content\/uploads\/2020\/10\/dorog-orgona.jpg","contentUrl":"https:\/\/dorogimedence.hu\/wp-content\/uploads\/2020\/10\/dorog-orgona.jpg","width":830,"height":450},{"@type":"BreadcrumbList","@id":"https:\/\/dorogimedence.hu\/index.php\/2020\/10\/08\/felujitottak-a-dorogi-szent-borbala-templom-orgonajat\/#breadcrumb","itemListElement":[{"@type":"ListItem","position":1,"name":"Kezd\u0151lap","item":"https:\/\/dorogimedence.hu\/"},{"@type":"ListItem","position":2,"name":"Fel\u00faj\u00edtott\u00e1k a dorogi Szent Borb\u00e1la templom orgon\u00e1j\u00e1t"}]},{"@type":"WebSite","@id":"https:\/\/dorogimedence.hu\/#website","url":"https:\/\/dorogimedence.hu\/","name":"Dorogi-medence Region\u00e1lis H\u00edrport\u00e1l","description":"Dorog, Keszt\u00f6lc, Le\u00e1nyv\u00e1r, Piliscs\u00e9v, Tokod, Tokodalt\u00e1r\u00f3, Csolnok, Esztergom-kertv\u00e1ros: h\u00edrek, programok","publisher":{"@id":"https:\/\/dorogimedence.hu\/#organization"},"potentialAction":[{"@type":"SearchAction","target":{"@type":"EntryPoint","urlTemplate":"https:\/\/dorogimedence.hu\/?s={search_term_string}"},"query-input":{"@type":"PropertyValueSpecification","valueRequired":true,"valueName":"search_term_string"}}],"inLanguage":"hu"},{"@type":"Organization","@id":"https:\/\/dorogimedence.hu\/#organization","name":"Dorogi-medence Region\u00e1lis H\u00edrport\u00e1l","url":"https:\/\/dorogimedence.hu\/","logo":{"@type":"ImageObject","inLanguage":"hu","@id":"https:\/\/dorogimedence.hu\/#\/schema\/logo\/image\/","url":"https:\/\/dorogimedence.hu\/wp-content\/uploads\/2021\/04\/logo-feher-600.png","contentUrl":"https:\/\/dorogimedence.hu\/wp-content\/uploads\/2021\/04\/logo-feher-600.png","width":600,"height":100,"caption":"Dorogi-medence Region\u00e1lis H\u00edrport\u00e1l"},"image":{"@id":"https:\/\/dorogimedence.hu\/#\/schema\/logo\/image\/"},"sameAs":["https:\/\/www.facebook.com\/dorogimedence\/"]},{"@type":"Person","@id":"https:\/\/dorogimedence.hu\/#\/schema\/person\/ce6091eeb7e95ecdc87890d6aa8e0fd4","name":"dorogimedence.hu","image":{"@type":"ImageObject","inLanguage":"hu","@id":"\/\/www.gravatar.com\/avatar\/d8d45f8901aadff40a4af72c0b826f1d?s=96&#038;r=g&#038;d=mm","url":"\/\/www.gravatar.com\/avatar\/d8d45f8901aadff40a4af72c0b826f1d?s=96&#038;r=g&#038;d=mm","contentUrl":"\/\/www.gravatar.com\/avatar\/d8d45f8901aadff40a4af72c0b826f1d?s=96&#038;r=g&#038;d=mm","caption":"dorogimedence.hu"}}]}},"_links":{"self":[{"href":"https:\/\/dorogimedence.hu\/index.php\/wp-json\/wp\/v2\/posts\/27815","targetHints":{"allow":["GET"]}}],"collection":[{"href":"https:\/\/dorogimedence.hu\/index.php\/wp-json\/wp\/v2\/posts"}],"about":[{"href":"https:\/\/dorogimedence.hu\/index.php\/wp-json\/wp\/v2\/types\/post"}],"author":[{"embeddable":true,"href":"https:\/\/dorogimedence.hu\/index.php\/wp-json\/wp\/v2\/users\/1"}],"replies":[{"embeddable":true,"href":"https:\/\/dorogimedence.hu\/index.php\/wp-json\/wp\/v2\/comments?post=27815"}],"version-history":[{"count":0,"href":"https:\/\/dorogimedence.hu\/index.php\/wp-json\/wp\/v2\/posts\/27815\/revisions"}],"wp:featuredmedia":[{"embeddable":true,"href":"https:\/\/dorogimedence.hu\/index.php\/wp-json\/wp\/v2\/media\/27816"}],"wp:attachment":[{"href":"https:\/\/dorogimedence.hu\/index.php\/wp-json\/wp\/v2\/media?parent=27815"}],"wp:term":[{"taxonomy":"category","embeddable":true,"href":"https:\/\/dorogimedence.hu\/index.php\/wp-json\/wp\/v2\/categories?post=27815"},{"taxonomy":"post_tag","embeddable":true,"href":"https:\/\/dorogimedence.hu\/index.php\/wp-json\/wp\/v2\/tags?post=27815"}],"curies":[{"name":"wp","href":"https:\/\/api.w.org\/{rel}","templated":true}]}}