{"id":27732,"date":"2020-10-04T09:44:08","date_gmt":"2020-10-04T07:44:08","guid":{"rendered":"http:\/\/dorogimedence.hu\/?p=27732"},"modified":"2020-10-04T09:46:44","modified_gmt":"2020-10-04T07:46:44","slug":"bajoton-gyakorlatoztak","status":"publish","type":"post","link":"https:\/\/dorogimedence.hu\/index.php\/2020\/10\/04\/bajoton-gyakorlatoztak\/","title":{"rendered":"Baj\u00f3ton gyakorlatoztak a ment\u0151csoportok"},"content":{"rendered":"<p><strong>A Kom\u00e1rom-Esztergom Megyei Katasztr\u00f3fav\u00e9delmi Igazgat\u00f3s\u00e1g okt\u00f3ber 3-\u00e1n tarotta telep\u00fcl\u00e9si ment\u0151csoportok r\u00e9szv\u00e9tel\u00e9vel \u00e9ves \u00fajramin\u0151s\u00edt\u0151 gyakorlat\u00e1t Baj\u00f3ton.<\/strong><\/p>\n<p>A gyakorlaton az \u00e1csi, a baj\u00f3ti, a csolnoki, a keszt\u00f6lci, a kom\u00e1romi, a le\u00e1nyv\u00e1ri, a nyerges\u00fajfalui, a piliscs\u00e9vi, a s\u00fctt\u0151i \u00e9s a tokodi telep\u00fcl\u00e9si ment\u0151csoportok mellett a Gerecse j\u00e1r\u00e1si \u00e9s a Turul megyei ment\u0151csoport is r\u00e9szt vettek.<\/p>\n<p><img fetchpriority=\"high\" decoding=\"async\" class=\"alignnone size-full wp-image-27734\" src=\"https:\/\/dorogimedence.hu\/wp-content\/uploads\/2020\/10\/gyakorlat-01.jpg\" alt=\"\" width=\"830\" height=\"450\" srcset=\"https:\/\/dorogimedence.hu\/wp-content\/uploads\/2020\/10\/gyakorlat-01.jpg 830w, https:\/\/dorogimedence.hu\/wp-content\/uploads\/2020\/10\/gyakorlat-01-300x163.jpg 300w, https:\/\/dorogimedence.hu\/wp-content\/uploads\/2020\/10\/gyakorlat-01-768x416.jpg 768w\" sizes=\"(max-width: 830px) 100vw, 830px\" \/><\/p>\n<p>A ment\u0151csoportok az \u00fajramin\u0151s\u00edt\u0151 gyakorlat v\u00e9grehajt\u00e1s\u00e1val alapvet\u0151 v\u00edzk\u00e1rok elh\u00e1r\u00edt\u00e1sa kapcs\u00e1n \u00faj\u00edtott\u00e1k meg a min\u0151s\u00edt\u00e9s\u00fcket.<\/p>\n<p><img decoding=\"async\" class=\"alignnone size-full wp-image-27735\" src=\"https:\/\/dorogimedence.hu\/wp-content\/uploads\/2020\/10\/gyakorlat-03.jpg\" alt=\"\" width=\"830\" height=\"552\" srcset=\"https:\/\/dorogimedence.hu\/wp-content\/uploads\/2020\/10\/gyakorlat-03.jpg 830w, https:\/\/dorogimedence.hu\/wp-content\/uploads\/2020\/10\/gyakorlat-03-300x200.jpg 300w, https:\/\/dorogimedence.hu\/wp-content\/uploads\/2020\/10\/gyakorlat-03-768x511.jpg 768w, https:\/\/dorogimedence.hu\/wp-content\/uploads\/2020\/10\/gyakorlat-03-589x392.jpg 589w, https:\/\/dorogimedence.hu\/wp-content\/uploads\/2020\/10\/gyakorlat-03-272x182.jpg 272w\" sizes=\"(max-width: 830px) 100vw, 830px\" \/><\/p>\n<p>2020 nyar\u00e1n Baj\u00f3t telep\u00fcl\u00e9st az intenz\u00edv es\u0151z\u00e9sek hat\u00e1s\u00e1ra a Baj\u00f3ti-patak t\u00f6bb alkalommal el\u00f6nt\u00f6tte. A gyakorlaton \u00e9rt\u00e9kteremt\u0151 jelleggel a ment\u0151csoportok a meghat\u00e1rozott feladatokon fel\u00fcl a Baj\u00f3ti-patak v\u00edz\u00e9nek szabadabb lefoly\u00e1sa \u00e9rdek\u00e9ben, a patak medr\u00e9ben tal\u00e1lhat\u00f3 hordal\u00e9kt\u00f3l \u00e9s n\u00f6v\u00e9nyzett\u0151l is megtiszt\u00edtott\u00e1k csaknem 2400 m\u00e9ter hossz\u00fas\u00e1gban.<\/p>\n<p><img decoding=\"async\" class=\"alignnone size-full wp-image-27736\" src=\"https:\/\/dorogimedence.hu\/wp-content\/uploads\/2020\/10\/gyakorlat-04.jpg\" alt=\"\" width=\"830\" height=\"552\" srcset=\"https:\/\/dorogimedence.hu\/wp-content\/uploads\/2020\/10\/gyakorlat-04.jpg 830w, https:\/\/dorogimedence.hu\/wp-content\/uploads\/2020\/10\/gyakorlat-04-300x200.jpg 300w, https:\/\/dorogimedence.hu\/wp-content\/uploads\/2020\/10\/gyakorlat-04-768x511.jpg 768w, https:\/\/dorogimedence.hu\/wp-content\/uploads\/2020\/10\/gyakorlat-04-589x392.jpg 589w, https:\/\/dorogimedence.hu\/wp-content\/uploads\/2020\/10\/gyakorlat-04-272x182.jpg 272w\" sizes=\"(max-width: 830px) 100vw, 830px\" \/><\/p>\n<p><em>Fot\u00f3k: Varga Mih\u00e1ly Sebesty\u00e9n t\u0171. fhdgy<br \/>\nForr\u00e1s: BM OKF<br \/>\n<\/em><\/p>\n","protected":false},"excerpt":{"rendered":"<p>A Kom\u00e1rom-Esztergom Megyei Katasztr\u00f3fav\u00e9delmi Igazgat\u00f3s\u00e1g okt\u00f3ber 3-\u00e1n tarotta telep\u00fcl\u00e9si ment\u0151csoportok r\u00e9szv\u00e9tel\u00e9vel \u00e9ves \u00fajramin\u0151s\u00edt\u0151 gyakorlat\u00e1t Baj\u00f3ton. A gyakorlaton az \u00e1csi, a baj\u00f3ti, a csolnoki, a keszt\u00f6lci, a kom\u00e1romi, a le\u00e1nyv\u00e1ri, a nyerges\u00fajfalui, a piliscs\u00e9vi, a s\u00fctt\u0151i \u00e9s a tokodi telep\u00fcl\u00e9si ment\u0151csoportok mellett a Gerecse j\u00e1r\u00e1si \u00e9s a Turul megyei ment\u0151csoport is r\u00e9szt vettek. A ment\u0151csoportok az<\/p>\n","protected":false},"author":1,"featured_media":27733,"comment_status":"closed","ping_status":"closed","sticky":false,"template":"","format":"standard","meta":{"ngg_post_thumbnail":0,"footnotes":""},"categories":[3],"tags":[334,909,175,65],"class_list":{"0":"post-27732","1":"post","2":"type-post","3":"status-publish","4":"format-standard","5":"has-post-thumbnail","7":"category-hirek","8":"tag-bajot","9":"tag-gyakorlat","10":"tag-katasztrofavedelem","11":"tag-tuzoltosag"},"yoast_head":"<!-- This site is optimized with the Yoast SEO plugin v27.4 - https:\/\/yoast.com\/product\/yoast-seo-wordpress\/ -->\n<title>Baj\u00f3ton gyakorlatoztak a ment\u0151csoportok<\/title>\n<meta name=\"robots\" content=\"index, follow, max-snippet:-1, max-image-preview:large, max-video-preview:-1\" \/>\n<link rel=\"canonical\" href=\"https:\/\/dorogimedence.hu\/index.php\/2020\/10\/04\/bajoton-gyakorlatoztak\/\" class=\"yoast-seo-meta-tag\" \/>\n<meta property=\"og:locale\" content=\"hu_HU\" class=\"yoast-seo-meta-tag\" \/>\n<meta property=\"og:type\" content=\"article\" class=\"yoast-seo-meta-tag\" \/>\n<meta property=\"og:title\" content=\"Baj\u00f3ton gyakorlatoztak a ment\u0151csoportok\" class=\"yoast-seo-meta-tag\" \/>\n<meta property=\"og:description\" content=\"A Kom\u00e1rom-Esztergom Megyei Katasztr\u00f3fav\u00e9delmi Igazgat\u00f3s\u00e1g okt\u00f3ber 3-\u00e1n tarotta telep\u00fcl\u00e9si ment\u0151csoportok r\u00e9szv\u00e9tel\u00e9vel \u00e9ves \u00fajramin\u0151s\u00edt\u0151 gyakorlat\u00e1t Baj\u00f3ton. A gyakorlaton az \u00e1csi, a baj\u00f3ti, a csolnoki, a keszt\u00f6lci, a kom\u00e1romi, a le\u00e1nyv\u00e1ri, a nyerges\u00fajfalui, a piliscs\u00e9vi, a s\u00fctt\u0151i \u00e9s a tokodi telep\u00fcl\u00e9si ment\u0151csoportok mellett a Gerecse j\u00e1r\u00e1si \u00e9s a Turul megyei ment\u0151csoport is r\u00e9szt vettek. A ment\u0151csoportok az\" class=\"yoast-seo-meta-tag\" \/>\n<meta property=\"og:url\" content=\"https:\/\/dorogimedence.hu\/index.php\/2020\/10\/04\/bajoton-gyakorlatoztak\/\" class=\"yoast-seo-meta-tag\" \/>\n<meta property=\"og:site_name\" content=\"Dorogi-medence Region\u00e1lis H\u00edrport\u00e1l\" class=\"yoast-seo-meta-tag\" \/>\n<meta property=\"article:publisher\" content=\"https:\/\/www.facebook.com\/dorogimedence\/\" class=\"yoast-seo-meta-tag\" \/>\n<meta property=\"article:published_time\" content=\"2020-10-04T07:44:08+00:00\" class=\"yoast-seo-meta-tag\" \/>\n<meta property=\"article:modified_time\" content=\"2020-10-04T07:46:44+00:00\" class=\"yoast-seo-meta-tag\" \/>\n<meta property=\"og:image\" content=\"https:\/\/i0.wp.com\/dorogimedence.hu\/wp-content\/uploads\/2020\/10\/gyakorlat-02.jpg?fit=830%2C450&ssl=1\" class=\"yoast-seo-meta-tag\" \/>\n\t<meta property=\"og:image:width\" content=\"830\" class=\"yoast-seo-meta-tag\" \/>\n\t<meta property=\"og:image:height\" content=\"450\" class=\"yoast-seo-meta-tag\" \/>\n\t<meta property=\"og:image:type\" content=\"image\/jpeg\" class=\"yoast-seo-meta-tag\" \/>\n<meta name=\"author\" content=\"dorogimedence.hu\" class=\"yoast-seo-meta-tag\" \/>\n<meta name=\"twitter:card\" content=\"summary_large_image\" class=\"yoast-seo-meta-tag\" \/>\n<meta name=\"twitter:label1\" content=\"Szerz\u0151:\" class=\"yoast-seo-meta-tag\" \/>\n\t<meta name=\"twitter:data1\" content=\"dorogimedence.hu\" class=\"yoast-seo-meta-tag\" \/>\n\t<meta name=\"twitter:label2\" content=\"Becs\u00fclt olvas\u00e1si id\u0151\" class=\"yoast-seo-meta-tag\" \/>\n\t<meta name=\"twitter:data2\" content=\"1 perc\" class=\"yoast-seo-meta-tag\" \/>\n<script type=\"application\/ld+json\" class=\"yoast-schema-graph\">{\"@context\":\"https:\\\/\\\/schema.org\",\"@graph\":[{\"@type\":\"Article\",\"@id\":\"https:\\\/\\\/dorogimedence.hu\\\/index.php\\\/2020\\\/10\\\/04\\\/bajoton-gyakorlatoztak\\\/#article\",\"isPartOf\":{\"@id\":\"https:\\\/\\\/dorogimedence.hu\\\/index.php\\\/2020\\\/10\\\/04\\\/bajoton-gyakorlatoztak\\\/\"},\"author\":{\"name\":\"dorogimedence.hu\",\"@id\":\"https:\\\/\\\/dorogimedence.hu\\\/#\\\/schema\\\/person\\\/ce6091eeb7e95ecdc87890d6aa8e0fd4\"},\"headline\":\"Baj\u00f3ton gyakorlatoztak a ment\u0151csoportok\",\"datePublished\":\"2020-10-04T07:44:08+00:00\",\"dateModified\":\"2020-10-04T07:46:44+00:00\",\"mainEntityOfPage\":{\"@id\":\"https:\\\/\\\/dorogimedence.hu\\\/index.php\\\/2020\\\/10\\\/04\\\/bajoton-gyakorlatoztak\\\/\"},\"wordCount\":210,\"publisher\":{\"@id\":\"https:\\\/\\\/dorogimedence.hu\\\/#organization\"},\"image\":{\"@id\":\"https:\\\/\\\/dorogimedence.hu\\\/index.php\\\/2020\\\/10\\\/04\\\/bajoton-gyakorlatoztak\\\/#primaryimage\"},\"thumbnailUrl\":\"https:\\\/\\\/dorogimedence.hu\\\/wp-content\\\/uploads\\\/2020\\\/10\\\/gyakorlat-02.jpg\",\"keywords\":[\"Baj\u00f3t\",\"gyakorlat\",\"katasztr\u00f3fav\u00e9delem\",\"t\u0171zolt\u00f3s\u00e1g\"],\"articleSection\":[\"H\u00edrek\"],\"inLanguage\":\"hu\"},{\"@type\":\"WebPage\",\"@id\":\"https:\\\/\\\/dorogimedence.hu\\\/index.php\\\/2020\\\/10\\\/04\\\/bajoton-gyakorlatoztak\\\/\",\"url\":\"https:\\\/\\\/dorogimedence.hu\\\/index.php\\\/2020\\\/10\\\/04\\\/bajoton-gyakorlatoztak\\\/\",\"name\":\"Baj\u00f3ton gyakorlatoztak a ment\u0151csoportok\",\"isPartOf\":{\"@id\":\"https:\\\/\\\/dorogimedence.hu\\\/#website\"},\"primaryImageOfPage\":{\"@id\":\"https:\\\/\\\/dorogimedence.hu\\\/index.php\\\/2020\\\/10\\\/04\\\/bajoton-gyakorlatoztak\\\/#primaryimage\"},\"image\":{\"@id\":\"https:\\\/\\\/dorogimedence.hu\\\/index.php\\\/2020\\\/10\\\/04\\\/bajoton-gyakorlatoztak\\\/#primaryimage\"},\"thumbnailUrl\":\"https:\\\/\\\/dorogimedence.hu\\\/wp-content\\\/uploads\\\/2020\\\/10\\\/gyakorlat-02.jpg\",\"datePublished\":\"2020-10-04T07:44:08+00:00\",\"dateModified\":\"2020-10-04T07:46:44+00:00\",\"breadcrumb\":{\"@id\":\"https:\\\/\\\/dorogimedence.hu\\\/index.php\\\/2020\\\/10\\\/04\\\/bajoton-gyakorlatoztak\\\/#breadcrumb\"},\"inLanguage\":\"hu\",\"potentialAction\":[{\"@type\":\"ReadAction\",\"target\":[\"https:\\\/\\\/dorogimedence.hu\\\/index.php\\\/2020\\\/10\\\/04\\\/bajoton-gyakorlatoztak\\\/\"]}]},{\"@type\":\"ImageObject\",\"inLanguage\":\"hu\",\"@id\":\"https:\\\/\\\/dorogimedence.hu\\\/index.php\\\/2020\\\/10\\\/04\\\/bajoton-gyakorlatoztak\\\/#primaryimage\",\"url\":\"https:\\\/\\\/dorogimedence.hu\\\/wp-content\\\/uploads\\\/2020\\\/10\\\/gyakorlat-02.jpg\",\"contentUrl\":\"https:\\\/\\\/dorogimedence.hu\\\/wp-content\\\/uploads\\\/2020\\\/10\\\/gyakorlat-02.jpg\",\"width\":830,\"height\":450},{\"@type\":\"BreadcrumbList\",\"@id\":\"https:\\\/\\\/dorogimedence.hu\\\/index.php\\\/2020\\\/10\\\/04\\\/bajoton-gyakorlatoztak\\\/#breadcrumb\",\"itemListElement\":[{\"@type\":\"ListItem\",\"position\":1,\"name\":\"Kezd\u0151lap\",\"item\":\"https:\\\/\\\/dorogimedence.hu\\\/\"},{\"@type\":\"ListItem\",\"position\":2,\"name\":\"Baj\u00f3ton gyakorlatoztak a ment\u0151csoportok\"}]},{\"@type\":\"WebSite\",\"@id\":\"https:\\\/\\\/dorogimedence.hu\\\/#website\",\"url\":\"https:\\\/\\\/dorogimedence.hu\\\/\",\"name\":\"Dorogi-medence Region\u00e1lis H\u00edrport\u00e1l\",\"description\":\"Dorog, Keszt\u00f6lc, Le\u00e1nyv\u00e1r, Piliscs\u00e9v, Tokod, Tokodalt\u00e1r\u00f3, Csolnok, Esztergom-kertv\u00e1ros: h\u00edrek, programok\",\"publisher\":{\"@id\":\"https:\\\/\\\/dorogimedence.hu\\\/#organization\"},\"potentialAction\":[{\"@type\":\"SearchAction\",\"target\":{\"@type\":\"EntryPoint\",\"urlTemplate\":\"https:\\\/\\\/dorogimedence.hu\\\/?s={search_term_string}\"},\"query-input\":{\"@type\":\"PropertyValueSpecification\",\"valueRequired\":true,\"valueName\":\"search_term_string\"}}],\"inLanguage\":\"hu\"},{\"@type\":\"Organization\",\"@id\":\"https:\\\/\\\/dorogimedence.hu\\\/#organization\",\"name\":\"Dorogi-medence Region\u00e1lis H\u00edrport\u00e1l\",\"url\":\"https:\\\/\\\/dorogimedence.hu\\\/\",\"logo\":{\"@type\":\"ImageObject\",\"inLanguage\":\"hu\",\"@id\":\"https:\\\/\\\/dorogimedence.hu\\\/#\\\/schema\\\/logo\\\/image\\\/\",\"url\":\"https:\\\/\\\/dorogimedence.hu\\\/wp-content\\\/uploads\\\/2021\\\/04\\\/logo-feher-600.png\",\"contentUrl\":\"https:\\\/\\\/dorogimedence.hu\\\/wp-content\\\/uploads\\\/2021\\\/04\\\/logo-feher-600.png\",\"width\":600,\"height\":100,\"caption\":\"Dorogi-medence Region\u00e1lis H\u00edrport\u00e1l\"},\"image\":{\"@id\":\"https:\\\/\\\/dorogimedence.hu\\\/#\\\/schema\\\/logo\\\/image\\\/\"},\"sameAs\":[\"https:\\\/\\\/www.facebook.com\\\/dorogimedence\\\/\"]},{\"@type\":\"Person\",\"@id\":\"https:\\\/\\\/dorogimedence.hu\\\/#\\\/schema\\\/person\\\/ce6091eeb7e95ecdc87890d6aa8e0fd4\",\"name\":\"dorogimedence.hu\",\"image\":{\"@type\":\"ImageObject\",\"inLanguage\":\"hu\",\"@id\":\"\\\/\\\/www.gravatar.com\\\/avatar\\\/d8d45f8901aadff40a4af72c0b826f1d?s=96&#038;r=g&#038;d=mm\",\"url\":\"\\\/\\\/www.gravatar.com\\\/avatar\\\/d8d45f8901aadff40a4af72c0b826f1d?s=96&#038;r=g&#038;d=mm\",\"contentUrl\":\"\\\/\\\/www.gravatar.com\\\/avatar\\\/d8d45f8901aadff40a4af72c0b826f1d?s=96&#038;r=g&#038;d=mm\",\"caption\":\"dorogimedence.hu\"}}]}<\/script>\n<!-- \/ Yoast SEO plugin. -->","yoast_head_json":{"title":"Baj\u00f3ton gyakorlatoztak a ment\u0151csoportok","robots":{"index":"index","follow":"follow","max-snippet":"max-snippet:-1","max-image-preview":"max-image-preview:large","max-video-preview":"max-video-preview:-1"},"canonical":"https:\/\/dorogimedence.hu\/index.php\/2020\/10\/04\/bajoton-gyakorlatoztak\/","og_locale":"hu_HU","og_type":"article","og_title":"Baj\u00f3ton gyakorlatoztak a ment\u0151csoportok","og_description":"A Kom\u00e1rom-Esztergom Megyei Katasztr\u00f3fav\u00e9delmi Igazgat\u00f3s\u00e1g okt\u00f3ber 3-\u00e1n tarotta telep\u00fcl\u00e9si ment\u0151csoportok r\u00e9szv\u00e9tel\u00e9vel \u00e9ves \u00fajramin\u0151s\u00edt\u0151 gyakorlat\u00e1t Baj\u00f3ton. A gyakorlaton az \u00e1csi, a baj\u00f3ti, a csolnoki, a keszt\u00f6lci, a kom\u00e1romi, a le\u00e1nyv\u00e1ri, a nyerges\u00fajfalui, a piliscs\u00e9vi, a s\u00fctt\u0151i \u00e9s a tokodi telep\u00fcl\u00e9si ment\u0151csoportok mellett a Gerecse j\u00e1r\u00e1si \u00e9s a Turul megyei ment\u0151csoport is r\u00e9szt vettek. A ment\u0151csoportok az","og_url":"https:\/\/dorogimedence.hu\/index.php\/2020\/10\/04\/bajoton-gyakorlatoztak\/","og_site_name":"Dorogi-medence Region\u00e1lis H\u00edrport\u00e1l","article_publisher":"https:\/\/www.facebook.com\/dorogimedence\/","article_published_time":"2020-10-04T07:44:08+00:00","article_modified_time":"2020-10-04T07:46:44+00:00","og_image":[{"width":830,"height":450,"url":"https:\/\/i0.wp.com\/dorogimedence.hu\/wp-content\/uploads\/2020\/10\/gyakorlat-02.jpg?fit=830%2C450&ssl=1","type":"image\/jpeg"}],"author":"dorogimedence.hu","twitter_card":"summary_large_image","twitter_misc":{"Szerz\u0151:":"dorogimedence.hu","Becs\u00fclt olvas\u00e1si id\u0151":"1 perc"},"schema":{"@context":"https:\/\/schema.org","@graph":[{"@type":"Article","@id":"https:\/\/dorogimedence.hu\/index.php\/2020\/10\/04\/bajoton-gyakorlatoztak\/#article","isPartOf":{"@id":"https:\/\/dorogimedence.hu\/index.php\/2020\/10\/04\/bajoton-gyakorlatoztak\/"},"author":{"name":"dorogimedence.hu","@id":"https:\/\/dorogimedence.hu\/#\/schema\/person\/ce6091eeb7e95ecdc87890d6aa8e0fd4"},"headline":"Baj\u00f3ton gyakorlatoztak a ment\u0151csoportok","datePublished":"2020-10-04T07:44:08+00:00","dateModified":"2020-10-04T07:46:44+00:00","mainEntityOfPage":{"@id":"https:\/\/dorogimedence.hu\/index.php\/2020\/10\/04\/bajoton-gyakorlatoztak\/"},"wordCount":210,"publisher":{"@id":"https:\/\/dorogimedence.hu\/#organization"},"image":{"@id":"https:\/\/dorogimedence.hu\/index.php\/2020\/10\/04\/bajoton-gyakorlatoztak\/#primaryimage"},"thumbnailUrl":"https:\/\/dorogimedence.hu\/wp-content\/uploads\/2020\/10\/gyakorlat-02.jpg","keywords":["Baj\u00f3t","gyakorlat","katasztr\u00f3fav\u00e9delem","t\u0171zolt\u00f3s\u00e1g"],"articleSection":["H\u00edrek"],"inLanguage":"hu"},{"@type":"WebPage","@id":"https:\/\/dorogimedence.hu\/index.php\/2020\/10\/04\/bajoton-gyakorlatoztak\/","url":"https:\/\/dorogimedence.hu\/index.php\/2020\/10\/04\/bajoton-gyakorlatoztak\/","name":"Baj\u00f3ton gyakorlatoztak a ment\u0151csoportok","isPartOf":{"@id":"https:\/\/dorogimedence.hu\/#website"},"primaryImageOfPage":{"@id":"https:\/\/dorogimedence.hu\/index.php\/2020\/10\/04\/bajoton-gyakorlatoztak\/#primaryimage"},"image":{"@id":"https:\/\/dorogimedence.hu\/index.php\/2020\/10\/04\/bajoton-gyakorlatoztak\/#primaryimage"},"thumbnailUrl":"https:\/\/dorogimedence.hu\/wp-content\/uploads\/2020\/10\/gyakorlat-02.jpg","datePublished":"2020-10-04T07:44:08+00:00","dateModified":"2020-10-04T07:46:44+00:00","breadcrumb":{"@id":"https:\/\/dorogimedence.hu\/index.php\/2020\/10\/04\/bajoton-gyakorlatoztak\/#breadcrumb"},"inLanguage":"hu","potentialAction":[{"@type":"ReadAction","target":["https:\/\/dorogimedence.hu\/index.php\/2020\/10\/04\/bajoton-gyakorlatoztak\/"]}]},{"@type":"ImageObject","inLanguage":"hu","@id":"https:\/\/dorogimedence.hu\/index.php\/2020\/10\/04\/bajoton-gyakorlatoztak\/#primaryimage","url":"https:\/\/dorogimedence.hu\/wp-content\/uploads\/2020\/10\/gyakorlat-02.jpg","contentUrl":"https:\/\/dorogimedence.hu\/wp-content\/uploads\/2020\/10\/gyakorlat-02.jpg","width":830,"height":450},{"@type":"BreadcrumbList","@id":"https:\/\/dorogimedence.hu\/index.php\/2020\/10\/04\/bajoton-gyakorlatoztak\/#breadcrumb","itemListElement":[{"@type":"ListItem","position":1,"name":"Kezd\u0151lap","item":"https:\/\/dorogimedence.hu\/"},{"@type":"ListItem","position":2,"name":"Baj\u00f3ton gyakorlatoztak a ment\u0151csoportok"}]},{"@type":"WebSite","@id":"https:\/\/dorogimedence.hu\/#website","url":"https:\/\/dorogimedence.hu\/","name":"Dorogi-medence Region\u00e1lis H\u00edrport\u00e1l","description":"Dorog, Keszt\u00f6lc, Le\u00e1nyv\u00e1r, Piliscs\u00e9v, Tokod, Tokodalt\u00e1r\u00f3, Csolnok, Esztergom-kertv\u00e1ros: h\u00edrek, programok","publisher":{"@id":"https:\/\/dorogimedence.hu\/#organization"},"potentialAction":[{"@type":"SearchAction","target":{"@type":"EntryPoint","urlTemplate":"https:\/\/dorogimedence.hu\/?s={search_term_string}"},"query-input":{"@type":"PropertyValueSpecification","valueRequired":true,"valueName":"search_term_string"}}],"inLanguage":"hu"},{"@type":"Organization","@id":"https:\/\/dorogimedence.hu\/#organization","name":"Dorogi-medence Region\u00e1lis H\u00edrport\u00e1l","url":"https:\/\/dorogimedence.hu\/","logo":{"@type":"ImageObject","inLanguage":"hu","@id":"https:\/\/dorogimedence.hu\/#\/schema\/logo\/image\/","url":"https:\/\/dorogimedence.hu\/wp-content\/uploads\/2021\/04\/logo-feher-600.png","contentUrl":"https:\/\/dorogimedence.hu\/wp-content\/uploads\/2021\/04\/logo-feher-600.png","width":600,"height":100,"caption":"Dorogi-medence Region\u00e1lis H\u00edrport\u00e1l"},"image":{"@id":"https:\/\/dorogimedence.hu\/#\/schema\/logo\/image\/"},"sameAs":["https:\/\/www.facebook.com\/dorogimedence\/"]},{"@type":"Person","@id":"https:\/\/dorogimedence.hu\/#\/schema\/person\/ce6091eeb7e95ecdc87890d6aa8e0fd4","name":"dorogimedence.hu","image":{"@type":"ImageObject","inLanguage":"hu","@id":"\/\/www.gravatar.com\/avatar\/d8d45f8901aadff40a4af72c0b826f1d?s=96&#038;r=g&#038;d=mm","url":"\/\/www.gravatar.com\/avatar\/d8d45f8901aadff40a4af72c0b826f1d?s=96&#038;r=g&#038;d=mm","contentUrl":"\/\/www.gravatar.com\/avatar\/d8d45f8901aadff40a4af72c0b826f1d?s=96&#038;r=g&#038;d=mm","caption":"dorogimedence.hu"}}]}},"_links":{"self":[{"href":"https:\/\/dorogimedence.hu\/index.php\/wp-json\/wp\/v2\/posts\/27732","targetHints":{"allow":["GET"]}}],"collection":[{"href":"https:\/\/dorogimedence.hu\/index.php\/wp-json\/wp\/v2\/posts"}],"about":[{"href":"https:\/\/dorogimedence.hu\/index.php\/wp-json\/wp\/v2\/types\/post"}],"author":[{"embeddable":true,"href":"https:\/\/dorogimedence.hu\/index.php\/wp-json\/wp\/v2\/users\/1"}],"replies":[{"embeddable":true,"href":"https:\/\/dorogimedence.hu\/index.php\/wp-json\/wp\/v2\/comments?post=27732"}],"version-history":[{"count":0,"href":"https:\/\/dorogimedence.hu\/index.php\/wp-json\/wp\/v2\/posts\/27732\/revisions"}],"wp:featuredmedia":[{"embeddable":true,"href":"https:\/\/dorogimedence.hu\/index.php\/wp-json\/wp\/v2\/media\/27733"}],"wp:attachment":[{"href":"https:\/\/dorogimedence.hu\/index.php\/wp-json\/wp\/v2\/media?parent=27732"}],"wp:term":[{"taxonomy":"category","embeddable":true,"href":"https:\/\/dorogimedence.hu\/index.php\/wp-json\/wp\/v2\/categories?post=27732"},{"taxonomy":"post_tag","embeddable":true,"href":"https:\/\/dorogimedence.hu\/index.php\/wp-json\/wp\/v2\/tags?post=27732"}],"curies":[{"name":"wp","href":"https:\/\/api.w.org\/{rel}","templated":true}]}}