{"id":27657,"date":"2020-09-30T11:39:37","date_gmt":"2020-09-30T09:39:37","guid":{"rendered":"http:\/\/dorogimedence.hu\/?p=27657"},"modified":"2020-09-30T11:39:56","modified_gmt":"2020-09-30T09:39:56","slug":"esztergomi-horgasz-az-orszagos-bajnoksag-elmezonyeben","status":"publish","type":"post","link":"https:\/\/dorogimedence.hu\/index.php\/2020\/09\/30\/esztergomi-horgasz-az-orszagos-bajnoksag-elmezonyeben\/","title":{"rendered":"Esztergomi horg\u00e1sz az orsz\u00e1gos bajnoks\u00e1g \u00e9lmez\u0151ny\u00e9ben"},"content":{"rendered":"<div class=\"item_introtext\">\n<p><strong>A h\u00e9tv\u00e9g\u00e9n rendezt\u00e9k a tiszak\u00e9cskei Holt-Tisza \u00e1gban az 57. Egy\u00e9ni Orsz\u00e1gos Horg\u00e1sz Bajnoks\u00e1g d\u00f6nt\u0151j\u00e9t, melyben \u00f6sszes\u00edt\u00e9sben negyedik helyet \u00e9rt el Cs\u00f6regi Bal\u00e1zs, az esztergomi Vasas Horg\u00e1szegyes\u00fclet versenyz\u0151je. Helyez\u00e9s\u00e9vel beker\u00fclt abba a keretbe, melyb\u0151l a j\u00f6v\u0151 \u00e9vi vil\u00e1g \u00e9s Eur\u00f3pa-bajnoks\u00e1g magyar csapat\u00e1t kiv\u00e1lasztja Sz\u00e9n\u00e1si B\u00e9la sz\u00f6vets\u00e9gi kapit\u00e1ny.<\/strong><\/p>\n<\/div>\n<div class=\"item_fulltext\">\n<p>\u201eA vil\u00e1g legkomolyabb versenye az 57. Egy\u00e9ni OB, hiszen jelen pillanatban haz\u00e1nk v\u00e1logatottja vezeti a FIPSed vil\u00e1granglist\u00e1j\u00e1t. A mez\u0151ny \u00e9s a p\u00e1lya is m\u00e9lt\u00f3 egy d\u00f6nt\u0151h\u00f6z, de ak\u00e1r egy vil\u00e1gbajnoks\u00e1ghoz is\u201d &#8211; mondta a megnyit\u00f3n Ambrus Tibor, a MOHOSZ OHSZK Horg\u00e1szsport Szaksz\u00f6vets\u00e9gi Iroda vezet\u0151je.<\/p>\n<p>A Tiszak\u00e9cskei Holt-Tisza \u00e1g 6,8 hekt\u00e1ros vize d\u00e9v\u00e9reket, k\u00e1r\u00e1szokat, pontyokat, balinokat rejt, legal\u00e1bbis ezekre lehet alapozni a horg\u00e1szatot. A limitet most sz\u0171kre szabta a versenybizotts\u00e1g, 12 liter etet\u0151anyagb\u00f3l \u00e9s 2 liter \u00e9l\u0151 csalib\u00f3l kellett gazd\u00e1lkodni.<\/p>\n<p>Cs\u00f6regi Bal\u00e1zs elmondta, n\u00e9gy napon \u00e1t n\u00e9gy \u00f3r\u00e1s szakaszokban folyt a verseny, a v\u00e1ltoz\u00e9kony id\u0151 pr\u00f3b\u00e1ra tette a horg\u00e1szokat, mivel viszonylag kev\u00e9s hal volt a v\u00edzben \u00e9s azok is nagyon finoman ettek.<\/p>\n<p>A legjobb eredm\u00e9nyeket pici \u00fasz\u00f3val, pici horoggal lehetett el\u00e9rni. Nagyon neh\u00e9z volt a halfog\u00e1s, a szeles id\u0151ben kontroll alatt tartani a szerel\u00e9ket embert pr\u00f3b\u00e1l\u00f3 feladat volt. A versenyen nagy szerepe volt annak is, kit milyen helyre sorsoltak. A bajnoks\u00e1gon megy\u00e9nkb\u0151l m\u00e9g ifj. Jerabek Antal vett r\u00e9szt a V\u00e9rtesaljai Horg\u00e1sz Egyes\u00fcletb\u0151l. Az orsz\u00e1gos bajnoks\u00e1gra els\u0151 fordul\u00f3ban mevezett t\u00f6bbsz\u00e1z indul\u00f3 k\u00f6z\u00fcl kem\u00e9ny munk\u00e1val, tisztes helyt\u00e1ll\u00e1ssal a \u00f6sszes\u00edtettben a 21. helyet szerezte meg.<\/p>\n<p><em>Forr\u00e1s: KEMHESZ<br \/>\nFot\u00f3: MOHOSZ<\/em><\/p>\n<\/div>\n","protected":false},"excerpt":{"rendered":"<p>A h\u00e9tv\u00e9g\u00e9n rendezt\u00e9k a tiszak\u00e9cskei Holt-Tisza \u00e1gban az 57. Egy\u00e9ni Orsz\u00e1gos Horg\u00e1sz Bajnoks\u00e1g d\u00f6nt\u0151j\u00e9t, melyben \u00f6sszes\u00edt\u00e9sben negyedik helyet \u00e9rt el Cs\u00f6regi Bal\u00e1zs, az esztergomi Vasas Horg\u00e1szegyes\u00fclet versenyz\u0151je. Helyez\u00e9s\u00e9vel beker\u00fclt abba a keretbe, melyb\u0151l a j\u00f6v\u0151 \u00e9vi vil\u00e1g \u00e9s Eur\u00f3pa-bajnoks\u00e1g magyar csapat\u00e1t kiv\u00e1lasztja Sz\u00e9n\u00e1si B\u00e9la sz\u00f6vets\u00e9gi kapit\u00e1ny. \u201eA vil\u00e1g legkomolyabb versenye az 57. Egy\u00e9ni OB, hiszen<\/p>\n","protected":false},"author":1,"featured_media":27658,"comment_status":"closed","ping_status":"closed","sticky":false,"template":"","format":"standard","meta":{"ngg_post_thumbnail":0,"footnotes":""},"categories":[38,3,5],"tags":[42,4825,598,792,16,3272],"class_list":{"0":"post-27657","1":"post","2":"type-post","3":"status-publish","4":"format-standard","5":"has-post-thumbnail","7":"category-esztergom","8":"category-hirek","9":"category-sport","10":"tag-esztergom","11":"tag-horgasz","12":"tag-horgaszat","13":"tag-horgaszverseny","14":"tag-sport","15":"tag-tiszakecske"},"yoast_head":"<!-- This site is optimized with the Yoast SEO plugin v27.4 - https:\/\/yoast.com\/product\/yoast-seo-wordpress\/ -->\n<title>Esztergomi horg\u00e1sz az orsz\u00e1gos bajnoks\u00e1g \u00e9lmez\u0151ny\u00e9ben<\/title>\n<meta name=\"robots\" content=\"index, follow, max-snippet:-1, max-image-preview:large, max-video-preview:-1\" \/>\n<link rel=\"canonical\" href=\"https:\/\/dorogimedence.hu\/index.php\/2020\/09\/30\/esztergomi-horgasz-az-orszagos-bajnoksag-elmezonyeben\/\" class=\"yoast-seo-meta-tag\" \/>\n<meta property=\"og:locale\" content=\"hu_HU\" class=\"yoast-seo-meta-tag\" \/>\n<meta property=\"og:type\" content=\"article\" class=\"yoast-seo-meta-tag\" \/>\n<meta property=\"og:title\" content=\"Esztergomi horg\u00e1sz az orsz\u00e1gos bajnoks\u00e1g \u00e9lmez\u0151ny\u00e9ben\" class=\"yoast-seo-meta-tag\" \/>\n<meta property=\"og:description\" content=\"A h\u00e9tv\u00e9g\u00e9n rendezt\u00e9k a tiszak\u00e9cskei Holt-Tisza \u00e1gban az 57. Egy\u00e9ni Orsz\u00e1gos Horg\u00e1sz Bajnoks\u00e1g d\u00f6nt\u0151j\u00e9t, melyben \u00f6sszes\u00edt\u00e9sben negyedik helyet \u00e9rt el Cs\u00f6regi Bal\u00e1zs, az esztergomi Vasas Horg\u00e1szegyes\u00fclet versenyz\u0151je. Helyez\u00e9s\u00e9vel beker\u00fclt abba a keretbe, melyb\u0151l a j\u00f6v\u0151 \u00e9vi vil\u00e1g \u00e9s Eur\u00f3pa-bajnoks\u00e1g magyar csapat\u00e1t kiv\u00e1lasztja Sz\u00e9n\u00e1si B\u00e9la sz\u00f6vets\u00e9gi kapit\u00e1ny. \u201eA vil\u00e1g legkomolyabb versenye az 57. Egy\u00e9ni OB, hiszen\" class=\"yoast-seo-meta-tag\" \/>\n<meta property=\"og:url\" content=\"https:\/\/dorogimedence.hu\/index.php\/2020\/09\/30\/esztergomi-horgasz-az-orszagos-bajnoksag-elmezonyeben\/\" class=\"yoast-seo-meta-tag\" \/>\n<meta property=\"og:site_name\" content=\"Dorogi-medence Region\u00e1lis H\u00edrport\u00e1l\" class=\"yoast-seo-meta-tag\" \/>\n<meta property=\"article:publisher\" content=\"https:\/\/www.facebook.com\/dorogimedence\/\" class=\"yoast-seo-meta-tag\" \/>\n<meta property=\"article:published_time\" content=\"2020-09-30T09:39:37+00:00\" class=\"yoast-seo-meta-tag\" \/>\n<meta property=\"article:modified_time\" content=\"2020-09-30T09:39:56+00:00\" class=\"yoast-seo-meta-tag\" \/>\n<meta property=\"og:image\" content=\"https:\/\/i0.wp.com\/dorogimedence.hu\/wp-content\/uploads\/2020\/09\/horgasz-01.jpg?fit=830%2C450&ssl=1\" class=\"yoast-seo-meta-tag\" \/>\n\t<meta property=\"og:image:width\" content=\"830\" class=\"yoast-seo-meta-tag\" \/>\n\t<meta property=\"og:image:height\" content=\"450\" class=\"yoast-seo-meta-tag\" \/>\n\t<meta property=\"og:image:type\" content=\"image\/jpeg\" class=\"yoast-seo-meta-tag\" \/>\n<meta name=\"author\" content=\"dorogimedence.hu\" class=\"yoast-seo-meta-tag\" \/>\n<meta name=\"twitter:card\" content=\"summary_large_image\" class=\"yoast-seo-meta-tag\" \/>\n<meta name=\"twitter:label1\" content=\"Szerz\u0151:\" class=\"yoast-seo-meta-tag\" \/>\n\t<meta name=\"twitter:data1\" content=\"dorogimedence.hu\" class=\"yoast-seo-meta-tag\" \/>\n\t<meta name=\"twitter:label2\" content=\"Becs\u00fclt olvas\u00e1si id\u0151\" class=\"yoast-seo-meta-tag\" \/>\n\t<meta name=\"twitter:data2\" content=\"2 perc\" class=\"yoast-seo-meta-tag\" \/>\n<script type=\"application\/ld+json\" class=\"yoast-schema-graph\">{\"@context\":\"https:\\\/\\\/schema.org\",\"@graph\":[{\"@type\":\"Article\",\"@id\":\"https:\\\/\\\/dorogimedence.hu\\\/index.php\\\/2020\\\/09\\\/30\\\/esztergomi-horgasz-az-orszagos-bajnoksag-elmezonyeben\\\/#article\",\"isPartOf\":{\"@id\":\"https:\\\/\\\/dorogimedence.hu\\\/index.php\\\/2020\\\/09\\\/30\\\/esztergomi-horgasz-az-orszagos-bajnoksag-elmezonyeben\\\/\"},\"author\":{\"name\":\"dorogimedence.hu\",\"@id\":\"https:\\\/\\\/dorogimedence.hu\\\/#\\\/schema\\\/person\\\/ce6091eeb7e95ecdc87890d6aa8e0fd4\"},\"headline\":\"Esztergomi horg\u00e1sz az orsz\u00e1gos bajnoks\u00e1g \u00e9lmez\u0151ny\u00e9ben\",\"datePublished\":\"2020-09-30T09:39:37+00:00\",\"dateModified\":\"2020-09-30T09:39:56+00:00\",\"mainEntityOfPage\":{\"@id\":\"https:\\\/\\\/dorogimedence.hu\\\/index.php\\\/2020\\\/09\\\/30\\\/esztergomi-horgasz-az-orszagos-bajnoksag-elmezonyeben\\\/\"},\"wordCount\":349,\"publisher\":{\"@id\":\"https:\\\/\\\/dorogimedence.hu\\\/#organization\"},\"image\":{\"@id\":\"https:\\\/\\\/dorogimedence.hu\\\/index.php\\\/2020\\\/09\\\/30\\\/esztergomi-horgasz-az-orszagos-bajnoksag-elmezonyeben\\\/#primaryimage\"},\"thumbnailUrl\":\"https:\\\/\\\/dorogimedence.hu\\\/wp-content\\\/uploads\\\/2020\\\/09\\\/horgasz-01.jpg\",\"keywords\":[\"esztergom\",\"horg\u00e1sz\",\"horg\u00e1szat\",\"horg\u00e1szverseny\",\"sport\",\"Tiszak\u00e9cske\"],\"articleSection\":[\"Esztergom\",\"H\u00edrek\",\"Sport\"],\"inLanguage\":\"hu\"},{\"@type\":\"WebPage\",\"@id\":\"https:\\\/\\\/dorogimedence.hu\\\/index.php\\\/2020\\\/09\\\/30\\\/esztergomi-horgasz-az-orszagos-bajnoksag-elmezonyeben\\\/\",\"url\":\"https:\\\/\\\/dorogimedence.hu\\\/index.php\\\/2020\\\/09\\\/30\\\/esztergomi-horgasz-az-orszagos-bajnoksag-elmezonyeben\\\/\",\"name\":\"Esztergomi horg\u00e1sz az orsz\u00e1gos bajnoks\u00e1g \u00e9lmez\u0151ny\u00e9ben\",\"isPartOf\":{\"@id\":\"https:\\\/\\\/dorogimedence.hu\\\/#website\"},\"primaryImageOfPage\":{\"@id\":\"https:\\\/\\\/dorogimedence.hu\\\/index.php\\\/2020\\\/09\\\/30\\\/esztergomi-horgasz-az-orszagos-bajnoksag-elmezonyeben\\\/#primaryimage\"},\"image\":{\"@id\":\"https:\\\/\\\/dorogimedence.hu\\\/index.php\\\/2020\\\/09\\\/30\\\/esztergomi-horgasz-az-orszagos-bajnoksag-elmezonyeben\\\/#primaryimage\"},\"thumbnailUrl\":\"https:\\\/\\\/dorogimedence.hu\\\/wp-content\\\/uploads\\\/2020\\\/09\\\/horgasz-01.jpg\",\"datePublished\":\"2020-09-30T09:39:37+00:00\",\"dateModified\":\"2020-09-30T09:39:56+00:00\",\"breadcrumb\":{\"@id\":\"https:\\\/\\\/dorogimedence.hu\\\/index.php\\\/2020\\\/09\\\/30\\\/esztergomi-horgasz-az-orszagos-bajnoksag-elmezonyeben\\\/#breadcrumb\"},\"inLanguage\":\"hu\",\"potentialAction\":[{\"@type\":\"ReadAction\",\"target\":[\"https:\\\/\\\/dorogimedence.hu\\\/index.php\\\/2020\\\/09\\\/30\\\/esztergomi-horgasz-az-orszagos-bajnoksag-elmezonyeben\\\/\"]}]},{\"@type\":\"ImageObject\",\"inLanguage\":\"hu\",\"@id\":\"https:\\\/\\\/dorogimedence.hu\\\/index.php\\\/2020\\\/09\\\/30\\\/esztergomi-horgasz-az-orszagos-bajnoksag-elmezonyeben\\\/#primaryimage\",\"url\":\"https:\\\/\\\/dorogimedence.hu\\\/wp-content\\\/uploads\\\/2020\\\/09\\\/horgasz-01.jpg\",\"contentUrl\":\"https:\\\/\\\/dorogimedence.hu\\\/wp-content\\\/uploads\\\/2020\\\/09\\\/horgasz-01.jpg\",\"width\":830,\"height\":450},{\"@type\":\"BreadcrumbList\",\"@id\":\"https:\\\/\\\/dorogimedence.hu\\\/index.php\\\/2020\\\/09\\\/30\\\/esztergomi-horgasz-az-orszagos-bajnoksag-elmezonyeben\\\/#breadcrumb\",\"itemListElement\":[{\"@type\":\"ListItem\",\"position\":1,\"name\":\"Kezd\u0151lap\",\"item\":\"https:\\\/\\\/dorogimedence.hu\\\/\"},{\"@type\":\"ListItem\",\"position\":2,\"name\":\"Esztergomi horg\u00e1sz az orsz\u00e1gos bajnoks\u00e1g \u00e9lmez\u0151ny\u00e9ben\"}]},{\"@type\":\"WebSite\",\"@id\":\"https:\\\/\\\/dorogimedence.hu\\\/#website\",\"url\":\"https:\\\/\\\/dorogimedence.hu\\\/\",\"name\":\"Dorogi-medence Region\u00e1lis H\u00edrport\u00e1l\",\"description\":\"Dorog, Keszt\u00f6lc, Le\u00e1nyv\u00e1r, Piliscs\u00e9v, Tokod, Tokodalt\u00e1r\u00f3, Csolnok, Esztergom-kertv\u00e1ros: h\u00edrek, programok\",\"publisher\":{\"@id\":\"https:\\\/\\\/dorogimedence.hu\\\/#organization\"},\"potentialAction\":[{\"@type\":\"SearchAction\",\"target\":{\"@type\":\"EntryPoint\",\"urlTemplate\":\"https:\\\/\\\/dorogimedence.hu\\\/?s={search_term_string}\"},\"query-input\":{\"@type\":\"PropertyValueSpecification\",\"valueRequired\":true,\"valueName\":\"search_term_string\"}}],\"inLanguage\":\"hu\"},{\"@type\":\"Organization\",\"@id\":\"https:\\\/\\\/dorogimedence.hu\\\/#organization\",\"name\":\"Dorogi-medence Region\u00e1lis H\u00edrport\u00e1l\",\"url\":\"https:\\\/\\\/dorogimedence.hu\\\/\",\"logo\":{\"@type\":\"ImageObject\",\"inLanguage\":\"hu\",\"@id\":\"https:\\\/\\\/dorogimedence.hu\\\/#\\\/schema\\\/logo\\\/image\\\/\",\"url\":\"https:\\\/\\\/dorogimedence.hu\\\/wp-content\\\/uploads\\\/2021\\\/04\\\/logo-feher-600.png\",\"contentUrl\":\"https:\\\/\\\/dorogimedence.hu\\\/wp-content\\\/uploads\\\/2021\\\/04\\\/logo-feher-600.png\",\"width\":600,\"height\":100,\"caption\":\"Dorogi-medence Region\u00e1lis H\u00edrport\u00e1l\"},\"image\":{\"@id\":\"https:\\\/\\\/dorogimedence.hu\\\/#\\\/schema\\\/logo\\\/image\\\/\"},\"sameAs\":[\"https:\\\/\\\/www.facebook.com\\\/dorogimedence\\\/\"]},{\"@type\":\"Person\",\"@id\":\"https:\\\/\\\/dorogimedence.hu\\\/#\\\/schema\\\/person\\\/ce6091eeb7e95ecdc87890d6aa8e0fd4\",\"name\":\"dorogimedence.hu\",\"image\":{\"@type\":\"ImageObject\",\"inLanguage\":\"hu\",\"@id\":\"\\\/\\\/www.gravatar.com\\\/avatar\\\/d8d45f8901aadff40a4af72c0b826f1d?s=96&#038;r=g&#038;d=mm\",\"url\":\"\\\/\\\/www.gravatar.com\\\/avatar\\\/d8d45f8901aadff40a4af72c0b826f1d?s=96&#038;r=g&#038;d=mm\",\"contentUrl\":\"\\\/\\\/www.gravatar.com\\\/avatar\\\/d8d45f8901aadff40a4af72c0b826f1d?s=96&#038;r=g&#038;d=mm\",\"caption\":\"dorogimedence.hu\"}}]}<\/script>\n<!-- \/ Yoast SEO plugin. -->","yoast_head_json":{"title":"Esztergomi horg\u00e1sz az orsz\u00e1gos bajnoks\u00e1g \u00e9lmez\u0151ny\u00e9ben","robots":{"index":"index","follow":"follow","max-snippet":"max-snippet:-1","max-image-preview":"max-image-preview:large","max-video-preview":"max-video-preview:-1"},"canonical":"https:\/\/dorogimedence.hu\/index.php\/2020\/09\/30\/esztergomi-horgasz-az-orszagos-bajnoksag-elmezonyeben\/","og_locale":"hu_HU","og_type":"article","og_title":"Esztergomi horg\u00e1sz az orsz\u00e1gos bajnoks\u00e1g \u00e9lmez\u0151ny\u00e9ben","og_description":"A h\u00e9tv\u00e9g\u00e9n rendezt\u00e9k a tiszak\u00e9cskei Holt-Tisza \u00e1gban az 57. Egy\u00e9ni Orsz\u00e1gos Horg\u00e1sz Bajnoks\u00e1g d\u00f6nt\u0151j\u00e9t, melyben \u00f6sszes\u00edt\u00e9sben negyedik helyet \u00e9rt el Cs\u00f6regi Bal\u00e1zs, az esztergomi Vasas Horg\u00e1szegyes\u00fclet versenyz\u0151je. Helyez\u00e9s\u00e9vel beker\u00fclt abba a keretbe, melyb\u0151l a j\u00f6v\u0151 \u00e9vi vil\u00e1g \u00e9s Eur\u00f3pa-bajnoks\u00e1g magyar csapat\u00e1t kiv\u00e1lasztja Sz\u00e9n\u00e1si B\u00e9la sz\u00f6vets\u00e9gi kapit\u00e1ny. \u201eA vil\u00e1g legkomolyabb versenye az 57. Egy\u00e9ni OB, hiszen","og_url":"https:\/\/dorogimedence.hu\/index.php\/2020\/09\/30\/esztergomi-horgasz-az-orszagos-bajnoksag-elmezonyeben\/","og_site_name":"Dorogi-medence Region\u00e1lis H\u00edrport\u00e1l","article_publisher":"https:\/\/www.facebook.com\/dorogimedence\/","article_published_time":"2020-09-30T09:39:37+00:00","article_modified_time":"2020-09-30T09:39:56+00:00","og_image":[{"width":830,"height":450,"url":"https:\/\/i0.wp.com\/dorogimedence.hu\/wp-content\/uploads\/2020\/09\/horgasz-01.jpg?fit=830%2C450&ssl=1","type":"image\/jpeg"}],"author":"dorogimedence.hu","twitter_card":"summary_large_image","twitter_misc":{"Szerz\u0151:":"dorogimedence.hu","Becs\u00fclt olvas\u00e1si id\u0151":"2 perc"},"schema":{"@context":"https:\/\/schema.org","@graph":[{"@type":"Article","@id":"https:\/\/dorogimedence.hu\/index.php\/2020\/09\/30\/esztergomi-horgasz-az-orszagos-bajnoksag-elmezonyeben\/#article","isPartOf":{"@id":"https:\/\/dorogimedence.hu\/index.php\/2020\/09\/30\/esztergomi-horgasz-az-orszagos-bajnoksag-elmezonyeben\/"},"author":{"name":"dorogimedence.hu","@id":"https:\/\/dorogimedence.hu\/#\/schema\/person\/ce6091eeb7e95ecdc87890d6aa8e0fd4"},"headline":"Esztergomi horg\u00e1sz az orsz\u00e1gos bajnoks\u00e1g \u00e9lmez\u0151ny\u00e9ben","datePublished":"2020-09-30T09:39:37+00:00","dateModified":"2020-09-30T09:39:56+00:00","mainEntityOfPage":{"@id":"https:\/\/dorogimedence.hu\/index.php\/2020\/09\/30\/esztergomi-horgasz-az-orszagos-bajnoksag-elmezonyeben\/"},"wordCount":349,"publisher":{"@id":"https:\/\/dorogimedence.hu\/#organization"},"image":{"@id":"https:\/\/dorogimedence.hu\/index.php\/2020\/09\/30\/esztergomi-horgasz-az-orszagos-bajnoksag-elmezonyeben\/#primaryimage"},"thumbnailUrl":"https:\/\/dorogimedence.hu\/wp-content\/uploads\/2020\/09\/horgasz-01.jpg","keywords":["esztergom","horg\u00e1sz","horg\u00e1szat","horg\u00e1szverseny","sport","Tiszak\u00e9cske"],"articleSection":["Esztergom","H\u00edrek","Sport"],"inLanguage":"hu"},{"@type":"WebPage","@id":"https:\/\/dorogimedence.hu\/index.php\/2020\/09\/30\/esztergomi-horgasz-az-orszagos-bajnoksag-elmezonyeben\/","url":"https:\/\/dorogimedence.hu\/index.php\/2020\/09\/30\/esztergomi-horgasz-az-orszagos-bajnoksag-elmezonyeben\/","name":"Esztergomi horg\u00e1sz az orsz\u00e1gos bajnoks\u00e1g \u00e9lmez\u0151ny\u00e9ben","isPartOf":{"@id":"https:\/\/dorogimedence.hu\/#website"},"primaryImageOfPage":{"@id":"https:\/\/dorogimedence.hu\/index.php\/2020\/09\/30\/esztergomi-horgasz-az-orszagos-bajnoksag-elmezonyeben\/#primaryimage"},"image":{"@id":"https:\/\/dorogimedence.hu\/index.php\/2020\/09\/30\/esztergomi-horgasz-az-orszagos-bajnoksag-elmezonyeben\/#primaryimage"},"thumbnailUrl":"https:\/\/dorogimedence.hu\/wp-content\/uploads\/2020\/09\/horgasz-01.jpg","datePublished":"2020-09-30T09:39:37+00:00","dateModified":"2020-09-30T09:39:56+00:00","breadcrumb":{"@id":"https:\/\/dorogimedence.hu\/index.php\/2020\/09\/30\/esztergomi-horgasz-az-orszagos-bajnoksag-elmezonyeben\/#breadcrumb"},"inLanguage":"hu","potentialAction":[{"@type":"ReadAction","target":["https:\/\/dorogimedence.hu\/index.php\/2020\/09\/30\/esztergomi-horgasz-az-orszagos-bajnoksag-elmezonyeben\/"]}]},{"@type":"ImageObject","inLanguage":"hu","@id":"https:\/\/dorogimedence.hu\/index.php\/2020\/09\/30\/esztergomi-horgasz-az-orszagos-bajnoksag-elmezonyeben\/#primaryimage","url":"https:\/\/dorogimedence.hu\/wp-content\/uploads\/2020\/09\/horgasz-01.jpg","contentUrl":"https:\/\/dorogimedence.hu\/wp-content\/uploads\/2020\/09\/horgasz-01.jpg","width":830,"height":450},{"@type":"BreadcrumbList","@id":"https:\/\/dorogimedence.hu\/index.php\/2020\/09\/30\/esztergomi-horgasz-az-orszagos-bajnoksag-elmezonyeben\/#breadcrumb","itemListElement":[{"@type":"ListItem","position":1,"name":"Kezd\u0151lap","item":"https:\/\/dorogimedence.hu\/"},{"@type":"ListItem","position":2,"name":"Esztergomi horg\u00e1sz az orsz\u00e1gos bajnoks\u00e1g \u00e9lmez\u0151ny\u00e9ben"}]},{"@type":"WebSite","@id":"https:\/\/dorogimedence.hu\/#website","url":"https:\/\/dorogimedence.hu\/","name":"Dorogi-medence Region\u00e1lis H\u00edrport\u00e1l","description":"Dorog, Keszt\u00f6lc, Le\u00e1nyv\u00e1r, Piliscs\u00e9v, Tokod, Tokodalt\u00e1r\u00f3, Csolnok, Esztergom-kertv\u00e1ros: h\u00edrek, programok","publisher":{"@id":"https:\/\/dorogimedence.hu\/#organization"},"potentialAction":[{"@type":"SearchAction","target":{"@type":"EntryPoint","urlTemplate":"https:\/\/dorogimedence.hu\/?s={search_term_string}"},"query-input":{"@type":"PropertyValueSpecification","valueRequired":true,"valueName":"search_term_string"}}],"inLanguage":"hu"},{"@type":"Organization","@id":"https:\/\/dorogimedence.hu\/#organization","name":"Dorogi-medence Region\u00e1lis H\u00edrport\u00e1l","url":"https:\/\/dorogimedence.hu\/","logo":{"@type":"ImageObject","inLanguage":"hu","@id":"https:\/\/dorogimedence.hu\/#\/schema\/logo\/image\/","url":"https:\/\/dorogimedence.hu\/wp-content\/uploads\/2021\/04\/logo-feher-600.png","contentUrl":"https:\/\/dorogimedence.hu\/wp-content\/uploads\/2021\/04\/logo-feher-600.png","width":600,"height":100,"caption":"Dorogi-medence Region\u00e1lis H\u00edrport\u00e1l"},"image":{"@id":"https:\/\/dorogimedence.hu\/#\/schema\/logo\/image\/"},"sameAs":["https:\/\/www.facebook.com\/dorogimedence\/"]},{"@type":"Person","@id":"https:\/\/dorogimedence.hu\/#\/schema\/person\/ce6091eeb7e95ecdc87890d6aa8e0fd4","name":"dorogimedence.hu","image":{"@type":"ImageObject","inLanguage":"hu","@id":"\/\/www.gravatar.com\/avatar\/d8d45f8901aadff40a4af72c0b826f1d?s=96&#038;r=g&#038;d=mm","url":"\/\/www.gravatar.com\/avatar\/d8d45f8901aadff40a4af72c0b826f1d?s=96&#038;r=g&#038;d=mm","contentUrl":"\/\/www.gravatar.com\/avatar\/d8d45f8901aadff40a4af72c0b826f1d?s=96&#038;r=g&#038;d=mm","caption":"dorogimedence.hu"}}]}},"_links":{"self":[{"href":"https:\/\/dorogimedence.hu\/index.php\/wp-json\/wp\/v2\/posts\/27657","targetHints":{"allow":["GET"]}}],"collection":[{"href":"https:\/\/dorogimedence.hu\/index.php\/wp-json\/wp\/v2\/posts"}],"about":[{"href":"https:\/\/dorogimedence.hu\/index.php\/wp-json\/wp\/v2\/types\/post"}],"author":[{"embeddable":true,"href":"https:\/\/dorogimedence.hu\/index.php\/wp-json\/wp\/v2\/users\/1"}],"replies":[{"embeddable":true,"href":"https:\/\/dorogimedence.hu\/index.php\/wp-json\/wp\/v2\/comments?post=27657"}],"version-history":[{"count":0,"href":"https:\/\/dorogimedence.hu\/index.php\/wp-json\/wp\/v2\/posts\/27657\/revisions"}],"wp:featuredmedia":[{"embeddable":true,"href":"https:\/\/dorogimedence.hu\/index.php\/wp-json\/wp\/v2\/media\/27658"}],"wp:attachment":[{"href":"https:\/\/dorogimedence.hu\/index.php\/wp-json\/wp\/v2\/media?parent=27657"}],"wp:term":[{"taxonomy":"category","embeddable":true,"href":"https:\/\/dorogimedence.hu\/index.php\/wp-json\/wp\/v2\/categories?post=27657"},{"taxonomy":"post_tag","embeddable":true,"href":"https:\/\/dorogimedence.hu\/index.php\/wp-json\/wp\/v2\/tags?post=27657"}],"curies":[{"name":"wp","href":"https:\/\/api.w.org\/{rel}","templated":true}]}}