{"id":27638,"date":"2020-09-29T18:49:19","date_gmt":"2020-09-29T16:49:19","guid":{"rendered":"http:\/\/dorogimedence.hu\/?p=27638"},"modified":"2020-09-29T18:49:19","modified_gmt":"2020-09-29T16:49:19","slug":"elfeledett-banyaaknak-nyomaban-elindult-a-banyaszkor","status":"publish","type":"post","link":"https:\/\/dorogimedence.hu\/index.php\/2020\/09\/29\/elfeledett-banyaaknak-nyomaban-elindult-a-banyaszkor\/","title":{"rendered":"Elfeledett b\u00e1nyaakn\u00e1k nyom\u00e1ban: elindult a \u201eB\u00e1ny\u00e1szk\u00f6r\u201d"},"content":{"rendered":"<p><strong>Lieber Tam\u00e1s bemutatja az \u00fajonnan alakult dorogi B\u00e1ny\u00e1szk\u00f6rt.<\/strong><\/p>\n<p>F\u00e9l \u00e9ve keresett meg Harty\u00e1n Csabi bar\u00e1tom azzal az \u00f6tlet\u00e9vel, hogy l\u00e9tre k\u00edv\u00e1n hozni egy a Dorogi-medence b\u00e1ny\u00e1szat\u00e1hoz kapcsol\u00f3d\u00f3 tematikus, \u00fagynevezett \u201einstant\u201d t\u00fara\u00fatvonalat, \u00e9s szeretn\u00e9, ha ehhez egyes\u00fclet\u00fcnk (Benedek Endre Barlangkutat\u00f3 \u00e9s Term\u00e9szetv\u00e9delmi Egyes\u00fclet &#8211; BEBTE) szervezeti h\u00e1tteret adna. Nem sokat gondolkodtunk a felvet\u00e9sen, hiszen nemcsak az \u00f6tlet volt j\u00f3 \u00e9s \u00fajszer\u0171, hanem az eg\u00e9sz kezdem\u00e9nyez\u00e9s \u00fczenete, c\u00e9lja is nemes.<\/p>\n<p><strong>Term\u00e9szetj\u00e1r\u00e1s kicsit m\u00e1sk\u00e9pp<\/strong><\/p>\n<p>A B\u00e1ny\u00e1szk\u00f6r val\u00f3j\u00e1ban term\u00e9szetj\u00e1r\u00f3 \u00e9s term\u00e9szetv\u00e9d\u0151 k\u00f6nt\u00f6sbe b\u00fajtatott helyt\u00f6rt\u00e9neti barangol\u00e1st jelent t\u00e9rs\u00e9g\u00fcnkben, a Dorogi-medenc\u00e9ben \u00e9s annak k\u00f6rnyezet\u00e9ben.<\/p>\n<p style=\"text-align: center;\"><img fetchpriority=\"high\" decoding=\"async\" class=\"alignnone size-full wp-image-27640\" src=\"https:\/\/dorogimedence.hu\/wp-content\/uploads\/2020\/09\/banyaszkor-02.jpg\" alt=\"\" width=\"830\" height=\"588\" srcset=\"https:\/\/dorogimedence.hu\/wp-content\/uploads\/2020\/09\/banyaszkor-02.jpg 830w, https:\/\/dorogimedence.hu\/wp-content\/uploads\/2020\/09\/banyaszkor-02-300x213.jpg 300w, https:\/\/dorogimedence.hu\/wp-content\/uploads\/2020\/09\/banyaszkor-02-768x544.jpg 768w\" sizes=\"(max-width: 830px) 100vw, 830px\" \/><em>K\u00f3dleolvas\u00e1s a Henrik-hegyen, h\u00e1tt\u00e9rben a Dorogi-medence panor\u00e1m\u00e1ja<\/em><\/p>\n<p>Hogy mi\u00e9rt fontos ez? Azok, akik az 1970-80-as \u00e9vekben sz\u00fclettek, m\u00e9g szem\u00e9lyes \u00e9lm\u00e9nyeket szerezhettek arr\u00f3l, hogy mennyire \u00e1tsz\u0151tte az itteniek \u00e9let\u00e9t a sz\u00e9nb\u00e1ny\u00e1szat. El\u00e9g, ha csak az iskolai \u201ej\u00f3 szerencs\u00e9t\u201d k\u00f6sz\u00f6n\u00e9sre gondolunk. Iparunkat \u00e9s persze telep\u00fcl\u00e9seink arculat\u00e1t is a b\u00e1ny\u00e1szat form\u00e1lta olyann\u00e1, amilyennek megismert\u00fck. M\u00e9g l\u00e1thattunk csill\u00e9ket tologat\u00f3 b\u00e1ny\u00e1szokat, m\u0171k\u00f6d\u0151 aknatornyokat, sz\u00e9nport, illetve brikettet sz\u00e1ll\u00edt\u00f3 teheraut\u00f3kat. L\u00e1thattuk a m\u0171k\u00f6d\u0151 homokvasutat, a Palatinus-t\u00f3 partj\u00e1ra termelt, elsz\u00e1ll\u00edt\u00e1sra v\u00e1r\u00f3 homokdombokat. Mindez, amit mi kisgyerekk\u00e9nt meg\u00e9lt\u00fcnk, a b\u00e1ny\u00e1szat adta sz\u00e1munkra.<\/p>\n<p>Mai \u00e9sszel m\u00e1r j\u00f3l tudjuk, hogy ez az ipar nem volt v\u00e9gtelens\u00e9gig fenntarthat\u00f3, sem k\u00f6rnyezetbar\u00e1t (t\u00e1jsebek, sz\u00e9nporos utak, f\u00fcst\u00f6lg\u0151 k\u00e9m\u00e9nyek stb.) m\u00e9gis m\u00faltunk \u00e9s \u00edgy kult\u00far\u00e1nk szerves r\u00e9sz\u00e9v\u00e9 v\u00e1lt, amire m\u00e9g nagyon sok\u00e1ig eml\u00e9kezn\u00fcnk kell.<\/p>\n<p>Eml\u00e9kezn\u00fcnk kell a b\u00e1ny\u00e1szok trag\u00e9di\u00e1kt\u00f3l sem mentes \u00e1ldozatos munk\u00e1j\u00e1ra, amelynek k\u00f6sz\u00f6nhet\u0151en t\u00e9rs\u00e9g\u00fcnk fejl\u0151dhetett, gyarapodhatott, \u00e9s ami n\u00e9lk\u00fcl minden bizonnyal sokkal h\u00e1tr\u00e9bb tartan\u00e1nk.<\/p>\n<p>A mai fiatalok, tizen-, huszon\u00e9vesek m\u00e1r csak sz\u00fcleik, nagysz\u00fcleik elbesz\u00e9l\u00e9seib\u0151l ismerhetik meg, hogy mit is jelentett sz\u00e1mukra a b\u00e1ny\u00e1sz m\u00falt. Mert, az szinte biztos, hogy itt mindenki rendelkezik ilyen felmen\u0151vel.<\/p>\n<p style=\"text-align: center;\"><img decoding=\"async\" class=\"alignnone size-full wp-image-27641\" src=\"https:\/\/dorogimedence.hu\/wp-content\/uploads\/2020\/09\/banyaszkor-03.jpg\" alt=\"\" width=\"830\" height=\"623\" srcset=\"https:\/\/dorogimedence.hu\/wp-content\/uploads\/2020\/09\/banyaszkor-03.jpg 830w, https:\/\/dorogimedence.hu\/wp-content\/uploads\/2020\/09\/banyaszkor-03-300x225.jpg 300w, https:\/\/dorogimedence.hu\/wp-content\/uploads\/2020\/09\/banyaszkor-03-768x576.jpg 768w\" sizes=\"(max-width: 830px) 100vw, 830px\" \/><em>Csolnok hat\u00e1r\u00e1ban<\/em><\/p>\n<p>A mai gyerekek m\u00e1r csak elbesz\u00e9l\u00e9sb\u0151l ismerik, hogy sok-sok kilom\u00e9ternyi t\u00f6bbnyire egym\u00e1ssal \u00f6sszef\u00fcgg\u0151 b\u00e1nyaalag\u00fat-rendszer sz\u00f6vi \u00e1t Dorogot \u00e9s a k\u00f6rnyez\u0151 telep\u00fcl\u00e9seket, amelyekhez sz\u00e1mos akna, t\u00e1rna, illetve ehhez kapcsol\u00f3d\u00f3 felsz\u00edni b\u00e1nya\u00fczem tartozott. J\u00f3llehet az \u00fczemeket napjainkra teljesen felsz\u00e1molt\u00e1k, megsz\u0171ntett\u00e9k, vagy m\u00e1s funkci\u00f3t kaptak, mindenesetre ezek eredeti rendeltet\u00e9se ma m\u00e1r legink\u00e1bb csak az egykori bennfentesek sz\u00e1m\u00e1ra ismert. Az akn\u00e1kat jelz\u0151 jellegzetes aknatornyokat is leszerelt\u00e9k (csak a dorogi K\u00e1lv\u00e1ria-hegyen maradt egy mutat\u00f3ba, az eredeti rendeltet\u00e9si hely\u00e9t\u0151l kiss\u00e9 t\u00e1volabb), hely\u00fcket ma m\u00e1r csak betonlapra emelt, jelent\u00e9ktelennek t\u0171n\u0151 eml\u00e9km\u0171vek jelzik.<\/p>\n<p>Ahogy ezeket az egyre kev\u00e9sb\u00e9 l\u00e1togatott eml\u00e9khelyeket a legt\u00f6bb helyen ben\u0151tte a n\u00f6v\u00e9nyzet, \u00fagy v\u00e1ltak egyre ink\u00e1bb megk\u00f6zel\u00edthetetlenn\u00e9, s ennek ok\u00e1n \u00e9rtelemszer\u0171en sajnos feled\u00e9sbe mer\u00fcltek. Szerencs\u00e9re volt, aki gondolt egy mer\u00e9szet \u00e9s egy felfut\u00f3ban l\u00e9v\u0151 hazai t\u00faramozgalom (instant t\u00far\u00e1k) adapt\u00e1l\u00e1s\u00e1nak \u00f6tlete fogant meg a fej\u00e9ben.<\/p>\n<p>Csabi orsz\u00e1gos K\u00e9kt\u00far\u00e1n szerzett tapasztalata, helyismerete, a csavarg\u00e1sok sor\u00e1n edz\u0151d\u00f6tt lelkesed\u00e9se, kitart\u00e1sa alig p\u00e1r h\u00f3nap alatt tet\u0151 al\u00e1 hozta a projektet, ami tulajdonk\u00e9ppen a b\u00e1ny\u00e1szati eml\u00e9khelyek felkeres\u00e9s\u00e9re helyezi a hangs\u00falyt. Mindezt a term\u00e9szetj\u00e1r\u00e1s eszk\u00f6zeivel teszi, annak kult\u00far\u00e1j\u00e1val, de a teljes\u00edtm\u00e9nyt\u00far\u00e1z\u00e1s elsz\u00e1nts\u00e1g\u00e1val v\u00e9rtezi fel, amelyhez pedig a XXI. sz\u00e1zadi informatikai \u00e9s t\u00e1vk\u00f6zl\u00e9si technika ad modern h\u00e1tteret.<\/p>\n<p style=\"text-align: center;\"><img decoding=\"async\" class=\"alignnone size-large wp-image-27642\" src=\"https:\/\/dorogimedence.hu\/wp-content\/uploads\/2020\/09\/banyaszkor-04-768x1024.jpg\" alt=\"\" width=\"665\" height=\"887\" srcset=\"https:\/\/dorogimedence.hu\/wp-content\/uploads\/2020\/09\/banyaszkor-04-768x1024.jpg 768w, https:\/\/dorogimedence.hu\/wp-content\/uploads\/2020\/09\/banyaszkor-04-225x300.jpg 225w, https:\/\/dorogimedence.hu\/wp-content\/uploads\/2020\/09\/banyaszkor-04.jpg 830w\" sizes=\"(max-width: 665px) 100vw, 665px\" \/><em>A kev\u00e9s \u00fatjelz\u0151k egyike<\/em><\/p>\n<p>Az egy\u00e9bk\u00e9nt is bonyolult sokszerepl\u0151s szervez\u00e9si, egyeztet\u00e9si munk\u00e1kra az idei v\u00edrushelyzet is r\u00e1nyomta a b\u00e9lyeg\u00e9t, de ez m\u00e9g ink\u00e1bb ac\u00e9loss\u00e1 tette azt az elsz\u00e1nts\u00e1got, amit r\u00f6vid id\u0151n bel\u00fcli gyakorlati megval\u00f3s\u00edt\u00e1s k\u00f6vetett.<\/p>\n<p>V\u00e9g\u00fcl is szeptember 6-\u00e1n \u00e9lesedett az a rendszer, amelynek alapj\u00e1t a 32 kilom\u00e9teres Hantken Miksa-, valamint az 55 kilom\u00e9teres Schmidt S\u00e1ndor-k\u00f6r adja (jelenleg ezek az \u00fagynevezett \u00e9remszerz\u0151 \u00fatvonalak, n\u00e9vad\u00f3ik a t\u00e9rs\u00e9g sz\u00e9nb\u00e1ny\u00e1szat\u00e1hoz k\u00f6thet\u0151 neves szem\u00e9lyek), de enn\u00e9l r\u00f6videbb, adott telep\u00fcl\u00e9sekhez k\u00f6thet\u0151 \u00fatvonalak is v\u00e1laszthat\u00f3k.<\/p>\n<p><img loading=\"lazy\" decoding=\"async\" class=\"alignnone size-full wp-image-27643\" src=\"https:\/\/dorogimedence.hu\/wp-content\/uploads\/2020\/09\/banyaszkor-05.jpg\" alt=\"\" width=\"830\" height=\"623\" srcset=\"https:\/\/dorogimedence.hu\/wp-content\/uploads\/2020\/09\/banyaszkor-05.jpg 830w, https:\/\/dorogimedence.hu\/wp-content\/uploads\/2020\/09\/banyaszkor-05-300x225.jpg 300w, https:\/\/dorogimedence.hu\/wp-content\/uploads\/2020\/09\/banyaszkor-05-768x576.jpg 768w\" sizes=\"(max-width: 830px) 100vw, 830px\" \/><em>Eml\u00e9km\u0171 Mikl\u00f3s-berekben<\/em><\/p>\n<p><strong>Nem baj, ha t\u00far\u00e1z\u00e1s k\u00f6zben mobilozol, s\u0151t\u2026<\/strong><\/p>\n<p>Maga az instant t\u00fara\u00fatvonal ism\u00e9rve, hogy nem tartalmaz k\u00fcl\u00f6n jel\u00f6l\u00e9seket (legfeljebb egy-egy \u00fatbaigaz\u00edt\u00f3 t\u00e1bl\u00e1t), azokat megl\u00e9v\u0151 jelz\u00e9seken (pl. orsz\u00e1gos k\u00e9k), vagy telep\u00fcl\u00e9sek bels\u0151 \u00fatvonal\u00e1n, erd\u00e9szeti, vagy mez\u0151gazdas\u00e1gi utakon vezetik. V\u00e9gigj\u00e1rni mobilapplik\u00e1ci\u00f3 seg\u00edts\u00e9g\u00e9vel lehet. Az ellen\u0151rz\u0151 pontokat QR-k\u00f3dok jel\u00f6lik, amit b\u00e1rmelyik \u201eokostelefonnal\u201d be lehet (\u00e9s kell) olvasni, valamint a t\u00fara regisztr\u00e1ci\u00f3jakor kapott szem\u00e9lyi azonos\u00edt\u00f3 k\u00f3ddal \u00e9rv\u00e9nyes\u00edteni. A pontokon t\u00f6rt\u00e9n\u0151 bejelentkez\u00e9seket egy erre a c\u00e9lra l\u00e9trehozott internetes fel\u00fclet figyeli, k\u00f6veti, rangsorolja, mik\u00f6zben b\u0151s\u00e9gesen ell\u00e1t az adott helyre vonatkoz\u00f3 helyt\u00f6rt\u00e9neti inform\u00e1ci\u00f3kkal. A t\u00far\u00e1t megtehetj\u00fck futva, gyalogolva \u00e9s ker\u00e9kp\u00e1rral, ez ut\u00f3bbi k\u00e9t m\u00f3don v\u00e1laszthatjuk a kir\u00e1ndul\u00f3s \u00e9s teljes\u00edtm\u00e9nyt\u00fara opci\u00f3t. A fut\u00f3s, valamint a teljes\u00edtm\u00e9nyt\u00far\u00e1z\u00f3s v\u00e1ltozatn\u00e1l megadott szintid\u0151ket kell teljes\u00edteni (az informatikai h\u00e1tt\u00e9r ezt is figyeli), m\u00edg a kir\u00e1ndul\u00f3s v\u00e1ltozatn\u00e1l nincs szintid\u0151, az egyes pontos teljes\u00edt\u00e9se felapr\u00f3zhat\u00f3, ak\u00e1r hetekig is elh\u00fazhat\u00f3. A t\u00fara kiindul\u00f3pontja a Reimann Miniverzum (itt van az els\u0151 \u00e1llom\u00e1s, m\u00edg a v\u00e9g\u00e1llom\u00e1st a \u201eT\u00f6med\u00e9kakna\u201d v\u00e1rosr\u00e9szben tal\u00e1lhat\u00f3 Mikl\u00f3s-akna jelenti, az \u00e9rem\u00e9rt, amennyiben erre ig\u00e9nyt tartunk (ennek van n\u00e9mi anyagi vonzata), jelenleg a Moln\u00e1r S\u00f6r\u00f6z\u0151ben vehetj\u00fck \u00e1t.<\/p>\n<p style=\"text-align: center;\"><img loading=\"lazy\" decoding=\"async\" class=\"alignnone size-large wp-image-27645\" src=\"https:\/\/dorogimedence.hu\/wp-content\/uploads\/2020\/09\/banyaszkor-06-768x1024.jpg\" alt=\"\" width=\"665\" height=\"887\" srcset=\"https:\/\/dorogimedence.hu\/wp-content\/uploads\/2020\/09\/banyaszkor-06-768x1024.jpg 768w, https:\/\/dorogimedence.hu\/wp-content\/uploads\/2020\/09\/banyaszkor-06-225x300.jpg 225w, https:\/\/dorogimedence.hu\/wp-content\/uploads\/2020\/09\/banyaszkor-06.jpg 830w\" sizes=\"(max-width: 665px) 100vw, 665px\" \/><em>Gyakran j\u00e1rt t\u00fara\u00fatvonalon ez a probl\u00e9ma is megsz\u0171nhet (Tokod hat\u00e1r\u00e1ban)<\/em><\/p>\n<p><strong>B\u00e1ny\u00e1szk\u00f6r = telep\u00fcl\u00e9smarketing?<\/strong><\/p>\n<p>Egy-egy kisebb szakaszt m\u00e9g az \u00fatvonaltervez\u00e9s f\u00e1zis\u00e1ban bej\u00e1rhattunk m\u00e1r, de az els\u0151 komolyabb megm\u00e9rettet\u00e9s, vagyis a 32 km-es, \u00fagynevezett Hantken Miksa-k\u00f6r teljes\u00edt\u00e9s\u00e9re szeptember 25-ig kellett v\u00e1rni. Czanek Bal\u00e1zs bar\u00e1tommal indultunk neki, a v\u00e9g\u00fcl 9 \u00f3r\u00e1sra siker\u00fclt t\u00e1vnak, igaz mi sz\u00e1nd\u00e9kosan nem teljes\u00edtm\u00e9nyt\u00far\u00e1ra nevezt\u00fcnk \u2013 b\u00e1r ut\u00f3lag az eredm\u00e9nyt l\u00e1tva ebbe is belef\u00e9rt\u00fcnk volna \u2013 hanem kir\u00e1ndul\u00f3sra vett\u00fck a temp\u00f3t. Belef\u00e9rt a n\u00e9zel\u0151d\u00e9s, egy-egy hosszabb pihen\u0151, de sajnos szem\u00e9tszed\u00e9sre is kellett id\u0151t szak\u00edtanunk.<\/p>\n<p>B\u00e1r f\u00e1raszt\u00f3 volt a Dorog \u2013 Csolnok \u2013 Tokod telep\u00fcl\u00e9seket felf\u0171z\u0151 menet, nagyon is meg\u00e9rte. Le a kalappal Csabi, valamint \u00f6tlete \u00e9s kitart\u00e1sa el\u0151tt, aj\u00e1nlom, hogy tesztelj\u00e9tek \u00e1ll\u00f3k\u00e9pess\u00e9geteket ti is valamelyik \u00fatvonalon. Sz\u00e9p a t\u00e1j, l\u00e1tv\u00e1nyos kil\u00e1t\u00f3pontokkal. Biztos vagyok abban, hiszen sz\u00e1munkra is voltak \u00fajdons\u00e1gok, hogy az itt \u00e9l\u0151 emberek sem ismerik telep\u00fcl\u00e9s\u00fck \u00e9s k\u00f6rnyezet\u00fck minden szeglet\u00e9t.<\/p>\n<p>A B\u00e1ny\u00e1szk\u00f6r \u00e9rdeme lehet <em>\u2013 ezt majd j\u00f6v\u0151re, egy \u00e9v t\u00e1vlat\u00e1b\u00f3l lesz \u00e9rdemes vizsg\u00e1lnunk \u2013<\/em>, hogy a hazai t\u00faramozgalmat tekintve m\u00e9g ink\u00e1bb helyzetbe hozza Dorogot \u00e9s k\u00f6rnyezet\u00e9t. Mindennek nemcsak gazdas\u00e1gi hat\u00e1sa lehet <em>(vend\u00e9gl\u00e1t\u00f3egys\u00e9gek, sz\u00e1ll\u00e1shelyek magasabb kihaszn\u00e1lts\u00e1ga<\/em>), de a term\u00e9szet meg\u00f3v\u00e1sa is nagyobb hangs\u00falyt kaphat; a gyakrabban j\u00e1rt \u00fatvonalakon megsz\u0171nhet az illeg\u00e1lis hullad\u00e9k elhelyez\u00e9se, vagy az egy\u00e9b term\u00e9szetk\u00e1ros\u00edt\u00f3 tev\u00e9kenys\u00e9g, de az \u00f6nkorm\u00e1nyzatoknak m\u00e9g ink\u00e1bb \u00e9rdek\u00fck lesz rendben tartani \u00e9s ellen\u0151rizni k\u00f6rnyezet\u00fck \u00e1llapot\u00e1t, hiszen annak messze f\u00f6ld\u00f6n h\u00edre mehet.<\/p>\n<p><img loading=\"lazy\" decoding=\"async\" class=\"alignnone size-full wp-image-27646\" src=\"https:\/\/dorogimedence.hu\/wp-content\/uploads\/2020\/09\/banyaszkor-07.jpg\" alt=\"\" width=\"830\" height=\"253\" srcset=\"https:\/\/dorogimedence.hu\/wp-content\/uploads\/2020\/09\/banyaszkor-07.jpg 830w, https:\/\/dorogimedence.hu\/wp-content\/uploads\/2020\/09\/banyaszkor-07-300x91.jpg 300w, https:\/\/dorogimedence.hu\/wp-content\/uploads\/2020\/09\/banyaszkor-07-768x234.jpg 768w\" sizes=\"(max-width: 830px) 100vw, 830px\" \/><\/p>\n<p>B\u00e1ny\u00e1szk\u00f6r! Kalandra fel, regisztr\u00e1ljatok, induljatok!<\/p>\n<p>Minderr\u0151l r\u00e9szletesen itt olvashattok: <a href=\"http:\/\/banyaszkor.hu\" target=\"_blank\" rel=\"noopener noreferrer\"><span style=\"color: #0000ff;\"><u>www.banyaszkor.hu<\/u><\/span><\/a><\/p>\n<p><strong><em>Lieber Tam\u00e1s<\/em><\/strong><\/p>\n<p><em>Fot\u00f3k: Czanek Bal\u00e1zs, Lieber Tam\u00e1s<\/em><\/p>\n<p><em>Bor\u00edt\u00f3k\u00e9p: t\u00far\u00e1nk elej\u00e9n, visszatekint\u00e9s a K\u00e1lv\u00e1ria-hegyr\u0151l<\/em><\/p>\n","protected":false},"excerpt":{"rendered":"<p>Lieber Tam\u00e1s bemutatja az \u00fajonnan alakult dorogi B\u00e1ny\u00e1szk\u00f6rt. F\u00e9l \u00e9ve keresett meg Harty\u00e1n Csabi bar\u00e1tom azzal az \u00f6tlet\u00e9vel, hogy l\u00e9tre k\u00edv\u00e1n hozni egy a Dorogi-medence b\u00e1ny\u00e1szat\u00e1hoz kapcsol\u00f3d\u00f3 tematikus, \u00fagynevezett \u201einstant\u201d t\u00fara\u00fatvonalat, \u00e9s szeretn\u00e9, ha ehhez egyes\u00fclet\u00fcnk (Benedek Endre Barlangkutat\u00f3 \u00e9s Term\u00e9szetv\u00e9delmi Egyes\u00fclet &#8211; BEBTE) szervezeti h\u00e1tteret adna. Nem sokat gondolkodtunk a felvet\u00e9sen, hiszen nemcsak az<\/p>\n","protected":false},"author":1,"featured_media":27639,"comment_status":"closed","ping_status":"closed","sticky":false,"template":"","format":"standard","meta":{"ngg_post_thumbnail":0,"footnotes":""},"categories":[2,3],"tags":[5144,1065,15,397,3474],"class_list":{"0":"post-27638","1":"post","2":"type-post","3":"status-publish","4":"format-standard","5":"has-post-thumbnail","7":"category-dorog","8":"category-hirek","9":"tag-banyaszkor","10":"tag-bebte","11":"tag-dorog","12":"tag-dorogi-medence","13":"tag-lieber-tamas"},"yoast_head":"<!-- This site is optimized with the Yoast SEO plugin v27.4 - https:\/\/yoast.com\/product\/yoast-seo-wordpress\/ -->\n<title>Elfeledett b\u00e1nyaakn\u00e1k nyom\u00e1ban: elindult a \u201eB\u00e1ny\u00e1szk\u00f6r\u201d<\/title>\n<meta name=\"robots\" content=\"index, follow, max-snippet:-1, max-image-preview:large, max-video-preview:-1\" \/>\n<link rel=\"canonical\" href=\"https:\/\/dorogimedence.hu\/index.php\/2020\/09\/29\/elfeledett-banyaaknak-nyomaban-elindult-a-banyaszkor\/\" class=\"yoast-seo-meta-tag\" \/>\n<meta property=\"og:locale\" content=\"hu_HU\" class=\"yoast-seo-meta-tag\" \/>\n<meta property=\"og:type\" content=\"article\" class=\"yoast-seo-meta-tag\" \/>\n<meta property=\"og:title\" content=\"Elfeledett b\u00e1nyaakn\u00e1k nyom\u00e1ban: elindult a \u201eB\u00e1ny\u00e1szk\u00f6r\u201d\" class=\"yoast-seo-meta-tag\" \/>\n<meta property=\"og:description\" content=\"Lieber Tam\u00e1s bemutatja az \u00fajonnan alakult dorogi B\u00e1ny\u00e1szk\u00f6rt. F\u00e9l \u00e9ve keresett meg Harty\u00e1n Csabi bar\u00e1tom azzal az \u00f6tlet\u00e9vel, hogy l\u00e9tre k\u00edv\u00e1n hozni egy a Dorogi-medence b\u00e1ny\u00e1szat\u00e1hoz kapcsol\u00f3d\u00f3 tematikus, \u00fagynevezett \u201einstant\u201d t\u00fara\u00fatvonalat, \u00e9s szeretn\u00e9, ha ehhez egyes\u00fclet\u00fcnk (Benedek Endre Barlangkutat\u00f3 \u00e9s Term\u00e9szetv\u00e9delmi Egyes\u00fclet &#8211; BEBTE) szervezeti h\u00e1tteret adna. Nem sokat gondolkodtunk a felvet\u00e9sen, hiszen nemcsak az\" class=\"yoast-seo-meta-tag\" \/>\n<meta property=\"og:url\" content=\"https:\/\/dorogimedence.hu\/index.php\/2020\/09\/29\/elfeledett-banyaaknak-nyomaban-elindult-a-banyaszkor\/\" class=\"yoast-seo-meta-tag\" \/>\n<meta property=\"og:site_name\" content=\"Dorogi-medence Region\u00e1lis H\u00edrport\u00e1l\" class=\"yoast-seo-meta-tag\" \/>\n<meta property=\"article:publisher\" content=\"https:\/\/www.facebook.com\/dorogimedence\/\" class=\"yoast-seo-meta-tag\" \/>\n<meta property=\"article:published_time\" content=\"2020-09-29T16:49:19+00:00\" class=\"yoast-seo-meta-tag\" \/>\n<meta property=\"og:image\" content=\"https:\/\/i0.wp.com\/dorogimedence.hu\/wp-content\/uploads\/2020\/09\/banyaszkor-01.jpg?fit=830%2C450&ssl=1\" class=\"yoast-seo-meta-tag\" \/>\n\t<meta property=\"og:image:width\" content=\"830\" class=\"yoast-seo-meta-tag\" \/>\n\t<meta property=\"og:image:height\" content=\"450\" class=\"yoast-seo-meta-tag\" \/>\n\t<meta property=\"og:image:type\" content=\"image\/jpeg\" class=\"yoast-seo-meta-tag\" \/>\n<meta name=\"author\" content=\"dorogimedence.hu\" class=\"yoast-seo-meta-tag\" \/>\n<meta name=\"twitter:card\" content=\"summary_large_image\" class=\"yoast-seo-meta-tag\" \/>\n<meta name=\"twitter:label1\" content=\"Szerz\u0151:\" class=\"yoast-seo-meta-tag\" \/>\n\t<meta name=\"twitter:data1\" content=\"dorogimedence.hu\" class=\"yoast-seo-meta-tag\" \/>\n\t<meta name=\"twitter:label2\" content=\"Becs\u00fclt olvas\u00e1si id\u0151\" class=\"yoast-seo-meta-tag\" \/>\n\t<meta name=\"twitter:data2\" content=\"8 perc\" class=\"yoast-seo-meta-tag\" \/>\n<script type=\"application\/ld+json\" class=\"yoast-schema-graph\">{\"@context\":\"https:\\\/\\\/schema.org\",\"@graph\":[{\"@type\":\"Article\",\"@id\":\"https:\\\/\\\/dorogimedence.hu\\\/index.php\\\/2020\\\/09\\\/29\\\/elfeledett-banyaaknak-nyomaban-elindult-a-banyaszkor\\\/#article\",\"isPartOf\":{\"@id\":\"https:\\\/\\\/dorogimedence.hu\\\/index.php\\\/2020\\\/09\\\/29\\\/elfeledett-banyaaknak-nyomaban-elindult-a-banyaszkor\\\/\"},\"author\":{\"name\":\"dorogimedence.hu\",\"@id\":\"https:\\\/\\\/dorogimedence.hu\\\/#\\\/schema\\\/person\\\/ce6091eeb7e95ecdc87890d6aa8e0fd4\"},\"headline\":\"Elfeledett b\u00e1nyaakn\u00e1k nyom\u00e1ban: elindult a \u201eB\u00e1ny\u00e1szk\u00f6r\u201d\",\"datePublished\":\"2020-09-29T16:49:19+00:00\",\"mainEntityOfPage\":{\"@id\":\"https:\\\/\\\/dorogimedence.hu\\\/index.php\\\/2020\\\/09\\\/29\\\/elfeledett-banyaaknak-nyomaban-elindult-a-banyaszkor\\\/\"},\"wordCount\":1542,\"publisher\":{\"@id\":\"https:\\\/\\\/dorogimedence.hu\\\/#organization\"},\"image\":{\"@id\":\"https:\\\/\\\/dorogimedence.hu\\\/index.php\\\/2020\\\/09\\\/29\\\/elfeledett-banyaaknak-nyomaban-elindult-a-banyaszkor\\\/#primaryimage\"},\"thumbnailUrl\":\"https:\\\/\\\/dorogimedence.hu\\\/wp-content\\\/uploads\\\/2020\\\/09\\\/banyaszkor-01.jpg\",\"keywords\":[\"B\u00e1ny\u00e1szk\u00f6r\",\"BEBTE\",\"Dorog\",\"Dorogi-medence\",\"Lieber Tam\u00e1s\"],\"articleSection\":[\"Dorog\",\"H\u00edrek\"],\"inLanguage\":\"hu\"},{\"@type\":\"WebPage\",\"@id\":\"https:\\\/\\\/dorogimedence.hu\\\/index.php\\\/2020\\\/09\\\/29\\\/elfeledett-banyaaknak-nyomaban-elindult-a-banyaszkor\\\/\",\"url\":\"https:\\\/\\\/dorogimedence.hu\\\/index.php\\\/2020\\\/09\\\/29\\\/elfeledett-banyaaknak-nyomaban-elindult-a-banyaszkor\\\/\",\"name\":\"Elfeledett b\u00e1nyaakn\u00e1k nyom\u00e1ban: elindult a \u201eB\u00e1ny\u00e1szk\u00f6r\u201d\",\"isPartOf\":{\"@id\":\"https:\\\/\\\/dorogimedence.hu\\\/#website\"},\"primaryImageOfPage\":{\"@id\":\"https:\\\/\\\/dorogimedence.hu\\\/index.php\\\/2020\\\/09\\\/29\\\/elfeledett-banyaaknak-nyomaban-elindult-a-banyaszkor\\\/#primaryimage\"},\"image\":{\"@id\":\"https:\\\/\\\/dorogimedence.hu\\\/index.php\\\/2020\\\/09\\\/29\\\/elfeledett-banyaaknak-nyomaban-elindult-a-banyaszkor\\\/#primaryimage\"},\"thumbnailUrl\":\"https:\\\/\\\/dorogimedence.hu\\\/wp-content\\\/uploads\\\/2020\\\/09\\\/banyaszkor-01.jpg\",\"datePublished\":\"2020-09-29T16:49:19+00:00\",\"breadcrumb\":{\"@id\":\"https:\\\/\\\/dorogimedence.hu\\\/index.php\\\/2020\\\/09\\\/29\\\/elfeledett-banyaaknak-nyomaban-elindult-a-banyaszkor\\\/#breadcrumb\"},\"inLanguage\":\"hu\",\"potentialAction\":[{\"@type\":\"ReadAction\",\"target\":[\"https:\\\/\\\/dorogimedence.hu\\\/index.php\\\/2020\\\/09\\\/29\\\/elfeledett-banyaaknak-nyomaban-elindult-a-banyaszkor\\\/\"]}]},{\"@type\":\"ImageObject\",\"inLanguage\":\"hu\",\"@id\":\"https:\\\/\\\/dorogimedence.hu\\\/index.php\\\/2020\\\/09\\\/29\\\/elfeledett-banyaaknak-nyomaban-elindult-a-banyaszkor\\\/#primaryimage\",\"url\":\"https:\\\/\\\/dorogimedence.hu\\\/wp-content\\\/uploads\\\/2020\\\/09\\\/banyaszkor-01.jpg\",\"contentUrl\":\"https:\\\/\\\/dorogimedence.hu\\\/wp-content\\\/uploads\\\/2020\\\/09\\\/banyaszkor-01.jpg\",\"width\":830,\"height\":450},{\"@type\":\"BreadcrumbList\",\"@id\":\"https:\\\/\\\/dorogimedence.hu\\\/index.php\\\/2020\\\/09\\\/29\\\/elfeledett-banyaaknak-nyomaban-elindult-a-banyaszkor\\\/#breadcrumb\",\"itemListElement\":[{\"@type\":\"ListItem\",\"position\":1,\"name\":\"Kezd\u0151lap\",\"item\":\"https:\\\/\\\/dorogimedence.hu\\\/\"},{\"@type\":\"ListItem\",\"position\":2,\"name\":\"Elfeledett b\u00e1nyaakn\u00e1k nyom\u00e1ban: elindult a \u201eB\u00e1ny\u00e1szk\u00f6r\u201d\"}]},{\"@type\":\"WebSite\",\"@id\":\"https:\\\/\\\/dorogimedence.hu\\\/#website\",\"url\":\"https:\\\/\\\/dorogimedence.hu\\\/\",\"name\":\"Dorogi-medence Region\u00e1lis H\u00edrport\u00e1l\",\"description\":\"Dorog, Keszt\u00f6lc, Le\u00e1nyv\u00e1r, Piliscs\u00e9v, Tokod, Tokodalt\u00e1r\u00f3, Csolnok, Esztergom-kertv\u00e1ros: h\u00edrek, programok\",\"publisher\":{\"@id\":\"https:\\\/\\\/dorogimedence.hu\\\/#organization\"},\"potentialAction\":[{\"@type\":\"SearchAction\",\"target\":{\"@type\":\"EntryPoint\",\"urlTemplate\":\"https:\\\/\\\/dorogimedence.hu\\\/?s={search_term_string}\"},\"query-input\":{\"@type\":\"PropertyValueSpecification\",\"valueRequired\":true,\"valueName\":\"search_term_string\"}}],\"inLanguage\":\"hu\"},{\"@type\":\"Organization\",\"@id\":\"https:\\\/\\\/dorogimedence.hu\\\/#organization\",\"name\":\"Dorogi-medence Region\u00e1lis H\u00edrport\u00e1l\",\"url\":\"https:\\\/\\\/dorogimedence.hu\\\/\",\"logo\":{\"@type\":\"ImageObject\",\"inLanguage\":\"hu\",\"@id\":\"https:\\\/\\\/dorogimedence.hu\\\/#\\\/schema\\\/logo\\\/image\\\/\",\"url\":\"https:\\\/\\\/dorogimedence.hu\\\/wp-content\\\/uploads\\\/2021\\\/04\\\/logo-feher-600.png\",\"contentUrl\":\"https:\\\/\\\/dorogimedence.hu\\\/wp-content\\\/uploads\\\/2021\\\/04\\\/logo-feher-600.png\",\"width\":600,\"height\":100,\"caption\":\"Dorogi-medence Region\u00e1lis H\u00edrport\u00e1l\"},\"image\":{\"@id\":\"https:\\\/\\\/dorogimedence.hu\\\/#\\\/schema\\\/logo\\\/image\\\/\"},\"sameAs\":[\"https:\\\/\\\/www.facebook.com\\\/dorogimedence\\\/\"]},{\"@type\":\"Person\",\"@id\":\"https:\\\/\\\/dorogimedence.hu\\\/#\\\/schema\\\/person\\\/ce6091eeb7e95ecdc87890d6aa8e0fd4\",\"name\":\"dorogimedence.hu\",\"image\":{\"@type\":\"ImageObject\",\"inLanguage\":\"hu\",\"@id\":\"\\\/\\\/www.gravatar.com\\\/avatar\\\/d8d45f8901aadff40a4af72c0b826f1d?s=96&#038;r=g&#038;d=mm\",\"url\":\"\\\/\\\/www.gravatar.com\\\/avatar\\\/d8d45f8901aadff40a4af72c0b826f1d?s=96&#038;r=g&#038;d=mm\",\"contentUrl\":\"\\\/\\\/www.gravatar.com\\\/avatar\\\/d8d45f8901aadff40a4af72c0b826f1d?s=96&#038;r=g&#038;d=mm\",\"caption\":\"dorogimedence.hu\"}}]}<\/script>\n<!-- \/ Yoast SEO plugin. -->","yoast_head_json":{"title":"Elfeledett b\u00e1nyaakn\u00e1k nyom\u00e1ban: elindult a \u201eB\u00e1ny\u00e1szk\u00f6r\u201d","robots":{"index":"index","follow":"follow","max-snippet":"max-snippet:-1","max-image-preview":"max-image-preview:large","max-video-preview":"max-video-preview:-1"},"canonical":"https:\/\/dorogimedence.hu\/index.php\/2020\/09\/29\/elfeledett-banyaaknak-nyomaban-elindult-a-banyaszkor\/","og_locale":"hu_HU","og_type":"article","og_title":"Elfeledett b\u00e1nyaakn\u00e1k nyom\u00e1ban: elindult a \u201eB\u00e1ny\u00e1szk\u00f6r\u201d","og_description":"Lieber Tam\u00e1s bemutatja az \u00fajonnan alakult dorogi B\u00e1ny\u00e1szk\u00f6rt. F\u00e9l \u00e9ve keresett meg Harty\u00e1n Csabi bar\u00e1tom azzal az \u00f6tlet\u00e9vel, hogy l\u00e9tre k\u00edv\u00e1n hozni egy a Dorogi-medence b\u00e1ny\u00e1szat\u00e1hoz kapcsol\u00f3d\u00f3 tematikus, \u00fagynevezett \u201einstant\u201d t\u00fara\u00fatvonalat, \u00e9s szeretn\u00e9, ha ehhez egyes\u00fclet\u00fcnk (Benedek Endre Barlangkutat\u00f3 \u00e9s Term\u00e9szetv\u00e9delmi Egyes\u00fclet &#8211; BEBTE) szervezeti h\u00e1tteret adna. Nem sokat gondolkodtunk a felvet\u00e9sen, hiszen nemcsak az","og_url":"https:\/\/dorogimedence.hu\/index.php\/2020\/09\/29\/elfeledett-banyaaknak-nyomaban-elindult-a-banyaszkor\/","og_site_name":"Dorogi-medence Region\u00e1lis H\u00edrport\u00e1l","article_publisher":"https:\/\/www.facebook.com\/dorogimedence\/","article_published_time":"2020-09-29T16:49:19+00:00","og_image":[{"width":830,"height":450,"url":"https:\/\/i0.wp.com\/dorogimedence.hu\/wp-content\/uploads\/2020\/09\/banyaszkor-01.jpg?fit=830%2C450&ssl=1","type":"image\/jpeg"}],"author":"dorogimedence.hu","twitter_card":"summary_large_image","twitter_misc":{"Szerz\u0151:":"dorogimedence.hu","Becs\u00fclt olvas\u00e1si id\u0151":"8 perc"},"schema":{"@context":"https:\/\/schema.org","@graph":[{"@type":"Article","@id":"https:\/\/dorogimedence.hu\/index.php\/2020\/09\/29\/elfeledett-banyaaknak-nyomaban-elindult-a-banyaszkor\/#article","isPartOf":{"@id":"https:\/\/dorogimedence.hu\/index.php\/2020\/09\/29\/elfeledett-banyaaknak-nyomaban-elindult-a-banyaszkor\/"},"author":{"name":"dorogimedence.hu","@id":"https:\/\/dorogimedence.hu\/#\/schema\/person\/ce6091eeb7e95ecdc87890d6aa8e0fd4"},"headline":"Elfeledett b\u00e1nyaakn\u00e1k nyom\u00e1ban: elindult a \u201eB\u00e1ny\u00e1szk\u00f6r\u201d","datePublished":"2020-09-29T16:49:19+00:00","mainEntityOfPage":{"@id":"https:\/\/dorogimedence.hu\/index.php\/2020\/09\/29\/elfeledett-banyaaknak-nyomaban-elindult-a-banyaszkor\/"},"wordCount":1542,"publisher":{"@id":"https:\/\/dorogimedence.hu\/#organization"},"image":{"@id":"https:\/\/dorogimedence.hu\/index.php\/2020\/09\/29\/elfeledett-banyaaknak-nyomaban-elindult-a-banyaszkor\/#primaryimage"},"thumbnailUrl":"https:\/\/dorogimedence.hu\/wp-content\/uploads\/2020\/09\/banyaszkor-01.jpg","keywords":["B\u00e1ny\u00e1szk\u00f6r","BEBTE","Dorog","Dorogi-medence","Lieber Tam\u00e1s"],"articleSection":["Dorog","H\u00edrek"],"inLanguage":"hu"},{"@type":"WebPage","@id":"https:\/\/dorogimedence.hu\/index.php\/2020\/09\/29\/elfeledett-banyaaknak-nyomaban-elindult-a-banyaszkor\/","url":"https:\/\/dorogimedence.hu\/index.php\/2020\/09\/29\/elfeledett-banyaaknak-nyomaban-elindult-a-banyaszkor\/","name":"Elfeledett b\u00e1nyaakn\u00e1k nyom\u00e1ban: elindult a \u201eB\u00e1ny\u00e1szk\u00f6r\u201d","isPartOf":{"@id":"https:\/\/dorogimedence.hu\/#website"},"primaryImageOfPage":{"@id":"https:\/\/dorogimedence.hu\/index.php\/2020\/09\/29\/elfeledett-banyaaknak-nyomaban-elindult-a-banyaszkor\/#primaryimage"},"image":{"@id":"https:\/\/dorogimedence.hu\/index.php\/2020\/09\/29\/elfeledett-banyaaknak-nyomaban-elindult-a-banyaszkor\/#primaryimage"},"thumbnailUrl":"https:\/\/dorogimedence.hu\/wp-content\/uploads\/2020\/09\/banyaszkor-01.jpg","datePublished":"2020-09-29T16:49:19+00:00","breadcrumb":{"@id":"https:\/\/dorogimedence.hu\/index.php\/2020\/09\/29\/elfeledett-banyaaknak-nyomaban-elindult-a-banyaszkor\/#breadcrumb"},"inLanguage":"hu","potentialAction":[{"@type":"ReadAction","target":["https:\/\/dorogimedence.hu\/index.php\/2020\/09\/29\/elfeledett-banyaaknak-nyomaban-elindult-a-banyaszkor\/"]}]},{"@type":"ImageObject","inLanguage":"hu","@id":"https:\/\/dorogimedence.hu\/index.php\/2020\/09\/29\/elfeledett-banyaaknak-nyomaban-elindult-a-banyaszkor\/#primaryimage","url":"https:\/\/dorogimedence.hu\/wp-content\/uploads\/2020\/09\/banyaszkor-01.jpg","contentUrl":"https:\/\/dorogimedence.hu\/wp-content\/uploads\/2020\/09\/banyaszkor-01.jpg","width":830,"height":450},{"@type":"BreadcrumbList","@id":"https:\/\/dorogimedence.hu\/index.php\/2020\/09\/29\/elfeledett-banyaaknak-nyomaban-elindult-a-banyaszkor\/#breadcrumb","itemListElement":[{"@type":"ListItem","position":1,"name":"Kezd\u0151lap","item":"https:\/\/dorogimedence.hu\/"},{"@type":"ListItem","position":2,"name":"Elfeledett b\u00e1nyaakn\u00e1k nyom\u00e1ban: elindult a \u201eB\u00e1ny\u00e1szk\u00f6r\u201d"}]},{"@type":"WebSite","@id":"https:\/\/dorogimedence.hu\/#website","url":"https:\/\/dorogimedence.hu\/","name":"Dorogi-medence Region\u00e1lis H\u00edrport\u00e1l","description":"Dorog, Keszt\u00f6lc, Le\u00e1nyv\u00e1r, Piliscs\u00e9v, Tokod, Tokodalt\u00e1r\u00f3, Csolnok, Esztergom-kertv\u00e1ros: h\u00edrek, programok","publisher":{"@id":"https:\/\/dorogimedence.hu\/#organization"},"potentialAction":[{"@type":"SearchAction","target":{"@type":"EntryPoint","urlTemplate":"https:\/\/dorogimedence.hu\/?s={search_term_string}"},"query-input":{"@type":"PropertyValueSpecification","valueRequired":true,"valueName":"search_term_string"}}],"inLanguage":"hu"},{"@type":"Organization","@id":"https:\/\/dorogimedence.hu\/#organization","name":"Dorogi-medence Region\u00e1lis H\u00edrport\u00e1l","url":"https:\/\/dorogimedence.hu\/","logo":{"@type":"ImageObject","inLanguage":"hu","@id":"https:\/\/dorogimedence.hu\/#\/schema\/logo\/image\/","url":"https:\/\/dorogimedence.hu\/wp-content\/uploads\/2021\/04\/logo-feher-600.png","contentUrl":"https:\/\/dorogimedence.hu\/wp-content\/uploads\/2021\/04\/logo-feher-600.png","width":600,"height":100,"caption":"Dorogi-medence Region\u00e1lis H\u00edrport\u00e1l"},"image":{"@id":"https:\/\/dorogimedence.hu\/#\/schema\/logo\/image\/"},"sameAs":["https:\/\/www.facebook.com\/dorogimedence\/"]},{"@type":"Person","@id":"https:\/\/dorogimedence.hu\/#\/schema\/person\/ce6091eeb7e95ecdc87890d6aa8e0fd4","name":"dorogimedence.hu","image":{"@type":"ImageObject","inLanguage":"hu","@id":"\/\/www.gravatar.com\/avatar\/d8d45f8901aadff40a4af72c0b826f1d?s=96&#038;r=g&#038;d=mm","url":"\/\/www.gravatar.com\/avatar\/d8d45f8901aadff40a4af72c0b826f1d?s=96&#038;r=g&#038;d=mm","contentUrl":"\/\/www.gravatar.com\/avatar\/d8d45f8901aadff40a4af72c0b826f1d?s=96&#038;r=g&#038;d=mm","caption":"dorogimedence.hu"}}]}},"_links":{"self":[{"href":"https:\/\/dorogimedence.hu\/index.php\/wp-json\/wp\/v2\/posts\/27638","targetHints":{"allow":["GET"]}}],"collection":[{"href":"https:\/\/dorogimedence.hu\/index.php\/wp-json\/wp\/v2\/posts"}],"about":[{"href":"https:\/\/dorogimedence.hu\/index.php\/wp-json\/wp\/v2\/types\/post"}],"author":[{"embeddable":true,"href":"https:\/\/dorogimedence.hu\/index.php\/wp-json\/wp\/v2\/users\/1"}],"replies":[{"embeddable":true,"href":"https:\/\/dorogimedence.hu\/index.php\/wp-json\/wp\/v2\/comments?post=27638"}],"version-history":[{"count":0,"href":"https:\/\/dorogimedence.hu\/index.php\/wp-json\/wp\/v2\/posts\/27638\/revisions"}],"wp:featuredmedia":[{"embeddable":true,"href":"https:\/\/dorogimedence.hu\/index.php\/wp-json\/wp\/v2\/media\/27639"}],"wp:attachment":[{"href":"https:\/\/dorogimedence.hu\/index.php\/wp-json\/wp\/v2\/media?parent=27638"}],"wp:term":[{"taxonomy":"category","embeddable":true,"href":"https:\/\/dorogimedence.hu\/index.php\/wp-json\/wp\/v2\/categories?post=27638"},{"taxonomy":"post_tag","embeddable":true,"href":"https:\/\/dorogimedence.hu\/index.php\/wp-json\/wp\/v2\/tags?post=27638"}],"curies":[{"name":"wp","href":"https:\/\/api.w.org\/{rel}","templated":true}]}}