{"id":27616,"date":"2020-09-29T09:37:40","date_gmt":"2020-09-29T07:37:40","guid":{"rendered":"http:\/\/dorogimedence.hu\/?p=27616"},"modified":"2020-09-29T10:04:31","modified_gmt":"2020-09-29T08:04:31","slug":"jotekony-cellal-all-a-rajthoz-a-mozgaskorlatozott-fiatal","status":"publish","type":"post","link":"https:\/\/dorogimedence.hu\/index.php\/2020\/09\/29\/jotekony-cellal-all-a-rajthoz-a-mozgaskorlatozott-fiatal\/","title":{"rendered":"J\u00f3t\u00e9kony c\u00e9llal \u00e1ll a rajthoz a mozg\u00e1skorl\u00e1tozott fiatal"},"content":{"rendered":"<p><strong>A csolnoki Trexler Erik sz\u00fclet\u00e9s\u00e9t\u0151l kezd\u0151d\u0151en mozg\u00e1skorl\u00e1tozottk\u00e9nt \u00e9li mindennapjait, azonban ez egy percig sem akad\u00e1lyozza \u0151t c\u00e9ljai megval\u00f3s\u00edt\u00e1s\u00e1ban.<\/strong><\/p>\n<p>Erik 2019 december\u00e9t\u0151l a Bliss Alap\u00edtv\u00e1ny vezet\u0151je, ahol 1987-t\u0151l kezd\u0151en foglalkoznak besz\u00e9dk\u00e9ptelen gyermekek \u00e9s feln\u0151ttek rehabilit\u00e1ci\u00f3j\u00e1val \u00e9s fejleszt\u00e9s\u00e9vel.<\/p>\n<p>Az alap\u00edtv\u00e1ny munkat\u00e1rsai \u00f6sszefogtak \u00e9s egycsapatk\u00e9nt indulnak el, az okt\u00f3beri SPAR maratonon. Az 500 m\u00e9teres es\u00e9lyegyenl\u0151s\u00e9gi futamon \u0151 is rajthoz \u00e1ll koll\u00e9g\u00e1ival egy\u00fctt, azzal a j\u00f3t\u00e9kony c\u00e9llal, hogy min\u00e9l t\u00f6bb p\u00e9nzt gy\u0171jtsenek \u00f6ssze \u00e9s ezzel t\u00e1mogass\u00e1k az alap\u00edtv\u00e1nyhoz j\u00e1r\u00f3 besz\u00e9dk\u00e9ptelen, mozg\u00e1skorl\u00e1tozott gyermekek, fiatalok \u00e9s feln\u0151ttek fejleszt\u00e9s\u00e9t.<\/p>\n<p>K\u00e9rj\u00fck, amennyiben lehet\u0151s\u00e9ge engedi t\u00e1mogassa a Bliss Alap\u00edtv\u00e1ny fut\u00f3csapat\u00e1t, hogy min\u00e9l t\u00f6bb r\u00e1szorul\u00f3 gyermeknek \u00e9s feln\u0151ttnek egyar\u00e1nt tudjanak seg\u00edteni!<\/p>\n<p><strong>Az adom\u00e1nyokat 2020. okt\u00f3ber 11-ig a Bliss Alap\u00edtv\u00e1ny sz\u00e1mlasz\u00e1m\u00e1ra v\u00e1rj\u00e1k: <\/strong><strong>11712004-20070579<\/strong><\/p>\n<p>Minden t\u00e1mogat\u00e1st \u00e9s seg\u00edts\u00e9get h\u00e1l\u00e1s sz\u00edvvel k\u00f6sz\u00f6nnek!<\/p>\n","protected":false},"excerpt":{"rendered":"<p>A csolnoki Trexler Erik sz\u00fclet\u00e9s\u00e9t\u0151l kezd\u0151d\u0151en mozg\u00e1skorl\u00e1tozottk\u00e9nt \u00e9li mindennapjait, azonban ez egy percig sem akad\u00e1lyozza \u0151t c\u00e9ljai megval\u00f3s\u00edt\u00e1s\u00e1ban. Erik 2019 december\u00e9t\u0151l a Bliss Alap\u00edtv\u00e1ny vezet\u0151je, ahol 1987-t\u0151l kezd\u0151en foglalkoznak besz\u00e9dk\u00e9ptelen gyermekek \u00e9s feln\u0151ttek rehabilit\u00e1ci\u00f3j\u00e1val \u00e9s fejleszt\u00e9s\u00e9vel. Az alap\u00edtv\u00e1ny munkat\u00e1rsai \u00f6sszefogtak \u00e9s egycsapatk\u00e9nt indulnak el, az okt\u00f3beri SPAR maratonon. Az 500 m\u00e9teres es\u00e9lyegyenl\u0151s\u00e9gi futamon \u0151 is<\/p>\n","protected":false},"author":1,"featured_media":27617,"comment_status":"closed","ping_status":"closed","sticky":false,"template":"","format":"standard","meta":{"ngg_post_thumbnail":0,"footnotes":""},"categories":[3],"tags":[287,99,1562,16,4616],"class_list":{"0":"post-27616","1":"post","2":"type-post","3":"status-publish","4":"format-standard","5":"has-post-thumbnail","7":"category-hirek","8":"tag-futas","9":"tag-jotekonysag","10":"tag-maraton","11":"tag-sport","12":"tag-trexler-erik"},"yoast_head":"<!-- This site is optimized with the Yoast SEO plugin v27.5 - https:\/\/yoast.com\/product\/yoast-seo-wordpress\/ -->\n<title>J\u00f3t\u00e9kony c\u00e9llal \u00e1ll a rajthoz a mozg\u00e1skorl\u00e1tozott fiatal<\/title>\n<meta name=\"robots\" content=\"index, follow, max-snippet:-1, max-image-preview:large, max-video-preview:-1\" \/>\n<link rel=\"canonical\" href=\"https:\/\/dorogimedence.hu\/index.php\/2020\/09\/29\/jotekony-cellal-all-a-rajthoz-a-mozgaskorlatozott-fiatal\/\" class=\"yoast-seo-meta-tag\" \/>\n<meta property=\"og:locale\" content=\"hu_HU\" class=\"yoast-seo-meta-tag\" \/>\n<meta property=\"og:type\" content=\"article\" class=\"yoast-seo-meta-tag\" \/>\n<meta property=\"og:title\" content=\"J\u00f3t\u00e9kony c\u00e9llal \u00e1ll a rajthoz a mozg\u00e1skorl\u00e1tozott fiatal\" class=\"yoast-seo-meta-tag\" \/>\n<meta property=\"og:description\" content=\"A csolnoki Trexler Erik sz\u00fclet\u00e9s\u00e9t\u0151l kezd\u0151d\u0151en mozg\u00e1skorl\u00e1tozottk\u00e9nt \u00e9li mindennapjait, azonban ez egy percig sem akad\u00e1lyozza \u0151t c\u00e9ljai megval\u00f3s\u00edt\u00e1s\u00e1ban. Erik 2019 december\u00e9t\u0151l a Bliss Alap\u00edtv\u00e1ny vezet\u0151je, ahol 1987-t\u0151l kezd\u0151en foglalkoznak besz\u00e9dk\u00e9ptelen gyermekek \u00e9s feln\u0151ttek rehabilit\u00e1ci\u00f3j\u00e1val \u00e9s fejleszt\u00e9s\u00e9vel. Az alap\u00edtv\u00e1ny munkat\u00e1rsai \u00f6sszefogtak \u00e9s egycsapatk\u00e9nt indulnak el, az okt\u00f3beri SPAR maratonon. Az 500 m\u00e9teres es\u00e9lyegyenl\u0151s\u00e9gi futamon \u0151 is\" class=\"yoast-seo-meta-tag\" \/>\n<meta property=\"og:url\" content=\"https:\/\/dorogimedence.hu\/index.php\/2020\/09\/29\/jotekony-cellal-all-a-rajthoz-a-mozgaskorlatozott-fiatal\/\" class=\"yoast-seo-meta-tag\" \/>\n<meta property=\"og:site_name\" content=\"Dorogi-medence Region\u00e1lis H\u00edrport\u00e1l\" class=\"yoast-seo-meta-tag\" \/>\n<meta property=\"article:publisher\" content=\"https:\/\/www.facebook.com\/dorogimedence\/\" class=\"yoast-seo-meta-tag\" \/>\n<meta property=\"article:published_time\" content=\"2020-09-29T07:37:40+00:00\" class=\"yoast-seo-meta-tag\" \/>\n<meta property=\"article:modified_time\" content=\"2020-09-29T08:04:31+00:00\" class=\"yoast-seo-meta-tag\" \/>\n<meta property=\"og:image\" content=\"https:\/\/i0.wp.com\/dorogimedence.hu\/wp-content\/uploads\/2020\/09\/trexler-erik.jpg?fit=830%2C450&ssl=1\" class=\"yoast-seo-meta-tag\" \/>\n\t<meta property=\"og:image:width\" content=\"830\" class=\"yoast-seo-meta-tag\" \/>\n\t<meta property=\"og:image:height\" content=\"450\" class=\"yoast-seo-meta-tag\" \/>\n\t<meta property=\"og:image:type\" content=\"image\/jpeg\" class=\"yoast-seo-meta-tag\" \/>\n<meta name=\"author\" content=\"dorogimedence.hu\" class=\"yoast-seo-meta-tag\" \/>\n<meta name=\"twitter:card\" content=\"summary_large_image\" class=\"yoast-seo-meta-tag\" \/>\n<meta name=\"twitter:label1\" content=\"Szerz\u0151:\" class=\"yoast-seo-meta-tag\" \/>\n\t<meta name=\"twitter:data1\" content=\"dorogimedence.hu\" class=\"yoast-seo-meta-tag\" \/>\n\t<meta name=\"twitter:label2\" content=\"Becs\u00fclt olvas\u00e1si id\u0151\" class=\"yoast-seo-meta-tag\" \/>\n\t<meta name=\"twitter:data2\" content=\"1 perc\" class=\"yoast-seo-meta-tag\" \/>\n<script type=\"application\/ld+json\" class=\"yoast-schema-graph\">{\"@context\":\"https:\\\/\\\/schema.org\",\"@graph\":[{\"@type\":\"Article\",\"@id\":\"https:\\\/\\\/dorogimedence.hu\\\/index.php\\\/2020\\\/09\\\/29\\\/jotekony-cellal-all-a-rajthoz-a-mozgaskorlatozott-fiatal\\\/#article\",\"isPartOf\":{\"@id\":\"https:\\\/\\\/dorogimedence.hu\\\/index.php\\\/2020\\\/09\\\/29\\\/jotekony-cellal-all-a-rajthoz-a-mozgaskorlatozott-fiatal\\\/\"},\"author\":{\"name\":\"dorogimedence.hu\",\"@id\":\"https:\\\/\\\/dorogimedence.hu\\\/#\\\/schema\\\/person\\\/ce6091eeb7e95ecdc87890d6aa8e0fd4\"},\"headline\":\"J\u00f3t\u00e9kony c\u00e9llal \u00e1ll a rajthoz a mozg\u00e1skorl\u00e1tozott fiatal\",\"datePublished\":\"2020-09-29T07:37:40+00:00\",\"dateModified\":\"2020-09-29T08:04:31+00:00\",\"mainEntityOfPage\":{\"@id\":\"https:\\\/\\\/dorogimedence.hu\\\/index.php\\\/2020\\\/09\\\/29\\\/jotekony-cellal-all-a-rajthoz-a-mozgaskorlatozott-fiatal\\\/\"},\"wordCount\":222,\"publisher\":{\"@id\":\"https:\\\/\\\/dorogimedence.hu\\\/#organization\"},\"image\":{\"@id\":\"https:\\\/\\\/dorogimedence.hu\\\/index.php\\\/2020\\\/09\\\/29\\\/jotekony-cellal-all-a-rajthoz-a-mozgaskorlatozott-fiatal\\\/#primaryimage\"},\"thumbnailUrl\":\"https:\\\/\\\/dorogimedence.hu\\\/wp-content\\\/uploads\\\/2020\\\/09\\\/trexler-erik.jpg\",\"keywords\":[\"fut\u00e1s\",\"j\u00f3t\u00e9konys\u00e1g\",\"Maraton\",\"sport\",\"Trexler Erik\"],\"articleSection\":[\"H\u00edrek\"],\"inLanguage\":\"hu\"},{\"@type\":\"WebPage\",\"@id\":\"https:\\\/\\\/dorogimedence.hu\\\/index.php\\\/2020\\\/09\\\/29\\\/jotekony-cellal-all-a-rajthoz-a-mozgaskorlatozott-fiatal\\\/\",\"url\":\"https:\\\/\\\/dorogimedence.hu\\\/index.php\\\/2020\\\/09\\\/29\\\/jotekony-cellal-all-a-rajthoz-a-mozgaskorlatozott-fiatal\\\/\",\"name\":\"J\u00f3t\u00e9kony c\u00e9llal \u00e1ll a rajthoz a mozg\u00e1skorl\u00e1tozott fiatal\",\"isPartOf\":{\"@id\":\"https:\\\/\\\/dorogimedence.hu\\\/#website\"},\"primaryImageOfPage\":{\"@id\":\"https:\\\/\\\/dorogimedence.hu\\\/index.php\\\/2020\\\/09\\\/29\\\/jotekony-cellal-all-a-rajthoz-a-mozgaskorlatozott-fiatal\\\/#primaryimage\"},\"image\":{\"@id\":\"https:\\\/\\\/dorogimedence.hu\\\/index.php\\\/2020\\\/09\\\/29\\\/jotekony-cellal-all-a-rajthoz-a-mozgaskorlatozott-fiatal\\\/#primaryimage\"},\"thumbnailUrl\":\"https:\\\/\\\/dorogimedence.hu\\\/wp-content\\\/uploads\\\/2020\\\/09\\\/trexler-erik.jpg\",\"datePublished\":\"2020-09-29T07:37:40+00:00\",\"dateModified\":\"2020-09-29T08:04:31+00:00\",\"breadcrumb\":{\"@id\":\"https:\\\/\\\/dorogimedence.hu\\\/index.php\\\/2020\\\/09\\\/29\\\/jotekony-cellal-all-a-rajthoz-a-mozgaskorlatozott-fiatal\\\/#breadcrumb\"},\"inLanguage\":\"hu\",\"potentialAction\":[{\"@type\":\"ReadAction\",\"target\":[\"https:\\\/\\\/dorogimedence.hu\\\/index.php\\\/2020\\\/09\\\/29\\\/jotekony-cellal-all-a-rajthoz-a-mozgaskorlatozott-fiatal\\\/\"]}]},{\"@type\":\"ImageObject\",\"inLanguage\":\"hu\",\"@id\":\"https:\\\/\\\/dorogimedence.hu\\\/index.php\\\/2020\\\/09\\\/29\\\/jotekony-cellal-all-a-rajthoz-a-mozgaskorlatozott-fiatal\\\/#primaryimage\",\"url\":\"https:\\\/\\\/dorogimedence.hu\\\/wp-content\\\/uploads\\\/2020\\\/09\\\/trexler-erik.jpg\",\"contentUrl\":\"https:\\\/\\\/dorogimedence.hu\\\/wp-content\\\/uploads\\\/2020\\\/09\\\/trexler-erik.jpg\",\"width\":830,\"height\":450},{\"@type\":\"BreadcrumbList\",\"@id\":\"https:\\\/\\\/dorogimedence.hu\\\/index.php\\\/2020\\\/09\\\/29\\\/jotekony-cellal-all-a-rajthoz-a-mozgaskorlatozott-fiatal\\\/#breadcrumb\",\"itemListElement\":[{\"@type\":\"ListItem\",\"position\":1,\"name\":\"Kezd\u0151lap\",\"item\":\"https:\\\/\\\/dorogimedence.hu\\\/\"},{\"@type\":\"ListItem\",\"position\":2,\"name\":\"J\u00f3t\u00e9kony c\u00e9llal \u00e1ll a rajthoz a mozg\u00e1skorl\u00e1tozott fiatal\"}]},{\"@type\":\"WebSite\",\"@id\":\"https:\\\/\\\/dorogimedence.hu\\\/#website\",\"url\":\"https:\\\/\\\/dorogimedence.hu\\\/\",\"name\":\"Dorogi-medence Region\u00e1lis H\u00edrport\u00e1l\",\"description\":\"Dorog, Keszt\u00f6lc, Le\u00e1nyv\u00e1r, Piliscs\u00e9v, Tokod, Tokodalt\u00e1r\u00f3, Csolnok, Esztergom-kertv\u00e1ros: h\u00edrek, programok\",\"publisher\":{\"@id\":\"https:\\\/\\\/dorogimedence.hu\\\/#organization\"},\"potentialAction\":[{\"@type\":\"SearchAction\",\"target\":{\"@type\":\"EntryPoint\",\"urlTemplate\":\"https:\\\/\\\/dorogimedence.hu\\\/?s={search_term_string}\"},\"query-input\":{\"@type\":\"PropertyValueSpecification\",\"valueRequired\":true,\"valueName\":\"search_term_string\"}}],\"inLanguage\":\"hu\"},{\"@type\":\"Organization\",\"@id\":\"https:\\\/\\\/dorogimedence.hu\\\/#organization\",\"name\":\"Dorogi-medence Region\u00e1lis H\u00edrport\u00e1l\",\"url\":\"https:\\\/\\\/dorogimedence.hu\\\/\",\"logo\":{\"@type\":\"ImageObject\",\"inLanguage\":\"hu\",\"@id\":\"https:\\\/\\\/dorogimedence.hu\\\/#\\\/schema\\\/logo\\\/image\\\/\",\"url\":\"https:\\\/\\\/dorogimedence.hu\\\/wp-content\\\/uploads\\\/2021\\\/04\\\/logo-feher-600.png\",\"contentUrl\":\"https:\\\/\\\/dorogimedence.hu\\\/wp-content\\\/uploads\\\/2021\\\/04\\\/logo-feher-600.png\",\"width\":600,\"height\":100,\"caption\":\"Dorogi-medence Region\u00e1lis H\u00edrport\u00e1l\"},\"image\":{\"@id\":\"https:\\\/\\\/dorogimedence.hu\\\/#\\\/schema\\\/logo\\\/image\\\/\"},\"sameAs\":[\"https:\\\/\\\/www.facebook.com\\\/dorogimedence\\\/\"]},{\"@type\":\"Person\",\"@id\":\"https:\\\/\\\/dorogimedence.hu\\\/#\\\/schema\\\/person\\\/ce6091eeb7e95ecdc87890d6aa8e0fd4\",\"name\":\"dorogimedence.hu\",\"image\":{\"@type\":\"ImageObject\",\"inLanguage\":\"hu\",\"@id\":\"\\\/\\\/www.gravatar.com\\\/avatar\\\/d8d45f8901aadff40a4af72c0b826f1d?s=96&#038;r=g&#038;d=mm\",\"url\":\"\\\/\\\/www.gravatar.com\\\/avatar\\\/d8d45f8901aadff40a4af72c0b826f1d?s=96&#038;r=g&#038;d=mm\",\"contentUrl\":\"\\\/\\\/www.gravatar.com\\\/avatar\\\/d8d45f8901aadff40a4af72c0b826f1d?s=96&#038;r=g&#038;d=mm\",\"caption\":\"dorogimedence.hu\"}}]}<\/script>\n<!-- \/ Yoast SEO plugin. -->","yoast_head_json":{"title":"J\u00f3t\u00e9kony c\u00e9llal \u00e1ll a rajthoz a mozg\u00e1skorl\u00e1tozott fiatal","robots":{"index":"index","follow":"follow","max-snippet":"max-snippet:-1","max-image-preview":"max-image-preview:large","max-video-preview":"max-video-preview:-1"},"canonical":"https:\/\/dorogimedence.hu\/index.php\/2020\/09\/29\/jotekony-cellal-all-a-rajthoz-a-mozgaskorlatozott-fiatal\/","og_locale":"hu_HU","og_type":"article","og_title":"J\u00f3t\u00e9kony c\u00e9llal \u00e1ll a rajthoz a mozg\u00e1skorl\u00e1tozott fiatal","og_description":"A csolnoki Trexler Erik sz\u00fclet\u00e9s\u00e9t\u0151l kezd\u0151d\u0151en mozg\u00e1skorl\u00e1tozottk\u00e9nt \u00e9li mindennapjait, azonban ez egy percig sem akad\u00e1lyozza \u0151t c\u00e9ljai megval\u00f3s\u00edt\u00e1s\u00e1ban. Erik 2019 december\u00e9t\u0151l a Bliss Alap\u00edtv\u00e1ny vezet\u0151je, ahol 1987-t\u0151l kezd\u0151en foglalkoznak besz\u00e9dk\u00e9ptelen gyermekek \u00e9s feln\u0151ttek rehabilit\u00e1ci\u00f3j\u00e1val \u00e9s fejleszt\u00e9s\u00e9vel. Az alap\u00edtv\u00e1ny munkat\u00e1rsai \u00f6sszefogtak \u00e9s egycsapatk\u00e9nt indulnak el, az okt\u00f3beri SPAR maratonon. Az 500 m\u00e9teres es\u00e9lyegyenl\u0151s\u00e9gi futamon \u0151 is","og_url":"https:\/\/dorogimedence.hu\/index.php\/2020\/09\/29\/jotekony-cellal-all-a-rajthoz-a-mozgaskorlatozott-fiatal\/","og_site_name":"Dorogi-medence Region\u00e1lis H\u00edrport\u00e1l","article_publisher":"https:\/\/www.facebook.com\/dorogimedence\/","article_published_time":"2020-09-29T07:37:40+00:00","article_modified_time":"2020-09-29T08:04:31+00:00","og_image":[{"width":830,"height":450,"url":"https:\/\/i0.wp.com\/dorogimedence.hu\/wp-content\/uploads\/2020\/09\/trexler-erik.jpg?fit=830%2C450&ssl=1","type":"image\/jpeg"}],"author":"dorogimedence.hu","twitter_card":"summary_large_image","twitter_misc":{"Szerz\u0151:":"dorogimedence.hu","Becs\u00fclt olvas\u00e1si id\u0151":"1 perc"},"schema":{"@context":"https:\/\/schema.org","@graph":[{"@type":"Article","@id":"https:\/\/dorogimedence.hu\/index.php\/2020\/09\/29\/jotekony-cellal-all-a-rajthoz-a-mozgaskorlatozott-fiatal\/#article","isPartOf":{"@id":"https:\/\/dorogimedence.hu\/index.php\/2020\/09\/29\/jotekony-cellal-all-a-rajthoz-a-mozgaskorlatozott-fiatal\/"},"author":{"name":"dorogimedence.hu","@id":"https:\/\/dorogimedence.hu\/#\/schema\/person\/ce6091eeb7e95ecdc87890d6aa8e0fd4"},"headline":"J\u00f3t\u00e9kony c\u00e9llal \u00e1ll a rajthoz a mozg\u00e1skorl\u00e1tozott fiatal","datePublished":"2020-09-29T07:37:40+00:00","dateModified":"2020-09-29T08:04:31+00:00","mainEntityOfPage":{"@id":"https:\/\/dorogimedence.hu\/index.php\/2020\/09\/29\/jotekony-cellal-all-a-rajthoz-a-mozgaskorlatozott-fiatal\/"},"wordCount":222,"publisher":{"@id":"https:\/\/dorogimedence.hu\/#organization"},"image":{"@id":"https:\/\/dorogimedence.hu\/index.php\/2020\/09\/29\/jotekony-cellal-all-a-rajthoz-a-mozgaskorlatozott-fiatal\/#primaryimage"},"thumbnailUrl":"https:\/\/dorogimedence.hu\/wp-content\/uploads\/2020\/09\/trexler-erik.jpg","keywords":["fut\u00e1s","j\u00f3t\u00e9konys\u00e1g","Maraton","sport","Trexler Erik"],"articleSection":["H\u00edrek"],"inLanguage":"hu"},{"@type":"WebPage","@id":"https:\/\/dorogimedence.hu\/index.php\/2020\/09\/29\/jotekony-cellal-all-a-rajthoz-a-mozgaskorlatozott-fiatal\/","url":"https:\/\/dorogimedence.hu\/index.php\/2020\/09\/29\/jotekony-cellal-all-a-rajthoz-a-mozgaskorlatozott-fiatal\/","name":"J\u00f3t\u00e9kony c\u00e9llal \u00e1ll a rajthoz a mozg\u00e1skorl\u00e1tozott fiatal","isPartOf":{"@id":"https:\/\/dorogimedence.hu\/#website"},"primaryImageOfPage":{"@id":"https:\/\/dorogimedence.hu\/index.php\/2020\/09\/29\/jotekony-cellal-all-a-rajthoz-a-mozgaskorlatozott-fiatal\/#primaryimage"},"image":{"@id":"https:\/\/dorogimedence.hu\/index.php\/2020\/09\/29\/jotekony-cellal-all-a-rajthoz-a-mozgaskorlatozott-fiatal\/#primaryimage"},"thumbnailUrl":"https:\/\/dorogimedence.hu\/wp-content\/uploads\/2020\/09\/trexler-erik.jpg","datePublished":"2020-09-29T07:37:40+00:00","dateModified":"2020-09-29T08:04:31+00:00","breadcrumb":{"@id":"https:\/\/dorogimedence.hu\/index.php\/2020\/09\/29\/jotekony-cellal-all-a-rajthoz-a-mozgaskorlatozott-fiatal\/#breadcrumb"},"inLanguage":"hu","potentialAction":[{"@type":"ReadAction","target":["https:\/\/dorogimedence.hu\/index.php\/2020\/09\/29\/jotekony-cellal-all-a-rajthoz-a-mozgaskorlatozott-fiatal\/"]}]},{"@type":"ImageObject","inLanguage":"hu","@id":"https:\/\/dorogimedence.hu\/index.php\/2020\/09\/29\/jotekony-cellal-all-a-rajthoz-a-mozgaskorlatozott-fiatal\/#primaryimage","url":"https:\/\/dorogimedence.hu\/wp-content\/uploads\/2020\/09\/trexler-erik.jpg","contentUrl":"https:\/\/dorogimedence.hu\/wp-content\/uploads\/2020\/09\/trexler-erik.jpg","width":830,"height":450},{"@type":"BreadcrumbList","@id":"https:\/\/dorogimedence.hu\/index.php\/2020\/09\/29\/jotekony-cellal-all-a-rajthoz-a-mozgaskorlatozott-fiatal\/#breadcrumb","itemListElement":[{"@type":"ListItem","position":1,"name":"Kezd\u0151lap","item":"https:\/\/dorogimedence.hu\/"},{"@type":"ListItem","position":2,"name":"J\u00f3t\u00e9kony c\u00e9llal \u00e1ll a rajthoz a mozg\u00e1skorl\u00e1tozott fiatal"}]},{"@type":"WebSite","@id":"https:\/\/dorogimedence.hu\/#website","url":"https:\/\/dorogimedence.hu\/","name":"Dorogi-medence Region\u00e1lis H\u00edrport\u00e1l","description":"Dorog, Keszt\u00f6lc, Le\u00e1nyv\u00e1r, Piliscs\u00e9v, Tokod, Tokodalt\u00e1r\u00f3, Csolnok, Esztergom-kertv\u00e1ros: h\u00edrek, programok","publisher":{"@id":"https:\/\/dorogimedence.hu\/#organization"},"potentialAction":[{"@type":"SearchAction","target":{"@type":"EntryPoint","urlTemplate":"https:\/\/dorogimedence.hu\/?s={search_term_string}"},"query-input":{"@type":"PropertyValueSpecification","valueRequired":true,"valueName":"search_term_string"}}],"inLanguage":"hu"},{"@type":"Organization","@id":"https:\/\/dorogimedence.hu\/#organization","name":"Dorogi-medence Region\u00e1lis H\u00edrport\u00e1l","url":"https:\/\/dorogimedence.hu\/","logo":{"@type":"ImageObject","inLanguage":"hu","@id":"https:\/\/dorogimedence.hu\/#\/schema\/logo\/image\/","url":"https:\/\/dorogimedence.hu\/wp-content\/uploads\/2021\/04\/logo-feher-600.png","contentUrl":"https:\/\/dorogimedence.hu\/wp-content\/uploads\/2021\/04\/logo-feher-600.png","width":600,"height":100,"caption":"Dorogi-medence Region\u00e1lis H\u00edrport\u00e1l"},"image":{"@id":"https:\/\/dorogimedence.hu\/#\/schema\/logo\/image\/"},"sameAs":["https:\/\/www.facebook.com\/dorogimedence\/"]},{"@type":"Person","@id":"https:\/\/dorogimedence.hu\/#\/schema\/person\/ce6091eeb7e95ecdc87890d6aa8e0fd4","name":"dorogimedence.hu","image":{"@type":"ImageObject","inLanguage":"hu","@id":"\/\/www.gravatar.com\/avatar\/d8d45f8901aadff40a4af72c0b826f1d?s=96&#038;r=g&#038;d=mm","url":"\/\/www.gravatar.com\/avatar\/d8d45f8901aadff40a4af72c0b826f1d?s=96&#038;r=g&#038;d=mm","contentUrl":"\/\/www.gravatar.com\/avatar\/d8d45f8901aadff40a4af72c0b826f1d?s=96&#038;r=g&#038;d=mm","caption":"dorogimedence.hu"}}]}},"_links":{"self":[{"href":"https:\/\/dorogimedence.hu\/index.php\/wp-json\/wp\/v2\/posts\/27616","targetHints":{"allow":["GET"]}}],"collection":[{"href":"https:\/\/dorogimedence.hu\/index.php\/wp-json\/wp\/v2\/posts"}],"about":[{"href":"https:\/\/dorogimedence.hu\/index.php\/wp-json\/wp\/v2\/types\/post"}],"author":[{"embeddable":true,"href":"https:\/\/dorogimedence.hu\/index.php\/wp-json\/wp\/v2\/users\/1"}],"replies":[{"embeddable":true,"href":"https:\/\/dorogimedence.hu\/index.php\/wp-json\/wp\/v2\/comments?post=27616"}],"version-history":[{"count":0,"href":"https:\/\/dorogimedence.hu\/index.php\/wp-json\/wp\/v2\/posts\/27616\/revisions"}],"wp:featuredmedia":[{"embeddable":true,"href":"https:\/\/dorogimedence.hu\/index.php\/wp-json\/wp\/v2\/media\/27617"}],"wp:attachment":[{"href":"https:\/\/dorogimedence.hu\/index.php\/wp-json\/wp\/v2\/media?parent=27616"}],"wp:term":[{"taxonomy":"category","embeddable":true,"href":"https:\/\/dorogimedence.hu\/index.php\/wp-json\/wp\/v2\/categories?post=27616"},{"taxonomy":"post_tag","embeddable":true,"href":"https:\/\/dorogimedence.hu\/index.php\/wp-json\/wp\/v2\/tags?post=27616"}],"curies":[{"name":"wp","href":"https:\/\/api.w.org\/{rel}","templated":true}]}}