{"id":27579,"date":"2020-09-27T08:20:26","date_gmt":"2020-09-27T06:20:26","guid":{"rendered":"http:\/\/dorogimedence.hu\/?p=27579"},"modified":"2020-09-27T08:21:10","modified_gmt":"2020-09-27T06:21:10","slug":"szent-istvan-dijat-adtak-at-esztergomban","status":"publish","type":"post","link":"https:\/\/dorogimedence.hu\/index.php\/2020\/09\/27\/szent-istvan-dijat-adtak-at-esztergomban\/","title":{"rendered":"Szent Istv\u00e1n-d\u00edjat adtak \u00e1t Esztergomban"},"content":{"rendered":"<p><strong>A politikai akaratnak, az emberek \u00e9s k\u00f6z\u00f6ss\u00e9geik tetteinek egy\u00fcttesen k\u00f6sz\u00f6nhet\u0151, hogy &#8222;ism\u00e9t a mi\u00e9nk a magyars\u00e1g egys\u00e9g\u00e9nek tudata \u00e9s \u00f6r\u00f6me&#8221;<\/strong> <em>&#8211; mondta Varga Mih\u00e1ly p\u00e9nz\u00fcgyminiszter szombaton Esztergomban, ahol Szent Istv\u00e1n-d\u00edjjal t\u00fcntett\u00e9k ki M\u00e9ry G\u00e1bor felvid\u00e9ki k\u00f6nyvkiad\u00f3t.<\/em><\/p>\n<p>Varga Mih\u00e1ly kiemelte: &#8222;Az a t\u00f6rv\u00e9ny, melyet nemzeti \u00f6sszetartoz\u00e1sunkr\u00f3l a polg\u00e1ri, nemzeti korm\u00e1ny alkotott, a magyarok nagy t\u00f6bbs\u00e9g\u00e9nek k\u00f6z\u00f6s akarat\u00e1t, k\u00f6z\u00f6s \u00e9rz\u00e9s\u00e9t fejezi ki.&#8221;<\/p>\n<p>A szabads\u00e1g\u00e9rt, f\u00fcggetlens\u00e9g\u00e9rt \u00e9s a magyars\u00e1g \u00f6sszetartoz\u00e1s\u00e1\u00e9rt folytatott \u00e9vsz\u00e1zados k\u00fczdelem ut\u00e1n k\u00fcl\u00f6n\u00f6sen er\u0151s jelent\u00e9se van az \u00f6sszmagyars\u00e1g\u00e9rt v\u00e9ghezvitt tettnek &#8211; jelentette ki a miniszter.<\/p>\n<p>Jankovics Marcell, a d\u00edjat oda\u00edt\u00e9l\u0151 alap\u00edtv\u00e1ny kurat\u00f3rium\u00e1nak eln\u00f6ke &#8222;a nemzetet mag\u00e1hoz t\u00e9r\u00edt\u0151&#8221; k\u00fcldet\u00e9snek nevezte a M\u00e9ry Ratio Kiad\u00f3t alap\u00edt\u00f3 M\u00e9ry G\u00e1bor kiad\u00f3i munk\u00e1ss\u00e1g\u00e1t. Azt mondta, a kiad\u00f3 kult\u00fart\u00f6rt\u00e9neti \u00e9s m\u0171v\u00e9szeti kiadv\u00e1nyaival pontos k\u00e9pet ad arr\u00f3l, ami a magyars\u00e1ggal t\u00f6rt\u00e9nt \u00e9s t\u00f6rt\u00e9nik.<\/p>\n<p><img fetchpriority=\"high\" decoding=\"async\" class=\"alignnone size-full wp-image-27582\" src=\"https:\/\/dorogimedence.hu\/wp-content\/uploads\/2020\/09\/mery-02.jpg\" alt=\"\" width=\"830\" height=\"552\" srcset=\"https:\/\/dorogimedence.hu\/wp-content\/uploads\/2020\/09\/mery-02.jpg 830w, https:\/\/dorogimedence.hu\/wp-content\/uploads\/2020\/09\/mery-02-300x200.jpg 300w, https:\/\/dorogimedence.hu\/wp-content\/uploads\/2020\/09\/mery-02-768x511.jpg 768w, https:\/\/dorogimedence.hu\/wp-content\/uploads\/2020\/09\/mery-02-589x392.jpg 589w, https:\/\/dorogimedence.hu\/wp-content\/uploads\/2020\/09\/mery-02-272x182.jpg 272w\" sizes=\"(max-width: 830px) 100vw, 830px\" \/><\/p>\n<p>Az \u00fcnneps\u00e9gen Szent Istv\u00e1n-eml\u00e9k\u00e9rmmel ismert\u00e9k el Balla Andr\u00e1s esztergomi fot\u00f3m\u0171v\u00e9sz t\u00f6bb\u00e9vtizedes m\u0171v\u00e9szeti \u00e9s k\u00f6z\u00e9leti tev\u00e9kenys\u00e9g\u00e9t. Balla Andr\u00e1s az \u00e9rmet egy k\u00e9s\u0151bbi id\u0151pontban veszi \u00e1t.<\/p>\n<p>A 2020-ban tizennyolcadik alkalommal \u00e1tadott Szent Istv\u00e1n-d\u00edjat jelk\u00e9pez\u0151 szobor Melocco Mikl\u00f3s alkot\u00e1sa; a kir\u00e1lyt \u00e1br\u00e1zolja, amint a keresztet mindk\u00e9t kez\u00e9vel magasba emeli nemzete el\u0151tt. A d\u00edjazottakat minden \u00e9vben k\u00f6zv\u00e9lem\u00e9ny-kutat\u00e1s \u00e9s internetes szavaz\u00e1s ut\u00e1n v\u00e1lasztja ki az alap\u00edtv\u00e1ny kurat\u00f3riuma.<\/p>\n<p>A Szent Istv\u00e1n-d\u00edj Alap\u00edtv\u00e1nyt Bihari Antal, a K\u00f6rzeti Telev\u00edzi\u00f3 Esztergom vezet\u0151je 2001-ben hozta l\u00e9tre az \u00f6sszmagyars\u00e1g kultur\u00e1lis \u00e9let\u00e9nek seg\u00edt\u00e9s\u00e9re, a kultur\u00e1lis \u00f6r\u00f6ks\u00e9g v\u00e9delm\u00e9re. A d\u00edjjal els\u0151k\u00e9nt Orb\u00e1n Viktor minisztereln\u00f6k\u00f6t t\u00fcntett\u00e9k ki, de birtokosai k\u00f6z\u00f6tt van Nemesk\u00fcrty Istv\u00e1n \u00edr\u00f3, Makovecz Imre \u00e9p\u00edt\u00e9sz, a k\u00f6nyvkiad\u00f3 P\u00fcski h\u00e1zasp\u00e1r, T\u0151k\u00e9s L\u00e1szl\u00f3 reform\u00e1tus lelk\u00e9sz \u00e9s Kall\u00f3s Zolt\u00e1n n\u00e9prazjkutat\u00f3.<\/p>\n<p><em>Forr\u00e1s: MTI<br \/>\n<span id=\"ctl05_lbLead4\">Fot\u00f3k: MTI\/MTI Fot\u00f3szerkeszt\u0151s\u00e9g\/Kov\u00e1cs Attila<\/span><\/em><\/p>\n","protected":false},"excerpt":{"rendered":"<p>A politikai akaratnak, az emberek \u00e9s k\u00f6z\u00f6ss\u00e9geik tetteinek egy\u00fcttesen k\u00f6sz\u00f6nhet\u0151, hogy &#8222;ism\u00e9t a mi\u00e9nk a magyars\u00e1g egys\u00e9g\u00e9nek tudata \u00e9s \u00f6r\u00f6me&#8221; &#8211; mondta Varga Mih\u00e1ly p\u00e9nz\u00fcgyminiszter szombaton Esztergomban, ahol Szent Istv\u00e1n-d\u00edjjal t\u00fcntett\u00e9k ki M\u00e9ry G\u00e1bor felvid\u00e9ki k\u00f6nyvkiad\u00f3t. Varga Mih\u00e1ly kiemelte: &#8222;Az a t\u00f6rv\u00e9ny, melyet nemzeti \u00f6sszetartoz\u00e1sunkr\u00f3l a polg\u00e1ri, nemzeti korm\u00e1ny alkotott, a magyarok nagy t\u00f6bbs\u00e9g\u00e9nek k\u00f6z\u00f6s<\/p>\n","protected":false},"author":1,"featured_media":27581,"comment_status":"closed","ping_status":"closed","sticky":false,"template":"","format":"standard","meta":{"ngg_post_thumbnail":0,"footnotes":""},"categories":[38,3],"tags":[42,1635],"class_list":{"0":"post-27579","1":"post","2":"type-post","3":"status-publish","4":"format-standard","5":"has-post-thumbnail","7":"category-esztergom","8":"category-hirek","9":"tag-esztergom","10":"tag-szent-istvan-dij"},"yoast_head":"<!-- This site is optimized with the Yoast SEO plugin v27.5 - https:\/\/yoast.com\/product\/yoast-seo-wordpress\/ -->\n<title>Szent Istv\u00e1n-d\u00edjat adtak \u00e1t Esztergomban<\/title>\n<meta name=\"robots\" content=\"index, follow, max-snippet:-1, max-image-preview:large, max-video-preview:-1\" \/>\n<link rel=\"canonical\" href=\"https:\/\/dorogimedence.hu\/index.php\/2020\/09\/27\/szent-istvan-dijat-adtak-at-esztergomban\/\" class=\"yoast-seo-meta-tag\" \/>\n<meta property=\"og:locale\" content=\"hu_HU\" class=\"yoast-seo-meta-tag\" \/>\n<meta property=\"og:type\" content=\"article\" class=\"yoast-seo-meta-tag\" \/>\n<meta property=\"og:title\" content=\"Szent Istv\u00e1n-d\u00edjat adtak \u00e1t Esztergomban\" class=\"yoast-seo-meta-tag\" \/>\n<meta property=\"og:description\" content=\"A politikai akaratnak, az emberek \u00e9s k\u00f6z\u00f6ss\u00e9geik tetteinek egy\u00fcttesen k\u00f6sz\u00f6nhet\u0151, hogy &#8222;ism\u00e9t a mi\u00e9nk a magyars\u00e1g egys\u00e9g\u00e9nek tudata \u00e9s \u00f6r\u00f6me&#8221; &#8211; mondta Varga Mih\u00e1ly p\u00e9nz\u00fcgyminiszter szombaton Esztergomban, ahol Szent Istv\u00e1n-d\u00edjjal t\u00fcntett\u00e9k ki M\u00e9ry G\u00e1bor felvid\u00e9ki k\u00f6nyvkiad\u00f3t. Varga Mih\u00e1ly kiemelte: &#8222;Az a t\u00f6rv\u00e9ny, melyet nemzeti \u00f6sszetartoz\u00e1sunkr\u00f3l a polg\u00e1ri, nemzeti korm\u00e1ny alkotott, a magyarok nagy t\u00f6bbs\u00e9g\u00e9nek k\u00f6z\u00f6s\" class=\"yoast-seo-meta-tag\" \/>\n<meta property=\"og:url\" content=\"https:\/\/dorogimedence.hu\/index.php\/2020\/09\/27\/szent-istvan-dijat-adtak-at-esztergomban\/\" class=\"yoast-seo-meta-tag\" \/>\n<meta property=\"og:site_name\" content=\"Dorogi-medence Region\u00e1lis H\u00edrport\u00e1l\" class=\"yoast-seo-meta-tag\" \/>\n<meta property=\"article:publisher\" content=\"https:\/\/www.facebook.com\/dorogimedence\/\" class=\"yoast-seo-meta-tag\" \/>\n<meta property=\"article:published_time\" content=\"2020-09-27T06:20:26+00:00\" class=\"yoast-seo-meta-tag\" \/>\n<meta property=\"article:modified_time\" content=\"2020-09-27T06:21:10+00:00\" class=\"yoast-seo-meta-tag\" \/>\n<meta property=\"og:image\" content=\"https:\/\/i0.wp.com\/dorogimedence.hu\/wp-content\/uploads\/2020\/09\/mery.jpg?fit=830%2C450&ssl=1\" class=\"yoast-seo-meta-tag\" \/>\n\t<meta property=\"og:image:width\" content=\"830\" class=\"yoast-seo-meta-tag\" \/>\n\t<meta property=\"og:image:height\" content=\"450\" class=\"yoast-seo-meta-tag\" \/>\n\t<meta property=\"og:image:type\" content=\"image\/jpeg\" class=\"yoast-seo-meta-tag\" \/>\n<meta name=\"author\" content=\"dorogimedence.hu\" class=\"yoast-seo-meta-tag\" \/>\n<meta name=\"twitter:card\" content=\"summary_large_image\" class=\"yoast-seo-meta-tag\" \/>\n<meta name=\"twitter:label1\" content=\"Szerz\u0151:\" class=\"yoast-seo-meta-tag\" \/>\n\t<meta name=\"twitter:data1\" content=\"dorogimedence.hu\" class=\"yoast-seo-meta-tag\" \/>\n\t<meta name=\"twitter:label2\" content=\"Becs\u00fclt olvas\u00e1si id\u0151\" class=\"yoast-seo-meta-tag\" \/>\n\t<meta name=\"twitter:data2\" content=\"2 perc\" class=\"yoast-seo-meta-tag\" \/>\n<script type=\"application\/ld+json\" class=\"yoast-schema-graph\">{\"@context\":\"https:\\\/\\\/schema.org\",\"@graph\":[{\"@type\":\"Article\",\"@id\":\"https:\\\/\\\/dorogimedence.hu\\\/index.php\\\/2020\\\/09\\\/27\\\/szent-istvan-dijat-adtak-at-esztergomban\\\/#article\",\"isPartOf\":{\"@id\":\"https:\\\/\\\/dorogimedence.hu\\\/index.php\\\/2020\\\/09\\\/27\\\/szent-istvan-dijat-adtak-at-esztergomban\\\/\"},\"author\":{\"name\":\"dorogimedence.hu\",\"@id\":\"https:\\\/\\\/dorogimedence.hu\\\/#\\\/schema\\\/person\\\/ce6091eeb7e95ecdc87890d6aa8e0fd4\"},\"headline\":\"Szent Istv\u00e1n-d\u00edjat adtak \u00e1t Esztergomban\",\"datePublished\":\"2020-09-27T06:20:26+00:00\",\"dateModified\":\"2020-09-27T06:21:10+00:00\",\"mainEntityOfPage\":{\"@id\":\"https:\\\/\\\/dorogimedence.hu\\\/index.php\\\/2020\\\/09\\\/27\\\/szent-istvan-dijat-adtak-at-esztergomban\\\/\"},\"wordCount\":444,\"publisher\":{\"@id\":\"https:\\\/\\\/dorogimedence.hu\\\/#organization\"},\"image\":{\"@id\":\"https:\\\/\\\/dorogimedence.hu\\\/index.php\\\/2020\\\/09\\\/27\\\/szent-istvan-dijat-adtak-at-esztergomban\\\/#primaryimage\"},\"thumbnailUrl\":\"https:\\\/\\\/dorogimedence.hu\\\/wp-content\\\/uploads\\\/2020\\\/09\\\/mery.jpg\",\"keywords\":[\"esztergom\",\"Szent Istv\u00e1n-d\u00edj\"],\"articleSection\":[\"Esztergom\",\"H\u00edrek\"],\"inLanguage\":\"hu\"},{\"@type\":\"WebPage\",\"@id\":\"https:\\\/\\\/dorogimedence.hu\\\/index.php\\\/2020\\\/09\\\/27\\\/szent-istvan-dijat-adtak-at-esztergomban\\\/\",\"url\":\"https:\\\/\\\/dorogimedence.hu\\\/index.php\\\/2020\\\/09\\\/27\\\/szent-istvan-dijat-adtak-at-esztergomban\\\/\",\"name\":\"Szent Istv\u00e1n-d\u00edjat adtak \u00e1t Esztergomban\",\"isPartOf\":{\"@id\":\"https:\\\/\\\/dorogimedence.hu\\\/#website\"},\"primaryImageOfPage\":{\"@id\":\"https:\\\/\\\/dorogimedence.hu\\\/index.php\\\/2020\\\/09\\\/27\\\/szent-istvan-dijat-adtak-at-esztergomban\\\/#primaryimage\"},\"image\":{\"@id\":\"https:\\\/\\\/dorogimedence.hu\\\/index.php\\\/2020\\\/09\\\/27\\\/szent-istvan-dijat-adtak-at-esztergomban\\\/#primaryimage\"},\"thumbnailUrl\":\"https:\\\/\\\/dorogimedence.hu\\\/wp-content\\\/uploads\\\/2020\\\/09\\\/mery.jpg\",\"datePublished\":\"2020-09-27T06:20:26+00:00\",\"dateModified\":\"2020-09-27T06:21:10+00:00\",\"breadcrumb\":{\"@id\":\"https:\\\/\\\/dorogimedence.hu\\\/index.php\\\/2020\\\/09\\\/27\\\/szent-istvan-dijat-adtak-at-esztergomban\\\/#breadcrumb\"},\"inLanguage\":\"hu\",\"potentialAction\":[{\"@type\":\"ReadAction\",\"target\":[\"https:\\\/\\\/dorogimedence.hu\\\/index.php\\\/2020\\\/09\\\/27\\\/szent-istvan-dijat-adtak-at-esztergomban\\\/\"]}]},{\"@type\":\"ImageObject\",\"inLanguage\":\"hu\",\"@id\":\"https:\\\/\\\/dorogimedence.hu\\\/index.php\\\/2020\\\/09\\\/27\\\/szent-istvan-dijat-adtak-at-esztergomban\\\/#primaryimage\",\"url\":\"https:\\\/\\\/dorogimedence.hu\\\/wp-content\\\/uploads\\\/2020\\\/09\\\/mery.jpg\",\"contentUrl\":\"https:\\\/\\\/dorogimedence.hu\\\/wp-content\\\/uploads\\\/2020\\\/09\\\/mery.jpg\",\"width\":830,\"height\":450},{\"@type\":\"BreadcrumbList\",\"@id\":\"https:\\\/\\\/dorogimedence.hu\\\/index.php\\\/2020\\\/09\\\/27\\\/szent-istvan-dijat-adtak-at-esztergomban\\\/#breadcrumb\",\"itemListElement\":[{\"@type\":\"ListItem\",\"position\":1,\"name\":\"Kezd\u0151lap\",\"item\":\"https:\\\/\\\/dorogimedence.hu\\\/\"},{\"@type\":\"ListItem\",\"position\":2,\"name\":\"Szent Istv\u00e1n-d\u00edjat adtak \u00e1t Esztergomban\"}]},{\"@type\":\"WebSite\",\"@id\":\"https:\\\/\\\/dorogimedence.hu\\\/#website\",\"url\":\"https:\\\/\\\/dorogimedence.hu\\\/\",\"name\":\"Dorogi-medence Region\u00e1lis H\u00edrport\u00e1l\",\"description\":\"Dorog, Keszt\u00f6lc, Le\u00e1nyv\u00e1r, Piliscs\u00e9v, Tokod, Tokodalt\u00e1r\u00f3, Csolnok, Esztergom-kertv\u00e1ros: h\u00edrek, programok\",\"publisher\":{\"@id\":\"https:\\\/\\\/dorogimedence.hu\\\/#organization\"},\"potentialAction\":[{\"@type\":\"SearchAction\",\"target\":{\"@type\":\"EntryPoint\",\"urlTemplate\":\"https:\\\/\\\/dorogimedence.hu\\\/?s={search_term_string}\"},\"query-input\":{\"@type\":\"PropertyValueSpecification\",\"valueRequired\":true,\"valueName\":\"search_term_string\"}}],\"inLanguage\":\"hu\"},{\"@type\":\"Organization\",\"@id\":\"https:\\\/\\\/dorogimedence.hu\\\/#organization\",\"name\":\"Dorogi-medence Region\u00e1lis H\u00edrport\u00e1l\",\"url\":\"https:\\\/\\\/dorogimedence.hu\\\/\",\"logo\":{\"@type\":\"ImageObject\",\"inLanguage\":\"hu\",\"@id\":\"https:\\\/\\\/dorogimedence.hu\\\/#\\\/schema\\\/logo\\\/image\\\/\",\"url\":\"https:\\\/\\\/dorogimedence.hu\\\/wp-content\\\/uploads\\\/2021\\\/04\\\/logo-feher-600.png\",\"contentUrl\":\"https:\\\/\\\/dorogimedence.hu\\\/wp-content\\\/uploads\\\/2021\\\/04\\\/logo-feher-600.png\",\"width\":600,\"height\":100,\"caption\":\"Dorogi-medence Region\u00e1lis H\u00edrport\u00e1l\"},\"image\":{\"@id\":\"https:\\\/\\\/dorogimedence.hu\\\/#\\\/schema\\\/logo\\\/image\\\/\"},\"sameAs\":[\"https:\\\/\\\/www.facebook.com\\\/dorogimedence\\\/\"]},{\"@type\":\"Person\",\"@id\":\"https:\\\/\\\/dorogimedence.hu\\\/#\\\/schema\\\/person\\\/ce6091eeb7e95ecdc87890d6aa8e0fd4\",\"name\":\"dorogimedence.hu\",\"image\":{\"@type\":\"ImageObject\",\"inLanguage\":\"hu\",\"@id\":\"\\\/\\\/www.gravatar.com\\\/avatar\\\/d8d45f8901aadff40a4af72c0b826f1d?s=96&#038;r=g&#038;d=mm\",\"url\":\"\\\/\\\/www.gravatar.com\\\/avatar\\\/d8d45f8901aadff40a4af72c0b826f1d?s=96&#038;r=g&#038;d=mm\",\"contentUrl\":\"\\\/\\\/www.gravatar.com\\\/avatar\\\/d8d45f8901aadff40a4af72c0b826f1d?s=96&#038;r=g&#038;d=mm\",\"caption\":\"dorogimedence.hu\"}}]}<\/script>\n<!-- \/ Yoast SEO plugin. -->","yoast_head_json":{"title":"Szent Istv\u00e1n-d\u00edjat adtak \u00e1t Esztergomban","robots":{"index":"index","follow":"follow","max-snippet":"max-snippet:-1","max-image-preview":"max-image-preview:large","max-video-preview":"max-video-preview:-1"},"canonical":"https:\/\/dorogimedence.hu\/index.php\/2020\/09\/27\/szent-istvan-dijat-adtak-at-esztergomban\/","og_locale":"hu_HU","og_type":"article","og_title":"Szent Istv\u00e1n-d\u00edjat adtak \u00e1t Esztergomban","og_description":"A politikai akaratnak, az emberek \u00e9s k\u00f6z\u00f6ss\u00e9geik tetteinek egy\u00fcttesen k\u00f6sz\u00f6nhet\u0151, hogy &#8222;ism\u00e9t a mi\u00e9nk a magyars\u00e1g egys\u00e9g\u00e9nek tudata \u00e9s \u00f6r\u00f6me&#8221; &#8211; mondta Varga Mih\u00e1ly p\u00e9nz\u00fcgyminiszter szombaton Esztergomban, ahol Szent Istv\u00e1n-d\u00edjjal t\u00fcntett\u00e9k ki M\u00e9ry G\u00e1bor felvid\u00e9ki k\u00f6nyvkiad\u00f3t. Varga Mih\u00e1ly kiemelte: &#8222;Az a t\u00f6rv\u00e9ny, melyet nemzeti \u00f6sszetartoz\u00e1sunkr\u00f3l a polg\u00e1ri, nemzeti korm\u00e1ny alkotott, a magyarok nagy t\u00f6bbs\u00e9g\u00e9nek k\u00f6z\u00f6s","og_url":"https:\/\/dorogimedence.hu\/index.php\/2020\/09\/27\/szent-istvan-dijat-adtak-at-esztergomban\/","og_site_name":"Dorogi-medence Region\u00e1lis H\u00edrport\u00e1l","article_publisher":"https:\/\/www.facebook.com\/dorogimedence\/","article_published_time":"2020-09-27T06:20:26+00:00","article_modified_time":"2020-09-27T06:21:10+00:00","og_image":[{"width":830,"height":450,"url":"https:\/\/i0.wp.com\/dorogimedence.hu\/wp-content\/uploads\/2020\/09\/mery.jpg?fit=830%2C450&ssl=1","type":"image\/jpeg"}],"author":"dorogimedence.hu","twitter_card":"summary_large_image","twitter_misc":{"Szerz\u0151:":"dorogimedence.hu","Becs\u00fclt olvas\u00e1si id\u0151":"2 perc"},"schema":{"@context":"https:\/\/schema.org","@graph":[{"@type":"Article","@id":"https:\/\/dorogimedence.hu\/index.php\/2020\/09\/27\/szent-istvan-dijat-adtak-at-esztergomban\/#article","isPartOf":{"@id":"https:\/\/dorogimedence.hu\/index.php\/2020\/09\/27\/szent-istvan-dijat-adtak-at-esztergomban\/"},"author":{"name":"dorogimedence.hu","@id":"https:\/\/dorogimedence.hu\/#\/schema\/person\/ce6091eeb7e95ecdc87890d6aa8e0fd4"},"headline":"Szent Istv\u00e1n-d\u00edjat adtak \u00e1t Esztergomban","datePublished":"2020-09-27T06:20:26+00:00","dateModified":"2020-09-27T06:21:10+00:00","mainEntityOfPage":{"@id":"https:\/\/dorogimedence.hu\/index.php\/2020\/09\/27\/szent-istvan-dijat-adtak-at-esztergomban\/"},"wordCount":444,"publisher":{"@id":"https:\/\/dorogimedence.hu\/#organization"},"image":{"@id":"https:\/\/dorogimedence.hu\/index.php\/2020\/09\/27\/szent-istvan-dijat-adtak-at-esztergomban\/#primaryimage"},"thumbnailUrl":"https:\/\/dorogimedence.hu\/wp-content\/uploads\/2020\/09\/mery.jpg","keywords":["esztergom","Szent Istv\u00e1n-d\u00edj"],"articleSection":["Esztergom","H\u00edrek"],"inLanguage":"hu"},{"@type":"WebPage","@id":"https:\/\/dorogimedence.hu\/index.php\/2020\/09\/27\/szent-istvan-dijat-adtak-at-esztergomban\/","url":"https:\/\/dorogimedence.hu\/index.php\/2020\/09\/27\/szent-istvan-dijat-adtak-at-esztergomban\/","name":"Szent Istv\u00e1n-d\u00edjat adtak \u00e1t Esztergomban","isPartOf":{"@id":"https:\/\/dorogimedence.hu\/#website"},"primaryImageOfPage":{"@id":"https:\/\/dorogimedence.hu\/index.php\/2020\/09\/27\/szent-istvan-dijat-adtak-at-esztergomban\/#primaryimage"},"image":{"@id":"https:\/\/dorogimedence.hu\/index.php\/2020\/09\/27\/szent-istvan-dijat-adtak-at-esztergomban\/#primaryimage"},"thumbnailUrl":"https:\/\/dorogimedence.hu\/wp-content\/uploads\/2020\/09\/mery.jpg","datePublished":"2020-09-27T06:20:26+00:00","dateModified":"2020-09-27T06:21:10+00:00","breadcrumb":{"@id":"https:\/\/dorogimedence.hu\/index.php\/2020\/09\/27\/szent-istvan-dijat-adtak-at-esztergomban\/#breadcrumb"},"inLanguage":"hu","potentialAction":[{"@type":"ReadAction","target":["https:\/\/dorogimedence.hu\/index.php\/2020\/09\/27\/szent-istvan-dijat-adtak-at-esztergomban\/"]}]},{"@type":"ImageObject","inLanguage":"hu","@id":"https:\/\/dorogimedence.hu\/index.php\/2020\/09\/27\/szent-istvan-dijat-adtak-at-esztergomban\/#primaryimage","url":"https:\/\/dorogimedence.hu\/wp-content\/uploads\/2020\/09\/mery.jpg","contentUrl":"https:\/\/dorogimedence.hu\/wp-content\/uploads\/2020\/09\/mery.jpg","width":830,"height":450},{"@type":"BreadcrumbList","@id":"https:\/\/dorogimedence.hu\/index.php\/2020\/09\/27\/szent-istvan-dijat-adtak-at-esztergomban\/#breadcrumb","itemListElement":[{"@type":"ListItem","position":1,"name":"Kezd\u0151lap","item":"https:\/\/dorogimedence.hu\/"},{"@type":"ListItem","position":2,"name":"Szent Istv\u00e1n-d\u00edjat adtak \u00e1t Esztergomban"}]},{"@type":"WebSite","@id":"https:\/\/dorogimedence.hu\/#website","url":"https:\/\/dorogimedence.hu\/","name":"Dorogi-medence Region\u00e1lis H\u00edrport\u00e1l","description":"Dorog, Keszt\u00f6lc, Le\u00e1nyv\u00e1r, Piliscs\u00e9v, Tokod, Tokodalt\u00e1r\u00f3, Csolnok, Esztergom-kertv\u00e1ros: h\u00edrek, programok","publisher":{"@id":"https:\/\/dorogimedence.hu\/#organization"},"potentialAction":[{"@type":"SearchAction","target":{"@type":"EntryPoint","urlTemplate":"https:\/\/dorogimedence.hu\/?s={search_term_string}"},"query-input":{"@type":"PropertyValueSpecification","valueRequired":true,"valueName":"search_term_string"}}],"inLanguage":"hu"},{"@type":"Organization","@id":"https:\/\/dorogimedence.hu\/#organization","name":"Dorogi-medence Region\u00e1lis H\u00edrport\u00e1l","url":"https:\/\/dorogimedence.hu\/","logo":{"@type":"ImageObject","inLanguage":"hu","@id":"https:\/\/dorogimedence.hu\/#\/schema\/logo\/image\/","url":"https:\/\/dorogimedence.hu\/wp-content\/uploads\/2021\/04\/logo-feher-600.png","contentUrl":"https:\/\/dorogimedence.hu\/wp-content\/uploads\/2021\/04\/logo-feher-600.png","width":600,"height":100,"caption":"Dorogi-medence Region\u00e1lis H\u00edrport\u00e1l"},"image":{"@id":"https:\/\/dorogimedence.hu\/#\/schema\/logo\/image\/"},"sameAs":["https:\/\/www.facebook.com\/dorogimedence\/"]},{"@type":"Person","@id":"https:\/\/dorogimedence.hu\/#\/schema\/person\/ce6091eeb7e95ecdc87890d6aa8e0fd4","name":"dorogimedence.hu","image":{"@type":"ImageObject","inLanguage":"hu","@id":"\/\/www.gravatar.com\/avatar\/d8d45f8901aadff40a4af72c0b826f1d?s=96&#038;r=g&#038;d=mm","url":"\/\/www.gravatar.com\/avatar\/d8d45f8901aadff40a4af72c0b826f1d?s=96&#038;r=g&#038;d=mm","contentUrl":"\/\/www.gravatar.com\/avatar\/d8d45f8901aadff40a4af72c0b826f1d?s=96&#038;r=g&#038;d=mm","caption":"dorogimedence.hu"}}]}},"_links":{"self":[{"href":"https:\/\/dorogimedence.hu\/index.php\/wp-json\/wp\/v2\/posts\/27579","targetHints":{"allow":["GET"]}}],"collection":[{"href":"https:\/\/dorogimedence.hu\/index.php\/wp-json\/wp\/v2\/posts"}],"about":[{"href":"https:\/\/dorogimedence.hu\/index.php\/wp-json\/wp\/v2\/types\/post"}],"author":[{"embeddable":true,"href":"https:\/\/dorogimedence.hu\/index.php\/wp-json\/wp\/v2\/users\/1"}],"replies":[{"embeddable":true,"href":"https:\/\/dorogimedence.hu\/index.php\/wp-json\/wp\/v2\/comments?post=27579"}],"version-history":[{"count":0,"href":"https:\/\/dorogimedence.hu\/index.php\/wp-json\/wp\/v2\/posts\/27579\/revisions"}],"wp:featuredmedia":[{"embeddable":true,"href":"https:\/\/dorogimedence.hu\/index.php\/wp-json\/wp\/v2\/media\/27581"}],"wp:attachment":[{"href":"https:\/\/dorogimedence.hu\/index.php\/wp-json\/wp\/v2\/media?parent=27579"}],"wp:term":[{"taxonomy":"category","embeddable":true,"href":"https:\/\/dorogimedence.hu\/index.php\/wp-json\/wp\/v2\/categories?post=27579"},{"taxonomy":"post_tag","embeddable":true,"href":"https:\/\/dorogimedence.hu\/index.php\/wp-json\/wp\/v2\/tags?post=27579"}],"curies":[{"name":"wp","href":"https:\/\/api.w.org\/{rel}","templated":true}]}}