{"id":27526,"date":"2020-09-24T19:00:29","date_gmt":"2020-09-24T17:00:29","guid":{"rendered":"http:\/\/dorogimedence.hu\/?p=27526"},"modified":"2020-09-24T19:00:36","modified_gmt":"2020-09-24T17:00:36","slug":"kesztolcon-es-csolnokon-is-koncertezett-a-sic-transit","status":"publish","type":"post","link":"https:\/\/dorogimedence.hu\/index.php\/2020\/09\/24\/kesztolcon-es-csolnokon-is-koncertezett-a-sic-transit\/","title":{"rendered":"Keszt\u00f6lc\u00f6n \u00e9s Csolnokon is koncertezett a Sic Transit"},"content":{"rendered":"<p><strong>Szeptember 13-\u00e1n Keszt\u00f6lc\u00f6n, szeptember 18-\u00e1n pedig Csolnokon mutatta be a Sic Transit Folk M\u0171hely a Trianon 100 c\u00edm\u0171 koncertj\u00e9t. Az el\u0151ad\u00e1sok az EMMI t\u00e1mogat\u00e1s\u00e1val val\u00f3sultak meg.<\/strong><\/p>\n<p>Az esztergomi csapat idei m\u0171sora a trianoni b\u00e9keszerz\u0151d\u00e9s sz\u00e1zadik \u00e9vfordul\u00f3j\u00e1nak tiszteleg &#8211; alc\u00edme: hat\u00e1rtalon magyar n\u00e9pdalok, kicsit m\u00e1sk\u00e9nt.<\/p>\n<p>Augusztusban az Esztergomi V\u00e1rsz\u00ednh\u00e1zban telth\u00e1z mellett mutatt\u00e1k be ezt a koncertet, melyet szeptemberben a keszt\u00f6lci \u00e9s a csolnoki sz\u00e9psz\u00e1m\u00fa k\u00f6z\u00f6ns\u00e9ghez is elvittek.<\/p>\n<p><img fetchpriority=\"high\" decoding=\"async\" class=\"alignnone size-large wp-image-27528\" src=\"https:\/\/dorogimedence.hu\/wp-content\/uploads\/2020\/09\/119973041_2424633661164331_5350311941161813826_o-1024x683.jpg\" alt=\"\" width=\"665\" height=\"444\" srcset=\"https:\/\/dorogimedence.hu\/wp-content\/uploads\/2020\/09\/119973041_2424633661164331_5350311941161813826_o-1024x683.jpg 1024w, https:\/\/dorogimedence.hu\/wp-content\/uploads\/2020\/09\/119973041_2424633661164331_5350311941161813826_o-300x200.jpg 300w, https:\/\/dorogimedence.hu\/wp-content\/uploads\/2020\/09\/119973041_2424633661164331_5350311941161813826_o-768x512.jpg 768w, https:\/\/dorogimedence.hu\/wp-content\/uploads\/2020\/09\/119973041_2424633661164331_5350311941161813826_o-1536x1024.jpg 1536w, https:\/\/dorogimedence.hu\/wp-content\/uploads\/2020\/09\/119973041_2424633661164331_5350311941161813826_o-589x392.jpg 589w, https:\/\/dorogimedence.hu\/wp-content\/uploads\/2020\/09\/119973041_2424633661164331_5350311941161813826_o-272x182.jpg 272w, https:\/\/dorogimedence.hu\/wp-content\/uploads\/2020\/09\/119973041_2424633661164331_5350311941161813826_o.jpg 2048w\" sizes=\"(max-width: 665px) 100vw, 665px\" \/><\/p>\n<p>Steindl Bal\u00e1zs, a megyei k\u00f6zgy\u0171l\u00e9s eln\u00f6ke mind a k\u00e9t helysz\u00ednen elmondta, hogy a Kom\u00e1rom-Esztergom Megyei \u00d6nkorm\u00e1nyzat, az Emberi Er\u0151forr\u00e1sok Miniszt\u00e9riuma Emberi Er\u0151forr\u00e1s T\u00e1mogat\u00e1skezel\u0151 szervezet\u00e9t\u0151l 20 milli\u00f3 forintos t\u00e1mogat\u00e1st kapott arra, hogy a megy\u00e9nkben tal\u00e1lhat\u00f3 kistelep\u00fcl\u00e9sek kultur\u00e1lis rendezv\u00e9nyeit, valamint a megy\u00e9ben m\u0171k\u00f6d\u0151 el\u0151ad\u00f3kat, zenekarokat t\u00e1mogassa. Ez \u00e1ltal val\u00f3sulhatott meg a Sic Transit Folk M\u0171hely koncertje Csolnokon \u00e9s Keszt\u00f6lc\u00f6n. Hozz\u00e1tette, hogy a Trianon 100. \u00e9vfordul\u00f3j\u00e1nak alkalm\u00e1b\u00f3l a Sic Transit Folk M\u0171hely tematikus m\u0171sor\u00e1ban a magyar n\u00e9pdalok ir\u00e1nt \u00e9rzett hat\u00e1rtalan rajong\u00e1st \u00e9s tiszteletet l\u00e1thatjuk.<\/p>\n<p><strong>Felv\u00e9tel a keszt\u00f6lci koncertr\u0151l:<\/strong><\/p>\n<p><iframe title=\"Sic Transit Folk M\u0171hely - Trianon 100 el\u0151ad\u00e1sa Keszt\u00f6lc\u00f6n\" width=\"755\" height=\"425\" src=\"https:\/\/www.youtube.com\/embed\/PCC70A27rug?feature=oembed\" frameborder=\"0\" allow=\"accelerometer; autoplay; clipboard-write; encrypted-media; gyroscope; picture-in-picture; web-share\" referrerpolicy=\"strict-origin-when-cross-origin\" allowfullscreen><\/iframe><\/p>\n<p><em>Fot\u00f3k: Kom\u00e1rom-Esztergom Megyei \u00d6nkorm\u00e1nyzat (a csolnoki koncertr\u0151l)<\/em><\/p>\n<p>&nbsp;<\/p>\n<p>&nbsp;<\/p>\n","protected":false},"excerpt":{"rendered":"<p>Szeptember 13-\u00e1n Keszt\u00f6lc\u00f6n, szeptember 18-\u00e1n pedig Csolnokon mutatta be a Sic Transit Folk M\u0171hely a Trianon 100 c\u00edm\u0171 koncertj\u00e9t. Az el\u0151ad\u00e1sok az EMMI t\u00e1mogat\u00e1s\u00e1val val\u00f3sultak meg. Az esztergomi csapat idei m\u0171sora a trianoni b\u00e9keszerz\u0151d\u00e9s sz\u00e1zadik \u00e9vfordul\u00f3j\u00e1nak tiszteleg &#8211; alc\u00edme: hat\u00e1rtalon magyar n\u00e9pdalok, kicsit m\u00e1sk\u00e9nt. Augusztusban az Esztergomi V\u00e1rsz\u00ednh\u00e1zban telth\u00e1z mellett mutatt\u00e1k be ezt a koncertet,<\/p>\n","protected":false},"author":1,"featured_media":27529,"comment_status":"closed","ping_status":"closed","sticky":false,"template":"","format":"standard","meta":{"ngg_post_thumbnail":0,"footnotes":""},"categories":[64,3,8],"tags":[66,129,119,5137],"class_list":{"0":"post-27526","1":"post","2":"type-post","3":"status-publish","4":"format-standard","5":"has-post-thumbnail","7":"category-csolnok","8":"category-hirek","9":"category-kesztolc","10":"tag-csolnok","11":"tag-kesztolc","12":"tag-koncert","13":"tag-sic-transit-folk-muhely"},"yoast_head":"<!-- This site is optimized with the Yoast SEO plugin v27.5 - https:\/\/yoast.com\/product\/yoast-seo-wordpress\/ -->\n<title>Keszt\u00f6lc\u00f6n \u00e9s Csolnokon is koncertezett a Sic Transit<\/title>\n<meta name=\"robots\" content=\"index, follow, max-snippet:-1, max-image-preview:large, max-video-preview:-1\" \/>\n<link rel=\"canonical\" href=\"https:\/\/dorogimedence.hu\/index.php\/2020\/09\/24\/kesztolcon-es-csolnokon-is-koncertezett-a-sic-transit\/\" class=\"yoast-seo-meta-tag\" \/>\n<meta property=\"og:locale\" content=\"hu_HU\" class=\"yoast-seo-meta-tag\" \/>\n<meta property=\"og:type\" content=\"article\" class=\"yoast-seo-meta-tag\" \/>\n<meta property=\"og:title\" content=\"Keszt\u00f6lc\u00f6n \u00e9s Csolnokon is koncertezett a Sic Transit\" class=\"yoast-seo-meta-tag\" \/>\n<meta property=\"og:description\" content=\"Szeptember 13-\u00e1n Keszt\u00f6lc\u00f6n, szeptember 18-\u00e1n pedig Csolnokon mutatta be a Sic Transit Folk M\u0171hely a Trianon 100 c\u00edm\u0171 koncertj\u00e9t. Az el\u0151ad\u00e1sok az EMMI t\u00e1mogat\u00e1s\u00e1val val\u00f3sultak meg. Az esztergomi csapat idei m\u0171sora a trianoni b\u00e9keszerz\u0151d\u00e9s sz\u00e1zadik \u00e9vfordul\u00f3j\u00e1nak tiszteleg &#8211; alc\u00edme: hat\u00e1rtalon magyar n\u00e9pdalok, kicsit m\u00e1sk\u00e9nt. Augusztusban az Esztergomi V\u00e1rsz\u00ednh\u00e1zban telth\u00e1z mellett mutatt\u00e1k be ezt a koncertet,\" class=\"yoast-seo-meta-tag\" \/>\n<meta property=\"og:url\" content=\"https:\/\/dorogimedence.hu\/index.php\/2020\/09\/24\/kesztolcon-es-csolnokon-is-koncertezett-a-sic-transit\/\" class=\"yoast-seo-meta-tag\" \/>\n<meta property=\"og:site_name\" content=\"Dorogi-medence Region\u00e1lis H\u00edrport\u00e1l\" class=\"yoast-seo-meta-tag\" \/>\n<meta property=\"article:publisher\" content=\"https:\/\/www.facebook.com\/dorogimedence\/\" class=\"yoast-seo-meta-tag\" \/>\n<meta property=\"article:published_time\" content=\"2020-09-24T17:00:29+00:00\" class=\"yoast-seo-meta-tag\" \/>\n<meta property=\"article:modified_time\" content=\"2020-09-24T17:00:36+00:00\" class=\"yoast-seo-meta-tag\" \/>\n<meta property=\"og:image\" content=\"https:\/\/i0.wp.com\/dorogimedence.hu\/wp-content\/uploads\/2020\/09\/sic-transit.jpg?fit=830%2C450&ssl=1\" class=\"yoast-seo-meta-tag\" \/>\n\t<meta property=\"og:image:width\" content=\"830\" class=\"yoast-seo-meta-tag\" \/>\n\t<meta property=\"og:image:height\" content=\"450\" class=\"yoast-seo-meta-tag\" \/>\n\t<meta property=\"og:image:type\" content=\"image\/jpeg\" class=\"yoast-seo-meta-tag\" \/>\n<meta name=\"author\" content=\"dorogimedence.hu\" class=\"yoast-seo-meta-tag\" \/>\n<meta name=\"twitter:card\" content=\"summary_large_image\" class=\"yoast-seo-meta-tag\" \/>\n<meta name=\"twitter:label1\" content=\"Szerz\u0151:\" class=\"yoast-seo-meta-tag\" \/>\n\t<meta name=\"twitter:data1\" content=\"dorogimedence.hu\" class=\"yoast-seo-meta-tag\" \/>\n\t<meta name=\"twitter:label2\" content=\"Becs\u00fclt olvas\u00e1si id\u0151\" class=\"yoast-seo-meta-tag\" \/>\n\t<meta name=\"twitter:data2\" content=\"1 perc\" class=\"yoast-seo-meta-tag\" \/>\n<script type=\"application\/ld+json\" class=\"yoast-schema-graph\">{\"@context\":\"https:\\\/\\\/schema.org\",\"@graph\":[{\"@type\":\"Article\",\"@id\":\"https:\\\/\\\/dorogimedence.hu\\\/index.php\\\/2020\\\/09\\\/24\\\/kesztolcon-es-csolnokon-is-koncertezett-a-sic-transit\\\/#article\",\"isPartOf\":{\"@id\":\"https:\\\/\\\/dorogimedence.hu\\\/index.php\\\/2020\\\/09\\\/24\\\/kesztolcon-es-csolnokon-is-koncertezett-a-sic-transit\\\/\"},\"author\":{\"name\":\"dorogimedence.hu\",\"@id\":\"https:\\\/\\\/dorogimedence.hu\\\/#\\\/schema\\\/person\\\/ce6091eeb7e95ecdc87890d6aa8e0fd4\"},\"headline\":\"Keszt\u00f6lc\u00f6n \u00e9s Csolnokon is koncertezett a Sic Transit\",\"datePublished\":\"2020-09-24T17:00:29+00:00\",\"dateModified\":\"2020-09-24T17:00:36+00:00\",\"mainEntityOfPage\":{\"@id\":\"https:\\\/\\\/dorogimedence.hu\\\/index.php\\\/2020\\\/09\\\/24\\\/kesztolcon-es-csolnokon-is-koncertezett-a-sic-transit\\\/\"},\"wordCount\":268,\"publisher\":{\"@id\":\"https:\\\/\\\/dorogimedence.hu\\\/#organization\"},\"image\":{\"@id\":\"https:\\\/\\\/dorogimedence.hu\\\/index.php\\\/2020\\\/09\\\/24\\\/kesztolcon-es-csolnokon-is-koncertezett-a-sic-transit\\\/#primaryimage\"},\"thumbnailUrl\":\"https:\\\/\\\/dorogimedence.hu\\\/wp-content\\\/uploads\\\/2020\\\/09\\\/sic-transit.jpg\",\"keywords\":[\"Csolnok\",\"Keszt\u00f6lc\",\"koncert\",\"Sic Transit Folk M\u0171hely\"],\"articleSection\":[\"Csolnok\",\"H\u00edrek\",\"Keszt\u00f6lc\"],\"inLanguage\":\"hu\"},{\"@type\":\"WebPage\",\"@id\":\"https:\\\/\\\/dorogimedence.hu\\\/index.php\\\/2020\\\/09\\\/24\\\/kesztolcon-es-csolnokon-is-koncertezett-a-sic-transit\\\/\",\"url\":\"https:\\\/\\\/dorogimedence.hu\\\/index.php\\\/2020\\\/09\\\/24\\\/kesztolcon-es-csolnokon-is-koncertezett-a-sic-transit\\\/\",\"name\":\"Keszt\u00f6lc\u00f6n \u00e9s Csolnokon is koncertezett a Sic Transit\",\"isPartOf\":{\"@id\":\"https:\\\/\\\/dorogimedence.hu\\\/#website\"},\"primaryImageOfPage\":{\"@id\":\"https:\\\/\\\/dorogimedence.hu\\\/index.php\\\/2020\\\/09\\\/24\\\/kesztolcon-es-csolnokon-is-koncertezett-a-sic-transit\\\/#primaryimage\"},\"image\":{\"@id\":\"https:\\\/\\\/dorogimedence.hu\\\/index.php\\\/2020\\\/09\\\/24\\\/kesztolcon-es-csolnokon-is-koncertezett-a-sic-transit\\\/#primaryimage\"},\"thumbnailUrl\":\"https:\\\/\\\/dorogimedence.hu\\\/wp-content\\\/uploads\\\/2020\\\/09\\\/sic-transit.jpg\",\"datePublished\":\"2020-09-24T17:00:29+00:00\",\"dateModified\":\"2020-09-24T17:00:36+00:00\",\"breadcrumb\":{\"@id\":\"https:\\\/\\\/dorogimedence.hu\\\/index.php\\\/2020\\\/09\\\/24\\\/kesztolcon-es-csolnokon-is-koncertezett-a-sic-transit\\\/#breadcrumb\"},\"inLanguage\":\"hu\",\"potentialAction\":[{\"@type\":\"ReadAction\",\"target\":[\"https:\\\/\\\/dorogimedence.hu\\\/index.php\\\/2020\\\/09\\\/24\\\/kesztolcon-es-csolnokon-is-koncertezett-a-sic-transit\\\/\"]}]},{\"@type\":\"ImageObject\",\"inLanguage\":\"hu\",\"@id\":\"https:\\\/\\\/dorogimedence.hu\\\/index.php\\\/2020\\\/09\\\/24\\\/kesztolcon-es-csolnokon-is-koncertezett-a-sic-transit\\\/#primaryimage\",\"url\":\"https:\\\/\\\/dorogimedence.hu\\\/wp-content\\\/uploads\\\/2020\\\/09\\\/sic-transit.jpg\",\"contentUrl\":\"https:\\\/\\\/dorogimedence.hu\\\/wp-content\\\/uploads\\\/2020\\\/09\\\/sic-transit.jpg\",\"width\":830,\"height\":450},{\"@type\":\"BreadcrumbList\",\"@id\":\"https:\\\/\\\/dorogimedence.hu\\\/index.php\\\/2020\\\/09\\\/24\\\/kesztolcon-es-csolnokon-is-koncertezett-a-sic-transit\\\/#breadcrumb\",\"itemListElement\":[{\"@type\":\"ListItem\",\"position\":1,\"name\":\"Kezd\u0151lap\",\"item\":\"https:\\\/\\\/dorogimedence.hu\\\/\"},{\"@type\":\"ListItem\",\"position\":2,\"name\":\"Keszt\u00f6lc\u00f6n \u00e9s Csolnokon is koncertezett a Sic Transit\"}]},{\"@type\":\"WebSite\",\"@id\":\"https:\\\/\\\/dorogimedence.hu\\\/#website\",\"url\":\"https:\\\/\\\/dorogimedence.hu\\\/\",\"name\":\"Dorogi-medence Region\u00e1lis H\u00edrport\u00e1l\",\"description\":\"Dorog, Keszt\u00f6lc, Le\u00e1nyv\u00e1r, Piliscs\u00e9v, Tokod, Tokodalt\u00e1r\u00f3, Csolnok, Esztergom-kertv\u00e1ros: h\u00edrek, programok\",\"publisher\":{\"@id\":\"https:\\\/\\\/dorogimedence.hu\\\/#organization\"},\"potentialAction\":[{\"@type\":\"SearchAction\",\"target\":{\"@type\":\"EntryPoint\",\"urlTemplate\":\"https:\\\/\\\/dorogimedence.hu\\\/?s={search_term_string}\"},\"query-input\":{\"@type\":\"PropertyValueSpecification\",\"valueRequired\":true,\"valueName\":\"search_term_string\"}}],\"inLanguage\":\"hu\"},{\"@type\":\"Organization\",\"@id\":\"https:\\\/\\\/dorogimedence.hu\\\/#organization\",\"name\":\"Dorogi-medence Region\u00e1lis H\u00edrport\u00e1l\",\"url\":\"https:\\\/\\\/dorogimedence.hu\\\/\",\"logo\":{\"@type\":\"ImageObject\",\"inLanguage\":\"hu\",\"@id\":\"https:\\\/\\\/dorogimedence.hu\\\/#\\\/schema\\\/logo\\\/image\\\/\",\"url\":\"https:\\\/\\\/dorogimedence.hu\\\/wp-content\\\/uploads\\\/2021\\\/04\\\/logo-feher-600.png\",\"contentUrl\":\"https:\\\/\\\/dorogimedence.hu\\\/wp-content\\\/uploads\\\/2021\\\/04\\\/logo-feher-600.png\",\"width\":600,\"height\":100,\"caption\":\"Dorogi-medence Region\u00e1lis H\u00edrport\u00e1l\"},\"image\":{\"@id\":\"https:\\\/\\\/dorogimedence.hu\\\/#\\\/schema\\\/logo\\\/image\\\/\"},\"sameAs\":[\"https:\\\/\\\/www.facebook.com\\\/dorogimedence\\\/\"]},{\"@type\":\"Person\",\"@id\":\"https:\\\/\\\/dorogimedence.hu\\\/#\\\/schema\\\/person\\\/ce6091eeb7e95ecdc87890d6aa8e0fd4\",\"name\":\"dorogimedence.hu\",\"image\":{\"@type\":\"ImageObject\",\"inLanguage\":\"hu\",\"@id\":\"\\\/\\\/www.gravatar.com\\\/avatar\\\/d8d45f8901aadff40a4af72c0b826f1d?s=96&#038;r=g&#038;d=mm\",\"url\":\"\\\/\\\/www.gravatar.com\\\/avatar\\\/d8d45f8901aadff40a4af72c0b826f1d?s=96&#038;r=g&#038;d=mm\",\"contentUrl\":\"\\\/\\\/www.gravatar.com\\\/avatar\\\/d8d45f8901aadff40a4af72c0b826f1d?s=96&#038;r=g&#038;d=mm\",\"caption\":\"dorogimedence.hu\"}}]}<\/script>\n<!-- \/ Yoast SEO plugin. -->","yoast_head_json":{"title":"Keszt\u00f6lc\u00f6n \u00e9s Csolnokon is koncertezett a Sic Transit","robots":{"index":"index","follow":"follow","max-snippet":"max-snippet:-1","max-image-preview":"max-image-preview:large","max-video-preview":"max-video-preview:-1"},"canonical":"https:\/\/dorogimedence.hu\/index.php\/2020\/09\/24\/kesztolcon-es-csolnokon-is-koncertezett-a-sic-transit\/","og_locale":"hu_HU","og_type":"article","og_title":"Keszt\u00f6lc\u00f6n \u00e9s Csolnokon is koncertezett a Sic Transit","og_description":"Szeptember 13-\u00e1n Keszt\u00f6lc\u00f6n, szeptember 18-\u00e1n pedig Csolnokon mutatta be a Sic Transit Folk M\u0171hely a Trianon 100 c\u00edm\u0171 koncertj\u00e9t. Az el\u0151ad\u00e1sok az EMMI t\u00e1mogat\u00e1s\u00e1val val\u00f3sultak meg. Az esztergomi csapat idei m\u0171sora a trianoni b\u00e9keszerz\u0151d\u00e9s sz\u00e1zadik \u00e9vfordul\u00f3j\u00e1nak tiszteleg &#8211; alc\u00edme: hat\u00e1rtalon magyar n\u00e9pdalok, kicsit m\u00e1sk\u00e9nt. Augusztusban az Esztergomi V\u00e1rsz\u00ednh\u00e1zban telth\u00e1z mellett mutatt\u00e1k be ezt a koncertet,","og_url":"https:\/\/dorogimedence.hu\/index.php\/2020\/09\/24\/kesztolcon-es-csolnokon-is-koncertezett-a-sic-transit\/","og_site_name":"Dorogi-medence Region\u00e1lis H\u00edrport\u00e1l","article_publisher":"https:\/\/www.facebook.com\/dorogimedence\/","article_published_time":"2020-09-24T17:00:29+00:00","article_modified_time":"2020-09-24T17:00:36+00:00","og_image":[{"width":830,"height":450,"url":"https:\/\/i0.wp.com\/dorogimedence.hu\/wp-content\/uploads\/2020\/09\/sic-transit.jpg?fit=830%2C450&ssl=1","type":"image\/jpeg"}],"author":"dorogimedence.hu","twitter_card":"summary_large_image","twitter_misc":{"Szerz\u0151:":"dorogimedence.hu","Becs\u00fclt olvas\u00e1si id\u0151":"1 perc"},"schema":{"@context":"https:\/\/schema.org","@graph":[{"@type":"Article","@id":"https:\/\/dorogimedence.hu\/index.php\/2020\/09\/24\/kesztolcon-es-csolnokon-is-koncertezett-a-sic-transit\/#article","isPartOf":{"@id":"https:\/\/dorogimedence.hu\/index.php\/2020\/09\/24\/kesztolcon-es-csolnokon-is-koncertezett-a-sic-transit\/"},"author":{"name":"dorogimedence.hu","@id":"https:\/\/dorogimedence.hu\/#\/schema\/person\/ce6091eeb7e95ecdc87890d6aa8e0fd4"},"headline":"Keszt\u00f6lc\u00f6n \u00e9s Csolnokon is koncertezett a Sic Transit","datePublished":"2020-09-24T17:00:29+00:00","dateModified":"2020-09-24T17:00:36+00:00","mainEntityOfPage":{"@id":"https:\/\/dorogimedence.hu\/index.php\/2020\/09\/24\/kesztolcon-es-csolnokon-is-koncertezett-a-sic-transit\/"},"wordCount":268,"publisher":{"@id":"https:\/\/dorogimedence.hu\/#organization"},"image":{"@id":"https:\/\/dorogimedence.hu\/index.php\/2020\/09\/24\/kesztolcon-es-csolnokon-is-koncertezett-a-sic-transit\/#primaryimage"},"thumbnailUrl":"https:\/\/dorogimedence.hu\/wp-content\/uploads\/2020\/09\/sic-transit.jpg","keywords":["Csolnok","Keszt\u00f6lc","koncert","Sic Transit Folk M\u0171hely"],"articleSection":["Csolnok","H\u00edrek","Keszt\u00f6lc"],"inLanguage":"hu"},{"@type":"WebPage","@id":"https:\/\/dorogimedence.hu\/index.php\/2020\/09\/24\/kesztolcon-es-csolnokon-is-koncertezett-a-sic-transit\/","url":"https:\/\/dorogimedence.hu\/index.php\/2020\/09\/24\/kesztolcon-es-csolnokon-is-koncertezett-a-sic-transit\/","name":"Keszt\u00f6lc\u00f6n \u00e9s Csolnokon is koncertezett a Sic Transit","isPartOf":{"@id":"https:\/\/dorogimedence.hu\/#website"},"primaryImageOfPage":{"@id":"https:\/\/dorogimedence.hu\/index.php\/2020\/09\/24\/kesztolcon-es-csolnokon-is-koncertezett-a-sic-transit\/#primaryimage"},"image":{"@id":"https:\/\/dorogimedence.hu\/index.php\/2020\/09\/24\/kesztolcon-es-csolnokon-is-koncertezett-a-sic-transit\/#primaryimage"},"thumbnailUrl":"https:\/\/dorogimedence.hu\/wp-content\/uploads\/2020\/09\/sic-transit.jpg","datePublished":"2020-09-24T17:00:29+00:00","dateModified":"2020-09-24T17:00:36+00:00","breadcrumb":{"@id":"https:\/\/dorogimedence.hu\/index.php\/2020\/09\/24\/kesztolcon-es-csolnokon-is-koncertezett-a-sic-transit\/#breadcrumb"},"inLanguage":"hu","potentialAction":[{"@type":"ReadAction","target":["https:\/\/dorogimedence.hu\/index.php\/2020\/09\/24\/kesztolcon-es-csolnokon-is-koncertezett-a-sic-transit\/"]}]},{"@type":"ImageObject","inLanguage":"hu","@id":"https:\/\/dorogimedence.hu\/index.php\/2020\/09\/24\/kesztolcon-es-csolnokon-is-koncertezett-a-sic-transit\/#primaryimage","url":"https:\/\/dorogimedence.hu\/wp-content\/uploads\/2020\/09\/sic-transit.jpg","contentUrl":"https:\/\/dorogimedence.hu\/wp-content\/uploads\/2020\/09\/sic-transit.jpg","width":830,"height":450},{"@type":"BreadcrumbList","@id":"https:\/\/dorogimedence.hu\/index.php\/2020\/09\/24\/kesztolcon-es-csolnokon-is-koncertezett-a-sic-transit\/#breadcrumb","itemListElement":[{"@type":"ListItem","position":1,"name":"Kezd\u0151lap","item":"https:\/\/dorogimedence.hu\/"},{"@type":"ListItem","position":2,"name":"Keszt\u00f6lc\u00f6n \u00e9s Csolnokon is koncertezett a Sic Transit"}]},{"@type":"WebSite","@id":"https:\/\/dorogimedence.hu\/#website","url":"https:\/\/dorogimedence.hu\/","name":"Dorogi-medence Region\u00e1lis H\u00edrport\u00e1l","description":"Dorog, Keszt\u00f6lc, Le\u00e1nyv\u00e1r, Piliscs\u00e9v, Tokod, Tokodalt\u00e1r\u00f3, Csolnok, Esztergom-kertv\u00e1ros: h\u00edrek, programok","publisher":{"@id":"https:\/\/dorogimedence.hu\/#organization"},"potentialAction":[{"@type":"SearchAction","target":{"@type":"EntryPoint","urlTemplate":"https:\/\/dorogimedence.hu\/?s={search_term_string}"},"query-input":{"@type":"PropertyValueSpecification","valueRequired":true,"valueName":"search_term_string"}}],"inLanguage":"hu"},{"@type":"Organization","@id":"https:\/\/dorogimedence.hu\/#organization","name":"Dorogi-medence Region\u00e1lis H\u00edrport\u00e1l","url":"https:\/\/dorogimedence.hu\/","logo":{"@type":"ImageObject","inLanguage":"hu","@id":"https:\/\/dorogimedence.hu\/#\/schema\/logo\/image\/","url":"https:\/\/dorogimedence.hu\/wp-content\/uploads\/2021\/04\/logo-feher-600.png","contentUrl":"https:\/\/dorogimedence.hu\/wp-content\/uploads\/2021\/04\/logo-feher-600.png","width":600,"height":100,"caption":"Dorogi-medence Region\u00e1lis H\u00edrport\u00e1l"},"image":{"@id":"https:\/\/dorogimedence.hu\/#\/schema\/logo\/image\/"},"sameAs":["https:\/\/www.facebook.com\/dorogimedence\/"]},{"@type":"Person","@id":"https:\/\/dorogimedence.hu\/#\/schema\/person\/ce6091eeb7e95ecdc87890d6aa8e0fd4","name":"dorogimedence.hu","image":{"@type":"ImageObject","inLanguage":"hu","@id":"\/\/www.gravatar.com\/avatar\/d8d45f8901aadff40a4af72c0b826f1d?s=96&#038;r=g&#038;d=mm","url":"\/\/www.gravatar.com\/avatar\/d8d45f8901aadff40a4af72c0b826f1d?s=96&#038;r=g&#038;d=mm","contentUrl":"\/\/www.gravatar.com\/avatar\/d8d45f8901aadff40a4af72c0b826f1d?s=96&#038;r=g&#038;d=mm","caption":"dorogimedence.hu"}}]}},"_links":{"self":[{"href":"https:\/\/dorogimedence.hu\/index.php\/wp-json\/wp\/v2\/posts\/27526","targetHints":{"allow":["GET"]}}],"collection":[{"href":"https:\/\/dorogimedence.hu\/index.php\/wp-json\/wp\/v2\/posts"}],"about":[{"href":"https:\/\/dorogimedence.hu\/index.php\/wp-json\/wp\/v2\/types\/post"}],"author":[{"embeddable":true,"href":"https:\/\/dorogimedence.hu\/index.php\/wp-json\/wp\/v2\/users\/1"}],"replies":[{"embeddable":true,"href":"https:\/\/dorogimedence.hu\/index.php\/wp-json\/wp\/v2\/comments?post=27526"}],"version-history":[{"count":0,"href":"https:\/\/dorogimedence.hu\/index.php\/wp-json\/wp\/v2\/posts\/27526\/revisions"}],"wp:featuredmedia":[{"embeddable":true,"href":"https:\/\/dorogimedence.hu\/index.php\/wp-json\/wp\/v2\/media\/27529"}],"wp:attachment":[{"href":"https:\/\/dorogimedence.hu\/index.php\/wp-json\/wp\/v2\/media?parent=27526"}],"wp:term":[{"taxonomy":"category","embeddable":true,"href":"https:\/\/dorogimedence.hu\/index.php\/wp-json\/wp\/v2\/categories?post=27526"},{"taxonomy":"post_tag","embeddable":true,"href":"https:\/\/dorogimedence.hu\/index.php\/wp-json\/wp\/v2\/tags?post=27526"}],"curies":[{"name":"wp","href":"https:\/\/api.w.org\/{rel}","templated":true}]}}