{"id":27354,"date":"2020-09-15T09:32:51","date_gmt":"2020-09-15T07:32:51","guid":{"rendered":"http:\/\/dorogimedence.hu\/?p=27354"},"modified":"2020-09-15T10:42:40","modified_gmt":"2020-09-15T08:42:40","slug":"nem-akart-megallni-a-rendoroknek-az-ittas-motoros","status":"publish","type":"post","link":"https:\/\/dorogimedence.hu\/index.php\/2020\/09\/15\/nem-akart-megallni-a-rendoroknek-az-ittas-motoros\/","title":{"rendered":"Nem akart meg\u00e1llni a rend\u0151r\u00f6knek az ittas motoros"},"content":{"rendered":"<div class=\"item_introtext\">\n<p><strong>A dorogi j\u00e1r\u0151r\u00f6k 2020. szeptember 14-\u00e9n, h\u00e9tf\u0151 este Dorogon, a Pataksor-als\u00f3 utc\u00e1ban ellen\u0151riztek egy motorker\u00e9kp\u00e1rral k\u00f6zleked\u0151 helyi lakost, aki azt megel\u0151z\u0151en a rend\u0151ri jelz\u00e9st figyelmen k\u00edv\u00fcl hagyta, \u00e9s tov\u00e1bbhajtott.<\/strong><\/p>\n<\/div>\n<div class=\"item_fulltext\">\n<p>Az egyenruh\u00e1sok ez\u00e9rt ellene szab\u00e1lys\u00e9rt\u00e9si feljelent\u00e9st tettek. Az int\u00e9zked\u00e9s sor\u00e1n alkoholszond\u00e1t alkalmaztak, ami pozit\u00edv eredm\u00e9nyt mutatott, ez\u00e9rt a motorost mintav\u00e9tel c\u00e9lj\u00e1b\u00f3l a rend\u0151rkapit\u00e1nys\u00e1gra el\u0151\u00e1ll\u00edtott\u00e1k.<\/p>\n<p>A m\u00e9r\u00e9si eredm\u00e9nyek alapj\u00e1n a 43 \u00e9ves f\u00e9rfival szemben b\u00fcntet\u0151elj\u00e1r\u00e1st kezdem\u00e9nyeztek.<\/p>\n<p><i>Forr\u00e1s: police.hu<\/i><\/p>\n<\/div>\n","protected":false},"excerpt":{"rendered":"<p>A dorogi j\u00e1r\u0151r\u00f6k 2020. szeptember 14-\u00e9n, h\u00e9tf\u0151 este Dorogon, a Pataksor-als\u00f3 utc\u00e1ban ellen\u0151riztek egy motorker\u00e9kp\u00e1rral k\u00f6zleked\u0151 helyi lakost, aki azt megel\u0151z\u0151en a rend\u0151ri jelz\u00e9st figyelmen k\u00edv\u00fcl hagyta, \u00e9s tov\u00e1bbhajtott. Az egyenruh\u00e1sok ez\u00e9rt ellene szab\u00e1lys\u00e9rt\u00e9si feljelent\u00e9st tettek. Az int\u00e9zked\u00e9s sor\u00e1n alkoholszond\u00e1t alkalmaztak, ami pozit\u00edv eredm\u00e9nyt mutatott, ez\u00e9rt a motorost mintav\u00e9tel c\u00e9lj\u00e1b\u00f3l a rend\u0151rkapit\u00e1nys\u00e1gra el\u0151\u00e1ll\u00edtott\u00e1k. A m\u00e9r\u00e9si<\/p>\n","protected":false},"author":1,"featured_media":10300,"comment_status":"closed","ping_status":"closed","sticky":false,"template":"","format":"standard","meta":{"ngg_post_thumbnail":0,"footnotes":""},"categories":[2,3,39],"tags":[15,359,164,61],"class_list":{"0":"post-27354","1":"post","2":"type-post","3":"status-publish","4":"format-standard","5":"has-post-thumbnail","7":"category-dorog","8":"category-hirek","9":"category-kek-hirek","10":"tag-dorog","11":"tag-dorogi-rendorok","12":"tag-ittas-vezetes","13":"tag-rendorsegi-hirek"},"yoast_head":"<!-- This site is optimized with the Yoast SEO plugin v27.5 - https:\/\/yoast.com\/product\/yoast-seo-wordpress\/ -->\n<title>Nem akart meg\u00e1llni a rend\u0151r\u00f6knek az ittas motoros<\/title>\n<meta name=\"robots\" content=\"index, follow, max-snippet:-1, max-image-preview:large, max-video-preview:-1\" \/>\n<link rel=\"canonical\" href=\"https:\/\/dorogimedence.hu\/index.php\/2020\/09\/15\/nem-akart-megallni-a-rendoroknek-az-ittas-motoros\/\" class=\"yoast-seo-meta-tag\" \/>\n<meta property=\"og:locale\" content=\"hu_HU\" class=\"yoast-seo-meta-tag\" \/>\n<meta property=\"og:type\" content=\"article\" class=\"yoast-seo-meta-tag\" \/>\n<meta property=\"og:title\" content=\"Nem akart meg\u00e1llni a rend\u0151r\u00f6knek az ittas motoros\" class=\"yoast-seo-meta-tag\" \/>\n<meta property=\"og:description\" content=\"A dorogi j\u00e1r\u0151r\u00f6k 2020. szeptember 14-\u00e9n, h\u00e9tf\u0151 este Dorogon, a Pataksor-als\u00f3 utc\u00e1ban ellen\u0151riztek egy motorker\u00e9kp\u00e1rral k\u00f6zleked\u0151 helyi lakost, aki azt megel\u0151z\u0151en a rend\u0151ri jelz\u00e9st figyelmen k\u00edv\u00fcl hagyta, \u00e9s tov\u00e1bbhajtott. Az egyenruh\u00e1sok ez\u00e9rt ellene szab\u00e1lys\u00e9rt\u00e9si feljelent\u00e9st tettek. Az int\u00e9zked\u00e9s sor\u00e1n alkoholszond\u00e1t alkalmaztak, ami pozit\u00edv eredm\u00e9nyt mutatott, ez\u00e9rt a motorost mintav\u00e9tel c\u00e9lj\u00e1b\u00f3l a rend\u0151rkapit\u00e1nys\u00e1gra el\u0151\u00e1ll\u00edtott\u00e1k. A m\u00e9r\u00e9si\" class=\"yoast-seo-meta-tag\" \/>\n<meta property=\"og:url\" content=\"https:\/\/dorogimedence.hu\/index.php\/2020\/09\/15\/nem-akart-megallni-a-rendoroknek-az-ittas-motoros\/\" class=\"yoast-seo-meta-tag\" \/>\n<meta property=\"og:site_name\" content=\"Dorogi-medence Region\u00e1lis H\u00edrport\u00e1l\" class=\"yoast-seo-meta-tag\" \/>\n<meta property=\"article:publisher\" content=\"https:\/\/www.facebook.com\/dorogimedence\/\" class=\"yoast-seo-meta-tag\" \/>\n<meta property=\"article:published_time\" content=\"2020-09-15T07:32:51+00:00\" class=\"yoast-seo-meta-tag\" \/>\n<meta property=\"article:modified_time\" content=\"2020-09-15T08:42:40+00:00\" class=\"yoast-seo-meta-tag\" \/>\n<meta property=\"og:image\" content=\"https:\/\/i0.wp.com\/dorogimedence.hu\/wp-content\/uploads\/2018\/05\/rendorauto-05.jpg?fit=670%2C365&ssl=1\" class=\"yoast-seo-meta-tag\" \/>\n\t<meta property=\"og:image:width\" content=\"670\" class=\"yoast-seo-meta-tag\" \/>\n\t<meta property=\"og:image:height\" content=\"365\" class=\"yoast-seo-meta-tag\" \/>\n\t<meta property=\"og:image:type\" content=\"image\/jpeg\" class=\"yoast-seo-meta-tag\" \/>\n<meta name=\"author\" content=\"dorogimedence.hu\" class=\"yoast-seo-meta-tag\" \/>\n<meta name=\"twitter:card\" content=\"summary_large_image\" class=\"yoast-seo-meta-tag\" \/>\n<meta name=\"twitter:label1\" content=\"Szerz\u0151:\" class=\"yoast-seo-meta-tag\" \/>\n\t<meta name=\"twitter:data1\" content=\"dorogimedence.hu\" class=\"yoast-seo-meta-tag\" \/>\n\t<meta name=\"twitter:label2\" content=\"Becs\u00fclt olvas\u00e1si id\u0151\" class=\"yoast-seo-meta-tag\" \/>\n\t<meta name=\"twitter:data2\" content=\"1 perc\" class=\"yoast-seo-meta-tag\" \/>\n<script type=\"application\/ld+json\" class=\"yoast-schema-graph\">{\"@context\":\"https:\\\/\\\/schema.org\",\"@graph\":[{\"@type\":\"Article\",\"@id\":\"https:\\\/\\\/dorogimedence.hu\\\/index.php\\\/2020\\\/09\\\/15\\\/nem-akart-megallni-a-rendoroknek-az-ittas-motoros\\\/#article\",\"isPartOf\":{\"@id\":\"https:\\\/\\\/dorogimedence.hu\\\/index.php\\\/2020\\\/09\\\/15\\\/nem-akart-megallni-a-rendoroknek-az-ittas-motoros\\\/\"},\"author\":{\"name\":\"dorogimedence.hu\",\"@id\":\"https:\\\/\\\/dorogimedence.hu\\\/#\\\/schema\\\/person\\\/ce6091eeb7e95ecdc87890d6aa8e0fd4\"},\"headline\":\"Nem akart meg\u00e1llni a rend\u0151r\u00f6knek az ittas motoros\",\"datePublished\":\"2020-09-15T07:32:51+00:00\",\"dateModified\":\"2020-09-15T08:42:40+00:00\",\"mainEntityOfPage\":{\"@id\":\"https:\\\/\\\/dorogimedence.hu\\\/index.php\\\/2020\\\/09\\\/15\\\/nem-akart-megallni-a-rendoroknek-az-ittas-motoros\\\/\"},\"wordCount\":127,\"publisher\":{\"@id\":\"https:\\\/\\\/dorogimedence.hu\\\/#organization\"},\"image\":{\"@id\":\"https:\\\/\\\/dorogimedence.hu\\\/index.php\\\/2020\\\/09\\\/15\\\/nem-akart-megallni-a-rendoroknek-az-ittas-motoros\\\/#primaryimage\"},\"thumbnailUrl\":\"https:\\\/\\\/dorogimedence.hu\\\/wp-content\\\/uploads\\\/2018\\\/05\\\/rendorauto-05.jpg\",\"keywords\":[\"Dorog\",\"dorogi rend\u0151r\u00f6k\",\"ittas vezet\u00e9s\",\"rend\u0151rs\u00e9gi h\u00edrek\"],\"articleSection\":[\"Dorog\",\"H\u00edrek\",\"K\u00e9k h\u00edrek\"],\"inLanguage\":\"hu\"},{\"@type\":\"WebPage\",\"@id\":\"https:\\\/\\\/dorogimedence.hu\\\/index.php\\\/2020\\\/09\\\/15\\\/nem-akart-megallni-a-rendoroknek-az-ittas-motoros\\\/\",\"url\":\"https:\\\/\\\/dorogimedence.hu\\\/index.php\\\/2020\\\/09\\\/15\\\/nem-akart-megallni-a-rendoroknek-az-ittas-motoros\\\/\",\"name\":\"Nem akart meg\u00e1llni a rend\u0151r\u00f6knek az ittas motoros\",\"isPartOf\":{\"@id\":\"https:\\\/\\\/dorogimedence.hu\\\/#website\"},\"primaryImageOfPage\":{\"@id\":\"https:\\\/\\\/dorogimedence.hu\\\/index.php\\\/2020\\\/09\\\/15\\\/nem-akart-megallni-a-rendoroknek-az-ittas-motoros\\\/#primaryimage\"},\"image\":{\"@id\":\"https:\\\/\\\/dorogimedence.hu\\\/index.php\\\/2020\\\/09\\\/15\\\/nem-akart-megallni-a-rendoroknek-az-ittas-motoros\\\/#primaryimage\"},\"thumbnailUrl\":\"https:\\\/\\\/dorogimedence.hu\\\/wp-content\\\/uploads\\\/2018\\\/05\\\/rendorauto-05.jpg\",\"datePublished\":\"2020-09-15T07:32:51+00:00\",\"dateModified\":\"2020-09-15T08:42:40+00:00\",\"breadcrumb\":{\"@id\":\"https:\\\/\\\/dorogimedence.hu\\\/index.php\\\/2020\\\/09\\\/15\\\/nem-akart-megallni-a-rendoroknek-az-ittas-motoros\\\/#breadcrumb\"},\"inLanguage\":\"hu\",\"potentialAction\":[{\"@type\":\"ReadAction\",\"target\":[\"https:\\\/\\\/dorogimedence.hu\\\/index.php\\\/2020\\\/09\\\/15\\\/nem-akart-megallni-a-rendoroknek-az-ittas-motoros\\\/\"]}]},{\"@type\":\"ImageObject\",\"inLanguage\":\"hu\",\"@id\":\"https:\\\/\\\/dorogimedence.hu\\\/index.php\\\/2020\\\/09\\\/15\\\/nem-akart-megallni-a-rendoroknek-az-ittas-motoros\\\/#primaryimage\",\"url\":\"https:\\\/\\\/dorogimedence.hu\\\/wp-content\\\/uploads\\\/2018\\\/05\\\/rendorauto-05.jpg\",\"contentUrl\":\"https:\\\/\\\/dorogimedence.hu\\\/wp-content\\\/uploads\\\/2018\\\/05\\\/rendorauto-05.jpg\",\"width\":670,\"height\":365},{\"@type\":\"BreadcrumbList\",\"@id\":\"https:\\\/\\\/dorogimedence.hu\\\/index.php\\\/2020\\\/09\\\/15\\\/nem-akart-megallni-a-rendoroknek-az-ittas-motoros\\\/#breadcrumb\",\"itemListElement\":[{\"@type\":\"ListItem\",\"position\":1,\"name\":\"Kezd\u0151lap\",\"item\":\"https:\\\/\\\/dorogimedence.hu\\\/\"},{\"@type\":\"ListItem\",\"position\":2,\"name\":\"Nem akart meg\u00e1llni a rend\u0151r\u00f6knek az ittas motoros\"}]},{\"@type\":\"WebSite\",\"@id\":\"https:\\\/\\\/dorogimedence.hu\\\/#website\",\"url\":\"https:\\\/\\\/dorogimedence.hu\\\/\",\"name\":\"Dorogi-medence Region\u00e1lis H\u00edrport\u00e1l\",\"description\":\"Dorog, Keszt\u00f6lc, Le\u00e1nyv\u00e1r, Piliscs\u00e9v, Tokod, Tokodalt\u00e1r\u00f3, Csolnok, Esztergom-kertv\u00e1ros: h\u00edrek, programok\",\"publisher\":{\"@id\":\"https:\\\/\\\/dorogimedence.hu\\\/#organization\"},\"potentialAction\":[{\"@type\":\"SearchAction\",\"target\":{\"@type\":\"EntryPoint\",\"urlTemplate\":\"https:\\\/\\\/dorogimedence.hu\\\/?s={search_term_string}\"},\"query-input\":{\"@type\":\"PropertyValueSpecification\",\"valueRequired\":true,\"valueName\":\"search_term_string\"}}],\"inLanguage\":\"hu\"},{\"@type\":\"Organization\",\"@id\":\"https:\\\/\\\/dorogimedence.hu\\\/#organization\",\"name\":\"Dorogi-medence Region\u00e1lis H\u00edrport\u00e1l\",\"url\":\"https:\\\/\\\/dorogimedence.hu\\\/\",\"logo\":{\"@type\":\"ImageObject\",\"inLanguage\":\"hu\",\"@id\":\"https:\\\/\\\/dorogimedence.hu\\\/#\\\/schema\\\/logo\\\/image\\\/\",\"url\":\"https:\\\/\\\/dorogimedence.hu\\\/wp-content\\\/uploads\\\/2021\\\/04\\\/logo-feher-600.png\",\"contentUrl\":\"https:\\\/\\\/dorogimedence.hu\\\/wp-content\\\/uploads\\\/2021\\\/04\\\/logo-feher-600.png\",\"width\":600,\"height\":100,\"caption\":\"Dorogi-medence Region\u00e1lis H\u00edrport\u00e1l\"},\"image\":{\"@id\":\"https:\\\/\\\/dorogimedence.hu\\\/#\\\/schema\\\/logo\\\/image\\\/\"},\"sameAs\":[\"https:\\\/\\\/www.facebook.com\\\/dorogimedence\\\/\"]},{\"@type\":\"Person\",\"@id\":\"https:\\\/\\\/dorogimedence.hu\\\/#\\\/schema\\\/person\\\/ce6091eeb7e95ecdc87890d6aa8e0fd4\",\"name\":\"dorogimedence.hu\",\"image\":{\"@type\":\"ImageObject\",\"inLanguage\":\"hu\",\"@id\":\"\\\/\\\/www.gravatar.com\\\/avatar\\\/d8d45f8901aadff40a4af72c0b826f1d?s=96&#038;r=g&#038;d=mm\",\"url\":\"\\\/\\\/www.gravatar.com\\\/avatar\\\/d8d45f8901aadff40a4af72c0b826f1d?s=96&#038;r=g&#038;d=mm\",\"contentUrl\":\"\\\/\\\/www.gravatar.com\\\/avatar\\\/d8d45f8901aadff40a4af72c0b826f1d?s=96&#038;r=g&#038;d=mm\",\"caption\":\"dorogimedence.hu\"}}]}<\/script>\n<!-- \/ Yoast SEO plugin. -->","yoast_head_json":{"title":"Nem akart meg\u00e1llni a rend\u0151r\u00f6knek az ittas motoros","robots":{"index":"index","follow":"follow","max-snippet":"max-snippet:-1","max-image-preview":"max-image-preview:large","max-video-preview":"max-video-preview:-1"},"canonical":"https:\/\/dorogimedence.hu\/index.php\/2020\/09\/15\/nem-akart-megallni-a-rendoroknek-az-ittas-motoros\/","og_locale":"hu_HU","og_type":"article","og_title":"Nem akart meg\u00e1llni a rend\u0151r\u00f6knek az ittas motoros","og_description":"A dorogi j\u00e1r\u0151r\u00f6k 2020. szeptember 14-\u00e9n, h\u00e9tf\u0151 este Dorogon, a Pataksor-als\u00f3 utc\u00e1ban ellen\u0151riztek egy motorker\u00e9kp\u00e1rral k\u00f6zleked\u0151 helyi lakost, aki azt megel\u0151z\u0151en a rend\u0151ri jelz\u00e9st figyelmen k\u00edv\u00fcl hagyta, \u00e9s tov\u00e1bbhajtott. Az egyenruh\u00e1sok ez\u00e9rt ellene szab\u00e1lys\u00e9rt\u00e9si feljelent\u00e9st tettek. Az int\u00e9zked\u00e9s sor\u00e1n alkoholszond\u00e1t alkalmaztak, ami pozit\u00edv eredm\u00e9nyt mutatott, ez\u00e9rt a motorost mintav\u00e9tel c\u00e9lj\u00e1b\u00f3l a rend\u0151rkapit\u00e1nys\u00e1gra el\u0151\u00e1ll\u00edtott\u00e1k. A m\u00e9r\u00e9si","og_url":"https:\/\/dorogimedence.hu\/index.php\/2020\/09\/15\/nem-akart-megallni-a-rendoroknek-az-ittas-motoros\/","og_site_name":"Dorogi-medence Region\u00e1lis H\u00edrport\u00e1l","article_publisher":"https:\/\/www.facebook.com\/dorogimedence\/","article_published_time":"2020-09-15T07:32:51+00:00","article_modified_time":"2020-09-15T08:42:40+00:00","og_image":[{"width":670,"height":365,"url":"https:\/\/i0.wp.com\/dorogimedence.hu\/wp-content\/uploads\/2018\/05\/rendorauto-05.jpg?fit=670%2C365&ssl=1","type":"image\/jpeg"}],"author":"dorogimedence.hu","twitter_card":"summary_large_image","twitter_misc":{"Szerz\u0151:":"dorogimedence.hu","Becs\u00fclt olvas\u00e1si id\u0151":"1 perc"},"schema":{"@context":"https:\/\/schema.org","@graph":[{"@type":"Article","@id":"https:\/\/dorogimedence.hu\/index.php\/2020\/09\/15\/nem-akart-megallni-a-rendoroknek-az-ittas-motoros\/#article","isPartOf":{"@id":"https:\/\/dorogimedence.hu\/index.php\/2020\/09\/15\/nem-akart-megallni-a-rendoroknek-az-ittas-motoros\/"},"author":{"name":"dorogimedence.hu","@id":"https:\/\/dorogimedence.hu\/#\/schema\/person\/ce6091eeb7e95ecdc87890d6aa8e0fd4"},"headline":"Nem akart meg\u00e1llni a rend\u0151r\u00f6knek az ittas motoros","datePublished":"2020-09-15T07:32:51+00:00","dateModified":"2020-09-15T08:42:40+00:00","mainEntityOfPage":{"@id":"https:\/\/dorogimedence.hu\/index.php\/2020\/09\/15\/nem-akart-megallni-a-rendoroknek-az-ittas-motoros\/"},"wordCount":127,"publisher":{"@id":"https:\/\/dorogimedence.hu\/#organization"},"image":{"@id":"https:\/\/dorogimedence.hu\/index.php\/2020\/09\/15\/nem-akart-megallni-a-rendoroknek-az-ittas-motoros\/#primaryimage"},"thumbnailUrl":"https:\/\/dorogimedence.hu\/wp-content\/uploads\/2018\/05\/rendorauto-05.jpg","keywords":["Dorog","dorogi rend\u0151r\u00f6k","ittas vezet\u00e9s","rend\u0151rs\u00e9gi h\u00edrek"],"articleSection":["Dorog","H\u00edrek","K\u00e9k h\u00edrek"],"inLanguage":"hu"},{"@type":"WebPage","@id":"https:\/\/dorogimedence.hu\/index.php\/2020\/09\/15\/nem-akart-megallni-a-rendoroknek-az-ittas-motoros\/","url":"https:\/\/dorogimedence.hu\/index.php\/2020\/09\/15\/nem-akart-megallni-a-rendoroknek-az-ittas-motoros\/","name":"Nem akart meg\u00e1llni a rend\u0151r\u00f6knek az ittas motoros","isPartOf":{"@id":"https:\/\/dorogimedence.hu\/#website"},"primaryImageOfPage":{"@id":"https:\/\/dorogimedence.hu\/index.php\/2020\/09\/15\/nem-akart-megallni-a-rendoroknek-az-ittas-motoros\/#primaryimage"},"image":{"@id":"https:\/\/dorogimedence.hu\/index.php\/2020\/09\/15\/nem-akart-megallni-a-rendoroknek-az-ittas-motoros\/#primaryimage"},"thumbnailUrl":"https:\/\/dorogimedence.hu\/wp-content\/uploads\/2018\/05\/rendorauto-05.jpg","datePublished":"2020-09-15T07:32:51+00:00","dateModified":"2020-09-15T08:42:40+00:00","breadcrumb":{"@id":"https:\/\/dorogimedence.hu\/index.php\/2020\/09\/15\/nem-akart-megallni-a-rendoroknek-az-ittas-motoros\/#breadcrumb"},"inLanguage":"hu","potentialAction":[{"@type":"ReadAction","target":["https:\/\/dorogimedence.hu\/index.php\/2020\/09\/15\/nem-akart-megallni-a-rendoroknek-az-ittas-motoros\/"]}]},{"@type":"ImageObject","inLanguage":"hu","@id":"https:\/\/dorogimedence.hu\/index.php\/2020\/09\/15\/nem-akart-megallni-a-rendoroknek-az-ittas-motoros\/#primaryimage","url":"https:\/\/dorogimedence.hu\/wp-content\/uploads\/2018\/05\/rendorauto-05.jpg","contentUrl":"https:\/\/dorogimedence.hu\/wp-content\/uploads\/2018\/05\/rendorauto-05.jpg","width":670,"height":365},{"@type":"BreadcrumbList","@id":"https:\/\/dorogimedence.hu\/index.php\/2020\/09\/15\/nem-akart-megallni-a-rendoroknek-az-ittas-motoros\/#breadcrumb","itemListElement":[{"@type":"ListItem","position":1,"name":"Kezd\u0151lap","item":"https:\/\/dorogimedence.hu\/"},{"@type":"ListItem","position":2,"name":"Nem akart meg\u00e1llni a rend\u0151r\u00f6knek az ittas motoros"}]},{"@type":"WebSite","@id":"https:\/\/dorogimedence.hu\/#website","url":"https:\/\/dorogimedence.hu\/","name":"Dorogi-medence Region\u00e1lis H\u00edrport\u00e1l","description":"Dorog, Keszt\u00f6lc, Le\u00e1nyv\u00e1r, Piliscs\u00e9v, Tokod, Tokodalt\u00e1r\u00f3, Csolnok, Esztergom-kertv\u00e1ros: h\u00edrek, programok","publisher":{"@id":"https:\/\/dorogimedence.hu\/#organization"},"potentialAction":[{"@type":"SearchAction","target":{"@type":"EntryPoint","urlTemplate":"https:\/\/dorogimedence.hu\/?s={search_term_string}"},"query-input":{"@type":"PropertyValueSpecification","valueRequired":true,"valueName":"search_term_string"}}],"inLanguage":"hu"},{"@type":"Organization","@id":"https:\/\/dorogimedence.hu\/#organization","name":"Dorogi-medence Region\u00e1lis H\u00edrport\u00e1l","url":"https:\/\/dorogimedence.hu\/","logo":{"@type":"ImageObject","inLanguage":"hu","@id":"https:\/\/dorogimedence.hu\/#\/schema\/logo\/image\/","url":"https:\/\/dorogimedence.hu\/wp-content\/uploads\/2021\/04\/logo-feher-600.png","contentUrl":"https:\/\/dorogimedence.hu\/wp-content\/uploads\/2021\/04\/logo-feher-600.png","width":600,"height":100,"caption":"Dorogi-medence Region\u00e1lis H\u00edrport\u00e1l"},"image":{"@id":"https:\/\/dorogimedence.hu\/#\/schema\/logo\/image\/"},"sameAs":["https:\/\/www.facebook.com\/dorogimedence\/"]},{"@type":"Person","@id":"https:\/\/dorogimedence.hu\/#\/schema\/person\/ce6091eeb7e95ecdc87890d6aa8e0fd4","name":"dorogimedence.hu","image":{"@type":"ImageObject","inLanguage":"hu","@id":"\/\/www.gravatar.com\/avatar\/d8d45f8901aadff40a4af72c0b826f1d?s=96&#038;r=g&#038;d=mm","url":"\/\/www.gravatar.com\/avatar\/d8d45f8901aadff40a4af72c0b826f1d?s=96&#038;r=g&#038;d=mm","contentUrl":"\/\/www.gravatar.com\/avatar\/d8d45f8901aadff40a4af72c0b826f1d?s=96&#038;r=g&#038;d=mm","caption":"dorogimedence.hu"}}]}},"_links":{"self":[{"href":"https:\/\/dorogimedence.hu\/index.php\/wp-json\/wp\/v2\/posts\/27354","targetHints":{"allow":["GET"]}}],"collection":[{"href":"https:\/\/dorogimedence.hu\/index.php\/wp-json\/wp\/v2\/posts"}],"about":[{"href":"https:\/\/dorogimedence.hu\/index.php\/wp-json\/wp\/v2\/types\/post"}],"author":[{"embeddable":true,"href":"https:\/\/dorogimedence.hu\/index.php\/wp-json\/wp\/v2\/users\/1"}],"replies":[{"embeddable":true,"href":"https:\/\/dorogimedence.hu\/index.php\/wp-json\/wp\/v2\/comments?post=27354"}],"version-history":[{"count":0,"href":"https:\/\/dorogimedence.hu\/index.php\/wp-json\/wp\/v2\/posts\/27354\/revisions"}],"wp:featuredmedia":[{"embeddable":true,"href":"https:\/\/dorogimedence.hu\/index.php\/wp-json\/wp\/v2\/media\/10300"}],"wp:attachment":[{"href":"https:\/\/dorogimedence.hu\/index.php\/wp-json\/wp\/v2\/media?parent=27354"}],"wp:term":[{"taxonomy":"category","embeddable":true,"href":"https:\/\/dorogimedence.hu\/index.php\/wp-json\/wp\/v2\/categories?post=27354"},{"taxonomy":"post_tag","embeddable":true,"href":"https:\/\/dorogimedence.hu\/index.php\/wp-json\/wp\/v2\/tags?post=27354"}],"curies":[{"name":"wp","href":"https:\/\/api.w.org\/{rel}","templated":true}]}}