{"id":27300,"date":"2020-09-12T09:11:41","date_gmt":"2020-09-12T07:11:41","guid":{"rendered":"http:\/\/dorogimedence.hu\/?p=27300"},"modified":"2020-09-12T09:24:30","modified_gmt":"2020-09-12T07:24:30","slug":"felcsapta-a-fejet-a-virus-egy-dorogi-iskolaban-is","status":"publish","type":"post","link":"https:\/\/dorogimedence.hu\/index.php\/2020\/09\/12\/felcsapta-a-fejet-a-virus-egy-dorogi-iskolaban-is\/","title":{"rendered":"Fel\u00fct\u00f6tte a fej\u00e9t a v\u00edrus egy dorogi iskol\u00e1ban is"},"content":{"rendered":"<p><strong>T\u00f6bb sz\u00fcl\u0151 is megkereste port\u00e1lunkat, miszerint p\u00e9nteken hazak\u00fcldt\u00e9k a di\u00e1kokat a dorogi Zr\u00ednyi Ilona \u00c1ltal\u00e1nos Iskol\u00e1b\u00f3l, mert az egyik tan\u00e1r koronav\u00edrus-tesztje pozit\u00edv lett.<\/strong><\/p>\n<p>Inform\u00e1ci\u00f3ink szerint az int\u00e9zm\u00e9ny fels\u0151 tagozatos di\u00e1kjai karant\u00e9nba ker\u00fclnek, viszont a karant\u00e9n ideje lecs\u00f6kken egy h\u00e9tre, mivel az \u00e9rintett tan\u00e1r m\u00e1r egy hete nem j\u00e1rt az int\u00e9zm\u00e9nyben. A di\u00e1kok az eml\u00edtett id\u0151szak alatt digit\u00e1lis oktat\u00e1sban vesznek majd r\u00e9szt \u2013 tudtuk meg a sz\u00fcl\u0151kt\u0151l, akiket a Kr\u00e9ta rendszeren kereszt\u00fcl t\u00e1j\u00e9koztatnak.<\/p>\n<p>Hab\u00e1r az int\u00e9zm\u00e9ny vezet\u0151je nem c\u00e1folta a h\u00edrt, elmondta, hogy fels\u0151bb utas\u00edt\u00e1s miatt nem nyilatkozhat az \u00fcgyben, ez\u00e9rt megkerest\u00fck az esztergomi tanker\u00fcletet. Mint kider\u00fclt az igazgat\u00f3 t\u00e1voll\u00e9t\u00e9ben \u0151k sem adhatnak semmilyen t\u00e1j\u00e9koztat\u00e1st az esettel kapcsolatban. Az egyik koll\u00e9g\u00e1juk azt tan\u00e1csolta, hogy forduljunk a N\u00e9peg\u00e9szs\u00e9g\u00fcgyh\u00f6z. Az Esztergomi J\u00e1r\u00e1si Hivatal N\u00e9peg\u00e9szs\u00e9g\u00fcgyi Oszt\u00e1ly telefonj\u00e1t pr\u00f3b\u00e1ltuk h\u00edvni, viszont folyamatosan foglalt volt.<\/p>\n<p>Ezut\u00e1n szem\u00e9lyesen kerest\u00fck fel a dorogi Int\u00e9zm\u00e9nyek H\u00e1z\u00e1ban tal\u00e1lhat\u00f3 hivatalt. Meglep\u0151dve l\u00e1ttuk, hogy folyamatosan cs\u00f6r\u00f6gtek a telefonok, z\u00fagtak a nyomtat\u00f3k \u00e9s mindenki kapkodva dolgozott a m\u00e1r-m\u00e1r elfogyhatatlannak t\u0171n\u0151 munkafolyamatokon. R\u00f6vid v\u00e1rakoz\u00e1s ut\u00e1n a fiatal tisztif\u0151orvos asszony el\u0151ker\u00fclt \u00e9s eln\u00e9z\u00e9s\u00e9t k\u00e9rte, ami miatt megv\u00e1rakoztatott, majd kedvesen bemutatkozott. \u201eKor\u00e1bban a telep\u00fcl\u00e9sek honlapjain rendszeresen k\u00f6zz\u00e9 tett\u00e9k, hogy az adott v\u00e1rosban h\u00e1nyan betegek \u00e9s h\u00e1nyan vannak karant\u00e9nban. Sajnos err\u0151l most nincs inform\u00e1ci\u00f3 sehol. K\u00e9rhet\u00fcnk egy statisztik\u00e1t Dorog telep\u00fcl\u00e9ssel kapcsolatban, illetve meg tudj\u00e1k er\u0151s\u00edteni azt a h\u00edrt, miszerint a dorogi Zr\u00ednyi iskol\u00e1ban egy tan\u00e1r koronav\u00edrus-fert\u0151z\u00f6tt?\u201d \u2013 tett\u00fck fel a k\u00e9rd\u00e9st. A tisztif\u0151orvos elmondta, hogy ez\u00fcgyben \u0151 sajnos nem nyilatkozhat, csak a megyei f\u0151oszt\u00e1ly tisztif\u0151orvosa. Viszont kaptunk t\u0151le egy el\u00e9rhet\u0151s\u00e9get, amely a megyei k\u00e9szenl\u00e9ti oszt\u00e1lyra kapcsolt. A f\u0151oszt\u00e1lyon elmondt\u00e1k, hogy a tisztif\u0151orvos nagyon elfoglalt, folyamatosan vonalban van, de amint felszabadul felh\u00edvnak. F\u00e9l \u00f3ra m\u00falva cs\u00f6rg\u00f6tt is a telefon, k\u00f6z\u00f6lt\u00e9k, hogy sajnos nem lesz idej\u00fck arra, hogy besz\u00e9lgessenek vel\u00fcnk, de k\u00fcldj\u00fck el a k\u00e9rd\u00e9seinket e-mail-ben \u00e9s megadj\u00e1k a v\u00e1laszokat.<\/p>\n<p>Cikk\u00fcnk publik\u00e1l\u00e1s\u00e1ig \u00e9rdemben senkit\u0151l nem kaptunk v\u00e1laszt az eset meger\u0151s\u00edt\u00e9s\u00e9re, sem arra, hogy h\u00e1ny regisztr\u00e1lt koronav\u00edrus-fert\u0151z\u00f6tt van Dorogon.<\/p>\n","protected":false},"excerpt":{"rendered":"<p>T\u00f6bb sz\u00fcl\u0151 is megkereste port\u00e1lunkat, miszerint p\u00e9nteken hazak\u00fcldt\u00e9k a di\u00e1kokat a dorogi Zr\u00ednyi Ilona \u00c1ltal\u00e1nos Iskol\u00e1b\u00f3l, mert az egyik tan\u00e1r koronav\u00edrus-tesztje pozit\u00edv lett. Inform\u00e1ci\u00f3ink szerint az int\u00e9zm\u00e9ny fels\u0151 tagozatos di\u00e1kjai karant\u00e9nba ker\u00fclnek, viszont a karant\u00e9n ideje lecs\u00f6kken egy h\u00e9tre, mivel az \u00e9rintett tan\u00e1r m\u00e1r egy hete nem j\u00e1rt az int\u00e9zm\u00e9nyben. A di\u00e1kok az eml\u00edtett id\u0151szak<\/p>\n","protected":false},"author":1,"featured_media":20328,"comment_status":"closed","ping_status":"closed","sticky":false,"template":"","format":"standard","meta":{"ngg_post_thumbnail":0,"footnotes":""},"categories":[2,3],"tags":[15,4738],"class_list":{"0":"post-27300","1":"post","2":"type-post","3":"status-publish","4":"format-standard","5":"has-post-thumbnail","7":"category-dorog","8":"category-hirek","9":"tag-dorog","10":"tag-koronavirus"},"yoast_head":"<!-- This site is optimized with the Yoast SEO plugin v27.4 - https:\/\/yoast.com\/product\/yoast-seo-wordpress\/ -->\n<title>Fel\u00fct\u00f6tte a fej\u00e9t a v\u00edrus egy dorogi iskol\u00e1ban is<\/title>\n<meta name=\"robots\" content=\"index, follow, max-snippet:-1, max-image-preview:large, max-video-preview:-1\" \/>\n<link rel=\"canonical\" href=\"https:\/\/dorogimedence.hu\/index.php\/2020\/09\/12\/felcsapta-a-fejet-a-virus-egy-dorogi-iskolaban-is\/\" class=\"yoast-seo-meta-tag\" \/>\n<meta property=\"og:locale\" content=\"hu_HU\" class=\"yoast-seo-meta-tag\" \/>\n<meta property=\"og:type\" content=\"article\" class=\"yoast-seo-meta-tag\" \/>\n<meta property=\"og:title\" content=\"Fel\u00fct\u00f6tte a fej\u00e9t a v\u00edrus egy dorogi iskol\u00e1ban is\" class=\"yoast-seo-meta-tag\" \/>\n<meta property=\"og:description\" content=\"T\u00f6bb sz\u00fcl\u0151 is megkereste port\u00e1lunkat, miszerint p\u00e9nteken hazak\u00fcldt\u00e9k a di\u00e1kokat a dorogi Zr\u00ednyi Ilona \u00c1ltal\u00e1nos Iskol\u00e1b\u00f3l, mert az egyik tan\u00e1r koronav\u00edrus-tesztje pozit\u00edv lett. Inform\u00e1ci\u00f3ink szerint az int\u00e9zm\u00e9ny fels\u0151 tagozatos di\u00e1kjai karant\u00e9nba ker\u00fclnek, viszont a karant\u00e9n ideje lecs\u00f6kken egy h\u00e9tre, mivel az \u00e9rintett tan\u00e1r m\u00e1r egy hete nem j\u00e1rt az int\u00e9zm\u00e9nyben. A di\u00e1kok az eml\u00edtett id\u0151szak\" class=\"yoast-seo-meta-tag\" \/>\n<meta property=\"og:url\" content=\"https:\/\/dorogimedence.hu\/index.php\/2020\/09\/12\/felcsapta-a-fejet-a-virus-egy-dorogi-iskolaban-is\/\" class=\"yoast-seo-meta-tag\" \/>\n<meta property=\"og:site_name\" content=\"Dorogi-medence Region\u00e1lis H\u00edrport\u00e1l\" class=\"yoast-seo-meta-tag\" \/>\n<meta property=\"article:publisher\" content=\"https:\/\/www.facebook.com\/dorogimedence\/\" class=\"yoast-seo-meta-tag\" \/>\n<meta property=\"article:published_time\" content=\"2020-09-12T07:11:41+00:00\" class=\"yoast-seo-meta-tag\" \/>\n<meta property=\"article:modified_time\" content=\"2020-09-12T07:24:30+00:00\" class=\"yoast-seo-meta-tag\" \/>\n<meta property=\"og:image\" content=\"https:\/\/i0.wp.com\/dorogimedence.hu\/wp-content\/uploads\/2019\/10\/zrinyi-felujitott.jpg?fit=670%2C365&ssl=1\" class=\"yoast-seo-meta-tag\" \/>\n\t<meta property=\"og:image:width\" content=\"670\" class=\"yoast-seo-meta-tag\" \/>\n\t<meta property=\"og:image:height\" content=\"365\" class=\"yoast-seo-meta-tag\" \/>\n\t<meta property=\"og:image:type\" content=\"image\/jpeg\" class=\"yoast-seo-meta-tag\" \/>\n<meta name=\"author\" content=\"dorogimedence.hu\" class=\"yoast-seo-meta-tag\" \/>\n<meta name=\"twitter:card\" content=\"summary_large_image\" class=\"yoast-seo-meta-tag\" \/>\n<meta name=\"twitter:label1\" content=\"Szerz\u0151:\" class=\"yoast-seo-meta-tag\" \/>\n\t<meta name=\"twitter:data1\" content=\"dorogimedence.hu\" class=\"yoast-seo-meta-tag\" \/>\n\t<meta name=\"twitter:label2\" content=\"Becs\u00fclt olvas\u00e1si id\u0151\" class=\"yoast-seo-meta-tag\" \/>\n\t<meta name=\"twitter:data2\" content=\"2 perc\" class=\"yoast-seo-meta-tag\" \/>\n<script type=\"application\/ld+json\" class=\"yoast-schema-graph\">{\"@context\":\"https:\\\/\\\/schema.org\",\"@graph\":[{\"@type\":\"Article\",\"@id\":\"https:\\\/\\\/dorogimedence.hu\\\/index.php\\\/2020\\\/09\\\/12\\\/felcsapta-a-fejet-a-virus-egy-dorogi-iskolaban-is\\\/#article\",\"isPartOf\":{\"@id\":\"https:\\\/\\\/dorogimedence.hu\\\/index.php\\\/2020\\\/09\\\/12\\\/felcsapta-a-fejet-a-virus-egy-dorogi-iskolaban-is\\\/\"},\"author\":{\"name\":\"dorogimedence.hu\",\"@id\":\"https:\\\/\\\/dorogimedence.hu\\\/#\\\/schema\\\/person\\\/ce6091eeb7e95ecdc87890d6aa8e0fd4\"},\"headline\":\"Fel\u00fct\u00f6tte a fej\u00e9t a v\u00edrus egy dorogi iskol\u00e1ban is\",\"datePublished\":\"2020-09-12T07:11:41+00:00\",\"dateModified\":\"2020-09-12T07:24:30+00:00\",\"mainEntityOfPage\":{\"@id\":\"https:\\\/\\\/dorogimedence.hu\\\/index.php\\\/2020\\\/09\\\/12\\\/felcsapta-a-fejet-a-virus-egy-dorogi-iskolaban-is\\\/\"},\"wordCount\":506,\"publisher\":{\"@id\":\"https:\\\/\\\/dorogimedence.hu\\\/#organization\"},\"image\":{\"@id\":\"https:\\\/\\\/dorogimedence.hu\\\/index.php\\\/2020\\\/09\\\/12\\\/felcsapta-a-fejet-a-virus-egy-dorogi-iskolaban-is\\\/#primaryimage\"},\"thumbnailUrl\":\"https:\\\/\\\/dorogimedence.hu\\\/wp-content\\\/uploads\\\/2019\\\/10\\\/zrinyi-felujitott.jpg\",\"keywords\":[\"Dorog\",\"koronav\u00edrus\"],\"articleSection\":[\"Dorog\",\"H\u00edrek\"],\"inLanguage\":\"hu\"},{\"@type\":\"WebPage\",\"@id\":\"https:\\\/\\\/dorogimedence.hu\\\/index.php\\\/2020\\\/09\\\/12\\\/felcsapta-a-fejet-a-virus-egy-dorogi-iskolaban-is\\\/\",\"url\":\"https:\\\/\\\/dorogimedence.hu\\\/index.php\\\/2020\\\/09\\\/12\\\/felcsapta-a-fejet-a-virus-egy-dorogi-iskolaban-is\\\/\",\"name\":\"Fel\u00fct\u00f6tte a fej\u00e9t a v\u00edrus egy dorogi iskol\u00e1ban is\",\"isPartOf\":{\"@id\":\"https:\\\/\\\/dorogimedence.hu\\\/#website\"},\"primaryImageOfPage\":{\"@id\":\"https:\\\/\\\/dorogimedence.hu\\\/index.php\\\/2020\\\/09\\\/12\\\/felcsapta-a-fejet-a-virus-egy-dorogi-iskolaban-is\\\/#primaryimage\"},\"image\":{\"@id\":\"https:\\\/\\\/dorogimedence.hu\\\/index.php\\\/2020\\\/09\\\/12\\\/felcsapta-a-fejet-a-virus-egy-dorogi-iskolaban-is\\\/#primaryimage\"},\"thumbnailUrl\":\"https:\\\/\\\/dorogimedence.hu\\\/wp-content\\\/uploads\\\/2019\\\/10\\\/zrinyi-felujitott.jpg\",\"datePublished\":\"2020-09-12T07:11:41+00:00\",\"dateModified\":\"2020-09-12T07:24:30+00:00\",\"breadcrumb\":{\"@id\":\"https:\\\/\\\/dorogimedence.hu\\\/index.php\\\/2020\\\/09\\\/12\\\/felcsapta-a-fejet-a-virus-egy-dorogi-iskolaban-is\\\/#breadcrumb\"},\"inLanguage\":\"hu\",\"potentialAction\":[{\"@type\":\"ReadAction\",\"target\":[\"https:\\\/\\\/dorogimedence.hu\\\/index.php\\\/2020\\\/09\\\/12\\\/felcsapta-a-fejet-a-virus-egy-dorogi-iskolaban-is\\\/\"]}]},{\"@type\":\"ImageObject\",\"inLanguage\":\"hu\",\"@id\":\"https:\\\/\\\/dorogimedence.hu\\\/index.php\\\/2020\\\/09\\\/12\\\/felcsapta-a-fejet-a-virus-egy-dorogi-iskolaban-is\\\/#primaryimage\",\"url\":\"https:\\\/\\\/dorogimedence.hu\\\/wp-content\\\/uploads\\\/2019\\\/10\\\/zrinyi-felujitott.jpg\",\"contentUrl\":\"https:\\\/\\\/dorogimedence.hu\\\/wp-content\\\/uploads\\\/2019\\\/10\\\/zrinyi-felujitott.jpg\",\"width\":670,\"height\":365},{\"@type\":\"BreadcrumbList\",\"@id\":\"https:\\\/\\\/dorogimedence.hu\\\/index.php\\\/2020\\\/09\\\/12\\\/felcsapta-a-fejet-a-virus-egy-dorogi-iskolaban-is\\\/#breadcrumb\",\"itemListElement\":[{\"@type\":\"ListItem\",\"position\":1,\"name\":\"Kezd\u0151lap\",\"item\":\"https:\\\/\\\/dorogimedence.hu\\\/\"},{\"@type\":\"ListItem\",\"position\":2,\"name\":\"Fel\u00fct\u00f6tte a fej\u00e9t a v\u00edrus egy dorogi iskol\u00e1ban is\"}]},{\"@type\":\"WebSite\",\"@id\":\"https:\\\/\\\/dorogimedence.hu\\\/#website\",\"url\":\"https:\\\/\\\/dorogimedence.hu\\\/\",\"name\":\"Dorogi-medence Region\u00e1lis H\u00edrport\u00e1l\",\"description\":\"Dorog, Keszt\u00f6lc, Le\u00e1nyv\u00e1r, Piliscs\u00e9v, Tokod, Tokodalt\u00e1r\u00f3, Csolnok, Esztergom-kertv\u00e1ros: h\u00edrek, programok\",\"publisher\":{\"@id\":\"https:\\\/\\\/dorogimedence.hu\\\/#organization\"},\"potentialAction\":[{\"@type\":\"SearchAction\",\"target\":{\"@type\":\"EntryPoint\",\"urlTemplate\":\"https:\\\/\\\/dorogimedence.hu\\\/?s={search_term_string}\"},\"query-input\":{\"@type\":\"PropertyValueSpecification\",\"valueRequired\":true,\"valueName\":\"search_term_string\"}}],\"inLanguage\":\"hu\"},{\"@type\":\"Organization\",\"@id\":\"https:\\\/\\\/dorogimedence.hu\\\/#organization\",\"name\":\"Dorogi-medence Region\u00e1lis H\u00edrport\u00e1l\",\"url\":\"https:\\\/\\\/dorogimedence.hu\\\/\",\"logo\":{\"@type\":\"ImageObject\",\"inLanguage\":\"hu\",\"@id\":\"https:\\\/\\\/dorogimedence.hu\\\/#\\\/schema\\\/logo\\\/image\\\/\",\"url\":\"https:\\\/\\\/dorogimedence.hu\\\/wp-content\\\/uploads\\\/2021\\\/04\\\/logo-feher-600.png\",\"contentUrl\":\"https:\\\/\\\/dorogimedence.hu\\\/wp-content\\\/uploads\\\/2021\\\/04\\\/logo-feher-600.png\",\"width\":600,\"height\":100,\"caption\":\"Dorogi-medence Region\u00e1lis H\u00edrport\u00e1l\"},\"image\":{\"@id\":\"https:\\\/\\\/dorogimedence.hu\\\/#\\\/schema\\\/logo\\\/image\\\/\"},\"sameAs\":[\"https:\\\/\\\/www.facebook.com\\\/dorogimedence\\\/\"]},{\"@type\":\"Person\",\"@id\":\"https:\\\/\\\/dorogimedence.hu\\\/#\\\/schema\\\/person\\\/ce6091eeb7e95ecdc87890d6aa8e0fd4\",\"name\":\"dorogimedence.hu\",\"image\":{\"@type\":\"ImageObject\",\"inLanguage\":\"hu\",\"@id\":\"\\\/\\\/www.gravatar.com\\\/avatar\\\/d8d45f8901aadff40a4af72c0b826f1d?s=96&#038;r=g&#038;d=mm\",\"url\":\"\\\/\\\/www.gravatar.com\\\/avatar\\\/d8d45f8901aadff40a4af72c0b826f1d?s=96&#038;r=g&#038;d=mm\",\"contentUrl\":\"\\\/\\\/www.gravatar.com\\\/avatar\\\/d8d45f8901aadff40a4af72c0b826f1d?s=96&#038;r=g&#038;d=mm\",\"caption\":\"dorogimedence.hu\"}}]}<\/script>\n<!-- \/ Yoast SEO plugin. -->","yoast_head_json":{"title":"Fel\u00fct\u00f6tte a fej\u00e9t a v\u00edrus egy dorogi iskol\u00e1ban is","robots":{"index":"index","follow":"follow","max-snippet":"max-snippet:-1","max-image-preview":"max-image-preview:large","max-video-preview":"max-video-preview:-1"},"canonical":"https:\/\/dorogimedence.hu\/index.php\/2020\/09\/12\/felcsapta-a-fejet-a-virus-egy-dorogi-iskolaban-is\/","og_locale":"hu_HU","og_type":"article","og_title":"Fel\u00fct\u00f6tte a fej\u00e9t a v\u00edrus egy dorogi iskol\u00e1ban is","og_description":"T\u00f6bb sz\u00fcl\u0151 is megkereste port\u00e1lunkat, miszerint p\u00e9nteken hazak\u00fcldt\u00e9k a di\u00e1kokat a dorogi Zr\u00ednyi Ilona \u00c1ltal\u00e1nos Iskol\u00e1b\u00f3l, mert az egyik tan\u00e1r koronav\u00edrus-tesztje pozit\u00edv lett. Inform\u00e1ci\u00f3ink szerint az int\u00e9zm\u00e9ny fels\u0151 tagozatos di\u00e1kjai karant\u00e9nba ker\u00fclnek, viszont a karant\u00e9n ideje lecs\u00f6kken egy h\u00e9tre, mivel az \u00e9rintett tan\u00e1r m\u00e1r egy hete nem j\u00e1rt az int\u00e9zm\u00e9nyben. A di\u00e1kok az eml\u00edtett id\u0151szak","og_url":"https:\/\/dorogimedence.hu\/index.php\/2020\/09\/12\/felcsapta-a-fejet-a-virus-egy-dorogi-iskolaban-is\/","og_site_name":"Dorogi-medence Region\u00e1lis H\u00edrport\u00e1l","article_publisher":"https:\/\/www.facebook.com\/dorogimedence\/","article_published_time":"2020-09-12T07:11:41+00:00","article_modified_time":"2020-09-12T07:24:30+00:00","og_image":[{"width":670,"height":365,"url":"https:\/\/i0.wp.com\/dorogimedence.hu\/wp-content\/uploads\/2019\/10\/zrinyi-felujitott.jpg?fit=670%2C365&ssl=1","type":"image\/jpeg"}],"author":"dorogimedence.hu","twitter_card":"summary_large_image","twitter_misc":{"Szerz\u0151:":"dorogimedence.hu","Becs\u00fclt olvas\u00e1si id\u0151":"2 perc"},"schema":{"@context":"https:\/\/schema.org","@graph":[{"@type":"Article","@id":"https:\/\/dorogimedence.hu\/index.php\/2020\/09\/12\/felcsapta-a-fejet-a-virus-egy-dorogi-iskolaban-is\/#article","isPartOf":{"@id":"https:\/\/dorogimedence.hu\/index.php\/2020\/09\/12\/felcsapta-a-fejet-a-virus-egy-dorogi-iskolaban-is\/"},"author":{"name":"dorogimedence.hu","@id":"https:\/\/dorogimedence.hu\/#\/schema\/person\/ce6091eeb7e95ecdc87890d6aa8e0fd4"},"headline":"Fel\u00fct\u00f6tte a fej\u00e9t a v\u00edrus egy dorogi iskol\u00e1ban is","datePublished":"2020-09-12T07:11:41+00:00","dateModified":"2020-09-12T07:24:30+00:00","mainEntityOfPage":{"@id":"https:\/\/dorogimedence.hu\/index.php\/2020\/09\/12\/felcsapta-a-fejet-a-virus-egy-dorogi-iskolaban-is\/"},"wordCount":506,"publisher":{"@id":"https:\/\/dorogimedence.hu\/#organization"},"image":{"@id":"https:\/\/dorogimedence.hu\/index.php\/2020\/09\/12\/felcsapta-a-fejet-a-virus-egy-dorogi-iskolaban-is\/#primaryimage"},"thumbnailUrl":"https:\/\/dorogimedence.hu\/wp-content\/uploads\/2019\/10\/zrinyi-felujitott.jpg","keywords":["Dorog","koronav\u00edrus"],"articleSection":["Dorog","H\u00edrek"],"inLanguage":"hu"},{"@type":"WebPage","@id":"https:\/\/dorogimedence.hu\/index.php\/2020\/09\/12\/felcsapta-a-fejet-a-virus-egy-dorogi-iskolaban-is\/","url":"https:\/\/dorogimedence.hu\/index.php\/2020\/09\/12\/felcsapta-a-fejet-a-virus-egy-dorogi-iskolaban-is\/","name":"Fel\u00fct\u00f6tte a fej\u00e9t a v\u00edrus egy dorogi iskol\u00e1ban is","isPartOf":{"@id":"https:\/\/dorogimedence.hu\/#website"},"primaryImageOfPage":{"@id":"https:\/\/dorogimedence.hu\/index.php\/2020\/09\/12\/felcsapta-a-fejet-a-virus-egy-dorogi-iskolaban-is\/#primaryimage"},"image":{"@id":"https:\/\/dorogimedence.hu\/index.php\/2020\/09\/12\/felcsapta-a-fejet-a-virus-egy-dorogi-iskolaban-is\/#primaryimage"},"thumbnailUrl":"https:\/\/dorogimedence.hu\/wp-content\/uploads\/2019\/10\/zrinyi-felujitott.jpg","datePublished":"2020-09-12T07:11:41+00:00","dateModified":"2020-09-12T07:24:30+00:00","breadcrumb":{"@id":"https:\/\/dorogimedence.hu\/index.php\/2020\/09\/12\/felcsapta-a-fejet-a-virus-egy-dorogi-iskolaban-is\/#breadcrumb"},"inLanguage":"hu","potentialAction":[{"@type":"ReadAction","target":["https:\/\/dorogimedence.hu\/index.php\/2020\/09\/12\/felcsapta-a-fejet-a-virus-egy-dorogi-iskolaban-is\/"]}]},{"@type":"ImageObject","inLanguage":"hu","@id":"https:\/\/dorogimedence.hu\/index.php\/2020\/09\/12\/felcsapta-a-fejet-a-virus-egy-dorogi-iskolaban-is\/#primaryimage","url":"https:\/\/dorogimedence.hu\/wp-content\/uploads\/2019\/10\/zrinyi-felujitott.jpg","contentUrl":"https:\/\/dorogimedence.hu\/wp-content\/uploads\/2019\/10\/zrinyi-felujitott.jpg","width":670,"height":365},{"@type":"BreadcrumbList","@id":"https:\/\/dorogimedence.hu\/index.php\/2020\/09\/12\/felcsapta-a-fejet-a-virus-egy-dorogi-iskolaban-is\/#breadcrumb","itemListElement":[{"@type":"ListItem","position":1,"name":"Kezd\u0151lap","item":"https:\/\/dorogimedence.hu\/"},{"@type":"ListItem","position":2,"name":"Fel\u00fct\u00f6tte a fej\u00e9t a v\u00edrus egy dorogi iskol\u00e1ban is"}]},{"@type":"WebSite","@id":"https:\/\/dorogimedence.hu\/#website","url":"https:\/\/dorogimedence.hu\/","name":"Dorogi-medence Region\u00e1lis H\u00edrport\u00e1l","description":"Dorog, Keszt\u00f6lc, Le\u00e1nyv\u00e1r, Piliscs\u00e9v, Tokod, Tokodalt\u00e1r\u00f3, Csolnok, Esztergom-kertv\u00e1ros: h\u00edrek, programok","publisher":{"@id":"https:\/\/dorogimedence.hu\/#organization"},"potentialAction":[{"@type":"SearchAction","target":{"@type":"EntryPoint","urlTemplate":"https:\/\/dorogimedence.hu\/?s={search_term_string}"},"query-input":{"@type":"PropertyValueSpecification","valueRequired":true,"valueName":"search_term_string"}}],"inLanguage":"hu"},{"@type":"Organization","@id":"https:\/\/dorogimedence.hu\/#organization","name":"Dorogi-medence Region\u00e1lis H\u00edrport\u00e1l","url":"https:\/\/dorogimedence.hu\/","logo":{"@type":"ImageObject","inLanguage":"hu","@id":"https:\/\/dorogimedence.hu\/#\/schema\/logo\/image\/","url":"https:\/\/dorogimedence.hu\/wp-content\/uploads\/2021\/04\/logo-feher-600.png","contentUrl":"https:\/\/dorogimedence.hu\/wp-content\/uploads\/2021\/04\/logo-feher-600.png","width":600,"height":100,"caption":"Dorogi-medence Region\u00e1lis H\u00edrport\u00e1l"},"image":{"@id":"https:\/\/dorogimedence.hu\/#\/schema\/logo\/image\/"},"sameAs":["https:\/\/www.facebook.com\/dorogimedence\/"]},{"@type":"Person","@id":"https:\/\/dorogimedence.hu\/#\/schema\/person\/ce6091eeb7e95ecdc87890d6aa8e0fd4","name":"dorogimedence.hu","image":{"@type":"ImageObject","inLanguage":"hu","@id":"\/\/www.gravatar.com\/avatar\/d8d45f8901aadff40a4af72c0b826f1d?s=96&#038;r=g&#038;d=mm","url":"\/\/www.gravatar.com\/avatar\/d8d45f8901aadff40a4af72c0b826f1d?s=96&#038;r=g&#038;d=mm","contentUrl":"\/\/www.gravatar.com\/avatar\/d8d45f8901aadff40a4af72c0b826f1d?s=96&#038;r=g&#038;d=mm","caption":"dorogimedence.hu"}}]}},"_links":{"self":[{"href":"https:\/\/dorogimedence.hu\/index.php\/wp-json\/wp\/v2\/posts\/27300","targetHints":{"allow":["GET"]}}],"collection":[{"href":"https:\/\/dorogimedence.hu\/index.php\/wp-json\/wp\/v2\/posts"}],"about":[{"href":"https:\/\/dorogimedence.hu\/index.php\/wp-json\/wp\/v2\/types\/post"}],"author":[{"embeddable":true,"href":"https:\/\/dorogimedence.hu\/index.php\/wp-json\/wp\/v2\/users\/1"}],"replies":[{"embeddable":true,"href":"https:\/\/dorogimedence.hu\/index.php\/wp-json\/wp\/v2\/comments?post=27300"}],"version-history":[{"count":0,"href":"https:\/\/dorogimedence.hu\/index.php\/wp-json\/wp\/v2\/posts\/27300\/revisions"}],"wp:featuredmedia":[{"embeddable":true,"href":"https:\/\/dorogimedence.hu\/index.php\/wp-json\/wp\/v2\/media\/20328"}],"wp:attachment":[{"href":"https:\/\/dorogimedence.hu\/index.php\/wp-json\/wp\/v2\/media?parent=27300"}],"wp:term":[{"taxonomy":"category","embeddable":true,"href":"https:\/\/dorogimedence.hu\/index.php\/wp-json\/wp\/v2\/categories?post=27300"},{"taxonomy":"post_tag","embeddable":true,"href":"https:\/\/dorogimedence.hu\/index.php\/wp-json\/wp\/v2\/tags?post=27300"}],"curies":[{"name":"wp","href":"https:\/\/api.w.org\/{rel}","templated":true}]}}