{"id":27267,"date":"2020-09-10T07:05:29","date_gmt":"2020-09-10T05:05:29","guid":{"rendered":"http:\/\/dorogimedence.hu\/?p=27267"},"modified":"2020-09-10T08:53:01","modified_gmt":"2020-09-10T06:53:01","slug":"szeptember-15-tol-leszallitjak-a-maszk-nelkul-utazokat","status":"publish","type":"post","link":"https:\/\/dorogimedence.hu\/index.php\/2020\/09\/10\/szeptember-15-tol-leszallitjak-a-maszk-nelkul-utazokat\/","title":{"rendered":"Szeptember 15-t\u0151l lesz\u00e1ll\u00edtj\u00e1k a maszk n\u00e9lk\u00fcl utaz\u00f3kat"},"content":{"rendered":"<p><strong>Jelenleg m\u00e9g csak figyelmeztetik azokat, akik nem tartj\u00e1k be az el\u0151\u00edr\u00e1st, szeptember 15-t\u0151l viszont szigor\u00fabb int\u00e9zked\u00e9sekkel v\u00e9dik szab\u00e1lyk\u00f6vet\u0151 utasaik \u00e9s munkav\u00e1llal\u00f3ik eg\u00e9szs\u00e9g\u00e9t a helyk\u00f6zi k\u00f6zleked\u00e9si szolg\u00e1ltat\u00f3k. A h\u00f3nap k\u00f6zep\u00e9t\u0151l kiz\u00e1rhat\u00f3ak az utaz\u00e1sb\u00f3l azok az utasok, akik nem hordanak az orrukat \u00e9s sz\u00e1jukat eltakar\u00f3 maszkot, kend\u0151t vagy s\u00e1lat a M\u00c1V-START \u00e9s a Vol\u00e1nbusz j\u00e1ratain.<\/strong><\/p>\n<p>A koronav\u00edrus-j\u00e1rv\u00e1ny terjed\u00e9s\u00e9nek megakad\u00e1lyoz\u00e1sa \u00e9rdek\u00e9ben a k\u00f6z\u00f6ss\u00e9gi k\u00f6zleked\u00e9si eszk\u00f6z\u00f6k\u00f6n, \u00edgy a vonatokon \u00e9s buszokon is k\u00f6telez\u0151 a sz\u00e1j- \u00e9s az orr eltakar\u00e1sa. Mindk\u00e9t k\u00f6zleked\u00e9si t\u00e1rsas\u00e1g arra k\u00e9ri utasait, hogy tarts\u00e1k be a k\u00f6zeg\u00e9szs\u00e9g\u00fcgyi el\u0151\u00edr\u00e1sokat, l\u00e1zzal vagy megh\u0171l\u00e9ses t\u00fcnetekkel j\u00e1r\u00f3 betegs\u00e9g eset\u00e9n ne vegy\u00e9k ig\u00e9nybe a k\u00f6z\u00f6ss\u00e9gi k\u00f6zleked\u00e9si eszk\u00f6z\u00f6ket. A sorban \u00e1ll\u00e1s \u00e9s szem\u00e9lyes \u00e9rintkez\u00e9sek cs\u00f6kkent\u00e9se \u00e9rdek\u00e9ben jegy- \u00e9s b\u00e9rletv\u00e1s\u00e1rl\u00e1skor r\u00e9szes\u00edts\u00e9k el\u0151nyben az elektronikus jegyv\u00e1s\u00e1rl\u00e1si lehet\u0151s\u00e9geket, p\u00e9ld\u00e1ul a M\u00c1V applik\u00e1ci\u00f3 haszn\u00e1lat\u00e1t.<\/p>\n<p><strong>A vas\u00fatt\u00e1rsas\u00e1g<\/strong> a K\u00e9szenl\u00e9ti Rend\u0151rs\u00e9ggel, a polg\u00e1r\u0151rs\u00e9ggel \u00e9s a vagyon\u0151r\u00f6kkel k\u00f6z\u00f6sen augusztust\u00f3l t\u00f6bb mint 6100 vonaton tartott ellen\u0151rz\u00e9st. Eddig csak figyelmeztett\u00e9k a szab\u00e1lyokat megszeg\u0151 utasokat, de j\u00f6v\u0151 keddt\u0151l fokozottan ellen\u0151rzik a vonatokat, \u00e9s az \u00faj v\u00e1llalati szab\u00e1lyoz\u00e1s szerint a jegyvizsg\u00e1l\u00f3k komolyabban is fell\u00e9pnek a szab\u00e1lyszeg\u0151k ellen. Aki a felsz\u00f3l\u00edt\u00e1s ellen\u00e9re sem takarja el az orr\u00e1t, sz\u00e1j\u00e1t, az utaz\u00e1sb\u00f3l val\u00f3 kiz\u00e1r\u00e1st kock\u00e1ztatja, a szab\u00e1lytalanul utaz\u00f3t ugyanis lesz\u00e1ll\u00edtj\u00e1k a vonatr\u00f3l.<\/p>\n<p>A M\u00c1V-START nemcsak az utasokat, hanem a fed\u00e9lzeten dolgoz\u00f3 szem\u00e9lyzetet is ellen\u0151rzi, rendszeresen felh\u00edvja a vas\u00faton szolg\u00e1latot teljes\u00edt\u0151 munkat\u00e1rsai figyelm\u00e9t is a helyes maszkvisel\u00e9s k\u00f6telezetts\u00e9g\u00e9re. Munkajogi k\u00f6vetkezm\u00e9nyekkel kell sz\u00e1molnia annak a munkav\u00e1llal\u00f3nak, aki nem tartja be az utas\u00edt\u00e1sokat. A vas\u00fatt\u00e1rsas\u00e1g \u00e9rintett munkav\u00e1llal\u00f3i sz\u00e1m\u00e1ra folyamatosan biztos\u00edtja a sz\u00fcks\u00e9ges v\u00e9d\u0151felszerel\u00e9st, eddig t\u00f6bb mint 1 milli\u00f3 maszkot, 1,5 milli\u00f3 keszty\u0171t \u00e9s 60 ezer liter k\u00e9zfert\u0151tlen\u00edt\u0151t osztottak ki.<\/p>\n<p><strong>A Vol\u00e1nbusz<\/strong> z\u00e1rt utasforgalmi ter\u00fcletein \u00e9s \u00f6sszes j\u00e1rat\u00e1n is k\u00f6telez\u0151 a sz\u00e1j- \u00e9s az orr eltakar\u00e1sa. Szeptember 15-t\u0151l szigor\u00edtanak az utaz\u00e1si felt\u00e9teleken, fontos v\u00e1ltoz\u00e1s l\u00e9p \u00e9letbe: az aut\u00f3busz-vezet\u0151k k\u00f6telesek megtagadni a felsz\u00e1ll\u00e1st, ha az utas nem tartja be a maszkvisel\u00e9ssel kapcsolatos el\u0151\u00edr\u00e1sokat, \u00e9s a k\u00f6telezetts\u00e9gnek egyszeri felsz\u00f3l\u00edt\u00e1sra sem tesz eleget. Utaz\u00e1s k\u00f6zben a jegy- \u00e9s b\u00e9rletellen\u0151r\u00f6k ellen\u0151rzik az el\u0151\u00edr\u00e1s betart\u00e1s\u00e1t, \u00e9s egyszeri, eredm\u00e9nytelen felsz\u00f3l\u00edt\u00e1s ut\u00e1n, lakott ter\u00fcleten meg\u00e1llva kiz\u00e1rj\u00e1k az utaz\u00e1sb\u00f3l az \u00e9rintetteket.<\/p>\n<p>A t\u00e1rsas\u00e1g rend\u0151ri int\u00e9zked\u00e9st k\u00e9r a helyzet kezel\u00e9s\u00e9hez, ha az utas megtagadja sz\u00e1ja \u00e9s orra eltakar\u00e1s\u00e1t, nem veszi tudom\u00e1sul a felsz\u00e1ll\u00e1s tilt\u00e1s\u00e1t vagy az utaz\u00e1sb\u00f3l val\u00f3 kiz\u00e1r\u00e1st. A hat\u00f3s\u00e1g ilyen esetben szab\u00e1lys\u00e9rt\u00e9si elj\u00e1r\u00e1st kezdem\u00e9nyezhet, 10 ezert\u0151l 50 ezer forintig terjed\u0151 b\u00edrs\u00e1got szabhat ki. A rend\u0151rs\u00e9g emellett az aut\u00f3busz-\u00e1llom\u00e1sokon \u00e9s az aut\u00f3buszokon sz\u00far\u00f3pr\u00f3baszer\u0171en ellen\u0151rzi a maszkvisel\u00e9si k\u00f6telezetts\u00e9g betart\u00e1s\u00e1t, szab\u00e1lyszeg\u00e9s eset\u00e9n b\u00edrs\u00e1got r\u00f3 ki.<\/p>\n<p>A Vol\u00e1nbusz k\u00e9ri utasai egy\u00fcttm\u0171k\u00f6d\u00e9s\u00e9t, \u00e9s felh\u00edvja a figyelmet arra is, hogy munkat\u00e1rsai a rendelkez\u00e9st\u0151l semmilyen indokkal nem t\u00e9rhetnek el. A buszt\u00e1rsas\u00e1g a munkav\u00e1llal\u00f3i v\u00e9delm\u00e9ben a vesz\u00e9lyhelyzet kihirdet\u00e9se \u00f3ta t\u00f6bb mint 322 ezer maszkot osztott ki.<\/p>\n<p><em>M\u00c1V Zrt. Kommunik\u00e1ci\u00f3s Igazgat\u00f3s\u00e1g<\/em><\/p>\n","protected":false},"excerpt":{"rendered":"<p>Jelenleg m\u00e9g csak figyelmeztetik azokat, akik nem tartj\u00e1k be az el\u0151\u00edr\u00e1st, szeptember 15-t\u0151l viszont szigor\u00fabb int\u00e9zked\u00e9sekkel v\u00e9dik szab\u00e1lyk\u00f6vet\u0151 utasaik \u00e9s munkav\u00e1llal\u00f3ik eg\u00e9szs\u00e9g\u00e9t a helyk\u00f6zi k\u00f6zleked\u00e9si szolg\u00e1ltat\u00f3k. A h\u00f3nap k\u00f6zep\u00e9t\u0151l kiz\u00e1rhat\u00f3ak az utaz\u00e1sb\u00f3l azok az utasok, akik nem hordanak az orrukat \u00e9s sz\u00e1jukat eltakar\u00f3 maszkot, kend\u0151t vagy s\u00e1lat a M\u00c1V-START \u00e9s a Vol\u00e1nbusz j\u00e1ratain. A koronav\u00edrus-j\u00e1rv\u00e1ny<\/p>\n","protected":false},"author":1,"featured_media":27268,"comment_status":"closed","ping_status":"closed","sticky":false,"template":"","format":"standard","meta":{"ngg_post_thumbnail":0,"footnotes":""},"categories":[3],"tags":[4791,5105,5106,1015],"class_list":{"0":"post-27267","1":"post","2":"type-post","3":"status-publish","4":"format-standard","5":"has-post-thumbnail","7":"category-hirek","8":"tag-maszk","9":"tag-maszkviseles","10":"tag-mav-zrt","11":"tag-volanbusz"},"yoast_head":"<!-- This site is optimized with the Yoast SEO plugin v27.4 - https:\/\/yoast.com\/product\/yoast-seo-wordpress\/ -->\n<title>Szeptember 15-t\u0151l lesz\u00e1ll\u00edtj\u00e1k a maszk n\u00e9lk\u00fcl utaz\u00f3kat<\/title>\n<meta name=\"robots\" content=\"index, follow, max-snippet:-1, max-image-preview:large, max-video-preview:-1\" \/>\n<link rel=\"canonical\" href=\"https:\/\/dorogimedence.hu\/index.php\/2020\/09\/10\/szeptember-15-tol-leszallitjak-a-maszk-nelkul-utazokat\/\" class=\"yoast-seo-meta-tag\" \/>\n<meta property=\"og:locale\" content=\"hu_HU\" class=\"yoast-seo-meta-tag\" \/>\n<meta property=\"og:type\" content=\"article\" class=\"yoast-seo-meta-tag\" \/>\n<meta property=\"og:title\" content=\"Szeptember 15-t\u0151l lesz\u00e1ll\u00edtj\u00e1k a maszk n\u00e9lk\u00fcl utaz\u00f3kat\" class=\"yoast-seo-meta-tag\" \/>\n<meta property=\"og:description\" content=\"Jelenleg m\u00e9g csak figyelmeztetik azokat, akik nem tartj\u00e1k be az el\u0151\u00edr\u00e1st, szeptember 15-t\u0151l viszont szigor\u00fabb int\u00e9zked\u00e9sekkel v\u00e9dik szab\u00e1lyk\u00f6vet\u0151 utasaik \u00e9s munkav\u00e1llal\u00f3ik eg\u00e9szs\u00e9g\u00e9t a helyk\u00f6zi k\u00f6zleked\u00e9si szolg\u00e1ltat\u00f3k. A h\u00f3nap k\u00f6zep\u00e9t\u0151l kiz\u00e1rhat\u00f3ak az utaz\u00e1sb\u00f3l azok az utasok, akik nem hordanak az orrukat \u00e9s sz\u00e1jukat eltakar\u00f3 maszkot, kend\u0151t vagy s\u00e1lat a M\u00c1V-START \u00e9s a Vol\u00e1nbusz j\u00e1ratain. A koronav\u00edrus-j\u00e1rv\u00e1ny\" class=\"yoast-seo-meta-tag\" \/>\n<meta property=\"og:url\" content=\"https:\/\/dorogimedence.hu\/index.php\/2020\/09\/10\/szeptember-15-tol-leszallitjak-a-maszk-nelkul-utazokat\/\" class=\"yoast-seo-meta-tag\" \/>\n<meta property=\"og:site_name\" content=\"Dorogi-medence Region\u00e1lis H\u00edrport\u00e1l\" class=\"yoast-seo-meta-tag\" \/>\n<meta property=\"article:publisher\" content=\"https:\/\/www.facebook.com\/dorogimedence\/\" class=\"yoast-seo-meta-tag\" \/>\n<meta property=\"article:published_time\" content=\"2020-09-10T05:05:29+00:00\" class=\"yoast-seo-meta-tag\" \/>\n<meta property=\"article:modified_time\" content=\"2020-09-10T06:53:01+00:00\" class=\"yoast-seo-meta-tag\" \/>\n<meta property=\"og:image\" content=\"https:\/\/i0.wp.com\/dorogimedence.hu\/wp-content\/uploads\/2020\/09\/maszk-mav.jpg?fit=830%2C450&ssl=1\" class=\"yoast-seo-meta-tag\" \/>\n\t<meta property=\"og:image:width\" content=\"830\" class=\"yoast-seo-meta-tag\" \/>\n\t<meta property=\"og:image:height\" content=\"450\" class=\"yoast-seo-meta-tag\" \/>\n\t<meta property=\"og:image:type\" content=\"image\/jpeg\" class=\"yoast-seo-meta-tag\" \/>\n<meta name=\"author\" content=\"dorogimedence.hu\" class=\"yoast-seo-meta-tag\" \/>\n<meta name=\"twitter:card\" content=\"summary_large_image\" class=\"yoast-seo-meta-tag\" \/>\n<meta name=\"twitter:label1\" content=\"Szerz\u0151:\" class=\"yoast-seo-meta-tag\" \/>\n\t<meta name=\"twitter:data1\" content=\"dorogimedence.hu\" class=\"yoast-seo-meta-tag\" \/>\n\t<meta name=\"twitter:label2\" content=\"Becs\u00fclt olvas\u00e1si id\u0151\" class=\"yoast-seo-meta-tag\" \/>\n\t<meta name=\"twitter:data2\" content=\"4 perc\" class=\"yoast-seo-meta-tag\" \/>\n<script type=\"application\/ld+json\" class=\"yoast-schema-graph\">{\"@context\":\"https:\\\/\\\/schema.org\",\"@graph\":[{\"@type\":\"Article\",\"@id\":\"https:\\\/\\\/dorogimedence.hu\\\/index.php\\\/2020\\\/09\\\/10\\\/szeptember-15-tol-leszallitjak-a-maszk-nelkul-utazokat\\\/#article\",\"isPartOf\":{\"@id\":\"https:\\\/\\\/dorogimedence.hu\\\/index.php\\\/2020\\\/09\\\/10\\\/szeptember-15-tol-leszallitjak-a-maszk-nelkul-utazokat\\\/\"},\"author\":{\"name\":\"dorogimedence.hu\",\"@id\":\"https:\\\/\\\/dorogimedence.hu\\\/#\\\/schema\\\/person\\\/ce6091eeb7e95ecdc87890d6aa8e0fd4\"},\"headline\":\"Szeptember 15-t\u0151l lesz\u00e1ll\u00edtj\u00e1k a maszk n\u00e9lk\u00fcl utaz\u00f3kat\",\"datePublished\":\"2020-09-10T05:05:29+00:00\",\"dateModified\":\"2020-09-10T06:53:01+00:00\",\"mainEntityOfPage\":{\"@id\":\"https:\\\/\\\/dorogimedence.hu\\\/index.php\\\/2020\\\/09\\\/10\\\/szeptember-15-tol-leszallitjak-a-maszk-nelkul-utazokat\\\/\"},\"wordCount\":761,\"publisher\":{\"@id\":\"https:\\\/\\\/dorogimedence.hu\\\/#organization\"},\"image\":{\"@id\":\"https:\\\/\\\/dorogimedence.hu\\\/index.php\\\/2020\\\/09\\\/10\\\/szeptember-15-tol-leszallitjak-a-maszk-nelkul-utazokat\\\/#primaryimage\"},\"thumbnailUrl\":\"https:\\\/\\\/dorogimedence.hu\\\/wp-content\\\/uploads\\\/2020\\\/09\\\/maszk-mav.jpg\",\"keywords\":[\"maszk\",\"maszkvisel\u00e9s\",\"M\u00c1V Zrt.\",\"vol\u00e1nbusz\"],\"articleSection\":[\"H\u00edrek\"],\"inLanguage\":\"hu\"},{\"@type\":\"WebPage\",\"@id\":\"https:\\\/\\\/dorogimedence.hu\\\/index.php\\\/2020\\\/09\\\/10\\\/szeptember-15-tol-leszallitjak-a-maszk-nelkul-utazokat\\\/\",\"url\":\"https:\\\/\\\/dorogimedence.hu\\\/index.php\\\/2020\\\/09\\\/10\\\/szeptember-15-tol-leszallitjak-a-maszk-nelkul-utazokat\\\/\",\"name\":\"Szeptember 15-t\u0151l lesz\u00e1ll\u00edtj\u00e1k a maszk n\u00e9lk\u00fcl utaz\u00f3kat\",\"isPartOf\":{\"@id\":\"https:\\\/\\\/dorogimedence.hu\\\/#website\"},\"primaryImageOfPage\":{\"@id\":\"https:\\\/\\\/dorogimedence.hu\\\/index.php\\\/2020\\\/09\\\/10\\\/szeptember-15-tol-leszallitjak-a-maszk-nelkul-utazokat\\\/#primaryimage\"},\"image\":{\"@id\":\"https:\\\/\\\/dorogimedence.hu\\\/index.php\\\/2020\\\/09\\\/10\\\/szeptember-15-tol-leszallitjak-a-maszk-nelkul-utazokat\\\/#primaryimage\"},\"thumbnailUrl\":\"https:\\\/\\\/dorogimedence.hu\\\/wp-content\\\/uploads\\\/2020\\\/09\\\/maszk-mav.jpg\",\"datePublished\":\"2020-09-10T05:05:29+00:00\",\"dateModified\":\"2020-09-10T06:53:01+00:00\",\"breadcrumb\":{\"@id\":\"https:\\\/\\\/dorogimedence.hu\\\/index.php\\\/2020\\\/09\\\/10\\\/szeptember-15-tol-leszallitjak-a-maszk-nelkul-utazokat\\\/#breadcrumb\"},\"inLanguage\":\"hu\",\"potentialAction\":[{\"@type\":\"ReadAction\",\"target\":[\"https:\\\/\\\/dorogimedence.hu\\\/index.php\\\/2020\\\/09\\\/10\\\/szeptember-15-tol-leszallitjak-a-maszk-nelkul-utazokat\\\/\"]}]},{\"@type\":\"ImageObject\",\"inLanguage\":\"hu\",\"@id\":\"https:\\\/\\\/dorogimedence.hu\\\/index.php\\\/2020\\\/09\\\/10\\\/szeptember-15-tol-leszallitjak-a-maszk-nelkul-utazokat\\\/#primaryimage\",\"url\":\"https:\\\/\\\/dorogimedence.hu\\\/wp-content\\\/uploads\\\/2020\\\/09\\\/maszk-mav.jpg\",\"contentUrl\":\"https:\\\/\\\/dorogimedence.hu\\\/wp-content\\\/uploads\\\/2020\\\/09\\\/maszk-mav.jpg\",\"width\":830,\"height\":450},{\"@type\":\"BreadcrumbList\",\"@id\":\"https:\\\/\\\/dorogimedence.hu\\\/index.php\\\/2020\\\/09\\\/10\\\/szeptember-15-tol-leszallitjak-a-maszk-nelkul-utazokat\\\/#breadcrumb\",\"itemListElement\":[{\"@type\":\"ListItem\",\"position\":1,\"name\":\"Kezd\u0151lap\",\"item\":\"https:\\\/\\\/dorogimedence.hu\\\/\"},{\"@type\":\"ListItem\",\"position\":2,\"name\":\"Szeptember 15-t\u0151l lesz\u00e1ll\u00edtj\u00e1k a maszk n\u00e9lk\u00fcl utaz\u00f3kat\"}]},{\"@type\":\"WebSite\",\"@id\":\"https:\\\/\\\/dorogimedence.hu\\\/#website\",\"url\":\"https:\\\/\\\/dorogimedence.hu\\\/\",\"name\":\"Dorogi-medence Region\u00e1lis H\u00edrport\u00e1l\",\"description\":\"Dorog, Keszt\u00f6lc, Le\u00e1nyv\u00e1r, Piliscs\u00e9v, Tokod, Tokodalt\u00e1r\u00f3, Csolnok, Esztergom-kertv\u00e1ros: h\u00edrek, programok\",\"publisher\":{\"@id\":\"https:\\\/\\\/dorogimedence.hu\\\/#organization\"},\"potentialAction\":[{\"@type\":\"SearchAction\",\"target\":{\"@type\":\"EntryPoint\",\"urlTemplate\":\"https:\\\/\\\/dorogimedence.hu\\\/?s={search_term_string}\"},\"query-input\":{\"@type\":\"PropertyValueSpecification\",\"valueRequired\":true,\"valueName\":\"search_term_string\"}}],\"inLanguage\":\"hu\"},{\"@type\":\"Organization\",\"@id\":\"https:\\\/\\\/dorogimedence.hu\\\/#organization\",\"name\":\"Dorogi-medence Region\u00e1lis H\u00edrport\u00e1l\",\"url\":\"https:\\\/\\\/dorogimedence.hu\\\/\",\"logo\":{\"@type\":\"ImageObject\",\"inLanguage\":\"hu\",\"@id\":\"https:\\\/\\\/dorogimedence.hu\\\/#\\\/schema\\\/logo\\\/image\\\/\",\"url\":\"https:\\\/\\\/dorogimedence.hu\\\/wp-content\\\/uploads\\\/2021\\\/04\\\/logo-feher-600.png\",\"contentUrl\":\"https:\\\/\\\/dorogimedence.hu\\\/wp-content\\\/uploads\\\/2021\\\/04\\\/logo-feher-600.png\",\"width\":600,\"height\":100,\"caption\":\"Dorogi-medence Region\u00e1lis H\u00edrport\u00e1l\"},\"image\":{\"@id\":\"https:\\\/\\\/dorogimedence.hu\\\/#\\\/schema\\\/logo\\\/image\\\/\"},\"sameAs\":[\"https:\\\/\\\/www.facebook.com\\\/dorogimedence\\\/\"]},{\"@type\":\"Person\",\"@id\":\"https:\\\/\\\/dorogimedence.hu\\\/#\\\/schema\\\/person\\\/ce6091eeb7e95ecdc87890d6aa8e0fd4\",\"name\":\"dorogimedence.hu\",\"image\":{\"@type\":\"ImageObject\",\"inLanguage\":\"hu\",\"@id\":\"\\\/\\\/www.gravatar.com\\\/avatar\\\/d8d45f8901aadff40a4af72c0b826f1d?s=96&#038;r=g&#038;d=mm\",\"url\":\"\\\/\\\/www.gravatar.com\\\/avatar\\\/d8d45f8901aadff40a4af72c0b826f1d?s=96&#038;r=g&#038;d=mm\",\"contentUrl\":\"\\\/\\\/www.gravatar.com\\\/avatar\\\/d8d45f8901aadff40a4af72c0b826f1d?s=96&#038;r=g&#038;d=mm\",\"caption\":\"dorogimedence.hu\"}}]}<\/script>\n<!-- \/ Yoast SEO plugin. -->","yoast_head_json":{"title":"Szeptember 15-t\u0151l lesz\u00e1ll\u00edtj\u00e1k a maszk n\u00e9lk\u00fcl utaz\u00f3kat","robots":{"index":"index","follow":"follow","max-snippet":"max-snippet:-1","max-image-preview":"max-image-preview:large","max-video-preview":"max-video-preview:-1"},"canonical":"https:\/\/dorogimedence.hu\/index.php\/2020\/09\/10\/szeptember-15-tol-leszallitjak-a-maszk-nelkul-utazokat\/","og_locale":"hu_HU","og_type":"article","og_title":"Szeptember 15-t\u0151l lesz\u00e1ll\u00edtj\u00e1k a maszk n\u00e9lk\u00fcl utaz\u00f3kat","og_description":"Jelenleg m\u00e9g csak figyelmeztetik azokat, akik nem tartj\u00e1k be az el\u0151\u00edr\u00e1st, szeptember 15-t\u0151l viszont szigor\u00fabb int\u00e9zked\u00e9sekkel v\u00e9dik szab\u00e1lyk\u00f6vet\u0151 utasaik \u00e9s munkav\u00e1llal\u00f3ik eg\u00e9szs\u00e9g\u00e9t a helyk\u00f6zi k\u00f6zleked\u00e9si szolg\u00e1ltat\u00f3k. A h\u00f3nap k\u00f6zep\u00e9t\u0151l kiz\u00e1rhat\u00f3ak az utaz\u00e1sb\u00f3l azok az utasok, akik nem hordanak az orrukat \u00e9s sz\u00e1jukat eltakar\u00f3 maszkot, kend\u0151t vagy s\u00e1lat a M\u00c1V-START \u00e9s a Vol\u00e1nbusz j\u00e1ratain. A koronav\u00edrus-j\u00e1rv\u00e1ny","og_url":"https:\/\/dorogimedence.hu\/index.php\/2020\/09\/10\/szeptember-15-tol-leszallitjak-a-maszk-nelkul-utazokat\/","og_site_name":"Dorogi-medence Region\u00e1lis H\u00edrport\u00e1l","article_publisher":"https:\/\/www.facebook.com\/dorogimedence\/","article_published_time":"2020-09-10T05:05:29+00:00","article_modified_time":"2020-09-10T06:53:01+00:00","og_image":[{"width":830,"height":450,"url":"https:\/\/i0.wp.com\/dorogimedence.hu\/wp-content\/uploads\/2020\/09\/maszk-mav.jpg?fit=830%2C450&ssl=1","type":"image\/jpeg"}],"author":"dorogimedence.hu","twitter_card":"summary_large_image","twitter_misc":{"Szerz\u0151:":"dorogimedence.hu","Becs\u00fclt olvas\u00e1si id\u0151":"4 perc"},"schema":{"@context":"https:\/\/schema.org","@graph":[{"@type":"Article","@id":"https:\/\/dorogimedence.hu\/index.php\/2020\/09\/10\/szeptember-15-tol-leszallitjak-a-maszk-nelkul-utazokat\/#article","isPartOf":{"@id":"https:\/\/dorogimedence.hu\/index.php\/2020\/09\/10\/szeptember-15-tol-leszallitjak-a-maszk-nelkul-utazokat\/"},"author":{"name":"dorogimedence.hu","@id":"https:\/\/dorogimedence.hu\/#\/schema\/person\/ce6091eeb7e95ecdc87890d6aa8e0fd4"},"headline":"Szeptember 15-t\u0151l lesz\u00e1ll\u00edtj\u00e1k a maszk n\u00e9lk\u00fcl utaz\u00f3kat","datePublished":"2020-09-10T05:05:29+00:00","dateModified":"2020-09-10T06:53:01+00:00","mainEntityOfPage":{"@id":"https:\/\/dorogimedence.hu\/index.php\/2020\/09\/10\/szeptember-15-tol-leszallitjak-a-maszk-nelkul-utazokat\/"},"wordCount":761,"publisher":{"@id":"https:\/\/dorogimedence.hu\/#organization"},"image":{"@id":"https:\/\/dorogimedence.hu\/index.php\/2020\/09\/10\/szeptember-15-tol-leszallitjak-a-maszk-nelkul-utazokat\/#primaryimage"},"thumbnailUrl":"https:\/\/dorogimedence.hu\/wp-content\/uploads\/2020\/09\/maszk-mav.jpg","keywords":["maszk","maszkvisel\u00e9s","M\u00c1V Zrt.","vol\u00e1nbusz"],"articleSection":["H\u00edrek"],"inLanguage":"hu"},{"@type":"WebPage","@id":"https:\/\/dorogimedence.hu\/index.php\/2020\/09\/10\/szeptember-15-tol-leszallitjak-a-maszk-nelkul-utazokat\/","url":"https:\/\/dorogimedence.hu\/index.php\/2020\/09\/10\/szeptember-15-tol-leszallitjak-a-maszk-nelkul-utazokat\/","name":"Szeptember 15-t\u0151l lesz\u00e1ll\u00edtj\u00e1k a maszk n\u00e9lk\u00fcl utaz\u00f3kat","isPartOf":{"@id":"https:\/\/dorogimedence.hu\/#website"},"primaryImageOfPage":{"@id":"https:\/\/dorogimedence.hu\/index.php\/2020\/09\/10\/szeptember-15-tol-leszallitjak-a-maszk-nelkul-utazokat\/#primaryimage"},"image":{"@id":"https:\/\/dorogimedence.hu\/index.php\/2020\/09\/10\/szeptember-15-tol-leszallitjak-a-maszk-nelkul-utazokat\/#primaryimage"},"thumbnailUrl":"https:\/\/dorogimedence.hu\/wp-content\/uploads\/2020\/09\/maszk-mav.jpg","datePublished":"2020-09-10T05:05:29+00:00","dateModified":"2020-09-10T06:53:01+00:00","breadcrumb":{"@id":"https:\/\/dorogimedence.hu\/index.php\/2020\/09\/10\/szeptember-15-tol-leszallitjak-a-maszk-nelkul-utazokat\/#breadcrumb"},"inLanguage":"hu","potentialAction":[{"@type":"ReadAction","target":["https:\/\/dorogimedence.hu\/index.php\/2020\/09\/10\/szeptember-15-tol-leszallitjak-a-maszk-nelkul-utazokat\/"]}]},{"@type":"ImageObject","inLanguage":"hu","@id":"https:\/\/dorogimedence.hu\/index.php\/2020\/09\/10\/szeptember-15-tol-leszallitjak-a-maszk-nelkul-utazokat\/#primaryimage","url":"https:\/\/dorogimedence.hu\/wp-content\/uploads\/2020\/09\/maszk-mav.jpg","contentUrl":"https:\/\/dorogimedence.hu\/wp-content\/uploads\/2020\/09\/maszk-mav.jpg","width":830,"height":450},{"@type":"BreadcrumbList","@id":"https:\/\/dorogimedence.hu\/index.php\/2020\/09\/10\/szeptember-15-tol-leszallitjak-a-maszk-nelkul-utazokat\/#breadcrumb","itemListElement":[{"@type":"ListItem","position":1,"name":"Kezd\u0151lap","item":"https:\/\/dorogimedence.hu\/"},{"@type":"ListItem","position":2,"name":"Szeptember 15-t\u0151l lesz\u00e1ll\u00edtj\u00e1k a maszk n\u00e9lk\u00fcl utaz\u00f3kat"}]},{"@type":"WebSite","@id":"https:\/\/dorogimedence.hu\/#website","url":"https:\/\/dorogimedence.hu\/","name":"Dorogi-medence Region\u00e1lis H\u00edrport\u00e1l","description":"Dorog, Keszt\u00f6lc, Le\u00e1nyv\u00e1r, Piliscs\u00e9v, Tokod, Tokodalt\u00e1r\u00f3, Csolnok, Esztergom-kertv\u00e1ros: h\u00edrek, programok","publisher":{"@id":"https:\/\/dorogimedence.hu\/#organization"},"potentialAction":[{"@type":"SearchAction","target":{"@type":"EntryPoint","urlTemplate":"https:\/\/dorogimedence.hu\/?s={search_term_string}"},"query-input":{"@type":"PropertyValueSpecification","valueRequired":true,"valueName":"search_term_string"}}],"inLanguage":"hu"},{"@type":"Organization","@id":"https:\/\/dorogimedence.hu\/#organization","name":"Dorogi-medence Region\u00e1lis H\u00edrport\u00e1l","url":"https:\/\/dorogimedence.hu\/","logo":{"@type":"ImageObject","inLanguage":"hu","@id":"https:\/\/dorogimedence.hu\/#\/schema\/logo\/image\/","url":"https:\/\/dorogimedence.hu\/wp-content\/uploads\/2021\/04\/logo-feher-600.png","contentUrl":"https:\/\/dorogimedence.hu\/wp-content\/uploads\/2021\/04\/logo-feher-600.png","width":600,"height":100,"caption":"Dorogi-medence Region\u00e1lis H\u00edrport\u00e1l"},"image":{"@id":"https:\/\/dorogimedence.hu\/#\/schema\/logo\/image\/"},"sameAs":["https:\/\/www.facebook.com\/dorogimedence\/"]},{"@type":"Person","@id":"https:\/\/dorogimedence.hu\/#\/schema\/person\/ce6091eeb7e95ecdc87890d6aa8e0fd4","name":"dorogimedence.hu","image":{"@type":"ImageObject","inLanguage":"hu","@id":"\/\/www.gravatar.com\/avatar\/d8d45f8901aadff40a4af72c0b826f1d?s=96&#038;r=g&#038;d=mm","url":"\/\/www.gravatar.com\/avatar\/d8d45f8901aadff40a4af72c0b826f1d?s=96&#038;r=g&#038;d=mm","contentUrl":"\/\/www.gravatar.com\/avatar\/d8d45f8901aadff40a4af72c0b826f1d?s=96&#038;r=g&#038;d=mm","caption":"dorogimedence.hu"}}]}},"_links":{"self":[{"href":"https:\/\/dorogimedence.hu\/index.php\/wp-json\/wp\/v2\/posts\/27267","targetHints":{"allow":["GET"]}}],"collection":[{"href":"https:\/\/dorogimedence.hu\/index.php\/wp-json\/wp\/v2\/posts"}],"about":[{"href":"https:\/\/dorogimedence.hu\/index.php\/wp-json\/wp\/v2\/types\/post"}],"author":[{"embeddable":true,"href":"https:\/\/dorogimedence.hu\/index.php\/wp-json\/wp\/v2\/users\/1"}],"replies":[{"embeddable":true,"href":"https:\/\/dorogimedence.hu\/index.php\/wp-json\/wp\/v2\/comments?post=27267"}],"version-history":[{"count":0,"href":"https:\/\/dorogimedence.hu\/index.php\/wp-json\/wp\/v2\/posts\/27267\/revisions"}],"wp:featuredmedia":[{"embeddable":true,"href":"https:\/\/dorogimedence.hu\/index.php\/wp-json\/wp\/v2\/media\/27268"}],"wp:attachment":[{"href":"https:\/\/dorogimedence.hu\/index.php\/wp-json\/wp\/v2\/media?parent=27267"}],"wp:term":[{"taxonomy":"category","embeddable":true,"href":"https:\/\/dorogimedence.hu\/index.php\/wp-json\/wp\/v2\/categories?post=27267"},{"taxonomy":"post_tag","embeddable":true,"href":"https:\/\/dorogimedence.hu\/index.php\/wp-json\/wp\/v2\/tags?post=27267"}],"curies":[{"name":"wp","href":"https:\/\/api.w.org\/{rel}","templated":true}]}}