{"id":27136,"date":"2020-09-04T07:06:19","date_gmt":"2020-09-04T05:06:19","guid":{"rendered":"http:\/\/dorogimedence.hu\/?p=27136"},"modified":"2020-09-04T07:06:35","modified_gmt":"2020-09-04T05:06:35","slug":"sokszinu-videkunk-vandorkiallitas-piliscseven","status":"publish","type":"post","link":"https:\/\/dorogimedence.hu\/index.php\/2020\/09\/04\/sokszinu-videkunk-vandorkiallitas-piliscseven\/","title":{"rendered":"Soksz\u00edn\u0171 Vid\u00e9k(\u00fcnk) V\u00e1ndorki\u00e1ll\u00edt\u00e1s Piliscs\u00e9ven"},"content":{"rendered":"<p><strong>A <\/strong><strong>Duna-Pilis-Gerecse Vid\u00e9kfejleszt\u00e9si<\/strong><strong> Egyes\u00fclet a Bethlen G\u00e1bor Alapkezel\u0151 Zrt. \u00e1ltal meghirdetett NEA program keret\u00e9ben szakmai program megval\u00f3s\u00edt\u00e1s\u00e1ra ny\u00fajtott be p\u00e1ly\u00e1zatot, amelyet a Nemzeti Egy\u00fcttm\u0171k\u00f6d\u00e9si Alap t\u00e1mogat\u00e1sra \u00e9rdemesnek tal\u00e1lt. <\/strong><\/p>\n<p>Z\u00e1r\u00f3 helysz\u00edn\u00e9hez \u00e9rkezett a Soksz\u00edn\u0171 Vid\u00e9k(\u00fcnk) V\u00e1ndorki\u00e1ll\u00edt\u00e1s. A Duna-Pilis-Gerecse Vid\u00e9kfejleszt\u00e9si Egyes\u00fclet tematikus v\u00e1ndorki\u00e1ll\u00edt\u00e1s\u00e1nak \u00e9s f\u00f3rumsorozat\u00e1nak legfontosabb strat\u00e9giai c\u00e9lja a t\u00e9rs\u00e9g gazdas\u00e1g \u00e1gazatainak \u00f6sszefogott fejleszt\u00e9se volt. E fejleszt\u00e9s alapja a bels\u0151 (helyi) er\u0151forr\u00e1sok kiakn\u00e1z\u00e1sa, amely tulajdonk\u00e9ppen nem m\u00e1s, mint a vid\u00e9ki \u00e9rt\u00e9kek \u00e9s potenci\u00e1lok mozg\u00f3s\u00edt\u00e1sa. A bels\u0151 er\u0151forr\u00e1sok megtestes\u00fclhetnek a t\u00e9rs\u00e9g hum\u00e1n er\u0151forr\u00e1s\u00e1ban (munkaerej\u00e9ben, ismeretanyag\u00e1ban, tettrek\u00e9szs\u00e9g\u00e9ben, az \u00f6sszefog\u00e1sban), de term\u00e9szeti \u00e9s gazdas\u00e1gi er\u0151forr\u00e1saiban is. K\u00fcl\u00f6n\u00f6sen gondolnunk kell urbaniz\u00e1l\u00f3d\u00f3 vil\u00e1gunk olyan fel\u00e9rt\u00e9kel\u0151d\u0151 javaira, mint a tiszta, stressz mentes k\u00f6rnyezet, az eg\u00e9szs\u00e9ges term\u00e9kek, a k\u00f6rnyezetet nem terhel\u0151 energia, nem kihaszn\u00e1lt helyi tapasztalat, elfeledett hagyom\u00e1nyok. Ugyanilyen er\u0151forr\u00e1st jelent az egy\u00fcttm\u0171k\u00f6d\u00e9s, a helyi t\u00e1rsadalom \u00e9s a gazdas\u00e1g szerepl\u0151inek min\u00e9l gyakoribb \u00e9rintkez\u00e9se, javaik cser\u00e9je.<\/p>\n<p>A vid\u00e9k fejleszt\u00e9se alkalmas eszk\u00f6z lehet olyan t\u00e9rs\u00e9gek, telep\u00fcl\u00e9sek gazdas\u00e1g\u00e1nak \u00e9s gazdas\u00e1gi er\u0151forr\u00e1sainak dinamiz\u00e1l\u00e1s\u00e1ra is, ahol a gazdas\u00e1gfejleszt\u00e9s \u00e1ltal\u00e1nos eszk\u00f6zeivel nem lehet eredm\u00e9nyt el\u00e9rni.<\/p>\n<p>Ugyanakkor alkalmaz\u00e1sa nem sz\u0171k\u00edthet\u0151 le erre, mert \u2013 odaill\u0151 megold\u00e1ssal \u2013 b\u00e1rmely helyi k\u00f6z\u00f6ss\u00e9gben alkalmazhat\u00f3.<\/p>\n<p><img fetchpriority=\"high\" decoding=\"async\" class=\"alignnone size-full wp-image-27138\" src=\"https:\/\/dorogimedence.hu\/wp-content\/uploads\/2020\/09\/vandorkiallitas-02.jpg\" alt=\"\" width=\"830\" height=\"450\" srcset=\"https:\/\/dorogimedence.hu\/wp-content\/uploads\/2020\/09\/vandorkiallitas-02.jpg 830w, https:\/\/dorogimedence.hu\/wp-content\/uploads\/2020\/09\/vandorkiallitas-02-300x163.jpg 300w, https:\/\/dorogimedence.hu\/wp-content\/uploads\/2020\/09\/vandorkiallitas-02-768x416.jpg 768w\" sizes=\"(max-width: 830px) 100vw, 830px\" \/><\/p>\n<p>A rendezv\u00e9nysorozat alapvet\u0151 c\u00e9ljai: &#8211; a vid\u00e9ki t\u00e9rs\u00e9gekben a gazdas\u00e1gi aktivit\u00e1s mikro-szintj\u00e9nek fenntart\u00e1sa (helyi term\u00e9kek \u00e9s szolg\u00e1ltat\u00e1sok),- a vid\u00e9ki t\u00e9rs\u00e9gekben a lakoss\u00e1g hum\u00e1n k\u00f6zszolg\u00e1ltat\u00e1sokhoz val\u00f3 hozz\u00e1jut\u00e1s\u00e1nak, illetve azok el\u00e9r\u00e9s\u00e9nek el\u0151mozd\u00edt\u00e1sa,- a vid\u00e9ki t\u00e9rs\u00e9g, mint v\u00e1llalkoz\u00e1si t\u00e9r, lak\u00f3hely \u00e9s turisztikai vonz\u00f3k\u00e9pess\u00e9g\u00e9nek er\u0151s\u00edt\u00e9se,- a helyi k\u00f6z\u00f6ss\u00e9gek tagjai egy\u00e9ni aktivit\u00e1s\u00e1nak, felel\u0151ss\u00e9gv\u00e1llal\u00e1s\u00e1nak \u00e9s egy\u00fcttm\u0171k\u00f6d\u00e9si k\u00e9szs\u00e9geinek er\u0151s\u00edt\u00e9se.<\/p>\n<p>A projekt hossz\u00fa t\u00e1v\u00fa c\u00e9lkit\u0171z\u00e9se: partner szervezeteik, int\u00e9zm\u00e9nyeik munk\u00e1j\u00e1nak hat\u00e9konyabb\u00e1 t\u00e9tele, a t\u00e9rs\u00e9g forr\u00e1svonz\u00f3 k\u00e9pess\u00e9g\u00e9nek n\u00f6vel\u00e9se. Valamint a m\u0171k\u00f6d\u00e9si ter\u00fclet\u00fck hangs\u00falyos eleme a szakmai egy\u00fcttm\u0171k\u00f6d\u00e9s-, \u00e9s a helyi \u00f6sszefog\u00e1s er\u0151s\u00edt\u00e9se, a t\u00e9rs\u00e9g koh\u00e9zi\u00f3s erej\u00e9nek n\u00f6vel\u00e9se.<\/p>\n<p>A rendezv\u00e9nysorozat rem\u00e9nyeik szerint hozz\u00e1j\u00e1rult a szervezet\u00fcnk kataliz\u00e1torszerep\u00e9nek, jelent\u0151s\u00e9g\u00e9nek \u00e9s be\u00e1gyazotts\u00e1g\u00e1nak n\u00f6vel\u00e9s\u00e9hez, mi\u00e1ltal szavatoln\u00e1 a foglalkoztat\u00e1s\u00e1nak, m\u0171k\u00f6d\u00e9s\u00e9nek \u00e9s t\u00e9rs\u00e9gi jelenl\u00e9t\u00e9nek fenntart\u00e1s\u00e1t.<\/p>\n<p><strong>A V\u00e1ndorki\u00e1ll\u00edt\u00e1s utols\u00f3 \u00e1llom\u00e1sak\u00e9nt a NEA p\u00e1ly\u00e1zat anyaga megtekinthet\u0151 Piliscs\u00e9ven a K\u00e1lm\u00e1nfi B\u00e9la M\u0171vel\u0151d\u00e9si H\u00e1zban (2519 Piliscs\u00e9v, H\u0151s\u00f6k tere 10.) 2020. szeptember 07. 17 \u00f3r\u00e1t\u00f3l.<\/strong><\/p>\n","protected":false},"excerpt":{"rendered":"<p>A Duna-Pilis-Gerecse Vid\u00e9kfejleszt\u00e9si Egyes\u00fclet a Bethlen G\u00e1bor Alapkezel\u0151 Zrt. \u00e1ltal meghirdetett NEA program keret\u00e9ben szakmai program megval\u00f3s\u00edt\u00e1s\u00e1ra ny\u00fajtott be p\u00e1ly\u00e1zatot, amelyet a Nemzeti Egy\u00fcttm\u0171k\u00f6d\u00e9si Alap t\u00e1mogat\u00e1sra \u00e9rdemesnek tal\u00e1lt. Z\u00e1r\u00f3 helysz\u00edn\u00e9hez \u00e9rkezett a Soksz\u00edn\u0171 Vid\u00e9k(\u00fcnk) V\u00e1ndorki\u00e1ll\u00edt\u00e1s. A Duna-Pilis-Gerecse Vid\u00e9kfejleszt\u00e9si Egyes\u00fclet tematikus v\u00e1ndorki\u00e1ll\u00edt\u00e1s\u00e1nak \u00e9s f\u00f3rumsorozat\u00e1nak legfontosabb strat\u00e9giai c\u00e9lja a t\u00e9rs\u00e9g gazdas\u00e1g \u00e1gazatainak \u00f6sszefogott fejleszt\u00e9se volt. E fejleszt\u00e9s<\/p>\n","protected":false},"author":1,"featured_media":27137,"comment_status":"closed","ping_status":"closed","sticky":false,"template":"","format":"standard","meta":{"ngg_post_thumbnail":0,"footnotes":""},"categories":[3,11],"tags":[194,91,2186],"class_list":{"0":"post-27136","1":"post","2":"type-post","3":"status-publish","4":"format-standard","5":"has-post-thumbnail","7":"category-hirek","8":"category-piliscsev","9":"tag-kiallitas","10":"tag-piliscsev","11":"tag-vandorkiallitas"},"yoast_head":"<!-- This site is optimized with the Yoast SEO plugin v27.4 - https:\/\/yoast.com\/product\/yoast-seo-wordpress\/ -->\n<title>Soksz\u00edn\u0171 Vid\u00e9k(\u00fcnk) V\u00e1ndorki\u00e1ll\u00edt\u00e1s Piliscs\u00e9ven<\/title>\n<meta name=\"robots\" content=\"index, follow, max-snippet:-1, max-image-preview:large, max-video-preview:-1\" \/>\n<link rel=\"canonical\" href=\"https:\/\/dorogimedence.hu\/index.php\/2020\/09\/04\/sokszinu-videkunk-vandorkiallitas-piliscseven\/\" class=\"yoast-seo-meta-tag\" \/>\n<meta property=\"og:locale\" content=\"hu_HU\" class=\"yoast-seo-meta-tag\" \/>\n<meta property=\"og:type\" content=\"article\" class=\"yoast-seo-meta-tag\" \/>\n<meta property=\"og:title\" content=\"Soksz\u00edn\u0171 Vid\u00e9k(\u00fcnk) V\u00e1ndorki\u00e1ll\u00edt\u00e1s Piliscs\u00e9ven\" class=\"yoast-seo-meta-tag\" \/>\n<meta property=\"og:description\" content=\"A Duna-Pilis-Gerecse Vid\u00e9kfejleszt\u00e9si Egyes\u00fclet a Bethlen G\u00e1bor Alapkezel\u0151 Zrt. \u00e1ltal meghirdetett NEA program keret\u00e9ben szakmai program megval\u00f3s\u00edt\u00e1s\u00e1ra ny\u00fajtott be p\u00e1ly\u00e1zatot, amelyet a Nemzeti Egy\u00fcttm\u0171k\u00f6d\u00e9si Alap t\u00e1mogat\u00e1sra \u00e9rdemesnek tal\u00e1lt. Z\u00e1r\u00f3 helysz\u00edn\u00e9hez \u00e9rkezett a Soksz\u00edn\u0171 Vid\u00e9k(\u00fcnk) V\u00e1ndorki\u00e1ll\u00edt\u00e1s. A Duna-Pilis-Gerecse Vid\u00e9kfejleszt\u00e9si Egyes\u00fclet tematikus v\u00e1ndorki\u00e1ll\u00edt\u00e1s\u00e1nak \u00e9s f\u00f3rumsorozat\u00e1nak legfontosabb strat\u00e9giai c\u00e9lja a t\u00e9rs\u00e9g gazdas\u00e1g \u00e1gazatainak \u00f6sszefogott fejleszt\u00e9se volt. E fejleszt\u00e9s\" class=\"yoast-seo-meta-tag\" \/>\n<meta property=\"og:url\" content=\"https:\/\/dorogimedence.hu\/index.php\/2020\/09\/04\/sokszinu-videkunk-vandorkiallitas-piliscseven\/\" class=\"yoast-seo-meta-tag\" \/>\n<meta property=\"og:site_name\" content=\"Dorogi-medence Region\u00e1lis H\u00edrport\u00e1l\" class=\"yoast-seo-meta-tag\" \/>\n<meta property=\"article:publisher\" content=\"https:\/\/www.facebook.com\/dorogimedence\/\" class=\"yoast-seo-meta-tag\" \/>\n<meta property=\"article:published_time\" content=\"2020-09-04T05:06:19+00:00\" class=\"yoast-seo-meta-tag\" \/>\n<meta property=\"article:modified_time\" content=\"2020-09-04T05:06:35+00:00\" class=\"yoast-seo-meta-tag\" \/>\n<meta property=\"og:image\" content=\"https:\/\/i0.wp.com\/dorogimedence.hu\/wp-content\/uploads\/2020\/09\/vandorkiallitas-01.jpg?fit=830%2C450&ssl=1\" class=\"yoast-seo-meta-tag\" \/>\n\t<meta property=\"og:image:width\" content=\"830\" class=\"yoast-seo-meta-tag\" \/>\n\t<meta property=\"og:image:height\" content=\"450\" class=\"yoast-seo-meta-tag\" \/>\n\t<meta property=\"og:image:type\" content=\"image\/jpeg\" class=\"yoast-seo-meta-tag\" \/>\n<meta name=\"author\" content=\"dorogimedence.hu\" class=\"yoast-seo-meta-tag\" \/>\n<meta name=\"twitter:card\" content=\"summary_large_image\" class=\"yoast-seo-meta-tag\" \/>\n<meta name=\"twitter:label1\" content=\"Szerz\u0151:\" class=\"yoast-seo-meta-tag\" \/>\n\t<meta name=\"twitter:data1\" content=\"dorogimedence.hu\" class=\"yoast-seo-meta-tag\" \/>\n\t<meta name=\"twitter:label2\" content=\"Becs\u00fclt olvas\u00e1si id\u0151\" class=\"yoast-seo-meta-tag\" \/>\n\t<meta name=\"twitter:data2\" content=\"3 perc\" class=\"yoast-seo-meta-tag\" \/>\n<script type=\"application\/ld+json\" class=\"yoast-schema-graph\">{\"@context\":\"https:\\\/\\\/schema.org\",\"@graph\":[{\"@type\":\"Article\",\"@id\":\"https:\\\/\\\/dorogimedence.hu\\\/index.php\\\/2020\\\/09\\\/04\\\/sokszinu-videkunk-vandorkiallitas-piliscseven\\\/#article\",\"isPartOf\":{\"@id\":\"https:\\\/\\\/dorogimedence.hu\\\/index.php\\\/2020\\\/09\\\/04\\\/sokszinu-videkunk-vandorkiallitas-piliscseven\\\/\"},\"author\":{\"name\":\"dorogimedence.hu\",\"@id\":\"https:\\\/\\\/dorogimedence.hu\\\/#\\\/schema\\\/person\\\/ce6091eeb7e95ecdc87890d6aa8e0fd4\"},\"headline\":\"Soksz\u00edn\u0171 Vid\u00e9k(\u00fcnk) V\u00e1ndorki\u00e1ll\u00edt\u00e1s Piliscs\u00e9ven\",\"datePublished\":\"2020-09-04T05:06:19+00:00\",\"dateModified\":\"2020-09-04T05:06:35+00:00\",\"mainEntityOfPage\":{\"@id\":\"https:\\\/\\\/dorogimedence.hu\\\/index.php\\\/2020\\\/09\\\/04\\\/sokszinu-videkunk-vandorkiallitas-piliscseven\\\/\"},\"wordCount\":602,\"publisher\":{\"@id\":\"https:\\\/\\\/dorogimedence.hu\\\/#organization\"},\"image\":{\"@id\":\"https:\\\/\\\/dorogimedence.hu\\\/index.php\\\/2020\\\/09\\\/04\\\/sokszinu-videkunk-vandorkiallitas-piliscseven\\\/#primaryimage\"},\"thumbnailUrl\":\"https:\\\/\\\/dorogimedence.hu\\\/wp-content\\\/uploads\\\/2020\\\/09\\\/vandorkiallitas-01.jpg\",\"keywords\":[\"ki\u00e1ll\u00edt\u00e1s\",\"Piliscs\u00e9v\",\"v\u00e1ndorki\u00e1ll\u00edt\u00e1s\"],\"articleSection\":[\"H\u00edrek\",\"Piliscs\u00e9v\"],\"inLanguage\":\"hu\"},{\"@type\":\"WebPage\",\"@id\":\"https:\\\/\\\/dorogimedence.hu\\\/index.php\\\/2020\\\/09\\\/04\\\/sokszinu-videkunk-vandorkiallitas-piliscseven\\\/\",\"url\":\"https:\\\/\\\/dorogimedence.hu\\\/index.php\\\/2020\\\/09\\\/04\\\/sokszinu-videkunk-vandorkiallitas-piliscseven\\\/\",\"name\":\"Soksz\u00edn\u0171 Vid\u00e9k(\u00fcnk) V\u00e1ndorki\u00e1ll\u00edt\u00e1s Piliscs\u00e9ven\",\"isPartOf\":{\"@id\":\"https:\\\/\\\/dorogimedence.hu\\\/#website\"},\"primaryImageOfPage\":{\"@id\":\"https:\\\/\\\/dorogimedence.hu\\\/index.php\\\/2020\\\/09\\\/04\\\/sokszinu-videkunk-vandorkiallitas-piliscseven\\\/#primaryimage\"},\"image\":{\"@id\":\"https:\\\/\\\/dorogimedence.hu\\\/index.php\\\/2020\\\/09\\\/04\\\/sokszinu-videkunk-vandorkiallitas-piliscseven\\\/#primaryimage\"},\"thumbnailUrl\":\"https:\\\/\\\/dorogimedence.hu\\\/wp-content\\\/uploads\\\/2020\\\/09\\\/vandorkiallitas-01.jpg\",\"datePublished\":\"2020-09-04T05:06:19+00:00\",\"dateModified\":\"2020-09-04T05:06:35+00:00\",\"breadcrumb\":{\"@id\":\"https:\\\/\\\/dorogimedence.hu\\\/index.php\\\/2020\\\/09\\\/04\\\/sokszinu-videkunk-vandorkiallitas-piliscseven\\\/#breadcrumb\"},\"inLanguage\":\"hu\",\"potentialAction\":[{\"@type\":\"ReadAction\",\"target\":[\"https:\\\/\\\/dorogimedence.hu\\\/index.php\\\/2020\\\/09\\\/04\\\/sokszinu-videkunk-vandorkiallitas-piliscseven\\\/\"]}]},{\"@type\":\"ImageObject\",\"inLanguage\":\"hu\",\"@id\":\"https:\\\/\\\/dorogimedence.hu\\\/index.php\\\/2020\\\/09\\\/04\\\/sokszinu-videkunk-vandorkiallitas-piliscseven\\\/#primaryimage\",\"url\":\"https:\\\/\\\/dorogimedence.hu\\\/wp-content\\\/uploads\\\/2020\\\/09\\\/vandorkiallitas-01.jpg\",\"contentUrl\":\"https:\\\/\\\/dorogimedence.hu\\\/wp-content\\\/uploads\\\/2020\\\/09\\\/vandorkiallitas-01.jpg\",\"width\":830,\"height\":450},{\"@type\":\"BreadcrumbList\",\"@id\":\"https:\\\/\\\/dorogimedence.hu\\\/index.php\\\/2020\\\/09\\\/04\\\/sokszinu-videkunk-vandorkiallitas-piliscseven\\\/#breadcrumb\",\"itemListElement\":[{\"@type\":\"ListItem\",\"position\":1,\"name\":\"Kezd\u0151lap\",\"item\":\"https:\\\/\\\/dorogimedence.hu\\\/\"},{\"@type\":\"ListItem\",\"position\":2,\"name\":\"Soksz\u00edn\u0171 Vid\u00e9k(\u00fcnk) V\u00e1ndorki\u00e1ll\u00edt\u00e1s Piliscs\u00e9ven\"}]},{\"@type\":\"WebSite\",\"@id\":\"https:\\\/\\\/dorogimedence.hu\\\/#website\",\"url\":\"https:\\\/\\\/dorogimedence.hu\\\/\",\"name\":\"Dorogi-medence Region\u00e1lis H\u00edrport\u00e1l\",\"description\":\"Dorog, Keszt\u00f6lc, Le\u00e1nyv\u00e1r, Piliscs\u00e9v, Tokod, Tokodalt\u00e1r\u00f3, Csolnok, Esztergom-kertv\u00e1ros: h\u00edrek, programok\",\"publisher\":{\"@id\":\"https:\\\/\\\/dorogimedence.hu\\\/#organization\"},\"potentialAction\":[{\"@type\":\"SearchAction\",\"target\":{\"@type\":\"EntryPoint\",\"urlTemplate\":\"https:\\\/\\\/dorogimedence.hu\\\/?s={search_term_string}\"},\"query-input\":{\"@type\":\"PropertyValueSpecification\",\"valueRequired\":true,\"valueName\":\"search_term_string\"}}],\"inLanguage\":\"hu\"},{\"@type\":\"Organization\",\"@id\":\"https:\\\/\\\/dorogimedence.hu\\\/#organization\",\"name\":\"Dorogi-medence Region\u00e1lis H\u00edrport\u00e1l\",\"url\":\"https:\\\/\\\/dorogimedence.hu\\\/\",\"logo\":{\"@type\":\"ImageObject\",\"inLanguage\":\"hu\",\"@id\":\"https:\\\/\\\/dorogimedence.hu\\\/#\\\/schema\\\/logo\\\/image\\\/\",\"url\":\"https:\\\/\\\/dorogimedence.hu\\\/wp-content\\\/uploads\\\/2021\\\/04\\\/logo-feher-600.png\",\"contentUrl\":\"https:\\\/\\\/dorogimedence.hu\\\/wp-content\\\/uploads\\\/2021\\\/04\\\/logo-feher-600.png\",\"width\":600,\"height\":100,\"caption\":\"Dorogi-medence Region\u00e1lis H\u00edrport\u00e1l\"},\"image\":{\"@id\":\"https:\\\/\\\/dorogimedence.hu\\\/#\\\/schema\\\/logo\\\/image\\\/\"},\"sameAs\":[\"https:\\\/\\\/www.facebook.com\\\/dorogimedence\\\/\"]},{\"@type\":\"Person\",\"@id\":\"https:\\\/\\\/dorogimedence.hu\\\/#\\\/schema\\\/person\\\/ce6091eeb7e95ecdc87890d6aa8e0fd4\",\"name\":\"dorogimedence.hu\",\"image\":{\"@type\":\"ImageObject\",\"inLanguage\":\"hu\",\"@id\":\"\\\/\\\/www.gravatar.com\\\/avatar\\\/d8d45f8901aadff40a4af72c0b826f1d?s=96&#038;r=g&#038;d=mm\",\"url\":\"\\\/\\\/www.gravatar.com\\\/avatar\\\/d8d45f8901aadff40a4af72c0b826f1d?s=96&#038;r=g&#038;d=mm\",\"contentUrl\":\"\\\/\\\/www.gravatar.com\\\/avatar\\\/d8d45f8901aadff40a4af72c0b826f1d?s=96&#038;r=g&#038;d=mm\",\"caption\":\"dorogimedence.hu\"}}]}<\/script>\n<!-- \/ Yoast SEO plugin. -->","yoast_head_json":{"title":"Soksz\u00edn\u0171 Vid\u00e9k(\u00fcnk) V\u00e1ndorki\u00e1ll\u00edt\u00e1s Piliscs\u00e9ven","robots":{"index":"index","follow":"follow","max-snippet":"max-snippet:-1","max-image-preview":"max-image-preview:large","max-video-preview":"max-video-preview:-1"},"canonical":"https:\/\/dorogimedence.hu\/index.php\/2020\/09\/04\/sokszinu-videkunk-vandorkiallitas-piliscseven\/","og_locale":"hu_HU","og_type":"article","og_title":"Soksz\u00edn\u0171 Vid\u00e9k(\u00fcnk) V\u00e1ndorki\u00e1ll\u00edt\u00e1s Piliscs\u00e9ven","og_description":"A Duna-Pilis-Gerecse Vid\u00e9kfejleszt\u00e9si Egyes\u00fclet a Bethlen G\u00e1bor Alapkezel\u0151 Zrt. \u00e1ltal meghirdetett NEA program keret\u00e9ben szakmai program megval\u00f3s\u00edt\u00e1s\u00e1ra ny\u00fajtott be p\u00e1ly\u00e1zatot, amelyet a Nemzeti Egy\u00fcttm\u0171k\u00f6d\u00e9si Alap t\u00e1mogat\u00e1sra \u00e9rdemesnek tal\u00e1lt. Z\u00e1r\u00f3 helysz\u00edn\u00e9hez \u00e9rkezett a Soksz\u00edn\u0171 Vid\u00e9k(\u00fcnk) V\u00e1ndorki\u00e1ll\u00edt\u00e1s. A Duna-Pilis-Gerecse Vid\u00e9kfejleszt\u00e9si Egyes\u00fclet tematikus v\u00e1ndorki\u00e1ll\u00edt\u00e1s\u00e1nak \u00e9s f\u00f3rumsorozat\u00e1nak legfontosabb strat\u00e9giai c\u00e9lja a t\u00e9rs\u00e9g gazdas\u00e1g \u00e1gazatainak \u00f6sszefogott fejleszt\u00e9se volt. E fejleszt\u00e9s","og_url":"https:\/\/dorogimedence.hu\/index.php\/2020\/09\/04\/sokszinu-videkunk-vandorkiallitas-piliscseven\/","og_site_name":"Dorogi-medence Region\u00e1lis H\u00edrport\u00e1l","article_publisher":"https:\/\/www.facebook.com\/dorogimedence\/","article_published_time":"2020-09-04T05:06:19+00:00","article_modified_time":"2020-09-04T05:06:35+00:00","og_image":[{"width":830,"height":450,"url":"https:\/\/i0.wp.com\/dorogimedence.hu\/wp-content\/uploads\/2020\/09\/vandorkiallitas-01.jpg?fit=830%2C450&ssl=1","type":"image\/jpeg"}],"author":"dorogimedence.hu","twitter_card":"summary_large_image","twitter_misc":{"Szerz\u0151:":"dorogimedence.hu","Becs\u00fclt olvas\u00e1si id\u0151":"3 perc"},"schema":{"@context":"https:\/\/schema.org","@graph":[{"@type":"Article","@id":"https:\/\/dorogimedence.hu\/index.php\/2020\/09\/04\/sokszinu-videkunk-vandorkiallitas-piliscseven\/#article","isPartOf":{"@id":"https:\/\/dorogimedence.hu\/index.php\/2020\/09\/04\/sokszinu-videkunk-vandorkiallitas-piliscseven\/"},"author":{"name":"dorogimedence.hu","@id":"https:\/\/dorogimedence.hu\/#\/schema\/person\/ce6091eeb7e95ecdc87890d6aa8e0fd4"},"headline":"Soksz\u00edn\u0171 Vid\u00e9k(\u00fcnk) V\u00e1ndorki\u00e1ll\u00edt\u00e1s Piliscs\u00e9ven","datePublished":"2020-09-04T05:06:19+00:00","dateModified":"2020-09-04T05:06:35+00:00","mainEntityOfPage":{"@id":"https:\/\/dorogimedence.hu\/index.php\/2020\/09\/04\/sokszinu-videkunk-vandorkiallitas-piliscseven\/"},"wordCount":602,"publisher":{"@id":"https:\/\/dorogimedence.hu\/#organization"},"image":{"@id":"https:\/\/dorogimedence.hu\/index.php\/2020\/09\/04\/sokszinu-videkunk-vandorkiallitas-piliscseven\/#primaryimage"},"thumbnailUrl":"https:\/\/dorogimedence.hu\/wp-content\/uploads\/2020\/09\/vandorkiallitas-01.jpg","keywords":["ki\u00e1ll\u00edt\u00e1s","Piliscs\u00e9v","v\u00e1ndorki\u00e1ll\u00edt\u00e1s"],"articleSection":["H\u00edrek","Piliscs\u00e9v"],"inLanguage":"hu"},{"@type":"WebPage","@id":"https:\/\/dorogimedence.hu\/index.php\/2020\/09\/04\/sokszinu-videkunk-vandorkiallitas-piliscseven\/","url":"https:\/\/dorogimedence.hu\/index.php\/2020\/09\/04\/sokszinu-videkunk-vandorkiallitas-piliscseven\/","name":"Soksz\u00edn\u0171 Vid\u00e9k(\u00fcnk) V\u00e1ndorki\u00e1ll\u00edt\u00e1s Piliscs\u00e9ven","isPartOf":{"@id":"https:\/\/dorogimedence.hu\/#website"},"primaryImageOfPage":{"@id":"https:\/\/dorogimedence.hu\/index.php\/2020\/09\/04\/sokszinu-videkunk-vandorkiallitas-piliscseven\/#primaryimage"},"image":{"@id":"https:\/\/dorogimedence.hu\/index.php\/2020\/09\/04\/sokszinu-videkunk-vandorkiallitas-piliscseven\/#primaryimage"},"thumbnailUrl":"https:\/\/dorogimedence.hu\/wp-content\/uploads\/2020\/09\/vandorkiallitas-01.jpg","datePublished":"2020-09-04T05:06:19+00:00","dateModified":"2020-09-04T05:06:35+00:00","breadcrumb":{"@id":"https:\/\/dorogimedence.hu\/index.php\/2020\/09\/04\/sokszinu-videkunk-vandorkiallitas-piliscseven\/#breadcrumb"},"inLanguage":"hu","potentialAction":[{"@type":"ReadAction","target":["https:\/\/dorogimedence.hu\/index.php\/2020\/09\/04\/sokszinu-videkunk-vandorkiallitas-piliscseven\/"]}]},{"@type":"ImageObject","inLanguage":"hu","@id":"https:\/\/dorogimedence.hu\/index.php\/2020\/09\/04\/sokszinu-videkunk-vandorkiallitas-piliscseven\/#primaryimage","url":"https:\/\/dorogimedence.hu\/wp-content\/uploads\/2020\/09\/vandorkiallitas-01.jpg","contentUrl":"https:\/\/dorogimedence.hu\/wp-content\/uploads\/2020\/09\/vandorkiallitas-01.jpg","width":830,"height":450},{"@type":"BreadcrumbList","@id":"https:\/\/dorogimedence.hu\/index.php\/2020\/09\/04\/sokszinu-videkunk-vandorkiallitas-piliscseven\/#breadcrumb","itemListElement":[{"@type":"ListItem","position":1,"name":"Kezd\u0151lap","item":"https:\/\/dorogimedence.hu\/"},{"@type":"ListItem","position":2,"name":"Soksz\u00edn\u0171 Vid\u00e9k(\u00fcnk) V\u00e1ndorki\u00e1ll\u00edt\u00e1s Piliscs\u00e9ven"}]},{"@type":"WebSite","@id":"https:\/\/dorogimedence.hu\/#website","url":"https:\/\/dorogimedence.hu\/","name":"Dorogi-medence Region\u00e1lis H\u00edrport\u00e1l","description":"Dorog, Keszt\u00f6lc, Le\u00e1nyv\u00e1r, Piliscs\u00e9v, Tokod, Tokodalt\u00e1r\u00f3, Csolnok, Esztergom-kertv\u00e1ros: h\u00edrek, programok","publisher":{"@id":"https:\/\/dorogimedence.hu\/#organization"},"potentialAction":[{"@type":"SearchAction","target":{"@type":"EntryPoint","urlTemplate":"https:\/\/dorogimedence.hu\/?s={search_term_string}"},"query-input":{"@type":"PropertyValueSpecification","valueRequired":true,"valueName":"search_term_string"}}],"inLanguage":"hu"},{"@type":"Organization","@id":"https:\/\/dorogimedence.hu\/#organization","name":"Dorogi-medence Region\u00e1lis H\u00edrport\u00e1l","url":"https:\/\/dorogimedence.hu\/","logo":{"@type":"ImageObject","inLanguage":"hu","@id":"https:\/\/dorogimedence.hu\/#\/schema\/logo\/image\/","url":"https:\/\/dorogimedence.hu\/wp-content\/uploads\/2021\/04\/logo-feher-600.png","contentUrl":"https:\/\/dorogimedence.hu\/wp-content\/uploads\/2021\/04\/logo-feher-600.png","width":600,"height":100,"caption":"Dorogi-medence Region\u00e1lis H\u00edrport\u00e1l"},"image":{"@id":"https:\/\/dorogimedence.hu\/#\/schema\/logo\/image\/"},"sameAs":["https:\/\/www.facebook.com\/dorogimedence\/"]},{"@type":"Person","@id":"https:\/\/dorogimedence.hu\/#\/schema\/person\/ce6091eeb7e95ecdc87890d6aa8e0fd4","name":"dorogimedence.hu","image":{"@type":"ImageObject","inLanguage":"hu","@id":"\/\/www.gravatar.com\/avatar\/d8d45f8901aadff40a4af72c0b826f1d?s=96&#038;r=g&#038;d=mm","url":"\/\/www.gravatar.com\/avatar\/d8d45f8901aadff40a4af72c0b826f1d?s=96&#038;r=g&#038;d=mm","contentUrl":"\/\/www.gravatar.com\/avatar\/d8d45f8901aadff40a4af72c0b826f1d?s=96&#038;r=g&#038;d=mm","caption":"dorogimedence.hu"}}]}},"_links":{"self":[{"href":"https:\/\/dorogimedence.hu\/index.php\/wp-json\/wp\/v2\/posts\/27136","targetHints":{"allow":["GET"]}}],"collection":[{"href":"https:\/\/dorogimedence.hu\/index.php\/wp-json\/wp\/v2\/posts"}],"about":[{"href":"https:\/\/dorogimedence.hu\/index.php\/wp-json\/wp\/v2\/types\/post"}],"author":[{"embeddable":true,"href":"https:\/\/dorogimedence.hu\/index.php\/wp-json\/wp\/v2\/users\/1"}],"replies":[{"embeddable":true,"href":"https:\/\/dorogimedence.hu\/index.php\/wp-json\/wp\/v2\/comments?post=27136"}],"version-history":[{"count":0,"href":"https:\/\/dorogimedence.hu\/index.php\/wp-json\/wp\/v2\/posts\/27136\/revisions"}],"wp:featuredmedia":[{"embeddable":true,"href":"https:\/\/dorogimedence.hu\/index.php\/wp-json\/wp\/v2\/media\/27137"}],"wp:attachment":[{"href":"https:\/\/dorogimedence.hu\/index.php\/wp-json\/wp\/v2\/media?parent=27136"}],"wp:term":[{"taxonomy":"category","embeddable":true,"href":"https:\/\/dorogimedence.hu\/index.php\/wp-json\/wp\/v2\/categories?post=27136"},{"taxonomy":"post_tag","embeddable":true,"href":"https:\/\/dorogimedence.hu\/index.php\/wp-json\/wp\/v2\/tags?post=27136"}],"curies":[{"name":"wp","href":"https:\/\/api.w.org\/{rel}","templated":true}]}}