{"id":27087,"date":"2020-09-03T09:56:17","date_gmt":"2020-09-03T07:56:17","guid":{"rendered":"http:\/\/dorogimedence.hu\/?p=27087"},"modified":"2020-09-03T09:56:30","modified_gmt":"2020-09-03T07:56:30","slug":"ket-dorogi-rendor-munkajat-is-elismertek","status":"publish","type":"post","link":"https:\/\/dorogimedence.hu\/index.php\/2020\/09\/03\/ket-dorogi-rendor-munkajat-is-elismertek\/","title":{"rendered":"K\u00e9t dorogi rend\u0151r munk\u00e1j\u00e1t is elismert\u00e9k"},"content":{"rendered":"<div class=\"lead-text\">\n<p><strong>Iskolarend\u0151r\u00f6k \u00e9s baleset-megel\u0151z\u00e9si szakemberek vehettek \u00e1t elismer\u00e9st a Kom\u00e1rom-Esztergom Megyei Rend\u0151r-f\u0151kapit\u00e1nys\u00e1gon.<\/strong><\/p>\n<div class=\"body-text\">\n<p>A Kom\u00e1rom-Esztergom Megyei Rend\u0151r-f\u0151kapit\u00e1nys\u00e1g Balesetmegel\u0151z\u00e9si Bizotts\u00e1ga n\u00e9gy iskolarend\u0151rnek adott \u00e1t elismer\u00e9st 2020. szeptember 2-\u00e1n. Az egyenruh\u00e1sok a 2019\/2020. tan\u00e9vben szakmai munk\u00e1juk alapj\u00e1n vehett\u00e9k \u00e1t a \u201eKom\u00e1rom-Esztergom Megy\u00e9ben az \u00e9v iskola rend\u0151re\u201d elnevez\u00e9s\u0171 szakmai elismer\u00e9st. Az ebben r\u00e9szes\u00fcl\u0151 koll\u00e9g\u00e1k mindegyike a rendhagy\u00f3 tan\u00e9v sor\u00e1n kiemelked\u0151 tev\u00e9kenys\u00e9g\u00fckkel hozz\u00e1j\u00e1rultak ahhoz, hogy a Rend\u0151rs\u00e9g \u00e1ltal k\u00fcld\u00f6tt \u00fczenetek, a k\u00e9pviselt \u00e9rt\u00e9kek a vesz\u00e9lyhelyzet idej\u00e9n is jelen lehessenek a gyermekek, a lakoss\u00e1g \u00e9let\u00e9ben. A d\u00edjat a bizotts\u00e1g Kozicz Ren\u00e1ta r. f\u0151t\u00f6rzsz\u00e1szl\u00f3snak (Kisb\u00e9ri Rend\u0151rkapit\u00e1nys\u00e1g), Geiling Gy\u00f6rgy r. f\u0151t\u00f6rzs\u0151rmesternek (Tatai Rend\u0151rkapit\u00e1nys\u00e1g), G\u00e1l L\u00e1szl\u00f3 r. f\u0151t\u00f6rzsz\u00e1szl\u00f3snak (Kom\u00e1romi Rend\u0151rkapit\u00e1nys\u00e1g) \u00e9s <strong>Puchler Erik r.z\u00e1szl\u00f3snak \u00edt\u00e9lte oda (Dorogi Rend\u0151rkapit\u00e1nys\u00e1g).<\/strong><\/p>\n<p><img fetchpriority=\"high\" decoding=\"async\" class=\"alignnone size-full wp-image-27089\" src=\"https:\/\/dorogimedence.hu\/wp-content\/uploads\/2020\/09\/1_4023.jpg\" alt=\"\" width=\"750\" height=\"517\" srcset=\"https:\/\/dorogimedence.hu\/wp-content\/uploads\/2020\/09\/1_4023.jpg 750w, https:\/\/dorogimedence.hu\/wp-content\/uploads\/2020\/09\/1_4023-300x207.jpg 300w\" sizes=\"(max-width: 750px) 100vw, 750px\" \/><\/p>\n<p>Ugyanezen \u00fcnneps\u00e9g keretein bel\u00fcl a Dorogi V\u00e1rosi Balesetmegel\u0151z\u00e9si Bizotts\u00e1g javaslat\u00e1ra, a Kom\u00e1rom-Esztergom Megyei Rend\u0151r-f\u0151kapit\u00e1nys\u00e1g Balesetmegel\u0151z\u00e9si Bizotts\u00e1ga egyet\u00e9rt\u00e9s\u00e9vel \u00e9s t\u00e1mogat\u00e1s\u00e1val a balesetek megel\u0151z\u00e9se, a k\u00f6zleked\u00e9sbiztons\u00e1g meger\u0151s\u00edt\u00e9se ter\u00e9n v\u00e9gzett szakmai munk\u00e1ja elismer\u00e9sek\u00e9nt a Dorogi Rend\u0151rkapit\u00e1nys\u00e1g szem\u00e9lyi \u00e1llom\u00e1ny\u00e1ba tartoz\u00f3 <strong>Sov\u00e1czki G\u00e1bor sen. r. \u0151rnagy \u00far is elismer\u00e9sben r\u00e9szes\u00fclt.<\/strong><\/p>\n<p>A jutalomban r\u00e9szes\u00fcl\u0151 koll\u00e9g\u00e1k S\u00f3ly\u00e1n\u00e9 Farkas Friderika r. alezredes asszonyt\u00f3l, mint az MBB \u00fcgyvezet\u0151 eln\u00f6k\u00e9t\u0151l eml\u00e9kplakettet \u00e9s v\u00e1s\u00e1rl\u00e1si utalv\u00e1nyt vehetnek \u00e1t.<\/p>\n<p><em>Fot\u00f3, forr\u00e1s: police.hu<\/em><\/p>\n<\/div>\n<\/div>\n","protected":false},"excerpt":{"rendered":"<p>Iskolarend\u0151r\u00f6k \u00e9s baleset-megel\u0151z\u00e9si szakemberek vehettek \u00e1t elismer\u00e9st a Kom\u00e1rom-Esztergom Megyei Rend\u0151r-f\u0151kapit\u00e1nys\u00e1gon. A Kom\u00e1rom-Esztergom Megyei Rend\u0151r-f\u0151kapit\u00e1nys\u00e1g Balesetmegel\u0151z\u00e9si Bizotts\u00e1ga n\u00e9gy iskolarend\u0151rnek adott \u00e1t elismer\u00e9st 2020. szeptember 2-\u00e1n. Az egyenruh\u00e1sok a 2019\/2020. tan\u00e9vben szakmai munk\u00e1juk alapj\u00e1n vehett\u00e9k \u00e1t a \u201eKom\u00e1rom-Esztergom Megy\u00e9ben az \u00e9v iskola rend\u0151re\u201d elnevez\u00e9s\u0171 szakmai elismer\u00e9st. Az ebben r\u00e9szes\u00fcl\u0151 koll\u00e9g\u00e1k mindegyike a rendhagy\u00f3 tan\u00e9v sor\u00e1n kiemelked\u0151<\/p>\n","protected":false},"author":1,"featured_media":27088,"comment_status":"closed","ping_status":"closed","sticky":false,"template":"","format":"standard","meta":{"ngg_post_thumbnail":0,"footnotes":""},"categories":[2,3],"tags":[15,359,419,519],"class_list":{"0":"post-27087","1":"post","2":"type-post","3":"status-publish","4":"format-standard","5":"has-post-thumbnail","7":"category-dorog","8":"category-hirek","9":"tag-dorog","10":"tag-dorogi-rendorok","11":"tag-elismeres","12":"tag-kituntetes"},"yoast_head":"<!-- This site is optimized with the Yoast SEO plugin v27.4 - https:\/\/yoast.com\/product\/yoast-seo-wordpress\/ -->\n<title>K\u00e9t dorogi rend\u0151r munk\u00e1j\u00e1t is elismert\u00e9k<\/title>\n<meta name=\"robots\" content=\"index, follow, max-snippet:-1, max-image-preview:large, max-video-preview:-1\" \/>\n<link rel=\"canonical\" href=\"https:\/\/dorogimedence.hu\/index.php\/2020\/09\/03\/ket-dorogi-rendor-munkajat-is-elismertek\/\" class=\"yoast-seo-meta-tag\" \/>\n<meta property=\"og:locale\" content=\"hu_HU\" class=\"yoast-seo-meta-tag\" \/>\n<meta property=\"og:type\" content=\"article\" class=\"yoast-seo-meta-tag\" \/>\n<meta property=\"og:title\" content=\"K\u00e9t dorogi rend\u0151r munk\u00e1j\u00e1t is elismert\u00e9k\" class=\"yoast-seo-meta-tag\" \/>\n<meta property=\"og:description\" content=\"Iskolarend\u0151r\u00f6k \u00e9s baleset-megel\u0151z\u00e9si szakemberek vehettek \u00e1t elismer\u00e9st a Kom\u00e1rom-Esztergom Megyei Rend\u0151r-f\u0151kapit\u00e1nys\u00e1gon. A Kom\u00e1rom-Esztergom Megyei Rend\u0151r-f\u0151kapit\u00e1nys\u00e1g Balesetmegel\u0151z\u00e9si Bizotts\u00e1ga n\u00e9gy iskolarend\u0151rnek adott \u00e1t elismer\u00e9st 2020. szeptember 2-\u00e1n. Az egyenruh\u00e1sok a 2019\/2020. tan\u00e9vben szakmai munk\u00e1juk alapj\u00e1n vehett\u00e9k \u00e1t a \u201eKom\u00e1rom-Esztergom Megy\u00e9ben az \u00e9v iskola rend\u0151re\u201d elnevez\u00e9s\u0171 szakmai elismer\u00e9st. Az ebben r\u00e9szes\u00fcl\u0151 koll\u00e9g\u00e1k mindegyike a rendhagy\u00f3 tan\u00e9v sor\u00e1n kiemelked\u0151\" class=\"yoast-seo-meta-tag\" \/>\n<meta property=\"og:url\" content=\"https:\/\/dorogimedence.hu\/index.php\/2020\/09\/03\/ket-dorogi-rendor-munkajat-is-elismertek\/\" class=\"yoast-seo-meta-tag\" \/>\n<meta property=\"og:site_name\" content=\"Dorogi-medence Region\u00e1lis H\u00edrport\u00e1l\" class=\"yoast-seo-meta-tag\" \/>\n<meta property=\"article:publisher\" content=\"https:\/\/www.facebook.com\/dorogimedence\/\" class=\"yoast-seo-meta-tag\" \/>\n<meta property=\"article:published_time\" content=\"2020-09-03T07:56:17+00:00\" class=\"yoast-seo-meta-tag\" \/>\n<meta property=\"article:modified_time\" content=\"2020-09-03T07:56:30+00:00\" class=\"yoast-seo-meta-tag\" \/>\n<meta property=\"og:image\" content=\"https:\/\/i0.wp.com\/dorogimedence.hu\/wp-content\/uploads\/2020\/09\/rendor-01.jpg?fit=830%2C450&ssl=1\" class=\"yoast-seo-meta-tag\" \/>\n\t<meta property=\"og:image:width\" content=\"830\" class=\"yoast-seo-meta-tag\" \/>\n\t<meta property=\"og:image:height\" content=\"450\" class=\"yoast-seo-meta-tag\" \/>\n\t<meta property=\"og:image:type\" content=\"image\/jpeg\" class=\"yoast-seo-meta-tag\" \/>\n<meta name=\"author\" content=\"dorogimedence.hu\" class=\"yoast-seo-meta-tag\" \/>\n<meta name=\"twitter:card\" content=\"summary_large_image\" class=\"yoast-seo-meta-tag\" \/>\n<meta name=\"twitter:label1\" content=\"Szerz\u0151:\" class=\"yoast-seo-meta-tag\" \/>\n\t<meta name=\"twitter:data1\" content=\"dorogimedence.hu\" class=\"yoast-seo-meta-tag\" \/>\n\t<meta name=\"twitter:label2\" content=\"Becs\u00fclt olvas\u00e1si id\u0151\" class=\"yoast-seo-meta-tag\" \/>\n\t<meta name=\"twitter:data2\" content=\"2 perc\" class=\"yoast-seo-meta-tag\" \/>\n<script type=\"application\/ld+json\" class=\"yoast-schema-graph\">{\"@context\":\"https:\\\/\\\/schema.org\",\"@graph\":[{\"@type\":\"Article\",\"@id\":\"https:\\\/\\\/dorogimedence.hu\\\/index.php\\\/2020\\\/09\\\/03\\\/ket-dorogi-rendor-munkajat-is-elismertek\\\/#article\",\"isPartOf\":{\"@id\":\"https:\\\/\\\/dorogimedence.hu\\\/index.php\\\/2020\\\/09\\\/03\\\/ket-dorogi-rendor-munkajat-is-elismertek\\\/\"},\"author\":{\"name\":\"dorogimedence.hu\",\"@id\":\"https:\\\/\\\/dorogimedence.hu\\\/#\\\/schema\\\/person\\\/ce6091eeb7e95ecdc87890d6aa8e0fd4\"},\"headline\":\"K\u00e9t dorogi rend\u0151r munk\u00e1j\u00e1t is elismert\u00e9k\",\"datePublished\":\"2020-09-03T07:56:17+00:00\",\"dateModified\":\"2020-09-03T07:56:30+00:00\",\"mainEntityOfPage\":{\"@id\":\"https:\\\/\\\/dorogimedence.hu\\\/index.php\\\/2020\\\/09\\\/03\\\/ket-dorogi-rendor-munkajat-is-elismertek\\\/\"},\"wordCount\":336,\"publisher\":{\"@id\":\"https:\\\/\\\/dorogimedence.hu\\\/#organization\"},\"image\":{\"@id\":\"https:\\\/\\\/dorogimedence.hu\\\/index.php\\\/2020\\\/09\\\/03\\\/ket-dorogi-rendor-munkajat-is-elismertek\\\/#primaryimage\"},\"thumbnailUrl\":\"https:\\\/\\\/dorogimedence.hu\\\/wp-content\\\/uploads\\\/2020\\\/09\\\/rendor-01.jpg\",\"keywords\":[\"Dorog\",\"dorogi rend\u0151r\u00f6k\",\"elismer\u00e9s\",\"kit\u00fcntet\u00e9s\"],\"articleSection\":[\"Dorog\",\"H\u00edrek\"],\"inLanguage\":\"hu\"},{\"@type\":\"WebPage\",\"@id\":\"https:\\\/\\\/dorogimedence.hu\\\/index.php\\\/2020\\\/09\\\/03\\\/ket-dorogi-rendor-munkajat-is-elismertek\\\/\",\"url\":\"https:\\\/\\\/dorogimedence.hu\\\/index.php\\\/2020\\\/09\\\/03\\\/ket-dorogi-rendor-munkajat-is-elismertek\\\/\",\"name\":\"K\u00e9t dorogi rend\u0151r munk\u00e1j\u00e1t is elismert\u00e9k\",\"isPartOf\":{\"@id\":\"https:\\\/\\\/dorogimedence.hu\\\/#website\"},\"primaryImageOfPage\":{\"@id\":\"https:\\\/\\\/dorogimedence.hu\\\/index.php\\\/2020\\\/09\\\/03\\\/ket-dorogi-rendor-munkajat-is-elismertek\\\/#primaryimage\"},\"image\":{\"@id\":\"https:\\\/\\\/dorogimedence.hu\\\/index.php\\\/2020\\\/09\\\/03\\\/ket-dorogi-rendor-munkajat-is-elismertek\\\/#primaryimage\"},\"thumbnailUrl\":\"https:\\\/\\\/dorogimedence.hu\\\/wp-content\\\/uploads\\\/2020\\\/09\\\/rendor-01.jpg\",\"datePublished\":\"2020-09-03T07:56:17+00:00\",\"dateModified\":\"2020-09-03T07:56:30+00:00\",\"breadcrumb\":{\"@id\":\"https:\\\/\\\/dorogimedence.hu\\\/index.php\\\/2020\\\/09\\\/03\\\/ket-dorogi-rendor-munkajat-is-elismertek\\\/#breadcrumb\"},\"inLanguage\":\"hu\",\"potentialAction\":[{\"@type\":\"ReadAction\",\"target\":[\"https:\\\/\\\/dorogimedence.hu\\\/index.php\\\/2020\\\/09\\\/03\\\/ket-dorogi-rendor-munkajat-is-elismertek\\\/\"]}]},{\"@type\":\"ImageObject\",\"inLanguage\":\"hu\",\"@id\":\"https:\\\/\\\/dorogimedence.hu\\\/index.php\\\/2020\\\/09\\\/03\\\/ket-dorogi-rendor-munkajat-is-elismertek\\\/#primaryimage\",\"url\":\"https:\\\/\\\/dorogimedence.hu\\\/wp-content\\\/uploads\\\/2020\\\/09\\\/rendor-01.jpg\",\"contentUrl\":\"https:\\\/\\\/dorogimedence.hu\\\/wp-content\\\/uploads\\\/2020\\\/09\\\/rendor-01.jpg\",\"width\":830,\"height\":450},{\"@type\":\"BreadcrumbList\",\"@id\":\"https:\\\/\\\/dorogimedence.hu\\\/index.php\\\/2020\\\/09\\\/03\\\/ket-dorogi-rendor-munkajat-is-elismertek\\\/#breadcrumb\",\"itemListElement\":[{\"@type\":\"ListItem\",\"position\":1,\"name\":\"Kezd\u0151lap\",\"item\":\"https:\\\/\\\/dorogimedence.hu\\\/\"},{\"@type\":\"ListItem\",\"position\":2,\"name\":\"K\u00e9t dorogi rend\u0151r munk\u00e1j\u00e1t is elismert\u00e9k\"}]},{\"@type\":\"WebSite\",\"@id\":\"https:\\\/\\\/dorogimedence.hu\\\/#website\",\"url\":\"https:\\\/\\\/dorogimedence.hu\\\/\",\"name\":\"Dorogi-medence Region\u00e1lis H\u00edrport\u00e1l\",\"description\":\"Dorog, Keszt\u00f6lc, Le\u00e1nyv\u00e1r, Piliscs\u00e9v, Tokod, Tokodalt\u00e1r\u00f3, Csolnok, Esztergom-kertv\u00e1ros: h\u00edrek, programok\",\"publisher\":{\"@id\":\"https:\\\/\\\/dorogimedence.hu\\\/#organization\"},\"potentialAction\":[{\"@type\":\"SearchAction\",\"target\":{\"@type\":\"EntryPoint\",\"urlTemplate\":\"https:\\\/\\\/dorogimedence.hu\\\/?s={search_term_string}\"},\"query-input\":{\"@type\":\"PropertyValueSpecification\",\"valueRequired\":true,\"valueName\":\"search_term_string\"}}],\"inLanguage\":\"hu\"},{\"@type\":\"Organization\",\"@id\":\"https:\\\/\\\/dorogimedence.hu\\\/#organization\",\"name\":\"Dorogi-medence Region\u00e1lis H\u00edrport\u00e1l\",\"url\":\"https:\\\/\\\/dorogimedence.hu\\\/\",\"logo\":{\"@type\":\"ImageObject\",\"inLanguage\":\"hu\",\"@id\":\"https:\\\/\\\/dorogimedence.hu\\\/#\\\/schema\\\/logo\\\/image\\\/\",\"url\":\"https:\\\/\\\/dorogimedence.hu\\\/wp-content\\\/uploads\\\/2021\\\/04\\\/logo-feher-600.png\",\"contentUrl\":\"https:\\\/\\\/dorogimedence.hu\\\/wp-content\\\/uploads\\\/2021\\\/04\\\/logo-feher-600.png\",\"width\":600,\"height\":100,\"caption\":\"Dorogi-medence Region\u00e1lis H\u00edrport\u00e1l\"},\"image\":{\"@id\":\"https:\\\/\\\/dorogimedence.hu\\\/#\\\/schema\\\/logo\\\/image\\\/\"},\"sameAs\":[\"https:\\\/\\\/www.facebook.com\\\/dorogimedence\\\/\"]},{\"@type\":\"Person\",\"@id\":\"https:\\\/\\\/dorogimedence.hu\\\/#\\\/schema\\\/person\\\/ce6091eeb7e95ecdc87890d6aa8e0fd4\",\"name\":\"dorogimedence.hu\",\"image\":{\"@type\":\"ImageObject\",\"inLanguage\":\"hu\",\"@id\":\"\\\/\\\/www.gravatar.com\\\/avatar\\\/d8d45f8901aadff40a4af72c0b826f1d?s=96&#038;r=g&#038;d=mm\",\"url\":\"\\\/\\\/www.gravatar.com\\\/avatar\\\/d8d45f8901aadff40a4af72c0b826f1d?s=96&#038;r=g&#038;d=mm\",\"contentUrl\":\"\\\/\\\/www.gravatar.com\\\/avatar\\\/d8d45f8901aadff40a4af72c0b826f1d?s=96&#038;r=g&#038;d=mm\",\"caption\":\"dorogimedence.hu\"}}]}<\/script>\n<!-- \/ Yoast SEO plugin. -->","yoast_head_json":{"title":"K\u00e9t dorogi rend\u0151r munk\u00e1j\u00e1t is elismert\u00e9k","robots":{"index":"index","follow":"follow","max-snippet":"max-snippet:-1","max-image-preview":"max-image-preview:large","max-video-preview":"max-video-preview:-1"},"canonical":"https:\/\/dorogimedence.hu\/index.php\/2020\/09\/03\/ket-dorogi-rendor-munkajat-is-elismertek\/","og_locale":"hu_HU","og_type":"article","og_title":"K\u00e9t dorogi rend\u0151r munk\u00e1j\u00e1t is elismert\u00e9k","og_description":"Iskolarend\u0151r\u00f6k \u00e9s baleset-megel\u0151z\u00e9si szakemberek vehettek \u00e1t elismer\u00e9st a Kom\u00e1rom-Esztergom Megyei Rend\u0151r-f\u0151kapit\u00e1nys\u00e1gon. A Kom\u00e1rom-Esztergom Megyei Rend\u0151r-f\u0151kapit\u00e1nys\u00e1g Balesetmegel\u0151z\u00e9si Bizotts\u00e1ga n\u00e9gy iskolarend\u0151rnek adott \u00e1t elismer\u00e9st 2020. szeptember 2-\u00e1n. Az egyenruh\u00e1sok a 2019\/2020. tan\u00e9vben szakmai munk\u00e1juk alapj\u00e1n vehett\u00e9k \u00e1t a \u201eKom\u00e1rom-Esztergom Megy\u00e9ben az \u00e9v iskola rend\u0151re\u201d elnevez\u00e9s\u0171 szakmai elismer\u00e9st. Az ebben r\u00e9szes\u00fcl\u0151 koll\u00e9g\u00e1k mindegyike a rendhagy\u00f3 tan\u00e9v sor\u00e1n kiemelked\u0151","og_url":"https:\/\/dorogimedence.hu\/index.php\/2020\/09\/03\/ket-dorogi-rendor-munkajat-is-elismertek\/","og_site_name":"Dorogi-medence Region\u00e1lis H\u00edrport\u00e1l","article_publisher":"https:\/\/www.facebook.com\/dorogimedence\/","article_published_time":"2020-09-03T07:56:17+00:00","article_modified_time":"2020-09-03T07:56:30+00:00","og_image":[{"width":830,"height":450,"url":"https:\/\/i0.wp.com\/dorogimedence.hu\/wp-content\/uploads\/2020\/09\/rendor-01.jpg?fit=830%2C450&ssl=1","type":"image\/jpeg"}],"author":"dorogimedence.hu","twitter_card":"summary_large_image","twitter_misc":{"Szerz\u0151:":"dorogimedence.hu","Becs\u00fclt olvas\u00e1si id\u0151":"2 perc"},"schema":{"@context":"https:\/\/schema.org","@graph":[{"@type":"Article","@id":"https:\/\/dorogimedence.hu\/index.php\/2020\/09\/03\/ket-dorogi-rendor-munkajat-is-elismertek\/#article","isPartOf":{"@id":"https:\/\/dorogimedence.hu\/index.php\/2020\/09\/03\/ket-dorogi-rendor-munkajat-is-elismertek\/"},"author":{"name":"dorogimedence.hu","@id":"https:\/\/dorogimedence.hu\/#\/schema\/person\/ce6091eeb7e95ecdc87890d6aa8e0fd4"},"headline":"K\u00e9t dorogi rend\u0151r munk\u00e1j\u00e1t is elismert\u00e9k","datePublished":"2020-09-03T07:56:17+00:00","dateModified":"2020-09-03T07:56:30+00:00","mainEntityOfPage":{"@id":"https:\/\/dorogimedence.hu\/index.php\/2020\/09\/03\/ket-dorogi-rendor-munkajat-is-elismertek\/"},"wordCount":336,"publisher":{"@id":"https:\/\/dorogimedence.hu\/#organization"},"image":{"@id":"https:\/\/dorogimedence.hu\/index.php\/2020\/09\/03\/ket-dorogi-rendor-munkajat-is-elismertek\/#primaryimage"},"thumbnailUrl":"https:\/\/dorogimedence.hu\/wp-content\/uploads\/2020\/09\/rendor-01.jpg","keywords":["Dorog","dorogi rend\u0151r\u00f6k","elismer\u00e9s","kit\u00fcntet\u00e9s"],"articleSection":["Dorog","H\u00edrek"],"inLanguage":"hu"},{"@type":"WebPage","@id":"https:\/\/dorogimedence.hu\/index.php\/2020\/09\/03\/ket-dorogi-rendor-munkajat-is-elismertek\/","url":"https:\/\/dorogimedence.hu\/index.php\/2020\/09\/03\/ket-dorogi-rendor-munkajat-is-elismertek\/","name":"K\u00e9t dorogi rend\u0151r munk\u00e1j\u00e1t is elismert\u00e9k","isPartOf":{"@id":"https:\/\/dorogimedence.hu\/#website"},"primaryImageOfPage":{"@id":"https:\/\/dorogimedence.hu\/index.php\/2020\/09\/03\/ket-dorogi-rendor-munkajat-is-elismertek\/#primaryimage"},"image":{"@id":"https:\/\/dorogimedence.hu\/index.php\/2020\/09\/03\/ket-dorogi-rendor-munkajat-is-elismertek\/#primaryimage"},"thumbnailUrl":"https:\/\/dorogimedence.hu\/wp-content\/uploads\/2020\/09\/rendor-01.jpg","datePublished":"2020-09-03T07:56:17+00:00","dateModified":"2020-09-03T07:56:30+00:00","breadcrumb":{"@id":"https:\/\/dorogimedence.hu\/index.php\/2020\/09\/03\/ket-dorogi-rendor-munkajat-is-elismertek\/#breadcrumb"},"inLanguage":"hu","potentialAction":[{"@type":"ReadAction","target":["https:\/\/dorogimedence.hu\/index.php\/2020\/09\/03\/ket-dorogi-rendor-munkajat-is-elismertek\/"]}]},{"@type":"ImageObject","inLanguage":"hu","@id":"https:\/\/dorogimedence.hu\/index.php\/2020\/09\/03\/ket-dorogi-rendor-munkajat-is-elismertek\/#primaryimage","url":"https:\/\/dorogimedence.hu\/wp-content\/uploads\/2020\/09\/rendor-01.jpg","contentUrl":"https:\/\/dorogimedence.hu\/wp-content\/uploads\/2020\/09\/rendor-01.jpg","width":830,"height":450},{"@type":"BreadcrumbList","@id":"https:\/\/dorogimedence.hu\/index.php\/2020\/09\/03\/ket-dorogi-rendor-munkajat-is-elismertek\/#breadcrumb","itemListElement":[{"@type":"ListItem","position":1,"name":"Kezd\u0151lap","item":"https:\/\/dorogimedence.hu\/"},{"@type":"ListItem","position":2,"name":"K\u00e9t dorogi rend\u0151r munk\u00e1j\u00e1t is elismert\u00e9k"}]},{"@type":"WebSite","@id":"https:\/\/dorogimedence.hu\/#website","url":"https:\/\/dorogimedence.hu\/","name":"Dorogi-medence Region\u00e1lis H\u00edrport\u00e1l","description":"Dorog, Keszt\u00f6lc, Le\u00e1nyv\u00e1r, Piliscs\u00e9v, Tokod, Tokodalt\u00e1r\u00f3, Csolnok, Esztergom-kertv\u00e1ros: h\u00edrek, programok","publisher":{"@id":"https:\/\/dorogimedence.hu\/#organization"},"potentialAction":[{"@type":"SearchAction","target":{"@type":"EntryPoint","urlTemplate":"https:\/\/dorogimedence.hu\/?s={search_term_string}"},"query-input":{"@type":"PropertyValueSpecification","valueRequired":true,"valueName":"search_term_string"}}],"inLanguage":"hu"},{"@type":"Organization","@id":"https:\/\/dorogimedence.hu\/#organization","name":"Dorogi-medence Region\u00e1lis H\u00edrport\u00e1l","url":"https:\/\/dorogimedence.hu\/","logo":{"@type":"ImageObject","inLanguage":"hu","@id":"https:\/\/dorogimedence.hu\/#\/schema\/logo\/image\/","url":"https:\/\/dorogimedence.hu\/wp-content\/uploads\/2021\/04\/logo-feher-600.png","contentUrl":"https:\/\/dorogimedence.hu\/wp-content\/uploads\/2021\/04\/logo-feher-600.png","width":600,"height":100,"caption":"Dorogi-medence Region\u00e1lis H\u00edrport\u00e1l"},"image":{"@id":"https:\/\/dorogimedence.hu\/#\/schema\/logo\/image\/"},"sameAs":["https:\/\/www.facebook.com\/dorogimedence\/"]},{"@type":"Person","@id":"https:\/\/dorogimedence.hu\/#\/schema\/person\/ce6091eeb7e95ecdc87890d6aa8e0fd4","name":"dorogimedence.hu","image":{"@type":"ImageObject","inLanguage":"hu","@id":"\/\/www.gravatar.com\/avatar\/d8d45f8901aadff40a4af72c0b826f1d?s=96&#038;r=g&#038;d=mm","url":"\/\/www.gravatar.com\/avatar\/d8d45f8901aadff40a4af72c0b826f1d?s=96&#038;r=g&#038;d=mm","contentUrl":"\/\/www.gravatar.com\/avatar\/d8d45f8901aadff40a4af72c0b826f1d?s=96&#038;r=g&#038;d=mm","caption":"dorogimedence.hu"}}]}},"_links":{"self":[{"href":"https:\/\/dorogimedence.hu\/index.php\/wp-json\/wp\/v2\/posts\/27087","targetHints":{"allow":["GET"]}}],"collection":[{"href":"https:\/\/dorogimedence.hu\/index.php\/wp-json\/wp\/v2\/posts"}],"about":[{"href":"https:\/\/dorogimedence.hu\/index.php\/wp-json\/wp\/v2\/types\/post"}],"author":[{"embeddable":true,"href":"https:\/\/dorogimedence.hu\/index.php\/wp-json\/wp\/v2\/users\/1"}],"replies":[{"embeddable":true,"href":"https:\/\/dorogimedence.hu\/index.php\/wp-json\/wp\/v2\/comments?post=27087"}],"version-history":[{"count":0,"href":"https:\/\/dorogimedence.hu\/index.php\/wp-json\/wp\/v2\/posts\/27087\/revisions"}],"wp:featuredmedia":[{"embeddable":true,"href":"https:\/\/dorogimedence.hu\/index.php\/wp-json\/wp\/v2\/media\/27088"}],"wp:attachment":[{"href":"https:\/\/dorogimedence.hu\/index.php\/wp-json\/wp\/v2\/media?parent=27087"}],"wp:term":[{"taxonomy":"category","embeddable":true,"href":"https:\/\/dorogimedence.hu\/index.php\/wp-json\/wp\/v2\/categories?post=27087"},{"taxonomy":"post_tag","embeddable":true,"href":"https:\/\/dorogimedence.hu\/index.php\/wp-json\/wp\/v2\/tags?post=27087"}],"curies":[{"name":"wp","href":"https:\/\/api.w.org\/{rel}","templated":true}]}}