{"id":27068,"date":"2020-09-02T09:28:07","date_gmt":"2020-09-02T07:28:07","guid":{"rendered":"http:\/\/dorogimedence.hu\/?p=27068"},"modified":"2020-09-02T09:28:56","modified_gmt":"2020-09-02T07:28:56","slug":"baratnoje-fekezte-meg-az-agressziv-ferfit","status":"publish","type":"post","link":"https:\/\/dorogimedence.hu\/index.php\/2020\/09\/02\/baratnoje-fekezte-meg-az-agressziv-ferfit\/","title":{"rendered":"Bar\u00e1tn\u0151je f\u00e9kezte meg az agressz\u00edv f\u00e9rfit"},"content":{"rendered":"<div class=\"item_introtext\">\n<p><strong>V\u00e9grehajtand\u00f3 szabads\u00e1gveszt\u00e9sre \u00edt\u00e9lhetik azt a t\u00f6bbsz\u00f6r\u00f6sen b\u00fcntetett el\u0151\u00e9let\u0171 f\u00e9rfit, aki 2020 m\u00e1jus\u00e1ban egy embert vert meg Esztergom-Kertv\u00e1rosban.<\/strong><\/p>\n<\/div>\n<div class=\"item_fulltext\">\n<p>A v\u00e1dirat szerint a f\u00e9rfi v\u00e1dlott \u00e9s a s\u00e9rtett k\u00f6z\u00f6tt elm\u00e9rgesedett viszony van. A f\u00e9rfi 2020. m\u00e1jus 12-\u00e9n 17 \u00f3ra 45 perc k\u00f6r\u00fcli id\u0151ben \u00f6sszetal\u00e1lkozott s\u00e9rtettel egy esztergom-kertv\u00e1rosi lak\u00f3\u00e9p\u00fclet el\u0151tt az utc\u00e1n. A v\u00e1dlott futni kezdett s\u00e9rtett fel\u00e9, aki megpr\u00f3b\u00e1lt el\u0151le elmenek\u00fclni \u00e9s k\u00e9t parkol\u00f3 g\u00e9pkocsi k\u00f6z\u00e9 befutott, mik\u00f6zben kiab\u00e1lva k\u00e9rte, hogy hagyja \u0151t b\u00e9k\u00e9n.<\/p>\n<p>Az elk\u00f6vet\u0151 a g\u00e9pkocsik k\u00f6z\u00f6tt utol\u00e9rte a s\u00e9rtettet, aki v\u00e9dekez\u00e9sk\u00e9ppen t\u00f6bb alkalommal k\u00f6p\u00f6tt \u00e9s kez\u00e9vel csapkodott is a fel\u00e9je k\u00f6zeled\u0151 v\u00e1dlott fel\u00e9, majd a v\u00e1dlott jobb k\u00e9zzel, teny\u00e9rrel 4 alkalommal a s\u00e9rtett feje ir\u00e1ny\u00e1ba \u00fct\u00f6tt, aki ezt az arca el\u00e9 tett kezeivel pr\u00f3b\u00e1lta h\u00e1r\u00edtani. A v\u00e1dlott&nbsp;t\u00e1rsas\u00e1g\u00e1ban l\u00e9v\u0151 \u00e9s egy k\u00f6zeli g\u00e9pkocsiban \u00fcl\u0151 szem\u00e9ly ekkor sz\u00f3lt a v\u00e1dlottnak, aki h\u00e1tr\u00e1lni kezdett, majd meggondolta mag\u00e1t \u00e9s ism\u00e9t megindult s\u00e9rtett&nbsp;fel\u00e9, akit hat alkalommal \u00fajra teny\u00e9rrel \u00e9s \u00f6k\u00f6llel fejen, nyakon \u00e9s h\u00e1ton \u00fct\u00f6tte \u0151t. A s\u00e9rtett a b\u00e1ntalmaz\u00e1s miatti felindult \u00e1llapot\u00e1ban szidalmazni kezdte a v\u00e1dlottat, aki emiatt tov\u00e1bbi k\u00e9t \u00fct\u00e9st m\u00e9rt \u00f6k\u00f6llel a s\u00e9rtett fej\u00e9re, valamint a v\u00e9dekez\u00e9sk\u00e9ppen fent l\u00e9v\u0151 karjaira.<\/p>\n<p>A b\u00e1ntalmaz\u00e1snak az vetett v\u00e9get, hogy a jelenl\u00e9v\u0151 bar\u00e1tn\u0151je megragadta a v\u00e1dlott karj\u00e1t \u00e9s elh\u00fazta \u0151t a s\u00e9rtett\u0151l.<\/p>\n<p>A s\u00e9rtettnek az arca bal oldal\u00e1n fel\u00fcletes bev\u00e9rz\u00e9se keletkezett. A s\u00e9r\u00fcl\u00e9s gy\u00f3gytartama nyolc napon bel\u00fcli, azonban a b\u00e1ntalmaz\u00e1si m\u00f3d \u00e9s a t\u00e1madott testt\u00e1j\u00e9k miatt az elszenvedettn\u00e9l s\u00falyosabb, nyolc napon t\u00fal gy\u00f3gyul\u00f3 csontt\u00f6r\u00e9ssel j\u00e1r\u00f3 s\u00e9r\u00fcl\u00e9s (arccsontt\u00f6r\u00e9s) bek\u00f6vetkez\u00e9s\u00e9nek re\u00e1lis lehet\u0151s\u00e9ge is fenn\u00e1llt.<\/p>\n<p>A f\u00e9rfi b\u00fcntetett el\u0151\u00e9let\u0171, \u0151t a b\u00edr\u00f3s\u00e1g 2019-ben k\u00e9t \u00edzben is el\u00edt\u00e9lte, \u00edgy 2019. febru\u00e1r 21. napj\u00e1n joger\u0151s&nbsp;hat\u00e1rozat\u00e1val egyedi azonos\u00edt\u00f3 jel meghamis\u00edt\u00e1s\u00e1nak b\u0171ntette miatt 1 \u00e9v 4 h\u00f3nap b\u00f6rt\u00f6nb\u00fcntet\u00e9sre \u00edt\u00e9lte, melynek v\u00e9grehajt\u00e1s\u00e1t 2 \u00e9v 6 h\u00f3napra felf\u00fcggesztette, illetve a 2019. m\u00e1rcius 8. napj\u00e1n joger\u0151s hat\u00e1rozat\u00e1val felfegyverkezve elk\u00f6vetett gar\u00e1zdas\u00e1g b\u0171ntette miatt 1 \u00e9v 2 h\u00f3nap b\u00f6rt\u00f6nb\u00fcntet\u00e9sre \u00edt\u00e9lte, melynek v\u00e9grehajt\u00e1s\u00e1t 1 \u00e9v 6 h\u00f3napra felf\u00fcggesztette.<\/p>\n<p><strong>Az Esztergomi J\u00e1r\u00e1si \u00dcgy\u00e9szs\u00e9g ind\u00edtv\u00e1ny\u00e1ra a nyomoz\u00e1si b\u00edr\u00f3 a f\u00e9rfi letart\u00f3ztat\u00e1s\u00e1t a b\u0171nism\u00e9tl\u00e9s vesz\u00e9lye miatt 2020. m\u00e1jus 15. napj\u00e1n elrendelte.<\/strong><\/p>\n<p>A v\u00e1diratban az \u00fcgy\u00e9szs\u00e9g arra tett ind\u00edtv\u00e1nyt, hogy az Esztergomi J\u00e1r\u00e1sb\u00edr\u00f3s\u00e1g a f\u00e9rfit v\u00e9grehajtand\u00f3 szabads\u00e1gveszt\u00e9sre \u00e9s k\u00f6z\u00fcgyekt\u0151l eltilt\u00e1sra \u00edt\u00e9lje. Az \u00fcgy\u00e9szs\u00e9g azt is ind\u00edtv\u00e1nyozta, hogy a b\u00edr\u00f3s\u00e1g a kor\u00e1bban kiszabott felf\u00fcggesztett szabads\u00e1gveszt\u00e9sek v\u00e9grehajt\u00e1s\u00e1t ut\u00f3lag rendelje el.<\/p>\n<p><em>Kom\u00e1rom-Esztergom Megyei F\u0151\u00fcgy\u00e9szs\u00e9g Sajt\u00f3<\/em><\/p>\n<\/div>\n","protected":false},"excerpt":{"rendered":"<p>V\u00e9grehajtand\u00f3 szabads\u00e1gveszt\u00e9sre \u00edt\u00e9lhetik azt a t\u00f6bbsz\u00f6r\u00f6sen b\u00fcntetett el\u0151\u00e9let\u0171 f\u00e9rfit, aki 2020 m\u00e1jus\u00e1ban egy embert vert meg Esztergom-Kertv\u00e1rosban. A v\u00e1dirat szerint a f\u00e9rfi v\u00e1dlott \u00e9s a s\u00e9rtett k\u00f6z\u00f6tt elm\u00e9rgesedett viszony van. A f\u00e9rfi 2020. m\u00e1jus 12-\u00e9n 17 \u00f3ra 45 perc k\u00f6r\u00fcli id\u0151ben \u00f6sszetal\u00e1lkozott s\u00e9rtettel egy esztergom-kertv\u00e1rosi lak\u00f3\u00e9p\u00fclet el\u0151tt az utc\u00e1n. A v\u00e1dlott futni kezdett s\u00e9rtett fel\u00e9,<\/p>\n","protected":false},"author":1,"featured_media":4505,"comment_status":"closed","ping_status":"closed","sticky":false,"template":"","format":"standard","meta":{"ngg_post_thumbnail":0,"footnotes":""},"categories":[38,7,3,39],"tags":[712,1042,42,169,61,326],"class_list":{"0":"post-27068","1":"post","2":"type-post","3":"status-publish","4":"format-standard","5":"has-post-thumbnail","7":"category-esztergom","8":"category-esztergom_kertvaros","9":"category-hirek","10":"category-kek-hirek","11":"tag-bantalmazas","12":"tag-birosag","13":"tag-esztergom","14":"tag-esztergom-kertvaros","15":"tag-rendorsegi-hirek","16":"tag-ugyeszseg"},"yoast_head":"<!-- This site is optimized with the Yoast SEO plugin v27.4 - https:\/\/yoast.com\/product\/yoast-seo-wordpress\/ -->\n<title>Bar\u00e1tn\u0151je f\u00e9kezte meg az agressz\u00edv f\u00e9rfit<\/title>\n<meta name=\"robots\" content=\"index, follow, max-snippet:-1, max-image-preview:large, max-video-preview:-1\" \/>\n<link rel=\"canonical\" href=\"https:\/\/dorogimedence.hu\/index.php\/2020\/09\/02\/baratnoje-fekezte-meg-az-agressziv-ferfit\/\" class=\"yoast-seo-meta-tag\" \/>\n<meta property=\"og:locale\" content=\"hu_HU\" class=\"yoast-seo-meta-tag\" \/>\n<meta property=\"og:type\" content=\"article\" class=\"yoast-seo-meta-tag\" \/>\n<meta property=\"og:title\" content=\"Bar\u00e1tn\u0151je f\u00e9kezte meg az agressz\u00edv f\u00e9rfit\" class=\"yoast-seo-meta-tag\" \/>\n<meta property=\"og:description\" content=\"V\u00e9grehajtand\u00f3 szabads\u00e1gveszt\u00e9sre \u00edt\u00e9lhetik azt a t\u00f6bbsz\u00f6r\u00f6sen b\u00fcntetett el\u0151\u00e9let\u0171 f\u00e9rfit, aki 2020 m\u00e1jus\u00e1ban egy embert vert meg Esztergom-Kertv\u00e1rosban. A v\u00e1dirat szerint a f\u00e9rfi v\u00e1dlott \u00e9s a s\u00e9rtett k\u00f6z\u00f6tt elm\u00e9rgesedett viszony van. A f\u00e9rfi 2020. m\u00e1jus 12-\u00e9n 17 \u00f3ra 45 perc k\u00f6r\u00fcli id\u0151ben \u00f6sszetal\u00e1lkozott s\u00e9rtettel egy esztergom-kertv\u00e1rosi lak\u00f3\u00e9p\u00fclet el\u0151tt az utc\u00e1n. A v\u00e1dlott futni kezdett s\u00e9rtett fel\u00e9,\" class=\"yoast-seo-meta-tag\" \/>\n<meta property=\"og:url\" content=\"https:\/\/dorogimedence.hu\/index.php\/2020\/09\/02\/baratnoje-fekezte-meg-az-agressziv-ferfit\/\" class=\"yoast-seo-meta-tag\" \/>\n<meta property=\"og:site_name\" content=\"Dorogi-medence Region\u00e1lis H\u00edrport\u00e1l\" class=\"yoast-seo-meta-tag\" \/>\n<meta property=\"article:publisher\" content=\"https:\/\/www.facebook.com\/dorogimedence\/\" class=\"yoast-seo-meta-tag\" \/>\n<meta property=\"article:published_time\" content=\"2020-09-02T07:28:07+00:00\" class=\"yoast-seo-meta-tag\" \/>\n<meta property=\"article:modified_time\" content=\"2020-09-02T07:28:56+00:00\" class=\"yoast-seo-meta-tag\" \/>\n<meta property=\"og:image\" content=\"https:\/\/i0.wp.com\/dorogimedence.hu\/wp-content\/uploads\/2017\/07\/bantalmazas-02.jpg?fit=670%2C365&ssl=1\" class=\"yoast-seo-meta-tag\" \/>\n\t<meta property=\"og:image:width\" content=\"670\" class=\"yoast-seo-meta-tag\" \/>\n\t<meta property=\"og:image:height\" content=\"365\" class=\"yoast-seo-meta-tag\" \/>\n\t<meta property=\"og:image:type\" content=\"image\/jpeg\" class=\"yoast-seo-meta-tag\" \/>\n<meta name=\"author\" content=\"dorogimedence.hu\" class=\"yoast-seo-meta-tag\" \/>\n<meta name=\"twitter:card\" content=\"summary_large_image\" class=\"yoast-seo-meta-tag\" \/>\n<meta name=\"twitter:label1\" content=\"Szerz\u0151:\" class=\"yoast-seo-meta-tag\" \/>\n\t<meta name=\"twitter:data1\" content=\"dorogimedence.hu\" class=\"yoast-seo-meta-tag\" \/>\n\t<meta name=\"twitter:label2\" content=\"Becs\u00fclt olvas\u00e1si id\u0151\" class=\"yoast-seo-meta-tag\" \/>\n\t<meta name=\"twitter:data2\" content=\"3 perc\" class=\"yoast-seo-meta-tag\" \/>\n<script type=\"application\/ld+json\" class=\"yoast-schema-graph\">{\"@context\":\"https:\\\/\\\/schema.org\",\"@graph\":[{\"@type\":\"Article\",\"@id\":\"https:\\\/\\\/dorogimedence.hu\\\/index.php\\\/2020\\\/09\\\/02\\\/baratnoje-fekezte-meg-az-agressziv-ferfit\\\/#article\",\"isPartOf\":{\"@id\":\"https:\\\/\\\/dorogimedence.hu\\\/index.php\\\/2020\\\/09\\\/02\\\/baratnoje-fekezte-meg-az-agressziv-ferfit\\\/\"},\"author\":{\"name\":\"dorogimedence.hu\",\"@id\":\"https:\\\/\\\/dorogimedence.hu\\\/#\\\/schema\\\/person\\\/ce6091eeb7e95ecdc87890d6aa8e0fd4\"},\"headline\":\"Bar\u00e1tn\u0151je f\u00e9kezte meg az agressz\u00edv f\u00e9rfit\",\"datePublished\":\"2020-09-02T07:28:07+00:00\",\"dateModified\":\"2020-09-02T07:28:56+00:00\",\"mainEntityOfPage\":{\"@id\":\"https:\\\/\\\/dorogimedence.hu\\\/index.php\\\/2020\\\/09\\\/02\\\/baratnoje-fekezte-meg-az-agressziv-ferfit\\\/\"},\"wordCount\":620,\"publisher\":{\"@id\":\"https:\\\/\\\/dorogimedence.hu\\\/#organization\"},\"image\":{\"@id\":\"https:\\\/\\\/dorogimedence.hu\\\/index.php\\\/2020\\\/09\\\/02\\\/baratnoje-fekezte-meg-az-agressziv-ferfit\\\/#primaryimage\"},\"thumbnailUrl\":\"https:\\\/\\\/dorogimedence.hu\\\/wp-content\\\/uploads\\\/2017\\\/07\\\/bantalmazas-02.jpg\",\"keywords\":[\"b\u00e1ntalmaz\u00e1s\",\"b\u00edr\u00f3s\u00e1g\",\"esztergom\",\"Esztergom-kertv\u00e1ros\",\"rend\u0151rs\u00e9gi h\u00edrek\",\"\u00fcgy\u00e9szs\u00e9g\"],\"articleSection\":[\"Esztergom\",\"Esztergom-kertv\u00e1ros\",\"H\u00edrek\",\"K\u00e9k h\u00edrek\"],\"inLanguage\":\"hu\"},{\"@type\":\"WebPage\",\"@id\":\"https:\\\/\\\/dorogimedence.hu\\\/index.php\\\/2020\\\/09\\\/02\\\/baratnoje-fekezte-meg-az-agressziv-ferfit\\\/\",\"url\":\"https:\\\/\\\/dorogimedence.hu\\\/index.php\\\/2020\\\/09\\\/02\\\/baratnoje-fekezte-meg-az-agressziv-ferfit\\\/\",\"name\":\"Bar\u00e1tn\u0151je f\u00e9kezte meg az agressz\u00edv f\u00e9rfit\",\"isPartOf\":{\"@id\":\"https:\\\/\\\/dorogimedence.hu\\\/#website\"},\"primaryImageOfPage\":{\"@id\":\"https:\\\/\\\/dorogimedence.hu\\\/index.php\\\/2020\\\/09\\\/02\\\/baratnoje-fekezte-meg-az-agressziv-ferfit\\\/#primaryimage\"},\"image\":{\"@id\":\"https:\\\/\\\/dorogimedence.hu\\\/index.php\\\/2020\\\/09\\\/02\\\/baratnoje-fekezte-meg-az-agressziv-ferfit\\\/#primaryimage\"},\"thumbnailUrl\":\"https:\\\/\\\/dorogimedence.hu\\\/wp-content\\\/uploads\\\/2017\\\/07\\\/bantalmazas-02.jpg\",\"datePublished\":\"2020-09-02T07:28:07+00:00\",\"dateModified\":\"2020-09-02T07:28:56+00:00\",\"breadcrumb\":{\"@id\":\"https:\\\/\\\/dorogimedence.hu\\\/index.php\\\/2020\\\/09\\\/02\\\/baratnoje-fekezte-meg-az-agressziv-ferfit\\\/#breadcrumb\"},\"inLanguage\":\"hu\",\"potentialAction\":[{\"@type\":\"ReadAction\",\"target\":[\"https:\\\/\\\/dorogimedence.hu\\\/index.php\\\/2020\\\/09\\\/02\\\/baratnoje-fekezte-meg-az-agressziv-ferfit\\\/\"]}]},{\"@type\":\"ImageObject\",\"inLanguage\":\"hu\",\"@id\":\"https:\\\/\\\/dorogimedence.hu\\\/index.php\\\/2020\\\/09\\\/02\\\/baratnoje-fekezte-meg-az-agressziv-ferfit\\\/#primaryimage\",\"url\":\"https:\\\/\\\/dorogimedence.hu\\\/wp-content\\\/uploads\\\/2017\\\/07\\\/bantalmazas-02.jpg\",\"contentUrl\":\"https:\\\/\\\/dorogimedence.hu\\\/wp-content\\\/uploads\\\/2017\\\/07\\\/bantalmazas-02.jpg\",\"width\":670,\"height\":365},{\"@type\":\"BreadcrumbList\",\"@id\":\"https:\\\/\\\/dorogimedence.hu\\\/index.php\\\/2020\\\/09\\\/02\\\/baratnoje-fekezte-meg-az-agressziv-ferfit\\\/#breadcrumb\",\"itemListElement\":[{\"@type\":\"ListItem\",\"position\":1,\"name\":\"Kezd\u0151lap\",\"item\":\"https:\\\/\\\/dorogimedence.hu\\\/\"},{\"@type\":\"ListItem\",\"position\":2,\"name\":\"Bar\u00e1tn\u0151je f\u00e9kezte meg az agressz\u00edv f\u00e9rfit\"}]},{\"@type\":\"WebSite\",\"@id\":\"https:\\\/\\\/dorogimedence.hu\\\/#website\",\"url\":\"https:\\\/\\\/dorogimedence.hu\\\/\",\"name\":\"Dorogi-medence Region\u00e1lis H\u00edrport\u00e1l\",\"description\":\"Dorog, Keszt\u00f6lc, Le\u00e1nyv\u00e1r, Piliscs\u00e9v, Tokod, Tokodalt\u00e1r\u00f3, Csolnok, Esztergom-kertv\u00e1ros: h\u00edrek, programok\",\"publisher\":{\"@id\":\"https:\\\/\\\/dorogimedence.hu\\\/#organization\"},\"potentialAction\":[{\"@type\":\"SearchAction\",\"target\":{\"@type\":\"EntryPoint\",\"urlTemplate\":\"https:\\\/\\\/dorogimedence.hu\\\/?s={search_term_string}\"},\"query-input\":{\"@type\":\"PropertyValueSpecification\",\"valueRequired\":true,\"valueName\":\"search_term_string\"}}],\"inLanguage\":\"hu\"},{\"@type\":\"Organization\",\"@id\":\"https:\\\/\\\/dorogimedence.hu\\\/#organization\",\"name\":\"Dorogi-medence Region\u00e1lis H\u00edrport\u00e1l\",\"url\":\"https:\\\/\\\/dorogimedence.hu\\\/\",\"logo\":{\"@type\":\"ImageObject\",\"inLanguage\":\"hu\",\"@id\":\"https:\\\/\\\/dorogimedence.hu\\\/#\\\/schema\\\/logo\\\/image\\\/\",\"url\":\"https:\\\/\\\/dorogimedence.hu\\\/wp-content\\\/uploads\\\/2021\\\/04\\\/logo-feher-600.png\",\"contentUrl\":\"https:\\\/\\\/dorogimedence.hu\\\/wp-content\\\/uploads\\\/2021\\\/04\\\/logo-feher-600.png\",\"width\":600,\"height\":100,\"caption\":\"Dorogi-medence Region\u00e1lis H\u00edrport\u00e1l\"},\"image\":{\"@id\":\"https:\\\/\\\/dorogimedence.hu\\\/#\\\/schema\\\/logo\\\/image\\\/\"},\"sameAs\":[\"https:\\\/\\\/www.facebook.com\\\/dorogimedence\\\/\"]},{\"@type\":\"Person\",\"@id\":\"https:\\\/\\\/dorogimedence.hu\\\/#\\\/schema\\\/person\\\/ce6091eeb7e95ecdc87890d6aa8e0fd4\",\"name\":\"dorogimedence.hu\",\"image\":{\"@type\":\"ImageObject\",\"inLanguage\":\"hu\",\"@id\":\"\\\/\\\/www.gravatar.com\\\/avatar\\\/d8d45f8901aadff40a4af72c0b826f1d?s=96&#038;r=g&#038;d=mm\",\"url\":\"\\\/\\\/www.gravatar.com\\\/avatar\\\/d8d45f8901aadff40a4af72c0b826f1d?s=96&#038;r=g&#038;d=mm\",\"contentUrl\":\"\\\/\\\/www.gravatar.com\\\/avatar\\\/d8d45f8901aadff40a4af72c0b826f1d?s=96&#038;r=g&#038;d=mm\",\"caption\":\"dorogimedence.hu\"}}]}<\/script>\n<!-- \/ Yoast SEO plugin. -->","yoast_head_json":{"title":"Bar\u00e1tn\u0151je f\u00e9kezte meg az agressz\u00edv f\u00e9rfit","robots":{"index":"index","follow":"follow","max-snippet":"max-snippet:-1","max-image-preview":"max-image-preview:large","max-video-preview":"max-video-preview:-1"},"canonical":"https:\/\/dorogimedence.hu\/index.php\/2020\/09\/02\/baratnoje-fekezte-meg-az-agressziv-ferfit\/","og_locale":"hu_HU","og_type":"article","og_title":"Bar\u00e1tn\u0151je f\u00e9kezte meg az agressz\u00edv f\u00e9rfit","og_description":"V\u00e9grehajtand\u00f3 szabads\u00e1gveszt\u00e9sre \u00edt\u00e9lhetik azt a t\u00f6bbsz\u00f6r\u00f6sen b\u00fcntetett el\u0151\u00e9let\u0171 f\u00e9rfit, aki 2020 m\u00e1jus\u00e1ban egy embert vert meg Esztergom-Kertv\u00e1rosban. A v\u00e1dirat szerint a f\u00e9rfi v\u00e1dlott \u00e9s a s\u00e9rtett k\u00f6z\u00f6tt elm\u00e9rgesedett viszony van. A f\u00e9rfi 2020. m\u00e1jus 12-\u00e9n 17 \u00f3ra 45 perc k\u00f6r\u00fcli id\u0151ben \u00f6sszetal\u00e1lkozott s\u00e9rtettel egy esztergom-kertv\u00e1rosi lak\u00f3\u00e9p\u00fclet el\u0151tt az utc\u00e1n. A v\u00e1dlott futni kezdett s\u00e9rtett fel\u00e9,","og_url":"https:\/\/dorogimedence.hu\/index.php\/2020\/09\/02\/baratnoje-fekezte-meg-az-agressziv-ferfit\/","og_site_name":"Dorogi-medence Region\u00e1lis H\u00edrport\u00e1l","article_publisher":"https:\/\/www.facebook.com\/dorogimedence\/","article_published_time":"2020-09-02T07:28:07+00:00","article_modified_time":"2020-09-02T07:28:56+00:00","og_image":[{"width":670,"height":365,"url":"https:\/\/i0.wp.com\/dorogimedence.hu\/wp-content\/uploads\/2017\/07\/bantalmazas-02.jpg?fit=670%2C365&ssl=1","type":"image\/jpeg"}],"author":"dorogimedence.hu","twitter_card":"summary_large_image","twitter_misc":{"Szerz\u0151:":"dorogimedence.hu","Becs\u00fclt olvas\u00e1si id\u0151":"3 perc"},"schema":{"@context":"https:\/\/schema.org","@graph":[{"@type":"Article","@id":"https:\/\/dorogimedence.hu\/index.php\/2020\/09\/02\/baratnoje-fekezte-meg-az-agressziv-ferfit\/#article","isPartOf":{"@id":"https:\/\/dorogimedence.hu\/index.php\/2020\/09\/02\/baratnoje-fekezte-meg-az-agressziv-ferfit\/"},"author":{"name":"dorogimedence.hu","@id":"https:\/\/dorogimedence.hu\/#\/schema\/person\/ce6091eeb7e95ecdc87890d6aa8e0fd4"},"headline":"Bar\u00e1tn\u0151je f\u00e9kezte meg az agressz\u00edv f\u00e9rfit","datePublished":"2020-09-02T07:28:07+00:00","dateModified":"2020-09-02T07:28:56+00:00","mainEntityOfPage":{"@id":"https:\/\/dorogimedence.hu\/index.php\/2020\/09\/02\/baratnoje-fekezte-meg-az-agressziv-ferfit\/"},"wordCount":620,"publisher":{"@id":"https:\/\/dorogimedence.hu\/#organization"},"image":{"@id":"https:\/\/dorogimedence.hu\/index.php\/2020\/09\/02\/baratnoje-fekezte-meg-az-agressziv-ferfit\/#primaryimage"},"thumbnailUrl":"https:\/\/dorogimedence.hu\/wp-content\/uploads\/2017\/07\/bantalmazas-02.jpg","keywords":["b\u00e1ntalmaz\u00e1s","b\u00edr\u00f3s\u00e1g","esztergom","Esztergom-kertv\u00e1ros","rend\u0151rs\u00e9gi h\u00edrek","\u00fcgy\u00e9szs\u00e9g"],"articleSection":["Esztergom","Esztergom-kertv\u00e1ros","H\u00edrek","K\u00e9k h\u00edrek"],"inLanguage":"hu"},{"@type":"WebPage","@id":"https:\/\/dorogimedence.hu\/index.php\/2020\/09\/02\/baratnoje-fekezte-meg-az-agressziv-ferfit\/","url":"https:\/\/dorogimedence.hu\/index.php\/2020\/09\/02\/baratnoje-fekezte-meg-az-agressziv-ferfit\/","name":"Bar\u00e1tn\u0151je f\u00e9kezte meg az agressz\u00edv f\u00e9rfit","isPartOf":{"@id":"https:\/\/dorogimedence.hu\/#website"},"primaryImageOfPage":{"@id":"https:\/\/dorogimedence.hu\/index.php\/2020\/09\/02\/baratnoje-fekezte-meg-az-agressziv-ferfit\/#primaryimage"},"image":{"@id":"https:\/\/dorogimedence.hu\/index.php\/2020\/09\/02\/baratnoje-fekezte-meg-az-agressziv-ferfit\/#primaryimage"},"thumbnailUrl":"https:\/\/dorogimedence.hu\/wp-content\/uploads\/2017\/07\/bantalmazas-02.jpg","datePublished":"2020-09-02T07:28:07+00:00","dateModified":"2020-09-02T07:28:56+00:00","breadcrumb":{"@id":"https:\/\/dorogimedence.hu\/index.php\/2020\/09\/02\/baratnoje-fekezte-meg-az-agressziv-ferfit\/#breadcrumb"},"inLanguage":"hu","potentialAction":[{"@type":"ReadAction","target":["https:\/\/dorogimedence.hu\/index.php\/2020\/09\/02\/baratnoje-fekezte-meg-az-agressziv-ferfit\/"]}]},{"@type":"ImageObject","inLanguage":"hu","@id":"https:\/\/dorogimedence.hu\/index.php\/2020\/09\/02\/baratnoje-fekezte-meg-az-agressziv-ferfit\/#primaryimage","url":"https:\/\/dorogimedence.hu\/wp-content\/uploads\/2017\/07\/bantalmazas-02.jpg","contentUrl":"https:\/\/dorogimedence.hu\/wp-content\/uploads\/2017\/07\/bantalmazas-02.jpg","width":670,"height":365},{"@type":"BreadcrumbList","@id":"https:\/\/dorogimedence.hu\/index.php\/2020\/09\/02\/baratnoje-fekezte-meg-az-agressziv-ferfit\/#breadcrumb","itemListElement":[{"@type":"ListItem","position":1,"name":"Kezd\u0151lap","item":"https:\/\/dorogimedence.hu\/"},{"@type":"ListItem","position":2,"name":"Bar\u00e1tn\u0151je f\u00e9kezte meg az agressz\u00edv f\u00e9rfit"}]},{"@type":"WebSite","@id":"https:\/\/dorogimedence.hu\/#website","url":"https:\/\/dorogimedence.hu\/","name":"Dorogi-medence Region\u00e1lis H\u00edrport\u00e1l","description":"Dorog, Keszt\u00f6lc, Le\u00e1nyv\u00e1r, Piliscs\u00e9v, Tokod, Tokodalt\u00e1r\u00f3, Csolnok, Esztergom-kertv\u00e1ros: h\u00edrek, programok","publisher":{"@id":"https:\/\/dorogimedence.hu\/#organization"},"potentialAction":[{"@type":"SearchAction","target":{"@type":"EntryPoint","urlTemplate":"https:\/\/dorogimedence.hu\/?s={search_term_string}"},"query-input":{"@type":"PropertyValueSpecification","valueRequired":true,"valueName":"search_term_string"}}],"inLanguage":"hu"},{"@type":"Organization","@id":"https:\/\/dorogimedence.hu\/#organization","name":"Dorogi-medence Region\u00e1lis H\u00edrport\u00e1l","url":"https:\/\/dorogimedence.hu\/","logo":{"@type":"ImageObject","inLanguage":"hu","@id":"https:\/\/dorogimedence.hu\/#\/schema\/logo\/image\/","url":"https:\/\/dorogimedence.hu\/wp-content\/uploads\/2021\/04\/logo-feher-600.png","contentUrl":"https:\/\/dorogimedence.hu\/wp-content\/uploads\/2021\/04\/logo-feher-600.png","width":600,"height":100,"caption":"Dorogi-medence Region\u00e1lis H\u00edrport\u00e1l"},"image":{"@id":"https:\/\/dorogimedence.hu\/#\/schema\/logo\/image\/"},"sameAs":["https:\/\/www.facebook.com\/dorogimedence\/"]},{"@type":"Person","@id":"https:\/\/dorogimedence.hu\/#\/schema\/person\/ce6091eeb7e95ecdc87890d6aa8e0fd4","name":"dorogimedence.hu","image":{"@type":"ImageObject","inLanguage":"hu","@id":"\/\/www.gravatar.com\/avatar\/d8d45f8901aadff40a4af72c0b826f1d?s=96&#038;r=g&#038;d=mm","url":"\/\/www.gravatar.com\/avatar\/d8d45f8901aadff40a4af72c0b826f1d?s=96&#038;r=g&#038;d=mm","contentUrl":"\/\/www.gravatar.com\/avatar\/d8d45f8901aadff40a4af72c0b826f1d?s=96&#038;r=g&#038;d=mm","caption":"dorogimedence.hu"}}]}},"_links":{"self":[{"href":"https:\/\/dorogimedence.hu\/index.php\/wp-json\/wp\/v2\/posts\/27068","targetHints":{"allow":["GET"]}}],"collection":[{"href":"https:\/\/dorogimedence.hu\/index.php\/wp-json\/wp\/v2\/posts"}],"about":[{"href":"https:\/\/dorogimedence.hu\/index.php\/wp-json\/wp\/v2\/types\/post"}],"author":[{"embeddable":true,"href":"https:\/\/dorogimedence.hu\/index.php\/wp-json\/wp\/v2\/users\/1"}],"replies":[{"embeddable":true,"href":"https:\/\/dorogimedence.hu\/index.php\/wp-json\/wp\/v2\/comments?post=27068"}],"version-history":[{"count":0,"href":"https:\/\/dorogimedence.hu\/index.php\/wp-json\/wp\/v2\/posts\/27068\/revisions"}],"wp:featuredmedia":[{"embeddable":true,"href":"https:\/\/dorogimedence.hu\/index.php\/wp-json\/wp\/v2\/media\/4505"}],"wp:attachment":[{"href":"https:\/\/dorogimedence.hu\/index.php\/wp-json\/wp\/v2\/media?parent=27068"}],"wp:term":[{"taxonomy":"category","embeddable":true,"href":"https:\/\/dorogimedence.hu\/index.php\/wp-json\/wp\/v2\/categories?post=27068"},{"taxonomy":"post_tag","embeddable":true,"href":"https:\/\/dorogimedence.hu\/index.php\/wp-json\/wp\/v2\/tags?post=27068"}],"curies":[{"name":"wp","href":"https:\/\/api.w.org\/{rel}","templated":true}]}}