{"id":26968,"date":"2020-08-27T11:26:28","date_gmt":"2020-08-27T09:26:28","guid":{"rendered":"http:\/\/dorogimedence.hu\/?p=26968"},"modified":"2020-08-27T11:26:52","modified_gmt":"2020-08-27T09:26:52","slug":"ittasan-utott-el-egy-motorost-dorogon","status":"publish","type":"post","link":"https:\/\/dorogimedence.hu\/index.php\/2020\/08\/27\/ittasan-utott-el-egy-motorost-dorogon\/","title":{"rendered":"Ittasan \u00fct\u00f6tt el egy motorost Dorogon"},"content":{"rendered":"<p><strong>V\u00e1dat emeltek az a f\u00e9rfi ellen, aki jogos\u00edtv\u00e1ny n\u00e9lk\u00fcl aut\u00f3j\u00e1val, ittas \u00e1llapotban egy motorost el\u00fct\u00f6tt, majd a szalagkorl\u00e1tnak \u00fctk\u00f6z\u00f6tt m\u00e1jus v\u00e9g\u00e9n Dorogon.<\/strong><\/p>\n<p>A v\u00e1dirat szerint a f\u00e9rfi vezet\u0151i enged\u00e9llyel nem rendelkezik, 2020. m\u00e1jus 30. napj\u00e1n kora d\u00e9lut\u00e1n&nbsp;Dorogon a B\u00e9csi \u00faton a Csolnoki \u00fat ir\u00e1ny\u00e1ba ittas \u00e1llapotban vezetett egy szem\u00e9lyg\u00e9pkocsit. A v\u00e1dlott a Csolnoki \u00fatra kanyarod\u00e1st k\u00f6vet\u0151en egy motorker\u00e9kp\u00e1r el\u0151z\u00e9s\u00e9be kezdett, amelynek sor\u00e1n azonban ittass\u00e1ga miatt nem tartott megfelel\u0151 oldalt\u00e1vols\u00e1got, \u00e9s a j\u00e1rm\u0171ve jobb elej\u00e9vel a motorker\u00e9kp\u00e1r bal oldal\u00e1nak \u00fctk\u00f6z\u00f6tt \u00e9rint\u0151legesen, amelyt\u0151l a motorker\u00e9kp\u00e1r felborult \u00e9s a vezet\u0151je az \u00fattestre esett. A motorker\u00e9kp\u00e1r vezet\u0151j\u00e9nek horzsol\u00e1sos, z\u00faz\u00f3d\u00e1sos s\u00e9r\u00fcl\u00e9sei keletkeztek, amelyek gy\u00f3gytartama a nyolc napot nem haladja meg.<\/p>\n<p>A v\u00e1dlott a balesetet k\u00f6vet\u0151en a g\u00e9pkocsival meg\u00e1llt, a motorker\u00e9kp\u00e1r vezet\u0151je id\u0151k\u00f6zben az \u00fattestr\u0151l fel\u00e1llt, \u00edgy a v\u00e1dlott a g\u00e9pkocsiba vissza\u00fclt \u00e9s folytatta \u00fatj\u00e1t Csolnok ir\u00e1ny\u00e1ba.<\/p>\n<p>A v\u00e1dlott halad\u00e1sa sor\u00e1n egy balra \u00edvel\u00e9s\u0171 \u00fatkanyarulatban ittass\u00e1ga miatt nem az \u00fat vonalvezet\u00e9s\u00e9nek megfelel\u0151en v\u00e1lasztotta meg j\u00e1rm\u0171ve sebess\u00e9g\u00e9t, \u00e9s az \u00fat jobb sz\u00e9l\u00e9n l\u00e9v\u0151 szalagkorl\u00e1tnak \u00fctk\u00f6z\u00f6tt.<\/p>\n<p>A j\u00e1rm\u0171 vezet\u00e9sekor a v\u00e1dlott k\u00f6zepes fokban volt ittas \u00e1llapotban, mert szervezet\u00e9ben 1,95 g\/l (ezrel\u00e9k) v\u00e9ralkohol-koncentr\u00e1ci\u00f3 el\u0151id\u00e9z\u00e9s\u00e9re alkalmas szeszes ital fogyaszt\u00e1s\u00e1b\u00f3l sz\u00e1rmaz\u00f3 alkohol volt.<\/p>\n<p>Az \u00fcgy\u00e9szs\u00e9g a v\u00e1diratban arra tett ind\u00edtv\u00e1nyt, hogy az Esztergomi J\u00e1r\u00e1sb\u00edr\u00f3s\u00e1g t\u00e1rgyal\u00e1s mell\u0151z\u00e9s\u00e9vel, b\u00fcntet\u0151v\u00e9gz\u00e9sben p\u00e9nzb\u00fcntet\u00e9sre \u00e9s j\u00e1rm\u0171vezet\u00e9st\u0151l eltilt\u00e1sra \u00edt\u00e9lje&nbsp;a v\u00e1dlottat.<\/p>\n<p><em>Kom\u00e1rom-Esztergom Megyei F\u0151\u00fcgy\u00e9szs\u00e9g Sajt\u00f3<\/em><\/p>\n","protected":false},"excerpt":{"rendered":"<p>V\u00e1dat emeltek az a f\u00e9rfi ellen, aki jogos\u00edtv\u00e1ny n\u00e9lk\u00fcl aut\u00f3j\u00e1val, ittas \u00e1llapotban egy motorost el\u00fct\u00f6tt, majd a szalagkorl\u00e1tnak \u00fctk\u00f6z\u00f6tt m\u00e1jus v\u00e9g\u00e9n Dorogon. A v\u00e1dirat szerint a f\u00e9rfi vezet\u0151i enged\u00e9llyel nem rendelkezik, 2020. m\u00e1jus 30. napj\u00e1n kora d\u00e9lut\u00e1n&nbsp;Dorogon a B\u00e9csi \u00faton a Csolnoki \u00fat ir\u00e1ny\u00e1ba ittas \u00e1llapotban vezetett egy szem\u00e9lyg\u00e9pkocsit. A v\u00e1dlott a Csolnoki \u00fatra kanyarod\u00e1st<\/p>\n","protected":false},"author":1,"featured_media":0,"comment_status":"closed","ping_status":"closed","sticky":false,"template":"","format":"standard","meta":{"ngg_post_thumbnail":0,"footnotes":""},"categories":[2,3,39],"tags":[44,1042,15,164,61,326],"class_list":{"0":"post-26968","1":"post","2":"type-post","3":"status-publish","4":"format-standard","6":"category-dorog","7":"category-hirek","8":"category-kek-hirek","9":"tag-baleset","10":"tag-birosag","11":"tag-dorog","12":"tag-ittas-vezetes","13":"tag-rendorsegi-hirek","14":"tag-ugyeszseg"},"yoast_head":"<!-- This site is optimized with the Yoast SEO plugin v27.5 - https:\/\/yoast.com\/product\/yoast-seo-wordpress\/ -->\n<title>Ittasan \u00fct\u00f6tt el egy motorost Dorogon<\/title>\n<meta name=\"robots\" content=\"index, follow, max-snippet:-1, max-image-preview:large, max-video-preview:-1\" \/>\n<link rel=\"canonical\" href=\"https:\/\/dorogimedence.hu\/index.php\/2020\/08\/27\/ittasan-utott-el-egy-motorost-dorogon\/\" class=\"yoast-seo-meta-tag\" \/>\n<meta property=\"og:locale\" content=\"hu_HU\" class=\"yoast-seo-meta-tag\" \/>\n<meta property=\"og:type\" content=\"article\" class=\"yoast-seo-meta-tag\" \/>\n<meta property=\"og:title\" content=\"Ittasan \u00fct\u00f6tt el egy motorost Dorogon\" class=\"yoast-seo-meta-tag\" \/>\n<meta property=\"og:description\" content=\"V\u00e1dat emeltek az a f\u00e9rfi ellen, aki jogos\u00edtv\u00e1ny n\u00e9lk\u00fcl aut\u00f3j\u00e1val, ittas \u00e1llapotban egy motorost el\u00fct\u00f6tt, majd a szalagkorl\u00e1tnak \u00fctk\u00f6z\u00f6tt m\u00e1jus v\u00e9g\u00e9n Dorogon. A v\u00e1dirat szerint a f\u00e9rfi vezet\u0151i enged\u00e9llyel nem rendelkezik, 2020. m\u00e1jus 30. napj\u00e1n kora d\u00e9lut\u00e1n&nbsp;Dorogon a B\u00e9csi \u00faton a Csolnoki \u00fat ir\u00e1ny\u00e1ba ittas \u00e1llapotban vezetett egy szem\u00e9lyg\u00e9pkocsit. A v\u00e1dlott a Csolnoki \u00fatra kanyarod\u00e1st\" class=\"yoast-seo-meta-tag\" \/>\n<meta property=\"og:url\" content=\"https:\/\/dorogimedence.hu\/index.php\/2020\/08\/27\/ittasan-utott-el-egy-motorost-dorogon\/\" class=\"yoast-seo-meta-tag\" \/>\n<meta property=\"og:site_name\" content=\"Dorogi-medence Region\u00e1lis H\u00edrport\u00e1l\" class=\"yoast-seo-meta-tag\" \/>\n<meta property=\"article:publisher\" content=\"https:\/\/www.facebook.com\/dorogimedence\/\" class=\"yoast-seo-meta-tag\" \/>\n<meta property=\"article:published_time\" content=\"2020-08-27T09:26:28+00:00\" class=\"yoast-seo-meta-tag\" \/>\n<meta property=\"article:modified_time\" content=\"2020-08-27T09:26:52+00:00\" class=\"yoast-seo-meta-tag\" \/>\n<meta property=\"og:image\" content=\"https:\/\/i0.wp.com\/dorogimedence.hu\/wp-content\/uploads\/2017\/06\/birosag.jpg?fit=670%2C365&ssl=1\" class=\"yoast-seo-meta-tag\" \/>\n\t<meta property=\"og:image:width\" content=\"670\" class=\"yoast-seo-meta-tag\" \/>\n\t<meta property=\"og:image:height\" content=\"365\" class=\"yoast-seo-meta-tag\" \/>\n\t<meta property=\"og:image:type\" content=\"image\/jpeg\" class=\"yoast-seo-meta-tag\" \/>\n<meta name=\"author\" content=\"dorogimedence.hu\" class=\"yoast-seo-meta-tag\" \/>\n<meta name=\"twitter:card\" content=\"summary_large_image\" class=\"yoast-seo-meta-tag\" \/>\n<meta name=\"twitter:label1\" content=\"Szerz\u0151:\" class=\"yoast-seo-meta-tag\" \/>\n\t<meta name=\"twitter:data1\" content=\"dorogimedence.hu\" class=\"yoast-seo-meta-tag\" \/>\n\t<meta name=\"twitter:label2\" content=\"Becs\u00fclt olvas\u00e1si id\u0151\" class=\"yoast-seo-meta-tag\" \/>\n\t<meta name=\"twitter:data2\" content=\"2 perc\" class=\"yoast-seo-meta-tag\" \/>\n<script type=\"application\/ld+json\" class=\"yoast-schema-graph\">{\"@context\":\"https:\\\/\\\/schema.org\",\"@graph\":[{\"@type\":\"Article\",\"@id\":\"https:\\\/\\\/dorogimedence.hu\\\/index.php\\\/2020\\\/08\\\/27\\\/ittasan-utott-el-egy-motorost-dorogon\\\/#article\",\"isPartOf\":{\"@id\":\"https:\\\/\\\/dorogimedence.hu\\\/index.php\\\/2020\\\/08\\\/27\\\/ittasan-utott-el-egy-motorost-dorogon\\\/\"},\"author\":{\"name\":\"dorogimedence.hu\",\"@id\":\"https:\\\/\\\/dorogimedence.hu\\\/#\\\/schema\\\/person\\\/ce6091eeb7e95ecdc87890d6aa8e0fd4\"},\"headline\":\"Ittasan \u00fct\u00f6tt el egy motorost Dorogon\",\"datePublished\":\"2020-08-27T09:26:28+00:00\",\"dateModified\":\"2020-08-27T09:26:52+00:00\",\"mainEntityOfPage\":{\"@id\":\"https:\\\/\\\/dorogimedence.hu\\\/index.php\\\/2020\\\/08\\\/27\\\/ittasan-utott-el-egy-motorost-dorogon\\\/\"},\"wordCount\":368,\"publisher\":{\"@id\":\"https:\\\/\\\/dorogimedence.hu\\\/#organization\"},\"keywords\":[\"baleset\",\"b\u00edr\u00f3s\u00e1g\",\"Dorog\",\"ittas vezet\u00e9s\",\"rend\u0151rs\u00e9gi h\u00edrek\",\"\u00fcgy\u00e9szs\u00e9g\"],\"articleSection\":[\"Dorog\",\"H\u00edrek\",\"K\u00e9k h\u00edrek\"],\"inLanguage\":\"hu\"},{\"@type\":\"WebPage\",\"@id\":\"https:\\\/\\\/dorogimedence.hu\\\/index.php\\\/2020\\\/08\\\/27\\\/ittasan-utott-el-egy-motorost-dorogon\\\/\",\"url\":\"https:\\\/\\\/dorogimedence.hu\\\/index.php\\\/2020\\\/08\\\/27\\\/ittasan-utott-el-egy-motorost-dorogon\\\/\",\"name\":\"Ittasan \u00fct\u00f6tt el egy motorost Dorogon\",\"isPartOf\":{\"@id\":\"https:\\\/\\\/dorogimedence.hu\\\/#website\"},\"datePublished\":\"2020-08-27T09:26:28+00:00\",\"dateModified\":\"2020-08-27T09:26:52+00:00\",\"breadcrumb\":{\"@id\":\"https:\\\/\\\/dorogimedence.hu\\\/index.php\\\/2020\\\/08\\\/27\\\/ittasan-utott-el-egy-motorost-dorogon\\\/#breadcrumb\"},\"inLanguage\":\"hu\",\"potentialAction\":[{\"@type\":\"ReadAction\",\"target\":[\"https:\\\/\\\/dorogimedence.hu\\\/index.php\\\/2020\\\/08\\\/27\\\/ittasan-utott-el-egy-motorost-dorogon\\\/\"]}]},{\"@type\":\"BreadcrumbList\",\"@id\":\"https:\\\/\\\/dorogimedence.hu\\\/index.php\\\/2020\\\/08\\\/27\\\/ittasan-utott-el-egy-motorost-dorogon\\\/#breadcrumb\",\"itemListElement\":[{\"@type\":\"ListItem\",\"position\":1,\"name\":\"Kezd\u0151lap\",\"item\":\"https:\\\/\\\/dorogimedence.hu\\\/\"},{\"@type\":\"ListItem\",\"position\":2,\"name\":\"Ittasan \u00fct\u00f6tt el egy motorost Dorogon\"}]},{\"@type\":\"WebSite\",\"@id\":\"https:\\\/\\\/dorogimedence.hu\\\/#website\",\"url\":\"https:\\\/\\\/dorogimedence.hu\\\/\",\"name\":\"Dorogi-medence Region\u00e1lis H\u00edrport\u00e1l\",\"description\":\"Dorog, Keszt\u00f6lc, Le\u00e1nyv\u00e1r, Piliscs\u00e9v, Tokod, Tokodalt\u00e1r\u00f3, Csolnok, Esztergom-kertv\u00e1ros: h\u00edrek, programok\",\"publisher\":{\"@id\":\"https:\\\/\\\/dorogimedence.hu\\\/#organization\"},\"potentialAction\":[{\"@type\":\"SearchAction\",\"target\":{\"@type\":\"EntryPoint\",\"urlTemplate\":\"https:\\\/\\\/dorogimedence.hu\\\/?s={search_term_string}\"},\"query-input\":{\"@type\":\"PropertyValueSpecification\",\"valueRequired\":true,\"valueName\":\"search_term_string\"}}],\"inLanguage\":\"hu\"},{\"@type\":\"Organization\",\"@id\":\"https:\\\/\\\/dorogimedence.hu\\\/#organization\",\"name\":\"Dorogi-medence Region\u00e1lis H\u00edrport\u00e1l\",\"url\":\"https:\\\/\\\/dorogimedence.hu\\\/\",\"logo\":{\"@type\":\"ImageObject\",\"inLanguage\":\"hu\",\"@id\":\"https:\\\/\\\/dorogimedence.hu\\\/#\\\/schema\\\/logo\\\/image\\\/\",\"url\":\"https:\\\/\\\/dorogimedence.hu\\\/wp-content\\\/uploads\\\/2021\\\/04\\\/logo-feher-600.png\",\"contentUrl\":\"https:\\\/\\\/dorogimedence.hu\\\/wp-content\\\/uploads\\\/2021\\\/04\\\/logo-feher-600.png\",\"width\":600,\"height\":100,\"caption\":\"Dorogi-medence Region\u00e1lis H\u00edrport\u00e1l\"},\"image\":{\"@id\":\"https:\\\/\\\/dorogimedence.hu\\\/#\\\/schema\\\/logo\\\/image\\\/\"},\"sameAs\":[\"https:\\\/\\\/www.facebook.com\\\/dorogimedence\\\/\"]},{\"@type\":\"Person\",\"@id\":\"https:\\\/\\\/dorogimedence.hu\\\/#\\\/schema\\\/person\\\/ce6091eeb7e95ecdc87890d6aa8e0fd4\",\"name\":\"dorogimedence.hu\",\"image\":{\"@type\":\"ImageObject\",\"inLanguage\":\"hu\",\"@id\":\"\\\/\\\/www.gravatar.com\\\/avatar\\\/d8d45f8901aadff40a4af72c0b826f1d?s=96&#038;r=g&#038;d=mm\",\"url\":\"\\\/\\\/www.gravatar.com\\\/avatar\\\/d8d45f8901aadff40a4af72c0b826f1d?s=96&#038;r=g&#038;d=mm\",\"contentUrl\":\"\\\/\\\/www.gravatar.com\\\/avatar\\\/d8d45f8901aadff40a4af72c0b826f1d?s=96&#038;r=g&#038;d=mm\",\"caption\":\"dorogimedence.hu\"}}]}<\/script>\n<!-- \/ Yoast SEO plugin. -->","yoast_head_json":{"title":"Ittasan \u00fct\u00f6tt el egy motorost Dorogon","robots":{"index":"index","follow":"follow","max-snippet":"max-snippet:-1","max-image-preview":"max-image-preview:large","max-video-preview":"max-video-preview:-1"},"canonical":"https:\/\/dorogimedence.hu\/index.php\/2020\/08\/27\/ittasan-utott-el-egy-motorost-dorogon\/","og_locale":"hu_HU","og_type":"article","og_title":"Ittasan \u00fct\u00f6tt el egy motorost Dorogon","og_description":"V\u00e1dat emeltek az a f\u00e9rfi ellen, aki jogos\u00edtv\u00e1ny n\u00e9lk\u00fcl aut\u00f3j\u00e1val, ittas \u00e1llapotban egy motorost el\u00fct\u00f6tt, majd a szalagkorl\u00e1tnak \u00fctk\u00f6z\u00f6tt m\u00e1jus v\u00e9g\u00e9n Dorogon. A v\u00e1dirat szerint a f\u00e9rfi vezet\u0151i enged\u00e9llyel nem rendelkezik, 2020. m\u00e1jus 30. napj\u00e1n kora d\u00e9lut\u00e1n&nbsp;Dorogon a B\u00e9csi \u00faton a Csolnoki \u00fat ir\u00e1ny\u00e1ba ittas \u00e1llapotban vezetett egy szem\u00e9lyg\u00e9pkocsit. A v\u00e1dlott a Csolnoki \u00fatra kanyarod\u00e1st","og_url":"https:\/\/dorogimedence.hu\/index.php\/2020\/08\/27\/ittasan-utott-el-egy-motorost-dorogon\/","og_site_name":"Dorogi-medence Region\u00e1lis H\u00edrport\u00e1l","article_publisher":"https:\/\/www.facebook.com\/dorogimedence\/","article_published_time":"2020-08-27T09:26:28+00:00","article_modified_time":"2020-08-27T09:26:52+00:00","og_image":[{"width":670,"height":365,"url":"https:\/\/i0.wp.com\/dorogimedence.hu\/wp-content\/uploads\/2017\/06\/birosag.jpg?fit=670%2C365&ssl=1","type":"image\/jpeg"}],"author":"dorogimedence.hu","twitter_card":"summary_large_image","twitter_misc":{"Szerz\u0151:":"dorogimedence.hu","Becs\u00fclt olvas\u00e1si id\u0151":"2 perc"},"schema":{"@context":"https:\/\/schema.org","@graph":[{"@type":"Article","@id":"https:\/\/dorogimedence.hu\/index.php\/2020\/08\/27\/ittasan-utott-el-egy-motorost-dorogon\/#article","isPartOf":{"@id":"https:\/\/dorogimedence.hu\/index.php\/2020\/08\/27\/ittasan-utott-el-egy-motorost-dorogon\/"},"author":{"name":"dorogimedence.hu","@id":"https:\/\/dorogimedence.hu\/#\/schema\/person\/ce6091eeb7e95ecdc87890d6aa8e0fd4"},"headline":"Ittasan \u00fct\u00f6tt el egy motorost Dorogon","datePublished":"2020-08-27T09:26:28+00:00","dateModified":"2020-08-27T09:26:52+00:00","mainEntityOfPage":{"@id":"https:\/\/dorogimedence.hu\/index.php\/2020\/08\/27\/ittasan-utott-el-egy-motorost-dorogon\/"},"wordCount":368,"publisher":{"@id":"https:\/\/dorogimedence.hu\/#organization"},"keywords":["baleset","b\u00edr\u00f3s\u00e1g","Dorog","ittas vezet\u00e9s","rend\u0151rs\u00e9gi h\u00edrek","\u00fcgy\u00e9szs\u00e9g"],"articleSection":["Dorog","H\u00edrek","K\u00e9k h\u00edrek"],"inLanguage":"hu"},{"@type":"WebPage","@id":"https:\/\/dorogimedence.hu\/index.php\/2020\/08\/27\/ittasan-utott-el-egy-motorost-dorogon\/","url":"https:\/\/dorogimedence.hu\/index.php\/2020\/08\/27\/ittasan-utott-el-egy-motorost-dorogon\/","name":"Ittasan \u00fct\u00f6tt el egy motorost Dorogon","isPartOf":{"@id":"https:\/\/dorogimedence.hu\/#website"},"datePublished":"2020-08-27T09:26:28+00:00","dateModified":"2020-08-27T09:26:52+00:00","breadcrumb":{"@id":"https:\/\/dorogimedence.hu\/index.php\/2020\/08\/27\/ittasan-utott-el-egy-motorost-dorogon\/#breadcrumb"},"inLanguage":"hu","potentialAction":[{"@type":"ReadAction","target":["https:\/\/dorogimedence.hu\/index.php\/2020\/08\/27\/ittasan-utott-el-egy-motorost-dorogon\/"]}]},{"@type":"BreadcrumbList","@id":"https:\/\/dorogimedence.hu\/index.php\/2020\/08\/27\/ittasan-utott-el-egy-motorost-dorogon\/#breadcrumb","itemListElement":[{"@type":"ListItem","position":1,"name":"Kezd\u0151lap","item":"https:\/\/dorogimedence.hu\/"},{"@type":"ListItem","position":2,"name":"Ittasan \u00fct\u00f6tt el egy motorost Dorogon"}]},{"@type":"WebSite","@id":"https:\/\/dorogimedence.hu\/#website","url":"https:\/\/dorogimedence.hu\/","name":"Dorogi-medence Region\u00e1lis H\u00edrport\u00e1l","description":"Dorog, Keszt\u00f6lc, Le\u00e1nyv\u00e1r, Piliscs\u00e9v, Tokod, Tokodalt\u00e1r\u00f3, Csolnok, Esztergom-kertv\u00e1ros: h\u00edrek, programok","publisher":{"@id":"https:\/\/dorogimedence.hu\/#organization"},"potentialAction":[{"@type":"SearchAction","target":{"@type":"EntryPoint","urlTemplate":"https:\/\/dorogimedence.hu\/?s={search_term_string}"},"query-input":{"@type":"PropertyValueSpecification","valueRequired":true,"valueName":"search_term_string"}}],"inLanguage":"hu"},{"@type":"Organization","@id":"https:\/\/dorogimedence.hu\/#organization","name":"Dorogi-medence Region\u00e1lis H\u00edrport\u00e1l","url":"https:\/\/dorogimedence.hu\/","logo":{"@type":"ImageObject","inLanguage":"hu","@id":"https:\/\/dorogimedence.hu\/#\/schema\/logo\/image\/","url":"https:\/\/dorogimedence.hu\/wp-content\/uploads\/2021\/04\/logo-feher-600.png","contentUrl":"https:\/\/dorogimedence.hu\/wp-content\/uploads\/2021\/04\/logo-feher-600.png","width":600,"height":100,"caption":"Dorogi-medence Region\u00e1lis H\u00edrport\u00e1l"},"image":{"@id":"https:\/\/dorogimedence.hu\/#\/schema\/logo\/image\/"},"sameAs":["https:\/\/www.facebook.com\/dorogimedence\/"]},{"@type":"Person","@id":"https:\/\/dorogimedence.hu\/#\/schema\/person\/ce6091eeb7e95ecdc87890d6aa8e0fd4","name":"dorogimedence.hu","image":{"@type":"ImageObject","inLanguage":"hu","@id":"\/\/www.gravatar.com\/avatar\/d8d45f8901aadff40a4af72c0b826f1d?s=96&#038;r=g&#038;d=mm","url":"\/\/www.gravatar.com\/avatar\/d8d45f8901aadff40a4af72c0b826f1d?s=96&#038;r=g&#038;d=mm","contentUrl":"\/\/www.gravatar.com\/avatar\/d8d45f8901aadff40a4af72c0b826f1d?s=96&#038;r=g&#038;d=mm","caption":"dorogimedence.hu"}}]}},"_links":{"self":[{"href":"https:\/\/dorogimedence.hu\/index.php\/wp-json\/wp\/v2\/posts\/26968","targetHints":{"allow":["GET"]}}],"collection":[{"href":"https:\/\/dorogimedence.hu\/index.php\/wp-json\/wp\/v2\/posts"}],"about":[{"href":"https:\/\/dorogimedence.hu\/index.php\/wp-json\/wp\/v2\/types\/post"}],"author":[{"embeddable":true,"href":"https:\/\/dorogimedence.hu\/index.php\/wp-json\/wp\/v2\/users\/1"}],"replies":[{"embeddable":true,"href":"https:\/\/dorogimedence.hu\/index.php\/wp-json\/wp\/v2\/comments?post=26968"}],"version-history":[{"count":0,"href":"https:\/\/dorogimedence.hu\/index.php\/wp-json\/wp\/v2\/posts\/26968\/revisions"}],"wp:attachment":[{"href":"https:\/\/dorogimedence.hu\/index.php\/wp-json\/wp\/v2\/media?parent=26968"}],"wp:term":[{"taxonomy":"category","embeddable":true,"href":"https:\/\/dorogimedence.hu\/index.php\/wp-json\/wp\/v2\/categories?post=26968"},{"taxonomy":"post_tag","embeddable":true,"href":"https:\/\/dorogimedence.hu\/index.php\/wp-json\/wp\/v2\/tags?post=26968"}],"curies":[{"name":"wp","href":"https:\/\/api.w.org\/{rel}","templated":true}]}}