{"id":2690,"date":"2017-04-28T14:40:47","date_gmt":"2017-04-28T12:40:47","guid":{"rendered":"http:\/\/dorogimedence.hu\/?p=2690"},"modified":"2017-04-28T14:40:47","modified_gmt":"2017-04-28T12:40:47","slug":"ujra-jarhatoak-a-pilisi-turistautak","status":"publish","type":"post","link":"https:\/\/dorogimedence.hu\/index.php\/2017\/04\/28\/ujra-jarhatoak-a-pilisi-turistautak\/","title":{"rendered":"\u00dajra j\u00e1rhat\u00f3ak a pilisi turistautak"},"content":{"rendered":"<p><strong>A tavaszias, kis hidegfronttal kecsegtet\u0151 hossz\u00fa h\u00e9tv\u00e9ge el\u0151tt a Pilisi Parkerd\u0151 Zrt. \u00f6r\u00f6mmel tudatja a term\u00e9szetj\u00e1r\u00f3 t\u00e1rsadalommal, hogy a m\u00falt heti extr\u00e9m csapad\u00e9k- \u00e9s h\u00f3helyzet miatt lez\u00e1rt turistautak t\u00f6bbs\u00e9g\u00e9t az erd\u0151gazdas\u00e1g munkat\u00e1rsai m\u00e1r megtiszt\u00edtott\u00e1k, \u00edgy a m\u00falt h\u00e9ten kiadott lez\u00e1r\u00e1st feloldj\u00e1k.<\/strong><\/p>\n<p>A k\u00e1rok felm\u00e9r\u00e9se jelenleg is zajlik. A k\u00f6zleked\u00e9s a kor\u00e1bban eml\u00edtett \u00fatvonalakon m\u00e1r nem balesetvesz\u00e9lyes, az Orsz\u00e1gos K\u00e9kt\u00fara \u00e9rintett szakaszai is \u00fajra j\u00e1rhat\u00f3ak.<\/p>\n<p><strong><span style=\"color: #ff0000;\">A m\u00falt h\u00e9ten lez\u00e1rt \u00fatvonalak k\u00f6z\u00fcl egyed\u00fcl a R\u00e1m-szakad\u00e9k marad tov\u00e1bbra is lez\u00e1rva.<\/span><\/strong> A n\u00e9pszer\u0171 \u00fatvonal tov\u00e1bbi helyre\u00e1ll\u00edt\u00e1si munk\u00e1latai v\u00e1rhat\u00f3an a j\u00f6v\u0151 h\u00e9t v\u00e9g\u00e9ig tartanak majd.<\/p>\n<p>Azonban a lez\u00e1rt turistautak felold\u00e1s\u00e1t\u00f3l f\u00fcggetlen\u00fcl se feledj\u00fck: a term\u00e9szetj\u00e1r\u00e1s csak odafigyel\u00e9ssel \u00e9s tudatos, felel\u0151ss\u00e9gteljes hozz\u00e1\u00e1ll\u00e1ssal lehet igaz\u00e1n \u00f6r\u00f6mteli id\u0151t\u00f6lt\u00e9s, \u00edgy mindenk\u00e9ppen \u00e9rdemes betartani n\u00e9h\u00e1ny aranyszab\u00e1lyt. B\u0151vebben err\u0151l a <a href=\"http:\/\/www.parkerdo.hu\/index.php?pg=news_1_1180\" target=\"_blank\" rel=\"noopener noreferrer\"><span style=\"text-decoration: underline; color: #0000ff;\">Pilisi Parkerd\u0151 honlapj\u00e1n<\/span><\/a> lehet t\u00e1j\u00e9koz\u00f3dni!<\/p>\n<p>Az al\u00e1bbi webkamer\u00e1k felv\u00e9teleit megtekintve pedig mindenki k\u00f6nnyed\u00e9n leellen\u0151rizheti, hogy sok sz\u00e1z m\u00e9ter magasan \u00e9ppen milyen id\u0151j\u00e1r\u00e1sra lehet sz\u00e1m\u00edtani, \u00edgy a kir\u00e1ndul\u00f3k megalapozottabb, k\u00f6r\u00fcltekint\u0151bb d\u00f6nt\u00e9st hozhatnak a kir\u00e1ndul\u00e1st, erd\u0151j\u00e1r\u00e1st illet\u0151en.<\/p>\n<p><span style=\"text-decoration: underline;\"><span style=\"color: #0000ff; text-decoration: underline;\"><a style=\"color: #0000ff; text-decoration: underline;\" href=\"https:\/\/www.idokep.hu\/webkamera\/nagyatilla84\" target=\"_blank\" rel=\"noopener noreferrer\">H\u00e1rmashat\u00e1r-hegy (495 m)&gt;&gt;<br \/>\n<\/a><\/span><\/span><span style=\"text-decoration: underline; color: #0000ff;\"><a style=\"color: #0000ff; text-decoration: underline;\" href=\"https:\/\/www.idokep.hu\/webkamera\/predikaloszek\" target=\"_blank\" rel=\"noopener noreferrer\">Pr\u00e9dik\u00e1l\u00f3sz\u00e9k (639 m)&gt;&gt;<br \/>\n<\/a><\/span><span style=\"text-decoration: underline;\"><span style=\"color: #0000ff; text-decoration: underline;\"><a style=\"color: #0000ff; text-decoration: underline;\" href=\"https:\/\/www.idokep.hu\/webkamera\/pilismeteor1\" target=\"_blank\" rel=\"noopener noreferrer\">Pilis-tet\u0151 (756 m)&gt;&gt;<\/a><\/span><\/span><\/p>\n<p><em>Forr\u00e1s: Pilisi Parkerd\u0151 Zrt.<br \/>\nFot\u00f3: kirandulastippek.hu<\/em><\/p>\n","protected":false},"excerpt":{"rendered":"<p>A tavaszias, kis hidegfronttal kecsegtet\u0151 hossz\u00fa h\u00e9tv\u00e9ge el\u0151tt a Pilisi Parkerd\u0151 Zrt. \u00f6r\u00f6mmel tudatja a term\u00e9szetj\u00e1r\u00f3 t\u00e1rsadalommal, hogy a m\u00falt heti extr\u00e9m csapad\u00e9k- \u00e9s h\u00f3helyzet miatt lez\u00e1rt turistautak t\u00f6bbs\u00e9g\u00e9t az erd\u0151gazdas\u00e1g munkat\u00e1rsai m\u00e1r megtiszt\u00edtott\u00e1k, \u00edgy a m\u00falt h\u00e9ten kiadott lez\u00e1r\u00e1st feloldj\u00e1k. A k\u00e1rok felm\u00e9r\u00e9se jelenleg is zajlik. A k\u00f6zleked\u00e9s a kor\u00e1bban eml\u00edtett \u00fatvonalakon m\u00e1r nem<\/p>\n","protected":false},"author":1,"featured_media":2691,"comment_status":"closed","ping_status":"closed","sticky":false,"template":"","format":"standard","meta":{"ngg_post_thumbnail":0,"footnotes":""},"categories":[3],"tags":[121,151,122,889,274],"class_list":{"0":"post-2690","1":"post","2":"type-post","3":"status-publish","4":"format-standard","5":"has-post-thumbnail","7":"category-hirek","8":"tag-kirandulas","9":"tag-pilis","10":"tag-pilisi-parkerdo","11":"tag-turistautak","12":"tag-turizmus"},"yoast_head":"<!-- This site is optimized with the Yoast SEO plugin v27.5 - https:\/\/yoast.com\/product\/yoast-seo-wordpress\/ -->\n<title>\u00dajra j\u00e1rhat\u00f3ak a pilisi turistautak<\/title>\n<meta name=\"robots\" content=\"index, follow, max-snippet:-1, max-image-preview:large, max-video-preview:-1\" \/>\n<link rel=\"canonical\" href=\"https:\/\/dorogimedence.hu\/index.php\/2017\/04\/28\/ujra-jarhatoak-a-pilisi-turistautak\/\" class=\"yoast-seo-meta-tag\" \/>\n<meta property=\"og:locale\" content=\"hu_HU\" class=\"yoast-seo-meta-tag\" \/>\n<meta property=\"og:type\" content=\"article\" class=\"yoast-seo-meta-tag\" \/>\n<meta property=\"og:title\" content=\"\u00dajra j\u00e1rhat\u00f3ak a pilisi turistautak\" class=\"yoast-seo-meta-tag\" \/>\n<meta property=\"og:description\" content=\"A tavaszias, kis hidegfronttal kecsegtet\u0151 hossz\u00fa h\u00e9tv\u00e9ge el\u0151tt a Pilisi Parkerd\u0151 Zrt. \u00f6r\u00f6mmel tudatja a term\u00e9szetj\u00e1r\u00f3 t\u00e1rsadalommal, hogy a m\u00falt heti extr\u00e9m csapad\u00e9k- \u00e9s h\u00f3helyzet miatt lez\u00e1rt turistautak t\u00f6bbs\u00e9g\u00e9t az erd\u0151gazdas\u00e1g munkat\u00e1rsai m\u00e1r megtiszt\u00edtott\u00e1k, \u00edgy a m\u00falt h\u00e9ten kiadott lez\u00e1r\u00e1st feloldj\u00e1k. A k\u00e1rok felm\u00e9r\u00e9se jelenleg is zajlik. A k\u00f6zleked\u00e9s a kor\u00e1bban eml\u00edtett \u00fatvonalakon m\u00e1r nem\" class=\"yoast-seo-meta-tag\" \/>\n<meta property=\"og:url\" content=\"https:\/\/dorogimedence.hu\/index.php\/2017\/04\/28\/ujra-jarhatoak-a-pilisi-turistautak\/\" class=\"yoast-seo-meta-tag\" \/>\n<meta property=\"og:site_name\" content=\"Dorogi-medence Region\u00e1lis H\u00edrport\u00e1l\" class=\"yoast-seo-meta-tag\" \/>\n<meta property=\"article:publisher\" content=\"https:\/\/www.facebook.com\/dorogimedence\/\" class=\"yoast-seo-meta-tag\" \/>\n<meta property=\"article:published_time\" content=\"2017-04-28T12:40:47+00:00\" class=\"yoast-seo-meta-tag\" \/>\n<meta property=\"og:image\" content=\"https:\/\/i0.wp.com\/dorogimedence.hu\/wp-content\/uploads\/2017\/04\/pilisteto.jpg?fit=670%2C365&ssl=1\" class=\"yoast-seo-meta-tag\" \/>\n\t<meta property=\"og:image:width\" content=\"670\" class=\"yoast-seo-meta-tag\" \/>\n\t<meta property=\"og:image:height\" content=\"365\" class=\"yoast-seo-meta-tag\" \/>\n\t<meta property=\"og:image:type\" content=\"image\/jpeg\" class=\"yoast-seo-meta-tag\" \/>\n<meta name=\"author\" content=\"dorogimedence.hu\" class=\"yoast-seo-meta-tag\" \/>\n<meta name=\"twitter:card\" content=\"summary_large_image\" class=\"yoast-seo-meta-tag\" \/>\n<meta name=\"twitter:label1\" content=\"Szerz\u0151:\" class=\"yoast-seo-meta-tag\" \/>\n\t<meta name=\"twitter:data1\" content=\"dorogimedence.hu\" class=\"yoast-seo-meta-tag\" \/>\n\t<meta name=\"twitter:label2\" content=\"Becs\u00fclt olvas\u00e1si id\u0151\" class=\"yoast-seo-meta-tag\" \/>\n\t<meta name=\"twitter:data2\" content=\"1 perc\" class=\"yoast-seo-meta-tag\" \/>\n<script type=\"application\/ld+json\" class=\"yoast-schema-graph\">{\"@context\":\"https:\\\/\\\/schema.org\",\"@graph\":[{\"@type\":\"Article\",\"@id\":\"https:\\\/\\\/dorogimedence.hu\\\/index.php\\\/2017\\\/04\\\/28\\\/ujra-jarhatoak-a-pilisi-turistautak\\\/#article\",\"isPartOf\":{\"@id\":\"https:\\\/\\\/dorogimedence.hu\\\/index.php\\\/2017\\\/04\\\/28\\\/ujra-jarhatoak-a-pilisi-turistautak\\\/\"},\"author\":{\"name\":\"dorogimedence.hu\",\"@id\":\"https:\\\/\\\/dorogimedence.hu\\\/#\\\/schema\\\/person\\\/ce6091eeb7e95ecdc87890d6aa8e0fd4\"},\"headline\":\"\u00dajra j\u00e1rhat\u00f3ak a pilisi turistautak\",\"datePublished\":\"2017-04-28T12:40:47+00:00\",\"mainEntityOfPage\":{\"@id\":\"https:\\\/\\\/dorogimedence.hu\\\/index.php\\\/2017\\\/04\\\/28\\\/ujra-jarhatoak-a-pilisi-turistautak\\\/\"},\"wordCount\":305,\"publisher\":{\"@id\":\"https:\\\/\\\/dorogimedence.hu\\\/#organization\"},\"image\":{\"@id\":\"https:\\\/\\\/dorogimedence.hu\\\/index.php\\\/2017\\\/04\\\/28\\\/ujra-jarhatoak-a-pilisi-turistautak\\\/#primaryimage\"},\"thumbnailUrl\":\"https:\\\/\\\/dorogimedence.hu\\\/wp-content\\\/uploads\\\/2017\\\/04\\\/pilisteto.jpg\",\"keywords\":[\"kir\u00e1ndul\u00e1s\",\"Pilis\",\"Pilisi Parkerd\u0151\",\"turistautak\",\"turizmus\"],\"articleSection\":[\"H\u00edrek\"],\"inLanguage\":\"hu\"},{\"@type\":\"WebPage\",\"@id\":\"https:\\\/\\\/dorogimedence.hu\\\/index.php\\\/2017\\\/04\\\/28\\\/ujra-jarhatoak-a-pilisi-turistautak\\\/\",\"url\":\"https:\\\/\\\/dorogimedence.hu\\\/index.php\\\/2017\\\/04\\\/28\\\/ujra-jarhatoak-a-pilisi-turistautak\\\/\",\"name\":\"\u00dajra j\u00e1rhat\u00f3ak a pilisi turistautak\",\"isPartOf\":{\"@id\":\"https:\\\/\\\/dorogimedence.hu\\\/#website\"},\"primaryImageOfPage\":{\"@id\":\"https:\\\/\\\/dorogimedence.hu\\\/index.php\\\/2017\\\/04\\\/28\\\/ujra-jarhatoak-a-pilisi-turistautak\\\/#primaryimage\"},\"image\":{\"@id\":\"https:\\\/\\\/dorogimedence.hu\\\/index.php\\\/2017\\\/04\\\/28\\\/ujra-jarhatoak-a-pilisi-turistautak\\\/#primaryimage\"},\"thumbnailUrl\":\"https:\\\/\\\/dorogimedence.hu\\\/wp-content\\\/uploads\\\/2017\\\/04\\\/pilisteto.jpg\",\"datePublished\":\"2017-04-28T12:40:47+00:00\",\"breadcrumb\":{\"@id\":\"https:\\\/\\\/dorogimedence.hu\\\/index.php\\\/2017\\\/04\\\/28\\\/ujra-jarhatoak-a-pilisi-turistautak\\\/#breadcrumb\"},\"inLanguage\":\"hu\",\"potentialAction\":[{\"@type\":\"ReadAction\",\"target\":[\"https:\\\/\\\/dorogimedence.hu\\\/index.php\\\/2017\\\/04\\\/28\\\/ujra-jarhatoak-a-pilisi-turistautak\\\/\"]}]},{\"@type\":\"ImageObject\",\"inLanguage\":\"hu\",\"@id\":\"https:\\\/\\\/dorogimedence.hu\\\/index.php\\\/2017\\\/04\\\/28\\\/ujra-jarhatoak-a-pilisi-turistautak\\\/#primaryimage\",\"url\":\"https:\\\/\\\/dorogimedence.hu\\\/wp-content\\\/uploads\\\/2017\\\/04\\\/pilisteto.jpg\",\"contentUrl\":\"https:\\\/\\\/dorogimedence.hu\\\/wp-content\\\/uploads\\\/2017\\\/04\\\/pilisteto.jpg\",\"width\":670,\"height\":365},{\"@type\":\"BreadcrumbList\",\"@id\":\"https:\\\/\\\/dorogimedence.hu\\\/index.php\\\/2017\\\/04\\\/28\\\/ujra-jarhatoak-a-pilisi-turistautak\\\/#breadcrumb\",\"itemListElement\":[{\"@type\":\"ListItem\",\"position\":1,\"name\":\"Kezd\u0151lap\",\"item\":\"https:\\\/\\\/dorogimedence.hu\\\/\"},{\"@type\":\"ListItem\",\"position\":2,\"name\":\"\u00dajra j\u00e1rhat\u00f3ak a pilisi turistautak\"}]},{\"@type\":\"WebSite\",\"@id\":\"https:\\\/\\\/dorogimedence.hu\\\/#website\",\"url\":\"https:\\\/\\\/dorogimedence.hu\\\/\",\"name\":\"Dorogi-medence Region\u00e1lis H\u00edrport\u00e1l\",\"description\":\"Dorog, Keszt\u00f6lc, Le\u00e1nyv\u00e1r, Piliscs\u00e9v, Tokod, Tokodalt\u00e1r\u00f3, Csolnok, Esztergom-kertv\u00e1ros: h\u00edrek, programok\",\"publisher\":{\"@id\":\"https:\\\/\\\/dorogimedence.hu\\\/#organization\"},\"potentialAction\":[{\"@type\":\"SearchAction\",\"target\":{\"@type\":\"EntryPoint\",\"urlTemplate\":\"https:\\\/\\\/dorogimedence.hu\\\/?s={search_term_string}\"},\"query-input\":{\"@type\":\"PropertyValueSpecification\",\"valueRequired\":true,\"valueName\":\"search_term_string\"}}],\"inLanguage\":\"hu\"},{\"@type\":\"Organization\",\"@id\":\"https:\\\/\\\/dorogimedence.hu\\\/#organization\",\"name\":\"Dorogi-medence Region\u00e1lis H\u00edrport\u00e1l\",\"url\":\"https:\\\/\\\/dorogimedence.hu\\\/\",\"logo\":{\"@type\":\"ImageObject\",\"inLanguage\":\"hu\",\"@id\":\"https:\\\/\\\/dorogimedence.hu\\\/#\\\/schema\\\/logo\\\/image\\\/\",\"url\":\"https:\\\/\\\/dorogimedence.hu\\\/wp-content\\\/uploads\\\/2021\\\/04\\\/logo-feher-600.png\",\"contentUrl\":\"https:\\\/\\\/dorogimedence.hu\\\/wp-content\\\/uploads\\\/2021\\\/04\\\/logo-feher-600.png\",\"width\":600,\"height\":100,\"caption\":\"Dorogi-medence Region\u00e1lis H\u00edrport\u00e1l\"},\"image\":{\"@id\":\"https:\\\/\\\/dorogimedence.hu\\\/#\\\/schema\\\/logo\\\/image\\\/\"},\"sameAs\":[\"https:\\\/\\\/www.facebook.com\\\/dorogimedence\\\/\"]},{\"@type\":\"Person\",\"@id\":\"https:\\\/\\\/dorogimedence.hu\\\/#\\\/schema\\\/person\\\/ce6091eeb7e95ecdc87890d6aa8e0fd4\",\"name\":\"dorogimedence.hu\",\"image\":{\"@type\":\"ImageObject\",\"inLanguage\":\"hu\",\"@id\":\"\\\/\\\/www.gravatar.com\\\/avatar\\\/d8d45f8901aadff40a4af72c0b826f1d?s=96&#038;r=g&#038;d=mm\",\"url\":\"\\\/\\\/www.gravatar.com\\\/avatar\\\/d8d45f8901aadff40a4af72c0b826f1d?s=96&#038;r=g&#038;d=mm\",\"contentUrl\":\"\\\/\\\/www.gravatar.com\\\/avatar\\\/d8d45f8901aadff40a4af72c0b826f1d?s=96&#038;r=g&#038;d=mm\",\"caption\":\"dorogimedence.hu\"}}]}<\/script>\n<!-- \/ Yoast SEO plugin. -->","yoast_head_json":{"title":"\u00dajra j\u00e1rhat\u00f3ak a pilisi turistautak","robots":{"index":"index","follow":"follow","max-snippet":"max-snippet:-1","max-image-preview":"max-image-preview:large","max-video-preview":"max-video-preview:-1"},"canonical":"https:\/\/dorogimedence.hu\/index.php\/2017\/04\/28\/ujra-jarhatoak-a-pilisi-turistautak\/","og_locale":"hu_HU","og_type":"article","og_title":"\u00dajra j\u00e1rhat\u00f3ak a pilisi turistautak","og_description":"A tavaszias, kis hidegfronttal kecsegtet\u0151 hossz\u00fa h\u00e9tv\u00e9ge el\u0151tt a Pilisi Parkerd\u0151 Zrt. \u00f6r\u00f6mmel tudatja a term\u00e9szetj\u00e1r\u00f3 t\u00e1rsadalommal, hogy a m\u00falt heti extr\u00e9m csapad\u00e9k- \u00e9s h\u00f3helyzet miatt lez\u00e1rt turistautak t\u00f6bbs\u00e9g\u00e9t az erd\u0151gazdas\u00e1g munkat\u00e1rsai m\u00e1r megtiszt\u00edtott\u00e1k, \u00edgy a m\u00falt h\u00e9ten kiadott lez\u00e1r\u00e1st feloldj\u00e1k. A k\u00e1rok felm\u00e9r\u00e9se jelenleg is zajlik. A k\u00f6zleked\u00e9s a kor\u00e1bban eml\u00edtett \u00fatvonalakon m\u00e1r nem","og_url":"https:\/\/dorogimedence.hu\/index.php\/2017\/04\/28\/ujra-jarhatoak-a-pilisi-turistautak\/","og_site_name":"Dorogi-medence Region\u00e1lis H\u00edrport\u00e1l","article_publisher":"https:\/\/www.facebook.com\/dorogimedence\/","article_published_time":"2017-04-28T12:40:47+00:00","og_image":[{"width":670,"height":365,"url":"https:\/\/i0.wp.com\/dorogimedence.hu\/wp-content\/uploads\/2017\/04\/pilisteto.jpg?fit=670%2C365&ssl=1","type":"image\/jpeg"}],"author":"dorogimedence.hu","twitter_card":"summary_large_image","twitter_misc":{"Szerz\u0151:":"dorogimedence.hu","Becs\u00fclt olvas\u00e1si id\u0151":"1 perc"},"schema":{"@context":"https:\/\/schema.org","@graph":[{"@type":"Article","@id":"https:\/\/dorogimedence.hu\/index.php\/2017\/04\/28\/ujra-jarhatoak-a-pilisi-turistautak\/#article","isPartOf":{"@id":"https:\/\/dorogimedence.hu\/index.php\/2017\/04\/28\/ujra-jarhatoak-a-pilisi-turistautak\/"},"author":{"name":"dorogimedence.hu","@id":"https:\/\/dorogimedence.hu\/#\/schema\/person\/ce6091eeb7e95ecdc87890d6aa8e0fd4"},"headline":"\u00dajra j\u00e1rhat\u00f3ak a pilisi turistautak","datePublished":"2017-04-28T12:40:47+00:00","mainEntityOfPage":{"@id":"https:\/\/dorogimedence.hu\/index.php\/2017\/04\/28\/ujra-jarhatoak-a-pilisi-turistautak\/"},"wordCount":305,"publisher":{"@id":"https:\/\/dorogimedence.hu\/#organization"},"image":{"@id":"https:\/\/dorogimedence.hu\/index.php\/2017\/04\/28\/ujra-jarhatoak-a-pilisi-turistautak\/#primaryimage"},"thumbnailUrl":"https:\/\/dorogimedence.hu\/wp-content\/uploads\/2017\/04\/pilisteto.jpg","keywords":["kir\u00e1ndul\u00e1s","Pilis","Pilisi Parkerd\u0151","turistautak","turizmus"],"articleSection":["H\u00edrek"],"inLanguage":"hu"},{"@type":"WebPage","@id":"https:\/\/dorogimedence.hu\/index.php\/2017\/04\/28\/ujra-jarhatoak-a-pilisi-turistautak\/","url":"https:\/\/dorogimedence.hu\/index.php\/2017\/04\/28\/ujra-jarhatoak-a-pilisi-turistautak\/","name":"\u00dajra j\u00e1rhat\u00f3ak a pilisi turistautak","isPartOf":{"@id":"https:\/\/dorogimedence.hu\/#website"},"primaryImageOfPage":{"@id":"https:\/\/dorogimedence.hu\/index.php\/2017\/04\/28\/ujra-jarhatoak-a-pilisi-turistautak\/#primaryimage"},"image":{"@id":"https:\/\/dorogimedence.hu\/index.php\/2017\/04\/28\/ujra-jarhatoak-a-pilisi-turistautak\/#primaryimage"},"thumbnailUrl":"https:\/\/dorogimedence.hu\/wp-content\/uploads\/2017\/04\/pilisteto.jpg","datePublished":"2017-04-28T12:40:47+00:00","breadcrumb":{"@id":"https:\/\/dorogimedence.hu\/index.php\/2017\/04\/28\/ujra-jarhatoak-a-pilisi-turistautak\/#breadcrumb"},"inLanguage":"hu","potentialAction":[{"@type":"ReadAction","target":["https:\/\/dorogimedence.hu\/index.php\/2017\/04\/28\/ujra-jarhatoak-a-pilisi-turistautak\/"]}]},{"@type":"ImageObject","inLanguage":"hu","@id":"https:\/\/dorogimedence.hu\/index.php\/2017\/04\/28\/ujra-jarhatoak-a-pilisi-turistautak\/#primaryimage","url":"https:\/\/dorogimedence.hu\/wp-content\/uploads\/2017\/04\/pilisteto.jpg","contentUrl":"https:\/\/dorogimedence.hu\/wp-content\/uploads\/2017\/04\/pilisteto.jpg","width":670,"height":365},{"@type":"BreadcrumbList","@id":"https:\/\/dorogimedence.hu\/index.php\/2017\/04\/28\/ujra-jarhatoak-a-pilisi-turistautak\/#breadcrumb","itemListElement":[{"@type":"ListItem","position":1,"name":"Kezd\u0151lap","item":"https:\/\/dorogimedence.hu\/"},{"@type":"ListItem","position":2,"name":"\u00dajra j\u00e1rhat\u00f3ak a pilisi turistautak"}]},{"@type":"WebSite","@id":"https:\/\/dorogimedence.hu\/#website","url":"https:\/\/dorogimedence.hu\/","name":"Dorogi-medence Region\u00e1lis H\u00edrport\u00e1l","description":"Dorog, Keszt\u00f6lc, Le\u00e1nyv\u00e1r, Piliscs\u00e9v, Tokod, Tokodalt\u00e1r\u00f3, Csolnok, Esztergom-kertv\u00e1ros: h\u00edrek, programok","publisher":{"@id":"https:\/\/dorogimedence.hu\/#organization"},"potentialAction":[{"@type":"SearchAction","target":{"@type":"EntryPoint","urlTemplate":"https:\/\/dorogimedence.hu\/?s={search_term_string}"},"query-input":{"@type":"PropertyValueSpecification","valueRequired":true,"valueName":"search_term_string"}}],"inLanguage":"hu"},{"@type":"Organization","@id":"https:\/\/dorogimedence.hu\/#organization","name":"Dorogi-medence Region\u00e1lis H\u00edrport\u00e1l","url":"https:\/\/dorogimedence.hu\/","logo":{"@type":"ImageObject","inLanguage":"hu","@id":"https:\/\/dorogimedence.hu\/#\/schema\/logo\/image\/","url":"https:\/\/dorogimedence.hu\/wp-content\/uploads\/2021\/04\/logo-feher-600.png","contentUrl":"https:\/\/dorogimedence.hu\/wp-content\/uploads\/2021\/04\/logo-feher-600.png","width":600,"height":100,"caption":"Dorogi-medence Region\u00e1lis H\u00edrport\u00e1l"},"image":{"@id":"https:\/\/dorogimedence.hu\/#\/schema\/logo\/image\/"},"sameAs":["https:\/\/www.facebook.com\/dorogimedence\/"]},{"@type":"Person","@id":"https:\/\/dorogimedence.hu\/#\/schema\/person\/ce6091eeb7e95ecdc87890d6aa8e0fd4","name":"dorogimedence.hu","image":{"@type":"ImageObject","inLanguage":"hu","@id":"\/\/www.gravatar.com\/avatar\/d8d45f8901aadff40a4af72c0b826f1d?s=96&#038;r=g&#038;d=mm","url":"\/\/www.gravatar.com\/avatar\/d8d45f8901aadff40a4af72c0b826f1d?s=96&#038;r=g&#038;d=mm","contentUrl":"\/\/www.gravatar.com\/avatar\/d8d45f8901aadff40a4af72c0b826f1d?s=96&#038;r=g&#038;d=mm","caption":"dorogimedence.hu"}}]}},"_links":{"self":[{"href":"https:\/\/dorogimedence.hu\/index.php\/wp-json\/wp\/v2\/posts\/2690","targetHints":{"allow":["GET"]}}],"collection":[{"href":"https:\/\/dorogimedence.hu\/index.php\/wp-json\/wp\/v2\/posts"}],"about":[{"href":"https:\/\/dorogimedence.hu\/index.php\/wp-json\/wp\/v2\/types\/post"}],"author":[{"embeddable":true,"href":"https:\/\/dorogimedence.hu\/index.php\/wp-json\/wp\/v2\/users\/1"}],"replies":[{"embeddable":true,"href":"https:\/\/dorogimedence.hu\/index.php\/wp-json\/wp\/v2\/comments?post=2690"}],"version-history":[{"count":0,"href":"https:\/\/dorogimedence.hu\/index.php\/wp-json\/wp\/v2\/posts\/2690\/revisions"}],"wp:featuredmedia":[{"embeddable":true,"href":"https:\/\/dorogimedence.hu\/index.php\/wp-json\/wp\/v2\/media\/2691"}],"wp:attachment":[{"href":"https:\/\/dorogimedence.hu\/index.php\/wp-json\/wp\/v2\/media?parent=2690"}],"wp:term":[{"taxonomy":"category","embeddable":true,"href":"https:\/\/dorogimedence.hu\/index.php\/wp-json\/wp\/v2\/categories?post=2690"},{"taxonomy":"post_tag","embeddable":true,"href":"https:\/\/dorogimedence.hu\/index.php\/wp-json\/wp\/v2\/tags?post=2690"}],"curies":[{"name":"wp","href":"https:\/\/api.w.org\/{rel}","templated":true}]}}