{"id":26879,"date":"2020-08-23T19:43:31","date_gmt":"2020-08-23T17:43:31","guid":{"rendered":"http:\/\/dorogimedence.hu\/?p=26879"},"modified":"2020-08-23T19:51:31","modified_gmt":"2020-08-23T17:51:31","slug":"megerdemelt-gyozelmet-aratott-a-dorog","status":"publish","type":"post","link":"https:\/\/dorogimedence.hu\/index.php\/2020\/08\/23\/megerdemelt-gyozelmet-aratott-a-dorog\/","title":{"rendered":"Meg\u00e9rdemelt gy\u0151zelmet aratott a Dorog"},"content":{"rendered":"<p><strong>Augusztus 23-\u00e1n, vas\u00e1rnap rendezt\u00e9k meg a Labdar\u00fag\u00f3 NB II 5. fordul\u00f3j\u00e1t. A Dorogi FC vend\u00e9ge ez\u00fattal az ETO FC Gy\u0151r volt.<\/strong><\/p>\n<p>Tov\u00e1bbra is v\u00e1rat mag\u00e1ra az ETO FC Gy\u0151r els\u0151 gy\u0151zelme, Tuifel P\u00e9ter tan\u00edtv\u00e1nyai ez\u00fattal Dorogon szenvedtek k\u00e9tg\u00f3los veres\u00e9get. A hazaiak v\u00e9gig f\u00f6l\u00e9nyben futballoztak, s a m\u00e9rk\u0151z\u00e9s elej\u00e9n, valamint a hajr\u00e1ban is betal\u00e1ltak.<\/p>\n<p>M\u00e1r a 9. percben vezetett a Dorog: Ny\u00edri labdaszerz\u00e9s\u00e9t k\u00f6vet\u0151en Girsik t\u00e1lalt remek \u00fctemben a baloldalon felfut\u00f3 Papp M\u00e1t\u00e9 el\u00e9, aki tizenn\u00e9gy m\u00e9terr\u0151l, laposan a bal als\u00f3 sarokba l\u0151tt. A m\u00e1sodik g\u00f3lt pedig a j\u00e1t\u00e9k v\u00e9ge el\u0151tt, a 86. percben siker\u00fclt \u00e9rt\u00e9kes\u00edteni\u00fck a dorogiaknak: a cserek\u00e9nt be\u00e1llt V\u00edgh \u00c1d\u00e1m szerzett labd\u00e1t a gy\u0151ri t\u00e9rf\u00e9len, majd tizennyolc m\u00e9terr\u0151l, v\u00e9dhetetlen\u00fcl a kapu bal oldal\u00e1ba bomb\u00e1zott.<\/p>\n<p><strong>LABDAR\u00daG\u00d3 NB II &#8211; 5. FORDUL\u00d3<br \/>\n<span style=\"color: #ff0000;\">DOROGI FC\u2013ETO FC GY\u0150R 2\u20130 (<\/span><\/strong><span style=\"color: #ff0000;\"><strong>1\u20130)<br \/>\n<\/strong><\/span><strong>Dorog,<\/strong> Buz\u00e1nszky Jen\u0151 Stadion, <strong>600<\/strong> n\u00e9z\u0151. <strong>Vezette:<\/strong> Dolneg\u00f3 B\u00e1lint (Punyi Gyula, M\u00e1yer G\u00e1bor)<br \/>\n<strong>DOROG:<\/strong> Mursits \u2013 Ny\u00edri, Rjasko, Berk\u00f3, Zabari \u2013 T\u00f3th B., L\u00e9n\u00e1rt \u2013 Beliczky (Zuig\u00e9ber, 60.), M\u00e9sz\u00e1ros \u00c1. (Nagyh\u00e1zi, 88.), Papp M. \u2013 Girsik (V\u00edgh \u00c1., 79.). <strong>Vezet\u0151edz\u0151:<\/strong> N\u00e9meth Szabolcs<br \/>\n<strong>ETO: <\/strong>Gundel-Tak\u00e1cs \u2013 V\u00e1ri, Lipt\u00e1k, Fejes, Kov\u00e1cs K. \u2013 Szuhodovszki (Szimcso, 55.), Vashkeba \u2013 M\u00e1jer (Berki, 68.), Bagi, Kerkez (M\u00facska, 55.) \u2013 Priskin. <strong>Vezet\u0151edz\u0151: <\/strong>Tuifel P\u00e9ter<strong><br \/>\nG\u00f3lszerz\u0151: <\/strong>Papp M. (9.), V\u00edgh \u00c1. (86.)<\/p>\n<p>A m\u00e9rk\u0151z\u00e9s j\u00e1t\u00e9kmenet\u00e9t <a href=\"http:\/\/www.nemzetisport.hu\/labdarugo_nb_ii\/nb-ii-dorogi-fc-eto-fc-gyor-2779361\" target=\"_blank\" rel=\"noopener noreferrer\"><span style=\"text-decoration: underline; color: #0000ff;\">ide kattintva<\/span><\/a> olvashatj\u00e1k el!<\/p>\n<p><em>Forr\u00e1s: nemzetisport.hu<\/em><\/p>\n","protected":false},"excerpt":{"rendered":"<p>Augusztus 23-\u00e1n, vas\u00e1rnap rendezt\u00e9k meg a Labdar\u00fag\u00f3 NB II 5. fordul\u00f3j\u00e1t. A Dorogi FC vend\u00e9ge ez\u00fattal az ETO FC Gy\u0151r volt. Tov\u00e1bbra is v\u00e1rat mag\u00e1ra az ETO FC Gy\u0151r els\u0151 gy\u0151zelme, Tuifel P\u00e9ter tan\u00edtv\u00e1nyai ez\u00fattal Dorogon szenvedtek k\u00e9tg\u00f3los veres\u00e9get. A hazaiak v\u00e9gig f\u00f6l\u00e9nyben futballoztak, s a m\u00e9rk\u0151z\u00e9s elej\u00e9n, valamint a hajr\u00e1ban is betal\u00e1ltak. M\u00e1r a<\/p>\n","protected":false},"author":1,"featured_media":26880,"comment_status":"closed","ping_status":"closed","sticky":false,"template":"","format":"standard","meta":{"ngg_post_thumbnail":0,"footnotes":""},"categories":[2,3,5],"tags":[15,37,2470,70,69,2311,3169,72,263,16],"class_list":{"0":"post-26879","1":"post","2":"type-post","3":"status-publish","4":"format-standard","5":"has-post-thumbnail","7":"category-dorog","8":"category-hirek","9":"category-sport","10":"tag-dorog","11":"tag-dorogi-fc","12":"tag-eto-fc-gyor","13":"tag-foci","14":"tag-futball","15":"tag-gyor","16":"tag-gyori-eto","17":"tag-labdarugas","18":"tag-nb-ii","19":"tag-sport"},"yoast_head":"<!-- This site is optimized with the Yoast SEO plugin v27.5 - https:\/\/yoast.com\/product\/yoast-seo-wordpress\/ -->\n<title>Meg\u00e9rdemelt gy\u0151zelmet aratott a Dorog<\/title>\n<meta name=\"robots\" content=\"index, follow, max-snippet:-1, max-image-preview:large, max-video-preview:-1\" \/>\n<link rel=\"canonical\" href=\"https:\/\/dorogimedence.hu\/index.php\/2020\/08\/23\/megerdemelt-gyozelmet-aratott-a-dorog\/\" class=\"yoast-seo-meta-tag\" \/>\n<meta property=\"og:locale\" content=\"hu_HU\" class=\"yoast-seo-meta-tag\" \/>\n<meta property=\"og:type\" content=\"article\" class=\"yoast-seo-meta-tag\" \/>\n<meta property=\"og:title\" content=\"Meg\u00e9rdemelt gy\u0151zelmet aratott a Dorog\" class=\"yoast-seo-meta-tag\" \/>\n<meta property=\"og:description\" content=\"Augusztus 23-\u00e1n, vas\u00e1rnap rendezt\u00e9k meg a Labdar\u00fag\u00f3 NB II 5. fordul\u00f3j\u00e1t. A Dorogi FC vend\u00e9ge ez\u00fattal az ETO FC Gy\u0151r volt. Tov\u00e1bbra is v\u00e1rat mag\u00e1ra az ETO FC Gy\u0151r els\u0151 gy\u0151zelme, Tuifel P\u00e9ter tan\u00edtv\u00e1nyai ez\u00fattal Dorogon szenvedtek k\u00e9tg\u00f3los veres\u00e9get. A hazaiak v\u00e9gig f\u00f6l\u00e9nyben futballoztak, s a m\u00e9rk\u0151z\u00e9s elej\u00e9n, valamint a hajr\u00e1ban is betal\u00e1ltak. M\u00e1r a\" class=\"yoast-seo-meta-tag\" \/>\n<meta property=\"og:url\" content=\"https:\/\/dorogimedence.hu\/index.php\/2020\/08\/23\/megerdemelt-gyozelmet-aratott-a-dorog\/\" class=\"yoast-seo-meta-tag\" \/>\n<meta property=\"og:site_name\" content=\"Dorogi-medence Region\u00e1lis H\u00edrport\u00e1l\" class=\"yoast-seo-meta-tag\" \/>\n<meta property=\"article:publisher\" content=\"https:\/\/www.facebook.com\/dorogimedence\/\" class=\"yoast-seo-meta-tag\" \/>\n<meta property=\"article:published_time\" content=\"2020-08-23T17:43:31+00:00\" class=\"yoast-seo-meta-tag\" \/>\n<meta property=\"article:modified_time\" content=\"2020-08-23T17:51:31+00:00\" class=\"yoast-seo-meta-tag\" \/>\n<meta property=\"og:image\" content=\"https:\/\/i0.wp.com\/dorogimedence.hu\/wp-content\/uploads\/2020\/08\/dorog-eto.jpg?fit=830%2C450&ssl=1\" class=\"yoast-seo-meta-tag\" \/>\n\t<meta property=\"og:image:width\" content=\"830\" class=\"yoast-seo-meta-tag\" \/>\n\t<meta property=\"og:image:height\" content=\"450\" class=\"yoast-seo-meta-tag\" \/>\n\t<meta property=\"og:image:type\" content=\"image\/jpeg\" class=\"yoast-seo-meta-tag\" \/>\n<meta name=\"author\" content=\"dorogimedence.hu\" class=\"yoast-seo-meta-tag\" \/>\n<meta name=\"twitter:card\" content=\"summary_large_image\" class=\"yoast-seo-meta-tag\" \/>\n<meta name=\"twitter:label1\" content=\"Szerz\u0151:\" class=\"yoast-seo-meta-tag\" \/>\n\t<meta name=\"twitter:data1\" content=\"dorogimedence.hu\" class=\"yoast-seo-meta-tag\" \/>\n\t<meta name=\"twitter:label2\" content=\"Becs\u00fclt olvas\u00e1si id\u0151\" class=\"yoast-seo-meta-tag\" \/>\n\t<meta name=\"twitter:data2\" content=\"1 perc\" class=\"yoast-seo-meta-tag\" \/>\n<script type=\"application\/ld+json\" class=\"yoast-schema-graph\">{\"@context\":\"https:\\\/\\\/schema.org\",\"@graph\":[{\"@type\":\"Article\",\"@id\":\"https:\\\/\\\/dorogimedence.hu\\\/index.php\\\/2020\\\/08\\\/23\\\/megerdemelt-gyozelmet-aratott-a-dorog\\\/#article\",\"isPartOf\":{\"@id\":\"https:\\\/\\\/dorogimedence.hu\\\/index.php\\\/2020\\\/08\\\/23\\\/megerdemelt-gyozelmet-aratott-a-dorog\\\/\"},\"author\":{\"name\":\"dorogimedence.hu\",\"@id\":\"https:\\\/\\\/dorogimedence.hu\\\/#\\\/schema\\\/person\\\/ce6091eeb7e95ecdc87890d6aa8e0fd4\"},\"headline\":\"Meg\u00e9rdemelt gy\u0151zelmet aratott a Dorog\",\"datePublished\":\"2020-08-23T17:43:31+00:00\",\"dateModified\":\"2020-08-23T17:51:31+00:00\",\"mainEntityOfPage\":{\"@id\":\"https:\\\/\\\/dorogimedence.hu\\\/index.php\\\/2020\\\/08\\\/23\\\/megerdemelt-gyozelmet-aratott-a-dorog\\\/\"},\"wordCount\":297,\"publisher\":{\"@id\":\"https:\\\/\\\/dorogimedence.hu\\\/#organization\"},\"image\":{\"@id\":\"https:\\\/\\\/dorogimedence.hu\\\/index.php\\\/2020\\\/08\\\/23\\\/megerdemelt-gyozelmet-aratott-a-dorog\\\/#primaryimage\"},\"thumbnailUrl\":\"https:\\\/\\\/dorogimedence.hu\\\/wp-content\\\/uploads\\\/2020\\\/08\\\/dorog-eto.jpg\",\"keywords\":[\"Dorog\",\"Dorogi FC\",\"ETO FC Gy\u0151r\",\"foci\",\"futball\",\"Gy\u0151r\",\"Gy\u0151ri ETO\",\"labdar\u00fag\u00e1s\",\"NB II\",\"sport\"],\"articleSection\":[\"Dorog\",\"H\u00edrek\",\"Sport\"],\"inLanguage\":\"hu\"},{\"@type\":\"WebPage\",\"@id\":\"https:\\\/\\\/dorogimedence.hu\\\/index.php\\\/2020\\\/08\\\/23\\\/megerdemelt-gyozelmet-aratott-a-dorog\\\/\",\"url\":\"https:\\\/\\\/dorogimedence.hu\\\/index.php\\\/2020\\\/08\\\/23\\\/megerdemelt-gyozelmet-aratott-a-dorog\\\/\",\"name\":\"Meg\u00e9rdemelt gy\u0151zelmet aratott a Dorog\",\"isPartOf\":{\"@id\":\"https:\\\/\\\/dorogimedence.hu\\\/#website\"},\"primaryImageOfPage\":{\"@id\":\"https:\\\/\\\/dorogimedence.hu\\\/index.php\\\/2020\\\/08\\\/23\\\/megerdemelt-gyozelmet-aratott-a-dorog\\\/#primaryimage\"},\"image\":{\"@id\":\"https:\\\/\\\/dorogimedence.hu\\\/index.php\\\/2020\\\/08\\\/23\\\/megerdemelt-gyozelmet-aratott-a-dorog\\\/#primaryimage\"},\"thumbnailUrl\":\"https:\\\/\\\/dorogimedence.hu\\\/wp-content\\\/uploads\\\/2020\\\/08\\\/dorog-eto.jpg\",\"datePublished\":\"2020-08-23T17:43:31+00:00\",\"dateModified\":\"2020-08-23T17:51:31+00:00\",\"breadcrumb\":{\"@id\":\"https:\\\/\\\/dorogimedence.hu\\\/index.php\\\/2020\\\/08\\\/23\\\/megerdemelt-gyozelmet-aratott-a-dorog\\\/#breadcrumb\"},\"inLanguage\":\"hu\",\"potentialAction\":[{\"@type\":\"ReadAction\",\"target\":[\"https:\\\/\\\/dorogimedence.hu\\\/index.php\\\/2020\\\/08\\\/23\\\/megerdemelt-gyozelmet-aratott-a-dorog\\\/\"]}]},{\"@type\":\"ImageObject\",\"inLanguage\":\"hu\",\"@id\":\"https:\\\/\\\/dorogimedence.hu\\\/index.php\\\/2020\\\/08\\\/23\\\/megerdemelt-gyozelmet-aratott-a-dorog\\\/#primaryimage\",\"url\":\"https:\\\/\\\/dorogimedence.hu\\\/wp-content\\\/uploads\\\/2020\\\/08\\\/dorog-eto.jpg\",\"contentUrl\":\"https:\\\/\\\/dorogimedence.hu\\\/wp-content\\\/uploads\\\/2020\\\/08\\\/dorog-eto.jpg\",\"width\":830,\"height\":450},{\"@type\":\"BreadcrumbList\",\"@id\":\"https:\\\/\\\/dorogimedence.hu\\\/index.php\\\/2020\\\/08\\\/23\\\/megerdemelt-gyozelmet-aratott-a-dorog\\\/#breadcrumb\",\"itemListElement\":[{\"@type\":\"ListItem\",\"position\":1,\"name\":\"Kezd\u0151lap\",\"item\":\"https:\\\/\\\/dorogimedence.hu\\\/\"},{\"@type\":\"ListItem\",\"position\":2,\"name\":\"Meg\u00e9rdemelt gy\u0151zelmet aratott a Dorog\"}]},{\"@type\":\"WebSite\",\"@id\":\"https:\\\/\\\/dorogimedence.hu\\\/#website\",\"url\":\"https:\\\/\\\/dorogimedence.hu\\\/\",\"name\":\"Dorogi-medence Region\u00e1lis H\u00edrport\u00e1l\",\"description\":\"Dorog, Keszt\u00f6lc, Le\u00e1nyv\u00e1r, Piliscs\u00e9v, Tokod, Tokodalt\u00e1r\u00f3, Csolnok, Esztergom-kertv\u00e1ros: h\u00edrek, programok\",\"publisher\":{\"@id\":\"https:\\\/\\\/dorogimedence.hu\\\/#organization\"},\"potentialAction\":[{\"@type\":\"SearchAction\",\"target\":{\"@type\":\"EntryPoint\",\"urlTemplate\":\"https:\\\/\\\/dorogimedence.hu\\\/?s={search_term_string}\"},\"query-input\":{\"@type\":\"PropertyValueSpecification\",\"valueRequired\":true,\"valueName\":\"search_term_string\"}}],\"inLanguage\":\"hu\"},{\"@type\":\"Organization\",\"@id\":\"https:\\\/\\\/dorogimedence.hu\\\/#organization\",\"name\":\"Dorogi-medence Region\u00e1lis H\u00edrport\u00e1l\",\"url\":\"https:\\\/\\\/dorogimedence.hu\\\/\",\"logo\":{\"@type\":\"ImageObject\",\"inLanguage\":\"hu\",\"@id\":\"https:\\\/\\\/dorogimedence.hu\\\/#\\\/schema\\\/logo\\\/image\\\/\",\"url\":\"https:\\\/\\\/dorogimedence.hu\\\/wp-content\\\/uploads\\\/2021\\\/04\\\/logo-feher-600.png\",\"contentUrl\":\"https:\\\/\\\/dorogimedence.hu\\\/wp-content\\\/uploads\\\/2021\\\/04\\\/logo-feher-600.png\",\"width\":600,\"height\":100,\"caption\":\"Dorogi-medence Region\u00e1lis H\u00edrport\u00e1l\"},\"image\":{\"@id\":\"https:\\\/\\\/dorogimedence.hu\\\/#\\\/schema\\\/logo\\\/image\\\/\"},\"sameAs\":[\"https:\\\/\\\/www.facebook.com\\\/dorogimedence\\\/\"]},{\"@type\":\"Person\",\"@id\":\"https:\\\/\\\/dorogimedence.hu\\\/#\\\/schema\\\/person\\\/ce6091eeb7e95ecdc87890d6aa8e0fd4\",\"name\":\"dorogimedence.hu\",\"image\":{\"@type\":\"ImageObject\",\"inLanguage\":\"hu\",\"@id\":\"\\\/\\\/www.gravatar.com\\\/avatar\\\/d8d45f8901aadff40a4af72c0b826f1d?s=96&#038;r=g&#038;d=mm\",\"url\":\"\\\/\\\/www.gravatar.com\\\/avatar\\\/d8d45f8901aadff40a4af72c0b826f1d?s=96&#038;r=g&#038;d=mm\",\"contentUrl\":\"\\\/\\\/www.gravatar.com\\\/avatar\\\/d8d45f8901aadff40a4af72c0b826f1d?s=96&#038;r=g&#038;d=mm\",\"caption\":\"dorogimedence.hu\"}}]}<\/script>\n<!-- \/ Yoast SEO plugin. -->","yoast_head_json":{"title":"Meg\u00e9rdemelt gy\u0151zelmet aratott a Dorog","robots":{"index":"index","follow":"follow","max-snippet":"max-snippet:-1","max-image-preview":"max-image-preview:large","max-video-preview":"max-video-preview:-1"},"canonical":"https:\/\/dorogimedence.hu\/index.php\/2020\/08\/23\/megerdemelt-gyozelmet-aratott-a-dorog\/","og_locale":"hu_HU","og_type":"article","og_title":"Meg\u00e9rdemelt gy\u0151zelmet aratott a Dorog","og_description":"Augusztus 23-\u00e1n, vas\u00e1rnap rendezt\u00e9k meg a Labdar\u00fag\u00f3 NB II 5. fordul\u00f3j\u00e1t. A Dorogi FC vend\u00e9ge ez\u00fattal az ETO FC Gy\u0151r volt. Tov\u00e1bbra is v\u00e1rat mag\u00e1ra az ETO FC Gy\u0151r els\u0151 gy\u0151zelme, Tuifel P\u00e9ter tan\u00edtv\u00e1nyai ez\u00fattal Dorogon szenvedtek k\u00e9tg\u00f3los veres\u00e9get. A hazaiak v\u00e9gig f\u00f6l\u00e9nyben futballoztak, s a m\u00e9rk\u0151z\u00e9s elej\u00e9n, valamint a hajr\u00e1ban is betal\u00e1ltak. M\u00e1r a","og_url":"https:\/\/dorogimedence.hu\/index.php\/2020\/08\/23\/megerdemelt-gyozelmet-aratott-a-dorog\/","og_site_name":"Dorogi-medence Region\u00e1lis H\u00edrport\u00e1l","article_publisher":"https:\/\/www.facebook.com\/dorogimedence\/","article_published_time":"2020-08-23T17:43:31+00:00","article_modified_time":"2020-08-23T17:51:31+00:00","og_image":[{"width":830,"height":450,"url":"https:\/\/i0.wp.com\/dorogimedence.hu\/wp-content\/uploads\/2020\/08\/dorog-eto.jpg?fit=830%2C450&ssl=1","type":"image\/jpeg"}],"author":"dorogimedence.hu","twitter_card":"summary_large_image","twitter_misc":{"Szerz\u0151:":"dorogimedence.hu","Becs\u00fclt olvas\u00e1si id\u0151":"1 perc"},"schema":{"@context":"https:\/\/schema.org","@graph":[{"@type":"Article","@id":"https:\/\/dorogimedence.hu\/index.php\/2020\/08\/23\/megerdemelt-gyozelmet-aratott-a-dorog\/#article","isPartOf":{"@id":"https:\/\/dorogimedence.hu\/index.php\/2020\/08\/23\/megerdemelt-gyozelmet-aratott-a-dorog\/"},"author":{"name":"dorogimedence.hu","@id":"https:\/\/dorogimedence.hu\/#\/schema\/person\/ce6091eeb7e95ecdc87890d6aa8e0fd4"},"headline":"Meg\u00e9rdemelt gy\u0151zelmet aratott a Dorog","datePublished":"2020-08-23T17:43:31+00:00","dateModified":"2020-08-23T17:51:31+00:00","mainEntityOfPage":{"@id":"https:\/\/dorogimedence.hu\/index.php\/2020\/08\/23\/megerdemelt-gyozelmet-aratott-a-dorog\/"},"wordCount":297,"publisher":{"@id":"https:\/\/dorogimedence.hu\/#organization"},"image":{"@id":"https:\/\/dorogimedence.hu\/index.php\/2020\/08\/23\/megerdemelt-gyozelmet-aratott-a-dorog\/#primaryimage"},"thumbnailUrl":"https:\/\/dorogimedence.hu\/wp-content\/uploads\/2020\/08\/dorog-eto.jpg","keywords":["Dorog","Dorogi FC","ETO FC Gy\u0151r","foci","futball","Gy\u0151r","Gy\u0151ri ETO","labdar\u00fag\u00e1s","NB II","sport"],"articleSection":["Dorog","H\u00edrek","Sport"],"inLanguage":"hu"},{"@type":"WebPage","@id":"https:\/\/dorogimedence.hu\/index.php\/2020\/08\/23\/megerdemelt-gyozelmet-aratott-a-dorog\/","url":"https:\/\/dorogimedence.hu\/index.php\/2020\/08\/23\/megerdemelt-gyozelmet-aratott-a-dorog\/","name":"Meg\u00e9rdemelt gy\u0151zelmet aratott a Dorog","isPartOf":{"@id":"https:\/\/dorogimedence.hu\/#website"},"primaryImageOfPage":{"@id":"https:\/\/dorogimedence.hu\/index.php\/2020\/08\/23\/megerdemelt-gyozelmet-aratott-a-dorog\/#primaryimage"},"image":{"@id":"https:\/\/dorogimedence.hu\/index.php\/2020\/08\/23\/megerdemelt-gyozelmet-aratott-a-dorog\/#primaryimage"},"thumbnailUrl":"https:\/\/dorogimedence.hu\/wp-content\/uploads\/2020\/08\/dorog-eto.jpg","datePublished":"2020-08-23T17:43:31+00:00","dateModified":"2020-08-23T17:51:31+00:00","breadcrumb":{"@id":"https:\/\/dorogimedence.hu\/index.php\/2020\/08\/23\/megerdemelt-gyozelmet-aratott-a-dorog\/#breadcrumb"},"inLanguage":"hu","potentialAction":[{"@type":"ReadAction","target":["https:\/\/dorogimedence.hu\/index.php\/2020\/08\/23\/megerdemelt-gyozelmet-aratott-a-dorog\/"]}]},{"@type":"ImageObject","inLanguage":"hu","@id":"https:\/\/dorogimedence.hu\/index.php\/2020\/08\/23\/megerdemelt-gyozelmet-aratott-a-dorog\/#primaryimage","url":"https:\/\/dorogimedence.hu\/wp-content\/uploads\/2020\/08\/dorog-eto.jpg","contentUrl":"https:\/\/dorogimedence.hu\/wp-content\/uploads\/2020\/08\/dorog-eto.jpg","width":830,"height":450},{"@type":"BreadcrumbList","@id":"https:\/\/dorogimedence.hu\/index.php\/2020\/08\/23\/megerdemelt-gyozelmet-aratott-a-dorog\/#breadcrumb","itemListElement":[{"@type":"ListItem","position":1,"name":"Kezd\u0151lap","item":"https:\/\/dorogimedence.hu\/"},{"@type":"ListItem","position":2,"name":"Meg\u00e9rdemelt gy\u0151zelmet aratott a Dorog"}]},{"@type":"WebSite","@id":"https:\/\/dorogimedence.hu\/#website","url":"https:\/\/dorogimedence.hu\/","name":"Dorogi-medence Region\u00e1lis H\u00edrport\u00e1l","description":"Dorog, Keszt\u00f6lc, Le\u00e1nyv\u00e1r, Piliscs\u00e9v, Tokod, Tokodalt\u00e1r\u00f3, Csolnok, Esztergom-kertv\u00e1ros: h\u00edrek, programok","publisher":{"@id":"https:\/\/dorogimedence.hu\/#organization"},"potentialAction":[{"@type":"SearchAction","target":{"@type":"EntryPoint","urlTemplate":"https:\/\/dorogimedence.hu\/?s={search_term_string}"},"query-input":{"@type":"PropertyValueSpecification","valueRequired":true,"valueName":"search_term_string"}}],"inLanguage":"hu"},{"@type":"Organization","@id":"https:\/\/dorogimedence.hu\/#organization","name":"Dorogi-medence Region\u00e1lis H\u00edrport\u00e1l","url":"https:\/\/dorogimedence.hu\/","logo":{"@type":"ImageObject","inLanguage":"hu","@id":"https:\/\/dorogimedence.hu\/#\/schema\/logo\/image\/","url":"https:\/\/dorogimedence.hu\/wp-content\/uploads\/2021\/04\/logo-feher-600.png","contentUrl":"https:\/\/dorogimedence.hu\/wp-content\/uploads\/2021\/04\/logo-feher-600.png","width":600,"height":100,"caption":"Dorogi-medence Region\u00e1lis H\u00edrport\u00e1l"},"image":{"@id":"https:\/\/dorogimedence.hu\/#\/schema\/logo\/image\/"},"sameAs":["https:\/\/www.facebook.com\/dorogimedence\/"]},{"@type":"Person","@id":"https:\/\/dorogimedence.hu\/#\/schema\/person\/ce6091eeb7e95ecdc87890d6aa8e0fd4","name":"dorogimedence.hu","image":{"@type":"ImageObject","inLanguage":"hu","@id":"\/\/www.gravatar.com\/avatar\/d8d45f8901aadff40a4af72c0b826f1d?s=96&#038;r=g&#038;d=mm","url":"\/\/www.gravatar.com\/avatar\/d8d45f8901aadff40a4af72c0b826f1d?s=96&#038;r=g&#038;d=mm","contentUrl":"\/\/www.gravatar.com\/avatar\/d8d45f8901aadff40a4af72c0b826f1d?s=96&#038;r=g&#038;d=mm","caption":"dorogimedence.hu"}}]}},"_links":{"self":[{"href":"https:\/\/dorogimedence.hu\/index.php\/wp-json\/wp\/v2\/posts\/26879","targetHints":{"allow":["GET"]}}],"collection":[{"href":"https:\/\/dorogimedence.hu\/index.php\/wp-json\/wp\/v2\/posts"}],"about":[{"href":"https:\/\/dorogimedence.hu\/index.php\/wp-json\/wp\/v2\/types\/post"}],"author":[{"embeddable":true,"href":"https:\/\/dorogimedence.hu\/index.php\/wp-json\/wp\/v2\/users\/1"}],"replies":[{"embeddable":true,"href":"https:\/\/dorogimedence.hu\/index.php\/wp-json\/wp\/v2\/comments?post=26879"}],"version-history":[{"count":0,"href":"https:\/\/dorogimedence.hu\/index.php\/wp-json\/wp\/v2\/posts\/26879\/revisions"}],"wp:featuredmedia":[{"embeddable":true,"href":"https:\/\/dorogimedence.hu\/index.php\/wp-json\/wp\/v2\/media\/26880"}],"wp:attachment":[{"href":"https:\/\/dorogimedence.hu\/index.php\/wp-json\/wp\/v2\/media?parent=26879"}],"wp:term":[{"taxonomy":"category","embeddable":true,"href":"https:\/\/dorogimedence.hu\/index.php\/wp-json\/wp\/v2\/categories?post=26879"},{"taxonomy":"post_tag","embeddable":true,"href":"https:\/\/dorogimedence.hu\/index.php\/wp-json\/wp\/v2\/tags?post=26879"}],"curies":[{"name":"wp","href":"https:\/\/api.w.org\/{rel}","templated":true}]}}