{"id":26876,"date":"2020-08-23T15:19:23","date_gmt":"2020-08-23T13:19:23","guid":{"rendered":"http:\/\/dorogimedence.hu\/?p=26876"},"modified":"2020-08-23T15:19:31","modified_gmt":"2020-08-23T13:19:31","slug":"elhunyt-nemeth-janos-az-esztergomi-bazilika-korabbi-plebanosa","status":"publish","type":"post","link":"https:\/\/dorogimedence.hu\/index.php\/2020\/08\/23\/elhunyt-nemeth-janos-az-esztergomi-bazilika-korabbi-plebanosa\/","title":{"rendered":"Elhunyt N\u00e9meth J\u00e1nos, az esztergomi bazilika kor\u00e1bbi pl\u00e9b\u00e1nosa"},"content":{"rendered":"<p><strong>Dr. N\u00e9meth J\u00e1nos protonot\u00e1rius, kanonok, \u00e9. esperes, \u00e9rseki tan\u00e1csos, nyugalmazott pl\u00e9b\u00e1nos 2020. augusztus 23-\u00e1n, \u00e9let\u00e9nek 70., paps\u00e1g\u00e1nak 45. \u00e9v\u00e9ben szents\u00e9gekkel meger\u0151s\u00edtve hazat\u00e9rt az \u00darhoz.<\/strong><em><br \/>\n<\/em><\/p>\n<p>Az Esztergom-Budapesti F\u0151egyh\u00e1zmegye \u00e9s a hozz\u00e1tartoz\u00f3k f\u00e1j\u00f3 sz\u00edvvel, de Isten akarat\u00e1ban megnyugodva tudatj\u00e1k, hogy dr. N\u00e9meth J\u00e1nos protonot\u00e1rius, kanonok, \u00e9. esperes, \u00e9rseki tan\u00e1csos, nyugalmazott pl\u00e9b\u00e1nos 2020. augusztus 23-\u00e1n, \u00e9let\u00e9nek 70., paps\u00e1g\u00e1nak 45. \u00e9v\u00e9ben szents\u00e9gekkel meger\u0151s\u00edtve hazat\u00e9rt az \u00darhoz. Temet\u00e9s\u00e9r\u0151l k\u00e9s\u0151bb int\u00e9zkednek.<\/p>\n<p>Sz\u00fcletett Budapesten, 1950. szeptember 5-\u00e9n, szentelt\u00e9k Esztergomban, 1976. j\u00fanius 19-\u00e9n. VI. \u00e9ves a Budapesti Hittudom\u00e1nyi Akad\u00e9mi\u00e1n 1976\u201377-ben.<\/p>\n<p>Kark\u00e1pl\u00e1n Esztergom-V\u00e1r f\u0151pl\u00e9b\u00e1ni\u00e1n 1977-ben, tanulm\u00e1nyi szabads\u00e1gon R\u00f3m\u00e1ban volt 1977\u201378-ban, k\u00e1pl\u00e1n Balassagyarmaton 1978\u201379, Nyerges\u00fajfalun 1979\u201381. Pl\u00e9b\u00e1nos Piliscs\u00e9ven 1981\u20132007 k\u00f6z\u00f6tt, egyben \u00f3raad\u00f3 tan\u00e1r az esztergomi szemin\u00e1riumban 1981\u201388-ban, ell\u00e1tta Le\u00e1nyv\u00e1rt is 1988\u20132007 k\u00f6z\u00f6tt.<\/p>\n<p>Pl\u00e9b\u00e1nos az esztergomi f\u0151sz\u00e9kesegyh\u00e1zi pl\u00e9b\u00e1ni\u00e1n 2007\u20132020 k\u00f6z\u00f6tt, nyug\u00e1llom\u00e1nyban 2020-t\u00f3l. \u00c9rseki tan\u00e1csos lett 1986-ban. Esperes 2005\u20132007, \u00e9. esperes 2007, protonot\u00e1rius, kanonok 2007-t\u0151l. Az Esztergomi Hittudom\u00e1nyi F\u0151iskola tan\u00e1ra 2006\u20132020 k\u00f6z\u00f6tt.<\/p>\n<p>H\u0171s\u00e9ges papi \u00e9let\u00e9\u00e9rt Krisztus, az \u00d6r\u00f6k F\u0151pap adjon jutalmat az Atyai h\u00e1z \u00f6r\u00f6m\u00e9ben!<\/p>\n<p><em>Fot\u00f3, forr\u00e1s: Esztergom-Budapesti F\u0151egyh\u00e1zmegye \/ Magyar Kur\u00edr<\/em><strong><br \/>\n<\/strong><\/p>\n","protected":false},"excerpt":{"rendered":"<p>Dr. N\u00e9meth J\u00e1nos protonot\u00e1rius, kanonok, \u00e9. esperes, \u00e9rseki tan\u00e1csos, nyugalmazott pl\u00e9b\u00e1nos 2020. augusztus 23-\u00e1n, \u00e9let\u00e9nek 70., paps\u00e1g\u00e1nak 45. \u00e9v\u00e9ben szents\u00e9gekkel meger\u0151s\u00edtve hazat\u00e9rt az \u00darhoz. Az Esztergom-Budapesti F\u0151egyh\u00e1zmegye \u00e9s a hozz\u00e1tartoz\u00f3k f\u00e1j\u00f3 sz\u00edvvel, de Isten akarat\u00e1ban megnyugodva tudatj\u00e1k, hogy dr. N\u00e9meth J\u00e1nos protonot\u00e1rius, kanonok, \u00e9. esperes, \u00e9rseki tan\u00e1csos, nyugalmazott pl\u00e9b\u00e1nos 2020. augusztus 23-\u00e1n, \u00e9let\u00e9nek 70., paps\u00e1g\u00e1nak<\/p>\n","protected":false},"author":1,"featured_media":26877,"comment_status":"closed","ping_status":"closed","sticky":false,"template":"","format":"standard","meta":{"ngg_post_thumbnail":0,"footnotes":""},"categories":[38,3],"tags":[798,5081,1334,42,1691,2938,3303,762],"class_list":{"0":"post-26876","1":"post","2":"type-post","3":"status-publish","4":"format-standard","5":"has-post-thumbnail","7":"category-esztergom","8":"category-hirek","9":"tag-bazilika","10":"tag-dr-nemeth-janos","11":"tag-egyhaz","12":"tag-esztergom","13":"tag-gyaszhir","14":"tag-halalhir","15":"tag-katolikus","16":"tag-katolikus-egyhaz"},"yoast_head":"<!-- This site is optimized with the Yoast SEO plugin v27.5 - https:\/\/yoast.com\/product\/yoast-seo-wordpress\/ -->\n<title>Elhunyt N\u00e9meth J\u00e1nos, az esztergomi bazilika kor\u00e1bbi pl\u00e9b\u00e1nosa<\/title>\n<meta name=\"robots\" content=\"index, follow, max-snippet:-1, max-image-preview:large, max-video-preview:-1\" \/>\n<link rel=\"canonical\" href=\"https:\/\/dorogimedence.hu\/index.php\/2020\/08\/23\/elhunyt-nemeth-janos-az-esztergomi-bazilika-korabbi-plebanosa\/\" class=\"yoast-seo-meta-tag\" \/>\n<meta property=\"og:locale\" content=\"hu_HU\" class=\"yoast-seo-meta-tag\" \/>\n<meta property=\"og:type\" content=\"article\" class=\"yoast-seo-meta-tag\" \/>\n<meta property=\"og:title\" content=\"Elhunyt N\u00e9meth J\u00e1nos, az esztergomi bazilika kor\u00e1bbi pl\u00e9b\u00e1nosa\" class=\"yoast-seo-meta-tag\" \/>\n<meta property=\"og:description\" content=\"Dr. N\u00e9meth J\u00e1nos protonot\u00e1rius, kanonok, \u00e9. esperes, \u00e9rseki tan\u00e1csos, nyugalmazott pl\u00e9b\u00e1nos 2020. augusztus 23-\u00e1n, \u00e9let\u00e9nek 70., paps\u00e1g\u00e1nak 45. \u00e9v\u00e9ben szents\u00e9gekkel meger\u0151s\u00edtve hazat\u00e9rt az \u00darhoz. Az Esztergom-Budapesti F\u0151egyh\u00e1zmegye \u00e9s a hozz\u00e1tartoz\u00f3k f\u00e1j\u00f3 sz\u00edvvel, de Isten akarat\u00e1ban megnyugodva tudatj\u00e1k, hogy dr. N\u00e9meth J\u00e1nos protonot\u00e1rius, kanonok, \u00e9. esperes, \u00e9rseki tan\u00e1csos, nyugalmazott pl\u00e9b\u00e1nos 2020. augusztus 23-\u00e1n, \u00e9let\u00e9nek 70., paps\u00e1g\u00e1nak\" class=\"yoast-seo-meta-tag\" \/>\n<meta property=\"og:url\" content=\"https:\/\/dorogimedence.hu\/index.php\/2020\/08\/23\/elhunyt-nemeth-janos-az-esztergomi-bazilika-korabbi-plebanosa\/\" class=\"yoast-seo-meta-tag\" \/>\n<meta property=\"og:site_name\" content=\"Dorogi-medence Region\u00e1lis H\u00edrport\u00e1l\" class=\"yoast-seo-meta-tag\" \/>\n<meta property=\"article:publisher\" content=\"https:\/\/www.facebook.com\/dorogimedence\/\" class=\"yoast-seo-meta-tag\" \/>\n<meta property=\"article:published_time\" content=\"2020-08-23T13:19:23+00:00\" class=\"yoast-seo-meta-tag\" \/>\n<meta property=\"article:modified_time\" content=\"2020-08-23T13:19:31+00:00\" class=\"yoast-seo-meta-tag\" \/>\n<meta property=\"og:image\" content=\"https:\/\/i0.wp.com\/dorogimedence.hu\/wp-content\/uploads\/2020\/08\/nemeth-janos.jpg?fit=830%2C450&ssl=1\" class=\"yoast-seo-meta-tag\" \/>\n\t<meta property=\"og:image:width\" content=\"830\" class=\"yoast-seo-meta-tag\" \/>\n\t<meta property=\"og:image:height\" content=\"450\" class=\"yoast-seo-meta-tag\" \/>\n\t<meta property=\"og:image:type\" content=\"image\/jpeg\" class=\"yoast-seo-meta-tag\" \/>\n<meta name=\"author\" content=\"dorogimedence.hu\" class=\"yoast-seo-meta-tag\" \/>\n<meta name=\"twitter:card\" content=\"summary_large_image\" class=\"yoast-seo-meta-tag\" \/>\n<meta name=\"twitter:label1\" content=\"Szerz\u0151:\" class=\"yoast-seo-meta-tag\" \/>\n\t<meta name=\"twitter:data1\" content=\"dorogimedence.hu\" class=\"yoast-seo-meta-tag\" \/>\n\t<meta name=\"twitter:label2\" content=\"Becs\u00fclt olvas\u00e1si id\u0151\" class=\"yoast-seo-meta-tag\" \/>\n\t<meta name=\"twitter:data2\" content=\"1 perc\" class=\"yoast-seo-meta-tag\" \/>\n<script type=\"application\/ld+json\" class=\"yoast-schema-graph\">{\"@context\":\"https:\\\/\\\/schema.org\",\"@graph\":[{\"@type\":\"Article\",\"@id\":\"https:\\\/\\\/dorogimedence.hu\\\/index.php\\\/2020\\\/08\\\/23\\\/elhunyt-nemeth-janos-az-esztergomi-bazilika-korabbi-plebanosa\\\/#article\",\"isPartOf\":{\"@id\":\"https:\\\/\\\/dorogimedence.hu\\\/index.php\\\/2020\\\/08\\\/23\\\/elhunyt-nemeth-janos-az-esztergomi-bazilika-korabbi-plebanosa\\\/\"},\"author\":{\"name\":\"dorogimedence.hu\",\"@id\":\"https:\\\/\\\/dorogimedence.hu\\\/#\\\/schema\\\/person\\\/ce6091eeb7e95ecdc87890d6aa8e0fd4\"},\"headline\":\"Elhunyt N\u00e9meth J\u00e1nos, az esztergomi bazilika kor\u00e1bbi pl\u00e9b\u00e1nosa\",\"datePublished\":\"2020-08-23T13:19:23+00:00\",\"dateModified\":\"2020-08-23T13:19:31+00:00\",\"mainEntityOfPage\":{\"@id\":\"https:\\\/\\\/dorogimedence.hu\\\/index.php\\\/2020\\\/08\\\/23\\\/elhunyt-nemeth-janos-az-esztergomi-bazilika-korabbi-plebanosa\\\/\"},\"wordCount\":264,\"publisher\":{\"@id\":\"https:\\\/\\\/dorogimedence.hu\\\/#organization\"},\"image\":{\"@id\":\"https:\\\/\\\/dorogimedence.hu\\\/index.php\\\/2020\\\/08\\\/23\\\/elhunyt-nemeth-janos-az-esztergomi-bazilika-korabbi-plebanosa\\\/#primaryimage\"},\"thumbnailUrl\":\"https:\\\/\\\/dorogimedence.hu\\\/wp-content\\\/uploads\\\/2020\\\/08\\\/nemeth-janos.jpg\",\"keywords\":[\"Bazilika\",\"Dr. N\u00e9meth J\u00e1nos\",\"egyh\u00e1z\",\"esztergom\",\"gy\u00e1szh\u00edr\",\"hal\u00e1lh\u00edr\",\"katolikus\",\"katolikus egyh\u00e1z\"],\"articleSection\":[\"Esztergom\",\"H\u00edrek\"],\"inLanguage\":\"hu\"},{\"@type\":\"WebPage\",\"@id\":\"https:\\\/\\\/dorogimedence.hu\\\/index.php\\\/2020\\\/08\\\/23\\\/elhunyt-nemeth-janos-az-esztergomi-bazilika-korabbi-plebanosa\\\/\",\"url\":\"https:\\\/\\\/dorogimedence.hu\\\/index.php\\\/2020\\\/08\\\/23\\\/elhunyt-nemeth-janos-az-esztergomi-bazilika-korabbi-plebanosa\\\/\",\"name\":\"Elhunyt N\u00e9meth J\u00e1nos, az esztergomi bazilika kor\u00e1bbi pl\u00e9b\u00e1nosa\",\"isPartOf\":{\"@id\":\"https:\\\/\\\/dorogimedence.hu\\\/#website\"},\"primaryImageOfPage\":{\"@id\":\"https:\\\/\\\/dorogimedence.hu\\\/index.php\\\/2020\\\/08\\\/23\\\/elhunyt-nemeth-janos-az-esztergomi-bazilika-korabbi-plebanosa\\\/#primaryimage\"},\"image\":{\"@id\":\"https:\\\/\\\/dorogimedence.hu\\\/index.php\\\/2020\\\/08\\\/23\\\/elhunyt-nemeth-janos-az-esztergomi-bazilika-korabbi-plebanosa\\\/#primaryimage\"},\"thumbnailUrl\":\"https:\\\/\\\/dorogimedence.hu\\\/wp-content\\\/uploads\\\/2020\\\/08\\\/nemeth-janos.jpg\",\"datePublished\":\"2020-08-23T13:19:23+00:00\",\"dateModified\":\"2020-08-23T13:19:31+00:00\",\"breadcrumb\":{\"@id\":\"https:\\\/\\\/dorogimedence.hu\\\/index.php\\\/2020\\\/08\\\/23\\\/elhunyt-nemeth-janos-az-esztergomi-bazilika-korabbi-plebanosa\\\/#breadcrumb\"},\"inLanguage\":\"hu\",\"potentialAction\":[{\"@type\":\"ReadAction\",\"target\":[\"https:\\\/\\\/dorogimedence.hu\\\/index.php\\\/2020\\\/08\\\/23\\\/elhunyt-nemeth-janos-az-esztergomi-bazilika-korabbi-plebanosa\\\/\"]}]},{\"@type\":\"ImageObject\",\"inLanguage\":\"hu\",\"@id\":\"https:\\\/\\\/dorogimedence.hu\\\/index.php\\\/2020\\\/08\\\/23\\\/elhunyt-nemeth-janos-az-esztergomi-bazilika-korabbi-plebanosa\\\/#primaryimage\",\"url\":\"https:\\\/\\\/dorogimedence.hu\\\/wp-content\\\/uploads\\\/2020\\\/08\\\/nemeth-janos.jpg\",\"contentUrl\":\"https:\\\/\\\/dorogimedence.hu\\\/wp-content\\\/uploads\\\/2020\\\/08\\\/nemeth-janos.jpg\",\"width\":830,\"height\":450},{\"@type\":\"BreadcrumbList\",\"@id\":\"https:\\\/\\\/dorogimedence.hu\\\/index.php\\\/2020\\\/08\\\/23\\\/elhunyt-nemeth-janos-az-esztergomi-bazilika-korabbi-plebanosa\\\/#breadcrumb\",\"itemListElement\":[{\"@type\":\"ListItem\",\"position\":1,\"name\":\"Kezd\u0151lap\",\"item\":\"https:\\\/\\\/dorogimedence.hu\\\/\"},{\"@type\":\"ListItem\",\"position\":2,\"name\":\"Elhunyt N\u00e9meth J\u00e1nos, az esztergomi bazilika kor\u00e1bbi pl\u00e9b\u00e1nosa\"}]},{\"@type\":\"WebSite\",\"@id\":\"https:\\\/\\\/dorogimedence.hu\\\/#website\",\"url\":\"https:\\\/\\\/dorogimedence.hu\\\/\",\"name\":\"Dorogi-medence Region\u00e1lis H\u00edrport\u00e1l\",\"description\":\"Dorog, Keszt\u00f6lc, Le\u00e1nyv\u00e1r, Piliscs\u00e9v, Tokod, Tokodalt\u00e1r\u00f3, Csolnok, Esztergom-kertv\u00e1ros: h\u00edrek, programok\",\"publisher\":{\"@id\":\"https:\\\/\\\/dorogimedence.hu\\\/#organization\"},\"potentialAction\":[{\"@type\":\"SearchAction\",\"target\":{\"@type\":\"EntryPoint\",\"urlTemplate\":\"https:\\\/\\\/dorogimedence.hu\\\/?s={search_term_string}\"},\"query-input\":{\"@type\":\"PropertyValueSpecification\",\"valueRequired\":true,\"valueName\":\"search_term_string\"}}],\"inLanguage\":\"hu\"},{\"@type\":\"Organization\",\"@id\":\"https:\\\/\\\/dorogimedence.hu\\\/#organization\",\"name\":\"Dorogi-medence Region\u00e1lis H\u00edrport\u00e1l\",\"url\":\"https:\\\/\\\/dorogimedence.hu\\\/\",\"logo\":{\"@type\":\"ImageObject\",\"inLanguage\":\"hu\",\"@id\":\"https:\\\/\\\/dorogimedence.hu\\\/#\\\/schema\\\/logo\\\/image\\\/\",\"url\":\"https:\\\/\\\/dorogimedence.hu\\\/wp-content\\\/uploads\\\/2021\\\/04\\\/logo-feher-600.png\",\"contentUrl\":\"https:\\\/\\\/dorogimedence.hu\\\/wp-content\\\/uploads\\\/2021\\\/04\\\/logo-feher-600.png\",\"width\":600,\"height\":100,\"caption\":\"Dorogi-medence Region\u00e1lis H\u00edrport\u00e1l\"},\"image\":{\"@id\":\"https:\\\/\\\/dorogimedence.hu\\\/#\\\/schema\\\/logo\\\/image\\\/\"},\"sameAs\":[\"https:\\\/\\\/www.facebook.com\\\/dorogimedence\\\/\"]},{\"@type\":\"Person\",\"@id\":\"https:\\\/\\\/dorogimedence.hu\\\/#\\\/schema\\\/person\\\/ce6091eeb7e95ecdc87890d6aa8e0fd4\",\"name\":\"dorogimedence.hu\",\"image\":{\"@type\":\"ImageObject\",\"inLanguage\":\"hu\",\"@id\":\"\\\/\\\/www.gravatar.com\\\/avatar\\\/d8d45f8901aadff40a4af72c0b826f1d?s=96&#038;r=g&#038;d=mm\",\"url\":\"\\\/\\\/www.gravatar.com\\\/avatar\\\/d8d45f8901aadff40a4af72c0b826f1d?s=96&#038;r=g&#038;d=mm\",\"contentUrl\":\"\\\/\\\/www.gravatar.com\\\/avatar\\\/d8d45f8901aadff40a4af72c0b826f1d?s=96&#038;r=g&#038;d=mm\",\"caption\":\"dorogimedence.hu\"}}]}<\/script>\n<!-- \/ Yoast SEO plugin. -->","yoast_head_json":{"title":"Elhunyt N\u00e9meth J\u00e1nos, az esztergomi bazilika kor\u00e1bbi pl\u00e9b\u00e1nosa","robots":{"index":"index","follow":"follow","max-snippet":"max-snippet:-1","max-image-preview":"max-image-preview:large","max-video-preview":"max-video-preview:-1"},"canonical":"https:\/\/dorogimedence.hu\/index.php\/2020\/08\/23\/elhunyt-nemeth-janos-az-esztergomi-bazilika-korabbi-plebanosa\/","og_locale":"hu_HU","og_type":"article","og_title":"Elhunyt N\u00e9meth J\u00e1nos, az esztergomi bazilika kor\u00e1bbi pl\u00e9b\u00e1nosa","og_description":"Dr. N\u00e9meth J\u00e1nos protonot\u00e1rius, kanonok, \u00e9. esperes, \u00e9rseki tan\u00e1csos, nyugalmazott pl\u00e9b\u00e1nos 2020. augusztus 23-\u00e1n, \u00e9let\u00e9nek 70., paps\u00e1g\u00e1nak 45. \u00e9v\u00e9ben szents\u00e9gekkel meger\u0151s\u00edtve hazat\u00e9rt az \u00darhoz. Az Esztergom-Budapesti F\u0151egyh\u00e1zmegye \u00e9s a hozz\u00e1tartoz\u00f3k f\u00e1j\u00f3 sz\u00edvvel, de Isten akarat\u00e1ban megnyugodva tudatj\u00e1k, hogy dr. N\u00e9meth J\u00e1nos protonot\u00e1rius, kanonok, \u00e9. esperes, \u00e9rseki tan\u00e1csos, nyugalmazott pl\u00e9b\u00e1nos 2020. augusztus 23-\u00e1n, \u00e9let\u00e9nek 70., paps\u00e1g\u00e1nak","og_url":"https:\/\/dorogimedence.hu\/index.php\/2020\/08\/23\/elhunyt-nemeth-janos-az-esztergomi-bazilika-korabbi-plebanosa\/","og_site_name":"Dorogi-medence Region\u00e1lis H\u00edrport\u00e1l","article_publisher":"https:\/\/www.facebook.com\/dorogimedence\/","article_published_time":"2020-08-23T13:19:23+00:00","article_modified_time":"2020-08-23T13:19:31+00:00","og_image":[{"width":830,"height":450,"url":"https:\/\/i0.wp.com\/dorogimedence.hu\/wp-content\/uploads\/2020\/08\/nemeth-janos.jpg?fit=830%2C450&ssl=1","type":"image\/jpeg"}],"author":"dorogimedence.hu","twitter_card":"summary_large_image","twitter_misc":{"Szerz\u0151:":"dorogimedence.hu","Becs\u00fclt olvas\u00e1si id\u0151":"1 perc"},"schema":{"@context":"https:\/\/schema.org","@graph":[{"@type":"Article","@id":"https:\/\/dorogimedence.hu\/index.php\/2020\/08\/23\/elhunyt-nemeth-janos-az-esztergomi-bazilika-korabbi-plebanosa\/#article","isPartOf":{"@id":"https:\/\/dorogimedence.hu\/index.php\/2020\/08\/23\/elhunyt-nemeth-janos-az-esztergomi-bazilika-korabbi-plebanosa\/"},"author":{"name":"dorogimedence.hu","@id":"https:\/\/dorogimedence.hu\/#\/schema\/person\/ce6091eeb7e95ecdc87890d6aa8e0fd4"},"headline":"Elhunyt N\u00e9meth J\u00e1nos, az esztergomi bazilika kor\u00e1bbi pl\u00e9b\u00e1nosa","datePublished":"2020-08-23T13:19:23+00:00","dateModified":"2020-08-23T13:19:31+00:00","mainEntityOfPage":{"@id":"https:\/\/dorogimedence.hu\/index.php\/2020\/08\/23\/elhunyt-nemeth-janos-az-esztergomi-bazilika-korabbi-plebanosa\/"},"wordCount":264,"publisher":{"@id":"https:\/\/dorogimedence.hu\/#organization"},"image":{"@id":"https:\/\/dorogimedence.hu\/index.php\/2020\/08\/23\/elhunyt-nemeth-janos-az-esztergomi-bazilika-korabbi-plebanosa\/#primaryimage"},"thumbnailUrl":"https:\/\/dorogimedence.hu\/wp-content\/uploads\/2020\/08\/nemeth-janos.jpg","keywords":["Bazilika","Dr. N\u00e9meth J\u00e1nos","egyh\u00e1z","esztergom","gy\u00e1szh\u00edr","hal\u00e1lh\u00edr","katolikus","katolikus egyh\u00e1z"],"articleSection":["Esztergom","H\u00edrek"],"inLanguage":"hu"},{"@type":"WebPage","@id":"https:\/\/dorogimedence.hu\/index.php\/2020\/08\/23\/elhunyt-nemeth-janos-az-esztergomi-bazilika-korabbi-plebanosa\/","url":"https:\/\/dorogimedence.hu\/index.php\/2020\/08\/23\/elhunyt-nemeth-janos-az-esztergomi-bazilika-korabbi-plebanosa\/","name":"Elhunyt N\u00e9meth J\u00e1nos, az esztergomi bazilika kor\u00e1bbi pl\u00e9b\u00e1nosa","isPartOf":{"@id":"https:\/\/dorogimedence.hu\/#website"},"primaryImageOfPage":{"@id":"https:\/\/dorogimedence.hu\/index.php\/2020\/08\/23\/elhunyt-nemeth-janos-az-esztergomi-bazilika-korabbi-plebanosa\/#primaryimage"},"image":{"@id":"https:\/\/dorogimedence.hu\/index.php\/2020\/08\/23\/elhunyt-nemeth-janos-az-esztergomi-bazilika-korabbi-plebanosa\/#primaryimage"},"thumbnailUrl":"https:\/\/dorogimedence.hu\/wp-content\/uploads\/2020\/08\/nemeth-janos.jpg","datePublished":"2020-08-23T13:19:23+00:00","dateModified":"2020-08-23T13:19:31+00:00","breadcrumb":{"@id":"https:\/\/dorogimedence.hu\/index.php\/2020\/08\/23\/elhunyt-nemeth-janos-az-esztergomi-bazilika-korabbi-plebanosa\/#breadcrumb"},"inLanguage":"hu","potentialAction":[{"@type":"ReadAction","target":["https:\/\/dorogimedence.hu\/index.php\/2020\/08\/23\/elhunyt-nemeth-janos-az-esztergomi-bazilika-korabbi-plebanosa\/"]}]},{"@type":"ImageObject","inLanguage":"hu","@id":"https:\/\/dorogimedence.hu\/index.php\/2020\/08\/23\/elhunyt-nemeth-janos-az-esztergomi-bazilika-korabbi-plebanosa\/#primaryimage","url":"https:\/\/dorogimedence.hu\/wp-content\/uploads\/2020\/08\/nemeth-janos.jpg","contentUrl":"https:\/\/dorogimedence.hu\/wp-content\/uploads\/2020\/08\/nemeth-janos.jpg","width":830,"height":450},{"@type":"BreadcrumbList","@id":"https:\/\/dorogimedence.hu\/index.php\/2020\/08\/23\/elhunyt-nemeth-janos-az-esztergomi-bazilika-korabbi-plebanosa\/#breadcrumb","itemListElement":[{"@type":"ListItem","position":1,"name":"Kezd\u0151lap","item":"https:\/\/dorogimedence.hu\/"},{"@type":"ListItem","position":2,"name":"Elhunyt N\u00e9meth J\u00e1nos, az esztergomi bazilika kor\u00e1bbi pl\u00e9b\u00e1nosa"}]},{"@type":"WebSite","@id":"https:\/\/dorogimedence.hu\/#website","url":"https:\/\/dorogimedence.hu\/","name":"Dorogi-medence Region\u00e1lis H\u00edrport\u00e1l","description":"Dorog, Keszt\u00f6lc, Le\u00e1nyv\u00e1r, Piliscs\u00e9v, Tokod, Tokodalt\u00e1r\u00f3, Csolnok, Esztergom-kertv\u00e1ros: h\u00edrek, programok","publisher":{"@id":"https:\/\/dorogimedence.hu\/#organization"},"potentialAction":[{"@type":"SearchAction","target":{"@type":"EntryPoint","urlTemplate":"https:\/\/dorogimedence.hu\/?s={search_term_string}"},"query-input":{"@type":"PropertyValueSpecification","valueRequired":true,"valueName":"search_term_string"}}],"inLanguage":"hu"},{"@type":"Organization","@id":"https:\/\/dorogimedence.hu\/#organization","name":"Dorogi-medence Region\u00e1lis H\u00edrport\u00e1l","url":"https:\/\/dorogimedence.hu\/","logo":{"@type":"ImageObject","inLanguage":"hu","@id":"https:\/\/dorogimedence.hu\/#\/schema\/logo\/image\/","url":"https:\/\/dorogimedence.hu\/wp-content\/uploads\/2021\/04\/logo-feher-600.png","contentUrl":"https:\/\/dorogimedence.hu\/wp-content\/uploads\/2021\/04\/logo-feher-600.png","width":600,"height":100,"caption":"Dorogi-medence Region\u00e1lis H\u00edrport\u00e1l"},"image":{"@id":"https:\/\/dorogimedence.hu\/#\/schema\/logo\/image\/"},"sameAs":["https:\/\/www.facebook.com\/dorogimedence\/"]},{"@type":"Person","@id":"https:\/\/dorogimedence.hu\/#\/schema\/person\/ce6091eeb7e95ecdc87890d6aa8e0fd4","name":"dorogimedence.hu","image":{"@type":"ImageObject","inLanguage":"hu","@id":"\/\/www.gravatar.com\/avatar\/d8d45f8901aadff40a4af72c0b826f1d?s=96&#038;r=g&#038;d=mm","url":"\/\/www.gravatar.com\/avatar\/d8d45f8901aadff40a4af72c0b826f1d?s=96&#038;r=g&#038;d=mm","contentUrl":"\/\/www.gravatar.com\/avatar\/d8d45f8901aadff40a4af72c0b826f1d?s=96&#038;r=g&#038;d=mm","caption":"dorogimedence.hu"}}]}},"_links":{"self":[{"href":"https:\/\/dorogimedence.hu\/index.php\/wp-json\/wp\/v2\/posts\/26876","targetHints":{"allow":["GET"]}}],"collection":[{"href":"https:\/\/dorogimedence.hu\/index.php\/wp-json\/wp\/v2\/posts"}],"about":[{"href":"https:\/\/dorogimedence.hu\/index.php\/wp-json\/wp\/v2\/types\/post"}],"author":[{"embeddable":true,"href":"https:\/\/dorogimedence.hu\/index.php\/wp-json\/wp\/v2\/users\/1"}],"replies":[{"embeddable":true,"href":"https:\/\/dorogimedence.hu\/index.php\/wp-json\/wp\/v2\/comments?post=26876"}],"version-history":[{"count":0,"href":"https:\/\/dorogimedence.hu\/index.php\/wp-json\/wp\/v2\/posts\/26876\/revisions"}],"wp:featuredmedia":[{"embeddable":true,"href":"https:\/\/dorogimedence.hu\/index.php\/wp-json\/wp\/v2\/media\/26877"}],"wp:attachment":[{"href":"https:\/\/dorogimedence.hu\/index.php\/wp-json\/wp\/v2\/media?parent=26876"}],"wp:term":[{"taxonomy":"category","embeddable":true,"href":"https:\/\/dorogimedence.hu\/index.php\/wp-json\/wp\/v2\/categories?post=26876"},{"taxonomy":"post_tag","embeddable":true,"href":"https:\/\/dorogimedence.hu\/index.php\/wp-json\/wp\/v2\/tags?post=26876"}],"curies":[{"name":"wp","href":"https:\/\/api.w.org\/{rel}","templated":true}]}}