{"id":26848,"date":"2020-08-22T09:20:01","date_gmt":"2020-08-22T07:20:01","guid":{"rendered":"http:\/\/dorogimedence.hu\/?p=26848"},"modified":"2020-08-22T09:20:14","modified_gmt":"2020-08-22T07:20:14","slug":"a-szezon-elso-negyedenek-vegen-ezuttal-itthon","status":"publish","type":"post","link":"https:\/\/dorogimedence.hu\/index.php\/2020\/08\/22\/a-szezon-elso-negyedenek-vegen-ezuttal-itthon\/","title":{"rendered":"A szezon els\u0151 negyed\u00e9nek v\u00e9g\u00e9n ez\u00fattal itthon"},"content":{"rendered":"<p><strong>A vas\u00e1rnapi fordul\u00f3val az NB II-es labdar\u00fag\u00f3 bajnoks\u00e1g az els\u0151 \u00e9s m\u00e1sodik negyed\u00e9nek hat\u00e1r\u00e1ra \u00e9r, miut\u00e1n az 5. fordul\u00f3ra ker\u00fcl sor. Csapatunk a Gy\u0151ri ETO g\u00e1rd\u00e1j\u00e1t hazai p\u00e1ly\u00e1n fogadja a 17:30-kor kezd\u0151d\u0151 tal\u00e1lkoz\u00f3n. Az eddigi n\u00e9gy m\u00e9rk\u0151z\u00e9s alapj\u00e1n &#8211; amelyb\u0151l h\u00e1rom idegenben zajlott &#8211; bizakodva tekinthet\u00fcnk az \u00fajabb er\u0151pr\u00f3ba el\u00e9, s amennyiben siker\u00fcl az el\u0151z\u0151 h\u00e1rom fordul\u00f3 j\u00e1t\u00e9k\u00e1t megism\u00e9telni, \u00fagy j\u00f3 es\u00e9llyel v\u00e1rhatjuk az eddig m\u00e9g nyeretlen vend\u00e9gek elleni \u00f6sszecsap\u00e1st <\/strong><em>&#8211; Szab\u00f3 Gyula cikke.<\/em><\/p>\n<p>Az elm\u00falt fordul\u00f3ban a listavezet\u0151 Ny\u00edr\u00e1gyh\u00e1za otthon\u00e1ban remekelt a dorogi leg\u00e9nys\u00e9g \u00e9s nem sokon m\u00falott a m\u00e9gnagyobb brav\u00far. A pontszerz\u00e9s \u00edgy is d\u00edcs\u00e9retes, amely mellett a mutatott j\u00e1t\u00e9k legal\u00e1bb annyira \u00f6r\u00f6mteli volt. A mieink kezdtek \u00fagy, mint azt az \u00e9llovas \u00e9s h\u00e1zigazd\u00e1t\u00f3l lett volna elv\u00e1rhat\u00f3. Az els\u0151 negyed\u00f3r\u00e1ban kifejezetten nyomott a csapat \u00e9s t\u00f6bb kecsegtet\u0151 helyzetet is kialak\u00edtott a hazai kapu el\u0151tt, m\u00edg ebben a peri\u00f3dusban a ny\u00edrs\u00e9giek alig jutottak a mi kapunk k\u00f6zel\u00e9be \u00e9s akkor sem jelentettek vesz\u00e9lyt. A dorogi f\u00f6l\u00e9ny lend\u00fclete k\u00e9s\u0151bb al\u00e1bbhagyni l\u00e1tszott \u00e9s kiegyenl\u00edtettebb mez\u0151nyj\u00e1t\u00e9k folyt, de a dorogiak tov\u00e1bbra is b\u00e1tran vesz\u00e9lyeztettek, m\u00edg a 26. percben egy gy\u00f6ny\u00f6r\u0171 g\u00f3llal a vezet\u00e9st is megszerezt\u00e9k. Tal\u00e1latunk ak\u00e1r a fordul\u00f3 g\u00f3lj\u00e1nak is beillene, hiszen egy gyors, n\u00e9h\u00e1ny h\u00faz\u00e1sb\u00f3l \u00e1ll\u00f3 l\u00e1tv\u00e1nyos akci\u00f3 v\u00e9g\u00e9n sz\u00fcletett, amelyet vicces, de tal\u00e1l\u00f3 sz\u00f3j\u00e1t\u00e9kkal ak\u00e1r a &#8222;<em>Minden\u00e1ron&#8221;<\/em> n\u00e9vvel is illethetn\u00e9nk, ugyanis a f\u0151szerepl\u0151k csapatunk k\u00e9t \u00c1ronja, M\u00e9sz\u00e1ros \u00c1ron \u00e9s Girsik \u00c1ron voltak. Egy hossz\u00fa \u00e9s pontos ind\u00edt\u00e1s M\u00e9sz\u00e1rost tal\u00e1lta meg, aki a baloldali partvonaln\u00e1l nyak\u00e1n egy hazai j\u00e1t\u00e9kossal remek\u00fcl fedezte a j\u00e1t\u00e9kszert, amelyet egy l\u00e1tv\u00e1nyos sarkaz\u00e1ssal t\u00e1lalt a menetrendszer\u0171en \u00e9rkez\u0151 drusz\u00e1ja, Girsik el\u00e9. Fiatal t\u00e1mad\u00f3nk pedig egy veretes sprintet kiv\u00e1gva, lefutva a hazai v\u00e9d\u0151ket, mintegy 10 m\u00e9terr\u0151l a r\u00f6vid fels\u0151be bomb\u00e1zott. A f\u00e9lid\u0151 nagyr\u00e9sz\u00e9ben a dorogiak akarata \u00e9rv\u00e9nyes\u00fclt \u00e9s a hihetetlen sz\u00e1m\u00fa sz\u00f6glet is mutatja, hogy domin\u00e1ltak ebben a j\u00e1t\u00e9kr\u00e9szben. A m\u00e1sodik f\u00e9lid\u0151ben a Szpari nagy hajr\u00e1t igyekezett nyitni, szorgalmasan ostromolva a kapunkat, \u00e1m kev\u00e9s igaz\u00e1n nagy lehet\u0151s\u00fck akadt, azokn\u00e1l pedig Mursits par\u00e1d\u00e9zott. Ellent\u00e1mad\u00e1saink pedig rendre vesz\u00e9lyt jelentettek a m\u00e1sik oldalon. Tal\u00e1n a v\u00e9g\u00e9re csapatunk kiss\u00e9 el is f\u00e1radt \u00e9s ezt k\u00f6ny\u00f6rtelen\u00fcl kihaszn\u00e1lt\u00e1k a hazaiak. Egy sz\u00f6gletet k\u00f6vet\u0151en t\u00e9tov\u00e1ztak v\u00e9d\u0151ink, mik\u00f6zben&nbsp; egy visszafejelt labd\u00e1t lapattint\u00f3s l\u00f6v\u00e9ssel juttatt\u00e1k a kapunkba. Kis h\u00edj\u00e1n viszont siker\u00fclt visszaszerezni a vezet\u00e9st, ugyanis csapatunk a hajr\u00e1 perceiben bekapott g\u00f3l ellen\u00e9re sem bekkel\u00e9ssel akarta a kedvez\u0151 1-1-es \u00e1ll\u00e1st meg\u0151rizni, hanem mentek el\u0151re \u00e9s k\u00e9t nagy helyzet is ad\u00f3dott tov\u00e1bbi g\u00f3lszerz\u00e9re. F\u0151leg a legv\u00e9g\u00e9n Szerencsi ajt\u00f3-ablak helyzet\u00e9n\u00e9l, ahol csak egy picit higgadtabb a j\u00e1t\u00e9kosunk, illetve pontosabban c\u00e9loz, gy\u0151ztesen hagyjuk el a j\u00e1t\u00e9kteret. Azonban \u00edgy is egy nagyszer\u0171 meccsen egy kedvez\u0151 eredm\u00e9nyt \u00e9rt el a csapat, amellyel imm\u00e1r m\u00e1sodszor fogta meg a ny\u00edrs\u00e9gi csapatot, megfosztva \u0151ket az eddigi hib\u00e1tlan teljes\u00edtm\u00e9ny\u00fckt\u0151l \u00e9s vezet\u0151 poz\u00edci\u00f3jukt\u00f3l, tov\u00e1bb\u00e1 ezzel most m\u00e1r nincs kapott g\u00f3l n\u00e9lk\u00fcli csapat sem.<\/p>\n<p style=\"text-align: center;\"><img fetchpriority=\"high\" decoding=\"async\" class=\"alignnone size-full wp-image-26849\" src=\"https:\/\/dorogimedence.hu\/wp-content\/uploads\/2020\/08\/gyor-01.jpg\" alt=\"\" width=\"830\" height=\"553\" srcset=\"https:\/\/dorogimedence.hu\/wp-content\/uploads\/2020\/08\/gyor-01.jpg 830w, https:\/\/dorogimedence.hu\/wp-content\/uploads\/2020\/08\/gyor-01-300x200.jpg 300w, https:\/\/dorogimedence.hu\/wp-content\/uploads\/2020\/08\/gyor-01-768x512.jpg 768w, https:\/\/dorogimedence.hu\/wp-content\/uploads\/2020\/08\/gyor-01-589x392.jpg 589w, https:\/\/dorogimedence.hu\/wp-content\/uploads\/2020\/08\/gyor-01-272x182.jpg 272w\" sizes=\"(max-width: 830px) 100vw, 830px\" \/><em>Lel\u00e1t\u00f3k\u00e9p \u00e9s hangulat a Ny\u00edregyh\u00e1za &#8211; Dorog meccsen (forr\u00e1s: NYSFC)<\/em><\/p>\n<p>A m\u00e9rk\u0151z\u00e9s lel\u00e1t\u00f3i szempontb\u00f3l is eml\u00e9kezetes, egyben \u00f6r\u00f6mteli maradt. A hazai ultr\u00e1k egyik legmassz\u00edvabb csoportja fenn\u00e1ll\u00e1s\u00e1nak 25. \u00e9vfordul\u00f3j\u00e1t \u00fcnnepelte \u00e9s fantasztikus hangulat volt mindv\u00e9gig, egyben roppant sportszer\u0171 is. A dorogi drukkerek is megh\u00edv\u00e1st kaptak a hazaiakkal val\u00f3 k\u00f6z\u00f6s \u00fcnnepl\u00e9sre meccs el\u0151tt \u00e9s ut\u00e1n is. A dorogiak igaz\u00e1n reprezentat\u00edv aj\u00e1nd\u00e9kokkal is meglept\u00e9k az \u00fcnnepelt t\u00e1bort, s a k\u00e9t f\u00e9l k\u00f6z\u00f6tti bar\u00e1ts\u00e1g tov\u00e1bb er\u0151s\u00f6d\u00f6tt. A Dorog a d\u00f6ntetlennel is meg\u0151rizhette volna 7. hely\u00e9t, azonban a P\u00e9csen benyelt sok g\u00f3l miatti negat\u00edv g\u00f3lar\u00e1ny a mieinkkel pontazonoss\u00e1gban \u00e1ll\u00f3 tov\u00e1bbi h\u00e1rom csapat m\u00f6g\u00e9 veti, ez\u00e1ltal a 10. helyr\u0151l v\u00e1rhatjuk a folytat\u00e1st.&nbsp;<\/p>\n<p style=\"text-align: center;\"><img decoding=\"async\" class=\"alignnone size-full wp-image-26850\" src=\"https:\/\/dorogimedence.hu\/wp-content\/uploads\/2020\/08\/gyor-02.jpg\" alt=\"\" width=\"830\" height=\"407\" srcset=\"https:\/\/dorogimedence.hu\/wp-content\/uploads\/2020\/08\/gyor-02.jpg 830w, https:\/\/dorogimedence.hu\/wp-content\/uploads\/2020\/08\/gyor-02-300x147.jpg 300w, https:\/\/dorogimedence.hu\/wp-content\/uploads\/2020\/08\/gyor-02-768x377.jpg 768w\" sizes=\"(max-width: 830px) 100vw, 830px\" \/><em>A h\u00e1zigazd\u00e1k szurkol\u00f3t\u00e1bora a lengyel \u00e9s a b\u00e9k\u00e9scsabai bar\u00e1taik k\u00f6z\u00f6s \u00fcnnepl\u00e9se a dorogi drukkerekkel. \u00cdgy is lehet<\/em> \ud83d\ude42 <em>(forr\u00e1s: Mastiffs)<\/em><\/p>\n<p>A negyedik fordul\u00f3ban sem lanyhultak az izgalmak \u00e9s a sz\u00ednvonal sem, s\u0151t, ez a j\u00e1t\u00e9knap val\u00f3s\u00e1gos g\u00f3lfesztiv\u00e1lt is hozott. A dorogiakat jelenleg minden bizonnyal a legjobban szeret\u0151 ellenfel\u00fcnk a Debrecen, hiszen a Loki 3:0-\u00e1s hazai gy\u0151zelm\u00e9vel megtette ugyan a maga r\u00e9sz\u00e9t, azonban ahhoz, hogy az \u00e9lre ugorjon, kellett a dorogi brav\u00far is Ny\u00edregyh\u00e1z\u00e1n. A civisv\u00e1rosiak az eddig igen j\u00f3l szerepl\u0151 \u00e9s veretlen Szolnokot gy\u0151zt\u00e9k le. K\u00e9t helysz\u00ednen is volt \u00f6t g\u00f3lig jut\u00f3 csapat, r\u00e1ad\u00e1sul mindkett\u0151 vend\u00e9gg\u00e9nt volt ilyen term\u00e9keny. Az eddig igen j\u00f3 benyom\u00e1st tett \u00fajonc Szentl\u0151ric volt az egyik szenved\u0151 f\u00e9l, amely ideiglenes otthon\u00e1ban, Koz\u00e1rmislenyben v\u00e9rzett el a remek napot kifog\u00f3 Vasas ellen. Az angyalf\u00f6ldiek ez\u00fattal koncentr\u00e1ltabbak voltak a kapu el\u0151tti helyzeteikn\u00e9l \u00e9s f\u0151leg ennek k\u00f6sz\u00f6nhetik a kiad\u00f3s 5-1-es siker\u00fcket. Igaz, a h\u00e1zigazd\u00e1k ez\u00fattal sem j\u00e1tszottak al\u00e1rendelt szerepet, s sz\u00e9p\u00edt\u0151 g\u00f3ljuk egy \u00e9lm\u00e9nysz\u00e1mba men\u0151 hatalmas bombal\u00f6v\u00e9sb\u0151l sz\u00fcletett. A m\u00e1sik \u00f6t tal\u00e1latos csapat az Ajka volt Cs\u00e1kv\u00e1ron. Lehengerl\u0151 gy\u0151zelm\u00fckh\u00f6z az\u00e9rt kellett az emberel\u0151ny is. A hazaiak egyik j\u00e1t\u00e9kos\u00e1t ki\u00e1ll\u00edtott\u00e1k \u00e9s a vend\u00e9gek a hajr\u00e1 perceiben alaposan megsz\u00f3rt\u00e1k a Fej\u00e9r megyeieket. Szinte v\u00e9gig f\u00f6l\u00e9nyben j\u00e1tszott otthon a Halad\u00e1s a Szeged ellen, de csak a f\u00e9lid\u0151 legv\u00e9g\u00e9n siker\u00fclt el\u0151nyh\u00f6z jutniuk, amelyet a m\u00e1sodik j\u00e1t\u00e9kr\u00e9szben megdupl\u00e1ztak \u00e9s meg\u00e9rdemelten nyertek 2:0 ar\u00e1nyban. Igen v\u00e1ltozatos meccset hozott a Viharsarokban a B\u00e9k\u00e9scsaba-Kaposv\u00e1r \u00f6sszecsap\u00e1s, ahol a vend\u00e9gek fantasztikusan bekezdtek \u00e9s az els\u0151 f\u00e9lid\u0151 fel\u00e9re m\u00e1r k\u00e9t g\u00f3l mentek \u00e9s kapuf\u00e1t is r\u00fagtak, m\u00edg a hazaik r\u00e9sz\u00e9r\u0151l csak egy szab\u00e1lytalan g\u00f3lra futotta, amelyet \u00e9rtelemszer\u0171en nem adott meg a j\u00e1t\u00e9kvezet\u0151. A fordul\u00e1st k\u00f6vet\u0151en nagyon nyomni kezdett a hazai alakulat \u00e9s a volt dorogi, Paudits Patrik vez\u00e9rlet\u00e9vel egaliz\u00e1lni tudott, igaz, a hazaiak m\u00e9g vesztett \u00e1ll\u00e1sn\u00e1l emberel\u0151nybe ker\u00fcltek, de ett\u0151l f\u00fcggetlen\u00fcl is meg\u00e9rdemelt volt a pontment\u00e9s\u00fck \u00e9s v\u00e9g\u00fcl 2-2-vel z\u00e1rtak a csapatok. Szint\u00e9n v\u00e1ltozatos meccset \u00e9s \u00f6t g\u00f3lt hozott a DEAC vend\u00e9gj\u00e1t\u00e9ka Si\u00f3fokon. A hazaiak viszonylag korai g\u00f3lj\u00e1t siker\u00fclt m\u00e9g az els\u0151 j\u00e1t\u00e9kr\u00e9szben kiegyenl\u00edteni\u00fck, azt\u00e1n medd\u0151 mez\u0151nyj\u00e1t\u00e9k v\u00e9g\u00e9n a Balaton-partiak \u00fajfent vezet\u00e9shez jutottak, de perceken bel\u00fcl megint egaliz\u00e1lt Balogh P\u00e1l csapata. Azonban m\u00e9g ezzel nem volt v\u00e9ge, mert a Si\u00f3fok harmadszor is el\u0151nybe ker\u00fclt, amire m\u00e1r nem volt v\u00e1laszuk a hajd\u00fas\u00e1giaknak, akik ez\u00fattal nagyon k\u00f6zel \u00e1lltak a pontszerz\u00e9shez, de kics\u00faszott a kez\u00fck k\u00f6z\u00fcl. A Kazincbarcika el\u0151sz\u00f6r j\u00e1tszhatott igazi otthon\u00e1ban, miut\u00e1n \u00e1tadt\u00e1k \u00faj l\u00e9tes\u00edtm\u00e9ny\u00e9t, s ezzel megsz\u0171nt az \u00e9vekig tart\u00f3 putnoki alb\u00e9rlet\u00fck. A sporttelep avat\u00f3ja viszont nem sikeredett t\u00fal f\u00e9nyesre, mert a vend\u00e9g p\u00e9csiek minden szempontb\u00f3l a h\u00e1zigazd\u00e1k f\u00f6l\u00e9 kerekedtek \u00e9s b\u00e1r csak egy 11-es g\u00f3llal nyertek 1-0-ra a mecsekaljaiak, de meg\u00e9rdemelten vitt\u00e9k haza a pontokat Borsodb\u00f3l. Ugyancsak vend\u00e9gsiker sz\u00fcletett a m\u00e9g mindig tatab\u00e1nyai alb\u00e9rlet\u00e9ben vesztegl\u0151 Buda\u00f6rs \u00e9s a Gyirm\u00f3t tal\u00e1lkoz\u00f3j\u00e1n, ahol a kisalf\u00f6ldiek magabiztosan h\u00fazt\u00e1k be 3-1-re a meccset. Most m\u00e1r 40 meccs ment le 0:0-\u00e1s eredm\u00e9ny n\u00e9lk\u00fcl.<\/p>\n<p style=\"text-align: center;\"><img decoding=\"async\" class=\"alignnone size-full wp-image-26851\" src=\"https:\/\/dorogimedence.hu\/wp-content\/uploads\/2020\/08\/gyor-03.jpg\" alt=\"\" width=\"830\" height=\"897\" srcset=\"https:\/\/dorogimedence.hu\/wp-content\/uploads\/2020\/08\/gyor-03.jpg 830w, https:\/\/dorogimedence.hu\/wp-content\/uploads\/2020\/08\/gyor-03-278x300.jpg 278w, https:\/\/dorogimedence.hu\/wp-content\/uploads\/2020\/08\/gyor-03-768x830.jpg 768w\" sizes=\"(max-width: 830px) 100vw, 830px\" \/><em>Dorogi g\u00f3l\u00f6r\u00f6m a legut\u00f3bbi ETO elleni m\u00e9rk\u0151z\u00e9sen<\/em><\/p>\n<p>H\u00e9tv\u00e9gi ellenfel\u00fcnk, a Gy\u0151r az utols\u00f3 pillanatban mentett pontot odahaza a Soroks\u00e1r ellen. Lipcsei P\u00e9ter fiai ez\u00fattal is sz\u00e1mos helyzetet alak\u00edtottak ki, most viszont be is tal\u00e1ltak az egyikb\u0151l \u00e9s sok\u00e1ig \u00fagy tetszett, hogy a gy\u0151zelem is meg lesz, de a hosszabb\u00edt\u00e1s perceinek v\u00e9g\u00e9n az ETO begy\u00f6t\u00f6rt egy g\u00f3lt, \u00edgy egy ponttal gyarapodhattak, b\u00e1r tov\u00e1bbra is nyeretlen a z\u00f6ld-feh\u00e9r g\u00e1rda. \u00c9ppen ez\u00e9rt is bizakodnak \u00e9s nagyon fogadkoznak a gy\u0151riek, hogy majd Dorogon nyerni tudnak. T\u00e9ny, hogy keret\u00fck ann\u00e1l j\u00f3val er\u0151sebb, mint ahogy azt az eddigi harmatosabb eredm\u00e9nyeik mutatj\u00e1k \u00e9s felt\u00e9tlen r\u00e9sz\u00fckr\u0151l pozit\u00edvum, hogy minden eddigi meccs\u00fck\u00f6n betal\u00e1ltak, P\u00e9csen k\u00e9tszer is. Ami ugyanakkor a mieinket er\u0151s\u00edti, az az el\u0151z\u0151 fordul\u00f3kban mutatott j\u00e1t\u00e9k, k\u00fcl\u00f6n\u00f6sen a Ny\u00edregyh\u00e1z\u00e1n tapasztalt, helyenk\u00e9nt l\u00e1tv\u00e1nyos kombin\u00e1ci\u00f3k \u00e9s egyel\u0151re a Dorog egys\u00e9gesebbnek t\u0171nik. Legut\u00f3bb tavaly okt\u00f3berben tal\u00e1lkozott egym\u00e1ssal a k\u00e9t g\u00e1rda, m\u00e9gpedig Dorogon, ahol magabiztosan vert\u00fck \u0151ket 3:0 ar\u00e1nyban. Az akkori meccs h\u0151se, a tripl\u00e1z\u00f3 D\u00e9lczeg Gergelyre ez\u00fattal nem sz\u00e1m\u00edthatunk, de rem\u00e9nyeink szerint akadnak olyanok n\u00e1lunk, akik g\u00f3ll\u00f6v\u0151 form\u00e1ban lesznek. Nagyon \u00f6r\u00fcln\u00e9nk, ha ifj\u00fa rem\u00e9nys\u00e9g\u00fcnk, Girsik \u00c1ron tov\u00e1bbra is tudn\u00e1 hozni a meccsenk\u00e9nti g\u00f3l\u00e1tlagot. A Gy\u0151riek elleni ut\u00f3bbi \u00e9vekben j\u00e1tszott hazai meccseink kifejezetten j\u00f3l alakultak, hiszen 2015 \u00e9s 2019 k\u00f6z\u00f6tt zajlott n\u00e9gy hazai meccs\u00fcnket rendre b\u00fahuztuk \u00e9s Gy\u0151rben is veretlenek maradtunk.&nbsp;<\/p>\n<p>A k\u00e9t f\u00e9l 51. alkalommal fog p\u00e1ly\u00e1ra l\u00e9pni egym\u00e1s ellen ahol az eddigi <strong><em>50 meccsen 18 dorogi gy\u0151zelem, 14 d\u00f6ntetlen, 18 veres\u00e9g, 80:77-es g\u00f3lar\u00e1ny<\/em><\/strong>.<\/p>\n<p>Hazai m\u00e9rleg\u00fcnk: <strong><em>27 meccsen 12 gy\u0151zelem, 8 d\u00f6ntetlen, 7 veres\u00e9g, 48:38-as g\u00f3lar\u00e1ny.<\/em><\/strong><\/p>\n<p>Amennyiben csak a bajnoki tal\u00e1lkoz\u00f3kat vesz\u00fck figyelembe, \u00fagy <strong><em>43 m\u00e9rk\u0151z\u00e9sen 16 dorogi gy\u0151zelem, 14 d\u00f6ntetlen, 13 veres\u00e9g, 70:64-es g\u00f3lar\u00e1ny.<\/em><\/strong> Ezt az\u00e9rt \u00e9rdemes k\u00fcl\u00f6n kezelni, mert 7 m\u00e9rk\u0151z\u00e9s kupatal\u00e1lkoz\u00f3 volt, ahol z\u00f6m\u00e9ben az ETO egy-, illetve k\u00e9t oszt\u00e1llyal feljebb j\u00e1tszott.<\/p>\n<p>Csak a bajnokikat figyelembe v\u00e9ve hazai m\u00e9rleg\u00fcnk: <strong><em>22 m\u00e9rk\u0151z\u00e9sen 10 gy\u0151zelem, 8 d\u00f6ntetlen, 4 veres\u00e9g, 41:31-es g\u00f3lar\u00e1ny.<\/em><\/strong><\/p>\n<p>A jelenlegi helyzetben megint mi j\u00e1tszhatunk nyugodtabban \u00e9s felszabadultabban, hiszen ez\u00fattal is ellenfel\u00fcnknek van t\u00f6bb vesz\u00edteni val\u00f3ja \u00e9s nyomja \u0151ket a gy\u0151zelmi \u00e9s bizony\u00edt\u00e1si k\u00e9nyszer. B\u00edzunk a hasonl\u00f3 j\u00f3 folytat\u00e1sban \u00e9s egy esetleges gy\u0151zelm\u00fcnkkel igencsak meger\u0151s\u00edthetn\u00e9nk hely\u00fcnket a k\u00f6z\u00e9pmez\u0151nyben. Ezen fel\u00fcl a h\u00e1l\u00e1s \u00e9s lelkes dorogi publikum meg\u00e9rdemli, hogy hazai p\u00e1ly\u00e1n is hasonl\u00f3 sikerekben legyen r\u00e9sze, mint a k\u00e9t kor\u00e1bbi idegenbeli fordul\u00f3 sor\u00e1n. A statisztika \u00e9s a m\u00e9rleg mellett\u00fcnk sz\u00f3l, de ez \u00f6nmag\u00e1ban nem elegend\u0151. Odaad\u00f3, al\u00e1zatos hozz\u00e1\u00e1ll\u00e1ssal, koncentr\u00e1lts\u00e1ggal nagyon j\u00f3 es\u00e9ly\u00fcnk lenne a pontjaink gyarap\u00edt\u00e1s\u00e1ra.<\/p>\n<p><em>Forr\u00e1s: Szab\u00f3 Gyula<\/em><\/p>\n","protected":false},"excerpt":{"rendered":"<p>A vas\u00e1rnapi fordul\u00f3val az NB II-es labdar\u00fag\u00f3 bajnoks\u00e1g az els\u0151 \u00e9s m\u00e1sodik negyed\u00e9nek hat\u00e1r\u00e1ra \u00e9r, miut\u00e1n az 5. fordul\u00f3ra ker\u00fcl sor. Csapatunk a Gy\u0151ri ETO g\u00e1rd\u00e1j\u00e1t hazai p\u00e1ly\u00e1n fogadja a 17:30-kor kezd\u0151d\u0151 tal\u00e1lkoz\u00f3n. Az eddigi n\u00e9gy m\u00e9rk\u0151z\u00e9s alapj\u00e1n &#8211; amelyb\u0151l h\u00e1rom idegenben zajlott &#8211; bizakodva tekinthet\u00fcnk az \u00fajabb er\u0151pr\u00f3ba el\u00e9, s amennyiben siker\u00fcl az el\u0151z\u0151<\/p>\n","protected":false},"author":1,"featured_media":20506,"comment_status":"closed","ping_status":"closed","sticky":false,"template":"","format":"standard","meta":{"ngg_post_thumbnail":0,"footnotes":""},"categories":[2,3,5],"tags":[15,37,70,69,2311,3169,72,263,16],"class_list":{"0":"post-26848","1":"post","2":"type-post","3":"status-publish","4":"format-standard","5":"has-post-thumbnail","7":"category-dorog","8":"category-hirek","9":"category-sport","10":"tag-dorog","11":"tag-dorogi-fc","12":"tag-foci","13":"tag-futball","14":"tag-gyor","15":"tag-gyori-eto","16":"tag-labdarugas","17":"tag-nb-ii","18":"tag-sport"},"yoast_head":"<!-- This site is optimized with the Yoast SEO plugin v27.5 - https:\/\/yoast.com\/product\/yoast-seo-wordpress\/ -->\n<title>A szezon els\u0151 negyed\u00e9nek v\u00e9g\u00e9n ez\u00fattal itthon<\/title>\n<meta name=\"robots\" content=\"index, follow, max-snippet:-1, max-image-preview:large, max-video-preview:-1\" \/>\n<link rel=\"canonical\" href=\"https:\/\/dorogimedence.hu\/index.php\/2020\/08\/22\/a-szezon-elso-negyedenek-vegen-ezuttal-itthon\/\" class=\"yoast-seo-meta-tag\" \/>\n<meta property=\"og:locale\" content=\"hu_HU\" class=\"yoast-seo-meta-tag\" \/>\n<meta property=\"og:type\" content=\"article\" class=\"yoast-seo-meta-tag\" \/>\n<meta property=\"og:title\" content=\"A szezon els\u0151 negyed\u00e9nek v\u00e9g\u00e9n ez\u00fattal itthon\" class=\"yoast-seo-meta-tag\" \/>\n<meta property=\"og:description\" content=\"A vas\u00e1rnapi fordul\u00f3val az NB II-es labdar\u00fag\u00f3 bajnoks\u00e1g az els\u0151 \u00e9s m\u00e1sodik negyed\u00e9nek hat\u00e1r\u00e1ra \u00e9r, miut\u00e1n az 5. fordul\u00f3ra ker\u00fcl sor. Csapatunk a Gy\u0151ri ETO g\u00e1rd\u00e1j\u00e1t hazai p\u00e1ly\u00e1n fogadja a 17:30-kor kezd\u0151d\u0151 tal\u00e1lkoz\u00f3n. Az eddigi n\u00e9gy m\u00e9rk\u0151z\u00e9s alapj\u00e1n &#8211; amelyb\u0151l h\u00e1rom idegenben zajlott &#8211; bizakodva tekinthet\u00fcnk az \u00fajabb er\u0151pr\u00f3ba el\u00e9, s amennyiben siker\u00fcl az el\u0151z\u0151\" class=\"yoast-seo-meta-tag\" \/>\n<meta property=\"og:url\" content=\"https:\/\/dorogimedence.hu\/index.php\/2020\/08\/22\/a-szezon-elso-negyedenek-vegen-ezuttal-itthon\/\" class=\"yoast-seo-meta-tag\" \/>\n<meta property=\"og:site_name\" content=\"Dorogi-medence Region\u00e1lis H\u00edrport\u00e1l\" class=\"yoast-seo-meta-tag\" \/>\n<meta property=\"article:publisher\" content=\"https:\/\/www.facebook.com\/dorogimedence\/\" class=\"yoast-seo-meta-tag\" \/>\n<meta property=\"article:published_time\" content=\"2020-08-22T07:20:01+00:00\" class=\"yoast-seo-meta-tag\" \/>\n<meta property=\"article:modified_time\" content=\"2020-08-22T07:20:14+00:00\" class=\"yoast-seo-meta-tag\" \/>\n<meta property=\"og:image\" content=\"https:\/\/i0.wp.com\/dorogimedence.hu\/wp-content\/uploads\/2019\/10\/dorog-gyor.jpg?fit=670%2C365&ssl=1\" class=\"yoast-seo-meta-tag\" \/>\n\t<meta property=\"og:image:width\" content=\"670\" class=\"yoast-seo-meta-tag\" \/>\n\t<meta property=\"og:image:height\" content=\"365\" class=\"yoast-seo-meta-tag\" \/>\n\t<meta property=\"og:image:type\" content=\"image\/jpeg\" class=\"yoast-seo-meta-tag\" \/>\n<meta name=\"author\" content=\"dorogimedence.hu\" class=\"yoast-seo-meta-tag\" \/>\n<meta name=\"twitter:card\" content=\"summary_large_image\" class=\"yoast-seo-meta-tag\" \/>\n<meta name=\"twitter:label1\" content=\"Szerz\u0151:\" class=\"yoast-seo-meta-tag\" \/>\n\t<meta name=\"twitter:data1\" content=\"dorogimedence.hu\" class=\"yoast-seo-meta-tag\" \/>\n\t<meta name=\"twitter:label2\" content=\"Becs\u00fclt olvas\u00e1si id\u0151\" class=\"yoast-seo-meta-tag\" \/>\n\t<meta name=\"twitter:data2\" content=\"11 perc\" class=\"yoast-seo-meta-tag\" \/>\n<script type=\"application\/ld+json\" class=\"yoast-schema-graph\">{\"@context\":\"https:\\\/\\\/schema.org\",\"@graph\":[{\"@type\":\"Article\",\"@id\":\"https:\\\/\\\/dorogimedence.hu\\\/index.php\\\/2020\\\/08\\\/22\\\/a-szezon-elso-negyedenek-vegen-ezuttal-itthon\\\/#article\",\"isPartOf\":{\"@id\":\"https:\\\/\\\/dorogimedence.hu\\\/index.php\\\/2020\\\/08\\\/22\\\/a-szezon-elso-negyedenek-vegen-ezuttal-itthon\\\/\"},\"author\":{\"name\":\"dorogimedence.hu\",\"@id\":\"https:\\\/\\\/dorogimedence.hu\\\/#\\\/schema\\\/person\\\/ce6091eeb7e95ecdc87890d6aa8e0fd4\"},\"headline\":\"A szezon els\u0151 negyed\u00e9nek v\u00e9g\u00e9n ez\u00fattal itthon\",\"datePublished\":\"2020-08-22T07:20:01+00:00\",\"dateModified\":\"2020-08-22T07:20:14+00:00\",\"mainEntityOfPage\":{\"@id\":\"https:\\\/\\\/dorogimedence.hu\\\/index.php\\\/2020\\\/08\\\/22\\\/a-szezon-elso-negyedenek-vegen-ezuttal-itthon\\\/\"},\"wordCount\":2138,\"publisher\":{\"@id\":\"https:\\\/\\\/dorogimedence.hu\\\/#organization\"},\"image\":{\"@id\":\"https:\\\/\\\/dorogimedence.hu\\\/index.php\\\/2020\\\/08\\\/22\\\/a-szezon-elso-negyedenek-vegen-ezuttal-itthon\\\/#primaryimage\"},\"thumbnailUrl\":\"https:\\\/\\\/dorogimedence.hu\\\/wp-content\\\/uploads\\\/2019\\\/10\\\/dorog-gyor.jpg\",\"keywords\":[\"Dorog\",\"Dorogi FC\",\"foci\",\"futball\",\"Gy\u0151r\",\"Gy\u0151ri ETO\",\"labdar\u00fag\u00e1s\",\"NB II\",\"sport\"],\"articleSection\":[\"Dorog\",\"H\u00edrek\",\"Sport\"],\"inLanguage\":\"hu\"},{\"@type\":\"WebPage\",\"@id\":\"https:\\\/\\\/dorogimedence.hu\\\/index.php\\\/2020\\\/08\\\/22\\\/a-szezon-elso-negyedenek-vegen-ezuttal-itthon\\\/\",\"url\":\"https:\\\/\\\/dorogimedence.hu\\\/index.php\\\/2020\\\/08\\\/22\\\/a-szezon-elso-negyedenek-vegen-ezuttal-itthon\\\/\",\"name\":\"A szezon els\u0151 negyed\u00e9nek v\u00e9g\u00e9n ez\u00fattal itthon\",\"isPartOf\":{\"@id\":\"https:\\\/\\\/dorogimedence.hu\\\/#website\"},\"primaryImageOfPage\":{\"@id\":\"https:\\\/\\\/dorogimedence.hu\\\/index.php\\\/2020\\\/08\\\/22\\\/a-szezon-elso-negyedenek-vegen-ezuttal-itthon\\\/#primaryimage\"},\"image\":{\"@id\":\"https:\\\/\\\/dorogimedence.hu\\\/index.php\\\/2020\\\/08\\\/22\\\/a-szezon-elso-negyedenek-vegen-ezuttal-itthon\\\/#primaryimage\"},\"thumbnailUrl\":\"https:\\\/\\\/dorogimedence.hu\\\/wp-content\\\/uploads\\\/2019\\\/10\\\/dorog-gyor.jpg\",\"datePublished\":\"2020-08-22T07:20:01+00:00\",\"dateModified\":\"2020-08-22T07:20:14+00:00\",\"breadcrumb\":{\"@id\":\"https:\\\/\\\/dorogimedence.hu\\\/index.php\\\/2020\\\/08\\\/22\\\/a-szezon-elso-negyedenek-vegen-ezuttal-itthon\\\/#breadcrumb\"},\"inLanguage\":\"hu\",\"potentialAction\":[{\"@type\":\"ReadAction\",\"target\":[\"https:\\\/\\\/dorogimedence.hu\\\/index.php\\\/2020\\\/08\\\/22\\\/a-szezon-elso-negyedenek-vegen-ezuttal-itthon\\\/\"]}]},{\"@type\":\"ImageObject\",\"inLanguage\":\"hu\",\"@id\":\"https:\\\/\\\/dorogimedence.hu\\\/index.php\\\/2020\\\/08\\\/22\\\/a-szezon-elso-negyedenek-vegen-ezuttal-itthon\\\/#primaryimage\",\"url\":\"https:\\\/\\\/dorogimedence.hu\\\/wp-content\\\/uploads\\\/2019\\\/10\\\/dorog-gyor.jpg\",\"contentUrl\":\"https:\\\/\\\/dorogimedence.hu\\\/wp-content\\\/uploads\\\/2019\\\/10\\\/dorog-gyor.jpg\",\"width\":670,\"height\":365},{\"@type\":\"BreadcrumbList\",\"@id\":\"https:\\\/\\\/dorogimedence.hu\\\/index.php\\\/2020\\\/08\\\/22\\\/a-szezon-elso-negyedenek-vegen-ezuttal-itthon\\\/#breadcrumb\",\"itemListElement\":[{\"@type\":\"ListItem\",\"position\":1,\"name\":\"Kezd\u0151lap\",\"item\":\"https:\\\/\\\/dorogimedence.hu\\\/\"},{\"@type\":\"ListItem\",\"position\":2,\"name\":\"A szezon els\u0151 negyed\u00e9nek v\u00e9g\u00e9n ez\u00fattal itthon\"}]},{\"@type\":\"WebSite\",\"@id\":\"https:\\\/\\\/dorogimedence.hu\\\/#website\",\"url\":\"https:\\\/\\\/dorogimedence.hu\\\/\",\"name\":\"Dorogi-medence Region\u00e1lis H\u00edrport\u00e1l\",\"description\":\"Dorog, Keszt\u00f6lc, Le\u00e1nyv\u00e1r, Piliscs\u00e9v, Tokod, Tokodalt\u00e1r\u00f3, Csolnok, Esztergom-kertv\u00e1ros: h\u00edrek, programok\",\"publisher\":{\"@id\":\"https:\\\/\\\/dorogimedence.hu\\\/#organization\"},\"potentialAction\":[{\"@type\":\"SearchAction\",\"target\":{\"@type\":\"EntryPoint\",\"urlTemplate\":\"https:\\\/\\\/dorogimedence.hu\\\/?s={search_term_string}\"},\"query-input\":{\"@type\":\"PropertyValueSpecification\",\"valueRequired\":true,\"valueName\":\"search_term_string\"}}],\"inLanguage\":\"hu\"},{\"@type\":\"Organization\",\"@id\":\"https:\\\/\\\/dorogimedence.hu\\\/#organization\",\"name\":\"Dorogi-medence Region\u00e1lis H\u00edrport\u00e1l\",\"url\":\"https:\\\/\\\/dorogimedence.hu\\\/\",\"logo\":{\"@type\":\"ImageObject\",\"inLanguage\":\"hu\",\"@id\":\"https:\\\/\\\/dorogimedence.hu\\\/#\\\/schema\\\/logo\\\/image\\\/\",\"url\":\"https:\\\/\\\/dorogimedence.hu\\\/wp-content\\\/uploads\\\/2021\\\/04\\\/logo-feher-600.png\",\"contentUrl\":\"https:\\\/\\\/dorogimedence.hu\\\/wp-content\\\/uploads\\\/2021\\\/04\\\/logo-feher-600.png\",\"width\":600,\"height\":100,\"caption\":\"Dorogi-medence Region\u00e1lis H\u00edrport\u00e1l\"},\"image\":{\"@id\":\"https:\\\/\\\/dorogimedence.hu\\\/#\\\/schema\\\/logo\\\/image\\\/\"},\"sameAs\":[\"https:\\\/\\\/www.facebook.com\\\/dorogimedence\\\/\"]},{\"@type\":\"Person\",\"@id\":\"https:\\\/\\\/dorogimedence.hu\\\/#\\\/schema\\\/person\\\/ce6091eeb7e95ecdc87890d6aa8e0fd4\",\"name\":\"dorogimedence.hu\",\"image\":{\"@type\":\"ImageObject\",\"inLanguage\":\"hu\",\"@id\":\"\\\/\\\/www.gravatar.com\\\/avatar\\\/d8d45f8901aadff40a4af72c0b826f1d?s=96&#038;r=g&#038;d=mm\",\"url\":\"\\\/\\\/www.gravatar.com\\\/avatar\\\/d8d45f8901aadff40a4af72c0b826f1d?s=96&#038;r=g&#038;d=mm\",\"contentUrl\":\"\\\/\\\/www.gravatar.com\\\/avatar\\\/d8d45f8901aadff40a4af72c0b826f1d?s=96&#038;r=g&#038;d=mm\",\"caption\":\"dorogimedence.hu\"}}]}<\/script>\n<!-- \/ Yoast SEO plugin. -->","yoast_head_json":{"title":"A szezon els\u0151 negyed\u00e9nek v\u00e9g\u00e9n ez\u00fattal itthon","robots":{"index":"index","follow":"follow","max-snippet":"max-snippet:-1","max-image-preview":"max-image-preview:large","max-video-preview":"max-video-preview:-1"},"canonical":"https:\/\/dorogimedence.hu\/index.php\/2020\/08\/22\/a-szezon-elso-negyedenek-vegen-ezuttal-itthon\/","og_locale":"hu_HU","og_type":"article","og_title":"A szezon els\u0151 negyed\u00e9nek v\u00e9g\u00e9n ez\u00fattal itthon","og_description":"A vas\u00e1rnapi fordul\u00f3val az NB II-es labdar\u00fag\u00f3 bajnoks\u00e1g az els\u0151 \u00e9s m\u00e1sodik negyed\u00e9nek hat\u00e1r\u00e1ra \u00e9r, miut\u00e1n az 5. fordul\u00f3ra ker\u00fcl sor. Csapatunk a Gy\u0151ri ETO g\u00e1rd\u00e1j\u00e1t hazai p\u00e1ly\u00e1n fogadja a 17:30-kor kezd\u0151d\u0151 tal\u00e1lkoz\u00f3n. Az eddigi n\u00e9gy m\u00e9rk\u0151z\u00e9s alapj\u00e1n &#8211; amelyb\u0151l h\u00e1rom idegenben zajlott &#8211; bizakodva tekinthet\u00fcnk az \u00fajabb er\u0151pr\u00f3ba el\u00e9, s amennyiben siker\u00fcl az el\u0151z\u0151","og_url":"https:\/\/dorogimedence.hu\/index.php\/2020\/08\/22\/a-szezon-elso-negyedenek-vegen-ezuttal-itthon\/","og_site_name":"Dorogi-medence Region\u00e1lis H\u00edrport\u00e1l","article_publisher":"https:\/\/www.facebook.com\/dorogimedence\/","article_published_time":"2020-08-22T07:20:01+00:00","article_modified_time":"2020-08-22T07:20:14+00:00","og_image":[{"width":670,"height":365,"url":"https:\/\/i0.wp.com\/dorogimedence.hu\/wp-content\/uploads\/2019\/10\/dorog-gyor.jpg?fit=670%2C365&ssl=1","type":"image\/jpeg"}],"author":"dorogimedence.hu","twitter_card":"summary_large_image","twitter_misc":{"Szerz\u0151:":"dorogimedence.hu","Becs\u00fclt olvas\u00e1si id\u0151":"11 perc"},"schema":{"@context":"https:\/\/schema.org","@graph":[{"@type":"Article","@id":"https:\/\/dorogimedence.hu\/index.php\/2020\/08\/22\/a-szezon-elso-negyedenek-vegen-ezuttal-itthon\/#article","isPartOf":{"@id":"https:\/\/dorogimedence.hu\/index.php\/2020\/08\/22\/a-szezon-elso-negyedenek-vegen-ezuttal-itthon\/"},"author":{"name":"dorogimedence.hu","@id":"https:\/\/dorogimedence.hu\/#\/schema\/person\/ce6091eeb7e95ecdc87890d6aa8e0fd4"},"headline":"A szezon els\u0151 negyed\u00e9nek v\u00e9g\u00e9n ez\u00fattal itthon","datePublished":"2020-08-22T07:20:01+00:00","dateModified":"2020-08-22T07:20:14+00:00","mainEntityOfPage":{"@id":"https:\/\/dorogimedence.hu\/index.php\/2020\/08\/22\/a-szezon-elso-negyedenek-vegen-ezuttal-itthon\/"},"wordCount":2138,"publisher":{"@id":"https:\/\/dorogimedence.hu\/#organization"},"image":{"@id":"https:\/\/dorogimedence.hu\/index.php\/2020\/08\/22\/a-szezon-elso-negyedenek-vegen-ezuttal-itthon\/#primaryimage"},"thumbnailUrl":"https:\/\/dorogimedence.hu\/wp-content\/uploads\/2019\/10\/dorog-gyor.jpg","keywords":["Dorog","Dorogi FC","foci","futball","Gy\u0151r","Gy\u0151ri ETO","labdar\u00fag\u00e1s","NB II","sport"],"articleSection":["Dorog","H\u00edrek","Sport"],"inLanguage":"hu"},{"@type":"WebPage","@id":"https:\/\/dorogimedence.hu\/index.php\/2020\/08\/22\/a-szezon-elso-negyedenek-vegen-ezuttal-itthon\/","url":"https:\/\/dorogimedence.hu\/index.php\/2020\/08\/22\/a-szezon-elso-negyedenek-vegen-ezuttal-itthon\/","name":"A szezon els\u0151 negyed\u00e9nek v\u00e9g\u00e9n ez\u00fattal itthon","isPartOf":{"@id":"https:\/\/dorogimedence.hu\/#website"},"primaryImageOfPage":{"@id":"https:\/\/dorogimedence.hu\/index.php\/2020\/08\/22\/a-szezon-elso-negyedenek-vegen-ezuttal-itthon\/#primaryimage"},"image":{"@id":"https:\/\/dorogimedence.hu\/index.php\/2020\/08\/22\/a-szezon-elso-negyedenek-vegen-ezuttal-itthon\/#primaryimage"},"thumbnailUrl":"https:\/\/dorogimedence.hu\/wp-content\/uploads\/2019\/10\/dorog-gyor.jpg","datePublished":"2020-08-22T07:20:01+00:00","dateModified":"2020-08-22T07:20:14+00:00","breadcrumb":{"@id":"https:\/\/dorogimedence.hu\/index.php\/2020\/08\/22\/a-szezon-elso-negyedenek-vegen-ezuttal-itthon\/#breadcrumb"},"inLanguage":"hu","potentialAction":[{"@type":"ReadAction","target":["https:\/\/dorogimedence.hu\/index.php\/2020\/08\/22\/a-szezon-elso-negyedenek-vegen-ezuttal-itthon\/"]}]},{"@type":"ImageObject","inLanguage":"hu","@id":"https:\/\/dorogimedence.hu\/index.php\/2020\/08\/22\/a-szezon-elso-negyedenek-vegen-ezuttal-itthon\/#primaryimage","url":"https:\/\/dorogimedence.hu\/wp-content\/uploads\/2019\/10\/dorog-gyor.jpg","contentUrl":"https:\/\/dorogimedence.hu\/wp-content\/uploads\/2019\/10\/dorog-gyor.jpg","width":670,"height":365},{"@type":"BreadcrumbList","@id":"https:\/\/dorogimedence.hu\/index.php\/2020\/08\/22\/a-szezon-elso-negyedenek-vegen-ezuttal-itthon\/#breadcrumb","itemListElement":[{"@type":"ListItem","position":1,"name":"Kezd\u0151lap","item":"https:\/\/dorogimedence.hu\/"},{"@type":"ListItem","position":2,"name":"A szezon els\u0151 negyed\u00e9nek v\u00e9g\u00e9n ez\u00fattal itthon"}]},{"@type":"WebSite","@id":"https:\/\/dorogimedence.hu\/#website","url":"https:\/\/dorogimedence.hu\/","name":"Dorogi-medence Region\u00e1lis H\u00edrport\u00e1l","description":"Dorog, Keszt\u00f6lc, Le\u00e1nyv\u00e1r, Piliscs\u00e9v, Tokod, Tokodalt\u00e1r\u00f3, Csolnok, Esztergom-kertv\u00e1ros: h\u00edrek, programok","publisher":{"@id":"https:\/\/dorogimedence.hu\/#organization"},"potentialAction":[{"@type":"SearchAction","target":{"@type":"EntryPoint","urlTemplate":"https:\/\/dorogimedence.hu\/?s={search_term_string}"},"query-input":{"@type":"PropertyValueSpecification","valueRequired":true,"valueName":"search_term_string"}}],"inLanguage":"hu"},{"@type":"Organization","@id":"https:\/\/dorogimedence.hu\/#organization","name":"Dorogi-medence Region\u00e1lis H\u00edrport\u00e1l","url":"https:\/\/dorogimedence.hu\/","logo":{"@type":"ImageObject","inLanguage":"hu","@id":"https:\/\/dorogimedence.hu\/#\/schema\/logo\/image\/","url":"https:\/\/dorogimedence.hu\/wp-content\/uploads\/2021\/04\/logo-feher-600.png","contentUrl":"https:\/\/dorogimedence.hu\/wp-content\/uploads\/2021\/04\/logo-feher-600.png","width":600,"height":100,"caption":"Dorogi-medence Region\u00e1lis H\u00edrport\u00e1l"},"image":{"@id":"https:\/\/dorogimedence.hu\/#\/schema\/logo\/image\/"},"sameAs":["https:\/\/www.facebook.com\/dorogimedence\/"]},{"@type":"Person","@id":"https:\/\/dorogimedence.hu\/#\/schema\/person\/ce6091eeb7e95ecdc87890d6aa8e0fd4","name":"dorogimedence.hu","image":{"@type":"ImageObject","inLanguage":"hu","@id":"\/\/www.gravatar.com\/avatar\/d8d45f8901aadff40a4af72c0b826f1d?s=96&#038;r=g&#038;d=mm","url":"\/\/www.gravatar.com\/avatar\/d8d45f8901aadff40a4af72c0b826f1d?s=96&#038;r=g&#038;d=mm","contentUrl":"\/\/www.gravatar.com\/avatar\/d8d45f8901aadff40a4af72c0b826f1d?s=96&#038;r=g&#038;d=mm","caption":"dorogimedence.hu"}}]}},"_links":{"self":[{"href":"https:\/\/dorogimedence.hu\/index.php\/wp-json\/wp\/v2\/posts\/26848","targetHints":{"allow":["GET"]}}],"collection":[{"href":"https:\/\/dorogimedence.hu\/index.php\/wp-json\/wp\/v2\/posts"}],"about":[{"href":"https:\/\/dorogimedence.hu\/index.php\/wp-json\/wp\/v2\/types\/post"}],"author":[{"embeddable":true,"href":"https:\/\/dorogimedence.hu\/index.php\/wp-json\/wp\/v2\/users\/1"}],"replies":[{"embeddable":true,"href":"https:\/\/dorogimedence.hu\/index.php\/wp-json\/wp\/v2\/comments?post=26848"}],"version-history":[{"count":0,"href":"https:\/\/dorogimedence.hu\/index.php\/wp-json\/wp\/v2\/posts\/26848\/revisions"}],"wp:featuredmedia":[{"embeddable":true,"href":"https:\/\/dorogimedence.hu\/index.php\/wp-json\/wp\/v2\/media\/20506"}],"wp:attachment":[{"href":"https:\/\/dorogimedence.hu\/index.php\/wp-json\/wp\/v2\/media?parent=26848"}],"wp:term":[{"taxonomy":"category","embeddable":true,"href":"https:\/\/dorogimedence.hu\/index.php\/wp-json\/wp\/v2\/categories?post=26848"},{"taxonomy":"post_tag","embeddable":true,"href":"https:\/\/dorogimedence.hu\/index.php\/wp-json\/wp\/v2\/tags?post=26848"}],"curies":[{"name":"wp","href":"https:\/\/api.w.org\/{rel}","templated":true}]}}