{"id":26809,"date":"2020-08-19T11:28:04","date_gmt":"2020-08-19T09:28:04","guid":{"rendered":"http:\/\/dorogimedence.hu\/?p=26809"},"modified":"2020-08-19T11:30:29","modified_gmt":"2020-08-19T09:30:29","slug":"agyaggalambokra-lodoztek-esztergomban","status":"publish","type":"post","link":"https:\/\/dorogimedence.hu\/index.php\/2020\/08\/19\/agyaggalambokra-lodoztek-esztergomban\/","title":{"rendered":"Agyaggalambokra l\u0151d\u00f6ztek Esztergomban"},"content":{"rendered":"<p><strong>Esztergomban rendezt\u00e9k meg az 52. Helice Eur\u00f3pa-bajnoks\u00e1got. A Helice tulajdonk\u00e9ppen egy, az \u00e9l\u0151galamb-l\u00f6v\u00e9szetet szimul\u00e1l\u00f3 szak\u00e1ga a korongl\u00f6v\u00e9szetnek. A szak\u00e1gb\u00f3l most el\u0151sz\u00f6r rendeztek Eur\u00f3pa-bajnoks\u00e1got Magyarorsz\u00e1gon.<\/strong><\/p>\n<p>A COVID-19 j\u00e1rv\u00e1ny miatt sajnos a v\u00e1rtn\u00e1l kissebb, de ann\u00e1l er\u0151sebb mez\u0151ny sereglett \u00f6ssze haz\u00e1nkban: 6 nemzet, 74 indul\u00f3ja m\u00e9rettette meg mag\u00e1t, k\u00f6zt\u00fck a n\u00e9pes olasz csapattal, akik ennek a szak\u00e1gnak az \u00e9lversenyz\u0151it adj\u00e1k.<\/p>\n<div class=\"video-container\"><iframe style=\"border: none; overflow: hidden;\" src=\"https:\/\/www.facebook.com\/plugins\/video.php?href=https%3A%2F%2Fwww.facebook.com%2F111818476906612%2Fvideos%2F596983334320116%2F&amp;show_text=0&amp;width=560\" scrolling=\"no\" allowfullscreen=\"allowfullscreen\" width=\"560\" height=\"315\" frameborder=\"0\"><\/iframe><\/div>\n<p>A k\u00e9tnapos rendezv\u00e9nyen az open kateg\u00f3ria Eur\u00f3pa-bajnoka Szak\u00e1cs Zolt\u00e1n lett, aki 30 korongos alapversenyt 1 hib\u00e1val teljes\u00edtette. Azonos tal\u00e1lattal v\u00e9gzett m\u00e9g 3 olasz versenyz\u0151 is, azonban a sz\u00e9tl\u00f6v\u00e9skor Szak\u00e1cs hib\u00e1tlan teljes\u00edtm\u00e9nyt ny\u00fajtva meg\u00e9rdemelten megszerezte az arany\u00e9rmet.<\/p>\n<p>Junior Kateg\u00f3ri\u00e1ban a magyar fiatalok szint\u00e9n kiemelked\u0151t ny\u00fajtottak, hiszen Kem\u00e9ny M\u00e1rk egy\u00e9niben 1 koronggal maradt el az Eur\u00f3pa-bajnok olasz versenyz\u0151 m\u00f6g\u00f6tt, azonban csapatversenyben, Papp Martinnal megel\u0151zt\u00e9k az olasz juniorokat, \u00edgy elh\u00f3d\u00edtott\u00e1k az Eur\u00f3pa-bajnoki c\u00edmet.<\/p>\n<p>A Szak\u00e1cs Zolt\u00e1nnal, Palkovics Andr\u00e1ssal \u00e9s Kardos Zsolttal fel\u00e1ll\u00f3 magyar v\u00e1logatott a francia nemzeti v\u00e1logatott m\u00f6g\u00f6tt v\u00e9gzett a m\u00e1sodik helyen, megel\u0151zve az olasz \u00e9s a cseh csapatot.<\/p>\n<p>Senior kateg\u00f3ri\u00e1ban a dobog\u00f3 harmadik fok\u00e1ra a Magyar Csaba, T\u00f3th Emil, Gajd\u00e1cs Gy\u00f6rgy tri\u00f3 \u00e1llhatott f\u00f6l.<\/p>\n<p><img fetchpriority=\"high\" decoding=\"async\" class=\"alignnone size-large wp-image-26811\" src=\"https:\/\/dorogimedence.hu\/wp-content\/uploads\/2020\/08\/118159173_309197897168668_8511834689022105430_o-1024x694.jpg\" alt=\"\" width=\"665\" height=\"451\" srcset=\"https:\/\/dorogimedence.hu\/wp-content\/uploads\/2020\/08\/118159173_309197897168668_8511834689022105430_o-1024x694.jpg 1024w, https:\/\/dorogimedence.hu\/wp-content\/uploads\/2020\/08\/118159173_309197897168668_8511834689022105430_o-300x203.jpg 300w, https:\/\/dorogimedence.hu\/wp-content\/uploads\/2020\/08\/118159173_309197897168668_8511834689022105430_o-768x521.jpg 768w, https:\/\/dorogimedence.hu\/wp-content\/uploads\/2020\/08\/118159173_309197897168668_8511834689022105430_o-1536x1041.jpg 1536w, https:\/\/dorogimedence.hu\/wp-content\/uploads\/2020\/08\/118159173_309197897168668_8511834689022105430_o.jpg 1720w\" sizes=\"(max-width: 665px) 100vw, 665px\" \/><\/p>\n<p>A n\u0151i mez\u0151nyben nagyszer\u0171 versenyz\u00e9ssel, Juh\u00e1sz Lenke bonz\u00e9rmes lett, m\u00edg a n\u0151i csapat (Juh\u00e1sz Lenke, Csap\u00f3 Andrea, Dr. Dufka Ildik\u00f3) az olasz v\u00e1logatott m\u00f6g\u00f6tt a m\u00e1sodik helyen v\u00e9gzett.<\/p>\n<p>A rendezv\u00e9ny ut\u00e1n a FITASC eln\u00f6ke bejelentette, hogy a nagyszer\u0171 rendez\u00e9snek k\u00f6sz\u00f6nhet\u0151en, 2022-ben Magyarorsz\u00e1g adhat otthont a Helice vil\u00e1gbajnoks\u00e1gnak.<\/p>\n<p><em>Fot\u00f3k, forr\u00e1s: 52nd. Fitasc Helice European Championship Esztergom\/Hungary<\/em><\/p>\n","protected":false},"excerpt":{"rendered":"<p>Esztergomban rendezt\u00e9k meg az 52. Helice Eur\u00f3pa-bajnoks\u00e1got. A Helice tulajdonk\u00e9ppen egy, az \u00e9l\u0151galamb-l\u00f6v\u00e9szetet szimul\u00e1l\u00f3 szak\u00e1ga a korongl\u00f6v\u00e9szetnek. A szak\u00e1gb\u00f3l most el\u0151sz\u00f6r rendeztek Eur\u00f3pa-bajnoks\u00e1got Magyarorsz\u00e1gon. A COVID-19 j\u00e1rv\u00e1ny miatt sajnos a v\u00e1rtn\u00e1l kissebb, de ann\u00e1l er\u0151sebb mez\u0151ny sereglett \u00f6ssze haz\u00e1nkban: 6 nemzet, 74 indul\u00f3ja m\u00e9rettette meg mag\u00e1t, k\u00f6zt\u00fck a n\u00e9pes olasz csapattal, akik ennek a szak\u00e1gnak<\/p>\n","protected":false},"author":1,"featured_media":26812,"comment_status":"closed","ping_status":"closed","sticky":false,"template":"","format":"standard","meta":{"ngg_post_thumbnail":0,"footnotes":""},"categories":[38,3,5],"tags":[5073,42,5075,2339,16,5074],"class_list":{"0":"post-26809","1":"post","2":"type-post","3":"status-publish","4":"format-standard","5":"has-post-thumbnail","7":"category-esztergom","8":"category-hirek","9":"category-sport","10":"tag-agyaggalamb","11":"tag-esztergom","12":"tag-korongloveszet","13":"tag-loveszet","14":"tag-sport","15":"tag-sportloveszet"},"yoast_head":"<!-- This site is optimized with the Yoast SEO plugin v27.4 - https:\/\/yoast.com\/product\/yoast-seo-wordpress\/ -->\n<title>Agyaggalambokra l\u0151d\u00f6ztek Esztergomban<\/title>\n<meta name=\"robots\" content=\"index, follow, max-snippet:-1, max-image-preview:large, max-video-preview:-1\" \/>\n<link rel=\"canonical\" href=\"https:\/\/dorogimedence.hu\/index.php\/2020\/08\/19\/agyaggalambokra-lodoztek-esztergomban\/\" class=\"yoast-seo-meta-tag\" \/>\n<meta property=\"og:locale\" content=\"hu_HU\" class=\"yoast-seo-meta-tag\" \/>\n<meta property=\"og:type\" content=\"article\" class=\"yoast-seo-meta-tag\" \/>\n<meta property=\"og:title\" content=\"Agyaggalambokra l\u0151d\u00f6ztek Esztergomban\" class=\"yoast-seo-meta-tag\" \/>\n<meta property=\"og:description\" content=\"Esztergomban rendezt\u00e9k meg az 52. Helice Eur\u00f3pa-bajnoks\u00e1got. A Helice tulajdonk\u00e9ppen egy, az \u00e9l\u0151galamb-l\u00f6v\u00e9szetet szimul\u00e1l\u00f3 szak\u00e1ga a korongl\u00f6v\u00e9szetnek. A szak\u00e1gb\u00f3l most el\u0151sz\u00f6r rendeztek Eur\u00f3pa-bajnoks\u00e1got Magyarorsz\u00e1gon. A COVID-19 j\u00e1rv\u00e1ny miatt sajnos a v\u00e1rtn\u00e1l kissebb, de ann\u00e1l er\u0151sebb mez\u0151ny sereglett \u00f6ssze haz\u00e1nkban: 6 nemzet, 74 indul\u00f3ja m\u00e9rettette meg mag\u00e1t, k\u00f6zt\u00fck a n\u00e9pes olasz csapattal, akik ennek a szak\u00e1gnak\" class=\"yoast-seo-meta-tag\" \/>\n<meta property=\"og:url\" content=\"https:\/\/dorogimedence.hu\/index.php\/2020\/08\/19\/agyaggalambokra-lodoztek-esztergomban\/\" class=\"yoast-seo-meta-tag\" \/>\n<meta property=\"og:site_name\" content=\"Dorogi-medence Region\u00e1lis H\u00edrport\u00e1l\" class=\"yoast-seo-meta-tag\" \/>\n<meta property=\"article:publisher\" content=\"https:\/\/www.facebook.com\/dorogimedence\/\" class=\"yoast-seo-meta-tag\" \/>\n<meta property=\"article:published_time\" content=\"2020-08-19T09:28:04+00:00\" class=\"yoast-seo-meta-tag\" \/>\n<meta property=\"article:modified_time\" content=\"2020-08-19T09:30:29+00:00\" class=\"yoast-seo-meta-tag\" \/>\n<meta property=\"og:image\" content=\"https:\/\/i0.wp.com\/dorogimedence.hu\/wp-content\/uploads\/2020\/08\/agyaggalamb-01.jpg?fit=830%2C450&ssl=1\" class=\"yoast-seo-meta-tag\" \/>\n\t<meta property=\"og:image:width\" content=\"830\" class=\"yoast-seo-meta-tag\" \/>\n\t<meta property=\"og:image:height\" content=\"450\" class=\"yoast-seo-meta-tag\" \/>\n\t<meta property=\"og:image:type\" content=\"image\/jpeg\" class=\"yoast-seo-meta-tag\" \/>\n<meta name=\"author\" content=\"dorogimedence.hu\" class=\"yoast-seo-meta-tag\" \/>\n<meta name=\"twitter:card\" content=\"summary_large_image\" class=\"yoast-seo-meta-tag\" \/>\n<meta name=\"twitter:label1\" content=\"Szerz\u0151:\" class=\"yoast-seo-meta-tag\" \/>\n\t<meta name=\"twitter:data1\" content=\"dorogimedence.hu\" class=\"yoast-seo-meta-tag\" \/>\n\t<meta name=\"twitter:label2\" content=\"Becs\u00fclt olvas\u00e1si id\u0151\" class=\"yoast-seo-meta-tag\" \/>\n\t<meta name=\"twitter:data2\" content=\"2 perc\" class=\"yoast-seo-meta-tag\" \/>\n<script type=\"application\/ld+json\" class=\"yoast-schema-graph\">{\"@context\":\"https:\\\/\\\/schema.org\",\"@graph\":[{\"@type\":\"Article\",\"@id\":\"https:\\\/\\\/dorogimedence.hu\\\/index.php\\\/2020\\\/08\\\/19\\\/agyaggalambokra-lodoztek-esztergomban\\\/#article\",\"isPartOf\":{\"@id\":\"https:\\\/\\\/dorogimedence.hu\\\/index.php\\\/2020\\\/08\\\/19\\\/agyaggalambokra-lodoztek-esztergomban\\\/\"},\"author\":{\"name\":\"dorogimedence.hu\",\"@id\":\"https:\\\/\\\/dorogimedence.hu\\\/#\\\/schema\\\/person\\\/ce6091eeb7e95ecdc87890d6aa8e0fd4\"},\"headline\":\"Agyaggalambokra l\u0151d\u00f6ztek Esztergomban\",\"datePublished\":\"2020-08-19T09:28:04+00:00\",\"dateModified\":\"2020-08-19T09:30:29+00:00\",\"mainEntityOfPage\":{\"@id\":\"https:\\\/\\\/dorogimedence.hu\\\/index.php\\\/2020\\\/08\\\/19\\\/agyaggalambokra-lodoztek-esztergomban\\\/\"},\"wordCount\":342,\"publisher\":{\"@id\":\"https:\\\/\\\/dorogimedence.hu\\\/#organization\"},\"image\":{\"@id\":\"https:\\\/\\\/dorogimedence.hu\\\/index.php\\\/2020\\\/08\\\/19\\\/agyaggalambokra-lodoztek-esztergomban\\\/#primaryimage\"},\"thumbnailUrl\":\"https:\\\/\\\/dorogimedence.hu\\\/wp-content\\\/uploads\\\/2020\\\/08\\\/agyaggalamb-01.jpg\",\"keywords\":[\"agyaggalamb\",\"esztergom\",\"korongl\u00f6v\u00e9szet\",\"l\u00f6v\u00e9szet\",\"sport\",\"sportl\u00f6v\u00e9szet\"],\"articleSection\":[\"Esztergom\",\"H\u00edrek\",\"Sport\"],\"inLanguage\":\"hu\"},{\"@type\":\"WebPage\",\"@id\":\"https:\\\/\\\/dorogimedence.hu\\\/index.php\\\/2020\\\/08\\\/19\\\/agyaggalambokra-lodoztek-esztergomban\\\/\",\"url\":\"https:\\\/\\\/dorogimedence.hu\\\/index.php\\\/2020\\\/08\\\/19\\\/agyaggalambokra-lodoztek-esztergomban\\\/\",\"name\":\"Agyaggalambokra l\u0151d\u00f6ztek Esztergomban\",\"isPartOf\":{\"@id\":\"https:\\\/\\\/dorogimedence.hu\\\/#website\"},\"primaryImageOfPage\":{\"@id\":\"https:\\\/\\\/dorogimedence.hu\\\/index.php\\\/2020\\\/08\\\/19\\\/agyaggalambokra-lodoztek-esztergomban\\\/#primaryimage\"},\"image\":{\"@id\":\"https:\\\/\\\/dorogimedence.hu\\\/index.php\\\/2020\\\/08\\\/19\\\/agyaggalambokra-lodoztek-esztergomban\\\/#primaryimage\"},\"thumbnailUrl\":\"https:\\\/\\\/dorogimedence.hu\\\/wp-content\\\/uploads\\\/2020\\\/08\\\/agyaggalamb-01.jpg\",\"datePublished\":\"2020-08-19T09:28:04+00:00\",\"dateModified\":\"2020-08-19T09:30:29+00:00\",\"breadcrumb\":{\"@id\":\"https:\\\/\\\/dorogimedence.hu\\\/index.php\\\/2020\\\/08\\\/19\\\/agyaggalambokra-lodoztek-esztergomban\\\/#breadcrumb\"},\"inLanguage\":\"hu\",\"potentialAction\":[{\"@type\":\"ReadAction\",\"target\":[\"https:\\\/\\\/dorogimedence.hu\\\/index.php\\\/2020\\\/08\\\/19\\\/agyaggalambokra-lodoztek-esztergomban\\\/\"]}]},{\"@type\":\"ImageObject\",\"inLanguage\":\"hu\",\"@id\":\"https:\\\/\\\/dorogimedence.hu\\\/index.php\\\/2020\\\/08\\\/19\\\/agyaggalambokra-lodoztek-esztergomban\\\/#primaryimage\",\"url\":\"https:\\\/\\\/dorogimedence.hu\\\/wp-content\\\/uploads\\\/2020\\\/08\\\/agyaggalamb-01.jpg\",\"contentUrl\":\"https:\\\/\\\/dorogimedence.hu\\\/wp-content\\\/uploads\\\/2020\\\/08\\\/agyaggalamb-01.jpg\",\"width\":830,\"height\":450},{\"@type\":\"BreadcrumbList\",\"@id\":\"https:\\\/\\\/dorogimedence.hu\\\/index.php\\\/2020\\\/08\\\/19\\\/agyaggalambokra-lodoztek-esztergomban\\\/#breadcrumb\",\"itemListElement\":[{\"@type\":\"ListItem\",\"position\":1,\"name\":\"Kezd\u0151lap\",\"item\":\"https:\\\/\\\/dorogimedence.hu\\\/\"},{\"@type\":\"ListItem\",\"position\":2,\"name\":\"Agyaggalambokra l\u0151d\u00f6ztek Esztergomban\"}]},{\"@type\":\"WebSite\",\"@id\":\"https:\\\/\\\/dorogimedence.hu\\\/#website\",\"url\":\"https:\\\/\\\/dorogimedence.hu\\\/\",\"name\":\"Dorogi-medence Region\u00e1lis H\u00edrport\u00e1l\",\"description\":\"Dorog, Keszt\u00f6lc, Le\u00e1nyv\u00e1r, Piliscs\u00e9v, Tokod, Tokodalt\u00e1r\u00f3, Csolnok, Esztergom-kertv\u00e1ros: h\u00edrek, programok\",\"publisher\":{\"@id\":\"https:\\\/\\\/dorogimedence.hu\\\/#organization\"},\"potentialAction\":[{\"@type\":\"SearchAction\",\"target\":{\"@type\":\"EntryPoint\",\"urlTemplate\":\"https:\\\/\\\/dorogimedence.hu\\\/?s={search_term_string}\"},\"query-input\":{\"@type\":\"PropertyValueSpecification\",\"valueRequired\":true,\"valueName\":\"search_term_string\"}}],\"inLanguage\":\"hu\"},{\"@type\":\"Organization\",\"@id\":\"https:\\\/\\\/dorogimedence.hu\\\/#organization\",\"name\":\"Dorogi-medence Region\u00e1lis H\u00edrport\u00e1l\",\"url\":\"https:\\\/\\\/dorogimedence.hu\\\/\",\"logo\":{\"@type\":\"ImageObject\",\"inLanguage\":\"hu\",\"@id\":\"https:\\\/\\\/dorogimedence.hu\\\/#\\\/schema\\\/logo\\\/image\\\/\",\"url\":\"https:\\\/\\\/dorogimedence.hu\\\/wp-content\\\/uploads\\\/2021\\\/04\\\/logo-feher-600.png\",\"contentUrl\":\"https:\\\/\\\/dorogimedence.hu\\\/wp-content\\\/uploads\\\/2021\\\/04\\\/logo-feher-600.png\",\"width\":600,\"height\":100,\"caption\":\"Dorogi-medence Region\u00e1lis H\u00edrport\u00e1l\"},\"image\":{\"@id\":\"https:\\\/\\\/dorogimedence.hu\\\/#\\\/schema\\\/logo\\\/image\\\/\"},\"sameAs\":[\"https:\\\/\\\/www.facebook.com\\\/dorogimedence\\\/\"]},{\"@type\":\"Person\",\"@id\":\"https:\\\/\\\/dorogimedence.hu\\\/#\\\/schema\\\/person\\\/ce6091eeb7e95ecdc87890d6aa8e0fd4\",\"name\":\"dorogimedence.hu\",\"image\":{\"@type\":\"ImageObject\",\"inLanguage\":\"hu\",\"@id\":\"\\\/\\\/www.gravatar.com\\\/avatar\\\/d8d45f8901aadff40a4af72c0b826f1d?s=96&#038;r=g&#038;d=mm\",\"url\":\"\\\/\\\/www.gravatar.com\\\/avatar\\\/d8d45f8901aadff40a4af72c0b826f1d?s=96&#038;r=g&#038;d=mm\",\"contentUrl\":\"\\\/\\\/www.gravatar.com\\\/avatar\\\/d8d45f8901aadff40a4af72c0b826f1d?s=96&#038;r=g&#038;d=mm\",\"caption\":\"dorogimedence.hu\"}}]}<\/script>\n<!-- \/ Yoast SEO plugin. -->","yoast_head_json":{"title":"Agyaggalambokra l\u0151d\u00f6ztek Esztergomban","robots":{"index":"index","follow":"follow","max-snippet":"max-snippet:-1","max-image-preview":"max-image-preview:large","max-video-preview":"max-video-preview:-1"},"canonical":"https:\/\/dorogimedence.hu\/index.php\/2020\/08\/19\/agyaggalambokra-lodoztek-esztergomban\/","og_locale":"hu_HU","og_type":"article","og_title":"Agyaggalambokra l\u0151d\u00f6ztek Esztergomban","og_description":"Esztergomban rendezt\u00e9k meg az 52. Helice Eur\u00f3pa-bajnoks\u00e1got. A Helice tulajdonk\u00e9ppen egy, az \u00e9l\u0151galamb-l\u00f6v\u00e9szetet szimul\u00e1l\u00f3 szak\u00e1ga a korongl\u00f6v\u00e9szetnek. A szak\u00e1gb\u00f3l most el\u0151sz\u00f6r rendeztek Eur\u00f3pa-bajnoks\u00e1got Magyarorsz\u00e1gon. A COVID-19 j\u00e1rv\u00e1ny miatt sajnos a v\u00e1rtn\u00e1l kissebb, de ann\u00e1l er\u0151sebb mez\u0151ny sereglett \u00f6ssze haz\u00e1nkban: 6 nemzet, 74 indul\u00f3ja m\u00e9rettette meg mag\u00e1t, k\u00f6zt\u00fck a n\u00e9pes olasz csapattal, akik ennek a szak\u00e1gnak","og_url":"https:\/\/dorogimedence.hu\/index.php\/2020\/08\/19\/agyaggalambokra-lodoztek-esztergomban\/","og_site_name":"Dorogi-medence Region\u00e1lis H\u00edrport\u00e1l","article_publisher":"https:\/\/www.facebook.com\/dorogimedence\/","article_published_time":"2020-08-19T09:28:04+00:00","article_modified_time":"2020-08-19T09:30:29+00:00","og_image":[{"width":830,"height":450,"url":"https:\/\/i0.wp.com\/dorogimedence.hu\/wp-content\/uploads\/2020\/08\/agyaggalamb-01.jpg?fit=830%2C450&ssl=1","type":"image\/jpeg"}],"author":"dorogimedence.hu","twitter_card":"summary_large_image","twitter_misc":{"Szerz\u0151:":"dorogimedence.hu","Becs\u00fclt olvas\u00e1si id\u0151":"2 perc"},"schema":{"@context":"https:\/\/schema.org","@graph":[{"@type":"Article","@id":"https:\/\/dorogimedence.hu\/index.php\/2020\/08\/19\/agyaggalambokra-lodoztek-esztergomban\/#article","isPartOf":{"@id":"https:\/\/dorogimedence.hu\/index.php\/2020\/08\/19\/agyaggalambokra-lodoztek-esztergomban\/"},"author":{"name":"dorogimedence.hu","@id":"https:\/\/dorogimedence.hu\/#\/schema\/person\/ce6091eeb7e95ecdc87890d6aa8e0fd4"},"headline":"Agyaggalambokra l\u0151d\u00f6ztek Esztergomban","datePublished":"2020-08-19T09:28:04+00:00","dateModified":"2020-08-19T09:30:29+00:00","mainEntityOfPage":{"@id":"https:\/\/dorogimedence.hu\/index.php\/2020\/08\/19\/agyaggalambokra-lodoztek-esztergomban\/"},"wordCount":342,"publisher":{"@id":"https:\/\/dorogimedence.hu\/#organization"},"image":{"@id":"https:\/\/dorogimedence.hu\/index.php\/2020\/08\/19\/agyaggalambokra-lodoztek-esztergomban\/#primaryimage"},"thumbnailUrl":"https:\/\/dorogimedence.hu\/wp-content\/uploads\/2020\/08\/agyaggalamb-01.jpg","keywords":["agyaggalamb","esztergom","korongl\u00f6v\u00e9szet","l\u00f6v\u00e9szet","sport","sportl\u00f6v\u00e9szet"],"articleSection":["Esztergom","H\u00edrek","Sport"],"inLanguage":"hu"},{"@type":"WebPage","@id":"https:\/\/dorogimedence.hu\/index.php\/2020\/08\/19\/agyaggalambokra-lodoztek-esztergomban\/","url":"https:\/\/dorogimedence.hu\/index.php\/2020\/08\/19\/agyaggalambokra-lodoztek-esztergomban\/","name":"Agyaggalambokra l\u0151d\u00f6ztek Esztergomban","isPartOf":{"@id":"https:\/\/dorogimedence.hu\/#website"},"primaryImageOfPage":{"@id":"https:\/\/dorogimedence.hu\/index.php\/2020\/08\/19\/agyaggalambokra-lodoztek-esztergomban\/#primaryimage"},"image":{"@id":"https:\/\/dorogimedence.hu\/index.php\/2020\/08\/19\/agyaggalambokra-lodoztek-esztergomban\/#primaryimage"},"thumbnailUrl":"https:\/\/dorogimedence.hu\/wp-content\/uploads\/2020\/08\/agyaggalamb-01.jpg","datePublished":"2020-08-19T09:28:04+00:00","dateModified":"2020-08-19T09:30:29+00:00","breadcrumb":{"@id":"https:\/\/dorogimedence.hu\/index.php\/2020\/08\/19\/agyaggalambokra-lodoztek-esztergomban\/#breadcrumb"},"inLanguage":"hu","potentialAction":[{"@type":"ReadAction","target":["https:\/\/dorogimedence.hu\/index.php\/2020\/08\/19\/agyaggalambokra-lodoztek-esztergomban\/"]}]},{"@type":"ImageObject","inLanguage":"hu","@id":"https:\/\/dorogimedence.hu\/index.php\/2020\/08\/19\/agyaggalambokra-lodoztek-esztergomban\/#primaryimage","url":"https:\/\/dorogimedence.hu\/wp-content\/uploads\/2020\/08\/agyaggalamb-01.jpg","contentUrl":"https:\/\/dorogimedence.hu\/wp-content\/uploads\/2020\/08\/agyaggalamb-01.jpg","width":830,"height":450},{"@type":"BreadcrumbList","@id":"https:\/\/dorogimedence.hu\/index.php\/2020\/08\/19\/agyaggalambokra-lodoztek-esztergomban\/#breadcrumb","itemListElement":[{"@type":"ListItem","position":1,"name":"Kezd\u0151lap","item":"https:\/\/dorogimedence.hu\/"},{"@type":"ListItem","position":2,"name":"Agyaggalambokra l\u0151d\u00f6ztek Esztergomban"}]},{"@type":"WebSite","@id":"https:\/\/dorogimedence.hu\/#website","url":"https:\/\/dorogimedence.hu\/","name":"Dorogi-medence Region\u00e1lis H\u00edrport\u00e1l","description":"Dorog, Keszt\u00f6lc, Le\u00e1nyv\u00e1r, Piliscs\u00e9v, Tokod, Tokodalt\u00e1r\u00f3, Csolnok, Esztergom-kertv\u00e1ros: h\u00edrek, programok","publisher":{"@id":"https:\/\/dorogimedence.hu\/#organization"},"potentialAction":[{"@type":"SearchAction","target":{"@type":"EntryPoint","urlTemplate":"https:\/\/dorogimedence.hu\/?s={search_term_string}"},"query-input":{"@type":"PropertyValueSpecification","valueRequired":true,"valueName":"search_term_string"}}],"inLanguage":"hu"},{"@type":"Organization","@id":"https:\/\/dorogimedence.hu\/#organization","name":"Dorogi-medence Region\u00e1lis H\u00edrport\u00e1l","url":"https:\/\/dorogimedence.hu\/","logo":{"@type":"ImageObject","inLanguage":"hu","@id":"https:\/\/dorogimedence.hu\/#\/schema\/logo\/image\/","url":"https:\/\/dorogimedence.hu\/wp-content\/uploads\/2021\/04\/logo-feher-600.png","contentUrl":"https:\/\/dorogimedence.hu\/wp-content\/uploads\/2021\/04\/logo-feher-600.png","width":600,"height":100,"caption":"Dorogi-medence Region\u00e1lis H\u00edrport\u00e1l"},"image":{"@id":"https:\/\/dorogimedence.hu\/#\/schema\/logo\/image\/"},"sameAs":["https:\/\/www.facebook.com\/dorogimedence\/"]},{"@type":"Person","@id":"https:\/\/dorogimedence.hu\/#\/schema\/person\/ce6091eeb7e95ecdc87890d6aa8e0fd4","name":"dorogimedence.hu","image":{"@type":"ImageObject","inLanguage":"hu","@id":"\/\/www.gravatar.com\/avatar\/d8d45f8901aadff40a4af72c0b826f1d?s=96&#038;r=g&#038;d=mm","url":"\/\/www.gravatar.com\/avatar\/d8d45f8901aadff40a4af72c0b826f1d?s=96&#038;r=g&#038;d=mm","contentUrl":"\/\/www.gravatar.com\/avatar\/d8d45f8901aadff40a4af72c0b826f1d?s=96&#038;r=g&#038;d=mm","caption":"dorogimedence.hu"}}]}},"_links":{"self":[{"href":"https:\/\/dorogimedence.hu\/index.php\/wp-json\/wp\/v2\/posts\/26809","targetHints":{"allow":["GET"]}}],"collection":[{"href":"https:\/\/dorogimedence.hu\/index.php\/wp-json\/wp\/v2\/posts"}],"about":[{"href":"https:\/\/dorogimedence.hu\/index.php\/wp-json\/wp\/v2\/types\/post"}],"author":[{"embeddable":true,"href":"https:\/\/dorogimedence.hu\/index.php\/wp-json\/wp\/v2\/users\/1"}],"replies":[{"embeddable":true,"href":"https:\/\/dorogimedence.hu\/index.php\/wp-json\/wp\/v2\/comments?post=26809"}],"version-history":[{"count":0,"href":"https:\/\/dorogimedence.hu\/index.php\/wp-json\/wp\/v2\/posts\/26809\/revisions"}],"wp:featuredmedia":[{"embeddable":true,"href":"https:\/\/dorogimedence.hu\/index.php\/wp-json\/wp\/v2\/media\/26812"}],"wp:attachment":[{"href":"https:\/\/dorogimedence.hu\/index.php\/wp-json\/wp\/v2\/media?parent=26809"}],"wp:term":[{"taxonomy":"category","embeddable":true,"href":"https:\/\/dorogimedence.hu\/index.php\/wp-json\/wp\/v2\/categories?post=26809"},{"taxonomy":"post_tag","embeddable":true,"href":"https:\/\/dorogimedence.hu\/index.php\/wp-json\/wp\/v2\/tags?post=26809"}],"curies":[{"name":"wp","href":"https:\/\/api.w.org\/{rel}","templated":true}]}}