{"id":26790,"date":"2020-08-18T14:42:23","date_gmt":"2020-08-18T12:42:23","guid":{"rendered":"http:\/\/dorogimedence.hu\/?p=26790"},"modified":"2020-08-18T14:44:02","modified_gmt":"2020-08-18T12:44:02","slug":"atadtak-az-esztergomi-buszpalyaudvart","status":"publish","type":"post","link":"https:\/\/dorogimedence.hu\/index.php\/2020\/08\/18\/atadtak-az-esztergomi-buszpalyaudvart\/","title":{"rendered":"\u00c1tadt\u00e1k az esztergomi buszp\u00e1lyaudvart"},"content":{"rendered":"<p><strong>Augusztus 18-\u00e1n, \u00fcnnep\u00e9lyes keretek k\u00f6z\u00f6tt adt\u00e1k \u00e1t az \u00faj aut\u00f3busz-\u00e1llom\u00e1st az esztergomi intermod\u00e1lis csom\u00f3pontn\u00e1l. Az utasok augusztus 20-\u00e1t\u00f3l vehetik birtokba a p\u00e1lyaudvart.<\/strong><\/p>\n<p>Az \u00e1tad\u00f3 \u00fcnneps\u00e9gen <strong>Dr. V\u00f6lner P\u00e1l, a t\u00e9rs\u00e9g orsz\u00e1ggy\u0171l\u00e9si k\u00e9pvisel\u0151je<\/strong> elmondta, hogy egy hossz\u00fa folyamatnak \u00e9rt\u00fcnk a v\u00e9g\u00e9re. Visszaeml\u00e9kezett, hogy valamikor 2014 el\u0151tt kezd\u0151d\u00f6tt meg az a folyamat, mely sor\u00e1n meg\u00fajult az Esztergom \u00e9s Budapest k\u00f6z\u00f6tti vas\u00fatvonal. Hozz\u00e1tette, hogy m\u00e1r akkor annak a gondolatnak a jegy\u00e9ben \u00e1lltak hozz\u00e1 a munk\u00e1khoz, hogy nem elegend\u0151 csak a s\u00edneket kicser\u00e9lni. Ez\u00e9rt elv\u00e9gezt\u00e9k a vas\u00fatvonal villamos\u00edt\u00e1s\u00e1t, \u00faj vas\u00fati szerelv\u00e9nyeket \u00e1ll\u00edtottak \u00fczembe, de a legfontosabb, hogy ki\u00e9p\u00fclt egy olyan intermod\u00e1lis csom\u00f3pont is, ahol a helyi buszk\u00f6zleked\u00e9s g\u00f6rd\u00fcl\u00e9kenyen r\u00e1f\u0171z\u0151d\u00f6tt a vas\u00fati k\u00f6zleked\u00e9sre. Megjegyezte azt is, hogy 5-10 \u00e9ven bel\u00fcl el\u00e9rhet\u00fcnk oda, hogy hibrid \u00e9s villamos aut\u00f3buszok lesznek majd Esztergomban \u00e9s k\u00f6rny\u00e9k\u00e9n. V\u00e9gezet\u00fcl hozz\u00e1tette, hogy Dorogon is \u00e9p\u00fcl egy intermod\u00e1lis csom\u00f3pont, melyet szint\u00e9n hamarosan \u00e1tadhatunk.<\/p>\n<p><img fetchpriority=\"high\" decoding=\"async\" class=\"alignnone size-full wp-image-26795\" src=\"https:\/\/dorogimedence.hu\/wp-content\/uploads\/2020\/08\/busz-volner.jpg\" alt=\"\" width=\"830\" height=\"513\" srcset=\"https:\/\/dorogimedence.hu\/wp-content\/uploads\/2020\/08\/busz-volner.jpg 830w, https:\/\/dorogimedence.hu\/wp-content\/uploads\/2020\/08\/busz-volner-300x185.jpg 300w, https:\/\/dorogimedence.hu\/wp-content\/uploads\/2020\/08\/busz-volner-768x475.jpg 768w\" sizes=\"(max-width: 830px) 100vw, 830px\" \/><\/p>\n<p><strong>Hern\u00e1di \u00c1d\u00e1m, Esztergom v\u00e1ros polg\u00e1restere<\/strong> elmondta, hogy nagyon sokat dolgoztak az\u00e9rt, hogy Dunakanyar f\u0151v\u00e1ros\u00e1nak 21. sz\u00e1zadi k\u00f6r\u00fclm\u00e9nyekhez igazod\u00f3 buszp\u00e1lyaudvara legyen. Visszaeml\u00e9kezett, hogy a Simor J\u00e1nos utcai aut\u00f3busz-\u00e1llom\u00e1s 1968-ban \u00e9p\u00fclt. A l\u00e9tes\u00edtm\u00e9ny m\u00e1ra korszer\u0171tlenn\u00e9 \u00e9s sz\u0171k\u00f6ss\u00e9 v\u00e1lt a g\u00e9pj\u00e1rm\u0171vek t\u00e1rol\u00e1s\u00e1ra. A most \u00e1tad\u00e1s el\u0151tt \u00e1ll\u00f3 p\u00e1lyaudvar pedig 21. sz\u00e1zadi k\u00f6r\u00fclm\u00e9nyeket teremt, ahol az utasok egy helyen \u00e9rhetik el a vas\u00fati \u00e9s az aut\u00f3buszk\u00f6zleked\u00e9shez kapcsol\u00f3d\u00f3 szolg\u00e1ltat\u00e1sokat. \u201eMindennek helye van, minden k\u00e9nyelemesen elf\u00e9r: utasok, j\u00e1rm\u0171vek. A fejleszt\u00e9s a NIF Zrt. beruh\u00e1z\u00e1s\u00e1ban val\u00f3sult meg 5,4 milli\u00e1rd forint \u00e1llami r\u00e1ford\u00edt\u00e1ssal.\u201d \u2013 tette hozz\u00e1. Kiemelte, hogy polg\u00e1rmesteri programja r\u00e9sze az a v\u00e1llal\u00e1s is, amely szerint a magyar korm\u00e1nnyal, a Z\u00f6ld busz program r\u00e9szek\u00e9nt lecser\u00e9lj\u00fck helyij\u00e1rat\u00fa buszainkat.<\/p>\n<p><img decoding=\"async\" class=\"alignnone size-full wp-image-26791\" src=\"https:\/\/dorogimedence.hu\/wp-content\/uploads\/2020\/08\/busz-hernadi.jpg\" alt=\"\" width=\"830\" height=\"549\" srcset=\"https:\/\/dorogimedence.hu\/wp-content\/uploads\/2020\/08\/busz-hernadi.jpg 830w, https:\/\/dorogimedence.hu\/wp-content\/uploads\/2020\/08\/busz-hernadi-300x198.jpg 300w, https:\/\/dorogimedence.hu\/wp-content\/uploads\/2020\/08\/busz-hernadi-768x508.jpg 768w\" sizes=\"(max-width: 830px) 100vw, 830px\" \/><\/p>\n<p><strong>Ker\u00e9kgy\u00e1rt\u00f3 J\u00f3zsef, a M\u00c1V-START Zrt. vez\u00e9rigazgat\u00f3ja<\/strong> elmondta, hogy itt Esztergomban a k\u00f6z\u00f6ss\u00e9gi k\u00f6zleked\u00e9s egy \u00fajabb l\u00e1tv\u00e1nyos m\u00e9rf\u00f6ldk\u00f6v\u00e9hez \u00e9rkezt\u00fcnk. Kiemelte, hogy j\u00falius 15-\u00e9n ker\u00fclt a M\u00c1V Zrt.-hez a Vol\u00e1nbusz Zrt. tulajdonosi jogk\u00f6rgyakorl\u00e1sa, amely \u00e1ltal az utasok \u00e9rdek\u00e9ben menetrendi \u00f6sszehangol\u00e1sokat \u00e9s egyeztet\u00e9seket jelent, mindemellett k\u00f6z\u00f6s tarifarendszer ir\u00e1ny\u00e1ba megy el. Megjegyezte, hogy itt most augusztus 20-\u00e1t\u00f3l nem csak egy aut\u00f3busz p\u00e1lyaudvarnak az \u00e1tad\u00e1sa t\u00f6rt\u00e9nik meg, hanem egy komplex menetrendi \u00f6sszehangol\u00e1s is. V\u00e9gezet\u00fcl hozz\u00e1tette, hogy ezen az esztergomi vonalon hat \u00e9v alatt megn\u00e9gyszerez\u0151d\u00f6tt az utassz\u00e1m, tavaly m\u00e1r 5 milli\u00f3an vett\u00e9k ig\u00e9nybe itt a vasutat.<\/p>\n<p><img decoding=\"async\" class=\"alignnone size-full wp-image-26792\" src=\"https:\/\/dorogimedence.hu\/wp-content\/uploads\/2020\/08\/busz-kerekgyarto.jpg\" alt=\"\" width=\"830\" height=\"596\" srcset=\"https:\/\/dorogimedence.hu\/wp-content\/uploads\/2020\/08\/busz-kerekgyarto.jpg 830w, https:\/\/dorogimedence.hu\/wp-content\/uploads\/2020\/08\/busz-kerekgyarto-300x215.jpg 300w, https:\/\/dorogimedence.hu\/wp-content\/uploads\/2020\/08\/busz-kerekgyarto-768x551.jpg 768w, https:\/\/dorogimedence.hu\/wp-content\/uploads\/2020\/08\/busz-kerekgyarto-234x169.jpg 234w, https:\/\/dorogimedence.hu\/wp-content\/uploads\/2020\/08\/busz-kerekgyarto-307x219.jpg 307w\" sizes=\"(max-width: 830px) 100vw, 830px\" \/><\/p>\n<p><strong>Ungv\u00e1ri Csaba, a Vol\u00e1nbusz Zrt. \u00fczemeltet\u00e9si vez\u00e9rigazgat\u00f3-helyettese<\/strong> elmondta, hogy a Vol\u00e1nbusz kiemelt c\u00e9lja a k\u00f6z\u00f6ss\u00e9gi k\u00f6zleked\u00e9s magas sz\u00ednvonal\u00fa biztos\u00edt\u00e1sa. Hozz\u00e1tette: b\u00edznak abban, hogy az \u00fajratervezett, \u00f6sszehangolt menetrend \u00e9s az infrastruktur\u00e1lis fejleszt\u00e9sek egyre t\u00f6bb k\u00f6zleked\u0151t gy\u0151znek meg arr\u00f3l, hogy az egy\u00e9ni utaz\u00e1s helyett a k\u00f6z\u00f6ss\u00e9gi k\u00f6zleked\u00e9si eszk\u00f6z\u00f6ket v\u00e1lassz\u00e1k.<\/p>\n<p><img loading=\"lazy\" decoding=\"async\" class=\"alignnone size-full wp-image-26793\" src=\"https:\/\/dorogimedence.hu\/wp-content\/uploads\/2020\/08\/busz-ungvari.jpg\" alt=\"\" width=\"830\" height=\"631\" srcset=\"https:\/\/dorogimedence.hu\/wp-content\/uploads\/2020\/08\/busz-ungvari.jpg 830w, https:\/\/dorogimedence.hu\/wp-content\/uploads\/2020\/08\/busz-ungvari-300x228.jpg 300w, https:\/\/dorogimedence.hu\/wp-content\/uploads\/2020\/08\/busz-ungvari-768x584.jpg 768w\" sizes=\"(max-width: 830px) 100vw, 830px\" \/><\/p>\n<p><strong>Kikina Art\u00far, a NIF Zrt. vas\u00fatfejleszt\u00e9si igazgat\u00f3ja<\/strong> a beruh\u00e1z\u00e1s m\u0171szaki param\u00e9tereir\u0151l elmondta, hogy Esztergomhoz hasonl\u00f3an a beruh\u00e1z\u00e1s r\u00e9szek\u00e9nt Dorogon is fejlesztik az aut\u00f3busz-k\u00f6zleked\u00e9st. V\u00e1rhat\u00f3an p\u00e1r h\u00f3napon bel\u00fcl ott is befejez\u0151dnek a munk\u00e1k, \u00e9s egy \u00faj aut\u00f3busz\u00e1llom\u00e1s \u00fczeme vehet\u0151 fel az eddig nehezen megk\u00f6zel\u00edthet\u0151, szigetk\u00e9nt m\u0171k\u00f6d\u0151 vas\u00fat\u00e1llom\u00e1s mellett.<\/p>\n<p><img loading=\"lazy\" decoding=\"async\" class=\"alignnone size-full wp-image-26794\" src=\"https:\/\/dorogimedence.hu\/wp-content\/uploads\/2020\/08\/busz-kikina.jpg\" alt=\"\" width=\"830\" height=\"561\" srcset=\"https:\/\/dorogimedence.hu\/wp-content\/uploads\/2020\/08\/busz-kikina.jpg 830w, https:\/\/dorogimedence.hu\/wp-content\/uploads\/2020\/08\/busz-kikina-300x203.jpg 300w, https:\/\/dorogimedence.hu\/wp-content\/uploads\/2020\/08\/busz-kikina-768x519.jpg 768w\" sizes=\"(max-width: 830px) 100vw, 830px\" \/><\/p>\n<p><strong>A NIF Zrt. fejleszt\u00e9s\u00e9r\u0151l:<\/strong> A beruh\u00e1z\u00e1s r\u00e9szek\u00e9nt \u00faj forgalmi \u00e9s \u00fczemi \u00e9p\u00fclet, valamint \u00faj aut\u00f3busz t\u00e1rol\u00f3 \u00e9p\u00fclt. Az 5700 m2-es ter\u00fclet 12 csukl\u00f3s \u00e9s 16 sz\u00f3l\u00f3 busz parkol\u00e1s\u00e1ra alkalmas. Az utasok komfortj\u00e1r\u00f3l a magasabb szolg\u00e1ltat\u00e1si sz\u00ednvonalat k\u00e9pez\u0151 k\u00f6rnyezet kialak\u00edt\u00e1sa gondoskodik. A kialak\u00edtott buszmeg\u00e1ll\u00f3 fel\u00fclete 2188 m2, ehhez 1400 m2 j\u00e1rda kapcsol\u00f3dik. 1080 m2 peron \u00e9p\u00fclt, az utasokat 3 perontet\u0151 v\u00e9di az id\u0151j\u00e1r\u00e1s viszontags\u00e1gait\u00f3l. Az itt elhelyezett 12 kocsi\u00e1ll\u00e1sra audiovizu\u00e1lis utast\u00e1j\u00e9koztat\u00f3 kijelz\u0151 ker\u00fclt. A k\u00e9nyelmesebb v\u00e1rakoz\u00e1sr\u00f3l 23 pad, a tiszt\u00e1bb k\u00f6rnyezetr\u0151l 26 szemetes kihelyez\u00e9se gondoskodik. A bar\u00e1ts\u00e1gos k\u00f6rnyezet megteremt\u00e9se \u00e9rdek\u00e9ben pedig 14 ezer m2 ter\u00fcletet f\u00fcves\u00edtettek, t\u00f6bb mint 7000 cserj\u00e9t \u00e9s 200 f\u00e1t \u00fcltettek.<\/p>\n<p><img loading=\"lazy\" decoding=\"async\" class=\"alignnone size-full wp-image-26799\" src=\"https:\/\/dorogimedence.hu\/wp-content\/uploads\/2020\/08\/busz-04.jpg\" alt=\"\" width=\"830\" height=\"553\" srcset=\"https:\/\/dorogimedence.hu\/wp-content\/uploads\/2020\/08\/busz-04.jpg 830w, https:\/\/dorogimedence.hu\/wp-content\/uploads\/2020\/08\/busz-04-300x200.jpg 300w, https:\/\/dorogimedence.hu\/wp-content\/uploads\/2020\/08\/busz-04-768x512.jpg 768w, https:\/\/dorogimedence.hu\/wp-content\/uploads\/2020\/08\/busz-04-589x392.jpg 589w, https:\/\/dorogimedence.hu\/wp-content\/uploads\/2020\/08\/busz-04-272x182.jpg 272w\" sizes=\"(max-width: 830px) 100vw, 830px\" \/><\/p>\n<p><img loading=\"lazy\" decoding=\"async\" class=\"alignnone size-full wp-image-26800\" src=\"https:\/\/dorogimedence.hu\/wp-content\/uploads\/2020\/08\/busz-05.jpg\" alt=\"\" width=\"830\" height=\"553\" srcset=\"https:\/\/dorogimedence.hu\/wp-content\/uploads\/2020\/08\/busz-05.jpg 830w, https:\/\/dorogimedence.hu\/wp-content\/uploads\/2020\/08\/busz-05-300x200.jpg 300w, https:\/\/dorogimedence.hu\/wp-content\/uploads\/2020\/08\/busz-05-768x512.jpg 768w, https:\/\/dorogimedence.hu\/wp-content\/uploads\/2020\/08\/busz-05-589x392.jpg 589w, https:\/\/dorogimedence.hu\/wp-content\/uploads\/2020\/08\/busz-05-272x182.jpg 272w\" sizes=\"(max-width: 830px) 100vw, 830px\" \/><\/p>\n<p><img loading=\"lazy\" decoding=\"async\" class=\"alignnone size-full wp-image-26798\" src=\"https:\/\/dorogimedence.hu\/wp-content\/uploads\/2020\/08\/busz-03.jpg\" alt=\"\" width=\"830\" height=\"545\" srcset=\"https:\/\/dorogimedence.hu\/wp-content\/uploads\/2020\/08\/busz-03.jpg 830w, https:\/\/dorogimedence.hu\/wp-content\/uploads\/2020\/08\/busz-03-300x197.jpg 300w, https:\/\/dorogimedence.hu\/wp-content\/uploads\/2020\/08\/busz-03-768x504.jpg 768w\" sizes=\"(max-width: 830px) 100vw, 830px\" \/><\/p>\n<p><img loading=\"lazy\" decoding=\"async\" class=\"alignnone size-full wp-image-26797\" src=\"https:\/\/dorogimedence.hu\/wp-content\/uploads\/2020\/08\/busz-02.jpg\" alt=\"\" width=\"830\" height=\"530\" srcset=\"https:\/\/dorogimedence.hu\/wp-content\/uploads\/2020\/08\/busz-02.jpg 830w, https:\/\/dorogimedence.hu\/wp-content\/uploads\/2020\/08\/busz-02-300x192.jpg 300w, https:\/\/dorogimedence.hu\/wp-content\/uploads\/2020\/08\/busz-02-768x490.jpg 768w\" sizes=\"(max-width: 830px) 100vw, 830px\" \/><\/p>\n","protected":false},"excerpt":{"rendered":"<p>Augusztus 18-\u00e1n, \u00fcnnep\u00e9lyes keretek k\u00f6z\u00f6tt adt\u00e1k \u00e1t az \u00faj aut\u00f3busz-\u00e1llom\u00e1st az esztergomi intermod\u00e1lis csom\u00f3pontn\u00e1l. Az utasok augusztus 20-\u00e1t\u00f3l vehetik birtokba a p\u00e1lyaudvart. Az \u00e1tad\u00f3 \u00fcnneps\u00e9gen Dr. V\u00f6lner P\u00e1l, a t\u00e9rs\u00e9g orsz\u00e1ggy\u0171l\u00e9si k\u00e9pvisel\u0151je elmondta, hogy egy hossz\u00fa folyamatnak \u00e9rt\u00fcnk a v\u00e9g\u00e9re. Visszaeml\u00e9kezett, hogy valamikor 2014 el\u0151tt kezd\u0151d\u00f6tt meg az a folyamat, mely sor\u00e1n meg\u00fajult az Esztergom<\/p>\n","protected":false},"author":1,"featured_media":26796,"comment_status":"closed","ping_status":"closed","sticky":false,"template":"","format":"standard","meta":{"ngg_post_thumbnail":0,"footnotes":""},"categories":[38,3],"tags":[5070,5071,42,157,3182],"class_list":{"0":"post-26790","1":"post","2":"type-post","3":"status-publish","4":"format-standard","5":"has-post-thumbnail","7":"category-esztergom","8":"category-hirek","9":"tag-autobusz-palyaudvar","10":"tag-autobusz-allomas","11":"tag-esztergom","12":"tag-fejlesztes","13":"tag-nif-zrt"},"yoast_head":"<!-- This site is optimized with the Yoast SEO plugin v27.4 - https:\/\/yoast.com\/product\/yoast-seo-wordpress\/ -->\n<title>\u00c1tadt\u00e1k az esztergomi buszp\u00e1lyaudvart<\/title>\n<meta name=\"robots\" content=\"index, follow, max-snippet:-1, max-image-preview:large, max-video-preview:-1\" \/>\n<link rel=\"canonical\" href=\"https:\/\/dorogimedence.hu\/index.php\/2020\/08\/18\/atadtak-az-esztergomi-buszpalyaudvart\/\" class=\"yoast-seo-meta-tag\" \/>\n<meta property=\"og:locale\" content=\"hu_HU\" class=\"yoast-seo-meta-tag\" \/>\n<meta property=\"og:type\" content=\"article\" class=\"yoast-seo-meta-tag\" \/>\n<meta property=\"og:title\" content=\"\u00c1tadt\u00e1k az esztergomi buszp\u00e1lyaudvart\" class=\"yoast-seo-meta-tag\" \/>\n<meta property=\"og:description\" content=\"Augusztus 18-\u00e1n, \u00fcnnep\u00e9lyes keretek k\u00f6z\u00f6tt adt\u00e1k \u00e1t az \u00faj aut\u00f3busz-\u00e1llom\u00e1st az esztergomi intermod\u00e1lis csom\u00f3pontn\u00e1l. Az utasok augusztus 20-\u00e1t\u00f3l vehetik birtokba a p\u00e1lyaudvart. Az \u00e1tad\u00f3 \u00fcnneps\u00e9gen Dr. V\u00f6lner P\u00e1l, a t\u00e9rs\u00e9g orsz\u00e1ggy\u0171l\u00e9si k\u00e9pvisel\u0151je elmondta, hogy egy hossz\u00fa folyamatnak \u00e9rt\u00fcnk a v\u00e9g\u00e9re. Visszaeml\u00e9kezett, hogy valamikor 2014 el\u0151tt kezd\u0151d\u00f6tt meg az a folyamat, mely sor\u00e1n meg\u00fajult az Esztergom\" class=\"yoast-seo-meta-tag\" \/>\n<meta property=\"og:url\" content=\"https:\/\/dorogimedence.hu\/index.php\/2020\/08\/18\/atadtak-az-esztergomi-buszpalyaudvart\/\" class=\"yoast-seo-meta-tag\" \/>\n<meta property=\"og:site_name\" content=\"Dorogi-medence Region\u00e1lis H\u00edrport\u00e1l\" class=\"yoast-seo-meta-tag\" \/>\n<meta property=\"article:publisher\" content=\"https:\/\/www.facebook.com\/dorogimedence\/\" class=\"yoast-seo-meta-tag\" \/>\n<meta property=\"article:published_time\" content=\"2020-08-18T12:42:23+00:00\" class=\"yoast-seo-meta-tag\" \/>\n<meta property=\"article:modified_time\" content=\"2020-08-18T12:44:02+00:00\" class=\"yoast-seo-meta-tag\" \/>\n<meta property=\"og:image\" content=\"https:\/\/i0.wp.com\/dorogimedence.hu\/wp-content\/uploads\/2020\/08\/busz-01.jpg?fit=830%2C450&ssl=1\" class=\"yoast-seo-meta-tag\" \/>\n\t<meta property=\"og:image:width\" content=\"830\" class=\"yoast-seo-meta-tag\" \/>\n\t<meta property=\"og:image:height\" content=\"450\" class=\"yoast-seo-meta-tag\" \/>\n\t<meta property=\"og:image:type\" content=\"image\/jpeg\" class=\"yoast-seo-meta-tag\" \/>\n<meta name=\"author\" content=\"dorogimedence.hu\" class=\"yoast-seo-meta-tag\" \/>\n<meta name=\"twitter:card\" content=\"summary_large_image\" class=\"yoast-seo-meta-tag\" \/>\n<meta name=\"twitter:label1\" content=\"Szerz\u0151:\" class=\"yoast-seo-meta-tag\" \/>\n\t<meta name=\"twitter:data1\" content=\"dorogimedence.hu\" class=\"yoast-seo-meta-tag\" \/>\n\t<meta name=\"twitter:label2\" content=\"Becs\u00fclt olvas\u00e1si id\u0151\" class=\"yoast-seo-meta-tag\" \/>\n\t<meta name=\"twitter:data2\" content=\"4 perc\" class=\"yoast-seo-meta-tag\" \/>\n<script type=\"application\/ld+json\" class=\"yoast-schema-graph\">{\"@context\":\"https:\\\/\\\/schema.org\",\"@graph\":[{\"@type\":\"Article\",\"@id\":\"https:\\\/\\\/dorogimedence.hu\\\/index.php\\\/2020\\\/08\\\/18\\\/atadtak-az-esztergomi-buszpalyaudvart\\\/#article\",\"isPartOf\":{\"@id\":\"https:\\\/\\\/dorogimedence.hu\\\/index.php\\\/2020\\\/08\\\/18\\\/atadtak-az-esztergomi-buszpalyaudvart\\\/\"},\"author\":{\"name\":\"dorogimedence.hu\",\"@id\":\"https:\\\/\\\/dorogimedence.hu\\\/#\\\/schema\\\/person\\\/ce6091eeb7e95ecdc87890d6aa8e0fd4\"},\"headline\":\"\u00c1tadt\u00e1k az esztergomi buszp\u00e1lyaudvart\",\"datePublished\":\"2020-08-18T12:42:23+00:00\",\"dateModified\":\"2020-08-18T12:44:02+00:00\",\"mainEntityOfPage\":{\"@id\":\"https:\\\/\\\/dorogimedence.hu\\\/index.php\\\/2020\\\/08\\\/18\\\/atadtak-az-esztergomi-buszpalyaudvart\\\/\"},\"wordCount\":862,\"publisher\":{\"@id\":\"https:\\\/\\\/dorogimedence.hu\\\/#organization\"},\"image\":{\"@id\":\"https:\\\/\\\/dorogimedence.hu\\\/index.php\\\/2020\\\/08\\\/18\\\/atadtak-az-esztergomi-buszpalyaudvart\\\/#primaryimage\"},\"thumbnailUrl\":\"https:\\\/\\\/dorogimedence.hu\\\/wp-content\\\/uploads\\\/2020\\\/08\\\/busz-01.jpg\",\"keywords\":[\"aut\u00f3busz p\u00e1lyaudvar\",\"aut\u00f3busz-\u00e1llom\u00e1s\",\"esztergom\",\"fejleszt\u00e9s\",\"NIF Zrt.\"],\"articleSection\":[\"Esztergom\",\"H\u00edrek\"],\"inLanguage\":\"hu\"},{\"@type\":\"WebPage\",\"@id\":\"https:\\\/\\\/dorogimedence.hu\\\/index.php\\\/2020\\\/08\\\/18\\\/atadtak-az-esztergomi-buszpalyaudvart\\\/\",\"url\":\"https:\\\/\\\/dorogimedence.hu\\\/index.php\\\/2020\\\/08\\\/18\\\/atadtak-az-esztergomi-buszpalyaudvart\\\/\",\"name\":\"\u00c1tadt\u00e1k az esztergomi buszp\u00e1lyaudvart\",\"isPartOf\":{\"@id\":\"https:\\\/\\\/dorogimedence.hu\\\/#website\"},\"primaryImageOfPage\":{\"@id\":\"https:\\\/\\\/dorogimedence.hu\\\/index.php\\\/2020\\\/08\\\/18\\\/atadtak-az-esztergomi-buszpalyaudvart\\\/#primaryimage\"},\"image\":{\"@id\":\"https:\\\/\\\/dorogimedence.hu\\\/index.php\\\/2020\\\/08\\\/18\\\/atadtak-az-esztergomi-buszpalyaudvart\\\/#primaryimage\"},\"thumbnailUrl\":\"https:\\\/\\\/dorogimedence.hu\\\/wp-content\\\/uploads\\\/2020\\\/08\\\/busz-01.jpg\",\"datePublished\":\"2020-08-18T12:42:23+00:00\",\"dateModified\":\"2020-08-18T12:44:02+00:00\",\"breadcrumb\":{\"@id\":\"https:\\\/\\\/dorogimedence.hu\\\/index.php\\\/2020\\\/08\\\/18\\\/atadtak-az-esztergomi-buszpalyaudvart\\\/#breadcrumb\"},\"inLanguage\":\"hu\",\"potentialAction\":[{\"@type\":\"ReadAction\",\"target\":[\"https:\\\/\\\/dorogimedence.hu\\\/index.php\\\/2020\\\/08\\\/18\\\/atadtak-az-esztergomi-buszpalyaudvart\\\/\"]}]},{\"@type\":\"ImageObject\",\"inLanguage\":\"hu\",\"@id\":\"https:\\\/\\\/dorogimedence.hu\\\/index.php\\\/2020\\\/08\\\/18\\\/atadtak-az-esztergomi-buszpalyaudvart\\\/#primaryimage\",\"url\":\"https:\\\/\\\/dorogimedence.hu\\\/wp-content\\\/uploads\\\/2020\\\/08\\\/busz-01.jpg\",\"contentUrl\":\"https:\\\/\\\/dorogimedence.hu\\\/wp-content\\\/uploads\\\/2020\\\/08\\\/busz-01.jpg\",\"width\":830,\"height\":450},{\"@type\":\"BreadcrumbList\",\"@id\":\"https:\\\/\\\/dorogimedence.hu\\\/index.php\\\/2020\\\/08\\\/18\\\/atadtak-az-esztergomi-buszpalyaudvart\\\/#breadcrumb\",\"itemListElement\":[{\"@type\":\"ListItem\",\"position\":1,\"name\":\"Kezd\u0151lap\",\"item\":\"https:\\\/\\\/dorogimedence.hu\\\/\"},{\"@type\":\"ListItem\",\"position\":2,\"name\":\"\u00c1tadt\u00e1k az esztergomi buszp\u00e1lyaudvart\"}]},{\"@type\":\"WebSite\",\"@id\":\"https:\\\/\\\/dorogimedence.hu\\\/#website\",\"url\":\"https:\\\/\\\/dorogimedence.hu\\\/\",\"name\":\"Dorogi-medence Region\u00e1lis H\u00edrport\u00e1l\",\"description\":\"Dorog, Keszt\u00f6lc, Le\u00e1nyv\u00e1r, Piliscs\u00e9v, Tokod, Tokodalt\u00e1r\u00f3, Csolnok, Esztergom-kertv\u00e1ros: h\u00edrek, programok\",\"publisher\":{\"@id\":\"https:\\\/\\\/dorogimedence.hu\\\/#organization\"},\"potentialAction\":[{\"@type\":\"SearchAction\",\"target\":{\"@type\":\"EntryPoint\",\"urlTemplate\":\"https:\\\/\\\/dorogimedence.hu\\\/?s={search_term_string}\"},\"query-input\":{\"@type\":\"PropertyValueSpecification\",\"valueRequired\":true,\"valueName\":\"search_term_string\"}}],\"inLanguage\":\"hu\"},{\"@type\":\"Organization\",\"@id\":\"https:\\\/\\\/dorogimedence.hu\\\/#organization\",\"name\":\"Dorogi-medence Region\u00e1lis H\u00edrport\u00e1l\",\"url\":\"https:\\\/\\\/dorogimedence.hu\\\/\",\"logo\":{\"@type\":\"ImageObject\",\"inLanguage\":\"hu\",\"@id\":\"https:\\\/\\\/dorogimedence.hu\\\/#\\\/schema\\\/logo\\\/image\\\/\",\"url\":\"https:\\\/\\\/dorogimedence.hu\\\/wp-content\\\/uploads\\\/2021\\\/04\\\/logo-feher-600.png\",\"contentUrl\":\"https:\\\/\\\/dorogimedence.hu\\\/wp-content\\\/uploads\\\/2021\\\/04\\\/logo-feher-600.png\",\"width\":600,\"height\":100,\"caption\":\"Dorogi-medence Region\u00e1lis H\u00edrport\u00e1l\"},\"image\":{\"@id\":\"https:\\\/\\\/dorogimedence.hu\\\/#\\\/schema\\\/logo\\\/image\\\/\"},\"sameAs\":[\"https:\\\/\\\/www.facebook.com\\\/dorogimedence\\\/\"]},{\"@type\":\"Person\",\"@id\":\"https:\\\/\\\/dorogimedence.hu\\\/#\\\/schema\\\/person\\\/ce6091eeb7e95ecdc87890d6aa8e0fd4\",\"name\":\"dorogimedence.hu\",\"image\":{\"@type\":\"ImageObject\",\"inLanguage\":\"hu\",\"@id\":\"\\\/\\\/www.gravatar.com\\\/avatar\\\/d8d45f8901aadff40a4af72c0b826f1d?s=96&#038;r=g&#038;d=mm\",\"url\":\"\\\/\\\/www.gravatar.com\\\/avatar\\\/d8d45f8901aadff40a4af72c0b826f1d?s=96&#038;r=g&#038;d=mm\",\"contentUrl\":\"\\\/\\\/www.gravatar.com\\\/avatar\\\/d8d45f8901aadff40a4af72c0b826f1d?s=96&#038;r=g&#038;d=mm\",\"caption\":\"dorogimedence.hu\"}}]}<\/script>\n<!-- \/ Yoast SEO plugin. -->","yoast_head_json":{"title":"\u00c1tadt\u00e1k az esztergomi buszp\u00e1lyaudvart","robots":{"index":"index","follow":"follow","max-snippet":"max-snippet:-1","max-image-preview":"max-image-preview:large","max-video-preview":"max-video-preview:-1"},"canonical":"https:\/\/dorogimedence.hu\/index.php\/2020\/08\/18\/atadtak-az-esztergomi-buszpalyaudvart\/","og_locale":"hu_HU","og_type":"article","og_title":"\u00c1tadt\u00e1k az esztergomi buszp\u00e1lyaudvart","og_description":"Augusztus 18-\u00e1n, \u00fcnnep\u00e9lyes keretek k\u00f6z\u00f6tt adt\u00e1k \u00e1t az \u00faj aut\u00f3busz-\u00e1llom\u00e1st az esztergomi intermod\u00e1lis csom\u00f3pontn\u00e1l. Az utasok augusztus 20-\u00e1t\u00f3l vehetik birtokba a p\u00e1lyaudvart. Az \u00e1tad\u00f3 \u00fcnneps\u00e9gen Dr. V\u00f6lner P\u00e1l, a t\u00e9rs\u00e9g orsz\u00e1ggy\u0171l\u00e9si k\u00e9pvisel\u0151je elmondta, hogy egy hossz\u00fa folyamatnak \u00e9rt\u00fcnk a v\u00e9g\u00e9re. Visszaeml\u00e9kezett, hogy valamikor 2014 el\u0151tt kezd\u0151d\u00f6tt meg az a folyamat, mely sor\u00e1n meg\u00fajult az Esztergom","og_url":"https:\/\/dorogimedence.hu\/index.php\/2020\/08\/18\/atadtak-az-esztergomi-buszpalyaudvart\/","og_site_name":"Dorogi-medence Region\u00e1lis H\u00edrport\u00e1l","article_publisher":"https:\/\/www.facebook.com\/dorogimedence\/","article_published_time":"2020-08-18T12:42:23+00:00","article_modified_time":"2020-08-18T12:44:02+00:00","og_image":[{"width":830,"height":450,"url":"https:\/\/i0.wp.com\/dorogimedence.hu\/wp-content\/uploads\/2020\/08\/busz-01.jpg?fit=830%2C450&ssl=1","type":"image\/jpeg"}],"author":"dorogimedence.hu","twitter_card":"summary_large_image","twitter_misc":{"Szerz\u0151:":"dorogimedence.hu","Becs\u00fclt olvas\u00e1si id\u0151":"4 perc"},"schema":{"@context":"https:\/\/schema.org","@graph":[{"@type":"Article","@id":"https:\/\/dorogimedence.hu\/index.php\/2020\/08\/18\/atadtak-az-esztergomi-buszpalyaudvart\/#article","isPartOf":{"@id":"https:\/\/dorogimedence.hu\/index.php\/2020\/08\/18\/atadtak-az-esztergomi-buszpalyaudvart\/"},"author":{"name":"dorogimedence.hu","@id":"https:\/\/dorogimedence.hu\/#\/schema\/person\/ce6091eeb7e95ecdc87890d6aa8e0fd4"},"headline":"\u00c1tadt\u00e1k az esztergomi buszp\u00e1lyaudvart","datePublished":"2020-08-18T12:42:23+00:00","dateModified":"2020-08-18T12:44:02+00:00","mainEntityOfPage":{"@id":"https:\/\/dorogimedence.hu\/index.php\/2020\/08\/18\/atadtak-az-esztergomi-buszpalyaudvart\/"},"wordCount":862,"publisher":{"@id":"https:\/\/dorogimedence.hu\/#organization"},"image":{"@id":"https:\/\/dorogimedence.hu\/index.php\/2020\/08\/18\/atadtak-az-esztergomi-buszpalyaudvart\/#primaryimage"},"thumbnailUrl":"https:\/\/dorogimedence.hu\/wp-content\/uploads\/2020\/08\/busz-01.jpg","keywords":["aut\u00f3busz p\u00e1lyaudvar","aut\u00f3busz-\u00e1llom\u00e1s","esztergom","fejleszt\u00e9s","NIF Zrt."],"articleSection":["Esztergom","H\u00edrek"],"inLanguage":"hu"},{"@type":"WebPage","@id":"https:\/\/dorogimedence.hu\/index.php\/2020\/08\/18\/atadtak-az-esztergomi-buszpalyaudvart\/","url":"https:\/\/dorogimedence.hu\/index.php\/2020\/08\/18\/atadtak-az-esztergomi-buszpalyaudvart\/","name":"\u00c1tadt\u00e1k az esztergomi buszp\u00e1lyaudvart","isPartOf":{"@id":"https:\/\/dorogimedence.hu\/#website"},"primaryImageOfPage":{"@id":"https:\/\/dorogimedence.hu\/index.php\/2020\/08\/18\/atadtak-az-esztergomi-buszpalyaudvart\/#primaryimage"},"image":{"@id":"https:\/\/dorogimedence.hu\/index.php\/2020\/08\/18\/atadtak-az-esztergomi-buszpalyaudvart\/#primaryimage"},"thumbnailUrl":"https:\/\/dorogimedence.hu\/wp-content\/uploads\/2020\/08\/busz-01.jpg","datePublished":"2020-08-18T12:42:23+00:00","dateModified":"2020-08-18T12:44:02+00:00","breadcrumb":{"@id":"https:\/\/dorogimedence.hu\/index.php\/2020\/08\/18\/atadtak-az-esztergomi-buszpalyaudvart\/#breadcrumb"},"inLanguage":"hu","potentialAction":[{"@type":"ReadAction","target":["https:\/\/dorogimedence.hu\/index.php\/2020\/08\/18\/atadtak-az-esztergomi-buszpalyaudvart\/"]}]},{"@type":"ImageObject","inLanguage":"hu","@id":"https:\/\/dorogimedence.hu\/index.php\/2020\/08\/18\/atadtak-az-esztergomi-buszpalyaudvart\/#primaryimage","url":"https:\/\/dorogimedence.hu\/wp-content\/uploads\/2020\/08\/busz-01.jpg","contentUrl":"https:\/\/dorogimedence.hu\/wp-content\/uploads\/2020\/08\/busz-01.jpg","width":830,"height":450},{"@type":"BreadcrumbList","@id":"https:\/\/dorogimedence.hu\/index.php\/2020\/08\/18\/atadtak-az-esztergomi-buszpalyaudvart\/#breadcrumb","itemListElement":[{"@type":"ListItem","position":1,"name":"Kezd\u0151lap","item":"https:\/\/dorogimedence.hu\/"},{"@type":"ListItem","position":2,"name":"\u00c1tadt\u00e1k az esztergomi buszp\u00e1lyaudvart"}]},{"@type":"WebSite","@id":"https:\/\/dorogimedence.hu\/#website","url":"https:\/\/dorogimedence.hu\/","name":"Dorogi-medence Region\u00e1lis H\u00edrport\u00e1l","description":"Dorog, Keszt\u00f6lc, Le\u00e1nyv\u00e1r, Piliscs\u00e9v, Tokod, Tokodalt\u00e1r\u00f3, Csolnok, Esztergom-kertv\u00e1ros: h\u00edrek, programok","publisher":{"@id":"https:\/\/dorogimedence.hu\/#organization"},"potentialAction":[{"@type":"SearchAction","target":{"@type":"EntryPoint","urlTemplate":"https:\/\/dorogimedence.hu\/?s={search_term_string}"},"query-input":{"@type":"PropertyValueSpecification","valueRequired":true,"valueName":"search_term_string"}}],"inLanguage":"hu"},{"@type":"Organization","@id":"https:\/\/dorogimedence.hu\/#organization","name":"Dorogi-medence Region\u00e1lis H\u00edrport\u00e1l","url":"https:\/\/dorogimedence.hu\/","logo":{"@type":"ImageObject","inLanguage":"hu","@id":"https:\/\/dorogimedence.hu\/#\/schema\/logo\/image\/","url":"https:\/\/dorogimedence.hu\/wp-content\/uploads\/2021\/04\/logo-feher-600.png","contentUrl":"https:\/\/dorogimedence.hu\/wp-content\/uploads\/2021\/04\/logo-feher-600.png","width":600,"height":100,"caption":"Dorogi-medence Region\u00e1lis H\u00edrport\u00e1l"},"image":{"@id":"https:\/\/dorogimedence.hu\/#\/schema\/logo\/image\/"},"sameAs":["https:\/\/www.facebook.com\/dorogimedence\/"]},{"@type":"Person","@id":"https:\/\/dorogimedence.hu\/#\/schema\/person\/ce6091eeb7e95ecdc87890d6aa8e0fd4","name":"dorogimedence.hu","image":{"@type":"ImageObject","inLanguage":"hu","@id":"\/\/www.gravatar.com\/avatar\/d8d45f8901aadff40a4af72c0b826f1d?s=96&#038;r=g&#038;d=mm","url":"\/\/www.gravatar.com\/avatar\/d8d45f8901aadff40a4af72c0b826f1d?s=96&#038;r=g&#038;d=mm","contentUrl":"\/\/www.gravatar.com\/avatar\/d8d45f8901aadff40a4af72c0b826f1d?s=96&#038;r=g&#038;d=mm","caption":"dorogimedence.hu"}}]}},"_links":{"self":[{"href":"https:\/\/dorogimedence.hu\/index.php\/wp-json\/wp\/v2\/posts\/26790","targetHints":{"allow":["GET"]}}],"collection":[{"href":"https:\/\/dorogimedence.hu\/index.php\/wp-json\/wp\/v2\/posts"}],"about":[{"href":"https:\/\/dorogimedence.hu\/index.php\/wp-json\/wp\/v2\/types\/post"}],"author":[{"embeddable":true,"href":"https:\/\/dorogimedence.hu\/index.php\/wp-json\/wp\/v2\/users\/1"}],"replies":[{"embeddable":true,"href":"https:\/\/dorogimedence.hu\/index.php\/wp-json\/wp\/v2\/comments?post=26790"}],"version-history":[{"count":0,"href":"https:\/\/dorogimedence.hu\/index.php\/wp-json\/wp\/v2\/posts\/26790\/revisions"}],"wp:featuredmedia":[{"embeddable":true,"href":"https:\/\/dorogimedence.hu\/index.php\/wp-json\/wp\/v2\/media\/26796"}],"wp:attachment":[{"href":"https:\/\/dorogimedence.hu\/index.php\/wp-json\/wp\/v2\/media?parent=26790"}],"wp:term":[{"taxonomy":"category","embeddable":true,"href":"https:\/\/dorogimedence.hu\/index.php\/wp-json\/wp\/v2\/categories?post=26790"},{"taxonomy":"post_tag","embeddable":true,"href":"https:\/\/dorogimedence.hu\/index.php\/wp-json\/wp\/v2\/tags?post=26790"}],"curies":[{"name":"wp","href":"https:\/\/api.w.org\/{rel}","templated":true}]}}