{"id":26781,"date":"2020-08-17T16:10:42","date_gmt":"2020-08-17T14:10:42","guid":{"rendered":"http:\/\/dorogimedence.hu\/?p=26781"},"modified":"2020-08-17T16:10:50","modified_gmt":"2020-08-17T14:10:50","slug":"meghosszabbitottak-a-talicskas-tolvaj-letartoztatasat","status":"publish","type":"post","link":"https:\/\/dorogimedence.hu\/index.php\/2020\/08\/17\/meghosszabbitottak-a-talicskas-tolvaj-letartoztatasat\/","title":{"rendered":"Meghosszabb\u00edtott\u00e1k a talicsk\u00e1s tolvaj letart\u00f3ztat\u00e1s\u00e1t"},"content":{"rendered":"<p><strong>Tov\u00e1bbi k\u00e9t h\u00f3napra meghosszabb\u00edtott\u00e1k a letart\u00f3ztat\u00e1s\u00e1t annak a f\u00e9rfinak, aki t\u00f6bb alkalommal is nyerges\u00fajfalui h\u00e9tv\u00e9gi h\u00e1zakba t\u00f6rt be.<\/strong><\/p>\n<p>Az ind\u00edtv\u00e1ny szerint a gyan\u00fas\u00edtott 2018. \u00e1prilis 22. napj\u00e1t k\u00f6vet\u0151 napokban egy nyerges\u00fajfalui horg\u00e1szh\u00e1zba ajt\u00f3 befesz\u00edt\u00e9s\u00e9vel behatolt, onnan 60.000 Ft \u00e9rt\u00e9kben lopott l\u00e9tr\u00e1t, f\u0171kasz\u00e1t, v\u00edzforgat\u00f3t, aggreg\u00e1tort, d\u00edszhaj\u00f3t, szobrot, szersz\u00e1mokat. Ide 2020. janu\u00e1r v\u00e9g\u00e9n is visszat\u00e9rt, ajt\u00f3-\u00e9s ablak befesz\u00edt\u00e9s\u00e9vel hatolt be, \u00e9s 20.000 Ft \u00e9rt\u00e9k\u0171 g\u00e1zt\u0171zhelyet vitt el.<\/p>\n<p>A gyan\u00fas\u00edtott 2020. janu\u00e1r 10. napj\u00e1t megel\u0151z\u0151 napokban egy nyerges\u00fajfalui h\u00e9tv\u00e9gi h\u00e1zba az ajt\u00f3 befesz\u00edt\u00e9s\u00e9vel hatolt be, onnan 25.000 Ft \u00e9rt\u00e9kben vitt el lak\u00e1sfelszerel\u00e9si t\u00e1rgyakat.<\/p>\n<p>A f\u00e9rfi 2020. janu\u00e1r 25-febru\u00e1r 3. napja k\u00f6z\u00f6tt egy nyerges\u00fajfalui horg\u00e1szh\u00e1z ajtaj\u00e1t befesz\u00edtette, \u00e9s onnan szersz\u00e1mokat, telev\u00edzi\u00f3t, l\u00e9gpusk\u00e1t, horg\u00e1szbotokat \u00e9s m\u00e1s ing\u00f3 dolgokat vitt el mintegy 270.000 Ft \u00e9rt\u00e9kben.<\/p>\n<p>A f\u00e9rfival kor\u00e1bban nyomoz\u00e1s indult amiatt, hogy 2015. okt\u00f3ber 27. napj\u00e1t k\u00f6vet\u0151en egy esztergomi ingatlanba ablak\u00e1nak benyom\u00e1s\u00e1val behatolt, \u00e9s onnan 164.000 Ft \u00e9rt\u00e9kben lopott konyhai g\u00e9peket, ezt az \u00fcgyet a nyomoz\u00f3 hat\u00f3s\u00e1g egyes\u00edtette az \u00fajabb elj\u00e1r\u00e1ssal.<\/p>\n<p><strong>A gyan\u00fas\u00edtott a nyerges\u00fajfalui b\u0171nesetek helysz\u00edn\u00e9re talicsk\u00e1val j\u00e1rt, a lopott t\u00e1rgyakat ezzel vitte el a helysz\u00ednr\u0151l. <\/strong><\/p>\n<p>Az \u00fcgy\u00e9szs\u00e9g ind\u00edtv\u00e1nya alapj\u00e1n a nyomoz\u00e1si b\u00edr\u00f3 a f\u00e9rfi letart\u00f3ztat\u00e1s\u00e1t 2020. febru\u00e1r 20. napj\u00e1n rendelte el, majd t\u00f6bbsz\u00f6r meghosszabb\u00edtotta, mert megalapozottan feltehet\u0151, hogy a gyan\u00fas\u00edtott szabadl\u00e1bon \u00fajabb szabads\u00e1gveszt\u00e9ssel b\u00fcntetend\u0151 b\u0171ncselekm\u00e9nyt k\u00f6vetne el, tov\u00e1bb\u00e1 a b\u00fcntet\u0151elj\u00e1r\u00e1sban el\u00e9rhetetlenn\u00e9 v\u00e1lna.<\/p>\n<p>Az Esztergomi J\u00e1r\u00e1si \u00dcgy\u00e9szs\u00e9g \u00fajabb ind\u00edtv\u00e1ny\u00e1ra a b\u00edr\u00f3s\u00e1g a f\u00e9rfi letart\u00f3ztat\u00e1s\u00e1t legut\u00f3bb, 2020. augusztus 14. napj\u00e1n 2020. okt\u00f3ber 20. napj\u00e1ig hosszabb\u00edtotta meg, mert a k\u00e9nyszerint\u00e9zked\u00e9s t\u00f6rv\u00e9nyes felt\u00e9telei tov\u00e1bbra is fenn\u00e1llnak.<\/p>\n<p><em>Kom\u00e1rom-Esztergom Megyei F\u0151\u00fcgy\u00e9szs\u00e9g Sajt\u00f3<\/em><\/p>\n","protected":false},"excerpt":{"rendered":"<p>Tov\u00e1bbi k\u00e9t h\u00f3napra meghosszabb\u00edtott\u00e1k a letart\u00f3ztat\u00e1s\u00e1t annak a f\u00e9rfinak, aki t\u00f6bb alkalommal is nyerges\u00fajfalui h\u00e9tv\u00e9gi h\u00e1zakba t\u00f6rt be. Az ind\u00edtv\u00e1ny szerint a gyan\u00fas\u00edtott 2018. \u00e1prilis 22. napj\u00e1t k\u00f6vet\u0151 napokban egy nyerges\u00fajfalui horg\u00e1szh\u00e1zba ajt\u00f3 befesz\u00edt\u00e9s\u00e9vel behatolt, onnan 60.000 Ft \u00e9rt\u00e9kben lopott l\u00e9tr\u00e1t, f\u0171kasz\u00e1t, v\u00edzforgat\u00f3t, aggreg\u00e1tort, d\u00edszhaj\u00f3t, szobrot, szersz\u00e1mokat. Ide 2020. janu\u00e1r v\u00e9g\u00e9n is visszat\u00e9rt, ajt\u00f3-\u00e9s ablak<\/p>\n","protected":false},"author":1,"featured_media":5433,"comment_status":"closed","ping_status":"closed","sticky":false,"template":"","format":"standard","meta":{"ngg_post_thumbnail":0,"footnotes":""},"categories":[3,39,1390],"tags":[449,1042,63,140,61,326],"class_list":{"0":"post-26781","1":"post","2":"type-post","3":"status-publish","4":"format-standard","5":"has-post-thumbnail","7":"category-hirek","8":"category-kek-hirek","9":"category-nyergesujfalu","10":"tag-betores","11":"tag-birosag","12":"tag-buncselekmeny","13":"tag-nyergesujfalu","14":"tag-rendorsegi-hirek","15":"tag-ugyeszseg"},"yoast_head":"<!-- This site is optimized with the Yoast SEO plugin v27.5 - https:\/\/yoast.com\/product\/yoast-seo-wordpress\/ -->\n<title>Meghosszabb\u00edtott\u00e1k a talicsk\u00e1s tolvaj letart\u00f3ztat\u00e1s\u00e1t<\/title>\n<meta name=\"robots\" content=\"index, follow, max-snippet:-1, max-image-preview:large, max-video-preview:-1\" \/>\n<link rel=\"canonical\" href=\"https:\/\/dorogimedence.hu\/index.php\/2020\/08\/17\/meghosszabbitottak-a-talicskas-tolvaj-letartoztatasat\/\" class=\"yoast-seo-meta-tag\" \/>\n<meta property=\"og:locale\" content=\"hu_HU\" class=\"yoast-seo-meta-tag\" \/>\n<meta property=\"og:type\" content=\"article\" class=\"yoast-seo-meta-tag\" \/>\n<meta property=\"og:title\" content=\"Meghosszabb\u00edtott\u00e1k a talicsk\u00e1s tolvaj letart\u00f3ztat\u00e1s\u00e1t\" class=\"yoast-seo-meta-tag\" \/>\n<meta property=\"og:description\" content=\"Tov\u00e1bbi k\u00e9t h\u00f3napra meghosszabb\u00edtott\u00e1k a letart\u00f3ztat\u00e1s\u00e1t annak a f\u00e9rfinak, aki t\u00f6bb alkalommal is nyerges\u00fajfalui h\u00e9tv\u00e9gi h\u00e1zakba t\u00f6rt be. Az ind\u00edtv\u00e1ny szerint a gyan\u00fas\u00edtott 2018. \u00e1prilis 22. napj\u00e1t k\u00f6vet\u0151 napokban egy nyerges\u00fajfalui horg\u00e1szh\u00e1zba ajt\u00f3 befesz\u00edt\u00e9s\u00e9vel behatolt, onnan 60.000 Ft \u00e9rt\u00e9kben lopott l\u00e9tr\u00e1t, f\u0171kasz\u00e1t, v\u00edzforgat\u00f3t, aggreg\u00e1tort, d\u00edszhaj\u00f3t, szobrot, szersz\u00e1mokat. Ide 2020. janu\u00e1r v\u00e9g\u00e9n is visszat\u00e9rt, ajt\u00f3-\u00e9s ablak\" class=\"yoast-seo-meta-tag\" \/>\n<meta property=\"og:url\" content=\"https:\/\/dorogimedence.hu\/index.php\/2020\/08\/17\/meghosszabbitottak-a-talicskas-tolvaj-letartoztatasat\/\" class=\"yoast-seo-meta-tag\" \/>\n<meta property=\"og:site_name\" content=\"Dorogi-medence Region\u00e1lis H\u00edrport\u00e1l\" class=\"yoast-seo-meta-tag\" \/>\n<meta property=\"article:publisher\" content=\"https:\/\/www.facebook.com\/dorogimedence\/\" class=\"yoast-seo-meta-tag\" \/>\n<meta property=\"article:published_time\" content=\"2020-08-17T14:10:42+00:00\" class=\"yoast-seo-meta-tag\" \/>\n<meta property=\"article:modified_time\" content=\"2020-08-17T14:10:50+00:00\" class=\"yoast-seo-meta-tag\" \/>\n<meta property=\"og:image\" content=\"https:\/\/i0.wp.com\/dorogimedence.hu\/wp-content\/uploads\/2017\/09\/bilincs04.png?fit=670%2C365&ssl=1\" class=\"yoast-seo-meta-tag\" \/>\n\t<meta property=\"og:image:width\" content=\"670\" class=\"yoast-seo-meta-tag\" \/>\n\t<meta property=\"og:image:height\" content=\"365\" class=\"yoast-seo-meta-tag\" \/>\n\t<meta property=\"og:image:type\" content=\"image\/png\" class=\"yoast-seo-meta-tag\" \/>\n<meta name=\"author\" content=\"dorogimedence.hu\" class=\"yoast-seo-meta-tag\" \/>\n<meta name=\"twitter:card\" content=\"summary_large_image\" class=\"yoast-seo-meta-tag\" \/>\n<meta name=\"twitter:label1\" content=\"Szerz\u0151:\" class=\"yoast-seo-meta-tag\" \/>\n\t<meta name=\"twitter:data1\" content=\"dorogimedence.hu\" class=\"yoast-seo-meta-tag\" \/>\n\t<meta name=\"twitter:label2\" content=\"Becs\u00fclt olvas\u00e1si id\u0151\" class=\"yoast-seo-meta-tag\" \/>\n\t<meta name=\"twitter:data2\" content=\"2 perc\" class=\"yoast-seo-meta-tag\" \/>\n<script type=\"application\/ld+json\" class=\"yoast-schema-graph\">{\"@context\":\"https:\\\/\\\/schema.org\",\"@graph\":[{\"@type\":\"Article\",\"@id\":\"https:\\\/\\\/dorogimedence.hu\\\/index.php\\\/2020\\\/08\\\/17\\\/meghosszabbitottak-a-talicskas-tolvaj-letartoztatasat\\\/#article\",\"isPartOf\":{\"@id\":\"https:\\\/\\\/dorogimedence.hu\\\/index.php\\\/2020\\\/08\\\/17\\\/meghosszabbitottak-a-talicskas-tolvaj-letartoztatasat\\\/\"},\"author\":{\"name\":\"dorogimedence.hu\",\"@id\":\"https:\\\/\\\/dorogimedence.hu\\\/#\\\/schema\\\/person\\\/ce6091eeb7e95ecdc87890d6aa8e0fd4\"},\"headline\":\"Meghosszabb\u00edtott\u00e1k a talicsk\u00e1s tolvaj letart\u00f3ztat\u00e1s\u00e1t\",\"datePublished\":\"2020-08-17T14:10:42+00:00\",\"dateModified\":\"2020-08-17T14:10:50+00:00\",\"mainEntityOfPage\":{\"@id\":\"https:\\\/\\\/dorogimedence.hu\\\/index.php\\\/2020\\\/08\\\/17\\\/meghosszabbitottak-a-talicskas-tolvaj-letartoztatasat\\\/\"},\"wordCount\":408,\"publisher\":{\"@id\":\"https:\\\/\\\/dorogimedence.hu\\\/#organization\"},\"image\":{\"@id\":\"https:\\\/\\\/dorogimedence.hu\\\/index.php\\\/2020\\\/08\\\/17\\\/meghosszabbitottak-a-talicskas-tolvaj-letartoztatasat\\\/#primaryimage\"},\"thumbnailUrl\":\"https:\\\/\\\/dorogimedence.hu\\\/wp-content\\\/uploads\\\/2017\\\/09\\\/bilincs04.png\",\"keywords\":[\"bet\u00f6r\u00e9s\",\"b\u00edr\u00f3s\u00e1g\",\"b\u0171ncselekm\u00e9ny\",\"Nyerges\u00fajfalu\",\"rend\u0151rs\u00e9gi h\u00edrek\",\"\u00fcgy\u00e9szs\u00e9g\"],\"articleSection\":[\"H\u00edrek\",\"K\u00e9k h\u00edrek\",\"Nyerges\u00fajfalu\"],\"inLanguage\":\"hu\"},{\"@type\":\"WebPage\",\"@id\":\"https:\\\/\\\/dorogimedence.hu\\\/index.php\\\/2020\\\/08\\\/17\\\/meghosszabbitottak-a-talicskas-tolvaj-letartoztatasat\\\/\",\"url\":\"https:\\\/\\\/dorogimedence.hu\\\/index.php\\\/2020\\\/08\\\/17\\\/meghosszabbitottak-a-talicskas-tolvaj-letartoztatasat\\\/\",\"name\":\"Meghosszabb\u00edtott\u00e1k a talicsk\u00e1s tolvaj letart\u00f3ztat\u00e1s\u00e1t\",\"isPartOf\":{\"@id\":\"https:\\\/\\\/dorogimedence.hu\\\/#website\"},\"primaryImageOfPage\":{\"@id\":\"https:\\\/\\\/dorogimedence.hu\\\/index.php\\\/2020\\\/08\\\/17\\\/meghosszabbitottak-a-talicskas-tolvaj-letartoztatasat\\\/#primaryimage\"},\"image\":{\"@id\":\"https:\\\/\\\/dorogimedence.hu\\\/index.php\\\/2020\\\/08\\\/17\\\/meghosszabbitottak-a-talicskas-tolvaj-letartoztatasat\\\/#primaryimage\"},\"thumbnailUrl\":\"https:\\\/\\\/dorogimedence.hu\\\/wp-content\\\/uploads\\\/2017\\\/09\\\/bilincs04.png\",\"datePublished\":\"2020-08-17T14:10:42+00:00\",\"dateModified\":\"2020-08-17T14:10:50+00:00\",\"breadcrumb\":{\"@id\":\"https:\\\/\\\/dorogimedence.hu\\\/index.php\\\/2020\\\/08\\\/17\\\/meghosszabbitottak-a-talicskas-tolvaj-letartoztatasat\\\/#breadcrumb\"},\"inLanguage\":\"hu\",\"potentialAction\":[{\"@type\":\"ReadAction\",\"target\":[\"https:\\\/\\\/dorogimedence.hu\\\/index.php\\\/2020\\\/08\\\/17\\\/meghosszabbitottak-a-talicskas-tolvaj-letartoztatasat\\\/\"]}]},{\"@type\":\"ImageObject\",\"inLanguage\":\"hu\",\"@id\":\"https:\\\/\\\/dorogimedence.hu\\\/index.php\\\/2020\\\/08\\\/17\\\/meghosszabbitottak-a-talicskas-tolvaj-letartoztatasat\\\/#primaryimage\",\"url\":\"https:\\\/\\\/dorogimedence.hu\\\/wp-content\\\/uploads\\\/2017\\\/09\\\/bilincs04.png\",\"contentUrl\":\"https:\\\/\\\/dorogimedence.hu\\\/wp-content\\\/uploads\\\/2017\\\/09\\\/bilincs04.png\",\"width\":670,\"height\":365},{\"@type\":\"BreadcrumbList\",\"@id\":\"https:\\\/\\\/dorogimedence.hu\\\/index.php\\\/2020\\\/08\\\/17\\\/meghosszabbitottak-a-talicskas-tolvaj-letartoztatasat\\\/#breadcrumb\",\"itemListElement\":[{\"@type\":\"ListItem\",\"position\":1,\"name\":\"Kezd\u0151lap\",\"item\":\"https:\\\/\\\/dorogimedence.hu\\\/\"},{\"@type\":\"ListItem\",\"position\":2,\"name\":\"Meghosszabb\u00edtott\u00e1k a talicsk\u00e1s tolvaj letart\u00f3ztat\u00e1s\u00e1t\"}]},{\"@type\":\"WebSite\",\"@id\":\"https:\\\/\\\/dorogimedence.hu\\\/#website\",\"url\":\"https:\\\/\\\/dorogimedence.hu\\\/\",\"name\":\"Dorogi-medence Region\u00e1lis H\u00edrport\u00e1l\",\"description\":\"Dorog, Keszt\u00f6lc, Le\u00e1nyv\u00e1r, Piliscs\u00e9v, Tokod, Tokodalt\u00e1r\u00f3, Csolnok, Esztergom-kertv\u00e1ros: h\u00edrek, programok\",\"publisher\":{\"@id\":\"https:\\\/\\\/dorogimedence.hu\\\/#organization\"},\"potentialAction\":[{\"@type\":\"SearchAction\",\"target\":{\"@type\":\"EntryPoint\",\"urlTemplate\":\"https:\\\/\\\/dorogimedence.hu\\\/?s={search_term_string}\"},\"query-input\":{\"@type\":\"PropertyValueSpecification\",\"valueRequired\":true,\"valueName\":\"search_term_string\"}}],\"inLanguage\":\"hu\"},{\"@type\":\"Organization\",\"@id\":\"https:\\\/\\\/dorogimedence.hu\\\/#organization\",\"name\":\"Dorogi-medence Region\u00e1lis H\u00edrport\u00e1l\",\"url\":\"https:\\\/\\\/dorogimedence.hu\\\/\",\"logo\":{\"@type\":\"ImageObject\",\"inLanguage\":\"hu\",\"@id\":\"https:\\\/\\\/dorogimedence.hu\\\/#\\\/schema\\\/logo\\\/image\\\/\",\"url\":\"https:\\\/\\\/dorogimedence.hu\\\/wp-content\\\/uploads\\\/2021\\\/04\\\/logo-feher-600.png\",\"contentUrl\":\"https:\\\/\\\/dorogimedence.hu\\\/wp-content\\\/uploads\\\/2021\\\/04\\\/logo-feher-600.png\",\"width\":600,\"height\":100,\"caption\":\"Dorogi-medence Region\u00e1lis H\u00edrport\u00e1l\"},\"image\":{\"@id\":\"https:\\\/\\\/dorogimedence.hu\\\/#\\\/schema\\\/logo\\\/image\\\/\"},\"sameAs\":[\"https:\\\/\\\/www.facebook.com\\\/dorogimedence\\\/\"]},{\"@type\":\"Person\",\"@id\":\"https:\\\/\\\/dorogimedence.hu\\\/#\\\/schema\\\/person\\\/ce6091eeb7e95ecdc87890d6aa8e0fd4\",\"name\":\"dorogimedence.hu\",\"image\":{\"@type\":\"ImageObject\",\"inLanguage\":\"hu\",\"@id\":\"\\\/\\\/www.gravatar.com\\\/avatar\\\/d8d45f8901aadff40a4af72c0b826f1d?s=96&#038;r=g&#038;d=mm\",\"url\":\"\\\/\\\/www.gravatar.com\\\/avatar\\\/d8d45f8901aadff40a4af72c0b826f1d?s=96&#038;r=g&#038;d=mm\",\"contentUrl\":\"\\\/\\\/www.gravatar.com\\\/avatar\\\/d8d45f8901aadff40a4af72c0b826f1d?s=96&#038;r=g&#038;d=mm\",\"caption\":\"dorogimedence.hu\"}}]}<\/script>\n<!-- \/ Yoast SEO plugin. -->","yoast_head_json":{"title":"Meghosszabb\u00edtott\u00e1k a talicsk\u00e1s tolvaj letart\u00f3ztat\u00e1s\u00e1t","robots":{"index":"index","follow":"follow","max-snippet":"max-snippet:-1","max-image-preview":"max-image-preview:large","max-video-preview":"max-video-preview:-1"},"canonical":"https:\/\/dorogimedence.hu\/index.php\/2020\/08\/17\/meghosszabbitottak-a-talicskas-tolvaj-letartoztatasat\/","og_locale":"hu_HU","og_type":"article","og_title":"Meghosszabb\u00edtott\u00e1k a talicsk\u00e1s tolvaj letart\u00f3ztat\u00e1s\u00e1t","og_description":"Tov\u00e1bbi k\u00e9t h\u00f3napra meghosszabb\u00edtott\u00e1k a letart\u00f3ztat\u00e1s\u00e1t annak a f\u00e9rfinak, aki t\u00f6bb alkalommal is nyerges\u00fajfalui h\u00e9tv\u00e9gi h\u00e1zakba t\u00f6rt be. Az ind\u00edtv\u00e1ny szerint a gyan\u00fas\u00edtott 2018. \u00e1prilis 22. napj\u00e1t k\u00f6vet\u0151 napokban egy nyerges\u00fajfalui horg\u00e1szh\u00e1zba ajt\u00f3 befesz\u00edt\u00e9s\u00e9vel behatolt, onnan 60.000 Ft \u00e9rt\u00e9kben lopott l\u00e9tr\u00e1t, f\u0171kasz\u00e1t, v\u00edzforgat\u00f3t, aggreg\u00e1tort, d\u00edszhaj\u00f3t, szobrot, szersz\u00e1mokat. Ide 2020. janu\u00e1r v\u00e9g\u00e9n is visszat\u00e9rt, ajt\u00f3-\u00e9s ablak","og_url":"https:\/\/dorogimedence.hu\/index.php\/2020\/08\/17\/meghosszabbitottak-a-talicskas-tolvaj-letartoztatasat\/","og_site_name":"Dorogi-medence Region\u00e1lis H\u00edrport\u00e1l","article_publisher":"https:\/\/www.facebook.com\/dorogimedence\/","article_published_time":"2020-08-17T14:10:42+00:00","article_modified_time":"2020-08-17T14:10:50+00:00","og_image":[{"width":670,"height":365,"url":"https:\/\/i0.wp.com\/dorogimedence.hu\/wp-content\/uploads\/2017\/09\/bilincs04.png?fit=670%2C365&ssl=1","type":"image\/png"}],"author":"dorogimedence.hu","twitter_card":"summary_large_image","twitter_misc":{"Szerz\u0151:":"dorogimedence.hu","Becs\u00fclt olvas\u00e1si id\u0151":"2 perc"},"schema":{"@context":"https:\/\/schema.org","@graph":[{"@type":"Article","@id":"https:\/\/dorogimedence.hu\/index.php\/2020\/08\/17\/meghosszabbitottak-a-talicskas-tolvaj-letartoztatasat\/#article","isPartOf":{"@id":"https:\/\/dorogimedence.hu\/index.php\/2020\/08\/17\/meghosszabbitottak-a-talicskas-tolvaj-letartoztatasat\/"},"author":{"name":"dorogimedence.hu","@id":"https:\/\/dorogimedence.hu\/#\/schema\/person\/ce6091eeb7e95ecdc87890d6aa8e0fd4"},"headline":"Meghosszabb\u00edtott\u00e1k a talicsk\u00e1s tolvaj letart\u00f3ztat\u00e1s\u00e1t","datePublished":"2020-08-17T14:10:42+00:00","dateModified":"2020-08-17T14:10:50+00:00","mainEntityOfPage":{"@id":"https:\/\/dorogimedence.hu\/index.php\/2020\/08\/17\/meghosszabbitottak-a-talicskas-tolvaj-letartoztatasat\/"},"wordCount":408,"publisher":{"@id":"https:\/\/dorogimedence.hu\/#organization"},"image":{"@id":"https:\/\/dorogimedence.hu\/index.php\/2020\/08\/17\/meghosszabbitottak-a-talicskas-tolvaj-letartoztatasat\/#primaryimage"},"thumbnailUrl":"https:\/\/dorogimedence.hu\/wp-content\/uploads\/2017\/09\/bilincs04.png","keywords":["bet\u00f6r\u00e9s","b\u00edr\u00f3s\u00e1g","b\u0171ncselekm\u00e9ny","Nyerges\u00fajfalu","rend\u0151rs\u00e9gi h\u00edrek","\u00fcgy\u00e9szs\u00e9g"],"articleSection":["H\u00edrek","K\u00e9k h\u00edrek","Nyerges\u00fajfalu"],"inLanguage":"hu"},{"@type":"WebPage","@id":"https:\/\/dorogimedence.hu\/index.php\/2020\/08\/17\/meghosszabbitottak-a-talicskas-tolvaj-letartoztatasat\/","url":"https:\/\/dorogimedence.hu\/index.php\/2020\/08\/17\/meghosszabbitottak-a-talicskas-tolvaj-letartoztatasat\/","name":"Meghosszabb\u00edtott\u00e1k a talicsk\u00e1s tolvaj letart\u00f3ztat\u00e1s\u00e1t","isPartOf":{"@id":"https:\/\/dorogimedence.hu\/#website"},"primaryImageOfPage":{"@id":"https:\/\/dorogimedence.hu\/index.php\/2020\/08\/17\/meghosszabbitottak-a-talicskas-tolvaj-letartoztatasat\/#primaryimage"},"image":{"@id":"https:\/\/dorogimedence.hu\/index.php\/2020\/08\/17\/meghosszabbitottak-a-talicskas-tolvaj-letartoztatasat\/#primaryimage"},"thumbnailUrl":"https:\/\/dorogimedence.hu\/wp-content\/uploads\/2017\/09\/bilincs04.png","datePublished":"2020-08-17T14:10:42+00:00","dateModified":"2020-08-17T14:10:50+00:00","breadcrumb":{"@id":"https:\/\/dorogimedence.hu\/index.php\/2020\/08\/17\/meghosszabbitottak-a-talicskas-tolvaj-letartoztatasat\/#breadcrumb"},"inLanguage":"hu","potentialAction":[{"@type":"ReadAction","target":["https:\/\/dorogimedence.hu\/index.php\/2020\/08\/17\/meghosszabbitottak-a-talicskas-tolvaj-letartoztatasat\/"]}]},{"@type":"ImageObject","inLanguage":"hu","@id":"https:\/\/dorogimedence.hu\/index.php\/2020\/08\/17\/meghosszabbitottak-a-talicskas-tolvaj-letartoztatasat\/#primaryimage","url":"https:\/\/dorogimedence.hu\/wp-content\/uploads\/2017\/09\/bilincs04.png","contentUrl":"https:\/\/dorogimedence.hu\/wp-content\/uploads\/2017\/09\/bilincs04.png","width":670,"height":365},{"@type":"BreadcrumbList","@id":"https:\/\/dorogimedence.hu\/index.php\/2020\/08\/17\/meghosszabbitottak-a-talicskas-tolvaj-letartoztatasat\/#breadcrumb","itemListElement":[{"@type":"ListItem","position":1,"name":"Kezd\u0151lap","item":"https:\/\/dorogimedence.hu\/"},{"@type":"ListItem","position":2,"name":"Meghosszabb\u00edtott\u00e1k a talicsk\u00e1s tolvaj letart\u00f3ztat\u00e1s\u00e1t"}]},{"@type":"WebSite","@id":"https:\/\/dorogimedence.hu\/#website","url":"https:\/\/dorogimedence.hu\/","name":"Dorogi-medence Region\u00e1lis H\u00edrport\u00e1l","description":"Dorog, Keszt\u00f6lc, Le\u00e1nyv\u00e1r, Piliscs\u00e9v, Tokod, Tokodalt\u00e1r\u00f3, Csolnok, Esztergom-kertv\u00e1ros: h\u00edrek, programok","publisher":{"@id":"https:\/\/dorogimedence.hu\/#organization"},"potentialAction":[{"@type":"SearchAction","target":{"@type":"EntryPoint","urlTemplate":"https:\/\/dorogimedence.hu\/?s={search_term_string}"},"query-input":{"@type":"PropertyValueSpecification","valueRequired":true,"valueName":"search_term_string"}}],"inLanguage":"hu"},{"@type":"Organization","@id":"https:\/\/dorogimedence.hu\/#organization","name":"Dorogi-medence Region\u00e1lis H\u00edrport\u00e1l","url":"https:\/\/dorogimedence.hu\/","logo":{"@type":"ImageObject","inLanguage":"hu","@id":"https:\/\/dorogimedence.hu\/#\/schema\/logo\/image\/","url":"https:\/\/dorogimedence.hu\/wp-content\/uploads\/2021\/04\/logo-feher-600.png","contentUrl":"https:\/\/dorogimedence.hu\/wp-content\/uploads\/2021\/04\/logo-feher-600.png","width":600,"height":100,"caption":"Dorogi-medence Region\u00e1lis H\u00edrport\u00e1l"},"image":{"@id":"https:\/\/dorogimedence.hu\/#\/schema\/logo\/image\/"},"sameAs":["https:\/\/www.facebook.com\/dorogimedence\/"]},{"@type":"Person","@id":"https:\/\/dorogimedence.hu\/#\/schema\/person\/ce6091eeb7e95ecdc87890d6aa8e0fd4","name":"dorogimedence.hu","image":{"@type":"ImageObject","inLanguage":"hu","@id":"\/\/www.gravatar.com\/avatar\/d8d45f8901aadff40a4af72c0b826f1d?s=96&#038;r=g&#038;d=mm","url":"\/\/www.gravatar.com\/avatar\/d8d45f8901aadff40a4af72c0b826f1d?s=96&#038;r=g&#038;d=mm","contentUrl":"\/\/www.gravatar.com\/avatar\/d8d45f8901aadff40a4af72c0b826f1d?s=96&#038;r=g&#038;d=mm","caption":"dorogimedence.hu"}}]}},"_links":{"self":[{"href":"https:\/\/dorogimedence.hu\/index.php\/wp-json\/wp\/v2\/posts\/26781","targetHints":{"allow":["GET"]}}],"collection":[{"href":"https:\/\/dorogimedence.hu\/index.php\/wp-json\/wp\/v2\/posts"}],"about":[{"href":"https:\/\/dorogimedence.hu\/index.php\/wp-json\/wp\/v2\/types\/post"}],"author":[{"embeddable":true,"href":"https:\/\/dorogimedence.hu\/index.php\/wp-json\/wp\/v2\/users\/1"}],"replies":[{"embeddable":true,"href":"https:\/\/dorogimedence.hu\/index.php\/wp-json\/wp\/v2\/comments?post=26781"}],"version-history":[{"count":0,"href":"https:\/\/dorogimedence.hu\/index.php\/wp-json\/wp\/v2\/posts\/26781\/revisions"}],"wp:featuredmedia":[{"embeddable":true,"href":"https:\/\/dorogimedence.hu\/index.php\/wp-json\/wp\/v2\/media\/5433"}],"wp:attachment":[{"href":"https:\/\/dorogimedence.hu\/index.php\/wp-json\/wp\/v2\/media?parent=26781"}],"wp:term":[{"taxonomy":"category","embeddable":true,"href":"https:\/\/dorogimedence.hu\/index.php\/wp-json\/wp\/v2\/categories?post=26781"},{"taxonomy":"post_tag","embeddable":true,"href":"https:\/\/dorogimedence.hu\/index.php\/wp-json\/wp\/v2\/tags?post=26781"}],"curies":[{"name":"wp","href":"https:\/\/api.w.org\/{rel}","templated":true}]}}