{"id":26763,"date":"2020-08-16T11:02:57","date_gmt":"2020-08-16T09:02:57","guid":{"rendered":"http:\/\/dorogimedence.hu\/?p=26763"},"modified":"2020-08-16T11:05:22","modified_gmt":"2020-08-16T09:05:22","slug":"szuz-maria-az-angyali-udvozletkor-nem-kert-gondolkodasi-idot","status":"publish","type":"post","link":"https:\/\/dorogimedence.hu\/index.php\/2020\/08\/16\/szuz-maria-az-angyali-udvozletkor-nem-kert-gondolkodasi-idot\/","title":{"rendered":"Sz\u0171z M\u00e1ria az angyali \u00fcdv\u00f6zletkor nem k\u00e9rt gondolkod\u00e1si id\u0151t"},"content":{"rendered":"<p><strong>Augusztus 15-\u00e9n, Nagyboldogasszony \u00fcnnep\u00e9n Erd\u0151 P\u00e9ter b\u00edboros, esztergom-budapesti \u00e9rsek szentmis\u00e9t celebr\u00e1lt az esztergomi bazilik\u00e1ban, majd Szent Adalbert-d\u00edjakat adott \u00e1t azoknak, akik az egyh\u00e1zmegy\u00e9ben kiemelked\u0151 szolg\u00e1latot v\u00e9geztek, illetve v\u00e9geznek.<br \/>\n<\/strong><\/p>\n<p>&#8222;Nagyboldogasszony napj\u00e1n Sz\u0171z M\u00e1ria mennybev\u00e9tel\u00e9t \u00fcnnepelj\u00fck. Ahogyan a mennyorsz\u00e1g sem puszta fizikai \u00e9rtelemben magasan a f\u00f6ld felett l\u00e9v\u0151 hely, hanem t\u00f6bb ann\u00e1l, Isten k\u00fcl\u00f6nleges k\u00f6zels\u00e9g\u00e9nek \u201eszem nem l\u00e1tta \u00e9s f\u00fcl nem hallotta\u201d (v\u00f6. 1Kor 2,9) boldog \u00e1llapota, \u00fagy Sz\u0171z M\u00e1ria mennybev\u00e9tele sem valami f\u00f6ld feletti magass\u00e1gba emelked\u00e9s csup\u00e1n, hanem saj\u00e1tos r\u00e9szesed\u00e9s az \u00f6r\u00f6k dics\u0151s\u00e9gben, Isten dics\u0151s\u00e9g\u00e9ben. Ezt a dics\u0151s\u00e9get mi, emberek \u2013 gyarl\u00f3 kifejez\u00e9ssel \u2013 f\u00e9nyhez, ragyog\u00e1shoz vagy \u00e9ppen enyh\u00fcl\u00e9st ad\u00f3 \u00e1rny\u00e9khoz hasonl\u00edthatjuk. Ez a f\u00e9nyess\u00e9g jelent meg Krisztus alakj\u00e1n a T\u00e1bor hegy\u00e9n, amikor a h\u00e1rom kiv\u00e1lasztott apostol egy pillanatra \u00e1t\u00e9rezte az isteni jelenl\u00e9t boldogs\u00e1g\u00e1t \u00e9s azt ki\u00e1ltotta: Uram, j\u00f3 nek\u00fcnk itt lenn\u00fcnk!&#8221; &#8211; \u00edgy kezdte Erd\u0151 P\u00e9ter a szentmis\u00e9t a bazilik\u00e1ban.<\/p>\n<p><img fetchpriority=\"high\" decoding=\"async\" class=\"alignnone size-full wp-image-26769\" src=\"https:\/\/dorogimedence.hu\/wp-content\/uploads\/2020\/08\/erdopeter-02.jpg\" alt=\"\" width=\"830\" height=\"450\" srcset=\"https:\/\/dorogimedence.hu\/wp-content\/uploads\/2020\/08\/erdopeter-02.jpg 830w, https:\/\/dorogimedence.hu\/wp-content\/uploads\/2020\/08\/erdopeter-02-300x163.jpg 300w, https:\/\/dorogimedence.hu\/wp-content\/uploads\/2020\/08\/erdopeter-02-768x416.jpg 768w\" sizes=\"(max-width: 830px) 100vw, 830px\" \/><\/p>\n<p>&#8222;Ezt az \u00e1llapotot v\u00e1rjuk \u00e9s rem\u00e9lj\u00fck minden \u00fcdv\u00f6z\u00fclt ember sz\u00e1m\u00e1ra, err\u0151l mondjuk, hogy \u00f6r\u00f6k vil\u00e1goss\u00e1g, err\u0151l mondjuk, hogy teljes b\u00e9ke, vagy a b\u00e9ke \u00e9s a vil\u00e1goss\u00e1g enyh\u00fcl\u00e9st ad\u00f3 pihen\u0151helye, mint a r\u00e9gi kereszt\u00e9nyek fogalmazt\u00e1k: \u201erefrigerium lucis et pacis\u201d. Sz\u0171z M\u00e1ria a felt\u00e1madt Krisztushoz hasonl\u00f3an f\u00f6ldi \u00e9let\u00e9nek v\u00e9gezt\u00e9vel testest\u0151l-lelkest\u0151l, teljes embers\u00e9ge szerint r\u00e9szes\u00fcl m\u00e1r ebben a dics\u0151s\u00e9gben. A mai \u00fcnnep arr\u00f3l sz\u00f3l, hogy milyen lesz a megdics\u0151\u00fclt egyh\u00e1z, amelynek feje maga Krisztus \u00e9s legkiv\u00e1l\u00f3bb tagja M\u00e1ria m\u00e1r el\u00e9rkezett a beteljes\u00fcl\u00e9s \u00e1llapot\u00e1ba.&#8221; &#8211; folytatta.<\/p>\n<p>&#8222;A mai evang\u00e9liumban azt olvassuk: \u201eBoldognak hirdet engem minden nemzed\u00e9k\u201d. Ebben a mondatban k\u00e9t \u00e9vezred t\u00e1vlat\u00e1b\u00f3l igazi j\u00f6vend\u00f6l\u00e9st ismerhet\u00fcnk fel. Aligha el\u00e9gedhet\u00fcnk meg azzal, hogy M\u00e1ria h\u00e1la\u00e9nek\u00e9ben, a Magnificatban felfedezz\u00fck \u00f3sz\u00f6vets\u00e9gi im\u00e1ds\u00e1g eml\u00e9k\u00e9t. Meg kell l\u00e1tnunk benne M\u00e1ria Szentl\u00e9lekt\u0151l ihletett szem\u00e9ly\u00e9t is, hiszen ki ejthette volna ki ezt a mondatot rajta k\u00edv\u00fcl? Nagy teh\u00e1t a Sz\u0171zanya dics\u0151s\u00e9ge a f\u00f6ld\u00f6n, de az\u00e9rt, amit J\u00e9zussal egy\u00fctt v\u00e9gigszenvedett, nem ez az egyetlen jutalma. M\u00e1ria igazi dics\u0151s\u00e9ge abban \u00e1ll, hogy r\u00e9szese lett az isteni boldogs\u00e1gnak, hogy elt\u00f6lt\u00f6tte Isten teljess\u00e9ge, hogy m\u00e9lt\u00e1n mondhatjuk r\u00f3la ebben a nagyszer\u0171 \u00e9rtelemben: \u0150 a napba \u00f6lt\u00f6z\u00f6tt asszony.&#8221; &#8211; tette hozz\u00e1 a b\u00edboros.<\/p>\n<p><img decoding=\"async\" class=\"alignnone size-full wp-image-26770\" src=\"https:\/\/dorogimedence.hu\/wp-content\/uploads\/2020\/08\/erdopeter-03.jpg\" alt=\"\" width=\"830\" height=\"450\" srcset=\"https:\/\/dorogimedence.hu\/wp-content\/uploads\/2020\/08\/erdopeter-03.jpg 830w, https:\/\/dorogimedence.hu\/wp-content\/uploads\/2020\/08\/erdopeter-03-300x163.jpg 300w, https:\/\/dorogimedence.hu\/wp-content\/uploads\/2020\/08\/erdopeter-03-768x416.jpg 768w\" sizes=\"(max-width: 830px) 100vw, 830px\" \/><\/p>\n<p>&#8222;M\u00e1ria ebben a dics\u0151s\u00e9g\u00e9ben mutatja meg nek\u00fcnk minden ember \u00e9s az eg\u00e9sz egyh\u00e1z hivat\u00e1s\u00e1t. Nek\u00fcnk is meg kell hallanunk Isten szav\u00e1t, ehhez pedig mai, zaklatott \u00e9let\u00fcnkben tudatos er\u0151fesz\u00edt\u00e9ssel kell keresn\u00fcnk a csendet \u00e9s az alkalmat az im\u00e1ds\u00e1gra. De Isten felismert akarat\u00e1ban nem csup\u00e1n gy\u00f6ny\u00f6rk\u00f6dn\u00fcnk kell, hanem a hit b\u00e1tors\u00e1g\u00e1val \u00e9s kock\u00e1zatv\u00e1llal\u00e1s\u00e1val igent is kell r\u00e1 mondanunk. Korunk egyik nagy betegs\u00e9ge a hat\u00e1rozatlans\u00e1g \u00e9s a d\u00f6nt\u00e9sk\u00e9ptelens\u00e9g. Igaz, hogy bonyolult a k\u00f6rnyezet\u00fcnk \u00e9s az \u00e9let\u00fcnk. Igaz, hogy szinte \u00e1ttekinthetetlenn\u00e9 v\u00e1lt, hogy mi k\u00f6ze a tetteinknek ahhoz, ahogy a sorsunk alakul. M\u00e9gsem vagyunk mentesek minden felel\u0151ss\u00e9gt\u0151l. M\u00e9gis k\u00e9pesek vagyunk felismerni Isten akarat\u00e1t. Ez\u00e9rt k\u00f6telesek is vagyunk k\u00f6vetni azt. Hit\u00fcnk alapj\u00e1n v\u00e1llalnunk kell d\u00f6nt\u00e9seink kock\u00e1zat\u00e1t. <em>Sz\u0171z M\u00e1ria az angyali \u00fcdv\u00f6zletkor nem k\u00e9rt gondolkod\u00e1si id\u0151t.<\/em> <em>Hat\u00e1rozottan megv\u00e1laszolt Isten \u00fczenet\u00e9re<\/em>. Nem biztos, hogy nagy d\u00f6nt\u00e9seink ann\u00e1l helyesebbek, min\u00e9l hosszabb ideig t\u0171n\u0151d\u00fcnk rajtuk. Sz\u0171z M\u00e1ria p\u00e9ld\u00e1j\u00e1t k\u00f6vess\u00fck h\u00e1t Isten akarat\u00e1nak k\u00e9szs\u00e9ges, gyors \u00e9s hat\u00e1rozott elfogad\u00e1s\u00e1ban is. Ha ezt tessz\u00fck, teljes bizalommal rem\u00e9lhetj\u00fck, hogy J\u00e9zus minket is mag\u00e1hoz emel a dics\u0151s\u00e9gbe, hiszen azt mondta tan\u00edtv\u00e1nyainak: aki nekem szolg\u00e1l, engem k\u00f6vessen \u00e9s ahol \u00e9n vagyok ott lesz az \u00e9n szolg\u00e1m is.&#8221; &#8211; jegyezte meg Erd\u0151 P\u00e9ter.<\/p>\n<p>V\u00e9g\u00fcl pedig elmondta, hogy &#8222;ebben az igyekezet\u00fcnkben Sz\u0171z M\u00e1ria nem csak p\u00e9ldak\u00e9p\u00fcnk, hanem k\u00f6zbenj\u00e1r\u00e1s\u00e1val seg\u00edt\u0151nk is. A szentek k\u00f6z\u00f6ss\u00e9g\u00e9nek hit\u00e9ben szil\u00e1rdan b\u00edzunk abban, hogy az \u00fcdv\u00f6z\u00fcltek k\u00f6zbenj\u00e1r\u00e1sukkal is seg\u00edteni tudj\u00e1k a f\u00f6ld\u00f6n j\u00e1r\u00f3 egyh\u00e1z tagjait. Sz\u0171z M\u00e1ria anyai p\u00e1rtfog\u00e1sa pedig sz\u00e1mtalanszor megmutatkozott az egyh\u00e1z t\u00f6rt\u00e9nelme sor\u00e1n. Magyarorsz\u00e1g felszabadul\u00e1s\u00e1t a 150 \u00e9ves t\u00f6r\u00f6k uralom al\u00f3l I. Lip\u00f3t cs\u00e1sz\u00e1r \u00e9s magyar kir\u00e1ly, de Boldog XI. Ince p\u00e1pa is Sz\u0171z M\u00e1ria seg\u00edts\u00e9g\u00e9nek tulajdon\u00edtotta. K\u00e9rj\u00fck mi is a mennybe felvett Sz\u0171z M\u00e1ria k\u00f6zbenj\u00e1r\u00e1s\u00e1t haz\u00e1nk\u00e9rt \u00e9s az eg\u00e9sz kereszt\u00e9nys\u00e9g\u00e9rt szerte a vil\u00e1gon. \u00c1men.&#8221;<\/p>\n<p><img decoding=\"async\" class=\"alignnone size-full wp-image-26771\" src=\"https:\/\/dorogimedence.hu\/wp-content\/uploads\/2020\/08\/erdopeter-04.jpg\" alt=\"\" width=\"830\" height=\"450\" srcset=\"https:\/\/dorogimedence.hu\/wp-content\/uploads\/2020\/08\/erdopeter-04.jpg 830w, https:\/\/dorogimedence.hu\/wp-content\/uploads\/2020\/08\/erdopeter-04-300x163.jpg 300w, https:\/\/dorogimedence.hu\/wp-content\/uploads\/2020\/08\/erdopeter-04-768x416.jpg 768w\" sizes=\"(max-width: 830px) 100vw, 830px\" \/><\/p>\n<p><strong>A szentmise v\u00e9g\u00e9n Szent Adalbert-d\u00edjakat adott \u00e1t Erd\u0151 P\u00e9ter azoknak, akik az egyh\u00e1zmegy\u00e9ben kiemelked\u0151 szolg\u00e1latot v\u00e9geztek, illetve v\u00e9geznek\/v\u00e9geztek.<\/strong><\/p>\n<p>A kit\u00fcntet\u00e9st oda\u00edt\u00e9l\u0151 bizotts\u00e1g aj\u00e1nl\u00e1sa alapj\u00e1n Erd\u0151 P\u00e9ter b\u00edboros, pr\u00edm\u00e1s, \u00e9rsek a Szent Adalbert Kit\u00fcntet\u00e9s kis\u00e9rem fokozat\u00e1t adom\u00e1nyozza:<\/p>\n<p><strong>B\u00f3dis Lajos<\/strong> \u00farnak, a Budapest-Pestszentl\u0151rinc-Erzs\u00e9bettelepi Szent Erzs\u00e9bet Pl\u00e9b\u00e1nia k\u00e9pvisel\u0151test\u00fclete kor\u00e1bbi vil\u00e1gi aleln\u00f6k\u00e9nek, t\u00f6bbek k\u00f6z\u00f6tt<\/p>\n<p>&#8211; a templom statikai meger\u0151s\u00edt\u00e9s\u00e9nek, k\u00fcls\u0151-bels\u0151 fest\u00e9s\u00e9nek, vil\u00e1g\u00edt\u00e1s- \u00e9s f\u0171t\u00e9s-korszer\u0171s\u00edt\u00e9s\u00e9nek, valamint az orgona fel\u00faj\u00edt\u00e1s munk\u00e1latainak ir\u00e1ny\u00edt\u00e1s\u00e1\u00e9rt;<br \/>\n&#8211; a pl\u00e9b\u00e1nia\u00e9p\u00fclet, a k\u00f6z\u00f6ss\u00e9gi h\u00e1z \u00e9s eml\u00e9km\u0171 l\u00e9trej\u00f6tt\u00e9ben \u00e9s a templomkert gondoz\u00e1s\u00e1ban v\u00e9gzett munk\u00e1j\u00e1\u00e9rt;<\/p>\n<p>&#8211; a pl\u00e9b\u00e1niai \u00fcnnepek szervez\u00e9s\u00e9ben-bonyol\u00edt\u00e1s\u00e1ban v\u00e9gzett munk\u00e1j\u00e1\u00e9rt;<\/p>\n<p>&#8211; valamint a pl\u00e9b\u00e1niai dokumentum t\u00e1r\u00e1nak \u00e9s a templomt\u00f6rt\u00e9net\u00e9nek \u00f6ssze\u00e1ll\u00edt\u00e1s\u00e1\u00e9rt.<\/p>\n<p><strong>Cserj\u00e9si Jen\u0151<\/strong> \u00farnak \u00e9s feles\u00e9g\u00e9nek <strong>Cserj\u00e9sin\u00e9 Sturm Ildik\u00f3<\/strong> \u00farn\u0151nek a keletn\u00e9metorsz\u00e1gi katolikus k\u00f6z\u00f6ss\u00e9gek \u00e9s az ottani fogvatartottak seg\u00edt\u00e9s\u00e9\u00e9rt, a n\u00e9metorsz\u00e1gi magyar katolikus k\u00f6z\u00f6ss\u00e9gben v\u00e9gzett munk\u00e1juk\u00e9rt, tov\u00e1bb\u00e1 a Magyarorsz\u00e1gr\u00f3l politikai okokb\u00f3l, majd a d\u00e9lszl\u00e1v h\u00e1bor\u00fa idej\u00e9n a d\u00e9lvid\u00e9kr\u0151l N\u00e9metorsz\u00e1gba menek\u00fclt magyarok adminisztrat\u00edv \u00e9s anyagi seg\u00edt\u00e9s\u00e9\u00e9rt.<\/p>\n<p><strong>Horvay M\u00e1ria<\/strong> \u00farn\u0151nek az 1970-es \u00e9vekt\u0151l kezd\u0151d\u0151en el\u0151bb a 6. ker\u00fcleti Szent Csal\u00e1d pl\u00e9b\u00e1ni\u00e1n, majd 25 \u00e9ve \u00e1t az \u00dajlaki Sarl\u00f3s Boldogasszony pl\u00e9b\u00e1ni\u00e1n v\u00e9gzett hitoktat\u00f3i-ifj\u00fas\u00e1gnevel\u0151i munk\u00e1j\u00e1\u00e9rt;<\/p>\n<p>&#8211; A \u201970-es \u00e9vekt\u0151l kezd\u0151d\u0151en \u2013 az akkor m\u00e9g tiltott \u2013 k\u00f3rh\u00e1zi papi betegell\u00e1t\u00e1s szervez\u00e9s\u00e9\u00e9rt \u00e9s seg\u00edt\u00e9s\u00e9\u00e9rt munkahely\u00e9n, az Orsz\u00e1gos Reumatol\u00f3giai \u00e9s Fizioter\u00e1pi\u00e1s Int\u00e9zetben.<\/p>\n<p>&#8211; A k\u00f3rh\u00e1z egyh\u00e1zi fenntart\u00e1sba ad\u00e1s\u00e1t k\u00f6vet\u0151en az orsz\u00e1gban els\u0151k\u00e9nt megalakult k\u00f3rh\u00e1zi lelkigondoz\u00f3i szolg\u00e1lata munkat\u00e1rsak\u00e9nt a mai napig v\u00e9gzett munk\u00e1j\u00e1\u00e9rt.<\/p>\n<p><strong>Kov\u00e1cs Gyul\u00e1n\u00e9<\/strong> \u00farn\u0151nek, aki 30 \u00e9ve naponta szolg\u00e1lja a bajnai templomot \u00e9s k\u00f6z\u00f6ss\u00e9get.<\/p>\n<p>Szolg\u00e1lat\u00e1val hozz\u00e1j\u00e1rult a templom \u00e9s a pl\u00e9b\u00e1nia fennmarad\u00e1s\u00e1hoz. Jelenleg 80 \u00e9vesen is \u0151 a sekresty\u00e9s, harangoz\u00f3, takar\u00edt\u00f3, h\u00e1zvezet\u0151 \u00e9s irodai munkat\u00e1rs. \u0150 az egyszem\u00e9ly\u0171 karit\u00e1sz, aki a bajnai \u00e9s a nagys\u00e1pi szeg\u00e9ny, r\u00e1szorul\u00f3kat seg\u00edti szeretettel, kedvess\u00e9ggel \u00e9s \u00e1ldozatk\u00e9szs\u00e9ggel.<\/p>\n<p><strong>Kulcs\u00e1r M\u00e1rtonn\u00e9<\/strong> \u00farn\u0151nek k\u00f6zel h\u00e1rom \u00e9vtizedes szolg\u00e1lat\u00e1\u00e9rt, amelyet az Esztergomi Hittudom\u00e1nyi F\u0151iskola, az Esztergomi Szemin\u00e1rium, a F\u0151sz\u00e9kesegyh\u00e1zi K\u00e1ptalan, valamint a F\u0151egyh\u00e1zmegyei Hivatal munkat\u00e1rsak\u00e9nt v\u00e9gzett rendk\u00edv\u00fcli odaad\u00e1ssal, az adminisztrat\u00edv teend\u0151k\u00f6n messze t\u00falmutat\u00f3 lelkiismeretess\u00e9ggel, embers\u00e9ggel \u00e9s szeretettel.<\/p>\n<p><strong>Landesz Gyula<\/strong> \u00farnak, aki k\u00f6zel 45 \u00e9ve seg\u00edti a Budapest J\u00f3zsefv\u00e1rosi Szent J\u00f3zsef pl\u00e9b\u00e1ni\u00e1t a templom \u00e9s a pl\u00e9b\u00e1nia\u00e9p\u00fclet elektromos fel\u00faj\u00edt\u00e1s\u00e1val \u00e9s folyamatos karbantart\u00e1s\u00e1val, m\u0171szaki \u00e9s egy\u00e9b k\u00e9tkezi munk\u00e1val, valamint sekresty\u00e9sk\u00e9nt, takar\u00edt\u00f3k\u00e9nt \u00e9s a k\u00e9pvisel\u0151test\u00fclet liturgikus csoportj\u00e1nak tagjak\u00e9nt.<\/p>\n<p><strong>Mark\u00f3n\u00e9 B\u00e1lint Ildik\u00f3<\/strong> \u00farn\u0151nek a Pest\u00fajhelyi Keresztel\u0151 Szent J\u00e1nos templomban imm\u00e1r k\u00f6zel n\u00e9gy \u00e9vtizede v\u00e9gzett k\u00e1ntori, karvezet\u0151i szolg\u00e1lat\u00e1\u00e9rt valamint a templom orgon\u00e1j\u00e1nak fel\u00faj\u00edt\u00e1s\u00e1ban v\u00e9gzett munk\u00e1j\u00e1\u00e9rt.<\/p>\n<p><strong>N\u00e9meth Tiham\u00e9r <\/strong>\u00e9s feles\u00e9ge<strong> Csavajda M\u00e1ria r\u00e9sz\u00e9re<\/strong> a Regnum Marianum pl\u00e9b\u00e1niatemplom \u00e9p\u00edt\u00e9s\u00e9nek szervez\u00e9si \u00e9s k\u00e9tkezi munk\u00e1j\u00e1val val\u00f3 seg\u00edt\u00e9s\u00e9\u00e9rt, a k\u00f6z\u00f6ss\u00e9gi \u00e9s liturgikus \u00e9let seg\u00edt\u00e9s\u00e9\u00e9rt; az imacsoportok \u00e9s zar\u00e1ndoklatok szervez\u00e9s\u00e9ben, valamint a templomi felszerel\u00e9sek, ter\u00edt\u0151k, papi ruh\u00e1k, z\u00e1szl\u00f3k h\u00edmz\u00e9s\u00e9ben, gondoz\u00e1s\u00e1ban, tov\u00e1bb\u00e1 a pl\u00e9b\u00e1niai \u00e9let dokument\u00e1l\u00e1s\u00e1ban v\u00e9gzett odaad\u00f3 munk\u00e1juk\u00e9rt;<\/p>\n<p><strong>Nyitrai L\u00e1szl\u00f3<\/strong> \u00farnak, az Esztergomi Szent Anna pl\u00e9b\u00e1nia k\u00e9pvisel\u0151 test\u00fclete aleln\u00f6k\u00e9nek a pl\u00e9b\u00e1nia lelki \u00e9let\u00e9nek meg\u00faj\u00edt\u00e1s\u00e1\u00e9rt;<\/p>\n<p>a region\u00e1lis M\u00e1ria R\u00e1di\u00f3 elind\u00edt\u00e1s\u00e1\u00e9rt \u00e9s m\u0171k\u00f6dtet\u00e9s\u00e9\u00e9rt, a k\u00f6zvet\u00edtett ima\u00f3r\u00e1k szervez\u00e9s\u00e9\u00e9rt;<\/p>\n<p>&#8211; az &#8222;\u00c9l\u0151 Sziget\u201d c. pl\u00e9b\u00e1niai \u00fajs\u00e1g szerkeszt\u00e9s\u00e9rt;<\/p>\n<p>&#8211; a pl\u00e9b\u00e1nia honlapj\u00e1nak l\u00e9trehoz\u00e1s\u00e1\u00e9rt \u00e9s egy \u00e9vtizeden \u00e1t tart\u00f3 m\u0171k\u00f6dtet\u00e9s\u00e9\u00e9rt;<\/p>\n<p>&#8211; el\u0151ad\u00e1sok, liturgikus \u00e9s kultur\u00e1lis programok, kir\u00e1ndul\u00e1sok szervez\u00e9s\u00e9\u00e9rt, a pl\u00e9b\u00e1niai \u00e9nekkar programjainak \u00f6ssze\u00e1ll\u00edt\u00e1s\u00e1\u00e9rt fell\u00e9p\u00e9seinek szervez\u00e9s\u00e9\u00e9rt;<\/p>\n<p>&#8211; az \u00fcnnepi mis\u00e9k r\u00f6gz\u00edt\u00e9s\u00e9\u00e9rt \u00e9s archiv\u00e1l\u00e1s\u00e1\u00e9rt.<\/p>\n<p><strong>Payer Mikl\u00f3s<\/strong> \u00farnak a R\u00e1koskereszt\u00fari templomban 40 \u00e9ven \u00e1t v\u00e9gzett ingyenes k\u00e1ntori szolg\u00e1lat\u00e1\u00e9rt<\/p>\n<p><strong>Dr. Pisztrai Zsuzsanna<\/strong> r\u00e9sz\u00e9re a Budapest-\u00dajlip\u00f3tv\u00e1rosi Szent Margit Pl\u00e9b\u00e1nia megb\u00edz\u00e1s\u00e1b\u00f3l a pl\u00e9b\u00e1nia ter\u00fclet\u00e9n l\u00e9v\u0151 iskol\u00e1kban v\u00e9gzett hitoktat\u00f3i, nevel\u0151i ifj\u00fas\u00e1gpasztor\u00e1ci\u00f3s munk\u00e1j\u00e1\u00e9rt.<\/p>\n<p><strong>S\u00e1gi J\u00f3zsef<\/strong> \u00farnak az Esztergom-Belv\u00e1rosi Szent P\u00e9ter \u00e9s P\u00e1l Pl\u00e9b\u00e1nia k\u00e9pvisel\u0151test\u00fclete volt aleln\u00f6k\u00e9nek \u00e9s a pl\u00e9b\u00e1nia gondnok\u00e1nak a templom \u00e9s pl\u00e9b\u00e1nia k\u00f6zel f\u00e9l \u00e9vsz\u00e1zadon \u00e1t v\u00e9gzett karbantart\u00e1s\u00e1\u00e9rt, a betegl\u00e1togat\u00f3 csoport szervez\u00e9s\u00e9\u00e9rt \u00e9s az abban v\u00e9gzett szolg\u00e1lat\u00e9rt, a pl\u00e9b\u00e1niai nyugd\u00edjas klub vezet\u00e9s\u00e9\u00e9rt.<\/p>\n<p><strong>Tabajdi G\u00e1bor<\/strong> \u00farnak a Budapest-\u00dajlip\u00f3tv\u00e1rosi \u00c1rp\u00e1d-h\u00e1zi Szent Margit Pl\u00e9b\u00e1ni\u00e1n v\u00e9gzett ingyenes sekresty\u00e9si, valamint betegl\u00e1togat\u00f3i \u00e9s liturgikus szervez\u0151 munk\u00e1j\u00e1\u00e9rt. A mell\u00e9kolt\u00e1rok saj\u00e1t k\u00f6lts\u00e9g\u00e9n \u00e9s munk\u00e1j\u00e1val t\u00f6rt\u00e9nt helyre\u00e1ll\u00edt\u00e1s\u00e1\u00e9rt.<\/p>\n<p><strong>Vlad\u00e1r B\u00e9la<\/strong> \u00farnak a Budapest-K\u00fcls\u0151ferencv\u00e1rosi Szent Kereszt Templomban v\u00e9gzett, liturgikus, karitat\u00edv, adminisztrat\u00edv \u00e9s k\u00e9tkezi munk\u00e1j\u00e1\u00e9rt, a pl\u00e9b\u00e1niai ny\u00e1ri t\u00e1boroztat\u00e1s seg\u00edt\u00e9s\u00e9\u00e9rt, az orgona fel\u00faj\u00edt\u00e1s el\u0151k\u00e9sz\u00edt\u00e9s\u00e9\u00e9rt.<\/p>\n<p><em>Forr\u00e1s: Esztergom-Budapesti F\u0151egyh\u00e1zmegye<br \/>\nBor\u00edt\u00f3k\u00e9p: bek\u00fcld\u00f6tt fot\u00f3<br \/>\nTov\u00e1bbi k\u00e9pek: MTI Fot\u00f3szerkeszt\u0151s\u00e9g \/ Kov\u00e1cs Attila<\/em><\/p>\n","protected":false},"excerpt":{"rendered":"<p>Augusztus 15-\u00e9n, Nagyboldogasszony \u00fcnnep\u00e9n Erd\u0151 P\u00e9ter b\u00edboros, esztergom-budapesti \u00e9rsek szentmis\u00e9t celebr\u00e1lt az esztergomi bazilik\u00e1ban, majd Szent Adalbert-d\u00edjakat adott \u00e1t azoknak, akik az egyh\u00e1zmegy\u00e9ben kiemelked\u0151 szolg\u00e1latot v\u00e9geztek, illetve v\u00e9geznek. &#8222;Nagyboldogasszony napj\u00e1n Sz\u0171z M\u00e1ria mennybev\u00e9tel\u00e9t \u00fcnnepelj\u00fck. Ahogyan a mennyorsz\u00e1g sem puszta fizikai \u00e9rtelemben magasan a f\u00f6ld felett l\u00e9v\u0151 hely, hanem t\u00f6bb ann\u00e1l, Isten k\u00fcl\u00f6nleges k\u00f6zels\u00e9g\u00e9nek \u201eszem nem<\/p>\n","protected":false},"author":1,"featured_media":26768,"comment_status":"closed","ping_status":"closed","sticky":false,"template":"","format":"standard","meta":{"ngg_post_thumbnail":0,"footnotes":""},"categories":[38,3],"tags":[1334,764,3303,762,5069,1784],"class_list":{"0":"post-26763","1":"post","2":"type-post","3":"status-publish","4":"format-standard","5":"has-post-thumbnail","7":"category-esztergom","8":"category-hirek","9":"tag-egyhaz","10":"tag-erdo-peter","11":"tag-katolikus","12":"tag-katolikus-egyhaz","13":"tag-nagyboldogasszony-napja","14":"tag-szentmise"},"yoast_head":"<!-- This site is optimized with the Yoast SEO plugin v27.5 - https:\/\/yoast.com\/product\/yoast-seo-wordpress\/ -->\n<title>Sz\u0171z M\u00e1ria az angyali \u00fcdv\u00f6zletkor nem k\u00e9rt gondolkod\u00e1si id\u0151t<\/title>\n<meta name=\"robots\" content=\"index, follow, max-snippet:-1, max-image-preview:large, max-video-preview:-1\" \/>\n<link rel=\"canonical\" href=\"https:\/\/dorogimedence.hu\/index.php\/2020\/08\/16\/szuz-maria-az-angyali-udvozletkor-nem-kert-gondolkodasi-idot\/\" class=\"yoast-seo-meta-tag\" \/>\n<meta property=\"og:locale\" content=\"hu_HU\" class=\"yoast-seo-meta-tag\" \/>\n<meta property=\"og:type\" content=\"article\" class=\"yoast-seo-meta-tag\" \/>\n<meta property=\"og:title\" content=\"Sz\u0171z M\u00e1ria az angyali \u00fcdv\u00f6zletkor nem k\u00e9rt gondolkod\u00e1si id\u0151t\" class=\"yoast-seo-meta-tag\" \/>\n<meta property=\"og:description\" content=\"Augusztus 15-\u00e9n, Nagyboldogasszony \u00fcnnep\u00e9n Erd\u0151 P\u00e9ter b\u00edboros, esztergom-budapesti \u00e9rsek szentmis\u00e9t celebr\u00e1lt az esztergomi bazilik\u00e1ban, majd Szent Adalbert-d\u00edjakat adott \u00e1t azoknak, akik az egyh\u00e1zmegy\u00e9ben kiemelked\u0151 szolg\u00e1latot v\u00e9geztek, illetve v\u00e9geznek. &#8222;Nagyboldogasszony napj\u00e1n Sz\u0171z M\u00e1ria mennybev\u00e9tel\u00e9t \u00fcnnepelj\u00fck. Ahogyan a mennyorsz\u00e1g sem puszta fizikai \u00e9rtelemben magasan a f\u00f6ld felett l\u00e9v\u0151 hely, hanem t\u00f6bb ann\u00e1l, Isten k\u00fcl\u00f6nleges k\u00f6zels\u00e9g\u00e9nek \u201eszem nem\" class=\"yoast-seo-meta-tag\" \/>\n<meta property=\"og:url\" content=\"https:\/\/dorogimedence.hu\/index.php\/2020\/08\/16\/szuz-maria-az-angyali-udvozletkor-nem-kert-gondolkodasi-idot\/\" class=\"yoast-seo-meta-tag\" \/>\n<meta property=\"og:site_name\" content=\"Dorogi-medence Region\u00e1lis H\u00edrport\u00e1l\" class=\"yoast-seo-meta-tag\" \/>\n<meta property=\"article:publisher\" content=\"https:\/\/www.facebook.com\/dorogimedence\/\" class=\"yoast-seo-meta-tag\" \/>\n<meta property=\"article:published_time\" content=\"2020-08-16T09:02:57+00:00\" class=\"yoast-seo-meta-tag\" \/>\n<meta property=\"article:modified_time\" content=\"2020-08-16T09:05:22+00:00\" class=\"yoast-seo-meta-tag\" \/>\n<meta property=\"og:image\" content=\"https:\/\/i0.wp.com\/dorogimedence.hu\/wp-content\/uploads\/2020\/08\/erdopeter-01.jpg?fit=830%2C450&ssl=1\" class=\"yoast-seo-meta-tag\" \/>\n\t<meta property=\"og:image:width\" content=\"830\" class=\"yoast-seo-meta-tag\" \/>\n\t<meta property=\"og:image:height\" content=\"450\" class=\"yoast-seo-meta-tag\" \/>\n\t<meta property=\"og:image:type\" content=\"image\/jpeg\" class=\"yoast-seo-meta-tag\" \/>\n<meta name=\"author\" content=\"dorogimedence.hu\" class=\"yoast-seo-meta-tag\" \/>\n<meta name=\"twitter:card\" content=\"summary_large_image\" class=\"yoast-seo-meta-tag\" \/>\n<meta name=\"twitter:label1\" content=\"Szerz\u0151:\" class=\"yoast-seo-meta-tag\" \/>\n\t<meta name=\"twitter:data1\" content=\"dorogimedence.hu\" class=\"yoast-seo-meta-tag\" \/>\n\t<meta name=\"twitter:label2\" content=\"Becs\u00fclt olvas\u00e1si id\u0151\" class=\"yoast-seo-meta-tag\" \/>\n\t<meta name=\"twitter:data2\" content=\"11 perc\" class=\"yoast-seo-meta-tag\" \/>\n<script type=\"application\/ld+json\" class=\"yoast-schema-graph\">{\"@context\":\"https:\\\/\\\/schema.org\",\"@graph\":[{\"@type\":\"Article\",\"@id\":\"https:\\\/\\\/dorogimedence.hu\\\/index.php\\\/2020\\\/08\\\/16\\\/szuz-maria-az-angyali-udvozletkor-nem-kert-gondolkodasi-idot\\\/#article\",\"isPartOf\":{\"@id\":\"https:\\\/\\\/dorogimedence.hu\\\/index.php\\\/2020\\\/08\\\/16\\\/szuz-maria-az-angyali-udvozletkor-nem-kert-gondolkodasi-idot\\\/\"},\"author\":{\"name\":\"dorogimedence.hu\",\"@id\":\"https:\\\/\\\/dorogimedence.hu\\\/#\\\/schema\\\/person\\\/ce6091eeb7e95ecdc87890d6aa8e0fd4\"},\"headline\":\"Sz\u0171z M\u00e1ria az angyali \u00fcdv\u00f6zletkor nem k\u00e9rt gondolkod\u00e1si id\u0151t\",\"datePublished\":\"2020-08-16T09:02:57+00:00\",\"dateModified\":\"2020-08-16T09:05:22+00:00\",\"mainEntityOfPage\":{\"@id\":\"https:\\\/\\\/dorogimedence.hu\\\/index.php\\\/2020\\\/08\\\/16\\\/szuz-maria-az-angyali-udvozletkor-nem-kert-gondolkodasi-idot\\\/\"},\"wordCount\":2138,\"publisher\":{\"@id\":\"https:\\\/\\\/dorogimedence.hu\\\/#organization\"},\"image\":{\"@id\":\"https:\\\/\\\/dorogimedence.hu\\\/index.php\\\/2020\\\/08\\\/16\\\/szuz-maria-az-angyali-udvozletkor-nem-kert-gondolkodasi-idot\\\/#primaryimage\"},\"thumbnailUrl\":\"https:\\\/\\\/dorogimedence.hu\\\/wp-content\\\/uploads\\\/2020\\\/08\\\/erdopeter-01.jpg\",\"keywords\":[\"egyh\u00e1z\",\"Erd\u0151 P\u00e9ter\",\"katolikus\",\"katolikus egyh\u00e1z\",\"Nagyboldogasszony napja\",\"szentmise\"],\"articleSection\":[\"Esztergom\",\"H\u00edrek\"],\"inLanguage\":\"hu\"},{\"@type\":\"WebPage\",\"@id\":\"https:\\\/\\\/dorogimedence.hu\\\/index.php\\\/2020\\\/08\\\/16\\\/szuz-maria-az-angyali-udvozletkor-nem-kert-gondolkodasi-idot\\\/\",\"url\":\"https:\\\/\\\/dorogimedence.hu\\\/index.php\\\/2020\\\/08\\\/16\\\/szuz-maria-az-angyali-udvozletkor-nem-kert-gondolkodasi-idot\\\/\",\"name\":\"Sz\u0171z M\u00e1ria az angyali \u00fcdv\u00f6zletkor nem k\u00e9rt gondolkod\u00e1si id\u0151t\",\"isPartOf\":{\"@id\":\"https:\\\/\\\/dorogimedence.hu\\\/#website\"},\"primaryImageOfPage\":{\"@id\":\"https:\\\/\\\/dorogimedence.hu\\\/index.php\\\/2020\\\/08\\\/16\\\/szuz-maria-az-angyali-udvozletkor-nem-kert-gondolkodasi-idot\\\/#primaryimage\"},\"image\":{\"@id\":\"https:\\\/\\\/dorogimedence.hu\\\/index.php\\\/2020\\\/08\\\/16\\\/szuz-maria-az-angyali-udvozletkor-nem-kert-gondolkodasi-idot\\\/#primaryimage\"},\"thumbnailUrl\":\"https:\\\/\\\/dorogimedence.hu\\\/wp-content\\\/uploads\\\/2020\\\/08\\\/erdopeter-01.jpg\",\"datePublished\":\"2020-08-16T09:02:57+00:00\",\"dateModified\":\"2020-08-16T09:05:22+00:00\",\"breadcrumb\":{\"@id\":\"https:\\\/\\\/dorogimedence.hu\\\/index.php\\\/2020\\\/08\\\/16\\\/szuz-maria-az-angyali-udvozletkor-nem-kert-gondolkodasi-idot\\\/#breadcrumb\"},\"inLanguage\":\"hu\",\"potentialAction\":[{\"@type\":\"ReadAction\",\"target\":[\"https:\\\/\\\/dorogimedence.hu\\\/index.php\\\/2020\\\/08\\\/16\\\/szuz-maria-az-angyali-udvozletkor-nem-kert-gondolkodasi-idot\\\/\"]}]},{\"@type\":\"ImageObject\",\"inLanguage\":\"hu\",\"@id\":\"https:\\\/\\\/dorogimedence.hu\\\/index.php\\\/2020\\\/08\\\/16\\\/szuz-maria-az-angyali-udvozletkor-nem-kert-gondolkodasi-idot\\\/#primaryimage\",\"url\":\"https:\\\/\\\/dorogimedence.hu\\\/wp-content\\\/uploads\\\/2020\\\/08\\\/erdopeter-01.jpg\",\"contentUrl\":\"https:\\\/\\\/dorogimedence.hu\\\/wp-content\\\/uploads\\\/2020\\\/08\\\/erdopeter-01.jpg\",\"width\":830,\"height\":450},{\"@type\":\"BreadcrumbList\",\"@id\":\"https:\\\/\\\/dorogimedence.hu\\\/index.php\\\/2020\\\/08\\\/16\\\/szuz-maria-az-angyali-udvozletkor-nem-kert-gondolkodasi-idot\\\/#breadcrumb\",\"itemListElement\":[{\"@type\":\"ListItem\",\"position\":1,\"name\":\"Kezd\u0151lap\",\"item\":\"https:\\\/\\\/dorogimedence.hu\\\/\"},{\"@type\":\"ListItem\",\"position\":2,\"name\":\"Sz\u0171z M\u00e1ria az angyali \u00fcdv\u00f6zletkor nem k\u00e9rt gondolkod\u00e1si id\u0151t\"}]},{\"@type\":\"WebSite\",\"@id\":\"https:\\\/\\\/dorogimedence.hu\\\/#website\",\"url\":\"https:\\\/\\\/dorogimedence.hu\\\/\",\"name\":\"Dorogi-medence Region\u00e1lis H\u00edrport\u00e1l\",\"description\":\"Dorog, Keszt\u00f6lc, Le\u00e1nyv\u00e1r, Piliscs\u00e9v, Tokod, Tokodalt\u00e1r\u00f3, Csolnok, Esztergom-kertv\u00e1ros: h\u00edrek, programok\",\"publisher\":{\"@id\":\"https:\\\/\\\/dorogimedence.hu\\\/#organization\"},\"potentialAction\":[{\"@type\":\"SearchAction\",\"target\":{\"@type\":\"EntryPoint\",\"urlTemplate\":\"https:\\\/\\\/dorogimedence.hu\\\/?s={search_term_string}\"},\"query-input\":{\"@type\":\"PropertyValueSpecification\",\"valueRequired\":true,\"valueName\":\"search_term_string\"}}],\"inLanguage\":\"hu\"},{\"@type\":\"Organization\",\"@id\":\"https:\\\/\\\/dorogimedence.hu\\\/#organization\",\"name\":\"Dorogi-medence Region\u00e1lis H\u00edrport\u00e1l\",\"url\":\"https:\\\/\\\/dorogimedence.hu\\\/\",\"logo\":{\"@type\":\"ImageObject\",\"inLanguage\":\"hu\",\"@id\":\"https:\\\/\\\/dorogimedence.hu\\\/#\\\/schema\\\/logo\\\/image\\\/\",\"url\":\"https:\\\/\\\/dorogimedence.hu\\\/wp-content\\\/uploads\\\/2021\\\/04\\\/logo-feher-600.png\",\"contentUrl\":\"https:\\\/\\\/dorogimedence.hu\\\/wp-content\\\/uploads\\\/2021\\\/04\\\/logo-feher-600.png\",\"width\":600,\"height\":100,\"caption\":\"Dorogi-medence Region\u00e1lis H\u00edrport\u00e1l\"},\"image\":{\"@id\":\"https:\\\/\\\/dorogimedence.hu\\\/#\\\/schema\\\/logo\\\/image\\\/\"},\"sameAs\":[\"https:\\\/\\\/www.facebook.com\\\/dorogimedence\\\/\"]},{\"@type\":\"Person\",\"@id\":\"https:\\\/\\\/dorogimedence.hu\\\/#\\\/schema\\\/person\\\/ce6091eeb7e95ecdc87890d6aa8e0fd4\",\"name\":\"dorogimedence.hu\",\"image\":{\"@type\":\"ImageObject\",\"inLanguage\":\"hu\",\"@id\":\"\\\/\\\/www.gravatar.com\\\/avatar\\\/d8d45f8901aadff40a4af72c0b826f1d?s=96&#038;r=g&#038;d=mm\",\"url\":\"\\\/\\\/www.gravatar.com\\\/avatar\\\/d8d45f8901aadff40a4af72c0b826f1d?s=96&#038;r=g&#038;d=mm\",\"contentUrl\":\"\\\/\\\/www.gravatar.com\\\/avatar\\\/d8d45f8901aadff40a4af72c0b826f1d?s=96&#038;r=g&#038;d=mm\",\"caption\":\"dorogimedence.hu\"}}]}<\/script>\n<!-- \/ Yoast SEO plugin. -->","yoast_head_json":{"title":"Sz\u0171z M\u00e1ria az angyali \u00fcdv\u00f6zletkor nem k\u00e9rt gondolkod\u00e1si id\u0151t","robots":{"index":"index","follow":"follow","max-snippet":"max-snippet:-1","max-image-preview":"max-image-preview:large","max-video-preview":"max-video-preview:-1"},"canonical":"https:\/\/dorogimedence.hu\/index.php\/2020\/08\/16\/szuz-maria-az-angyali-udvozletkor-nem-kert-gondolkodasi-idot\/","og_locale":"hu_HU","og_type":"article","og_title":"Sz\u0171z M\u00e1ria az angyali \u00fcdv\u00f6zletkor nem k\u00e9rt gondolkod\u00e1si id\u0151t","og_description":"Augusztus 15-\u00e9n, Nagyboldogasszony \u00fcnnep\u00e9n Erd\u0151 P\u00e9ter b\u00edboros, esztergom-budapesti \u00e9rsek szentmis\u00e9t celebr\u00e1lt az esztergomi bazilik\u00e1ban, majd Szent Adalbert-d\u00edjakat adott \u00e1t azoknak, akik az egyh\u00e1zmegy\u00e9ben kiemelked\u0151 szolg\u00e1latot v\u00e9geztek, illetve v\u00e9geznek. &#8222;Nagyboldogasszony napj\u00e1n Sz\u0171z M\u00e1ria mennybev\u00e9tel\u00e9t \u00fcnnepelj\u00fck. Ahogyan a mennyorsz\u00e1g sem puszta fizikai \u00e9rtelemben magasan a f\u00f6ld felett l\u00e9v\u0151 hely, hanem t\u00f6bb ann\u00e1l, Isten k\u00fcl\u00f6nleges k\u00f6zels\u00e9g\u00e9nek \u201eszem nem","og_url":"https:\/\/dorogimedence.hu\/index.php\/2020\/08\/16\/szuz-maria-az-angyali-udvozletkor-nem-kert-gondolkodasi-idot\/","og_site_name":"Dorogi-medence Region\u00e1lis H\u00edrport\u00e1l","article_publisher":"https:\/\/www.facebook.com\/dorogimedence\/","article_published_time":"2020-08-16T09:02:57+00:00","article_modified_time":"2020-08-16T09:05:22+00:00","og_image":[{"width":830,"height":450,"url":"https:\/\/i0.wp.com\/dorogimedence.hu\/wp-content\/uploads\/2020\/08\/erdopeter-01.jpg?fit=830%2C450&ssl=1","type":"image\/jpeg"}],"author":"dorogimedence.hu","twitter_card":"summary_large_image","twitter_misc":{"Szerz\u0151:":"dorogimedence.hu","Becs\u00fclt olvas\u00e1si id\u0151":"11 perc"},"schema":{"@context":"https:\/\/schema.org","@graph":[{"@type":"Article","@id":"https:\/\/dorogimedence.hu\/index.php\/2020\/08\/16\/szuz-maria-az-angyali-udvozletkor-nem-kert-gondolkodasi-idot\/#article","isPartOf":{"@id":"https:\/\/dorogimedence.hu\/index.php\/2020\/08\/16\/szuz-maria-az-angyali-udvozletkor-nem-kert-gondolkodasi-idot\/"},"author":{"name":"dorogimedence.hu","@id":"https:\/\/dorogimedence.hu\/#\/schema\/person\/ce6091eeb7e95ecdc87890d6aa8e0fd4"},"headline":"Sz\u0171z M\u00e1ria az angyali \u00fcdv\u00f6zletkor nem k\u00e9rt gondolkod\u00e1si id\u0151t","datePublished":"2020-08-16T09:02:57+00:00","dateModified":"2020-08-16T09:05:22+00:00","mainEntityOfPage":{"@id":"https:\/\/dorogimedence.hu\/index.php\/2020\/08\/16\/szuz-maria-az-angyali-udvozletkor-nem-kert-gondolkodasi-idot\/"},"wordCount":2138,"publisher":{"@id":"https:\/\/dorogimedence.hu\/#organization"},"image":{"@id":"https:\/\/dorogimedence.hu\/index.php\/2020\/08\/16\/szuz-maria-az-angyali-udvozletkor-nem-kert-gondolkodasi-idot\/#primaryimage"},"thumbnailUrl":"https:\/\/dorogimedence.hu\/wp-content\/uploads\/2020\/08\/erdopeter-01.jpg","keywords":["egyh\u00e1z","Erd\u0151 P\u00e9ter","katolikus","katolikus egyh\u00e1z","Nagyboldogasszony napja","szentmise"],"articleSection":["Esztergom","H\u00edrek"],"inLanguage":"hu"},{"@type":"WebPage","@id":"https:\/\/dorogimedence.hu\/index.php\/2020\/08\/16\/szuz-maria-az-angyali-udvozletkor-nem-kert-gondolkodasi-idot\/","url":"https:\/\/dorogimedence.hu\/index.php\/2020\/08\/16\/szuz-maria-az-angyali-udvozletkor-nem-kert-gondolkodasi-idot\/","name":"Sz\u0171z M\u00e1ria az angyali \u00fcdv\u00f6zletkor nem k\u00e9rt gondolkod\u00e1si id\u0151t","isPartOf":{"@id":"https:\/\/dorogimedence.hu\/#website"},"primaryImageOfPage":{"@id":"https:\/\/dorogimedence.hu\/index.php\/2020\/08\/16\/szuz-maria-az-angyali-udvozletkor-nem-kert-gondolkodasi-idot\/#primaryimage"},"image":{"@id":"https:\/\/dorogimedence.hu\/index.php\/2020\/08\/16\/szuz-maria-az-angyali-udvozletkor-nem-kert-gondolkodasi-idot\/#primaryimage"},"thumbnailUrl":"https:\/\/dorogimedence.hu\/wp-content\/uploads\/2020\/08\/erdopeter-01.jpg","datePublished":"2020-08-16T09:02:57+00:00","dateModified":"2020-08-16T09:05:22+00:00","breadcrumb":{"@id":"https:\/\/dorogimedence.hu\/index.php\/2020\/08\/16\/szuz-maria-az-angyali-udvozletkor-nem-kert-gondolkodasi-idot\/#breadcrumb"},"inLanguage":"hu","potentialAction":[{"@type":"ReadAction","target":["https:\/\/dorogimedence.hu\/index.php\/2020\/08\/16\/szuz-maria-az-angyali-udvozletkor-nem-kert-gondolkodasi-idot\/"]}]},{"@type":"ImageObject","inLanguage":"hu","@id":"https:\/\/dorogimedence.hu\/index.php\/2020\/08\/16\/szuz-maria-az-angyali-udvozletkor-nem-kert-gondolkodasi-idot\/#primaryimage","url":"https:\/\/dorogimedence.hu\/wp-content\/uploads\/2020\/08\/erdopeter-01.jpg","contentUrl":"https:\/\/dorogimedence.hu\/wp-content\/uploads\/2020\/08\/erdopeter-01.jpg","width":830,"height":450},{"@type":"BreadcrumbList","@id":"https:\/\/dorogimedence.hu\/index.php\/2020\/08\/16\/szuz-maria-az-angyali-udvozletkor-nem-kert-gondolkodasi-idot\/#breadcrumb","itemListElement":[{"@type":"ListItem","position":1,"name":"Kezd\u0151lap","item":"https:\/\/dorogimedence.hu\/"},{"@type":"ListItem","position":2,"name":"Sz\u0171z M\u00e1ria az angyali \u00fcdv\u00f6zletkor nem k\u00e9rt gondolkod\u00e1si id\u0151t"}]},{"@type":"WebSite","@id":"https:\/\/dorogimedence.hu\/#website","url":"https:\/\/dorogimedence.hu\/","name":"Dorogi-medence Region\u00e1lis H\u00edrport\u00e1l","description":"Dorog, Keszt\u00f6lc, Le\u00e1nyv\u00e1r, Piliscs\u00e9v, Tokod, Tokodalt\u00e1r\u00f3, Csolnok, Esztergom-kertv\u00e1ros: h\u00edrek, programok","publisher":{"@id":"https:\/\/dorogimedence.hu\/#organization"},"potentialAction":[{"@type":"SearchAction","target":{"@type":"EntryPoint","urlTemplate":"https:\/\/dorogimedence.hu\/?s={search_term_string}"},"query-input":{"@type":"PropertyValueSpecification","valueRequired":true,"valueName":"search_term_string"}}],"inLanguage":"hu"},{"@type":"Organization","@id":"https:\/\/dorogimedence.hu\/#organization","name":"Dorogi-medence Region\u00e1lis H\u00edrport\u00e1l","url":"https:\/\/dorogimedence.hu\/","logo":{"@type":"ImageObject","inLanguage":"hu","@id":"https:\/\/dorogimedence.hu\/#\/schema\/logo\/image\/","url":"https:\/\/dorogimedence.hu\/wp-content\/uploads\/2021\/04\/logo-feher-600.png","contentUrl":"https:\/\/dorogimedence.hu\/wp-content\/uploads\/2021\/04\/logo-feher-600.png","width":600,"height":100,"caption":"Dorogi-medence Region\u00e1lis H\u00edrport\u00e1l"},"image":{"@id":"https:\/\/dorogimedence.hu\/#\/schema\/logo\/image\/"},"sameAs":["https:\/\/www.facebook.com\/dorogimedence\/"]},{"@type":"Person","@id":"https:\/\/dorogimedence.hu\/#\/schema\/person\/ce6091eeb7e95ecdc87890d6aa8e0fd4","name":"dorogimedence.hu","image":{"@type":"ImageObject","inLanguage":"hu","@id":"\/\/www.gravatar.com\/avatar\/d8d45f8901aadff40a4af72c0b826f1d?s=96&#038;r=g&#038;d=mm","url":"\/\/www.gravatar.com\/avatar\/d8d45f8901aadff40a4af72c0b826f1d?s=96&#038;r=g&#038;d=mm","contentUrl":"\/\/www.gravatar.com\/avatar\/d8d45f8901aadff40a4af72c0b826f1d?s=96&#038;r=g&#038;d=mm","caption":"dorogimedence.hu"}}]}},"_links":{"self":[{"href":"https:\/\/dorogimedence.hu\/index.php\/wp-json\/wp\/v2\/posts\/26763","targetHints":{"allow":["GET"]}}],"collection":[{"href":"https:\/\/dorogimedence.hu\/index.php\/wp-json\/wp\/v2\/posts"}],"about":[{"href":"https:\/\/dorogimedence.hu\/index.php\/wp-json\/wp\/v2\/types\/post"}],"author":[{"embeddable":true,"href":"https:\/\/dorogimedence.hu\/index.php\/wp-json\/wp\/v2\/users\/1"}],"replies":[{"embeddable":true,"href":"https:\/\/dorogimedence.hu\/index.php\/wp-json\/wp\/v2\/comments?post=26763"}],"version-history":[{"count":0,"href":"https:\/\/dorogimedence.hu\/index.php\/wp-json\/wp\/v2\/posts\/26763\/revisions"}],"wp:featuredmedia":[{"embeddable":true,"href":"https:\/\/dorogimedence.hu\/index.php\/wp-json\/wp\/v2\/media\/26768"}],"wp:attachment":[{"href":"https:\/\/dorogimedence.hu\/index.php\/wp-json\/wp\/v2\/media?parent=26763"}],"wp:term":[{"taxonomy":"category","embeddable":true,"href":"https:\/\/dorogimedence.hu\/index.php\/wp-json\/wp\/v2\/categories?post=26763"},{"taxonomy":"post_tag","embeddable":true,"href":"https:\/\/dorogimedence.hu\/index.php\/wp-json\/wp\/v2\/tags?post=26763"}],"curies":[{"name":"wp","href":"https:\/\/api.w.org\/{rel}","templated":true}]}}