{"id":26734,"date":"2020-08-15T10:28:21","date_gmt":"2020-08-15T08:28:21","guid":{"rendered":"http:\/\/dorogimedence.hu\/?p=26734"},"modified":"2020-08-15T10:38:54","modified_gmt":"2020-08-15T08:38:54","slug":"a-retyezat-lovai","status":"publish","type":"post","link":"https:\/\/dorogimedence.hu\/index.php\/2020\/08\/15\/a-retyezat-lovai\/","title":{"rendered":"A Retyez\u00e1t lovai"},"content":{"rendered":"<p><strong>Lieber Tam\u00e1s \u201cMes\u00e9l\u0151 t\u00e1jak \u00e9s form\u00e1k \u2013 Egy fot\u00f3 \u00e9s ami m\u00f6g\u00f6tte van\u201d c\u00edm\u0171 sorozat\u00e1nak soron k\u00f6vetkez\u0151 r\u00e9sz\u00e9ben a Retyez\u00e1t-hegys\u00e9ggel ismerkedhet\u00fcnk meg.<\/strong><\/p>\n<p>A hegyvid\u00e9ki t\u00e1jakat j\u00e1rva gyakorta tal\u00e1lkozhatunk kihajtott \u00e1llatokkal, K\u00f6z\u00e9p-Eur\u00f3p\u00e1ban birka- vagy kecskeny\u00e1jakkal, szarvasmarha- vagy bivalycsord\u00e1val. A falusi \u00e9letk\u00e9pnek n\u00e9h\u00e1ny \u00e9vtizede m\u00e9g haz\u00e1nkban is meghat\u00e1roz\u00f3 eleme volt a hat\u00e1rban legel\u0151 \u00e1llat. Sajnos ez ma m\u00e1r csak n\u00e9h\u00e1ny helyen lelhet\u0151 fel. Erd\u00e9lyben vagy az alpesi orsz\u00e1gokban j\u00e1rva, k\u00fcl\u00f6n\u00f6sen a hegyvid\u00e9ki t\u00e1jakon azonban szinte m\u00e9g ma sem k\u00e9sz\u00fclhet el \u00fagy l\u00e1tk\u00e9p, hogy azon ne fedezn\u00e9nk fel az im\u00e9nt megnevezett \u00e1llatcsoportok valamelyik\u00e9t.<\/p>\n<p>K\u00e1rp\u00e1ti kir\u00e1ndul\u00e1saink sor\u00e1n t\u00f6bbek k\u00f6z\u00f6tt a Bihar-hegys\u00e9gben, vagy a Retyez\u00e1tban s\u00e1trazva t\u00f6lthett\u00fcnk el hosszabb-r\u00f6videbb id\u0151t mi is a vadonba terelt h\u00e1zi\u00e1llatok szomsz\u00e9ds\u00e1g\u00e1ban. Ezek k\u00f6z\u00fcl tal\u00e1n legeml\u00e9kezetesebb a D\u00e9li-K\u00e1rp\u00e1tokban l\u00e9v\u0151 Retyez\u00e1t-hegys\u00e9gben t\u00f6rt\u00e9n\u0151 t\u00e1boroz\u00e1s volt.<\/p>\n<p>A magashegys\u00e9gekben t\u00f6rt\u00e9n\u0151 s\u00e1traz\u00e1s (a K\u00e1rp\u00e1tokban m\u00e1r 2000 m\u00e9ter f\u00f6l\u00f6tt is arr\u00f3l besz\u00e9lhet\u00fcnk) bizony sz\u00e1mos szokatlan \u00e9lm\u00e9nnyel k\u00e9pes megaj\u00e1nd\u00e9kozni az addig csak hazai t\u00e1jakon kempingez\u0151 t\u00far\u00e1z\u00f3t. Ilyen lehet p\u00e9ld\u00e1ul a h\u0151m\u00e9rs\u00e9klet r\u00f6vid id\u0151 alatt t\u00f6rt\u00e9n\u0151 drasztikus v\u00e1ltoz\u00e1sa (n\u00e9h\u00e1ny \u00f3ra alatt a ny\u00e1ri id\u0151 is t\u00e9liess\u00e9 v\u00e1ltozhat), a hegyek \u00e1ltal gener\u00e1lt id\u0151j\u00e1r\u00e1si anom\u00e1li\u00e1k, a hideg hegyi patakok ny\u00fajtotta tiszt\u00e1lkod\u00e1si lehet\u0151s\u00e9gek \u00e9s persze a ter\u00fcleten vel\u00fcnk osztozni k\u00e9nytelen \u00e1llatok folyamatos jelenl\u00e9te.<\/p>\n<p>ngg_shortcode_0_placeholderJelen cikkemben bemutatott felv\u00e9tel 2007 augusztus\u00e1ban k\u00e9sz\u00fclt a Retyez\u00e1t-hegys\u00e9gben <em>[legmagasabb pontja 2509 m\u00e9ter]<\/em> tal\u00e1lhat\u00f3 Anna-t\u00f3n\u00e1l, valamivel t\u00f6bb, mint k\u00e9tezer m\u00e9teres tengerszint feletti magass\u00e1gban. A fot\u00f3n b\u00e9k\u00e9sen pihen\u0151 lovakat l\u00e1tunk. A k\u00e9pr\u0151l nyilv\u00e1nval\u00f3an nem der\u00fcl ki, de csak maguk voltak, csik\u00f3s, azaz \u201el\u00f3p\u00e1sztor\u201d nem volt mellett\u00fck. De hogyan ker\u00fclhetnek ide ezek az \u00e1llatok, legal\u00e1bb 20 kilom\u00e9terre a legk\u00f6zelebbi lakott telep\u00fcl\u00e9st\u0151l, \u00e9s mi\u00e9rt vannak itt?<\/p>\n<p>A retyez\u00e1ti ny\u00e1r nagyon r\u00f6vid, alig k\u00e9th\u00f3napnyi; a magasabb hegyvid\u00e9ki r\u00e9gi\u00f3t j\u00fanius elej\u00e9n t\u00f6bbnyire m\u00e9g nagy egybef\u00fcgg\u0151 h\u00f3mez\u0151 bor\u00edtja, m\u00edg augusztus v\u00e9g\u00e9re t\u00f6bbnyire m\u00e1r ism\u00e9t bek\u00f6sz\u00f6nt a t\u00e9li id\u0151j\u00e1r\u00e1s. A rendszeres nagy mennyis\u00e9g\u0171 csapad\u00e9k <em>[a n\u00e9gy alkalom sor\u00e1n \u00f6sszesen itt t\u00f6lt\u00f6tt h\u00e1rom h\u00e9t alatt szinte mindennap esett az es\u0151, szerencs\u00e9re t\u00f6bbnyire \u00e9jszaka] <\/em>d\u00fas veget\u00e1ci\u00f3t n\u00f6veszt, \u00edgy a h\u00f3 elolvad\u00e1sa ut\u00e1n hihetetlen m\u00f3don kiz\u00f6ld\u00fcl a t\u00e1j. A Retyez\u00e1t k\u00fcl\u00f6nleges sz\u00e9ps\u00e9g\u00e9t a z\u00f6ld \u00e9s a sz\u00fcrke, vagyis a gazdag n\u00f6v\u00e9nyvil\u00e1g \u00e9s az \u00e9lettelen szikl\u00e1k, valamint a megk\u00f6zel\u00edt\u0151leg sz\u00e1z kisebb-nagyobb tengerszem (gleccsertekn\u0151kben k\u00e9pz\u0151d\u00f6tt tavak) \u00e9s az ezekb\u0151l kifoly\u00f3 patakok, z\u00fag\u00f3k egy\u00fcttese ny\u00fajtja, amely t\u00f6bbnyire m\u00e1r az els\u0151 pillanatban k\u00e9pes rabul ejteni a t\u00far\u00e1z\u00f3t.<\/p>\n<p>Nos, a lovakra visszat\u00e9rve, ezeket az \u00e1llatokat az \u00e9v t\u00f6bbi h\u00f3napj\u00e1ban kem\u00e9nyen dolgoztatj\u00e1k, sokukat p\u00e9ld\u00e1ul erdei munk\u00e1kban, mondjuk fakitermel\u00e9sekn\u00e9l. A neh\u00e9z hegyi terepen, ahol munkag\u00e9pekkel nem lehet k\u00f6zlekedni, m\u00e9g ma is a val\u00f3di l\u00f3er\u0151 a legnagyobb seg\u00edts\u00e9g. A ny\u00e1r sz\u00e1mukra is a regener\u00e1l\u00f3d\u00e1s, ha \u00fagy tetszik a szabads\u00e1g id\u0151szaka. A d\u00fas, friss n\u00f6v\u00e9nyzet, k\u00f6z\u00f6tt\u00fck sz\u00e1mos gy\u00f3gyn\u00f6v\u00e9nnyel biztos\u00edtja a kell\u0151 t\u00e1pl\u00e1lts\u00e1got \u00e9s er\u0151nl\u00e9t\u00e9tet sz\u00e1mukra a r\u00e1juk v\u00e1r\u00f3 nehezebb h\u00f3napokra. A ridegtart\u00e1son l\u00e9v\u0151 m\u00e9nesben t\u00f6bb csik\u00f3 is volt, amelyek \u2013 b\u00e1r ebben nem vagyok biztos \u2013 elk\u00e9pzelhet\u0151, hogy itt a vadonban sz\u00fclettek.<\/p>\n<p>A k\u00e9pen l\u00e1that\u00f3 lovak az Anna-t\u00f3n\u00e1l pihentek, mik\u00f6zben mi a k\u00f6r\u00fclbel\u00fcl 200 m\u00e9terre l\u00e9v\u0151 Bucura-t\u00f3n\u00e1l (2040 m) t\u00e1boroztunk. Egyidej\u0171leg \u00fagy 20-30 ember tart\u00f3zkodik ezen a s\u00e1traz\u00e1sra alkalmas helyen, de volt olyan \u00e9v is, amikor egy teljes h\u00e9tig csak n\u00e9gyen voltunk idefent. Az \u00e1llatok l\u00e1tsz\u00f3lag megszokt\u00e1k az emberek k\u00f6zels\u00e9g\u00e9t, mert k\u00fcl\u00f6n\u00f6sebben nem izgatta \u0151ket, hogy k\u00f6z\u00f6tt\u00fck l\u00f3fr\u00e1ltunk, fot\u00f3zgattuk \u0151ket. N\u00e9melyik\u00fck m\u00e9g a simogat\u00e1sokra is vev\u0151 volt, m\u00edg m\u00e1sok kiss\u00e9 od\u00e9bb \u00e1lltak, kev\u00e9sb\u00e9 bar\u00e1tkoztak. Nem \u00fagy egy kiscsik\u00f3, akit egy r\u00e9p\u00e1val siker\u00fclt magunkhoz \u00e9desgetni, ami ut\u00e1n alig lehetett marad\u00e1sra b\u00edrni.<\/p>\n<p><span class=\"_5yl5\">Sorozatom k\u00f6vetkez\u0151 r\u00e9sz\u00e9ben a norv\u00e9giai Trollnyelvhez l\u00e1togatunk.<\/span><\/p>\n<p><strong><em>Lieber Tam\u00e1s<\/em><\/strong><\/p>\n<p><strong>A sorozathoz kapcsol\u00f3d\u00f3 tov\u00e1bbi cikkek <span style=\"color: #0000ff;\"><a style=\"color: #0000ff;\" href=\"https:\/\/dorogimedence.hu\/index.php\/category\/meselo-tajak-es-formak\/\" target=\"_blank\" rel=\"noopener noreferrer\"><span style=\"text-decoration: underline;\">ide kattintva<\/span><\/a><\/span> \u00e9rhet\u0151k el!<\/strong><\/p>\n<p>2007. \u00e9vi retyez\u00e1ti kalandjainkr\u00f3l r\u00e9szletesebben az al\u00e1bbi h\u00e1rom cikkben \u00edrtam:<\/p>\n<p><span style=\"text-decoration: underline; color: #0000ff;\"><a style=\"color: #0000ff; text-decoration: underline;\" href=\"https:\/\/bebte.hu\/hatamon-a-hazam-a-retyezatban\/\">https:\/\/bebte.hu\/hatamon-a-hazam-a-retyezatban\/<\/a><\/span><\/p>\n<p><span style=\"text-decoration: underline; color: #0000ff;\"><a style=\"color: #0000ff; text-decoration: underline;\" href=\"https:\/\/bebte.hu\/ket-legyet-egy-csapasra-csucsra-jaratas-a-retyezatban\/\">https:\/\/bebte.hu\/ket-legyet-egy-csapasra-csucsra-jaratas-a-retyezatban\/<\/a><\/span><\/p>\n<p><a href=\"https:\/\/bebte.hu\/sziklak-tavak-erdok-fennsikok-retyezati-kerengo\/\"><span style=\"text-decoration: underline; color: #0000ff;\">https:\/\/bebte.hu\/sziklak-tavak-erdok-fennsikok-retyezati-kerengo\/<\/span><\/a><\/p>\n","protected":false},"excerpt":{"rendered":"<p>Lieber Tam\u00e1s \u201cMes\u00e9l\u0151 t\u00e1jak \u00e9s form\u00e1k \u2013 Egy fot\u00f3 \u00e9s ami m\u00f6g\u00f6tte van\u201d c\u00edm\u0171 sorozat\u00e1nak soron k\u00f6vetkez\u0151 r\u00e9sz\u00e9ben a Retyez\u00e1t-hegys\u00e9ggel ismerkedhet\u00fcnk meg. A hegyvid\u00e9ki t\u00e1jakat j\u00e1rva gyakorta tal\u00e1lkozhatunk kihajtott \u00e1llatokkal, K\u00f6z\u00e9p-Eur\u00f3p\u00e1ban birka- vagy kecskeny\u00e1jakkal, szarvasmarha- vagy bivalycsord\u00e1val. A falusi \u00e9letk\u00e9pnek n\u00e9h\u00e1ny \u00e9vtizede m\u00e9g haz\u00e1nkban is meghat\u00e1roz\u00f3 eleme volt a hat\u00e1rban legel\u0151 \u00e1llat. Sajnos ez ma<\/p>\n","protected":false},"author":1,"featured_media":26735,"comment_status":"closed","ping_status":"closed","sticky":false,"template":"","format":"standard","meta":{"ngg_post_thumbnail":0,"footnotes":""},"categories":[3,4923],"tags":[3474,4924,5067],"class_list":{"0":"post-26734","1":"post","2":"type-post","3":"status-publish","4":"format-standard","5":"has-post-thumbnail","7":"category-hirek","8":"category-meselo-tajak-es-formak","9":"tag-lieber-tamas","10":"tag-meselo-tajak-es-formak","11":"tag-retyezat-hegyseg"},"yoast_head":"<!-- This site is optimized with the Yoast SEO plugin v27.5 - https:\/\/yoast.com\/product\/yoast-seo-wordpress\/ -->\n<title>A Retyez\u00e1t lovai<\/title>\n<meta name=\"robots\" content=\"index, follow, max-snippet:-1, max-image-preview:large, max-video-preview:-1\" \/>\n<link rel=\"canonical\" href=\"https:\/\/dorogimedence.hu\/index.php\/2020\/08\/15\/a-retyezat-lovai\/\" class=\"yoast-seo-meta-tag\" \/>\n<meta property=\"og:locale\" content=\"hu_HU\" class=\"yoast-seo-meta-tag\" \/>\n<meta property=\"og:type\" content=\"article\" class=\"yoast-seo-meta-tag\" \/>\n<meta property=\"og:title\" content=\"A Retyez\u00e1t lovai\" class=\"yoast-seo-meta-tag\" \/>\n<meta property=\"og:description\" content=\"Lieber Tam\u00e1s \u201cMes\u00e9l\u0151 t\u00e1jak \u00e9s form\u00e1k \u2013 Egy fot\u00f3 \u00e9s ami m\u00f6g\u00f6tte van\u201d c\u00edm\u0171 sorozat\u00e1nak soron k\u00f6vetkez\u0151 r\u00e9sz\u00e9ben a Retyez\u00e1t-hegys\u00e9ggel ismerkedhet\u00fcnk meg. A hegyvid\u00e9ki t\u00e1jakat j\u00e1rva gyakorta tal\u00e1lkozhatunk kihajtott \u00e1llatokkal, K\u00f6z\u00e9p-Eur\u00f3p\u00e1ban birka- vagy kecskeny\u00e1jakkal, szarvasmarha- vagy bivalycsord\u00e1val. A falusi \u00e9letk\u00e9pnek n\u00e9h\u00e1ny \u00e9vtizede m\u00e9g haz\u00e1nkban is meghat\u00e1roz\u00f3 eleme volt a hat\u00e1rban legel\u0151 \u00e1llat. Sajnos ez ma\" class=\"yoast-seo-meta-tag\" \/>\n<meta property=\"og:url\" content=\"https:\/\/dorogimedence.hu\/index.php\/2020\/08\/15\/a-retyezat-lovai\/\" class=\"yoast-seo-meta-tag\" \/>\n<meta property=\"og:site_name\" content=\"Dorogi-medence Region\u00e1lis H\u00edrport\u00e1l\" class=\"yoast-seo-meta-tag\" \/>\n<meta property=\"article:publisher\" content=\"https:\/\/www.facebook.com\/dorogimedence\/\" class=\"yoast-seo-meta-tag\" \/>\n<meta property=\"article:published_time\" content=\"2020-08-15T08:28:21+00:00\" class=\"yoast-seo-meta-tag\" \/>\n<meta property=\"article:modified_time\" content=\"2020-08-15T08:38:54+00:00\" class=\"yoast-seo-meta-tag\" \/>\n<meta property=\"og:image\" content=\"https:\/\/i0.wp.com\/dorogimedence.hu\/wp-content\/uploads\/2020\/08\/lovak.jpg?fit=830%2C450&ssl=1\" class=\"yoast-seo-meta-tag\" \/>\n\t<meta property=\"og:image:width\" content=\"830\" class=\"yoast-seo-meta-tag\" \/>\n\t<meta property=\"og:image:height\" content=\"450\" class=\"yoast-seo-meta-tag\" \/>\n\t<meta property=\"og:image:type\" content=\"image\/jpeg\" class=\"yoast-seo-meta-tag\" \/>\n<meta name=\"author\" content=\"dorogimedence.hu\" class=\"yoast-seo-meta-tag\" \/>\n<meta name=\"twitter:card\" content=\"summary_large_image\" class=\"yoast-seo-meta-tag\" \/>\n<meta name=\"twitter:label1\" content=\"Szerz\u0151:\" class=\"yoast-seo-meta-tag\" \/>\n\t<meta name=\"twitter:data1\" content=\"dorogimedence.hu\" class=\"yoast-seo-meta-tag\" \/>\n\t<meta name=\"twitter:label2\" content=\"Becs\u00fclt olvas\u00e1si id\u0151\" class=\"yoast-seo-meta-tag\" \/>\n\t<meta name=\"twitter:data2\" content=\"5 perc\" class=\"yoast-seo-meta-tag\" \/>\n<script type=\"application\/ld+json\" class=\"yoast-schema-graph\">{\"@context\":\"https:\\\/\\\/schema.org\",\"@graph\":[{\"@type\":\"Article\",\"@id\":\"https:\\\/\\\/dorogimedence.hu\\\/index.php\\\/2020\\\/08\\\/15\\\/a-retyezat-lovai\\\/#article\",\"isPartOf\":{\"@id\":\"https:\\\/\\\/dorogimedence.hu\\\/index.php\\\/2020\\\/08\\\/15\\\/a-retyezat-lovai\\\/\"},\"author\":{\"name\":\"dorogimedence.hu\",\"@id\":\"https:\\\/\\\/dorogimedence.hu\\\/#\\\/schema\\\/person\\\/ce6091eeb7e95ecdc87890d6aa8e0fd4\"},\"headline\":\"A Retyez\u00e1t lovai\",\"datePublished\":\"2020-08-15T08:28:21+00:00\",\"dateModified\":\"2020-08-15T08:38:54+00:00\",\"mainEntityOfPage\":{\"@id\":\"https:\\\/\\\/dorogimedence.hu\\\/index.php\\\/2020\\\/08\\\/15\\\/a-retyezat-lovai\\\/\"},\"wordCount\":951,\"publisher\":{\"@id\":\"https:\\\/\\\/dorogimedence.hu\\\/#organization\"},\"image\":{\"@id\":\"https:\\\/\\\/dorogimedence.hu\\\/index.php\\\/2020\\\/08\\\/15\\\/a-retyezat-lovai\\\/#primaryimage\"},\"thumbnailUrl\":\"https:\\\/\\\/dorogimedence.hu\\\/wp-content\\\/uploads\\\/2020\\\/08\\\/lovak.jpg\",\"keywords\":[\"Lieber Tam\u00e1s\",\"Mes\u00e9l\u0151 t\u00e1jak \u00e9s form\u00e1k\",\"Retyez\u00e1t-hegys\u00e9g\"],\"articleSection\":[\"H\u00edrek\",\"Mes\u00e9l\u0151 t\u00e1jak \u00e9s form\u00e1k\"],\"inLanguage\":\"hu\"},{\"@type\":\"WebPage\",\"@id\":\"https:\\\/\\\/dorogimedence.hu\\\/index.php\\\/2020\\\/08\\\/15\\\/a-retyezat-lovai\\\/\",\"url\":\"https:\\\/\\\/dorogimedence.hu\\\/index.php\\\/2020\\\/08\\\/15\\\/a-retyezat-lovai\\\/\",\"name\":\"A Retyez\u00e1t lovai\",\"isPartOf\":{\"@id\":\"https:\\\/\\\/dorogimedence.hu\\\/#website\"},\"primaryImageOfPage\":{\"@id\":\"https:\\\/\\\/dorogimedence.hu\\\/index.php\\\/2020\\\/08\\\/15\\\/a-retyezat-lovai\\\/#primaryimage\"},\"image\":{\"@id\":\"https:\\\/\\\/dorogimedence.hu\\\/index.php\\\/2020\\\/08\\\/15\\\/a-retyezat-lovai\\\/#primaryimage\"},\"thumbnailUrl\":\"https:\\\/\\\/dorogimedence.hu\\\/wp-content\\\/uploads\\\/2020\\\/08\\\/lovak.jpg\",\"datePublished\":\"2020-08-15T08:28:21+00:00\",\"dateModified\":\"2020-08-15T08:38:54+00:00\",\"breadcrumb\":{\"@id\":\"https:\\\/\\\/dorogimedence.hu\\\/index.php\\\/2020\\\/08\\\/15\\\/a-retyezat-lovai\\\/#breadcrumb\"},\"inLanguage\":\"hu\",\"potentialAction\":[{\"@type\":\"ReadAction\",\"target\":[\"https:\\\/\\\/dorogimedence.hu\\\/index.php\\\/2020\\\/08\\\/15\\\/a-retyezat-lovai\\\/\"]}]},{\"@type\":\"ImageObject\",\"inLanguage\":\"hu\",\"@id\":\"https:\\\/\\\/dorogimedence.hu\\\/index.php\\\/2020\\\/08\\\/15\\\/a-retyezat-lovai\\\/#primaryimage\",\"url\":\"https:\\\/\\\/dorogimedence.hu\\\/wp-content\\\/uploads\\\/2020\\\/08\\\/lovak.jpg\",\"contentUrl\":\"https:\\\/\\\/dorogimedence.hu\\\/wp-content\\\/uploads\\\/2020\\\/08\\\/lovak.jpg\",\"width\":830,\"height\":450},{\"@type\":\"BreadcrumbList\",\"@id\":\"https:\\\/\\\/dorogimedence.hu\\\/index.php\\\/2020\\\/08\\\/15\\\/a-retyezat-lovai\\\/#breadcrumb\",\"itemListElement\":[{\"@type\":\"ListItem\",\"position\":1,\"name\":\"Kezd\u0151lap\",\"item\":\"https:\\\/\\\/dorogimedence.hu\\\/\"},{\"@type\":\"ListItem\",\"position\":2,\"name\":\"A Retyez\u00e1t lovai\"}]},{\"@type\":\"WebSite\",\"@id\":\"https:\\\/\\\/dorogimedence.hu\\\/#website\",\"url\":\"https:\\\/\\\/dorogimedence.hu\\\/\",\"name\":\"Dorogi-medence Region\u00e1lis H\u00edrport\u00e1l\",\"description\":\"Dorog, Keszt\u00f6lc, Le\u00e1nyv\u00e1r, Piliscs\u00e9v, Tokod, Tokodalt\u00e1r\u00f3, Csolnok, Esztergom-kertv\u00e1ros: h\u00edrek, programok\",\"publisher\":{\"@id\":\"https:\\\/\\\/dorogimedence.hu\\\/#organization\"},\"potentialAction\":[{\"@type\":\"SearchAction\",\"target\":{\"@type\":\"EntryPoint\",\"urlTemplate\":\"https:\\\/\\\/dorogimedence.hu\\\/?s={search_term_string}\"},\"query-input\":{\"@type\":\"PropertyValueSpecification\",\"valueRequired\":true,\"valueName\":\"search_term_string\"}}],\"inLanguage\":\"hu\"},{\"@type\":\"Organization\",\"@id\":\"https:\\\/\\\/dorogimedence.hu\\\/#organization\",\"name\":\"Dorogi-medence Region\u00e1lis H\u00edrport\u00e1l\",\"url\":\"https:\\\/\\\/dorogimedence.hu\\\/\",\"logo\":{\"@type\":\"ImageObject\",\"inLanguage\":\"hu\",\"@id\":\"https:\\\/\\\/dorogimedence.hu\\\/#\\\/schema\\\/logo\\\/image\\\/\",\"url\":\"https:\\\/\\\/dorogimedence.hu\\\/wp-content\\\/uploads\\\/2021\\\/04\\\/logo-feher-600.png\",\"contentUrl\":\"https:\\\/\\\/dorogimedence.hu\\\/wp-content\\\/uploads\\\/2021\\\/04\\\/logo-feher-600.png\",\"width\":600,\"height\":100,\"caption\":\"Dorogi-medence Region\u00e1lis H\u00edrport\u00e1l\"},\"image\":{\"@id\":\"https:\\\/\\\/dorogimedence.hu\\\/#\\\/schema\\\/logo\\\/image\\\/\"},\"sameAs\":[\"https:\\\/\\\/www.facebook.com\\\/dorogimedence\\\/\"]},{\"@type\":\"Person\",\"@id\":\"https:\\\/\\\/dorogimedence.hu\\\/#\\\/schema\\\/person\\\/ce6091eeb7e95ecdc87890d6aa8e0fd4\",\"name\":\"dorogimedence.hu\",\"image\":{\"@type\":\"ImageObject\",\"inLanguage\":\"hu\",\"@id\":\"\\\/\\\/www.gravatar.com\\\/avatar\\\/d8d45f8901aadff40a4af72c0b826f1d?s=96&#038;r=g&#038;d=mm\",\"url\":\"\\\/\\\/www.gravatar.com\\\/avatar\\\/d8d45f8901aadff40a4af72c0b826f1d?s=96&#038;r=g&#038;d=mm\",\"contentUrl\":\"\\\/\\\/www.gravatar.com\\\/avatar\\\/d8d45f8901aadff40a4af72c0b826f1d?s=96&#038;r=g&#038;d=mm\",\"caption\":\"dorogimedence.hu\"}}]}<\/script>\n<!-- \/ Yoast SEO plugin. -->","yoast_head_json":{"title":"A Retyez\u00e1t lovai","robots":{"index":"index","follow":"follow","max-snippet":"max-snippet:-1","max-image-preview":"max-image-preview:large","max-video-preview":"max-video-preview:-1"},"canonical":"https:\/\/dorogimedence.hu\/index.php\/2020\/08\/15\/a-retyezat-lovai\/","og_locale":"hu_HU","og_type":"article","og_title":"A Retyez\u00e1t lovai","og_description":"Lieber Tam\u00e1s \u201cMes\u00e9l\u0151 t\u00e1jak \u00e9s form\u00e1k \u2013 Egy fot\u00f3 \u00e9s ami m\u00f6g\u00f6tte van\u201d c\u00edm\u0171 sorozat\u00e1nak soron k\u00f6vetkez\u0151 r\u00e9sz\u00e9ben a Retyez\u00e1t-hegys\u00e9ggel ismerkedhet\u00fcnk meg. A hegyvid\u00e9ki t\u00e1jakat j\u00e1rva gyakorta tal\u00e1lkozhatunk kihajtott \u00e1llatokkal, K\u00f6z\u00e9p-Eur\u00f3p\u00e1ban birka- vagy kecskeny\u00e1jakkal, szarvasmarha- vagy bivalycsord\u00e1val. A falusi \u00e9letk\u00e9pnek n\u00e9h\u00e1ny \u00e9vtizede m\u00e9g haz\u00e1nkban is meghat\u00e1roz\u00f3 eleme volt a hat\u00e1rban legel\u0151 \u00e1llat. Sajnos ez ma","og_url":"https:\/\/dorogimedence.hu\/index.php\/2020\/08\/15\/a-retyezat-lovai\/","og_site_name":"Dorogi-medence Region\u00e1lis H\u00edrport\u00e1l","article_publisher":"https:\/\/www.facebook.com\/dorogimedence\/","article_published_time":"2020-08-15T08:28:21+00:00","article_modified_time":"2020-08-15T08:38:54+00:00","og_image":[{"width":830,"height":450,"url":"https:\/\/i0.wp.com\/dorogimedence.hu\/wp-content\/uploads\/2020\/08\/lovak.jpg?fit=830%2C450&ssl=1","type":"image\/jpeg"}],"author":"dorogimedence.hu","twitter_card":"summary_large_image","twitter_misc":{"Szerz\u0151:":"dorogimedence.hu","Becs\u00fclt olvas\u00e1si id\u0151":"5 perc"},"schema":{"@context":"https:\/\/schema.org","@graph":[{"@type":"Article","@id":"https:\/\/dorogimedence.hu\/index.php\/2020\/08\/15\/a-retyezat-lovai\/#article","isPartOf":{"@id":"https:\/\/dorogimedence.hu\/index.php\/2020\/08\/15\/a-retyezat-lovai\/"},"author":{"name":"dorogimedence.hu","@id":"https:\/\/dorogimedence.hu\/#\/schema\/person\/ce6091eeb7e95ecdc87890d6aa8e0fd4"},"headline":"A Retyez\u00e1t lovai","datePublished":"2020-08-15T08:28:21+00:00","dateModified":"2020-08-15T08:38:54+00:00","mainEntityOfPage":{"@id":"https:\/\/dorogimedence.hu\/index.php\/2020\/08\/15\/a-retyezat-lovai\/"},"wordCount":951,"publisher":{"@id":"https:\/\/dorogimedence.hu\/#organization"},"image":{"@id":"https:\/\/dorogimedence.hu\/index.php\/2020\/08\/15\/a-retyezat-lovai\/#primaryimage"},"thumbnailUrl":"https:\/\/dorogimedence.hu\/wp-content\/uploads\/2020\/08\/lovak.jpg","keywords":["Lieber Tam\u00e1s","Mes\u00e9l\u0151 t\u00e1jak \u00e9s form\u00e1k","Retyez\u00e1t-hegys\u00e9g"],"articleSection":["H\u00edrek","Mes\u00e9l\u0151 t\u00e1jak \u00e9s form\u00e1k"],"inLanguage":"hu"},{"@type":"WebPage","@id":"https:\/\/dorogimedence.hu\/index.php\/2020\/08\/15\/a-retyezat-lovai\/","url":"https:\/\/dorogimedence.hu\/index.php\/2020\/08\/15\/a-retyezat-lovai\/","name":"A Retyez\u00e1t lovai","isPartOf":{"@id":"https:\/\/dorogimedence.hu\/#website"},"primaryImageOfPage":{"@id":"https:\/\/dorogimedence.hu\/index.php\/2020\/08\/15\/a-retyezat-lovai\/#primaryimage"},"image":{"@id":"https:\/\/dorogimedence.hu\/index.php\/2020\/08\/15\/a-retyezat-lovai\/#primaryimage"},"thumbnailUrl":"https:\/\/dorogimedence.hu\/wp-content\/uploads\/2020\/08\/lovak.jpg","datePublished":"2020-08-15T08:28:21+00:00","dateModified":"2020-08-15T08:38:54+00:00","breadcrumb":{"@id":"https:\/\/dorogimedence.hu\/index.php\/2020\/08\/15\/a-retyezat-lovai\/#breadcrumb"},"inLanguage":"hu","potentialAction":[{"@type":"ReadAction","target":["https:\/\/dorogimedence.hu\/index.php\/2020\/08\/15\/a-retyezat-lovai\/"]}]},{"@type":"ImageObject","inLanguage":"hu","@id":"https:\/\/dorogimedence.hu\/index.php\/2020\/08\/15\/a-retyezat-lovai\/#primaryimage","url":"https:\/\/dorogimedence.hu\/wp-content\/uploads\/2020\/08\/lovak.jpg","contentUrl":"https:\/\/dorogimedence.hu\/wp-content\/uploads\/2020\/08\/lovak.jpg","width":830,"height":450},{"@type":"BreadcrumbList","@id":"https:\/\/dorogimedence.hu\/index.php\/2020\/08\/15\/a-retyezat-lovai\/#breadcrumb","itemListElement":[{"@type":"ListItem","position":1,"name":"Kezd\u0151lap","item":"https:\/\/dorogimedence.hu\/"},{"@type":"ListItem","position":2,"name":"A Retyez\u00e1t lovai"}]},{"@type":"WebSite","@id":"https:\/\/dorogimedence.hu\/#website","url":"https:\/\/dorogimedence.hu\/","name":"Dorogi-medence Region\u00e1lis H\u00edrport\u00e1l","description":"Dorog, Keszt\u00f6lc, Le\u00e1nyv\u00e1r, Piliscs\u00e9v, Tokod, Tokodalt\u00e1r\u00f3, Csolnok, Esztergom-kertv\u00e1ros: h\u00edrek, programok","publisher":{"@id":"https:\/\/dorogimedence.hu\/#organization"},"potentialAction":[{"@type":"SearchAction","target":{"@type":"EntryPoint","urlTemplate":"https:\/\/dorogimedence.hu\/?s={search_term_string}"},"query-input":{"@type":"PropertyValueSpecification","valueRequired":true,"valueName":"search_term_string"}}],"inLanguage":"hu"},{"@type":"Organization","@id":"https:\/\/dorogimedence.hu\/#organization","name":"Dorogi-medence Region\u00e1lis H\u00edrport\u00e1l","url":"https:\/\/dorogimedence.hu\/","logo":{"@type":"ImageObject","inLanguage":"hu","@id":"https:\/\/dorogimedence.hu\/#\/schema\/logo\/image\/","url":"https:\/\/dorogimedence.hu\/wp-content\/uploads\/2021\/04\/logo-feher-600.png","contentUrl":"https:\/\/dorogimedence.hu\/wp-content\/uploads\/2021\/04\/logo-feher-600.png","width":600,"height":100,"caption":"Dorogi-medence Region\u00e1lis H\u00edrport\u00e1l"},"image":{"@id":"https:\/\/dorogimedence.hu\/#\/schema\/logo\/image\/"},"sameAs":["https:\/\/www.facebook.com\/dorogimedence\/"]},{"@type":"Person","@id":"https:\/\/dorogimedence.hu\/#\/schema\/person\/ce6091eeb7e95ecdc87890d6aa8e0fd4","name":"dorogimedence.hu","image":{"@type":"ImageObject","inLanguage":"hu","@id":"\/\/www.gravatar.com\/avatar\/d8d45f8901aadff40a4af72c0b826f1d?s=96&#038;r=g&#038;d=mm","url":"\/\/www.gravatar.com\/avatar\/d8d45f8901aadff40a4af72c0b826f1d?s=96&#038;r=g&#038;d=mm","contentUrl":"\/\/www.gravatar.com\/avatar\/d8d45f8901aadff40a4af72c0b826f1d?s=96&#038;r=g&#038;d=mm","caption":"dorogimedence.hu"}}]}},"_links":{"self":[{"href":"https:\/\/dorogimedence.hu\/index.php\/wp-json\/wp\/v2\/posts\/26734","targetHints":{"allow":["GET"]}}],"collection":[{"href":"https:\/\/dorogimedence.hu\/index.php\/wp-json\/wp\/v2\/posts"}],"about":[{"href":"https:\/\/dorogimedence.hu\/index.php\/wp-json\/wp\/v2\/types\/post"}],"author":[{"embeddable":true,"href":"https:\/\/dorogimedence.hu\/index.php\/wp-json\/wp\/v2\/users\/1"}],"replies":[{"embeddable":true,"href":"https:\/\/dorogimedence.hu\/index.php\/wp-json\/wp\/v2\/comments?post=26734"}],"version-history":[{"count":0,"href":"https:\/\/dorogimedence.hu\/index.php\/wp-json\/wp\/v2\/posts\/26734\/revisions"}],"wp:featuredmedia":[{"embeddable":true,"href":"https:\/\/dorogimedence.hu\/index.php\/wp-json\/wp\/v2\/media\/26735"}],"wp:attachment":[{"href":"https:\/\/dorogimedence.hu\/index.php\/wp-json\/wp\/v2\/media?parent=26734"}],"wp:term":[{"taxonomy":"category","embeddable":true,"href":"https:\/\/dorogimedence.hu\/index.php\/wp-json\/wp\/v2\/categories?post=26734"},{"taxonomy":"post_tag","embeddable":true,"href":"https:\/\/dorogimedence.hu\/index.php\/wp-json\/wp\/v2\/tags?post=26734"}],"curies":[{"name":"wp","href":"https:\/\/api.w.org\/{rel}","templated":true}]}}