{"id":26729,"date":"2020-08-14T15:27:34","date_gmt":"2020-08-14T13:27:34","guid":{"rendered":"http:\/\/dorogimedence.hu\/?p=26729"},"modified":"2020-08-14T15:30:09","modified_gmt":"2020-08-14T13:30:09","slug":"esztergomnal-fogtak-el-a-kettos-gyilkossag-egyik-gyanusitottjat","status":"publish","type":"post","link":"https:\/\/dorogimedence.hu\/index.php\/2020\/08\/14\/esztergomnal-fogtak-el-a-kettos-gyilkossag-egyik-gyanusitottjat\/","title":{"rendered":"Esztergomn\u00e1l fogt\u00e1k el a kett\u0151s gyilkoss\u00e1g egyik gyan\u00fas\u00edtottj\u00e1t"},"content":{"rendered":"<p><strong>El\u0151re kitervelten, nyeres\u00e9gv\u00e1gyb\u00f3l, t\u00f6bb emberen elk\u00f6vetett ember\u00f6l\u00e9ssel gyan\u00fas\u00edt a rend\u0151rs\u00e9g egy 41 \u00e9ves magyar \u00e9s egy 42 \u00e9ves szlov\u00e1k f\u00e9rfit a Pilisszentiv\u00e1nn\u00e1l tal\u00e1lt testmaradv\u00e1nyokkal \u00f6sszef\u00fcgg\u00e9sben<\/strong> <em>&#8211; sz\u00e1moltak be magyar \u00e9s szlov\u00e1k rend\u0151ri vezet\u0151k p\u00e9nteki budapesti sajt\u00f3t\u00e1j\u00e9koztat\u00f3jukon.<\/em><\/p>\n<p>Pet\u0151fi Attila, a K\u00e9szenl\u00e9ti Rend\u0151rs\u00e9g Kiemelt \u00dcgyeket Felder\u00edt\u0151 f\u0151oszt\u00e1ly\u00e1nak vezet\u0151je ismertette: 2016. febru\u00e1r 11-\u00e9n egy budapesti luxuslak\u00e1sban t\u00f6bb l\u00f6v\u00e9ssel agyonl\u0151ttek egy szlov\u00e1k f\u00e9rfit \u00e9s egy n\u0151t, holttest\u00fcket feldarabolt\u00e1k, majd Pilisszentiv\u00e1non elhantolt\u00e1k.<\/p>\n<p>Az \u00fcgyre azut\u00e1n der\u00fclt f\u00e9ny, hogy a magyar gyan\u00fas\u00edtottat m\u00e1s \u00fcgy miatt letart\u00f3ztatt\u00e1k, \u0151 besz\u00e9lt el\u0151sz\u00f6r a gyilkoss\u00e1gr\u00f3l 2017-ben a nyomoz\u00f3knak. <strong>Szlov\u00e1k t\u00e1rs\u00e1t a m\u00falt h\u00f3napban fogt\u00e1k el a Terrorelh\u00e1r\u00edt\u00e1si K\u00f6zpont seg\u00edts\u00e9g\u00e9vel, amikor Esztergomn\u00e1l bel\u00e9pett Magyarorsz\u00e1gra.<\/strong><\/p>\n<p>Pet\u0151fi Attila elmondta: 2017-ben konkr\u00e9tumok n\u00e9lk\u00fcli, hom\u00e1lyos inform\u00e1ci\u00f3kat kaptak a letart\u00f3ztat\u00e1sban lev\u0151 H. Zsoltt\u00f3l arr\u00f3l, hogy Budapesten, a Marina Park egyik luxuslak\u00e1s\u00e1ban szlov\u00e1k \u00e1llampolg\u00e1rokat \u00f6ltek meg. A nyomoz\u00f3k meg\u00e1llap\u00edtott\u00e1k, hogy a lak\u00e1st b\u00e9relt\u00e9k, \u00e1m id\u0151k\u00f6zben felmondt\u00e1k a szerz\u0151d\u00e9st, a b\u00e9rl\u0151 pedig hamis iratokkal igazolta mag\u00e1t. A 2018 janu\u00e1rj\u00e1ban tartott helysz\u00edni szeml\u00e9n l\u00e1that\u00f3, b\u0171ncselekm\u00e9nyre utal\u00f3 nyomokat nem tal\u00e1ltak, mivel a b\u00e9rl\u0151 \u00e9s a tulajdonos is rendet tett id\u0151k\u00f6zben, s\u0151t \u00faj lak\u00f3k is \u00e9rkeztek.<\/p>\n<p>Egy\u00e9b nyomok ut\u00e1n kutattak, megvizsg\u00e1lt\u00e1k a lefoly\u00f3t, felszedt\u00e9k a parkett\u00e1t, v\u00e9g\u00fcl v\u00e9rnyomokat tal\u00e1ltak, amelyekb\u0151l fel tudt\u00e1k \u00e9p\u00edteni az \u00e1ldozatok genetikai profilj\u00e1t. Egyik\u00fck sem szerepelt a magyar nyilv\u00e1ntart\u00e1sban, a nemzetk\u00f6zi adatb\u00e1zisban azonban m\u00e1r azonos\u00edtani tudt\u00e1k a 43 \u00e9ves, magyarajk\u00fa J. Istv\u00e1n szlov\u00e1k \u00e1llampolg\u00e1rt. Ezut\u00e1n k\u00f6z\u00f6s magyar-szlov\u00e1k nyomoz\u00f3csoport alakult a f\u00e9rfi kapcsolatrendszer\u00e9nek felt\u00e9rk\u00e9pez\u00e9s\u00e9re.<\/p>\n<p>Peter Vasilk\u00f3, a szlov\u00e1k Nemzeti B\u0171n\u00fcld\u00f6z\u00e9si \u00dcgyn\u00f6ks\u00e9g munkat\u00e1rsa ismertette: az \u00e1ldozat egy t\u00f6bbsz\u00f6r\u00f6sen b\u00fcntetett el\u0151\u00e9let\u0171 f\u00e9rfi volt, aki indokolatlan fegyvervisel\u00e9s, k\u00f6zokirat-hamis\u00edt\u00e1s, emberrabl\u00e1s \u00e9s zsarol\u00e1s miatt volt ismert a hat\u00f3s\u00e1gok el\u0151tt, ad\u00f3\u00fcgyi b\u0171ncselekm\u00e9nyek, b\u0171nszervezet megalak\u00edt\u00e1sa miatt pedig t\u00f6bb elj\u00e1r\u00e1s is folyamatban volt ellene \u00e9s k\u00f6r\u00f6z\u00e9s alatt \u00e1llt. A szlov\u00e1k hat\u00f3s\u00e1gok azonos\u00edtott\u00e1k a m\u00e1sik \u00e1ldozatot, a 29 \u00e9ves, b\u00fcntetlen el\u0151\u00e9let\u0171 P. Enik\u0151t, aki a nyomoz\u00f3k szerint mind\u00f6ssze &#8222;rosszkor volt rossz helyen&#8221;.<\/p>\n<p>Pet\u0151fi Attila hozz\u00e1tette: P. Enik\u0151 2016 tavasz\u00e1t\u00f3l nem adott \u00e9letjelet mag\u00e1r\u00f3l, aut\u00f3j\u00e1t Budapesten tal\u00e1lt\u00e1k meg, \u00e9s az adatok szerint k\u00f6zeli kapcsolatban \u00e1llt J. Istv\u00e1nnal.<\/p>\n<p><strong>H. Zsolt 2018 j\u00falius\u00e1ban azt\u00e1n megmutatta, hol rejtett\u00e9k el a holttesteket Pilisszentiv\u00e1non, \u00e9s tetemkeres\u0151 kuty\u00e1kkal egy m\u00e9ter m\u00e9lyen holttestdarabokat tal\u00e1ltak, amelyek alapj\u00e1n azonos\u00edtott\u00e1k az \u00e1ldozatokat.<\/strong> H. Zsolt azt mondta: 2015 \u0151sz\u00e9n ker\u00fclt kapcsolatba a szlov\u00e1kiai K. Norberttel, aki t\u00f6bb er\u0151szakos b\u0171ncselekm\u00e9nyt is elk\u00f6vetett, \u00e9s \u0151 gyilkolt a budapesti lak\u00e1sban is. H. Zsolt azt \u00e1ll\u00edtotta, hogy \u0151 csak a holttestek vetk\u0151ztet\u00e9s\u00e9ben, darabol\u00e1s\u00e1ban, sz\u00e1ll\u00edt\u00e1s\u00e1ban \u00e9s el\u00e1s\u00e1s\u00e1ban vett r\u00e9szt.<\/p>\n<p>Mindezek ut\u00e1n a magyarok ism\u00e9t a szlov\u00e1k rend\u0151r\u00f6k seg\u00edts\u00e9g\u00e9t k\u00e9rt\u00e9k.<\/p>\n<p>Peter Vasilko elmondta: K. Norbert t\u00f6bbsz\u00f6r volt b\u00fcntetve, egyebek mellett gar\u00e1zdas\u00e1g, testi s\u00e9rt\u00e9s \u00e9s l\u0151fegyverrel vissza\u00e9l\u00e9s miatt. Az \u0151rnagy arr\u00f3l is besz\u00e9lt, hogy J. Istv\u00e1n \u00e9s K. Norbert k\u00f6zeli kapcsolatban \u00e1lltak egym\u00e1ssal. Egy b\u00fcntet\u00e9s-v\u00e9grehajt\u00e1si int\u00e9zetben ismerkedtek meg, \u00e9s K. Norbert seg\u00edts\u00e9get ny\u00fajtott k\u00e9s\u0151bbi \u00e1ldozat\u00e1nak a hat\u00f3s\u00e1gok el\u0151li bujk\u00e1l\u00e1sban is.<\/p>\n<p><strong>A nyomoz\u00f3k szerint K. Norbert a p\u00e9nz\u00e9\u00e9rt, \u00e9kszerek\u00e9rt, arany\u00e9rt, k\u00e9szp\u00e9nz\u00e9rt \u00e9s t\u00f6bb g\u00e9pkocsi megszerz\u00e9s\u00e9\u00e9rt v\u00e9gzett J. Istv\u00e1nnal. H\u00e1rom h\u00e9ttel ezel\u0151tt, j\u00falius 24-\u00e9n fogt\u00e1k el Esztergomn\u00e1l. Vallom\u00e1s\u00e1ban nem tagadta, hogy az \u00e1ldozat vagyon\u00e1t meg akarta szerezni, azt sem, hogy kitervelte a b\u0171ncselekm\u00e9nyt, de azt \u00e1ll\u00edtotta, hogy a gyilkoss\u00e1got H. Zsolt k\u00f6vette el.<\/strong><\/p>\n<p>Az \u00e1ldozatr\u00f3l Pet\u0151fi Attila elmondta: t\u00f6bb sz\u00e1zezer eur\u00f3nyi vagyonnal rendelkez\u0151 f\u00e9rfi volt, aki nyolc \u00e9v szabads\u00e1gveszt\u00e9s let\u00f6lt\u00e9se el\u0151l menek\u00fclt, ez\u00e9rt eur\u00f3pai elfogat\u00f3parancs volt ellene kiadva. Magyarorsz\u00e1gon bujk\u00e1lt, konspir\u00e1lt \u00e9letet \u00e9lt, csak n\u00e9h\u00e1ny emberrel tartott kapcsolatot. K. Norbert az \u0151 egyik str\u00f3manja volt &#8211; tette hozz\u00e1.<\/p>\n<p>A sajt\u00f3t\u00e1j\u00e9koztat\u00f3n a szlov\u00e1k Nemzeti B\u0171n\u00fcld\u00f6z\u00e9si \u00dcgyn\u00f6ks\u00e9g igazgat\u00f3-helyettese, Patrik Jurik elmondta: szervezet\u00fcknek a legs\u00falyosabb b\u0171ncselekm\u00e9nyek elleni harc \u00e9s a felder\u00edt\u00e9s\u00fck a feladata, \u00e9s m\u00e9ltatta a szlov\u00e1k \u00e9s magyar rend\u0151rs\u00e9g, valamint \u00fcgy\u00e9szs\u00e9g egy\u00fcttm\u0171k\u00f6d\u00e9s\u00e9t a b\u0171ncselekm\u00e9ny felder\u00edt\u00e9s\u00e9ben.<\/p>\n<p><em>Forr\u00e1s: MTI<\/em><\/p>\n","protected":false},"excerpt":{"rendered":"<p>El\u0151re kitervelten, nyeres\u00e9gv\u00e1gyb\u00f3l, t\u00f6bb emberen elk\u00f6vetett ember\u00f6l\u00e9ssel gyan\u00fas\u00edt a rend\u0151rs\u00e9g egy 41 \u00e9ves magyar \u00e9s egy 42 \u00e9ves szlov\u00e1k f\u00e9rfit a Pilisszentiv\u00e1nn\u00e1l tal\u00e1lt testmaradv\u00e1nyokkal \u00f6sszef\u00fcgg\u00e9sben &#8211; sz\u00e1moltak be magyar \u00e9s szlov\u00e1k rend\u0151ri vezet\u0151k p\u00e9nteki budapesti sajt\u00f3t\u00e1j\u00e9koztat\u00f3jukon. Pet\u0151fi Attila, a K\u00e9szenl\u00e9ti Rend\u0151rs\u00e9g Kiemelt \u00dcgyeket Felder\u00edt\u0151 f\u0151oszt\u00e1ly\u00e1nak vezet\u0151je ismertette: 2016. febru\u00e1r 11-\u00e9n egy budapesti luxuslak\u00e1sban t\u00f6bb l\u00f6v\u00e9ssel<\/p>\n","protected":false},"author":1,"featured_media":26730,"comment_status":"closed","ping_status":"closed","sticky":false,"template":"","format":"standard","meta":{"ngg_post_thumbnail":0,"footnotes":""},"categories":[3,39],"tags":[63,42,899,1180,61],"class_list":{"0":"post-26729","1":"post","2":"type-post","3":"status-publish","4":"format-standard","5":"has-post-thumbnail","7":"category-hirek","8":"category-kek-hirek","9":"tag-buncselekmeny","10":"tag-esztergom","11":"tag-gyilkossag","12":"tag-pilisszentivan","13":"tag-rendorsegi-hirek"},"yoast_head":"<!-- This site is optimized with the Yoast SEO plugin v27.4 - https:\/\/yoast.com\/product\/yoast-seo-wordpress\/ -->\n<title>Esztergomn\u00e1l fogt\u00e1k el a kett\u0151s gyilkoss\u00e1g egyik gyan\u00fas\u00edtottj\u00e1t<\/title>\n<meta name=\"robots\" content=\"index, follow, max-snippet:-1, max-image-preview:large, max-video-preview:-1\" \/>\n<link rel=\"canonical\" href=\"https:\/\/dorogimedence.hu\/index.php\/2020\/08\/14\/esztergomnal-fogtak-el-a-kettos-gyilkossag-egyik-gyanusitottjat\/\" class=\"yoast-seo-meta-tag\" \/>\n<meta property=\"og:locale\" content=\"hu_HU\" class=\"yoast-seo-meta-tag\" \/>\n<meta property=\"og:type\" content=\"article\" class=\"yoast-seo-meta-tag\" \/>\n<meta property=\"og:title\" content=\"Esztergomn\u00e1l fogt\u00e1k el a kett\u0151s gyilkoss\u00e1g egyik gyan\u00fas\u00edtottj\u00e1t\" class=\"yoast-seo-meta-tag\" \/>\n<meta property=\"og:description\" content=\"El\u0151re kitervelten, nyeres\u00e9gv\u00e1gyb\u00f3l, t\u00f6bb emberen elk\u00f6vetett ember\u00f6l\u00e9ssel gyan\u00fas\u00edt a rend\u0151rs\u00e9g egy 41 \u00e9ves magyar \u00e9s egy 42 \u00e9ves szlov\u00e1k f\u00e9rfit a Pilisszentiv\u00e1nn\u00e1l tal\u00e1lt testmaradv\u00e1nyokkal \u00f6sszef\u00fcgg\u00e9sben &#8211; sz\u00e1moltak be magyar \u00e9s szlov\u00e1k rend\u0151ri vezet\u0151k p\u00e9nteki budapesti sajt\u00f3t\u00e1j\u00e9koztat\u00f3jukon. Pet\u0151fi Attila, a K\u00e9szenl\u00e9ti Rend\u0151rs\u00e9g Kiemelt \u00dcgyeket Felder\u00edt\u0151 f\u0151oszt\u00e1ly\u00e1nak vezet\u0151je ismertette: 2016. febru\u00e1r 11-\u00e9n egy budapesti luxuslak\u00e1sban t\u00f6bb l\u00f6v\u00e9ssel\" class=\"yoast-seo-meta-tag\" \/>\n<meta property=\"og:url\" content=\"https:\/\/dorogimedence.hu\/index.php\/2020\/08\/14\/esztergomnal-fogtak-el-a-kettos-gyilkossag-egyik-gyanusitottjat\/\" class=\"yoast-seo-meta-tag\" \/>\n<meta property=\"og:site_name\" content=\"Dorogi-medence Region\u00e1lis H\u00edrport\u00e1l\" class=\"yoast-seo-meta-tag\" \/>\n<meta property=\"article:publisher\" content=\"https:\/\/www.facebook.com\/dorogimedence\/\" class=\"yoast-seo-meta-tag\" \/>\n<meta property=\"article:published_time\" content=\"2020-08-14T13:27:34+00:00\" class=\"yoast-seo-meta-tag\" \/>\n<meta property=\"article:modified_time\" content=\"2020-08-14T13:30:09+00:00\" class=\"yoast-seo-meta-tag\" \/>\n<meta property=\"og:image\" content=\"https:\/\/i0.wp.com\/dorogimedence.hu\/wp-content\/uploads\/2020\/08\/gyilkossag.jpg?fit=830%2C450&ssl=1\" class=\"yoast-seo-meta-tag\" \/>\n\t<meta property=\"og:image:width\" content=\"830\" class=\"yoast-seo-meta-tag\" \/>\n\t<meta property=\"og:image:height\" content=\"450\" class=\"yoast-seo-meta-tag\" \/>\n\t<meta property=\"og:image:type\" content=\"image\/jpeg\" class=\"yoast-seo-meta-tag\" \/>\n<meta name=\"author\" content=\"dorogimedence.hu\" class=\"yoast-seo-meta-tag\" \/>\n<meta name=\"twitter:card\" content=\"summary_large_image\" class=\"yoast-seo-meta-tag\" \/>\n<meta name=\"twitter:label1\" content=\"Szerz\u0151:\" class=\"yoast-seo-meta-tag\" \/>\n\t<meta name=\"twitter:data1\" content=\"dorogimedence.hu\" class=\"yoast-seo-meta-tag\" \/>\n\t<meta name=\"twitter:label2\" content=\"Becs\u00fclt olvas\u00e1si id\u0151\" class=\"yoast-seo-meta-tag\" \/>\n\t<meta name=\"twitter:data2\" content=\"5 perc\" class=\"yoast-seo-meta-tag\" \/>\n<script type=\"application\/ld+json\" class=\"yoast-schema-graph\">{\"@context\":\"https:\\\/\\\/schema.org\",\"@graph\":[{\"@type\":\"Article\",\"@id\":\"https:\\\/\\\/dorogimedence.hu\\\/index.php\\\/2020\\\/08\\\/14\\\/esztergomnal-fogtak-el-a-kettos-gyilkossag-egyik-gyanusitottjat\\\/#article\",\"isPartOf\":{\"@id\":\"https:\\\/\\\/dorogimedence.hu\\\/index.php\\\/2020\\\/08\\\/14\\\/esztergomnal-fogtak-el-a-kettos-gyilkossag-egyik-gyanusitottjat\\\/\"},\"author\":{\"name\":\"dorogimedence.hu\",\"@id\":\"https:\\\/\\\/dorogimedence.hu\\\/#\\\/schema\\\/person\\\/ce6091eeb7e95ecdc87890d6aa8e0fd4\"},\"headline\":\"Esztergomn\u00e1l fogt\u00e1k el a kett\u0151s gyilkoss\u00e1g egyik gyan\u00fas\u00edtottj\u00e1t\",\"datePublished\":\"2020-08-14T13:27:34+00:00\",\"dateModified\":\"2020-08-14T13:30:09+00:00\",\"mainEntityOfPage\":{\"@id\":\"https:\\\/\\\/dorogimedence.hu\\\/index.php\\\/2020\\\/08\\\/14\\\/esztergomnal-fogtak-el-a-kettos-gyilkossag-egyik-gyanusitottjat\\\/\"},\"wordCount\":961,\"publisher\":{\"@id\":\"https:\\\/\\\/dorogimedence.hu\\\/#organization\"},\"image\":{\"@id\":\"https:\\\/\\\/dorogimedence.hu\\\/index.php\\\/2020\\\/08\\\/14\\\/esztergomnal-fogtak-el-a-kettos-gyilkossag-egyik-gyanusitottjat\\\/#primaryimage\"},\"thumbnailUrl\":\"https:\\\/\\\/dorogimedence.hu\\\/wp-content\\\/uploads\\\/2020\\\/08\\\/gyilkossag.jpg\",\"keywords\":[\"b\u0171ncselekm\u00e9ny\",\"esztergom\",\"gyilkoss\u00e1g\",\"Pilisszentiv\u00e1n\",\"rend\u0151rs\u00e9gi h\u00edrek\"],\"articleSection\":[\"H\u00edrek\",\"K\u00e9k h\u00edrek\"],\"inLanguage\":\"hu\"},{\"@type\":\"WebPage\",\"@id\":\"https:\\\/\\\/dorogimedence.hu\\\/index.php\\\/2020\\\/08\\\/14\\\/esztergomnal-fogtak-el-a-kettos-gyilkossag-egyik-gyanusitottjat\\\/\",\"url\":\"https:\\\/\\\/dorogimedence.hu\\\/index.php\\\/2020\\\/08\\\/14\\\/esztergomnal-fogtak-el-a-kettos-gyilkossag-egyik-gyanusitottjat\\\/\",\"name\":\"Esztergomn\u00e1l fogt\u00e1k el a kett\u0151s gyilkoss\u00e1g egyik gyan\u00fas\u00edtottj\u00e1t\",\"isPartOf\":{\"@id\":\"https:\\\/\\\/dorogimedence.hu\\\/#website\"},\"primaryImageOfPage\":{\"@id\":\"https:\\\/\\\/dorogimedence.hu\\\/index.php\\\/2020\\\/08\\\/14\\\/esztergomnal-fogtak-el-a-kettos-gyilkossag-egyik-gyanusitottjat\\\/#primaryimage\"},\"image\":{\"@id\":\"https:\\\/\\\/dorogimedence.hu\\\/index.php\\\/2020\\\/08\\\/14\\\/esztergomnal-fogtak-el-a-kettos-gyilkossag-egyik-gyanusitottjat\\\/#primaryimage\"},\"thumbnailUrl\":\"https:\\\/\\\/dorogimedence.hu\\\/wp-content\\\/uploads\\\/2020\\\/08\\\/gyilkossag.jpg\",\"datePublished\":\"2020-08-14T13:27:34+00:00\",\"dateModified\":\"2020-08-14T13:30:09+00:00\",\"breadcrumb\":{\"@id\":\"https:\\\/\\\/dorogimedence.hu\\\/index.php\\\/2020\\\/08\\\/14\\\/esztergomnal-fogtak-el-a-kettos-gyilkossag-egyik-gyanusitottjat\\\/#breadcrumb\"},\"inLanguage\":\"hu\",\"potentialAction\":[{\"@type\":\"ReadAction\",\"target\":[\"https:\\\/\\\/dorogimedence.hu\\\/index.php\\\/2020\\\/08\\\/14\\\/esztergomnal-fogtak-el-a-kettos-gyilkossag-egyik-gyanusitottjat\\\/\"]}]},{\"@type\":\"ImageObject\",\"inLanguage\":\"hu\",\"@id\":\"https:\\\/\\\/dorogimedence.hu\\\/index.php\\\/2020\\\/08\\\/14\\\/esztergomnal-fogtak-el-a-kettos-gyilkossag-egyik-gyanusitottjat\\\/#primaryimage\",\"url\":\"https:\\\/\\\/dorogimedence.hu\\\/wp-content\\\/uploads\\\/2020\\\/08\\\/gyilkossag.jpg\",\"contentUrl\":\"https:\\\/\\\/dorogimedence.hu\\\/wp-content\\\/uploads\\\/2020\\\/08\\\/gyilkossag.jpg\",\"width\":830,\"height\":450},{\"@type\":\"BreadcrumbList\",\"@id\":\"https:\\\/\\\/dorogimedence.hu\\\/index.php\\\/2020\\\/08\\\/14\\\/esztergomnal-fogtak-el-a-kettos-gyilkossag-egyik-gyanusitottjat\\\/#breadcrumb\",\"itemListElement\":[{\"@type\":\"ListItem\",\"position\":1,\"name\":\"Kezd\u0151lap\",\"item\":\"https:\\\/\\\/dorogimedence.hu\\\/\"},{\"@type\":\"ListItem\",\"position\":2,\"name\":\"Esztergomn\u00e1l fogt\u00e1k el a kett\u0151s gyilkoss\u00e1g egyik gyan\u00fas\u00edtottj\u00e1t\"}]},{\"@type\":\"WebSite\",\"@id\":\"https:\\\/\\\/dorogimedence.hu\\\/#website\",\"url\":\"https:\\\/\\\/dorogimedence.hu\\\/\",\"name\":\"Dorogi-medence Region\u00e1lis H\u00edrport\u00e1l\",\"description\":\"Dorog, Keszt\u00f6lc, Le\u00e1nyv\u00e1r, Piliscs\u00e9v, Tokod, Tokodalt\u00e1r\u00f3, Csolnok, Esztergom-kertv\u00e1ros: h\u00edrek, programok\",\"publisher\":{\"@id\":\"https:\\\/\\\/dorogimedence.hu\\\/#organization\"},\"potentialAction\":[{\"@type\":\"SearchAction\",\"target\":{\"@type\":\"EntryPoint\",\"urlTemplate\":\"https:\\\/\\\/dorogimedence.hu\\\/?s={search_term_string}\"},\"query-input\":{\"@type\":\"PropertyValueSpecification\",\"valueRequired\":true,\"valueName\":\"search_term_string\"}}],\"inLanguage\":\"hu\"},{\"@type\":\"Organization\",\"@id\":\"https:\\\/\\\/dorogimedence.hu\\\/#organization\",\"name\":\"Dorogi-medence Region\u00e1lis H\u00edrport\u00e1l\",\"url\":\"https:\\\/\\\/dorogimedence.hu\\\/\",\"logo\":{\"@type\":\"ImageObject\",\"inLanguage\":\"hu\",\"@id\":\"https:\\\/\\\/dorogimedence.hu\\\/#\\\/schema\\\/logo\\\/image\\\/\",\"url\":\"https:\\\/\\\/dorogimedence.hu\\\/wp-content\\\/uploads\\\/2021\\\/04\\\/logo-feher-600.png\",\"contentUrl\":\"https:\\\/\\\/dorogimedence.hu\\\/wp-content\\\/uploads\\\/2021\\\/04\\\/logo-feher-600.png\",\"width\":600,\"height\":100,\"caption\":\"Dorogi-medence Region\u00e1lis H\u00edrport\u00e1l\"},\"image\":{\"@id\":\"https:\\\/\\\/dorogimedence.hu\\\/#\\\/schema\\\/logo\\\/image\\\/\"},\"sameAs\":[\"https:\\\/\\\/www.facebook.com\\\/dorogimedence\\\/\"]},{\"@type\":\"Person\",\"@id\":\"https:\\\/\\\/dorogimedence.hu\\\/#\\\/schema\\\/person\\\/ce6091eeb7e95ecdc87890d6aa8e0fd4\",\"name\":\"dorogimedence.hu\",\"image\":{\"@type\":\"ImageObject\",\"inLanguage\":\"hu\",\"@id\":\"\\\/\\\/www.gravatar.com\\\/avatar\\\/d8d45f8901aadff40a4af72c0b826f1d?s=96&#038;r=g&#038;d=mm\",\"url\":\"\\\/\\\/www.gravatar.com\\\/avatar\\\/d8d45f8901aadff40a4af72c0b826f1d?s=96&#038;r=g&#038;d=mm\",\"contentUrl\":\"\\\/\\\/www.gravatar.com\\\/avatar\\\/d8d45f8901aadff40a4af72c0b826f1d?s=96&#038;r=g&#038;d=mm\",\"caption\":\"dorogimedence.hu\"}}]}<\/script>\n<!-- \/ Yoast SEO plugin. -->","yoast_head_json":{"title":"Esztergomn\u00e1l fogt\u00e1k el a kett\u0151s gyilkoss\u00e1g egyik gyan\u00fas\u00edtottj\u00e1t","robots":{"index":"index","follow":"follow","max-snippet":"max-snippet:-1","max-image-preview":"max-image-preview:large","max-video-preview":"max-video-preview:-1"},"canonical":"https:\/\/dorogimedence.hu\/index.php\/2020\/08\/14\/esztergomnal-fogtak-el-a-kettos-gyilkossag-egyik-gyanusitottjat\/","og_locale":"hu_HU","og_type":"article","og_title":"Esztergomn\u00e1l fogt\u00e1k el a kett\u0151s gyilkoss\u00e1g egyik gyan\u00fas\u00edtottj\u00e1t","og_description":"El\u0151re kitervelten, nyeres\u00e9gv\u00e1gyb\u00f3l, t\u00f6bb emberen elk\u00f6vetett ember\u00f6l\u00e9ssel gyan\u00fas\u00edt a rend\u0151rs\u00e9g egy 41 \u00e9ves magyar \u00e9s egy 42 \u00e9ves szlov\u00e1k f\u00e9rfit a Pilisszentiv\u00e1nn\u00e1l tal\u00e1lt testmaradv\u00e1nyokkal \u00f6sszef\u00fcgg\u00e9sben &#8211; sz\u00e1moltak be magyar \u00e9s szlov\u00e1k rend\u0151ri vezet\u0151k p\u00e9nteki budapesti sajt\u00f3t\u00e1j\u00e9koztat\u00f3jukon. Pet\u0151fi Attila, a K\u00e9szenl\u00e9ti Rend\u0151rs\u00e9g Kiemelt \u00dcgyeket Felder\u00edt\u0151 f\u0151oszt\u00e1ly\u00e1nak vezet\u0151je ismertette: 2016. febru\u00e1r 11-\u00e9n egy budapesti luxuslak\u00e1sban t\u00f6bb l\u00f6v\u00e9ssel","og_url":"https:\/\/dorogimedence.hu\/index.php\/2020\/08\/14\/esztergomnal-fogtak-el-a-kettos-gyilkossag-egyik-gyanusitottjat\/","og_site_name":"Dorogi-medence Region\u00e1lis H\u00edrport\u00e1l","article_publisher":"https:\/\/www.facebook.com\/dorogimedence\/","article_published_time":"2020-08-14T13:27:34+00:00","article_modified_time":"2020-08-14T13:30:09+00:00","og_image":[{"width":830,"height":450,"url":"https:\/\/i0.wp.com\/dorogimedence.hu\/wp-content\/uploads\/2020\/08\/gyilkossag.jpg?fit=830%2C450&ssl=1","type":"image\/jpeg"}],"author":"dorogimedence.hu","twitter_card":"summary_large_image","twitter_misc":{"Szerz\u0151:":"dorogimedence.hu","Becs\u00fclt olvas\u00e1si id\u0151":"5 perc"},"schema":{"@context":"https:\/\/schema.org","@graph":[{"@type":"Article","@id":"https:\/\/dorogimedence.hu\/index.php\/2020\/08\/14\/esztergomnal-fogtak-el-a-kettos-gyilkossag-egyik-gyanusitottjat\/#article","isPartOf":{"@id":"https:\/\/dorogimedence.hu\/index.php\/2020\/08\/14\/esztergomnal-fogtak-el-a-kettos-gyilkossag-egyik-gyanusitottjat\/"},"author":{"name":"dorogimedence.hu","@id":"https:\/\/dorogimedence.hu\/#\/schema\/person\/ce6091eeb7e95ecdc87890d6aa8e0fd4"},"headline":"Esztergomn\u00e1l fogt\u00e1k el a kett\u0151s gyilkoss\u00e1g egyik gyan\u00fas\u00edtottj\u00e1t","datePublished":"2020-08-14T13:27:34+00:00","dateModified":"2020-08-14T13:30:09+00:00","mainEntityOfPage":{"@id":"https:\/\/dorogimedence.hu\/index.php\/2020\/08\/14\/esztergomnal-fogtak-el-a-kettos-gyilkossag-egyik-gyanusitottjat\/"},"wordCount":961,"publisher":{"@id":"https:\/\/dorogimedence.hu\/#organization"},"image":{"@id":"https:\/\/dorogimedence.hu\/index.php\/2020\/08\/14\/esztergomnal-fogtak-el-a-kettos-gyilkossag-egyik-gyanusitottjat\/#primaryimage"},"thumbnailUrl":"https:\/\/dorogimedence.hu\/wp-content\/uploads\/2020\/08\/gyilkossag.jpg","keywords":["b\u0171ncselekm\u00e9ny","esztergom","gyilkoss\u00e1g","Pilisszentiv\u00e1n","rend\u0151rs\u00e9gi h\u00edrek"],"articleSection":["H\u00edrek","K\u00e9k h\u00edrek"],"inLanguage":"hu"},{"@type":"WebPage","@id":"https:\/\/dorogimedence.hu\/index.php\/2020\/08\/14\/esztergomnal-fogtak-el-a-kettos-gyilkossag-egyik-gyanusitottjat\/","url":"https:\/\/dorogimedence.hu\/index.php\/2020\/08\/14\/esztergomnal-fogtak-el-a-kettos-gyilkossag-egyik-gyanusitottjat\/","name":"Esztergomn\u00e1l fogt\u00e1k el a kett\u0151s gyilkoss\u00e1g egyik gyan\u00fas\u00edtottj\u00e1t","isPartOf":{"@id":"https:\/\/dorogimedence.hu\/#website"},"primaryImageOfPage":{"@id":"https:\/\/dorogimedence.hu\/index.php\/2020\/08\/14\/esztergomnal-fogtak-el-a-kettos-gyilkossag-egyik-gyanusitottjat\/#primaryimage"},"image":{"@id":"https:\/\/dorogimedence.hu\/index.php\/2020\/08\/14\/esztergomnal-fogtak-el-a-kettos-gyilkossag-egyik-gyanusitottjat\/#primaryimage"},"thumbnailUrl":"https:\/\/dorogimedence.hu\/wp-content\/uploads\/2020\/08\/gyilkossag.jpg","datePublished":"2020-08-14T13:27:34+00:00","dateModified":"2020-08-14T13:30:09+00:00","breadcrumb":{"@id":"https:\/\/dorogimedence.hu\/index.php\/2020\/08\/14\/esztergomnal-fogtak-el-a-kettos-gyilkossag-egyik-gyanusitottjat\/#breadcrumb"},"inLanguage":"hu","potentialAction":[{"@type":"ReadAction","target":["https:\/\/dorogimedence.hu\/index.php\/2020\/08\/14\/esztergomnal-fogtak-el-a-kettos-gyilkossag-egyik-gyanusitottjat\/"]}]},{"@type":"ImageObject","inLanguage":"hu","@id":"https:\/\/dorogimedence.hu\/index.php\/2020\/08\/14\/esztergomnal-fogtak-el-a-kettos-gyilkossag-egyik-gyanusitottjat\/#primaryimage","url":"https:\/\/dorogimedence.hu\/wp-content\/uploads\/2020\/08\/gyilkossag.jpg","contentUrl":"https:\/\/dorogimedence.hu\/wp-content\/uploads\/2020\/08\/gyilkossag.jpg","width":830,"height":450},{"@type":"BreadcrumbList","@id":"https:\/\/dorogimedence.hu\/index.php\/2020\/08\/14\/esztergomnal-fogtak-el-a-kettos-gyilkossag-egyik-gyanusitottjat\/#breadcrumb","itemListElement":[{"@type":"ListItem","position":1,"name":"Kezd\u0151lap","item":"https:\/\/dorogimedence.hu\/"},{"@type":"ListItem","position":2,"name":"Esztergomn\u00e1l fogt\u00e1k el a kett\u0151s gyilkoss\u00e1g egyik gyan\u00fas\u00edtottj\u00e1t"}]},{"@type":"WebSite","@id":"https:\/\/dorogimedence.hu\/#website","url":"https:\/\/dorogimedence.hu\/","name":"Dorogi-medence Region\u00e1lis H\u00edrport\u00e1l","description":"Dorog, Keszt\u00f6lc, Le\u00e1nyv\u00e1r, Piliscs\u00e9v, Tokod, Tokodalt\u00e1r\u00f3, Csolnok, Esztergom-kertv\u00e1ros: h\u00edrek, programok","publisher":{"@id":"https:\/\/dorogimedence.hu\/#organization"},"potentialAction":[{"@type":"SearchAction","target":{"@type":"EntryPoint","urlTemplate":"https:\/\/dorogimedence.hu\/?s={search_term_string}"},"query-input":{"@type":"PropertyValueSpecification","valueRequired":true,"valueName":"search_term_string"}}],"inLanguage":"hu"},{"@type":"Organization","@id":"https:\/\/dorogimedence.hu\/#organization","name":"Dorogi-medence Region\u00e1lis H\u00edrport\u00e1l","url":"https:\/\/dorogimedence.hu\/","logo":{"@type":"ImageObject","inLanguage":"hu","@id":"https:\/\/dorogimedence.hu\/#\/schema\/logo\/image\/","url":"https:\/\/dorogimedence.hu\/wp-content\/uploads\/2021\/04\/logo-feher-600.png","contentUrl":"https:\/\/dorogimedence.hu\/wp-content\/uploads\/2021\/04\/logo-feher-600.png","width":600,"height":100,"caption":"Dorogi-medence Region\u00e1lis H\u00edrport\u00e1l"},"image":{"@id":"https:\/\/dorogimedence.hu\/#\/schema\/logo\/image\/"},"sameAs":["https:\/\/www.facebook.com\/dorogimedence\/"]},{"@type":"Person","@id":"https:\/\/dorogimedence.hu\/#\/schema\/person\/ce6091eeb7e95ecdc87890d6aa8e0fd4","name":"dorogimedence.hu","image":{"@type":"ImageObject","inLanguage":"hu","@id":"\/\/www.gravatar.com\/avatar\/d8d45f8901aadff40a4af72c0b826f1d?s=96&#038;r=g&#038;d=mm","url":"\/\/www.gravatar.com\/avatar\/d8d45f8901aadff40a4af72c0b826f1d?s=96&#038;r=g&#038;d=mm","contentUrl":"\/\/www.gravatar.com\/avatar\/d8d45f8901aadff40a4af72c0b826f1d?s=96&#038;r=g&#038;d=mm","caption":"dorogimedence.hu"}}]}},"_links":{"self":[{"href":"https:\/\/dorogimedence.hu\/index.php\/wp-json\/wp\/v2\/posts\/26729","targetHints":{"allow":["GET"]}}],"collection":[{"href":"https:\/\/dorogimedence.hu\/index.php\/wp-json\/wp\/v2\/posts"}],"about":[{"href":"https:\/\/dorogimedence.hu\/index.php\/wp-json\/wp\/v2\/types\/post"}],"author":[{"embeddable":true,"href":"https:\/\/dorogimedence.hu\/index.php\/wp-json\/wp\/v2\/users\/1"}],"replies":[{"embeddable":true,"href":"https:\/\/dorogimedence.hu\/index.php\/wp-json\/wp\/v2\/comments?post=26729"}],"version-history":[{"count":0,"href":"https:\/\/dorogimedence.hu\/index.php\/wp-json\/wp\/v2\/posts\/26729\/revisions"}],"wp:featuredmedia":[{"embeddable":true,"href":"https:\/\/dorogimedence.hu\/index.php\/wp-json\/wp\/v2\/media\/26730"}],"wp:attachment":[{"href":"https:\/\/dorogimedence.hu\/index.php\/wp-json\/wp\/v2\/media?parent=26729"}],"wp:term":[{"taxonomy":"category","embeddable":true,"href":"https:\/\/dorogimedence.hu\/index.php\/wp-json\/wp\/v2\/categories?post=26729"},{"taxonomy":"post_tag","embeddable":true,"href":"https:\/\/dorogimedence.hu\/index.php\/wp-json\/wp\/v2\/tags?post=26729"}],"curies":[{"name":"wp","href":"https:\/\/api.w.org\/{rel}","templated":true}]}}